{"id":98477,"date":"2025-02-14T16:36:31","date_gmt":"2025-02-14T13:36:31","guid":{"rendered":"https:\/\/corludahaber.com\/h\/edirnede-cicekcilerden-14-subat-mesaisi\/98477"},"modified":"2025-02-14T16:36:52","modified_gmt":"2025-02-14T13:36:52","slug":"edirnede-cicekcilerden-14-subat-mesaisi","status":"publish","type":"post","link":"https:\/\/corludahaber.com\/h\/edirnede-cicekcilerden-14-subat-mesaisi\/98477","title":{"rendered":"Edirne\u2019de \u00e7i\u00e7ek\u00e7ilerden \u201814 \u015eubat\u2019 mesaisi"},"content":{"rendered":"<div class=\"corlu-icerikten-once_3\" id=\"corlu-56089689\"><script type='text\/javascript' src='https:\/\/platform-api.sharethis.com\/js\/sharethis.js#property=5ce8cf08af7d000012cb0ca1&product=inline-reaction-buttons' async='async'><\/script>\r\n\r\n<\/div><p><span style=\"vertical-align: inherit;\"><span style=\"vertical-align: inherit;\"><\/p>\n<div readability=\"57\"><span class=\"category-name hidden\"><\/span><\/p>\n<p>\u00dcnsal Y\u00dcCEL\/ED\u0130RNE,(DHA)-ED\u0130RNE\u2019nin Ke\u015fan il\u00e7esinde \u00e7i\u00e7ek\u00e7iler, 14 \u015eubat Sevgililer G\u00fcn\u00fc dolay\u0131s\u0131yla ald\u0131klar\u0131 sipari\u015fleri yeti\u015ftirebilmek i\u00e7in yo\u011fun mesai harc\u0131yor. <\/p>\n<p>14 \u015eubat Sevgililer G\u00fcn\u00fc nedeniyle \u00e7i\u00e7ek\u00e7ilerde hareketlilik ya\u015fan\u0131yor. Sevgililer G\u00fcn\u00fc&#8217;nde g\u00fcl, karanfil, k\u0131r ve saks\u0131 \u00e7i\u00e7eklerinin yan\u0131 s\u0131ra teraryumlar ilgi g\u00f6r\u00fcyor. Sevgilisine ya da e\u015fine sevgisini \u00e7i\u00e7ekle g\u00f6stermek isteyenler \u00e7i\u00e7ek\u00e7ilerin yolunu tutarken, \u00e7i\u00e7ek\u00e7ilerde Sevgililer G\u00fcn\u00fc\u2019ne \u00f6zel farkl\u0131 konseptler haz\u0131rlad\u0131.<\/p>\n<p>\u015eehrin en i\u015flek caddelerinden olan Hastane Caddesi \u00fczerinde 29 y\u0131ld\u0131r \u00e7i\u00e7ek\u00e7ilik yapan Murat Y\u0131k\u0131lmaz, 14 \u015eubat Sevgililer G\u00fcn\u00fc i\u00e7in haz\u0131rl\u0131klar\u0131n\u0131 tamamlad\u0131klar\u0131n\u0131 ve ilgiden memnun olduklar\u0131n\u0131 belirterek, \u201cG\u00fcn\u00fcn anlam ve \u00f6nemini belirten bir\u00e7ok \u00fcr\u00fcn tedarik ettik. M\u00fc\u015fterilerimizi memnun etmek i\u00e7in her t\u00fcrl\u00fc \u00e7e\u015fidi bulundurmaya gayret ediyoruz. M\u00fc\u015fterilerimiz, g\u00fcl, papatya, saks\u0131 \u00e7i\u00e7eklerinde orkide \u00e7e\u015fitlerimiz olduk\u00e7a fazla ra\u011fbet g\u00f6r\u00fcyor. Papatyal\u0131, g\u00fcll\u00fc, karanfilli buketler yap\u0131yoruz. K\u0131r \u00e7i\u00e7ekleri isteyenler var. Nergis bu mevsimin en g\u00fczel \u00e7i\u00e7eklerindendir. Kokusu \u015fahanedir. M\u00fcthi\u015f bir kokusu vard\u0131r. Kutuda \u00e7i\u00e7ekler haz\u0131rl\u0131yoruz. Bunlara da yo\u011fun talep bulunmakta. Fiyatlar bu sene \u00e7ok iyi. G\u00fcl\u00fc zaten 100 liraya sat\u0131yorduk, bug\u00fcn yine 100 lira. Papatyan\u0131n demeti 250 lirayd\u0131, bug\u00fcn yine 250 lira. Fiyatlarda de\u011fi\u015fiklik s\u00f6z konusu de\u011fil. Ayn\u0131 fiyatlardan veriyoruz. Talep olduk\u00e7a yo\u011fun. G\u00fcn i\u00e7erisinde daha da artacakt\u0131r\u201d dedi. (DHA)<\/p>\n<\/div>\n<p><\/span><\/span><\/p>\n<div class=\"corlu-icerikten-sonra_3\" id=\"corlu-2239953228\"><p><img loading=\"lazy\" decoding=\"async\" class=\"aligncenter\" src=\"https:\/\/www.corludahaber.com\/bahcesehir.jpg\" alt=\"\" width=\"624\" height=\"196\" \/><\/p>\n<table style=\"text-align: left; width: 100%;\" border=\"1\" cellspacing=\"2\" cellpadding=\"2\">\n<tbody>\n<tr>\n<td style=\"background-color: #050805;\"><span style=\"font-size: 12pt;\"><small><small><em><strong><big><span style=\"color: #ff0000;\">Haber ve resimlerin telif haklar\u0131ndan dolay\u0131 kullan\u0131m\u0131 yasakt\u0131r<span style=\"color: #000000;\">.<\/span><\/span><span style=\"color: #000000;\">\u00a0<\/span><span style=\"color: #ffffff;\">Yaz\u0131l\u0131 izni al\u0131nmadan hi\u00e7bir yaz\u0131l\u0131, g\u00f6rsel, i\u015fitsel i\u00e7erik kopyalanamaz, de\u011fi\u015ftirilemez, yay\u0131nlanamaz veya sat\u0131lamaz. Aksi halde<\/span>\u00a0<span style=\"color: #ff0000;\">5846<span style=\"color: #ffffff;\">\u00a0<\/span><\/span><span style=\"color: #ffffff;\">say\u0131l\u0131 Fikir ve Sanat Eserleri Kanunu\u2019na ve<\/span>\u00a0<span style=\"color: #800000;\"><span style=\"color: #ff0000;\">6102<\/span><span style=\"color: #ffffff;\">\u00a0<\/span><\/span><span style=\"color: #ffffff;\">say\u0131l\u0131 maddesine g\u00f6re<\/span>\u00a0<span style=\"color: #ff0000;\">gerekli i\u015flemler uygulanacakt\u0131r.<\/span><br \/>\n<span style=\"color: #ffffff;\">\u00a9 Copyright 2014<\/span><\/big><\/strong><\/em><\/small><\/small><\/span><\/td>\n<\/tr>\n<\/tbody>\n<\/table>\n<p><small><small>\u00a0<\/small><\/small><\/p>\n<\/div>","protected":false},"excerpt":{"rendered":"<p>\u00dcnsal Y\u00dcCEL\/ED\u0130RNE,(DHA)-ED\u0130RNE\u2019nin Ke\u015fan il\u00e7esinde \u00e7i\u00e7ek\u00e7iler, 14 \u015eubat Sevgililer G\u00fcn\u00fc dolay\u0131s\u0131yla ald\u0131klar\u0131 sipari\u015fleri yeti\u015ftirebilmek i\u00e7in yo\u011fun mesai harc\u0131yor. 14 \u015eubat Sevgililer G\u00fcn\u00fc nedeniyle \u00e7i\u00e7ek\u00e7ilerde hareketlilik ya\u015fan\u0131yor. Sevgililer G\u00fcn\u00fc&#8217;nde g\u00fcl, karanfil, k\u0131r ve saks\u0131 \u00e7i\u00e7eklerinin yan\u0131 s\u0131ra teraryumlar ilgi g\u00f6r\u00fcyor. Sevgilisine ya da e\u015fine sevgisini \u00e7i\u00e7ekle g\u00f6stermek isteyenler \u00e7i\u00e7ek\u00e7ilerin yolunu tutarken, \u00e7i\u00e7ek\u00e7ilerde Sevgililer G\u00fcn\u00fc\u2019ne \u00f6zel farkl\u0131 konseptler &hellip;<\/p>\n","protected":false},"author":151,"featured_media":98478,"comment_status":"open","ping_status":"closed","sticky":false,"template":"","format":"standard","meta":{"footnotes":""},"categories":[121],"tags":[8025,22952,9376,15478,728,22953,10867,3661,21388],"class_list":["post-98477","post","type-post","status-publish","format-standard","has-post-thumbnail","hentry","category-edirne","tag-asayis","tag-cicekcilerden","tag-corlu-kaza","tag-corlu-son-dakika-kaza","tag-edirne","tag-edirnede-cicekcilerden-14-subat-mesaisi","tag-mesaisi","tag-son-dakika-kaza","tag-subat"],"yoast_head":"<!-- This site is optimized with the Yoast SEO Premium plugin v23.3 (Yoast SEO v23.3) - https:\/\/yoast.com\/wordpress\/plugins\/seo\/ -->\n<title>Edirne\u2019de \u00e7i\u00e7ek\u00e7ilerden \u201814 \u015eubat\u2019 mesaisi | \u00c7orlu&#039;da Haber<\/title>\n<meta name=\"description\" content=\"Edirne\u2019de \u00e7i\u00e7ek\u00e7ilerden \u201814 \u015eubat\u2019 mesaisi | \u00c7orlu&#039;da Haber\" \/>\n<meta name=\"robots\" content=\"index, follow, max-snippet:-1, max-image-preview:large, max-video-preview:-1\" \/>\n<link rel=\"canonical\" href=\"https:\/\/corludahaber.com\/h\/edirnede-cicekcilerden-14-subat-mesaisi\/98477\" \/>\n<meta property=\"og:locale\" content=\"tr_TR\" \/>\n<meta property=\"og:type\" content=\"article\" \/>\n<meta property=\"og:title\" content=\"Edirne\u2019de \u00e7i\u00e7ek\u00e7ilerden \u201814 \u015eubat\u2019 mesaisi | \u00c7orlu&#039;da Haber\" \/>\n<meta property=\"og:description\" content=\"Edirne\u2019de \u00e7i\u00e7ek\u00e7ilerden \u201814 \u015eubat\u2019 mesaisi | \u00c7orlu&#039;da Haber\" \/>\n<meta property=\"og:url\" content=\"https:\/\/corludahaber.com\/h\/edirnede-cicekcilerden-14-subat-mesaisi\/98477\" \/>\n<meta property=\"og:site_name\" content=\"\u00c7orlu&#039;da Haber\" \/>\n<meta property=\"article:publisher\" content=\"https:\/\/facebook.com\/habercorluda\" \/>\n<meta property=\"article:published_time\" content=\"2025-02-14T13:36:31+00:00\" \/>\n<meta property=\"article:modified_time\" content=\"2025-02-14T13:36:52+00:00\" \/>\n<meta property=\"og:image\" content=\"http:\/\/corludahaber.com\/h\/wp-content\/uploads\/2025\/02\/edirnede-cicekcilerden-14-subat-mesaisi_67af46e283932-scaled.jpeg\" \/>\n\t<meta property=\"og:image:width\" content=\"1920\" \/>\n\t<meta property=\"og:image:height\" content=\"1280\" \/>\n\t<meta property=\"og:image:type\" content=\"image\/jpeg\" \/>\n<meta name=\"author\" content=\"\u00c7orlu&#039;da Haber\" \/>\n<meta name=\"twitter:card\" content=\"summary_large_image\" \/>\n<meta name=\"twitter:creator\" content=\"@habercorluda\" \/>\n<meta name=\"twitter:site\" content=\"@habercorluda\" \/>\n<meta name=\"twitter:label1\" content=\"Yazan:\" \/>\n\t<meta name=\"twitter:data1\" content=\"\u00c7orlu&#039;da Haber\" \/>\n\t<meta name=\"twitter:label2\" content=\"Tahmini okuma s\u00fcresi\" \/>\n\t<meta name=\"twitter:data2\" content=\"1 dakika\" \/>\n<script type=\"application\/ld+json\" class=\"yoast-schema-graph\">{\"@context\":\"https:\/\/schema.org\",\"@graph\":[{\"@type\":\"Article\",\"@id\":\"https:\/\/corludahaber.com\/h\/edirnede-cicekcilerden-14-subat-mesaisi\/98477#article\",\"isPartOf\":{\"@id\":\"https:\/\/corludahaber.com\/h\/edirnede-cicekcilerden-14-subat-mesaisi\/98477\"},\"author\":{\"name\":\"\u00c7orlu'da Haber\",\"@id\":\"https:\/\/corludahaber.com\/h\/#\/schema\/person\/b523522be44b062db5d74a62589768cd\"},\"headline\":\"Edirne\u2019de \u00e7i\u00e7ek\u00e7ilerden \u201814 \u015eubat\u2019 mesaisi\",\"datePublished\":\"2025-02-14T13:36:31+00:00\",\"dateModified\":\"2025-02-14T13:36:52+00:00\",\"mainEntityOfPage\":{\"@id\":\"https:\/\/corludahaber.com\/h\/edirnede-cicekcilerden-14-subat-mesaisi\/98477\"},\"wordCount\":280,\"commentCount\":0,\"publisher\":{\"@id\":\"https:\/\/corludahaber.com\/h\/#organization\"},\"image\":{\"@id\":\"https:\/\/corludahaber.com\/h\/edirnede-cicekcilerden-14-subat-mesaisi\/98477#primaryimage\"},\"thumbnailUrl\":\"https:\/\/corludahaber.com\/h\/wp-content\/uploads\/2025\/02\/edirnede-cicekcilerden-14-subat-mesaisi_67af46e283932-scaled.jpeg\",\"keywords\":[\"asayi\u015f\",\"\u00e7i\u00e7ek\u00e7ilerden\",\"\u00c7orlu kaza\",\"\u00c7orlu son dakika kaza\",\"Edirne\",\"Edirne\u2019de \u00e7i\u00e7ek\u00e7ilerden \u201814 \u015eubat\u2019 mesaisi\",\"mesaisi\",\"son dakika kaza\",\"\u015eubat\"],\"articleSection\":[\"Edirne\"],\"inLanguage\":\"tr\",\"potentialAction\":[{\"@type\":\"CommentAction\",\"name\":\"Comment\",\"target\":[\"https:\/\/corludahaber.com\/h\/edirnede-cicekcilerden-14-subat-mesaisi\/98477#respond\"]}]},{\"@type\":\"WebPage\",\"@id\":\"https:\/\/corludahaber.com\/h\/edirnede-cicekcilerden-14-subat-mesaisi\/98477\",\"url\":\"https:\/\/corludahaber.com\/h\/edirnede-cicekcilerden-14-subat-mesaisi\/98477\",\"name\":\"Edirne\u2019de \u00e7i\u00e7ek\u00e7ilerden \u201814 \u015eubat\u2019 mesaisi | \u00c7orlu&#039;da Haber\",\"isPartOf\":{\"@id\":\"https:\/\/corludahaber.com\/h\/#website\"},\"primaryImageOfPage\":{\"@id\":\"https:\/\/corludahaber.com\/h\/edirnede-cicekcilerden-14-subat-mesaisi\/98477#primaryimage\"},\"image\":{\"@id\":\"https:\/\/corludahaber.com\/h\/edirnede-cicekcilerden-14-subat-mesaisi\/98477#primaryimage\"},\"thumbnailUrl\":\"https:\/\/corludahaber.com\/h\/wp-content\/uploads\/2025\/02\/edirnede-cicekcilerden-14-subat-mesaisi_67af46e283932-scaled.jpeg\",\"datePublished\":\"2025-02-14T13:36:31+00:00\",\"dateModified\":\"2025-02-14T13:36:52+00:00\",\"description\":\"Edirne\u2019de \u00e7i\u00e7ek\u00e7ilerden \u201814 \u015eubat\u2019 mesaisi | \u00c7orlu&#039;da Haber\",\"breadcrumb\":{\"@id\":\"https:\/\/corludahaber.com\/h\/edirnede-cicekcilerden-14-subat-mesaisi\/98477#breadcrumb\"},\"inLanguage\":\"tr\",\"potentialAction\":[{\"@type\":\"ReadAction\",\"target\":[\"https:\/\/corludahaber.com\/h\/edirnede-cicekcilerden-14-subat-mesaisi\/98477\"]}]},{\"@type\":\"ImageObject\",\"inLanguage\":\"tr\",\"@id\":\"https:\/\/corludahaber.com\/h\/edirnede-cicekcilerden-14-subat-mesaisi\/98477#primaryimage\",\"url\":\"https:\/\/corludahaber.com\/h\/wp-content\/uploads\/2025\/02\/edirnede-cicekcilerden-14-subat-mesaisi_67af46e283932-scaled.jpeg\",\"contentUrl\":\"https:\/\/corludahaber.com\/h\/wp-content\/uploads\/2025\/02\/edirnede-cicekcilerden-14-subat-mesaisi_67af46e283932-scaled.jpeg\",\"width\":1920,\"height\":1280},{\"@type\":\"BreadcrumbList\",\"@id\":\"https:\/\/corludahaber.com\/h\/edirnede-cicekcilerden-14-subat-mesaisi\/98477#breadcrumb\",\"itemListElement\":[{\"@type\":\"ListItem\",\"position\":1,\"name\":\"Anasayfa\",\"item\":\"https:\/\/corludahaber.com\/h\/\"},{\"@type\":\"ListItem\",\"position\":2,\"name\":\"Genel\",\"item\":\"https:\/\/corludahaber.com\/h\/kategori\/genel\"},{\"@type\":\"ListItem\",\"position\":3,\"name\":\"Edirne\u2019de \u00e7i\u00e7ek\u00e7ilerden \u201814 \u015eubat\u2019 mesaisi\"}]},{\"@type\":\"WebSite\",\"@id\":\"https:\/\/corludahaber.com\/h\/#website\",\"url\":\"https:\/\/corludahaber.com\/h\/\",\"name\":\"\u00c7orlu'da Haber\",\"description\":\"Ger\u00e7ek Tarafs\u0131z Haber\",\"publisher\":{\"@id\":\"https:\/\/corludahaber.com\/h\/#organization\"},\"potentialAction\":[{\"@type\":\"SearchAction\",\"target\":{\"@type\":\"EntryPoint\",\"urlTemplate\":\"https:\/\/corludahaber.com\/h\/?s={search_term_string}\"},\"query-input\":\"required name=search_term_string\"}],\"inLanguage\":\"tr\"},{\"@type\":\"Organization\",\"@id\":\"https:\/\/corludahaber.com\/h\/#organization\",\"name\":\"\u00c7orlu'da Haber\",\"url\":\"https:\/\/corludahaber.com\/h\/\",\"logo\":{\"@type\":\"ImageObject\",\"inLanguage\":\"tr\",\"@id\":\"https:\/\/corludahaber.com\/h\/#\/schema\/logo\/image\/\",\"url\":\"https:\/\/corludahaber.com\/h\/wp-content\/uploads\/2021\/12\/logo__9__1_-removebg-preview.png\",\"contentUrl\":\"https:\/\/corludahaber.com\/h\/wp-content\/uploads\/2021\/12\/logo__9__1_-removebg-preview.png\",\"width\":500,\"height\":157,\"caption\":\"\u00c7orlu'da Haber\"},\"image\":{\"@id\":\"https:\/\/corludahaber.com\/h\/#\/schema\/logo\/image\/\"},\"sameAs\":[\"https:\/\/facebook.com\/habercorluda\",\"https:\/\/x.com\/habercorluda\",\"https:\/\/www.instagram.com\/corludahaber\",\"https:\/\/www.youtube.com\/user\/corludahaber\"]},{\"@type\":\"Person\",\"@id\":\"https:\/\/corludahaber.com\/h\/#\/schema\/person\/b523522be44b062db5d74a62589768cd\",\"name\":\"\u00c7orlu'da Haber\",\"image\":{\"@type\":\"ImageObject\",\"inLanguage\":\"tr\",\"@id\":\"https:\/\/corludahaber.com\/h\/#\/schema\/person\/image\/\",\"url\":\"https:\/\/secure.gravatar.com\/avatar\/1033e54e078c29fd7f053370086ff627ba414b05c2b231c418a481adecd764ce?s=96&d=blank&r=g\",\"contentUrl\":\"https:\/\/secure.gravatar.com\/avatar\/1033e54e078c29fd7f053370086ff627ba414b05c2b231c418a481adecd764ce?s=96&d=blank&r=g\",\"caption\":\"\u00c7orlu'da Haber\"},\"sameAs\":[\"https:\/\/corludahaber.com\/h\"],\"url\":\"https:\/\/corludahaber.com\/h\/author\/admin\"}]}<\/script>\n<!-- \/ Yoast SEO Premium plugin. -->","yoast_head_json":{"title":"Edirne\u2019de \u00e7i\u00e7ek\u00e7ilerden \u201814 \u015eubat\u2019 mesaisi | \u00c7orlu&#039;da Haber","description":"Edirne\u2019de \u00e7i\u00e7ek\u00e7ilerden \u201814 \u015eubat\u2019 mesaisi | \u00c7orlu&#039;da Haber","robots":{"index":"index","follow":"follow","max-snippet":"max-snippet:-1","max-image-preview":"max-image-preview:large","max-video-preview":"max-video-preview:-1"},"canonical":"https:\/\/corludahaber.com\/h\/edirnede-cicekcilerden-14-subat-mesaisi\/98477","og_locale":"tr_TR","og_type":"article","og_title":"Edirne\u2019de \u00e7i\u00e7ek\u00e7ilerden \u201814 \u015eubat\u2019 mesaisi | \u00c7orlu&#039;da Haber","og_description":"Edirne\u2019de \u00e7i\u00e7ek\u00e7ilerden \u201814 \u015eubat\u2019 mesaisi | \u00c7orlu&#039;da Haber","og_url":"https:\/\/corludahaber.com\/h\/edirnede-cicekcilerden-14-subat-mesaisi\/98477","og_site_name":"\u00c7orlu&#039;da Haber","article_publisher":"https:\/\/facebook.com\/habercorluda","article_published_time":"2025-02-14T13:36:31+00:00","article_modified_time":"2025-02-14T13:36:52+00:00","og_image":[{"width":1920,"height":1280,"url":"http:\/\/corludahaber.com\/h\/wp-content\/uploads\/2025\/02\/edirnede-cicekcilerden-14-subat-mesaisi_67af46e283932-scaled.jpeg","type":"image\/jpeg"}],"author":"\u00c7orlu'da Haber","twitter_card":"summary_large_image","twitter_creator":"@habercorluda","twitter_site":"@habercorluda","twitter_misc":{"Yazan:":"\u00c7orlu'da Haber","Tahmini okuma s\u00fcresi":"1 dakika"},"schema":{"@context":"https:\/\/schema.org","@graph":[{"@type":"Article","@id":"https:\/\/corludahaber.com\/h\/edirnede-cicekcilerden-14-subat-mesaisi\/98477#article","isPartOf":{"@id":"https:\/\/corludahaber.com\/h\/edirnede-cicekcilerden-14-subat-mesaisi\/98477"},"author":{"name":"\u00c7orlu'da Haber","@id":"https:\/\/corludahaber.com\/h\/#\/schema\/person\/b523522be44b062db5d74a62589768cd"},"headline":"Edirne\u2019de \u00e7i\u00e7ek\u00e7ilerden \u201814 \u015eubat\u2019 mesaisi","datePublished":"2025-02-14T13:36:31+00:00","dateModified":"2025-02-14T13:36:52+00:00","mainEntityOfPage":{"@id":"https:\/\/corludahaber.com\/h\/edirnede-cicekcilerden-14-subat-mesaisi\/98477"},"wordCount":280,"commentCount":0,"publisher":{"@id":"https:\/\/corludahaber.com\/h\/#organization"},"image":{"@id":"https:\/\/corludahaber.com\/h\/edirnede-cicekcilerden-14-subat-mesaisi\/98477#primaryimage"},"thumbnailUrl":"https:\/\/corludahaber.com\/h\/wp-content\/uploads\/2025\/02\/edirnede-cicekcilerden-14-subat-mesaisi_67af46e283932-scaled.jpeg","keywords":["asayi\u015f","\u00e7i\u00e7ek\u00e7ilerden","\u00c7orlu kaza","\u00c7orlu son dakika kaza","Edirne","Edirne\u2019de \u00e7i\u00e7ek\u00e7ilerden \u201814 \u015eubat\u2019 mesaisi","mesaisi","son dakika kaza","\u015eubat"],"articleSection":["Edirne"],"inLanguage":"tr","potentialAction":[{"@type":"CommentAction","name":"Comment","target":["https:\/\/corludahaber.com\/h\/edirnede-cicekcilerden-14-subat-mesaisi\/98477#respond"]}]},{"@type":"WebPage","@id":"https:\/\/corludahaber.com\/h\/edirnede-cicekcilerden-14-subat-mesaisi\/98477","url":"https:\/\/corludahaber.com\/h\/edirnede-cicekcilerden-14-subat-mesaisi\/98477","name":"Edirne\u2019de \u00e7i\u00e7ek\u00e7ilerden \u201814 \u015eubat\u2019 mesaisi | \u00c7orlu&#039;da Haber","isPartOf":{"@id":"https:\/\/corludahaber.com\/h\/#website"},"primaryImageOfPage":{"@id":"https:\/\/corludahaber.com\/h\/edirnede-cicekcilerden-14-subat-mesaisi\/98477#primaryimage"},"image":{"@id":"https:\/\/corludahaber.com\/h\/edirnede-cicekcilerden-14-subat-mesaisi\/98477#primaryimage"},"thumbnailUrl":"https:\/\/corludahaber.com\/h\/wp-content\/uploads\/2025\/02\/edirnede-cicekcilerden-14-subat-mesaisi_67af46e283932-scaled.jpeg","datePublished":"2025-02-14T13:36:31+00:00","dateModified":"2025-02-14T13:36:52+00:00","description":"Edirne\u2019de \u00e7i\u00e7ek\u00e7ilerden \u201814 \u015eubat\u2019 mesaisi | \u00c7orlu&#039;da Haber","breadcrumb":{"@id":"https:\/\/corludahaber.com\/h\/edirnede-cicekcilerden-14-subat-mesaisi\/98477#breadcrumb"},"inLanguage":"tr","potentialAction":[{"@type":"ReadAction","target":["https:\/\/corludahaber.com\/h\/edirnede-cicekcilerden-14-subat-mesaisi\/98477"]}]},{"@type":"ImageObject","inLanguage":"tr","@id":"https:\/\/corludahaber.com\/h\/edirnede-cicekcilerden-14-subat-mesaisi\/98477#primaryimage","url":"https:\/\/corludahaber.com\/h\/wp-content\/uploads\/2025\/02\/edirnede-cicekcilerden-14-subat-mesaisi_67af46e283932-scaled.jpeg","contentUrl":"https:\/\/corludahaber.com\/h\/wp-content\/uploads\/2025\/02\/edirnede-cicekcilerden-14-subat-mesaisi_67af46e283932-scaled.jpeg","width":1920,"height":1280},{"@type":"BreadcrumbList","@id":"https:\/\/corludahaber.com\/h\/edirnede-cicekcilerden-14-subat-mesaisi\/98477#breadcrumb","itemListElement":[{"@type":"ListItem","position":1,"name":"Anasayfa","item":"https:\/\/corludahaber.com\/h\/"},{"@type":"ListItem","position":2,"name":"Genel","item":"https:\/\/corludahaber.com\/h\/kategori\/genel"},{"@type":"ListItem","position":3,"name":"Edirne\u2019de \u00e7i\u00e7ek\u00e7ilerden \u201814 \u015eubat\u2019 mesaisi"}]},{"@type":"WebSite","@id":"https:\/\/corludahaber.com\/h\/#website","url":"https:\/\/corludahaber.com\/h\/","name":"\u00c7orlu'da Haber","description":"Ger\u00e7ek Tarafs\u0131z Haber","publisher":{"@id":"https:\/\/corludahaber.com\/h\/#organization"},"potentialAction":[{"@type":"SearchAction","target":{"@type":"EntryPoint","urlTemplate":"https:\/\/corludahaber.com\/h\/?s={search_term_string}"},"query-input":"required name=search_term_string"}],"inLanguage":"tr"},{"@type":"Organization","@id":"https:\/\/corludahaber.com\/h\/#organization","name":"\u00c7orlu'da Haber","url":"https:\/\/corludahaber.com\/h\/","logo":{"@type":"ImageObject","inLanguage":"tr","@id":"https:\/\/corludahaber.com\/h\/#\/schema\/logo\/image\/","url":"https:\/\/corludahaber.com\/h\/wp-content\/uploads\/2021\/12\/logo__9__1_-removebg-preview.png","contentUrl":"https:\/\/corludahaber.com\/h\/wp-content\/uploads\/2021\/12\/logo__9__1_-removebg-preview.png","width":500,"height":157,"caption":"\u00c7orlu'da Haber"},"image":{"@id":"https:\/\/corludahaber.com\/h\/#\/schema\/logo\/image\/"},"sameAs":["https:\/\/facebook.com\/habercorluda","https:\/\/x.com\/habercorluda","https:\/\/www.instagram.com\/corludahaber","https:\/\/www.youtube.com\/user\/corludahaber"]},{"@type":"Person","@id":"https:\/\/corludahaber.com\/h\/#\/schema\/person\/b523522be44b062db5d74a62589768cd","name":"\u00c7orlu'da Haber","image":{"@type":"ImageObject","inLanguage":"tr","@id":"https:\/\/corludahaber.com\/h\/#\/schema\/person\/image\/","url":"https:\/\/secure.gravatar.com\/avatar\/1033e54e078c29fd7f053370086ff627ba414b05c2b231c418a481adecd764ce?s=96&d=blank&r=g","contentUrl":"https:\/\/secure.gravatar.com\/avatar\/1033e54e078c29fd7f053370086ff627ba414b05c2b231c418a481adecd764ce?s=96&d=blank&r=g","caption":"\u00c7orlu'da Haber"},"sameAs":["https:\/\/corludahaber.com\/h"],"url":"https:\/\/corludahaber.com\/h\/author\/admin"}]}},"_links":{"self":[{"href":"https:\/\/corludahaber.com\/h\/wp-json\/wp\/v2\/posts\/98477","targetHints":{"allow":["GET"]}}],"collection":[{"href":"https:\/\/corludahaber.com\/h\/wp-json\/wp\/v2\/posts"}],"about":[{"href":"https:\/\/corludahaber.com\/h\/wp-json\/wp\/v2\/types\/post"}],"author":[{"embeddable":true,"href":"https:\/\/corludahaber.com\/h\/wp-json\/wp\/v2\/users\/151"}],"replies":[{"embeddable":true,"href":"https:\/\/corludahaber.com\/h\/wp-json\/wp\/v2\/comments?post=98477"}],"version-history":[{"count":2,"href":"https:\/\/corludahaber.com\/h\/wp-json\/wp\/v2\/posts\/98477\/revisions"}],"predecessor-version":[{"id":98480,"href":"https:\/\/corludahaber.com\/h\/wp-json\/wp\/v2\/posts\/98477\/revisions\/98480"}],"wp:featuredmedia":[{"embeddable":true,"href":"https:\/\/corludahaber.com\/h\/wp-json\/wp\/v2\/media\/98478"}],"wp:attachment":[{"href":"https:\/\/corludahaber.com\/h\/wp-json\/wp\/v2\/media?parent=98477"}],"wp:term":[{"taxonomy":"category","embeddable":true,"href":"https:\/\/corludahaber.com\/h\/wp-json\/wp\/v2\/categories?post=98477"},{"taxonomy":"post_tag","embeddable":true,"href":"https:\/\/corludahaber.com\/h\/wp-json\/wp\/v2\/tags?post=98477"}],"curies":[{"name":"wp","href":"https:\/\/api.w.org\/{rel}","templated":true}]}}