{"id":97137,"date":"2025-01-23T19:51:25","date_gmt":"2025-01-23T16:51:25","guid":{"rendered":"https:\/\/corludahaber.com\/h\/corlu-belediyesinden-enerji-tasarrufunda-ornek-calismalar\/97137"},"modified":"2025-01-26T02:02:02","modified_gmt":"2025-01-25T23:02:02","slug":"corlu-belediyesinden-enerji-tasarrufunda-ornek-calismalar","status":"publish","type":"post","link":"https:\/\/corludahaber.com\/h\/corlu-belediyesinden-enerji-tasarrufunda-ornek-calismalar\/97137","title":{"rendered":"\u00c7orlu Belediyesi&#8217;nden Enerji Tasarrufunda \u00d6rnek \u00c7al\u0131\u015fmalar"},"content":{"rendered":"<div class=\"corlu-icerikten-once_3\" id=\"corlu-2574178322\"><script type='text\/javascript' src='https:\/\/platform-api.sharethis.com\/js\/sharethis.js#property=5ce8cf08af7d000012cb0ca1&product=inline-reaction-buttons' async='async'><\/script>\r\n\r\n<\/div><div id=\"iceriks\">\n<p>\u00c7orlu Belediyesi, gelece\u011fe daha ya\u015fanabilir bir kent b\u0131rakma hedefiyle enerji tasarrufu ve yenilenebilir enerji kaynaklar\u0131n\u0131n kullan\u0131m\u0131nda \u00f6nc\u00fc ad\u0131mlar atmaya devam ediyor. \u00c7evre dostu yakla\u015f\u0131mlarla hem do\u011fay\u0131 koruyan hem de ekonomik tasarruf sa\u011flayan projelerle kentte enerji verimlili\u011fi art\u0131r\u0131l\u0131yor.<\/p><div class=\"corlu-icerik-2\" id=\"corlu-1051996302\"><!-- Admatic AUTO ads START -->\r\n<ins data-publisher=\"adm-pub-155556240050\" data-ad-network=\"659428a24d11b285b616c18d\"   class=\"adm-ads-area\"><\/ins>\r\n<script type=\"text\/javascript\" src=\"https:\/\/static.cdn.admatic.com.tr\/showad\/showad.min.js\"><\/script>\r\n<!-- Admatic AUTO ads END --><\/div>\n<p>\u00c7orlu Belediye Ba\u015fkan\u0131 Ahmet Sar\u0131kurt, s\u00fcrd\u00fcr\u00fclen \u00e7al\u0131\u015fmalara ili\u015fkin a\u00e7\u0131klamas\u0131nda; &#8220;Kentimizi sadece bug\u00fcn\u00fcn de\u011fil, yar\u0131n\u0131n \u00c7orlulular\u0131na da en iyi \u015fekilde emanet etmek istiyoruz. Bu nedenle \u00e7evreye duyarl\u0131 projeler geli\u015ftirerek do\u011fal kaynaklar\u0131m\u0131z\u0131 koruma ve s\u00fcrd\u00fcr\u00fclebilir bir gelecek in\u015fa etme \u00e7abas\u0131nday\u0131z. Her bir \u00e7al\u0131\u015fmam\u0131z, gelece\u011fe b\u0131rakaca\u011f\u0131m\u0131z bir izdir.&#8221; ifadelerini kulland\u0131.<\/p>\n<p><strong>Enerji D\u00f6n\u00fc\u015f\u00fcm\u00fc ile Ayd\u0131nlatmada %65 Tasarruf<\/strong><\/p>\n<p>\u00c7orlu Belediyesi\u2019nin enerji tasarrufu hedefleri do\u011frultusunda ba\u015flatt\u0131\u011f\u0131 LED ayd\u0131nlatma d\u00f6n\u00fc\u015f\u00fcm\u00fc h\u0131zla devam ediyor. Park ve Bah\u00e7eler M\u00fcd\u00fcrl\u00fc\u011f\u00fcne ba\u011fl\u0131 parklar\u0131n y\u00fczde 67\u2019sinde, belediye hizmet binalar\u0131n\u0131n ise y\u00fczde 80\u2019inde LED ayd\u0131nlatma sistemine ge\u00e7ildi. Geleneksel ayd\u0131nlatmalara g\u00f6re y\u00fczde 65\u2019e varan enerji tasarrufu sa\u011flayan LED teknolojisi, ayn\u0131 zamanda uzun \u00f6mr\u00fc ve d\u00fc\u015f\u00fck bak\u0131m maliyetiyle de \u00f6n plana \u00e7\u0131k\u0131yor.<\/p>\n<p><strong>Otoparklar G\u00fcne\u015fle Ayd\u0131nlan\u0131yor<\/strong><\/p>\n<p>Belediyenin \u00e7evre dostu projeleri aras\u0131nda, Alipa\u015fa Mahallesi K\u0131l\u0131\u00e7 Ali Pa\u015fa Caddesi \u00fczerinde bulunan Atakent Kapal\u0131 Pazar Yeri A\u00e7\u0131k Otopark\u0131\u2019n\u0131n elektrik ihtiyac\u0131n\u0131 g\u00fcne\u015f enerjisiyle kar\u015f\u0131layan yenilik\u00e7i uygulama yer al\u0131yor. 9 bin metrekarelik otopark alan\u0131na yerle\u015ftirilen 10 adet yeni nesil g\u00fcne\u015f panelli ayd\u0131nlatma dire\u011fi, hem \u00e7evreci hem de ekonomik bir \u00e7\u00f6z\u00fcm sunuyor.<\/p>\n<p>Ayr\u0131ca Sar\u0131lar Mahallesi\u2019nde bulunan 8 Temmuz An\u0131t\u0131\u2019n\u0131n ayd\u0131nlatma sistemi de g\u00fcne\u015f panelleriyle donat\u0131larak enerji verimlili\u011fine katk\u0131 sa\u011fland\u0131.<\/p>\n<p><strong>G\u00fcne\u015f Enerjisi Santrali ile Y\u00fczme Havuzunda % 50 Enerji Tasarrufu<\/strong><\/p>\n<p>\u00c7orlu Belediyesi\u2019nin \u00e7evreci projeleri aras\u0131nda yer alan bir di\u011fer \u00e7al\u0131\u015fma ise Mustafa Kemal Atat\u00fcrk Yar\u0131 Olimpik Kapal\u0131 Y\u00fczme Havuzu\u2019nun otopark\u0131nda kurulan g\u00fcne\u015f enerji santrali. Merkezi Proje Y\u00f6netim Ajans\u0131 i\u015f birli\u011fiyle ger\u00e7ekle\u015ftirilen ve Avrupa Birli\u011fi taraf\u0131ndan desteklenen \u201c\u00c7orlu Belediyesi\u2019nde K\u00fc\u00e7\u00fck \u00d6l\u00e7ekli Yenilenebilir Enerji Uygulamas\u0131 ve Enerji D\u00f6n\u00fc\u015f\u00fcm\u00fc Hibe Projesi\u201d kapsam\u0131nda hayata ge\u00e7irilen G\u00fcne\u015f Enerjisi Santrali (GES) projesinde kurulum \u00e7al\u0131\u015fmalar\u0131 devam ediyor.<\/p>\n<p>Yakla\u015f\u0131k 8 bin y\u00fcz\u00fcc\u00fcn\u00fcn yararland\u0131\u011f\u0131 ve y\u0131lda ortalama 32 bin ki\u015finin ziyaret etti\u011fi Mustafa Kemal Atat\u00fcrk Yar\u0131 Olimpik Kapal\u0131 Y\u00fczme Havuzu\u2019nda 88 kWp kapasiteli g\u00fcne\u015f enerji sistemiyle y\u0131lda 15.000 kWh elektrik enerjisi \u00fcretilmesi bekleniyor. Bu sistem tam kapasiteyle \u00e7al\u0131\u015ft\u0131\u011f\u0131nda y\u0131lda toplam 115 MWh enerji \u00fcretilecek ve \u00c7orlu\u2019nun enerji t\u00fcketimine \u00f6nemli bir katk\u0131 sa\u011flanacak. Tesisin enerji ihtiyac\u0131n\u0131n yakla\u015f\u0131k %50\u2019sinin bu projeden kar\u015f\u0131lanarak yar\u0131 yar\u0131ya tasarruf edilmesi planlan\u0131yor.<\/p>\n<p>Projenin \u00e7evresel etkileri de dikkat \u00e7ekiyor. Y\u0131ll\u0131k 107.2 ton karbon emisyonu azalt\u0131m\u0131 hedefleniyor. Bu oran, karbon ayak izinin k\u00fc\u00e7\u00fclt\u00fclmesi ve temiz enerji kullan\u0131m\u0131n\u0131n art\u0131r\u0131lmas\u0131 a\u00e7\u0131s\u0131ndan \u00f6nemli bir ba\u015far\u0131 olarak \u00f6ne \u00e7\u0131k\u0131yor.<\/p>\n<p><strong>\u00c7evreye ve Gelece\u011fe Katk\u0131<\/strong><\/p>\n<p>\u00c7orlu Belediyesi\u2019nin hayata ge\u00e7irdi\u011fi bu projelerin etkisi rakamlara da yans\u0131yor. Y\u0131ll\u0131k yakla\u015f\u0131k 20.000 kWh enerji tasarrufu sa\u011flan\u0131rken 54 ton karbon sal\u0131n\u0131m\u0131 engelleniyor. Bu rakam, 2.702 a\u011fac\u0131n y\u0131ll\u0131k karbon emilimine e\u015f de\u011fer. Ayn\u0131 zamanda, do\u011fal gaz baz\u0131nda y\u0131ll\u0131k 24.192 metrek\u00fcp, k\u00f6m\u00fcr baz\u0131nda ise 134,4 ton fosil yak\u0131t t\u00fcketiminin \u00f6n\u00fcne ge\u00e7iliyor.<\/p>\n<p>Ba\u015fkan Sar\u0131kurt, bu \u00e7al\u0131\u015fmalar\u0131 de\u011ferlendirirken, &#8220;Bu projelerle yaln\u0131zca enerji tasarrufu sa\u011flamakla kalm\u0131yor, ayn\u0131 zamanda \u00c7orlu\u2019muzu \u00e7evre dostu bir kent h\u00e2line getirmek i\u00e7in \u00f6nemli ad\u0131mlar at\u0131yoruz. Daha ye\u015fil, daha ya\u015fanabilir bir \u00c7orlu hayalimizi ad\u0131m ad\u0131m ger\u00e7e\u011fe d\u00f6n\u00fc\u015ft\u00fcr\u00fcyoruz.&#8221; dedi.<\/p>\n<\/div>\n<div class=\"corlu-icerikten-sonra_3\" id=\"corlu-2506190001\"><p><img loading=\"lazy\" decoding=\"async\" class=\"aligncenter\" src=\"https:\/\/www.corludahaber.com\/bahcesehir.jpg\" alt=\"\" width=\"624\" height=\"196\" \/><\/p>\n<table style=\"text-align: left; width: 100%;\" border=\"1\" cellspacing=\"2\" cellpadding=\"2\">\n<tbody>\n<tr>\n<td style=\"background-color: #050805;\"><span style=\"font-size: 12pt;\"><small><small><em><strong><big><span style=\"color: #ff0000;\">Haber ve resimlerin telif haklar\u0131ndan dolay\u0131 kullan\u0131m\u0131 yasakt\u0131r<span style=\"color: #000000;\">.<\/span><\/span><span style=\"color: #000000;\">\u00a0<\/span><span style=\"color: #ffffff;\">Yaz\u0131l\u0131 izni al\u0131nmadan hi\u00e7bir yaz\u0131l\u0131, g\u00f6rsel, i\u015fitsel i\u00e7erik kopyalanamaz, de\u011fi\u015ftirilemez, yay\u0131nlanamaz veya sat\u0131lamaz. Aksi halde<\/span>\u00a0<span style=\"color: #ff0000;\">5846<span style=\"color: #ffffff;\">\u00a0<\/span><\/span><span style=\"color: #ffffff;\">say\u0131l\u0131 Fikir ve Sanat Eserleri Kanunu\u2019na ve<\/span>\u00a0<span style=\"color: #800000;\"><span style=\"color: #ff0000;\">6102<\/span><span style=\"color: #ffffff;\">\u00a0<\/span><\/span><span style=\"color: #ffffff;\">say\u0131l\u0131 maddesine g\u00f6re<\/span>\u00a0<span style=\"color: #ff0000;\">gerekli i\u015flemler uygulanacakt\u0131r.<\/span><br \/>\n<span style=\"color: #ffffff;\">\u00a9 Copyright 2014<\/span><\/big><\/strong><\/em><\/small><\/small><\/span><\/td>\n<\/tr>\n<\/tbody>\n<\/table>\n<p><small><small>\u00a0<\/small><\/small><\/p>\n<\/div>","protected":false},"excerpt":{"rendered":"<p>\u00c7orlu Belediyesi, gelece\u011fe daha ya\u015fanabilir bir kent b\u0131rakma hedefiyle enerji tasarrufu ve yenilenebilir enerji kaynaklar\u0131n\u0131n kullan\u0131m\u0131nda \u00f6nc\u00fc ad\u0131mlar atmaya devam ediyor. \u00c7evre dostu yakla\u015f\u0131mlarla hem do\u011fay\u0131 koruyan hem de ekonomik tasarruf sa\u011flayan projelerle kentte enerji verimlili\u011fi art\u0131r\u0131l\u0131yor. \u00c7orlu Belediye Ba\u015fkan\u0131 Ahmet Sar\u0131kurt, s\u00fcrd\u00fcr\u00fclen \u00e7al\u0131\u015fmalara ili\u015fkin a\u00e7\u0131klamas\u0131nda; &#8220;Kentimizi sadece bug\u00fcn\u00fcn de\u011fil, yar\u0131n\u0131n \u00c7orlulular\u0131na da en iyi &hellip;<\/p>\n","protected":false},"author":151,"featured_media":97138,"comment_status":"open","ping_status":"closed","sticky":false,"template":"","format":"standard","meta":{"footnotes":""},"categories":[24],"tags":[8025,383,2992,411,22319,9376,15478,9119,15444,3661,22318],"class_list":["post-97137","post","type-post","status-publish","format-standard","has-post-thumbnail","hentry","category-corlu","tag-asayis","tag-belediyesi","tag-calismalar","tag-corlu","tag-corlu-belediyesinden-enerji-tasarrufunda-ornek-calismalar","tag-corlu-kaza","tag-corlu-son-dakika-kaza","tag-enerji","tag-ornek","tag-son-dakika-kaza","tag-tasarrufunda"],"yoast_head":"<!-- This site is optimized with the Yoast SEO Premium plugin v23.3 (Yoast SEO v23.3) - https:\/\/yoast.com\/wordpress\/plugins\/seo\/ -->\n<title>\u00c7orlu Belediyesi&#039;nden Enerji Tasarrufunda \u00d6rnek \u00c7al\u0131\u015fmalar | \u00c7orlu&#039;da Haber<\/title>\n<meta name=\"description\" content=\"\u00c7orlu Belediyesi&#039;nden Enerji Tasarrufunda \u00d6rnek \u00c7al\u0131\u015fmalar | \u00c7orlu \u00c7orlu&#039;da Haber\" \/>\n<meta name=\"robots\" content=\"index, follow, max-snippet:-1, max-image-preview:large, max-video-preview:-1\" \/>\n<link rel=\"canonical\" href=\"https:\/\/corludahaber.com\/h\/corlu-belediyesinden-enerji-tasarrufunda-ornek-calismalar\/97137\" \/>\n<meta property=\"og:locale\" content=\"tr_TR\" \/>\n<meta property=\"og:type\" content=\"article\" \/>\n<meta property=\"og:title\" content=\"\u00c7orlu Belediyesi&#039;nden Enerji Tasarrufunda \u00d6rnek \u00c7al\u0131\u015fmalar | \u00c7orlu&#039;da Haber\" \/>\n<meta property=\"og:description\" content=\"\u00c7orlu Belediyesi&#039;nden Enerji Tasarrufunda \u00d6rnek \u00c7al\u0131\u015fmalar | \u00c7orlu \u00c7orlu&#039;da Haber\" \/>\n<meta property=\"og:url\" content=\"https:\/\/corludahaber.com\/h\/corlu-belediyesinden-enerji-tasarrufunda-ornek-calismalar\/97137\" \/>\n<meta property=\"og:site_name\" content=\"\u00c7orlu&#039;da Haber\" \/>\n<meta property=\"article:publisher\" content=\"https:\/\/facebook.com\/habercorluda\" \/>\n<meta property=\"article:published_time\" content=\"2025-01-23T16:51:25+00:00\" \/>\n<meta property=\"article:modified_time\" content=\"2025-01-25T23:02:02+00:00\" \/>\n<meta property=\"og:image\" content=\"http:\/\/corludahaber.com\/h\/wp-content\/uploads\/2025\/01\/corlu-belediyesinden-enerji-tasarrufunda-ornek-calismalar_6792738faf5e9.jpeg\" \/>\n\t<meta property=\"og:image:width\" content=\"893\" \/>\n\t<meta property=\"og:image:height\" content=\"437\" \/>\n\t<meta property=\"og:image:type\" content=\"image\/jpeg\" \/>\n<meta name=\"author\" content=\"\u00c7orlu&#039;da Haber\" \/>\n<meta name=\"twitter:card\" content=\"summary_large_image\" \/>\n<meta name=\"twitter:creator\" content=\"@habercorluda\" \/>\n<meta name=\"twitter:site\" content=\"@habercorluda\" \/>\n<meta name=\"twitter:label1\" content=\"Yazan:\" \/>\n\t<meta name=\"twitter:data1\" content=\"\u00c7orlu&#039;da Haber\" \/>\n\t<meta name=\"twitter:label2\" content=\"Tahmini okuma s\u00fcresi\" \/>\n\t<meta name=\"twitter:data2\" content=\"4 dakika\" \/>\n<script type=\"application\/ld+json\" class=\"yoast-schema-graph\">{\"@context\":\"https:\/\/schema.org\",\"@graph\":[{\"@type\":\"Article\",\"@id\":\"https:\/\/corludahaber.com\/h\/corlu-belediyesinden-enerji-tasarrufunda-ornek-calismalar\/97137#article\",\"isPartOf\":{\"@id\":\"https:\/\/corludahaber.com\/h\/corlu-belediyesinden-enerji-tasarrufunda-ornek-calismalar\/97137\"},\"author\":{\"name\":\"\u00c7orlu'da Haber\",\"@id\":\"https:\/\/corludahaber.com\/h\/#\/schema\/person\/b523522be44b062db5d74a62589768cd\"},\"headline\":\"\u00c7orlu Belediyesi&#8217;nden Enerji Tasarrufunda \u00d6rnek \u00c7al\u0131\u015fmalar\",\"datePublished\":\"2025-01-23T16:51:25+00:00\",\"dateModified\":\"2025-01-25T23:02:02+00:00\",\"mainEntityOfPage\":{\"@id\":\"https:\/\/corludahaber.com\/h\/corlu-belediyesinden-enerji-tasarrufunda-ornek-calismalar\/97137\"},\"wordCount\":686,\"commentCount\":0,\"publisher\":{\"@id\":\"https:\/\/corludahaber.com\/h\/#organization\"},\"image\":{\"@id\":\"https:\/\/corludahaber.com\/h\/corlu-belediyesinden-enerji-tasarrufunda-ornek-calismalar\/97137#primaryimage\"},\"thumbnailUrl\":\"https:\/\/corludahaber.com\/h\/wp-content\/uploads\/2025\/01\/corlu-belediyesinden-enerji-tasarrufunda-ornek-calismalar_6792738faf5e9.jpeg\",\"keywords\":[\"asayi\u015f\",\"Belediyesi\",\"\u00c7al\u0131\u015fmalar\",\"\u00c7orlu\",\"\u00c7orlu Belediyesi'nden Enerji Tasarrufunda \u00d6rnek \u00c7al\u0131\u015fmalar\",\"\u00c7orlu kaza\",\"\u00c7orlu son dakika kaza\",\"enerji\",\"\u00f6rnek\",\"son dakika kaza\",\"Tasarrufunda\"],\"articleSection\":[\"\u00c7orlu\"],\"inLanguage\":\"tr\",\"potentialAction\":[{\"@type\":\"CommentAction\",\"name\":\"Comment\",\"target\":[\"https:\/\/corludahaber.com\/h\/corlu-belediyesinden-enerji-tasarrufunda-ornek-calismalar\/97137#respond\"]}]},{\"@type\":\"WebPage\",\"@id\":\"https:\/\/corludahaber.com\/h\/corlu-belediyesinden-enerji-tasarrufunda-ornek-calismalar\/97137\",\"url\":\"https:\/\/corludahaber.com\/h\/corlu-belediyesinden-enerji-tasarrufunda-ornek-calismalar\/97137\",\"name\":\"\u00c7orlu Belediyesi'nden Enerji Tasarrufunda \u00d6rnek \u00c7al\u0131\u015fmalar | \u00c7orlu&#039;da Haber\",\"isPartOf\":{\"@id\":\"https:\/\/corludahaber.com\/h\/#website\"},\"primaryImageOfPage\":{\"@id\":\"https:\/\/corludahaber.com\/h\/corlu-belediyesinden-enerji-tasarrufunda-ornek-calismalar\/97137#primaryimage\"},\"image\":{\"@id\":\"https:\/\/corludahaber.com\/h\/corlu-belediyesinden-enerji-tasarrufunda-ornek-calismalar\/97137#primaryimage\"},\"thumbnailUrl\":\"https:\/\/corludahaber.com\/h\/wp-content\/uploads\/2025\/01\/corlu-belediyesinden-enerji-tasarrufunda-ornek-calismalar_6792738faf5e9.jpeg\",\"datePublished\":\"2025-01-23T16:51:25+00:00\",\"dateModified\":\"2025-01-25T23:02:02+00:00\",\"description\":\"\u00c7orlu Belediyesi'nden Enerji Tasarrufunda \u00d6rnek \u00c7al\u0131\u015fmalar | \u00c7orlu \u00c7orlu&#039;da Haber\",\"breadcrumb\":{\"@id\":\"https:\/\/corludahaber.com\/h\/corlu-belediyesinden-enerji-tasarrufunda-ornek-calismalar\/97137#breadcrumb\"},\"inLanguage\":\"tr\",\"potentialAction\":[{\"@type\":\"ReadAction\",\"target\":[\"https:\/\/corludahaber.com\/h\/corlu-belediyesinden-enerji-tasarrufunda-ornek-calismalar\/97137\"]}]},{\"@type\":\"ImageObject\",\"inLanguage\":\"tr\",\"@id\":\"https:\/\/corludahaber.com\/h\/corlu-belediyesinden-enerji-tasarrufunda-ornek-calismalar\/97137#primaryimage\",\"url\":\"https:\/\/corludahaber.com\/h\/wp-content\/uploads\/2025\/01\/corlu-belediyesinden-enerji-tasarrufunda-ornek-calismalar_6792738faf5e9.jpeg\",\"contentUrl\":\"https:\/\/corludahaber.com\/h\/wp-content\/uploads\/2025\/01\/corlu-belediyesinden-enerji-tasarrufunda-ornek-calismalar_6792738faf5e9.jpeg\",\"width\":893,\"height\":437},{\"@type\":\"BreadcrumbList\",\"@id\":\"https:\/\/corludahaber.com\/h\/corlu-belediyesinden-enerji-tasarrufunda-ornek-calismalar\/97137#breadcrumb\",\"itemListElement\":[{\"@type\":\"ListItem\",\"position\":1,\"name\":\"Anasayfa\",\"item\":\"https:\/\/corludahaber.com\/h\/\"},{\"@type\":\"ListItem\",\"position\":2,\"name\":\"\u00c7orlu\",\"item\":\"https:\/\/corludahaber.com\/h\/kategori\/corlu\"},{\"@type\":\"ListItem\",\"position\":3,\"name\":\"\u00c7orlu Belediyesi&#8217;nden Enerji Tasarrufunda \u00d6rnek \u00c7al\u0131\u015fmalar\"}]},{\"@type\":\"WebSite\",\"@id\":\"https:\/\/corludahaber.com\/h\/#website\",\"url\":\"https:\/\/corludahaber.com\/h\/\",\"name\":\"\u00c7orlu'da Haber\",\"description\":\"Ger\u00e7ek Tarafs\u0131z Haber\",\"publisher\":{\"@id\":\"https:\/\/corludahaber.com\/h\/#organization\"},\"potentialAction\":[{\"@type\":\"SearchAction\",\"target\":{\"@type\":\"EntryPoint\",\"urlTemplate\":\"https:\/\/corludahaber.com\/h\/?s={search_term_string}\"},\"query-input\":\"required name=search_term_string\"}],\"inLanguage\":\"tr\"},{\"@type\":\"Organization\",\"@id\":\"https:\/\/corludahaber.com\/h\/#organization\",\"name\":\"\u00c7orlu'da Haber\",\"url\":\"https:\/\/corludahaber.com\/h\/\",\"logo\":{\"@type\":\"ImageObject\",\"inLanguage\":\"tr\",\"@id\":\"https:\/\/corludahaber.com\/h\/#\/schema\/logo\/image\/\",\"url\":\"https:\/\/corludahaber.com\/h\/wp-content\/uploads\/2021\/12\/logo__9__1_-removebg-preview.png\",\"contentUrl\":\"https:\/\/corludahaber.com\/h\/wp-content\/uploads\/2021\/12\/logo__9__1_-removebg-preview.png\",\"width\":500,\"height\":157,\"caption\":\"\u00c7orlu'da Haber\"},\"image\":{\"@id\":\"https:\/\/corludahaber.com\/h\/#\/schema\/logo\/image\/\"},\"sameAs\":[\"https:\/\/facebook.com\/habercorluda\",\"https:\/\/x.com\/habercorluda\",\"https:\/\/www.instagram.com\/corludahaber\",\"https:\/\/www.youtube.com\/user\/corludahaber\"]},{\"@type\":\"Person\",\"@id\":\"https:\/\/corludahaber.com\/h\/#\/schema\/person\/b523522be44b062db5d74a62589768cd\",\"name\":\"\u00c7orlu'da Haber\",\"image\":{\"@type\":\"ImageObject\",\"inLanguage\":\"tr\",\"@id\":\"https:\/\/corludahaber.com\/h\/#\/schema\/person\/image\/\",\"url\":\"https:\/\/secure.gravatar.com\/avatar\/1033e54e078c29fd7f053370086ff627ba414b05c2b231c418a481adecd764ce?s=96&d=blank&r=g\",\"contentUrl\":\"https:\/\/secure.gravatar.com\/avatar\/1033e54e078c29fd7f053370086ff627ba414b05c2b231c418a481adecd764ce?s=96&d=blank&r=g\",\"caption\":\"\u00c7orlu'da Haber\"},\"sameAs\":[\"https:\/\/corludahaber.com\/h\"],\"url\":\"https:\/\/corludahaber.com\/h\/author\/admin\"}]}<\/script>\n<!-- \/ Yoast SEO Premium plugin. -->","yoast_head_json":{"title":"\u00c7orlu Belediyesi'nden Enerji Tasarrufunda \u00d6rnek \u00c7al\u0131\u015fmalar | \u00c7orlu&#039;da Haber","description":"\u00c7orlu Belediyesi'nden Enerji Tasarrufunda \u00d6rnek \u00c7al\u0131\u015fmalar | \u00c7orlu \u00c7orlu&#039;da Haber","robots":{"index":"index","follow":"follow","max-snippet":"max-snippet:-1","max-image-preview":"max-image-preview:large","max-video-preview":"max-video-preview:-1"},"canonical":"https:\/\/corludahaber.com\/h\/corlu-belediyesinden-enerji-tasarrufunda-ornek-calismalar\/97137","og_locale":"tr_TR","og_type":"article","og_title":"\u00c7orlu Belediyesi'nden Enerji Tasarrufunda \u00d6rnek \u00c7al\u0131\u015fmalar | \u00c7orlu&#039;da Haber","og_description":"\u00c7orlu Belediyesi'nden Enerji Tasarrufunda \u00d6rnek \u00c7al\u0131\u015fmalar | \u00c7orlu \u00c7orlu&#039;da Haber","og_url":"https:\/\/corludahaber.com\/h\/corlu-belediyesinden-enerji-tasarrufunda-ornek-calismalar\/97137","og_site_name":"\u00c7orlu&#039;da Haber","article_publisher":"https:\/\/facebook.com\/habercorluda","article_published_time":"2025-01-23T16:51:25+00:00","article_modified_time":"2025-01-25T23:02:02+00:00","og_image":[{"width":893,"height":437,"url":"http:\/\/corludahaber.com\/h\/wp-content\/uploads\/2025\/01\/corlu-belediyesinden-enerji-tasarrufunda-ornek-calismalar_6792738faf5e9.jpeg","type":"image\/jpeg"}],"author":"\u00c7orlu'da Haber","twitter_card":"summary_large_image","twitter_creator":"@habercorluda","twitter_site":"@habercorluda","twitter_misc":{"Yazan:":"\u00c7orlu'da Haber","Tahmini okuma s\u00fcresi":"4 dakika"},"schema":{"@context":"https:\/\/schema.org","@graph":[{"@type":"Article","@id":"https:\/\/corludahaber.com\/h\/corlu-belediyesinden-enerji-tasarrufunda-ornek-calismalar\/97137#article","isPartOf":{"@id":"https:\/\/corludahaber.com\/h\/corlu-belediyesinden-enerji-tasarrufunda-ornek-calismalar\/97137"},"author":{"name":"\u00c7orlu'da Haber","@id":"https:\/\/corludahaber.com\/h\/#\/schema\/person\/b523522be44b062db5d74a62589768cd"},"headline":"\u00c7orlu Belediyesi&#8217;nden Enerji Tasarrufunda \u00d6rnek \u00c7al\u0131\u015fmalar","datePublished":"2025-01-23T16:51:25+00:00","dateModified":"2025-01-25T23:02:02+00:00","mainEntityOfPage":{"@id":"https:\/\/corludahaber.com\/h\/corlu-belediyesinden-enerji-tasarrufunda-ornek-calismalar\/97137"},"wordCount":686,"commentCount":0,"publisher":{"@id":"https:\/\/corludahaber.com\/h\/#organization"},"image":{"@id":"https:\/\/corludahaber.com\/h\/corlu-belediyesinden-enerji-tasarrufunda-ornek-calismalar\/97137#primaryimage"},"thumbnailUrl":"https:\/\/corludahaber.com\/h\/wp-content\/uploads\/2025\/01\/corlu-belediyesinden-enerji-tasarrufunda-ornek-calismalar_6792738faf5e9.jpeg","keywords":["asayi\u015f","Belediyesi","\u00c7al\u0131\u015fmalar","\u00c7orlu","\u00c7orlu Belediyesi'nden Enerji Tasarrufunda \u00d6rnek \u00c7al\u0131\u015fmalar","\u00c7orlu kaza","\u00c7orlu son dakika kaza","enerji","\u00f6rnek","son dakika kaza","Tasarrufunda"],"articleSection":["\u00c7orlu"],"inLanguage":"tr","potentialAction":[{"@type":"CommentAction","name":"Comment","target":["https:\/\/corludahaber.com\/h\/corlu-belediyesinden-enerji-tasarrufunda-ornek-calismalar\/97137#respond"]}]},{"@type":"WebPage","@id":"https:\/\/corludahaber.com\/h\/corlu-belediyesinden-enerji-tasarrufunda-ornek-calismalar\/97137","url":"https:\/\/corludahaber.com\/h\/corlu-belediyesinden-enerji-tasarrufunda-ornek-calismalar\/97137","name":"\u00c7orlu Belediyesi'nden Enerji Tasarrufunda \u00d6rnek \u00c7al\u0131\u015fmalar | \u00c7orlu&#039;da Haber","isPartOf":{"@id":"https:\/\/corludahaber.com\/h\/#website"},"primaryImageOfPage":{"@id":"https:\/\/corludahaber.com\/h\/corlu-belediyesinden-enerji-tasarrufunda-ornek-calismalar\/97137#primaryimage"},"image":{"@id":"https:\/\/corludahaber.com\/h\/corlu-belediyesinden-enerji-tasarrufunda-ornek-calismalar\/97137#primaryimage"},"thumbnailUrl":"https:\/\/corludahaber.com\/h\/wp-content\/uploads\/2025\/01\/corlu-belediyesinden-enerji-tasarrufunda-ornek-calismalar_6792738faf5e9.jpeg","datePublished":"2025-01-23T16:51:25+00:00","dateModified":"2025-01-25T23:02:02+00:00","description":"\u00c7orlu Belediyesi'nden Enerji Tasarrufunda \u00d6rnek \u00c7al\u0131\u015fmalar | \u00c7orlu \u00c7orlu&#039;da Haber","breadcrumb":{"@id":"https:\/\/corludahaber.com\/h\/corlu-belediyesinden-enerji-tasarrufunda-ornek-calismalar\/97137#breadcrumb"},"inLanguage":"tr","potentialAction":[{"@type":"ReadAction","target":["https:\/\/corludahaber.com\/h\/corlu-belediyesinden-enerji-tasarrufunda-ornek-calismalar\/97137"]}]},{"@type":"ImageObject","inLanguage":"tr","@id":"https:\/\/corludahaber.com\/h\/corlu-belediyesinden-enerji-tasarrufunda-ornek-calismalar\/97137#primaryimage","url":"https:\/\/corludahaber.com\/h\/wp-content\/uploads\/2025\/01\/corlu-belediyesinden-enerji-tasarrufunda-ornek-calismalar_6792738faf5e9.jpeg","contentUrl":"https:\/\/corludahaber.com\/h\/wp-content\/uploads\/2025\/01\/corlu-belediyesinden-enerji-tasarrufunda-ornek-calismalar_6792738faf5e9.jpeg","width":893,"height":437},{"@type":"BreadcrumbList","@id":"https:\/\/corludahaber.com\/h\/corlu-belediyesinden-enerji-tasarrufunda-ornek-calismalar\/97137#breadcrumb","itemListElement":[{"@type":"ListItem","position":1,"name":"Anasayfa","item":"https:\/\/corludahaber.com\/h\/"},{"@type":"ListItem","position":2,"name":"\u00c7orlu","item":"https:\/\/corludahaber.com\/h\/kategori\/corlu"},{"@type":"ListItem","position":3,"name":"\u00c7orlu Belediyesi&#8217;nden Enerji Tasarrufunda \u00d6rnek \u00c7al\u0131\u015fmalar"}]},{"@type":"WebSite","@id":"https:\/\/corludahaber.com\/h\/#website","url":"https:\/\/corludahaber.com\/h\/","name":"\u00c7orlu'da Haber","description":"Ger\u00e7ek Tarafs\u0131z Haber","publisher":{"@id":"https:\/\/corludahaber.com\/h\/#organization"},"potentialAction":[{"@type":"SearchAction","target":{"@type":"EntryPoint","urlTemplate":"https:\/\/corludahaber.com\/h\/?s={search_term_string}"},"query-input":"required name=search_term_string"}],"inLanguage":"tr"},{"@type":"Organization","@id":"https:\/\/corludahaber.com\/h\/#organization","name":"\u00c7orlu'da Haber","url":"https:\/\/corludahaber.com\/h\/","logo":{"@type":"ImageObject","inLanguage":"tr","@id":"https:\/\/corludahaber.com\/h\/#\/schema\/logo\/image\/","url":"https:\/\/corludahaber.com\/h\/wp-content\/uploads\/2021\/12\/logo__9__1_-removebg-preview.png","contentUrl":"https:\/\/corludahaber.com\/h\/wp-content\/uploads\/2021\/12\/logo__9__1_-removebg-preview.png","width":500,"height":157,"caption":"\u00c7orlu'da Haber"},"image":{"@id":"https:\/\/corludahaber.com\/h\/#\/schema\/logo\/image\/"},"sameAs":["https:\/\/facebook.com\/habercorluda","https:\/\/x.com\/habercorluda","https:\/\/www.instagram.com\/corludahaber","https:\/\/www.youtube.com\/user\/corludahaber"]},{"@type":"Person","@id":"https:\/\/corludahaber.com\/h\/#\/schema\/person\/b523522be44b062db5d74a62589768cd","name":"\u00c7orlu'da Haber","image":{"@type":"ImageObject","inLanguage":"tr","@id":"https:\/\/corludahaber.com\/h\/#\/schema\/person\/image\/","url":"https:\/\/secure.gravatar.com\/avatar\/1033e54e078c29fd7f053370086ff627ba414b05c2b231c418a481adecd764ce?s=96&d=blank&r=g","contentUrl":"https:\/\/secure.gravatar.com\/avatar\/1033e54e078c29fd7f053370086ff627ba414b05c2b231c418a481adecd764ce?s=96&d=blank&r=g","caption":"\u00c7orlu'da Haber"},"sameAs":["https:\/\/corludahaber.com\/h"],"url":"https:\/\/corludahaber.com\/h\/author\/admin"}]}},"_links":{"self":[{"href":"https:\/\/corludahaber.com\/h\/wp-json\/wp\/v2\/posts\/97137","targetHints":{"allow":["GET"]}}],"collection":[{"href":"https:\/\/corludahaber.com\/h\/wp-json\/wp\/v2\/posts"}],"about":[{"href":"https:\/\/corludahaber.com\/h\/wp-json\/wp\/v2\/types\/post"}],"author":[{"embeddable":true,"href":"https:\/\/corludahaber.com\/h\/wp-json\/wp\/v2\/users\/151"}],"replies":[{"embeddable":true,"href":"https:\/\/corludahaber.com\/h\/wp-json\/wp\/v2\/comments?post=97137"}],"version-history":[{"count":0,"href":"https:\/\/corludahaber.com\/h\/wp-json\/wp\/v2\/posts\/97137\/revisions"}],"wp:featuredmedia":[{"embeddable":true,"href":"https:\/\/corludahaber.com\/h\/wp-json\/wp\/v2\/media\/97138"}],"wp:attachment":[{"href":"https:\/\/corludahaber.com\/h\/wp-json\/wp\/v2\/media?parent=97137"}],"wp:term":[{"taxonomy":"category","embeddable":true,"href":"https:\/\/corludahaber.com\/h\/wp-json\/wp\/v2\/categories?post=97137"},{"taxonomy":"post_tag","embeddable":true,"href":"https:\/\/corludahaber.com\/h\/wp-json\/wp\/v2\/tags?post=97137"}],"curies":[{"name":"wp","href":"https:\/\/api.w.org\/{rel}","templated":true}]}}