{"id":96063,"date":"2025-01-03T10:36:13","date_gmt":"2025-01-03T07:36:13","guid":{"rendered":"https:\/\/corludahaber.com\/h\/kesan-belediye-baskan-yardimcisi-mehmet-meric-gorevinden-istifa-etti\/96063"},"modified":"2025-01-03T10:36:21","modified_gmt":"2025-01-03T07:36:21","slug":"kesan-belediye-baskan-yardimcisi-mehmet-meric-gorevinden-istifa-etti","status":"publish","type":"post","link":"https:\/\/corludahaber.com\/h\/kesan-belediye-baskan-yardimcisi-mehmet-meric-gorevinden-istifa-etti\/96063","title":{"rendered":"Ke\u015fan Belediye Ba\u015fkan Yard\u0131mc\u0131s\u0131 Mehmet Meri\u00e7, g\u00f6revinden istifa etti"},"content":{"rendered":"<div class=\"corlu-icerikten-once_3\" id=\"corlu-1006579495\"><script type='text\/javascript' src='https:\/\/platform-api.sharethis.com\/js\/sharethis.js#property=5ce8cf08af7d000012cb0ca1&product=inline-reaction-buttons' async='async'><\/script>\r\n\r\n<\/div><p><span style=\"vertical-align: inherit;\"><span style=\"vertical-align: inherit;\"><\/p>\n<div readability=\"64\"><span class=\"category-name hidden\"><\/span><\/p>\n<p>\u00dcnsal Y\u00dcCEL\/KE\u015eAN(Edirne),(DHA)-ED\u0130RNE\u2019nin Ke\u015fan il\u00e7e Belediye Ba\u015fkan Yard\u0131mc\u0131s\u0131 CHP\u2019li Mehmet Meri\u00e7, g\u00f6revinden istifa etti. Meri\u00e7&#8217;in istifas\u0131 kabul edilirken, yerine CHP\u2019li Belediye Meclis \u00dcyesi \u0130smail B\u00fcy\u00fckvarl\u0131k getirildi. <\/p>\n<p>31 Mart 2024 tarihinde ger\u00e7ekle\u015ftirilen yerel se\u00e7imlerin ard\u0131ndan Ke\u015fan Belediye Ba\u015fkan Yard\u0131mc\u0131s\u0131 olan Mehmet Meri\u00e7, g\u00f6revinden istifa ederken, yapt\u0131\u011f\u0131 yaz\u0131l\u0131 a\u00e7\u0131klamada, Ke\u015fan i\u00e7in olan sorumlulu\u011funun bilinci ile belediye meclis \u00fcyeli\u011fi g\u00f6revine devam edece\u011fini s\u00f6yledi.<\/p>\n<p>Meri\u00e7, \u201c31 Mart 2024 tarihli Mahalli \u0130dareler Se\u00e7imleri ile belediye meclis \u00fcyeli\u011fine se\u00e7ilmemin ard\u0131ndan belediye ba\u015fkan yard\u0131mc\u0131s\u0131 olarak g\u00f6reve getirilmi\u015f bulunmaktayd\u0131m. \u00dclkeme ve Ke\u015fan&#8217;\u0131m\u0131za hizmet etmek i\u00e7in, \u00e7ocuklar\u0131m\u0131za daha g\u00fczel bir \u015fehir ve \u00fclke b\u0131rakmak i\u00e7in yo\u011fun i\u015f hayat\u0131m\u0131 bir kenara koyma u\u011fruna siyasete girme karar\u0131 vermi\u015f olup g\u00f6reve geldi\u011fim ilk g\u00fcnden beri bu bilin\u00e7 ve ilke do\u011frultusunda hareket etmi\u015f bulunmaktay\u0131m\u201d dedi.<\/p>\n<p>G\u00f6revde oldu\u011fu 9 ayl\u0131k s\u00fcre\u00e7te do\u011fru bulmad\u0131\u011f\u0131 uygulamalar\u0131n hi\u00e7 birine sessiz kalmad\u0131\u011f\u0131n\u0131 ifade eden Meri\u00e7, \u201cG\u00f6revde oldu\u011fum 9 ay boyunca do\u011fru bulmad\u0131\u011f\u0131m uygulamalar\u0131n hi\u00e7birine sessiz kalmad\u0131m. Ke\u015fan ve Ke\u015fan halk\u0131 i\u00e7in kendi ad\u0131ma ve g\u00f6revime yak\u0131\u015fan t\u00fcm m\u00fcdahale ve m\u00fccadelelerde bulundum. Ancak uyar\u0131lara ra\u011fmen \u0131srarla devam eden, gerek Cumhuriyet Halk Partisi \u00f6rg\u00fct\u00fcm\u00fcz\u00fcn, gerekse halk\u0131m\u0131z\u0131n tepkisine neden olan bu vicdan yaralayan uygulamalar\u0131n \u00f6n\u00fcne ge\u00e7me \u015fans\u0131m\u0131n kalmad\u0131\u011f\u0131n\u0131 g\u00f6rm\u00fc\u015f bulunmaktay\u0131m. Bu umutsuzlukla belediye ba\u015fkan yard\u0131mc\u0131l\u0131\u011f\u0131 g\u00f6revimden istifa etmekteyim. Yerel se\u00e7imlerde ad\u0131ma oy kullanan ve beni Cumhuriyet Halk Partisi&#8217;nden belediye meclis \u00fcyeli\u011fi g\u00f6revine getiren Ke\u015fan halk\u0131 i\u00e7in olan sorumlulu\u011fumun bilinci ile belediye meclis \u00fcyeli\u011fi g\u00f6revime devam edece\u011fimi ve kendime yak\u0131\u015fan m\u00fccadelemi s\u00fcrd\u00fcr\u00fcp Ke\u015fan&#8217;\u0131n sesi olmaya devam edece\u011fimi bildiririm\u201d diye konu\u015ftu. <\/p>\n<p>Meri\u00e7&#8217;in istifas\u0131 kabul edilirken, yerine CHP\u2019li Belediye Meclis \u00dcyesi \u0130smail B\u00fcy\u00fckvarl\u0131k, ba\u015fkan yard\u0131mc\u0131s\u0131 olarak g\u00f6revlendirildi. (DHA)<\/p>\n<\/div>\n<p><\/span><\/span><\/p>\n<div class=\"corlu-icerikten-sonra_3\" id=\"corlu-3285827096\"><p><img loading=\"lazy\" decoding=\"async\" class=\"aligncenter\" src=\"https:\/\/www.corludahaber.com\/bahcesehir.jpg\" alt=\"\" width=\"624\" height=\"196\" \/><\/p>\n<table style=\"text-align: left; width: 100%;\" border=\"1\" cellspacing=\"2\" cellpadding=\"2\">\n<tbody>\n<tr>\n<td style=\"background-color: #050805;\"><span style=\"font-size: 12pt;\"><small><small><em><strong><big><span style=\"color: #ff0000;\">Haber ve resimlerin telif haklar\u0131ndan dolay\u0131 kullan\u0131m\u0131 yasakt\u0131r<span style=\"color: #000000;\">.<\/span><\/span><span style=\"color: #000000;\">\u00a0<\/span><span style=\"color: #ffffff;\">Yaz\u0131l\u0131 izni al\u0131nmadan hi\u00e7bir yaz\u0131l\u0131, g\u00f6rsel, i\u015fitsel i\u00e7erik kopyalanamaz, de\u011fi\u015ftirilemez, yay\u0131nlanamaz veya sat\u0131lamaz. Aksi halde<\/span>\u00a0<span style=\"color: #ff0000;\">5846<span style=\"color: #ffffff;\">\u00a0<\/span><\/span><span style=\"color: #ffffff;\">say\u0131l\u0131 Fikir ve Sanat Eserleri Kanunu\u2019na ve<\/span>\u00a0<span style=\"color: #800000;\"><span style=\"color: #ff0000;\">6102<\/span><span style=\"color: #ffffff;\">\u00a0<\/span><\/span><span style=\"color: #ffffff;\">say\u0131l\u0131 maddesine g\u00f6re<\/span>\u00a0<span style=\"color: #ff0000;\">gerekli i\u015flemler uygulanacakt\u0131r.<\/span><br \/>\n<span style=\"color: #ffffff;\">\u00a9 Copyright 2014<\/span><\/big><\/strong><\/em><\/small><\/small><\/span><\/td>\n<\/tr>\n<\/tbody>\n<\/table>\n<p><small><small>\u00a0<\/small><\/small><\/p>\n<\/div>","protected":false},"excerpt":{"rendered":"<p>\u00dcnsal Y\u00dcCEL\/KE\u015eAN(Edirne),(DHA)-ED\u0130RNE\u2019nin Ke\u015fan il\u00e7e Belediye Ba\u015fkan Yard\u0131mc\u0131s\u0131 CHP\u2019li Mehmet Meri\u00e7, g\u00f6revinden istifa etti. Meri\u00e7&#8217;in istifas\u0131 kabul edilirken, yerine CHP\u2019li Belediye Meclis \u00dcyesi \u0130smail B\u00fcy\u00fckvarl\u0131k getirildi. 31 Mart 2024 tarihinde ger\u00e7ekle\u015ftirilen yerel se\u00e7imlerin ard\u0131ndan Ke\u015fan Belediye Ba\u015fkan Yard\u0131mc\u0131s\u0131 olan Mehmet Meri\u00e7, g\u00f6revinden istifa ederken, yapt\u0131\u011f\u0131 yaz\u0131l\u0131 a\u00e7\u0131klamada, Ke\u015fan i\u00e7in olan sorumlulu\u011funun bilinci ile belediye meclis \u00fcyeli\u011fi &hellip;<\/p>\n","protected":false},"author":151,"featured_media":96064,"comment_status":"open","ping_status":"closed","sticky":false,"template":"","format":"standard","meta":{"footnotes":""},"categories":[121],"tags":[8025,395,75,9376,15478,486,487,1838,21538,2209,2573,3661,5141],"class_list":["post-96063","post","type-post","status-publish","format-standard","has-post-thumbnail","hentry","category-edirne","tag-asayis","tag-baskan","tag-belediye","tag-corlu-kaza","tag-corlu-son-dakika-kaza","tag-gorevinden","tag-istifa","tag-kesan","tag-kesan-belediye-baskan-yardimcisi-mehmet-meric-gorevinden-istifa-etti","tag-mehmet","tag-meric","tag-son-dakika-kaza","tag-yardimcisi"],"yoast_head":"<!-- This site is optimized with the Yoast SEO Premium plugin v23.3 (Yoast SEO v23.3) - https:\/\/yoast.com\/wordpress\/plugins\/seo\/ -->\n<title>Ke\u015fan Belediye Ba\u015fkan Yard\u0131mc\u0131s\u0131 Mehmet Meri\u00e7, g\u00f6revinden istifa etti | \u00c7orlu&#039;da Haber<\/title>\n<meta name=\"description\" content=\"Ke\u015fan Belediye Ba\u015fkan Yard\u0131mc\u0131s\u0131 Mehmet Meri\u00e7, g\u00f6revinden istifa etti | \u00c7orlu&#039;da Haber\" \/>\n<meta name=\"robots\" content=\"index, follow, max-snippet:-1, max-image-preview:large, max-video-preview:-1\" \/>\n<link rel=\"canonical\" href=\"https:\/\/corludahaber.com\/h\/kesan-belediye-baskan-yardimcisi-mehmet-meric-gorevinden-istifa-etti\/96063\" \/>\n<meta property=\"og:locale\" content=\"tr_TR\" \/>\n<meta property=\"og:type\" content=\"article\" \/>\n<meta property=\"og:title\" content=\"Ke\u015fan Belediye Ba\u015fkan Yard\u0131mc\u0131s\u0131 Mehmet Meri\u00e7, g\u00f6revinden istifa etti | \u00c7orlu&#039;da Haber\" \/>\n<meta property=\"og:description\" content=\"Ke\u015fan Belediye Ba\u015fkan Yard\u0131mc\u0131s\u0131 Mehmet Meri\u00e7, g\u00f6revinden istifa etti | \u00c7orlu&#039;da Haber\" \/>\n<meta property=\"og:url\" content=\"https:\/\/corludahaber.com\/h\/kesan-belediye-baskan-yardimcisi-mehmet-meric-gorevinden-istifa-etti\/96063\" \/>\n<meta property=\"og:site_name\" content=\"\u00c7orlu&#039;da Haber\" \/>\n<meta property=\"article:publisher\" content=\"https:\/\/facebook.com\/habercorluda\" \/>\n<meta property=\"article:published_time\" content=\"2025-01-03T07:36:13+00:00\" \/>\n<meta property=\"article:modified_time\" content=\"2025-01-03T07:36:21+00:00\" \/>\n<meta property=\"og:image\" content=\"https:\/\/corludahaber.com\/h\/wp-content\/uploads\/2025\/01\/kesan-belediye-baskan-yardimcisi-mehmet-meric-gorevinden-istifa-etti_67779370cb364.jpeg\" \/>\n\t<meta property=\"og:image:width\" content=\"1080\" \/>\n\t<meta property=\"og:image:height\" content=\"1080\" \/>\n\t<meta property=\"og:image:type\" content=\"image\/jpeg\" \/>\n<meta name=\"author\" content=\"\u00c7orlu&#039;da Haber\" \/>\n<meta name=\"twitter:card\" content=\"summary_large_image\" \/>\n<meta name=\"twitter:creator\" content=\"@habercorluda\" \/>\n<meta name=\"twitter:site\" content=\"@habercorluda\" \/>\n<meta name=\"twitter:label1\" content=\"Yazan:\" \/>\n\t<meta name=\"twitter:data1\" content=\"\u00c7orlu&#039;da Haber\" \/>\n\t<meta name=\"twitter:label2\" content=\"Tahmini okuma s\u00fcresi\" \/>\n\t<meta name=\"twitter:data2\" content=\"2 dakika\" \/>\n<script type=\"application\/ld+json\" class=\"yoast-schema-graph\">{\"@context\":\"https:\/\/schema.org\",\"@graph\":[{\"@type\":\"Article\",\"@id\":\"https:\/\/corludahaber.com\/h\/kesan-belediye-baskan-yardimcisi-mehmet-meric-gorevinden-istifa-etti\/96063#article\",\"isPartOf\":{\"@id\":\"https:\/\/corludahaber.com\/h\/kesan-belediye-baskan-yardimcisi-mehmet-meric-gorevinden-istifa-etti\/96063\"},\"author\":{\"name\":\"\u00c7orlu'da Haber\",\"@id\":\"https:\/\/corludahaber.com\/h\/#\/schema\/person\/b523522be44b062db5d74a62589768cd\"},\"headline\":\"Ke\u015fan Belediye Ba\u015fkan Yard\u0131mc\u0131s\u0131 Mehmet Meri\u00e7, g\u00f6revinden istifa etti\",\"datePublished\":\"2025-01-03T07:36:13+00:00\",\"dateModified\":\"2025-01-03T07:36:21+00:00\",\"mainEntityOfPage\":{\"@id\":\"https:\/\/corludahaber.com\/h\/kesan-belediye-baskan-yardimcisi-mehmet-meric-gorevinden-istifa-etti\/96063\"},\"wordCount\":399,\"commentCount\":0,\"publisher\":{\"@id\":\"https:\/\/corludahaber.com\/h\/#organization\"},\"image\":{\"@id\":\"https:\/\/corludahaber.com\/h\/kesan-belediye-baskan-yardimcisi-mehmet-meric-gorevinden-istifa-etti\/96063#primaryimage\"},\"thumbnailUrl\":\"https:\/\/corludahaber.com\/h\/wp-content\/uploads\/2025\/01\/kesan-belediye-baskan-yardimcisi-mehmet-meric-gorevinden-istifa-etti_67779370cb364.jpeg\",\"keywords\":[\"asayi\u015f\",\"BA\u015eKAN\",\"BELED\u0130YE\",\"\u00c7orlu kaza\",\"\u00c7orlu son dakika kaza\",\"G\u00f6revinden\",\"\u0130stifa\",\"Ke\u015fan\",\"Ke\u015fan Belediye Ba\u015fkan Yard\u0131mc\u0131s\u0131 Mehmet Meri\u00e7, g\u00f6revinden istifa etti\",\"Mehmet\",\"Meri\u00e7\",\"son dakika kaza\",\"Yard\u0131mc\u0131s\u0131\"],\"articleSection\":[\"Edirne\"],\"inLanguage\":\"tr\",\"potentialAction\":[{\"@type\":\"CommentAction\",\"name\":\"Comment\",\"target\":[\"https:\/\/corludahaber.com\/h\/kesan-belediye-baskan-yardimcisi-mehmet-meric-gorevinden-istifa-etti\/96063#respond\"]}]},{\"@type\":\"WebPage\",\"@id\":\"https:\/\/corludahaber.com\/h\/kesan-belediye-baskan-yardimcisi-mehmet-meric-gorevinden-istifa-etti\/96063\",\"url\":\"https:\/\/corludahaber.com\/h\/kesan-belediye-baskan-yardimcisi-mehmet-meric-gorevinden-istifa-etti\/96063\",\"name\":\"Ke\u015fan Belediye Ba\u015fkan Yard\u0131mc\u0131s\u0131 Mehmet Meri\u00e7, g\u00f6revinden istifa etti | \u00c7orlu&#039;da Haber\",\"isPartOf\":{\"@id\":\"https:\/\/corludahaber.com\/h\/#website\"},\"primaryImageOfPage\":{\"@id\":\"https:\/\/corludahaber.com\/h\/kesan-belediye-baskan-yardimcisi-mehmet-meric-gorevinden-istifa-etti\/96063#primaryimage\"},\"image\":{\"@id\":\"https:\/\/corludahaber.com\/h\/kesan-belediye-baskan-yardimcisi-mehmet-meric-gorevinden-istifa-etti\/96063#primaryimage\"},\"thumbnailUrl\":\"https:\/\/corludahaber.com\/h\/wp-content\/uploads\/2025\/01\/kesan-belediye-baskan-yardimcisi-mehmet-meric-gorevinden-istifa-etti_67779370cb364.jpeg\",\"datePublished\":\"2025-01-03T07:36:13+00:00\",\"dateModified\":\"2025-01-03T07:36:21+00:00\",\"description\":\"Ke\u015fan Belediye Ba\u015fkan Yard\u0131mc\u0131s\u0131 Mehmet Meri\u00e7, g\u00f6revinden istifa etti | \u00c7orlu&#039;da Haber\",\"breadcrumb\":{\"@id\":\"https:\/\/corludahaber.com\/h\/kesan-belediye-baskan-yardimcisi-mehmet-meric-gorevinden-istifa-etti\/96063#breadcrumb\"},\"inLanguage\":\"tr\",\"potentialAction\":[{\"@type\":\"ReadAction\",\"target\":[\"https:\/\/corludahaber.com\/h\/kesan-belediye-baskan-yardimcisi-mehmet-meric-gorevinden-istifa-etti\/96063\"]}]},{\"@type\":\"ImageObject\",\"inLanguage\":\"tr\",\"@id\":\"https:\/\/corludahaber.com\/h\/kesan-belediye-baskan-yardimcisi-mehmet-meric-gorevinden-istifa-etti\/96063#primaryimage\",\"url\":\"https:\/\/corludahaber.com\/h\/wp-content\/uploads\/2025\/01\/kesan-belediye-baskan-yardimcisi-mehmet-meric-gorevinden-istifa-etti_67779370cb364.jpeg\",\"contentUrl\":\"https:\/\/corludahaber.com\/h\/wp-content\/uploads\/2025\/01\/kesan-belediye-baskan-yardimcisi-mehmet-meric-gorevinden-istifa-etti_67779370cb364.jpeg\",\"width\":1080,\"height\":1080},{\"@type\":\"BreadcrumbList\",\"@id\":\"https:\/\/corludahaber.com\/h\/kesan-belediye-baskan-yardimcisi-mehmet-meric-gorevinden-istifa-etti\/96063#breadcrumb\",\"itemListElement\":[{\"@type\":\"ListItem\",\"position\":1,\"name\":\"Anasayfa\",\"item\":\"https:\/\/corludahaber.com\/h\/\"},{\"@type\":\"ListItem\",\"position\":2,\"name\":\"Edirne\",\"item\":\"https:\/\/corludahaber.com\/h\/kategori\/edirne\"},{\"@type\":\"ListItem\",\"position\":3,\"name\":\"Ke\u015fan Belediye Ba\u015fkan Yard\u0131mc\u0131s\u0131 Mehmet Meri\u00e7, g\u00f6revinden istifa etti\"}]},{\"@type\":\"WebSite\",\"@id\":\"https:\/\/corludahaber.com\/h\/#website\",\"url\":\"https:\/\/corludahaber.com\/h\/\",\"name\":\"\u00c7orlu'da Haber\",\"description\":\"Ger\u00e7ek Tarafs\u0131z Haber\",\"publisher\":{\"@id\":\"https:\/\/corludahaber.com\/h\/#organization\"},\"potentialAction\":[{\"@type\":\"SearchAction\",\"target\":{\"@type\":\"EntryPoint\",\"urlTemplate\":\"https:\/\/corludahaber.com\/h\/?s={search_term_string}\"},\"query-input\":\"required name=search_term_string\"}],\"inLanguage\":\"tr\"},{\"@type\":\"Organization\",\"@id\":\"https:\/\/corludahaber.com\/h\/#organization\",\"name\":\"\u00c7orlu'da Haber\",\"url\":\"https:\/\/corludahaber.com\/h\/\",\"logo\":{\"@type\":\"ImageObject\",\"inLanguage\":\"tr\",\"@id\":\"https:\/\/corludahaber.com\/h\/#\/schema\/logo\/image\/\",\"url\":\"https:\/\/corludahaber.com\/h\/wp-content\/uploads\/2021\/12\/logo__9__1_-removebg-preview.png\",\"contentUrl\":\"https:\/\/corludahaber.com\/h\/wp-content\/uploads\/2021\/12\/logo__9__1_-removebg-preview.png\",\"width\":500,\"height\":157,\"caption\":\"\u00c7orlu'da Haber\"},\"image\":{\"@id\":\"https:\/\/corludahaber.com\/h\/#\/schema\/logo\/image\/\"},\"sameAs\":[\"https:\/\/facebook.com\/habercorluda\",\"https:\/\/x.com\/habercorluda\",\"https:\/\/www.instagram.com\/corludahaber\",\"https:\/\/www.youtube.com\/user\/corludahaber\"]},{\"@type\":\"Person\",\"@id\":\"https:\/\/corludahaber.com\/h\/#\/schema\/person\/b523522be44b062db5d74a62589768cd\",\"name\":\"\u00c7orlu'da Haber\",\"image\":{\"@type\":\"ImageObject\",\"inLanguage\":\"tr\",\"@id\":\"https:\/\/corludahaber.com\/h\/#\/schema\/person\/image\/\",\"url\":\"https:\/\/secure.gravatar.com\/avatar\/1033e54e078c29fd7f053370086ff627ba414b05c2b231c418a481adecd764ce?s=96&d=blank&r=g\",\"contentUrl\":\"https:\/\/secure.gravatar.com\/avatar\/1033e54e078c29fd7f053370086ff627ba414b05c2b231c418a481adecd764ce?s=96&d=blank&r=g\",\"caption\":\"\u00c7orlu'da Haber\"},\"sameAs\":[\"https:\/\/corludahaber.com\/h\"],\"url\":\"https:\/\/corludahaber.com\/h\/author\/admin\"}]}<\/script>\n<!-- \/ Yoast SEO Premium plugin. -->","yoast_head_json":{"title":"Ke\u015fan Belediye Ba\u015fkan Yard\u0131mc\u0131s\u0131 Mehmet Meri\u00e7, g\u00f6revinden istifa etti | \u00c7orlu&#039;da Haber","description":"Ke\u015fan Belediye Ba\u015fkan Yard\u0131mc\u0131s\u0131 Mehmet Meri\u00e7, g\u00f6revinden istifa etti | \u00c7orlu&#039;da Haber","robots":{"index":"index","follow":"follow","max-snippet":"max-snippet:-1","max-image-preview":"max-image-preview:large","max-video-preview":"max-video-preview:-1"},"canonical":"https:\/\/corludahaber.com\/h\/kesan-belediye-baskan-yardimcisi-mehmet-meric-gorevinden-istifa-etti\/96063","og_locale":"tr_TR","og_type":"article","og_title":"Ke\u015fan Belediye Ba\u015fkan Yard\u0131mc\u0131s\u0131 Mehmet Meri\u00e7, g\u00f6revinden istifa etti | \u00c7orlu&#039;da Haber","og_description":"Ke\u015fan Belediye Ba\u015fkan Yard\u0131mc\u0131s\u0131 Mehmet Meri\u00e7, g\u00f6revinden istifa etti | \u00c7orlu&#039;da Haber","og_url":"https:\/\/corludahaber.com\/h\/kesan-belediye-baskan-yardimcisi-mehmet-meric-gorevinden-istifa-etti\/96063","og_site_name":"\u00c7orlu&#039;da Haber","article_publisher":"https:\/\/facebook.com\/habercorluda","article_published_time":"2025-01-03T07:36:13+00:00","article_modified_time":"2025-01-03T07:36:21+00:00","og_image":[{"width":1080,"height":1080,"url":"https:\/\/corludahaber.com\/h\/wp-content\/uploads\/2025\/01\/kesan-belediye-baskan-yardimcisi-mehmet-meric-gorevinden-istifa-etti_67779370cb364.jpeg","type":"image\/jpeg"}],"author":"\u00c7orlu'da Haber","twitter_card":"summary_large_image","twitter_creator":"@habercorluda","twitter_site":"@habercorluda","twitter_misc":{"Yazan:":"\u00c7orlu'da Haber","Tahmini okuma s\u00fcresi":"2 dakika"},"schema":{"@context":"https:\/\/schema.org","@graph":[{"@type":"Article","@id":"https:\/\/corludahaber.com\/h\/kesan-belediye-baskan-yardimcisi-mehmet-meric-gorevinden-istifa-etti\/96063#article","isPartOf":{"@id":"https:\/\/corludahaber.com\/h\/kesan-belediye-baskan-yardimcisi-mehmet-meric-gorevinden-istifa-etti\/96063"},"author":{"name":"\u00c7orlu'da Haber","@id":"https:\/\/corludahaber.com\/h\/#\/schema\/person\/b523522be44b062db5d74a62589768cd"},"headline":"Ke\u015fan Belediye Ba\u015fkan Yard\u0131mc\u0131s\u0131 Mehmet Meri\u00e7, g\u00f6revinden istifa etti","datePublished":"2025-01-03T07:36:13+00:00","dateModified":"2025-01-03T07:36:21+00:00","mainEntityOfPage":{"@id":"https:\/\/corludahaber.com\/h\/kesan-belediye-baskan-yardimcisi-mehmet-meric-gorevinden-istifa-etti\/96063"},"wordCount":399,"commentCount":0,"publisher":{"@id":"https:\/\/corludahaber.com\/h\/#organization"},"image":{"@id":"https:\/\/corludahaber.com\/h\/kesan-belediye-baskan-yardimcisi-mehmet-meric-gorevinden-istifa-etti\/96063#primaryimage"},"thumbnailUrl":"https:\/\/corludahaber.com\/h\/wp-content\/uploads\/2025\/01\/kesan-belediye-baskan-yardimcisi-mehmet-meric-gorevinden-istifa-etti_67779370cb364.jpeg","keywords":["asayi\u015f","BA\u015eKAN","BELED\u0130YE","\u00c7orlu kaza","\u00c7orlu son dakika kaza","G\u00f6revinden","\u0130stifa","Ke\u015fan","Ke\u015fan Belediye Ba\u015fkan Yard\u0131mc\u0131s\u0131 Mehmet Meri\u00e7, g\u00f6revinden istifa etti","Mehmet","Meri\u00e7","son dakika kaza","Yard\u0131mc\u0131s\u0131"],"articleSection":["Edirne"],"inLanguage":"tr","potentialAction":[{"@type":"CommentAction","name":"Comment","target":["https:\/\/corludahaber.com\/h\/kesan-belediye-baskan-yardimcisi-mehmet-meric-gorevinden-istifa-etti\/96063#respond"]}]},{"@type":"WebPage","@id":"https:\/\/corludahaber.com\/h\/kesan-belediye-baskan-yardimcisi-mehmet-meric-gorevinden-istifa-etti\/96063","url":"https:\/\/corludahaber.com\/h\/kesan-belediye-baskan-yardimcisi-mehmet-meric-gorevinden-istifa-etti\/96063","name":"Ke\u015fan Belediye Ba\u015fkan Yard\u0131mc\u0131s\u0131 Mehmet Meri\u00e7, g\u00f6revinden istifa etti | \u00c7orlu&#039;da Haber","isPartOf":{"@id":"https:\/\/corludahaber.com\/h\/#website"},"primaryImageOfPage":{"@id":"https:\/\/corludahaber.com\/h\/kesan-belediye-baskan-yardimcisi-mehmet-meric-gorevinden-istifa-etti\/96063#primaryimage"},"image":{"@id":"https:\/\/corludahaber.com\/h\/kesan-belediye-baskan-yardimcisi-mehmet-meric-gorevinden-istifa-etti\/96063#primaryimage"},"thumbnailUrl":"https:\/\/corludahaber.com\/h\/wp-content\/uploads\/2025\/01\/kesan-belediye-baskan-yardimcisi-mehmet-meric-gorevinden-istifa-etti_67779370cb364.jpeg","datePublished":"2025-01-03T07:36:13+00:00","dateModified":"2025-01-03T07:36:21+00:00","description":"Ke\u015fan Belediye Ba\u015fkan Yard\u0131mc\u0131s\u0131 Mehmet Meri\u00e7, g\u00f6revinden istifa etti | \u00c7orlu&#039;da Haber","breadcrumb":{"@id":"https:\/\/corludahaber.com\/h\/kesan-belediye-baskan-yardimcisi-mehmet-meric-gorevinden-istifa-etti\/96063#breadcrumb"},"inLanguage":"tr","potentialAction":[{"@type":"ReadAction","target":["https:\/\/corludahaber.com\/h\/kesan-belediye-baskan-yardimcisi-mehmet-meric-gorevinden-istifa-etti\/96063"]}]},{"@type":"ImageObject","inLanguage":"tr","@id":"https:\/\/corludahaber.com\/h\/kesan-belediye-baskan-yardimcisi-mehmet-meric-gorevinden-istifa-etti\/96063#primaryimage","url":"https:\/\/corludahaber.com\/h\/wp-content\/uploads\/2025\/01\/kesan-belediye-baskan-yardimcisi-mehmet-meric-gorevinden-istifa-etti_67779370cb364.jpeg","contentUrl":"https:\/\/corludahaber.com\/h\/wp-content\/uploads\/2025\/01\/kesan-belediye-baskan-yardimcisi-mehmet-meric-gorevinden-istifa-etti_67779370cb364.jpeg","width":1080,"height":1080},{"@type":"BreadcrumbList","@id":"https:\/\/corludahaber.com\/h\/kesan-belediye-baskan-yardimcisi-mehmet-meric-gorevinden-istifa-etti\/96063#breadcrumb","itemListElement":[{"@type":"ListItem","position":1,"name":"Anasayfa","item":"https:\/\/corludahaber.com\/h\/"},{"@type":"ListItem","position":2,"name":"Edirne","item":"https:\/\/corludahaber.com\/h\/kategori\/edirne"},{"@type":"ListItem","position":3,"name":"Ke\u015fan Belediye Ba\u015fkan Yard\u0131mc\u0131s\u0131 Mehmet Meri\u00e7, g\u00f6revinden istifa etti"}]},{"@type":"WebSite","@id":"https:\/\/corludahaber.com\/h\/#website","url":"https:\/\/corludahaber.com\/h\/","name":"\u00c7orlu'da Haber","description":"Ger\u00e7ek Tarafs\u0131z Haber","publisher":{"@id":"https:\/\/corludahaber.com\/h\/#organization"},"potentialAction":[{"@type":"SearchAction","target":{"@type":"EntryPoint","urlTemplate":"https:\/\/corludahaber.com\/h\/?s={search_term_string}"},"query-input":"required name=search_term_string"}],"inLanguage":"tr"},{"@type":"Organization","@id":"https:\/\/corludahaber.com\/h\/#organization","name":"\u00c7orlu'da Haber","url":"https:\/\/corludahaber.com\/h\/","logo":{"@type":"ImageObject","inLanguage":"tr","@id":"https:\/\/corludahaber.com\/h\/#\/schema\/logo\/image\/","url":"https:\/\/corludahaber.com\/h\/wp-content\/uploads\/2021\/12\/logo__9__1_-removebg-preview.png","contentUrl":"https:\/\/corludahaber.com\/h\/wp-content\/uploads\/2021\/12\/logo__9__1_-removebg-preview.png","width":500,"height":157,"caption":"\u00c7orlu'da Haber"},"image":{"@id":"https:\/\/corludahaber.com\/h\/#\/schema\/logo\/image\/"},"sameAs":["https:\/\/facebook.com\/habercorluda","https:\/\/x.com\/habercorluda","https:\/\/www.instagram.com\/corludahaber","https:\/\/www.youtube.com\/user\/corludahaber"]},{"@type":"Person","@id":"https:\/\/corludahaber.com\/h\/#\/schema\/person\/b523522be44b062db5d74a62589768cd","name":"\u00c7orlu'da Haber","image":{"@type":"ImageObject","inLanguage":"tr","@id":"https:\/\/corludahaber.com\/h\/#\/schema\/person\/image\/","url":"https:\/\/secure.gravatar.com\/avatar\/1033e54e078c29fd7f053370086ff627ba414b05c2b231c418a481adecd764ce?s=96&d=blank&r=g","contentUrl":"https:\/\/secure.gravatar.com\/avatar\/1033e54e078c29fd7f053370086ff627ba414b05c2b231c418a481adecd764ce?s=96&d=blank&r=g","caption":"\u00c7orlu'da Haber"},"sameAs":["https:\/\/corludahaber.com\/h"],"url":"https:\/\/corludahaber.com\/h\/author\/admin"}]}},"_links":{"self":[{"href":"https:\/\/corludahaber.com\/h\/wp-json\/wp\/v2\/posts\/96063","targetHints":{"allow":["GET"]}}],"collection":[{"href":"https:\/\/corludahaber.com\/h\/wp-json\/wp\/v2\/posts"}],"about":[{"href":"https:\/\/corludahaber.com\/h\/wp-json\/wp\/v2\/types\/post"}],"author":[{"embeddable":true,"href":"https:\/\/corludahaber.com\/h\/wp-json\/wp\/v2\/users\/151"}],"replies":[{"embeddable":true,"href":"https:\/\/corludahaber.com\/h\/wp-json\/wp\/v2\/comments?post=96063"}],"version-history":[{"count":0,"href":"https:\/\/corludahaber.com\/h\/wp-json\/wp\/v2\/posts\/96063\/revisions"}],"wp:featuredmedia":[{"embeddable":true,"href":"https:\/\/corludahaber.com\/h\/wp-json\/wp\/v2\/media\/96064"}],"wp:attachment":[{"href":"https:\/\/corludahaber.com\/h\/wp-json\/wp\/v2\/media?parent=96063"}],"wp:term":[{"taxonomy":"category","embeddable":true,"href":"https:\/\/corludahaber.com\/h\/wp-json\/wp\/v2\/categories?post=96063"},{"taxonomy":"post_tag","embeddable":true,"href":"https:\/\/corludahaber.com\/h\/wp-json\/wp\/v2\/tags?post=96063"}],"curies":[{"name":"wp","href":"https:\/\/api.w.org\/{rel}","templated":true}]}}