{"id":95066,"date":"2024-12-15T02:20:28","date_gmt":"2024-12-14T23:20:28","guid":{"rendered":"https:\/\/corludahaber.com\/h\/buyuksehir-yuzlerce-hayvana-sefkat-eli-uzatti\/95066"},"modified":"2024-12-15T02:20:36","modified_gmt":"2024-12-14T23:20:36","slug":"buyuksehir-yuzlerce-hayvana-sefkat-eli-uzatti","status":"publish","type":"post","link":"https:\/\/corludahaber.com\/h\/buyuksehir-yuzlerce-hayvana-sefkat-eli-uzatti\/95066","title":{"rendered":"B\u00dcY\u00dcK\u015eEH\u0130R Y\u00dcZLERCE HAYVANA \u015eEFKAT EL\u0130 UZATTI"},"content":{"rendered":"<div class=\"corlu-icerikten-once_3\" id=\"corlu-1793884937\"><script type='text\/javascript' src='https:\/\/platform-api.sharethis.com\/js\/sharethis.js#property=5ce8cf08af7d000012cb0ca1&product=inline-reaction-buttons' async='async'><\/script>\r\n\r\n<\/div><p><span style=\"vertical-align: inherit;\"><span style=\"vertical-align: inherit;\">B\u00dcY\u00dcK\u015eEH\u0130R Y\u00dcZLERCE HAYVANA \u015eEFKAT EL\u0130 UZATTI<\/p><div class=\"corlu-icerik-2\" id=\"corlu-3032765753\"><!-- Admatic AUTO ads START -->\r\n<ins data-publisher=\"adm-pub-155556240050\" data-ad-network=\"659428a24d11b285b616c18d\"   class=\"adm-ads-area\"><\/ins>\r\n<script type=\"text\/javascript\" src=\"https:\/\/static.cdn.admatic.com.tr\/showad\/showad.min.js\"><\/script>\r\n<!-- Admatic AUTO ads END --><\/div>\n<p>              13\/12\/2024 16:56:55            <\/p>\n<p>          Tekirda\u011f B\u00fcy\u00fck\u015fehir Belediyesi taraf\u0131ndan 2023 y\u0131l\u0131nda hizmete sunulan Karacak\u0131lavuz Sahipsiz Hayvan Ge\u00e7ici Bak\u0131mevi, sokak hayvanlar\u0131na umut olmaya devam ediyor. Kuruldu\u011fu g\u00fcnden bu yana toplam \u00e7e\u015fitli t\u00fcrlerde 2903 hayvana ev sahipli\u011fi yapan Karacak\u0131lavuz Sahipsiz Hayvan Ge\u00e7ici Bak\u0131mevi\u2019nde 196 hayvan\u0131n tedavisi s\u00fcr\u00fcyor.<\/p>\n<p>Tekirda\u011f B\u00fcy\u00fck\u015fehir Belediyesi Karacak\u0131lavuz\u00a0 Sahipsiz Hayvan Ge\u00e7ici Bak\u0131mevi, yeni hayata ge\u00e7irilecek proje ile birlikte 1000 kedi ve k\u00f6pe\u011fi misafir edebilecek hale gelecek. \u0130dari bina, klinik birimi, kedi ya\u015fam alan\u0131, karantina birimi, \u0131s\u0131 ve su merkezi ve g\u00fcvenlik birimi olacak \u015fekilde b\u00f6l\u00fcmlendirilen bak\u0131mevinde 2 adet muayene odas\u0131, 2 adet operasyon salonu, laboratuvar, hayvan y\u0131kama-t\u0131ra\u015f odas\u0131, g\u00f6r\u00fcnt\u00fcleme odas\u0131, ameliyathane personel haz\u0131rl\u0131k, ameliyathane hasta haz\u0131rl\u0131k, eczane ve veteriner hekim ve veteriner yard\u0131mc\u0131lar\u0131 odalar\u0131 bulunuyor.\u00a0<\/p>\n<p>Sokak hayvanlar\u0131n\u0131n daha sa\u011fl\u0131kl\u0131 bir ya\u015fam s\u00fcrmesi amac\u0131yla faaliyetlerini s\u00fcrd\u00fcren Karacak\u0131lavuz\u00a0 Sahipsiz Hayvan Ge\u00e7ici Bak\u0131mevi personeli taraf\u0131ndan hayvanlar\u0131n bulunduklar\u0131 yerden al\u0131nmas\u0131, bak\u0131mevine sevk edilmesi, muayene ve tedavilerinin yap\u0131lmas\u0131, parazit bak\u0131mlar\u0131 i\u00e7in gerekli a\u015f\u0131 ve ila\u00e7 tedavisinin yap\u0131lmas\u0131, a\u015f\u0131 ihtiya\u00e7lar\u0131n\u0131n kar\u015f\u0131lanmas\u0131, k\u0131s\u0131rla\u015ft\u0131r\u0131lmas\u0131, dijital ortamda kimliklendirilmesi ve Bakanl\u0131k Veri Sistemine kay\u0131t i\u015flemlerinin yap\u0131lmas\u0131, sahiplendirilmesi, kediler i\u00e7in al\u0131nd\u0131\u011f\u0131 ortama geri b\u0131rak\u0131lmas\u0131 gibi sa\u011fl\u0131k hizmetleri ger\u00e7ekle\u015ftiriliyor.<\/p>\n<p>TEK\u0130RDA\u011e\u2019DA SOKAK HAYVANLARINA YEN\u0130 B\u0130R \u015eANS<\/p>\n<p>Sahipsiz Hayvan Ge\u00e7ici Bak\u0131mevi\u2019nde bak\u0131m ve tedavisi yap\u0131lan t\u00fcm hayvanlar kanunda izin verilen ki\u015fi ve kurumlar taraf\u0131ndan sahiplenebiliyor. Hayvan sahiplenmek isteyenlerin bak\u0131mevine gerekli belgeler ile ba\u015fvurmalar\u0131, sahiplenilen hayvanlar\u0131n Bak\u0131mevi taraf\u0131ndan verilen Sahipsiz Hayvan Edinme Formu ile birlikte \u0130l ve \u0130l\u00e7e Tar\u0131m M\u00fcd\u00fcrl\u00fcklerine bildirilmesi gerekiyor. Hayvan sahiplenerek onlara daha ya\u015fan\u0131labilir ve sevgi dolu bir ya\u015fam i\u00e7in destek olmayan isteyen vatanda\u015flar konu ile ilgili ayr\u0131nt\u0131l\u0131 bilgiyi \u201csahiplen.tekirdag.bel.tr\u201d adresinden \u00f6\u011frenebilir.<\/span><\/span><\/p>\n<table style=\"text-align: left; color: #ff0000; font-weight: bold; width: 100%; height: 100%;\" border=\"1\" cellspacing=\"2\" cellpadding=\"2\">\n<tbody>\n<tr>\n<td style=\"background-color: #000000;\">\n<h5><em><span style=\"color: #ff0000;\">Bu haber <span style=\"color: #ffffff;\">Tekirda\u011f B\u00fcy\u00fck\u015fehir Belediyesi&#8217;nin<\/span> Kendi sitesinden botlar yard\u0131m\u0131yla otomatik olarak eklenmi\u015ftir. Bu i\u00e7erikte \u00c7orlu&#8217;da Haber edit\u00f6rleri herhangi bir m\u00fcdahalede bulunmam\u0131\u015ft\u0131r.<\/span><\/em><\/h5>\n<\/td>\n<\/tr>\n<\/tbody>\n<\/table>\n<div class=\"corlu-icerikten-sonra_3\" id=\"corlu-3599610507\"><p><img loading=\"lazy\" decoding=\"async\" class=\"aligncenter\" src=\"https:\/\/www.corludahaber.com\/bahcesehir.jpg\" alt=\"\" width=\"624\" height=\"196\" \/><\/p>\n<table style=\"text-align: left; width: 100%;\" border=\"1\" cellspacing=\"2\" cellpadding=\"2\">\n<tbody>\n<tr>\n<td style=\"background-color: #050805;\"><span style=\"font-size: 12pt;\"><small><small><em><strong><big><span style=\"color: #ff0000;\">Haber ve resimlerin telif haklar\u0131ndan dolay\u0131 kullan\u0131m\u0131 yasakt\u0131r<span style=\"color: #000000;\">.<\/span><\/span><span style=\"color: #000000;\">\u00a0<\/span><span style=\"color: #ffffff;\">Yaz\u0131l\u0131 izni al\u0131nmadan hi\u00e7bir yaz\u0131l\u0131, g\u00f6rsel, i\u015fitsel i\u00e7erik kopyalanamaz, de\u011fi\u015ftirilemez, yay\u0131nlanamaz veya sat\u0131lamaz. Aksi halde<\/span>\u00a0<span style=\"color: #ff0000;\">5846<span style=\"color: #ffffff;\">\u00a0<\/span><\/span><span style=\"color: #ffffff;\">say\u0131l\u0131 Fikir ve Sanat Eserleri Kanunu\u2019na ve<\/span>\u00a0<span style=\"color: #800000;\"><span style=\"color: #ff0000;\">6102<\/span><span style=\"color: #ffffff;\">\u00a0<\/span><\/span><span style=\"color: #ffffff;\">say\u0131l\u0131 maddesine g\u00f6re<\/span>\u00a0<span style=\"color: #ff0000;\">gerekli i\u015flemler uygulanacakt\u0131r.<\/span><br \/>\n<span style=\"color: #ffffff;\">\u00a9 Copyright 2014<\/span><\/big><\/strong><\/em><\/small><\/small><\/span><\/td>\n<\/tr>\n<\/tbody>\n<\/table>\n<p><small><small>\u00a0<\/small><\/small><\/p>\n<\/div>","protected":false},"excerpt":{"rendered":"<p>B\u00dcY\u00dcK\u015eEH\u0130R Y\u00dcZLERCE HAYVANA \u015eEFKAT EL\u0130 UZATTI 13\/12\/2024 16:56:55 Tekirda\u011f B\u00fcy\u00fck\u015fehir Belediyesi taraf\u0131ndan 2023 y\u0131l\u0131nda hizmete sunulan Karacak\u0131lavuz Sahipsiz Hayvan Ge\u00e7ici Bak\u0131mevi, sokak hayvanlar\u0131na umut olmaya devam ediyor. Kuruldu\u011fu g\u00fcnden bu yana toplam \u00e7e\u015fitli t\u00fcrlerde 2903 hayvana ev sahipli\u011fi yapan Karacak\u0131lavuz Sahipsiz Hayvan Ge\u00e7ici Bak\u0131mevi\u2019nde 196 hayvan\u0131n tedavisi s\u00fcr\u00fcyor. Tekirda\u011f B\u00fcy\u00fck\u015fehir Belediyesi Karacak\u0131lavuz\u00a0 Sahipsiz Hayvan Ge\u00e7ici &hellip;<\/p>\n","protected":false},"author":151,"featured_media":95067,"comment_status":"closed","ping_status":"closed","sticky":false,"template":"","format":"standard","meta":{"footnotes":""},"categories":[23],"tags":[8025,382,21075,9376,15478,21072,21073,3661,21074,5711],"class_list":["post-95066","post","type-post","status-publish","format-standard","has-post-thumbnail","hentry","category-tekirdag","tag-asayis","tag-buyuksehir","tag-buyuksehir-yuzlerce-hayvana-sefkat-eli-uzatti","tag-corlu-kaza","tag-corlu-son-dakika-kaza","tag-hayvana","tag-sefkat","tag-son-dakika-kaza","tag-uzatti","tag-yuzlerce"],"yoast_head":"<!-- This site is optimized with the Yoast SEO Premium plugin v23.3 (Yoast SEO v23.3) - https:\/\/yoast.com\/wordpress\/plugins\/seo\/ -->\n<title>B\u00dcY\u00dcK\u015eEH\u0130R Y\u00dcZLERCE HAYVANA \u015eEFKAT EL\u0130 UZATTI | \u00c7orlu&#039;da Haber<\/title>\n<meta name=\"description\" content=\"B\u00dcY\u00dcK\u015eEH\u0130R Y\u00dcZLERCE HAYVANA \u015eEFKAT EL\u0130 UZATTI | \u00c7orlu&#039;da Haber\" \/>\n<meta name=\"robots\" content=\"index, follow, max-snippet:-1, max-image-preview:large, max-video-preview:-1\" \/>\n<link rel=\"canonical\" href=\"https:\/\/corludahaber.com\/h\/buyuksehir-yuzlerce-hayvana-sefkat-eli-uzatti\/95066\" \/>\n<meta property=\"og:locale\" content=\"tr_TR\" \/>\n<meta property=\"og:type\" content=\"article\" \/>\n<meta property=\"og:title\" content=\"B\u00dcY\u00dcK\u015eEH\u0130R Y\u00dcZLERCE HAYVANA \u015eEFKAT EL\u0130 UZATTI | \u00c7orlu&#039;da Haber\" \/>\n<meta property=\"og:description\" content=\"B\u00dcY\u00dcK\u015eEH\u0130R Y\u00dcZLERCE HAYVANA \u015eEFKAT EL\u0130 UZATTI | \u00c7orlu&#039;da Haber\" \/>\n<meta property=\"og:url\" content=\"https:\/\/corludahaber.com\/h\/buyuksehir-yuzlerce-hayvana-sefkat-eli-uzatti\/95066\" \/>\n<meta property=\"og:site_name\" content=\"\u00c7orlu&#039;da Haber\" \/>\n<meta property=\"article:publisher\" content=\"https:\/\/facebook.com\/habercorluda\" \/>\n<meta property=\"article:published_time\" content=\"2024-12-14T23:20:28+00:00\" \/>\n<meta property=\"article:modified_time\" content=\"2024-12-14T23:20:36+00:00\" \/>\n<meta property=\"og:image\" content=\"https:\/\/corludahaber.com\/h\/wp-content\/uploads\/2024\/12\/buyuksehir-yuzlerce-hayvana-sefkat-eli-uzatti_675e12c10d6b8.jpeg\" \/>\n\t<meta property=\"og:image:width\" content=\"1020\" \/>\n\t<meta property=\"og:image:height\" content=\"600\" \/>\n\t<meta property=\"og:image:type\" content=\"image\/jpeg\" \/>\n<meta name=\"author\" content=\"\u00c7orlu&#039;da Haber\" \/>\n<meta name=\"twitter:card\" content=\"summary_large_image\" \/>\n<meta name=\"twitter:creator\" content=\"@habercorluda\" \/>\n<meta name=\"twitter:site\" content=\"@habercorluda\" \/>\n<meta name=\"twitter:label1\" content=\"Yazan:\" \/>\n\t<meta name=\"twitter:data1\" content=\"\u00c7orlu&#039;da Haber\" \/>\n\t<meta name=\"twitter:label2\" content=\"Tahmini okuma s\u00fcresi\" \/>\n\t<meta name=\"twitter:data2\" content=\"2 dakika\" \/>\n<script type=\"application\/ld+json\" class=\"yoast-schema-graph\">{\"@context\":\"https:\/\/schema.org\",\"@graph\":[{\"@type\":\"Article\",\"@id\":\"https:\/\/corludahaber.com\/h\/buyuksehir-yuzlerce-hayvana-sefkat-eli-uzatti\/95066#article\",\"isPartOf\":{\"@id\":\"https:\/\/corludahaber.com\/h\/buyuksehir-yuzlerce-hayvana-sefkat-eli-uzatti\/95066\"},\"author\":{\"name\":\"\u00c7orlu'da Haber\",\"@id\":\"https:\/\/corludahaber.com\/h\/#\/schema\/person\/b523522be44b062db5d74a62589768cd\"},\"headline\":\"B\u00dcY\u00dcK\u015eEH\u0130R Y\u00dcZLERCE HAYVANA \u015eEFKAT EL\u0130 UZATTI\",\"datePublished\":\"2024-12-14T23:20:28+00:00\",\"dateModified\":\"2024-12-14T23:20:36+00:00\",\"mainEntityOfPage\":{\"@id\":\"https:\/\/corludahaber.com\/h\/buyuksehir-yuzlerce-hayvana-sefkat-eli-uzatti\/95066\"},\"wordCount\":415,\"publisher\":{\"@id\":\"https:\/\/corludahaber.com\/h\/#organization\"},\"image\":{\"@id\":\"https:\/\/corludahaber.com\/h\/buyuksehir-yuzlerce-hayvana-sefkat-eli-uzatti\/95066#primaryimage\"},\"thumbnailUrl\":\"https:\/\/corludahaber.com\/h\/wp-content\/uploads\/2024\/12\/buyuksehir-yuzlerce-hayvana-sefkat-eli-uzatti_675e12c10d6b8.jpeg\",\"keywords\":[\"asayi\u015f\",\"B\u00fcy\u00fck\u015fehir\",\"B\u00dcY\u00dcK\u015eEH\u0130R Y\u00dcZLERCE HAYVANA \u015eEFKAT EL\u0130 UZATTI\",\"\u00c7orlu kaza\",\"\u00c7orlu son dakika kaza\",\"HAYVANA\",\"\u015eEFKAT\",\"son dakika kaza\",\"UZATTI\",\"y\u00fczlerce\"],\"articleSection\":[\"Tekirda\u011f\"],\"inLanguage\":\"tr\"},{\"@type\":\"WebPage\",\"@id\":\"https:\/\/corludahaber.com\/h\/buyuksehir-yuzlerce-hayvana-sefkat-eli-uzatti\/95066\",\"url\":\"https:\/\/corludahaber.com\/h\/buyuksehir-yuzlerce-hayvana-sefkat-eli-uzatti\/95066\",\"name\":\"B\u00dcY\u00dcK\u015eEH\u0130R Y\u00dcZLERCE HAYVANA \u015eEFKAT EL\u0130 UZATTI | \u00c7orlu&#039;da Haber\",\"isPartOf\":{\"@id\":\"https:\/\/corludahaber.com\/h\/#website\"},\"primaryImageOfPage\":{\"@id\":\"https:\/\/corludahaber.com\/h\/buyuksehir-yuzlerce-hayvana-sefkat-eli-uzatti\/95066#primaryimage\"},\"image\":{\"@id\":\"https:\/\/corludahaber.com\/h\/buyuksehir-yuzlerce-hayvana-sefkat-eli-uzatti\/95066#primaryimage\"},\"thumbnailUrl\":\"https:\/\/corludahaber.com\/h\/wp-content\/uploads\/2024\/12\/buyuksehir-yuzlerce-hayvana-sefkat-eli-uzatti_675e12c10d6b8.jpeg\",\"datePublished\":\"2024-12-14T23:20:28+00:00\",\"dateModified\":\"2024-12-14T23:20:36+00:00\",\"description\":\"B\u00dcY\u00dcK\u015eEH\u0130R Y\u00dcZLERCE HAYVANA \u015eEFKAT EL\u0130 UZATTI | \u00c7orlu&#039;da Haber\",\"breadcrumb\":{\"@id\":\"https:\/\/corludahaber.com\/h\/buyuksehir-yuzlerce-hayvana-sefkat-eli-uzatti\/95066#breadcrumb\"},\"inLanguage\":\"tr\",\"potentialAction\":[{\"@type\":\"ReadAction\",\"target\":[\"https:\/\/corludahaber.com\/h\/buyuksehir-yuzlerce-hayvana-sefkat-eli-uzatti\/95066\"]}]},{\"@type\":\"ImageObject\",\"inLanguage\":\"tr\",\"@id\":\"https:\/\/corludahaber.com\/h\/buyuksehir-yuzlerce-hayvana-sefkat-eli-uzatti\/95066#primaryimage\",\"url\":\"https:\/\/corludahaber.com\/h\/wp-content\/uploads\/2024\/12\/buyuksehir-yuzlerce-hayvana-sefkat-eli-uzatti_675e12c10d6b8.jpeg\",\"contentUrl\":\"https:\/\/corludahaber.com\/h\/wp-content\/uploads\/2024\/12\/buyuksehir-yuzlerce-hayvana-sefkat-eli-uzatti_675e12c10d6b8.jpeg\",\"width\":1020,\"height\":600},{\"@type\":\"BreadcrumbList\",\"@id\":\"https:\/\/corludahaber.com\/h\/buyuksehir-yuzlerce-hayvana-sefkat-eli-uzatti\/95066#breadcrumb\",\"itemListElement\":[{\"@type\":\"ListItem\",\"position\":1,\"name\":\"Anasayfa\",\"item\":\"https:\/\/corludahaber.com\/h\/\"},{\"@type\":\"ListItem\",\"position\":2,\"name\":\"Tekirda\u011f\",\"item\":\"https:\/\/corludahaber.com\/h\/kategori\/tekirdag\"},{\"@type\":\"ListItem\",\"position\":3,\"name\":\"B\u00dcY\u00dcK\u015eEH\u0130R Y\u00dcZLERCE HAYVANA \u015eEFKAT EL\u0130 UZATTI\"}]},{\"@type\":\"WebSite\",\"@id\":\"https:\/\/corludahaber.com\/h\/#website\",\"url\":\"https:\/\/corludahaber.com\/h\/\",\"name\":\"\u00c7orlu'da Haber\",\"description\":\"Ger\u00e7ek Tarafs\u0131z Haber\",\"publisher\":{\"@id\":\"https:\/\/corludahaber.com\/h\/#organization\"},\"potentialAction\":[{\"@type\":\"SearchAction\",\"target\":{\"@type\":\"EntryPoint\",\"urlTemplate\":\"https:\/\/corludahaber.com\/h\/?s={search_term_string}\"},\"query-input\":\"required name=search_term_string\"}],\"inLanguage\":\"tr\"},{\"@type\":\"Organization\",\"@id\":\"https:\/\/corludahaber.com\/h\/#organization\",\"name\":\"\u00c7orlu'da Haber\",\"url\":\"https:\/\/corludahaber.com\/h\/\",\"logo\":{\"@type\":\"ImageObject\",\"inLanguage\":\"tr\",\"@id\":\"https:\/\/corludahaber.com\/h\/#\/schema\/logo\/image\/\",\"url\":\"https:\/\/corludahaber.com\/h\/wp-content\/uploads\/2021\/12\/logo__9__1_-removebg-preview.png\",\"contentUrl\":\"https:\/\/corludahaber.com\/h\/wp-content\/uploads\/2021\/12\/logo__9__1_-removebg-preview.png\",\"width\":500,\"height\":157,\"caption\":\"\u00c7orlu'da Haber\"},\"image\":{\"@id\":\"https:\/\/corludahaber.com\/h\/#\/schema\/logo\/image\/\"},\"sameAs\":[\"https:\/\/facebook.com\/habercorluda\",\"https:\/\/x.com\/habercorluda\",\"https:\/\/www.instagram.com\/corludahaber\",\"https:\/\/www.youtube.com\/user\/corludahaber\"]},{\"@type\":\"Person\",\"@id\":\"https:\/\/corludahaber.com\/h\/#\/schema\/person\/b523522be44b062db5d74a62589768cd\",\"name\":\"\u00c7orlu'da Haber\",\"image\":{\"@type\":\"ImageObject\",\"inLanguage\":\"tr\",\"@id\":\"https:\/\/corludahaber.com\/h\/#\/schema\/person\/image\/\",\"url\":\"https:\/\/secure.gravatar.com\/avatar\/1033e54e078c29fd7f053370086ff627ba414b05c2b231c418a481adecd764ce?s=96&d=blank&r=g\",\"contentUrl\":\"https:\/\/secure.gravatar.com\/avatar\/1033e54e078c29fd7f053370086ff627ba414b05c2b231c418a481adecd764ce?s=96&d=blank&r=g\",\"caption\":\"\u00c7orlu'da Haber\"},\"sameAs\":[\"https:\/\/corludahaber.com\/h\"],\"url\":\"https:\/\/corludahaber.com\/h\/author\/admin\"}]}<\/script>\n<!-- \/ Yoast SEO Premium plugin. -->","yoast_head_json":{"title":"B\u00dcY\u00dcK\u015eEH\u0130R Y\u00dcZLERCE HAYVANA \u015eEFKAT EL\u0130 UZATTI | \u00c7orlu&#039;da Haber","description":"B\u00dcY\u00dcK\u015eEH\u0130R Y\u00dcZLERCE HAYVANA \u015eEFKAT EL\u0130 UZATTI | \u00c7orlu&#039;da Haber","robots":{"index":"index","follow":"follow","max-snippet":"max-snippet:-1","max-image-preview":"max-image-preview:large","max-video-preview":"max-video-preview:-1"},"canonical":"https:\/\/corludahaber.com\/h\/buyuksehir-yuzlerce-hayvana-sefkat-eli-uzatti\/95066","og_locale":"tr_TR","og_type":"article","og_title":"B\u00dcY\u00dcK\u015eEH\u0130R Y\u00dcZLERCE HAYVANA \u015eEFKAT EL\u0130 UZATTI | \u00c7orlu&#039;da Haber","og_description":"B\u00dcY\u00dcK\u015eEH\u0130R Y\u00dcZLERCE HAYVANA \u015eEFKAT EL\u0130 UZATTI | \u00c7orlu&#039;da Haber","og_url":"https:\/\/corludahaber.com\/h\/buyuksehir-yuzlerce-hayvana-sefkat-eli-uzatti\/95066","og_site_name":"\u00c7orlu&#039;da Haber","article_publisher":"https:\/\/facebook.com\/habercorluda","article_published_time":"2024-12-14T23:20:28+00:00","article_modified_time":"2024-12-14T23:20:36+00:00","og_image":[{"width":1020,"height":600,"url":"https:\/\/corludahaber.com\/h\/wp-content\/uploads\/2024\/12\/buyuksehir-yuzlerce-hayvana-sefkat-eli-uzatti_675e12c10d6b8.jpeg","type":"image\/jpeg"}],"author":"\u00c7orlu'da Haber","twitter_card":"summary_large_image","twitter_creator":"@habercorluda","twitter_site":"@habercorluda","twitter_misc":{"Yazan:":"\u00c7orlu'da Haber","Tahmini okuma s\u00fcresi":"2 dakika"},"schema":{"@context":"https:\/\/schema.org","@graph":[{"@type":"Article","@id":"https:\/\/corludahaber.com\/h\/buyuksehir-yuzlerce-hayvana-sefkat-eli-uzatti\/95066#article","isPartOf":{"@id":"https:\/\/corludahaber.com\/h\/buyuksehir-yuzlerce-hayvana-sefkat-eli-uzatti\/95066"},"author":{"name":"\u00c7orlu'da Haber","@id":"https:\/\/corludahaber.com\/h\/#\/schema\/person\/b523522be44b062db5d74a62589768cd"},"headline":"B\u00dcY\u00dcK\u015eEH\u0130R Y\u00dcZLERCE HAYVANA \u015eEFKAT EL\u0130 UZATTI","datePublished":"2024-12-14T23:20:28+00:00","dateModified":"2024-12-14T23:20:36+00:00","mainEntityOfPage":{"@id":"https:\/\/corludahaber.com\/h\/buyuksehir-yuzlerce-hayvana-sefkat-eli-uzatti\/95066"},"wordCount":415,"publisher":{"@id":"https:\/\/corludahaber.com\/h\/#organization"},"image":{"@id":"https:\/\/corludahaber.com\/h\/buyuksehir-yuzlerce-hayvana-sefkat-eli-uzatti\/95066#primaryimage"},"thumbnailUrl":"https:\/\/corludahaber.com\/h\/wp-content\/uploads\/2024\/12\/buyuksehir-yuzlerce-hayvana-sefkat-eli-uzatti_675e12c10d6b8.jpeg","keywords":["asayi\u015f","B\u00fcy\u00fck\u015fehir","B\u00dcY\u00dcK\u015eEH\u0130R Y\u00dcZLERCE HAYVANA \u015eEFKAT EL\u0130 UZATTI","\u00c7orlu kaza","\u00c7orlu son dakika kaza","HAYVANA","\u015eEFKAT","son dakika kaza","UZATTI","y\u00fczlerce"],"articleSection":["Tekirda\u011f"],"inLanguage":"tr"},{"@type":"WebPage","@id":"https:\/\/corludahaber.com\/h\/buyuksehir-yuzlerce-hayvana-sefkat-eli-uzatti\/95066","url":"https:\/\/corludahaber.com\/h\/buyuksehir-yuzlerce-hayvana-sefkat-eli-uzatti\/95066","name":"B\u00dcY\u00dcK\u015eEH\u0130R Y\u00dcZLERCE HAYVANA \u015eEFKAT EL\u0130 UZATTI | \u00c7orlu&#039;da Haber","isPartOf":{"@id":"https:\/\/corludahaber.com\/h\/#website"},"primaryImageOfPage":{"@id":"https:\/\/corludahaber.com\/h\/buyuksehir-yuzlerce-hayvana-sefkat-eli-uzatti\/95066#primaryimage"},"image":{"@id":"https:\/\/corludahaber.com\/h\/buyuksehir-yuzlerce-hayvana-sefkat-eli-uzatti\/95066#primaryimage"},"thumbnailUrl":"https:\/\/corludahaber.com\/h\/wp-content\/uploads\/2024\/12\/buyuksehir-yuzlerce-hayvana-sefkat-eli-uzatti_675e12c10d6b8.jpeg","datePublished":"2024-12-14T23:20:28+00:00","dateModified":"2024-12-14T23:20:36+00:00","description":"B\u00dcY\u00dcK\u015eEH\u0130R Y\u00dcZLERCE HAYVANA \u015eEFKAT EL\u0130 UZATTI | \u00c7orlu&#039;da Haber","breadcrumb":{"@id":"https:\/\/corludahaber.com\/h\/buyuksehir-yuzlerce-hayvana-sefkat-eli-uzatti\/95066#breadcrumb"},"inLanguage":"tr","potentialAction":[{"@type":"ReadAction","target":["https:\/\/corludahaber.com\/h\/buyuksehir-yuzlerce-hayvana-sefkat-eli-uzatti\/95066"]}]},{"@type":"ImageObject","inLanguage":"tr","@id":"https:\/\/corludahaber.com\/h\/buyuksehir-yuzlerce-hayvana-sefkat-eli-uzatti\/95066#primaryimage","url":"https:\/\/corludahaber.com\/h\/wp-content\/uploads\/2024\/12\/buyuksehir-yuzlerce-hayvana-sefkat-eli-uzatti_675e12c10d6b8.jpeg","contentUrl":"https:\/\/corludahaber.com\/h\/wp-content\/uploads\/2024\/12\/buyuksehir-yuzlerce-hayvana-sefkat-eli-uzatti_675e12c10d6b8.jpeg","width":1020,"height":600},{"@type":"BreadcrumbList","@id":"https:\/\/corludahaber.com\/h\/buyuksehir-yuzlerce-hayvana-sefkat-eli-uzatti\/95066#breadcrumb","itemListElement":[{"@type":"ListItem","position":1,"name":"Anasayfa","item":"https:\/\/corludahaber.com\/h\/"},{"@type":"ListItem","position":2,"name":"Tekirda\u011f","item":"https:\/\/corludahaber.com\/h\/kategori\/tekirdag"},{"@type":"ListItem","position":3,"name":"B\u00dcY\u00dcK\u015eEH\u0130R Y\u00dcZLERCE HAYVANA \u015eEFKAT EL\u0130 UZATTI"}]},{"@type":"WebSite","@id":"https:\/\/corludahaber.com\/h\/#website","url":"https:\/\/corludahaber.com\/h\/","name":"\u00c7orlu'da Haber","description":"Ger\u00e7ek Tarafs\u0131z Haber","publisher":{"@id":"https:\/\/corludahaber.com\/h\/#organization"},"potentialAction":[{"@type":"SearchAction","target":{"@type":"EntryPoint","urlTemplate":"https:\/\/corludahaber.com\/h\/?s={search_term_string}"},"query-input":"required name=search_term_string"}],"inLanguage":"tr"},{"@type":"Organization","@id":"https:\/\/corludahaber.com\/h\/#organization","name":"\u00c7orlu'da Haber","url":"https:\/\/corludahaber.com\/h\/","logo":{"@type":"ImageObject","inLanguage":"tr","@id":"https:\/\/corludahaber.com\/h\/#\/schema\/logo\/image\/","url":"https:\/\/corludahaber.com\/h\/wp-content\/uploads\/2021\/12\/logo__9__1_-removebg-preview.png","contentUrl":"https:\/\/corludahaber.com\/h\/wp-content\/uploads\/2021\/12\/logo__9__1_-removebg-preview.png","width":500,"height":157,"caption":"\u00c7orlu'da Haber"},"image":{"@id":"https:\/\/corludahaber.com\/h\/#\/schema\/logo\/image\/"},"sameAs":["https:\/\/facebook.com\/habercorluda","https:\/\/x.com\/habercorluda","https:\/\/www.instagram.com\/corludahaber","https:\/\/www.youtube.com\/user\/corludahaber"]},{"@type":"Person","@id":"https:\/\/corludahaber.com\/h\/#\/schema\/person\/b523522be44b062db5d74a62589768cd","name":"\u00c7orlu'da Haber","image":{"@type":"ImageObject","inLanguage":"tr","@id":"https:\/\/corludahaber.com\/h\/#\/schema\/person\/image\/","url":"https:\/\/secure.gravatar.com\/avatar\/1033e54e078c29fd7f053370086ff627ba414b05c2b231c418a481adecd764ce?s=96&d=blank&r=g","contentUrl":"https:\/\/secure.gravatar.com\/avatar\/1033e54e078c29fd7f053370086ff627ba414b05c2b231c418a481adecd764ce?s=96&d=blank&r=g","caption":"\u00c7orlu'da Haber"},"sameAs":["https:\/\/corludahaber.com\/h"],"url":"https:\/\/corludahaber.com\/h\/author\/admin"}]}},"_links":{"self":[{"href":"https:\/\/corludahaber.com\/h\/wp-json\/wp\/v2\/posts\/95066","targetHints":{"allow":["GET"]}}],"collection":[{"href":"https:\/\/corludahaber.com\/h\/wp-json\/wp\/v2\/posts"}],"about":[{"href":"https:\/\/corludahaber.com\/h\/wp-json\/wp\/v2\/types\/post"}],"author":[{"embeddable":true,"href":"https:\/\/corludahaber.com\/h\/wp-json\/wp\/v2\/users\/151"}],"replies":[{"embeddable":true,"href":"https:\/\/corludahaber.com\/h\/wp-json\/wp\/v2\/comments?post=95066"}],"version-history":[{"count":0,"href":"https:\/\/corludahaber.com\/h\/wp-json\/wp\/v2\/posts\/95066\/revisions"}],"wp:featuredmedia":[{"embeddable":true,"href":"https:\/\/corludahaber.com\/h\/wp-json\/wp\/v2\/media\/95067"}],"wp:attachment":[{"href":"https:\/\/corludahaber.com\/h\/wp-json\/wp\/v2\/media?parent=95066"}],"wp:term":[{"taxonomy":"category","embeddable":true,"href":"https:\/\/corludahaber.com\/h\/wp-json\/wp\/v2\/categories?post=95066"},{"taxonomy":"post_tag","embeddable":true,"href":"https:\/\/corludahaber.com\/h\/wp-json\/wp\/v2\/tags?post=95066"}],"curies":[{"name":"wp","href":"https:\/\/api.w.org\/{rel}","templated":true}]}}