{"id":92672,"date":"2024-11-03T13:18:19","date_gmt":"2024-11-03T10:18:19","guid":{"rendered":"https:\/\/corludahaber.com\/h\/?p=92672"},"modified":"2024-11-03T13:18:19","modified_gmt":"2024-11-03T10:18:19","slug":"abd-secimleri-turkiye-saati-kapsamli-bir-rehber","status":"publish","type":"post","link":"https:\/\/corludahaber.com\/h\/abd-secimleri-turkiye-saati-kapsamli-bir-rehber\/92672","title":{"rendered":"ABD Se\u00e7imleri T\u00fcrkiye Saati: Kapsaml\u0131 Bir Rehber"},"content":{"rendered":"<div class=\"corlu-icerikten-once_3\" id=\"corlu-475680929\"><script type='text\/javascript' src='https:\/\/platform-api.sharethis.com\/js\/sharethis.js#property=5ce8cf08af7d000012cb0ca1&product=inline-reaction-buttons' async='async'><\/script>\r\n\r\n<\/div><div class=\"markdown markdown-main-panel response-optimization\" dir=\"ltr\">\n<h2 data-sourcepos=\"1:1-1:51\">ABD Se\u00e7imleri T\u00fcrkiye Saati: Kapsaml\u0131 Bir Rehber<\/h2>\n<p data-sourcepos=\"3:1-3:475\">Amerika Birle\u015fik Devletleri ba\u015fkanl\u0131k se\u00e7imleri, d\u00fcnya siyasetini yak\u0131ndan ilgilendiren bir olay. Bu se\u00e7imler, hem ABD i\u00e7 siyaseti hem de uluslararas\u0131 ili\u015fkiler \u00fczerinde derin etkiler b\u0131rak\u0131yor. T\u00fcrkiye gibi ABD ile yak\u0131n ili\u015fkileri olan bir \u00fclke i\u00e7in bu se\u00e7imler, do\u011fal olarak b\u00fcy\u00fck bir ilgi oda\u011f\u0131 haline geliyor. Ancak, farkl\u0131 zaman dilimlerinde ya\u015fayan bizler i\u00e7in, ABD se\u00e7imlerinin T\u00fcrkiye saatiyle ne zaman yap\u0131ld\u0131\u011f\u0131 ve bu s\u00fcrecin nas\u0131l i\u015fledi\u011fi merak konusu olabiliyor.<\/p><div class=\"corlu-icerik-2\" id=\"corlu-3249585210\"><!-- Admatic AUTO ads START -->\r\n<ins data-publisher=\"adm-pub-155556240050\" data-ad-network=\"659428a24d11b285b616c18d\"   class=\"adm-ads-area\"><\/ins>\r\n<script type=\"text\/javascript\" src=\"https:\/\/static.cdn.admatic.com.tr\/showad\/showad.min.js\"><\/script>\r\n<!-- Admatic AUTO ads END --><\/div>\n<p data-sourcepos=\"5:1-5:350\">Bu kapsaml\u0131 rehberde, <strong>ABD se\u00e7imleri T\u00fcrkiye saati<\/strong> konusunda merak etti\u011finiz t\u00fcm sorular\u0131n yan\u0131tlar\u0131n\u0131 bulacaks\u0131n\u0131z. Se\u00e7im takviminden oy verme s\u00fcrecine, sonu\u00e7lar\u0131n a\u00e7\u0131klanmas\u0131na kadar t\u00fcm a\u015famalar\u0131 detayl\u0131 bir \u015fekilde ele alaca\u011f\u0131z. Ayr\u0131ca, bu se\u00e7imlerdeki <strong>son g\u00fcncellemeler<\/strong> ve <strong>T\u00fcrkiye \u00fczerindeki olas\u0131 etkiler<\/strong> hakk\u0131nda da bilgi verece\u011fiz.<\/p>\n<p data-sourcepos=\"7:1-7:50\"><strong>\u00d6zet Tablo: ABD Se\u00e7imleri T\u00fcrkiye Saati S\u00fcreci<\/strong><\/p>\n<div class=\"horizontal-scroll-wrapper\">\n<div class=\"table-block-component\">\n<div class=\"table-block\">\n<div class=\"table-content not-end-of-paragraph\">\n<table data-sourcepos=\"9:1-15:75\">\n<tbody>\n<tr data-sourcepos=\"9:1-9:47\">\n<th data-sourcepos=\"9:1-9:7\">A\u015fama<\/th>\n<th data-sourcepos=\"9:9-9:18\">A\u00e7\u0131klama<\/th>\n<th data-sourcepos=\"9:20-9:45\">T\u00fcrkiye Saati (Yakla\u015f\u0131k)<\/th>\n<\/tr>\n<tr data-sourcepos=\"11:1-11:98\">\n<td data-sourcepos=\"11:1-11:17\"><strong>\u00d6n Se\u00e7imler<\/strong><\/td>\n<td data-sourcepos=\"11:19-11:48\">Adaylar\u0131n belirlendi\u011fi s\u00fcre\u00e7<\/td>\n<td data-sourcepos=\"11:50-11:96\">De\u011fi\u015fken (Her eyalet farkl\u0131 tarihlerde yapar)<\/td>\n<\/tr>\n<tr data-sourcepos=\"12:1-12:97\">\n<td data-sourcepos=\"12:1-12:22\"><strong>Ulusal Kongreler<\/strong><\/td>\n<td data-sourcepos=\"12:24-12:61\">Adaylar\u0131n resmen ilan edildi\u011fi s\u00fcre\u00e7<\/td>\n<td data-sourcepos=\"12:63-12:95\">Genellikle A\u011fustos-Eyl\u00fcl aylar\u0131<\/td>\n<\/tr>\n<tr data-sourcepos=\"13:1-13:105\">\n<td data-sourcepos=\"13:1-13:20\"><strong>Genel Se\u00e7imler<\/strong><\/td>\n<td data-sourcepos=\"13:22-13:54\">Vatanda\u015flar\u0131n oy kulland\u0131\u011f\u0131 g\u00fcn<\/td>\n<td data-sourcepos=\"13:56-13:103\">Kas\u0131m ay\u0131n\u0131n ilk pazartesi g\u00fcn\u00fcn\u00fc izleyen sal\u0131<\/td>\n<\/tr>\n<tr data-sourcepos=\"14:1-14:78\">\n<td data-sourcepos=\"14:1-14:31\"><strong>Se\u00e7iciler Kurulu Oylamas\u0131<\/strong><\/td>\n<td data-sourcepos=\"14:33-14:63\">Se\u00e7ilen ba\u015fkan\u0131n kesinle\u015fmesi<\/td>\n<td data-sourcepos=\"14:65-14:76\">Aral\u0131k ay\u0131<\/td>\n<\/tr>\n<tr data-sourcepos=\"15:1-15:75\">\n<td data-sourcepos=\"15:1-15:20\"><strong>G\u00f6reve Ba\u015flama<\/strong><\/td>\n<td data-sourcepos=\"15:22-15:53\">Yeni ba\u015fkan\u0131n g\u00f6reve ba\u015flamas\u0131<\/td>\n<td data-sourcepos=\"15:55-15:73\">Ocak ay\u0131n\u0131n 20&#8217;si<\/td>\n<\/tr>\n<\/tbody>\n<\/table>\n<\/div>\n<\/div>\n<\/div>\n<\/div>\n<h3 data-sourcepos=\"17:1-17:20\">Detayl\u0131 Bilgiler<\/h3>\n<h4 data-sourcepos=\"19:1-19:20\"><strong>\u00d6n Se\u00e7imler<\/strong><\/h4>\n<p data-sourcepos=\"20:1-20:232\">\u00d6n se\u00e7imler, her bir partinin aday\u0131n\u0131 belirlemek i\u00e7in yap\u0131lan i\u00e7 yar\u0131\u015flard\u0131r. Bu s\u00fcre\u00e7, genellikle bir y\u0131l \u00f6nceden ba\u015flar ve eyaletlere g\u00f6re farkl\u0131 tarihlerde ger\u00e7ekle\u015fir. T\u00fcrkiye saatiyle bu s\u00fcre\u00e7, g\u00fcn\u00fcn her saatine denk gelebilir.<\/p>\n<h4 data-sourcepos=\"22:1-22:25\"><strong>Ulusal Kongreler<\/strong><\/h4>\n<p data-sourcepos=\"23:1-23:227\">\u00d6n se\u00e7imlerden sonra, her parti kendi ulusal kongresini d\u00fczenler ve aday\u0131n\u0131 resmen ilan eder. Bu kongreler, genellikle A\u011fustos veya Eyl\u00fcl aylar\u0131nda ger\u00e7ekle\u015fir. T\u00fcrkiye saatiyle bu s\u00fcre\u00e7, genellikle ak\u015fam saatlerine denk gelir.<\/p>\n<h4 data-sourcepos=\"25:1-25:23\"><strong>Genel Se\u00e7imler<\/strong><\/h4>\n<p data-sourcepos=\"26:1-26:252\">Genel se\u00e7imler, t\u00fcm ABD vatanda\u015flar\u0131n\u0131n oy kullanarak ba\u015fkan\u0131 se\u00e7ti\u011fi g\u00fcnd\u00fcr. Bu se\u00e7im, her d\u00f6rt y\u0131lda bir, Kas\u0131m ay\u0131n\u0131n ilk pazartesi g\u00fcn\u00fcn\u00fc izleyen sal\u0131 g\u00fcn\u00fc yap\u0131l\u0131r. T\u00fcrkiye saatiyle bu se\u00e7im, genellikle gece yar\u0131s\u0131 veya sabah saatlerine denk gelir.<\/p>\n<h4 data-sourcepos=\"28:1-28:34\"><strong>Se\u00e7iciler Kurulu Oylamas\u0131<\/strong><\/h4>\n<p data-sourcepos=\"29:1-29:206\">Genel se\u00e7imlerde halk, do\u011frudan ba\u015fkan\u0131 se\u00e7mez. Halk, asl\u0131nda her eyaletteki se\u00e7iciler kurulu \u00fcyelerini se\u00e7er. Bu \u00fcyeler, daha sonra toplanarak ba\u015fkan\u0131 se\u00e7er. Bu s\u00fcre\u00e7, genellikle Aral\u0131k ay\u0131nda ger\u00e7ekle\u015fir.<\/p>\n<h4 data-sourcepos=\"31:1-31:23\"><strong>G\u00f6reve Ba\u015flama<\/strong><\/h4>\n<p data-sourcepos=\"32:1-32:56\">Yeni se\u00e7ilen ba\u015fkan, Ocak ay\u0131n\u0131n 20&#8217;sinde g\u00f6reve ba\u015flar.<\/p>\n<\/div>\n<div class=\"corlu-icerikten-sonra_3\" id=\"corlu-3279748847\"><p><img loading=\"lazy\" decoding=\"async\" class=\"aligncenter\" src=\"https:\/\/www.corludahaber.com\/bahcesehir.jpg\" alt=\"\" width=\"624\" height=\"196\" \/><\/p>\n<table style=\"text-align: left; width: 100%;\" border=\"1\" cellspacing=\"2\" cellpadding=\"2\">\n<tbody>\n<tr>\n<td style=\"background-color: #050805;\"><span style=\"font-size: 12pt;\"><small><small><em><strong><big><span style=\"color: #ff0000;\">Haber ve resimlerin telif haklar\u0131ndan dolay\u0131 kullan\u0131m\u0131 yasakt\u0131r<span style=\"color: #000000;\">.<\/span><\/span><span style=\"color: #000000;\">\u00a0<\/span><span style=\"color: #ffffff;\">Yaz\u0131l\u0131 izni al\u0131nmadan hi\u00e7bir yaz\u0131l\u0131, g\u00f6rsel, i\u015fitsel i\u00e7erik kopyalanamaz, de\u011fi\u015ftirilemez, yay\u0131nlanamaz veya sat\u0131lamaz. Aksi halde<\/span>\u00a0<span style=\"color: #ff0000;\">5846<span style=\"color: #ffffff;\">\u00a0<\/span><\/span><span style=\"color: #ffffff;\">say\u0131l\u0131 Fikir ve Sanat Eserleri Kanunu\u2019na ve<\/span>\u00a0<span style=\"color: #800000;\"><span style=\"color: #ff0000;\">6102<\/span><span style=\"color: #ffffff;\">\u00a0<\/span><\/span><span style=\"color: #ffffff;\">say\u0131l\u0131 maddesine g\u00f6re<\/span>\u00a0<span style=\"color: #ff0000;\">gerekli i\u015flemler uygulanacakt\u0131r.<\/span><br \/>\n<span style=\"color: #ffffff;\">\u00a9 Copyright 2014<\/span><\/big><\/strong><\/em><\/small><\/small><\/span><\/td>\n<\/tr>\n<\/tbody>\n<\/table>\n<p><small><small>\u00a0<\/small><\/small><\/p>\n<\/div>","protected":false},"excerpt":{"rendered":"<p>ABD Se\u00e7imleri T\u00fcrkiye Saati: Kapsaml\u0131 Bir Rehber Amerika Birle\u015fik Devletleri ba\u015fkanl\u0131k se\u00e7imleri, d\u00fcnya siyasetini yak\u0131ndan ilgilendiren bir olay. Bu se\u00e7imler, hem ABD i\u00e7 siyaseti hem de uluslararas\u0131 ili\u015fkiler \u00fczerinde derin etkiler b\u0131rak\u0131yor. T\u00fcrkiye gibi ABD ile yak\u0131n ili\u015fkileri olan bir \u00fclke i\u00e7in bu se\u00e7imler, do\u011fal olarak b\u00fcy\u00fck bir ilgi oda\u011f\u0131 haline geliyor. Ancak, farkl\u0131 zaman &hellip;<\/p>\n","protected":false},"author":151,"featured_media":92673,"comment_status":"open","ping_status":"open","sticky":false,"template":"","format":"standard","meta":{"footnotes":""},"categories":[1982],"tags":[19696,19695,19694,8025,19697,9376,15478,19700,8461,19698,19702,3314,3316,19701,19693,3661,19703,89,8535,19704,19699],"class_list":["post-92672","post","type-post","status-publish","format-standard","has-post-thumbnail","hentry","category-seo","tag-abd-secimleri","tag-abd-secimleri-turkiye-saati","tag-abd-secimleri-turkiye-saati-kapsamli-bir-rehber","tag-asayis","tag-baskanlik-secimi","tag-corlu-kaza","tag-corlu-son-dakika-kaza","tag-genel-secimler","tag-kapsamli","tag-on-secimler","tag-oy-verme","tag-rehber","tag-saati","tag-seciciler-kurulu","tag-secimleri","tag-son-dakika-kaza","tag-son-guncellemeler","tag-turkiye","tag-turkiye-saati","tag-turkiye-abd-iliskileri","tag-ulusal-kongre"],"yoast_head":"<!-- This site is optimized with the Yoast SEO Premium plugin v23.3 (Yoast SEO v23.3) - https:\/\/yoast.com\/wordpress\/plugins\/seo\/ -->\n<title>ABD Se\u00e7imleri T\u00fcrkiye Saati: Kapsaml\u0131 Bir Rehber | \u00c7orlu&#039;da Haber<\/title>\n<meta name=\"description\" content=\"ABD Se\u00e7imleri T\u00fcrkiye Saati: Kapsaml\u0131 Bir Rehber | SEO \u00c7orlu&#039;da Haber\" \/>\n<meta name=\"robots\" content=\"index, follow, max-snippet:-1, max-image-preview:large, max-video-preview:-1\" \/>\n<link rel=\"canonical\" href=\"https:\/\/corludahaber.com\/h\/abd-secimleri-turkiye-saati-kapsamli-bir-rehber\/92672\" \/>\n<meta property=\"og:locale\" content=\"tr_TR\" \/>\n<meta property=\"og:type\" content=\"article\" \/>\n<meta property=\"og:title\" content=\"ABD Se\u00e7imleri T\u00fcrkiye Saati: Kapsaml\u0131 Bir Rehber | \u00c7orlu&#039;da Haber\" \/>\n<meta property=\"og:description\" content=\"ABD Se\u00e7imleri T\u00fcrkiye Saati: Kapsaml\u0131 Bir Rehber | SEO \u00c7orlu&#039;da Haber\" \/>\n<meta property=\"og:url\" content=\"https:\/\/corludahaber.com\/h\/abd-secimleri-turkiye-saati-kapsamli-bir-rehber\/92672\" \/>\n<meta property=\"og:site_name\" content=\"\u00c7orlu&#039;da Haber\" \/>\n<meta property=\"article:publisher\" content=\"https:\/\/facebook.com\/habercorluda\" \/>\n<meta property=\"article:published_time\" content=\"2024-11-03T10:18:19+00:00\" \/>\n<meta property=\"og:image\" content=\"https:\/\/corludahaber.com\/h\/wp-content\/uploads\/2024\/11\/images-4-31.jpeg\" \/>\n\t<meta property=\"og:image:width\" content=\"735\" \/>\n\t<meta property=\"og:image:height\" content=\"417\" \/>\n\t<meta property=\"og:image:type\" content=\"image\/jpeg\" \/>\n<meta name=\"author\" content=\"\u00c7orlu&#039;da Haber\" \/>\n<meta name=\"twitter:card\" content=\"summary_large_image\" \/>\n<meta name=\"twitter:creator\" content=\"@habercorluda\" \/>\n<meta name=\"twitter:site\" content=\"@habercorluda\" \/>\n<meta name=\"twitter:label1\" content=\"Yazan:\" \/>\n\t<meta name=\"twitter:data1\" content=\"\u00c7orlu&#039;da Haber\" \/>\n\t<meta name=\"twitter:label2\" content=\"Tahmini okuma s\u00fcresi\" \/>\n\t<meta name=\"twitter:data2\" content=\"3 dakika\" \/>\n<script type=\"application\/ld+json\" class=\"yoast-schema-graph\">{\"@context\":\"https:\/\/schema.org\",\"@graph\":[{\"@type\":\"Article\",\"@id\":\"https:\/\/corludahaber.com\/h\/abd-secimleri-turkiye-saati-kapsamli-bir-rehber\/92672#article\",\"isPartOf\":{\"@id\":\"https:\/\/corludahaber.com\/h\/abd-secimleri-turkiye-saati-kapsamli-bir-rehber\/92672\"},\"author\":{\"name\":\"\u00c7orlu'da Haber\",\"@id\":\"https:\/\/corludahaber.com\/h\/#\/schema\/person\/b523522be44b062db5d74a62589768cd\"},\"headline\":\"ABD Se\u00e7imleri T\u00fcrkiye Saati: Kapsaml\u0131 Bir Rehber\",\"datePublished\":\"2024-11-03T10:18:19+00:00\",\"dateModified\":\"2024-11-03T10:18:19+00:00\",\"mainEntityOfPage\":{\"@id\":\"https:\/\/corludahaber.com\/h\/abd-secimleri-turkiye-saati-kapsamli-bir-rehber\/92672\"},\"wordCount\":508,\"commentCount\":0,\"publisher\":{\"@id\":\"https:\/\/corludahaber.com\/h\/#organization\"},\"image\":{\"@id\":\"https:\/\/corludahaber.com\/h\/abd-secimleri-turkiye-saati-kapsamli-bir-rehber\/92672#primaryimage\"},\"thumbnailUrl\":\"https:\/\/corludahaber.com\/h\/wp-content\/uploads\/2024\/11\/images-4-31.jpeg\",\"keywords\":[\"ABD se\u00e7imleri\",\"abd se\u00e7imleri t\u00fcrkiye saati\",\"ABD Se\u00e7imleri T\u00fcrkiye Saati: Kapsaml\u0131 Bir Rehber\",\"asayi\u015f\",\"ba\u015fkanl\u0131k se\u00e7imi\",\"\u00c7orlu kaza\",\"\u00c7orlu son dakika kaza\",\"genel se\u00e7imler\",\"kapsaml\u0131\",\"\u00f6n se\u00e7imler\",\"oy verme\",\"Rehber\",\"Saati\",\"se\u00e7iciler kurulu\",\"Se\u00e7imleri\",\"son dakika kaza\",\"son g\u00fcncellemeler\",\"T\u00fcrkiye\",\"t\u00fcrkiye saati\",\"T\u00fcrkiye-ABD ili\u015fkileri\",\"ulusal kongre\"],\"articleSection\":[\"SEO\"],\"inLanguage\":\"tr\",\"potentialAction\":[{\"@type\":\"CommentAction\",\"name\":\"Comment\",\"target\":[\"https:\/\/corludahaber.com\/h\/abd-secimleri-turkiye-saati-kapsamli-bir-rehber\/92672#respond\"]}]},{\"@type\":\"WebPage\",\"@id\":\"https:\/\/corludahaber.com\/h\/abd-secimleri-turkiye-saati-kapsamli-bir-rehber\/92672\",\"url\":\"https:\/\/corludahaber.com\/h\/abd-secimleri-turkiye-saati-kapsamli-bir-rehber\/92672\",\"name\":\"ABD Se\u00e7imleri T\u00fcrkiye Saati: Kapsaml\u0131 Bir Rehber | \u00c7orlu&#039;da Haber\",\"isPartOf\":{\"@id\":\"https:\/\/corludahaber.com\/h\/#website\"},\"primaryImageOfPage\":{\"@id\":\"https:\/\/corludahaber.com\/h\/abd-secimleri-turkiye-saati-kapsamli-bir-rehber\/92672#primaryimage\"},\"image\":{\"@id\":\"https:\/\/corludahaber.com\/h\/abd-secimleri-turkiye-saati-kapsamli-bir-rehber\/92672#primaryimage\"},\"thumbnailUrl\":\"https:\/\/corludahaber.com\/h\/wp-content\/uploads\/2024\/11\/images-4-31.jpeg\",\"datePublished\":\"2024-11-03T10:18:19+00:00\",\"dateModified\":\"2024-11-03T10:18:19+00:00\",\"description\":\"ABD Se\u00e7imleri T\u00fcrkiye Saati: Kapsaml\u0131 Bir Rehber | SEO \u00c7orlu&#039;da Haber\",\"breadcrumb\":{\"@id\":\"https:\/\/corludahaber.com\/h\/abd-secimleri-turkiye-saati-kapsamli-bir-rehber\/92672#breadcrumb\"},\"inLanguage\":\"tr\",\"potentialAction\":[{\"@type\":\"ReadAction\",\"target\":[\"https:\/\/corludahaber.com\/h\/abd-secimleri-turkiye-saati-kapsamli-bir-rehber\/92672\"]}]},{\"@type\":\"ImageObject\",\"inLanguage\":\"tr\",\"@id\":\"https:\/\/corludahaber.com\/h\/abd-secimleri-turkiye-saati-kapsamli-bir-rehber\/92672#primaryimage\",\"url\":\"https:\/\/corludahaber.com\/h\/wp-content\/uploads\/2024\/11\/images-4-31.jpeg\",\"contentUrl\":\"https:\/\/corludahaber.com\/h\/wp-content\/uploads\/2024\/11\/images-4-31.jpeg\",\"width\":735,\"height\":417},{\"@type\":\"BreadcrumbList\",\"@id\":\"https:\/\/corludahaber.com\/h\/abd-secimleri-turkiye-saati-kapsamli-bir-rehber\/92672#breadcrumb\",\"itemListElement\":[{\"@type\":\"ListItem\",\"position\":1,\"name\":\"Anasayfa\",\"item\":\"https:\/\/corludahaber.com\/h\/\"},{\"@type\":\"ListItem\",\"position\":2,\"name\":\"SEO\",\"item\":\"https:\/\/corludahaber.com\/h\/kategori\/seo\"},{\"@type\":\"ListItem\",\"position\":3,\"name\":\"ABD Se\u00e7imleri T\u00fcrkiye Saati: Kapsaml\u0131 Bir Rehber\"}]},{\"@type\":\"WebSite\",\"@id\":\"https:\/\/corludahaber.com\/h\/#website\",\"url\":\"https:\/\/corludahaber.com\/h\/\",\"name\":\"\u00c7orlu'da Haber\",\"description\":\"Ger\u00e7ek Tarafs\u0131z Haber\",\"publisher\":{\"@id\":\"https:\/\/corludahaber.com\/h\/#organization\"},\"potentialAction\":[{\"@type\":\"SearchAction\",\"target\":{\"@type\":\"EntryPoint\",\"urlTemplate\":\"https:\/\/corludahaber.com\/h\/?s={search_term_string}\"},\"query-input\":\"required name=search_term_string\"}],\"inLanguage\":\"tr\"},{\"@type\":\"Organization\",\"@id\":\"https:\/\/corludahaber.com\/h\/#organization\",\"name\":\"\u00c7orlu'da Haber\",\"url\":\"https:\/\/corludahaber.com\/h\/\",\"logo\":{\"@type\":\"ImageObject\",\"inLanguage\":\"tr\",\"@id\":\"https:\/\/corludahaber.com\/h\/#\/schema\/logo\/image\/\",\"url\":\"https:\/\/corludahaber.com\/h\/wp-content\/uploads\/2021\/12\/logo__9__1_-removebg-preview.png\",\"contentUrl\":\"https:\/\/corludahaber.com\/h\/wp-content\/uploads\/2021\/12\/logo__9__1_-removebg-preview.png\",\"width\":500,\"height\":157,\"caption\":\"\u00c7orlu'da Haber\"},\"image\":{\"@id\":\"https:\/\/corludahaber.com\/h\/#\/schema\/logo\/image\/\"},\"sameAs\":[\"https:\/\/facebook.com\/habercorluda\",\"https:\/\/x.com\/habercorluda\",\"https:\/\/www.instagram.com\/corludahaber\",\"https:\/\/www.youtube.com\/user\/corludahaber\"]},{\"@type\":\"Person\",\"@id\":\"https:\/\/corludahaber.com\/h\/#\/schema\/person\/b523522be44b062db5d74a62589768cd\",\"name\":\"\u00c7orlu'da Haber\",\"image\":{\"@type\":\"ImageObject\",\"inLanguage\":\"tr\",\"@id\":\"https:\/\/corludahaber.com\/h\/#\/schema\/person\/image\/\",\"url\":\"https:\/\/secure.gravatar.com\/avatar\/1033e54e078c29fd7f053370086ff627ba414b05c2b231c418a481adecd764ce?s=96&d=blank&r=g\",\"contentUrl\":\"https:\/\/secure.gravatar.com\/avatar\/1033e54e078c29fd7f053370086ff627ba414b05c2b231c418a481adecd764ce?s=96&d=blank&r=g\",\"caption\":\"\u00c7orlu'da Haber\"},\"sameAs\":[\"https:\/\/corludahaber.com\/h\"],\"url\":\"https:\/\/corludahaber.com\/h\/author\/admin\"}]}<\/script>\n<!-- \/ Yoast SEO Premium plugin. -->","yoast_head_json":{"title":"ABD Se\u00e7imleri T\u00fcrkiye Saati: Kapsaml\u0131 Bir Rehber | \u00c7orlu&#039;da Haber","description":"ABD Se\u00e7imleri T\u00fcrkiye Saati: Kapsaml\u0131 Bir Rehber | SEO \u00c7orlu&#039;da Haber","robots":{"index":"index","follow":"follow","max-snippet":"max-snippet:-1","max-image-preview":"max-image-preview:large","max-video-preview":"max-video-preview:-1"},"canonical":"https:\/\/corludahaber.com\/h\/abd-secimleri-turkiye-saati-kapsamli-bir-rehber\/92672","og_locale":"tr_TR","og_type":"article","og_title":"ABD Se\u00e7imleri T\u00fcrkiye Saati: Kapsaml\u0131 Bir Rehber | \u00c7orlu&#039;da Haber","og_description":"ABD Se\u00e7imleri T\u00fcrkiye Saati: Kapsaml\u0131 Bir Rehber | SEO \u00c7orlu&#039;da Haber","og_url":"https:\/\/corludahaber.com\/h\/abd-secimleri-turkiye-saati-kapsamli-bir-rehber\/92672","og_site_name":"\u00c7orlu&#039;da Haber","article_publisher":"https:\/\/facebook.com\/habercorluda","article_published_time":"2024-11-03T10:18:19+00:00","og_image":[{"width":735,"height":417,"url":"https:\/\/corludahaber.com\/h\/wp-content\/uploads\/2024\/11\/images-4-31.jpeg","type":"image\/jpeg"}],"author":"\u00c7orlu'da Haber","twitter_card":"summary_large_image","twitter_creator":"@habercorluda","twitter_site":"@habercorluda","twitter_misc":{"Yazan:":"\u00c7orlu'da Haber","Tahmini okuma s\u00fcresi":"3 dakika"},"schema":{"@context":"https:\/\/schema.org","@graph":[{"@type":"Article","@id":"https:\/\/corludahaber.com\/h\/abd-secimleri-turkiye-saati-kapsamli-bir-rehber\/92672#article","isPartOf":{"@id":"https:\/\/corludahaber.com\/h\/abd-secimleri-turkiye-saati-kapsamli-bir-rehber\/92672"},"author":{"name":"\u00c7orlu'da Haber","@id":"https:\/\/corludahaber.com\/h\/#\/schema\/person\/b523522be44b062db5d74a62589768cd"},"headline":"ABD Se\u00e7imleri T\u00fcrkiye Saati: Kapsaml\u0131 Bir Rehber","datePublished":"2024-11-03T10:18:19+00:00","dateModified":"2024-11-03T10:18:19+00:00","mainEntityOfPage":{"@id":"https:\/\/corludahaber.com\/h\/abd-secimleri-turkiye-saati-kapsamli-bir-rehber\/92672"},"wordCount":508,"commentCount":0,"publisher":{"@id":"https:\/\/corludahaber.com\/h\/#organization"},"image":{"@id":"https:\/\/corludahaber.com\/h\/abd-secimleri-turkiye-saati-kapsamli-bir-rehber\/92672#primaryimage"},"thumbnailUrl":"https:\/\/corludahaber.com\/h\/wp-content\/uploads\/2024\/11\/images-4-31.jpeg","keywords":["ABD se\u00e7imleri","abd se\u00e7imleri t\u00fcrkiye saati","ABD Se\u00e7imleri T\u00fcrkiye Saati: Kapsaml\u0131 Bir Rehber","asayi\u015f","ba\u015fkanl\u0131k se\u00e7imi","\u00c7orlu kaza","\u00c7orlu son dakika kaza","genel se\u00e7imler","kapsaml\u0131","\u00f6n se\u00e7imler","oy verme","Rehber","Saati","se\u00e7iciler kurulu","Se\u00e7imleri","son dakika kaza","son g\u00fcncellemeler","T\u00fcrkiye","t\u00fcrkiye saati","T\u00fcrkiye-ABD ili\u015fkileri","ulusal kongre"],"articleSection":["SEO"],"inLanguage":"tr","potentialAction":[{"@type":"CommentAction","name":"Comment","target":["https:\/\/corludahaber.com\/h\/abd-secimleri-turkiye-saati-kapsamli-bir-rehber\/92672#respond"]}]},{"@type":"WebPage","@id":"https:\/\/corludahaber.com\/h\/abd-secimleri-turkiye-saati-kapsamli-bir-rehber\/92672","url":"https:\/\/corludahaber.com\/h\/abd-secimleri-turkiye-saati-kapsamli-bir-rehber\/92672","name":"ABD Se\u00e7imleri T\u00fcrkiye Saati: Kapsaml\u0131 Bir Rehber | \u00c7orlu&#039;da Haber","isPartOf":{"@id":"https:\/\/corludahaber.com\/h\/#website"},"primaryImageOfPage":{"@id":"https:\/\/corludahaber.com\/h\/abd-secimleri-turkiye-saati-kapsamli-bir-rehber\/92672#primaryimage"},"image":{"@id":"https:\/\/corludahaber.com\/h\/abd-secimleri-turkiye-saati-kapsamli-bir-rehber\/92672#primaryimage"},"thumbnailUrl":"https:\/\/corludahaber.com\/h\/wp-content\/uploads\/2024\/11\/images-4-31.jpeg","datePublished":"2024-11-03T10:18:19+00:00","dateModified":"2024-11-03T10:18:19+00:00","description":"ABD Se\u00e7imleri T\u00fcrkiye Saati: Kapsaml\u0131 Bir Rehber | SEO \u00c7orlu&#039;da Haber","breadcrumb":{"@id":"https:\/\/corludahaber.com\/h\/abd-secimleri-turkiye-saati-kapsamli-bir-rehber\/92672#breadcrumb"},"inLanguage":"tr","potentialAction":[{"@type":"ReadAction","target":["https:\/\/corludahaber.com\/h\/abd-secimleri-turkiye-saati-kapsamli-bir-rehber\/92672"]}]},{"@type":"ImageObject","inLanguage":"tr","@id":"https:\/\/corludahaber.com\/h\/abd-secimleri-turkiye-saati-kapsamli-bir-rehber\/92672#primaryimage","url":"https:\/\/corludahaber.com\/h\/wp-content\/uploads\/2024\/11\/images-4-31.jpeg","contentUrl":"https:\/\/corludahaber.com\/h\/wp-content\/uploads\/2024\/11\/images-4-31.jpeg","width":735,"height":417},{"@type":"BreadcrumbList","@id":"https:\/\/corludahaber.com\/h\/abd-secimleri-turkiye-saati-kapsamli-bir-rehber\/92672#breadcrumb","itemListElement":[{"@type":"ListItem","position":1,"name":"Anasayfa","item":"https:\/\/corludahaber.com\/h\/"},{"@type":"ListItem","position":2,"name":"SEO","item":"https:\/\/corludahaber.com\/h\/kategori\/seo"},{"@type":"ListItem","position":3,"name":"ABD Se\u00e7imleri T\u00fcrkiye Saati: Kapsaml\u0131 Bir Rehber"}]},{"@type":"WebSite","@id":"https:\/\/corludahaber.com\/h\/#website","url":"https:\/\/corludahaber.com\/h\/","name":"\u00c7orlu'da Haber","description":"Ger\u00e7ek Tarafs\u0131z Haber","publisher":{"@id":"https:\/\/corludahaber.com\/h\/#organization"},"potentialAction":[{"@type":"SearchAction","target":{"@type":"EntryPoint","urlTemplate":"https:\/\/corludahaber.com\/h\/?s={search_term_string}"},"query-input":"required name=search_term_string"}],"inLanguage":"tr"},{"@type":"Organization","@id":"https:\/\/corludahaber.com\/h\/#organization","name":"\u00c7orlu'da Haber","url":"https:\/\/corludahaber.com\/h\/","logo":{"@type":"ImageObject","inLanguage":"tr","@id":"https:\/\/corludahaber.com\/h\/#\/schema\/logo\/image\/","url":"https:\/\/corludahaber.com\/h\/wp-content\/uploads\/2021\/12\/logo__9__1_-removebg-preview.png","contentUrl":"https:\/\/corludahaber.com\/h\/wp-content\/uploads\/2021\/12\/logo__9__1_-removebg-preview.png","width":500,"height":157,"caption":"\u00c7orlu'da Haber"},"image":{"@id":"https:\/\/corludahaber.com\/h\/#\/schema\/logo\/image\/"},"sameAs":["https:\/\/facebook.com\/habercorluda","https:\/\/x.com\/habercorluda","https:\/\/www.instagram.com\/corludahaber","https:\/\/www.youtube.com\/user\/corludahaber"]},{"@type":"Person","@id":"https:\/\/corludahaber.com\/h\/#\/schema\/person\/b523522be44b062db5d74a62589768cd","name":"\u00c7orlu'da Haber","image":{"@type":"ImageObject","inLanguage":"tr","@id":"https:\/\/corludahaber.com\/h\/#\/schema\/person\/image\/","url":"https:\/\/secure.gravatar.com\/avatar\/1033e54e078c29fd7f053370086ff627ba414b05c2b231c418a481adecd764ce?s=96&d=blank&r=g","contentUrl":"https:\/\/secure.gravatar.com\/avatar\/1033e54e078c29fd7f053370086ff627ba414b05c2b231c418a481adecd764ce?s=96&d=blank&r=g","caption":"\u00c7orlu'da Haber"},"sameAs":["https:\/\/corludahaber.com\/h"],"url":"https:\/\/corludahaber.com\/h\/author\/admin"}]}},"_links":{"self":[{"href":"https:\/\/corludahaber.com\/h\/wp-json\/wp\/v2\/posts\/92672","targetHints":{"allow":["GET"]}}],"collection":[{"href":"https:\/\/corludahaber.com\/h\/wp-json\/wp\/v2\/posts"}],"about":[{"href":"https:\/\/corludahaber.com\/h\/wp-json\/wp\/v2\/types\/post"}],"author":[{"embeddable":true,"href":"https:\/\/corludahaber.com\/h\/wp-json\/wp\/v2\/users\/151"}],"replies":[{"embeddable":true,"href":"https:\/\/corludahaber.com\/h\/wp-json\/wp\/v2\/comments?post=92672"}],"version-history":[{"count":0,"href":"https:\/\/corludahaber.com\/h\/wp-json\/wp\/v2\/posts\/92672\/revisions"}],"wp:featuredmedia":[{"embeddable":true,"href":"https:\/\/corludahaber.com\/h\/wp-json\/wp\/v2\/media\/92673"}],"wp:attachment":[{"href":"https:\/\/corludahaber.com\/h\/wp-json\/wp\/v2\/media?parent=92672"}],"wp:term":[{"taxonomy":"category","embeddable":true,"href":"https:\/\/corludahaber.com\/h\/wp-json\/wp\/v2\/categories?post=92672"},{"taxonomy":"post_tag","embeddable":true,"href":"https:\/\/corludahaber.com\/h\/wp-json\/wp\/v2\/tags?post=92672"}],"curies":[{"name":"wp","href":"https:\/\/api.w.org\/{rel}","templated":true}]}}