{"id":92600,"date":"2024-11-01T22:36:07","date_gmt":"2024-11-01T19:36:07","guid":{"rendered":"https:\/\/corludahaber.com\/h\/edirnede-topraktan-sofraya-edirne-gastronomi-festivali-basladi\/92600"},"modified":"2024-11-01T22:36:25","modified_gmt":"2024-11-01T19:36:25","slug":"edirnede-topraktan-sofraya-edirne-gastronomi-festivali-basladi","status":"publish","type":"post","link":"https:\/\/corludahaber.com\/h\/edirnede-topraktan-sofraya-edirne-gastronomi-festivali-basladi\/92600","title":{"rendered":"Edirne&#8217;de &#8216;Topraktan Sofraya Edirne Gastronomi Festivali&#8217; ba\u015flad\u0131"},"content":{"rendered":"<div class=\"corlu-icerikten-once_3\" id=\"corlu-4024108541\"><script type='text\/javascript' src='https:\/\/platform-api.sharethis.com\/js\/sharethis.js#property=5ce8cf08af7d000012cb0ca1&product=inline-reaction-buttons' async='async'><\/script>\r\n\r\n<\/div><p><span style=\"vertical-align: inherit;\"><span style=\"vertical-align: inherit;\"><\/p>\n<div readability=\"92\"><span class=\"category-name hidden\"><\/span><\/p>\n<p>Olgay G\u00dcLER- Umut I\u015eIK\/ ED\u0130RNE, (DHA)- ED\u0130RNE&#8217;de 3 g\u00fcn s\u00fcrecek &#8216;Topraktan Sofraya Edirne Gastronomi Festivali&#8217; renkli g\u00f6r\u00fcnt\u00fclerle ba\u015flad\u0131. Y\u00f6reye ait y\u00fczlerce yeme\u011fin tan\u0131t\u0131l\u0131p, yar\u0131\u015fmalar\u0131n yap\u0131laca\u011f\u0131 festivalin ilk g\u00fcn\u00fcnde, kortej y\u00fcr\u00fcy\u00fc\u015f\u00fc ve Edirne&#8217;ye \u00f6zg\u00fc Deva-i Misk helvas\u0131 ile Gaziler Helvas\u0131 da\u011f\u0131t\u0131m\u0131 ger\u00e7ekle\u015ftirildi ve Rumeli k\u0131yafetleri defilesi yap\u0131ld\u0131.<\/p>\n<p>Edirne Valili\u011fi organizasyonuyla, kente ait unutulmu\u015f yemeklerin tan\u0131t\u0131m\u0131 amac\u0131yla d\u00fczenlenen, ayn\u0131 isimle kitab\u0131 da haz\u0131rlanan &#8216;Topraktan Sofraya Edirne Gastronomi Festivali&#8217;, \u00a0ger\u00e7ekle\u015ftirilen kortej y\u00fcr\u00fcy\u00fc\u015f\u00fc; ard\u0131ndan vatanda\u015flara da\u011f\u0131t\u0131lan Deva-i Misk ve Gaziler Helvas\u0131 ile ba\u015flad\u0131. Edirne Valili\u011fi \u00f6n\u00fcnde toplanan festival korteji, Selimiye Camisi Meydan\u0131&#8217;nda bulunan Mimar Sinan heykeline y\u00fcr\u00fcd\u00fc. Kortejde Edirne Valisi Yunus Sezer, Edirne Belediye Ba\u015fkan\u0131 Filiz Gencan Ak\u0131n, kurum ve kurulu\u015f temsilcileri, \u00e7ok say\u0131da \u015fef ve a\u015f\u00e7\u0131l\u0131k \u00f6\u011frencileri yer ald\u0131. Mimar Sinan heykeli \u00f6n\u00fcne gelen kortejde Vali Sezer ve Belediye Ba\u015fkan\u0131 Ak\u0131n, vatanda\u015flara gaziler helvas\u0131 da\u011f\u0131tt\u0131. A\u00e7\u0131l\u0131\u015f program\u0131, festival alan\u0131n\u0131n kuruldu\u011fu Trakya \u00dcniversitesi&#8217;nin Karaa\u011fa\u00e7&#8217;taki G\u00fczel Sanatlar Fak\u00fcltesi \u00f6n\u00fcndeki alanda devam etti. Buradaki programa Vali Sezer ve Belediye Ba\u015fkan\u0131 Ak\u0131n&#8217;\u0131n yan\u0131 s\u0131ra, Kosova B\u00f6lgesel Kalk\u0131nma Bakan\u0131 Fikrim Damka, AK Parti Edirne Milletvekili Fatma Aksal da kat\u0131ld\u0131.\u00a0<\/p>\n<p>&#8216;UNUTULMAYA Y\u00dcZ TUTMU\u015e YEMEKLER\u0130M\u0130Z\u0130N GELECE\u011eE KAZANDIRILMASI EN B\u00dcY\u00dcK G\u00d6REV\u0130M\u0130Z&#8217;<\/p>\n<p>Program\u0131n a\u00e7\u0131l\u0131\u015f\u0131nda konu\u015fan Edirne Valisi Yunus Sezer, organizasyonun hayata ge\u00e7mesi i\u00e7in 1 y\u0131ll\u0131k emek harcand\u0131\u011f\u0131n\u0131 belirtti. Sezer, &#8220;Ger\u00e7ekten de yeme\u011fin sofraya getirilmesi gibi bu gastronomi festivalinin de bu a\u015famaya gelmesi i\u00e7in yo\u011fun bir emek var. Burada yakla\u015f\u0131k 63 tane \u015fefimizin, k\u00f6ylerdeki ablalar\u0131m\u0131z\u0131n, k\u00fclt\u00fcr m\u00fcd\u00fcrl\u00fc\u011f\u00fcm\u00fcz\u00fcn, herkesin bu sofraya gelecek olan yemeklerde eme\u011fi var. Tabii sadece yemek de\u011fil; bizim buradaki amac\u0131m\u0131z bir milletin k\u00fclt\u00fcr\u00fc varsa o millet k\u00fclt\u00fcrd\u00fcr, bir milletin eme\u011fi varsa, gelene\u011fi varsa, g\u00f6rene\u011fi varsa o millet asl\u0131nda bir millettir. Bunun \u00f6nemli bir par\u00e7as\u0131 da gastronomi. Bizim bir avantaj\u0131m\u0131z var hem 92 y\u0131l ba\u015fkentlik yapm\u0131\u015f bir iliz, dolay\u0131s\u0131yla hem saray mutfa\u011f\u0131na hakimiz hem de ger\u00e7ekten de Balkanlar\u0131n her yerinden g\u00f6\u00e7le gelen insanlar\u0131m\u0131z var ve geldikleri her yerden kendi geleneklerini de getirip kendi k\u00f6ylerinde, kendi bulunduklar\u0131 yerlerde bunu ya\u015fatm\u0131\u015flar. Maalesef unutulmaya y\u00fcz tutan bir\u00e7ok yemek ve bir\u00e7ok i\u00e7ecek var. Bunlar\u0131n da gelecek nesillere kazand\u0131r\u0131lmas\u0131 bizim en b\u00fcy\u00fck g\u00f6revlerimizden bir tanesi&#8221; dedi.\u00a0<\/p>\n<p>&#8216;TOPRAKTAN SOFRAYA YETMEZ, O SOFRANIN SA\u011eLIKLI OLMASI LAZIM&#8217;<\/p>\n<p>Kosova B\u00f6lgesel Kalk\u0131nma Bakan\u0131 Fikrim Damka da, festivalin ger\u00e7ekle\u015fmesinden dolay\u0131 duydu\u011fu memnuniyeti dile getirdi. Damka, &#8220;Edirne tarihi bir kent ve bu tarihi kentin i\u00e7erisinde tam da arkamda bulunan 1902&#8217;lerden sonra her zaman Balkanlar&#8217;dan g\u00f6\u00e7 ile gelenlerin ilk ayak bast\u0131\u011f\u0131 ana vatan topra\u011f\u0131 var. Tabii buraya gelirken sadece g\u00f6\u00e7, ac\u0131, kederi de\u011fil tabii ki yan\u0131nda oran\u0131n k\u00fclt\u00fcr\u00fcn\u00fc de, oraya ait yemeklerini de ta\u015f\u0131m\u0131\u015flar. Dolay\u0131s\u0131yla Anadolu&#8217;yla Balkan topraklar\u0131n\u0131n birle\u015fti\u011fi yer de Edirne. Dolay\u0131s\u0131yla bu g\u00fczel festivali d\u00fczenlemekte ve bu g\u00fczel kitab\u0131 ve tarifleri ortaya koyan de\u011ferli \u015feflerime te\u015fekk\u00fcr ediyorum. Gen\u00e7lerimizi de art\u0131k haz\u0131r yemekten uzakla\u015ft\u0131rarak, buna d\u00f6n\u00fc\u015f yapmam\u0131z belki en do\u011fru yol olacakt\u0131r. \u00c7\u00fcnk\u00fc topraktan sofraya yetmez, o sofran\u0131n sa\u011fl\u0131kl\u0131 olmas\u0131 gerekiyor art\u0131k. Bunu eminim aileler art\u0131k yeniden bizim gelece\u011fimiz olan gen\u00e7lere aktaracakt\u0131r&#8221; diye konu\u015ftu.\u00a0<\/p>\n<p>Konu\u015fmalar\u0131n ard\u0131ndan a\u00e7\u0131l\u0131\u015f program\u0131nda, Edirne&#8217;nin il\u00e7e ve k\u00f6ylerindeki kad\u0131nlar\u0131n tariflerinin bulundu\u011fu 101 yemekten olu\u015fan &#8216;Topraktan Sofraya Edirne&#8217; kitab\u0131n\u0131n tan\u0131t\u0131m\u0131 yap\u0131ld\u0131. Tan\u0131t\u0131m\u0131n ard\u0131ndan &#8216;Rumeli&#8217;den Esintiler&#8217; konulu defile kat\u0131l\u0131mc\u0131larla bulu\u015ftu. Festivalde ilk g\u00fcn yemek tad\u0131mlar\u0131yla sona erdi. (DHA)<\/p>\n<\/div>\n<p><\/span><\/span><\/p>\n<div class=\"corlu-icerikten-sonra_3\" id=\"corlu-1372627101\"><p><img loading=\"lazy\" decoding=\"async\" class=\"aligncenter\" src=\"https:\/\/www.corludahaber.com\/bahcesehir.jpg\" alt=\"\" width=\"624\" height=\"196\" \/><\/p>\n<table style=\"text-align: left; width: 100%;\" border=\"1\" cellspacing=\"2\" cellpadding=\"2\">\n<tbody>\n<tr>\n<td style=\"background-color: #050805;\"><span style=\"font-size: 12pt;\"><small><small><em><strong><big><span style=\"color: #ff0000;\">Haber ve resimlerin telif haklar\u0131ndan dolay\u0131 kullan\u0131m\u0131 yasakt\u0131r<span style=\"color: #000000;\">.<\/span><\/span><span style=\"color: #000000;\">\u00a0<\/span><span style=\"color: #ffffff;\">Yaz\u0131l\u0131 izni al\u0131nmadan hi\u00e7bir yaz\u0131l\u0131, g\u00f6rsel, i\u015fitsel i\u00e7erik kopyalanamaz, de\u011fi\u015ftirilemez, yay\u0131nlanamaz veya sat\u0131lamaz. Aksi halde<\/span>\u00a0<span style=\"color: #ff0000;\">5846<span style=\"color: #ffffff;\">\u00a0<\/span><\/span><span style=\"color: #ffffff;\">say\u0131l\u0131 Fikir ve Sanat Eserleri Kanunu\u2019na ve<\/span>\u00a0<span style=\"color: #800000;\"><span style=\"color: #ff0000;\">6102<\/span><span style=\"color: #ffffff;\">\u00a0<\/span><\/span><span style=\"color: #ffffff;\">say\u0131l\u0131 maddesine g\u00f6re<\/span>\u00a0<span style=\"color: #ff0000;\">gerekli i\u015flemler uygulanacakt\u0131r.<\/span><br \/>\n<span style=\"color: #ffffff;\">\u00a9 Copyright 2014<\/span><\/big><\/strong><\/em><\/small><\/small><\/span><\/td>\n<\/tr>\n<\/tbody>\n<\/table>\n<p><small><small>\u00a0<\/small><\/small><\/p>\n<\/div>","protected":false},"excerpt":{"rendered":"<p>Olgay G\u00dcLER- Umut I\u015eIK\/ ED\u0130RNE, (DHA)- ED\u0130RNE&#8217;de 3 g\u00fcn s\u00fcrecek &#8216;Topraktan Sofraya Edirne Gastronomi Festivali&#8217; renkli g\u00f6r\u00fcnt\u00fclerle ba\u015flad\u0131. Y\u00f6reye ait y\u00fczlerce yeme\u011fin tan\u0131t\u0131l\u0131p, yar\u0131\u015fmalar\u0131n yap\u0131laca\u011f\u0131 festivalin ilk g\u00fcn\u00fcnde, kortej y\u00fcr\u00fcy\u00fc\u015f\u00fc ve Edirne&#8217;ye \u00f6zg\u00fc Deva-i Misk helvas\u0131 ile Gaziler Helvas\u0131 da\u011f\u0131t\u0131m\u0131 ger\u00e7ekle\u015ftirildi ve Rumeli k\u0131yafetleri defilesi yap\u0131ld\u0131. Edirne Valili\u011fi organizasyonuyla, kente ait unutulmu\u015f yemeklerin tan\u0131t\u0131m\u0131 amac\u0131yla &hellip;<\/p>\n","protected":false},"author":151,"featured_media":92601,"comment_status":"open","ping_status":"closed","sticky":false,"template":"","format":"standard","meta":{"footnotes":""},"categories":[121],"tags":[8025,380,9376,15478,728,19657,565,18994,7740,3661,10355],"class_list":["post-92600","post","type-post","status-publish","format-standard","has-post-thumbnail","hentry","category-edirne","tag-asayis","tag-basladi","tag-corlu-kaza","tag-corlu-son-dakika-kaza","tag-edirne","tag-edirnede-topraktan-sofraya-edirne-gastronomi-festivali-basladi","tag-festivali","tag-gastronomi","tag-sofraya","tag-son-dakika-kaza","tag-topraktan"],"yoast_head":"<!-- This site is optimized with the Yoast SEO Premium plugin v23.3 (Yoast SEO v23.3) - https:\/\/yoast.com\/wordpress\/plugins\/seo\/ -->\n<title>Edirne&#039;de &#039;Topraktan Sofraya Edirne Gastronomi Festivali&#039; ba\u015flad\u0131 | \u00c7orlu&#039;da Haber<\/title>\n<meta name=\"description\" content=\"Edirne&#039;de &#039;Topraktan Sofraya Edirne Gastronomi Festivali&#039; ba\u015flad\u0131 | \u00c7orlu&#039;da Haber\" \/>\n<meta name=\"robots\" content=\"index, follow, max-snippet:-1, max-image-preview:large, max-video-preview:-1\" \/>\n<link rel=\"canonical\" href=\"https:\/\/corludahaber.com\/h\/edirnede-topraktan-sofraya-edirne-gastronomi-festivali-basladi\/92600\" \/>\n<meta property=\"og:locale\" content=\"tr_TR\" \/>\n<meta property=\"og:type\" content=\"article\" \/>\n<meta property=\"og:title\" content=\"Edirne&#039;de &#039;Topraktan Sofraya Edirne Gastronomi Festivali&#039; ba\u015flad\u0131 | \u00c7orlu&#039;da Haber\" \/>\n<meta property=\"og:description\" content=\"Edirne&#039;de &#039;Topraktan Sofraya Edirne Gastronomi Festivali&#039; ba\u015flad\u0131 | \u00c7orlu&#039;da Haber\" \/>\n<meta property=\"og:url\" content=\"https:\/\/corludahaber.com\/h\/edirnede-topraktan-sofraya-edirne-gastronomi-festivali-basladi\/92600\" \/>\n<meta property=\"og:site_name\" content=\"\u00c7orlu&#039;da Haber\" \/>\n<meta property=\"article:publisher\" content=\"https:\/\/facebook.com\/habercorluda\" \/>\n<meta property=\"article:published_time\" content=\"2024-11-01T19:36:07+00:00\" \/>\n<meta property=\"article:modified_time\" content=\"2024-11-01T19:36:25+00:00\" \/>\n<meta property=\"og:image\" content=\"https:\/\/corludahaber.com\/h\/wp-content\/uploads\/2024\/11\/edirnede-topraktan-sofraya-edirne-gastronomi-festivali-basladi_67252daa34773-scaled.jpeg\" \/>\n\t<meta property=\"og:image:width\" content=\"1920\" \/>\n\t<meta property=\"og:image:height\" content=\"1280\" \/>\n\t<meta property=\"og:image:type\" content=\"image\/jpeg\" \/>\n<meta name=\"author\" content=\"\u00c7orlu&#039;da Haber\" \/>\n<meta name=\"twitter:card\" content=\"summary_large_image\" \/>\n<meta name=\"twitter:creator\" content=\"@habercorluda\" \/>\n<meta name=\"twitter:site\" content=\"@habercorluda\" \/>\n<meta name=\"twitter:label1\" content=\"Yazan:\" \/>\n\t<meta name=\"twitter:data1\" content=\"\u00c7orlu&#039;da Haber\" \/>\n\t<meta name=\"twitter:label2\" content=\"Tahmini okuma s\u00fcresi\" \/>\n\t<meta name=\"twitter:data2\" content=\"4 dakika\" \/>\n<script type=\"application\/ld+json\" class=\"yoast-schema-graph\">{\"@context\":\"https:\/\/schema.org\",\"@graph\":[{\"@type\":\"Article\",\"@id\":\"https:\/\/corludahaber.com\/h\/edirnede-topraktan-sofraya-edirne-gastronomi-festivali-basladi\/92600#article\",\"isPartOf\":{\"@id\":\"https:\/\/corludahaber.com\/h\/edirnede-topraktan-sofraya-edirne-gastronomi-festivali-basladi\/92600\"},\"author\":{\"name\":\"\u00c7orlu'da Haber\",\"@id\":\"https:\/\/corludahaber.com\/h\/#\/schema\/person\/b523522be44b062db5d74a62589768cd\"},\"headline\":\"Edirne&#8217;de &#8216;Topraktan Sofraya Edirne Gastronomi Festivali&#8217; ba\u015flad\u0131\",\"datePublished\":\"2024-11-01T19:36:07+00:00\",\"dateModified\":\"2024-11-01T19:36:25+00:00\",\"mainEntityOfPage\":{\"@id\":\"https:\/\/corludahaber.com\/h\/edirnede-topraktan-sofraya-edirne-gastronomi-festivali-basladi\/92600\"},\"wordCount\":733,\"commentCount\":0,\"publisher\":{\"@id\":\"https:\/\/corludahaber.com\/h\/#organization\"},\"image\":{\"@id\":\"https:\/\/corludahaber.com\/h\/edirnede-topraktan-sofraya-edirne-gastronomi-festivali-basladi\/92600#primaryimage\"},\"thumbnailUrl\":\"https:\/\/corludahaber.com\/h\/wp-content\/uploads\/2024\/11\/edirnede-topraktan-sofraya-edirne-gastronomi-festivali-basladi_67252daa34773-scaled.jpeg\",\"keywords\":[\"asayi\u015f\",\"Ba\u015flad\u0131\",\"\u00c7orlu kaza\",\"\u00c7orlu son dakika kaza\",\"Edirne\",\"Edirne'de 'Topraktan Sofraya Edirne Gastronomi Festivali' ba\u015flad\u0131\",\"Festivali\",\"gastronomi\",\"Sofraya\",\"son dakika kaza\",\"Topraktan\"],\"articleSection\":[\"Edirne\"],\"inLanguage\":\"tr\",\"potentialAction\":[{\"@type\":\"CommentAction\",\"name\":\"Comment\",\"target\":[\"https:\/\/corludahaber.com\/h\/edirnede-topraktan-sofraya-edirne-gastronomi-festivali-basladi\/92600#respond\"]}]},{\"@type\":\"WebPage\",\"@id\":\"https:\/\/corludahaber.com\/h\/edirnede-topraktan-sofraya-edirne-gastronomi-festivali-basladi\/92600\",\"url\":\"https:\/\/corludahaber.com\/h\/edirnede-topraktan-sofraya-edirne-gastronomi-festivali-basladi\/92600\",\"name\":\"Edirne'de 'Topraktan Sofraya Edirne Gastronomi Festivali' ba\u015flad\u0131 | \u00c7orlu&#039;da Haber\",\"isPartOf\":{\"@id\":\"https:\/\/corludahaber.com\/h\/#website\"},\"primaryImageOfPage\":{\"@id\":\"https:\/\/corludahaber.com\/h\/edirnede-topraktan-sofraya-edirne-gastronomi-festivali-basladi\/92600#primaryimage\"},\"image\":{\"@id\":\"https:\/\/corludahaber.com\/h\/edirnede-topraktan-sofraya-edirne-gastronomi-festivali-basladi\/92600#primaryimage\"},\"thumbnailUrl\":\"https:\/\/corludahaber.com\/h\/wp-content\/uploads\/2024\/11\/edirnede-topraktan-sofraya-edirne-gastronomi-festivali-basladi_67252daa34773-scaled.jpeg\",\"datePublished\":\"2024-11-01T19:36:07+00:00\",\"dateModified\":\"2024-11-01T19:36:25+00:00\",\"description\":\"Edirne'de 'Topraktan Sofraya Edirne Gastronomi Festivali' ba\u015flad\u0131 | \u00c7orlu&#039;da Haber\",\"breadcrumb\":{\"@id\":\"https:\/\/corludahaber.com\/h\/edirnede-topraktan-sofraya-edirne-gastronomi-festivali-basladi\/92600#breadcrumb\"},\"inLanguage\":\"tr\",\"potentialAction\":[{\"@type\":\"ReadAction\",\"target\":[\"https:\/\/corludahaber.com\/h\/edirnede-topraktan-sofraya-edirne-gastronomi-festivali-basladi\/92600\"]}]},{\"@type\":\"ImageObject\",\"inLanguage\":\"tr\",\"@id\":\"https:\/\/corludahaber.com\/h\/edirnede-topraktan-sofraya-edirne-gastronomi-festivali-basladi\/92600#primaryimage\",\"url\":\"https:\/\/corludahaber.com\/h\/wp-content\/uploads\/2024\/11\/edirnede-topraktan-sofraya-edirne-gastronomi-festivali-basladi_67252daa34773-scaled.jpeg\",\"contentUrl\":\"https:\/\/corludahaber.com\/h\/wp-content\/uploads\/2024\/11\/edirnede-topraktan-sofraya-edirne-gastronomi-festivali-basladi_67252daa34773-scaled.jpeg\",\"width\":1920,\"height\":1280},{\"@type\":\"BreadcrumbList\",\"@id\":\"https:\/\/corludahaber.com\/h\/edirnede-topraktan-sofraya-edirne-gastronomi-festivali-basladi\/92600#breadcrumb\",\"itemListElement\":[{\"@type\":\"ListItem\",\"position\":1,\"name\":\"Anasayfa\",\"item\":\"https:\/\/corludahaber.com\/h\/\"},{\"@type\":\"ListItem\",\"position\":2,\"name\":\"Edirne\",\"item\":\"https:\/\/corludahaber.com\/h\/kategori\/edirne\"},{\"@type\":\"ListItem\",\"position\":3,\"name\":\"Edirne&#8217;de &#8216;Topraktan Sofraya Edirne Gastronomi Festivali&#8217; ba\u015flad\u0131\"}]},{\"@type\":\"WebSite\",\"@id\":\"https:\/\/corludahaber.com\/h\/#website\",\"url\":\"https:\/\/corludahaber.com\/h\/\",\"name\":\"\u00c7orlu'da Haber\",\"description\":\"Ger\u00e7ek Tarafs\u0131z Haber\",\"publisher\":{\"@id\":\"https:\/\/corludahaber.com\/h\/#organization\"},\"potentialAction\":[{\"@type\":\"SearchAction\",\"target\":{\"@type\":\"EntryPoint\",\"urlTemplate\":\"https:\/\/corludahaber.com\/h\/?s={search_term_string}\"},\"query-input\":\"required name=search_term_string\"}],\"inLanguage\":\"tr\"},{\"@type\":\"Organization\",\"@id\":\"https:\/\/corludahaber.com\/h\/#organization\",\"name\":\"\u00c7orlu'da Haber\",\"url\":\"https:\/\/corludahaber.com\/h\/\",\"logo\":{\"@type\":\"ImageObject\",\"inLanguage\":\"tr\",\"@id\":\"https:\/\/corludahaber.com\/h\/#\/schema\/logo\/image\/\",\"url\":\"https:\/\/corludahaber.com\/h\/wp-content\/uploads\/2021\/12\/logo__9__1_-removebg-preview.png\",\"contentUrl\":\"https:\/\/corludahaber.com\/h\/wp-content\/uploads\/2021\/12\/logo__9__1_-removebg-preview.png\",\"width\":500,\"height\":157,\"caption\":\"\u00c7orlu'da Haber\"},\"image\":{\"@id\":\"https:\/\/corludahaber.com\/h\/#\/schema\/logo\/image\/\"},\"sameAs\":[\"https:\/\/facebook.com\/habercorluda\",\"https:\/\/x.com\/habercorluda\",\"https:\/\/www.instagram.com\/corludahaber\",\"https:\/\/www.youtube.com\/user\/corludahaber\"]},{\"@type\":\"Person\",\"@id\":\"https:\/\/corludahaber.com\/h\/#\/schema\/person\/b523522be44b062db5d74a62589768cd\",\"name\":\"\u00c7orlu'da Haber\",\"image\":{\"@type\":\"ImageObject\",\"inLanguage\":\"tr\",\"@id\":\"https:\/\/corludahaber.com\/h\/#\/schema\/person\/image\/\",\"url\":\"https:\/\/secure.gravatar.com\/avatar\/1033e54e078c29fd7f053370086ff627ba414b05c2b231c418a481adecd764ce?s=96&d=blank&r=g\",\"contentUrl\":\"https:\/\/secure.gravatar.com\/avatar\/1033e54e078c29fd7f053370086ff627ba414b05c2b231c418a481adecd764ce?s=96&d=blank&r=g\",\"caption\":\"\u00c7orlu'da Haber\"},\"sameAs\":[\"https:\/\/corludahaber.com\/h\"],\"url\":\"https:\/\/corludahaber.com\/h\/author\/admin\"}]}<\/script>\n<!-- \/ Yoast SEO Premium plugin. -->","yoast_head_json":{"title":"Edirne'de 'Topraktan Sofraya Edirne Gastronomi Festivali' ba\u015flad\u0131 | \u00c7orlu&#039;da Haber","description":"Edirne'de 'Topraktan Sofraya Edirne Gastronomi Festivali' ba\u015flad\u0131 | \u00c7orlu&#039;da Haber","robots":{"index":"index","follow":"follow","max-snippet":"max-snippet:-1","max-image-preview":"max-image-preview:large","max-video-preview":"max-video-preview:-1"},"canonical":"https:\/\/corludahaber.com\/h\/edirnede-topraktan-sofraya-edirne-gastronomi-festivali-basladi\/92600","og_locale":"tr_TR","og_type":"article","og_title":"Edirne'de 'Topraktan Sofraya Edirne Gastronomi Festivali' ba\u015flad\u0131 | \u00c7orlu&#039;da Haber","og_description":"Edirne'de 'Topraktan Sofraya Edirne Gastronomi Festivali' ba\u015flad\u0131 | \u00c7orlu&#039;da Haber","og_url":"https:\/\/corludahaber.com\/h\/edirnede-topraktan-sofraya-edirne-gastronomi-festivali-basladi\/92600","og_site_name":"\u00c7orlu&#039;da Haber","article_publisher":"https:\/\/facebook.com\/habercorluda","article_published_time":"2024-11-01T19:36:07+00:00","article_modified_time":"2024-11-01T19:36:25+00:00","og_image":[{"width":1920,"height":1280,"url":"https:\/\/corludahaber.com\/h\/wp-content\/uploads\/2024\/11\/edirnede-topraktan-sofraya-edirne-gastronomi-festivali-basladi_67252daa34773-scaled.jpeg","type":"image\/jpeg"}],"author":"\u00c7orlu'da Haber","twitter_card":"summary_large_image","twitter_creator":"@habercorluda","twitter_site":"@habercorluda","twitter_misc":{"Yazan:":"\u00c7orlu'da Haber","Tahmini okuma s\u00fcresi":"4 dakika"},"schema":{"@context":"https:\/\/schema.org","@graph":[{"@type":"Article","@id":"https:\/\/corludahaber.com\/h\/edirnede-topraktan-sofraya-edirne-gastronomi-festivali-basladi\/92600#article","isPartOf":{"@id":"https:\/\/corludahaber.com\/h\/edirnede-topraktan-sofraya-edirne-gastronomi-festivali-basladi\/92600"},"author":{"name":"\u00c7orlu'da Haber","@id":"https:\/\/corludahaber.com\/h\/#\/schema\/person\/b523522be44b062db5d74a62589768cd"},"headline":"Edirne&#8217;de &#8216;Topraktan Sofraya Edirne Gastronomi Festivali&#8217; ba\u015flad\u0131","datePublished":"2024-11-01T19:36:07+00:00","dateModified":"2024-11-01T19:36:25+00:00","mainEntityOfPage":{"@id":"https:\/\/corludahaber.com\/h\/edirnede-topraktan-sofraya-edirne-gastronomi-festivali-basladi\/92600"},"wordCount":733,"commentCount":0,"publisher":{"@id":"https:\/\/corludahaber.com\/h\/#organization"},"image":{"@id":"https:\/\/corludahaber.com\/h\/edirnede-topraktan-sofraya-edirne-gastronomi-festivali-basladi\/92600#primaryimage"},"thumbnailUrl":"https:\/\/corludahaber.com\/h\/wp-content\/uploads\/2024\/11\/edirnede-topraktan-sofraya-edirne-gastronomi-festivali-basladi_67252daa34773-scaled.jpeg","keywords":["asayi\u015f","Ba\u015flad\u0131","\u00c7orlu kaza","\u00c7orlu son dakika kaza","Edirne","Edirne'de 'Topraktan Sofraya Edirne Gastronomi Festivali' ba\u015flad\u0131","Festivali","gastronomi","Sofraya","son dakika kaza","Topraktan"],"articleSection":["Edirne"],"inLanguage":"tr","potentialAction":[{"@type":"CommentAction","name":"Comment","target":["https:\/\/corludahaber.com\/h\/edirnede-topraktan-sofraya-edirne-gastronomi-festivali-basladi\/92600#respond"]}]},{"@type":"WebPage","@id":"https:\/\/corludahaber.com\/h\/edirnede-topraktan-sofraya-edirne-gastronomi-festivali-basladi\/92600","url":"https:\/\/corludahaber.com\/h\/edirnede-topraktan-sofraya-edirne-gastronomi-festivali-basladi\/92600","name":"Edirne'de 'Topraktan Sofraya Edirne Gastronomi Festivali' ba\u015flad\u0131 | \u00c7orlu&#039;da Haber","isPartOf":{"@id":"https:\/\/corludahaber.com\/h\/#website"},"primaryImageOfPage":{"@id":"https:\/\/corludahaber.com\/h\/edirnede-topraktan-sofraya-edirne-gastronomi-festivali-basladi\/92600#primaryimage"},"image":{"@id":"https:\/\/corludahaber.com\/h\/edirnede-topraktan-sofraya-edirne-gastronomi-festivali-basladi\/92600#primaryimage"},"thumbnailUrl":"https:\/\/corludahaber.com\/h\/wp-content\/uploads\/2024\/11\/edirnede-topraktan-sofraya-edirne-gastronomi-festivali-basladi_67252daa34773-scaled.jpeg","datePublished":"2024-11-01T19:36:07+00:00","dateModified":"2024-11-01T19:36:25+00:00","description":"Edirne'de 'Topraktan Sofraya Edirne Gastronomi Festivali' ba\u015flad\u0131 | \u00c7orlu&#039;da Haber","breadcrumb":{"@id":"https:\/\/corludahaber.com\/h\/edirnede-topraktan-sofraya-edirne-gastronomi-festivali-basladi\/92600#breadcrumb"},"inLanguage":"tr","potentialAction":[{"@type":"ReadAction","target":["https:\/\/corludahaber.com\/h\/edirnede-topraktan-sofraya-edirne-gastronomi-festivali-basladi\/92600"]}]},{"@type":"ImageObject","inLanguage":"tr","@id":"https:\/\/corludahaber.com\/h\/edirnede-topraktan-sofraya-edirne-gastronomi-festivali-basladi\/92600#primaryimage","url":"https:\/\/corludahaber.com\/h\/wp-content\/uploads\/2024\/11\/edirnede-topraktan-sofraya-edirne-gastronomi-festivali-basladi_67252daa34773-scaled.jpeg","contentUrl":"https:\/\/corludahaber.com\/h\/wp-content\/uploads\/2024\/11\/edirnede-topraktan-sofraya-edirne-gastronomi-festivali-basladi_67252daa34773-scaled.jpeg","width":1920,"height":1280},{"@type":"BreadcrumbList","@id":"https:\/\/corludahaber.com\/h\/edirnede-topraktan-sofraya-edirne-gastronomi-festivali-basladi\/92600#breadcrumb","itemListElement":[{"@type":"ListItem","position":1,"name":"Anasayfa","item":"https:\/\/corludahaber.com\/h\/"},{"@type":"ListItem","position":2,"name":"Edirne","item":"https:\/\/corludahaber.com\/h\/kategori\/edirne"},{"@type":"ListItem","position":3,"name":"Edirne&#8217;de &#8216;Topraktan Sofraya Edirne Gastronomi Festivali&#8217; ba\u015flad\u0131"}]},{"@type":"WebSite","@id":"https:\/\/corludahaber.com\/h\/#website","url":"https:\/\/corludahaber.com\/h\/","name":"\u00c7orlu'da Haber","description":"Ger\u00e7ek Tarafs\u0131z Haber","publisher":{"@id":"https:\/\/corludahaber.com\/h\/#organization"},"potentialAction":[{"@type":"SearchAction","target":{"@type":"EntryPoint","urlTemplate":"https:\/\/corludahaber.com\/h\/?s={search_term_string}"},"query-input":"required name=search_term_string"}],"inLanguage":"tr"},{"@type":"Organization","@id":"https:\/\/corludahaber.com\/h\/#organization","name":"\u00c7orlu'da Haber","url":"https:\/\/corludahaber.com\/h\/","logo":{"@type":"ImageObject","inLanguage":"tr","@id":"https:\/\/corludahaber.com\/h\/#\/schema\/logo\/image\/","url":"https:\/\/corludahaber.com\/h\/wp-content\/uploads\/2021\/12\/logo__9__1_-removebg-preview.png","contentUrl":"https:\/\/corludahaber.com\/h\/wp-content\/uploads\/2021\/12\/logo__9__1_-removebg-preview.png","width":500,"height":157,"caption":"\u00c7orlu'da Haber"},"image":{"@id":"https:\/\/corludahaber.com\/h\/#\/schema\/logo\/image\/"},"sameAs":["https:\/\/facebook.com\/habercorluda","https:\/\/x.com\/habercorluda","https:\/\/www.instagram.com\/corludahaber","https:\/\/www.youtube.com\/user\/corludahaber"]},{"@type":"Person","@id":"https:\/\/corludahaber.com\/h\/#\/schema\/person\/b523522be44b062db5d74a62589768cd","name":"\u00c7orlu'da Haber","image":{"@type":"ImageObject","inLanguage":"tr","@id":"https:\/\/corludahaber.com\/h\/#\/schema\/person\/image\/","url":"https:\/\/secure.gravatar.com\/avatar\/1033e54e078c29fd7f053370086ff627ba414b05c2b231c418a481adecd764ce?s=96&d=blank&r=g","contentUrl":"https:\/\/secure.gravatar.com\/avatar\/1033e54e078c29fd7f053370086ff627ba414b05c2b231c418a481adecd764ce?s=96&d=blank&r=g","caption":"\u00c7orlu'da Haber"},"sameAs":["https:\/\/corludahaber.com\/h"],"url":"https:\/\/corludahaber.com\/h\/author\/admin"}]}},"_links":{"self":[{"href":"https:\/\/corludahaber.com\/h\/wp-json\/wp\/v2\/posts\/92600","targetHints":{"allow":["GET"]}}],"collection":[{"href":"https:\/\/corludahaber.com\/h\/wp-json\/wp\/v2\/posts"}],"about":[{"href":"https:\/\/corludahaber.com\/h\/wp-json\/wp\/v2\/types\/post"}],"author":[{"embeddable":true,"href":"https:\/\/corludahaber.com\/h\/wp-json\/wp\/v2\/users\/151"}],"replies":[{"embeddable":true,"href":"https:\/\/corludahaber.com\/h\/wp-json\/wp\/v2\/comments?post=92600"}],"version-history":[{"count":0,"href":"https:\/\/corludahaber.com\/h\/wp-json\/wp\/v2\/posts\/92600\/revisions"}],"wp:featuredmedia":[{"embeddable":true,"href":"https:\/\/corludahaber.com\/h\/wp-json\/wp\/v2\/media\/92601"}],"wp:attachment":[{"href":"https:\/\/corludahaber.com\/h\/wp-json\/wp\/v2\/media?parent=92600"}],"wp:term":[{"taxonomy":"category","embeddable":true,"href":"https:\/\/corludahaber.com\/h\/wp-json\/wp\/v2\/categories?post=92600"},{"taxonomy":"post_tag","embeddable":true,"href":"https:\/\/corludahaber.com\/h\/wp-json\/wp\/v2\/tags?post=92600"}],"curies":[{"name":"wp","href":"https:\/\/api.w.org\/{rel}","templated":true}]}}