{"id":91198,"date":"2024-10-01T18:05:29","date_gmt":"2024-10-01T15:05:29","guid":{"rendered":"https:\/\/corludahaber.com\/h\/kirklarelide-aranmasi-bulunan-13-supheli-yakalandi\/91198"},"modified":"2024-10-01T18:05:38","modified_gmt":"2024-10-01T15:05:38","slug":"kirklarelide-aranmasi-bulunan-13-supheli-yakalandi","status":"publish","type":"post","link":"https:\/\/corludahaber.com\/h\/kirklarelide-aranmasi-bulunan-13-supheli-yakalandi\/91198","title":{"rendered":"K\u0131rklareli&#8217;de aranmas\u0131 bulunan 13 \u015f\u00fcpheli yakaland\u0131"},"content":{"rendered":"<div class=\"corlu-icerikten-once_3\" id=\"corlu-1421677405\"><script type='text\/javascript' src='https:\/\/platform-api.sharethis.com\/js\/sharethis.js#property=5ce8cf08af7d000012cb0ca1&product=inline-reaction-buttons' async='async'><\/script>\r\n\r\n<\/div><div readability=\"40\"><span class=\"category-name hidden\"><\/span><\/p><div class=\"corlu-icerik-2\" id=\"corlu-1640640697\"><!-- Admatic AUTO ads START -->\r\n<ins data-publisher=\"adm-pub-155556240050\" data-ad-network=\"659428a24d11b285b616c18d\"   class=\"adm-ads-area\"><\/ins>\r\n<script type=\"text\/javascript\" src=\"https:\/\/static.cdn.admatic.com.tr\/showad\/showad.min.js\"><\/script>\r\n<!-- Admatic AUTO ads END --><\/div>\n<p>\u00d6mer KU\u015e\u00c7U\/KIRKLAREL\u0130, (DHA)- KIRKLAREL\u0130&#8217;de jandarma ekiplerinin aranan \u015f\u00fcphelilere y\u00f6nelik yapt\u0131\u011f\u0131 \u00e7al\u0131\u015fmada yakalanan 13 ki\u015fiden 7&#8217;si tutukland\u0131.<\/p>\n<p>\u0130l Jandarma Komutanl\u0131\u011f\u0131 Jandarma Su\u00e7 Ara\u015ft\u0131rma Timi (JASAT) ekipleri, son 15 g\u00fcnde aranan \u015f\u00fcpheliler y\u00f6nelik \u00e7al\u0131\u015fma yapt\u0131. \u00c7al\u0131\u015fmada 18 y\u0131l 56 ay kesinle\u015fmi\u015f hapis cezas\u0131 bulunan E.G. ile \u00e7e\u015fitli hapis cezalar\u0131na \u00e7arpt\u0131r\u0131lanlar\u0131n da aralar\u0131nda bulundu\u011fu 13 \u015f\u00fcpheli yakalanarak g\u00f6zalt\u0131na al\u0131nd\u0131. Jandarmadaki i\u015flemlerinin ard\u0131ndan adliyeye sevk edilen \u015f\u00fcphelilerden 7&#8217;si tutuklanarak cezaevine konuldu. (DHA)<\/p>\n<p>FOTO\u011eRAFLI<\/p>\n<\/div>\n<div class=\"corlu-icerikten-sonra_3\" id=\"corlu-2151358170\"><p><img loading=\"lazy\" decoding=\"async\" class=\"aligncenter\" src=\"https:\/\/www.corludahaber.com\/bahcesehir.jpg\" alt=\"\" width=\"624\" height=\"196\" \/><\/p>\n<table style=\"text-align: left; width: 100%;\" border=\"1\" cellspacing=\"2\" cellpadding=\"2\">\n<tbody>\n<tr>\n<td style=\"background-color: #050805;\"><span style=\"font-size: 12pt;\"><small><small><em><strong><big><span style=\"color: #ff0000;\">Haber ve resimlerin telif haklar\u0131ndan dolay\u0131 kullan\u0131m\u0131 yasakt\u0131r<span style=\"color: #000000;\">.<\/span><\/span><span style=\"color: #000000;\">\u00a0<\/span><span style=\"color: #ffffff;\">Yaz\u0131l\u0131 izni al\u0131nmadan hi\u00e7bir yaz\u0131l\u0131, g\u00f6rsel, i\u015fitsel i\u00e7erik kopyalanamaz, de\u011fi\u015ftirilemez, yay\u0131nlanamaz veya sat\u0131lamaz. Aksi halde<\/span>\u00a0<span style=\"color: #ff0000;\">5846<span style=\"color: #ffffff;\">\u00a0<\/span><\/span><span style=\"color: #ffffff;\">say\u0131l\u0131 Fikir ve Sanat Eserleri Kanunu\u2019na ve<\/span>\u00a0<span style=\"color: #800000;\"><span style=\"color: #ff0000;\">6102<\/span><span style=\"color: #ffffff;\">\u00a0<\/span><\/span><span style=\"color: #ffffff;\">say\u0131l\u0131 maddesine g\u00f6re<\/span>\u00a0<span style=\"color: #ff0000;\">gerekli i\u015flemler uygulanacakt\u0131r.<\/span><br \/>\n<span style=\"color: #ffffff;\">\u00a9 Copyright 2014<\/span><\/big><\/strong><\/em><\/small><\/small><\/span><\/td>\n<\/tr>\n<\/tbody>\n<\/table>\n<p><small><small>\u00a0<\/small><\/small><\/p>\n<\/div>","protected":false},"excerpt":{"rendered":"<p>\u00d6mer KU\u015e\u00c7U\/KIRKLAREL\u0130, (DHA)- KIRKLAREL\u0130&#8217;de jandarma ekiplerinin aranan \u015f\u00fcphelilere y\u00f6nelik yapt\u0131\u011f\u0131 \u00e7al\u0131\u015fmada yakalanan 13 ki\u015fiden 7&#8217;si tutukland\u0131. \u0130l Jandarma Komutanl\u0131\u011f\u0131 Jandarma Su\u00e7 Ara\u015ft\u0131rma Timi (JASAT) ekipleri, son 15 g\u00fcnde aranan \u015f\u00fcpheliler y\u00f6nelik \u00e7al\u0131\u015fma yapt\u0131. \u00c7al\u0131\u015fmada 18 y\u0131l 56 ay kesinle\u015fmi\u015f hapis cezas\u0131 bulunan E.G. ile \u00e7e\u015fitli hapis cezalar\u0131na \u00e7arpt\u0131r\u0131lanlar\u0131n da aralar\u0131nda bulundu\u011fu 13 \u015f\u00fcpheli yakalanarak g\u00f6zalt\u0131na &hellip;<\/p>\n","protected":false},"author":151,"featured_media":91199,"comment_status":"open","ping_status":"closed","sticky":false,"template":"","format":"standard","meta":{"footnotes":""},"categories":[122],"tags":[1863,8025,613,9376,15478,612,18589,3661,914,453],"class_list":["post-91198","post","type-post","status-publish","format-standard","has-post-thumbnail","hentry","category-kirklareli","tag-aranmasi","tag-asayis","tag-bulunan","tag-corlu-kaza","tag-corlu-son-dakika-kaza","tag-kirklareli","tag-kirklarelide-aranmasi-bulunan-13-supheli-yakalandi","tag-son-dakika-kaza","tag-supheli","tag-yakalandi"],"yoast_head":"<!-- This site is optimized with the Yoast SEO Premium plugin v23.3 (Yoast SEO v23.3) - https:\/\/yoast.com\/wordpress\/plugins\/seo\/ -->\n<title>K\u0131rklareli&#039;de aranmas\u0131 bulunan 13 \u015f\u00fcpheli yakaland\u0131 | \u00c7orlu&#039;da Haber<\/title>\n<meta name=\"description\" content=\"K\u0131rklareli&#039;de aranmas\u0131 bulunan 13 \u015f\u00fcpheli yakaland\u0131 | \u00c7orlu&#039;da Haber\" \/>\n<meta name=\"robots\" content=\"index, follow, max-snippet:-1, max-image-preview:large, max-video-preview:-1\" \/>\n<link rel=\"canonical\" href=\"https:\/\/corludahaber.com\/h\/kirklarelide-aranmasi-bulunan-13-supheli-yakalandi\/91198\" \/>\n<meta property=\"og:locale\" content=\"tr_TR\" \/>\n<meta property=\"og:type\" content=\"article\" \/>\n<meta property=\"og:title\" content=\"K\u0131rklareli&#039;de aranmas\u0131 bulunan 13 \u015f\u00fcpheli yakaland\u0131 | \u00c7orlu&#039;da Haber\" \/>\n<meta property=\"og:description\" content=\"K\u0131rklareli&#039;de aranmas\u0131 bulunan 13 \u015f\u00fcpheli yakaland\u0131 | \u00c7orlu&#039;da Haber\" \/>\n<meta property=\"og:url\" content=\"https:\/\/corludahaber.com\/h\/kirklarelide-aranmasi-bulunan-13-supheli-yakalandi\/91198\" \/>\n<meta property=\"og:site_name\" content=\"\u00c7orlu&#039;da Haber\" \/>\n<meta property=\"article:publisher\" content=\"https:\/\/facebook.com\/habercorluda\" \/>\n<meta property=\"article:published_time\" content=\"2024-10-01T15:05:29+00:00\" \/>\n<meta property=\"article:modified_time\" content=\"2024-10-01T15:05:38+00:00\" \/>\n<meta property=\"og:image\" content=\"https:\/\/corludahaber.com\/h\/wp-content\/uploads\/2024\/10\/kirklarelide-aranmasi-bulunan-13-supheli-yakalandi_66fc0fbb7471e.jpeg\" \/>\n\t<meta property=\"og:image:width\" content=\"2000\" \/>\n\t<meta property=\"og:image:height\" content=\"1991\" \/>\n\t<meta property=\"og:image:type\" content=\"image\/jpeg\" \/>\n<meta name=\"author\" content=\"\u00c7orlu&#039;da Haber\" \/>\n<meta name=\"twitter:card\" content=\"summary_large_image\" \/>\n<meta name=\"twitter:creator\" content=\"@habercorluda\" \/>\n<meta name=\"twitter:site\" content=\"@habercorluda\" \/>\n<meta name=\"twitter:label1\" content=\"Yazan:\" \/>\n\t<meta name=\"twitter:data1\" content=\"\u00c7orlu&#039;da Haber\" \/>\n<script type=\"application\/ld+json\" class=\"yoast-schema-graph\">{\"@context\":\"https:\/\/schema.org\",\"@graph\":[{\"@type\":\"Article\",\"@id\":\"https:\/\/corludahaber.com\/h\/kirklarelide-aranmasi-bulunan-13-supheli-yakalandi\/91198#article\",\"isPartOf\":{\"@id\":\"https:\/\/corludahaber.com\/h\/kirklarelide-aranmasi-bulunan-13-supheli-yakalandi\/91198\"},\"author\":{\"name\":\"\u00c7orlu'da Haber\",\"@id\":\"https:\/\/corludahaber.com\/h\/#\/schema\/person\/b523522be44b062db5d74a62589768cd\"},\"headline\":\"K\u0131rklareli&#8217;de aranmas\u0131 bulunan 13 \u015f\u00fcpheli yakaland\u0131\",\"datePublished\":\"2024-10-01T15:05:29+00:00\",\"dateModified\":\"2024-10-01T15:05:38+00:00\",\"mainEntityOfPage\":{\"@id\":\"https:\/\/corludahaber.com\/h\/kirklarelide-aranmasi-bulunan-13-supheli-yakalandi\/91198\"},\"wordCount\":100,\"commentCount\":0,\"publisher\":{\"@id\":\"https:\/\/corludahaber.com\/h\/#organization\"},\"image\":{\"@id\":\"https:\/\/corludahaber.com\/h\/kirklarelide-aranmasi-bulunan-13-supheli-yakalandi\/91198#primaryimage\"},\"thumbnailUrl\":\"https:\/\/corludahaber.com\/h\/wp-content\/uploads\/2024\/10\/kirklarelide-aranmasi-bulunan-13-supheli-yakalandi_66fc0fbb7471e.jpeg\",\"keywords\":[\"aranmas\u0131\",\"asayi\u015f\",\"bulunan\",\"\u00c7orlu kaza\",\"\u00c7orlu son dakika kaza\",\"K\u0131rklareli\",\"K\u0131rklareli'de aranmas\u0131 bulunan 13 \u015f\u00fcpheli yakaland\u0131\",\"son dakika kaza\",\"\u015f\u00fcpheli\",\"yakaland\u0131\"],\"articleSection\":[\"K\u0131rklareli\"],\"inLanguage\":\"tr\",\"potentialAction\":[{\"@type\":\"CommentAction\",\"name\":\"Comment\",\"target\":[\"https:\/\/corludahaber.com\/h\/kirklarelide-aranmasi-bulunan-13-supheli-yakalandi\/91198#respond\"]}]},{\"@type\":\"WebPage\",\"@id\":\"https:\/\/corludahaber.com\/h\/kirklarelide-aranmasi-bulunan-13-supheli-yakalandi\/91198\",\"url\":\"https:\/\/corludahaber.com\/h\/kirklarelide-aranmasi-bulunan-13-supheli-yakalandi\/91198\",\"name\":\"K\u0131rklareli'de aranmas\u0131 bulunan 13 \u015f\u00fcpheli yakaland\u0131 | \u00c7orlu&#039;da Haber\",\"isPartOf\":{\"@id\":\"https:\/\/corludahaber.com\/h\/#website\"},\"primaryImageOfPage\":{\"@id\":\"https:\/\/corludahaber.com\/h\/kirklarelide-aranmasi-bulunan-13-supheli-yakalandi\/91198#primaryimage\"},\"image\":{\"@id\":\"https:\/\/corludahaber.com\/h\/kirklarelide-aranmasi-bulunan-13-supheli-yakalandi\/91198#primaryimage\"},\"thumbnailUrl\":\"https:\/\/corludahaber.com\/h\/wp-content\/uploads\/2024\/10\/kirklarelide-aranmasi-bulunan-13-supheli-yakalandi_66fc0fbb7471e.jpeg\",\"datePublished\":\"2024-10-01T15:05:29+00:00\",\"dateModified\":\"2024-10-01T15:05:38+00:00\",\"description\":\"K\u0131rklareli'de aranmas\u0131 bulunan 13 \u015f\u00fcpheli yakaland\u0131 | \u00c7orlu&#039;da Haber\",\"breadcrumb\":{\"@id\":\"https:\/\/corludahaber.com\/h\/kirklarelide-aranmasi-bulunan-13-supheli-yakalandi\/91198#breadcrumb\"},\"inLanguage\":\"tr\",\"potentialAction\":[{\"@type\":\"ReadAction\",\"target\":[\"https:\/\/corludahaber.com\/h\/kirklarelide-aranmasi-bulunan-13-supheli-yakalandi\/91198\"]}]},{\"@type\":\"ImageObject\",\"inLanguage\":\"tr\",\"@id\":\"https:\/\/corludahaber.com\/h\/kirklarelide-aranmasi-bulunan-13-supheli-yakalandi\/91198#primaryimage\",\"url\":\"https:\/\/corludahaber.com\/h\/wp-content\/uploads\/2024\/10\/kirklarelide-aranmasi-bulunan-13-supheli-yakalandi_66fc0fbb7471e.jpeg\",\"contentUrl\":\"https:\/\/corludahaber.com\/h\/wp-content\/uploads\/2024\/10\/kirklarelide-aranmasi-bulunan-13-supheli-yakalandi_66fc0fbb7471e.jpeg\",\"width\":2000,\"height\":1991},{\"@type\":\"BreadcrumbList\",\"@id\":\"https:\/\/corludahaber.com\/h\/kirklarelide-aranmasi-bulunan-13-supheli-yakalandi\/91198#breadcrumb\",\"itemListElement\":[{\"@type\":\"ListItem\",\"position\":1,\"name\":\"Anasayfa\",\"item\":\"https:\/\/corludahaber.com\/h\/\"},{\"@type\":\"ListItem\",\"position\":2,\"name\":\"K\u0131rklareli\",\"item\":\"https:\/\/corludahaber.com\/h\/kategori\/kirklareli\"},{\"@type\":\"ListItem\",\"position\":3,\"name\":\"K\u0131rklareli&#8217;de aranmas\u0131 bulunan 13 \u015f\u00fcpheli yakaland\u0131\"}]},{\"@type\":\"WebSite\",\"@id\":\"https:\/\/corludahaber.com\/h\/#website\",\"url\":\"https:\/\/corludahaber.com\/h\/\",\"name\":\"\u00c7orlu'da Haber\",\"description\":\"Ger\u00e7ek Tarafs\u0131z Haber\",\"publisher\":{\"@id\":\"https:\/\/corludahaber.com\/h\/#organization\"},\"potentialAction\":[{\"@type\":\"SearchAction\",\"target\":{\"@type\":\"EntryPoint\",\"urlTemplate\":\"https:\/\/corludahaber.com\/h\/?s={search_term_string}\"},\"query-input\":\"required name=search_term_string\"}],\"inLanguage\":\"tr\"},{\"@type\":\"Organization\",\"@id\":\"https:\/\/corludahaber.com\/h\/#organization\",\"name\":\"\u00c7orlu'da Haber\",\"url\":\"https:\/\/corludahaber.com\/h\/\",\"logo\":{\"@type\":\"ImageObject\",\"inLanguage\":\"tr\",\"@id\":\"https:\/\/corludahaber.com\/h\/#\/schema\/logo\/image\/\",\"url\":\"https:\/\/corludahaber.com\/h\/wp-content\/uploads\/2021\/12\/logo__9__1_-removebg-preview.png\",\"contentUrl\":\"https:\/\/corludahaber.com\/h\/wp-content\/uploads\/2021\/12\/logo__9__1_-removebg-preview.png\",\"width\":500,\"height\":157,\"caption\":\"\u00c7orlu'da Haber\"},\"image\":{\"@id\":\"https:\/\/corludahaber.com\/h\/#\/schema\/logo\/image\/\"},\"sameAs\":[\"https:\/\/facebook.com\/habercorluda\",\"https:\/\/x.com\/habercorluda\",\"https:\/\/www.instagram.com\/corludahaber\",\"https:\/\/www.youtube.com\/user\/corludahaber\"]},{\"@type\":\"Person\",\"@id\":\"https:\/\/corludahaber.com\/h\/#\/schema\/person\/b523522be44b062db5d74a62589768cd\",\"name\":\"\u00c7orlu'da Haber\",\"image\":{\"@type\":\"ImageObject\",\"inLanguage\":\"tr\",\"@id\":\"https:\/\/corludahaber.com\/h\/#\/schema\/person\/image\/\",\"url\":\"https:\/\/secure.gravatar.com\/avatar\/1033e54e078c29fd7f053370086ff627ba414b05c2b231c418a481adecd764ce?s=96&d=blank&r=g\",\"contentUrl\":\"https:\/\/secure.gravatar.com\/avatar\/1033e54e078c29fd7f053370086ff627ba414b05c2b231c418a481adecd764ce?s=96&d=blank&r=g\",\"caption\":\"\u00c7orlu'da Haber\"},\"sameAs\":[\"https:\/\/corludahaber.com\/h\"],\"url\":\"https:\/\/corludahaber.com\/h\/author\/admin\"}]}<\/script>\n<!-- \/ Yoast SEO Premium plugin. -->","yoast_head_json":{"title":"K\u0131rklareli'de aranmas\u0131 bulunan 13 \u015f\u00fcpheli yakaland\u0131 | \u00c7orlu&#039;da Haber","description":"K\u0131rklareli'de aranmas\u0131 bulunan 13 \u015f\u00fcpheli yakaland\u0131 | \u00c7orlu&#039;da Haber","robots":{"index":"index","follow":"follow","max-snippet":"max-snippet:-1","max-image-preview":"max-image-preview:large","max-video-preview":"max-video-preview:-1"},"canonical":"https:\/\/corludahaber.com\/h\/kirklarelide-aranmasi-bulunan-13-supheli-yakalandi\/91198","og_locale":"tr_TR","og_type":"article","og_title":"K\u0131rklareli'de aranmas\u0131 bulunan 13 \u015f\u00fcpheli yakaland\u0131 | \u00c7orlu&#039;da Haber","og_description":"K\u0131rklareli'de aranmas\u0131 bulunan 13 \u015f\u00fcpheli yakaland\u0131 | \u00c7orlu&#039;da Haber","og_url":"https:\/\/corludahaber.com\/h\/kirklarelide-aranmasi-bulunan-13-supheli-yakalandi\/91198","og_site_name":"\u00c7orlu&#039;da Haber","article_publisher":"https:\/\/facebook.com\/habercorluda","article_published_time":"2024-10-01T15:05:29+00:00","article_modified_time":"2024-10-01T15:05:38+00:00","og_image":[{"width":2000,"height":1991,"url":"https:\/\/corludahaber.com\/h\/wp-content\/uploads\/2024\/10\/kirklarelide-aranmasi-bulunan-13-supheli-yakalandi_66fc0fbb7471e.jpeg","type":"image\/jpeg"}],"author":"\u00c7orlu'da Haber","twitter_card":"summary_large_image","twitter_creator":"@habercorluda","twitter_site":"@habercorluda","twitter_misc":{"Yazan:":"\u00c7orlu'da Haber"},"schema":{"@context":"https:\/\/schema.org","@graph":[{"@type":"Article","@id":"https:\/\/corludahaber.com\/h\/kirklarelide-aranmasi-bulunan-13-supheli-yakalandi\/91198#article","isPartOf":{"@id":"https:\/\/corludahaber.com\/h\/kirklarelide-aranmasi-bulunan-13-supheli-yakalandi\/91198"},"author":{"name":"\u00c7orlu'da Haber","@id":"https:\/\/corludahaber.com\/h\/#\/schema\/person\/b523522be44b062db5d74a62589768cd"},"headline":"K\u0131rklareli&#8217;de aranmas\u0131 bulunan 13 \u015f\u00fcpheli yakaland\u0131","datePublished":"2024-10-01T15:05:29+00:00","dateModified":"2024-10-01T15:05:38+00:00","mainEntityOfPage":{"@id":"https:\/\/corludahaber.com\/h\/kirklarelide-aranmasi-bulunan-13-supheli-yakalandi\/91198"},"wordCount":100,"commentCount":0,"publisher":{"@id":"https:\/\/corludahaber.com\/h\/#organization"},"image":{"@id":"https:\/\/corludahaber.com\/h\/kirklarelide-aranmasi-bulunan-13-supheli-yakalandi\/91198#primaryimage"},"thumbnailUrl":"https:\/\/corludahaber.com\/h\/wp-content\/uploads\/2024\/10\/kirklarelide-aranmasi-bulunan-13-supheli-yakalandi_66fc0fbb7471e.jpeg","keywords":["aranmas\u0131","asayi\u015f","bulunan","\u00c7orlu kaza","\u00c7orlu son dakika kaza","K\u0131rklareli","K\u0131rklareli'de aranmas\u0131 bulunan 13 \u015f\u00fcpheli yakaland\u0131","son dakika kaza","\u015f\u00fcpheli","yakaland\u0131"],"articleSection":["K\u0131rklareli"],"inLanguage":"tr","potentialAction":[{"@type":"CommentAction","name":"Comment","target":["https:\/\/corludahaber.com\/h\/kirklarelide-aranmasi-bulunan-13-supheli-yakalandi\/91198#respond"]}]},{"@type":"WebPage","@id":"https:\/\/corludahaber.com\/h\/kirklarelide-aranmasi-bulunan-13-supheli-yakalandi\/91198","url":"https:\/\/corludahaber.com\/h\/kirklarelide-aranmasi-bulunan-13-supheli-yakalandi\/91198","name":"K\u0131rklareli'de aranmas\u0131 bulunan 13 \u015f\u00fcpheli yakaland\u0131 | \u00c7orlu&#039;da Haber","isPartOf":{"@id":"https:\/\/corludahaber.com\/h\/#website"},"primaryImageOfPage":{"@id":"https:\/\/corludahaber.com\/h\/kirklarelide-aranmasi-bulunan-13-supheli-yakalandi\/91198#primaryimage"},"image":{"@id":"https:\/\/corludahaber.com\/h\/kirklarelide-aranmasi-bulunan-13-supheli-yakalandi\/91198#primaryimage"},"thumbnailUrl":"https:\/\/corludahaber.com\/h\/wp-content\/uploads\/2024\/10\/kirklarelide-aranmasi-bulunan-13-supheli-yakalandi_66fc0fbb7471e.jpeg","datePublished":"2024-10-01T15:05:29+00:00","dateModified":"2024-10-01T15:05:38+00:00","description":"K\u0131rklareli'de aranmas\u0131 bulunan 13 \u015f\u00fcpheli yakaland\u0131 | \u00c7orlu&#039;da Haber","breadcrumb":{"@id":"https:\/\/corludahaber.com\/h\/kirklarelide-aranmasi-bulunan-13-supheli-yakalandi\/91198#breadcrumb"},"inLanguage":"tr","potentialAction":[{"@type":"ReadAction","target":["https:\/\/corludahaber.com\/h\/kirklarelide-aranmasi-bulunan-13-supheli-yakalandi\/91198"]}]},{"@type":"ImageObject","inLanguage":"tr","@id":"https:\/\/corludahaber.com\/h\/kirklarelide-aranmasi-bulunan-13-supheli-yakalandi\/91198#primaryimage","url":"https:\/\/corludahaber.com\/h\/wp-content\/uploads\/2024\/10\/kirklarelide-aranmasi-bulunan-13-supheli-yakalandi_66fc0fbb7471e.jpeg","contentUrl":"https:\/\/corludahaber.com\/h\/wp-content\/uploads\/2024\/10\/kirklarelide-aranmasi-bulunan-13-supheli-yakalandi_66fc0fbb7471e.jpeg","width":2000,"height":1991},{"@type":"BreadcrumbList","@id":"https:\/\/corludahaber.com\/h\/kirklarelide-aranmasi-bulunan-13-supheli-yakalandi\/91198#breadcrumb","itemListElement":[{"@type":"ListItem","position":1,"name":"Anasayfa","item":"https:\/\/corludahaber.com\/h\/"},{"@type":"ListItem","position":2,"name":"K\u0131rklareli","item":"https:\/\/corludahaber.com\/h\/kategori\/kirklareli"},{"@type":"ListItem","position":3,"name":"K\u0131rklareli&#8217;de aranmas\u0131 bulunan 13 \u015f\u00fcpheli yakaland\u0131"}]},{"@type":"WebSite","@id":"https:\/\/corludahaber.com\/h\/#website","url":"https:\/\/corludahaber.com\/h\/","name":"\u00c7orlu'da Haber","description":"Ger\u00e7ek Tarafs\u0131z Haber","publisher":{"@id":"https:\/\/corludahaber.com\/h\/#organization"},"potentialAction":[{"@type":"SearchAction","target":{"@type":"EntryPoint","urlTemplate":"https:\/\/corludahaber.com\/h\/?s={search_term_string}"},"query-input":"required name=search_term_string"}],"inLanguage":"tr"},{"@type":"Organization","@id":"https:\/\/corludahaber.com\/h\/#organization","name":"\u00c7orlu'da Haber","url":"https:\/\/corludahaber.com\/h\/","logo":{"@type":"ImageObject","inLanguage":"tr","@id":"https:\/\/corludahaber.com\/h\/#\/schema\/logo\/image\/","url":"https:\/\/corludahaber.com\/h\/wp-content\/uploads\/2021\/12\/logo__9__1_-removebg-preview.png","contentUrl":"https:\/\/corludahaber.com\/h\/wp-content\/uploads\/2021\/12\/logo__9__1_-removebg-preview.png","width":500,"height":157,"caption":"\u00c7orlu'da Haber"},"image":{"@id":"https:\/\/corludahaber.com\/h\/#\/schema\/logo\/image\/"},"sameAs":["https:\/\/facebook.com\/habercorluda","https:\/\/x.com\/habercorluda","https:\/\/www.instagram.com\/corludahaber","https:\/\/www.youtube.com\/user\/corludahaber"]},{"@type":"Person","@id":"https:\/\/corludahaber.com\/h\/#\/schema\/person\/b523522be44b062db5d74a62589768cd","name":"\u00c7orlu'da Haber","image":{"@type":"ImageObject","inLanguage":"tr","@id":"https:\/\/corludahaber.com\/h\/#\/schema\/person\/image\/","url":"https:\/\/secure.gravatar.com\/avatar\/1033e54e078c29fd7f053370086ff627ba414b05c2b231c418a481adecd764ce?s=96&d=blank&r=g","contentUrl":"https:\/\/secure.gravatar.com\/avatar\/1033e54e078c29fd7f053370086ff627ba414b05c2b231c418a481adecd764ce?s=96&d=blank&r=g","caption":"\u00c7orlu'da Haber"},"sameAs":["https:\/\/corludahaber.com\/h"],"url":"https:\/\/corludahaber.com\/h\/author\/admin"}]}},"_links":{"self":[{"href":"https:\/\/corludahaber.com\/h\/wp-json\/wp\/v2\/posts\/91198","targetHints":{"allow":["GET"]}}],"collection":[{"href":"https:\/\/corludahaber.com\/h\/wp-json\/wp\/v2\/posts"}],"about":[{"href":"https:\/\/corludahaber.com\/h\/wp-json\/wp\/v2\/types\/post"}],"author":[{"embeddable":true,"href":"https:\/\/corludahaber.com\/h\/wp-json\/wp\/v2\/users\/151"}],"replies":[{"embeddable":true,"href":"https:\/\/corludahaber.com\/h\/wp-json\/wp\/v2\/comments?post=91198"}],"version-history":[{"count":0,"href":"https:\/\/corludahaber.com\/h\/wp-json\/wp\/v2\/posts\/91198\/revisions"}],"wp:featuredmedia":[{"embeddable":true,"href":"https:\/\/corludahaber.com\/h\/wp-json\/wp\/v2\/media\/91199"}],"wp:attachment":[{"href":"https:\/\/corludahaber.com\/h\/wp-json\/wp\/v2\/media?parent=91198"}],"wp:term":[{"taxonomy":"category","embeddable":true,"href":"https:\/\/corludahaber.com\/h\/wp-json\/wp\/v2\/categories?post=91198"},{"taxonomy":"post_tag","embeddable":true,"href":"https:\/\/corludahaber.com\/h\/wp-json\/wp\/v2\/tags?post=91198"}],"curies":[{"name":"wp","href":"https:\/\/api.w.org\/{rel}","templated":true}]}}