{"id":89964,"date":"2024-09-10T07:28:55","date_gmt":"2024-09-10T04:28:55","guid":{"rendered":"https:\/\/corludahaber.com\/h\/vali-vekili-guler-2024-2025-egitim-ogretim-yilinin-ilk-ders-zilini-caldi\/89964"},"modified":"2024-09-10T07:29:02","modified_gmt":"2024-09-10T04:29:02","slug":"vali-vekili-guler-2024-2025-egitim-ogretim-yilinin-ilk-ders-zilini-caldi","status":"publish","type":"post","link":"https:\/\/corludahaber.com\/h\/vali-vekili-guler-2024-2025-egitim-ogretim-yilinin-ilk-ders-zilini-caldi\/89964","title":{"rendered":"Vali Vekili G\u00fcler 2024-2025 E\u011fitim-\u00d6\u011fretim Y\u0131l\u0131n\u0131n \u0130lk Ders Zilini \u00c7ald\u0131"},"content":{"rendered":"<div class=\"corlu-icerikten-once_3\" id=\"corlu-3943708244\"><script type='text\/javascript' src='https:\/\/platform-api.sharethis.com\/js\/sharethis.js#property=5ce8cf08af7d000012cb0ca1&product=inline-reaction-buttons' async='async'><\/script>\r\n\r\n<\/div><p><span style=\"vertical-align: inherit;\"><span style=\"vertical-align: inherit;\"><span style=\"vertical-align: inherit;\"><span style=\"vertical-align: inherit;\">Vali Vekili Say\u0131n Mustafa G\u00fcler, Tekirda\u011f Milletvekilleri \u0130lhami \u00d6zcan Aygun, Nurten Yontar, Tekirda\u011f B\u00fcy\u00fck\u015fehir Belediye Ba\u015fkan\u0131 Dr. Candan Y\u00fcceer, \u0130l Emniyet M\u00fcd\u00fcr\u00fc Ahmet Metin Turanl\u0131,\u00a0 \u0130l Jandarma Komutan\u0131 J. Alb. Ahmet \u00c7etin, S\u00fcleymanpa\u015fa Belediye Ba\u015fkan\u0131 Volkan Nallar, \u0130l Milli E\u011fitim M\u00fcd\u00fcr\u00fc Abdulaziz Yeniyol, K\u00fclt\u00fcr ve Turizm M\u00fcd\u00fcr\u00fc Ahmet Hac\u0131o\u011flu, Gen\u00e7lik ve Spor \u0130l M\u00fcd\u00fcr\u00fc Ahmet \u00dczg\u00fcn, Ak Parti \u0130l Ba\u015fkan\u0131 Ali G\u00fcm\u00fc\u015f, MHP \u0130l Ba\u015fkan\u0131 S\u00fcleyman Fethi \u015eirin ve \u00f6\u011frenci velilerinin kat\u0131l\u0131m\u0131yla\u00a0 2024-2025 E\u011fitim \u00d6\u011fretim Y\u0131l\u0131 1. Kanaat D\u00f6nemi a\u00e7\u0131l\u0131\u015f\u0131 S\u00fcleymanpa\u015fa il\u00e7emiz Ticaret Borsas\u0131 \u0130lkokulu\/Ortaokulu\u2019nda ger\u00e7ekle\u015ftirildi.<\/p><div class=\"corlu-icerik-2\" id=\"corlu-1371849990\"><!-- Admatic AUTO ads START -->\r\n<ins data-publisher=\"adm-pub-155556240050\" data-ad-network=\"659428a24d11b285b616c18d\"   class=\"adm-ads-area\"><\/ins>\r\n<script type=\"text\/javascript\" src=\"https:\/\/static.cdn.admatic.com.tr\/showad\/showad.min.js\"><\/script>\r\n<!-- Admatic AUTO ads END --><\/div>\n<p>A\u00e7\u0131l\u0131\u015f, sayg\u0131 duru\u015funda bulunulmas\u0131 ve \u0130stiklal Mar\u015f\u0131\u2019m\u0131z\u0131n okunmas\u0131yla ba\u015flad\u0131.<\/p>\n<p>Ard\u0131ndan konu\u015fan \u00a0Okul M\u00fcd\u00fcr\u00fc Yahya Korkmaz okul hakk\u0131nda bilgiler verdi. <\/p>\n<p>Okul M\u00fcd\u00fcr\u00fc Korkmaz\u2019\u0131n konu\u015fmas\u0131n\u0131n ard\u0131ndan Ticaret Borsas\u0131 \u0130lkokulu\/Ortaokulu 4. S\u0131n\u0131f \u00f6\u011frencisi Havva Nil Gen\u00e7t\u00fcrk \u015fiir okudu.<\/p>\n<p>Akabinde \u0130l Milli E\u011fitim M\u00fcd\u00fcr\u00fc Abdulaziz Yeniyol g\u00fcn\u00fcn anlam ve \u00f6nemini belirten bir konu\u015fma yapt\u0131. <\/p>\n<p>Ard\u0131ndan konu\u015fan Vali Vekili G\u00fcler; \u00a0\u201cK\u0131ymetli Milli E\u011fitim M\u00fcd\u00fcrlerimiz, k\u0131ymetli okul m\u00fcd\u00fcr\u00fcm\u00fcz, \u00e7ok de\u011ferli \u00f6\u011fretmenlerim, de\u011ferli velilerimiz ve gelece\u011fimizin mimar\u0131 , g\u00f6zayd\u0131nl\u0131\u011f\u0131m\u0131z sevgili yavrular\u0131m\u0131z.\u00a0 Hepinize hay\u0131rl\u0131 g\u00fcnler diliyor, en kalbi duygular\u0131mla\u00a0 sevgiyle, sayg\u0131yla sizleri selaml\u0131yorum. <\/p>\n<p>Bug\u00fcn\u00a0 yeni bir e\u011fitim y\u0131l\u0131na\u00a0 ba\u015flaman\u0131n\u00a0 heyecan\u0131 , mutlu\u011fu ve sevincini hep birlikte ya\u015f\u0131yoruz. Uzun bir tatil d\u00f6neminden sonra okullar\u0131na d\u00f6nen veya okula yeni ba\u015flayan sevgili \u00f6\u011frencilerimize ho\u015f geldiniz diyorum.<\/p>\n<p>Bug\u00fcn itibar\u0131 ile; t\u00fcm okullar\u0131m\u0131z\u0131 e\u011fitime eksiksiz olarak haz\u0131r hale getirdik. Eksik \u00d6\u011fretmenlerimizi tamamlad\u0131k. \u00d6\u011frencilerimizin kitaplar\u0131n\u0131\u00a0 masalar\u0131n\u0131n \u00fczerine eksiksiz\u00a0 ve bedelsiz temin edip koyduk. <\/p>\n<p>Bu e\u011fitim y\u0131l\u0131nda;<\/p>\n<p>Tekirda\u011f\u2019\u0131m\u0131zda 486\u2019s\u0131 resmi 506\u2019s\u0131 \u00f6zel olmak \u00fczere toplam 992 okulumuzda 13.558 \u00f6\u011fretmenimiz ve 209.194 \u00f6\u011frencimiz ders ba\u015f\u0131 yapacak.\u00a0\u00a0\u00a0\u00a0 G\u00f6revi yapacak t\u00fcm \u0130darecilerimize, ders ba\u015f\u0131 yapacak olan \u00f6\u011fretmen ve \u00f6\u011frencilerimize \u00fcst\u00fcn ba\u015far\u0131lar diliyorum.<\/p>\n<p>Toplumlar\u0131n\u00a0 hayat\u0131nda uyulmas\u0131 gereken kurallar, davran\u0131\u015flar, normlar, insanlar\u0131n hayat boyu davran\u0131\u015flar\u0131\u00a0 , ya\u015fam tarz\u0131n\u0131n ne olaca\u011f\u0131\u00a0\u00a0 ailede okulda ve \u00e7evresinde ald\u0131\u011f\u0131 e\u011fitimle \u015fekillenir, bi\u00e7imlenir.<\/p>\n<p>\u00a0Millet olarak bizler \u00f6ncelikle evlatlar\u0131m\u0131za, \u00f6\u011frencilerimize vatan, millet, bayrak, din sevgisi a\u015f\u0131lar\u0131z. <\/p>\n<p>E\u011fitim dilimizi, k\u00fclt\u00fcr\u00fcm\u00fcz\u00fc milli ve manevi de\u011ferlerimizi koruyup gelecek nesillere aktarmam\u0131z\u0131 sa\u011flayan en \u00f6nemli ara\u00e7t\u0131r.<\/p>\n<p>Geli\u015fmi\u015f toplumlar\u0131n en \u00f6nemli \u00f6zelli\u011fi iyi bir e\u011fitim sistemine sahip\u00a0 olmas\u0131d\u0131r. Bir toplumun bilim ve teknolojideki ba\u015far\u0131s\u0131yla e\u011fitimdeki ba\u015far\u0131s\u0131 do\u011fru orant\u0131l\u0131d\u0131r.<\/p>\n<p>Mustafa Kemal Atat\u00fcrk&#8217;\u00fcn dedi\u011fi gibi &#8220;Bir milleti h\u00fcr, ba\u011f\u0131ms\u0131z, \u015fanl\u0131 bir toplum olarak ya\u015fatan da k\u00f6leli\u011fe, yoksullu\u011fa d\u00fc\u015f\u00fcren de e\u011fitimdir.&#8221;<\/p>\n<p>E\u011fitimin bu say\u0131s\u0131z etki ve faydas\u0131n\u0131 ortaya \u00e7\u0131kmas\u0131, siz okul idarecileri ve \u00f6\u011fretmenlerimizin \u00fcst\u00fcn \u00e7abas\u0131 ve fedakarl\u0131\u011f\u0131 ile m\u00fcmk\u00fcn olabilir.<\/p>\n<p>\u00c7ocuklar\u0131m\u0131z, sizlere emanettir. Bu emanete sahip \u00e7\u0131kaca\u011f\u0131n\u0131za ve \u00e7ocuklar\u0131m\u0131z\u0131n iyi bir e\u011fitim almas\u0131 i\u00e7in elinizden gelen gayreti g\u00f6sterece\u011finize inanc\u0131m tamd\u0131r.<\/p>\n<p>Bilimi ve \u00f6\u011frenmeyi seven, vatan\u0131na, milletine, maneviyat\u0131na ba\u011fl\u0131, sorgulayan, okuyan, ele\u015ftirel d\u00fc\u015f\u00fcnebilen, sorun yaratan de\u011fil, \u00e7\u00f6z\u00fcm \u00fcreten ara\u015ft\u0131rmac\u0131 ve yarat\u0131c\u0131 bireyler yeti\u015ftirmeniz sizden en b\u00fcy\u00fck beklentimizdir. \u00d6\u011fretmenlerimiz sizler \u00e7ocuklar\u0131m\u0131zdaki cevherleri, yetenekleri bir kuyumcu hassasiyeti ile ke\u015ffetmelisiniz. Yazmaya , resme, spora , k\u00fclt\u00fcr ve sanata yetene\u011fi olan \u00f6\u011frencilere gerekli y\u00f6nlendirmeyi yapabilir ve onlar\u0131 y\u00fcreklendirebilirsiniz.,\u00a0 <\/p>\n<p>\u00d6\u011frenciler de\u00a0 yeteneklerini geli\u015ftirmeye k\u00fc\u00e7\u00fck ya\u015ftan ba\u015flar ve\u00a0 kendilerini geli\u015ftirebilirlerse\u00a0 gelecekte\u00a0 b\u00fcy\u00fck\u00a0\u00a0 ba\u015far\u0131lara imza atabilirler.<\/p>\n<p>Sevgili aileler, sizlere b\u00fcy\u00fck sorumluluklar d\u00fc\u015f\u00fcyor. \u00d6ncelikle \u00e7ocuklar\u0131m\u0131za \u00f6rnek olmal\u0131s\u0131n\u0131z. Onlarla ilgilenerek birlikte g\u00fczel ve faydal\u0131 vakit ge\u00e7irmeye \u00f6zen g\u00f6stermelisiniz. Psikoloji alan\u0131nda yap\u0131lan ara\u015ft\u0131rmalara g\u00f6re pek \u00e7ok davran\u0131\u015f\u0131m\u0131z\u0131n temelleri \u00e7ocukluk \u00e7a\u011f\u0131nda at\u0131l\u0131yor. \u00c7ocukluk \u00e7a\u011f\u0131nda ya\u015fad\u0131klar\u0131m\u0131z, g\u00f6rd\u00fcklerimiz, \u00f6\u011frendiklerimiz gelece\u011fimizi \u00e7ok fazla etkiliyor.<\/p>\n<p>\u0130yi , huzurlu ve mutlu\u00a0 bir ailede yeti\u015fen \u00e7ocuklar, mutlu, huzurlu, ba\u015far\u0131l\u0131 olur. Sizler, bug\u00fcnk\u00fc davran\u0131\u015f\u0131n\u0131zla, aile ili\u015fkilerinizle \u00e7ocuklar\u0131m\u0131z\u0131n i\u00e7 d\u00fcnyas\u0131nda b\u00fcy\u00fck izler b\u0131rak\u0131yorsunuz ve \u00e7ocuklar\u0131m\u0131z\u0131n gelece\u011fi bu izlere g\u00f6re \u015fekilleniyor. L\u00fctfen \u00e7ocuklar\u0131n\u0131za sorumluluk ve g\u00f6rev verin. Onlar\u0131n \u00fczerinden elinizi eksik etmeyiniz.<\/p>\n<p>Sevgili \u00e7ocuklar, sizler bu \u00fclkenin gelece\u011fini in\u015fa edeceksiniz. Gelece\u011fin m\u00fclki idare amirleri, hakimleri, savc\u0131lar\u0131, m\u00fchendisleri, \u00f6\u011fretmenleri sizler olacaks\u0131n\u0131z. Meslek edinmek ve edindi\u011finiz mesle\u011finizi en iyi \u015fekilde yapabilmek i\u00e7in kendinizi \u00e7ok iyi yeti\u015ftirmeniz gerekiyor. <\/p>\n<p>Bunun i\u00e7in \u00e7ok\u00a0 kitap okuyun, derslerinizi aksatmadan g\u00fcn\u00fc g\u00fcn\u00fcne \u00e7al\u0131\u015f\u0131n. Bir spor\u00a0 dal\u0131nda e\u011fitim al\u0131n, bir m\u00fczik aletini \u00e7almay\u0131 \u00f6\u011frenin.<\/p>\n<p>Ba\u015fta anne ve babalar\u0131n\u0131z\u0131n ve \u00f6\u011fretmenlerinizin s\u00f6z\u00fcn\u00fc , nasihatini iyi dinleyin. Onlar sizi t\u00fcm k\u00f6t\u00fcl\u00fcklerden ve yanl\u0131\u015f davran\u0131\u015flardan koruyup zarar g\u00f6rmemenizi arzu eder bunun i\u00e7in \u00e7aba harcarlar.<\/p>\n<p>Bu vesileyle, 2024-2025 E\u011fitim-\u00d6\u011fretim Y\u0131l\u0131&#8217;n\u0131n ba\u015far\u0131l\u0131\u00a0 ge\u00e7mesi ve hay\u0131rlara vesile olmas\u0131n\u0131 temenni ediyorum.\u201d dedi.<\/p>\n<p>Ard\u0131ndan Vali Vekili G\u00fcler ilk ders zilini \u00e7ald\u0131. Daha sonra Vali Vekili G\u00fcler ve protokol \u00fcyeleri \u00f6\u011frencilerle hat\u0131ra foto\u011fraf\u0131 \u00e7ektirdi.<\/p>\n<p>Ard\u0131ndan Vali Vekili G\u00fcler ve protokol \u00fcyeleri, s\u0131n\u0131f\u0131 gezerek \u00f6\u011fretmen ve \u00f6\u011frencilere ba\u015far\u0131lar diledi.<\/p>\n<p>\u00a0<\/span><\/span><\/span><\/span><\/p>\n<table style=\"text-align: left; color: #ff0000; font-weight: bold; width: 100%; height: 100%;\" border=\"1\" cellspacing=\"2\" cellpadding=\"2\">\n<tbody>\n<tr>\n<td style=\"background-color: #000000;\">\n<h5><em><span style=\"color: #ff0000;\">Bu haber <\/span><span style=\"color: #ff0000;\"><span style=\"color: #ffffff;\">Tekirda\u011f Valili\u011fi&#8217;nin <\/span>Kendi sitesinden botlar yard\u0131m\u0131yla otomatik olarak eklenmi\u015ftir. Bu i\u00e7erikte \u00c7orlu&#8217;da Haber edit\u00f6rleri herhangi bir m\u00fcdahalede bulunmam\u0131\u015ft\u0131r.<\/span><\/em><\/h5>\n<\/td>\n<\/tr>\n<\/tbody>\n<\/table>\n<div class=\"corlu-icerikten-sonra_3\" id=\"corlu-162152974\"><p><img loading=\"lazy\" decoding=\"async\" class=\"aligncenter\" src=\"https:\/\/www.corludahaber.com\/bahcesehir.jpg\" alt=\"\" width=\"624\" height=\"196\" \/><\/p>\n<table style=\"text-align: left; width: 100%;\" border=\"1\" cellspacing=\"2\" cellpadding=\"2\">\n<tbody>\n<tr>\n<td style=\"background-color: #050805;\"><span style=\"font-size: 12pt;\"><small><small><em><strong><big><span style=\"color: #ff0000;\">Haber ve resimlerin telif haklar\u0131ndan dolay\u0131 kullan\u0131m\u0131 yasakt\u0131r<span style=\"color: #000000;\">.<\/span><\/span><span style=\"color: #000000;\">\u00a0<\/span><span style=\"color: #ffffff;\">Yaz\u0131l\u0131 izni al\u0131nmadan hi\u00e7bir yaz\u0131l\u0131, g\u00f6rsel, i\u015fitsel i\u00e7erik kopyalanamaz, de\u011fi\u015ftirilemez, yay\u0131nlanamaz veya sat\u0131lamaz. Aksi halde<\/span>\u00a0<span style=\"color: #ff0000;\">5846<span style=\"color: #ffffff;\">\u00a0<\/span><\/span><span style=\"color: #ffffff;\">say\u0131l\u0131 Fikir ve Sanat Eserleri Kanunu\u2019na ve<\/span>\u00a0<span style=\"color: #800000;\"><span style=\"color: #ff0000;\">6102<\/span><span style=\"color: #ffffff;\">\u00a0<\/span><\/span><span style=\"color: #ffffff;\">say\u0131l\u0131 maddesine g\u00f6re<\/span>\u00a0<span style=\"color: #ff0000;\">gerekli i\u015flemler uygulanacakt\u0131r.<\/span><br \/>\n<span style=\"color: #ffffff;\">\u00a9 Copyright 2014<\/span><\/big><\/strong><\/em><\/small><\/small><\/span><\/td>\n<\/tr>\n<\/tbody>\n<\/table>\n<p><small><small>\u00a0<\/small><\/small><\/p>\n<\/div>","protected":false},"excerpt":{"rendered":"<p>Vali Vekili Say\u0131n Mustafa G\u00fcler, Tekirda\u011f Milletvekilleri \u0130lhami \u00d6zcan Aygun, Nurten Yontar, Tekirda\u011f B\u00fcy\u00fck\u015fehir Belediye Ba\u015fkan\u0131 Dr. Candan Y\u00fcceer, \u0130l Emniyet M\u00fcd\u00fcr\u00fc Ahmet Metin Turanl\u0131,\u00a0 \u0130l Jandarma Komutan\u0131 J. Alb. Ahmet \u00c7etin, S\u00fcleymanpa\u015fa Belediye Ba\u015fkan\u0131 Volkan Nallar, \u0130l Milli E\u011fitim M\u00fcd\u00fcr\u00fc Abdulaziz Yeniyol, K\u00fclt\u00fcr ve Turizm M\u00fcd\u00fcr\u00fc Ahmet Hac\u0131o\u011flu, Gen\u00e7lik ve Spor \u0130l M\u00fcd\u00fcr\u00fc Ahmet &hellip;<\/p>\n","protected":false},"author":151,"featured_media":0,"comment_status":"closed","ping_status":"closed","sticky":false,"template":"","format":"standard","meta":{"footnotes":""},"categories":[23],"tags":[8025,7294,9376,15478,1308,3605,1309,3661,17670,4536,12495,17669],"class_list":["post-89964","post","type-post","status-publish","format-standard","has-post-thumbnail","hentry","category-tekirdag","tag-asayis","tag-caldi","tag-corlu-kaza","tag-corlu-son-dakika-kaza","tag-egitim","tag-guler","tag-ogretim","tag-son-dakika-kaza","tag-vali-vekili-guler-2024-2025-egitim-ogretim-yilinin-ilk-ders-zilini-caldi","tag-vekili","tag-yilinin","tag-zilini"],"yoast_head":"<!-- This site is optimized with the Yoast SEO Premium plugin v23.3 (Yoast SEO v23.3) - https:\/\/yoast.com\/wordpress\/plugins\/seo\/ -->\n<title>Vali Vekili G\u00fcler 2024-2025 E\u011fitim-\u00d6\u011fretim Y\u0131l\u0131n\u0131n \u0130lk Ders Zilini \u00c7ald\u0131 | \u00c7orlu&#039;da Haber<\/title>\n<meta name=\"description\" content=\"Vali Vekili G\u00fcler 2024-2025 E\u011fitim-\u00d6\u011fretim Y\u0131l\u0131n\u0131n \u0130lk Ders Zilini \u00c7ald\u0131 | \u00c7orlu&#039;da Haber\" \/>\n<meta name=\"robots\" content=\"index, follow, max-snippet:-1, max-image-preview:large, max-video-preview:-1\" \/>\n<link rel=\"canonical\" href=\"https:\/\/corludahaber.com\/h\/vali-vekili-guler-2024-2025-egitim-ogretim-yilinin-ilk-ders-zilini-caldi\/89964\" \/>\n<meta property=\"og:locale\" content=\"tr_TR\" \/>\n<meta property=\"og:type\" content=\"article\" \/>\n<meta property=\"og:title\" content=\"Vali Vekili G\u00fcler 2024-2025 E\u011fitim-\u00d6\u011fretim Y\u0131l\u0131n\u0131n \u0130lk Ders Zilini \u00c7ald\u0131 | \u00c7orlu&#039;da Haber\" \/>\n<meta property=\"og:description\" content=\"Vali Vekili G\u00fcler 2024-2025 E\u011fitim-\u00d6\u011fretim Y\u0131l\u0131n\u0131n \u0130lk Ders Zilini \u00c7ald\u0131 | \u00c7orlu&#039;da Haber\" \/>\n<meta property=\"og:url\" content=\"https:\/\/corludahaber.com\/h\/vali-vekili-guler-2024-2025-egitim-ogretim-yilinin-ilk-ders-zilini-caldi\/89964\" \/>\n<meta property=\"og:site_name\" content=\"\u00c7orlu&#039;da Haber\" \/>\n<meta property=\"article:publisher\" content=\"https:\/\/facebook.com\/habercorluda\" \/>\n<meta property=\"article:published_time\" content=\"2024-09-10T04:28:55+00:00\" \/>\n<meta property=\"article:modified_time\" content=\"2024-09-10T04:29:02+00:00\" \/>\n<meta name=\"author\" content=\"\u00c7orlu&#039;da Haber\" \/>\n<meta name=\"twitter:card\" content=\"summary_large_image\" \/>\n<meta name=\"twitter:creator\" content=\"@habercorluda\" \/>\n<meta name=\"twitter:site\" content=\"@habercorluda\" \/>\n<meta name=\"twitter:label1\" content=\"Yazan:\" \/>\n\t<meta name=\"twitter:data1\" content=\"\u00c7orlu&#039;da Haber\" \/>\n\t<meta name=\"twitter:label2\" content=\"Tahmini okuma s\u00fcresi\" \/>\n\t<meta name=\"twitter:data2\" content=\"5 dakika\" \/>\n<script type=\"application\/ld+json\" class=\"yoast-schema-graph\">{\"@context\":\"https:\/\/schema.org\",\"@graph\":[{\"@type\":\"Article\",\"@id\":\"https:\/\/corludahaber.com\/h\/vali-vekili-guler-2024-2025-egitim-ogretim-yilinin-ilk-ders-zilini-caldi\/89964#article\",\"isPartOf\":{\"@id\":\"https:\/\/corludahaber.com\/h\/vali-vekili-guler-2024-2025-egitim-ogretim-yilinin-ilk-ders-zilini-caldi\/89964\"},\"author\":{\"name\":\"\u00c7orlu'da Haber\",\"@id\":\"https:\/\/corludahaber.com\/h\/#\/schema\/person\/b523522be44b062db5d74a62589768cd\"},\"headline\":\"Vali Vekili G\u00fcler 2024-2025 E\u011fitim-\u00d6\u011fretim Y\u0131l\u0131n\u0131n \u0130lk Ders Zilini \u00c7ald\u0131\",\"datePublished\":\"2024-09-10T04:28:55+00:00\",\"dateModified\":\"2024-09-10T04:29:02+00:00\",\"mainEntityOfPage\":{\"@id\":\"https:\/\/corludahaber.com\/h\/vali-vekili-guler-2024-2025-egitim-ogretim-yilinin-ilk-ders-zilini-caldi\/89964\"},\"wordCount\":1050,\"publisher\":{\"@id\":\"https:\/\/corludahaber.com\/h\/#organization\"},\"keywords\":[\"asayi\u015f\",\"\u00e7ald\u0131\",\"\u00c7orlu kaza\",\"\u00c7orlu son dakika kaza\",\"E\u011e\u0130T\u0130M\",\"G\u00fcler\",\"\u00d6\u011eRET\u0130M\",\"son dakika kaza\",\"Vali Vekili G\u00fcler 2024-2025 E\u011fitim-\u00d6\u011fretim Y\u0131l\u0131n\u0131n \u0130lk Ders Zilini \u00c7ald\u0131\",\"Vekili\",\"Y\u0131l\u0131n\u0131n\",\"Zilini\"],\"articleSection\":[\"Tekirda\u011f\"],\"inLanguage\":\"tr\"},{\"@type\":\"WebPage\",\"@id\":\"https:\/\/corludahaber.com\/h\/vali-vekili-guler-2024-2025-egitim-ogretim-yilinin-ilk-ders-zilini-caldi\/89964\",\"url\":\"https:\/\/corludahaber.com\/h\/vali-vekili-guler-2024-2025-egitim-ogretim-yilinin-ilk-ders-zilini-caldi\/89964\",\"name\":\"Vali Vekili G\u00fcler 2024-2025 E\u011fitim-\u00d6\u011fretim Y\u0131l\u0131n\u0131n \u0130lk Ders Zilini \u00c7ald\u0131 | \u00c7orlu&#039;da Haber\",\"isPartOf\":{\"@id\":\"https:\/\/corludahaber.com\/h\/#website\"},\"datePublished\":\"2024-09-10T04:28:55+00:00\",\"dateModified\":\"2024-09-10T04:29:02+00:00\",\"description\":\"Vali Vekili G\u00fcler 2024-2025 E\u011fitim-\u00d6\u011fretim Y\u0131l\u0131n\u0131n \u0130lk Ders Zilini \u00c7ald\u0131 | \u00c7orlu&#039;da Haber\",\"breadcrumb\":{\"@id\":\"https:\/\/corludahaber.com\/h\/vali-vekili-guler-2024-2025-egitim-ogretim-yilinin-ilk-ders-zilini-caldi\/89964#breadcrumb\"},\"inLanguage\":\"tr\",\"potentialAction\":[{\"@type\":\"ReadAction\",\"target\":[\"https:\/\/corludahaber.com\/h\/vali-vekili-guler-2024-2025-egitim-ogretim-yilinin-ilk-ders-zilini-caldi\/89964\"]}]},{\"@type\":\"BreadcrumbList\",\"@id\":\"https:\/\/corludahaber.com\/h\/vali-vekili-guler-2024-2025-egitim-ogretim-yilinin-ilk-ders-zilini-caldi\/89964#breadcrumb\",\"itemListElement\":[{\"@type\":\"ListItem\",\"position\":1,\"name\":\"Anasayfa\",\"item\":\"https:\/\/corludahaber.com\/h\/\"},{\"@type\":\"ListItem\",\"position\":2,\"name\":\"Tekirda\u011f\",\"item\":\"https:\/\/corludahaber.com\/h\/kategori\/tekirdag\"},{\"@type\":\"ListItem\",\"position\":3,\"name\":\"Vali Vekili G\u00fcler 2024-2025 E\u011fitim-\u00d6\u011fretim Y\u0131l\u0131n\u0131n \u0130lk Ders Zilini \u00c7ald\u0131\"}]},{\"@type\":\"WebSite\",\"@id\":\"https:\/\/corludahaber.com\/h\/#website\",\"url\":\"https:\/\/corludahaber.com\/h\/\",\"name\":\"\u00c7orlu'da Haber\",\"description\":\"Ger\u00e7ek Tarafs\u0131z Haber\",\"publisher\":{\"@id\":\"https:\/\/corludahaber.com\/h\/#organization\"},\"potentialAction\":[{\"@type\":\"SearchAction\",\"target\":{\"@type\":\"EntryPoint\",\"urlTemplate\":\"https:\/\/corludahaber.com\/h\/?s={search_term_string}\"},\"query-input\":\"required name=search_term_string\"}],\"inLanguage\":\"tr\"},{\"@type\":\"Organization\",\"@id\":\"https:\/\/corludahaber.com\/h\/#organization\",\"name\":\"\u00c7orlu'da Haber\",\"url\":\"https:\/\/corludahaber.com\/h\/\",\"logo\":{\"@type\":\"ImageObject\",\"inLanguage\":\"tr\",\"@id\":\"https:\/\/corludahaber.com\/h\/#\/schema\/logo\/image\/\",\"url\":\"https:\/\/corludahaber.com\/h\/wp-content\/uploads\/2021\/12\/logo__9__1_-removebg-preview.png\",\"contentUrl\":\"https:\/\/corludahaber.com\/h\/wp-content\/uploads\/2021\/12\/logo__9__1_-removebg-preview.png\",\"width\":500,\"height\":157,\"caption\":\"\u00c7orlu'da Haber\"},\"image\":{\"@id\":\"https:\/\/corludahaber.com\/h\/#\/schema\/logo\/image\/\"},\"sameAs\":[\"https:\/\/facebook.com\/habercorluda\",\"https:\/\/x.com\/habercorluda\",\"https:\/\/www.instagram.com\/corludahaber\",\"https:\/\/www.youtube.com\/user\/corludahaber\"]},{\"@type\":\"Person\",\"@id\":\"https:\/\/corludahaber.com\/h\/#\/schema\/person\/b523522be44b062db5d74a62589768cd\",\"name\":\"\u00c7orlu'da Haber\",\"image\":{\"@type\":\"ImageObject\",\"inLanguage\":\"tr\",\"@id\":\"https:\/\/corludahaber.com\/h\/#\/schema\/person\/image\/\",\"url\":\"https:\/\/secure.gravatar.com\/avatar\/1033e54e078c29fd7f053370086ff627ba414b05c2b231c418a481adecd764ce?s=96&d=blank&r=g\",\"contentUrl\":\"https:\/\/secure.gravatar.com\/avatar\/1033e54e078c29fd7f053370086ff627ba414b05c2b231c418a481adecd764ce?s=96&d=blank&r=g\",\"caption\":\"\u00c7orlu'da Haber\"},\"sameAs\":[\"https:\/\/corludahaber.com\/h\"],\"url\":\"https:\/\/corludahaber.com\/h\/author\/admin\"}]}<\/script>\n<!-- \/ Yoast SEO Premium plugin. -->","yoast_head_json":{"title":"Vali Vekili G\u00fcler 2024-2025 E\u011fitim-\u00d6\u011fretim Y\u0131l\u0131n\u0131n \u0130lk Ders Zilini \u00c7ald\u0131 | \u00c7orlu&#039;da Haber","description":"Vali Vekili G\u00fcler 2024-2025 E\u011fitim-\u00d6\u011fretim Y\u0131l\u0131n\u0131n \u0130lk Ders Zilini \u00c7ald\u0131 | \u00c7orlu&#039;da Haber","robots":{"index":"index","follow":"follow","max-snippet":"max-snippet:-1","max-image-preview":"max-image-preview:large","max-video-preview":"max-video-preview:-1"},"canonical":"https:\/\/corludahaber.com\/h\/vali-vekili-guler-2024-2025-egitim-ogretim-yilinin-ilk-ders-zilini-caldi\/89964","og_locale":"tr_TR","og_type":"article","og_title":"Vali Vekili G\u00fcler 2024-2025 E\u011fitim-\u00d6\u011fretim Y\u0131l\u0131n\u0131n \u0130lk Ders Zilini \u00c7ald\u0131 | \u00c7orlu&#039;da Haber","og_description":"Vali Vekili G\u00fcler 2024-2025 E\u011fitim-\u00d6\u011fretim Y\u0131l\u0131n\u0131n \u0130lk Ders Zilini \u00c7ald\u0131 | \u00c7orlu&#039;da Haber","og_url":"https:\/\/corludahaber.com\/h\/vali-vekili-guler-2024-2025-egitim-ogretim-yilinin-ilk-ders-zilini-caldi\/89964","og_site_name":"\u00c7orlu&#039;da Haber","article_publisher":"https:\/\/facebook.com\/habercorluda","article_published_time":"2024-09-10T04:28:55+00:00","article_modified_time":"2024-09-10T04:29:02+00:00","author":"\u00c7orlu'da Haber","twitter_card":"summary_large_image","twitter_creator":"@habercorluda","twitter_site":"@habercorluda","twitter_misc":{"Yazan:":"\u00c7orlu'da Haber","Tahmini okuma s\u00fcresi":"5 dakika"},"schema":{"@context":"https:\/\/schema.org","@graph":[{"@type":"Article","@id":"https:\/\/corludahaber.com\/h\/vali-vekili-guler-2024-2025-egitim-ogretim-yilinin-ilk-ders-zilini-caldi\/89964#article","isPartOf":{"@id":"https:\/\/corludahaber.com\/h\/vali-vekili-guler-2024-2025-egitim-ogretim-yilinin-ilk-ders-zilini-caldi\/89964"},"author":{"name":"\u00c7orlu'da Haber","@id":"https:\/\/corludahaber.com\/h\/#\/schema\/person\/b523522be44b062db5d74a62589768cd"},"headline":"Vali Vekili G\u00fcler 2024-2025 E\u011fitim-\u00d6\u011fretim Y\u0131l\u0131n\u0131n \u0130lk Ders Zilini \u00c7ald\u0131","datePublished":"2024-09-10T04:28:55+00:00","dateModified":"2024-09-10T04:29:02+00:00","mainEntityOfPage":{"@id":"https:\/\/corludahaber.com\/h\/vali-vekili-guler-2024-2025-egitim-ogretim-yilinin-ilk-ders-zilini-caldi\/89964"},"wordCount":1050,"publisher":{"@id":"https:\/\/corludahaber.com\/h\/#organization"},"keywords":["asayi\u015f","\u00e7ald\u0131","\u00c7orlu kaza","\u00c7orlu son dakika kaza","E\u011e\u0130T\u0130M","G\u00fcler","\u00d6\u011eRET\u0130M","son dakika kaza","Vali Vekili G\u00fcler 2024-2025 E\u011fitim-\u00d6\u011fretim Y\u0131l\u0131n\u0131n \u0130lk Ders Zilini \u00c7ald\u0131","Vekili","Y\u0131l\u0131n\u0131n","Zilini"],"articleSection":["Tekirda\u011f"],"inLanguage":"tr"},{"@type":"WebPage","@id":"https:\/\/corludahaber.com\/h\/vali-vekili-guler-2024-2025-egitim-ogretim-yilinin-ilk-ders-zilini-caldi\/89964","url":"https:\/\/corludahaber.com\/h\/vali-vekili-guler-2024-2025-egitim-ogretim-yilinin-ilk-ders-zilini-caldi\/89964","name":"Vali Vekili G\u00fcler 2024-2025 E\u011fitim-\u00d6\u011fretim Y\u0131l\u0131n\u0131n \u0130lk Ders Zilini \u00c7ald\u0131 | \u00c7orlu&#039;da Haber","isPartOf":{"@id":"https:\/\/corludahaber.com\/h\/#website"},"datePublished":"2024-09-10T04:28:55+00:00","dateModified":"2024-09-10T04:29:02+00:00","description":"Vali Vekili G\u00fcler 2024-2025 E\u011fitim-\u00d6\u011fretim Y\u0131l\u0131n\u0131n \u0130lk Ders Zilini \u00c7ald\u0131 | \u00c7orlu&#039;da Haber","breadcrumb":{"@id":"https:\/\/corludahaber.com\/h\/vali-vekili-guler-2024-2025-egitim-ogretim-yilinin-ilk-ders-zilini-caldi\/89964#breadcrumb"},"inLanguage":"tr","potentialAction":[{"@type":"ReadAction","target":["https:\/\/corludahaber.com\/h\/vali-vekili-guler-2024-2025-egitim-ogretim-yilinin-ilk-ders-zilini-caldi\/89964"]}]},{"@type":"BreadcrumbList","@id":"https:\/\/corludahaber.com\/h\/vali-vekili-guler-2024-2025-egitim-ogretim-yilinin-ilk-ders-zilini-caldi\/89964#breadcrumb","itemListElement":[{"@type":"ListItem","position":1,"name":"Anasayfa","item":"https:\/\/corludahaber.com\/h\/"},{"@type":"ListItem","position":2,"name":"Tekirda\u011f","item":"https:\/\/corludahaber.com\/h\/kategori\/tekirdag"},{"@type":"ListItem","position":3,"name":"Vali Vekili G\u00fcler 2024-2025 E\u011fitim-\u00d6\u011fretim Y\u0131l\u0131n\u0131n \u0130lk Ders Zilini \u00c7ald\u0131"}]},{"@type":"WebSite","@id":"https:\/\/corludahaber.com\/h\/#website","url":"https:\/\/corludahaber.com\/h\/","name":"\u00c7orlu'da Haber","description":"Ger\u00e7ek Tarafs\u0131z Haber","publisher":{"@id":"https:\/\/corludahaber.com\/h\/#organization"},"potentialAction":[{"@type":"SearchAction","target":{"@type":"EntryPoint","urlTemplate":"https:\/\/corludahaber.com\/h\/?s={search_term_string}"},"query-input":"required name=search_term_string"}],"inLanguage":"tr"},{"@type":"Organization","@id":"https:\/\/corludahaber.com\/h\/#organization","name":"\u00c7orlu'da Haber","url":"https:\/\/corludahaber.com\/h\/","logo":{"@type":"ImageObject","inLanguage":"tr","@id":"https:\/\/corludahaber.com\/h\/#\/schema\/logo\/image\/","url":"https:\/\/corludahaber.com\/h\/wp-content\/uploads\/2021\/12\/logo__9__1_-removebg-preview.png","contentUrl":"https:\/\/corludahaber.com\/h\/wp-content\/uploads\/2021\/12\/logo__9__1_-removebg-preview.png","width":500,"height":157,"caption":"\u00c7orlu'da Haber"},"image":{"@id":"https:\/\/corludahaber.com\/h\/#\/schema\/logo\/image\/"},"sameAs":["https:\/\/facebook.com\/habercorluda","https:\/\/x.com\/habercorluda","https:\/\/www.instagram.com\/corludahaber","https:\/\/www.youtube.com\/user\/corludahaber"]},{"@type":"Person","@id":"https:\/\/corludahaber.com\/h\/#\/schema\/person\/b523522be44b062db5d74a62589768cd","name":"\u00c7orlu'da Haber","image":{"@type":"ImageObject","inLanguage":"tr","@id":"https:\/\/corludahaber.com\/h\/#\/schema\/person\/image\/","url":"https:\/\/secure.gravatar.com\/avatar\/1033e54e078c29fd7f053370086ff627ba414b05c2b231c418a481adecd764ce?s=96&d=blank&r=g","contentUrl":"https:\/\/secure.gravatar.com\/avatar\/1033e54e078c29fd7f053370086ff627ba414b05c2b231c418a481adecd764ce?s=96&d=blank&r=g","caption":"\u00c7orlu'da Haber"},"sameAs":["https:\/\/corludahaber.com\/h"],"url":"https:\/\/corludahaber.com\/h\/author\/admin"}]}},"_links":{"self":[{"href":"https:\/\/corludahaber.com\/h\/wp-json\/wp\/v2\/posts\/89964","targetHints":{"allow":["GET"]}}],"collection":[{"href":"https:\/\/corludahaber.com\/h\/wp-json\/wp\/v2\/posts"}],"about":[{"href":"https:\/\/corludahaber.com\/h\/wp-json\/wp\/v2\/types\/post"}],"author":[{"embeddable":true,"href":"https:\/\/corludahaber.com\/h\/wp-json\/wp\/v2\/users\/151"}],"replies":[{"embeddable":true,"href":"https:\/\/corludahaber.com\/h\/wp-json\/wp\/v2\/comments?post=89964"}],"version-history":[{"count":0,"href":"https:\/\/corludahaber.com\/h\/wp-json\/wp\/v2\/posts\/89964\/revisions"}],"wp:attachment":[{"href":"https:\/\/corludahaber.com\/h\/wp-json\/wp\/v2\/media?parent=89964"}],"wp:term":[{"taxonomy":"category","embeddable":true,"href":"https:\/\/corludahaber.com\/h\/wp-json\/wp\/v2\/categories?post=89964"},{"taxonomy":"post_tag","embeddable":true,"href":"https:\/\/corludahaber.com\/h\/wp-json\/wp\/v2\/tags?post=89964"}],"curies":[{"name":"wp","href":"https:\/\/api.w.org\/{rel}","templated":true}]}}