{"id":88962,"date":"2024-08-22T12:17:42","date_gmt":"2024-08-22T09:17:42","guid":{"rendered":"https:\/\/corludahaber.com\/h\/tekirdagda-yeni-egitim-ogretim-yili-oncesi-kirtasiyelerde-fiyat-denetimi\/88962"},"modified":"2024-08-24T09:03:11","modified_gmt":"2024-08-24T06:03:11","slug":"tekirdagda-yeni-egitim-ogretim-yili-oncesi-kirtasiyelerde-fiyat-denetimi","status":"publish","type":"post","link":"https:\/\/corludahaber.com\/h\/tekirdagda-yeni-egitim-ogretim-yili-oncesi-kirtasiyelerde-fiyat-denetimi\/88962","title":{"rendered":"Yeni E\u011fitim \u00d6\u011fretim Y\u0131l\u0131 \u00d6ncesi, K\u0131rtasiyelerde &#8216;Fiyat&#8217; Denetimi"},"content":{"rendered":"<div class=\"corlu-icerikten-once_3\" id=\"corlu-2807244171\"><script type='text\/javascript' src='https:\/\/platform-api.sharethis.com\/js\/sharethis.js#property=5ce8cf08af7d000012cb0ca1&product=inline-reaction-buttons' async='async'><\/script>\r\n\r\n<\/div><p>Abdullah YAL\u00c7IN\/TEK\u0130RDA\u011e, (DHA)- T\u0130CARET Bakanl\u0131\u011f\u0131 taraf\u0131ndan, yeni e\u011fitim-\u00f6\u011fretim y\u0131l\u0131 \u00f6ncesi \u00fclke genelinde k\u0131rtasiye \u00fcr\u00fcn\u00fc satan i\u015f yerleri ve marketlerde denetimler s\u00fcr\u00fcyor. Tekirda\u011f&#8217;da ger\u00e7ekle\u015ftirilen denetimlerde \u00f6zellikle haks\u0131z de\u011fer art\u0131\u015flar\u0131na kar\u015f\u0131 fiyat etiketleri ve \u00fcr\u00fcnlerin standartlara uygunlu\u011fu kontrol edildi.<\/p><div class=\"corlu-icerik-2\" id=\"corlu-1709357910\"><!-- Admatic AUTO ads START -->\r\n<ins data-publisher=\"adm-pub-155556240050\" data-ad-network=\"659428a24d11b285b616c18d\"   class=\"adm-ads-area\"><\/ins>\r\n<script type=\"text\/javascript\" src=\"https:\/\/static.cdn.admatic.com.tr\/showad\/showad.min.js\"><\/script>\r\n<!-- Admatic AUTO ads END --><\/div>\n<div>\n<p>Tekirda\u011f Ticaret \u0130l M\u00fcd\u00fcrl\u00fc\u011f\u00fc, 9 Eyl\u00fcl&#8217;de ba\u015flayacak 2024-2025 e\u011fitim-\u00f6\u011fretim y\u0131l\u0131 \u00f6ncesi il genelinde k\u0131rtasiye \u00fcr\u00fcnleri sat\u0131\u015f\u0131 yapan i\u015f yerleri ve marketlere y\u00f6nelik denetim ba\u015flatt\u0131.<\/p>\n<p>T\u00fcrkiye genelinde devam eden denetimlerle e\u015f zamanl\u0131 ger\u00e7ekle\u015ftirilen kontrollerde \u00f6ncelikli olarak fiyat etiketlerinin denetimini yapan ekipler, haks\u0131z de\u011fer art\u0131\u015f\u0131 olup olmad\u0131\u011f\u0131n\u0131 kontrol etti. Ekipler ayr\u0131ca i\u015fletmelerdeki \u00fcr\u00fcnlerde yerli \u00fcretim logosu ve standartlara uygunluklar\u0131 konusunda da denetim yapt\u0131.<\/p>\n<p>Denetimler, \u00f6\u011frenci ve velilerin okul sezonu \u00f6ncesinde g\u00fcvenli ve uygun fiyatl\u0131 k\u0131rtasiye \u00fcr\u00fcnlerine ula\u015fmalar\u0131n\u0131 sa\u011flamak amac\u0131yla ger\u00e7ekle\u015ftirildi. Denetim sonu\u00e7lar\u0131na g\u00f6re, mevzuata ayk\u0131r\u0131 bulunan \u00fcr\u00fcnler hakk\u0131nda yasal i\u015flem ba\u015flat\u0131laca\u011f\u0131 belirtildi. (DHA)<\/p>\n<\/div>\n<p>&nbsp;<\/p>\n<div class=\"corlu-icerikten-sonra_3\" id=\"corlu-2151200107\"><p><img loading=\"lazy\" decoding=\"async\" class=\"aligncenter\" src=\"https:\/\/www.corludahaber.com\/bahcesehir.jpg\" alt=\"\" width=\"624\" height=\"196\" \/><\/p>\n<table style=\"text-align: left; width: 100%;\" border=\"1\" cellspacing=\"2\" cellpadding=\"2\">\n<tbody>\n<tr>\n<td style=\"background-color: #050805;\"><span style=\"font-size: 12pt;\"><small><small><em><strong><big><span style=\"color: #ff0000;\">Haber ve resimlerin telif haklar\u0131ndan dolay\u0131 kullan\u0131m\u0131 yasakt\u0131r<span style=\"color: #000000;\">.<\/span><\/span><span style=\"color: #000000;\">\u00a0<\/span><span style=\"color: #ffffff;\">Yaz\u0131l\u0131 izni al\u0131nmadan hi\u00e7bir yaz\u0131l\u0131, g\u00f6rsel, i\u015fitsel i\u00e7erik kopyalanamaz, de\u011fi\u015ftirilemez, yay\u0131nlanamaz veya sat\u0131lamaz. Aksi halde<\/span>\u00a0<span style=\"color: #ff0000;\">5846<span style=\"color: #ffffff;\">\u00a0<\/span><\/span><span style=\"color: #ffffff;\">say\u0131l\u0131 Fikir ve Sanat Eserleri Kanunu\u2019na ve<\/span>\u00a0<span style=\"color: #800000;\"><span style=\"color: #ff0000;\">6102<\/span><span style=\"color: #ffffff;\">\u00a0<\/span><\/span><span style=\"color: #ffffff;\">say\u0131l\u0131 maddesine g\u00f6re<\/span>\u00a0<span style=\"color: #ff0000;\">gerekli i\u015flemler uygulanacakt\u0131r.<\/span><br \/>\n<span style=\"color: #ffffff;\">\u00a9 Copyright 2014<\/span><\/big><\/strong><\/em><\/small><\/small><\/span><\/td>\n<\/tr>\n<\/tbody>\n<\/table>\n<p><small><small>\u00a0<\/small><\/small><\/p>\n<\/div>","protected":false},"excerpt":{"rendered":"<p>Abdullah YAL\u00c7IN\/TEK\u0130RDA\u011e, (DHA)- T\u0130CARET Bakanl\u0131\u011f\u0131 taraf\u0131ndan, yeni e\u011fitim-\u00f6\u011fretim y\u0131l\u0131 \u00f6ncesi \u00fclke genelinde k\u0131rtasiye \u00fcr\u00fcn\u00fc satan i\u015f yerleri ve marketlerde denetimler s\u00fcr\u00fcyor. Tekirda\u011f&#8217;da ger\u00e7ekle\u015ftirilen denetimlerde \u00f6zellikle haks\u0131z de\u011fer art\u0131\u015flar\u0131na kar\u015f\u0131 fiyat etiketleri ve \u00fcr\u00fcnlerin standartlara uygunlu\u011fu kontrol edildi. Tekirda\u011f Ticaret \u0130l M\u00fcd\u00fcrl\u00fc\u011f\u00fc, 9 Eyl\u00fcl&#8217;de ba\u015flayacak 2024-2025 e\u011fitim-\u00f6\u011fretim y\u0131l\u0131 \u00f6ncesi il genelinde k\u0131rtasiye \u00fcr\u00fcnleri sat\u0131\u015f\u0131 yapan i\u015f &hellip;<\/p>\n","protected":false},"author":151,"featured_media":88963,"comment_status":"open","ping_status":"closed","sticky":false,"template":"","format":"standard","meta":{"footnotes":""},"categories":[27],"tags":[8025,9376,15478,1894,1308,1661,16826,16901,1309,1666,3661,376,16900,16827,3095],"class_list":["post-88962","post","type-post","status-publish","format-standard","has-post-thumbnail","hentry","category-yasam","tag-asayis","tag-corlu-kaza","tag-corlu-son-dakika-kaza","tag-denetimi","tag-egitim","tag-fiyat","tag-kirtasiyelerde","tag-kirtasiyelerde-fiyat-denetimi","tag-ogretim","tag-oncesi","tag-son-dakika-kaza","tag-tekirdag","tag-tekirdagda-yeni-egitim-ogretim-yili-oncesi","tag-yeni-egitim-ogretim-yili-oncesi-kirtasiyelerde-fiyat-denetimi","tag-yili"],"yoast_head":"<!-- This site is optimized with the Yoast SEO Premium plugin v23.3 (Yoast SEO v23.3) - https:\/\/yoast.com\/wordpress\/plugins\/seo\/ -->\n<title>Yeni E\u011fitim \u00d6\u011fretim Y\u0131l\u0131 \u00d6ncesi, K\u0131rtasiyelerde &#039;Fiyat&#039; Denetimi | \u00c7orlu&#039;da Haber<\/title>\n<meta name=\"description\" content=\"Yeni E\u011fitim \u00d6\u011fretim Y\u0131l\u0131 \u00d6ncesi, K\u0131rtasiyelerde &#039;Fiyat&#039; Denetimi | \u00c7orlu&#039;da Haber\" \/>\n<meta name=\"robots\" content=\"index, follow, max-snippet:-1, max-image-preview:large, max-video-preview:-1\" \/>\n<link rel=\"canonical\" href=\"https:\/\/corludahaber.com\/h\/tekirdagda-yeni-egitim-ogretim-yili-oncesi-kirtasiyelerde-fiyat-denetimi\/88962\" \/>\n<meta property=\"og:locale\" content=\"tr_TR\" \/>\n<meta property=\"og:type\" content=\"article\" \/>\n<meta property=\"og:title\" content=\"Yeni E\u011fitim \u00d6\u011fretim Y\u0131l\u0131 \u00d6ncesi, K\u0131rtasiyelerde &#039;Fiyat&#039; Denetimi | \u00c7orlu&#039;da Haber\" \/>\n<meta property=\"og:description\" content=\"Yeni E\u011fitim \u00d6\u011fretim Y\u0131l\u0131 \u00d6ncesi, K\u0131rtasiyelerde &#039;Fiyat&#039; Denetimi | \u00c7orlu&#039;da Haber\" \/>\n<meta property=\"og:url\" content=\"https:\/\/corludahaber.com\/h\/tekirdagda-yeni-egitim-ogretim-yili-oncesi-kirtasiyelerde-fiyat-denetimi\/88962\" \/>\n<meta property=\"og:site_name\" content=\"\u00c7orlu&#039;da Haber\" \/>\n<meta property=\"article:publisher\" content=\"https:\/\/facebook.com\/habercorluda\" \/>\n<meta property=\"article:published_time\" content=\"2024-08-22T09:17:42+00:00\" \/>\n<meta property=\"article:modified_time\" content=\"2024-08-24T06:03:11+00:00\" \/>\n<meta property=\"og:image\" content=\"https:\/\/corludahaber.com\/h\/wp-content\/uploads\/2024\/08\/tekirdagda-yeni-egitim-ogretim-yili-oncesi-kirtasiyelerde-fiyat-denetimi_66c70237aaca9-jpeg.webp\" \/>\n\t<meta property=\"og:image:width\" content=\"2300\" \/>\n\t<meta property=\"og:image:height\" content=\"1504\" \/>\n\t<meta property=\"og:image:type\" content=\"image\/jpeg\" \/>\n<meta name=\"author\" content=\"\u00c7orlu&#039;da Haber\" \/>\n<meta name=\"twitter:card\" content=\"summary_large_image\" \/>\n<meta name=\"twitter:creator\" content=\"@habercorluda\" \/>\n<meta name=\"twitter:site\" content=\"@habercorluda\" \/>\n<meta name=\"twitter:label1\" content=\"Yazan:\" \/>\n\t<meta name=\"twitter:data1\" content=\"\u00c7orlu&#039;da Haber\" \/>\n\t<meta name=\"twitter:label2\" content=\"Tahmini okuma s\u00fcresi\" \/>\n\t<meta name=\"twitter:data2\" content=\"1 dakika\" \/>\n<script type=\"application\/ld+json\" class=\"yoast-schema-graph\">{\"@context\":\"https:\/\/schema.org\",\"@graph\":[{\"@type\":\"Article\",\"@id\":\"https:\/\/corludahaber.com\/h\/tekirdagda-yeni-egitim-ogretim-yili-oncesi-kirtasiyelerde-fiyat-denetimi\/88962#article\",\"isPartOf\":{\"@id\":\"https:\/\/corludahaber.com\/h\/tekirdagda-yeni-egitim-ogretim-yili-oncesi-kirtasiyelerde-fiyat-denetimi\/88962\"},\"author\":{\"name\":\"\u00c7orlu'da Haber\",\"@id\":\"https:\/\/corludahaber.com\/h\/#\/schema\/person\/b523522be44b062db5d74a62589768cd\"},\"headline\":\"Yeni E\u011fitim \u00d6\u011fretim Y\u0131l\u0131 \u00d6ncesi, K\u0131rtasiyelerde &#8216;Fiyat&#8217; Denetimi\",\"datePublished\":\"2024-08-22T09:17:42+00:00\",\"dateModified\":\"2024-08-24T06:03:11+00:00\",\"mainEntityOfPage\":{\"@id\":\"https:\/\/corludahaber.com\/h\/tekirdagda-yeni-egitim-ogretim-yili-oncesi-kirtasiyelerde-fiyat-denetimi\/88962\"},\"wordCount\":200,\"commentCount\":0,\"publisher\":{\"@id\":\"https:\/\/corludahaber.com\/h\/#organization\"},\"image\":{\"@id\":\"https:\/\/corludahaber.com\/h\/tekirdagda-yeni-egitim-ogretim-yili-oncesi-kirtasiyelerde-fiyat-denetimi\/88962#primaryimage\"},\"thumbnailUrl\":\"https:\/\/corludahaber.com\/h\/wp-content\/uploads\/2024\/08\/tekirdagda-yeni-egitim-ogretim-yili-oncesi-kirtasiyelerde-fiyat-denetimi_66c70237aaca9-jpeg.webp\",\"keywords\":[\"asayi\u015f\",\"\u00c7orlu kaza\",\"\u00c7orlu son dakika kaza\",\"denetimi\",\"E\u011e\u0130T\u0130M\",\"Fiyat\",\"k\u0131rtasiyelerde\",\"k\u0131rtasiyelerde 'fiyat' denetimi\",\"\u00d6\u011eRET\u0130M\",\"\u00f6ncesi\",\"son dakika kaza\",\"Tekirda\u011f\",\"Tekirda\u011f'da yeni e\u011fitim-\u00f6\u011fretim y\u0131l\u0131 \u00f6ncesi\",\"Yeni e\u011fitim-\u00f6\u011fretim y\u0131l\u0131 \u00f6ncesi, k\u0131rtasiyelerde 'fiyat' denetimi\",\"Y\u0131l\u0131\"],\"articleSection\":[\"Ya\u015fam\"],\"inLanguage\":\"tr\",\"potentialAction\":[{\"@type\":\"CommentAction\",\"name\":\"Comment\",\"target\":[\"https:\/\/corludahaber.com\/h\/tekirdagda-yeni-egitim-ogretim-yili-oncesi-kirtasiyelerde-fiyat-denetimi\/88962#respond\"]}]},{\"@type\":\"WebPage\",\"@id\":\"https:\/\/corludahaber.com\/h\/tekirdagda-yeni-egitim-ogretim-yili-oncesi-kirtasiyelerde-fiyat-denetimi\/88962\",\"url\":\"https:\/\/corludahaber.com\/h\/tekirdagda-yeni-egitim-ogretim-yili-oncesi-kirtasiyelerde-fiyat-denetimi\/88962\",\"name\":\"Yeni E\u011fitim \u00d6\u011fretim Y\u0131l\u0131 \u00d6ncesi, K\u0131rtasiyelerde 'Fiyat' Denetimi | \u00c7orlu&#039;da Haber\",\"isPartOf\":{\"@id\":\"https:\/\/corludahaber.com\/h\/#website\"},\"primaryImageOfPage\":{\"@id\":\"https:\/\/corludahaber.com\/h\/tekirdagda-yeni-egitim-ogretim-yili-oncesi-kirtasiyelerde-fiyat-denetimi\/88962#primaryimage\"},\"image\":{\"@id\":\"https:\/\/corludahaber.com\/h\/tekirdagda-yeni-egitim-ogretim-yili-oncesi-kirtasiyelerde-fiyat-denetimi\/88962#primaryimage\"},\"thumbnailUrl\":\"https:\/\/corludahaber.com\/h\/wp-content\/uploads\/2024\/08\/tekirdagda-yeni-egitim-ogretim-yili-oncesi-kirtasiyelerde-fiyat-denetimi_66c70237aaca9-jpeg.webp\",\"datePublished\":\"2024-08-22T09:17:42+00:00\",\"dateModified\":\"2024-08-24T06:03:11+00:00\",\"description\":\"Yeni E\u011fitim \u00d6\u011fretim Y\u0131l\u0131 \u00d6ncesi, K\u0131rtasiyelerde 'Fiyat' Denetimi | \u00c7orlu&#039;da Haber\",\"breadcrumb\":{\"@id\":\"https:\/\/corludahaber.com\/h\/tekirdagda-yeni-egitim-ogretim-yili-oncesi-kirtasiyelerde-fiyat-denetimi\/88962#breadcrumb\"},\"inLanguage\":\"tr\",\"potentialAction\":[{\"@type\":\"ReadAction\",\"target\":[\"https:\/\/corludahaber.com\/h\/tekirdagda-yeni-egitim-ogretim-yili-oncesi-kirtasiyelerde-fiyat-denetimi\/88962\"]}]},{\"@type\":\"ImageObject\",\"inLanguage\":\"tr\",\"@id\":\"https:\/\/corludahaber.com\/h\/tekirdagda-yeni-egitim-ogretim-yili-oncesi-kirtasiyelerde-fiyat-denetimi\/88962#primaryimage\",\"url\":\"https:\/\/corludahaber.com\/h\/wp-content\/uploads\/2024\/08\/tekirdagda-yeni-egitim-ogretim-yili-oncesi-kirtasiyelerde-fiyat-denetimi_66c70237aaca9-jpeg.webp\",\"contentUrl\":\"https:\/\/corludahaber.com\/h\/wp-content\/uploads\/2024\/08\/tekirdagda-yeni-egitim-ogretim-yili-oncesi-kirtasiyelerde-fiyat-denetimi_66c70237aaca9-jpeg.webp\",\"width\":2300,\"height\":1504},{\"@type\":\"BreadcrumbList\",\"@id\":\"https:\/\/corludahaber.com\/h\/tekirdagda-yeni-egitim-ogretim-yili-oncesi-kirtasiyelerde-fiyat-denetimi\/88962#breadcrumb\",\"itemListElement\":[{\"@type\":\"ListItem\",\"position\":1,\"name\":\"Anasayfa\",\"item\":\"https:\/\/corludahaber.com\/h\/\"},{\"@type\":\"ListItem\",\"position\":2,\"name\":\"Ya\u015fam\",\"item\":\"https:\/\/corludahaber.com\/h\/kategori\/yasam\"},{\"@type\":\"ListItem\",\"position\":3,\"name\":\"Yeni E\u011fitim \u00d6\u011fretim Y\u0131l\u0131 \u00d6ncesi, K\u0131rtasiyelerde &#8216;Fiyat&#8217; Denetimi\"}]},{\"@type\":\"WebSite\",\"@id\":\"https:\/\/corludahaber.com\/h\/#website\",\"url\":\"https:\/\/corludahaber.com\/h\/\",\"name\":\"\u00c7orlu'da Haber\",\"description\":\"Ger\u00e7ek Tarafs\u0131z Haber\",\"publisher\":{\"@id\":\"https:\/\/corludahaber.com\/h\/#organization\"},\"potentialAction\":[{\"@type\":\"SearchAction\",\"target\":{\"@type\":\"EntryPoint\",\"urlTemplate\":\"https:\/\/corludahaber.com\/h\/?s={search_term_string}\"},\"query-input\":\"required name=search_term_string\"}],\"inLanguage\":\"tr\"},{\"@type\":\"Organization\",\"@id\":\"https:\/\/corludahaber.com\/h\/#organization\",\"name\":\"\u00c7orlu'da Haber\",\"url\":\"https:\/\/corludahaber.com\/h\/\",\"logo\":{\"@type\":\"ImageObject\",\"inLanguage\":\"tr\",\"@id\":\"https:\/\/corludahaber.com\/h\/#\/schema\/logo\/image\/\",\"url\":\"https:\/\/corludahaber.com\/h\/wp-content\/uploads\/2021\/12\/logo__9__1_-removebg-preview.png\",\"contentUrl\":\"https:\/\/corludahaber.com\/h\/wp-content\/uploads\/2021\/12\/logo__9__1_-removebg-preview.png\",\"width\":500,\"height\":157,\"caption\":\"\u00c7orlu'da Haber\"},\"image\":{\"@id\":\"https:\/\/corludahaber.com\/h\/#\/schema\/logo\/image\/\"},\"sameAs\":[\"https:\/\/facebook.com\/habercorluda\",\"https:\/\/x.com\/habercorluda\",\"https:\/\/www.instagram.com\/corludahaber\",\"https:\/\/www.youtube.com\/user\/corludahaber\"]},{\"@type\":\"Person\",\"@id\":\"https:\/\/corludahaber.com\/h\/#\/schema\/person\/b523522be44b062db5d74a62589768cd\",\"name\":\"\u00c7orlu'da Haber\",\"image\":{\"@type\":\"ImageObject\",\"inLanguage\":\"tr\",\"@id\":\"https:\/\/corludahaber.com\/h\/#\/schema\/person\/image\/\",\"url\":\"https:\/\/secure.gravatar.com\/avatar\/1033e54e078c29fd7f053370086ff627ba414b05c2b231c418a481adecd764ce?s=96&d=blank&r=g\",\"contentUrl\":\"https:\/\/secure.gravatar.com\/avatar\/1033e54e078c29fd7f053370086ff627ba414b05c2b231c418a481adecd764ce?s=96&d=blank&r=g\",\"caption\":\"\u00c7orlu'da Haber\"},\"sameAs\":[\"https:\/\/corludahaber.com\/h\"],\"url\":\"https:\/\/corludahaber.com\/h\/author\/admin\"}]}<\/script>\n<!-- \/ Yoast SEO Premium plugin. -->","yoast_head_json":{"title":"Yeni E\u011fitim \u00d6\u011fretim Y\u0131l\u0131 \u00d6ncesi, K\u0131rtasiyelerde 'Fiyat' Denetimi | \u00c7orlu&#039;da Haber","description":"Yeni E\u011fitim \u00d6\u011fretim Y\u0131l\u0131 \u00d6ncesi, K\u0131rtasiyelerde 'Fiyat' Denetimi | \u00c7orlu&#039;da Haber","robots":{"index":"index","follow":"follow","max-snippet":"max-snippet:-1","max-image-preview":"max-image-preview:large","max-video-preview":"max-video-preview:-1"},"canonical":"https:\/\/corludahaber.com\/h\/tekirdagda-yeni-egitim-ogretim-yili-oncesi-kirtasiyelerde-fiyat-denetimi\/88962","og_locale":"tr_TR","og_type":"article","og_title":"Yeni E\u011fitim \u00d6\u011fretim Y\u0131l\u0131 \u00d6ncesi, K\u0131rtasiyelerde 'Fiyat' Denetimi | \u00c7orlu&#039;da Haber","og_description":"Yeni E\u011fitim \u00d6\u011fretim Y\u0131l\u0131 \u00d6ncesi, K\u0131rtasiyelerde 'Fiyat' Denetimi | \u00c7orlu&#039;da Haber","og_url":"https:\/\/corludahaber.com\/h\/tekirdagda-yeni-egitim-ogretim-yili-oncesi-kirtasiyelerde-fiyat-denetimi\/88962","og_site_name":"\u00c7orlu&#039;da Haber","article_publisher":"https:\/\/facebook.com\/habercorluda","article_published_time":"2024-08-22T09:17:42+00:00","article_modified_time":"2024-08-24T06:03:11+00:00","og_image":[{"width":2300,"height":1504,"url":"https:\/\/corludahaber.com\/h\/wp-content\/uploads\/2024\/08\/tekirdagda-yeni-egitim-ogretim-yili-oncesi-kirtasiyelerde-fiyat-denetimi_66c70237aaca9-jpeg.webp","type":"image\/jpeg"}],"author":"\u00c7orlu'da Haber","twitter_card":"summary_large_image","twitter_creator":"@habercorluda","twitter_site":"@habercorluda","twitter_misc":{"Yazan:":"\u00c7orlu'da Haber","Tahmini okuma s\u00fcresi":"1 dakika"},"schema":{"@context":"https:\/\/schema.org","@graph":[{"@type":"Article","@id":"https:\/\/corludahaber.com\/h\/tekirdagda-yeni-egitim-ogretim-yili-oncesi-kirtasiyelerde-fiyat-denetimi\/88962#article","isPartOf":{"@id":"https:\/\/corludahaber.com\/h\/tekirdagda-yeni-egitim-ogretim-yili-oncesi-kirtasiyelerde-fiyat-denetimi\/88962"},"author":{"name":"\u00c7orlu'da Haber","@id":"https:\/\/corludahaber.com\/h\/#\/schema\/person\/b523522be44b062db5d74a62589768cd"},"headline":"Yeni E\u011fitim \u00d6\u011fretim Y\u0131l\u0131 \u00d6ncesi, K\u0131rtasiyelerde &#8216;Fiyat&#8217; Denetimi","datePublished":"2024-08-22T09:17:42+00:00","dateModified":"2024-08-24T06:03:11+00:00","mainEntityOfPage":{"@id":"https:\/\/corludahaber.com\/h\/tekirdagda-yeni-egitim-ogretim-yili-oncesi-kirtasiyelerde-fiyat-denetimi\/88962"},"wordCount":200,"commentCount":0,"publisher":{"@id":"https:\/\/corludahaber.com\/h\/#organization"},"image":{"@id":"https:\/\/corludahaber.com\/h\/tekirdagda-yeni-egitim-ogretim-yili-oncesi-kirtasiyelerde-fiyat-denetimi\/88962#primaryimage"},"thumbnailUrl":"https:\/\/corludahaber.com\/h\/wp-content\/uploads\/2024\/08\/tekirdagda-yeni-egitim-ogretim-yili-oncesi-kirtasiyelerde-fiyat-denetimi_66c70237aaca9-jpeg.webp","keywords":["asayi\u015f","\u00c7orlu kaza","\u00c7orlu son dakika kaza","denetimi","E\u011e\u0130T\u0130M","Fiyat","k\u0131rtasiyelerde","k\u0131rtasiyelerde 'fiyat' denetimi","\u00d6\u011eRET\u0130M","\u00f6ncesi","son dakika kaza","Tekirda\u011f","Tekirda\u011f'da yeni e\u011fitim-\u00f6\u011fretim y\u0131l\u0131 \u00f6ncesi","Yeni e\u011fitim-\u00f6\u011fretim y\u0131l\u0131 \u00f6ncesi, k\u0131rtasiyelerde 'fiyat' denetimi","Y\u0131l\u0131"],"articleSection":["Ya\u015fam"],"inLanguage":"tr","potentialAction":[{"@type":"CommentAction","name":"Comment","target":["https:\/\/corludahaber.com\/h\/tekirdagda-yeni-egitim-ogretim-yili-oncesi-kirtasiyelerde-fiyat-denetimi\/88962#respond"]}]},{"@type":"WebPage","@id":"https:\/\/corludahaber.com\/h\/tekirdagda-yeni-egitim-ogretim-yili-oncesi-kirtasiyelerde-fiyat-denetimi\/88962","url":"https:\/\/corludahaber.com\/h\/tekirdagda-yeni-egitim-ogretim-yili-oncesi-kirtasiyelerde-fiyat-denetimi\/88962","name":"Yeni E\u011fitim \u00d6\u011fretim Y\u0131l\u0131 \u00d6ncesi, K\u0131rtasiyelerde 'Fiyat' Denetimi | \u00c7orlu&#039;da Haber","isPartOf":{"@id":"https:\/\/corludahaber.com\/h\/#website"},"primaryImageOfPage":{"@id":"https:\/\/corludahaber.com\/h\/tekirdagda-yeni-egitim-ogretim-yili-oncesi-kirtasiyelerde-fiyat-denetimi\/88962#primaryimage"},"image":{"@id":"https:\/\/corludahaber.com\/h\/tekirdagda-yeni-egitim-ogretim-yili-oncesi-kirtasiyelerde-fiyat-denetimi\/88962#primaryimage"},"thumbnailUrl":"https:\/\/corludahaber.com\/h\/wp-content\/uploads\/2024\/08\/tekirdagda-yeni-egitim-ogretim-yili-oncesi-kirtasiyelerde-fiyat-denetimi_66c70237aaca9-jpeg.webp","datePublished":"2024-08-22T09:17:42+00:00","dateModified":"2024-08-24T06:03:11+00:00","description":"Yeni E\u011fitim \u00d6\u011fretim Y\u0131l\u0131 \u00d6ncesi, K\u0131rtasiyelerde 'Fiyat' Denetimi | \u00c7orlu&#039;da Haber","breadcrumb":{"@id":"https:\/\/corludahaber.com\/h\/tekirdagda-yeni-egitim-ogretim-yili-oncesi-kirtasiyelerde-fiyat-denetimi\/88962#breadcrumb"},"inLanguage":"tr","potentialAction":[{"@type":"ReadAction","target":["https:\/\/corludahaber.com\/h\/tekirdagda-yeni-egitim-ogretim-yili-oncesi-kirtasiyelerde-fiyat-denetimi\/88962"]}]},{"@type":"ImageObject","inLanguage":"tr","@id":"https:\/\/corludahaber.com\/h\/tekirdagda-yeni-egitim-ogretim-yili-oncesi-kirtasiyelerde-fiyat-denetimi\/88962#primaryimage","url":"https:\/\/corludahaber.com\/h\/wp-content\/uploads\/2024\/08\/tekirdagda-yeni-egitim-ogretim-yili-oncesi-kirtasiyelerde-fiyat-denetimi_66c70237aaca9-jpeg.webp","contentUrl":"https:\/\/corludahaber.com\/h\/wp-content\/uploads\/2024\/08\/tekirdagda-yeni-egitim-ogretim-yili-oncesi-kirtasiyelerde-fiyat-denetimi_66c70237aaca9-jpeg.webp","width":2300,"height":1504},{"@type":"BreadcrumbList","@id":"https:\/\/corludahaber.com\/h\/tekirdagda-yeni-egitim-ogretim-yili-oncesi-kirtasiyelerde-fiyat-denetimi\/88962#breadcrumb","itemListElement":[{"@type":"ListItem","position":1,"name":"Anasayfa","item":"https:\/\/corludahaber.com\/h\/"},{"@type":"ListItem","position":2,"name":"Ya\u015fam","item":"https:\/\/corludahaber.com\/h\/kategori\/yasam"},{"@type":"ListItem","position":3,"name":"Yeni E\u011fitim \u00d6\u011fretim Y\u0131l\u0131 \u00d6ncesi, K\u0131rtasiyelerde &#8216;Fiyat&#8217; Denetimi"}]},{"@type":"WebSite","@id":"https:\/\/corludahaber.com\/h\/#website","url":"https:\/\/corludahaber.com\/h\/","name":"\u00c7orlu'da Haber","description":"Ger\u00e7ek Tarafs\u0131z Haber","publisher":{"@id":"https:\/\/corludahaber.com\/h\/#organization"},"potentialAction":[{"@type":"SearchAction","target":{"@type":"EntryPoint","urlTemplate":"https:\/\/corludahaber.com\/h\/?s={search_term_string}"},"query-input":"required name=search_term_string"}],"inLanguage":"tr"},{"@type":"Organization","@id":"https:\/\/corludahaber.com\/h\/#organization","name":"\u00c7orlu'da Haber","url":"https:\/\/corludahaber.com\/h\/","logo":{"@type":"ImageObject","inLanguage":"tr","@id":"https:\/\/corludahaber.com\/h\/#\/schema\/logo\/image\/","url":"https:\/\/corludahaber.com\/h\/wp-content\/uploads\/2021\/12\/logo__9__1_-removebg-preview.png","contentUrl":"https:\/\/corludahaber.com\/h\/wp-content\/uploads\/2021\/12\/logo__9__1_-removebg-preview.png","width":500,"height":157,"caption":"\u00c7orlu'da Haber"},"image":{"@id":"https:\/\/corludahaber.com\/h\/#\/schema\/logo\/image\/"},"sameAs":["https:\/\/facebook.com\/habercorluda","https:\/\/x.com\/habercorluda","https:\/\/www.instagram.com\/corludahaber","https:\/\/www.youtube.com\/user\/corludahaber"]},{"@type":"Person","@id":"https:\/\/corludahaber.com\/h\/#\/schema\/person\/b523522be44b062db5d74a62589768cd","name":"\u00c7orlu'da Haber","image":{"@type":"ImageObject","inLanguage":"tr","@id":"https:\/\/corludahaber.com\/h\/#\/schema\/person\/image\/","url":"https:\/\/secure.gravatar.com\/avatar\/1033e54e078c29fd7f053370086ff627ba414b05c2b231c418a481adecd764ce?s=96&d=blank&r=g","contentUrl":"https:\/\/secure.gravatar.com\/avatar\/1033e54e078c29fd7f053370086ff627ba414b05c2b231c418a481adecd764ce?s=96&d=blank&r=g","caption":"\u00c7orlu'da Haber"},"sameAs":["https:\/\/corludahaber.com\/h"],"url":"https:\/\/corludahaber.com\/h\/author\/admin"}]}},"_links":{"self":[{"href":"https:\/\/corludahaber.com\/h\/wp-json\/wp\/v2\/posts\/88962","targetHints":{"allow":["GET"]}}],"collection":[{"href":"https:\/\/corludahaber.com\/h\/wp-json\/wp\/v2\/posts"}],"about":[{"href":"https:\/\/corludahaber.com\/h\/wp-json\/wp\/v2\/types\/post"}],"author":[{"embeddable":true,"href":"https:\/\/corludahaber.com\/h\/wp-json\/wp\/v2\/users\/151"}],"replies":[{"embeddable":true,"href":"https:\/\/corludahaber.com\/h\/wp-json\/wp\/v2\/comments?post=88962"}],"version-history":[{"count":0,"href":"https:\/\/corludahaber.com\/h\/wp-json\/wp\/v2\/posts\/88962\/revisions"}],"wp:featuredmedia":[{"embeddable":true,"href":"https:\/\/corludahaber.com\/h\/wp-json\/wp\/v2\/media\/88963"}],"wp:attachment":[{"href":"https:\/\/corludahaber.com\/h\/wp-json\/wp\/v2\/media?parent=88962"}],"wp:term":[{"taxonomy":"category","embeddable":true,"href":"https:\/\/corludahaber.com\/h\/wp-json\/wp\/v2\/categories?post=88962"},{"taxonomy":"post_tag","embeddable":true,"href":"https:\/\/corludahaber.com\/h\/wp-json\/wp\/v2\/tags?post=88962"}],"curies":[{"name":"wp","href":"https:\/\/api.w.org\/{rel}","templated":true}]}}