{"id":86217,"date":"2024-07-07T18:01:42","date_gmt":"2024-07-07T15:01:42","guid":{"rendered":"https:\/\/corludahaber.com\/h\/664uncu-kirkpinar-agasi-ufuk-ozunlu-oldu-kemeri-ozgur-ozel-takti\/86217"},"modified":"2024-07-07T18:01:57","modified_gmt":"2024-07-07T15:01:57","slug":"664uncu-kirkpinar-agasi-ufuk-ozunlu-oldu-kemeri-ozgur-ozel-takti","status":"publish","type":"post","link":"https:\/\/corludahaber.com\/h\/664uncu-kirkpinar-agasi-ufuk-ozunlu-oldu-kemeri-ozgur-ozel-takti\/86217","title":{"rendered":"664&#8217;\u00fcnc\u00fc K\u0131rkp\u0131nar A\u011fas\u0131  Ufuk \u00d6z\u00fcnl\u00fc oldu, kemeri \u00d6zg\u00fcr \u00d6zel takt\u0131"},"content":{"rendered":"<div class=\"corlu-icerikten-once_3\" id=\"corlu-1975057758\"><script type='text\/javascript' src='https:\/\/platform-api.sharethis.com\/js\/sharethis.js#property=5ce8cf08af7d000012cb0ca1&product=inline-reaction-buttons' async='async'><\/script>\r\n\r\n<\/div><p><span style=\"vertical-align: inherit;\"><span style=\"vertical-align: inherit;\"><\/p>\n<div readability=\"109\">\n                        <span class=\"category-name hidden\"><\/span><\/p>\n<p>Olgay G\u00dcLER \/ ED\u0130RNE, (DHA)- ED\u0130RNE&#8217;de ger\u00e7ekle\u015ftirilen 663&#8217;\u00fcnc\u00fc Tarihi K\u0131rkp\u0131nar Ya\u011fl\u0131 G\u00fcre\u015fleri&#8217;nde, geleneksel a\u011fal\u0131k ko\u00e7 ihalesi yap\u0131ld\u0131. K\u0131rkp\u0131nar&#8217;da 15 y\u0131l a\u011fal\u0131k yapan, 4 alt\u0131n kemerli Seyfettin Selim&#8217;in, a\u011fal\u0131k ihalesinde lehine \u00e7ekildi\u011fi, i\u015f insan\u0131 Ufuk \u00d6z\u00fcnl\u00fc, 34 milyon 571 bin 852 lira vererek, 664&#8217;\u00fcnc\u00fc Tarihi K\u0131rkp\u0131nar Ya\u011fl\u0131 G\u00fcre\u015fleri A\u011fas\u0131 oldu. \u00d6z\u00fcnl\u00fc&#8217;ye a\u011fal\u0131k alt\u0131n kemerini, CHP Genel Ba\u015fkan\u0131 \u00d6zg\u00fcr \u00d6zel takt\u0131.<\/p>\n<p>Edirne&#8217;de 663&#8217;\u00fcnc\u00fc Tarihi K\u0131rkp\u0131nar Ya\u011fl\u0131 G\u00fcre\u015fleri&#8217;nin ger\u00e7ekle\u015ftirildi\u011fi Sarayi\u00e7i Er Meydan\u0131&#8217;nda, geleneksel a\u011fal\u0131k ko\u00e7 ihalesi yap\u0131ld\u0131. \u0130haleye, 663&#8217;\u00fcnc\u00fc K\u0131rkp\u0131nar a\u011fas\u0131, 4 alt\u0131n kemerli a\u011fa Seyfettin Selim, Sultangazi G\u00fcre\u015fleri A\u011fas\u0131 Zeki \u00d6z\u00fcnl\u00fc&#8217;n\u00fcn o\u011flu i\u015f insan\u0131 Ufuk \u00d6z\u00fcnl\u00fc ve i\u015f insan\u0131 \u00d6m\u00fcr Bodenstaff kat\u0131ld\u0131. Ba\u015fpehlivanl\u0131k final g\u00fcre\u015flerini izlemek \u00fczere Sarayi\u00e7i&#8217;ne gelen CHP Genel Ba\u015fkan\u0131 \u00d6zg\u00fcr \u00d6zel ile \u0130stanbul B\u00fcy\u00fck\u015fehir Belediye Ba\u015fkan\u0131 Ekrem \u0130mamo\u011flu da a\u011fal\u0131k ihalesini izledi. <\/p>\n<p>\u0130hale ba\u015flamadan \u00f6nce konu\u015fan Edirne Belediye Ba\u015fkan\u0131 Filiz Gencan Ak\u0131n, a\u011fal\u0131k ihalesinin K\u0131rkp\u0131nar&#8217;\u0131n en g\u00fczel geleneklerinden birisi oldu\u011funu s\u00f6yledi. Ak\u0131n, &#8221; K\u0131rkp\u0131nar Ya\u011fl\u0131 G\u00fcre\u015fleri&#8217;mizin en g\u00fczel geleneklerinden birisi a\u011fal\u0131k ihalemiz. Bizde a\u011fal\u0131k sadece buradan yap\u0131lan ko\u00e7 ihalesiyle s\u0131n\u0131rl\u0131 de\u011fil, a\u011fal\u0131k cesaret ister, y\u00fcrek ister, mertlik ister, vatana ve millete ba\u011fl\u0131l\u0131k ister. Ben bu noktada K\u0131rkp\u0131nar&#8217;\u0131m\u0131zda a\u011fal\u0131k yapan t\u00fcm a\u011falar\u0131m\u0131za \u00e7ok te\u015fekk\u00fcr ederim \u00e7\u00fcnk\u00fc hepsinin g\u00fczel hizmetleri ge\u00e7ti&#8221; dedi. <\/p>\n<p>EN Y\u00dcKSEK RAKAMI \u00d6Z\u00dcNL\u00dc VERD\u0130<\/p>\n<p>Ak\u0131n, konu\u015fmas\u0131n\u0131n ard\u0131ndan 664&#8217;\u00fcnc\u00fc K\u0131rkp\u0131nar A\u011fal\u0131k ko\u00e7 ihalesini 23 milyon liradan a\u00e7t\u0131. 663&#8217;\u00fcnc\u00fc K\u0131rkp\u0131nar A\u011fas\u0131 Seyfettin Selim, ihaleyi 25 milyon 661 bin liraya \u00e7\u0131kard\u0131. A\u011fal\u0131k adaylar\u0131ndan \u00d6m\u00fcr Bodenstaff ise ihaleyi 31 milyona \u00e7\u0131kard\u0131. Di\u011fer aday Ufuk \u00d6z\u00fcnl\u00fc de ihaleyi 31 milyon 571 bin 952 liraya \u00e7\u0131kard\u0131. \u00d6z\u00fcnl\u00fc&#8217;n\u00fcn ard\u0131ndan di\u011fer iki aday \u00d6z\u00fcnl\u00fc ad\u0131na ihaleden \u00e7ekildi. <\/p>\n<p>\u00d6ZEL MAN\u0130SA&#8217;NIN PLAKASINI \u00d6NERD\u0130<\/p>\n<p>\u0130haleyi sunan K\u0131rkp\u0131nar Ba\u015fcazg\u0131r\u0131 \u015e\u00fckr\u00fc Kayaba\u015f, son rakam\u0131n belirlenmesi i\u00e7in s\u00f6z\u00fc CHP Genel Ba\u015fkan\u0131 \u00d6zg\u00fcr \u00d6zel&#8217;e verdi. \u00d6zel, &#8220;\u00d6ncelikle ben 15 y\u0131l boyunca bu i\u015fi yapm\u0131\u015f, hepimizin g\u00f6nl\u00fcn\u00fc fethetmi\u015f, Sarayi\u00e7i&#8217;ne, Edirne&#8217;ye, g\u00fcre\u015flere b\u00fcy\u00fck katk\u0131 sunmu\u015f Seyfettin A\u011fam\u0131za y\u00fcrekten te\u015fekk\u00fcr ediyorum, sa\u011f olsun, var olsun. Yeni a\u011fam\u0131z rakam\u0131n sonunu de\u011fi\u015ftirmek istemedi, o zaman biz de ba\u015f\u0131n\u0131 de\u011fi\u015ftirelim. Bunu Manisa&#8217;m\u0131z\u0131n 45, e\u011fer rakam 45 milyon 571 bin 852 olursa \u00e7ok \u015f\u0131k olur&#8221; diye konu\u015ftu.  <\/p>\n<p>SON RAKAM 34 M\u0130LYON OLARAK BEL\u0130RLEND\u0130<\/p>\n<p>A\u011fa aday\u0131 Ufuk \u00d6z\u00fcnl\u00fc de, son rakam\u0131, doydu\u011fu yer olan \u0130stanbul&#8217;un plakas\u0131 34&#8217;e e\u015fitledi. \u00d6z\u00fcnl\u00fc, &#8220;Burada babam Zeki \u00d6z\u00fcnl\u00fc ad\u0131na oturuyorum, onun yar\u0131m kalan hikayesini tamamlamak i\u00e7in geldim. 31 milyondan sonraki rakamlar babam\u0131n do\u011fum g\u00fcn\u00fcn\u00fc temsil ediyor. O nedenle bu rakam\u0131 verdim. Genel ba\u015fkan\u0131m\u0131z do\u011fdu\u011fu yeri yazd\u0131rd\u0131, biz de doydu\u011fumuz yeri yazd\u0131ral\u0131m. Ekrem ba\u015fkan\u0131m\u0131z da burada, 34 milyon 571 bin 952 olarak g\u00fcncelliyorum&#8221; diye konu\u015ftu. <\/p>\n<p>A\u011fal\u0131k ko\u00e7 ihalesinin tamamlanmas\u0131n\u0131n ard\u0131ndan, CHP Genel Ba\u015fkan\u0131 \u00d6zg\u00fcr \u00d6zel, a\u011fal\u0131k alt\u0131n kemerini Ufuk \u00d6z\u00fcnl\u00fc&#8217;ye takt\u0131. \u00d6z\u00fcnl\u00fc, beraberindekilerle Sarayi\u00e7i Er Meydan\u0131&#8217;nda tur att\u0131.(DHA)<\/p>\n<p>FOTO\u011eRAFLI<\/p>\n<\/div>\n<p><\/span><\/span><\/p>\n<div class=\"corlu-icerikten-sonra_3\" id=\"corlu-2952798844\"><p><img loading=\"lazy\" decoding=\"async\" class=\"aligncenter\" src=\"https:\/\/www.corludahaber.com\/bahcesehir.jpg\" alt=\"\" width=\"624\" height=\"196\" \/><\/p>\n<table style=\"text-align: left; width: 100%;\" border=\"1\" cellspacing=\"2\" cellpadding=\"2\">\n<tbody>\n<tr>\n<td style=\"background-color: #050805;\"><span style=\"font-size: 12pt;\"><small><small><em><strong><big><span style=\"color: #ff0000;\">Haber ve resimlerin telif haklar\u0131ndan dolay\u0131 kullan\u0131m\u0131 yasakt\u0131r<span style=\"color: #000000;\">.<\/span><\/span><span style=\"color: #000000;\">\u00a0<\/span><span style=\"color: #ffffff;\">Yaz\u0131l\u0131 izni al\u0131nmadan hi\u00e7bir yaz\u0131l\u0131, g\u00f6rsel, i\u015fitsel i\u00e7erik kopyalanamaz, de\u011fi\u015ftirilemez, yay\u0131nlanamaz veya sat\u0131lamaz. Aksi halde<\/span>\u00a0<span style=\"color: #ff0000;\">5846<span style=\"color: #ffffff;\">\u00a0<\/span><\/span><span style=\"color: #ffffff;\">say\u0131l\u0131 Fikir ve Sanat Eserleri Kanunu\u2019na ve<\/span>\u00a0<span style=\"color: #800000;\"><span style=\"color: #ff0000;\">6102<\/span><span style=\"color: #ffffff;\">\u00a0<\/span><\/span><span style=\"color: #ffffff;\">say\u0131l\u0131 maddesine g\u00f6re<\/span>\u00a0<span style=\"color: #ff0000;\">gerekli i\u015flemler uygulanacakt\u0131r.<\/span><br \/>\n<span style=\"color: #ffffff;\">\u00a9 Copyright 2014<\/span><\/big><\/strong><\/em><\/small><\/small><\/span><\/td>\n<\/tr>\n<\/tbody>\n<\/table>\n<p><small><small>\u00a0<\/small><\/small><\/p>\n<\/div>","protected":false},"excerpt":{"rendered":"<p>Olgay G\u00dcLER \/ ED\u0130RNE, (DHA)- ED\u0130RNE&#8217;de ger\u00e7ekle\u015ftirilen 663&#8217;\u00fcnc\u00fc Tarihi K\u0131rkp\u0131nar Ya\u011fl\u0131 G\u00fcre\u015fleri&#8217;nde, geleneksel a\u011fal\u0131k ko\u00e7 ihalesi yap\u0131ld\u0131. K\u0131rkp\u0131nar&#8217;da 15 y\u0131l a\u011fal\u0131k yapan, 4 alt\u0131n kemerli Seyfettin Selim&#8217;in, a\u011fal\u0131k ihalesinde lehine \u00e7ekildi\u011fi, i\u015f insan\u0131 Ufuk \u00d6z\u00fcnl\u00fc, 34 milyon 571 bin 852 lira vererek, 664&#8217;\u00fcnc\u00fc Tarihi K\u0131rkp\u0131nar Ya\u011fl\u0131 G\u00fcre\u015fleri A\u011fas\u0131 oldu. \u00d6z\u00fcnl\u00fc&#8217;ye a\u011fal\u0131k alt\u0131n kemerini, CHP Genel &hellip;<\/p>\n","protected":false},"author":151,"featured_media":86218,"comment_status":"open","ping_status":"closed","sticky":false,"template":"","format":"standard","meta":{"footnotes":""},"categories":[121],"tags":[14212,14237,14125,954,1672,14236,14238,2263],"class_list":["post-86217","post","type-post","status-publish","format-standard","has-post-thumbnail","hentry","category-edirne","tag-agasi","tag-kemeri","tag-kirkpinar","tag-ozel","tag-ozgur","tag-ozunlu","tag-takti","tag-uncu"],"yoast_head":"<!-- This site is optimized with the Yoast SEO Premium plugin v23.3 (Yoast SEO v23.3) - https:\/\/yoast.com\/wordpress\/plugins\/seo\/ -->\n<title>664&#039;\u00fcnc\u00fc K\u0131rkp\u0131nar A\u011fas\u0131 Ufuk \u00d6z\u00fcnl\u00fc oldu, kemeri \u00d6zg\u00fcr \u00d6zel takt\u0131 | \u00c7orlu&#039;da Haber<\/title>\n<meta name=\"description\" content=\"664&#039;\u00fcnc\u00fc K\u0131rkp\u0131nar A\u011fas\u0131 Ufuk \u00d6z\u00fcnl\u00fc oldu, kemeri \u00d6zg\u00fcr \u00d6zel takt\u0131 | \u00c7orlu&#039;da Haber\" \/>\n<meta name=\"robots\" content=\"index, follow, max-snippet:-1, max-image-preview:large, max-video-preview:-1\" \/>\n<link rel=\"canonical\" href=\"https:\/\/corludahaber.com\/h\/664uncu-kirkpinar-agasi-ufuk-ozunlu-oldu-kemeri-ozgur-ozel-takti\/86217\" \/>\n<meta property=\"og:locale\" content=\"tr_TR\" \/>\n<meta property=\"og:type\" content=\"article\" \/>\n<meta property=\"og:title\" content=\"664&#039;\u00fcnc\u00fc K\u0131rkp\u0131nar A\u011fas\u0131 Ufuk \u00d6z\u00fcnl\u00fc oldu, kemeri \u00d6zg\u00fcr \u00d6zel takt\u0131 | \u00c7orlu&#039;da Haber\" \/>\n<meta property=\"og:description\" content=\"664&#039;\u00fcnc\u00fc K\u0131rkp\u0131nar A\u011fas\u0131 Ufuk \u00d6z\u00fcnl\u00fc oldu, kemeri \u00d6zg\u00fcr \u00d6zel takt\u0131 | \u00c7orlu&#039;da Haber\" \/>\n<meta property=\"og:url\" content=\"https:\/\/corludahaber.com\/h\/664uncu-kirkpinar-agasi-ufuk-ozunlu-oldu-kemeri-ozgur-ozel-takti\/86217\" \/>\n<meta property=\"og:site_name\" content=\"\u00c7orlu&#039;da Haber\" \/>\n<meta property=\"article:publisher\" content=\"https:\/\/facebook.com\/habercorluda\" \/>\n<meta property=\"article:published_time\" content=\"2024-07-07T15:01:42+00:00\" \/>\n<meta property=\"article:modified_time\" content=\"2024-07-07T15:01:57+00:00\" \/>\n<meta property=\"og:image\" content=\"https:\/\/corludahaber.com\/h\/wp-content\/uploads\/2024\/07\/664uncu-kirkpinar-agasi-ufuk-ozunlu-oldu-kemeri-ozgur-ozel-takti_668aadd9cd664-scaled.webp\" \/>\n\t<meta property=\"og:image:width\" content=\"2560\" \/>\n\t<meta property=\"og:image:height\" content=\"1442\" \/>\n\t<meta property=\"og:image:type\" content=\"image\/jpeg\" \/>\n<meta name=\"author\" content=\"\u00c7orlu&#039;da Haber\" \/>\n<meta name=\"twitter:card\" content=\"summary_large_image\" \/>\n<meta name=\"twitter:creator\" content=\"@habercorluda\" \/>\n<meta name=\"twitter:site\" content=\"@habercorluda\" \/>\n<meta name=\"twitter:label1\" content=\"Yazan:\" \/>\n\t<meta name=\"twitter:data1\" content=\"\u00c7orlu&#039;da Haber\" \/>\n\t<meta name=\"twitter:label2\" content=\"Tahmini okuma s\u00fcresi\" \/>\n\t<meta name=\"twitter:data2\" content=\"3 dakika\" \/>\n<script type=\"application\/ld+json\" class=\"yoast-schema-graph\">{\"@context\":\"https:\/\/schema.org\",\"@graph\":[{\"@type\":\"Article\",\"@id\":\"https:\/\/corludahaber.com\/h\/664uncu-kirkpinar-agasi-ufuk-ozunlu-oldu-kemeri-ozgur-ozel-takti\/86217#article\",\"isPartOf\":{\"@id\":\"https:\/\/corludahaber.com\/h\/664uncu-kirkpinar-agasi-ufuk-ozunlu-oldu-kemeri-ozgur-ozel-takti\/86217\"},\"author\":{\"name\":\"\u00c7orlu'da Haber\",\"@id\":\"https:\/\/corludahaber.com\/h\/#\/schema\/person\/b523522be44b062db5d74a62589768cd\"},\"headline\":\"664&#8217;\u00fcnc\u00fc K\u0131rkp\u0131nar A\u011fas\u0131 Ufuk \u00d6z\u00fcnl\u00fc oldu, kemeri \u00d6zg\u00fcr \u00d6zel takt\u0131\",\"datePublished\":\"2024-07-07T15:01:42+00:00\",\"dateModified\":\"2024-07-07T15:01:57+00:00\",\"mainEntityOfPage\":{\"@id\":\"https:\/\/corludahaber.com\/h\/664uncu-kirkpinar-agasi-ufuk-ozunlu-oldu-kemeri-ozgur-ozel-takti\/86217\"},\"wordCount\":662,\"commentCount\":0,\"publisher\":{\"@id\":\"https:\/\/corludahaber.com\/h\/#organization\"},\"image\":{\"@id\":\"https:\/\/corludahaber.com\/h\/664uncu-kirkpinar-agasi-ufuk-ozunlu-oldu-kemeri-ozgur-ozel-takti\/86217#primaryimage\"},\"thumbnailUrl\":\"https:\/\/corludahaber.com\/h\/wp-content\/uploads\/2024\/07\/664uncu-kirkpinar-agasi-ufuk-ozunlu-oldu-kemeri-ozgur-ozel-takti_668aadd9cd664-scaled.webp\",\"keywords\":[\"A\u011fas\u0131\",\"kemeri\",\"K\u0131rkp\u0131nar\",\"\u00d6zel\",\"\u00d6zg\u00fcr\",\"\u00d6z\u00fcnl\u00fc\",\"takt\u0131\",\"\u00fcnc\u00fc\"],\"articleSection\":[\"Edirne\"],\"inLanguage\":\"tr\",\"potentialAction\":[{\"@type\":\"CommentAction\",\"name\":\"Comment\",\"target\":[\"https:\/\/corludahaber.com\/h\/664uncu-kirkpinar-agasi-ufuk-ozunlu-oldu-kemeri-ozgur-ozel-takti\/86217#respond\"]}]},{\"@type\":\"WebPage\",\"@id\":\"https:\/\/corludahaber.com\/h\/664uncu-kirkpinar-agasi-ufuk-ozunlu-oldu-kemeri-ozgur-ozel-takti\/86217\",\"url\":\"https:\/\/corludahaber.com\/h\/664uncu-kirkpinar-agasi-ufuk-ozunlu-oldu-kemeri-ozgur-ozel-takti\/86217\",\"name\":\"664'\u00fcnc\u00fc K\u0131rkp\u0131nar A\u011fas\u0131 Ufuk \u00d6z\u00fcnl\u00fc oldu, kemeri \u00d6zg\u00fcr \u00d6zel takt\u0131 | \u00c7orlu&#039;da Haber\",\"isPartOf\":{\"@id\":\"https:\/\/corludahaber.com\/h\/#website\"},\"primaryImageOfPage\":{\"@id\":\"https:\/\/corludahaber.com\/h\/664uncu-kirkpinar-agasi-ufuk-ozunlu-oldu-kemeri-ozgur-ozel-takti\/86217#primaryimage\"},\"image\":{\"@id\":\"https:\/\/corludahaber.com\/h\/664uncu-kirkpinar-agasi-ufuk-ozunlu-oldu-kemeri-ozgur-ozel-takti\/86217#primaryimage\"},\"thumbnailUrl\":\"https:\/\/corludahaber.com\/h\/wp-content\/uploads\/2024\/07\/664uncu-kirkpinar-agasi-ufuk-ozunlu-oldu-kemeri-ozgur-ozel-takti_668aadd9cd664-scaled.webp\",\"datePublished\":\"2024-07-07T15:01:42+00:00\",\"dateModified\":\"2024-07-07T15:01:57+00:00\",\"description\":\"664'\u00fcnc\u00fc K\u0131rkp\u0131nar A\u011fas\u0131 Ufuk \u00d6z\u00fcnl\u00fc oldu, kemeri \u00d6zg\u00fcr \u00d6zel takt\u0131 | \u00c7orlu&#039;da Haber\",\"breadcrumb\":{\"@id\":\"https:\/\/corludahaber.com\/h\/664uncu-kirkpinar-agasi-ufuk-ozunlu-oldu-kemeri-ozgur-ozel-takti\/86217#breadcrumb\"},\"inLanguage\":\"tr\",\"potentialAction\":[{\"@type\":\"ReadAction\",\"target\":[\"https:\/\/corludahaber.com\/h\/664uncu-kirkpinar-agasi-ufuk-ozunlu-oldu-kemeri-ozgur-ozel-takti\/86217\"]}]},{\"@type\":\"ImageObject\",\"inLanguage\":\"tr\",\"@id\":\"https:\/\/corludahaber.com\/h\/664uncu-kirkpinar-agasi-ufuk-ozunlu-oldu-kemeri-ozgur-ozel-takti\/86217#primaryimage\",\"url\":\"https:\/\/corludahaber.com\/h\/wp-content\/uploads\/2024\/07\/664uncu-kirkpinar-agasi-ufuk-ozunlu-oldu-kemeri-ozgur-ozel-takti_668aadd9cd664-scaled.webp\",\"contentUrl\":\"https:\/\/corludahaber.com\/h\/wp-content\/uploads\/2024\/07\/664uncu-kirkpinar-agasi-ufuk-ozunlu-oldu-kemeri-ozgur-ozel-takti_668aadd9cd664-scaled.webp\",\"width\":2560,\"height\":1442},{\"@type\":\"BreadcrumbList\",\"@id\":\"https:\/\/corludahaber.com\/h\/664uncu-kirkpinar-agasi-ufuk-ozunlu-oldu-kemeri-ozgur-ozel-takti\/86217#breadcrumb\",\"itemListElement\":[{\"@type\":\"ListItem\",\"position\":1,\"name\":\"Anasayfa\",\"item\":\"https:\/\/corludahaber.com\/h\/\"},{\"@type\":\"ListItem\",\"position\":2,\"name\":\"Edirne\",\"item\":\"https:\/\/corludahaber.com\/h\/kategori\/edirne\"},{\"@type\":\"ListItem\",\"position\":3,\"name\":\"664&#8217;\u00fcnc\u00fc K\u0131rkp\u0131nar A\u011fas\u0131 Ufuk \u00d6z\u00fcnl\u00fc oldu, kemeri \u00d6zg\u00fcr \u00d6zel takt\u0131\"}]},{\"@type\":\"WebSite\",\"@id\":\"https:\/\/corludahaber.com\/h\/#website\",\"url\":\"https:\/\/corludahaber.com\/h\/\",\"name\":\"\u00c7orlu'da Haber\",\"description\":\"Ger\u00e7ek Tarafs\u0131z Haber\",\"publisher\":{\"@id\":\"https:\/\/corludahaber.com\/h\/#organization\"},\"potentialAction\":[{\"@type\":\"SearchAction\",\"target\":{\"@type\":\"EntryPoint\",\"urlTemplate\":\"https:\/\/corludahaber.com\/h\/?s={search_term_string}\"},\"query-input\":\"required name=search_term_string\"}],\"inLanguage\":\"tr\"},{\"@type\":\"Organization\",\"@id\":\"https:\/\/corludahaber.com\/h\/#organization\",\"name\":\"\u00c7orlu'da Haber\",\"url\":\"https:\/\/corludahaber.com\/h\/\",\"logo\":{\"@type\":\"ImageObject\",\"inLanguage\":\"tr\",\"@id\":\"https:\/\/corludahaber.com\/h\/#\/schema\/logo\/image\/\",\"url\":\"https:\/\/corludahaber.com\/h\/wp-content\/uploads\/2021\/12\/logo__9__1_-removebg-preview.png\",\"contentUrl\":\"https:\/\/corludahaber.com\/h\/wp-content\/uploads\/2021\/12\/logo__9__1_-removebg-preview.png\",\"width\":500,\"height\":157,\"caption\":\"\u00c7orlu'da Haber\"},\"image\":{\"@id\":\"https:\/\/corludahaber.com\/h\/#\/schema\/logo\/image\/\"},\"sameAs\":[\"https:\/\/facebook.com\/habercorluda\",\"https:\/\/x.com\/habercorluda\",\"https:\/\/www.instagram.com\/corludahaber\",\"https:\/\/www.youtube.com\/user\/corludahaber\"]},{\"@type\":\"Person\",\"@id\":\"https:\/\/corludahaber.com\/h\/#\/schema\/person\/b523522be44b062db5d74a62589768cd\",\"name\":\"\u00c7orlu'da Haber\",\"image\":{\"@type\":\"ImageObject\",\"inLanguage\":\"tr\",\"@id\":\"https:\/\/corludahaber.com\/h\/#\/schema\/person\/image\/\",\"url\":\"https:\/\/secure.gravatar.com\/avatar\/1033e54e078c29fd7f053370086ff627ba414b05c2b231c418a481adecd764ce?s=96&d=blank&r=g\",\"contentUrl\":\"https:\/\/secure.gravatar.com\/avatar\/1033e54e078c29fd7f053370086ff627ba414b05c2b231c418a481adecd764ce?s=96&d=blank&r=g\",\"caption\":\"\u00c7orlu'da Haber\"},\"sameAs\":[\"https:\/\/corludahaber.com\/h\"],\"url\":\"https:\/\/corludahaber.com\/h\/author\/admin\"}]}<\/script>\n<!-- \/ Yoast SEO Premium plugin. -->","yoast_head_json":{"title":"664'\u00fcnc\u00fc K\u0131rkp\u0131nar A\u011fas\u0131 Ufuk \u00d6z\u00fcnl\u00fc oldu, kemeri \u00d6zg\u00fcr \u00d6zel takt\u0131 | \u00c7orlu&#039;da Haber","description":"664'\u00fcnc\u00fc K\u0131rkp\u0131nar A\u011fas\u0131 Ufuk \u00d6z\u00fcnl\u00fc oldu, kemeri \u00d6zg\u00fcr \u00d6zel takt\u0131 | \u00c7orlu&#039;da Haber","robots":{"index":"index","follow":"follow","max-snippet":"max-snippet:-1","max-image-preview":"max-image-preview:large","max-video-preview":"max-video-preview:-1"},"canonical":"https:\/\/corludahaber.com\/h\/664uncu-kirkpinar-agasi-ufuk-ozunlu-oldu-kemeri-ozgur-ozel-takti\/86217","og_locale":"tr_TR","og_type":"article","og_title":"664'\u00fcnc\u00fc K\u0131rkp\u0131nar A\u011fas\u0131 Ufuk \u00d6z\u00fcnl\u00fc oldu, kemeri \u00d6zg\u00fcr \u00d6zel takt\u0131 | \u00c7orlu&#039;da Haber","og_description":"664'\u00fcnc\u00fc K\u0131rkp\u0131nar A\u011fas\u0131 Ufuk \u00d6z\u00fcnl\u00fc oldu, kemeri \u00d6zg\u00fcr \u00d6zel takt\u0131 | \u00c7orlu&#039;da Haber","og_url":"https:\/\/corludahaber.com\/h\/664uncu-kirkpinar-agasi-ufuk-ozunlu-oldu-kemeri-ozgur-ozel-takti\/86217","og_site_name":"\u00c7orlu&#039;da Haber","article_publisher":"https:\/\/facebook.com\/habercorluda","article_published_time":"2024-07-07T15:01:42+00:00","article_modified_time":"2024-07-07T15:01:57+00:00","og_image":[{"width":2560,"height":1442,"url":"https:\/\/corludahaber.com\/h\/wp-content\/uploads\/2024\/07\/664uncu-kirkpinar-agasi-ufuk-ozunlu-oldu-kemeri-ozgur-ozel-takti_668aadd9cd664-scaled.webp","type":"image\/jpeg"}],"author":"\u00c7orlu'da Haber","twitter_card":"summary_large_image","twitter_creator":"@habercorluda","twitter_site":"@habercorluda","twitter_misc":{"Yazan:":"\u00c7orlu'da Haber","Tahmini okuma s\u00fcresi":"3 dakika"},"schema":{"@context":"https:\/\/schema.org","@graph":[{"@type":"Article","@id":"https:\/\/corludahaber.com\/h\/664uncu-kirkpinar-agasi-ufuk-ozunlu-oldu-kemeri-ozgur-ozel-takti\/86217#article","isPartOf":{"@id":"https:\/\/corludahaber.com\/h\/664uncu-kirkpinar-agasi-ufuk-ozunlu-oldu-kemeri-ozgur-ozel-takti\/86217"},"author":{"name":"\u00c7orlu'da Haber","@id":"https:\/\/corludahaber.com\/h\/#\/schema\/person\/b523522be44b062db5d74a62589768cd"},"headline":"664&#8217;\u00fcnc\u00fc K\u0131rkp\u0131nar A\u011fas\u0131 Ufuk \u00d6z\u00fcnl\u00fc oldu, kemeri \u00d6zg\u00fcr \u00d6zel takt\u0131","datePublished":"2024-07-07T15:01:42+00:00","dateModified":"2024-07-07T15:01:57+00:00","mainEntityOfPage":{"@id":"https:\/\/corludahaber.com\/h\/664uncu-kirkpinar-agasi-ufuk-ozunlu-oldu-kemeri-ozgur-ozel-takti\/86217"},"wordCount":662,"commentCount":0,"publisher":{"@id":"https:\/\/corludahaber.com\/h\/#organization"},"image":{"@id":"https:\/\/corludahaber.com\/h\/664uncu-kirkpinar-agasi-ufuk-ozunlu-oldu-kemeri-ozgur-ozel-takti\/86217#primaryimage"},"thumbnailUrl":"https:\/\/corludahaber.com\/h\/wp-content\/uploads\/2024\/07\/664uncu-kirkpinar-agasi-ufuk-ozunlu-oldu-kemeri-ozgur-ozel-takti_668aadd9cd664-scaled.webp","keywords":["A\u011fas\u0131","kemeri","K\u0131rkp\u0131nar","\u00d6zel","\u00d6zg\u00fcr","\u00d6z\u00fcnl\u00fc","takt\u0131","\u00fcnc\u00fc"],"articleSection":["Edirne"],"inLanguage":"tr","potentialAction":[{"@type":"CommentAction","name":"Comment","target":["https:\/\/corludahaber.com\/h\/664uncu-kirkpinar-agasi-ufuk-ozunlu-oldu-kemeri-ozgur-ozel-takti\/86217#respond"]}]},{"@type":"WebPage","@id":"https:\/\/corludahaber.com\/h\/664uncu-kirkpinar-agasi-ufuk-ozunlu-oldu-kemeri-ozgur-ozel-takti\/86217","url":"https:\/\/corludahaber.com\/h\/664uncu-kirkpinar-agasi-ufuk-ozunlu-oldu-kemeri-ozgur-ozel-takti\/86217","name":"664'\u00fcnc\u00fc K\u0131rkp\u0131nar A\u011fas\u0131 Ufuk \u00d6z\u00fcnl\u00fc oldu, kemeri \u00d6zg\u00fcr \u00d6zel takt\u0131 | \u00c7orlu&#039;da Haber","isPartOf":{"@id":"https:\/\/corludahaber.com\/h\/#website"},"primaryImageOfPage":{"@id":"https:\/\/corludahaber.com\/h\/664uncu-kirkpinar-agasi-ufuk-ozunlu-oldu-kemeri-ozgur-ozel-takti\/86217#primaryimage"},"image":{"@id":"https:\/\/corludahaber.com\/h\/664uncu-kirkpinar-agasi-ufuk-ozunlu-oldu-kemeri-ozgur-ozel-takti\/86217#primaryimage"},"thumbnailUrl":"https:\/\/corludahaber.com\/h\/wp-content\/uploads\/2024\/07\/664uncu-kirkpinar-agasi-ufuk-ozunlu-oldu-kemeri-ozgur-ozel-takti_668aadd9cd664-scaled.webp","datePublished":"2024-07-07T15:01:42+00:00","dateModified":"2024-07-07T15:01:57+00:00","description":"664'\u00fcnc\u00fc K\u0131rkp\u0131nar A\u011fas\u0131 Ufuk \u00d6z\u00fcnl\u00fc oldu, kemeri \u00d6zg\u00fcr \u00d6zel takt\u0131 | \u00c7orlu&#039;da Haber","breadcrumb":{"@id":"https:\/\/corludahaber.com\/h\/664uncu-kirkpinar-agasi-ufuk-ozunlu-oldu-kemeri-ozgur-ozel-takti\/86217#breadcrumb"},"inLanguage":"tr","potentialAction":[{"@type":"ReadAction","target":["https:\/\/corludahaber.com\/h\/664uncu-kirkpinar-agasi-ufuk-ozunlu-oldu-kemeri-ozgur-ozel-takti\/86217"]}]},{"@type":"ImageObject","inLanguage":"tr","@id":"https:\/\/corludahaber.com\/h\/664uncu-kirkpinar-agasi-ufuk-ozunlu-oldu-kemeri-ozgur-ozel-takti\/86217#primaryimage","url":"https:\/\/corludahaber.com\/h\/wp-content\/uploads\/2024\/07\/664uncu-kirkpinar-agasi-ufuk-ozunlu-oldu-kemeri-ozgur-ozel-takti_668aadd9cd664-scaled.webp","contentUrl":"https:\/\/corludahaber.com\/h\/wp-content\/uploads\/2024\/07\/664uncu-kirkpinar-agasi-ufuk-ozunlu-oldu-kemeri-ozgur-ozel-takti_668aadd9cd664-scaled.webp","width":2560,"height":1442},{"@type":"BreadcrumbList","@id":"https:\/\/corludahaber.com\/h\/664uncu-kirkpinar-agasi-ufuk-ozunlu-oldu-kemeri-ozgur-ozel-takti\/86217#breadcrumb","itemListElement":[{"@type":"ListItem","position":1,"name":"Anasayfa","item":"https:\/\/corludahaber.com\/h\/"},{"@type":"ListItem","position":2,"name":"Edirne","item":"https:\/\/corludahaber.com\/h\/kategori\/edirne"},{"@type":"ListItem","position":3,"name":"664&#8217;\u00fcnc\u00fc K\u0131rkp\u0131nar A\u011fas\u0131 Ufuk \u00d6z\u00fcnl\u00fc oldu, kemeri \u00d6zg\u00fcr \u00d6zel takt\u0131"}]},{"@type":"WebSite","@id":"https:\/\/corludahaber.com\/h\/#website","url":"https:\/\/corludahaber.com\/h\/","name":"\u00c7orlu'da Haber","description":"Ger\u00e7ek Tarafs\u0131z Haber","publisher":{"@id":"https:\/\/corludahaber.com\/h\/#organization"},"potentialAction":[{"@type":"SearchAction","target":{"@type":"EntryPoint","urlTemplate":"https:\/\/corludahaber.com\/h\/?s={search_term_string}"},"query-input":"required name=search_term_string"}],"inLanguage":"tr"},{"@type":"Organization","@id":"https:\/\/corludahaber.com\/h\/#organization","name":"\u00c7orlu'da Haber","url":"https:\/\/corludahaber.com\/h\/","logo":{"@type":"ImageObject","inLanguage":"tr","@id":"https:\/\/corludahaber.com\/h\/#\/schema\/logo\/image\/","url":"https:\/\/corludahaber.com\/h\/wp-content\/uploads\/2021\/12\/logo__9__1_-removebg-preview.png","contentUrl":"https:\/\/corludahaber.com\/h\/wp-content\/uploads\/2021\/12\/logo__9__1_-removebg-preview.png","width":500,"height":157,"caption":"\u00c7orlu'da Haber"},"image":{"@id":"https:\/\/corludahaber.com\/h\/#\/schema\/logo\/image\/"},"sameAs":["https:\/\/facebook.com\/habercorluda","https:\/\/x.com\/habercorluda","https:\/\/www.instagram.com\/corludahaber","https:\/\/www.youtube.com\/user\/corludahaber"]},{"@type":"Person","@id":"https:\/\/corludahaber.com\/h\/#\/schema\/person\/b523522be44b062db5d74a62589768cd","name":"\u00c7orlu'da Haber","image":{"@type":"ImageObject","inLanguage":"tr","@id":"https:\/\/corludahaber.com\/h\/#\/schema\/person\/image\/","url":"https:\/\/secure.gravatar.com\/avatar\/1033e54e078c29fd7f053370086ff627ba414b05c2b231c418a481adecd764ce?s=96&d=blank&r=g","contentUrl":"https:\/\/secure.gravatar.com\/avatar\/1033e54e078c29fd7f053370086ff627ba414b05c2b231c418a481adecd764ce?s=96&d=blank&r=g","caption":"\u00c7orlu'da Haber"},"sameAs":["https:\/\/corludahaber.com\/h"],"url":"https:\/\/corludahaber.com\/h\/author\/admin"}]}},"_links":{"self":[{"href":"https:\/\/corludahaber.com\/h\/wp-json\/wp\/v2\/posts\/86217","targetHints":{"allow":["GET"]}}],"collection":[{"href":"https:\/\/corludahaber.com\/h\/wp-json\/wp\/v2\/posts"}],"about":[{"href":"https:\/\/corludahaber.com\/h\/wp-json\/wp\/v2\/types\/post"}],"author":[{"embeddable":true,"href":"https:\/\/corludahaber.com\/h\/wp-json\/wp\/v2\/users\/151"}],"replies":[{"embeddable":true,"href":"https:\/\/corludahaber.com\/h\/wp-json\/wp\/v2\/comments?post=86217"}],"version-history":[{"count":0,"href":"https:\/\/corludahaber.com\/h\/wp-json\/wp\/v2\/posts\/86217\/revisions"}],"wp:featuredmedia":[{"embeddable":true,"href":"https:\/\/corludahaber.com\/h\/wp-json\/wp\/v2\/media\/86218"}],"wp:attachment":[{"href":"https:\/\/corludahaber.com\/h\/wp-json\/wp\/v2\/media?parent=86217"}],"wp:term":[{"taxonomy":"category","embeddable":true,"href":"https:\/\/corludahaber.com\/h\/wp-json\/wp\/v2\/categories?post=86217"},{"taxonomy":"post_tag","embeddable":true,"href":"https:\/\/corludahaber.com\/h\/wp-json\/wp\/v2\/tags?post=86217"}],"curies":[{"name":"wp","href":"https:\/\/api.w.org\/{rel}","templated":true}]}}