{"id":83365,"date":"2024-05-09T19:09:39","date_gmt":"2024-05-09T16:09:39","guid":{"rendered":"https:\/\/corludahaber.com\/h\/vali-soyturk-muratli-ilcemizde-okul-temel-atma-torenine-katildi\/83365"},"modified":"2024-05-09T19:09:44","modified_gmt":"2024-05-09T16:09:44","slug":"vali-soyturk-muratli-ilcemizde-okul-temel-atma-torenine-katildi","status":"publish","type":"post","link":"https:\/\/corludahaber.com\/h\/vali-soyturk-muratli-ilcemizde-okul-temel-atma-torenine-katildi\/83365","title":{"rendered":"Vali Soyt\u00fcrk Muratl\u0131 \u0130l\u00e7emizde Okul Temel Atma T\u00f6renine Kat\u0131ld\u0131"},"content":{"rendered":"<div class=\"corlu-icerikten-once_3\" id=\"corlu-867780875\"><script type='text\/javascript' src='https:\/\/platform-api.sharethis.com\/js\/sharethis.js#property=5ce8cf08af7d000012cb0ca1&product=inline-reaction-buttons' async='async'><\/script>\r\n\r\n<\/div><p><span style=\"vertical-align: inherit;\"><span style=\"vertical-align: inherit;\"><span style=\"vertical-align: inherit;\"><span style=\"vertical-align: inherit;\">Tekirda\u011f Valisi Recep Soyt\u00fcrk, AKPA Kimya Firmas\u0131 Sahibi Hay\u0131rsever Kemal Darcan taraf\u0131ndan Muratl\u0131 il\u00e7emiz Kurtp\u0131nar Mahallesi\u2019nde yapt\u0131r\u0131lacak olan 20 derslikli ortaokulun Temel Atma T\u00f6reni\u2019ne kat\u0131ld\u0131.\u00a0<br \/>\nSayg\u0131 duru\u015fu ve \u0130stiklal Mar\u015f\u0131\u2019n\u0131n okunmas\u0131 ile ba\u015flayan t\u00f6rende okul projesi ile ilgili protokole ve kat\u0131l\u0131mc\u0131lara bilgi verildi.<br \/>\nArd\u0131ndan konu\u015fmalar\u0131n\u0131 yapan Hay\u0131rsever Kemal Dar\u0131can, \u0130l Milli E\u011fitim M\u00fcd\u00fcr\u00fc Ersan Ulusan ve Tekirda\u011f B\u00fcy\u00fck\u015fehir Belediye Ba\u015fkan\u0131 Dr. Candan Y\u00fcceer temeli at\u0131lacak olan okul kompleksinin il\u00e7emize, ilimize, \u00fclkemize ve vatanda\u015flar\u0131m\u0131za hay\u0131rl\u0131 olmas\u0131 temennisinde bulundular.<br \/>\nSonras\u0131nda t\u00f6rende konu\u015fan Vali Soyt\u00fcrk; \u201cTekirda\u011f\u2019\u0131n n\u00fcfusu 1.167.056\u2019d\u0131r. Her y\u0131l yakla\u015f\u0131k 30.000 g\u00f6\u00e7 al\u0131yor. Yani k\u0131saca her y\u0131l yakla\u015f\u0131k bir Muratl\u0131 il\u00e7esi kadar n\u00fcfus ilimize geliyor. Bunun alt yap\u0131s\u0131n\u0131 haz\u0131rlamak laz\u0131m, yollar\u0131n\u0131 haz\u0131rlamak laz\u0131m, hastanelerini yapmak laz\u0131m, okulunu yapmak laz\u0131m. Bir\u00e7ok alt yap\u0131 ihtiyac\u0131 var. Burada hem yerel y\u00f6netimlere hem de devletin bir\u00e7ok birimine i\u015f d\u00fc\u015f\u00fcyor. Hastaneler yap\u0131l\u0131yor, bitmeden yeni hastane ihtiyac\u0131 \u00e7\u0131k\u0131yor. Okul yap\u0131l\u0131yor, in\u015faat\u0131 bitmeden yeni okul ihtiyac\u0131 kar\u015f\u0131m\u0131za \u00e7\u0131k\u0131yor. K\u0131sacas\u0131 her y\u0131l 10 tane 24 derslikli okul zaten yapmam\u0131z gerekiyor. Ama ayr\u0131ca az \u00f6nce de zikredildi, bundan 10 y\u0131l \u00f6nce, depremden sonra, \u015fimdiki \u0130\u00e7i\u015fleri Bakan\u0131m\u0131z, o zamanki Tekirda\u011f Valimiz, tam bir devlet adam\u0131 edas\u0131 ile t\u00fcm okullar\u0131m\u0131z\u0131n deprem y\u00f6netmeli\u011fine uygun olup olmad\u0131\u011f\u0131 y\u00f6n\u00fcnde bir talimat veriyor. Bunun sonucunda bir k\u0131sm\u0131 g\u00fc\u00e7lendirme ile devam eder deniliyor, bunlar\u0131n b\u00fcy\u00fck bir k\u0131sm\u0131 bitti, \u00e7ok az bir k\u0131sm\u0131 devam ediyor. Bir k\u0131sm\u0131 y\u0131k\u0131lmas\u0131 gerekiyor deniliyor. Milli E\u011fitim Bakanl\u0131\u011f\u0131m\u0131z\u0131n da onay\u0131 ile depreme dayan\u0131kl\u0131 olmayan bu binalar y\u0131k\u0131l\u0131yor. Bu y\u0131k\u0131lan binalar\u0131n yerine planlanan okullar ile ilgili Milli E\u011fitim Bakan\u0131m\u0131z\u0131n yakla\u015f\u0131k 6 ay \u00f6nce ilimizi ziyaretlerinde uzun uzun konu\u015ftuk, programa ald\u0131rd\u0131k ve teknik personel s\u0131k\u0131nt\u0131s\u0131n\u0131 hem yerel y\u00f6netimlerimizden hem OSB\u2019lerden ald\u0131\u011f\u0131m\u0131z destekle giderdik. Ankara\u2019daki protokol, imza, onay k\u0131s\u0131mlar\u0131n\u0131 birebir takip ettik ve sonucunda da i\u015flerimizin y\u00fczde sekseninin yakla\u015f\u0131k maliyeti ve ihaleye \u00e7\u0131kmas\u0131, ihale tarihi al\u0131nmas\u0131 anlam\u0131nda y\u00fczde seksenini tamamlad\u0131m. Elimizde \u00e7ok az bir i\u015f var, onlar\u0131n yakla\u015f\u0131k maliyetini de haz\u0131rlad\u0131k. Yak\u0131n bir tarihte ihaleye \u00e7\u0131kaca\u011f\u0131z. Ayr\u0131ca TOK\u0130 taraf\u0131ndan yap\u0131lmas\u0131 beklenen 14 okul gecikince Bakanl\u0131\u011f\u0131m\u0131z ile g\u00f6r\u00fc\u015ft\u00fck, bu 14 okulun da Valilik olarak ihalesini biz yapaca\u011f\u0131z. Dosyalar\u0131n\u0131 ald\u0131k, onaylar\u0131n\u0131 ald\u0131k. \u0130n\u015fallah \u00e7ok k\u0131sa bir s\u00fcre i\u00e7erisinde 14 tane okulunda ihalesini ger\u00e7ekle\u015ftirmi\u015f olaca\u011f\u0131z.\u00a0<br \/>\nB\u00fct\u00fcn bu safhalarda Milli E\u011fitim Bakan\u0131m\u0131z\u0131n \u00e7ok ciddi deste\u011fini g\u00f6rd\u00fck. Bakan Yard\u0131mc\u0131m\u0131z\u0131n \u00e7ok ciddi deste\u011fini g\u00f6rd\u00fck. \u0130ki Genel M\u00fcd\u00fcr\u00fcm\u00fcz\u00fcn, \u0130n\u015faat Emlak ve Strateji Ba\u015fkan\u0131m\u0131z\u0131n da \u00e7ok deste\u011fini g\u00f6rd\u00fck. Huzurlar\u0131n\u0131zda hepsine \u015f\u00fckranlar\u0131m\u0131 arz ediyorum. Bu kadar h\u0131zl\u0131 hareket edip, onaylar\u0131 vermeselerdi, bu kadar h\u0131zl\u0131 hareket edemezdik. Bu okullar\u0131 kazand\u0131ramazd\u0131k diye d\u00fc\u015f\u00fcn\u00fcyorum.<br \/>\n\u00a0Milli E\u011fitim Bakanl\u0131\u011f\u0131 kendisine d\u00fc\u015feni yap\u0131yor, okullar\u0131 planl\u0131yor yap\u0131yor ama bir taraftan da hay\u0131rseverlerimiz var. 8 ayd\u0131r buraday\u0131m, 8 hay\u0131rsever ile e\u011fitim protokol\u00fc imzalad\u0131k. Ayr\u0131ca yerel y\u00f6netimlerimiz de, az \u00f6nce Ba\u015fkan\u0131m\u0131z bahsetti, Kadir Ba\u015fkan d\u00f6neminde 11 il\u00e7eye 11 okul yap\u0131ld\u0131. S\u00fcleymanpa\u015fa\u2019da iki tane okul yap\u0131ld\u0131. Kapakl\u0131\u2019da, \u00c7erkezk\u00f6y\u2019de, \u00c7orlu\u2019da yerel y\u00f6netimlerimiz taraf\u0131ndan okullar yap\u0131ld\u0131. Onlara da \u015f\u00fckranlar\u0131m\u0131 arz ediyorum. Bu hay\u0131rseverlik katsay\u0131s\u0131n\u0131n artarak devam etmesini diliyorum.\u00a0<br \/>\nBen tekrar Kemal Bey\u2019e \u00e7ok te\u015fekk\u00fcr ediyorum. Allah hayr\u0131n\u0131z\u0131 kabul etsin. \u00c7ok \u00f6nemli bir yat\u0131r\u0131m yap\u0131yorsunuz. Di\u011fer yat\u0131r\u0131mlar\u0131n\u0131z da \u00e7ok \u00f6nemli, cari a\u00e7\u0131\u011f\u0131 kapat\u0131yorsunuz, \u00fclkeye d\u00f6viz girdisi sa\u011fl\u0131yorsunuz, bunlar \u00e7ok \u00f6nemli ama bana sorarsan\u0131z en \u00f6nemlisi bu arkam\u0131zda yapaca\u011f\u0131n\u0131z olan okul. \u00c7\u00fcnk\u00fc bu ilelebet baki kalacak isminiz burada ya\u015fayacak. Tekrar hay\u0131rl\u0131 olsun diyorum, hepinize sayg\u0131lar sunuyorum.\u201d dedi.<br \/>\nProtokol konu\u015fmalar\u0131n\u0131n ard\u0131ndan Vali Soyt\u00fcrk ve protokol \u00fcyeleri taraf\u0131ndan butona bas\u0131larak temel atma ba\u015flat\u0131ld\u0131.<br \/>\nMurat il\u00e7emizde d\u00fczenlenen Temel Atma T\u00f6reni\u2019ne Vali Soyt\u00fcrk\u2019\u00fcn yan\u0131 s\u0131ra Tekirda\u011f B\u00fcy\u00fck\u015fehir Belediye Ba\u015fkan\u0131 Dr. Candan Y\u00fcceer, Tekirda\u011f Nam\u0131k Kemal \u00dcniversitesi Rekt\u00f6r\u00fc Prof. Dr. M\u00fcmin \u015eahin, Muratl\u0131 Kaymakam\u0131 Ahmet Erdo\u011fdu, \u0130l Emniyet M\u00fcd\u00fcr\u00fc Mehmet Hakan F\u0131nd\u0131k, \u0130l Jandarma Komutan\u0131 J. Alb. Ahmet \u00c7etin, Muratl\u0131 Belediye Ba\u015fkan\u0131 Varol T\u00fcrel, S\u00fcleymanpa\u015fa Belediye Ba\u015fkan\u0131 Volkan Nallar, \u0130l Milli E\u011fitim M\u00fcd\u00fcr\u00fc Ersan Ulusan, \u00c7evre, \u015eehircilik ve \u0130klim De\u011fi\u015fikli\u011fi \u0130l M\u00fcd\u00fcr\u00fc Kaan Sinan Tohumcu, Sanayi ve Teknoloji M\u00fcd\u00fcr\u00fc Fahrettin Ak\u00e7al, il\u00e7e protokol\u00fc ve vatanda\u015flar kat\u0131ld\u0131.<br \/>\n20 derslikli Kemal Darcan Ortaokulu; konferans salonu, teknoloji ve tasar\u0131m at\u00f6lyeleri, kapal\u0131 spor salonu, uzay g\u00f6zlem evi, geni\u015f oyun ve tenef\u00fcs alanlar\u0131yla g\u00fczide bir e\u011fitim kurumu olacakt\u0131r.<\/span><\/span><\/span><\/span><\/p><div class=\"corlu-icerik-2\" id=\"corlu-1374631584\"><!-- Admatic AUTO ads START -->\r\n<ins data-publisher=\"adm-pub-155556240050\" data-ad-network=\"659428a24d11b285b616c18d\"   class=\"adm-ads-area\"><\/ins>\r\n<script type=\"text\/javascript\" src=\"https:\/\/static.cdn.admatic.com.tr\/showad\/showad.min.js\"><\/script>\r\n<!-- Admatic AUTO ads END --><\/div>\n<table style=\"text-align: left; color: #ff0000; font-weight: bold; width: 100%; height: 100%;\" border=\"1\" cellspacing=\"2\" cellpadding=\"2\">\n<tbody>\n<tr>\n<td style=\"background-color: #000000;\">\n<h5><em><span style=\"color: #ff0000;\">Bu haber <\/span><span style=\"color: #ff0000;\"><span style=\"color: #ffffff;\">Tekirda\u011f Valili\u011fi&#8217;nin <\/span>Kendi sitesinden botlar yard\u0131m\u0131yla otomatik olarak eklenmi\u015ftir. Bu i\u00e7erikte \u00c7orlu&#8217;da Haber edit\u00f6rleri herhangi bir m\u00fcdahalede bulunmam\u0131\u015ft\u0131r.<\/span><\/em><\/h5>\n<\/td>\n<\/tr>\n<\/tbody>\n<\/table>\n<div class=\"corlu-icerikten-sonra_3\" id=\"corlu-1517473657\"><p><img loading=\"lazy\" decoding=\"async\" class=\"aligncenter\" src=\"https:\/\/www.corludahaber.com\/bahcesehir.jpg\" alt=\"\" width=\"624\" height=\"196\" \/><\/p>\n<table style=\"text-align: left; width: 100%;\" border=\"1\" cellspacing=\"2\" cellpadding=\"2\">\n<tbody>\n<tr>\n<td style=\"background-color: #050805;\"><span style=\"font-size: 12pt;\"><small><small><em><strong><big><span style=\"color: #ff0000;\">Haber ve resimlerin telif haklar\u0131ndan dolay\u0131 kullan\u0131m\u0131 yasakt\u0131r<span style=\"color: #000000;\">.<\/span><\/span><span style=\"color: #000000;\">\u00a0<\/span><span style=\"color: #ffffff;\">Yaz\u0131l\u0131 izni al\u0131nmadan hi\u00e7bir yaz\u0131l\u0131, g\u00f6rsel, i\u015fitsel i\u00e7erik kopyalanamaz, de\u011fi\u015ftirilemez, yay\u0131nlanamaz veya sat\u0131lamaz. Aksi halde<\/span>\u00a0<span style=\"color: #ff0000;\">5846<span style=\"color: #ffffff;\">\u00a0<\/span><\/span><span style=\"color: #ffffff;\">say\u0131l\u0131 Fikir ve Sanat Eserleri Kanunu\u2019na ve<\/span>\u00a0<span style=\"color: #800000;\"><span style=\"color: #ff0000;\">6102<\/span><span style=\"color: #ffffff;\">\u00a0<\/span><\/span><span style=\"color: #ffffff;\">say\u0131l\u0131 maddesine g\u00f6re<\/span>\u00a0<span style=\"color: #ff0000;\">gerekli i\u015flemler uygulanacakt\u0131r.<\/span><br \/>\n<span style=\"color: #ffffff;\">\u00a9 Copyright 2014<\/span><\/big><\/strong><\/em><\/small><\/small><\/span><\/td>\n<\/tr>\n<\/tbody>\n<\/table>\n<p><small><small>\u00a0<\/small><\/small><\/p>\n<\/div>","protected":false},"excerpt":{"rendered":"<p>Tekirda\u011f Valisi Recep Soyt\u00fcrk, AKPA Kimya Firmas\u0131 Sahibi Hay\u0131rsever Kemal Darcan taraf\u0131ndan Muratl\u0131 il\u00e7emiz Kurtp\u0131nar Mahallesi\u2019nde yapt\u0131r\u0131lacak olan 20 derslikli ortaokulun Temel Atma T\u00f6reni\u2019ne kat\u0131ld\u0131.\u00a0 Sayg\u0131 duru\u015fu ve \u0130stiklal Mar\u015f\u0131\u2019n\u0131n okunmas\u0131 ile ba\u015flayan t\u00f6rende okul projesi ile ilgili protokole ve kat\u0131l\u0131mc\u0131lara bilgi verildi. Ard\u0131ndan konu\u015fmalar\u0131n\u0131 yapan Hay\u0131rsever Kemal Dar\u0131can, \u0130l Milli E\u011fitim M\u00fcd\u00fcr\u00fc Ersan Ulusan &hellip;<\/p>\n","protected":false},"author":151,"featured_media":83366,"comment_status":"closed","ping_status":"closed","sticky":false,"template":"","format":"standard","meta":{"footnotes":""},"categories":[23],"tags":[],"class_list":["post-83365","post","type-post","status-publish","format-standard","has-post-thumbnail","hentry","category-tekirdag"],"yoast_head":"<!-- This site is optimized with the Yoast SEO Premium plugin v23.3 (Yoast SEO v23.3) - https:\/\/yoast.com\/wordpress\/plugins\/seo\/ -->\n<title>Vali Soyt\u00fcrk Muratl\u0131 \u0130l\u00e7emizde Okul Temel Atma T\u00f6renine Kat\u0131ld\u0131 | \u00c7orlu&#039;da Haber<\/title>\n<meta name=\"description\" content=\"Vali Soyt\u00fcrk Muratl\u0131 \u0130l\u00e7emizde Okul Temel Atma T\u00f6renine Kat\u0131ld\u0131 | \u00c7orlu&#039;da Haber\" \/>\n<meta name=\"robots\" content=\"index, follow, max-snippet:-1, max-image-preview:large, max-video-preview:-1\" \/>\n<link rel=\"canonical\" href=\"https:\/\/corludahaber.com\/h\/vali-soyturk-muratli-ilcemizde-okul-temel-atma-torenine-katildi\/83365\" \/>\n<meta property=\"og:locale\" content=\"tr_TR\" \/>\n<meta property=\"og:type\" content=\"article\" \/>\n<meta property=\"og:title\" content=\"Vali Soyt\u00fcrk Muratl\u0131 \u0130l\u00e7emizde Okul Temel Atma T\u00f6renine Kat\u0131ld\u0131 | \u00c7orlu&#039;da Haber\" \/>\n<meta property=\"og:description\" content=\"Vali Soyt\u00fcrk Muratl\u0131 \u0130l\u00e7emizde Okul Temel Atma T\u00f6renine Kat\u0131ld\u0131 | \u00c7orlu&#039;da Haber\" \/>\n<meta property=\"og:url\" content=\"https:\/\/corludahaber.com\/h\/vali-soyturk-muratli-ilcemizde-okul-temel-atma-torenine-katildi\/83365\" \/>\n<meta property=\"og:site_name\" content=\"\u00c7orlu&#039;da Haber\" \/>\n<meta property=\"article:publisher\" content=\"https:\/\/facebook.com\/habercorluda\" \/>\n<meta property=\"article:published_time\" content=\"2024-05-09T16:09:39+00:00\" \/>\n<meta property=\"article:modified_time\" content=\"2024-05-09T16:09:44+00:00\" \/>\n<meta property=\"og:image\" content=\"https:\/\/corludahaber.com\/h\/wp-content\/uploads\/2024\/05\/vali-soyturk-muratli-ilcemizde-okul-temel-atma-torenine-katildi_663cf54582925-jpeg.webp\" \/>\n\t<meta property=\"og:image:width\" content=\"800\" \/>\n\t<meta property=\"og:image:height\" content=\"533\" \/>\n\t<meta property=\"og:image:type\" content=\"image\/jpeg\" \/>\n<meta name=\"author\" content=\"\u00c7orlu&#039;da Haber\" \/>\n<meta name=\"twitter:card\" content=\"summary_large_image\" \/>\n<meta name=\"twitter:creator\" content=\"@habercorluda\" \/>\n<meta name=\"twitter:site\" content=\"@habercorluda\" \/>\n<meta name=\"twitter:label1\" content=\"Yazan:\" \/>\n\t<meta name=\"twitter:data1\" content=\"\u00c7orlu&#039;da Haber\" \/>\n\t<meta name=\"twitter:label2\" content=\"Tahmini okuma s\u00fcresi\" \/>\n\t<meta name=\"twitter:data2\" content=\"5 dakika\" \/>\n<script type=\"application\/ld+json\" class=\"yoast-schema-graph\">{\"@context\":\"https:\/\/schema.org\",\"@graph\":[{\"@type\":\"Article\",\"@id\":\"https:\/\/corludahaber.com\/h\/vali-soyturk-muratli-ilcemizde-okul-temel-atma-torenine-katildi\/83365#article\",\"isPartOf\":{\"@id\":\"https:\/\/corludahaber.com\/h\/vali-soyturk-muratli-ilcemizde-okul-temel-atma-torenine-katildi\/83365\"},\"author\":{\"name\":\"\u00c7orlu'da Haber\",\"@id\":\"https:\/\/corludahaber.com\/h\/#\/schema\/person\/b523522be44b062db5d74a62589768cd\"},\"headline\":\"Vali Soyt\u00fcrk Muratl\u0131 \u0130l\u00e7emizde Okul Temel Atma T\u00f6renine Kat\u0131ld\u0131\",\"datePublished\":\"2024-05-09T16:09:39+00:00\",\"dateModified\":\"2024-05-09T16:09:44+00:00\",\"mainEntityOfPage\":{\"@id\":\"https:\/\/corludahaber.com\/h\/vali-soyturk-muratli-ilcemizde-okul-temel-atma-torenine-katildi\/83365\"},\"wordCount\":987,\"publisher\":{\"@id\":\"https:\/\/corludahaber.com\/h\/#organization\"},\"image\":{\"@id\":\"https:\/\/corludahaber.com\/h\/vali-soyturk-muratli-ilcemizde-okul-temel-atma-torenine-katildi\/83365#primaryimage\"},\"thumbnailUrl\":\"https:\/\/corludahaber.com\/h\/wp-content\/uploads\/2024\/05\/vali-soyturk-muratli-ilcemizde-okul-temel-atma-torenine-katildi_663cf54582925-jpeg.webp\",\"articleSection\":[\"Tekirda\u011f\"],\"inLanguage\":\"tr\"},{\"@type\":\"WebPage\",\"@id\":\"https:\/\/corludahaber.com\/h\/vali-soyturk-muratli-ilcemizde-okul-temel-atma-torenine-katildi\/83365\",\"url\":\"https:\/\/corludahaber.com\/h\/vali-soyturk-muratli-ilcemizde-okul-temel-atma-torenine-katildi\/83365\",\"name\":\"Vali Soyt\u00fcrk Muratl\u0131 \u0130l\u00e7emizde Okul Temel Atma T\u00f6renine Kat\u0131ld\u0131 | \u00c7orlu&#039;da Haber\",\"isPartOf\":{\"@id\":\"https:\/\/corludahaber.com\/h\/#website\"},\"primaryImageOfPage\":{\"@id\":\"https:\/\/corludahaber.com\/h\/vali-soyturk-muratli-ilcemizde-okul-temel-atma-torenine-katildi\/83365#primaryimage\"},\"image\":{\"@id\":\"https:\/\/corludahaber.com\/h\/vali-soyturk-muratli-ilcemizde-okul-temel-atma-torenine-katildi\/83365#primaryimage\"},\"thumbnailUrl\":\"https:\/\/corludahaber.com\/h\/wp-content\/uploads\/2024\/05\/vali-soyturk-muratli-ilcemizde-okul-temel-atma-torenine-katildi_663cf54582925-jpeg.webp\",\"datePublished\":\"2024-05-09T16:09:39+00:00\",\"dateModified\":\"2024-05-09T16:09:44+00:00\",\"description\":\"Vali Soyt\u00fcrk Muratl\u0131 \u0130l\u00e7emizde Okul Temel Atma T\u00f6renine Kat\u0131ld\u0131 | \u00c7orlu&#039;da Haber\",\"breadcrumb\":{\"@id\":\"https:\/\/corludahaber.com\/h\/vali-soyturk-muratli-ilcemizde-okul-temel-atma-torenine-katildi\/83365#breadcrumb\"},\"inLanguage\":\"tr\",\"potentialAction\":[{\"@type\":\"ReadAction\",\"target\":[\"https:\/\/corludahaber.com\/h\/vali-soyturk-muratli-ilcemizde-okul-temel-atma-torenine-katildi\/83365\"]}]},{\"@type\":\"ImageObject\",\"inLanguage\":\"tr\",\"@id\":\"https:\/\/corludahaber.com\/h\/vali-soyturk-muratli-ilcemizde-okul-temel-atma-torenine-katildi\/83365#primaryimage\",\"url\":\"https:\/\/corludahaber.com\/h\/wp-content\/uploads\/2024\/05\/vali-soyturk-muratli-ilcemizde-okul-temel-atma-torenine-katildi_663cf54582925-jpeg.webp\",\"contentUrl\":\"https:\/\/corludahaber.com\/h\/wp-content\/uploads\/2024\/05\/vali-soyturk-muratli-ilcemizde-okul-temel-atma-torenine-katildi_663cf54582925-jpeg.webp\",\"width\":800,\"height\":533},{\"@type\":\"BreadcrumbList\",\"@id\":\"https:\/\/corludahaber.com\/h\/vali-soyturk-muratli-ilcemizde-okul-temel-atma-torenine-katildi\/83365#breadcrumb\",\"itemListElement\":[{\"@type\":\"ListItem\",\"position\":1,\"name\":\"Anasayfa\",\"item\":\"https:\/\/corludahaber.com\/h\/\"},{\"@type\":\"ListItem\",\"position\":2,\"name\":\"Tekirda\u011f\",\"item\":\"https:\/\/corludahaber.com\/h\/kategori\/tekirdag\"},{\"@type\":\"ListItem\",\"position\":3,\"name\":\"Vali Soyt\u00fcrk Muratl\u0131 \u0130l\u00e7emizde Okul Temel Atma T\u00f6renine Kat\u0131ld\u0131\"}]},{\"@type\":\"WebSite\",\"@id\":\"https:\/\/corludahaber.com\/h\/#website\",\"url\":\"https:\/\/corludahaber.com\/h\/\",\"name\":\"\u00c7orlu'da Haber\",\"description\":\"Ger\u00e7ek Tarafs\u0131z Haber\",\"publisher\":{\"@id\":\"https:\/\/corludahaber.com\/h\/#organization\"},\"potentialAction\":[{\"@type\":\"SearchAction\",\"target\":{\"@type\":\"EntryPoint\",\"urlTemplate\":\"https:\/\/corludahaber.com\/h\/?s={search_term_string}\"},\"query-input\":\"required name=search_term_string\"}],\"inLanguage\":\"tr\"},{\"@type\":\"Organization\",\"@id\":\"https:\/\/corludahaber.com\/h\/#organization\",\"name\":\"\u00c7orlu'da Haber\",\"url\":\"https:\/\/corludahaber.com\/h\/\",\"logo\":{\"@type\":\"ImageObject\",\"inLanguage\":\"tr\",\"@id\":\"https:\/\/corludahaber.com\/h\/#\/schema\/logo\/image\/\",\"url\":\"https:\/\/corludahaber.com\/h\/wp-content\/uploads\/2021\/12\/logo__9__1_-removebg-preview.png\",\"contentUrl\":\"https:\/\/corludahaber.com\/h\/wp-content\/uploads\/2021\/12\/logo__9__1_-removebg-preview.png\",\"width\":500,\"height\":157,\"caption\":\"\u00c7orlu'da Haber\"},\"image\":{\"@id\":\"https:\/\/corludahaber.com\/h\/#\/schema\/logo\/image\/\"},\"sameAs\":[\"https:\/\/facebook.com\/habercorluda\",\"https:\/\/x.com\/habercorluda\",\"https:\/\/www.instagram.com\/corludahaber\",\"https:\/\/www.youtube.com\/user\/corludahaber\"]},{\"@type\":\"Person\",\"@id\":\"https:\/\/corludahaber.com\/h\/#\/schema\/person\/b523522be44b062db5d74a62589768cd\",\"name\":\"\u00c7orlu'da Haber\",\"image\":{\"@type\":\"ImageObject\",\"inLanguage\":\"tr\",\"@id\":\"https:\/\/corludahaber.com\/h\/#\/schema\/person\/image\/\",\"url\":\"https:\/\/secure.gravatar.com\/avatar\/1033e54e078c29fd7f053370086ff627ba414b05c2b231c418a481adecd764ce?s=96&d=blank&r=g\",\"contentUrl\":\"https:\/\/secure.gravatar.com\/avatar\/1033e54e078c29fd7f053370086ff627ba414b05c2b231c418a481adecd764ce?s=96&d=blank&r=g\",\"caption\":\"\u00c7orlu'da Haber\"},\"sameAs\":[\"https:\/\/corludahaber.com\/h\"],\"url\":\"https:\/\/corludahaber.com\/h\/author\/admin\"}]}<\/script>\n<!-- \/ Yoast SEO Premium plugin. -->","yoast_head_json":{"title":"Vali Soyt\u00fcrk Muratl\u0131 \u0130l\u00e7emizde Okul Temel Atma T\u00f6renine Kat\u0131ld\u0131 | \u00c7orlu&#039;da Haber","description":"Vali Soyt\u00fcrk Muratl\u0131 \u0130l\u00e7emizde Okul Temel Atma T\u00f6renine Kat\u0131ld\u0131 | \u00c7orlu&#039;da Haber","robots":{"index":"index","follow":"follow","max-snippet":"max-snippet:-1","max-image-preview":"max-image-preview:large","max-video-preview":"max-video-preview:-1"},"canonical":"https:\/\/corludahaber.com\/h\/vali-soyturk-muratli-ilcemizde-okul-temel-atma-torenine-katildi\/83365","og_locale":"tr_TR","og_type":"article","og_title":"Vali Soyt\u00fcrk Muratl\u0131 \u0130l\u00e7emizde Okul Temel Atma T\u00f6renine Kat\u0131ld\u0131 | \u00c7orlu&#039;da Haber","og_description":"Vali Soyt\u00fcrk Muratl\u0131 \u0130l\u00e7emizde Okul Temel Atma T\u00f6renine Kat\u0131ld\u0131 | \u00c7orlu&#039;da Haber","og_url":"https:\/\/corludahaber.com\/h\/vali-soyturk-muratli-ilcemizde-okul-temel-atma-torenine-katildi\/83365","og_site_name":"\u00c7orlu&#039;da Haber","article_publisher":"https:\/\/facebook.com\/habercorluda","article_published_time":"2024-05-09T16:09:39+00:00","article_modified_time":"2024-05-09T16:09:44+00:00","og_image":[{"width":800,"height":533,"url":"https:\/\/corludahaber.com\/h\/wp-content\/uploads\/2024\/05\/vali-soyturk-muratli-ilcemizde-okul-temel-atma-torenine-katildi_663cf54582925-jpeg.webp","type":"image\/jpeg"}],"author":"\u00c7orlu'da Haber","twitter_card":"summary_large_image","twitter_creator":"@habercorluda","twitter_site":"@habercorluda","twitter_misc":{"Yazan:":"\u00c7orlu'da Haber","Tahmini okuma s\u00fcresi":"5 dakika"},"schema":{"@context":"https:\/\/schema.org","@graph":[{"@type":"Article","@id":"https:\/\/corludahaber.com\/h\/vali-soyturk-muratli-ilcemizde-okul-temel-atma-torenine-katildi\/83365#article","isPartOf":{"@id":"https:\/\/corludahaber.com\/h\/vali-soyturk-muratli-ilcemizde-okul-temel-atma-torenine-katildi\/83365"},"author":{"name":"\u00c7orlu'da Haber","@id":"https:\/\/corludahaber.com\/h\/#\/schema\/person\/b523522be44b062db5d74a62589768cd"},"headline":"Vali Soyt\u00fcrk Muratl\u0131 \u0130l\u00e7emizde Okul Temel Atma T\u00f6renine Kat\u0131ld\u0131","datePublished":"2024-05-09T16:09:39+00:00","dateModified":"2024-05-09T16:09:44+00:00","mainEntityOfPage":{"@id":"https:\/\/corludahaber.com\/h\/vali-soyturk-muratli-ilcemizde-okul-temel-atma-torenine-katildi\/83365"},"wordCount":987,"publisher":{"@id":"https:\/\/corludahaber.com\/h\/#organization"},"image":{"@id":"https:\/\/corludahaber.com\/h\/vali-soyturk-muratli-ilcemizde-okul-temel-atma-torenine-katildi\/83365#primaryimage"},"thumbnailUrl":"https:\/\/corludahaber.com\/h\/wp-content\/uploads\/2024\/05\/vali-soyturk-muratli-ilcemizde-okul-temel-atma-torenine-katildi_663cf54582925-jpeg.webp","articleSection":["Tekirda\u011f"],"inLanguage":"tr"},{"@type":"WebPage","@id":"https:\/\/corludahaber.com\/h\/vali-soyturk-muratli-ilcemizde-okul-temel-atma-torenine-katildi\/83365","url":"https:\/\/corludahaber.com\/h\/vali-soyturk-muratli-ilcemizde-okul-temel-atma-torenine-katildi\/83365","name":"Vali Soyt\u00fcrk Muratl\u0131 \u0130l\u00e7emizde Okul Temel Atma T\u00f6renine Kat\u0131ld\u0131 | \u00c7orlu&#039;da Haber","isPartOf":{"@id":"https:\/\/corludahaber.com\/h\/#website"},"primaryImageOfPage":{"@id":"https:\/\/corludahaber.com\/h\/vali-soyturk-muratli-ilcemizde-okul-temel-atma-torenine-katildi\/83365#primaryimage"},"image":{"@id":"https:\/\/corludahaber.com\/h\/vali-soyturk-muratli-ilcemizde-okul-temel-atma-torenine-katildi\/83365#primaryimage"},"thumbnailUrl":"https:\/\/corludahaber.com\/h\/wp-content\/uploads\/2024\/05\/vali-soyturk-muratli-ilcemizde-okul-temel-atma-torenine-katildi_663cf54582925-jpeg.webp","datePublished":"2024-05-09T16:09:39+00:00","dateModified":"2024-05-09T16:09:44+00:00","description":"Vali Soyt\u00fcrk Muratl\u0131 \u0130l\u00e7emizde Okul Temel Atma T\u00f6renine Kat\u0131ld\u0131 | \u00c7orlu&#039;da Haber","breadcrumb":{"@id":"https:\/\/corludahaber.com\/h\/vali-soyturk-muratli-ilcemizde-okul-temel-atma-torenine-katildi\/83365#breadcrumb"},"inLanguage":"tr","potentialAction":[{"@type":"ReadAction","target":["https:\/\/corludahaber.com\/h\/vali-soyturk-muratli-ilcemizde-okul-temel-atma-torenine-katildi\/83365"]}]},{"@type":"ImageObject","inLanguage":"tr","@id":"https:\/\/corludahaber.com\/h\/vali-soyturk-muratli-ilcemizde-okul-temel-atma-torenine-katildi\/83365#primaryimage","url":"https:\/\/corludahaber.com\/h\/wp-content\/uploads\/2024\/05\/vali-soyturk-muratli-ilcemizde-okul-temel-atma-torenine-katildi_663cf54582925-jpeg.webp","contentUrl":"https:\/\/corludahaber.com\/h\/wp-content\/uploads\/2024\/05\/vali-soyturk-muratli-ilcemizde-okul-temel-atma-torenine-katildi_663cf54582925-jpeg.webp","width":800,"height":533},{"@type":"BreadcrumbList","@id":"https:\/\/corludahaber.com\/h\/vali-soyturk-muratli-ilcemizde-okul-temel-atma-torenine-katildi\/83365#breadcrumb","itemListElement":[{"@type":"ListItem","position":1,"name":"Anasayfa","item":"https:\/\/corludahaber.com\/h\/"},{"@type":"ListItem","position":2,"name":"Tekirda\u011f","item":"https:\/\/corludahaber.com\/h\/kategori\/tekirdag"},{"@type":"ListItem","position":3,"name":"Vali Soyt\u00fcrk Muratl\u0131 \u0130l\u00e7emizde Okul Temel Atma T\u00f6renine Kat\u0131ld\u0131"}]},{"@type":"WebSite","@id":"https:\/\/corludahaber.com\/h\/#website","url":"https:\/\/corludahaber.com\/h\/","name":"\u00c7orlu'da Haber","description":"Ger\u00e7ek Tarafs\u0131z Haber","publisher":{"@id":"https:\/\/corludahaber.com\/h\/#organization"},"potentialAction":[{"@type":"SearchAction","target":{"@type":"EntryPoint","urlTemplate":"https:\/\/corludahaber.com\/h\/?s={search_term_string}"},"query-input":"required name=search_term_string"}],"inLanguage":"tr"},{"@type":"Organization","@id":"https:\/\/corludahaber.com\/h\/#organization","name":"\u00c7orlu'da Haber","url":"https:\/\/corludahaber.com\/h\/","logo":{"@type":"ImageObject","inLanguage":"tr","@id":"https:\/\/corludahaber.com\/h\/#\/schema\/logo\/image\/","url":"https:\/\/corludahaber.com\/h\/wp-content\/uploads\/2021\/12\/logo__9__1_-removebg-preview.png","contentUrl":"https:\/\/corludahaber.com\/h\/wp-content\/uploads\/2021\/12\/logo__9__1_-removebg-preview.png","width":500,"height":157,"caption":"\u00c7orlu'da Haber"},"image":{"@id":"https:\/\/corludahaber.com\/h\/#\/schema\/logo\/image\/"},"sameAs":["https:\/\/facebook.com\/habercorluda","https:\/\/x.com\/habercorluda","https:\/\/www.instagram.com\/corludahaber","https:\/\/www.youtube.com\/user\/corludahaber"]},{"@type":"Person","@id":"https:\/\/corludahaber.com\/h\/#\/schema\/person\/b523522be44b062db5d74a62589768cd","name":"\u00c7orlu'da Haber","image":{"@type":"ImageObject","inLanguage":"tr","@id":"https:\/\/corludahaber.com\/h\/#\/schema\/person\/image\/","url":"https:\/\/secure.gravatar.com\/avatar\/1033e54e078c29fd7f053370086ff627ba414b05c2b231c418a481adecd764ce?s=96&d=blank&r=g","contentUrl":"https:\/\/secure.gravatar.com\/avatar\/1033e54e078c29fd7f053370086ff627ba414b05c2b231c418a481adecd764ce?s=96&d=blank&r=g","caption":"\u00c7orlu'da Haber"},"sameAs":["https:\/\/corludahaber.com\/h"],"url":"https:\/\/corludahaber.com\/h\/author\/admin"}]}},"_links":{"self":[{"href":"https:\/\/corludahaber.com\/h\/wp-json\/wp\/v2\/posts\/83365","targetHints":{"allow":["GET"]}}],"collection":[{"href":"https:\/\/corludahaber.com\/h\/wp-json\/wp\/v2\/posts"}],"about":[{"href":"https:\/\/corludahaber.com\/h\/wp-json\/wp\/v2\/types\/post"}],"author":[{"embeddable":true,"href":"https:\/\/corludahaber.com\/h\/wp-json\/wp\/v2\/users\/151"}],"replies":[{"embeddable":true,"href":"https:\/\/corludahaber.com\/h\/wp-json\/wp\/v2\/comments?post=83365"}],"version-history":[{"count":0,"href":"https:\/\/corludahaber.com\/h\/wp-json\/wp\/v2\/posts\/83365\/revisions"}],"wp:featuredmedia":[{"embeddable":true,"href":"https:\/\/corludahaber.com\/h\/wp-json\/wp\/v2\/media\/83366"}],"wp:attachment":[{"href":"https:\/\/corludahaber.com\/h\/wp-json\/wp\/v2\/media?parent=83365"}],"wp:term":[{"taxonomy":"category","embeddable":true,"href":"https:\/\/corludahaber.com\/h\/wp-json\/wp\/v2\/categories?post=83365"},{"taxonomy":"post_tag","embeddable":true,"href":"https:\/\/corludahaber.com\/h\/wp-json\/wp\/v2\/tags?post=83365"}],"curies":[{"name":"wp","href":"https:\/\/api.w.org\/{rel}","templated":true}]}}