{"id":82343,"date":"2024-04-24T19:10:37","date_gmt":"2024-04-24T16:10:37","guid":{"rendered":"https:\/\/corludahaber.com\/h\/genc-bilaller-ezan-okuma-yarismasi-bolge-finali-ilimizde-duzenlendi\/82343"},"modified":"2024-04-24T19:10:41","modified_gmt":"2024-04-24T16:10:41","slug":"genc-bilaller-ezan-okuma-yarismasi-bolge-finali-ilimizde-duzenlendi","status":"publish","type":"post","link":"https:\/\/corludahaber.com\/h\/genc-bilaller-ezan-okuma-yarismasi-bolge-finali-ilimizde-duzenlendi\/82343","title":{"rendered":"Gen\u00e7 Bilaller Ezan Okuma Yar\u0131\u015fmas\u0131 B\u00f6lge Finali \u0130limizde D\u00fczenlendi"},"content":{"rendered":"<div class=\"corlu-icerikten-once_3\" id=\"corlu-961611807\"><script type='text\/javascript' src='https:\/\/platform-api.sharethis.com\/js\/sharethis.js#property=5ce8cf08af7d000012cb0ca1&product=inline-reaction-buttons' async='async'><\/script>\r\n\r\n<\/div><p><span style=\"vertical-align: inherit;\"><span style=\"vertical-align: inherit;\"><span style=\"vertical-align: inherit;\"><span style=\"vertical-align: inherit;\">Din \u00d6\u011fretimi Genel M\u00fcd\u00fcrl\u00fc\u011f\u00fc taraf\u0131ndan Gen\u00e7 Bilaller Ezan Okuma Yar\u0131\u015fmas\u0131 B\u00f6lge Finali d\u00fczenlendi. <\/p><div class=\"corlu-icerik-2\" id=\"corlu-1134502001\"><!-- Admatic AUTO ads START -->\r\n<ins data-publisher=\"adm-pub-155556240050\" data-ad-network=\"659428a24d11b285b616c18d\"   class=\"adm-ads-area\"><\/ins>\r\n<script type=\"text\/javascript\" src=\"https:\/\/static.cdn.admatic.com.tr\/showad\/showad.min.js\"><\/script>\r\n<!-- Admatic AUTO ads END --><\/div>\n<p>Yahya Kemal Beyatl\u0131 K\u00fclt\u00fcr Merkezi\u2019nde d\u00fczenlenen programa Tekirda\u011f Valisi Recep Soyt\u00fcrk\u2019\u00fcn yan\u0131 s\u0131ra Milli E\u011fitim Bakanl\u0131\u011f\u0131 Din \u00d6\u011fretimi B\u00f6l\u00fcm\u00fc Temsilcisi O\u011fuz D\u00f6meke, \u0130l Milli E\u011fitim M\u00fcd\u00fcr\u00fc Ersan Ulusan, \u0130l M\u00fcft\u00fcs\u00fc Mustafa Soyk\u00f6k, K\u00fclt\u00fcr ve Turizm M\u00fcd\u00fcr\u00fc Ahmet Hac\u0131o\u011flu, Gen\u00e7lik ve Spor M\u00fcd\u00fcr\u00fc Ahmet \u00dczg\u00fcn, \u00f6\u011frenciler ve vatanda\u015flar kat\u0131ld\u0131.<\/p>\n<p>Yar\u0131\u015fmaya D\u00fczce, Kocaeli, Sakarya, Yalova, Bursa, \u00c7anakkale, Edirne, K\u0131rklareli ve Tekirda\u011f\u2019da d\u00fczenlenen ezan okuma yar\u0131\u015fmalar\u0131nda il birincisi olan \u00f6\u011frenciler kat\u0131ld\u0131. <\/p>\n<p>Program, sayg\u0131 duru\u015funda bulunulmas\u0131 ve \u0130stiklal Mar\u015f\u0131m\u0131z\u0131n okunmas\u0131n\u0131n ard\u0131ndan ba\u015flad\u0131. T\u00fcrkiye Kur&#8217;an-\u0131 Kerim&#8217;i G\u00fczel Okuma Yar\u0131\u015fmas\u0131nda ikinci olan, Tekirda\u011f\u00a0Anadolu \u0130mam Hatip Lisesi \u00d6\u011frencisi Canpolat Akg\u00fcl\u2019\u00fcn Kuran-\u0131 Kerim tilavetiyle devam etti.<\/p>\n<p>\u00a0<\/p>\n<p>\u00a0<\/span><\/span><\/span><\/span><\/p>\n<table style=\"text-align: left; color: #ff0000; font-weight: bold; width: 100%; height: 100%;\" border=\"1\" cellspacing=\"2\" cellpadding=\"2\">\n<tbody>\n<tr>\n<td style=\"background-color: #000000;\">\n<h5><em><span style=\"color: #ff0000;\">Bu haber <\/span><span style=\"color: #ff0000;\"><span style=\"color: #ffffff;\">Tekirda\u011f Valili\u011fi&#8217;nin <\/span>Kendi sitesinden botlar yard\u0131m\u0131yla otomatik olarak eklenmi\u015ftir. Bu i\u00e7erikte \u00c7orlu&#8217;da Haber edit\u00f6rleri herhangi bir m\u00fcdahalede bulunmam\u0131\u015ft\u0131r.<\/span><\/em><\/h5>\n<\/td>\n<\/tr>\n<\/tbody>\n<\/table>\n<div class=\"corlu-icerikten-sonra_3\" id=\"corlu-3811922207\"><p><img loading=\"lazy\" decoding=\"async\" class=\"aligncenter\" src=\"https:\/\/www.corludahaber.com\/bahcesehir.jpg\" alt=\"\" width=\"624\" height=\"196\" \/><\/p>\n<table style=\"text-align: left; width: 100%;\" border=\"1\" cellspacing=\"2\" cellpadding=\"2\">\n<tbody>\n<tr>\n<td style=\"background-color: #050805;\"><span style=\"font-size: 12pt;\"><small><small><em><strong><big><span style=\"color: #ff0000;\">Haber ve resimlerin telif haklar\u0131ndan dolay\u0131 kullan\u0131m\u0131 yasakt\u0131r<span style=\"color: #000000;\">.<\/span><\/span><span style=\"color: #000000;\">\u00a0<\/span><span style=\"color: #ffffff;\">Yaz\u0131l\u0131 izni al\u0131nmadan hi\u00e7bir yaz\u0131l\u0131, g\u00f6rsel, i\u015fitsel i\u00e7erik kopyalanamaz, de\u011fi\u015ftirilemez, yay\u0131nlanamaz veya sat\u0131lamaz. Aksi halde<\/span>\u00a0<span style=\"color: #ff0000;\">5846<span style=\"color: #ffffff;\">\u00a0<\/span><\/span><span style=\"color: #ffffff;\">say\u0131l\u0131 Fikir ve Sanat Eserleri Kanunu\u2019na ve<\/span>\u00a0<span style=\"color: #800000;\"><span style=\"color: #ff0000;\">6102<\/span><span style=\"color: #ffffff;\">\u00a0<\/span><\/span><span style=\"color: #ffffff;\">say\u0131l\u0131 maddesine g\u00f6re<\/span>\u00a0<span style=\"color: #ff0000;\">gerekli i\u015flemler uygulanacakt\u0131r.<\/span><br \/>\n<span style=\"color: #ffffff;\">\u00a9 Copyright 2014<\/span><\/big><\/strong><\/em><\/small><\/small><\/span><\/td>\n<\/tr>\n<\/tbody>\n<\/table>\n<p><small><small>\u00a0<\/small><\/small><\/p>\n<\/div>","protected":false},"excerpt":{"rendered":"<p>Din \u00d6\u011fretimi Genel M\u00fcd\u00fcrl\u00fc\u011f\u00fc taraf\u0131ndan Gen\u00e7 Bilaller Ezan Okuma Yar\u0131\u015fmas\u0131 B\u00f6lge Finali d\u00fczenlendi. Yahya Kemal Beyatl\u0131 K\u00fclt\u00fcr Merkezi\u2019nde d\u00fczenlenen programa Tekirda\u011f Valisi Recep Soyt\u00fcrk\u2019\u00fcn yan\u0131 s\u0131ra Milli E\u011fitim Bakanl\u0131\u011f\u0131 Din \u00d6\u011fretimi B\u00f6l\u00fcm\u00fc Temsilcisi O\u011fuz D\u00f6meke, \u0130l Milli E\u011fitim M\u00fcd\u00fcr\u00fc Ersan Ulusan, \u0130l M\u00fcft\u00fcs\u00fc Mustafa Soyk\u00f6k, K\u00fclt\u00fcr ve Turizm M\u00fcd\u00fcr\u00fc Ahmet Hac\u0131o\u011flu, Gen\u00e7lik ve Spor M\u00fcd\u00fcr\u00fc &hellip;<\/p>\n","protected":false},"author":151,"featured_media":0,"comment_status":"closed","ping_status":"closed","sticky":false,"template":"","format":"standard","meta":{"footnotes":""},"categories":[23],"tags":[],"class_list":["post-82343","post","type-post","status-publish","format-standard","has-post-thumbnail","hentry","category-tekirdag"],"yoast_head":"<!-- This site is optimized with the Yoast SEO Premium plugin v23.3 (Yoast SEO v23.3) - https:\/\/yoast.com\/wordpress\/plugins\/seo\/ -->\n<title>Gen\u00e7 Bilaller Ezan Okuma Yar\u0131\u015fmas\u0131 B\u00f6lge Finali \u0130limizde D\u00fczenlendi | \u00c7orlu&#039;da Haber<\/title>\n<meta name=\"description\" content=\"Gen\u00e7 Bilaller Ezan Okuma Yar\u0131\u015fmas\u0131 B\u00f6lge Finali \u0130limizde D\u00fczenlendi | \u00c7orlu&#039;da Haber\" \/>\n<meta name=\"robots\" content=\"index, follow, max-snippet:-1, max-image-preview:large, max-video-preview:-1\" \/>\n<link rel=\"canonical\" href=\"https:\/\/corludahaber.com\/h\/genc-bilaller-ezan-okuma-yarismasi-bolge-finali-ilimizde-duzenlendi\/82343\" \/>\n<meta property=\"og:locale\" content=\"tr_TR\" \/>\n<meta property=\"og:type\" content=\"article\" \/>\n<meta property=\"og:title\" content=\"Gen\u00e7 Bilaller Ezan Okuma Yar\u0131\u015fmas\u0131 B\u00f6lge Finali \u0130limizde D\u00fczenlendi | \u00c7orlu&#039;da Haber\" \/>\n<meta property=\"og:description\" content=\"Gen\u00e7 Bilaller Ezan Okuma Yar\u0131\u015fmas\u0131 B\u00f6lge Finali \u0130limizde D\u00fczenlendi | \u00c7orlu&#039;da Haber\" \/>\n<meta property=\"og:url\" content=\"https:\/\/corludahaber.com\/h\/genc-bilaller-ezan-okuma-yarismasi-bolge-finali-ilimizde-duzenlendi\/82343\" \/>\n<meta property=\"og:site_name\" content=\"\u00c7orlu&#039;da Haber\" \/>\n<meta property=\"article:publisher\" content=\"https:\/\/facebook.com\/habercorluda\" \/>\n<meta property=\"article:published_time\" content=\"2024-04-24T16:10:37+00:00\" \/>\n<meta property=\"article:modified_time\" content=\"2024-04-24T16:10:41+00:00\" \/>\n<meta name=\"author\" content=\"\u00c7orlu&#039;da Haber\" \/>\n<meta name=\"twitter:card\" content=\"summary_large_image\" \/>\n<meta name=\"twitter:creator\" content=\"@habercorluda\" \/>\n<meta name=\"twitter:site\" content=\"@habercorluda\" \/>\n<meta name=\"twitter:label1\" content=\"Yazan:\" \/>\n\t<meta name=\"twitter:data1\" content=\"\u00c7orlu&#039;da Haber\" \/>\n\t<meta name=\"twitter:label2\" content=\"Tahmini okuma s\u00fcresi\" \/>\n\t<meta name=\"twitter:data2\" content=\"1 dakika\" \/>\n<script type=\"application\/ld+json\" class=\"yoast-schema-graph\">{\"@context\":\"https:\/\/schema.org\",\"@graph\":[{\"@type\":\"Article\",\"@id\":\"https:\/\/corludahaber.com\/h\/genc-bilaller-ezan-okuma-yarismasi-bolge-finali-ilimizde-duzenlendi\/82343#article\",\"isPartOf\":{\"@id\":\"https:\/\/corludahaber.com\/h\/genc-bilaller-ezan-okuma-yarismasi-bolge-finali-ilimizde-duzenlendi\/82343\"},\"author\":{\"name\":\"\u00c7orlu'da Haber\",\"@id\":\"https:\/\/corludahaber.com\/h\/#\/schema\/person\/b523522be44b062db5d74a62589768cd\"},\"headline\":\"Gen\u00e7 Bilaller Ezan Okuma Yar\u0131\u015fmas\u0131 B\u00f6lge Finali \u0130limizde D\u00fczenlendi\",\"datePublished\":\"2024-04-24T16:10:37+00:00\",\"dateModified\":\"2024-04-24T16:10:41+00:00\",\"mainEntityOfPage\":{\"@id\":\"https:\/\/corludahaber.com\/h\/genc-bilaller-ezan-okuma-yarismasi-bolge-finali-ilimizde-duzenlendi\/82343\"},\"wordCount\":215,\"publisher\":{\"@id\":\"https:\/\/corludahaber.com\/h\/#organization\"},\"articleSection\":[\"Tekirda\u011f\"],\"inLanguage\":\"tr\"},{\"@type\":\"WebPage\",\"@id\":\"https:\/\/corludahaber.com\/h\/genc-bilaller-ezan-okuma-yarismasi-bolge-finali-ilimizde-duzenlendi\/82343\",\"url\":\"https:\/\/corludahaber.com\/h\/genc-bilaller-ezan-okuma-yarismasi-bolge-finali-ilimizde-duzenlendi\/82343\",\"name\":\"Gen\u00e7 Bilaller Ezan Okuma Yar\u0131\u015fmas\u0131 B\u00f6lge Finali \u0130limizde D\u00fczenlendi | \u00c7orlu&#039;da Haber\",\"isPartOf\":{\"@id\":\"https:\/\/corludahaber.com\/h\/#website\"},\"datePublished\":\"2024-04-24T16:10:37+00:00\",\"dateModified\":\"2024-04-24T16:10:41+00:00\",\"description\":\"Gen\u00e7 Bilaller Ezan Okuma Yar\u0131\u015fmas\u0131 B\u00f6lge Finali \u0130limizde D\u00fczenlendi | \u00c7orlu&#039;da Haber\",\"breadcrumb\":{\"@id\":\"https:\/\/corludahaber.com\/h\/genc-bilaller-ezan-okuma-yarismasi-bolge-finali-ilimizde-duzenlendi\/82343#breadcrumb\"},\"inLanguage\":\"tr\",\"potentialAction\":[{\"@type\":\"ReadAction\",\"target\":[\"https:\/\/corludahaber.com\/h\/genc-bilaller-ezan-okuma-yarismasi-bolge-finali-ilimizde-duzenlendi\/82343\"]}]},{\"@type\":\"BreadcrumbList\",\"@id\":\"https:\/\/corludahaber.com\/h\/genc-bilaller-ezan-okuma-yarismasi-bolge-finali-ilimizde-duzenlendi\/82343#breadcrumb\",\"itemListElement\":[{\"@type\":\"ListItem\",\"position\":1,\"name\":\"Anasayfa\",\"item\":\"https:\/\/corludahaber.com\/h\/\"},{\"@type\":\"ListItem\",\"position\":2,\"name\":\"Tekirda\u011f\",\"item\":\"https:\/\/corludahaber.com\/h\/kategori\/tekirdag\"},{\"@type\":\"ListItem\",\"position\":3,\"name\":\"Gen\u00e7 Bilaller Ezan Okuma Yar\u0131\u015fmas\u0131 B\u00f6lge Finali \u0130limizde D\u00fczenlendi\"}]},{\"@type\":\"WebSite\",\"@id\":\"https:\/\/corludahaber.com\/h\/#website\",\"url\":\"https:\/\/corludahaber.com\/h\/\",\"name\":\"\u00c7orlu'da Haber\",\"description\":\"Ger\u00e7ek Tarafs\u0131z Haber\",\"publisher\":{\"@id\":\"https:\/\/corludahaber.com\/h\/#organization\"},\"potentialAction\":[{\"@type\":\"SearchAction\",\"target\":{\"@type\":\"EntryPoint\",\"urlTemplate\":\"https:\/\/corludahaber.com\/h\/?s={search_term_string}\"},\"query-input\":\"required name=search_term_string\"}],\"inLanguage\":\"tr\"},{\"@type\":\"Organization\",\"@id\":\"https:\/\/corludahaber.com\/h\/#organization\",\"name\":\"\u00c7orlu'da Haber\",\"url\":\"https:\/\/corludahaber.com\/h\/\",\"logo\":{\"@type\":\"ImageObject\",\"inLanguage\":\"tr\",\"@id\":\"https:\/\/corludahaber.com\/h\/#\/schema\/logo\/image\/\",\"url\":\"https:\/\/corludahaber.com\/h\/wp-content\/uploads\/2021\/12\/logo__9__1_-removebg-preview.png\",\"contentUrl\":\"https:\/\/corludahaber.com\/h\/wp-content\/uploads\/2021\/12\/logo__9__1_-removebg-preview.png\",\"width\":500,\"height\":157,\"caption\":\"\u00c7orlu'da Haber\"},\"image\":{\"@id\":\"https:\/\/corludahaber.com\/h\/#\/schema\/logo\/image\/\"},\"sameAs\":[\"https:\/\/facebook.com\/habercorluda\",\"https:\/\/x.com\/habercorluda\",\"https:\/\/www.instagram.com\/corludahaber\",\"https:\/\/www.youtube.com\/user\/corludahaber\"]},{\"@type\":\"Person\",\"@id\":\"https:\/\/corludahaber.com\/h\/#\/schema\/person\/b523522be44b062db5d74a62589768cd\",\"name\":\"\u00c7orlu'da Haber\",\"image\":{\"@type\":\"ImageObject\",\"inLanguage\":\"tr\",\"@id\":\"https:\/\/corludahaber.com\/h\/#\/schema\/person\/image\/\",\"url\":\"https:\/\/secure.gravatar.com\/avatar\/1033e54e078c29fd7f053370086ff627ba414b05c2b231c418a481adecd764ce?s=96&d=blank&r=g\",\"contentUrl\":\"https:\/\/secure.gravatar.com\/avatar\/1033e54e078c29fd7f053370086ff627ba414b05c2b231c418a481adecd764ce?s=96&d=blank&r=g\",\"caption\":\"\u00c7orlu'da Haber\"},\"sameAs\":[\"https:\/\/corludahaber.com\/h\"],\"url\":\"https:\/\/corludahaber.com\/h\/author\/admin\"}]}<\/script>\n<!-- \/ Yoast SEO Premium plugin. -->","yoast_head_json":{"title":"Gen\u00e7 Bilaller Ezan Okuma Yar\u0131\u015fmas\u0131 B\u00f6lge Finali \u0130limizde D\u00fczenlendi | \u00c7orlu&#039;da Haber","description":"Gen\u00e7 Bilaller Ezan Okuma Yar\u0131\u015fmas\u0131 B\u00f6lge Finali \u0130limizde D\u00fczenlendi | \u00c7orlu&#039;da Haber","robots":{"index":"index","follow":"follow","max-snippet":"max-snippet:-1","max-image-preview":"max-image-preview:large","max-video-preview":"max-video-preview:-1"},"canonical":"https:\/\/corludahaber.com\/h\/genc-bilaller-ezan-okuma-yarismasi-bolge-finali-ilimizde-duzenlendi\/82343","og_locale":"tr_TR","og_type":"article","og_title":"Gen\u00e7 Bilaller Ezan Okuma Yar\u0131\u015fmas\u0131 B\u00f6lge Finali \u0130limizde D\u00fczenlendi | \u00c7orlu&#039;da Haber","og_description":"Gen\u00e7 Bilaller Ezan Okuma Yar\u0131\u015fmas\u0131 B\u00f6lge Finali \u0130limizde D\u00fczenlendi | \u00c7orlu&#039;da Haber","og_url":"https:\/\/corludahaber.com\/h\/genc-bilaller-ezan-okuma-yarismasi-bolge-finali-ilimizde-duzenlendi\/82343","og_site_name":"\u00c7orlu&#039;da Haber","article_publisher":"https:\/\/facebook.com\/habercorluda","article_published_time":"2024-04-24T16:10:37+00:00","article_modified_time":"2024-04-24T16:10:41+00:00","author":"\u00c7orlu'da Haber","twitter_card":"summary_large_image","twitter_creator":"@habercorluda","twitter_site":"@habercorluda","twitter_misc":{"Yazan:":"\u00c7orlu'da Haber","Tahmini okuma s\u00fcresi":"1 dakika"},"schema":{"@context":"https:\/\/schema.org","@graph":[{"@type":"Article","@id":"https:\/\/corludahaber.com\/h\/genc-bilaller-ezan-okuma-yarismasi-bolge-finali-ilimizde-duzenlendi\/82343#article","isPartOf":{"@id":"https:\/\/corludahaber.com\/h\/genc-bilaller-ezan-okuma-yarismasi-bolge-finali-ilimizde-duzenlendi\/82343"},"author":{"name":"\u00c7orlu'da Haber","@id":"https:\/\/corludahaber.com\/h\/#\/schema\/person\/b523522be44b062db5d74a62589768cd"},"headline":"Gen\u00e7 Bilaller Ezan Okuma Yar\u0131\u015fmas\u0131 B\u00f6lge Finali \u0130limizde D\u00fczenlendi","datePublished":"2024-04-24T16:10:37+00:00","dateModified":"2024-04-24T16:10:41+00:00","mainEntityOfPage":{"@id":"https:\/\/corludahaber.com\/h\/genc-bilaller-ezan-okuma-yarismasi-bolge-finali-ilimizde-duzenlendi\/82343"},"wordCount":215,"publisher":{"@id":"https:\/\/corludahaber.com\/h\/#organization"},"articleSection":["Tekirda\u011f"],"inLanguage":"tr"},{"@type":"WebPage","@id":"https:\/\/corludahaber.com\/h\/genc-bilaller-ezan-okuma-yarismasi-bolge-finali-ilimizde-duzenlendi\/82343","url":"https:\/\/corludahaber.com\/h\/genc-bilaller-ezan-okuma-yarismasi-bolge-finali-ilimizde-duzenlendi\/82343","name":"Gen\u00e7 Bilaller Ezan Okuma Yar\u0131\u015fmas\u0131 B\u00f6lge Finali \u0130limizde D\u00fczenlendi | \u00c7orlu&#039;da Haber","isPartOf":{"@id":"https:\/\/corludahaber.com\/h\/#website"},"datePublished":"2024-04-24T16:10:37+00:00","dateModified":"2024-04-24T16:10:41+00:00","description":"Gen\u00e7 Bilaller Ezan Okuma Yar\u0131\u015fmas\u0131 B\u00f6lge Finali \u0130limizde D\u00fczenlendi | \u00c7orlu&#039;da Haber","breadcrumb":{"@id":"https:\/\/corludahaber.com\/h\/genc-bilaller-ezan-okuma-yarismasi-bolge-finali-ilimizde-duzenlendi\/82343#breadcrumb"},"inLanguage":"tr","potentialAction":[{"@type":"ReadAction","target":["https:\/\/corludahaber.com\/h\/genc-bilaller-ezan-okuma-yarismasi-bolge-finali-ilimizde-duzenlendi\/82343"]}]},{"@type":"BreadcrumbList","@id":"https:\/\/corludahaber.com\/h\/genc-bilaller-ezan-okuma-yarismasi-bolge-finali-ilimizde-duzenlendi\/82343#breadcrumb","itemListElement":[{"@type":"ListItem","position":1,"name":"Anasayfa","item":"https:\/\/corludahaber.com\/h\/"},{"@type":"ListItem","position":2,"name":"Tekirda\u011f","item":"https:\/\/corludahaber.com\/h\/kategori\/tekirdag"},{"@type":"ListItem","position":3,"name":"Gen\u00e7 Bilaller Ezan Okuma Yar\u0131\u015fmas\u0131 B\u00f6lge Finali \u0130limizde D\u00fczenlendi"}]},{"@type":"WebSite","@id":"https:\/\/corludahaber.com\/h\/#website","url":"https:\/\/corludahaber.com\/h\/","name":"\u00c7orlu'da Haber","description":"Ger\u00e7ek Tarafs\u0131z Haber","publisher":{"@id":"https:\/\/corludahaber.com\/h\/#organization"},"potentialAction":[{"@type":"SearchAction","target":{"@type":"EntryPoint","urlTemplate":"https:\/\/corludahaber.com\/h\/?s={search_term_string}"},"query-input":"required name=search_term_string"}],"inLanguage":"tr"},{"@type":"Organization","@id":"https:\/\/corludahaber.com\/h\/#organization","name":"\u00c7orlu'da Haber","url":"https:\/\/corludahaber.com\/h\/","logo":{"@type":"ImageObject","inLanguage":"tr","@id":"https:\/\/corludahaber.com\/h\/#\/schema\/logo\/image\/","url":"https:\/\/corludahaber.com\/h\/wp-content\/uploads\/2021\/12\/logo__9__1_-removebg-preview.png","contentUrl":"https:\/\/corludahaber.com\/h\/wp-content\/uploads\/2021\/12\/logo__9__1_-removebg-preview.png","width":500,"height":157,"caption":"\u00c7orlu'da Haber"},"image":{"@id":"https:\/\/corludahaber.com\/h\/#\/schema\/logo\/image\/"},"sameAs":["https:\/\/facebook.com\/habercorluda","https:\/\/x.com\/habercorluda","https:\/\/www.instagram.com\/corludahaber","https:\/\/www.youtube.com\/user\/corludahaber"]},{"@type":"Person","@id":"https:\/\/corludahaber.com\/h\/#\/schema\/person\/b523522be44b062db5d74a62589768cd","name":"\u00c7orlu'da Haber","image":{"@type":"ImageObject","inLanguage":"tr","@id":"https:\/\/corludahaber.com\/h\/#\/schema\/person\/image\/","url":"https:\/\/secure.gravatar.com\/avatar\/1033e54e078c29fd7f053370086ff627ba414b05c2b231c418a481adecd764ce?s=96&d=blank&r=g","contentUrl":"https:\/\/secure.gravatar.com\/avatar\/1033e54e078c29fd7f053370086ff627ba414b05c2b231c418a481adecd764ce?s=96&d=blank&r=g","caption":"\u00c7orlu'da Haber"},"sameAs":["https:\/\/corludahaber.com\/h"],"url":"https:\/\/corludahaber.com\/h\/author\/admin"}]}},"_links":{"self":[{"href":"https:\/\/corludahaber.com\/h\/wp-json\/wp\/v2\/posts\/82343","targetHints":{"allow":["GET"]}}],"collection":[{"href":"https:\/\/corludahaber.com\/h\/wp-json\/wp\/v2\/posts"}],"about":[{"href":"https:\/\/corludahaber.com\/h\/wp-json\/wp\/v2\/types\/post"}],"author":[{"embeddable":true,"href":"https:\/\/corludahaber.com\/h\/wp-json\/wp\/v2\/users\/151"}],"replies":[{"embeddable":true,"href":"https:\/\/corludahaber.com\/h\/wp-json\/wp\/v2\/comments?post=82343"}],"version-history":[{"count":0,"href":"https:\/\/corludahaber.com\/h\/wp-json\/wp\/v2\/posts\/82343\/revisions"}],"wp:attachment":[{"href":"https:\/\/corludahaber.com\/h\/wp-json\/wp\/v2\/media?parent=82343"}],"wp:term":[{"taxonomy":"category","embeddable":true,"href":"https:\/\/corludahaber.com\/h\/wp-json\/wp\/v2\/categories?post=82343"},{"taxonomy":"post_tag","embeddable":true,"href":"https:\/\/corludahaber.com\/h\/wp-json\/wp\/v2\/tags?post=82343"}],"curies":[{"name":"wp","href":"https:\/\/api.w.org\/{rel}","templated":true}]}}