{"id":75609,"date":"2023-12-15T19:16:05","date_gmt":"2023-12-15T16:16:05","guid":{"rendered":"https:\/\/corludahaber.com\/h\/?p=75609"},"modified":"2023-12-15T19:18:10","modified_gmt":"2023-12-15T16:18:10","slug":"ahlak-polisi-turkiyede-hangi-vakalara-bakar","status":"publish","type":"post","link":"https:\/\/corludahaber.com\/h\/ahlak-polisi-turkiyede-hangi-vakalara-bakar\/75609","title":{"rendered":"Ahlak Polisi T\u00fcrkiye&#8217;de Hangi Vakalara Bakar?"},"content":{"rendered":"<div class=\"corlu-icerikten-once_3\" id=\"corlu-1771983263\"><script type='text\/javascript' src='https:\/\/platform-api.sharethis.com\/js\/sharethis.js#property=5ce8cf08af7d000012cb0ca1&product=inline-reaction-buttons' async='async'><\/script>\r\n\r\n<\/div><div class=\"markdown markdown-main-panel\" dir=\"ltr\">\n<p data-sourcepos=\"1:1-1:48\"><strong>Ahlak Polisi T\u00fcrkiye\u00a0<\/strong><\/p><div class=\"corlu-icerik-2\" id=\"corlu-3934132456\"><!-- Admatic AUTO ads START -->\r\n<ins data-publisher=\"adm-pub-155556240050\" data-ad-network=\"659428a24d11b285b616c18d\"   class=\"adm-ads-area\"><\/ins>\r\n<script type=\"text\/javascript\" src=\"https:\/\/static.cdn.admatic.com.tr\/showad\/showad.min.js\"><\/script>\r\n<!-- Admatic AUTO ads END --><\/div>\n<p data-sourcepos=\"3:1-3:240\">Ahlak polisi, toplumdaki ahlak kurallar\u0131n\u0131n ve de\u011ferlerinin korunmas\u0131 amac\u0131yla g\u00f6rev yapan polis birimidir. T\u00fcrkiye&#8217;de ahlak polisi, \u0130\u00e7i\u015fleri Bakanl\u0131\u011f\u0131&#8217;na ba\u011fl\u0131 olarak \u00e7al\u0131\u015fan Emniyet Genel M\u00fcd\u00fcrl\u00fc\u011f\u00fc&#8217;n\u00fcn Asayi\u015f Daire Ba\u015fkanl\u0131\u011f\u0131&#8217;na ba\u011fl\u0131d\u0131r.<\/p>\n<p data-sourcepos=\"5:1-5:352\">Ahlak polisinin g\u00f6revleri, temel olarak, fuhu\u015f, kumar, uyu\u015fturucu ve alkoll\u00fc i\u00e7kilerin yasa d\u0131\u015f\u0131 \u00fcretimi ve sat\u0131\u015f\u0131, \u00e7ocuk istismar\u0131, fuhu\u015fa s\u00fcr\u00fcklenen \u00e7ocuklar ve gen\u00e7ler ile ilgili su\u00e7lar\u0131n \u00f6nlenmesi ve soru\u015fturulmas\u0131d\u0131r. Ayr\u0131ca, toplumda ahlaka ayk\u0131r\u0131 davran\u0131\u015flar\u0131n \u00f6nlenmesi ve bu konuda fark\u0131ndal\u0131k yarat\u0131lmas\u0131 amac\u0131yla da \u00e7al\u0131\u015fmalar y\u00fcr\u00fctmektedir.<\/p>\n<p data-sourcepos=\"7:1-7:325\">Ahlak polisinin varl\u0131\u011f\u0131, T\u00fcrkiye&#8217;de uzun y\u0131llard\u0131r tart\u0131\u015fma konusu olmu\u015ftur. Baz\u0131 kesimler, ahlak polisinin toplumdaki ahlak de\u011ferlerini korumak ve su\u00e7lar\u0131 \u00f6nlemek i\u00e7in gerekli bir birim oldu\u011funu savunurken, baz\u0131lar\u0131 ise ahlak polisinin bireysel \u00f6zg\u00fcrl\u00fckleri k\u0131s\u0131tlad\u0131\u011f\u0131n\u0131 ve keyfi uygulamalara yol a\u00e7t\u0131\u011f\u0131n\u0131 iddia etmektedir.<\/p>\n<p data-sourcepos=\"7:1-7:325\">\n<p data-sourcepos=\"9:1-9:319\">Ahlak polisinin g\u00f6revleri aras\u0131nda yer alan fuhu\u015f, kumar ve uyu\u015fturucu gibi su\u00e7lar, toplumda ciddi sorunlara yol a\u00e7maktad\u0131r. Bu su\u00e7lar, insanlar\u0131n sa\u011fl\u0131\u011f\u0131n\u0131, g\u00fcvenli\u011fini ve huzurunu tehdit etmektedir. Bu nedenle, ahlak polisinin bu su\u00e7lara kar\u015f\u0131 m\u00fccadele etmesi, toplum yarar\u0131na bir faaliyet olarak de\u011ferlendirilebilir.<\/p>\n<p data-sourcepos=\"11:1-11:387\">Ancak, ahlak polisinin di\u011fer g\u00f6revleri, bireysel \u00f6zg\u00fcrl\u00fckleri k\u0131s\u0131tlay\u0131c\u0131 bir nitelik ta\u015f\u0131maktad\u0131r. \u00d6rne\u011fin, ahlak polisinin k\u0131yafet kurallar\u0131na uymayan ki\u015filere m\u00fcdahale etmesi, ki\u015filerin ifade \u00f6zg\u00fcrl\u00fc\u011f\u00fcn\u00fc ihlal eden bir uygulamad\u0131r. Ayr\u0131ca, ahlak polisinin fuhu\u015fa s\u00fcr\u00fcklenen \u00e7ocuklar ve gen\u00e7lerle ilgili \u00e7al\u0131\u015fmalar\u0131n\u0131n, bu ki\u015filerin ma\u011fduriyetini art\u0131rabilece\u011fi de ileri s\u00fcr\u00fclmektedir.<\/p>\n<p data-sourcepos=\"11:1-11:387\"><iframe loading=\"lazy\" src=\"https:\/\/geo.dailymotion.com\/player\/xmpar.html?video=\" width=\"640\" height=\"360\" frameborder=\"0\" allowfullscreen=\"allowfullscreen\"><\/iframe><\/p>\n<p data-sourcepos=\"13:1-13:222\">Sonu\u00e7 olarak, ahlak polisinin varl\u0131\u011f\u0131, T\u00fcrkiye&#8217;de toplumda farkl\u0131 g\u00f6r\u00fc\u015flere yol a\u00e7maktad\u0131r. Ahlak polisinin g\u00f6revlerini yerine getirirken, bireysel \u00f6zg\u00fcrl\u00fckleri de g\u00f6zetmesi ve keyfi uygulamalardan ka\u00e7\u0131nmas\u0131 gerekmektedir.<\/p>\n<p data-sourcepos=\"15:1-15:29\"><strong>Ahlak Polisinin G\u00f6revleri<\/strong><\/p>\n<p data-sourcepos=\"17:1-17:70\">Ahlak polisinin g\u00f6revleri, temel olarak, a\u015fa\u011f\u0131daki gibi s\u0131ralanabilir:<\/p>\n<ul data-sourcepos=\"19:1-22:0\">\n<li data-sourcepos=\"19:1-19:123\">Fuhu\u015f, kumar, uyu\u015fturucu ve alkoll\u00fc i\u00e7kilerin yasa d\u0131\u015f\u0131 \u00fcretimi ve sat\u0131\u015f\u0131 ile ilgili su\u00e7lar\u0131n \u00f6nlenmesi ve soru\u015fturulmas\u0131<\/li>\n<li data-sourcepos=\"20:1-20:104\">\u00c7ocuk istismar\u0131, fuhu\u015fa s\u00fcr\u00fcklenen \u00e7ocuklar ve gen\u00e7ler ile ilgili su\u00e7lar\u0131n \u00f6nlenmesi ve soru\u015fturulmas\u0131<\/li>\n<li data-sourcepos=\"21:1-22:0\">Toplumda ahlaka ayk\u0131r\u0131 davran\u0131\u015flar\u0131n \u00f6nlenmesi ve bu konuda fark\u0131ndal\u0131k yarat\u0131lmas\u0131<\/li>\n<\/ul>\n<p data-sourcepos=\"23:1-23:96\">Bu g\u00f6revleri yerine getirmek i\u00e7in ahlak polisi, a\u015fa\u011f\u0131daki gibi \u00e7e\u015fitli y\u00f6ntemler kullanmaktad\u0131r:<\/p>\n<ul data-sourcepos=\"25:1-28:0\">\n<li data-sourcepos=\"25:1-25:28\">Devriyeler ve operasyonlar<\/li>\n<li data-sourcepos=\"26:1-26:36\">\u0130hbar ve \u015fikayetleri de\u011ferlendirme<\/li>\n<li data-sourcepos=\"27:1-28:0\">E\u011fitim ve bilin\u00e7lendirme \u00e7al\u0131\u015fmalar\u0131<\/li>\n<\/ul>\n<p data-sourcepos=\"29:1-29:38\"><strong>Ahlak Polisinin Tart\u0131\u015fmal\u0131 Y\u00f6nleri<\/strong><\/p>\n<p data-sourcepos=\"31:1-31:325\">Ahlak polisinin varl\u0131\u011f\u0131, T\u00fcrkiye&#8217;de uzun y\u0131llard\u0131r tart\u0131\u015fma konusu olmu\u015ftur. Baz\u0131 kesimler, ahlak polisinin toplumdaki ahlak de\u011ferlerini korumak ve su\u00e7lar\u0131 \u00f6nlemek i\u00e7in gerekli bir birim oldu\u011funu savunurken, baz\u0131lar\u0131 ise ahlak polisinin bireysel \u00f6zg\u00fcrl\u00fckleri k\u0131s\u0131tlad\u0131\u011f\u0131n\u0131 ve keyfi uygulamalara yol a\u00e7t\u0131\u011f\u0131n\u0131 iddia etmektedir.<\/p>\n<p data-sourcepos=\"33:1-33:319\">Ahlak polisinin g\u00f6revleri aras\u0131nda yer alan fuhu\u015f, kumar ve uyu\u015fturucu gibi su\u00e7lar, toplumda ciddi sorunlara yol a\u00e7maktad\u0131r. Bu su\u00e7lar, insanlar\u0131n sa\u011fl\u0131\u011f\u0131n\u0131, g\u00fcvenli\u011fini ve huzurunu tehdit etmektedir. Bu nedenle, ahlak polisinin bu su\u00e7lara kar\u015f\u0131 m\u00fccadele etmesi, toplum yarar\u0131na bir faaliyet olarak de\u011ferlendirilebilir.<\/p>\n<p data-sourcepos=\"35:1-35:387\">Ancak, ahlak polisinin di\u011fer g\u00f6revleri, bireysel \u00f6zg\u00fcrl\u00fckleri k\u0131s\u0131tlay\u0131c\u0131 bir nitelik ta\u015f\u0131maktad\u0131r. \u00d6rne\u011fin, ahlak polisinin k\u0131yafet kurallar\u0131na uymayan ki\u015filere m\u00fcdahale etmesi, ki\u015filerin ifade \u00f6zg\u00fcrl\u00fc\u011f\u00fcn\u00fc ihlal eden bir uygulamad\u0131r. Ayr\u0131ca, ahlak polisinin fuhu\u015fa s\u00fcr\u00fcklenen \u00e7ocuklar ve gen\u00e7lerle ilgili \u00e7al\u0131\u015fmalar\u0131n\u0131n, bu ki\u015filerin ma\u011fduriyetini art\u0131rabilece\u011fi de ileri s\u00fcr\u00fclmektedir.<\/p>\n<p data-sourcepos=\"35:1-35:387\">\n<p data-sourcepos=\"37:1-37:222\">Sonu\u00e7 olarak, ahlak polisinin varl\u0131\u011f\u0131, T\u00fcrkiye&#8217;de toplumda farkl\u0131 g\u00f6r\u00fc\u015flere yol a\u00e7maktad\u0131r. Ahlak polisinin g\u00f6revlerini yerine getirirken, bireysel \u00f6zg\u00fcrl\u00fckleri de g\u00f6zetmesi ve keyfi uygulamalardan ka\u00e7\u0131nmas\u0131 gerekmektedir.<\/p>\n<\/div>\n<div class=\"corlu-icerikten-sonra_3\" id=\"corlu-1603014615\"><p><img loading=\"lazy\" decoding=\"async\" class=\"aligncenter\" src=\"https:\/\/www.corludahaber.com\/bahcesehir.jpg\" alt=\"\" width=\"624\" height=\"196\" \/><\/p>\n<table style=\"text-align: left; width: 100%;\" border=\"1\" cellspacing=\"2\" cellpadding=\"2\">\n<tbody>\n<tr>\n<td style=\"background-color: #050805;\"><span style=\"font-size: 12pt;\"><small><small><em><strong><big><span style=\"color: #ff0000;\">Haber ve resimlerin telif haklar\u0131ndan dolay\u0131 kullan\u0131m\u0131 yasakt\u0131r<span style=\"color: #000000;\">.<\/span><\/span><span style=\"color: #000000;\">\u00a0<\/span><span style=\"color: #ffffff;\">Yaz\u0131l\u0131 izni al\u0131nmadan hi\u00e7bir yaz\u0131l\u0131, g\u00f6rsel, i\u015fitsel i\u00e7erik kopyalanamaz, de\u011fi\u015ftirilemez, yay\u0131nlanamaz veya sat\u0131lamaz. Aksi halde<\/span>\u00a0<span style=\"color: #ff0000;\">5846<span style=\"color: #ffffff;\">\u00a0<\/span><\/span><span style=\"color: #ffffff;\">say\u0131l\u0131 Fikir ve Sanat Eserleri Kanunu\u2019na ve<\/span>\u00a0<span style=\"color: #800000;\"><span style=\"color: #ff0000;\">6102<\/span><span style=\"color: #ffffff;\">\u00a0<\/span><\/span><span style=\"color: #ffffff;\">say\u0131l\u0131 maddesine g\u00f6re<\/span>\u00a0<span style=\"color: #ff0000;\">gerekli i\u015flemler uygulanacakt\u0131r.<\/span><br \/>\n<span style=\"color: #ffffff;\">\u00a9 Copyright 2014<\/span><\/big><\/strong><\/em><\/small><\/small><\/span><\/td>\n<\/tr>\n<\/tbody>\n<\/table>\n<p><small><small>\u00a0<\/small><\/small><\/p>\n<\/div>","protected":false},"excerpt":{"rendered":"<p>Ahlak Polisi T\u00fcrkiye\u00a0 Ahlak polisi, toplumdaki ahlak kurallar\u0131n\u0131n ve de\u011ferlerinin korunmas\u0131 amac\u0131yla g\u00f6rev yapan polis birimidir. T\u00fcrkiye&#8217;de ahlak polisi, \u0130\u00e7i\u015fleri Bakanl\u0131\u011f\u0131&#8217;na ba\u011fl\u0131 olarak \u00e7al\u0131\u015fan Emniyet Genel M\u00fcd\u00fcrl\u00fc\u011f\u00fc&#8217;n\u00fcn Asayi\u015f Daire Ba\u015fkanl\u0131\u011f\u0131&#8217;na ba\u011fl\u0131d\u0131r. Ahlak polisinin g\u00f6revleri, temel olarak, fuhu\u015f, kumar, uyu\u015fturucu ve alkoll\u00fc i\u00e7kilerin yasa d\u0131\u015f\u0131 \u00fcretimi ve sat\u0131\u015f\u0131, \u00e7ocuk istismar\u0131, fuhu\u015fa s\u00fcr\u00fcklenen \u00e7ocuklar ve gen\u00e7ler ile &hellip;<\/p>\n","protected":false},"author":151,"featured_media":75610,"comment_status":"open","ping_status":"open","sticky":false,"template":"","format":"standard","meta":{"footnotes":""},"categories":[1982],"tags":[10220,11798,11799,11795,11801,11803,11796,2091,11797,6086,89,11800,11802],"class_list":["post-75609","post","type-post","status-publish","format-standard","has-post-thumbnail","hentry","category-seo","tag-ahlak","tag-ahlak-polisi","tag-ahlak-polisi-baskini","tag-ahlak-polisi-turkiye","tag-ahlak-polisi-turkiye-de-hangi-vakalara-bakar","tag-bakar","tag-fuhus-polisi","tag-hangi","tag-kumar-polisi","tag-polisi","tag-turkiye","tag-uyusturucu-baskini","tag-vakalara"],"yoast_head":"<!-- This site is optimized with the Yoast SEO Premium plugin v23.3 (Yoast SEO v23.3) - https:\/\/yoast.com\/wordpress\/plugins\/seo\/ -->\n<title>Ahlak Polisi T\u00fcrkiye&#039;de Hangi Vakalara Bakar? | \u00c7orlu&#039;da Haber<\/title>\n<meta name=\"description\" content=\"Ahlak Polisi T\u00fcrkiye&#039;de Hangi Vakalara Bakar? | SEO \u00c7orlu&#039;da Haber\" \/>\n<meta name=\"robots\" content=\"index, follow, max-snippet:-1, max-image-preview:large, max-video-preview:-1\" \/>\n<link rel=\"canonical\" href=\"https:\/\/corludahaber.com\/h\/ahlak-polisi-turkiyede-hangi-vakalara-bakar\/75609\" \/>\n<meta property=\"og:locale\" content=\"tr_TR\" \/>\n<meta property=\"og:type\" content=\"article\" \/>\n<meta property=\"og:title\" content=\"Ahlak Polisi T\u00fcrkiye&#039;de Hangi Vakalara Bakar? | \u00c7orlu&#039;da Haber\" \/>\n<meta property=\"og:description\" content=\"Ahlak Polisi T\u00fcrkiye&#039;de Hangi Vakalara Bakar? | SEO \u00c7orlu&#039;da Haber\" \/>\n<meta property=\"og:url\" content=\"https:\/\/corludahaber.com\/h\/ahlak-polisi-turkiyede-hangi-vakalara-bakar\/75609\" \/>\n<meta property=\"og:site_name\" content=\"\u00c7orlu&#039;da Haber\" \/>\n<meta property=\"article:publisher\" content=\"https:\/\/facebook.com\/habercorluda\" \/>\n<meta property=\"article:published_time\" content=\"2023-12-15T16:16:05+00:00\" \/>\n<meta property=\"article:modified_time\" content=\"2023-12-15T16:18:10+00:00\" \/>\n<meta property=\"og:image\" content=\"https:\/\/corludahaber.com\/h\/wp-content\/uploads\/2023\/12\/Corluda-haber-_20231215_191442_0000-jpg.webp\" \/>\n\t<meta property=\"og:image:width\" content=\"1030\" \/>\n\t<meta property=\"og:image:height\" content=\"687\" \/>\n\t<meta property=\"og:image:type\" content=\"image\/jpeg\" \/>\n<meta name=\"author\" content=\"\u00c7orlu&#039;da Haber\" \/>\n<meta name=\"twitter:card\" content=\"summary_large_image\" \/>\n<meta name=\"twitter:creator\" content=\"@habercorluda\" \/>\n<meta name=\"twitter:site\" content=\"@habercorluda\" \/>\n<meta name=\"twitter:label1\" content=\"Yazan:\" \/>\n\t<meta name=\"twitter:data1\" content=\"\u00c7orlu&#039;da Haber\" \/>\n\t<meta name=\"twitter:label2\" content=\"Tahmini okuma s\u00fcresi\" \/>\n\t<meta name=\"twitter:data2\" content=\"3 dakika\" \/>\n<script type=\"application\/ld+json\" class=\"yoast-schema-graph\">{\"@context\":\"https:\/\/schema.org\",\"@graph\":[{\"@type\":\"Article\",\"@id\":\"https:\/\/corludahaber.com\/h\/ahlak-polisi-turkiyede-hangi-vakalara-bakar\/75609#article\",\"isPartOf\":{\"@id\":\"https:\/\/corludahaber.com\/h\/ahlak-polisi-turkiyede-hangi-vakalara-bakar\/75609\"},\"author\":{\"name\":\"\u00c7orlu'da Haber\",\"@id\":\"https:\/\/corludahaber.com\/h\/#\/schema\/person\/b523522be44b062db5d74a62589768cd\"},\"headline\":\"Ahlak Polisi T\u00fcrkiye&#8217;de Hangi Vakalara Bakar?\",\"datePublished\":\"2023-12-15T16:16:05+00:00\",\"dateModified\":\"2023-12-15T16:18:10+00:00\",\"mainEntityOfPage\":{\"@id\":\"https:\/\/corludahaber.com\/h\/ahlak-polisi-turkiyede-hangi-vakalara-bakar\/75609\"},\"wordCount\":701,\"commentCount\":0,\"publisher\":{\"@id\":\"https:\/\/corludahaber.com\/h\/#organization\"},\"image\":{\"@id\":\"https:\/\/corludahaber.com\/h\/ahlak-polisi-turkiyede-hangi-vakalara-bakar\/75609#primaryimage\"},\"thumbnailUrl\":\"https:\/\/corludahaber.com\/h\/wp-content\/uploads\/2023\/12\/Corluda-haber-_20231215_191442_0000-jpg.webp\",\"keywords\":[\"Ahlak\",\"Ahlak polisi\",\"Ahlak Polisi bask\u0131n\u0131\",\"ahlak polisi t\u00fcrkiye\",\"Ahlak Polisi T\u00fcrkiye de Hangi Vakalara Bakar\",\"Bakar\",\"Fuhu\u015f polisi\",\"Hangi\",\"Kumar polisi\",\"polisi\",\"T\u00fcrkiye\",\"Uyu\u015fturucu bask\u0131n\u0131\",\"Vakalara\"],\"articleSection\":[\"SEO\"],\"inLanguage\":\"tr\",\"potentialAction\":[{\"@type\":\"CommentAction\",\"name\":\"Comment\",\"target\":[\"https:\/\/corludahaber.com\/h\/ahlak-polisi-turkiyede-hangi-vakalara-bakar\/75609#respond\"]}]},{\"@type\":\"WebPage\",\"@id\":\"https:\/\/corludahaber.com\/h\/ahlak-polisi-turkiyede-hangi-vakalara-bakar\/75609\",\"url\":\"https:\/\/corludahaber.com\/h\/ahlak-polisi-turkiyede-hangi-vakalara-bakar\/75609\",\"name\":\"Ahlak Polisi T\u00fcrkiye'de Hangi Vakalara Bakar? | \u00c7orlu&#039;da Haber\",\"isPartOf\":{\"@id\":\"https:\/\/corludahaber.com\/h\/#website\"},\"primaryImageOfPage\":{\"@id\":\"https:\/\/corludahaber.com\/h\/ahlak-polisi-turkiyede-hangi-vakalara-bakar\/75609#primaryimage\"},\"image\":{\"@id\":\"https:\/\/corludahaber.com\/h\/ahlak-polisi-turkiyede-hangi-vakalara-bakar\/75609#primaryimage\"},\"thumbnailUrl\":\"https:\/\/corludahaber.com\/h\/wp-content\/uploads\/2023\/12\/Corluda-haber-_20231215_191442_0000-jpg.webp\",\"datePublished\":\"2023-12-15T16:16:05+00:00\",\"dateModified\":\"2023-12-15T16:18:10+00:00\",\"description\":\"Ahlak Polisi T\u00fcrkiye'de Hangi Vakalara Bakar? | SEO \u00c7orlu&#039;da Haber\",\"breadcrumb\":{\"@id\":\"https:\/\/corludahaber.com\/h\/ahlak-polisi-turkiyede-hangi-vakalara-bakar\/75609#breadcrumb\"},\"inLanguage\":\"tr\",\"potentialAction\":[{\"@type\":\"ReadAction\",\"target\":[\"https:\/\/corludahaber.com\/h\/ahlak-polisi-turkiyede-hangi-vakalara-bakar\/75609\"]}]},{\"@type\":\"ImageObject\",\"inLanguage\":\"tr\",\"@id\":\"https:\/\/corludahaber.com\/h\/ahlak-polisi-turkiyede-hangi-vakalara-bakar\/75609#primaryimage\",\"url\":\"https:\/\/corludahaber.com\/h\/wp-content\/uploads\/2023\/12\/Corluda-haber-_20231215_191442_0000-jpg.webp\",\"contentUrl\":\"https:\/\/corludahaber.com\/h\/wp-content\/uploads\/2023\/12\/Corluda-haber-_20231215_191442_0000-jpg.webp\",\"width\":1030,\"height\":687},{\"@type\":\"BreadcrumbList\",\"@id\":\"https:\/\/corludahaber.com\/h\/ahlak-polisi-turkiyede-hangi-vakalara-bakar\/75609#breadcrumb\",\"itemListElement\":[{\"@type\":\"ListItem\",\"position\":1,\"name\":\"Anasayfa\",\"item\":\"https:\/\/corludahaber.com\/h\/\"},{\"@type\":\"ListItem\",\"position\":2,\"name\":\"SEO\",\"item\":\"https:\/\/corludahaber.com\/h\/kategori\/seo\"},{\"@type\":\"ListItem\",\"position\":3,\"name\":\"Ahlak Polisi T\u00fcrkiye&#8217;de Hangi Vakalara Bakar?\"}]},{\"@type\":\"WebSite\",\"@id\":\"https:\/\/corludahaber.com\/h\/#website\",\"url\":\"https:\/\/corludahaber.com\/h\/\",\"name\":\"\u00c7orlu'da Haber\",\"description\":\"Ger\u00e7ek Tarafs\u0131z Haber\",\"publisher\":{\"@id\":\"https:\/\/corludahaber.com\/h\/#organization\"},\"potentialAction\":[{\"@type\":\"SearchAction\",\"target\":{\"@type\":\"EntryPoint\",\"urlTemplate\":\"https:\/\/corludahaber.com\/h\/?s={search_term_string}\"},\"query-input\":\"required name=search_term_string\"}],\"inLanguage\":\"tr\"},{\"@type\":\"Organization\",\"@id\":\"https:\/\/corludahaber.com\/h\/#organization\",\"name\":\"\u00c7orlu'da Haber\",\"url\":\"https:\/\/corludahaber.com\/h\/\",\"logo\":{\"@type\":\"ImageObject\",\"inLanguage\":\"tr\",\"@id\":\"https:\/\/corludahaber.com\/h\/#\/schema\/logo\/image\/\",\"url\":\"https:\/\/corludahaber.com\/h\/wp-content\/uploads\/2021\/12\/logo__9__1_-removebg-preview.png\",\"contentUrl\":\"https:\/\/corludahaber.com\/h\/wp-content\/uploads\/2021\/12\/logo__9__1_-removebg-preview.png\",\"width\":500,\"height\":157,\"caption\":\"\u00c7orlu'da Haber\"},\"image\":{\"@id\":\"https:\/\/corludahaber.com\/h\/#\/schema\/logo\/image\/\"},\"sameAs\":[\"https:\/\/facebook.com\/habercorluda\",\"https:\/\/x.com\/habercorluda\",\"https:\/\/www.instagram.com\/corludahaber\",\"https:\/\/www.youtube.com\/user\/corludahaber\"]},{\"@type\":\"Person\",\"@id\":\"https:\/\/corludahaber.com\/h\/#\/schema\/person\/b523522be44b062db5d74a62589768cd\",\"name\":\"\u00c7orlu'da Haber\",\"image\":{\"@type\":\"ImageObject\",\"inLanguage\":\"tr\",\"@id\":\"https:\/\/corludahaber.com\/h\/#\/schema\/person\/image\/\",\"url\":\"https:\/\/secure.gravatar.com\/avatar\/1033e54e078c29fd7f053370086ff627ba414b05c2b231c418a481adecd764ce?s=96&d=blank&r=g\",\"contentUrl\":\"https:\/\/secure.gravatar.com\/avatar\/1033e54e078c29fd7f053370086ff627ba414b05c2b231c418a481adecd764ce?s=96&d=blank&r=g\",\"caption\":\"\u00c7orlu'da Haber\"},\"sameAs\":[\"https:\/\/corludahaber.com\/h\"],\"url\":\"https:\/\/corludahaber.com\/h\/author\/admin\"}]}<\/script>\n<!-- \/ Yoast SEO Premium plugin. -->","yoast_head_json":{"title":"Ahlak Polisi T\u00fcrkiye'de Hangi Vakalara Bakar? | \u00c7orlu&#039;da Haber","description":"Ahlak Polisi T\u00fcrkiye'de Hangi Vakalara Bakar? | SEO \u00c7orlu&#039;da Haber","robots":{"index":"index","follow":"follow","max-snippet":"max-snippet:-1","max-image-preview":"max-image-preview:large","max-video-preview":"max-video-preview:-1"},"canonical":"https:\/\/corludahaber.com\/h\/ahlak-polisi-turkiyede-hangi-vakalara-bakar\/75609","og_locale":"tr_TR","og_type":"article","og_title":"Ahlak Polisi T\u00fcrkiye'de Hangi Vakalara Bakar? | \u00c7orlu&#039;da Haber","og_description":"Ahlak Polisi T\u00fcrkiye'de Hangi Vakalara Bakar? | SEO \u00c7orlu&#039;da Haber","og_url":"https:\/\/corludahaber.com\/h\/ahlak-polisi-turkiyede-hangi-vakalara-bakar\/75609","og_site_name":"\u00c7orlu&#039;da Haber","article_publisher":"https:\/\/facebook.com\/habercorluda","article_published_time":"2023-12-15T16:16:05+00:00","article_modified_time":"2023-12-15T16:18:10+00:00","og_image":[{"width":1030,"height":687,"url":"https:\/\/corludahaber.com\/h\/wp-content\/uploads\/2023\/12\/Corluda-haber-_20231215_191442_0000-jpg.webp","type":"image\/jpeg"}],"author":"\u00c7orlu'da Haber","twitter_card":"summary_large_image","twitter_creator":"@habercorluda","twitter_site":"@habercorluda","twitter_misc":{"Yazan:":"\u00c7orlu'da Haber","Tahmini okuma s\u00fcresi":"3 dakika"},"schema":{"@context":"https:\/\/schema.org","@graph":[{"@type":"Article","@id":"https:\/\/corludahaber.com\/h\/ahlak-polisi-turkiyede-hangi-vakalara-bakar\/75609#article","isPartOf":{"@id":"https:\/\/corludahaber.com\/h\/ahlak-polisi-turkiyede-hangi-vakalara-bakar\/75609"},"author":{"name":"\u00c7orlu'da Haber","@id":"https:\/\/corludahaber.com\/h\/#\/schema\/person\/b523522be44b062db5d74a62589768cd"},"headline":"Ahlak Polisi T\u00fcrkiye&#8217;de Hangi Vakalara Bakar?","datePublished":"2023-12-15T16:16:05+00:00","dateModified":"2023-12-15T16:18:10+00:00","mainEntityOfPage":{"@id":"https:\/\/corludahaber.com\/h\/ahlak-polisi-turkiyede-hangi-vakalara-bakar\/75609"},"wordCount":701,"commentCount":0,"publisher":{"@id":"https:\/\/corludahaber.com\/h\/#organization"},"image":{"@id":"https:\/\/corludahaber.com\/h\/ahlak-polisi-turkiyede-hangi-vakalara-bakar\/75609#primaryimage"},"thumbnailUrl":"https:\/\/corludahaber.com\/h\/wp-content\/uploads\/2023\/12\/Corluda-haber-_20231215_191442_0000-jpg.webp","keywords":["Ahlak","Ahlak polisi","Ahlak Polisi bask\u0131n\u0131","ahlak polisi t\u00fcrkiye","Ahlak Polisi T\u00fcrkiye de Hangi Vakalara Bakar","Bakar","Fuhu\u015f polisi","Hangi","Kumar polisi","polisi","T\u00fcrkiye","Uyu\u015fturucu bask\u0131n\u0131","Vakalara"],"articleSection":["SEO"],"inLanguage":"tr","potentialAction":[{"@type":"CommentAction","name":"Comment","target":["https:\/\/corludahaber.com\/h\/ahlak-polisi-turkiyede-hangi-vakalara-bakar\/75609#respond"]}]},{"@type":"WebPage","@id":"https:\/\/corludahaber.com\/h\/ahlak-polisi-turkiyede-hangi-vakalara-bakar\/75609","url":"https:\/\/corludahaber.com\/h\/ahlak-polisi-turkiyede-hangi-vakalara-bakar\/75609","name":"Ahlak Polisi T\u00fcrkiye'de Hangi Vakalara Bakar? | \u00c7orlu&#039;da Haber","isPartOf":{"@id":"https:\/\/corludahaber.com\/h\/#website"},"primaryImageOfPage":{"@id":"https:\/\/corludahaber.com\/h\/ahlak-polisi-turkiyede-hangi-vakalara-bakar\/75609#primaryimage"},"image":{"@id":"https:\/\/corludahaber.com\/h\/ahlak-polisi-turkiyede-hangi-vakalara-bakar\/75609#primaryimage"},"thumbnailUrl":"https:\/\/corludahaber.com\/h\/wp-content\/uploads\/2023\/12\/Corluda-haber-_20231215_191442_0000-jpg.webp","datePublished":"2023-12-15T16:16:05+00:00","dateModified":"2023-12-15T16:18:10+00:00","description":"Ahlak Polisi T\u00fcrkiye'de Hangi Vakalara Bakar? | SEO \u00c7orlu&#039;da Haber","breadcrumb":{"@id":"https:\/\/corludahaber.com\/h\/ahlak-polisi-turkiyede-hangi-vakalara-bakar\/75609#breadcrumb"},"inLanguage":"tr","potentialAction":[{"@type":"ReadAction","target":["https:\/\/corludahaber.com\/h\/ahlak-polisi-turkiyede-hangi-vakalara-bakar\/75609"]}]},{"@type":"ImageObject","inLanguage":"tr","@id":"https:\/\/corludahaber.com\/h\/ahlak-polisi-turkiyede-hangi-vakalara-bakar\/75609#primaryimage","url":"https:\/\/corludahaber.com\/h\/wp-content\/uploads\/2023\/12\/Corluda-haber-_20231215_191442_0000-jpg.webp","contentUrl":"https:\/\/corludahaber.com\/h\/wp-content\/uploads\/2023\/12\/Corluda-haber-_20231215_191442_0000-jpg.webp","width":1030,"height":687},{"@type":"BreadcrumbList","@id":"https:\/\/corludahaber.com\/h\/ahlak-polisi-turkiyede-hangi-vakalara-bakar\/75609#breadcrumb","itemListElement":[{"@type":"ListItem","position":1,"name":"Anasayfa","item":"https:\/\/corludahaber.com\/h\/"},{"@type":"ListItem","position":2,"name":"SEO","item":"https:\/\/corludahaber.com\/h\/kategori\/seo"},{"@type":"ListItem","position":3,"name":"Ahlak Polisi T\u00fcrkiye&#8217;de Hangi Vakalara Bakar?"}]},{"@type":"WebSite","@id":"https:\/\/corludahaber.com\/h\/#website","url":"https:\/\/corludahaber.com\/h\/","name":"\u00c7orlu'da Haber","description":"Ger\u00e7ek Tarafs\u0131z Haber","publisher":{"@id":"https:\/\/corludahaber.com\/h\/#organization"},"potentialAction":[{"@type":"SearchAction","target":{"@type":"EntryPoint","urlTemplate":"https:\/\/corludahaber.com\/h\/?s={search_term_string}"},"query-input":"required name=search_term_string"}],"inLanguage":"tr"},{"@type":"Organization","@id":"https:\/\/corludahaber.com\/h\/#organization","name":"\u00c7orlu'da Haber","url":"https:\/\/corludahaber.com\/h\/","logo":{"@type":"ImageObject","inLanguage":"tr","@id":"https:\/\/corludahaber.com\/h\/#\/schema\/logo\/image\/","url":"https:\/\/corludahaber.com\/h\/wp-content\/uploads\/2021\/12\/logo__9__1_-removebg-preview.png","contentUrl":"https:\/\/corludahaber.com\/h\/wp-content\/uploads\/2021\/12\/logo__9__1_-removebg-preview.png","width":500,"height":157,"caption":"\u00c7orlu'da Haber"},"image":{"@id":"https:\/\/corludahaber.com\/h\/#\/schema\/logo\/image\/"},"sameAs":["https:\/\/facebook.com\/habercorluda","https:\/\/x.com\/habercorluda","https:\/\/www.instagram.com\/corludahaber","https:\/\/www.youtube.com\/user\/corludahaber"]},{"@type":"Person","@id":"https:\/\/corludahaber.com\/h\/#\/schema\/person\/b523522be44b062db5d74a62589768cd","name":"\u00c7orlu'da Haber","image":{"@type":"ImageObject","inLanguage":"tr","@id":"https:\/\/corludahaber.com\/h\/#\/schema\/person\/image\/","url":"https:\/\/secure.gravatar.com\/avatar\/1033e54e078c29fd7f053370086ff627ba414b05c2b231c418a481adecd764ce?s=96&d=blank&r=g","contentUrl":"https:\/\/secure.gravatar.com\/avatar\/1033e54e078c29fd7f053370086ff627ba414b05c2b231c418a481adecd764ce?s=96&d=blank&r=g","caption":"\u00c7orlu'da Haber"},"sameAs":["https:\/\/corludahaber.com\/h"],"url":"https:\/\/corludahaber.com\/h\/author\/admin"}]}},"_links":{"self":[{"href":"https:\/\/corludahaber.com\/h\/wp-json\/wp\/v2\/posts\/75609","targetHints":{"allow":["GET"]}}],"collection":[{"href":"https:\/\/corludahaber.com\/h\/wp-json\/wp\/v2\/posts"}],"about":[{"href":"https:\/\/corludahaber.com\/h\/wp-json\/wp\/v2\/types\/post"}],"author":[{"embeddable":true,"href":"https:\/\/corludahaber.com\/h\/wp-json\/wp\/v2\/users\/151"}],"replies":[{"embeddable":true,"href":"https:\/\/corludahaber.com\/h\/wp-json\/wp\/v2\/comments?post=75609"}],"version-history":[{"count":0,"href":"https:\/\/corludahaber.com\/h\/wp-json\/wp\/v2\/posts\/75609\/revisions"}],"wp:featuredmedia":[{"embeddable":true,"href":"https:\/\/corludahaber.com\/h\/wp-json\/wp\/v2\/media\/75610"}],"wp:attachment":[{"href":"https:\/\/corludahaber.com\/h\/wp-json\/wp\/v2\/media?parent=75609"}],"wp:term":[{"taxonomy":"category","embeddable":true,"href":"https:\/\/corludahaber.com\/h\/wp-json\/wp\/v2\/categories?post=75609"},{"taxonomy":"post_tag","embeddable":true,"href":"https:\/\/corludahaber.com\/h\/wp-json\/wp\/v2\/tags?post=75609"}],"curies":[{"name":"wp","href":"https:\/\/api.w.org\/{rel}","templated":true}]}}