{"id":74094,"date":"2023-11-27T22:00:20","date_gmt":"2023-11-27T19:00:20","guid":{"rendered":"https:\/\/corludahaber.com\/h\/eski-makedonya-cumhurbaskani-ivanov-dunyanin-kafasi-baristan-cok-savasla-mesgul\/74094"},"modified":"2023-11-27T22:00:25","modified_gmt":"2023-11-27T19:00:25","slug":"eski-makedonya-cumhurbaskani-ivanov-dunyanin-kafasi-baristan-cok-savasla-mesgul","status":"publish","type":"post","link":"https:\/\/corludahaber.com\/h\/eski-makedonya-cumhurbaskani-ivanov-dunyanin-kafasi-baristan-cok-savasla-mesgul\/74094","title":{"rendered":"Eski Makedonya Cumhurba\u015fkan\u0131 \u0130vanov:\u00a0D\u00fcnyan\u0131n kafas\u0131 bar\u0131\u015ftan \u00e7ok sava\u015fla me\u015fgul"},"content":{"rendered":"<div class=\"corlu-icerikten-once_3\" id=\"corlu-3852181384\"><script type='text\/javascript' src='https:\/\/platform-api.sharethis.com\/js\/sharethis.js#property=5ce8cf08af7d000012cb0ca1&product=inline-reaction-buttons' async='async'><\/script>\r\n\r\n<\/div><div readability=\"84\"><span class=\"category-name hidden\"><\/span><\/p><div class=\"corlu-icerik-2\" id=\"corlu-772610174\"><!-- Admatic AUTO ads START -->\r\n<ins data-publisher=\"adm-pub-155556240050\" data-ad-network=\"659428a24d11b285b616c18d\"   class=\"adm-ads-area\"><\/ins>\r\n<script type=\"text\/javascript\" src=\"https:\/\/static.cdn.admatic.com.tr\/showad\/showad.min.js\"><\/script>\r\n<!-- Admatic AUTO ads END --><\/div>\n<p>Olgay G\u00dcLER\/ ED\u0130RNE, (DHA)- ESK\u0130 Makedonya Cumhuriyeti Cumhurba\u015fkan\u0131 Prof. Dr. George \u0130vanov, Google&#8217;da sava\u015f ve bar\u0131\u015f kelimeleri\u00a0tarat\u0131ld\u0131\u011f\u0131nda 8 milyar 60 milyon kez sava\u015f, 3 milyar 100 milyon kez de bar\u0131\u015f s\u00f6zc\u00fc\u011f\u00fcn\u00fcn ge\u00e7ti\u011fini s\u00f6yledi. \u0130vanov, &#8220;Buradan da insanl\u0131\u011f\u0131n, yani bizim medeni d\u00fcnyan\u0131n kafas\u0131n\u0131n bar\u0131\u015ftan \u00e7ok sava\u015fla me\u015fgul oldu\u011fu sonucuna varabiliriz. Hakk\u0131nda belge ve kaynaklar\u0131n bulundu\u011fu insanl\u0131k tarihinin son 3 bin 500 y\u0131l\u0131 incelendi\u011finde, 3 bin 200 y\u0131l\u0131n sava\u015flarla, bunlar\u0131n i\u00e7inden yaln\u0131zca 300 y\u0131l\u0131n bar\u0131\u015fla ge\u00e7ti\u011fi g\u00f6r\u00fclecektir&#8221; dedi.<br \/>Makedonya&#8217;da 2009-2019 y\u0131llar\u0131 aras\u0131nda Cumhurba\u015fkanl\u0131\u011f\u0131 yapan Prof. Dr. George \u0130vanov, Trakya \u00dcniversitesi&#8217;nde d\u00fczenlenen &#8216;M\u00fcsl\u00fcman, Hristiyan ve Yahudi Toplumlar\u0131n\u0131n Bir Arada Ya\u015famas\u0131n\u0131 Sa\u011flayan Osmanl\u0131 Modeli&#8217; konulu sempozyumda konu\u015ftu. \u0130vanov&#8217;a, organizasyon sonunda Trakya \u00dcniversitesi&#8217;nce fahri doktora \u00fcnvan\u0131 da verilirken, sempozyuma Edirne Valisi Yunus Sezer, Trakya \u00dcniversitesi Rekt\u00f6r\u00fc Prof. Dr. Erhan Tabako\u011flu, D\u0131\u015fi\u015fleri Bakanl\u0131\u011f\u0131 Edirne Temsilcisi B\u00fcy\u00fckel\u00e7i Murat Ahmet Y\u00f6r\u00fck, \u00f6\u011fretim \u00fcyeleri ve \u00f6\u011frenciler kat\u0131ld\u0131.<br \/>&#8216;ORTA DO\u011eU&#8217;DAK\u0130 SAVA\u015eLAR KUTSAL TOPRAKLARLA BA\u011eLANTILI&#8217;<br \/>Sempozyumda konu\u015fan eski Cumhurba\u015fkan\u0131 Prof. Dr. \u0130vanov, \u0130srail&#8217;le Hamas aras\u0131nda ya\u015fanan sava\u015f\u0131n, Rusya Ukrayna Sava\u015f\u0131&#8217;n\u0131n ve Orta Afrika&#8217;daki olaylar\u0131n bar\u0131\u015f\u0131 tehdit eden olaylar oldu\u011funu anlatt\u0131. \u0130vanov, &#8220;Bu sava\u015flar ve \u00e7at\u0131\u015fmalar, b\u00fct\u00fcn sava\u015flar\u0131n temelinde yatan konular\u0131 ve bu \u00e7at\u0131\u015fmalar\u0131n bar\u0131\u015f\u00e7\u0131l yollardan \u00e7\u00f6z\u00fcm olas\u0131l\u0131klar\u0131n\u0131 tekrar tekrar g\u00fcndeme getirmektedir. Orta Do\u011fu tarihi boyunca ya\u015fanan sava\u015f ve \u00e7at\u0131\u015fmalar\u0131n \u00e7o\u011fu kutsal topraklarla ba\u011flant\u0131l\u0131 olmu\u015ftur. G\u00fcn\u00fcm\u00fczde, &#8216;kutsal topraklar&#8217; terimi, kabaca bug\u00fcnk\u00fc \u0130srail devleti, Filistin devleti ve L\u00fcbnan&#8217;\u0131 kapsayan bir b\u00f6lgeyi ifade etmektedir. Bu b\u00f6lge, daha do\u011frusu b\u00f6lgedeki yerler, Yahudilik, Hristiyanl\u0131k ve \u0130slam gibi tek tanr\u0131l\u0131 dinler i\u00e7in \u00e7ok b\u00fcy\u00fck bir \u00f6neme sahiptir. Yahudilik ve Hristiyanl\u0131\u011f\u0131n en kutsal \u015fehri ve ayn\u0131 zamanda \u0130slam&#8217;\u0131n \u00fc\u00e7\u00fcnc\u00fc en kutsal \u015fehri olan Kud\u00fcs, kutsal topraklar b\u00f6lgesinin en \u00f6nemli \u015fehridir&#8221; dedi.<br \/>Kud\u00fcs&#8217;\u00fcn Yahudiler, M\u00fcsl\u00fcmanlar ve Hristiyanlar i\u00e7in \u00f6nemine de vurgu yapan \u0130vanov, &#8220;Kud\u00fcs, Yahudiler i\u00e7in birinci ve ikinci tap\u0131naklar\u0131n\u0131n bulundu\u011fu yer olmas\u0131n\u0131n yan\u0131 s\u0131ra Tevrat&#8217;\u0131n b\u00fcy\u00fck bir k\u0131sm\u0131 i\u00e7in ta\u015f\u0131d\u0131\u011f\u0131 tarihsel \u00f6nemi dolay\u0131yla en \u00f6nemli \u015fehir iken Hristiyanlar i\u00e7in, \u0130sa&#8217;n\u0131n \u00f6\u011fretilerinin ve \u00e7ekti\u011fi i\u015fkencelerinin tarihi mekan; M\u00fcsl\u00fcmanlar i\u00e7in de Mekke&#8217;deki Kabe&#8217;den \u00f6nce ilk k\u0131blenin bulundu\u011fu ve \u0130sra ve Mira\u00e7\u00a0hadisesinin ya\u015fand\u0131\u011f\u0131 kutsal bir yerdir. Bu b\u00f6lgenin kutsall\u0131\u011f\u0131, Ha\u00e7l\u0131 Seferleri&#8217;nin yap\u0131lmas\u0131n\u0131n ve M\u00fcsl\u00fcmanlar taraf\u0131ndan yeniden fethedilmesinin temelini olu\u015fturmu\u015ftur. Bug\u00fcn \u0130srail ile Filistin aras\u0131ndaki mevcut sava\u015f da k\u0131smen, kutsal topraklar\u0131n kontrol\u00fcne ili\u015fkin dini inan\u00e7larla ilgilidir&#8221; diye konu\u015ftu.<br \/>&#8216;ORTA DO\u011eU VE BALKANLARDA BARI\u015e EN UZUN S\u00dcRE HAK\u0130M OLMU\u015e&#8217;<br \/>Prof. Dr. \u0130vanov, Google&#8217;da \u0130ngilizce olarak sava\u015f ve bar\u0131\u015f kelimelerinin tarat\u0131ld\u0131\u011f\u0131nda ortaya \u00e7\u0131kan sonucu da payla\u015farak, &#8220;Google&#8217;da \u0130ngilizce olarak bir tarama yap\u0131p yaz\u0131lan metin, yay\u0131n ve kitap ba\u015fl\u0131\u011f\u0131nda ka\u00e7 kere sava\u015f, ka\u00e7 kere de bar\u0131\u015f s\u00f6zc\u00fc\u011f\u00fcn\u00fcn ge\u00e7ti\u011fini ara\u015ft\u0131racak olursak,\u00a0\u00a0sava\u015f kelimesi yakla\u015f\u0131k 8 milyar 60 milyon kere, bar\u0131\u015f kelimesi yakla\u015f\u0131k 3 milyar 100 milyon kere aranm\u0131\u015ft\u0131r. \u00a0Ba\u015fka herhangi bir dilde yap\u0131lacak bir taramada da benzer sonu\u00e7lar \u00e7\u0131kacakt\u0131r. Buradan da insanl\u0131\u011f\u0131n, yani bizim medeni d\u00fcnyan\u0131n kafas\u0131n\u0131n bar\u0131\u015ftan \u00e7ok sava\u015fla me\u015fgul oldu\u011fu sonucuna varabiliriz. Hakk\u0131nda belge ve kaynaklar\u0131n bulundu\u011fu insanl\u0131k tarihinin son 3 bin 500 y\u0131l\u0131 incelendi\u011finde, 3 bin 200 y\u0131l\u0131n sava\u015flarla, bunlar\u0131n i\u00e7inden yaln\u0131zca 300 y\u0131l\u0131n bar\u0131\u015fla ge\u00e7ti\u011fi g\u00f6r\u00fclecektir. \u0130lgin\u00e7 olan\u0131 ise, bug\u00fcn yayg\u0131n olan g\u00f6r\u00fc\u015f ve d\u00fc\u015f\u00fcncelerin aksine d\u00fcnya tarihinde bar\u0131\u015f\u0131n Orta Do\u011fu ve Balkanlar&#8217;da en uzun s\u00fcre hakimiyet s\u00fcrm\u00fc\u015f olmas\u0131d\u0131r&#8221; ifadelerini kulland\u0131.<br \/>Trakya \u00dcniversitesi Rekt\u00f6r\u00fc Prof. Dr. Erhan Tabako\u011flu, Gazze&#8217;de ya\u015fanan insanl\u0131k dram\u0131na dikkat \u00e7ekerek sempozyumun konusunun bu anlamda \u00e7ok \u00f6nemli oldu\u011funu vurgulad\u0131. Edirne Valisi Yunus Sezer de sempozyumun, d\u00fcnyan\u0131n ihtiyac\u0131 olan bak\u0131\u015f a\u00e7\u0131s\u0131n\u0131 yans\u0131tacak \u00f6zellikte bir konuyu i\u00e7erdi\u011fini kaydetti. Sezer, &#8220;Filistin meselesi asl\u0131nda bug\u00fcnk\u00fc konunun bir aynas\u0131 gibi. Y\u00fczy\u0131llard\u0131r beraber karde\u015f karde\u015f ya\u015fayan Yahudi, M\u00fcsl\u00fcman ve Hristiyan milletleri birbirlerine kar\u015f\u0131, \u00f6zellikle son d\u00f6nemdeki Gazze&#8217;deki olaylar\u0131 da g\u00f6z \u00f6n\u00fcne ald\u0131\u011f\u0131m\u0131zda nas\u0131l bu kadar toleranss\u0131z olduklar\u0131n\u0131, nas\u0131l bu kadar k\u00f6t\u00fcle\u015febileceklerini ve on binlerce insan\u0131n can\u0131na k\u0131yabileceklerini ve onlarca insan\u0131n, ibadethanenin nas\u0131l yok edilebilece\u011fini g\u00f6stermi\u015f durumda&#8221; dedi.<br \/>Sempozyumun ard\u0131ndan Makedonya eski Cumhurba\u015fkan\u0131 George \u0130vanov&#8217;a Trakya \u00dcniversitesi&#8217;nce verilen fahri doktora belgesi takdim edildi. Rekt\u00f6r Tabako\u011flu, \u0130vanov&#8217;a c\u00fcbbesini giydirerek hediye verdi. (DHA)<\/p>\n<p>FOTO\u011eRAFLI<\/p>\n<p>\u00a0<\/p>\n<\/div>\n<div class=\"corlu-icerikten-sonra_3\" id=\"corlu-361121639\"><p><img loading=\"lazy\" decoding=\"async\" class=\"aligncenter\" src=\"https:\/\/www.corludahaber.com\/bahcesehir.jpg\" alt=\"\" width=\"624\" height=\"196\" \/><\/p>\n<table style=\"text-align: left; width: 100%;\" border=\"1\" cellspacing=\"2\" cellpadding=\"2\">\n<tbody>\n<tr>\n<td style=\"background-color: #050805;\"><span style=\"font-size: 12pt;\"><small><small><em><strong><big><span style=\"color: #ff0000;\">Haber ve resimlerin telif haklar\u0131ndan dolay\u0131 kullan\u0131m\u0131 yasakt\u0131r<span style=\"color: #000000;\">.<\/span><\/span><span style=\"color: #000000;\">\u00a0<\/span><span style=\"color: #ffffff;\">Yaz\u0131l\u0131 izni al\u0131nmadan hi\u00e7bir yaz\u0131l\u0131, g\u00f6rsel, i\u015fitsel i\u00e7erik kopyalanamaz, de\u011fi\u015ftirilemez, yay\u0131nlanamaz veya sat\u0131lamaz. Aksi halde<\/span>\u00a0<span style=\"color: #ff0000;\">5846<span style=\"color: #ffffff;\">\u00a0<\/span><\/span><span style=\"color: #ffffff;\">say\u0131l\u0131 Fikir ve Sanat Eserleri Kanunu\u2019na ve<\/span>\u00a0<span style=\"color: #800000;\"><span style=\"color: #ff0000;\">6102<\/span><span style=\"color: #ffffff;\">\u00a0<\/span><\/span><span style=\"color: #ffffff;\">say\u0131l\u0131 maddesine g\u00f6re<\/span>\u00a0<span style=\"color: #ff0000;\">gerekli i\u015flemler uygulanacakt\u0131r.<\/span><br \/>\n<span style=\"color: #ffffff;\">\u00a9 Copyright 2014<\/span><\/big><\/strong><\/em><\/small><\/small><\/span><\/td>\n<\/tr>\n<\/tbody>\n<\/table>\n<p><small><small>\u00a0<\/small><\/small><\/p>\n<\/div>","protected":false},"excerpt":{"rendered":"<p>Olgay G\u00dcLER\/ ED\u0130RNE, (DHA)- ESK\u0130 Makedonya Cumhuriyeti Cumhurba\u015fkan\u0131 Prof. Dr. George \u0130vanov, Google&#8217;da sava\u015f ve bar\u0131\u015f kelimeleri\u00a0tarat\u0131ld\u0131\u011f\u0131nda 8 milyar 60 milyon kez sava\u015f, 3 milyar 100 milyon kez de bar\u0131\u015f s\u00f6zc\u00fc\u011f\u00fcn\u00fcn ge\u00e7ti\u011fini s\u00f6yledi. \u0130vanov, &#8220;Buradan da insanl\u0131\u011f\u0131n, yani bizim medeni d\u00fcnyan\u0131n kafas\u0131n\u0131n bar\u0131\u015ftan \u00e7ok sava\u015fla me\u015fgul oldu\u011fu sonucuna varabiliriz. Hakk\u0131nda belge ve kaynaklar\u0131n bulundu\u011fu insanl\u0131k &hellip;<\/p>\n","protected":false},"author":151,"featured_media":74095,"comment_status":"open","ping_status":"closed","sticky":false,"template":"","format":"standard","meta":{"footnotes":""},"categories":[121],"tags":[10515,6658,2713,10511,10513,10514,10512,10517,10516],"class_list":["post-74094","post","type-post","status-publish","format-standard","has-post-thumbnail","hentry","category-edirne","tag-baristan","tag-cumhurbaskani","tag-dunyanin","tag-eski-makedonya-cumhurbaskani-ivanov-dunyanin-kafasi-baristan-cok-savasla-mesgul","tag-ivanov","tag-kafasi","tag-makedonya","tag-mesgul","tag-savasla"],"yoast_head":"<!-- This site is optimized with the Yoast SEO Premium plugin v23.3 (Yoast SEO v23.3) - https:\/\/yoast.com\/wordpress\/plugins\/seo\/ -->\n<title>Eski Makedonya Cumhurba\u015fkan\u0131 \u0130vanov:\u00a0D\u00fcnyan\u0131n kafas\u0131 bar\u0131\u015ftan \u00e7ok sava\u015fla me\u015fgul | \u00c7orlu&#039;da Haber<\/title>\n<meta name=\"description\" content=\"Eski Makedonya Cumhurba\u015fkan\u0131 \u0130vanov:\u00a0D\u00fcnyan\u0131n kafas\u0131 bar\u0131\u015ftan \u00e7ok sava\u015fla me\u015fgul | \u00c7orlu&#039;da Haber\" \/>\n<meta name=\"robots\" content=\"index, follow, max-snippet:-1, max-image-preview:large, max-video-preview:-1\" \/>\n<link rel=\"canonical\" href=\"https:\/\/corludahaber.com\/h\/eski-makedonya-cumhurbaskani-ivanov-dunyanin-kafasi-baristan-cok-savasla-mesgul\/74094\" \/>\n<meta property=\"og:locale\" content=\"tr_TR\" \/>\n<meta property=\"og:type\" content=\"article\" \/>\n<meta property=\"og:title\" content=\"Eski Makedonya Cumhurba\u015fkan\u0131 \u0130vanov:\u00a0D\u00fcnyan\u0131n kafas\u0131 bar\u0131\u015ftan \u00e7ok sava\u015fla me\u015fgul | \u00c7orlu&#039;da Haber\" \/>\n<meta property=\"og:description\" content=\"Eski Makedonya Cumhurba\u015fkan\u0131 \u0130vanov:\u00a0D\u00fcnyan\u0131n kafas\u0131 bar\u0131\u015ftan \u00e7ok sava\u015fla me\u015fgul | \u00c7orlu&#039;da Haber\" \/>\n<meta property=\"og:url\" content=\"https:\/\/corludahaber.com\/h\/eski-makedonya-cumhurbaskani-ivanov-dunyanin-kafasi-baristan-cok-savasla-mesgul\/74094\" \/>\n<meta property=\"og:site_name\" content=\"\u00c7orlu&#039;da Haber\" \/>\n<meta property=\"article:publisher\" content=\"https:\/\/facebook.com\/habercorluda\" \/>\n<meta property=\"article:published_time\" content=\"2023-11-27T19:00:20+00:00\" \/>\n<meta property=\"article:modified_time\" content=\"2023-11-27T19:00:25+00:00\" \/>\n<meta property=\"og:image\" content=\"https:\/\/corludahaber.com\/h\/wp-content\/uploads\/2023\/11\/eski-makedonya-cumhurbaskani-ivanov-dunyanin-kafasi-baristan-cok-savasla-mesgul_6564e7468a25d-jpeg.webp\" \/>\n\t<meta property=\"og:image:width\" content=\"600\" \/>\n\t<meta property=\"og:image:height\" content=\"400\" \/>\n\t<meta property=\"og:image:type\" content=\"image\/jpeg\" \/>\n<meta name=\"author\" content=\"\u00c7orlu&#039;da Haber\" \/>\n<meta name=\"twitter:card\" content=\"summary_large_image\" \/>\n<meta name=\"twitter:creator\" content=\"@habercorluda\" \/>\n<meta name=\"twitter:site\" content=\"@habercorluda\" \/>\n<meta name=\"twitter:label1\" content=\"Yazan:\" \/>\n\t<meta name=\"twitter:data1\" content=\"\u00c7orlu&#039;da Haber\" \/>\n\t<meta name=\"twitter:label2\" content=\"Tahmini okuma s\u00fcresi\" \/>\n\t<meta name=\"twitter:data2\" content=\"4 dakika\" \/>\n<script type=\"application\/ld+json\" class=\"yoast-schema-graph\">{\"@context\":\"https:\/\/schema.org\",\"@graph\":[{\"@type\":\"Article\",\"@id\":\"https:\/\/corludahaber.com\/h\/eski-makedonya-cumhurbaskani-ivanov-dunyanin-kafasi-baristan-cok-savasla-mesgul\/74094#article\",\"isPartOf\":{\"@id\":\"https:\/\/corludahaber.com\/h\/eski-makedonya-cumhurbaskani-ivanov-dunyanin-kafasi-baristan-cok-savasla-mesgul\/74094\"},\"author\":{\"name\":\"\u00c7orlu'da Haber\",\"@id\":\"https:\/\/corludahaber.com\/h\/#\/schema\/person\/b523522be44b062db5d74a62589768cd\"},\"headline\":\"Eski Makedonya Cumhurba\u015fkan\u0131 \u0130vanov:\u00a0D\u00fcnyan\u0131n kafas\u0131 bar\u0131\u015ftan \u00e7ok sava\u015fla me\u015fgul\",\"datePublished\":\"2023-11-27T19:00:20+00:00\",\"dateModified\":\"2023-11-27T19:00:25+00:00\",\"mainEntityOfPage\":{\"@id\":\"https:\/\/corludahaber.com\/h\/eski-makedonya-cumhurbaskani-ivanov-dunyanin-kafasi-baristan-cok-savasla-mesgul\/74094\"},\"wordCount\":910,\"commentCount\":0,\"publisher\":{\"@id\":\"https:\/\/corludahaber.com\/h\/#organization\"},\"image\":{\"@id\":\"https:\/\/corludahaber.com\/h\/eski-makedonya-cumhurbaskani-ivanov-dunyanin-kafasi-baristan-cok-savasla-mesgul\/74094#primaryimage\"},\"thumbnailUrl\":\"https:\/\/corludahaber.com\/h\/wp-content\/uploads\/2023\/11\/eski-makedonya-cumhurbaskani-ivanov-dunyanin-kafasi-baristan-cok-savasla-mesgul_6564e7468a25d-jpeg.webp\",\"keywords\":[\"bar\u0131\u015ftan\",\"Cumhurba\u015fkan\u0131\",\"D\u00fcnyan\u0131n\",\"Eski Makedonya Cumhurba\u015fkan\u0131 \u0130vanov D\u00fcnyan\u0131n kafas\u0131 bar\u0131\u015ftan \u00e7ok sava\u015fla me\u015fgul\",\"\u0130vanov\",\"kafas\u0131\",\"Makedonya\",\"me\u015fgul\",\"sava\u015fla\"],\"articleSection\":[\"Edirne\"],\"inLanguage\":\"tr\",\"potentialAction\":[{\"@type\":\"CommentAction\",\"name\":\"Comment\",\"target\":[\"https:\/\/corludahaber.com\/h\/eski-makedonya-cumhurbaskani-ivanov-dunyanin-kafasi-baristan-cok-savasla-mesgul\/74094#respond\"]}]},{\"@type\":\"WebPage\",\"@id\":\"https:\/\/corludahaber.com\/h\/eski-makedonya-cumhurbaskani-ivanov-dunyanin-kafasi-baristan-cok-savasla-mesgul\/74094\",\"url\":\"https:\/\/corludahaber.com\/h\/eski-makedonya-cumhurbaskani-ivanov-dunyanin-kafasi-baristan-cok-savasla-mesgul\/74094\",\"name\":\"Eski Makedonya Cumhurba\u015fkan\u0131 \u0130vanov:\u00a0D\u00fcnyan\u0131n kafas\u0131 bar\u0131\u015ftan \u00e7ok sava\u015fla me\u015fgul | \u00c7orlu&#039;da Haber\",\"isPartOf\":{\"@id\":\"https:\/\/corludahaber.com\/h\/#website\"},\"primaryImageOfPage\":{\"@id\":\"https:\/\/corludahaber.com\/h\/eski-makedonya-cumhurbaskani-ivanov-dunyanin-kafasi-baristan-cok-savasla-mesgul\/74094#primaryimage\"},\"image\":{\"@id\":\"https:\/\/corludahaber.com\/h\/eski-makedonya-cumhurbaskani-ivanov-dunyanin-kafasi-baristan-cok-savasla-mesgul\/74094#primaryimage\"},\"thumbnailUrl\":\"https:\/\/corludahaber.com\/h\/wp-content\/uploads\/2023\/11\/eski-makedonya-cumhurbaskani-ivanov-dunyanin-kafasi-baristan-cok-savasla-mesgul_6564e7468a25d-jpeg.webp\",\"datePublished\":\"2023-11-27T19:00:20+00:00\",\"dateModified\":\"2023-11-27T19:00:25+00:00\",\"description\":\"Eski Makedonya Cumhurba\u015fkan\u0131 \u0130vanov:\u00a0D\u00fcnyan\u0131n kafas\u0131 bar\u0131\u015ftan \u00e7ok sava\u015fla me\u015fgul | \u00c7orlu&#039;da Haber\",\"breadcrumb\":{\"@id\":\"https:\/\/corludahaber.com\/h\/eski-makedonya-cumhurbaskani-ivanov-dunyanin-kafasi-baristan-cok-savasla-mesgul\/74094#breadcrumb\"},\"inLanguage\":\"tr\",\"potentialAction\":[{\"@type\":\"ReadAction\",\"target\":[\"https:\/\/corludahaber.com\/h\/eski-makedonya-cumhurbaskani-ivanov-dunyanin-kafasi-baristan-cok-savasla-mesgul\/74094\"]}]},{\"@type\":\"ImageObject\",\"inLanguage\":\"tr\",\"@id\":\"https:\/\/corludahaber.com\/h\/eski-makedonya-cumhurbaskani-ivanov-dunyanin-kafasi-baristan-cok-savasla-mesgul\/74094#primaryimage\",\"url\":\"https:\/\/corludahaber.com\/h\/wp-content\/uploads\/2023\/11\/eski-makedonya-cumhurbaskani-ivanov-dunyanin-kafasi-baristan-cok-savasla-mesgul_6564e7468a25d-jpeg.webp\",\"contentUrl\":\"https:\/\/corludahaber.com\/h\/wp-content\/uploads\/2023\/11\/eski-makedonya-cumhurbaskani-ivanov-dunyanin-kafasi-baristan-cok-savasla-mesgul_6564e7468a25d-jpeg.webp\",\"width\":600,\"height\":400},{\"@type\":\"BreadcrumbList\",\"@id\":\"https:\/\/corludahaber.com\/h\/eski-makedonya-cumhurbaskani-ivanov-dunyanin-kafasi-baristan-cok-savasla-mesgul\/74094#breadcrumb\",\"itemListElement\":[{\"@type\":\"ListItem\",\"position\":1,\"name\":\"Anasayfa\",\"item\":\"https:\/\/corludahaber.com\/h\/\"},{\"@type\":\"ListItem\",\"position\":2,\"name\":\"Edirne\",\"item\":\"https:\/\/corludahaber.com\/h\/kategori\/edirne\"},{\"@type\":\"ListItem\",\"position\":3,\"name\":\"Eski Makedonya Cumhurba\u015fkan\u0131 \u0130vanov:\u00a0D\u00fcnyan\u0131n kafas\u0131 bar\u0131\u015ftan \u00e7ok sava\u015fla me\u015fgul\"}]},{\"@type\":\"WebSite\",\"@id\":\"https:\/\/corludahaber.com\/h\/#website\",\"url\":\"https:\/\/corludahaber.com\/h\/\",\"name\":\"\u00c7orlu'da Haber\",\"description\":\"Ger\u00e7ek Tarafs\u0131z Haber\",\"publisher\":{\"@id\":\"https:\/\/corludahaber.com\/h\/#organization\"},\"potentialAction\":[{\"@type\":\"SearchAction\",\"target\":{\"@type\":\"EntryPoint\",\"urlTemplate\":\"https:\/\/corludahaber.com\/h\/?s={search_term_string}\"},\"query-input\":\"required name=search_term_string\"}],\"inLanguage\":\"tr\"},{\"@type\":\"Organization\",\"@id\":\"https:\/\/corludahaber.com\/h\/#organization\",\"name\":\"\u00c7orlu'da Haber\",\"url\":\"https:\/\/corludahaber.com\/h\/\",\"logo\":{\"@type\":\"ImageObject\",\"inLanguage\":\"tr\",\"@id\":\"https:\/\/corludahaber.com\/h\/#\/schema\/logo\/image\/\",\"url\":\"https:\/\/corludahaber.com\/h\/wp-content\/uploads\/2021\/12\/logo__9__1_-removebg-preview.png\",\"contentUrl\":\"https:\/\/corludahaber.com\/h\/wp-content\/uploads\/2021\/12\/logo__9__1_-removebg-preview.png\",\"width\":500,\"height\":157,\"caption\":\"\u00c7orlu'da Haber\"},\"image\":{\"@id\":\"https:\/\/corludahaber.com\/h\/#\/schema\/logo\/image\/\"},\"sameAs\":[\"https:\/\/facebook.com\/habercorluda\",\"https:\/\/x.com\/habercorluda\",\"https:\/\/www.instagram.com\/corludahaber\",\"https:\/\/www.youtube.com\/user\/corludahaber\"]},{\"@type\":\"Person\",\"@id\":\"https:\/\/corludahaber.com\/h\/#\/schema\/person\/b523522be44b062db5d74a62589768cd\",\"name\":\"\u00c7orlu'da Haber\",\"image\":{\"@type\":\"ImageObject\",\"inLanguage\":\"tr\",\"@id\":\"https:\/\/corludahaber.com\/h\/#\/schema\/person\/image\/\",\"url\":\"https:\/\/secure.gravatar.com\/avatar\/1033e54e078c29fd7f053370086ff627ba414b05c2b231c418a481adecd764ce?s=96&d=blank&r=g\",\"contentUrl\":\"https:\/\/secure.gravatar.com\/avatar\/1033e54e078c29fd7f053370086ff627ba414b05c2b231c418a481adecd764ce?s=96&d=blank&r=g\",\"caption\":\"\u00c7orlu'da Haber\"},\"sameAs\":[\"https:\/\/corludahaber.com\/h\"],\"url\":\"https:\/\/corludahaber.com\/h\/author\/admin\"}]}<\/script>\n<!-- \/ Yoast SEO Premium plugin. -->","yoast_head_json":{"title":"Eski Makedonya Cumhurba\u015fkan\u0131 \u0130vanov:\u00a0D\u00fcnyan\u0131n kafas\u0131 bar\u0131\u015ftan \u00e7ok sava\u015fla me\u015fgul | \u00c7orlu&#039;da Haber","description":"Eski Makedonya Cumhurba\u015fkan\u0131 \u0130vanov:\u00a0D\u00fcnyan\u0131n kafas\u0131 bar\u0131\u015ftan \u00e7ok sava\u015fla me\u015fgul | \u00c7orlu&#039;da Haber","robots":{"index":"index","follow":"follow","max-snippet":"max-snippet:-1","max-image-preview":"max-image-preview:large","max-video-preview":"max-video-preview:-1"},"canonical":"https:\/\/corludahaber.com\/h\/eski-makedonya-cumhurbaskani-ivanov-dunyanin-kafasi-baristan-cok-savasla-mesgul\/74094","og_locale":"tr_TR","og_type":"article","og_title":"Eski Makedonya Cumhurba\u015fkan\u0131 \u0130vanov:\u00a0D\u00fcnyan\u0131n kafas\u0131 bar\u0131\u015ftan \u00e7ok sava\u015fla me\u015fgul | \u00c7orlu&#039;da Haber","og_description":"Eski Makedonya Cumhurba\u015fkan\u0131 \u0130vanov:\u00a0D\u00fcnyan\u0131n kafas\u0131 bar\u0131\u015ftan \u00e7ok sava\u015fla me\u015fgul | \u00c7orlu&#039;da Haber","og_url":"https:\/\/corludahaber.com\/h\/eski-makedonya-cumhurbaskani-ivanov-dunyanin-kafasi-baristan-cok-savasla-mesgul\/74094","og_site_name":"\u00c7orlu&#039;da Haber","article_publisher":"https:\/\/facebook.com\/habercorluda","article_published_time":"2023-11-27T19:00:20+00:00","article_modified_time":"2023-11-27T19:00:25+00:00","og_image":[{"width":600,"height":400,"url":"https:\/\/corludahaber.com\/h\/wp-content\/uploads\/2023\/11\/eski-makedonya-cumhurbaskani-ivanov-dunyanin-kafasi-baristan-cok-savasla-mesgul_6564e7468a25d-jpeg.webp","type":"image\/jpeg"}],"author":"\u00c7orlu'da Haber","twitter_card":"summary_large_image","twitter_creator":"@habercorluda","twitter_site":"@habercorluda","twitter_misc":{"Yazan:":"\u00c7orlu'da Haber","Tahmini okuma s\u00fcresi":"4 dakika"},"schema":{"@context":"https:\/\/schema.org","@graph":[{"@type":"Article","@id":"https:\/\/corludahaber.com\/h\/eski-makedonya-cumhurbaskani-ivanov-dunyanin-kafasi-baristan-cok-savasla-mesgul\/74094#article","isPartOf":{"@id":"https:\/\/corludahaber.com\/h\/eski-makedonya-cumhurbaskani-ivanov-dunyanin-kafasi-baristan-cok-savasla-mesgul\/74094"},"author":{"name":"\u00c7orlu'da Haber","@id":"https:\/\/corludahaber.com\/h\/#\/schema\/person\/b523522be44b062db5d74a62589768cd"},"headline":"Eski Makedonya Cumhurba\u015fkan\u0131 \u0130vanov:\u00a0D\u00fcnyan\u0131n kafas\u0131 bar\u0131\u015ftan \u00e7ok sava\u015fla me\u015fgul","datePublished":"2023-11-27T19:00:20+00:00","dateModified":"2023-11-27T19:00:25+00:00","mainEntityOfPage":{"@id":"https:\/\/corludahaber.com\/h\/eski-makedonya-cumhurbaskani-ivanov-dunyanin-kafasi-baristan-cok-savasla-mesgul\/74094"},"wordCount":910,"commentCount":0,"publisher":{"@id":"https:\/\/corludahaber.com\/h\/#organization"},"image":{"@id":"https:\/\/corludahaber.com\/h\/eski-makedonya-cumhurbaskani-ivanov-dunyanin-kafasi-baristan-cok-savasla-mesgul\/74094#primaryimage"},"thumbnailUrl":"https:\/\/corludahaber.com\/h\/wp-content\/uploads\/2023\/11\/eski-makedonya-cumhurbaskani-ivanov-dunyanin-kafasi-baristan-cok-savasla-mesgul_6564e7468a25d-jpeg.webp","keywords":["bar\u0131\u015ftan","Cumhurba\u015fkan\u0131","D\u00fcnyan\u0131n","Eski Makedonya Cumhurba\u015fkan\u0131 \u0130vanov D\u00fcnyan\u0131n kafas\u0131 bar\u0131\u015ftan \u00e7ok sava\u015fla me\u015fgul","\u0130vanov","kafas\u0131","Makedonya","me\u015fgul","sava\u015fla"],"articleSection":["Edirne"],"inLanguage":"tr","potentialAction":[{"@type":"CommentAction","name":"Comment","target":["https:\/\/corludahaber.com\/h\/eski-makedonya-cumhurbaskani-ivanov-dunyanin-kafasi-baristan-cok-savasla-mesgul\/74094#respond"]}]},{"@type":"WebPage","@id":"https:\/\/corludahaber.com\/h\/eski-makedonya-cumhurbaskani-ivanov-dunyanin-kafasi-baristan-cok-savasla-mesgul\/74094","url":"https:\/\/corludahaber.com\/h\/eski-makedonya-cumhurbaskani-ivanov-dunyanin-kafasi-baristan-cok-savasla-mesgul\/74094","name":"Eski Makedonya Cumhurba\u015fkan\u0131 \u0130vanov:\u00a0D\u00fcnyan\u0131n kafas\u0131 bar\u0131\u015ftan \u00e7ok sava\u015fla me\u015fgul | \u00c7orlu&#039;da Haber","isPartOf":{"@id":"https:\/\/corludahaber.com\/h\/#website"},"primaryImageOfPage":{"@id":"https:\/\/corludahaber.com\/h\/eski-makedonya-cumhurbaskani-ivanov-dunyanin-kafasi-baristan-cok-savasla-mesgul\/74094#primaryimage"},"image":{"@id":"https:\/\/corludahaber.com\/h\/eski-makedonya-cumhurbaskani-ivanov-dunyanin-kafasi-baristan-cok-savasla-mesgul\/74094#primaryimage"},"thumbnailUrl":"https:\/\/corludahaber.com\/h\/wp-content\/uploads\/2023\/11\/eski-makedonya-cumhurbaskani-ivanov-dunyanin-kafasi-baristan-cok-savasla-mesgul_6564e7468a25d-jpeg.webp","datePublished":"2023-11-27T19:00:20+00:00","dateModified":"2023-11-27T19:00:25+00:00","description":"Eski Makedonya Cumhurba\u015fkan\u0131 \u0130vanov:\u00a0D\u00fcnyan\u0131n kafas\u0131 bar\u0131\u015ftan \u00e7ok sava\u015fla me\u015fgul | \u00c7orlu&#039;da Haber","breadcrumb":{"@id":"https:\/\/corludahaber.com\/h\/eski-makedonya-cumhurbaskani-ivanov-dunyanin-kafasi-baristan-cok-savasla-mesgul\/74094#breadcrumb"},"inLanguage":"tr","potentialAction":[{"@type":"ReadAction","target":["https:\/\/corludahaber.com\/h\/eski-makedonya-cumhurbaskani-ivanov-dunyanin-kafasi-baristan-cok-savasla-mesgul\/74094"]}]},{"@type":"ImageObject","inLanguage":"tr","@id":"https:\/\/corludahaber.com\/h\/eski-makedonya-cumhurbaskani-ivanov-dunyanin-kafasi-baristan-cok-savasla-mesgul\/74094#primaryimage","url":"https:\/\/corludahaber.com\/h\/wp-content\/uploads\/2023\/11\/eski-makedonya-cumhurbaskani-ivanov-dunyanin-kafasi-baristan-cok-savasla-mesgul_6564e7468a25d-jpeg.webp","contentUrl":"https:\/\/corludahaber.com\/h\/wp-content\/uploads\/2023\/11\/eski-makedonya-cumhurbaskani-ivanov-dunyanin-kafasi-baristan-cok-savasla-mesgul_6564e7468a25d-jpeg.webp","width":600,"height":400},{"@type":"BreadcrumbList","@id":"https:\/\/corludahaber.com\/h\/eski-makedonya-cumhurbaskani-ivanov-dunyanin-kafasi-baristan-cok-savasla-mesgul\/74094#breadcrumb","itemListElement":[{"@type":"ListItem","position":1,"name":"Anasayfa","item":"https:\/\/corludahaber.com\/h\/"},{"@type":"ListItem","position":2,"name":"Edirne","item":"https:\/\/corludahaber.com\/h\/kategori\/edirne"},{"@type":"ListItem","position":3,"name":"Eski Makedonya Cumhurba\u015fkan\u0131 \u0130vanov:\u00a0D\u00fcnyan\u0131n kafas\u0131 bar\u0131\u015ftan \u00e7ok sava\u015fla me\u015fgul"}]},{"@type":"WebSite","@id":"https:\/\/corludahaber.com\/h\/#website","url":"https:\/\/corludahaber.com\/h\/","name":"\u00c7orlu'da Haber","description":"Ger\u00e7ek Tarafs\u0131z Haber","publisher":{"@id":"https:\/\/corludahaber.com\/h\/#organization"},"potentialAction":[{"@type":"SearchAction","target":{"@type":"EntryPoint","urlTemplate":"https:\/\/corludahaber.com\/h\/?s={search_term_string}"},"query-input":"required name=search_term_string"}],"inLanguage":"tr"},{"@type":"Organization","@id":"https:\/\/corludahaber.com\/h\/#organization","name":"\u00c7orlu'da Haber","url":"https:\/\/corludahaber.com\/h\/","logo":{"@type":"ImageObject","inLanguage":"tr","@id":"https:\/\/corludahaber.com\/h\/#\/schema\/logo\/image\/","url":"https:\/\/corludahaber.com\/h\/wp-content\/uploads\/2021\/12\/logo__9__1_-removebg-preview.png","contentUrl":"https:\/\/corludahaber.com\/h\/wp-content\/uploads\/2021\/12\/logo__9__1_-removebg-preview.png","width":500,"height":157,"caption":"\u00c7orlu'da Haber"},"image":{"@id":"https:\/\/corludahaber.com\/h\/#\/schema\/logo\/image\/"},"sameAs":["https:\/\/facebook.com\/habercorluda","https:\/\/x.com\/habercorluda","https:\/\/www.instagram.com\/corludahaber","https:\/\/www.youtube.com\/user\/corludahaber"]},{"@type":"Person","@id":"https:\/\/corludahaber.com\/h\/#\/schema\/person\/b523522be44b062db5d74a62589768cd","name":"\u00c7orlu'da Haber","image":{"@type":"ImageObject","inLanguage":"tr","@id":"https:\/\/corludahaber.com\/h\/#\/schema\/person\/image\/","url":"https:\/\/secure.gravatar.com\/avatar\/1033e54e078c29fd7f053370086ff627ba414b05c2b231c418a481adecd764ce?s=96&d=blank&r=g","contentUrl":"https:\/\/secure.gravatar.com\/avatar\/1033e54e078c29fd7f053370086ff627ba414b05c2b231c418a481adecd764ce?s=96&d=blank&r=g","caption":"\u00c7orlu'da Haber"},"sameAs":["https:\/\/corludahaber.com\/h"],"url":"https:\/\/corludahaber.com\/h\/author\/admin"}]}},"_links":{"self":[{"href":"https:\/\/corludahaber.com\/h\/wp-json\/wp\/v2\/posts\/74094","targetHints":{"allow":["GET"]}}],"collection":[{"href":"https:\/\/corludahaber.com\/h\/wp-json\/wp\/v2\/posts"}],"about":[{"href":"https:\/\/corludahaber.com\/h\/wp-json\/wp\/v2\/types\/post"}],"author":[{"embeddable":true,"href":"https:\/\/corludahaber.com\/h\/wp-json\/wp\/v2\/users\/151"}],"replies":[{"embeddable":true,"href":"https:\/\/corludahaber.com\/h\/wp-json\/wp\/v2\/comments?post=74094"}],"version-history":[{"count":0,"href":"https:\/\/corludahaber.com\/h\/wp-json\/wp\/v2\/posts\/74094\/revisions"}],"wp:featuredmedia":[{"embeddable":true,"href":"https:\/\/corludahaber.com\/h\/wp-json\/wp\/v2\/media\/74095"}],"wp:attachment":[{"href":"https:\/\/corludahaber.com\/h\/wp-json\/wp\/v2\/media?parent=74094"}],"wp:term":[{"taxonomy":"category","embeddable":true,"href":"https:\/\/corludahaber.com\/h\/wp-json\/wp\/v2\/categories?post=74094"},{"taxonomy":"post_tag","embeddable":true,"href":"https:\/\/corludahaber.com\/h\/wp-json\/wp\/v2\/tags?post=74094"}],"curies":[{"name":"wp","href":"https:\/\/api.w.org\/{rel}","templated":true}]}}