{"id":73760,"date":"2023-11-24T09:48:00","date_gmt":"2023-11-24T06:48:00","guid":{"rendered":"https:\/\/corludahaber.com\/h\/is-dunyasi-surdurulebilir-uretim-icin-istanbuldaki-zirvede-bulusacak-ekonomi\/73760"},"modified":"2023-11-25T02:31:42","modified_gmt":"2023-11-24T23:31:42","slug":"is-dunyasi-surdurulebilir-uretim-icin-istanbuldaki-zirvede-bulusacak-ekonomi","status":"publish","type":"post","link":"https:\/\/corludahaber.com\/h\/is-dunyasi-surdurulebilir-uretim-icin-istanbuldaki-zirvede-bulusacak-ekonomi\/73760","title":{"rendered":"\u0130\u015f d\u00fcnyas\u0131, s\u00fcrd\u00fcr\u00fclebilir \u00fcretim i\u00e7in \u0130stanbul\u2019daki zirvede bulu\u015facak | Ekonomi"},"content":{"rendered":"<div class=\"corlu-icerikten-once_3\" id=\"corlu-130815896\"><script type='text\/javascript' src='https:\/\/platform-api.sharethis.com\/js\/sharethis.js#property=5ce8cf08af7d000012cb0ca1&product=inline-reaction-buttons' async='async'><\/script>\r\n\r\n<\/div><div readability=\"77.738352590384\"><span class=\"category-name hidden\"><\/span><\/p><div class=\"corlu-icerik-2\" id=\"corlu-3353535159\"><!-- Admatic AUTO ads START -->\r\n<ins data-publisher=\"adm-pub-155556240050\" data-ad-network=\"659428a24d11b285b616c18d\"   class=\"adm-ads-area\"><\/ins>\r\n<script type=\"text\/javascript\" src=\"https:\/\/static.cdn.admatic.com.tr\/showad\/showad.min.js\"><\/script>\r\n<!-- Admatic AUTO ads END --><\/div>\n<p>Bu y\u0131l 20-23 Aral\u0131k\u2019ta \u0130stanbul <a class=\"inline-keyword from-service\" href=\"https:\/\/www.dha.com.tr\/haberleri\/fuar\" target=\"_blank\" rel=\"noopener\">Fuar<\/a> Merkezi\u2019nde ger\u00e7ekle\u015ftirilecek ST End\u00fcstri Zirveleri ise robotik ve s\u00fcre\u00e7 y\u00f6netimini kapsayan uygulamalardan depolama ve enerji maliyetini d\u00fc\u015f\u00fcren \u00e7\u00f6z\u00fcmlere kadar \u00fcretimin i\u00e7indeki t\u00fcm bile\u015fenleri bir araya getirecek. Zirvede 250 \u015firket ve 300\u2019den fazla konu\u015fmac\u0131n\u0131n sahne alaca\u011f\u0131 7 farkl\u0131 panelde \u015firketlerin kendi enerjisini \u00fcretirken alabilecekleri te\u015fvikler, ye\u015fil enerji \u00fcretimi, depreme dayan\u0131kl\u0131 binalar, s\u00fcrd\u00fcr\u00fclebilirlik gibi bir\u00e7ok konu konu\u015fulacak.<\/p>\n<p>Verimli ve s\u00fcrd\u00fcr\u00fclebilir \u00fcretim teknolojilerini 8 y\u0131ld\u0131r ziyaret\u00e7ilerine sunan ST End\u00fcstri Zirveleri\u2019nde Robot Yat\u0131r\u0131mlar\u0131, End\u00fcstri 4.0 uygulamalar\u0131, Enerjisini \u00dcreten Fabrikalar, Proses, Depolama \u00c7\u00f6z\u00fcmleri ve End\u00fcstride Binalarda Kazan ve Bas\u0131n\u00e7l\u0131 Kap, Depreme Dayan\u0131kl\u0131 Binalar olmak \u00fczere 7 farkl\u0131 <a class=\"inline-keyword from-service\" href=\"https:\/\/www.dha.com.tr\/haberleri\/zirve\" target=\"_blank\" rel=\"noopener\">zirve<\/a> d\u00fczenlenecek. \u00dcretimde verimlili\u011fini art\u0131rarak maliyetleri d\u00fc\u015f\u00fcren \u00e7\u00f6z\u00fcmlere yat\u0131r\u0131m yapan \u015firketler deneyimlerini anlatacak, stantlarda farkl\u0131 sekt\u00f6rlerden uygulama \u00f6rnekleri payla\u015f\u0131lacak.<\/p>\n<p><strong>SERG\u0130 ALANINDA, \u00c7ALI\u015eIR HALDEK\u0130 ROBOTLAR YER ALACAK<\/strong><\/p>\n<p>Robotlarla insanlar\u0131n i\u015f birlikleri, dijital d\u00f6n\u00fc\u015f\u00fcm uygulamalar\u0131n\u0131n kazan\u00e7lar\u0131, ak\u0131ll\u0131 depolar gibi konular\u0131n konu\u015fulaca\u011f\u0131 Robot Yat\u0131r\u0131mlar\u0131, End\u00fcstri 4.0 Uygulamalar\u0131 ve Depolama \u00c7\u00f6z\u00fcmleri Zirvesi\u2019nde d\u00fcnyada ve T\u00fcrkiye&#8217;de yap\u0131lan yat\u0131r\u0131mlar ele al\u0131nacak. \u0130nsanlarla bir arada \u00e7al\u0131\u015fabilen ve insanlar i\u00e7in \u00e7al\u0131\u015fma ko\u015fullar\u0131n\u0131n zor oldu\u011fu alanlarda de\u011ferlendirilen \u00e7e\u015fitli robotlar, Robot Yat\u0131r\u0131mlar\u0131 Sergisi\u2019nde ziyaret\u00e7ilerin be\u011fenisine \u00e7al\u0131\u015f\u0131r halde sunulacak.<\/p>\n<p>Fabrika ve i\u015fletmelerin enerji maliyetlerini ve fatura masraflar\u0131n\u0131 d\u00fc\u015f\u00fcrecek \u00e7\u00f6z\u00fcmlerin sunulaca\u011f\u0131 Enerjisini \u00dcreten Fabrikalar Zirvesi\u2019nde ise \u015firketlerin tasarruf i\u00e7in kendi enerjilerini \u00fcretebilecekleri alternatifler konu\u015fulacak. Ayr\u0131ca, bu \u00fcretimler s\u0131ras\u0131nda alabilecekleri te\u015fvikler ve \u00fcretimin verimli t\u00fcketimi konular\u0131na yer verilecek.<\/p>\n<p><strong>\u00dcCRETS\u0130Z \u015eEK\u0130LDE Z\u0130YARET ED\u0130LEB\u0130LECEK<\/strong><\/p>\n<p>Proses sekt\u00f6r\u00fcn\u00fcn son yeniliklerine ve fabrikalardaki s\u00fcre\u00e7 y\u00f6netimlerine de\u011finilecek olan Proses Zirvesi\u2019nde proses otomasyonu, y\u00f6netimi, emniyeti ve bak\u0131m\u0131 konular\u0131nda yat\u0131r\u0131m yapan \u015firketler, deneyimlerini anlatacak. Yanma ve yak\u0131c\u0131lar\u0131n en y\u00fcksek verimde de\u011ferlendirilmesine y\u00f6nelik geli\u015fmeleri ve sistemleri kullanan tesislerin tecr\u00fcbelerini payla\u015faca\u011f\u0131 End\u00fcstride ve Binalarda Kazan ve Bas\u0131n\u00e7l\u0131 Kap Zirvesi\u2019nin de ger\u00e7ekle\u015ftirilece\u011fi etkinlikler, \u00e7evrimi\u00e7i kay\u0131t yap\u0131lmas\u0131n\u0131n ard\u0131ndan \u00fccretsiz \u015fekilde 10.00 \u2013 18.00 saatleri aras\u0131nda ziyaret edilebilecek.<\/p>\n<\/div>\n<div class=\"corlu-icerikten-sonra_3\" id=\"corlu-3676117630\"><p><img loading=\"lazy\" decoding=\"async\" class=\"aligncenter\" src=\"https:\/\/www.corludahaber.com\/bahcesehir.jpg\" alt=\"\" width=\"624\" height=\"196\" \/><\/p>\n<table style=\"text-align: left; width: 100%;\" border=\"1\" cellspacing=\"2\" cellpadding=\"2\">\n<tbody>\n<tr>\n<td style=\"background-color: #050805;\"><span style=\"font-size: 12pt;\"><small><small><em><strong><big><span style=\"color: #ff0000;\">Haber ve resimlerin telif haklar\u0131ndan dolay\u0131 kullan\u0131m\u0131 yasakt\u0131r<span style=\"color: #000000;\">.<\/span><\/span><span style=\"color: #000000;\">\u00a0<\/span><span style=\"color: #ffffff;\">Yaz\u0131l\u0131 izni al\u0131nmadan hi\u00e7bir yaz\u0131l\u0131, g\u00f6rsel, i\u015fitsel i\u00e7erik kopyalanamaz, de\u011fi\u015ftirilemez, yay\u0131nlanamaz veya sat\u0131lamaz. Aksi halde<\/span>\u00a0<span style=\"color: #ff0000;\">5846<span style=\"color: #ffffff;\">\u00a0<\/span><\/span><span style=\"color: #ffffff;\">say\u0131l\u0131 Fikir ve Sanat Eserleri Kanunu\u2019na ve<\/span>\u00a0<span style=\"color: #800000;\"><span style=\"color: #ff0000;\">6102<\/span><span style=\"color: #ffffff;\">\u00a0<\/span><\/span><span style=\"color: #ffffff;\">say\u0131l\u0131 maddesine g\u00f6re<\/span>\u00a0<span style=\"color: #ff0000;\">gerekli i\u015flemler uygulanacakt\u0131r.<\/span><br \/>\n<span style=\"color: #ffffff;\">\u00a9 Copyright 2014<\/span><\/big><\/strong><\/em><\/small><\/small><\/span><\/td>\n<\/tr>\n<\/tbody>\n<\/table>\n<p><small><small>\u00a0<\/small><\/small><\/p>\n<\/div>","protected":false},"excerpt":{"rendered":"<p>Bu y\u0131l 20-23 Aral\u0131k\u2019ta \u0130stanbul Fuar Merkezi\u2019nde ger\u00e7ekle\u015ftirilecek ST End\u00fcstri Zirveleri ise robotik ve s\u00fcre\u00e7 y\u00f6netimini kapsayan uygulamalardan depolama ve enerji maliyetini d\u00fc\u015f\u00fcren \u00e7\u00f6z\u00fcmlere kadar \u00fcretimin i\u00e7indeki t\u00fcm bile\u015fenleri bir araya getirecek. Zirvede 250 \u015firket ve 300\u2019den fazla konu\u015fmac\u0131n\u0131n sahne alaca\u011f\u0131 7 farkl\u0131 panelde \u015firketlerin kendi enerjisini \u00fcretirken alabilecekleri te\u015fvikler, ye\u015fil enerji \u00fcretimi, depreme dayan\u0131kl\u0131 &hellip;<\/p>\n","protected":false},"author":151,"featured_media":73761,"comment_status":"open","ping_status":"closed","sticky":false,"template":"","format":"standard","meta":{"footnotes":""},"categories":[6641],"tags":[10267,10266,6751,594,10265,909,9641,2148,8660],"class_list":["post-73760","post","type-post","status-publish","format-standard","has-post-thumbnail","hentry","category-ekonomi","tag-bulusacak","tag-dunyasi","tag-ekonomi","tag-icin","tag-is-dunyasi-surdurulebilir-uretim-icin-istanbul-daki-zirvede-bulusacak-ekonomi","tag-istanbul","tag-surdurulebilir","tag-uretim","tag-zirvede"],"yoast_head":"<!-- This site is optimized with the Yoast SEO Premium plugin v23.3 (Yoast SEO v23.3) - https:\/\/yoast.com\/wordpress\/plugins\/seo\/ -->\n<title>\u0130\u015f d\u00fcnyas\u0131, s\u00fcrd\u00fcr\u00fclebilir \u00fcretim i\u00e7in \u0130stanbul\u2019daki zirvede bulu\u015facak | Ekonomi | \u00c7orlu&#039;da Haber<\/title>\n<meta name=\"description\" content=\"\u0130\u015f d\u00fcnyas\u0131, s\u00fcrd\u00fcr\u00fclebilir \u00fcretim i\u00e7in \u0130stanbul\u2019daki zirvede bulu\u015facak | Ekonomi | \u00c7orlu&#039;da Haber\" \/>\n<meta name=\"robots\" content=\"index, follow, max-snippet:-1, max-image-preview:large, max-video-preview:-1\" \/>\n<link rel=\"canonical\" href=\"https:\/\/corludahaber.com\/h\/is-dunyasi-surdurulebilir-uretim-icin-istanbuldaki-zirvede-bulusacak-ekonomi\/73760\" \/>\n<meta property=\"og:locale\" content=\"tr_TR\" \/>\n<meta property=\"og:type\" content=\"article\" \/>\n<meta property=\"og:title\" content=\"\u0130\u015f d\u00fcnyas\u0131, s\u00fcrd\u00fcr\u00fclebilir \u00fcretim i\u00e7in \u0130stanbul\u2019daki zirvede bulu\u015facak | Ekonomi | \u00c7orlu&#039;da Haber\" \/>\n<meta property=\"og:description\" content=\"\u0130\u015f d\u00fcnyas\u0131, s\u00fcrd\u00fcr\u00fclebilir \u00fcretim i\u00e7in \u0130stanbul\u2019daki zirvede bulu\u015facak | Ekonomi | \u00c7orlu&#039;da Haber\" \/>\n<meta property=\"og:url\" content=\"https:\/\/corludahaber.com\/h\/is-dunyasi-surdurulebilir-uretim-icin-istanbuldaki-zirvede-bulusacak-ekonomi\/73760\" \/>\n<meta property=\"og:site_name\" content=\"\u00c7orlu&#039;da Haber\" \/>\n<meta property=\"article:publisher\" content=\"https:\/\/facebook.com\/habercorluda\" \/>\n<meta property=\"article:published_time\" content=\"2023-11-24T06:48:00+00:00\" \/>\n<meta property=\"article:modified_time\" content=\"2023-11-24T23:31:42+00:00\" \/>\n<meta property=\"og:image\" content=\"https:\/\/corludahaber.com\/h\/wp-content\/uploads\/2023\/11\/is-dunyasi-surdurulebilir-uretim-icin-istanbuldaki-zirvede-bulusacak-ekonomi_6561325c9d341-jpeg.webp\" \/>\n\t<meta property=\"og:image:width\" content=\"1200\" \/>\n\t<meta property=\"og:image:height\" content=\"800\" \/>\n\t<meta property=\"og:image:type\" content=\"image\/jpeg\" \/>\n<meta name=\"author\" content=\"\u00c7orlu&#039;da Haber\" \/>\n<meta name=\"twitter:card\" content=\"summary_large_image\" \/>\n<meta name=\"twitter:creator\" content=\"@habercorluda\" \/>\n<meta name=\"twitter:site\" content=\"@habercorluda\" \/>\n<meta name=\"twitter:label1\" content=\"Yazan:\" \/>\n\t<meta name=\"twitter:data1\" content=\"\u00c7orlu&#039;da Haber\" \/>\n\t<meta name=\"twitter:label2\" content=\"Tahmini okuma s\u00fcresi\" \/>\n\t<meta name=\"twitter:data2\" content=\"2 dakika\" \/>\n<script type=\"application\/ld+json\" class=\"yoast-schema-graph\">{\"@context\":\"https:\/\/schema.org\",\"@graph\":[{\"@type\":\"Article\",\"@id\":\"https:\/\/corludahaber.com\/h\/is-dunyasi-surdurulebilir-uretim-icin-istanbuldaki-zirvede-bulusacak-ekonomi\/73760#article\",\"isPartOf\":{\"@id\":\"https:\/\/corludahaber.com\/h\/is-dunyasi-surdurulebilir-uretim-icin-istanbuldaki-zirvede-bulusacak-ekonomi\/73760\"},\"author\":{\"name\":\"\u00c7orlu'da Haber\",\"@id\":\"https:\/\/corludahaber.com\/h\/#\/schema\/person\/b523522be44b062db5d74a62589768cd\"},\"headline\":\"\u0130\u015f d\u00fcnyas\u0131, s\u00fcrd\u00fcr\u00fclebilir \u00fcretim i\u00e7in \u0130stanbul\u2019daki zirvede bulu\u015facak | Ekonomi\",\"datePublished\":\"2023-11-24T06:48:00+00:00\",\"dateModified\":\"2023-11-24T23:31:42+00:00\",\"mainEntityOfPage\":{\"@id\":\"https:\/\/corludahaber.com\/h\/is-dunyasi-surdurulebilir-uretim-icin-istanbuldaki-zirvede-bulusacak-ekonomi\/73760\"},\"wordCount\":426,\"commentCount\":0,\"publisher\":{\"@id\":\"https:\/\/corludahaber.com\/h\/#organization\"},\"image\":{\"@id\":\"https:\/\/corludahaber.com\/h\/is-dunyasi-surdurulebilir-uretim-icin-istanbuldaki-zirvede-bulusacak-ekonomi\/73760#primaryimage\"},\"thumbnailUrl\":\"https:\/\/corludahaber.com\/h\/wp-content\/uploads\/2023\/11\/is-dunyasi-surdurulebilir-uretim-icin-istanbuldaki-zirvede-bulusacak-ekonomi_6561325c9d341-jpeg.webp\",\"keywords\":[\"bulu\u015facak\",\"d\u00fcnyas\u0131\",\"ekonomi\",\"i\u00e7in\",\"\u0130\u015f d\u00fcnyas\u0131 s\u00fcrd\u00fcr\u00fclebilir \u00fcretim i\u00e7in \u0130stanbul daki zirvede bulu\u015facak Ekonomi\",\"\u0130stanbul\",\"S\u00fcrd\u00fcr\u00fclebilir\",\"\u00dcretim\",\"zirvede\"],\"articleSection\":[\"Ekonomi\"],\"inLanguage\":\"tr\",\"potentialAction\":[{\"@type\":\"CommentAction\",\"name\":\"Comment\",\"target\":[\"https:\/\/corludahaber.com\/h\/is-dunyasi-surdurulebilir-uretim-icin-istanbuldaki-zirvede-bulusacak-ekonomi\/73760#respond\"]}]},{\"@type\":\"WebPage\",\"@id\":\"https:\/\/corludahaber.com\/h\/is-dunyasi-surdurulebilir-uretim-icin-istanbuldaki-zirvede-bulusacak-ekonomi\/73760\",\"url\":\"https:\/\/corludahaber.com\/h\/is-dunyasi-surdurulebilir-uretim-icin-istanbuldaki-zirvede-bulusacak-ekonomi\/73760\",\"name\":\"\u0130\u015f d\u00fcnyas\u0131, s\u00fcrd\u00fcr\u00fclebilir \u00fcretim i\u00e7in \u0130stanbul\u2019daki zirvede bulu\u015facak | Ekonomi | \u00c7orlu&#039;da Haber\",\"isPartOf\":{\"@id\":\"https:\/\/corludahaber.com\/h\/#website\"},\"primaryImageOfPage\":{\"@id\":\"https:\/\/corludahaber.com\/h\/is-dunyasi-surdurulebilir-uretim-icin-istanbuldaki-zirvede-bulusacak-ekonomi\/73760#primaryimage\"},\"image\":{\"@id\":\"https:\/\/corludahaber.com\/h\/is-dunyasi-surdurulebilir-uretim-icin-istanbuldaki-zirvede-bulusacak-ekonomi\/73760#primaryimage\"},\"thumbnailUrl\":\"https:\/\/corludahaber.com\/h\/wp-content\/uploads\/2023\/11\/is-dunyasi-surdurulebilir-uretim-icin-istanbuldaki-zirvede-bulusacak-ekonomi_6561325c9d341-jpeg.webp\",\"datePublished\":\"2023-11-24T06:48:00+00:00\",\"dateModified\":\"2023-11-24T23:31:42+00:00\",\"description\":\"\u0130\u015f d\u00fcnyas\u0131, s\u00fcrd\u00fcr\u00fclebilir \u00fcretim i\u00e7in \u0130stanbul\u2019daki zirvede bulu\u015facak | Ekonomi | \u00c7orlu&#039;da Haber\",\"breadcrumb\":{\"@id\":\"https:\/\/corludahaber.com\/h\/is-dunyasi-surdurulebilir-uretim-icin-istanbuldaki-zirvede-bulusacak-ekonomi\/73760#breadcrumb\"},\"inLanguage\":\"tr\",\"potentialAction\":[{\"@type\":\"ReadAction\",\"target\":[\"https:\/\/corludahaber.com\/h\/is-dunyasi-surdurulebilir-uretim-icin-istanbuldaki-zirvede-bulusacak-ekonomi\/73760\"]}]},{\"@type\":\"ImageObject\",\"inLanguage\":\"tr\",\"@id\":\"https:\/\/corludahaber.com\/h\/is-dunyasi-surdurulebilir-uretim-icin-istanbuldaki-zirvede-bulusacak-ekonomi\/73760#primaryimage\",\"url\":\"https:\/\/corludahaber.com\/h\/wp-content\/uploads\/2023\/11\/is-dunyasi-surdurulebilir-uretim-icin-istanbuldaki-zirvede-bulusacak-ekonomi_6561325c9d341-jpeg.webp\",\"contentUrl\":\"https:\/\/corludahaber.com\/h\/wp-content\/uploads\/2023\/11\/is-dunyasi-surdurulebilir-uretim-icin-istanbuldaki-zirvede-bulusacak-ekonomi_6561325c9d341-jpeg.webp\",\"width\":1200,\"height\":800},{\"@type\":\"BreadcrumbList\",\"@id\":\"https:\/\/corludahaber.com\/h\/is-dunyasi-surdurulebilir-uretim-icin-istanbuldaki-zirvede-bulusacak-ekonomi\/73760#breadcrumb\",\"itemListElement\":[{\"@type\":\"ListItem\",\"position\":1,\"name\":\"Anasayfa\",\"item\":\"https:\/\/corludahaber.com\/h\/\"},{\"@type\":\"ListItem\",\"position\":2,\"name\":\"Ekonomi\",\"item\":\"https:\/\/corludahaber.com\/h\/kategori\/ekonomi\"},{\"@type\":\"ListItem\",\"position\":3,\"name\":\"\u0130\u015f d\u00fcnyas\u0131, s\u00fcrd\u00fcr\u00fclebilir \u00fcretim i\u00e7in \u0130stanbul\u2019daki zirvede bulu\u015facak | Ekonomi\"}]},{\"@type\":\"WebSite\",\"@id\":\"https:\/\/corludahaber.com\/h\/#website\",\"url\":\"https:\/\/corludahaber.com\/h\/\",\"name\":\"\u00c7orlu'da Haber\",\"description\":\"Ger\u00e7ek Tarafs\u0131z Haber\",\"publisher\":{\"@id\":\"https:\/\/corludahaber.com\/h\/#organization\"},\"potentialAction\":[{\"@type\":\"SearchAction\",\"target\":{\"@type\":\"EntryPoint\",\"urlTemplate\":\"https:\/\/corludahaber.com\/h\/?s={search_term_string}\"},\"query-input\":\"required name=search_term_string\"}],\"inLanguage\":\"tr\"},{\"@type\":\"Organization\",\"@id\":\"https:\/\/corludahaber.com\/h\/#organization\",\"name\":\"\u00c7orlu'da Haber\",\"url\":\"https:\/\/corludahaber.com\/h\/\",\"logo\":{\"@type\":\"ImageObject\",\"inLanguage\":\"tr\",\"@id\":\"https:\/\/corludahaber.com\/h\/#\/schema\/logo\/image\/\",\"url\":\"https:\/\/corludahaber.com\/h\/wp-content\/uploads\/2021\/12\/logo__9__1_-removebg-preview.png\",\"contentUrl\":\"https:\/\/corludahaber.com\/h\/wp-content\/uploads\/2021\/12\/logo__9__1_-removebg-preview.png\",\"width\":500,\"height\":157,\"caption\":\"\u00c7orlu'da Haber\"},\"image\":{\"@id\":\"https:\/\/corludahaber.com\/h\/#\/schema\/logo\/image\/\"},\"sameAs\":[\"https:\/\/facebook.com\/habercorluda\",\"https:\/\/x.com\/habercorluda\",\"https:\/\/www.instagram.com\/corludahaber\",\"https:\/\/www.youtube.com\/user\/corludahaber\"]},{\"@type\":\"Person\",\"@id\":\"https:\/\/corludahaber.com\/h\/#\/schema\/person\/b523522be44b062db5d74a62589768cd\",\"name\":\"\u00c7orlu'da Haber\",\"image\":{\"@type\":\"ImageObject\",\"inLanguage\":\"tr\",\"@id\":\"https:\/\/corludahaber.com\/h\/#\/schema\/person\/image\/\",\"url\":\"https:\/\/secure.gravatar.com\/avatar\/1033e54e078c29fd7f053370086ff627ba414b05c2b231c418a481adecd764ce?s=96&d=blank&r=g\",\"contentUrl\":\"https:\/\/secure.gravatar.com\/avatar\/1033e54e078c29fd7f053370086ff627ba414b05c2b231c418a481adecd764ce?s=96&d=blank&r=g\",\"caption\":\"\u00c7orlu'da Haber\"},\"sameAs\":[\"https:\/\/corludahaber.com\/h\"],\"url\":\"https:\/\/corludahaber.com\/h\/author\/admin\"}]}<\/script>\n<!-- \/ Yoast SEO Premium plugin. -->","yoast_head_json":{"title":"\u0130\u015f d\u00fcnyas\u0131, s\u00fcrd\u00fcr\u00fclebilir \u00fcretim i\u00e7in \u0130stanbul\u2019daki zirvede bulu\u015facak | Ekonomi | \u00c7orlu&#039;da Haber","description":"\u0130\u015f d\u00fcnyas\u0131, s\u00fcrd\u00fcr\u00fclebilir \u00fcretim i\u00e7in \u0130stanbul\u2019daki zirvede bulu\u015facak | Ekonomi | \u00c7orlu&#039;da Haber","robots":{"index":"index","follow":"follow","max-snippet":"max-snippet:-1","max-image-preview":"max-image-preview:large","max-video-preview":"max-video-preview:-1"},"canonical":"https:\/\/corludahaber.com\/h\/is-dunyasi-surdurulebilir-uretim-icin-istanbuldaki-zirvede-bulusacak-ekonomi\/73760","og_locale":"tr_TR","og_type":"article","og_title":"\u0130\u015f d\u00fcnyas\u0131, s\u00fcrd\u00fcr\u00fclebilir \u00fcretim i\u00e7in \u0130stanbul\u2019daki zirvede bulu\u015facak | Ekonomi | \u00c7orlu&#039;da Haber","og_description":"\u0130\u015f d\u00fcnyas\u0131, s\u00fcrd\u00fcr\u00fclebilir \u00fcretim i\u00e7in \u0130stanbul\u2019daki zirvede bulu\u015facak | Ekonomi | \u00c7orlu&#039;da Haber","og_url":"https:\/\/corludahaber.com\/h\/is-dunyasi-surdurulebilir-uretim-icin-istanbuldaki-zirvede-bulusacak-ekonomi\/73760","og_site_name":"\u00c7orlu&#039;da Haber","article_publisher":"https:\/\/facebook.com\/habercorluda","article_published_time":"2023-11-24T06:48:00+00:00","article_modified_time":"2023-11-24T23:31:42+00:00","og_image":[{"width":1200,"height":800,"url":"https:\/\/corludahaber.com\/h\/wp-content\/uploads\/2023\/11\/is-dunyasi-surdurulebilir-uretim-icin-istanbuldaki-zirvede-bulusacak-ekonomi_6561325c9d341-jpeg.webp","type":"image\/jpeg"}],"author":"\u00c7orlu'da Haber","twitter_card":"summary_large_image","twitter_creator":"@habercorluda","twitter_site":"@habercorluda","twitter_misc":{"Yazan:":"\u00c7orlu'da Haber","Tahmini okuma s\u00fcresi":"2 dakika"},"schema":{"@context":"https:\/\/schema.org","@graph":[{"@type":"Article","@id":"https:\/\/corludahaber.com\/h\/is-dunyasi-surdurulebilir-uretim-icin-istanbuldaki-zirvede-bulusacak-ekonomi\/73760#article","isPartOf":{"@id":"https:\/\/corludahaber.com\/h\/is-dunyasi-surdurulebilir-uretim-icin-istanbuldaki-zirvede-bulusacak-ekonomi\/73760"},"author":{"name":"\u00c7orlu'da Haber","@id":"https:\/\/corludahaber.com\/h\/#\/schema\/person\/b523522be44b062db5d74a62589768cd"},"headline":"\u0130\u015f d\u00fcnyas\u0131, s\u00fcrd\u00fcr\u00fclebilir \u00fcretim i\u00e7in \u0130stanbul\u2019daki zirvede bulu\u015facak | Ekonomi","datePublished":"2023-11-24T06:48:00+00:00","dateModified":"2023-11-24T23:31:42+00:00","mainEntityOfPage":{"@id":"https:\/\/corludahaber.com\/h\/is-dunyasi-surdurulebilir-uretim-icin-istanbuldaki-zirvede-bulusacak-ekonomi\/73760"},"wordCount":426,"commentCount":0,"publisher":{"@id":"https:\/\/corludahaber.com\/h\/#organization"},"image":{"@id":"https:\/\/corludahaber.com\/h\/is-dunyasi-surdurulebilir-uretim-icin-istanbuldaki-zirvede-bulusacak-ekonomi\/73760#primaryimage"},"thumbnailUrl":"https:\/\/corludahaber.com\/h\/wp-content\/uploads\/2023\/11\/is-dunyasi-surdurulebilir-uretim-icin-istanbuldaki-zirvede-bulusacak-ekonomi_6561325c9d341-jpeg.webp","keywords":["bulu\u015facak","d\u00fcnyas\u0131","ekonomi","i\u00e7in","\u0130\u015f d\u00fcnyas\u0131 s\u00fcrd\u00fcr\u00fclebilir \u00fcretim i\u00e7in \u0130stanbul daki zirvede bulu\u015facak Ekonomi","\u0130stanbul","S\u00fcrd\u00fcr\u00fclebilir","\u00dcretim","zirvede"],"articleSection":["Ekonomi"],"inLanguage":"tr","potentialAction":[{"@type":"CommentAction","name":"Comment","target":["https:\/\/corludahaber.com\/h\/is-dunyasi-surdurulebilir-uretim-icin-istanbuldaki-zirvede-bulusacak-ekonomi\/73760#respond"]}]},{"@type":"WebPage","@id":"https:\/\/corludahaber.com\/h\/is-dunyasi-surdurulebilir-uretim-icin-istanbuldaki-zirvede-bulusacak-ekonomi\/73760","url":"https:\/\/corludahaber.com\/h\/is-dunyasi-surdurulebilir-uretim-icin-istanbuldaki-zirvede-bulusacak-ekonomi\/73760","name":"\u0130\u015f d\u00fcnyas\u0131, s\u00fcrd\u00fcr\u00fclebilir \u00fcretim i\u00e7in \u0130stanbul\u2019daki zirvede bulu\u015facak | Ekonomi | \u00c7orlu&#039;da Haber","isPartOf":{"@id":"https:\/\/corludahaber.com\/h\/#website"},"primaryImageOfPage":{"@id":"https:\/\/corludahaber.com\/h\/is-dunyasi-surdurulebilir-uretim-icin-istanbuldaki-zirvede-bulusacak-ekonomi\/73760#primaryimage"},"image":{"@id":"https:\/\/corludahaber.com\/h\/is-dunyasi-surdurulebilir-uretim-icin-istanbuldaki-zirvede-bulusacak-ekonomi\/73760#primaryimage"},"thumbnailUrl":"https:\/\/corludahaber.com\/h\/wp-content\/uploads\/2023\/11\/is-dunyasi-surdurulebilir-uretim-icin-istanbuldaki-zirvede-bulusacak-ekonomi_6561325c9d341-jpeg.webp","datePublished":"2023-11-24T06:48:00+00:00","dateModified":"2023-11-24T23:31:42+00:00","description":"\u0130\u015f d\u00fcnyas\u0131, s\u00fcrd\u00fcr\u00fclebilir \u00fcretim i\u00e7in \u0130stanbul\u2019daki zirvede bulu\u015facak | Ekonomi | \u00c7orlu&#039;da Haber","breadcrumb":{"@id":"https:\/\/corludahaber.com\/h\/is-dunyasi-surdurulebilir-uretim-icin-istanbuldaki-zirvede-bulusacak-ekonomi\/73760#breadcrumb"},"inLanguage":"tr","potentialAction":[{"@type":"ReadAction","target":["https:\/\/corludahaber.com\/h\/is-dunyasi-surdurulebilir-uretim-icin-istanbuldaki-zirvede-bulusacak-ekonomi\/73760"]}]},{"@type":"ImageObject","inLanguage":"tr","@id":"https:\/\/corludahaber.com\/h\/is-dunyasi-surdurulebilir-uretim-icin-istanbuldaki-zirvede-bulusacak-ekonomi\/73760#primaryimage","url":"https:\/\/corludahaber.com\/h\/wp-content\/uploads\/2023\/11\/is-dunyasi-surdurulebilir-uretim-icin-istanbuldaki-zirvede-bulusacak-ekonomi_6561325c9d341-jpeg.webp","contentUrl":"https:\/\/corludahaber.com\/h\/wp-content\/uploads\/2023\/11\/is-dunyasi-surdurulebilir-uretim-icin-istanbuldaki-zirvede-bulusacak-ekonomi_6561325c9d341-jpeg.webp","width":1200,"height":800},{"@type":"BreadcrumbList","@id":"https:\/\/corludahaber.com\/h\/is-dunyasi-surdurulebilir-uretim-icin-istanbuldaki-zirvede-bulusacak-ekonomi\/73760#breadcrumb","itemListElement":[{"@type":"ListItem","position":1,"name":"Anasayfa","item":"https:\/\/corludahaber.com\/h\/"},{"@type":"ListItem","position":2,"name":"Ekonomi","item":"https:\/\/corludahaber.com\/h\/kategori\/ekonomi"},{"@type":"ListItem","position":3,"name":"\u0130\u015f d\u00fcnyas\u0131, s\u00fcrd\u00fcr\u00fclebilir \u00fcretim i\u00e7in \u0130stanbul\u2019daki zirvede bulu\u015facak | Ekonomi"}]},{"@type":"WebSite","@id":"https:\/\/corludahaber.com\/h\/#website","url":"https:\/\/corludahaber.com\/h\/","name":"\u00c7orlu'da Haber","description":"Ger\u00e7ek Tarafs\u0131z Haber","publisher":{"@id":"https:\/\/corludahaber.com\/h\/#organization"},"potentialAction":[{"@type":"SearchAction","target":{"@type":"EntryPoint","urlTemplate":"https:\/\/corludahaber.com\/h\/?s={search_term_string}"},"query-input":"required name=search_term_string"}],"inLanguage":"tr"},{"@type":"Organization","@id":"https:\/\/corludahaber.com\/h\/#organization","name":"\u00c7orlu'da Haber","url":"https:\/\/corludahaber.com\/h\/","logo":{"@type":"ImageObject","inLanguage":"tr","@id":"https:\/\/corludahaber.com\/h\/#\/schema\/logo\/image\/","url":"https:\/\/corludahaber.com\/h\/wp-content\/uploads\/2021\/12\/logo__9__1_-removebg-preview.png","contentUrl":"https:\/\/corludahaber.com\/h\/wp-content\/uploads\/2021\/12\/logo__9__1_-removebg-preview.png","width":500,"height":157,"caption":"\u00c7orlu'da Haber"},"image":{"@id":"https:\/\/corludahaber.com\/h\/#\/schema\/logo\/image\/"},"sameAs":["https:\/\/facebook.com\/habercorluda","https:\/\/x.com\/habercorluda","https:\/\/www.instagram.com\/corludahaber","https:\/\/www.youtube.com\/user\/corludahaber"]},{"@type":"Person","@id":"https:\/\/corludahaber.com\/h\/#\/schema\/person\/b523522be44b062db5d74a62589768cd","name":"\u00c7orlu'da Haber","image":{"@type":"ImageObject","inLanguage":"tr","@id":"https:\/\/corludahaber.com\/h\/#\/schema\/person\/image\/","url":"https:\/\/secure.gravatar.com\/avatar\/1033e54e078c29fd7f053370086ff627ba414b05c2b231c418a481adecd764ce?s=96&d=blank&r=g","contentUrl":"https:\/\/secure.gravatar.com\/avatar\/1033e54e078c29fd7f053370086ff627ba414b05c2b231c418a481adecd764ce?s=96&d=blank&r=g","caption":"\u00c7orlu'da Haber"},"sameAs":["https:\/\/corludahaber.com\/h"],"url":"https:\/\/corludahaber.com\/h\/author\/admin"}]}},"_links":{"self":[{"href":"https:\/\/corludahaber.com\/h\/wp-json\/wp\/v2\/posts\/73760","targetHints":{"allow":["GET"]}}],"collection":[{"href":"https:\/\/corludahaber.com\/h\/wp-json\/wp\/v2\/posts"}],"about":[{"href":"https:\/\/corludahaber.com\/h\/wp-json\/wp\/v2\/types\/post"}],"author":[{"embeddable":true,"href":"https:\/\/corludahaber.com\/h\/wp-json\/wp\/v2\/users\/151"}],"replies":[{"embeddable":true,"href":"https:\/\/corludahaber.com\/h\/wp-json\/wp\/v2\/comments?post=73760"}],"version-history":[{"count":0,"href":"https:\/\/corludahaber.com\/h\/wp-json\/wp\/v2\/posts\/73760\/revisions"}],"wp:featuredmedia":[{"embeddable":true,"href":"https:\/\/corludahaber.com\/h\/wp-json\/wp\/v2\/media\/73761"}],"wp:attachment":[{"href":"https:\/\/corludahaber.com\/h\/wp-json\/wp\/v2\/media?parent=73760"}],"wp:term":[{"taxonomy":"category","embeddable":true,"href":"https:\/\/corludahaber.com\/h\/wp-json\/wp\/v2\/categories?post=73760"},{"taxonomy":"post_tag","embeddable":true,"href":"https:\/\/corludahaber.com\/h\/wp-json\/wp\/v2\/tags?post=73760"}],"curies":[{"name":"wp","href":"https:\/\/api.w.org\/{rel}","templated":true}]}}