{"id":73756,"date":"2023-11-24T10:26:00","date_gmt":"2023-11-24T07:26:00","guid":{"rendered":"https:\/\/corludahaber.com\/h\/tuik-guven-endeksi-hizmet-ve-perakende-ticarette-azaldi-insaatta-artti-ekonomi\/73756"},"modified":"2023-11-25T02:31:34","modified_gmt":"2023-11-24T23:31:34","slug":"tuik-guven-endeksi-hizmet-ve-perakende-ticarette-azaldi-insaatta-artti-ekonomi","status":"publish","type":"post","link":"https:\/\/corludahaber.com\/h\/tuik-guven-endeksi-hizmet-ve-perakende-ticarette-azaldi-insaatta-artti-ekonomi\/73756","title":{"rendered":"T\u00dc\u0130K: G\u00fcven endeksi hizmet ve perakende ticarette azald\u0131, in\u015faatta artt\u0131 | Ekonomi"},"content":{"rendered":"<div class=\"corlu-icerikten-once_3\" id=\"corlu-2644827721\"><script type='text\/javascript' src='https:\/\/platform-api.sharethis.com\/js\/sharethis.js#property=5ce8cf08af7d000012cb0ca1&product=inline-reaction-buttons' async='async'><\/script>\r\n\r\n<\/div><div readability=\"42.628571428571\"><span class=\"category-name hidden\"><\/span><\/p><div class=\"corlu-icerik-2\" id=\"corlu-2396317302\"><!-- Admatic AUTO ads START -->\r\n<ins data-publisher=\"adm-pub-155556240050\" data-ad-network=\"659428a24d11b285b616c18d\"   class=\"adm-ads-area\"><\/ins>\r\n<script type=\"text\/javascript\" src=\"https:\/\/static.cdn.admatic.com.tr\/showad\/showad.min.js\"><\/script>\r\n<!-- Admatic AUTO ads END --><\/div>\n<p><a class=\"inline-keyword from-service\" href=\"https:\/\/www.dha.com.tr\/haberleri\/tuik\" target=\"_blank\" rel=\"noopener\">T\u00dc\u0130K<\/a>, Kas\u0131m 2023 d\u00f6nemine ili\u015fkin, hizmet, perakende ticaret ve in\u015faat sekt\u00f6rleri <a class=\"inline-keyword from-service\" href=\"https:\/\/www.dha.com.tr\/haberleri\/guven\" target=\"_blank\" rel=\"noopener\">g\u00fcven<\/a> endekslerini a\u00e7\u0131klad\u0131. Buna g\u00f6re;\u00a0g\u00fcven endeksi kas\u0131m ay\u0131nda bir \u00f6nceki aya g\u00f6re\u00a0hizmet sekt\u00f6r\u00fcnde y\u00fczde 2,4 oran\u0131nda azalarak 110,9, perakende ticaret sekt\u00f6r\u00fcnde y\u00fczde 1,9 oran\u0131nda azalarak 111,7 ve in\u015faat sekt\u00f6r\u00fcnde y\u00fczde 2,2 oran\u0131nda artarak 91\u00a0de\u011ferini ald\u0131.<\/p>\n<figure class=\"rhd-article-news-img-wrapper\">\n<div class=\"rhd-relative-container\"><a class=\"rhd-article-news-img-link nd-article__content-link\" href=\"javascript:;\" data-origin-url=\"https:\/\/image.dha.com.tr\/i\/dha\/75\/0x0\/65604ff8470a9b2270a28082.jpg\" data-google-interstitial=\"false\" rel=\"nofollow\"><img decoding=\"async\" src=\"https:\/\/corludahaber.com\/h\/wp-content\/uploads\/2023\/11\/tuik-guven-endeksi-hizmet-ve-perakende-ticarette-azaldi-insaatta-artti-ekonomi_6561325554639-jpeg.webp\" data-src=\"https:\/\/image.dha.com.tr\/i\/dha\/75\/770x0\/65604ff8470a9b2270a28082.jpg\" alt=\"T\u00dc\u0130K: G\u00fcven endeksi hizmet ve perakende ticarette azald\u0131, in\u015faatta artt\u0131\" class=\"lazyload \" data-inline-image=\"true\"><\/a><\/div><figcaption class=\"rhd-article-news-img-caption\"><\/figcaption><\/figure>\n<\/p>\n<\/div>\n<div class=\"corlu-icerikten-sonra_3\" id=\"corlu-622678163\"><p><img loading=\"lazy\" decoding=\"async\" class=\"aligncenter\" src=\"https:\/\/www.corludahaber.com\/bahcesehir.jpg\" alt=\"\" width=\"624\" height=\"196\" \/><\/p>\n<table style=\"text-align: left; width: 100%;\" border=\"1\" cellspacing=\"2\" cellpadding=\"2\">\n<tbody>\n<tr>\n<td style=\"background-color: #050805;\"><span style=\"font-size: 12pt;\"><small><small><em><strong><big><span style=\"color: #ff0000;\">Haber ve resimlerin telif haklar\u0131ndan dolay\u0131 kullan\u0131m\u0131 yasakt\u0131r<span style=\"color: #000000;\">.<\/span><\/span><span style=\"color: #000000;\">\u00a0<\/span><span style=\"color: #ffffff;\">Yaz\u0131l\u0131 izni al\u0131nmadan hi\u00e7bir yaz\u0131l\u0131, g\u00f6rsel, i\u015fitsel i\u00e7erik kopyalanamaz, de\u011fi\u015ftirilemez, yay\u0131nlanamaz veya sat\u0131lamaz. Aksi halde<\/span>\u00a0<span style=\"color: #ff0000;\">5846<span style=\"color: #ffffff;\">\u00a0<\/span><\/span><span style=\"color: #ffffff;\">say\u0131l\u0131 Fikir ve Sanat Eserleri Kanunu\u2019na ve<\/span>\u00a0<span style=\"color: #800000;\"><span style=\"color: #ff0000;\">6102<\/span><span style=\"color: #ffffff;\">\u00a0<\/span><\/span><span style=\"color: #ffffff;\">say\u0131l\u0131 maddesine g\u00f6re<\/span>\u00a0<span style=\"color: #ff0000;\">gerekli i\u015flemler uygulanacakt\u0131r.<\/span><br \/>\n<span style=\"color: #ffffff;\">\u00a9 Copyright 2014<\/span><\/big><\/strong><\/em><\/small><\/small><\/span><\/td>\n<\/tr>\n<\/tbody>\n<\/table>\n<p><small><small>\u00a0<\/small><\/small><\/p>\n<\/div>","protected":false},"excerpt":{"rendered":"<p>T\u00dc\u0130K, Kas\u0131m 2023 d\u00f6nemine ili\u015fkin, hizmet, perakende ticaret ve in\u015faat sekt\u00f6rleri g\u00fcven endekslerini a\u00e7\u0131klad\u0131. Buna g\u00f6re;\u00a0g\u00fcven endeksi kas\u0131m ay\u0131nda bir \u00f6nceki aya g\u00f6re\u00a0hizmet sekt\u00f6r\u00fcnde y\u00fczde 2,4 oran\u0131nda azalarak 110,9, perakende ticaret sekt\u00f6r\u00fcnde y\u00fczde 1,9 oran\u0131nda azalarak 111,7 ve in\u015faat sekt\u00f6r\u00fcnde y\u00fczde 2,2 oran\u0131nda artarak 91\u00a0de\u011ferini ald\u0131.<\/p>\n","protected":false},"author":151,"featured_media":73757,"comment_status":"open","ping_status":"closed","sticky":false,"template":"","format":"standard","meta":{"footnotes":""},"categories":[6641],"tags":[1192,4757,6751,10262,1401,1162,2876,10263,10264,9221,10261],"class_list":["post-73756","post","type-post","status-publish","format-standard","has-post-thumbnail","hentry","category-ekonomi","tag-artti","tag-azaldi","tag-ekonomi","tag-endeksi","tag-guven","tag-hizmet","tag-insaatta","tag-perakende","tag-ticarette","tag-tuik","tag-tuik-guven-endeksi-hizmet-ve-perakende-ticarette-azaldi-insaatta-artti-ekonomi"],"yoast_head":"<!-- This site is optimized with the Yoast SEO Premium plugin v23.3 (Yoast SEO v23.3) - https:\/\/yoast.com\/wordpress\/plugins\/seo\/ -->\n<title>T\u00dc\u0130K: G\u00fcven endeksi hizmet ve perakende ticarette azald\u0131, in\u015faatta artt\u0131 | Ekonomi | \u00c7orlu&#039;da Haber<\/title>\n<meta name=\"description\" content=\"T\u00dc\u0130K: G\u00fcven endeksi hizmet ve perakende ticarette azald\u0131, in\u015faatta artt\u0131 | Ekonomi | \u00c7orlu&#039;da Haber\" \/>\n<meta name=\"robots\" content=\"index, follow, max-snippet:-1, max-image-preview:large, max-video-preview:-1\" \/>\n<link rel=\"canonical\" href=\"https:\/\/corludahaber.com\/h\/tuik-guven-endeksi-hizmet-ve-perakende-ticarette-azaldi-insaatta-artti-ekonomi\/73756\" \/>\n<meta property=\"og:locale\" content=\"tr_TR\" \/>\n<meta property=\"og:type\" content=\"article\" \/>\n<meta property=\"og:title\" content=\"T\u00dc\u0130K: G\u00fcven endeksi hizmet ve perakende ticarette azald\u0131, in\u015faatta artt\u0131 | Ekonomi | \u00c7orlu&#039;da Haber\" \/>\n<meta property=\"og:description\" content=\"T\u00dc\u0130K: G\u00fcven endeksi hizmet ve perakende ticarette azald\u0131, in\u015faatta artt\u0131 | Ekonomi | \u00c7orlu&#039;da Haber\" \/>\n<meta property=\"og:url\" content=\"https:\/\/corludahaber.com\/h\/tuik-guven-endeksi-hizmet-ve-perakende-ticarette-azaldi-insaatta-artti-ekonomi\/73756\" \/>\n<meta property=\"og:site_name\" content=\"\u00c7orlu&#039;da Haber\" \/>\n<meta property=\"article:publisher\" content=\"https:\/\/facebook.com\/habercorluda\" \/>\n<meta property=\"article:published_time\" content=\"2023-11-24T07:26:00+00:00\" \/>\n<meta property=\"article:modified_time\" content=\"2023-11-24T23:31:34+00:00\" \/>\n<meta property=\"og:image\" content=\"https:\/\/corludahaber.com\/h\/wp-content\/uploads\/2023\/11\/tuik-guven-endeksi-hizmet-ve-perakende-ticarette-azaldi-insaatta-artti-ekonomi_656132540950a-jpeg.webp\" \/>\n\t<meta property=\"og:image:width\" content=\"1200\" \/>\n\t<meta property=\"og:image:height\" content=\"675\" \/>\n\t<meta property=\"og:image:type\" content=\"image\/jpeg\" \/>\n<meta name=\"author\" content=\"\u00c7orlu&#039;da Haber\" \/>\n<meta name=\"twitter:card\" content=\"summary_large_image\" \/>\n<meta name=\"twitter:creator\" content=\"@habercorluda\" \/>\n<meta name=\"twitter:site\" content=\"@habercorluda\" \/>\n<meta name=\"twitter:label1\" content=\"Yazan:\" \/>\n\t<meta name=\"twitter:data1\" content=\"\u00c7orlu&#039;da Haber\" \/>\n<script type=\"application\/ld+json\" class=\"yoast-schema-graph\">{\"@context\":\"https:\/\/schema.org\",\"@graph\":[{\"@type\":\"Article\",\"@id\":\"https:\/\/corludahaber.com\/h\/tuik-guven-endeksi-hizmet-ve-perakende-ticarette-azaldi-insaatta-artti-ekonomi\/73756#article\",\"isPartOf\":{\"@id\":\"https:\/\/corludahaber.com\/h\/tuik-guven-endeksi-hizmet-ve-perakende-ticarette-azaldi-insaatta-artti-ekonomi\/73756\"},\"author\":{\"name\":\"\u00c7orlu'da Haber\",\"@id\":\"https:\/\/corludahaber.com\/h\/#\/schema\/person\/b523522be44b062db5d74a62589768cd\"},\"headline\":\"T\u00dc\u0130K: G\u00fcven endeksi hizmet ve perakende ticarette azald\u0131, in\u015faatta artt\u0131 | Ekonomi\",\"datePublished\":\"2023-11-24T07:26:00+00:00\",\"dateModified\":\"2023-11-24T23:31:34+00:00\",\"mainEntityOfPage\":{\"@id\":\"https:\/\/corludahaber.com\/h\/tuik-guven-endeksi-hizmet-ve-perakende-ticarette-azaldi-insaatta-artti-ekonomi\/73756\"},\"wordCount\":83,\"commentCount\":0,\"publisher\":{\"@id\":\"https:\/\/corludahaber.com\/h\/#organization\"},\"image\":{\"@id\":\"https:\/\/corludahaber.com\/h\/tuik-guven-endeksi-hizmet-ve-perakende-ticarette-azaldi-insaatta-artti-ekonomi\/73756#primaryimage\"},\"thumbnailUrl\":\"https:\/\/corludahaber.com\/h\/wp-content\/uploads\/2023\/11\/tuik-guven-endeksi-hizmet-ve-perakende-ticarette-azaldi-insaatta-artti-ekonomi_656132540950a-jpeg.webp\",\"keywords\":[\"artt\u0131\",\"azald\u0131\",\"ekonomi\",\"endeksi\",\"g\u00fcven\",\"Hizmet\",\"\u0130n\u015faatta\",\"perakende\",\"ticarette\",\"T\u00dc\u0130K\",\"T\u00dc\u0130K G\u00fcven endeksi hizmet ve perakende ticarette azald\u0131 in\u015faatta artt\u0131 Ekonomi\"],\"articleSection\":[\"Ekonomi\"],\"inLanguage\":\"tr\",\"potentialAction\":[{\"@type\":\"CommentAction\",\"name\":\"Comment\",\"target\":[\"https:\/\/corludahaber.com\/h\/tuik-guven-endeksi-hizmet-ve-perakende-ticarette-azaldi-insaatta-artti-ekonomi\/73756#respond\"]}]},{\"@type\":\"WebPage\",\"@id\":\"https:\/\/corludahaber.com\/h\/tuik-guven-endeksi-hizmet-ve-perakende-ticarette-azaldi-insaatta-artti-ekonomi\/73756\",\"url\":\"https:\/\/corludahaber.com\/h\/tuik-guven-endeksi-hizmet-ve-perakende-ticarette-azaldi-insaatta-artti-ekonomi\/73756\",\"name\":\"T\u00dc\u0130K: G\u00fcven endeksi hizmet ve perakende ticarette azald\u0131, in\u015faatta artt\u0131 | Ekonomi | \u00c7orlu&#039;da Haber\",\"isPartOf\":{\"@id\":\"https:\/\/corludahaber.com\/h\/#website\"},\"primaryImageOfPage\":{\"@id\":\"https:\/\/corludahaber.com\/h\/tuik-guven-endeksi-hizmet-ve-perakende-ticarette-azaldi-insaatta-artti-ekonomi\/73756#primaryimage\"},\"image\":{\"@id\":\"https:\/\/corludahaber.com\/h\/tuik-guven-endeksi-hizmet-ve-perakende-ticarette-azaldi-insaatta-artti-ekonomi\/73756#primaryimage\"},\"thumbnailUrl\":\"https:\/\/corludahaber.com\/h\/wp-content\/uploads\/2023\/11\/tuik-guven-endeksi-hizmet-ve-perakende-ticarette-azaldi-insaatta-artti-ekonomi_656132540950a-jpeg.webp\",\"datePublished\":\"2023-11-24T07:26:00+00:00\",\"dateModified\":\"2023-11-24T23:31:34+00:00\",\"description\":\"T\u00dc\u0130K: G\u00fcven endeksi hizmet ve perakende ticarette azald\u0131, in\u015faatta artt\u0131 | Ekonomi | \u00c7orlu&#039;da Haber\",\"breadcrumb\":{\"@id\":\"https:\/\/corludahaber.com\/h\/tuik-guven-endeksi-hizmet-ve-perakende-ticarette-azaldi-insaatta-artti-ekonomi\/73756#breadcrumb\"},\"inLanguage\":\"tr\",\"potentialAction\":[{\"@type\":\"ReadAction\",\"target\":[\"https:\/\/corludahaber.com\/h\/tuik-guven-endeksi-hizmet-ve-perakende-ticarette-azaldi-insaatta-artti-ekonomi\/73756\"]}]},{\"@type\":\"ImageObject\",\"inLanguage\":\"tr\",\"@id\":\"https:\/\/corludahaber.com\/h\/tuik-guven-endeksi-hizmet-ve-perakende-ticarette-azaldi-insaatta-artti-ekonomi\/73756#primaryimage\",\"url\":\"https:\/\/corludahaber.com\/h\/wp-content\/uploads\/2023\/11\/tuik-guven-endeksi-hizmet-ve-perakende-ticarette-azaldi-insaatta-artti-ekonomi_656132540950a-jpeg.webp\",\"contentUrl\":\"https:\/\/corludahaber.com\/h\/wp-content\/uploads\/2023\/11\/tuik-guven-endeksi-hizmet-ve-perakende-ticarette-azaldi-insaatta-artti-ekonomi_656132540950a-jpeg.webp\",\"width\":1200,\"height\":675},{\"@type\":\"BreadcrumbList\",\"@id\":\"https:\/\/corludahaber.com\/h\/tuik-guven-endeksi-hizmet-ve-perakende-ticarette-azaldi-insaatta-artti-ekonomi\/73756#breadcrumb\",\"itemListElement\":[{\"@type\":\"ListItem\",\"position\":1,\"name\":\"Anasayfa\",\"item\":\"https:\/\/corludahaber.com\/h\/\"},{\"@type\":\"ListItem\",\"position\":2,\"name\":\"Ekonomi\",\"item\":\"https:\/\/corludahaber.com\/h\/kategori\/ekonomi\"},{\"@type\":\"ListItem\",\"position\":3,\"name\":\"T\u00dc\u0130K: G\u00fcven endeksi hizmet ve perakende ticarette azald\u0131, in\u015faatta artt\u0131 | Ekonomi\"}]},{\"@type\":\"WebSite\",\"@id\":\"https:\/\/corludahaber.com\/h\/#website\",\"url\":\"https:\/\/corludahaber.com\/h\/\",\"name\":\"\u00c7orlu'da Haber\",\"description\":\"Ger\u00e7ek Tarafs\u0131z Haber\",\"publisher\":{\"@id\":\"https:\/\/corludahaber.com\/h\/#organization\"},\"potentialAction\":[{\"@type\":\"SearchAction\",\"target\":{\"@type\":\"EntryPoint\",\"urlTemplate\":\"https:\/\/corludahaber.com\/h\/?s={search_term_string}\"},\"query-input\":\"required name=search_term_string\"}],\"inLanguage\":\"tr\"},{\"@type\":\"Organization\",\"@id\":\"https:\/\/corludahaber.com\/h\/#organization\",\"name\":\"\u00c7orlu'da Haber\",\"url\":\"https:\/\/corludahaber.com\/h\/\",\"logo\":{\"@type\":\"ImageObject\",\"inLanguage\":\"tr\",\"@id\":\"https:\/\/corludahaber.com\/h\/#\/schema\/logo\/image\/\",\"url\":\"https:\/\/corludahaber.com\/h\/wp-content\/uploads\/2021\/12\/logo__9__1_-removebg-preview.png\",\"contentUrl\":\"https:\/\/corludahaber.com\/h\/wp-content\/uploads\/2021\/12\/logo__9__1_-removebg-preview.png\",\"width\":500,\"height\":157,\"caption\":\"\u00c7orlu'da Haber\"},\"image\":{\"@id\":\"https:\/\/corludahaber.com\/h\/#\/schema\/logo\/image\/\"},\"sameAs\":[\"https:\/\/facebook.com\/habercorluda\",\"https:\/\/x.com\/habercorluda\",\"https:\/\/www.instagram.com\/corludahaber\",\"https:\/\/www.youtube.com\/user\/corludahaber\"]},{\"@type\":\"Person\",\"@id\":\"https:\/\/corludahaber.com\/h\/#\/schema\/person\/b523522be44b062db5d74a62589768cd\",\"name\":\"\u00c7orlu'da Haber\",\"image\":{\"@type\":\"ImageObject\",\"inLanguage\":\"tr\",\"@id\":\"https:\/\/corludahaber.com\/h\/#\/schema\/person\/image\/\",\"url\":\"https:\/\/secure.gravatar.com\/avatar\/1033e54e078c29fd7f053370086ff627ba414b05c2b231c418a481adecd764ce?s=96&d=blank&r=g\",\"contentUrl\":\"https:\/\/secure.gravatar.com\/avatar\/1033e54e078c29fd7f053370086ff627ba414b05c2b231c418a481adecd764ce?s=96&d=blank&r=g\",\"caption\":\"\u00c7orlu'da Haber\"},\"sameAs\":[\"https:\/\/corludahaber.com\/h\"],\"url\":\"https:\/\/corludahaber.com\/h\/author\/admin\"}]}<\/script>\n<!-- \/ Yoast SEO Premium plugin. -->","yoast_head_json":{"title":"T\u00dc\u0130K: G\u00fcven endeksi hizmet ve perakende ticarette azald\u0131, in\u015faatta artt\u0131 | Ekonomi | \u00c7orlu&#039;da Haber","description":"T\u00dc\u0130K: G\u00fcven endeksi hizmet ve perakende ticarette azald\u0131, in\u015faatta artt\u0131 | Ekonomi | \u00c7orlu&#039;da Haber","robots":{"index":"index","follow":"follow","max-snippet":"max-snippet:-1","max-image-preview":"max-image-preview:large","max-video-preview":"max-video-preview:-1"},"canonical":"https:\/\/corludahaber.com\/h\/tuik-guven-endeksi-hizmet-ve-perakende-ticarette-azaldi-insaatta-artti-ekonomi\/73756","og_locale":"tr_TR","og_type":"article","og_title":"T\u00dc\u0130K: G\u00fcven endeksi hizmet ve perakende ticarette azald\u0131, in\u015faatta artt\u0131 | Ekonomi | \u00c7orlu&#039;da Haber","og_description":"T\u00dc\u0130K: G\u00fcven endeksi hizmet ve perakende ticarette azald\u0131, in\u015faatta artt\u0131 | Ekonomi | \u00c7orlu&#039;da Haber","og_url":"https:\/\/corludahaber.com\/h\/tuik-guven-endeksi-hizmet-ve-perakende-ticarette-azaldi-insaatta-artti-ekonomi\/73756","og_site_name":"\u00c7orlu&#039;da Haber","article_publisher":"https:\/\/facebook.com\/habercorluda","article_published_time":"2023-11-24T07:26:00+00:00","article_modified_time":"2023-11-24T23:31:34+00:00","og_image":[{"width":1200,"height":675,"url":"https:\/\/corludahaber.com\/h\/wp-content\/uploads\/2023\/11\/tuik-guven-endeksi-hizmet-ve-perakende-ticarette-azaldi-insaatta-artti-ekonomi_656132540950a-jpeg.webp","type":"image\/jpeg"}],"author":"\u00c7orlu'da Haber","twitter_card":"summary_large_image","twitter_creator":"@habercorluda","twitter_site":"@habercorluda","twitter_misc":{"Yazan:":"\u00c7orlu'da Haber"},"schema":{"@context":"https:\/\/schema.org","@graph":[{"@type":"Article","@id":"https:\/\/corludahaber.com\/h\/tuik-guven-endeksi-hizmet-ve-perakende-ticarette-azaldi-insaatta-artti-ekonomi\/73756#article","isPartOf":{"@id":"https:\/\/corludahaber.com\/h\/tuik-guven-endeksi-hizmet-ve-perakende-ticarette-azaldi-insaatta-artti-ekonomi\/73756"},"author":{"name":"\u00c7orlu'da Haber","@id":"https:\/\/corludahaber.com\/h\/#\/schema\/person\/b523522be44b062db5d74a62589768cd"},"headline":"T\u00dc\u0130K: G\u00fcven endeksi hizmet ve perakende ticarette azald\u0131, in\u015faatta artt\u0131 | Ekonomi","datePublished":"2023-11-24T07:26:00+00:00","dateModified":"2023-11-24T23:31:34+00:00","mainEntityOfPage":{"@id":"https:\/\/corludahaber.com\/h\/tuik-guven-endeksi-hizmet-ve-perakende-ticarette-azaldi-insaatta-artti-ekonomi\/73756"},"wordCount":83,"commentCount":0,"publisher":{"@id":"https:\/\/corludahaber.com\/h\/#organization"},"image":{"@id":"https:\/\/corludahaber.com\/h\/tuik-guven-endeksi-hizmet-ve-perakende-ticarette-azaldi-insaatta-artti-ekonomi\/73756#primaryimage"},"thumbnailUrl":"https:\/\/corludahaber.com\/h\/wp-content\/uploads\/2023\/11\/tuik-guven-endeksi-hizmet-ve-perakende-ticarette-azaldi-insaatta-artti-ekonomi_656132540950a-jpeg.webp","keywords":["artt\u0131","azald\u0131","ekonomi","endeksi","g\u00fcven","Hizmet","\u0130n\u015faatta","perakende","ticarette","T\u00dc\u0130K","T\u00dc\u0130K G\u00fcven endeksi hizmet ve perakende ticarette azald\u0131 in\u015faatta artt\u0131 Ekonomi"],"articleSection":["Ekonomi"],"inLanguage":"tr","potentialAction":[{"@type":"CommentAction","name":"Comment","target":["https:\/\/corludahaber.com\/h\/tuik-guven-endeksi-hizmet-ve-perakende-ticarette-azaldi-insaatta-artti-ekonomi\/73756#respond"]}]},{"@type":"WebPage","@id":"https:\/\/corludahaber.com\/h\/tuik-guven-endeksi-hizmet-ve-perakende-ticarette-azaldi-insaatta-artti-ekonomi\/73756","url":"https:\/\/corludahaber.com\/h\/tuik-guven-endeksi-hizmet-ve-perakende-ticarette-azaldi-insaatta-artti-ekonomi\/73756","name":"T\u00dc\u0130K: G\u00fcven endeksi hizmet ve perakende ticarette azald\u0131, in\u015faatta artt\u0131 | Ekonomi | \u00c7orlu&#039;da Haber","isPartOf":{"@id":"https:\/\/corludahaber.com\/h\/#website"},"primaryImageOfPage":{"@id":"https:\/\/corludahaber.com\/h\/tuik-guven-endeksi-hizmet-ve-perakende-ticarette-azaldi-insaatta-artti-ekonomi\/73756#primaryimage"},"image":{"@id":"https:\/\/corludahaber.com\/h\/tuik-guven-endeksi-hizmet-ve-perakende-ticarette-azaldi-insaatta-artti-ekonomi\/73756#primaryimage"},"thumbnailUrl":"https:\/\/corludahaber.com\/h\/wp-content\/uploads\/2023\/11\/tuik-guven-endeksi-hizmet-ve-perakende-ticarette-azaldi-insaatta-artti-ekonomi_656132540950a-jpeg.webp","datePublished":"2023-11-24T07:26:00+00:00","dateModified":"2023-11-24T23:31:34+00:00","description":"T\u00dc\u0130K: G\u00fcven endeksi hizmet ve perakende ticarette azald\u0131, in\u015faatta artt\u0131 | Ekonomi | \u00c7orlu&#039;da Haber","breadcrumb":{"@id":"https:\/\/corludahaber.com\/h\/tuik-guven-endeksi-hizmet-ve-perakende-ticarette-azaldi-insaatta-artti-ekonomi\/73756#breadcrumb"},"inLanguage":"tr","potentialAction":[{"@type":"ReadAction","target":["https:\/\/corludahaber.com\/h\/tuik-guven-endeksi-hizmet-ve-perakende-ticarette-azaldi-insaatta-artti-ekonomi\/73756"]}]},{"@type":"ImageObject","inLanguage":"tr","@id":"https:\/\/corludahaber.com\/h\/tuik-guven-endeksi-hizmet-ve-perakende-ticarette-azaldi-insaatta-artti-ekonomi\/73756#primaryimage","url":"https:\/\/corludahaber.com\/h\/wp-content\/uploads\/2023\/11\/tuik-guven-endeksi-hizmet-ve-perakende-ticarette-azaldi-insaatta-artti-ekonomi_656132540950a-jpeg.webp","contentUrl":"https:\/\/corludahaber.com\/h\/wp-content\/uploads\/2023\/11\/tuik-guven-endeksi-hizmet-ve-perakende-ticarette-azaldi-insaatta-artti-ekonomi_656132540950a-jpeg.webp","width":1200,"height":675},{"@type":"BreadcrumbList","@id":"https:\/\/corludahaber.com\/h\/tuik-guven-endeksi-hizmet-ve-perakende-ticarette-azaldi-insaatta-artti-ekonomi\/73756#breadcrumb","itemListElement":[{"@type":"ListItem","position":1,"name":"Anasayfa","item":"https:\/\/corludahaber.com\/h\/"},{"@type":"ListItem","position":2,"name":"Ekonomi","item":"https:\/\/corludahaber.com\/h\/kategori\/ekonomi"},{"@type":"ListItem","position":3,"name":"T\u00dc\u0130K: G\u00fcven endeksi hizmet ve perakende ticarette azald\u0131, in\u015faatta artt\u0131 | Ekonomi"}]},{"@type":"WebSite","@id":"https:\/\/corludahaber.com\/h\/#website","url":"https:\/\/corludahaber.com\/h\/","name":"\u00c7orlu'da Haber","description":"Ger\u00e7ek Tarafs\u0131z Haber","publisher":{"@id":"https:\/\/corludahaber.com\/h\/#organization"},"potentialAction":[{"@type":"SearchAction","target":{"@type":"EntryPoint","urlTemplate":"https:\/\/corludahaber.com\/h\/?s={search_term_string}"},"query-input":"required name=search_term_string"}],"inLanguage":"tr"},{"@type":"Organization","@id":"https:\/\/corludahaber.com\/h\/#organization","name":"\u00c7orlu'da Haber","url":"https:\/\/corludahaber.com\/h\/","logo":{"@type":"ImageObject","inLanguage":"tr","@id":"https:\/\/corludahaber.com\/h\/#\/schema\/logo\/image\/","url":"https:\/\/corludahaber.com\/h\/wp-content\/uploads\/2021\/12\/logo__9__1_-removebg-preview.png","contentUrl":"https:\/\/corludahaber.com\/h\/wp-content\/uploads\/2021\/12\/logo__9__1_-removebg-preview.png","width":500,"height":157,"caption":"\u00c7orlu'da Haber"},"image":{"@id":"https:\/\/corludahaber.com\/h\/#\/schema\/logo\/image\/"},"sameAs":["https:\/\/facebook.com\/habercorluda","https:\/\/x.com\/habercorluda","https:\/\/www.instagram.com\/corludahaber","https:\/\/www.youtube.com\/user\/corludahaber"]},{"@type":"Person","@id":"https:\/\/corludahaber.com\/h\/#\/schema\/person\/b523522be44b062db5d74a62589768cd","name":"\u00c7orlu'da Haber","image":{"@type":"ImageObject","inLanguage":"tr","@id":"https:\/\/corludahaber.com\/h\/#\/schema\/person\/image\/","url":"https:\/\/secure.gravatar.com\/avatar\/1033e54e078c29fd7f053370086ff627ba414b05c2b231c418a481adecd764ce?s=96&d=blank&r=g","contentUrl":"https:\/\/secure.gravatar.com\/avatar\/1033e54e078c29fd7f053370086ff627ba414b05c2b231c418a481adecd764ce?s=96&d=blank&r=g","caption":"\u00c7orlu'da Haber"},"sameAs":["https:\/\/corludahaber.com\/h"],"url":"https:\/\/corludahaber.com\/h\/author\/admin"}]}},"_links":{"self":[{"href":"https:\/\/corludahaber.com\/h\/wp-json\/wp\/v2\/posts\/73756","targetHints":{"allow":["GET"]}}],"collection":[{"href":"https:\/\/corludahaber.com\/h\/wp-json\/wp\/v2\/posts"}],"about":[{"href":"https:\/\/corludahaber.com\/h\/wp-json\/wp\/v2\/types\/post"}],"author":[{"embeddable":true,"href":"https:\/\/corludahaber.com\/h\/wp-json\/wp\/v2\/users\/151"}],"replies":[{"embeddable":true,"href":"https:\/\/corludahaber.com\/h\/wp-json\/wp\/v2\/comments?post=73756"}],"version-history":[{"count":0,"href":"https:\/\/corludahaber.com\/h\/wp-json\/wp\/v2\/posts\/73756\/revisions"}],"wp:featuredmedia":[{"embeddable":true,"href":"https:\/\/corludahaber.com\/h\/wp-json\/wp\/v2\/media\/73757"}],"wp:attachment":[{"href":"https:\/\/corludahaber.com\/h\/wp-json\/wp\/v2\/media?parent=73756"}],"wp:term":[{"taxonomy":"category","embeddable":true,"href":"https:\/\/corludahaber.com\/h\/wp-json\/wp\/v2\/categories?post=73756"},{"taxonomy":"post_tag","embeddable":true,"href":"https:\/\/corludahaber.com\/h\/wp-json\/wp\/v2\/tags?post=73756"}],"curies":[{"name":"wp","href":"https:\/\/api.w.org\/{rel}","templated":true}]}}