{"id":67414,"date":"2023-09-23T03:58:50","date_gmt":"2023-09-23T00:58:50","guid":{"rendered":"https:\/\/corludahaber.com\/h\/vali-soyturk-genclik-ve-spor-bakanligi-yatirimlarini-yerinde-inceledi\/67414"},"modified":"2023-09-23T16:20:56","modified_gmt":"2023-09-23T13:20:56","slug":"vali-soyturk-genclik-ve-spor-bakanligi-yatirimlarini-yerinde-inceledi","status":"publish","type":"post","link":"https:\/\/corludahaber.com\/h\/vali-soyturk-genclik-ve-spor-bakanligi-yatirimlarini-yerinde-inceledi\/67414","title":{"rendered":"Vali Soyt\u00fcrk Gen\u00e7lik ve Spor Bakanl\u0131\u011f\u0131 Yat\u0131r\u0131mlar\u0131n\u0131 Yerinde \u0130nceledi"},"content":{"rendered":"<div class=\"corlu-icerikten-once_3\" id=\"corlu-2592828725\"><script type='text\/javascript' src='https:\/\/platform-api.sharethis.com\/js\/sharethis.js#property=5ce8cf08af7d000012cb0ca1&product=inline-reaction-buttons' async='async'><\/script>\r\n\r\n<\/div><p>Tekirda\u011f Valisi Recep Soyt\u00fcrk, Ergene il\u00e7esinde Gen\u00e7lik ve Spor Bakanl\u0131\u011f\u0131 taraf\u0131ndan yapt\u0131r\u0131lan Ergene Spor Kompleksi\u2019nde incelemelerde bulundu.<\/p><div class=\"corlu-icerik-2\" id=\"corlu-4197946093\"><!-- Admatic AUTO ads START -->\r\n<ins data-publisher=\"adm-pub-155556240050\" data-ad-network=\"659428a24d11b285b616c18d\"   class=\"adm-ads-area\"><\/ins>\r\n<script type=\"text\/javascript\" src=\"https:\/\/static.cdn.admatic.com.tr\/showad\/showad.min.js\"><\/script>\r\n<!-- Admatic AUTO ads END --><\/div>\n<p>Yap\u0131m\u0131 tamamlanan Gen\u00e7lik Merkezi, Kapal\u0131 Kort ile yap\u0131m\u0131 devam eden Kapal\u0131 Spor Salonu ve Kapal\u0131 Yar\u0131 Olimpik Y\u00fczme Havuzunu gezen Vali Soyt\u00fcrk, yetkililerden bilgi ald\u0131.<\/p>\n<p>Yap\u0131m\u0131 tamamlanan Gen\u00e7lik Merkezinin i\u00e7erisinde 5 derslik, 1 konferans salonu, 1 y\u00f6netici odas\u0131, 1 teknik oda bulunmakta olup, burada konferans, sergiler, tiyatro, satran\u00e7, resim, ak\u0131l ve zeka oyunlar\u0131, bilgisayar, \u0130ngilizce, \u00fccretsiz kursalar ve gen\u00e7lerin beden ve ruh sa\u011fl\u0131\u011f\u0131n\u0131 korumak, sosyal k\u00fclt\u00fcrel geli\u015fimleri desteklemek ve ilgi alanlar\u0131 do\u011frultusunda e\u011fitimlerine katk\u0131 sa\u011flanmas\u0131na y\u00f6nelik faaliyetler planlanmaktad\u0131r.<\/p>\n<p>Yap\u0131m\u0131 son a\u015famaya gelen Yar\u0131 Olimpik Y\u00fczme Havuzu, 5 kulvarl\u0131 olup i\u00e7erisinde du\u015f, soyunma, antren\u00f6r ve idari odalar yer almaktad\u0131r.<\/p>\n<p>4 soyunma odas\u0131, idari odalar ve 500 seyirci kapasiteli trib\u00fcn\u00fc bulunan geni\u015f bir kullan\u0131m alan\u0131na sahip Kapal\u0131 Spor Salonu\u2019nda da son a\u015famaya gelinmi\u015ftir.<\/p>\n<p>Beton zemin \u00fczerine ayd\u0131nlatmal\u0131 olarak yap\u0131lan Kapal\u0131 Tenis Kortu, kullan\u0131ma haz\u0131r hale getirilmi\u015ftir.<\/p>\n<table style=\"text-align: left; color: #ff0000; font-weight: bold; width: 100%; height: 100%;\" border=\"1\" cellspacing=\"2\" cellpadding=\"2\">\n<tbody>\n<tr>\n<td style=\"background-color: #000000;\">\n<h5><em><span style=\"color: #ff0000;\">Bu haber <\/span><span style=\"color: #ff0000;\"><span style=\"color: #ffffff;\">Tekirda\u011f Valili\u011fi&#8217;nin <\/span>Kendi sitesinden botlar yard\u0131m\u0131yla otomatik olarak eklenmi\u015ftir. Bu i\u00e7erikte \u00c7orlu&#8217;da Haber edit\u00f6rleri herhangi bir m\u00fcdahalede bulunmam\u0131\u015ft\u0131r.<\/span><\/em><\/h5>\n<\/td>\n<\/tr>\n<\/tbody>\n<\/table>\n<div class=\"corlu-icerikten-sonra_3\" id=\"corlu-4228009476\"><p><img loading=\"lazy\" decoding=\"async\" class=\"aligncenter\" src=\"https:\/\/www.corludahaber.com\/bahcesehir.jpg\" alt=\"\" width=\"624\" height=\"196\" \/><\/p>\n<table style=\"text-align: left; width: 100%;\" border=\"1\" cellspacing=\"2\" cellpadding=\"2\">\n<tbody>\n<tr>\n<td style=\"background-color: #050805;\"><span style=\"font-size: 12pt;\"><small><small><em><strong><big><span style=\"color: #ff0000;\">Haber ve resimlerin telif haklar\u0131ndan dolay\u0131 kullan\u0131m\u0131 yasakt\u0131r<span style=\"color: #000000;\">.<\/span><\/span><span style=\"color: #000000;\">\u00a0<\/span><span style=\"color: #ffffff;\">Yaz\u0131l\u0131 izni al\u0131nmadan hi\u00e7bir yaz\u0131l\u0131, g\u00f6rsel, i\u015fitsel i\u00e7erik kopyalanamaz, de\u011fi\u015ftirilemez, yay\u0131nlanamaz veya sat\u0131lamaz. Aksi halde<\/span>\u00a0<span style=\"color: #ff0000;\">5846<span style=\"color: #ffffff;\">\u00a0<\/span><\/span><span style=\"color: #ffffff;\">say\u0131l\u0131 Fikir ve Sanat Eserleri Kanunu\u2019na ve<\/span>\u00a0<span style=\"color: #800000;\"><span style=\"color: #ff0000;\">6102<\/span><span style=\"color: #ffffff;\">\u00a0<\/span><\/span><span style=\"color: #ffffff;\">say\u0131l\u0131 maddesine g\u00f6re<\/span>\u00a0<span style=\"color: #ff0000;\">gerekli i\u015flemler uygulanacakt\u0131r.<\/span><br \/>\n<span style=\"color: #ffffff;\">\u00a9 Copyright 2014<\/span><\/big><\/strong><\/em><\/small><\/small><\/span><\/td>\n<\/tr>\n<\/tbody>\n<\/table>\n<p><small><small>\u00a0<\/small><\/small><\/p>\n<\/div>","protected":false},"excerpt":{"rendered":"<p>Tekirda\u011f Valisi Recep Soyt\u00fcrk, Ergene il\u00e7esinde Gen\u00e7lik ve Spor Bakanl\u0131\u011f\u0131 taraf\u0131ndan yapt\u0131r\u0131lan Ergene Spor Kompleksi\u2019nde incelemelerde bulundu. Yap\u0131m\u0131 tamamlanan Gen\u00e7lik Merkezi, Kapal\u0131 Kort ile yap\u0131m\u0131 devam eden Kapal\u0131 Spor Salonu ve Kapal\u0131 Yar\u0131 Olimpik Y\u00fczme Havuzunu gezen Vali Soyt\u00fcrk, yetkililerden bilgi ald\u0131. Yap\u0131m\u0131 tamamlanan Gen\u00e7lik Merkezinin i\u00e7erisinde 5 derslik, 1 konferans salonu, 1 y\u00f6netici odas\u0131, &hellip;<\/p>\n","protected":false},"author":151,"featured_media":67415,"comment_status":"closed","ping_status":"closed","sticky":false,"template":"","format":"standard","meta":{"footnotes":""},"categories":[12,27],"tags":[1494,5140,1450,2949,5149,5150,572],"class_list":["post-67414","post","type-post","status-publish","format-standard","has-post-thumbnail","hentry","category-spor","category-yasam","tag-bakanligi","tag-genclik","tag-inceledi","tag-soyturk","tag-vali-soyturk-genclik-ve-spor-bakanligi-yatirimlarini-yerinde-inceledi","tag-yatirimlarini","tag-yerinde"],"yoast_head":"<!-- This site is optimized with the Yoast SEO Premium plugin v23.3 (Yoast SEO v23.3) - https:\/\/yoast.com\/wordpress\/plugins\/seo\/ -->\n<title>Vali Soyt\u00fcrk Gen\u00e7lik ve Spor Bakanl\u0131\u011f\u0131 Yat\u0131r\u0131mlar\u0131n\u0131 Yerinde \u0130nceledi | \u00c7orlu&#039;da Haber<\/title>\n<meta name=\"description\" content=\"Vali Soyt\u00fcrk Gen\u00e7lik ve Spor Bakanl\u0131\u011f\u0131 Yat\u0131r\u0131mlar\u0131n\u0131 Yerinde \u0130nceledi | Ya\u015fam \u00c7orlu&#039;da Haber\" \/>\n<meta name=\"robots\" content=\"index, follow, max-snippet:-1, max-image-preview:large, max-video-preview:-1\" \/>\n<link rel=\"canonical\" href=\"https:\/\/corludahaber.com\/h\/vali-soyturk-genclik-ve-spor-bakanligi-yatirimlarini-yerinde-inceledi\/67414\" \/>\n<meta property=\"og:locale\" content=\"tr_TR\" \/>\n<meta property=\"og:type\" content=\"article\" \/>\n<meta property=\"og:title\" content=\"Vali Soyt\u00fcrk Gen\u00e7lik ve Spor Bakanl\u0131\u011f\u0131 Yat\u0131r\u0131mlar\u0131n\u0131 Yerinde \u0130nceledi | \u00c7orlu&#039;da Haber\" \/>\n<meta property=\"og:description\" content=\"Vali Soyt\u00fcrk Gen\u00e7lik ve Spor Bakanl\u0131\u011f\u0131 Yat\u0131r\u0131mlar\u0131n\u0131 Yerinde \u0130nceledi | Ya\u015fam \u00c7orlu&#039;da Haber\" \/>\n<meta property=\"og:url\" content=\"https:\/\/corludahaber.com\/h\/vali-soyturk-genclik-ve-spor-bakanligi-yatirimlarini-yerinde-inceledi\/67414\" \/>\n<meta property=\"og:site_name\" content=\"\u00c7orlu&#039;da Haber\" \/>\n<meta property=\"article:publisher\" content=\"https:\/\/facebook.com\/habercorluda\" \/>\n<meta property=\"article:published_time\" content=\"2023-09-23T00:58:50+00:00\" \/>\n<meta property=\"article:modified_time\" content=\"2023-09-23T13:20:56+00:00\" \/>\n<meta property=\"og:image\" content=\"https:\/\/corludahaber.com\/h\/wp-content\/uploads\/2023\/09\/vali-soyturk-genclik-ve-spor-bakanligi-yatirimlarini-yerinde-inceledi_650e384c16d4a-jpeg.webp\" \/>\n\t<meta property=\"og:image:width\" content=\"800\" \/>\n\t<meta property=\"og:image:height\" content=\"533\" \/>\n\t<meta property=\"og:image:type\" content=\"image\/jpeg\" \/>\n<meta name=\"author\" content=\"\u00c7orlu&#039;da Haber\" \/>\n<meta name=\"twitter:card\" content=\"summary_large_image\" \/>\n<meta name=\"twitter:creator\" content=\"@habercorluda\" \/>\n<meta name=\"twitter:site\" content=\"@habercorluda\" \/>\n<meta name=\"twitter:label1\" content=\"Yazan:\" \/>\n\t<meta name=\"twitter:data1\" content=\"\u00c7orlu&#039;da Haber\" \/>\n\t<meta name=\"twitter:label2\" content=\"Tahmini okuma s\u00fcresi\" \/>\n\t<meta name=\"twitter:data2\" content=\"2 dakika\" \/>\n<script type=\"application\/ld+json\" class=\"yoast-schema-graph\">{\"@context\":\"https:\/\/schema.org\",\"@graph\":[{\"@type\":\"Article\",\"@id\":\"https:\/\/corludahaber.com\/h\/vali-soyturk-genclik-ve-spor-bakanligi-yatirimlarini-yerinde-inceledi\/67414#article\",\"isPartOf\":{\"@id\":\"https:\/\/corludahaber.com\/h\/vali-soyturk-genclik-ve-spor-bakanligi-yatirimlarini-yerinde-inceledi\/67414\"},\"author\":{\"name\":\"\u00c7orlu'da Haber\",\"@id\":\"https:\/\/corludahaber.com\/h\/#\/schema\/person\/b523522be44b062db5d74a62589768cd\"},\"headline\":\"Vali Soyt\u00fcrk Gen\u00e7lik ve Spor Bakanl\u0131\u011f\u0131 Yat\u0131r\u0131mlar\u0131n\u0131 Yerinde \u0130nceledi\",\"datePublished\":\"2023-09-23T00:58:50+00:00\",\"dateModified\":\"2023-09-23T13:20:56+00:00\",\"mainEntityOfPage\":{\"@id\":\"https:\/\/corludahaber.com\/h\/vali-soyturk-genclik-ve-spor-bakanligi-yatirimlarini-yerinde-inceledi\/67414\"},\"wordCount\":235,\"publisher\":{\"@id\":\"https:\/\/corludahaber.com\/h\/#organization\"},\"image\":{\"@id\":\"https:\/\/corludahaber.com\/h\/vali-soyturk-genclik-ve-spor-bakanligi-yatirimlarini-yerinde-inceledi\/67414#primaryimage\"},\"thumbnailUrl\":\"https:\/\/corludahaber.com\/h\/wp-content\/uploads\/2023\/09\/vali-soyturk-genclik-ve-spor-bakanligi-yatirimlarini-yerinde-inceledi_650e384c16d4a-jpeg.webp\",\"keywords\":[\"Bakanl\u0131\u011f\u0131\",\"Gen\u00e7lik\",\"inceledi\",\"Soyt\u00fcrk\",\"Vali Soyt\u00fcrk Gen\u00e7lik ve Spor Bakanl\u0131\u011f\u0131 Yat\u0131r\u0131mlar\u0131n\u0131 Yerinde \u0130nceledi\",\"Yat\u0131r\u0131mlar\u0131n\u0131\",\"Yerinde\"],\"articleSection\":[\"Spor\",\"Ya\u015fam\"],\"inLanguage\":\"tr\"},{\"@type\":\"WebPage\",\"@id\":\"https:\/\/corludahaber.com\/h\/vali-soyturk-genclik-ve-spor-bakanligi-yatirimlarini-yerinde-inceledi\/67414\",\"url\":\"https:\/\/corludahaber.com\/h\/vali-soyturk-genclik-ve-spor-bakanligi-yatirimlarini-yerinde-inceledi\/67414\",\"name\":\"Vali Soyt\u00fcrk Gen\u00e7lik ve Spor Bakanl\u0131\u011f\u0131 Yat\u0131r\u0131mlar\u0131n\u0131 Yerinde \u0130nceledi | \u00c7orlu&#039;da Haber\",\"isPartOf\":{\"@id\":\"https:\/\/corludahaber.com\/h\/#website\"},\"primaryImageOfPage\":{\"@id\":\"https:\/\/corludahaber.com\/h\/vali-soyturk-genclik-ve-spor-bakanligi-yatirimlarini-yerinde-inceledi\/67414#primaryimage\"},\"image\":{\"@id\":\"https:\/\/corludahaber.com\/h\/vali-soyturk-genclik-ve-spor-bakanligi-yatirimlarini-yerinde-inceledi\/67414#primaryimage\"},\"thumbnailUrl\":\"https:\/\/corludahaber.com\/h\/wp-content\/uploads\/2023\/09\/vali-soyturk-genclik-ve-spor-bakanligi-yatirimlarini-yerinde-inceledi_650e384c16d4a-jpeg.webp\",\"datePublished\":\"2023-09-23T00:58:50+00:00\",\"dateModified\":\"2023-09-23T13:20:56+00:00\",\"description\":\"Vali Soyt\u00fcrk Gen\u00e7lik ve Spor Bakanl\u0131\u011f\u0131 Yat\u0131r\u0131mlar\u0131n\u0131 Yerinde \u0130nceledi | Ya\u015fam \u00c7orlu&#039;da Haber\",\"breadcrumb\":{\"@id\":\"https:\/\/corludahaber.com\/h\/vali-soyturk-genclik-ve-spor-bakanligi-yatirimlarini-yerinde-inceledi\/67414#breadcrumb\"},\"inLanguage\":\"tr\",\"potentialAction\":[{\"@type\":\"ReadAction\",\"target\":[\"https:\/\/corludahaber.com\/h\/vali-soyturk-genclik-ve-spor-bakanligi-yatirimlarini-yerinde-inceledi\/67414\"]}]},{\"@type\":\"ImageObject\",\"inLanguage\":\"tr\",\"@id\":\"https:\/\/corludahaber.com\/h\/vali-soyturk-genclik-ve-spor-bakanligi-yatirimlarini-yerinde-inceledi\/67414#primaryimage\",\"url\":\"https:\/\/corludahaber.com\/h\/wp-content\/uploads\/2023\/09\/vali-soyturk-genclik-ve-spor-bakanligi-yatirimlarini-yerinde-inceledi_650e384c16d4a-jpeg.webp\",\"contentUrl\":\"https:\/\/corludahaber.com\/h\/wp-content\/uploads\/2023\/09\/vali-soyturk-genclik-ve-spor-bakanligi-yatirimlarini-yerinde-inceledi_650e384c16d4a-jpeg.webp\",\"width\":800,\"height\":533},{\"@type\":\"BreadcrumbList\",\"@id\":\"https:\/\/corludahaber.com\/h\/vali-soyturk-genclik-ve-spor-bakanligi-yatirimlarini-yerinde-inceledi\/67414#breadcrumb\",\"itemListElement\":[{\"@type\":\"ListItem\",\"position\":1,\"name\":\"Anasayfa\",\"item\":\"https:\/\/corludahaber.com\/h\/\"},{\"@type\":\"ListItem\",\"position\":2,\"name\":\"Ya\u015fam\",\"item\":\"https:\/\/corludahaber.com\/h\/kategori\/yasam\"},{\"@type\":\"ListItem\",\"position\":3,\"name\":\"Vali Soyt\u00fcrk Gen\u00e7lik ve Spor Bakanl\u0131\u011f\u0131 Yat\u0131r\u0131mlar\u0131n\u0131 Yerinde \u0130nceledi\"}]},{\"@type\":\"WebSite\",\"@id\":\"https:\/\/corludahaber.com\/h\/#website\",\"url\":\"https:\/\/corludahaber.com\/h\/\",\"name\":\"\u00c7orlu'da Haber\",\"description\":\"Ger\u00e7ek Tarafs\u0131z Haber\",\"publisher\":{\"@id\":\"https:\/\/corludahaber.com\/h\/#organization\"},\"potentialAction\":[{\"@type\":\"SearchAction\",\"target\":{\"@type\":\"EntryPoint\",\"urlTemplate\":\"https:\/\/corludahaber.com\/h\/?s={search_term_string}\"},\"query-input\":\"required name=search_term_string\"}],\"inLanguage\":\"tr\"},{\"@type\":\"Organization\",\"@id\":\"https:\/\/corludahaber.com\/h\/#organization\",\"name\":\"\u00c7orlu'da Haber\",\"url\":\"https:\/\/corludahaber.com\/h\/\",\"logo\":{\"@type\":\"ImageObject\",\"inLanguage\":\"tr\",\"@id\":\"https:\/\/corludahaber.com\/h\/#\/schema\/logo\/image\/\",\"url\":\"https:\/\/corludahaber.com\/h\/wp-content\/uploads\/2021\/12\/logo__9__1_-removebg-preview.png\",\"contentUrl\":\"https:\/\/corludahaber.com\/h\/wp-content\/uploads\/2021\/12\/logo__9__1_-removebg-preview.png\",\"width\":500,\"height\":157,\"caption\":\"\u00c7orlu'da Haber\"},\"image\":{\"@id\":\"https:\/\/corludahaber.com\/h\/#\/schema\/logo\/image\/\"},\"sameAs\":[\"https:\/\/facebook.com\/habercorluda\",\"https:\/\/x.com\/habercorluda\",\"https:\/\/www.instagram.com\/corludahaber\",\"https:\/\/www.youtube.com\/user\/corludahaber\"]},{\"@type\":\"Person\",\"@id\":\"https:\/\/corludahaber.com\/h\/#\/schema\/person\/b523522be44b062db5d74a62589768cd\",\"name\":\"\u00c7orlu'da Haber\",\"image\":{\"@type\":\"ImageObject\",\"inLanguage\":\"tr\",\"@id\":\"https:\/\/corludahaber.com\/h\/#\/schema\/person\/image\/\",\"url\":\"https:\/\/secure.gravatar.com\/avatar\/1033e54e078c29fd7f053370086ff627ba414b05c2b231c418a481adecd764ce?s=96&d=blank&r=g\",\"contentUrl\":\"https:\/\/secure.gravatar.com\/avatar\/1033e54e078c29fd7f053370086ff627ba414b05c2b231c418a481adecd764ce?s=96&d=blank&r=g\",\"caption\":\"\u00c7orlu'da Haber\"},\"sameAs\":[\"https:\/\/corludahaber.com\/h\"],\"url\":\"https:\/\/corludahaber.com\/h\/author\/admin\"}]}<\/script>\n<!-- \/ Yoast SEO Premium plugin. -->","yoast_head_json":{"title":"Vali Soyt\u00fcrk Gen\u00e7lik ve Spor Bakanl\u0131\u011f\u0131 Yat\u0131r\u0131mlar\u0131n\u0131 Yerinde \u0130nceledi | \u00c7orlu&#039;da Haber","description":"Vali Soyt\u00fcrk Gen\u00e7lik ve Spor Bakanl\u0131\u011f\u0131 Yat\u0131r\u0131mlar\u0131n\u0131 Yerinde \u0130nceledi | Ya\u015fam \u00c7orlu&#039;da Haber","robots":{"index":"index","follow":"follow","max-snippet":"max-snippet:-1","max-image-preview":"max-image-preview:large","max-video-preview":"max-video-preview:-1"},"canonical":"https:\/\/corludahaber.com\/h\/vali-soyturk-genclik-ve-spor-bakanligi-yatirimlarini-yerinde-inceledi\/67414","og_locale":"tr_TR","og_type":"article","og_title":"Vali Soyt\u00fcrk Gen\u00e7lik ve Spor Bakanl\u0131\u011f\u0131 Yat\u0131r\u0131mlar\u0131n\u0131 Yerinde \u0130nceledi | \u00c7orlu&#039;da Haber","og_description":"Vali Soyt\u00fcrk Gen\u00e7lik ve Spor Bakanl\u0131\u011f\u0131 Yat\u0131r\u0131mlar\u0131n\u0131 Yerinde \u0130nceledi | Ya\u015fam \u00c7orlu&#039;da Haber","og_url":"https:\/\/corludahaber.com\/h\/vali-soyturk-genclik-ve-spor-bakanligi-yatirimlarini-yerinde-inceledi\/67414","og_site_name":"\u00c7orlu&#039;da Haber","article_publisher":"https:\/\/facebook.com\/habercorluda","article_published_time":"2023-09-23T00:58:50+00:00","article_modified_time":"2023-09-23T13:20:56+00:00","og_image":[{"width":800,"height":533,"url":"https:\/\/corludahaber.com\/h\/wp-content\/uploads\/2023\/09\/vali-soyturk-genclik-ve-spor-bakanligi-yatirimlarini-yerinde-inceledi_650e384c16d4a-jpeg.webp","type":"image\/jpeg"}],"author":"\u00c7orlu'da Haber","twitter_card":"summary_large_image","twitter_creator":"@habercorluda","twitter_site":"@habercorluda","twitter_misc":{"Yazan:":"\u00c7orlu'da Haber","Tahmini okuma s\u00fcresi":"2 dakika"},"schema":{"@context":"https:\/\/schema.org","@graph":[{"@type":"Article","@id":"https:\/\/corludahaber.com\/h\/vali-soyturk-genclik-ve-spor-bakanligi-yatirimlarini-yerinde-inceledi\/67414#article","isPartOf":{"@id":"https:\/\/corludahaber.com\/h\/vali-soyturk-genclik-ve-spor-bakanligi-yatirimlarini-yerinde-inceledi\/67414"},"author":{"name":"\u00c7orlu'da Haber","@id":"https:\/\/corludahaber.com\/h\/#\/schema\/person\/b523522be44b062db5d74a62589768cd"},"headline":"Vali Soyt\u00fcrk Gen\u00e7lik ve Spor Bakanl\u0131\u011f\u0131 Yat\u0131r\u0131mlar\u0131n\u0131 Yerinde \u0130nceledi","datePublished":"2023-09-23T00:58:50+00:00","dateModified":"2023-09-23T13:20:56+00:00","mainEntityOfPage":{"@id":"https:\/\/corludahaber.com\/h\/vali-soyturk-genclik-ve-spor-bakanligi-yatirimlarini-yerinde-inceledi\/67414"},"wordCount":235,"publisher":{"@id":"https:\/\/corludahaber.com\/h\/#organization"},"image":{"@id":"https:\/\/corludahaber.com\/h\/vali-soyturk-genclik-ve-spor-bakanligi-yatirimlarini-yerinde-inceledi\/67414#primaryimage"},"thumbnailUrl":"https:\/\/corludahaber.com\/h\/wp-content\/uploads\/2023\/09\/vali-soyturk-genclik-ve-spor-bakanligi-yatirimlarini-yerinde-inceledi_650e384c16d4a-jpeg.webp","keywords":["Bakanl\u0131\u011f\u0131","Gen\u00e7lik","inceledi","Soyt\u00fcrk","Vali Soyt\u00fcrk Gen\u00e7lik ve Spor Bakanl\u0131\u011f\u0131 Yat\u0131r\u0131mlar\u0131n\u0131 Yerinde \u0130nceledi","Yat\u0131r\u0131mlar\u0131n\u0131","Yerinde"],"articleSection":["Spor","Ya\u015fam"],"inLanguage":"tr"},{"@type":"WebPage","@id":"https:\/\/corludahaber.com\/h\/vali-soyturk-genclik-ve-spor-bakanligi-yatirimlarini-yerinde-inceledi\/67414","url":"https:\/\/corludahaber.com\/h\/vali-soyturk-genclik-ve-spor-bakanligi-yatirimlarini-yerinde-inceledi\/67414","name":"Vali Soyt\u00fcrk Gen\u00e7lik ve Spor Bakanl\u0131\u011f\u0131 Yat\u0131r\u0131mlar\u0131n\u0131 Yerinde \u0130nceledi | \u00c7orlu&#039;da Haber","isPartOf":{"@id":"https:\/\/corludahaber.com\/h\/#website"},"primaryImageOfPage":{"@id":"https:\/\/corludahaber.com\/h\/vali-soyturk-genclik-ve-spor-bakanligi-yatirimlarini-yerinde-inceledi\/67414#primaryimage"},"image":{"@id":"https:\/\/corludahaber.com\/h\/vali-soyturk-genclik-ve-spor-bakanligi-yatirimlarini-yerinde-inceledi\/67414#primaryimage"},"thumbnailUrl":"https:\/\/corludahaber.com\/h\/wp-content\/uploads\/2023\/09\/vali-soyturk-genclik-ve-spor-bakanligi-yatirimlarini-yerinde-inceledi_650e384c16d4a-jpeg.webp","datePublished":"2023-09-23T00:58:50+00:00","dateModified":"2023-09-23T13:20:56+00:00","description":"Vali Soyt\u00fcrk Gen\u00e7lik ve Spor Bakanl\u0131\u011f\u0131 Yat\u0131r\u0131mlar\u0131n\u0131 Yerinde \u0130nceledi | Ya\u015fam \u00c7orlu&#039;da Haber","breadcrumb":{"@id":"https:\/\/corludahaber.com\/h\/vali-soyturk-genclik-ve-spor-bakanligi-yatirimlarini-yerinde-inceledi\/67414#breadcrumb"},"inLanguage":"tr","potentialAction":[{"@type":"ReadAction","target":["https:\/\/corludahaber.com\/h\/vali-soyturk-genclik-ve-spor-bakanligi-yatirimlarini-yerinde-inceledi\/67414"]}]},{"@type":"ImageObject","inLanguage":"tr","@id":"https:\/\/corludahaber.com\/h\/vali-soyturk-genclik-ve-spor-bakanligi-yatirimlarini-yerinde-inceledi\/67414#primaryimage","url":"https:\/\/corludahaber.com\/h\/wp-content\/uploads\/2023\/09\/vali-soyturk-genclik-ve-spor-bakanligi-yatirimlarini-yerinde-inceledi_650e384c16d4a-jpeg.webp","contentUrl":"https:\/\/corludahaber.com\/h\/wp-content\/uploads\/2023\/09\/vali-soyturk-genclik-ve-spor-bakanligi-yatirimlarini-yerinde-inceledi_650e384c16d4a-jpeg.webp","width":800,"height":533},{"@type":"BreadcrumbList","@id":"https:\/\/corludahaber.com\/h\/vali-soyturk-genclik-ve-spor-bakanligi-yatirimlarini-yerinde-inceledi\/67414#breadcrumb","itemListElement":[{"@type":"ListItem","position":1,"name":"Anasayfa","item":"https:\/\/corludahaber.com\/h\/"},{"@type":"ListItem","position":2,"name":"Ya\u015fam","item":"https:\/\/corludahaber.com\/h\/kategori\/yasam"},{"@type":"ListItem","position":3,"name":"Vali Soyt\u00fcrk Gen\u00e7lik ve Spor Bakanl\u0131\u011f\u0131 Yat\u0131r\u0131mlar\u0131n\u0131 Yerinde \u0130nceledi"}]},{"@type":"WebSite","@id":"https:\/\/corludahaber.com\/h\/#website","url":"https:\/\/corludahaber.com\/h\/","name":"\u00c7orlu'da Haber","description":"Ger\u00e7ek Tarafs\u0131z Haber","publisher":{"@id":"https:\/\/corludahaber.com\/h\/#organization"},"potentialAction":[{"@type":"SearchAction","target":{"@type":"EntryPoint","urlTemplate":"https:\/\/corludahaber.com\/h\/?s={search_term_string}"},"query-input":"required name=search_term_string"}],"inLanguage":"tr"},{"@type":"Organization","@id":"https:\/\/corludahaber.com\/h\/#organization","name":"\u00c7orlu'da Haber","url":"https:\/\/corludahaber.com\/h\/","logo":{"@type":"ImageObject","inLanguage":"tr","@id":"https:\/\/corludahaber.com\/h\/#\/schema\/logo\/image\/","url":"https:\/\/corludahaber.com\/h\/wp-content\/uploads\/2021\/12\/logo__9__1_-removebg-preview.png","contentUrl":"https:\/\/corludahaber.com\/h\/wp-content\/uploads\/2021\/12\/logo__9__1_-removebg-preview.png","width":500,"height":157,"caption":"\u00c7orlu'da Haber"},"image":{"@id":"https:\/\/corludahaber.com\/h\/#\/schema\/logo\/image\/"},"sameAs":["https:\/\/facebook.com\/habercorluda","https:\/\/x.com\/habercorluda","https:\/\/www.instagram.com\/corludahaber","https:\/\/www.youtube.com\/user\/corludahaber"]},{"@type":"Person","@id":"https:\/\/corludahaber.com\/h\/#\/schema\/person\/b523522be44b062db5d74a62589768cd","name":"\u00c7orlu'da Haber","image":{"@type":"ImageObject","inLanguage":"tr","@id":"https:\/\/corludahaber.com\/h\/#\/schema\/person\/image\/","url":"https:\/\/secure.gravatar.com\/avatar\/1033e54e078c29fd7f053370086ff627ba414b05c2b231c418a481adecd764ce?s=96&d=blank&r=g","contentUrl":"https:\/\/secure.gravatar.com\/avatar\/1033e54e078c29fd7f053370086ff627ba414b05c2b231c418a481adecd764ce?s=96&d=blank&r=g","caption":"\u00c7orlu'da Haber"},"sameAs":["https:\/\/corludahaber.com\/h"],"url":"https:\/\/corludahaber.com\/h\/author\/admin"}]}},"_links":{"self":[{"href":"https:\/\/corludahaber.com\/h\/wp-json\/wp\/v2\/posts\/67414","targetHints":{"allow":["GET"]}}],"collection":[{"href":"https:\/\/corludahaber.com\/h\/wp-json\/wp\/v2\/posts"}],"about":[{"href":"https:\/\/corludahaber.com\/h\/wp-json\/wp\/v2\/types\/post"}],"author":[{"embeddable":true,"href":"https:\/\/corludahaber.com\/h\/wp-json\/wp\/v2\/users\/151"}],"replies":[{"embeddable":true,"href":"https:\/\/corludahaber.com\/h\/wp-json\/wp\/v2\/comments?post=67414"}],"version-history":[{"count":0,"href":"https:\/\/corludahaber.com\/h\/wp-json\/wp\/v2\/posts\/67414\/revisions"}],"wp:featuredmedia":[{"embeddable":true,"href":"https:\/\/corludahaber.com\/h\/wp-json\/wp\/v2\/media\/67415"}],"wp:attachment":[{"href":"https:\/\/corludahaber.com\/h\/wp-json\/wp\/v2\/media?parent=67414"}],"wp:term":[{"taxonomy":"category","embeddable":true,"href":"https:\/\/corludahaber.com\/h\/wp-json\/wp\/v2\/categories?post=67414"},{"taxonomy":"post_tag","embeddable":true,"href":"https:\/\/corludahaber.com\/h\/wp-json\/wp\/v2\/tags?post=67414"}],"curies":[{"name":"wp","href":"https:\/\/api.w.org\/{rel}","templated":true}]}}