{"id":67156,"date":"2023-09-19T12:29:28","date_gmt":"2023-09-19T09:29:28","guid":{"rendered":"https:\/\/corludahaber.com\/h\/malkarada-40-donum-alanda-aniz-yangini\/67156"},"modified":"2023-09-19T12:29:34","modified_gmt":"2023-09-19T09:29:34","slug":"malkarada-40-donum-alanda-aniz-yangini","status":"publish","type":"post","link":"https:\/\/corludahaber.com\/h\/malkarada-40-donum-alanda-aniz-yangini\/67156","title":{"rendered":"Malkara&#8217;da 40 d\u00f6n\u00fcm alanda an\u0131z yang\u0131n\u0131"},"content":{"rendered":"<div class=\"corlu-icerikten-once_3\" id=\"corlu-35387637\"><script type='text\/javascript' src='https:\/\/platform-api.sharethis.com\/js\/sharethis.js#property=5ce8cf08af7d000012cb0ca1&product=inline-reaction-buttons' async='async'><\/script>\r\n\r\n<\/div><div readability=\"43\"><span class=\"category-name hidden\"><\/span><\/p>\n<p>\u00a0<\/p><div class=\"corlu-icerik-2\" id=\"corlu-845317520\"><!-- Admatic AUTO ads START -->\r\n<ins data-publisher=\"adm-pub-155556240050\" data-ad-network=\"659428a24d11b285b616c18d\"   class=\"adm-ads-area\"><\/ins>\r\n<script type=\"text\/javascript\" src=\"https:\/\/static.cdn.admatic.com.tr\/showad\/showad.min.js\"><\/script>\r\n<!-- Admatic AUTO ads END --><\/div>\n<p>Murat YAYIN\/MALKARA(Tekirda\u011f),(DHA)- TEK\u0130RDA\u011e&#8217;\u0131n Malkara il\u00e7esinde an\u0131zl\u0131 alanda \u00e7\u0131kan yang\u0131nda 40 d\u00f6n\u00fcm zarar g\u00f6rd\u00fc, alevler orman alan\u0131na s\u0131\u00e7ramadan kontrol alt\u0131na al\u0131nd\u0131.<\/p>\n<p>Yang\u0131n, il\u00e7eye ba\u011fl\u0131 k\u0131rsal Davuteli Mahallesi Harmanderesi mevkisinde hen\u00fcz belirlenemeyen nedenle meydana geldi. Tarlada an\u0131zlar\u0131n tutu\u015fmas\u0131yla ba\u015flayan yang\u0131n, r\u00fczgar\u0131n da etkisiyle k\u0131sa s\u00fcrede b\u00fcy\u00fcd\u00fc. \u0130hbar \u00fczerine b\u00f6lgeye giden itfaiye ekipleri ile \u00e7evredeki maden ocaklar\u0131ndan getirilen i\u015f makineleri ile alevlere m\u00fcdahale edildi. Alevler, 300 d\u00f6n\u00fcml\u00fck \u00e7am ve \u00e7e\u015fitli g\u00fcr a\u011fa\u00e7lar\u0131n bulundu\u011fu ormana ula\u015fmadan kontrol alt\u0131na al\u0131narak s\u00f6nd\u00fcr\u00fcld\u00fc. Yang\u0131nda yakla\u015f\u0131k 40 d\u00f6n\u00fcm an\u0131z alan\u0131 zarar g\u00f6rd\u00fc. Jandarma ekipleri yang\u0131n\u0131n \u00e7\u0131k\u0131\u015f nedenini belirlemek i\u00e7in \u00e7al\u0131\u015fmalar\u0131n\u0131 s\u00fcrd\u00fcr\u00fcyor. (DHA)<\/p>\n<\/div>\n<div class=\"corlu-icerikten-sonra_3\" id=\"corlu-950427250\"><p><img loading=\"lazy\" decoding=\"async\" class=\"aligncenter\" src=\"https:\/\/www.corludahaber.com\/bahcesehir.jpg\" alt=\"\" width=\"624\" height=\"196\" \/><\/p>\n<table style=\"text-align: left; width: 100%;\" border=\"1\" cellspacing=\"2\" cellpadding=\"2\">\n<tbody>\n<tr>\n<td style=\"background-color: #050805;\"><span style=\"font-size: 12pt;\"><small><small><em><strong><big><span style=\"color: #ff0000;\">Haber ve resimlerin telif haklar\u0131ndan dolay\u0131 kullan\u0131m\u0131 yasakt\u0131r<span style=\"color: #000000;\">.<\/span><\/span><span style=\"color: #000000;\">\u00a0<\/span><span style=\"color: #ffffff;\">Yaz\u0131l\u0131 izni al\u0131nmadan hi\u00e7bir yaz\u0131l\u0131, g\u00f6rsel, i\u015fitsel i\u00e7erik kopyalanamaz, de\u011fi\u015ftirilemez, yay\u0131nlanamaz veya sat\u0131lamaz. Aksi halde<\/span>\u00a0<span style=\"color: #ff0000;\">5846<span style=\"color: #ffffff;\">\u00a0<\/span><\/span><span style=\"color: #ffffff;\">say\u0131l\u0131 Fikir ve Sanat Eserleri Kanunu\u2019na ve<\/span>\u00a0<span style=\"color: #800000;\"><span style=\"color: #ff0000;\">6102<\/span><span style=\"color: #ffffff;\">\u00a0<\/span><\/span><span style=\"color: #ffffff;\">say\u0131l\u0131 maddesine g\u00f6re<\/span>\u00a0<span style=\"color: #ff0000;\">gerekli i\u015flemler uygulanacakt\u0131r.<\/span><br \/>\n<span style=\"color: #ffffff;\">\u00a9 Copyright 2014<\/span><\/big><\/strong><\/em><\/small><\/small><\/span><\/td>\n<\/tr>\n<\/tbody>\n<\/table>\n<p><small><small>\u00a0<\/small><\/small><\/p>\n<\/div>","protected":false},"excerpt":{"rendered":"<p>\u00a0 Murat YAYIN\/MALKARA(Tekirda\u011f),(DHA)- TEK\u0130RDA\u011e&#8217;\u0131n Malkara il\u00e7esinde an\u0131zl\u0131 alanda \u00e7\u0131kan yang\u0131nda 40 d\u00f6n\u00fcm zarar g\u00f6rd\u00fc, alevler orman alan\u0131na s\u0131\u00e7ramadan kontrol alt\u0131na al\u0131nd\u0131. Yang\u0131n, il\u00e7eye ba\u011fl\u0131 k\u0131rsal Davuteli Mahallesi Harmanderesi mevkisinde hen\u00fcz belirlenemeyen nedenle meydana geldi. Tarlada an\u0131zlar\u0131n tutu\u015fmas\u0131yla ba\u015flayan yang\u0131n, r\u00fczgar\u0131n da etkisiyle k\u0131sa s\u00fcrede b\u00fcy\u00fcd\u00fc. \u0130hbar \u00fczerine b\u00f6lgeye giden itfaiye ekipleri ile \u00e7evredeki maden ocaklar\u0131ndan &hellip;<\/p>\n","protected":false},"author":151,"featured_media":67157,"comment_status":"open","ping_status":"closed","sticky":false,"template":"","format":"standard","meta":{"footnotes":""},"categories":[27],"tags":[1637,2185,1143,644,4939,1086],"class_list":["post-67156","post","type-post","status-publish","format-standard","has-post-thumbnail","hentry","category-yasam","tag-alanda","tag-aniz","tag-donum","tag-malkara","tag-malkara-da-40-donum-alanda-aniz-yangini","tag-yangini"],"yoast_head":"<!-- This site is optimized with the Yoast SEO Premium plugin v23.3 (Yoast SEO v23.3) - https:\/\/yoast.com\/wordpress\/plugins\/seo\/ -->\n<title>Malkara&#039;da 40 d\u00f6n\u00fcm alanda an\u0131z yang\u0131n\u0131 | \u00c7orlu&#039;da Haber<\/title>\n<meta name=\"description\" content=\"Malkara&#039;da 40 d\u00f6n\u00fcm alanda an\u0131z yang\u0131n\u0131 | \u00c7orlu&#039;da Haber\" \/>\n<meta name=\"robots\" content=\"index, follow, max-snippet:-1, max-image-preview:large, max-video-preview:-1\" \/>\n<link rel=\"canonical\" href=\"https:\/\/corludahaber.com\/h\/malkarada-40-donum-alanda-aniz-yangini\/67156\" \/>\n<meta property=\"og:locale\" content=\"tr_TR\" \/>\n<meta property=\"og:type\" content=\"article\" \/>\n<meta property=\"og:title\" content=\"Malkara&#039;da 40 d\u00f6n\u00fcm alanda an\u0131z yang\u0131n\u0131 | \u00c7orlu&#039;da Haber\" \/>\n<meta property=\"og:description\" content=\"Malkara&#039;da 40 d\u00f6n\u00fcm alanda an\u0131z yang\u0131n\u0131 | \u00c7orlu&#039;da Haber\" \/>\n<meta property=\"og:url\" content=\"https:\/\/corludahaber.com\/h\/malkarada-40-donum-alanda-aniz-yangini\/67156\" \/>\n<meta property=\"og:site_name\" content=\"\u00c7orlu&#039;da Haber\" \/>\n<meta property=\"article:publisher\" content=\"https:\/\/facebook.com\/habercorluda\" \/>\n<meta property=\"article:published_time\" content=\"2023-09-19T09:29:28+00:00\" \/>\n<meta property=\"article:modified_time\" content=\"2023-09-19T09:29:34+00:00\" \/>\n<meta property=\"og:image\" content=\"https:\/\/corludahaber.com\/h\/wp-content\/uploads\/2023\/09\/malkarada-40-donum-alanda-aniz-yangini_650969fb241bf-jpeg.webp\" \/>\n\t<meta property=\"og:image:width\" content=\"600\" \/>\n\t<meta property=\"og:image:height\" content=\"397\" \/>\n\t<meta property=\"og:image:type\" content=\"image\/jpeg\" \/>\n<meta name=\"author\" content=\"\u00c7orlu&#039;da Haber\" \/>\n<meta name=\"twitter:card\" content=\"summary_large_image\" \/>\n<meta name=\"twitter:creator\" content=\"@habercorluda\" \/>\n<meta name=\"twitter:site\" content=\"@habercorluda\" \/>\n<meta name=\"twitter:label1\" content=\"Yazan:\" \/>\n\t<meta name=\"twitter:data1\" content=\"\u00c7orlu&#039;da Haber\" \/>\n\t<meta name=\"twitter:label2\" content=\"Tahmini okuma s\u00fcresi\" \/>\n\t<meta name=\"twitter:data2\" content=\"1 dakika\" \/>\n<script type=\"application\/ld+json\" class=\"yoast-schema-graph\">{\"@context\":\"https:\/\/schema.org\",\"@graph\":[{\"@type\":\"Article\",\"@id\":\"https:\/\/corludahaber.com\/h\/malkarada-40-donum-alanda-aniz-yangini\/67156#article\",\"isPartOf\":{\"@id\":\"https:\/\/corludahaber.com\/h\/malkarada-40-donum-alanda-aniz-yangini\/67156\"},\"author\":{\"name\":\"\u00c7orlu'da Haber\",\"@id\":\"https:\/\/corludahaber.com\/h\/#\/schema\/person\/b523522be44b062db5d74a62589768cd\"},\"headline\":\"Malkara&#8217;da 40 d\u00f6n\u00fcm alanda an\u0131z yang\u0131n\u0131\",\"datePublished\":\"2023-09-19T09:29:28+00:00\",\"dateModified\":\"2023-09-19T09:29:34+00:00\",\"mainEntityOfPage\":{\"@id\":\"https:\/\/corludahaber.com\/h\/malkarada-40-donum-alanda-aniz-yangini\/67156\"},\"wordCount\":166,\"commentCount\":0,\"publisher\":{\"@id\":\"https:\/\/corludahaber.com\/h\/#organization\"},\"image\":{\"@id\":\"https:\/\/corludahaber.com\/h\/malkarada-40-donum-alanda-aniz-yangini\/67156#primaryimage\"},\"thumbnailUrl\":\"https:\/\/corludahaber.com\/h\/wp-content\/uploads\/2023\/09\/malkarada-40-donum-alanda-aniz-yangini_650969fb241bf-jpeg.webp\",\"keywords\":[\"Alanda\",\"An\u0131z\",\"d\u00f6n\u00fcm\",\"Malkara\",\"Malkara da 40 d\u00f6n\u00fcm alanda an\u0131z yang\u0131n\u0131\",\"Yang\u0131n\u0131\"],\"articleSection\":[\"Ya\u015fam\"],\"inLanguage\":\"tr\",\"potentialAction\":[{\"@type\":\"CommentAction\",\"name\":\"Comment\",\"target\":[\"https:\/\/corludahaber.com\/h\/malkarada-40-donum-alanda-aniz-yangini\/67156#respond\"]}]},{\"@type\":\"WebPage\",\"@id\":\"https:\/\/corludahaber.com\/h\/malkarada-40-donum-alanda-aniz-yangini\/67156\",\"url\":\"https:\/\/corludahaber.com\/h\/malkarada-40-donum-alanda-aniz-yangini\/67156\",\"name\":\"Malkara'da 40 d\u00f6n\u00fcm alanda an\u0131z yang\u0131n\u0131 | \u00c7orlu&#039;da Haber\",\"isPartOf\":{\"@id\":\"https:\/\/corludahaber.com\/h\/#website\"},\"primaryImageOfPage\":{\"@id\":\"https:\/\/corludahaber.com\/h\/malkarada-40-donum-alanda-aniz-yangini\/67156#primaryimage\"},\"image\":{\"@id\":\"https:\/\/corludahaber.com\/h\/malkarada-40-donum-alanda-aniz-yangini\/67156#primaryimage\"},\"thumbnailUrl\":\"https:\/\/corludahaber.com\/h\/wp-content\/uploads\/2023\/09\/malkarada-40-donum-alanda-aniz-yangini_650969fb241bf-jpeg.webp\",\"datePublished\":\"2023-09-19T09:29:28+00:00\",\"dateModified\":\"2023-09-19T09:29:34+00:00\",\"description\":\"Malkara'da 40 d\u00f6n\u00fcm alanda an\u0131z yang\u0131n\u0131 | \u00c7orlu&#039;da Haber\",\"breadcrumb\":{\"@id\":\"https:\/\/corludahaber.com\/h\/malkarada-40-donum-alanda-aniz-yangini\/67156#breadcrumb\"},\"inLanguage\":\"tr\",\"potentialAction\":[{\"@type\":\"ReadAction\",\"target\":[\"https:\/\/corludahaber.com\/h\/malkarada-40-donum-alanda-aniz-yangini\/67156\"]}]},{\"@type\":\"ImageObject\",\"inLanguage\":\"tr\",\"@id\":\"https:\/\/corludahaber.com\/h\/malkarada-40-donum-alanda-aniz-yangini\/67156#primaryimage\",\"url\":\"https:\/\/corludahaber.com\/h\/wp-content\/uploads\/2023\/09\/malkarada-40-donum-alanda-aniz-yangini_650969fb241bf-jpeg.webp\",\"contentUrl\":\"https:\/\/corludahaber.com\/h\/wp-content\/uploads\/2023\/09\/malkarada-40-donum-alanda-aniz-yangini_650969fb241bf-jpeg.webp\",\"width\":600,\"height\":397},{\"@type\":\"BreadcrumbList\",\"@id\":\"https:\/\/corludahaber.com\/h\/malkarada-40-donum-alanda-aniz-yangini\/67156#breadcrumb\",\"itemListElement\":[{\"@type\":\"ListItem\",\"position\":1,\"name\":\"Anasayfa\",\"item\":\"https:\/\/corludahaber.com\/h\/\"},{\"@type\":\"ListItem\",\"position\":2,\"name\":\"Ya\u015fam\",\"item\":\"https:\/\/corludahaber.com\/h\/kategori\/yasam\"},{\"@type\":\"ListItem\",\"position\":3,\"name\":\"Malkara&#8217;da 40 d\u00f6n\u00fcm alanda an\u0131z yang\u0131n\u0131\"}]},{\"@type\":\"WebSite\",\"@id\":\"https:\/\/corludahaber.com\/h\/#website\",\"url\":\"https:\/\/corludahaber.com\/h\/\",\"name\":\"\u00c7orlu'da Haber\",\"description\":\"Ger\u00e7ek Tarafs\u0131z Haber\",\"publisher\":{\"@id\":\"https:\/\/corludahaber.com\/h\/#organization\"},\"potentialAction\":[{\"@type\":\"SearchAction\",\"target\":{\"@type\":\"EntryPoint\",\"urlTemplate\":\"https:\/\/corludahaber.com\/h\/?s={search_term_string}\"},\"query-input\":\"required name=search_term_string\"}],\"inLanguage\":\"tr\"},{\"@type\":\"Organization\",\"@id\":\"https:\/\/corludahaber.com\/h\/#organization\",\"name\":\"\u00c7orlu'da Haber\",\"url\":\"https:\/\/corludahaber.com\/h\/\",\"logo\":{\"@type\":\"ImageObject\",\"inLanguage\":\"tr\",\"@id\":\"https:\/\/corludahaber.com\/h\/#\/schema\/logo\/image\/\",\"url\":\"https:\/\/corludahaber.com\/h\/wp-content\/uploads\/2021\/12\/logo__9__1_-removebg-preview.png\",\"contentUrl\":\"https:\/\/corludahaber.com\/h\/wp-content\/uploads\/2021\/12\/logo__9__1_-removebg-preview.png\",\"width\":500,\"height\":157,\"caption\":\"\u00c7orlu'da Haber\"},\"image\":{\"@id\":\"https:\/\/corludahaber.com\/h\/#\/schema\/logo\/image\/\"},\"sameAs\":[\"https:\/\/facebook.com\/habercorluda\",\"https:\/\/x.com\/habercorluda\",\"https:\/\/www.instagram.com\/corludahaber\",\"https:\/\/www.youtube.com\/user\/corludahaber\"]},{\"@type\":\"Person\",\"@id\":\"https:\/\/corludahaber.com\/h\/#\/schema\/person\/b523522be44b062db5d74a62589768cd\",\"name\":\"\u00c7orlu'da Haber\",\"image\":{\"@type\":\"ImageObject\",\"inLanguage\":\"tr\",\"@id\":\"https:\/\/corludahaber.com\/h\/#\/schema\/person\/image\/\",\"url\":\"https:\/\/secure.gravatar.com\/avatar\/1033e54e078c29fd7f053370086ff627ba414b05c2b231c418a481adecd764ce?s=96&d=blank&r=g\",\"contentUrl\":\"https:\/\/secure.gravatar.com\/avatar\/1033e54e078c29fd7f053370086ff627ba414b05c2b231c418a481adecd764ce?s=96&d=blank&r=g\",\"caption\":\"\u00c7orlu'da Haber\"},\"sameAs\":[\"https:\/\/corludahaber.com\/h\"],\"url\":\"https:\/\/corludahaber.com\/h\/author\/admin\"}]}<\/script>\n<!-- \/ Yoast SEO Premium plugin. -->","yoast_head_json":{"title":"Malkara'da 40 d\u00f6n\u00fcm alanda an\u0131z yang\u0131n\u0131 | \u00c7orlu&#039;da Haber","description":"Malkara'da 40 d\u00f6n\u00fcm alanda an\u0131z yang\u0131n\u0131 | \u00c7orlu&#039;da Haber","robots":{"index":"index","follow":"follow","max-snippet":"max-snippet:-1","max-image-preview":"max-image-preview:large","max-video-preview":"max-video-preview:-1"},"canonical":"https:\/\/corludahaber.com\/h\/malkarada-40-donum-alanda-aniz-yangini\/67156","og_locale":"tr_TR","og_type":"article","og_title":"Malkara'da 40 d\u00f6n\u00fcm alanda an\u0131z yang\u0131n\u0131 | \u00c7orlu&#039;da Haber","og_description":"Malkara'da 40 d\u00f6n\u00fcm alanda an\u0131z yang\u0131n\u0131 | \u00c7orlu&#039;da Haber","og_url":"https:\/\/corludahaber.com\/h\/malkarada-40-donum-alanda-aniz-yangini\/67156","og_site_name":"\u00c7orlu&#039;da Haber","article_publisher":"https:\/\/facebook.com\/habercorluda","article_published_time":"2023-09-19T09:29:28+00:00","article_modified_time":"2023-09-19T09:29:34+00:00","og_image":[{"width":600,"height":397,"url":"https:\/\/corludahaber.com\/h\/wp-content\/uploads\/2023\/09\/malkarada-40-donum-alanda-aniz-yangini_650969fb241bf-jpeg.webp","type":"image\/jpeg"}],"author":"\u00c7orlu'da Haber","twitter_card":"summary_large_image","twitter_creator":"@habercorluda","twitter_site":"@habercorluda","twitter_misc":{"Yazan:":"\u00c7orlu'da Haber","Tahmini okuma s\u00fcresi":"1 dakika"},"schema":{"@context":"https:\/\/schema.org","@graph":[{"@type":"Article","@id":"https:\/\/corludahaber.com\/h\/malkarada-40-donum-alanda-aniz-yangini\/67156#article","isPartOf":{"@id":"https:\/\/corludahaber.com\/h\/malkarada-40-donum-alanda-aniz-yangini\/67156"},"author":{"name":"\u00c7orlu'da Haber","@id":"https:\/\/corludahaber.com\/h\/#\/schema\/person\/b523522be44b062db5d74a62589768cd"},"headline":"Malkara&#8217;da 40 d\u00f6n\u00fcm alanda an\u0131z yang\u0131n\u0131","datePublished":"2023-09-19T09:29:28+00:00","dateModified":"2023-09-19T09:29:34+00:00","mainEntityOfPage":{"@id":"https:\/\/corludahaber.com\/h\/malkarada-40-donum-alanda-aniz-yangini\/67156"},"wordCount":166,"commentCount":0,"publisher":{"@id":"https:\/\/corludahaber.com\/h\/#organization"},"image":{"@id":"https:\/\/corludahaber.com\/h\/malkarada-40-donum-alanda-aniz-yangini\/67156#primaryimage"},"thumbnailUrl":"https:\/\/corludahaber.com\/h\/wp-content\/uploads\/2023\/09\/malkarada-40-donum-alanda-aniz-yangini_650969fb241bf-jpeg.webp","keywords":["Alanda","An\u0131z","d\u00f6n\u00fcm","Malkara","Malkara da 40 d\u00f6n\u00fcm alanda an\u0131z yang\u0131n\u0131","Yang\u0131n\u0131"],"articleSection":["Ya\u015fam"],"inLanguage":"tr","potentialAction":[{"@type":"CommentAction","name":"Comment","target":["https:\/\/corludahaber.com\/h\/malkarada-40-donum-alanda-aniz-yangini\/67156#respond"]}]},{"@type":"WebPage","@id":"https:\/\/corludahaber.com\/h\/malkarada-40-donum-alanda-aniz-yangini\/67156","url":"https:\/\/corludahaber.com\/h\/malkarada-40-donum-alanda-aniz-yangini\/67156","name":"Malkara'da 40 d\u00f6n\u00fcm alanda an\u0131z yang\u0131n\u0131 | \u00c7orlu&#039;da Haber","isPartOf":{"@id":"https:\/\/corludahaber.com\/h\/#website"},"primaryImageOfPage":{"@id":"https:\/\/corludahaber.com\/h\/malkarada-40-donum-alanda-aniz-yangini\/67156#primaryimage"},"image":{"@id":"https:\/\/corludahaber.com\/h\/malkarada-40-donum-alanda-aniz-yangini\/67156#primaryimage"},"thumbnailUrl":"https:\/\/corludahaber.com\/h\/wp-content\/uploads\/2023\/09\/malkarada-40-donum-alanda-aniz-yangini_650969fb241bf-jpeg.webp","datePublished":"2023-09-19T09:29:28+00:00","dateModified":"2023-09-19T09:29:34+00:00","description":"Malkara'da 40 d\u00f6n\u00fcm alanda an\u0131z yang\u0131n\u0131 | \u00c7orlu&#039;da Haber","breadcrumb":{"@id":"https:\/\/corludahaber.com\/h\/malkarada-40-donum-alanda-aniz-yangini\/67156#breadcrumb"},"inLanguage":"tr","potentialAction":[{"@type":"ReadAction","target":["https:\/\/corludahaber.com\/h\/malkarada-40-donum-alanda-aniz-yangini\/67156"]}]},{"@type":"ImageObject","inLanguage":"tr","@id":"https:\/\/corludahaber.com\/h\/malkarada-40-donum-alanda-aniz-yangini\/67156#primaryimage","url":"https:\/\/corludahaber.com\/h\/wp-content\/uploads\/2023\/09\/malkarada-40-donum-alanda-aniz-yangini_650969fb241bf-jpeg.webp","contentUrl":"https:\/\/corludahaber.com\/h\/wp-content\/uploads\/2023\/09\/malkarada-40-donum-alanda-aniz-yangini_650969fb241bf-jpeg.webp","width":600,"height":397},{"@type":"BreadcrumbList","@id":"https:\/\/corludahaber.com\/h\/malkarada-40-donum-alanda-aniz-yangini\/67156#breadcrumb","itemListElement":[{"@type":"ListItem","position":1,"name":"Anasayfa","item":"https:\/\/corludahaber.com\/h\/"},{"@type":"ListItem","position":2,"name":"Ya\u015fam","item":"https:\/\/corludahaber.com\/h\/kategori\/yasam"},{"@type":"ListItem","position":3,"name":"Malkara&#8217;da 40 d\u00f6n\u00fcm alanda an\u0131z yang\u0131n\u0131"}]},{"@type":"WebSite","@id":"https:\/\/corludahaber.com\/h\/#website","url":"https:\/\/corludahaber.com\/h\/","name":"\u00c7orlu'da Haber","description":"Ger\u00e7ek Tarafs\u0131z Haber","publisher":{"@id":"https:\/\/corludahaber.com\/h\/#organization"},"potentialAction":[{"@type":"SearchAction","target":{"@type":"EntryPoint","urlTemplate":"https:\/\/corludahaber.com\/h\/?s={search_term_string}"},"query-input":"required name=search_term_string"}],"inLanguage":"tr"},{"@type":"Organization","@id":"https:\/\/corludahaber.com\/h\/#organization","name":"\u00c7orlu'da Haber","url":"https:\/\/corludahaber.com\/h\/","logo":{"@type":"ImageObject","inLanguage":"tr","@id":"https:\/\/corludahaber.com\/h\/#\/schema\/logo\/image\/","url":"https:\/\/corludahaber.com\/h\/wp-content\/uploads\/2021\/12\/logo__9__1_-removebg-preview.png","contentUrl":"https:\/\/corludahaber.com\/h\/wp-content\/uploads\/2021\/12\/logo__9__1_-removebg-preview.png","width":500,"height":157,"caption":"\u00c7orlu'da Haber"},"image":{"@id":"https:\/\/corludahaber.com\/h\/#\/schema\/logo\/image\/"},"sameAs":["https:\/\/facebook.com\/habercorluda","https:\/\/x.com\/habercorluda","https:\/\/www.instagram.com\/corludahaber","https:\/\/www.youtube.com\/user\/corludahaber"]},{"@type":"Person","@id":"https:\/\/corludahaber.com\/h\/#\/schema\/person\/b523522be44b062db5d74a62589768cd","name":"\u00c7orlu'da Haber","image":{"@type":"ImageObject","inLanguage":"tr","@id":"https:\/\/corludahaber.com\/h\/#\/schema\/person\/image\/","url":"https:\/\/secure.gravatar.com\/avatar\/1033e54e078c29fd7f053370086ff627ba414b05c2b231c418a481adecd764ce?s=96&d=blank&r=g","contentUrl":"https:\/\/secure.gravatar.com\/avatar\/1033e54e078c29fd7f053370086ff627ba414b05c2b231c418a481adecd764ce?s=96&d=blank&r=g","caption":"\u00c7orlu'da Haber"},"sameAs":["https:\/\/corludahaber.com\/h"],"url":"https:\/\/corludahaber.com\/h\/author\/admin"}]}},"_links":{"self":[{"href":"https:\/\/corludahaber.com\/h\/wp-json\/wp\/v2\/posts\/67156","targetHints":{"allow":["GET"]}}],"collection":[{"href":"https:\/\/corludahaber.com\/h\/wp-json\/wp\/v2\/posts"}],"about":[{"href":"https:\/\/corludahaber.com\/h\/wp-json\/wp\/v2\/types\/post"}],"author":[{"embeddable":true,"href":"https:\/\/corludahaber.com\/h\/wp-json\/wp\/v2\/users\/151"}],"replies":[{"embeddable":true,"href":"https:\/\/corludahaber.com\/h\/wp-json\/wp\/v2\/comments?post=67156"}],"version-history":[{"count":0,"href":"https:\/\/corludahaber.com\/h\/wp-json\/wp\/v2\/posts\/67156\/revisions"}],"wp:featuredmedia":[{"embeddable":true,"href":"https:\/\/corludahaber.com\/h\/wp-json\/wp\/v2\/media\/67157"}],"wp:attachment":[{"href":"https:\/\/corludahaber.com\/h\/wp-json\/wp\/v2\/media?parent=67156"}],"wp:term":[{"taxonomy":"category","embeddable":true,"href":"https:\/\/corludahaber.com\/h\/wp-json\/wp\/v2\/categories?post=67156"},{"taxonomy":"post_tag","embeddable":true,"href":"https:\/\/corludahaber.com\/h\/wp-json\/wp\/v2\/tags?post=67156"}],"curies":[{"name":"wp","href":"https:\/\/api.w.org\/{rel}","templated":true}]}}