{"id":64330,"date":"2023-08-03T15:29:21","date_gmt":"2023-08-03T12:29:21","guid":{"rendered":"https:\/\/corludahaber.com\/h\/suleymanpasa-belediyesinin-kumbag-parki-torenle-acildi\/64330"},"modified":"2023-08-03T15:29:26","modified_gmt":"2023-08-03T12:29:26","slug":"suleymanpasa-belediyesinin-kumbag-parki-torenle-acildi","status":"publish","type":"post","link":"https:\/\/corludahaber.com\/h\/suleymanpasa-belediyesinin-kumbag-parki-torenle-acildi\/64330","title":{"rendered":"S\u00fcleymanpa\u015fa Belediyesi&#8217;nin Kumba\u011f Park\u0131 t\u00f6renle a\u00e7\u0131ld\u0131"},"content":{"rendered":"<div class=\"corlu-icerikten-once_3\" id=\"corlu-3253172528\"><script type='text\/javascript' src='https:\/\/platform-api.sharethis.com\/js\/sharethis.js#property=5ce8cf08af7d000012cb0ca1&product=inline-reaction-buttons' async='async'><\/script>\r\n\r\n<\/div><div readability=\"69\"><span class=\"category-name hidden\"><\/span><\/p>\n<p>\u00a0<\/p><div class=\"corlu-icerik-2\" id=\"corlu-3789881668\"><!-- Admatic AUTO ads START -->\r\n<ins data-publisher=\"adm-pub-155556240050\" data-ad-network=\"659428a24d11b285b616c18d\"   class=\"adm-ads-area\"><\/ins>\r\n<script type=\"text\/javascript\" src=\"https:\/\/static.cdn.admatic.com.tr\/showad\/showad.min.js\"><\/script>\r\n<!-- Admatic AUTO ads END --><\/div>\n<p>TEK\u0130RDA\u011e, (DHA)- TEK\u0130RDA\u011e S\u00fcleymanpa\u015fa Belediyesi&#8217;nin her mahallede park projesi kapsam\u0131nda Kumba\u011f Mahallesi\u2019ne kazand\u0131r\u0131lan park t\u00f6renle hizmete a\u00e7\u0131ld\u0131.<\/p>\n<p>S\u00fcleymanpa\u015fa Belediye Ba\u015fkan\u0131 H\u00fcseyin Uzunlar\u2019\u0131n ev sahipli\u011finde d\u00fczenlenen a\u00e7\u0131l\u0131\u015f t\u00f6renine, kamu kurum temsilcileri, siyasi parti temsilcileri ile mahalle sakinleri kat\u0131ld\u0131. Sayg\u0131 duru\u015fu ve \u0130stiklal Mar\u015f\u0131\u2019n\u0131n okunmas\u0131 ile ba\u015flayan t\u00f6rende konu\u015fan S\u00fcleymanpa\u015fa Belediye Ba\u015fkan\u0131 H\u00fcseyin Uzunlar, \u015fehrin her noktas\u0131nda, uygun alan bulunan her mahallede parklar ve dinlenme alanlar\u0131 yapmaya devam ettiklerini s\u00f6yledi. Uzunlar, yapman\u0131n kolay oldu\u011funu, \u00f6nemli olan\u0131n ise mahalle sakinlerinin hayata ge\u00e7irilen projelere sahip \u00e7\u0131kmas\u0131 ve korumas\u0131 oldu\u011funu hat\u0131rlatarak, zarar vermek isteyenlere kar\u015f\u0131 parklar\u0131 koruma \u00e7a\u011fr\u0131s\u0131 yapt\u0131.<\/p>\n<p>Konu\u015fmas\u0131n\u0131n ard\u0131ndan, Ba\u015fkan Uzunlar\u2019a te\u015fekk\u00fcr eden Kumba\u011f Mahallesi Muhtar\u0131 Ekrem Kesim, kendisine \u00e7i\u00e7ek takdiminde bulundu. \u00c7ocuk oyun gruplar\u0131n\u0131n yan\u0131 s\u0131ra yeti\u015fkinler i\u00e7in spor aletlerinin yer ald\u0131\u011f\u0131 b\u00f6l\u00fcm ve kamelyalar\u0131n yer ald\u0131\u011f\u0131 Kumba\u011f Park\u0131, mahalle sakinlerine sosyalle\u015fme ve dinlenme imkan\u0131 sunuyor.<\/p>\n<p>S\u00fcleymanpa\u015fa Belediye Ba\u015fkan\u0131 H\u00fcseyin Uzunlar, &#8220;Kumba\u011f Mahallemize kazand\u0131rd\u0131\u011f\u0131m\u0131z, Kumba\u011f Park\u0131m\u0131z\u0131 halk\u0131m\u0131z\u0131n hizmetine a\u00e7man\u0131n mutlulu\u011funu ya\u015f\u0131yoruz. Mahalle sakinlerimizin, \u00e7ocuklar\u0131m\u0131z\u0131n ve gen\u00e7lerimizin istifadesine sundu\u011fumuz bu de\u011ferli proje, keyifli ve ne\u015feli an\u0131lara ev sahipli\u011fi yapacak. Halk\u0131m\u0131z i\u00e7in yeni bulu\u015fma noktas\u0131, \u00e7ocuklar\u0131m\u0131z i\u00e7in g\u00fcvenli ve modern bir oyun alan\u0131 olacak park\u0131m\u0131z\u0131n a\u00e7\u0131l\u0131\u015f\u0131nda bizleri yaln\u0131z b\u0131rakmayan, AK Parti S\u00fcleymanpa\u015fa \u0130l\u00e7e Ba\u015fkan\u0131m\u0131z Say\u0131n Sezayi \u00c7etin, Milliyet\u00e7i Hareket Partisi \u0130l\u00e7e Ba\u015fkan\u0131m\u0131z Say\u0131n H\u00fcseyin \u00dcret\u00fcrk ve Kumba\u011f muhtar\u0131m\u0131z Say\u0131n Ekrem Kesim ile mahalle sakinlerimize te\u015friflerinden dolay\u0131 i\u00e7tenlikle te\u015fekk\u00fcr ediyorum. G\u00f6z nuru, emek dolu bu park\u0131m\u0131z, her ya\u015ftan S\u00fcleymanpa\u015fal\u0131n\u0131n keyifli vakit ge\u00e7irebilece\u011fi, sosyal hayat\u0131n renkli ve huzurlu bir yans\u0131mas\u0131 olacak. Bu g\u00fczel projede eme\u011fi ge\u00e7en herkese te\u015fekk\u00fcr ediyorum. Hay\u0131rl\u0131 ve u\u011furlu olsun&#8221; diye konu\u015ftu.(DHA)<\/p>\n<p>\u00a0<\/p>\n<\/div>\n<div class=\"corlu-icerikten-sonra_3\" id=\"corlu-4173292457\"><p><img loading=\"lazy\" decoding=\"async\" class=\"aligncenter\" src=\"https:\/\/www.corludahaber.com\/bahcesehir.jpg\" alt=\"\" width=\"624\" height=\"196\" \/><\/p>\n<table style=\"text-align: left; width: 100%;\" border=\"1\" cellspacing=\"2\" cellpadding=\"2\">\n<tbody>\n<tr>\n<td style=\"background-color: #050805;\"><span style=\"font-size: 12pt;\"><small><small><em><strong><big><span style=\"color: #ff0000;\">Haber ve resimlerin telif haklar\u0131ndan dolay\u0131 kullan\u0131m\u0131 yasakt\u0131r<span style=\"color: #000000;\">.<\/span><\/span><span style=\"color: #000000;\">\u00a0<\/span><span style=\"color: #ffffff;\">Yaz\u0131l\u0131 izni al\u0131nmadan hi\u00e7bir yaz\u0131l\u0131, g\u00f6rsel, i\u015fitsel i\u00e7erik kopyalanamaz, de\u011fi\u015ftirilemez, yay\u0131nlanamaz veya sat\u0131lamaz. Aksi halde<\/span>\u00a0<span style=\"color: #ff0000;\">5846<span style=\"color: #ffffff;\">\u00a0<\/span><\/span><span style=\"color: #ffffff;\">say\u0131l\u0131 Fikir ve Sanat Eserleri Kanunu\u2019na ve<\/span>\u00a0<span style=\"color: #800000;\"><span style=\"color: #ff0000;\">6102<\/span><span style=\"color: #ffffff;\">\u00a0<\/span><\/span><span style=\"color: #ffffff;\">say\u0131l\u0131 maddesine g\u00f6re<\/span>\u00a0<span style=\"color: #ff0000;\">gerekli i\u015flemler uygulanacakt\u0131r.<\/span><br \/>\n<span style=\"color: #ffffff;\">\u00a9 Copyright 2014<\/span><\/big><\/strong><\/em><\/small><\/small><\/span><\/td>\n<\/tr>\n<\/tbody>\n<\/table>\n<p><small><small>\u00a0<\/small><\/small><\/p>\n<\/div>","protected":false},"excerpt":{"rendered":"<p>\u00a0 TEK\u0130RDA\u011e, (DHA)- TEK\u0130RDA\u011e S\u00fcleymanpa\u015fa Belediyesi&#8217;nin her mahallede park projesi kapsam\u0131nda Kumba\u011f Mahallesi\u2019ne kazand\u0131r\u0131lan park t\u00f6renle hizmete a\u00e7\u0131ld\u0131. S\u00fcleymanpa\u015fa Belediye Ba\u015fkan\u0131 H\u00fcseyin Uzunlar\u2019\u0131n ev sahipli\u011finde d\u00fczenlenen a\u00e7\u0131l\u0131\u015f t\u00f6renine, kamu kurum temsilcileri, siyasi parti temsilcileri ile mahalle sakinleri kat\u0131ld\u0131. Sayg\u0131 duru\u015fu ve \u0130stiklal Mar\u015f\u0131\u2019n\u0131n okunmas\u0131 ile ba\u015flayan t\u00f6rende konu\u015fan S\u00fcleymanpa\u015fa Belediye Ba\u015fkan\u0131 H\u00fcseyin Uzunlar, \u015fehrin her &hellip;<\/p>\n","protected":false},"author":151,"featured_media":64331,"comment_status":"open","ping_status":"closed","sticky":false,"template":"","format":"standard","meta":{"footnotes":""},"categories":[27],"tags":[393,383,1535,1286,405,2595,1051],"class_list":["post-64330","post","type-post","status-publish","format-standard","has-post-thumbnail","hentry","category-yasam","tag-acildi","tag-belediyesi","tag-kumbag","tag-parki","tag-suleymanpasa","tag-suleymanpasa-belediyesi-nin-kumbag-parki-torenle-acildi","tag-torenle"],"yoast_head":"<!-- This site is optimized with the Yoast SEO Premium plugin v23.3 (Yoast SEO v23.3) - https:\/\/yoast.com\/wordpress\/plugins\/seo\/ -->\n<title>S\u00fcleymanpa\u015fa Belediyesi&#039;nin Kumba\u011f Park\u0131 t\u00f6renle a\u00e7\u0131ld\u0131 | \u00c7orlu&#039;da Haber<\/title>\n<meta name=\"description\" content=\"S\u00fcleymanpa\u015fa Belediyesi&#039;nin Kumba\u011f Park\u0131 t\u00f6renle a\u00e7\u0131ld\u0131 | \u00c7orlu&#039;da Haber\" \/>\n<meta name=\"robots\" content=\"index, follow, max-snippet:-1, max-image-preview:large, max-video-preview:-1\" \/>\n<link rel=\"canonical\" href=\"https:\/\/corludahaber.com\/h\/suleymanpasa-belediyesinin-kumbag-parki-torenle-acildi\/64330\" \/>\n<meta property=\"og:locale\" content=\"tr_TR\" \/>\n<meta property=\"og:type\" content=\"article\" \/>\n<meta property=\"og:title\" content=\"S\u00fcleymanpa\u015fa Belediyesi&#039;nin Kumba\u011f Park\u0131 t\u00f6renle a\u00e7\u0131ld\u0131 | \u00c7orlu&#039;da Haber\" \/>\n<meta property=\"og:description\" content=\"S\u00fcleymanpa\u015fa Belediyesi&#039;nin Kumba\u011f Park\u0131 t\u00f6renle a\u00e7\u0131ld\u0131 | \u00c7orlu&#039;da Haber\" \/>\n<meta property=\"og:url\" content=\"https:\/\/corludahaber.com\/h\/suleymanpasa-belediyesinin-kumbag-parki-torenle-acildi\/64330\" \/>\n<meta property=\"og:site_name\" content=\"\u00c7orlu&#039;da Haber\" \/>\n<meta property=\"article:publisher\" content=\"https:\/\/facebook.com\/habercorluda\" \/>\n<meta property=\"article:published_time\" content=\"2023-08-03T12:29:21+00:00\" \/>\n<meta property=\"article:modified_time\" content=\"2023-08-03T12:29:26+00:00\" \/>\n<meta property=\"og:image\" content=\"https:\/\/corludahaber.com\/h\/wp-content\/uploads\/2023\/08\/suleymanpasa-belediyesinin-kumbag-parki-torenle-acildi_64cb9da45b08f.jpeg\" \/>\n\t<meta property=\"og:image:width\" content=\"600\" \/>\n\t<meta property=\"og:image:height\" content=\"400\" \/>\n\t<meta property=\"og:image:type\" content=\"image\/jpeg\" \/>\n<meta name=\"author\" content=\"\u00c7orlu&#039;da Haber\" \/>\n<meta name=\"twitter:card\" content=\"summary_large_image\" \/>\n<meta name=\"twitter:creator\" content=\"@habercorluda\" \/>\n<meta name=\"twitter:site\" content=\"@habercorluda\" \/>\n<meta name=\"twitter:label1\" content=\"Yazan:\" \/>\n\t<meta name=\"twitter:data1\" content=\"\u00c7orlu&#039;da Haber\" \/>\n\t<meta name=\"twitter:label2\" content=\"Tahmini okuma s\u00fcresi\" \/>\n\t<meta name=\"twitter:data2\" content=\"2 dakika\" \/>\n<script type=\"application\/ld+json\" class=\"yoast-schema-graph\">{\"@context\":\"https:\/\/schema.org\",\"@graph\":[{\"@type\":\"Article\",\"@id\":\"https:\/\/corludahaber.com\/h\/suleymanpasa-belediyesinin-kumbag-parki-torenle-acildi\/64330#article\",\"isPartOf\":{\"@id\":\"https:\/\/corludahaber.com\/h\/suleymanpasa-belediyesinin-kumbag-parki-torenle-acildi\/64330\"},\"author\":{\"name\":\"\u00c7orlu'da Haber\",\"@id\":\"https:\/\/corludahaber.com\/h\/#\/schema\/person\/b523522be44b062db5d74a62589768cd\"},\"headline\":\"S\u00fcleymanpa\u015fa Belediyesi&#8217;nin Kumba\u011f Park\u0131 t\u00f6renle a\u00e7\u0131ld\u0131\",\"datePublished\":\"2023-08-03T12:29:21+00:00\",\"dateModified\":\"2023-08-03T12:29:26+00:00\",\"mainEntityOfPage\":{\"@id\":\"https:\/\/corludahaber.com\/h\/suleymanpasa-belediyesinin-kumbag-parki-torenle-acildi\/64330\"},\"wordCount\":403,\"commentCount\":0,\"publisher\":{\"@id\":\"https:\/\/corludahaber.com\/h\/#organization\"},\"image\":{\"@id\":\"https:\/\/corludahaber.com\/h\/suleymanpasa-belediyesinin-kumbag-parki-torenle-acildi\/64330#primaryimage\"},\"thumbnailUrl\":\"https:\/\/corludahaber.com\/h\/wp-content\/uploads\/2023\/08\/suleymanpasa-belediyesinin-kumbag-parki-torenle-acildi_64cb9da45b08f.jpeg\",\"keywords\":[\"A\u00e7\u0131ld\u0131\",\"Belediyesi\",\"Kumba\u011f\",\"park\u0131\",\"S\u00fcleymanpa\u015fa\",\"S\u00fcleymanpa\u015fa Belediyesi nin Kumba\u011f Park\u0131 t\u00f6renle a\u00e7\u0131ld\u0131\",\"t\u00f6renle\"],\"articleSection\":[\"Ya\u015fam\"],\"inLanguage\":\"tr\",\"potentialAction\":[{\"@type\":\"CommentAction\",\"name\":\"Comment\",\"target\":[\"https:\/\/corludahaber.com\/h\/suleymanpasa-belediyesinin-kumbag-parki-torenle-acildi\/64330#respond\"]}]},{\"@type\":\"WebPage\",\"@id\":\"https:\/\/corludahaber.com\/h\/suleymanpasa-belediyesinin-kumbag-parki-torenle-acildi\/64330\",\"url\":\"https:\/\/corludahaber.com\/h\/suleymanpasa-belediyesinin-kumbag-parki-torenle-acildi\/64330\",\"name\":\"S\u00fcleymanpa\u015fa Belediyesi'nin Kumba\u011f Park\u0131 t\u00f6renle a\u00e7\u0131ld\u0131 | \u00c7orlu&#039;da Haber\",\"isPartOf\":{\"@id\":\"https:\/\/corludahaber.com\/h\/#website\"},\"primaryImageOfPage\":{\"@id\":\"https:\/\/corludahaber.com\/h\/suleymanpasa-belediyesinin-kumbag-parki-torenle-acildi\/64330#primaryimage\"},\"image\":{\"@id\":\"https:\/\/corludahaber.com\/h\/suleymanpasa-belediyesinin-kumbag-parki-torenle-acildi\/64330#primaryimage\"},\"thumbnailUrl\":\"https:\/\/corludahaber.com\/h\/wp-content\/uploads\/2023\/08\/suleymanpasa-belediyesinin-kumbag-parki-torenle-acildi_64cb9da45b08f.jpeg\",\"datePublished\":\"2023-08-03T12:29:21+00:00\",\"dateModified\":\"2023-08-03T12:29:26+00:00\",\"description\":\"S\u00fcleymanpa\u015fa Belediyesi'nin Kumba\u011f Park\u0131 t\u00f6renle a\u00e7\u0131ld\u0131 | \u00c7orlu&#039;da Haber\",\"breadcrumb\":{\"@id\":\"https:\/\/corludahaber.com\/h\/suleymanpasa-belediyesinin-kumbag-parki-torenle-acildi\/64330#breadcrumb\"},\"inLanguage\":\"tr\",\"potentialAction\":[{\"@type\":\"ReadAction\",\"target\":[\"https:\/\/corludahaber.com\/h\/suleymanpasa-belediyesinin-kumbag-parki-torenle-acildi\/64330\"]}]},{\"@type\":\"ImageObject\",\"inLanguage\":\"tr\",\"@id\":\"https:\/\/corludahaber.com\/h\/suleymanpasa-belediyesinin-kumbag-parki-torenle-acildi\/64330#primaryimage\",\"url\":\"https:\/\/corludahaber.com\/h\/wp-content\/uploads\/2023\/08\/suleymanpasa-belediyesinin-kumbag-parki-torenle-acildi_64cb9da45b08f.jpeg\",\"contentUrl\":\"https:\/\/corludahaber.com\/h\/wp-content\/uploads\/2023\/08\/suleymanpasa-belediyesinin-kumbag-parki-torenle-acildi_64cb9da45b08f.jpeg\",\"width\":600,\"height\":400},{\"@type\":\"BreadcrumbList\",\"@id\":\"https:\/\/corludahaber.com\/h\/suleymanpasa-belediyesinin-kumbag-parki-torenle-acildi\/64330#breadcrumb\",\"itemListElement\":[{\"@type\":\"ListItem\",\"position\":1,\"name\":\"Anasayfa\",\"item\":\"https:\/\/corludahaber.com\/h\/\"},{\"@type\":\"ListItem\",\"position\":2,\"name\":\"Ya\u015fam\",\"item\":\"https:\/\/corludahaber.com\/h\/kategori\/yasam\"},{\"@type\":\"ListItem\",\"position\":3,\"name\":\"S\u00fcleymanpa\u015fa Belediyesi&#8217;nin Kumba\u011f Park\u0131 t\u00f6renle a\u00e7\u0131ld\u0131\"}]},{\"@type\":\"WebSite\",\"@id\":\"https:\/\/corludahaber.com\/h\/#website\",\"url\":\"https:\/\/corludahaber.com\/h\/\",\"name\":\"\u00c7orlu'da Haber\",\"description\":\"Ger\u00e7ek Tarafs\u0131z Haber\",\"publisher\":{\"@id\":\"https:\/\/corludahaber.com\/h\/#organization\"},\"potentialAction\":[{\"@type\":\"SearchAction\",\"target\":{\"@type\":\"EntryPoint\",\"urlTemplate\":\"https:\/\/corludahaber.com\/h\/?s={search_term_string}\"},\"query-input\":\"required name=search_term_string\"}],\"inLanguage\":\"tr\"},{\"@type\":\"Organization\",\"@id\":\"https:\/\/corludahaber.com\/h\/#organization\",\"name\":\"\u00c7orlu'da Haber\",\"url\":\"https:\/\/corludahaber.com\/h\/\",\"logo\":{\"@type\":\"ImageObject\",\"inLanguage\":\"tr\",\"@id\":\"https:\/\/corludahaber.com\/h\/#\/schema\/logo\/image\/\",\"url\":\"https:\/\/corludahaber.com\/h\/wp-content\/uploads\/2021\/12\/logo__9__1_-removebg-preview.png\",\"contentUrl\":\"https:\/\/corludahaber.com\/h\/wp-content\/uploads\/2021\/12\/logo__9__1_-removebg-preview.png\",\"width\":500,\"height\":157,\"caption\":\"\u00c7orlu'da Haber\"},\"image\":{\"@id\":\"https:\/\/corludahaber.com\/h\/#\/schema\/logo\/image\/\"},\"sameAs\":[\"https:\/\/facebook.com\/habercorluda\",\"https:\/\/x.com\/habercorluda\",\"https:\/\/www.instagram.com\/corludahaber\",\"https:\/\/www.youtube.com\/user\/corludahaber\"]},{\"@type\":\"Person\",\"@id\":\"https:\/\/corludahaber.com\/h\/#\/schema\/person\/b523522be44b062db5d74a62589768cd\",\"name\":\"\u00c7orlu'da Haber\",\"image\":{\"@type\":\"ImageObject\",\"inLanguage\":\"tr\",\"@id\":\"https:\/\/corludahaber.com\/h\/#\/schema\/person\/image\/\",\"url\":\"https:\/\/secure.gravatar.com\/avatar\/1033e54e078c29fd7f053370086ff627ba414b05c2b231c418a481adecd764ce?s=96&d=blank&r=g\",\"contentUrl\":\"https:\/\/secure.gravatar.com\/avatar\/1033e54e078c29fd7f053370086ff627ba414b05c2b231c418a481adecd764ce?s=96&d=blank&r=g\",\"caption\":\"\u00c7orlu'da Haber\"},\"sameAs\":[\"https:\/\/corludahaber.com\/h\"],\"url\":\"https:\/\/corludahaber.com\/h\/author\/admin\"}]}<\/script>\n<!-- \/ Yoast SEO Premium plugin. -->","yoast_head_json":{"title":"S\u00fcleymanpa\u015fa Belediyesi'nin Kumba\u011f Park\u0131 t\u00f6renle a\u00e7\u0131ld\u0131 | \u00c7orlu&#039;da Haber","description":"S\u00fcleymanpa\u015fa Belediyesi'nin Kumba\u011f Park\u0131 t\u00f6renle a\u00e7\u0131ld\u0131 | \u00c7orlu&#039;da Haber","robots":{"index":"index","follow":"follow","max-snippet":"max-snippet:-1","max-image-preview":"max-image-preview:large","max-video-preview":"max-video-preview:-1"},"canonical":"https:\/\/corludahaber.com\/h\/suleymanpasa-belediyesinin-kumbag-parki-torenle-acildi\/64330","og_locale":"tr_TR","og_type":"article","og_title":"S\u00fcleymanpa\u015fa Belediyesi'nin Kumba\u011f Park\u0131 t\u00f6renle a\u00e7\u0131ld\u0131 | \u00c7orlu&#039;da Haber","og_description":"S\u00fcleymanpa\u015fa Belediyesi'nin Kumba\u011f Park\u0131 t\u00f6renle a\u00e7\u0131ld\u0131 | \u00c7orlu&#039;da Haber","og_url":"https:\/\/corludahaber.com\/h\/suleymanpasa-belediyesinin-kumbag-parki-torenle-acildi\/64330","og_site_name":"\u00c7orlu&#039;da Haber","article_publisher":"https:\/\/facebook.com\/habercorluda","article_published_time":"2023-08-03T12:29:21+00:00","article_modified_time":"2023-08-03T12:29:26+00:00","og_image":[{"width":600,"height":400,"url":"https:\/\/corludahaber.com\/h\/wp-content\/uploads\/2023\/08\/suleymanpasa-belediyesinin-kumbag-parki-torenle-acildi_64cb9da45b08f.jpeg","type":"image\/jpeg"}],"author":"\u00c7orlu'da Haber","twitter_card":"summary_large_image","twitter_creator":"@habercorluda","twitter_site":"@habercorluda","twitter_misc":{"Yazan:":"\u00c7orlu'da Haber","Tahmini okuma s\u00fcresi":"2 dakika"},"schema":{"@context":"https:\/\/schema.org","@graph":[{"@type":"Article","@id":"https:\/\/corludahaber.com\/h\/suleymanpasa-belediyesinin-kumbag-parki-torenle-acildi\/64330#article","isPartOf":{"@id":"https:\/\/corludahaber.com\/h\/suleymanpasa-belediyesinin-kumbag-parki-torenle-acildi\/64330"},"author":{"name":"\u00c7orlu'da Haber","@id":"https:\/\/corludahaber.com\/h\/#\/schema\/person\/b523522be44b062db5d74a62589768cd"},"headline":"S\u00fcleymanpa\u015fa Belediyesi&#8217;nin Kumba\u011f Park\u0131 t\u00f6renle a\u00e7\u0131ld\u0131","datePublished":"2023-08-03T12:29:21+00:00","dateModified":"2023-08-03T12:29:26+00:00","mainEntityOfPage":{"@id":"https:\/\/corludahaber.com\/h\/suleymanpasa-belediyesinin-kumbag-parki-torenle-acildi\/64330"},"wordCount":403,"commentCount":0,"publisher":{"@id":"https:\/\/corludahaber.com\/h\/#organization"},"image":{"@id":"https:\/\/corludahaber.com\/h\/suleymanpasa-belediyesinin-kumbag-parki-torenle-acildi\/64330#primaryimage"},"thumbnailUrl":"https:\/\/corludahaber.com\/h\/wp-content\/uploads\/2023\/08\/suleymanpasa-belediyesinin-kumbag-parki-torenle-acildi_64cb9da45b08f.jpeg","keywords":["A\u00e7\u0131ld\u0131","Belediyesi","Kumba\u011f","park\u0131","S\u00fcleymanpa\u015fa","S\u00fcleymanpa\u015fa Belediyesi nin Kumba\u011f Park\u0131 t\u00f6renle a\u00e7\u0131ld\u0131","t\u00f6renle"],"articleSection":["Ya\u015fam"],"inLanguage":"tr","potentialAction":[{"@type":"CommentAction","name":"Comment","target":["https:\/\/corludahaber.com\/h\/suleymanpasa-belediyesinin-kumbag-parki-torenle-acildi\/64330#respond"]}]},{"@type":"WebPage","@id":"https:\/\/corludahaber.com\/h\/suleymanpasa-belediyesinin-kumbag-parki-torenle-acildi\/64330","url":"https:\/\/corludahaber.com\/h\/suleymanpasa-belediyesinin-kumbag-parki-torenle-acildi\/64330","name":"S\u00fcleymanpa\u015fa Belediyesi'nin Kumba\u011f Park\u0131 t\u00f6renle a\u00e7\u0131ld\u0131 | \u00c7orlu&#039;da Haber","isPartOf":{"@id":"https:\/\/corludahaber.com\/h\/#website"},"primaryImageOfPage":{"@id":"https:\/\/corludahaber.com\/h\/suleymanpasa-belediyesinin-kumbag-parki-torenle-acildi\/64330#primaryimage"},"image":{"@id":"https:\/\/corludahaber.com\/h\/suleymanpasa-belediyesinin-kumbag-parki-torenle-acildi\/64330#primaryimage"},"thumbnailUrl":"https:\/\/corludahaber.com\/h\/wp-content\/uploads\/2023\/08\/suleymanpasa-belediyesinin-kumbag-parki-torenle-acildi_64cb9da45b08f.jpeg","datePublished":"2023-08-03T12:29:21+00:00","dateModified":"2023-08-03T12:29:26+00:00","description":"S\u00fcleymanpa\u015fa Belediyesi'nin Kumba\u011f Park\u0131 t\u00f6renle a\u00e7\u0131ld\u0131 | \u00c7orlu&#039;da Haber","breadcrumb":{"@id":"https:\/\/corludahaber.com\/h\/suleymanpasa-belediyesinin-kumbag-parki-torenle-acildi\/64330#breadcrumb"},"inLanguage":"tr","potentialAction":[{"@type":"ReadAction","target":["https:\/\/corludahaber.com\/h\/suleymanpasa-belediyesinin-kumbag-parki-torenle-acildi\/64330"]}]},{"@type":"ImageObject","inLanguage":"tr","@id":"https:\/\/corludahaber.com\/h\/suleymanpasa-belediyesinin-kumbag-parki-torenle-acildi\/64330#primaryimage","url":"https:\/\/corludahaber.com\/h\/wp-content\/uploads\/2023\/08\/suleymanpasa-belediyesinin-kumbag-parki-torenle-acildi_64cb9da45b08f.jpeg","contentUrl":"https:\/\/corludahaber.com\/h\/wp-content\/uploads\/2023\/08\/suleymanpasa-belediyesinin-kumbag-parki-torenle-acildi_64cb9da45b08f.jpeg","width":600,"height":400},{"@type":"BreadcrumbList","@id":"https:\/\/corludahaber.com\/h\/suleymanpasa-belediyesinin-kumbag-parki-torenle-acildi\/64330#breadcrumb","itemListElement":[{"@type":"ListItem","position":1,"name":"Anasayfa","item":"https:\/\/corludahaber.com\/h\/"},{"@type":"ListItem","position":2,"name":"Ya\u015fam","item":"https:\/\/corludahaber.com\/h\/kategori\/yasam"},{"@type":"ListItem","position":3,"name":"S\u00fcleymanpa\u015fa Belediyesi&#8217;nin Kumba\u011f Park\u0131 t\u00f6renle a\u00e7\u0131ld\u0131"}]},{"@type":"WebSite","@id":"https:\/\/corludahaber.com\/h\/#website","url":"https:\/\/corludahaber.com\/h\/","name":"\u00c7orlu'da Haber","description":"Ger\u00e7ek Tarafs\u0131z Haber","publisher":{"@id":"https:\/\/corludahaber.com\/h\/#organization"},"potentialAction":[{"@type":"SearchAction","target":{"@type":"EntryPoint","urlTemplate":"https:\/\/corludahaber.com\/h\/?s={search_term_string}"},"query-input":"required name=search_term_string"}],"inLanguage":"tr"},{"@type":"Organization","@id":"https:\/\/corludahaber.com\/h\/#organization","name":"\u00c7orlu'da Haber","url":"https:\/\/corludahaber.com\/h\/","logo":{"@type":"ImageObject","inLanguage":"tr","@id":"https:\/\/corludahaber.com\/h\/#\/schema\/logo\/image\/","url":"https:\/\/corludahaber.com\/h\/wp-content\/uploads\/2021\/12\/logo__9__1_-removebg-preview.png","contentUrl":"https:\/\/corludahaber.com\/h\/wp-content\/uploads\/2021\/12\/logo__9__1_-removebg-preview.png","width":500,"height":157,"caption":"\u00c7orlu'da Haber"},"image":{"@id":"https:\/\/corludahaber.com\/h\/#\/schema\/logo\/image\/"},"sameAs":["https:\/\/facebook.com\/habercorluda","https:\/\/x.com\/habercorluda","https:\/\/www.instagram.com\/corludahaber","https:\/\/www.youtube.com\/user\/corludahaber"]},{"@type":"Person","@id":"https:\/\/corludahaber.com\/h\/#\/schema\/person\/b523522be44b062db5d74a62589768cd","name":"\u00c7orlu'da Haber","image":{"@type":"ImageObject","inLanguage":"tr","@id":"https:\/\/corludahaber.com\/h\/#\/schema\/person\/image\/","url":"https:\/\/secure.gravatar.com\/avatar\/1033e54e078c29fd7f053370086ff627ba414b05c2b231c418a481adecd764ce?s=96&d=blank&r=g","contentUrl":"https:\/\/secure.gravatar.com\/avatar\/1033e54e078c29fd7f053370086ff627ba414b05c2b231c418a481adecd764ce?s=96&d=blank&r=g","caption":"\u00c7orlu'da Haber"},"sameAs":["https:\/\/corludahaber.com\/h"],"url":"https:\/\/corludahaber.com\/h\/author\/admin"}]}},"_links":{"self":[{"href":"https:\/\/corludahaber.com\/h\/wp-json\/wp\/v2\/posts\/64330","targetHints":{"allow":["GET"]}}],"collection":[{"href":"https:\/\/corludahaber.com\/h\/wp-json\/wp\/v2\/posts"}],"about":[{"href":"https:\/\/corludahaber.com\/h\/wp-json\/wp\/v2\/types\/post"}],"author":[{"embeddable":true,"href":"https:\/\/corludahaber.com\/h\/wp-json\/wp\/v2\/users\/151"}],"replies":[{"embeddable":true,"href":"https:\/\/corludahaber.com\/h\/wp-json\/wp\/v2\/comments?post=64330"}],"version-history":[{"count":0,"href":"https:\/\/corludahaber.com\/h\/wp-json\/wp\/v2\/posts\/64330\/revisions"}],"wp:featuredmedia":[{"embeddable":true,"href":"https:\/\/corludahaber.com\/h\/wp-json\/wp\/v2\/media\/64331"}],"wp:attachment":[{"href":"https:\/\/corludahaber.com\/h\/wp-json\/wp\/v2\/media?parent=64330"}],"wp:term":[{"taxonomy":"category","embeddable":true,"href":"https:\/\/corludahaber.com\/h\/wp-json\/wp\/v2\/categories?post=64330"},{"taxonomy":"post_tag","embeddable":true,"href":"https:\/\/corludahaber.com\/h\/wp-json\/wp\/v2\/tags?post=64330"}],"curies":[{"name":"wp","href":"https:\/\/api.w.org\/{rel}","templated":true}]}}