{"id":60223,"date":"2023-05-24T16:52:09","date_gmt":"2023-05-24T13:52:09","guid":{"rendered":"https:\/\/corludahaber.com\/h\/edirne-valisi-kirbiyiktan-modernizasyon-calismalari-tamamlanan-pazarkulede-inceleme\/60223"},"modified":"2023-05-24T16:53:16","modified_gmt":"2023-05-24T13:53:16","slug":"edirne-valisi-kirbiyiktan-modernizasyon-calismalari-tamamlanan-pazarkulede-inceleme","status":"publish","type":"post","link":"https:\/\/corludahaber.com\/h\/edirne-valisi-kirbiyiktan-modernizasyon-calismalari-tamamlanan-pazarkulede-inceleme\/60223","title":{"rendered":"Edirne Valisi K\u0131rb\u0131y\u0131k\u2019tan, modernizasyon \u00e7al\u0131\u015fmalar\u0131 tamamlanan Pazarkule\u2019de inceleme"},"content":{"rendered":"<div class=\"corlu-icerikten-once_3\" id=\"corlu-1152492058\"><script type='text\/javascript' src='https:\/\/platform-api.sharethis.com\/js\/sharethis.js#property=5ce8cf08af7d000012cb0ca1&product=inline-reaction-buttons' async='async'><\/script>\r\n\r\n<\/div><p><p>\u00dcnsal Y\u00dcCEL\/ED\u0130RNE, (DHA)-ED\u0130RNE Valisi H\u00fcseyin K\u00fcr\u015fat K\u0131rb\u0131y\u0131k, yenileme ve modernizasyon \u00e7al\u0131\u015fmalar\u0131 tamamlanan Pazarkule S\u0131n\u0131r Kap\u0131s\u0131\u2019nda incelemelerde bulundu.<\/p>\n<p>Edirne Valisi K\u0131rb\u0131y\u0131k, Pazarkule S\u0131n\u0131r Kap\u0131s\u0131&#8217;n\u0131n yeni y\u00fcz\u00fc ve kapasitesiyle hizmet vermeye ba\u015flad\u0131\u011f\u0131n\u0131 s\u00f6yledi. \u0130ncelemeye, Vali K\u0131rb\u0131y\u0131k\u2019\u0131n yan\u0131 s\u0131ra Vali Yard\u0131mc\u0131s\u0131 Samet \u00d6zt\u00fcrk, Trakya G\u00fcmr\u00fck ve D\u0131\u015f Ticaret B\u00f6lge M\u00fcd\u00fcr\u00fc Nihat K\u0131n\u0131k ve \u0130l Emniyet M\u00fcd\u00fcr\u00fc Mustafa Al\u00e7alar da kat\u0131ld\u0131.<\/p><div class=\"corlu-icerik-2\" id=\"corlu-2881012795\"><!-- Admatic AUTO ads START -->\r\n<ins data-publisher=\"adm-pub-155556240050\" data-ad-network=\"659428a24d11b285b616c18d\"   class=\"adm-ads-area\"><\/ins>\r\n<script type=\"text\/javascript\" src=\"https:\/\/static.cdn.admatic.com.tr\/showad\/showad.min.js\"><\/script>\r\n<!-- Admatic AUTO ads END --><\/div>\n<p>Vali K\u0131rb\u0131y\u0131k, \u201cPazarkule S\u0131n\u0131r Kap\u0131s\u0131 yeni y\u00fcz\u00fcyle ve kapasitesiyle hizmet vermeye ba\u015flad\u0131. \u00c7evre d\u00fczenlemesi ve birka\u00e7 detay i\u015flemin ard\u0131ndan a\u00e7\u0131l\u0131\u015f\u0131n\u0131 yapm\u0131\u015f olaca\u011f\u0131z. Yap\u0131lan \u00e7al\u0131\u015fmalar esnas\u0131nda t\u00fcm s\u00fcrecin, ge\u00e7i\u015f i\u015flemlerinin kesintiye u\u011frat\u0131lmadan tamamlanmas\u0131 \u00fczerinde durdu\u011fumuz bir konuydu. \u0130n\u015fallah en k\u0131sa zamanda resmi a\u00e7\u0131l\u0131\u015f\u0131n\u0131 yaparak \u00e7ok \u00f6nemli bir projemizi daha tamamlam\u0131\u015f, Edirne\u2019mize kazand\u0131rm\u0131\u015f olaca\u011f\u0131z&#8221; dedi.\u00a0 G\u00fcmr\u00fck ge\u00e7i\u015f i\u015flemlerinin kesintiye u\u011frat\u0131lmadan tamamlanan yenileme \u00e7al\u0131\u015fmalar\u0131n\u0131n ard\u0131ndan Pazarkule S\u0131n\u0131r Kap\u0131s\u0131\u2019nda peron say\u0131s\u0131n\u0131n 6\u2019ya \u00e7\u0131kar\u0131ld\u0131\u011f\u0131, x-ray tarama ve y\u00fcz tan\u0131ma gibi di\u011fer ilave g\u00fcvenlik sistemlerinin devreye al\u0131nd\u0131\u011f\u0131 kaydedildi. (DHA)<\/p>\n<\/p>\n<div id='gallery-1' class='gallery galleryid-60223 gallery-columns-3 gallery-size-full'><figure class='gallery-item'>\n\t\t\t<div class='gallery-icon landscape'>\n\t\t\t\t<a href='https:\/\/corludahaber.com\/h\/wp-content\/uploads\/2023\/05\/edirne-valisi-kirbiyiktan-modernizasyon-calismalari-tamamlanan-pazarkulede-inceleme_be24560.jpg'><img decoding=\"async\" width=\"600\" height=\"399\" src=\"data:image\/png;base64,iVBORw0KGgoAAAANSUhEUgAAAYYAAADcAQMAAABOLJSDAAAAA1BMVEUAAACnej3aAAAAAXRSTlMAQObYZgAAACJJREFUaIHtwTEBAAAAwqD1T20ND6AAAAAAAAAAAAAA4N8AKvgAAUFIrrEAAAAASUVORK5CYII=\" class=\"attachment-full size-full lazy-img\" alt=\"\" data-src=\"https:\/\/corludahaber.com\/h\/wp-content\/uploads\/2023\/05\/edirne-valisi-kirbiyiktan-modernizasyon-calismalari-tamamlanan-pazarkulede-inceleme_be24560.jpg\" loading=\"lazy\" \/><\/a>\n\t\t\t<\/div><\/figure><figure class='gallery-item'>\n\t\t\t<div class='gallery-icon landscape'>\n\t\t\t\t<a href='https:\/\/corludahaber.com\/h\/wp-content\/uploads\/2023\/05\/edirne-valisi-kirbiyiktan-modernizasyon-calismalari-tamamlanan-pazarkulede-inceleme_8ab31d0.jpg'><img decoding=\"async\" width=\"600\" height=\"398\" src=\"data:image\/png;base64,iVBORw0KGgoAAAANSUhEUgAAAYYAAADcAQMAAABOLJSDAAAAA1BMVEUAAACnej3aAAAAAXRSTlMAQObYZgAAACJJREFUaIHtwTEBAAAAwqD1T20ND6AAAAAAAAAAAAAA4N8AKvgAAUFIrrEAAAAASUVORK5CYII=\" class=\"attachment-full size-full lazy-img\" alt=\"\" data-src=\"https:\/\/corludahaber.com\/h\/wp-content\/uploads\/2023\/05\/edirne-valisi-kirbiyiktan-modernizasyon-calismalari-tamamlanan-pazarkulede-inceleme_8ab31d0.jpg\" loading=\"lazy\" \/><\/a>\n\t\t\t<\/div><\/figure><figure class='gallery-item'>\n\t\t\t<div class='gallery-icon landscape'>\n\t\t\t\t<a href='https:\/\/corludahaber.com\/h\/wp-content\/uploads\/2023\/05\/edirne-valisi-kirbiyiktan-modernizasyon-calismalari-tamamlanan-pazarkulede-inceleme_96643cb.jpg'><img decoding=\"async\" width=\"600\" height=\"398\" src=\"data:image\/png;base64,iVBORw0KGgoAAAANSUhEUgAAAYYAAADcAQMAAABOLJSDAAAAA1BMVEUAAACnej3aAAAAAXRSTlMAQObYZgAAACJJREFUaIHtwTEBAAAAwqD1T20ND6AAAAAAAAAAAAAA4N8AKvgAAUFIrrEAAAAASUVORK5CYII=\" class=\"attachment-full size-full lazy-img\" alt=\"\" data-src=\"https:\/\/corludahaber.com\/h\/wp-content\/uploads\/2023\/05\/edirne-valisi-kirbiyiktan-modernizasyon-calismalari-tamamlanan-pazarkulede-inceleme_96643cb.jpg\" loading=\"lazy\" \/><\/a>\n\t\t\t<\/div><\/figure>\n\t\t<\/div>\n\n<div class=\"corlu-icerikten-sonra_3\" id=\"corlu-3461460827\"><p><img loading=\"lazy\" decoding=\"async\" class=\"aligncenter\" src=\"https:\/\/www.corludahaber.com\/bahcesehir.jpg\" alt=\"\" width=\"624\" height=\"196\" \/><\/p>\n<table style=\"text-align: left; width: 100%;\" border=\"1\" cellspacing=\"2\" cellpadding=\"2\">\n<tbody>\n<tr>\n<td style=\"background-color: #050805;\"><span style=\"font-size: 12pt;\"><small><small><em><strong><big><span style=\"color: #ff0000;\">Haber ve resimlerin telif haklar\u0131ndan dolay\u0131 kullan\u0131m\u0131 yasakt\u0131r<span style=\"color: #000000;\">.<\/span><\/span><span style=\"color: #000000;\">\u00a0<\/span><span style=\"color: #ffffff;\">Yaz\u0131l\u0131 izni al\u0131nmadan hi\u00e7bir yaz\u0131l\u0131, g\u00f6rsel, i\u015fitsel i\u00e7erik kopyalanamaz, de\u011fi\u015ftirilemez, yay\u0131nlanamaz veya sat\u0131lamaz. Aksi halde<\/span>\u00a0<span style=\"color: #ff0000;\">5846<span style=\"color: #ffffff;\">\u00a0<\/span><\/span><span style=\"color: #ffffff;\">say\u0131l\u0131 Fikir ve Sanat Eserleri Kanunu\u2019na ve<\/span>\u00a0<span style=\"color: #800000;\"><span style=\"color: #ff0000;\">6102<\/span><span style=\"color: #ffffff;\">\u00a0<\/span><\/span><span style=\"color: #ffffff;\">say\u0131l\u0131 maddesine g\u00f6re<\/span>\u00a0<span style=\"color: #ff0000;\">gerekli i\u015flemler uygulanacakt\u0131r.<\/span><br \/>\n<span style=\"color: #ffffff;\">\u00a9 Copyright 2014<\/span><\/big><\/strong><\/em><\/small><\/small><\/span><\/td>\n<\/tr>\n<\/tbody>\n<\/table>\n<p><small><small>\u00a0<\/small><\/small><\/p>\n<\/div>","protected":false},"excerpt":{"rendered":"<p>\u00dcnsal Y\u00dcCEL\/ED\u0130RNE, (DHA)-ED\u0130RNE Valisi H\u00fcseyin K\u00fcr\u015fat K\u0131rb\u0131y\u0131k, yenileme ve modernizasyon \u00e7al\u0131\u015fmalar\u0131 tamamlanan Pazarkule S\u0131n\u0131r Kap\u0131s\u0131\u2019nda incelemelerde bulundu. Edirne Valisi K\u0131rb\u0131y\u0131k, Pazarkule S\u0131n\u0131r Kap\u0131s\u0131&#8217;n\u0131n yeni y\u00fcz\u00fc ve kapasitesiyle hizmet vermeye ba\u015flad\u0131\u011f\u0131n\u0131 s\u00f6yledi. \u0130ncelemeye, Vali K\u0131rb\u0131y\u0131k\u2019\u0131n yan\u0131 s\u0131ra Vali Yard\u0131mc\u0131s\u0131 Samet \u00d6zt\u00fcrk, Trakya G\u00fcmr\u00fck ve D\u0131\u015f Ticaret B\u00f6lge M\u00fcd\u00fcr\u00fc Nihat K\u0131n\u0131k ve \u0130l Emniyet M\u00fcd\u00fcr\u00fc Mustafa Al\u00e7alar &hellip;<\/p>\n","protected":false},"author":1,"featured_media":60224,"comment_status":"open","ping_status":"open","sticky":false,"template":"","format":"standard","meta":{"footnotes":""},"categories":[27],"tags":[],"class_list":["post-60223","post","type-post","status-publish","format-standard","has-post-thumbnail","hentry","category-yasam"],"yoast_head":"<!-- This site is optimized with the Yoast SEO Premium plugin v23.3 (Yoast SEO v23.3) - https:\/\/yoast.com\/wordpress\/plugins\/seo\/ -->\n<title>Edirne Valisi K\u0131rb\u0131y\u0131k\u2019tan, modernizasyon \u00e7al\u0131\u015fmalar\u0131 tamamlanan Pazarkule\u2019de inceleme | \u00c7orlu&#039;da Haber<\/title>\n<meta name=\"description\" content=\"Edirne Valisi K\u0131rb\u0131y\u0131k\u2019tan, modernizasyon \u00e7al\u0131\u015fmalar\u0131 tamamlanan Pazarkule\u2019de inceleme | \u00c7orlu&#039;da Haber\" \/>\n<meta name=\"robots\" content=\"index, follow, max-snippet:-1, max-image-preview:large, max-video-preview:-1\" \/>\n<link rel=\"canonical\" href=\"https:\/\/corludahaber.com\/h\/edirne-valisi-kirbiyiktan-modernizasyon-calismalari-tamamlanan-pazarkulede-inceleme\/60223\" \/>\n<meta property=\"og:locale\" content=\"tr_TR\" \/>\n<meta property=\"og:type\" content=\"article\" \/>\n<meta property=\"og:title\" content=\"Edirne Valisi K\u0131rb\u0131y\u0131k\u2019tan, modernizasyon \u00e7al\u0131\u015fmalar\u0131 tamamlanan Pazarkule\u2019de inceleme | \u00c7orlu&#039;da Haber\" \/>\n<meta property=\"og:description\" content=\"Edirne Valisi K\u0131rb\u0131y\u0131k\u2019tan, modernizasyon \u00e7al\u0131\u015fmalar\u0131 tamamlanan Pazarkule\u2019de inceleme | \u00c7orlu&#039;da Haber\" \/>\n<meta property=\"og:url\" content=\"https:\/\/corludahaber.com\/h\/edirne-valisi-kirbiyiktan-modernizasyon-calismalari-tamamlanan-pazarkulede-inceleme\/60223\" \/>\n<meta property=\"og:site_name\" content=\"\u00c7orlu&#039;da Haber\" \/>\n<meta property=\"article:publisher\" content=\"https:\/\/facebook.com\/habercorluda\" \/>\n<meta property=\"article:published_time\" content=\"2023-05-24T13:52:09+00:00\" \/>\n<meta property=\"article:modified_time\" content=\"2023-05-24T13:53:16+00:00\" \/>\n<meta property=\"og:image\" content=\"https:\/\/corludahaber.com\/h\/wp-content\/uploads\/2023\/05\/edirne-valisi-kirbiyiktan-modernizasyon-calismalari-tamamlanan-pazarkulede-inceleme_1270668.jpg\" \/>\n\t<meta property=\"og:image:width\" content=\"600\" \/>\n\t<meta property=\"og:image:height\" content=\"398\" \/>\n\t<meta property=\"og:image:type\" content=\"image\/jpeg\" \/>\n<meta name=\"twitter:card\" content=\"summary_large_image\" \/>\n<meta name=\"twitter:creator\" content=\"@habercorluda\" \/>\n<meta name=\"twitter:site\" content=\"@habercorluda\" \/>\n<meta name=\"twitter:label1\" content=\"Yazan:\" \/>\n\t<meta name=\"twitter:data1\" content=\"\" \/>\n\t<meta name=\"twitter:label2\" content=\"Tahmini okuma s\u00fcresi\" \/>\n\t<meta name=\"twitter:data2\" content=\"1 dakika\" \/>\n<script type=\"application\/ld+json\" class=\"yoast-schema-graph\">{\"@context\":\"https:\/\/schema.org\",\"@graph\":[{\"@type\":\"Article\",\"@id\":\"https:\/\/corludahaber.com\/h\/edirne-valisi-kirbiyiktan-modernizasyon-calismalari-tamamlanan-pazarkulede-inceleme\/60223#article\",\"isPartOf\":{\"@id\":\"https:\/\/corludahaber.com\/h\/edirne-valisi-kirbiyiktan-modernizasyon-calismalari-tamamlanan-pazarkulede-inceleme\/60223\"},\"author\":{\"name\":\"\",\"@id\":\"\"},\"headline\":\"Edirne Valisi K\u0131rb\u0131y\u0131k\u2019tan, modernizasyon \u00e7al\u0131\u015fmalar\u0131 tamamlanan Pazarkule\u2019de inceleme\",\"datePublished\":\"2023-05-24T13:52:09+00:00\",\"dateModified\":\"2023-05-24T13:53:16+00:00\",\"mainEntityOfPage\":{\"@id\":\"https:\/\/corludahaber.com\/h\/edirne-valisi-kirbiyiktan-modernizasyon-calismalari-tamamlanan-pazarkulede-inceleme\/60223\"},\"wordCount\":264,\"commentCount\":0,\"publisher\":{\"@id\":\"https:\/\/corludahaber.com\/h\/#organization\"},\"image\":{\"@id\":\"https:\/\/corludahaber.com\/h\/edirne-valisi-kirbiyiktan-modernizasyon-calismalari-tamamlanan-pazarkulede-inceleme\/60223#primaryimage\"},\"thumbnailUrl\":\"https:\/\/corludahaber.com\/h\/wp-content\/uploads\/2023\/05\/edirne-valisi-kirbiyiktan-modernizasyon-calismalari-tamamlanan-pazarkulede-inceleme_1270668.jpg\",\"articleSection\":[\"Ya\u015fam\"],\"inLanguage\":\"tr\",\"potentialAction\":[{\"@type\":\"CommentAction\",\"name\":\"Comment\",\"target\":[\"https:\/\/corludahaber.com\/h\/edirne-valisi-kirbiyiktan-modernizasyon-calismalari-tamamlanan-pazarkulede-inceleme\/60223#respond\"]}]},{\"@type\":\"WebPage\",\"@id\":\"https:\/\/corludahaber.com\/h\/edirne-valisi-kirbiyiktan-modernizasyon-calismalari-tamamlanan-pazarkulede-inceleme\/60223\",\"url\":\"https:\/\/corludahaber.com\/h\/edirne-valisi-kirbiyiktan-modernizasyon-calismalari-tamamlanan-pazarkulede-inceleme\/60223\",\"name\":\"Edirne Valisi K\u0131rb\u0131y\u0131k\u2019tan, modernizasyon \u00e7al\u0131\u015fmalar\u0131 tamamlanan Pazarkule\u2019de inceleme | \u00c7orlu&#039;da Haber\",\"isPartOf\":{\"@id\":\"https:\/\/corludahaber.com\/h\/#website\"},\"primaryImageOfPage\":{\"@id\":\"https:\/\/corludahaber.com\/h\/edirne-valisi-kirbiyiktan-modernizasyon-calismalari-tamamlanan-pazarkulede-inceleme\/60223#primaryimage\"},\"image\":{\"@id\":\"https:\/\/corludahaber.com\/h\/edirne-valisi-kirbiyiktan-modernizasyon-calismalari-tamamlanan-pazarkulede-inceleme\/60223#primaryimage\"},\"thumbnailUrl\":\"https:\/\/corludahaber.com\/h\/wp-content\/uploads\/2023\/05\/edirne-valisi-kirbiyiktan-modernizasyon-calismalari-tamamlanan-pazarkulede-inceleme_1270668.jpg\",\"datePublished\":\"2023-05-24T13:52:09+00:00\",\"dateModified\":\"2023-05-24T13:53:16+00:00\",\"description\":\"Edirne Valisi K\u0131rb\u0131y\u0131k\u2019tan, modernizasyon \u00e7al\u0131\u015fmalar\u0131 tamamlanan Pazarkule\u2019de inceleme | \u00c7orlu&#039;da Haber\",\"breadcrumb\":{\"@id\":\"https:\/\/corludahaber.com\/h\/edirne-valisi-kirbiyiktan-modernizasyon-calismalari-tamamlanan-pazarkulede-inceleme\/60223#breadcrumb\"},\"inLanguage\":\"tr\",\"potentialAction\":[{\"@type\":\"ReadAction\",\"target\":[\"https:\/\/corludahaber.com\/h\/edirne-valisi-kirbiyiktan-modernizasyon-calismalari-tamamlanan-pazarkulede-inceleme\/60223\"]}]},{\"@type\":\"ImageObject\",\"inLanguage\":\"tr\",\"@id\":\"https:\/\/corludahaber.com\/h\/edirne-valisi-kirbiyiktan-modernizasyon-calismalari-tamamlanan-pazarkulede-inceleme\/60223#primaryimage\",\"url\":\"https:\/\/corludahaber.com\/h\/wp-content\/uploads\/2023\/05\/edirne-valisi-kirbiyiktan-modernizasyon-calismalari-tamamlanan-pazarkulede-inceleme_1270668.jpg\",\"contentUrl\":\"https:\/\/corludahaber.com\/h\/wp-content\/uploads\/2023\/05\/edirne-valisi-kirbiyiktan-modernizasyon-calismalari-tamamlanan-pazarkulede-inceleme_1270668.jpg\",\"width\":600,\"height\":398},{\"@type\":\"BreadcrumbList\",\"@id\":\"https:\/\/corludahaber.com\/h\/edirne-valisi-kirbiyiktan-modernizasyon-calismalari-tamamlanan-pazarkulede-inceleme\/60223#breadcrumb\",\"itemListElement\":[{\"@type\":\"ListItem\",\"position\":1,\"name\":\"Anasayfa\",\"item\":\"https:\/\/corludahaber.com\/h\/\"},{\"@type\":\"ListItem\",\"position\":2,\"name\":\"Ya\u015fam\",\"item\":\"https:\/\/corludahaber.com\/h\/kategori\/yasam\"},{\"@type\":\"ListItem\",\"position\":3,\"name\":\"Edirne Valisi K\u0131rb\u0131y\u0131k\u2019tan, modernizasyon \u00e7al\u0131\u015fmalar\u0131 tamamlanan Pazarkule\u2019de inceleme\"}]},{\"@type\":\"WebSite\",\"@id\":\"https:\/\/corludahaber.com\/h\/#website\",\"url\":\"https:\/\/corludahaber.com\/h\/\",\"name\":\"\u00c7orlu'da Haber\",\"description\":\"Ger\u00e7ek Tarafs\u0131z Haber\",\"publisher\":{\"@id\":\"https:\/\/corludahaber.com\/h\/#organization\"},\"potentialAction\":[{\"@type\":\"SearchAction\",\"target\":{\"@type\":\"EntryPoint\",\"urlTemplate\":\"https:\/\/corludahaber.com\/h\/?s={search_term_string}\"},\"query-input\":\"required name=search_term_string\"}],\"inLanguage\":\"tr\"},{\"@type\":\"Organization\",\"@id\":\"https:\/\/corludahaber.com\/h\/#organization\",\"name\":\"\u00c7orlu'da Haber\",\"url\":\"https:\/\/corludahaber.com\/h\/\",\"logo\":{\"@type\":\"ImageObject\",\"inLanguage\":\"tr\",\"@id\":\"https:\/\/corludahaber.com\/h\/#\/schema\/logo\/image\/\",\"url\":\"https:\/\/corludahaber.com\/h\/wp-content\/uploads\/2021\/12\/logo__9__1_-removebg-preview.png\",\"contentUrl\":\"https:\/\/corludahaber.com\/h\/wp-content\/uploads\/2021\/12\/logo__9__1_-removebg-preview.png\",\"width\":500,\"height\":157,\"caption\":\"\u00c7orlu'da Haber\"},\"image\":{\"@id\":\"https:\/\/corludahaber.com\/h\/#\/schema\/logo\/image\/\"},\"sameAs\":[\"https:\/\/facebook.com\/habercorluda\",\"https:\/\/x.com\/habercorluda\",\"https:\/\/www.instagram.com\/corludahaber\",\"https:\/\/www.youtube.com\/user\/corludahaber\"]},{\"@type\":\"Person\",\"@id\":\"\",\"url\":\"https:\/\/corludahaber.com\/h\/author\"}]}<\/script>\n<!-- \/ Yoast SEO Premium plugin. -->","yoast_head_json":{"title":"Edirne Valisi K\u0131rb\u0131y\u0131k\u2019tan, modernizasyon \u00e7al\u0131\u015fmalar\u0131 tamamlanan Pazarkule\u2019de inceleme | \u00c7orlu&#039;da Haber","description":"Edirne Valisi K\u0131rb\u0131y\u0131k\u2019tan, modernizasyon \u00e7al\u0131\u015fmalar\u0131 tamamlanan Pazarkule\u2019de inceleme | \u00c7orlu&#039;da Haber","robots":{"index":"index","follow":"follow","max-snippet":"max-snippet:-1","max-image-preview":"max-image-preview:large","max-video-preview":"max-video-preview:-1"},"canonical":"https:\/\/corludahaber.com\/h\/edirne-valisi-kirbiyiktan-modernizasyon-calismalari-tamamlanan-pazarkulede-inceleme\/60223","og_locale":"tr_TR","og_type":"article","og_title":"Edirne Valisi K\u0131rb\u0131y\u0131k\u2019tan, modernizasyon \u00e7al\u0131\u015fmalar\u0131 tamamlanan Pazarkule\u2019de inceleme | \u00c7orlu&#039;da Haber","og_description":"Edirne Valisi K\u0131rb\u0131y\u0131k\u2019tan, modernizasyon \u00e7al\u0131\u015fmalar\u0131 tamamlanan Pazarkule\u2019de inceleme | \u00c7orlu&#039;da Haber","og_url":"https:\/\/corludahaber.com\/h\/edirne-valisi-kirbiyiktan-modernizasyon-calismalari-tamamlanan-pazarkulede-inceleme\/60223","og_site_name":"\u00c7orlu&#039;da Haber","article_publisher":"https:\/\/facebook.com\/habercorluda","article_published_time":"2023-05-24T13:52:09+00:00","article_modified_time":"2023-05-24T13:53:16+00:00","og_image":[{"width":600,"height":398,"url":"https:\/\/corludahaber.com\/h\/wp-content\/uploads\/2023\/05\/edirne-valisi-kirbiyiktan-modernizasyon-calismalari-tamamlanan-pazarkulede-inceleme_1270668.jpg","type":"image\/jpeg"}],"twitter_card":"summary_large_image","twitter_creator":"@habercorluda","twitter_site":"@habercorluda","twitter_misc":{"Yazan:":"","Tahmini okuma s\u00fcresi":"1 dakika"},"schema":{"@context":"https:\/\/schema.org","@graph":[{"@type":"Article","@id":"https:\/\/corludahaber.com\/h\/edirne-valisi-kirbiyiktan-modernizasyon-calismalari-tamamlanan-pazarkulede-inceleme\/60223#article","isPartOf":{"@id":"https:\/\/corludahaber.com\/h\/edirne-valisi-kirbiyiktan-modernizasyon-calismalari-tamamlanan-pazarkulede-inceleme\/60223"},"author":{"name":"","@id":""},"headline":"Edirne Valisi K\u0131rb\u0131y\u0131k\u2019tan, modernizasyon \u00e7al\u0131\u015fmalar\u0131 tamamlanan Pazarkule\u2019de inceleme","datePublished":"2023-05-24T13:52:09+00:00","dateModified":"2023-05-24T13:53:16+00:00","mainEntityOfPage":{"@id":"https:\/\/corludahaber.com\/h\/edirne-valisi-kirbiyiktan-modernizasyon-calismalari-tamamlanan-pazarkulede-inceleme\/60223"},"wordCount":264,"commentCount":0,"publisher":{"@id":"https:\/\/corludahaber.com\/h\/#organization"},"image":{"@id":"https:\/\/corludahaber.com\/h\/edirne-valisi-kirbiyiktan-modernizasyon-calismalari-tamamlanan-pazarkulede-inceleme\/60223#primaryimage"},"thumbnailUrl":"https:\/\/corludahaber.com\/h\/wp-content\/uploads\/2023\/05\/edirne-valisi-kirbiyiktan-modernizasyon-calismalari-tamamlanan-pazarkulede-inceleme_1270668.jpg","articleSection":["Ya\u015fam"],"inLanguage":"tr","potentialAction":[{"@type":"CommentAction","name":"Comment","target":["https:\/\/corludahaber.com\/h\/edirne-valisi-kirbiyiktan-modernizasyon-calismalari-tamamlanan-pazarkulede-inceleme\/60223#respond"]}]},{"@type":"WebPage","@id":"https:\/\/corludahaber.com\/h\/edirne-valisi-kirbiyiktan-modernizasyon-calismalari-tamamlanan-pazarkulede-inceleme\/60223","url":"https:\/\/corludahaber.com\/h\/edirne-valisi-kirbiyiktan-modernizasyon-calismalari-tamamlanan-pazarkulede-inceleme\/60223","name":"Edirne Valisi K\u0131rb\u0131y\u0131k\u2019tan, modernizasyon \u00e7al\u0131\u015fmalar\u0131 tamamlanan Pazarkule\u2019de inceleme | \u00c7orlu&#039;da Haber","isPartOf":{"@id":"https:\/\/corludahaber.com\/h\/#website"},"primaryImageOfPage":{"@id":"https:\/\/corludahaber.com\/h\/edirne-valisi-kirbiyiktan-modernizasyon-calismalari-tamamlanan-pazarkulede-inceleme\/60223#primaryimage"},"image":{"@id":"https:\/\/corludahaber.com\/h\/edirne-valisi-kirbiyiktan-modernizasyon-calismalari-tamamlanan-pazarkulede-inceleme\/60223#primaryimage"},"thumbnailUrl":"https:\/\/corludahaber.com\/h\/wp-content\/uploads\/2023\/05\/edirne-valisi-kirbiyiktan-modernizasyon-calismalari-tamamlanan-pazarkulede-inceleme_1270668.jpg","datePublished":"2023-05-24T13:52:09+00:00","dateModified":"2023-05-24T13:53:16+00:00","description":"Edirne Valisi K\u0131rb\u0131y\u0131k\u2019tan, modernizasyon \u00e7al\u0131\u015fmalar\u0131 tamamlanan Pazarkule\u2019de inceleme | \u00c7orlu&#039;da Haber","breadcrumb":{"@id":"https:\/\/corludahaber.com\/h\/edirne-valisi-kirbiyiktan-modernizasyon-calismalari-tamamlanan-pazarkulede-inceleme\/60223#breadcrumb"},"inLanguage":"tr","potentialAction":[{"@type":"ReadAction","target":["https:\/\/corludahaber.com\/h\/edirne-valisi-kirbiyiktan-modernizasyon-calismalari-tamamlanan-pazarkulede-inceleme\/60223"]}]},{"@type":"ImageObject","inLanguage":"tr","@id":"https:\/\/corludahaber.com\/h\/edirne-valisi-kirbiyiktan-modernizasyon-calismalari-tamamlanan-pazarkulede-inceleme\/60223#primaryimage","url":"https:\/\/corludahaber.com\/h\/wp-content\/uploads\/2023\/05\/edirne-valisi-kirbiyiktan-modernizasyon-calismalari-tamamlanan-pazarkulede-inceleme_1270668.jpg","contentUrl":"https:\/\/corludahaber.com\/h\/wp-content\/uploads\/2023\/05\/edirne-valisi-kirbiyiktan-modernizasyon-calismalari-tamamlanan-pazarkulede-inceleme_1270668.jpg","width":600,"height":398},{"@type":"BreadcrumbList","@id":"https:\/\/corludahaber.com\/h\/edirne-valisi-kirbiyiktan-modernizasyon-calismalari-tamamlanan-pazarkulede-inceleme\/60223#breadcrumb","itemListElement":[{"@type":"ListItem","position":1,"name":"Anasayfa","item":"https:\/\/corludahaber.com\/h\/"},{"@type":"ListItem","position":2,"name":"Ya\u015fam","item":"https:\/\/corludahaber.com\/h\/kategori\/yasam"},{"@type":"ListItem","position":3,"name":"Edirne Valisi K\u0131rb\u0131y\u0131k\u2019tan, modernizasyon \u00e7al\u0131\u015fmalar\u0131 tamamlanan Pazarkule\u2019de inceleme"}]},{"@type":"WebSite","@id":"https:\/\/corludahaber.com\/h\/#website","url":"https:\/\/corludahaber.com\/h\/","name":"\u00c7orlu'da Haber","description":"Ger\u00e7ek Tarafs\u0131z Haber","publisher":{"@id":"https:\/\/corludahaber.com\/h\/#organization"},"potentialAction":[{"@type":"SearchAction","target":{"@type":"EntryPoint","urlTemplate":"https:\/\/corludahaber.com\/h\/?s={search_term_string}"},"query-input":"required name=search_term_string"}],"inLanguage":"tr"},{"@type":"Organization","@id":"https:\/\/corludahaber.com\/h\/#organization","name":"\u00c7orlu'da Haber","url":"https:\/\/corludahaber.com\/h\/","logo":{"@type":"ImageObject","inLanguage":"tr","@id":"https:\/\/corludahaber.com\/h\/#\/schema\/logo\/image\/","url":"https:\/\/corludahaber.com\/h\/wp-content\/uploads\/2021\/12\/logo__9__1_-removebg-preview.png","contentUrl":"https:\/\/corludahaber.com\/h\/wp-content\/uploads\/2021\/12\/logo__9__1_-removebg-preview.png","width":500,"height":157,"caption":"\u00c7orlu'da Haber"},"image":{"@id":"https:\/\/corludahaber.com\/h\/#\/schema\/logo\/image\/"},"sameAs":["https:\/\/facebook.com\/habercorluda","https:\/\/x.com\/habercorluda","https:\/\/www.instagram.com\/corludahaber","https:\/\/www.youtube.com\/user\/corludahaber"]},{"@type":"Person","@id":"","url":"https:\/\/corludahaber.com\/h\/author"}]}},"_links":{"self":[{"href":"https:\/\/corludahaber.com\/h\/wp-json\/wp\/v2\/posts\/60223","targetHints":{"allow":["GET"]}}],"collection":[{"href":"https:\/\/corludahaber.com\/h\/wp-json\/wp\/v2\/posts"}],"about":[{"href":"https:\/\/corludahaber.com\/h\/wp-json\/wp\/v2\/types\/post"}],"author":[{"embeddable":true,"href":"https:\/\/corludahaber.com\/h\/wp-json\/wp\/v2\/users\/1"}],"replies":[{"embeddable":true,"href":"https:\/\/corludahaber.com\/h\/wp-json\/wp\/v2\/comments?post=60223"}],"version-history":[{"count":0,"href":"https:\/\/corludahaber.com\/h\/wp-json\/wp\/v2\/posts\/60223\/revisions"}],"wp:featuredmedia":[{"embeddable":true,"href":"https:\/\/corludahaber.com\/h\/wp-json\/wp\/v2\/media\/60224"}],"wp:attachment":[{"href":"https:\/\/corludahaber.com\/h\/wp-json\/wp\/v2\/media?parent=60223"}],"wp:term":[{"taxonomy":"category","embeddable":true,"href":"https:\/\/corludahaber.com\/h\/wp-json\/wp\/v2\/categories?post=60223"},{"taxonomy":"post_tag","embeddable":true,"href":"https:\/\/corludahaber.com\/h\/wp-json\/wp\/v2\/tags?post=60223"}],"curies":[{"name":"wp","href":"https:\/\/api.w.org\/{rel}","templated":true}]}}