{"id":57660,"date":"2023-04-26T10:10:27","date_gmt":"2023-04-26T07:10:27","guid":{"rendered":"https:\/\/corludahaber.com\/h\/?p=57660"},"modified":"2023-04-26T10:11:23","modified_gmt":"2023-04-26T07:11:23","slug":"uruk-14-mayista-bu-devran-donecek","status":"publish","type":"post","link":"https:\/\/corludahaber.com\/h\/uruk-14-mayista-bu-devran-donecek\/57660","title":{"rendered":"Uruk:&#8221; 14 May\u0131s&#8217;ta Bu Devran D\u00f6necek&#8221;"},"content":{"rendered":"<p>Hayrabolu\u2019da se\u00e7im \u00e7al\u0131\u015fmalar\u0131n\u0131 s\u00fcrd\u00fcren CHP Tekirda\u011f Milletvekili Aday\u0131 Mustafa \u00dclkem Uruk, hayat pahal\u0131l\u0131\u011f\u0131 ve artan g\u0131da fiyatlar\u0131 nedeni ile vatanda\u015flar\u0131n art\u0131k kilogram yerine tane ile al\u0131\u015f veri\u015f yapt\u0131\u011f\u0131n\u0131 belirterek, \u201c14 May\u0131s\u2019ta in\u015fallah bu devran d\u00f6necek. Vatanda\u015f\u0131m\u0131z\u0131n y\u00fcz\u00fc g\u00fclecek. Halk\u0131m\u0131z temel g\u0131da fiyatlar\u0131 alt\u0131nda ezilmeyecek\u201d dedi.<\/p>\n<p>Hayrabolu Kapal\u0131 Pazar Yeri\u2019ni ziyaret eden ve burada vatanda\u015flar ile sohbet eden CHP Tekirda\u011f Milletvekili Aday\u0131 M. \u00dclkem Uruk, \u201cEskiden vatanda\u015flara siyasiler ekonomiyi anlat\u0131rd\u0131. \u015eimdi tam tersi olmu\u015f, selam verdi\u011fimiz her vatanda\u015f\u0131m\u0131z hayat pahal\u0131l\u0131\u011f\u0131ndan, temel g\u0131da maddelerine ula\u015famamaktan, al\u0131m g\u00fcc\u00fcn\u00fcn d\u00fc\u015ft\u00fc\u011f\u00fcnden, evinin en temel ihtiya\u00e7lar\u0131n\u0131 kar\u015f\u0131layamamaktan \u015fikayet\u00e7i durumda\u201d dedi.<\/p>\n<p>MUTFAKLARDA TENCERE KR\u0130Z\u0130 YA\u015eANIYOR<\/p>\n<p>4 ki\u015filik bir ailenin haftal\u0131k sebze, meyve gibi temel ihtiya\u00e7lardan olu\u015fan pazar al\u0131\u015f veri\u015fi maliyetinin haftal\u0131k 500 TL civar\u0131nda oldu\u011funu belirten Uruk, \u201cPatates 15, kuru so\u011fan 25 TL. Maalesef Anadolu\u2019daki tabiri ile \u2018Yi\u011fit muhta\u00e7 olmu\u015f kuru so\u011fana.\u2019 Maalesef art\u0131k vatanda\u015flar\u0131m\u0131z bunlar\u0131 kilo ile de\u011fil tane ile almak zorundalar. Bu zalim iktidar\u0131n uygulad\u0131\u011f\u0131 basiretsiz ve beceriksiz ekonomik ve tar\u0131m politikalar sonucu geldi\u011fimiz noktada evlerin mutfaklar\u0131nda yang\u0131n var ve tencere krizi ya\u015fan\u0131yor. Anneler \u00e7ocuklar\u0131n\u0131n okul beslenmesine bile art\u0131k yeti\u015fmekte zorlan\u0131yor. \u00c7ok \u00fcz\u00fclerek s\u00f6yl\u00fcyorum ki babalar e\u015flerine ve \u00e7ocuklar\u0131na kar\u015f\u0131 mahcubiyet ya\u015f\u0131yor. Bir \u00e7ok hane i\u00e7in art\u0131k k\u0131rm\u0131z\u0131 eti b\u0131rak\u0131n, beyaz et t\u00fcketmek bile hayal oldu\u201d dedi.<\/p>\n<p>VATANDA\u015e \u0130N\u0130M \u0130N\u0130M \u0130NL\u0130YOR<\/p>\n<p>Artan enflasyon kar\u015f\u0131s\u0131nda vatanda\u015f\u0131n al\u0131m g\u00fcc\u00fcn\u00fcn t\u00fckendi\u011fini kaydeden CHP Milletvekili Aday\u0131 Uruk, \u201cArt\u0131k maalesef vatanda\u015flar\u0131m\u0131z bulunduklar\u0131 kentlerde market market gezerek bir \u00fcr\u00fcn\u00fc 25 kuru\u015f, 50 kuru\u015f daha nas\u0131l ucuza al\u0131r\u0131z hesab\u0131n\u0131 yap\u0131yorlar. Ya\u011fmur, \u00e7amur demeden, so\u011fu\u011fa ald\u0131rmadan bir ekme\u011fi 1 TL, 2 TL daha nas\u0131l ucuza al\u0131p, sofram\u0131za koruz hesab\u0131n\u0131 yap\u0131yorlar. \u0130\u015f\u00e7i peri\u015fan, \u00e7ift\u00e7i peri\u015fan, memur peri\u015fan, emeklinin durumu i\u00e7ler ac\u0131s\u0131. \u0130ktidara yak\u0131n bir avu\u00e7 z\u00fcmre saltanat kay\u0131\u011f\u0131n\u0131n keyfini ya\u015farken, toplumun di\u011fer kesimleri artan enflasyon, yoksulluk kar\u015f\u0131s\u0131nda inim inim inliyor. 22 y\u0131l\u0131n sonunda AKP iktidar\u0131n\u0131n halk\u0131m\u0131za reva g\u00f6rd\u00fc\u011f\u00fc ekonominin \u00f6zeti bu\u201d dedi.<\/p>\n<p>BU BOZUK D\u00dcZEN YIKILACAK<\/p>\n<p>Vatanda\u015flar\u0131m\u0131z\u0131n 14 May\u0131s\u2019ta bu bozuk d\u00fczene dur diyece\u011fini belirten CHP Aday\u0131 \u00dclkem Uruk, \u201c14 May\u0131s ak\u015fam\u0131 sand\u0131klar a\u00e7\u0131ld\u0131\u011f\u0131nda bu bozuk ve kirli d\u00fczen y\u0131k\u0131lacak ve Millet \u0130ttifak\u0131 Cumhurba\u015fkan\u0131 Aday\u0131 Say\u0131n Kemal K\u0131l\u0131\u00e7daro\u011flu 13. Cumhurba\u015fkan\u0131 se\u00e7ilecek ve Millet \u0130ttifak\u0131 TBMM\u2019de \u00e7o\u011funlu\u011fu elde edecek. Millet \u0130ttifak\u0131\u2019n\u0131n hayata ge\u00e7irece\u011fi projeler ve sosyal politikalar ile dar gelirli ve yoksul ailelerin al\u0131m g\u00fcc\u00fc y\u00fckselecek, mutfakta anneler \u00e7ocuklar\u0131n\u0131n istedi\u011fi yemekleri yapabilecek, babalar ise e\u015flerine ve \u00e7ocuklar\u0131na kar\u015f\u0131 art\u0131k mahcubiyet ya\u015famayarak istediklerini alabilecekler\u201d diye konu\u015ftu.<\/p>\n<p>Kapal\u0131 Pazar yeri ziyaretinde vatanda\u015flar taraf\u0131ndan sevgi seli ile kar\u015f\u0131lanan CHP Milletvekili Aday\u0131 Uruk daha sonra esnaf ve kahvehane ziyareti yaparak, destek istedi. Uruk\u2019un Hayrabolu ziyaretine CHP \u0130l\u00e7e Ba\u015fkan\u0131 Fatih Ertem, Kad\u0131n Kollar\u0131 Ba\u015fkan\u0131 Selime Alt\u0131nok, B\u00fcy\u00fck\u015fehir Belediye Meclis \u00dcyesi Sabahattin \u00c7al\u0131\u015fkan, \u00f6nceki d\u00f6nem Belediye Ba\u015fkan Yard\u0131mc\u0131s\u0131 Necdet Hacet te kat\u0131larak, vatanda\u015flardan destek istediler.<\/p>\n","protected":false},"excerpt":{"rendered":"<p>Hayrabolu\u2019da se\u00e7im \u00e7al\u0131\u015fmalar\u0131n\u0131 s\u00fcrd\u00fcren CHP Tekirda\u011f Milletvekili Aday\u0131 Mustafa \u00dclkem Uruk, hayat pahal\u0131l\u0131\u011f\u0131 ve artan g\u0131da fiyatlar\u0131 nedeni ile vatanda\u015flar\u0131n art\u0131k kilogram yerine tane ile al\u0131\u015f veri\u015f yapt\u0131\u011f\u0131n\u0131 belirterek, \u201c14 May\u0131s\u2019ta in\u015fallah bu devran d\u00f6necek. Vatanda\u015f\u0131m\u0131z\u0131n y\u00fcz\u00fc g\u00fclecek. Halk\u0131m\u0131z temel g\u0131da fiyatlar\u0131 alt\u0131nda ezilmeyecek\u201d dedi. Hayrabolu Kapal\u0131 Pazar Yeri\u2019ni ziyaret eden ve burada vatanda\u015flar ile &hellip;<\/p>\n","protected":false},"author":151,"featured_media":57661,"comment_status":"open","ping_status":"open","sticky":false,"template":"","format":"standard","meta":{"footnotes":""},"categories":[10,27],"tags":[],"class_list":["post-57660","post","type-post","status-publish","format-standard","has-post-thumbnail","hentry","category-siyaset","category-yasam"],"yoast_head":"<!-- This site is optimized with the Yoast SEO Premium plugin v23.3 (Yoast SEO v23.3) - https:\/\/yoast.com\/wordpress\/plugins\/seo\/ -->\n<title>Uruk:&#039;&#039; 14 May\u0131s&#039;ta Bu Devran D\u00f6necek&#039;&#039; | \u00c7orlu&#039;da Haber<\/title>\n<meta name=\"description\" content=\"Uruk:&#039;&#039; 14 May\u0131s&#039;ta Bu Devran D\u00f6necek&#039;&#039; | Ya\u015fam \u00c7orlu&#039;da Haber\" \/>\n<meta name=\"robots\" content=\"index, follow, max-snippet:-1, max-image-preview:large, max-video-preview:-1\" \/>\n<link rel=\"canonical\" href=\"https:\/\/corludahaber.com\/h\/uruk-14-mayista-bu-devran-donecek\/57660\" \/>\n<meta property=\"og:locale\" content=\"tr_TR\" \/>\n<meta property=\"og:type\" content=\"article\" \/>\n<meta property=\"og:title\" content=\"Uruk:&#039;&#039; 14 May\u0131s&#039;ta Bu Devran D\u00f6necek&#039;&#039; | \u00c7orlu&#039;da Haber\" \/>\n<meta property=\"og:description\" content=\"Uruk:&#039;&#039; 14 May\u0131s&#039;ta Bu Devran D\u00f6necek&#039;&#039; | Ya\u015fam \u00c7orlu&#039;da Haber\" \/>\n<meta property=\"og:url\" content=\"https:\/\/corludahaber.com\/h\/uruk-14-mayista-bu-devran-donecek\/57660\" \/>\n<meta property=\"og:site_name\" content=\"\u00c7orlu&#039;da Haber\" \/>\n<meta property=\"article:publisher\" content=\"https:\/\/facebook.com\/habercorluda\" \/>\n<meta property=\"article:published_time\" content=\"2023-04-26T07:10:27+00:00\" \/>\n<meta property=\"article:modified_time\" content=\"2023-04-26T07:11:23+00:00\" \/>\n<meta property=\"og:image\" content=\"https:\/\/corludahaber.com\/h\/wp-content\/uploads\/2023\/04\/4G6A5486-scaled.jpg\" \/>\n\t<meta property=\"og:image:width\" content=\"2560\" \/>\n\t<meta property=\"og:image:height\" content=\"1707\" \/>\n\t<meta property=\"og:image:type\" content=\"image\/jpeg\" \/>\n<meta name=\"author\" content=\"\u00c7orlu&#039;da Haber\" \/>\n<meta name=\"twitter:card\" content=\"summary_large_image\" \/>\n<meta name=\"twitter:creator\" content=\"@habercorluda\" \/>\n<meta name=\"twitter:site\" content=\"@habercorluda\" \/>\n<meta name=\"twitter:label1\" content=\"Yazan:\" \/>\n\t<meta name=\"twitter:data1\" content=\"\u00c7orlu&#039;da Haber\" \/>\n\t<meta name=\"twitter:label2\" content=\"Tahmini okuma s\u00fcresi\" \/>\n\t<meta name=\"twitter:data2\" content=\"3 dakika\" \/>\n<script type=\"application\/ld+json\" class=\"yoast-schema-graph\">{\"@context\":\"https:\/\/schema.org\",\"@graph\":[{\"@type\":\"Article\",\"@id\":\"https:\/\/corludahaber.com\/h\/uruk-14-mayista-bu-devran-donecek\/57660#article\",\"isPartOf\":{\"@id\":\"https:\/\/corludahaber.com\/h\/uruk-14-mayista-bu-devran-donecek\/57660\"},\"author\":{\"name\":\"\u00c7orlu'da Haber\",\"@id\":\"https:\/\/corludahaber.com\/h\/#\/schema\/person\/b523522be44b062db5d74a62589768cd\"},\"headline\":\"Uruk:&#8221; 14 May\u0131s&#8217;ta Bu Devran D\u00f6necek&#8221;\",\"datePublished\":\"2023-04-26T07:10:27+00:00\",\"dateModified\":\"2023-04-26T07:11:23+00:00\",\"mainEntityOfPage\":{\"@id\":\"https:\/\/corludahaber.com\/h\/uruk-14-mayista-bu-devran-donecek\/57660\"},\"wordCount\":633,\"commentCount\":0,\"publisher\":{\"@id\":\"https:\/\/corludahaber.com\/h\/#organization\"},\"image\":{\"@id\":\"https:\/\/corludahaber.com\/h\/uruk-14-mayista-bu-devran-donecek\/57660#primaryimage\"},\"thumbnailUrl\":\"https:\/\/corludahaber.com\/h\/wp-content\/uploads\/2023\/04\/4G6A5486-scaled.jpg\",\"articleSection\":[\"Siyaset\",\"Ya\u015fam\"],\"inLanguage\":\"tr\",\"potentialAction\":[{\"@type\":\"CommentAction\",\"name\":\"Comment\",\"target\":[\"https:\/\/corludahaber.com\/h\/uruk-14-mayista-bu-devran-donecek\/57660#respond\"]}]},{\"@type\":\"WebPage\",\"@id\":\"https:\/\/corludahaber.com\/h\/uruk-14-mayista-bu-devran-donecek\/57660\",\"url\":\"https:\/\/corludahaber.com\/h\/uruk-14-mayista-bu-devran-donecek\/57660\",\"name\":\"Uruk:'' 14 May\u0131s'ta Bu Devran D\u00f6necek'' | \u00c7orlu&#039;da Haber\",\"isPartOf\":{\"@id\":\"https:\/\/corludahaber.com\/h\/#website\"},\"primaryImageOfPage\":{\"@id\":\"https:\/\/corludahaber.com\/h\/uruk-14-mayista-bu-devran-donecek\/57660#primaryimage\"},\"image\":{\"@id\":\"https:\/\/corludahaber.com\/h\/uruk-14-mayista-bu-devran-donecek\/57660#primaryimage\"},\"thumbnailUrl\":\"https:\/\/corludahaber.com\/h\/wp-content\/uploads\/2023\/04\/4G6A5486-scaled.jpg\",\"datePublished\":\"2023-04-26T07:10:27+00:00\",\"dateModified\":\"2023-04-26T07:11:23+00:00\",\"description\":\"Uruk:'' 14 May\u0131s'ta Bu Devran D\u00f6necek'' | Ya\u015fam \u00c7orlu&#039;da Haber\",\"breadcrumb\":{\"@id\":\"https:\/\/corludahaber.com\/h\/uruk-14-mayista-bu-devran-donecek\/57660#breadcrumb\"},\"inLanguage\":\"tr\",\"potentialAction\":[{\"@type\":\"ReadAction\",\"target\":[\"https:\/\/corludahaber.com\/h\/uruk-14-mayista-bu-devran-donecek\/57660\"]}]},{\"@type\":\"ImageObject\",\"inLanguage\":\"tr\",\"@id\":\"https:\/\/corludahaber.com\/h\/uruk-14-mayista-bu-devran-donecek\/57660#primaryimage\",\"url\":\"https:\/\/corludahaber.com\/h\/wp-content\/uploads\/2023\/04\/4G6A5486-scaled.jpg\",\"contentUrl\":\"https:\/\/corludahaber.com\/h\/wp-content\/uploads\/2023\/04\/4G6A5486-scaled.jpg\",\"width\":2560,\"height\":1707},{\"@type\":\"BreadcrumbList\",\"@id\":\"https:\/\/corludahaber.com\/h\/uruk-14-mayista-bu-devran-donecek\/57660#breadcrumb\",\"itemListElement\":[{\"@type\":\"ListItem\",\"position\":1,\"name\":\"Anasayfa\",\"item\":\"https:\/\/corludahaber.com\/h\/\"},{\"@type\":\"ListItem\",\"position\":2,\"name\":\"Ya\u015fam\",\"item\":\"https:\/\/corludahaber.com\/h\/kategori\/yasam\"},{\"@type\":\"ListItem\",\"position\":3,\"name\":\"Uruk:&#8221; 14 May\u0131s&#8217;ta Bu Devran D\u00f6necek&#8221;\"}]},{\"@type\":\"WebSite\",\"@id\":\"https:\/\/corludahaber.com\/h\/#website\",\"url\":\"https:\/\/corludahaber.com\/h\/\",\"name\":\"\u00c7orlu'da Haber\",\"description\":\"Ger\u00e7ek Tarafs\u0131z Haber\",\"publisher\":{\"@id\":\"https:\/\/corludahaber.com\/h\/#organization\"},\"potentialAction\":[{\"@type\":\"SearchAction\",\"target\":{\"@type\":\"EntryPoint\",\"urlTemplate\":\"https:\/\/corludahaber.com\/h\/?s={search_term_string}\"},\"query-input\":\"required name=search_term_string\"}],\"inLanguage\":\"tr\"},{\"@type\":\"Organization\",\"@id\":\"https:\/\/corludahaber.com\/h\/#organization\",\"name\":\"\u00c7orlu'da Haber\",\"url\":\"https:\/\/corludahaber.com\/h\/\",\"logo\":{\"@type\":\"ImageObject\",\"inLanguage\":\"tr\",\"@id\":\"https:\/\/corludahaber.com\/h\/#\/schema\/logo\/image\/\",\"url\":\"https:\/\/corludahaber.com\/h\/wp-content\/uploads\/2021\/12\/logo__9__1_-removebg-preview.png\",\"contentUrl\":\"https:\/\/corludahaber.com\/h\/wp-content\/uploads\/2021\/12\/logo__9__1_-removebg-preview.png\",\"width\":500,\"height\":157,\"caption\":\"\u00c7orlu'da Haber\"},\"image\":{\"@id\":\"https:\/\/corludahaber.com\/h\/#\/schema\/logo\/image\/\"},\"sameAs\":[\"https:\/\/facebook.com\/habercorluda\",\"https:\/\/x.com\/habercorluda\",\"https:\/\/www.instagram.com\/corludahaber\",\"https:\/\/www.youtube.com\/user\/corludahaber\"]},{\"@type\":\"Person\",\"@id\":\"https:\/\/corludahaber.com\/h\/#\/schema\/person\/b523522be44b062db5d74a62589768cd\",\"name\":\"\u00c7orlu'da Haber\",\"image\":{\"@type\":\"ImageObject\",\"inLanguage\":\"tr\",\"@id\":\"https:\/\/corludahaber.com\/h\/#\/schema\/person\/image\/\",\"url\":\"https:\/\/secure.gravatar.com\/avatar\/1033e54e078c29fd7f053370086ff627ba414b05c2b231c418a481adecd764ce?s=96&d=blank&r=g\",\"contentUrl\":\"https:\/\/secure.gravatar.com\/avatar\/1033e54e078c29fd7f053370086ff627ba414b05c2b231c418a481adecd764ce?s=96&d=blank&r=g\",\"caption\":\"\u00c7orlu'da Haber\"},\"sameAs\":[\"https:\/\/corludahaber.com\/h\"],\"url\":\"https:\/\/corludahaber.com\/h\/author\/admin\"}]}<\/script>\n<!-- \/ Yoast SEO Premium plugin. -->","yoast_head_json":{"title":"Uruk:'' 14 May\u0131s'ta Bu Devran D\u00f6necek'' | \u00c7orlu&#039;da Haber","description":"Uruk:'' 14 May\u0131s'ta Bu Devran D\u00f6necek'' | Ya\u015fam \u00c7orlu&#039;da Haber","robots":{"index":"index","follow":"follow","max-snippet":"max-snippet:-1","max-image-preview":"max-image-preview:large","max-video-preview":"max-video-preview:-1"},"canonical":"https:\/\/corludahaber.com\/h\/uruk-14-mayista-bu-devran-donecek\/57660","og_locale":"tr_TR","og_type":"article","og_title":"Uruk:'' 14 May\u0131s'ta Bu Devran D\u00f6necek'' | \u00c7orlu&#039;da Haber","og_description":"Uruk:'' 14 May\u0131s'ta Bu Devran D\u00f6necek'' | Ya\u015fam \u00c7orlu&#039;da Haber","og_url":"https:\/\/corludahaber.com\/h\/uruk-14-mayista-bu-devran-donecek\/57660","og_site_name":"\u00c7orlu&#039;da Haber","article_publisher":"https:\/\/facebook.com\/habercorluda","article_published_time":"2023-04-26T07:10:27+00:00","article_modified_time":"2023-04-26T07:11:23+00:00","og_image":[{"width":2560,"height":1707,"url":"https:\/\/corludahaber.com\/h\/wp-content\/uploads\/2023\/04\/4G6A5486-scaled.jpg","type":"image\/jpeg"}],"author":"\u00c7orlu'da Haber","twitter_card":"summary_large_image","twitter_creator":"@habercorluda","twitter_site":"@habercorluda","twitter_misc":{"Yazan:":"\u00c7orlu'da Haber","Tahmini okuma s\u00fcresi":"3 dakika"},"schema":{"@context":"https:\/\/schema.org","@graph":[{"@type":"Article","@id":"https:\/\/corludahaber.com\/h\/uruk-14-mayista-bu-devran-donecek\/57660#article","isPartOf":{"@id":"https:\/\/corludahaber.com\/h\/uruk-14-mayista-bu-devran-donecek\/57660"},"author":{"name":"\u00c7orlu'da Haber","@id":"https:\/\/corludahaber.com\/h\/#\/schema\/person\/b523522be44b062db5d74a62589768cd"},"headline":"Uruk:&#8221; 14 May\u0131s&#8217;ta Bu Devran D\u00f6necek&#8221;","datePublished":"2023-04-26T07:10:27+00:00","dateModified":"2023-04-26T07:11:23+00:00","mainEntityOfPage":{"@id":"https:\/\/corludahaber.com\/h\/uruk-14-mayista-bu-devran-donecek\/57660"},"wordCount":633,"commentCount":0,"publisher":{"@id":"https:\/\/corludahaber.com\/h\/#organization"},"image":{"@id":"https:\/\/corludahaber.com\/h\/uruk-14-mayista-bu-devran-donecek\/57660#primaryimage"},"thumbnailUrl":"https:\/\/corludahaber.com\/h\/wp-content\/uploads\/2023\/04\/4G6A5486-scaled.jpg","articleSection":["Siyaset","Ya\u015fam"],"inLanguage":"tr","potentialAction":[{"@type":"CommentAction","name":"Comment","target":["https:\/\/corludahaber.com\/h\/uruk-14-mayista-bu-devran-donecek\/57660#respond"]}]},{"@type":"WebPage","@id":"https:\/\/corludahaber.com\/h\/uruk-14-mayista-bu-devran-donecek\/57660","url":"https:\/\/corludahaber.com\/h\/uruk-14-mayista-bu-devran-donecek\/57660","name":"Uruk:'' 14 May\u0131s'ta Bu Devran D\u00f6necek'' | \u00c7orlu&#039;da Haber","isPartOf":{"@id":"https:\/\/corludahaber.com\/h\/#website"},"primaryImageOfPage":{"@id":"https:\/\/corludahaber.com\/h\/uruk-14-mayista-bu-devran-donecek\/57660#primaryimage"},"image":{"@id":"https:\/\/corludahaber.com\/h\/uruk-14-mayista-bu-devran-donecek\/57660#primaryimage"},"thumbnailUrl":"https:\/\/corludahaber.com\/h\/wp-content\/uploads\/2023\/04\/4G6A5486-scaled.jpg","datePublished":"2023-04-26T07:10:27+00:00","dateModified":"2023-04-26T07:11:23+00:00","description":"Uruk:'' 14 May\u0131s'ta Bu Devran D\u00f6necek'' | Ya\u015fam \u00c7orlu&#039;da Haber","breadcrumb":{"@id":"https:\/\/corludahaber.com\/h\/uruk-14-mayista-bu-devran-donecek\/57660#breadcrumb"},"inLanguage":"tr","potentialAction":[{"@type":"ReadAction","target":["https:\/\/corludahaber.com\/h\/uruk-14-mayista-bu-devran-donecek\/57660"]}]},{"@type":"ImageObject","inLanguage":"tr","@id":"https:\/\/corludahaber.com\/h\/uruk-14-mayista-bu-devran-donecek\/57660#primaryimage","url":"https:\/\/corludahaber.com\/h\/wp-content\/uploads\/2023\/04\/4G6A5486-scaled.jpg","contentUrl":"https:\/\/corludahaber.com\/h\/wp-content\/uploads\/2023\/04\/4G6A5486-scaled.jpg","width":2560,"height":1707},{"@type":"BreadcrumbList","@id":"https:\/\/corludahaber.com\/h\/uruk-14-mayista-bu-devran-donecek\/57660#breadcrumb","itemListElement":[{"@type":"ListItem","position":1,"name":"Anasayfa","item":"https:\/\/corludahaber.com\/h\/"},{"@type":"ListItem","position":2,"name":"Ya\u015fam","item":"https:\/\/corludahaber.com\/h\/kategori\/yasam"},{"@type":"ListItem","position":3,"name":"Uruk:&#8221; 14 May\u0131s&#8217;ta Bu Devran D\u00f6necek&#8221;"}]},{"@type":"WebSite","@id":"https:\/\/corludahaber.com\/h\/#website","url":"https:\/\/corludahaber.com\/h\/","name":"\u00c7orlu'da Haber","description":"Ger\u00e7ek Tarafs\u0131z Haber","publisher":{"@id":"https:\/\/corludahaber.com\/h\/#organization"},"potentialAction":[{"@type":"SearchAction","target":{"@type":"EntryPoint","urlTemplate":"https:\/\/corludahaber.com\/h\/?s={search_term_string}"},"query-input":"required name=search_term_string"}],"inLanguage":"tr"},{"@type":"Organization","@id":"https:\/\/corludahaber.com\/h\/#organization","name":"\u00c7orlu'da Haber","url":"https:\/\/corludahaber.com\/h\/","logo":{"@type":"ImageObject","inLanguage":"tr","@id":"https:\/\/corludahaber.com\/h\/#\/schema\/logo\/image\/","url":"https:\/\/corludahaber.com\/h\/wp-content\/uploads\/2021\/12\/logo__9__1_-removebg-preview.png","contentUrl":"https:\/\/corludahaber.com\/h\/wp-content\/uploads\/2021\/12\/logo__9__1_-removebg-preview.png","width":500,"height":157,"caption":"\u00c7orlu'da Haber"},"image":{"@id":"https:\/\/corludahaber.com\/h\/#\/schema\/logo\/image\/"},"sameAs":["https:\/\/facebook.com\/habercorluda","https:\/\/x.com\/habercorluda","https:\/\/www.instagram.com\/corludahaber","https:\/\/www.youtube.com\/user\/corludahaber"]},{"@type":"Person","@id":"https:\/\/corludahaber.com\/h\/#\/schema\/person\/b523522be44b062db5d74a62589768cd","name":"\u00c7orlu'da Haber","image":{"@type":"ImageObject","inLanguage":"tr","@id":"https:\/\/corludahaber.com\/h\/#\/schema\/person\/image\/","url":"https:\/\/secure.gravatar.com\/avatar\/1033e54e078c29fd7f053370086ff627ba414b05c2b231c418a481adecd764ce?s=96&d=blank&r=g","contentUrl":"https:\/\/secure.gravatar.com\/avatar\/1033e54e078c29fd7f053370086ff627ba414b05c2b231c418a481adecd764ce?s=96&d=blank&r=g","caption":"\u00c7orlu'da Haber"},"sameAs":["https:\/\/corludahaber.com\/h"],"url":"https:\/\/corludahaber.com\/h\/author\/admin"}]}},"_links":{"self":[{"href":"https:\/\/corludahaber.com\/h\/wp-json\/wp\/v2\/posts\/57660","targetHints":{"allow":["GET"]}}],"collection":[{"href":"https:\/\/corludahaber.com\/h\/wp-json\/wp\/v2\/posts"}],"about":[{"href":"https:\/\/corludahaber.com\/h\/wp-json\/wp\/v2\/types\/post"}],"author":[{"embeddable":true,"href":"https:\/\/corludahaber.com\/h\/wp-json\/wp\/v2\/users\/151"}],"replies":[{"embeddable":true,"href":"https:\/\/corludahaber.com\/h\/wp-json\/wp\/v2\/comments?post=57660"}],"version-history":[{"count":0,"href":"https:\/\/corludahaber.com\/h\/wp-json\/wp\/v2\/posts\/57660\/revisions"}],"wp:featuredmedia":[{"embeddable":true,"href":"https:\/\/corludahaber.com\/h\/wp-json\/wp\/v2\/media\/57661"}],"wp:attachment":[{"href":"https:\/\/corludahaber.com\/h\/wp-json\/wp\/v2\/media?parent=57660"}],"wp:term":[{"taxonomy":"category","embeddable":true,"href":"https:\/\/corludahaber.com\/h\/wp-json\/wp\/v2\/categories?post=57660"},{"taxonomy":"post_tag","embeddable":true,"href":"https:\/\/corludahaber.com\/h\/wp-json\/wp\/v2\/tags?post=57660"}],"curies":[{"name":"wp","href":"https:\/\/api.w.org\/{rel}","templated":true}]}}