{"id":56778,"date":"2023-04-14T14:31:09","date_gmt":"2023-04-14T11:31:09","guid":{"rendered":"https:\/\/corludahaber.com\/h\/kirklarelide-361-gocmen-yakalandi-9-organizator-tutuklandi\/56778"},"modified":"2023-04-14T14:31:38","modified_gmt":"2023-04-14T11:31:38","slug":"kirklarelide-361-gocmen-yakalandi-9-organizator-tutuklandi","status":"publish","type":"post","link":"https:\/\/corludahaber.com\/h\/kirklarelide-361-gocmen-yakalandi-9-organizator-tutuklandi\/56778","title":{"rendered":"K\u0131rklareli&#8217;de 361 g\u00f6\u00e7men yakaland\u0131; 9 organizat\u00f6r tutukland\u0131"},"content":{"rendered":"<div class=\"corlu-icerikten-once_3\" id=\"corlu-554212378\"><script type='text\/javascript' src='https:\/\/platform-api.sharethis.com\/js\/sharethis.js#property=5ce8cf08af7d000012cb0ca1&product=inline-reaction-buttons' async='async'><\/script>\r\n\r\n<\/div><p><p>\u00a0<\/p>\n<p>Vahit \u0130\u015eBA\u015eARAN\/KIRKLAREL\u0130, (DHA)- KIRKLAREL\u0130&#8217;de jandarma ekiplerinin d\u00fczenledi\u011fi operasyonlarda 361 d\u00fczensiz ge\u00e7men yakaland\u0131, g\u00f6zalt\u0131na al\u0131nan 19 organizat\u00f6rden 9&#8217;u tutukland\u0131.<\/p>\n<p>K\u0131rklareli \u0130l Jandarma Komutanl\u0131\u011f\u0131 ekipleri, d\u00fczensiz g\u00f6\u00e7\u00fcn \u00f6nlenmesi kapsam\u0131nda son 13 g\u00fcnde yapt\u0131\u011f\u0131 \u00f6nleyici faaliyetler kapsam\u0131nda yasa d\u0131\u015f\u0131 yollardan yurt d\u0131\u015f\u0131na \u00e7\u0131kmaya \u00e7al\u0131\u015fan 361 ka\u00e7ak \u00a0g\u00f6\u00e7menle birlikte g\u00f6\u00e7menlere organizat\u00f6rl\u00fck yapan 19 ki\u015fiyi yakalad\u0131. G\u00f6\u00e7men ka\u00e7ak\u00e7\u0131l\u0131\u011f\u0131nda kullan\u0131lan 15 araca el konuldu. G\u00f6\u00e7menler i\u015flemlerinin ard\u0131ndan Pehlivank\u00f6y Geri G\u00f6nderme Merkezi&#8217;ne teslim edildi. Jandarmadaki i\u015flemlerinin ard\u0131ndan adliyeye sevk edilen 19 organizat\u00f6rden 9&#8217;u \u00e7\u0131kar\u0131ld\u0131klar\u0131 mahkemede tutukland\u0131. (DHA)<\/p><div class=\"corlu-icerik-2\" id=\"corlu-414809921\"><!-- Admatic AUTO ads START -->\r\n<ins data-publisher=\"adm-pub-155556240050\" data-ad-network=\"659428a24d11b285b616c18d\"   class=\"adm-ads-area\"><\/ins>\r\n<script type=\"text\/javascript\" src=\"https:\/\/static.cdn.admatic.com.tr\/showad\/showad.min.js\"><\/script>\r\n<!-- Admatic AUTO ads END --><\/div>\n<p>\n\u00a0<\/p>\n<\/p>\n<div id='gallery-1' class='gallery galleryid-56778 gallery-columns-3 gallery-size-full'><figure class='gallery-item'>\n\t\t\t<div class='gallery-icon landscape'>\n\t\t\t\t<a href='https:\/\/corludahaber.com\/h\/wp-content\/uploads\/2023\/04\/kirklarelide-361-gocmen-yakalandi-9-organizator-tutuklandi_939d674.jpg'><img decoding=\"async\" width=\"600\" height=\"199\" src=\"data:image\/png;base64,iVBORw0KGgoAAAANSUhEUgAAAYYAAADcAQMAAABOLJSDAAAAA1BMVEUAAACnej3aAAAAAXRSTlMAQObYZgAAACJJREFUaIHtwTEBAAAAwqD1T20ND6AAAAAAAAAAAAAA4N8AKvgAAUFIrrEAAAAASUVORK5CYII=\" class=\"attachment-full size-full lazy-img\" alt=\"\" data-src=\"https:\/\/corludahaber.com\/h\/wp-content\/uploads\/2023\/04\/kirklarelide-361-gocmen-yakalandi-9-organizator-tutuklandi_939d674.jpg\" loading=\"lazy\" \/><\/a>\n\t\t\t<\/div><\/figure>\n\t\t<\/div>\n\n<div class=\"corlu-icerikten-sonra_3\" id=\"corlu-3240199100\"><p><img loading=\"lazy\" decoding=\"async\" class=\"aligncenter\" src=\"https:\/\/www.corludahaber.com\/bahcesehir.jpg\" alt=\"\" width=\"624\" height=\"196\" \/><\/p>\n<table style=\"text-align: left; width: 100%;\" border=\"1\" cellspacing=\"2\" cellpadding=\"2\">\n<tbody>\n<tr>\n<td style=\"background-color: #050805;\"><span style=\"font-size: 12pt;\"><small><small><em><strong><big><span style=\"color: #ff0000;\">Haber ve resimlerin telif haklar\u0131ndan dolay\u0131 kullan\u0131m\u0131 yasakt\u0131r<span style=\"color: #000000;\">.<\/span><\/span><span style=\"color: #000000;\">\u00a0<\/span><span style=\"color: #ffffff;\">Yaz\u0131l\u0131 izni al\u0131nmadan hi\u00e7bir yaz\u0131l\u0131, g\u00f6rsel, i\u015fitsel i\u00e7erik kopyalanamaz, de\u011fi\u015ftirilemez, yay\u0131nlanamaz veya sat\u0131lamaz. Aksi halde<\/span>\u00a0<span style=\"color: #ff0000;\">5846<span style=\"color: #ffffff;\">\u00a0<\/span><\/span><span style=\"color: #ffffff;\">say\u0131l\u0131 Fikir ve Sanat Eserleri Kanunu\u2019na ve<\/span>\u00a0<span style=\"color: #800000;\"><span style=\"color: #ff0000;\">6102<\/span><span style=\"color: #ffffff;\">\u00a0<\/span><\/span><span style=\"color: #ffffff;\">say\u0131l\u0131 maddesine g\u00f6re<\/span>\u00a0<span style=\"color: #ff0000;\">gerekli i\u015flemler uygulanacakt\u0131r.<\/span><br \/>\n<span style=\"color: #ffffff;\">\u00a9 Copyright 2014<\/span><\/big><\/strong><\/em><\/small><\/small><\/span><\/td>\n<\/tr>\n<\/tbody>\n<\/table>\n<p><small><small>\u00a0<\/small><\/small><\/p>\n<\/div>","protected":false},"excerpt":{"rendered":"<p>\u00a0 Vahit \u0130\u015eBA\u015eARAN\/KIRKLAREL\u0130, (DHA)- KIRKLAREL\u0130&#8217;de jandarma ekiplerinin d\u00fczenledi\u011fi operasyonlarda 361 d\u00fczensiz ge\u00e7men yakaland\u0131, g\u00f6zalt\u0131na al\u0131nan 19 organizat\u00f6rden 9&#8217;u tutukland\u0131. K\u0131rklareli \u0130l Jandarma Komutanl\u0131\u011f\u0131 ekipleri, d\u00fczensiz g\u00f6\u00e7\u00fcn \u00f6nlenmesi kapsam\u0131nda son 13 g\u00fcnde yapt\u0131\u011f\u0131 \u00f6nleyici faaliyetler kapsam\u0131nda yasa d\u0131\u015f\u0131 yollardan yurt d\u0131\u015f\u0131na \u00e7\u0131kmaya \u00e7al\u0131\u015fan 361 ka\u00e7ak \u00a0g\u00f6\u00e7menle birlikte g\u00f6\u00e7menlere organizat\u00f6rl\u00fck yapan 19 ki\u015fiyi yakalad\u0131. G\u00f6\u00e7men ka\u00e7ak\u00e7\u0131l\u0131\u011f\u0131nda kullan\u0131lan &hellip;<\/p>\n","protected":false},"author":1,"featured_media":56779,"comment_status":"open","ping_status":"open","sticky":false,"template":"","format":"standard","meta":{"footnotes":""},"categories":[27],"tags":[],"class_list":["post-56778","post","type-post","status-publish","format-standard","has-post-thumbnail","hentry","category-yasam"],"yoast_head":"<!-- This site is optimized with the Yoast SEO Premium plugin v23.3 (Yoast SEO v23.3) - https:\/\/yoast.com\/wordpress\/plugins\/seo\/ -->\n<title>K\u0131rklareli&#039;de 361 g\u00f6\u00e7men yakaland\u0131; 9 organizat\u00f6r tutukland\u0131 | \u00c7orlu&#039;da Haber<\/title>\n<meta name=\"description\" content=\"K\u0131rklareli&#039;de 361 g\u00f6\u00e7men yakaland\u0131; 9 organizat\u00f6r tutukland\u0131 | \u00c7orlu&#039;da Haber\" \/>\n<meta name=\"robots\" content=\"index, follow, max-snippet:-1, max-image-preview:large, max-video-preview:-1\" \/>\n<link rel=\"canonical\" href=\"https:\/\/corludahaber.com\/h\/kirklarelide-361-gocmen-yakalandi-9-organizator-tutuklandi\/56778\" \/>\n<meta property=\"og:locale\" content=\"tr_TR\" \/>\n<meta property=\"og:type\" content=\"article\" \/>\n<meta property=\"og:title\" content=\"K\u0131rklareli&#039;de 361 g\u00f6\u00e7men yakaland\u0131; 9 organizat\u00f6r tutukland\u0131 | \u00c7orlu&#039;da Haber\" \/>\n<meta property=\"og:description\" content=\"K\u0131rklareli&#039;de 361 g\u00f6\u00e7men yakaland\u0131; 9 organizat\u00f6r tutukland\u0131 | \u00c7orlu&#039;da Haber\" \/>\n<meta property=\"og:url\" content=\"https:\/\/corludahaber.com\/h\/kirklarelide-361-gocmen-yakalandi-9-organizator-tutuklandi\/56778\" \/>\n<meta property=\"og:site_name\" content=\"\u00c7orlu&#039;da Haber\" \/>\n<meta property=\"article:publisher\" content=\"https:\/\/facebook.com\/habercorluda\" \/>\n<meta property=\"article:published_time\" content=\"2023-04-14T11:31:09+00:00\" \/>\n<meta property=\"article:modified_time\" content=\"2023-04-14T11:31:38+00:00\" \/>\n<meta property=\"og:image\" content=\"https:\/\/corludahaber.com\/h\/wp-content\/uploads\/2023\/04\/kirklarelide-361-gocmen-yakalandi-9-organizator-tutuklandi_66600c3.jpg\" \/>\n\t<meta property=\"og:image:width\" content=\"600\" \/>\n\t<meta property=\"og:image:height\" content=\"293\" \/>\n\t<meta property=\"og:image:type\" content=\"image\/jpeg\" \/>\n<meta name=\"twitter:card\" content=\"summary_large_image\" \/>\n<meta name=\"twitter:creator\" content=\"@habercorluda\" \/>\n<meta name=\"twitter:site\" content=\"@habercorluda\" \/>\n<meta name=\"twitter:label1\" content=\"Yazan:\" \/>\n\t<meta name=\"twitter:data1\" content=\"\" \/>\n\t<meta name=\"twitter:label2\" content=\"Tahmini okuma s\u00fcresi\" \/>\n\t<meta name=\"twitter:data2\" content=\"1 dakika\" \/>\n<script type=\"application\/ld+json\" class=\"yoast-schema-graph\">{\"@context\":\"https:\/\/schema.org\",\"@graph\":[{\"@type\":\"Article\",\"@id\":\"https:\/\/corludahaber.com\/h\/kirklarelide-361-gocmen-yakalandi-9-organizator-tutuklandi\/56778#article\",\"isPartOf\":{\"@id\":\"https:\/\/corludahaber.com\/h\/kirklarelide-361-gocmen-yakalandi-9-organizator-tutuklandi\/56778\"},\"author\":{\"name\":\"\",\"@id\":\"\"},\"headline\":\"K\u0131rklareli&#8217;de 361 g\u00f6\u00e7men yakaland\u0131; 9 organizat\u00f6r tutukland\u0131\",\"datePublished\":\"2023-04-14T11:31:09+00:00\",\"dateModified\":\"2023-04-14T11:31:38+00:00\",\"mainEntityOfPage\":{\"@id\":\"https:\/\/corludahaber.com\/h\/kirklarelide-361-gocmen-yakalandi-9-organizator-tutuklandi\/56778\"},\"wordCount\":132,\"commentCount\":0,\"publisher\":{\"@id\":\"https:\/\/corludahaber.com\/h\/#organization\"},\"image\":{\"@id\":\"https:\/\/corludahaber.com\/h\/kirklarelide-361-gocmen-yakalandi-9-organizator-tutuklandi\/56778#primaryimage\"},\"thumbnailUrl\":\"https:\/\/corludahaber.com\/h\/wp-content\/uploads\/2023\/04\/kirklarelide-361-gocmen-yakalandi-9-organizator-tutuklandi_66600c3.jpg\",\"articleSection\":[\"Ya\u015fam\"],\"inLanguage\":\"tr\",\"potentialAction\":[{\"@type\":\"CommentAction\",\"name\":\"Comment\",\"target\":[\"https:\/\/corludahaber.com\/h\/kirklarelide-361-gocmen-yakalandi-9-organizator-tutuklandi\/56778#respond\"]}]},{\"@type\":\"WebPage\",\"@id\":\"https:\/\/corludahaber.com\/h\/kirklarelide-361-gocmen-yakalandi-9-organizator-tutuklandi\/56778\",\"url\":\"https:\/\/corludahaber.com\/h\/kirklarelide-361-gocmen-yakalandi-9-organizator-tutuklandi\/56778\",\"name\":\"K\u0131rklareli'de 361 g\u00f6\u00e7men yakaland\u0131; 9 organizat\u00f6r tutukland\u0131 | \u00c7orlu&#039;da Haber\",\"isPartOf\":{\"@id\":\"https:\/\/corludahaber.com\/h\/#website\"},\"primaryImageOfPage\":{\"@id\":\"https:\/\/corludahaber.com\/h\/kirklarelide-361-gocmen-yakalandi-9-organizator-tutuklandi\/56778#primaryimage\"},\"image\":{\"@id\":\"https:\/\/corludahaber.com\/h\/kirklarelide-361-gocmen-yakalandi-9-organizator-tutuklandi\/56778#primaryimage\"},\"thumbnailUrl\":\"https:\/\/corludahaber.com\/h\/wp-content\/uploads\/2023\/04\/kirklarelide-361-gocmen-yakalandi-9-organizator-tutuklandi_66600c3.jpg\",\"datePublished\":\"2023-04-14T11:31:09+00:00\",\"dateModified\":\"2023-04-14T11:31:38+00:00\",\"description\":\"K\u0131rklareli'de 361 g\u00f6\u00e7men yakaland\u0131; 9 organizat\u00f6r tutukland\u0131 | \u00c7orlu&#039;da Haber\",\"breadcrumb\":{\"@id\":\"https:\/\/corludahaber.com\/h\/kirklarelide-361-gocmen-yakalandi-9-organizator-tutuklandi\/56778#breadcrumb\"},\"inLanguage\":\"tr\",\"potentialAction\":[{\"@type\":\"ReadAction\",\"target\":[\"https:\/\/corludahaber.com\/h\/kirklarelide-361-gocmen-yakalandi-9-organizator-tutuklandi\/56778\"]}]},{\"@type\":\"ImageObject\",\"inLanguage\":\"tr\",\"@id\":\"https:\/\/corludahaber.com\/h\/kirklarelide-361-gocmen-yakalandi-9-organizator-tutuklandi\/56778#primaryimage\",\"url\":\"https:\/\/corludahaber.com\/h\/wp-content\/uploads\/2023\/04\/kirklarelide-361-gocmen-yakalandi-9-organizator-tutuklandi_66600c3.jpg\",\"contentUrl\":\"https:\/\/corludahaber.com\/h\/wp-content\/uploads\/2023\/04\/kirklarelide-361-gocmen-yakalandi-9-organizator-tutuklandi_66600c3.jpg\",\"width\":600,\"height\":293},{\"@type\":\"BreadcrumbList\",\"@id\":\"https:\/\/corludahaber.com\/h\/kirklarelide-361-gocmen-yakalandi-9-organizator-tutuklandi\/56778#breadcrumb\",\"itemListElement\":[{\"@type\":\"ListItem\",\"position\":1,\"name\":\"Anasayfa\",\"item\":\"https:\/\/corludahaber.com\/h\/\"},{\"@type\":\"ListItem\",\"position\":2,\"name\":\"Ya\u015fam\",\"item\":\"https:\/\/corludahaber.com\/h\/kategori\/yasam\"},{\"@type\":\"ListItem\",\"position\":3,\"name\":\"K\u0131rklareli&#8217;de 361 g\u00f6\u00e7men yakaland\u0131; 9 organizat\u00f6r tutukland\u0131\"}]},{\"@type\":\"WebSite\",\"@id\":\"https:\/\/corludahaber.com\/h\/#website\",\"url\":\"https:\/\/corludahaber.com\/h\/\",\"name\":\"\u00c7orlu'da Haber\",\"description\":\"Ger\u00e7ek Tarafs\u0131z Haber\",\"publisher\":{\"@id\":\"https:\/\/corludahaber.com\/h\/#organization\"},\"potentialAction\":[{\"@type\":\"SearchAction\",\"target\":{\"@type\":\"EntryPoint\",\"urlTemplate\":\"https:\/\/corludahaber.com\/h\/?s={search_term_string}\"},\"query-input\":\"required name=search_term_string\"}],\"inLanguage\":\"tr\"},{\"@type\":\"Organization\",\"@id\":\"https:\/\/corludahaber.com\/h\/#organization\",\"name\":\"\u00c7orlu'da Haber\",\"url\":\"https:\/\/corludahaber.com\/h\/\",\"logo\":{\"@type\":\"ImageObject\",\"inLanguage\":\"tr\",\"@id\":\"https:\/\/corludahaber.com\/h\/#\/schema\/logo\/image\/\",\"url\":\"https:\/\/corludahaber.com\/h\/wp-content\/uploads\/2021\/12\/logo__9__1_-removebg-preview.png\",\"contentUrl\":\"https:\/\/corludahaber.com\/h\/wp-content\/uploads\/2021\/12\/logo__9__1_-removebg-preview.png\",\"width\":500,\"height\":157,\"caption\":\"\u00c7orlu'da Haber\"},\"image\":{\"@id\":\"https:\/\/corludahaber.com\/h\/#\/schema\/logo\/image\/\"},\"sameAs\":[\"https:\/\/facebook.com\/habercorluda\",\"https:\/\/x.com\/habercorluda\",\"https:\/\/www.instagram.com\/corludahaber\",\"https:\/\/www.youtube.com\/user\/corludahaber\"]},{\"@type\":\"Person\",\"@id\":\"\",\"url\":\"https:\/\/corludahaber.com\/h\/author\"}]}<\/script>\n<!-- \/ Yoast SEO Premium plugin. -->","yoast_head_json":{"title":"K\u0131rklareli'de 361 g\u00f6\u00e7men yakaland\u0131; 9 organizat\u00f6r tutukland\u0131 | \u00c7orlu&#039;da Haber","description":"K\u0131rklareli'de 361 g\u00f6\u00e7men yakaland\u0131; 9 organizat\u00f6r tutukland\u0131 | \u00c7orlu&#039;da Haber","robots":{"index":"index","follow":"follow","max-snippet":"max-snippet:-1","max-image-preview":"max-image-preview:large","max-video-preview":"max-video-preview:-1"},"canonical":"https:\/\/corludahaber.com\/h\/kirklarelide-361-gocmen-yakalandi-9-organizator-tutuklandi\/56778","og_locale":"tr_TR","og_type":"article","og_title":"K\u0131rklareli'de 361 g\u00f6\u00e7men yakaland\u0131; 9 organizat\u00f6r tutukland\u0131 | \u00c7orlu&#039;da Haber","og_description":"K\u0131rklareli'de 361 g\u00f6\u00e7men yakaland\u0131; 9 organizat\u00f6r tutukland\u0131 | \u00c7orlu&#039;da Haber","og_url":"https:\/\/corludahaber.com\/h\/kirklarelide-361-gocmen-yakalandi-9-organizator-tutuklandi\/56778","og_site_name":"\u00c7orlu&#039;da Haber","article_publisher":"https:\/\/facebook.com\/habercorluda","article_published_time":"2023-04-14T11:31:09+00:00","article_modified_time":"2023-04-14T11:31:38+00:00","og_image":[{"width":600,"height":293,"url":"https:\/\/corludahaber.com\/h\/wp-content\/uploads\/2023\/04\/kirklarelide-361-gocmen-yakalandi-9-organizator-tutuklandi_66600c3.jpg","type":"image\/jpeg"}],"twitter_card":"summary_large_image","twitter_creator":"@habercorluda","twitter_site":"@habercorluda","twitter_misc":{"Yazan:":"","Tahmini okuma s\u00fcresi":"1 dakika"},"schema":{"@context":"https:\/\/schema.org","@graph":[{"@type":"Article","@id":"https:\/\/corludahaber.com\/h\/kirklarelide-361-gocmen-yakalandi-9-organizator-tutuklandi\/56778#article","isPartOf":{"@id":"https:\/\/corludahaber.com\/h\/kirklarelide-361-gocmen-yakalandi-9-organizator-tutuklandi\/56778"},"author":{"name":"","@id":""},"headline":"K\u0131rklareli&#8217;de 361 g\u00f6\u00e7men yakaland\u0131; 9 organizat\u00f6r tutukland\u0131","datePublished":"2023-04-14T11:31:09+00:00","dateModified":"2023-04-14T11:31:38+00:00","mainEntityOfPage":{"@id":"https:\/\/corludahaber.com\/h\/kirklarelide-361-gocmen-yakalandi-9-organizator-tutuklandi\/56778"},"wordCount":132,"commentCount":0,"publisher":{"@id":"https:\/\/corludahaber.com\/h\/#organization"},"image":{"@id":"https:\/\/corludahaber.com\/h\/kirklarelide-361-gocmen-yakalandi-9-organizator-tutuklandi\/56778#primaryimage"},"thumbnailUrl":"https:\/\/corludahaber.com\/h\/wp-content\/uploads\/2023\/04\/kirklarelide-361-gocmen-yakalandi-9-organizator-tutuklandi_66600c3.jpg","articleSection":["Ya\u015fam"],"inLanguage":"tr","potentialAction":[{"@type":"CommentAction","name":"Comment","target":["https:\/\/corludahaber.com\/h\/kirklarelide-361-gocmen-yakalandi-9-organizator-tutuklandi\/56778#respond"]}]},{"@type":"WebPage","@id":"https:\/\/corludahaber.com\/h\/kirklarelide-361-gocmen-yakalandi-9-organizator-tutuklandi\/56778","url":"https:\/\/corludahaber.com\/h\/kirklarelide-361-gocmen-yakalandi-9-organizator-tutuklandi\/56778","name":"K\u0131rklareli'de 361 g\u00f6\u00e7men yakaland\u0131; 9 organizat\u00f6r tutukland\u0131 | \u00c7orlu&#039;da Haber","isPartOf":{"@id":"https:\/\/corludahaber.com\/h\/#website"},"primaryImageOfPage":{"@id":"https:\/\/corludahaber.com\/h\/kirklarelide-361-gocmen-yakalandi-9-organizator-tutuklandi\/56778#primaryimage"},"image":{"@id":"https:\/\/corludahaber.com\/h\/kirklarelide-361-gocmen-yakalandi-9-organizator-tutuklandi\/56778#primaryimage"},"thumbnailUrl":"https:\/\/corludahaber.com\/h\/wp-content\/uploads\/2023\/04\/kirklarelide-361-gocmen-yakalandi-9-organizator-tutuklandi_66600c3.jpg","datePublished":"2023-04-14T11:31:09+00:00","dateModified":"2023-04-14T11:31:38+00:00","description":"K\u0131rklareli'de 361 g\u00f6\u00e7men yakaland\u0131; 9 organizat\u00f6r tutukland\u0131 | \u00c7orlu&#039;da Haber","breadcrumb":{"@id":"https:\/\/corludahaber.com\/h\/kirklarelide-361-gocmen-yakalandi-9-organizator-tutuklandi\/56778#breadcrumb"},"inLanguage":"tr","potentialAction":[{"@type":"ReadAction","target":["https:\/\/corludahaber.com\/h\/kirklarelide-361-gocmen-yakalandi-9-organizator-tutuklandi\/56778"]}]},{"@type":"ImageObject","inLanguage":"tr","@id":"https:\/\/corludahaber.com\/h\/kirklarelide-361-gocmen-yakalandi-9-organizator-tutuklandi\/56778#primaryimage","url":"https:\/\/corludahaber.com\/h\/wp-content\/uploads\/2023\/04\/kirklarelide-361-gocmen-yakalandi-9-organizator-tutuklandi_66600c3.jpg","contentUrl":"https:\/\/corludahaber.com\/h\/wp-content\/uploads\/2023\/04\/kirklarelide-361-gocmen-yakalandi-9-organizator-tutuklandi_66600c3.jpg","width":600,"height":293},{"@type":"BreadcrumbList","@id":"https:\/\/corludahaber.com\/h\/kirklarelide-361-gocmen-yakalandi-9-organizator-tutuklandi\/56778#breadcrumb","itemListElement":[{"@type":"ListItem","position":1,"name":"Anasayfa","item":"https:\/\/corludahaber.com\/h\/"},{"@type":"ListItem","position":2,"name":"Ya\u015fam","item":"https:\/\/corludahaber.com\/h\/kategori\/yasam"},{"@type":"ListItem","position":3,"name":"K\u0131rklareli&#8217;de 361 g\u00f6\u00e7men yakaland\u0131; 9 organizat\u00f6r tutukland\u0131"}]},{"@type":"WebSite","@id":"https:\/\/corludahaber.com\/h\/#website","url":"https:\/\/corludahaber.com\/h\/","name":"\u00c7orlu'da Haber","description":"Ger\u00e7ek Tarafs\u0131z Haber","publisher":{"@id":"https:\/\/corludahaber.com\/h\/#organization"},"potentialAction":[{"@type":"SearchAction","target":{"@type":"EntryPoint","urlTemplate":"https:\/\/corludahaber.com\/h\/?s={search_term_string}"},"query-input":"required name=search_term_string"}],"inLanguage":"tr"},{"@type":"Organization","@id":"https:\/\/corludahaber.com\/h\/#organization","name":"\u00c7orlu'da Haber","url":"https:\/\/corludahaber.com\/h\/","logo":{"@type":"ImageObject","inLanguage":"tr","@id":"https:\/\/corludahaber.com\/h\/#\/schema\/logo\/image\/","url":"https:\/\/corludahaber.com\/h\/wp-content\/uploads\/2021\/12\/logo__9__1_-removebg-preview.png","contentUrl":"https:\/\/corludahaber.com\/h\/wp-content\/uploads\/2021\/12\/logo__9__1_-removebg-preview.png","width":500,"height":157,"caption":"\u00c7orlu'da Haber"},"image":{"@id":"https:\/\/corludahaber.com\/h\/#\/schema\/logo\/image\/"},"sameAs":["https:\/\/facebook.com\/habercorluda","https:\/\/x.com\/habercorluda","https:\/\/www.instagram.com\/corludahaber","https:\/\/www.youtube.com\/user\/corludahaber"]},{"@type":"Person","@id":"","url":"https:\/\/corludahaber.com\/h\/author"}]}},"_links":{"self":[{"href":"https:\/\/corludahaber.com\/h\/wp-json\/wp\/v2\/posts\/56778","targetHints":{"allow":["GET"]}}],"collection":[{"href":"https:\/\/corludahaber.com\/h\/wp-json\/wp\/v2\/posts"}],"about":[{"href":"https:\/\/corludahaber.com\/h\/wp-json\/wp\/v2\/types\/post"}],"author":[{"embeddable":true,"href":"https:\/\/corludahaber.com\/h\/wp-json\/wp\/v2\/users\/1"}],"replies":[{"embeddable":true,"href":"https:\/\/corludahaber.com\/h\/wp-json\/wp\/v2\/comments?post=56778"}],"version-history":[{"count":0,"href":"https:\/\/corludahaber.com\/h\/wp-json\/wp\/v2\/posts\/56778\/revisions"}],"wp:featuredmedia":[{"embeddable":true,"href":"https:\/\/corludahaber.com\/h\/wp-json\/wp\/v2\/media\/56779"}],"wp:attachment":[{"href":"https:\/\/corludahaber.com\/h\/wp-json\/wp\/v2\/media?parent=56778"}],"wp:term":[{"taxonomy":"category","embeddable":true,"href":"https:\/\/corludahaber.com\/h\/wp-json\/wp\/v2\/categories?post=56778"},{"taxonomy":"post_tag","embeddable":true,"href":"https:\/\/corludahaber.com\/h\/wp-json\/wp\/v2\/tags?post=56778"}],"curies":[{"name":"wp","href":"https:\/\/api.w.org\/{rel}","templated":true}]}}