{"id":55337,"date":"2023-03-26T15:14:10","date_gmt":"2023-03-26T12:14:10","guid":{"rendered":"https:\/\/corludahaber.com\/h\/edirnede-5-ayri-suctan-aranan-supheliye-tutuklama\/55337"},"modified":"2023-03-26T15:14:10","modified_gmt":"2023-03-26T12:14:10","slug":"edirnede-5-ayri-suctan-aranan-supheliye-tutuklama","status":"publish","type":"post","link":"https:\/\/corludahaber.com\/h\/edirnede-5-ayri-suctan-aranan-supheliye-tutuklama\/55337","title":{"rendered":"Edirne\u2019de 5 ayr\u0131 su\u00e7tan aranan \u015f\u00fcpheliye tutuklama"},"content":{"rendered":"<div class=\"corlu-icerikten-once_3\" id=\"corlu-3904810371\"><script type='text\/javascript' src='https:\/\/platform-api.sharethis.com\/js\/sharethis.js#property=5ce8cf08af7d000012cb0ca1&product=inline-reaction-buttons' async='async'><\/script>\r\n\r\n<\/div><p><p>\u00dcnsal Y\u00dcCEL\/KE\u015eAN(Edirne), (DHA)-ED\u0130RNE\u2019nin Ke\u015fan il\u00e7esinde 5 ayr\u0131 su\u00e7tan aranan ve polis ekiplerince yakalanarak, g\u00f6zalt\u0131na al\u0131nan \u0130.B. (17), tutukland\u0131.<\/p>\n<p>\u0130l\u00e7e Emniyet M\u00fcd\u00fcrl\u00fc\u011f\u00fc ekipleri, Mustafa Kemal Pa\u015fa Mahallesi 700 Evler Konutlar\u0131 civar\u0131nda durumundan \u015f\u00fcphelendi\u011fi \u0130.B.\u2019yi durdurdu. \u0130.B.\u2019nin yap\u0131lan UYAP sorgusunda Ke\u015fan Sulh Ceza Hakimli\u011fi\u2019nce \u2018birden fazla ki\u015fi ile birlikte i\u015f yerinden silahla ya\u011fma\u2019, Ke\u015fan 1\u2019inci Asliye Ceza Mahkemesi\u2019nce \u2018kasten yaralama\u2019, Malkara Sulh Ceza Hakimli\u011fi\u2019nce \u2018adet gere\u011fi a\u00e7\u0131kta b\u0131rak\u0131lm\u0131\u015f e\u015fya hakk\u0131nda h\u0131rs\u0131zl\u0131k\u2019, Ke\u015fan Sulh Ceza Hakimli\u011fi\u2019nce \u2018bina i\u00e7inde muhafaza alt\u0131na al\u0131nm\u0131\u015f olan e\u015fya hakk\u0131nda h\u0131rs\u0131zl\u0131k\u2019, Ke\u015fan 2\u2019nci Asliye Ceza Mahkemesi\u2019nce \u2018kullanmak i\u00e7in uyu\u015fturucu veya uyar\u0131c\u0131 madde sat\u0131n almak, kabul etmek, bulundurmak ve kullanmak\u2019 su\u00e7lar\u0131ndan yakalama kayd\u0131n\u0131n oldu\u011fu belirlendi. Polis, \u015f\u00fcpheli \u0130.B.\u2019yi g\u00f6zalt\u0131na ald\u0131. Emniyetteki i\u015flemlerinin ard\u0131ndan adliyeye sevk edilen \u0130.B., savc\u0131l\u0131ktaki ifadesinin ard\u0131ndan \u00e7\u0131kar\u0131ld\u0131\u011f\u0131 hakimlik\u00e7e tutukland\u0131. (DHA)<\/p><div class=\"corlu-icerik-2\" id=\"corlu-2942738382\"><!-- Admatic AUTO ads START -->\r\n<ins data-publisher=\"adm-pub-155556240050\" data-ad-network=\"659428a24d11b285b616c18d\"   class=\"adm-ads-area\"><\/ins>\r\n<script type=\"text\/javascript\" src=\"https:\/\/static.cdn.admatic.com.tr\/showad\/showad.min.js\"><\/script>\r\n<!-- Admatic AUTO ads END --><\/div><\/p>\n<div class=\"corlu-icerikten-sonra_3\" id=\"corlu-1370391463\"><p><img loading=\"lazy\" decoding=\"async\" class=\"aligncenter\" src=\"https:\/\/www.corludahaber.com\/bahcesehir.jpg\" alt=\"\" width=\"624\" height=\"196\" \/><\/p>\n<table style=\"text-align: left; width: 100%;\" border=\"1\" cellspacing=\"2\" cellpadding=\"2\">\n<tbody>\n<tr>\n<td style=\"background-color: #050805;\"><span style=\"font-size: 12pt;\"><small><small><em><strong><big><span style=\"color: #ff0000;\">Haber ve resimlerin telif haklar\u0131ndan dolay\u0131 kullan\u0131m\u0131 yasakt\u0131r<span style=\"color: #000000;\">.<\/span><\/span><span style=\"color: #000000;\">\u00a0<\/span><span style=\"color: #ffffff;\">Yaz\u0131l\u0131 izni al\u0131nmadan hi\u00e7bir yaz\u0131l\u0131, g\u00f6rsel, i\u015fitsel i\u00e7erik kopyalanamaz, de\u011fi\u015ftirilemez, yay\u0131nlanamaz veya sat\u0131lamaz. Aksi halde<\/span>\u00a0<span style=\"color: #ff0000;\">5846<span style=\"color: #ffffff;\">\u00a0<\/span><\/span><span style=\"color: #ffffff;\">say\u0131l\u0131 Fikir ve Sanat Eserleri Kanunu\u2019na ve<\/span>\u00a0<span style=\"color: #800000;\"><span style=\"color: #ff0000;\">6102<\/span><span style=\"color: #ffffff;\">\u00a0<\/span><\/span><span style=\"color: #ffffff;\">say\u0131l\u0131 maddesine g\u00f6re<\/span>\u00a0<span style=\"color: #ff0000;\">gerekli i\u015flemler uygulanacakt\u0131r.<\/span><br \/>\n<span style=\"color: #ffffff;\">\u00a9 Copyright 2014<\/span><\/big><\/strong><\/em><\/small><\/small><\/span><\/td>\n<\/tr>\n<\/tbody>\n<\/table>\n<p><small><small>\u00a0<\/small><\/small><\/p>\n<\/div>","protected":false},"excerpt":{"rendered":"<p>\u00dcnsal Y\u00dcCEL\/KE\u015eAN(Edirne), (DHA)-ED\u0130RNE\u2019nin Ke\u015fan il\u00e7esinde 5 ayr\u0131 su\u00e7tan aranan ve polis ekiplerince yakalanarak, g\u00f6zalt\u0131na al\u0131nan \u0130.B. (17), tutukland\u0131. \u0130l\u00e7e Emniyet M\u00fcd\u00fcrl\u00fc\u011f\u00fc ekipleri, Mustafa Kemal Pa\u015fa Mahallesi 700 Evler Konutlar\u0131 civar\u0131nda durumundan \u015f\u00fcphelendi\u011fi \u0130.B.\u2019yi durdurdu. \u0130.B.\u2019nin yap\u0131lan UYAP sorgusunda Ke\u015fan Sulh Ceza Hakimli\u011fi\u2019nce \u2018birden fazla ki\u015fi ile birlikte i\u015f yerinden silahla ya\u011fma\u2019, Ke\u015fan 1\u2019inci Asliye Ceza &hellip;<\/p>\n","protected":false},"author":1,"featured_media":55338,"comment_status":"open","ping_status":"open","sticky":false,"template":"","format":"standard","meta":{"footnotes":""},"categories":[27],"tags":[],"class_list":["post-55337","post","type-post","status-publish","format-standard","has-post-thumbnail","hentry","category-yasam"],"yoast_head":"<!-- This site is optimized with the Yoast SEO Premium plugin v23.3 (Yoast SEO v23.3) - https:\/\/yoast.com\/wordpress\/plugins\/seo\/ -->\n<title>Edirne\u2019de 5 ayr\u0131 su\u00e7tan aranan \u015f\u00fcpheliye tutuklama | \u00c7orlu&#039;da Haber<\/title>\n<meta name=\"description\" content=\"Edirne\u2019de 5 ayr\u0131 su\u00e7tan aranan \u015f\u00fcpheliye tutuklama | \u00c7orlu&#039;da Haber\" \/>\n<meta name=\"robots\" content=\"index, follow, max-snippet:-1, max-image-preview:large, max-video-preview:-1\" \/>\n<link rel=\"canonical\" href=\"https:\/\/corludahaber.com\/h\/edirnede-5-ayri-suctan-aranan-supheliye-tutuklama\/55337\" \/>\n<meta property=\"og:locale\" content=\"tr_TR\" \/>\n<meta property=\"og:type\" content=\"article\" \/>\n<meta property=\"og:title\" content=\"Edirne\u2019de 5 ayr\u0131 su\u00e7tan aranan \u015f\u00fcpheliye tutuklama | \u00c7orlu&#039;da Haber\" \/>\n<meta property=\"og:description\" content=\"Edirne\u2019de 5 ayr\u0131 su\u00e7tan aranan \u015f\u00fcpheliye tutuklama | \u00c7orlu&#039;da Haber\" \/>\n<meta property=\"og:url\" content=\"https:\/\/corludahaber.com\/h\/edirnede-5-ayri-suctan-aranan-supheliye-tutuklama\/55337\" \/>\n<meta property=\"og:site_name\" content=\"\u00c7orlu&#039;da Haber\" \/>\n<meta property=\"article:publisher\" content=\"https:\/\/facebook.com\/habercorluda\" \/>\n<meta property=\"article:published_time\" content=\"2023-03-26T12:14:10+00:00\" \/>\n<meta property=\"og:image\" content=\"https:\/\/corludahaber.com\/h\/wp-content\/uploads\/2023\/03\/edirnede-5-ayri-suctan-aranan-supheliye-tutuklama_bcd5962.jpg\" \/>\n\t<meta property=\"og:image:width\" content=\"600\" \/>\n\t<meta property=\"og:image:height\" content=\"714\" \/>\n\t<meta property=\"og:image:type\" content=\"image\/jpeg\" \/>\n<meta name=\"twitter:card\" content=\"summary_large_image\" \/>\n<meta name=\"twitter:creator\" content=\"@habercorluda\" \/>\n<meta name=\"twitter:site\" content=\"@habercorluda\" \/>\n<meta name=\"twitter:label1\" content=\"Yazan:\" \/>\n\t<meta name=\"twitter:data1\" content=\"\" \/>\n\t<meta name=\"twitter:label2\" content=\"Tahmini okuma s\u00fcresi\" \/>\n\t<meta name=\"twitter:data2\" content=\"1 dakika\" \/>\n<script type=\"application\/ld+json\" class=\"yoast-schema-graph\">{\"@context\":\"https:\/\/schema.org\",\"@graph\":[{\"@type\":\"Article\",\"@id\":\"https:\/\/corludahaber.com\/h\/edirnede-5-ayri-suctan-aranan-supheliye-tutuklama\/55337#article\",\"isPartOf\":{\"@id\":\"https:\/\/corludahaber.com\/h\/edirnede-5-ayri-suctan-aranan-supheliye-tutuklama\/55337\"},\"author\":{\"name\":\"\",\"@id\":\"\"},\"headline\":\"Edirne\u2019de 5 ayr\u0131 su\u00e7tan aranan \u015f\u00fcpheliye tutuklama\",\"datePublished\":\"2023-03-26T12:14:10+00:00\",\"dateModified\":\"2023-03-26T12:14:10+00:00\",\"mainEntityOfPage\":{\"@id\":\"https:\/\/corludahaber.com\/h\/edirnede-5-ayri-suctan-aranan-supheliye-tutuklama\/55337\"},\"wordCount\":201,\"commentCount\":0,\"publisher\":{\"@id\":\"https:\/\/corludahaber.com\/h\/#organization\"},\"image\":{\"@id\":\"https:\/\/corludahaber.com\/h\/edirnede-5-ayri-suctan-aranan-supheliye-tutuklama\/55337#primaryimage\"},\"thumbnailUrl\":\"https:\/\/corludahaber.com\/h\/wp-content\/uploads\/2023\/03\/edirnede-5-ayri-suctan-aranan-supheliye-tutuklama_bcd5962.jpg\",\"articleSection\":[\"Ya\u015fam\"],\"inLanguage\":\"tr\",\"potentialAction\":[{\"@type\":\"CommentAction\",\"name\":\"Comment\",\"target\":[\"https:\/\/corludahaber.com\/h\/edirnede-5-ayri-suctan-aranan-supheliye-tutuklama\/55337#respond\"]}]},{\"@type\":\"WebPage\",\"@id\":\"https:\/\/corludahaber.com\/h\/edirnede-5-ayri-suctan-aranan-supheliye-tutuklama\/55337\",\"url\":\"https:\/\/corludahaber.com\/h\/edirnede-5-ayri-suctan-aranan-supheliye-tutuklama\/55337\",\"name\":\"Edirne\u2019de 5 ayr\u0131 su\u00e7tan aranan \u015f\u00fcpheliye tutuklama | \u00c7orlu&#039;da Haber\",\"isPartOf\":{\"@id\":\"https:\/\/corludahaber.com\/h\/#website\"},\"primaryImageOfPage\":{\"@id\":\"https:\/\/corludahaber.com\/h\/edirnede-5-ayri-suctan-aranan-supheliye-tutuklama\/55337#primaryimage\"},\"image\":{\"@id\":\"https:\/\/corludahaber.com\/h\/edirnede-5-ayri-suctan-aranan-supheliye-tutuklama\/55337#primaryimage\"},\"thumbnailUrl\":\"https:\/\/corludahaber.com\/h\/wp-content\/uploads\/2023\/03\/edirnede-5-ayri-suctan-aranan-supheliye-tutuklama_bcd5962.jpg\",\"datePublished\":\"2023-03-26T12:14:10+00:00\",\"dateModified\":\"2023-03-26T12:14:10+00:00\",\"description\":\"Edirne\u2019de 5 ayr\u0131 su\u00e7tan aranan \u015f\u00fcpheliye tutuklama | \u00c7orlu&#039;da Haber\",\"breadcrumb\":{\"@id\":\"https:\/\/corludahaber.com\/h\/edirnede-5-ayri-suctan-aranan-supheliye-tutuklama\/55337#breadcrumb\"},\"inLanguage\":\"tr\",\"potentialAction\":[{\"@type\":\"ReadAction\",\"target\":[\"https:\/\/corludahaber.com\/h\/edirnede-5-ayri-suctan-aranan-supheliye-tutuklama\/55337\"]}]},{\"@type\":\"ImageObject\",\"inLanguage\":\"tr\",\"@id\":\"https:\/\/corludahaber.com\/h\/edirnede-5-ayri-suctan-aranan-supheliye-tutuklama\/55337#primaryimage\",\"url\":\"https:\/\/corludahaber.com\/h\/wp-content\/uploads\/2023\/03\/edirnede-5-ayri-suctan-aranan-supheliye-tutuklama_bcd5962.jpg\",\"contentUrl\":\"https:\/\/corludahaber.com\/h\/wp-content\/uploads\/2023\/03\/edirnede-5-ayri-suctan-aranan-supheliye-tutuklama_bcd5962.jpg\",\"width\":600,\"height\":714},{\"@type\":\"BreadcrumbList\",\"@id\":\"https:\/\/corludahaber.com\/h\/edirnede-5-ayri-suctan-aranan-supheliye-tutuklama\/55337#breadcrumb\",\"itemListElement\":[{\"@type\":\"ListItem\",\"position\":1,\"name\":\"Anasayfa\",\"item\":\"https:\/\/corludahaber.com\/h\/\"},{\"@type\":\"ListItem\",\"position\":2,\"name\":\"Ya\u015fam\",\"item\":\"https:\/\/corludahaber.com\/h\/kategori\/yasam\"},{\"@type\":\"ListItem\",\"position\":3,\"name\":\"Edirne\u2019de 5 ayr\u0131 su\u00e7tan aranan \u015f\u00fcpheliye tutuklama\"}]},{\"@type\":\"WebSite\",\"@id\":\"https:\/\/corludahaber.com\/h\/#website\",\"url\":\"https:\/\/corludahaber.com\/h\/\",\"name\":\"\u00c7orlu'da Haber\",\"description\":\"Ger\u00e7ek Tarafs\u0131z Haber\",\"publisher\":{\"@id\":\"https:\/\/corludahaber.com\/h\/#organization\"},\"potentialAction\":[{\"@type\":\"SearchAction\",\"target\":{\"@type\":\"EntryPoint\",\"urlTemplate\":\"https:\/\/corludahaber.com\/h\/?s={search_term_string}\"},\"query-input\":\"required name=search_term_string\"}],\"inLanguage\":\"tr\"},{\"@type\":\"Organization\",\"@id\":\"https:\/\/corludahaber.com\/h\/#organization\",\"name\":\"\u00c7orlu'da Haber\",\"url\":\"https:\/\/corludahaber.com\/h\/\",\"logo\":{\"@type\":\"ImageObject\",\"inLanguage\":\"tr\",\"@id\":\"https:\/\/corludahaber.com\/h\/#\/schema\/logo\/image\/\",\"url\":\"https:\/\/corludahaber.com\/h\/wp-content\/uploads\/2021\/12\/logo__9__1_-removebg-preview.png\",\"contentUrl\":\"https:\/\/corludahaber.com\/h\/wp-content\/uploads\/2021\/12\/logo__9__1_-removebg-preview.png\",\"width\":500,\"height\":157,\"caption\":\"\u00c7orlu'da Haber\"},\"image\":{\"@id\":\"https:\/\/corludahaber.com\/h\/#\/schema\/logo\/image\/\"},\"sameAs\":[\"https:\/\/facebook.com\/habercorluda\",\"https:\/\/x.com\/habercorluda\",\"https:\/\/www.instagram.com\/corludahaber\",\"https:\/\/www.youtube.com\/user\/corludahaber\"]},{\"@type\":\"Person\",\"@id\":\"\",\"url\":\"https:\/\/corludahaber.com\/h\/author\"}]}<\/script>\n<!-- \/ Yoast SEO Premium plugin. -->","yoast_head_json":{"title":"Edirne\u2019de 5 ayr\u0131 su\u00e7tan aranan \u015f\u00fcpheliye tutuklama | \u00c7orlu&#039;da Haber","description":"Edirne\u2019de 5 ayr\u0131 su\u00e7tan aranan \u015f\u00fcpheliye tutuklama | \u00c7orlu&#039;da Haber","robots":{"index":"index","follow":"follow","max-snippet":"max-snippet:-1","max-image-preview":"max-image-preview:large","max-video-preview":"max-video-preview:-1"},"canonical":"https:\/\/corludahaber.com\/h\/edirnede-5-ayri-suctan-aranan-supheliye-tutuklama\/55337","og_locale":"tr_TR","og_type":"article","og_title":"Edirne\u2019de 5 ayr\u0131 su\u00e7tan aranan \u015f\u00fcpheliye tutuklama | \u00c7orlu&#039;da Haber","og_description":"Edirne\u2019de 5 ayr\u0131 su\u00e7tan aranan \u015f\u00fcpheliye tutuklama | \u00c7orlu&#039;da Haber","og_url":"https:\/\/corludahaber.com\/h\/edirnede-5-ayri-suctan-aranan-supheliye-tutuklama\/55337","og_site_name":"\u00c7orlu&#039;da Haber","article_publisher":"https:\/\/facebook.com\/habercorluda","article_published_time":"2023-03-26T12:14:10+00:00","og_image":[{"width":600,"height":714,"url":"https:\/\/corludahaber.com\/h\/wp-content\/uploads\/2023\/03\/edirnede-5-ayri-suctan-aranan-supheliye-tutuklama_bcd5962.jpg","type":"image\/jpeg"}],"twitter_card":"summary_large_image","twitter_creator":"@habercorluda","twitter_site":"@habercorluda","twitter_misc":{"Yazan:":"","Tahmini okuma s\u00fcresi":"1 dakika"},"schema":{"@context":"https:\/\/schema.org","@graph":[{"@type":"Article","@id":"https:\/\/corludahaber.com\/h\/edirnede-5-ayri-suctan-aranan-supheliye-tutuklama\/55337#article","isPartOf":{"@id":"https:\/\/corludahaber.com\/h\/edirnede-5-ayri-suctan-aranan-supheliye-tutuklama\/55337"},"author":{"name":"","@id":""},"headline":"Edirne\u2019de 5 ayr\u0131 su\u00e7tan aranan \u015f\u00fcpheliye tutuklama","datePublished":"2023-03-26T12:14:10+00:00","dateModified":"2023-03-26T12:14:10+00:00","mainEntityOfPage":{"@id":"https:\/\/corludahaber.com\/h\/edirnede-5-ayri-suctan-aranan-supheliye-tutuklama\/55337"},"wordCount":201,"commentCount":0,"publisher":{"@id":"https:\/\/corludahaber.com\/h\/#organization"},"image":{"@id":"https:\/\/corludahaber.com\/h\/edirnede-5-ayri-suctan-aranan-supheliye-tutuklama\/55337#primaryimage"},"thumbnailUrl":"https:\/\/corludahaber.com\/h\/wp-content\/uploads\/2023\/03\/edirnede-5-ayri-suctan-aranan-supheliye-tutuklama_bcd5962.jpg","articleSection":["Ya\u015fam"],"inLanguage":"tr","potentialAction":[{"@type":"CommentAction","name":"Comment","target":["https:\/\/corludahaber.com\/h\/edirnede-5-ayri-suctan-aranan-supheliye-tutuklama\/55337#respond"]}]},{"@type":"WebPage","@id":"https:\/\/corludahaber.com\/h\/edirnede-5-ayri-suctan-aranan-supheliye-tutuklama\/55337","url":"https:\/\/corludahaber.com\/h\/edirnede-5-ayri-suctan-aranan-supheliye-tutuklama\/55337","name":"Edirne\u2019de 5 ayr\u0131 su\u00e7tan aranan \u015f\u00fcpheliye tutuklama | \u00c7orlu&#039;da Haber","isPartOf":{"@id":"https:\/\/corludahaber.com\/h\/#website"},"primaryImageOfPage":{"@id":"https:\/\/corludahaber.com\/h\/edirnede-5-ayri-suctan-aranan-supheliye-tutuklama\/55337#primaryimage"},"image":{"@id":"https:\/\/corludahaber.com\/h\/edirnede-5-ayri-suctan-aranan-supheliye-tutuklama\/55337#primaryimage"},"thumbnailUrl":"https:\/\/corludahaber.com\/h\/wp-content\/uploads\/2023\/03\/edirnede-5-ayri-suctan-aranan-supheliye-tutuklama_bcd5962.jpg","datePublished":"2023-03-26T12:14:10+00:00","dateModified":"2023-03-26T12:14:10+00:00","description":"Edirne\u2019de 5 ayr\u0131 su\u00e7tan aranan \u015f\u00fcpheliye tutuklama | \u00c7orlu&#039;da Haber","breadcrumb":{"@id":"https:\/\/corludahaber.com\/h\/edirnede-5-ayri-suctan-aranan-supheliye-tutuklama\/55337#breadcrumb"},"inLanguage":"tr","potentialAction":[{"@type":"ReadAction","target":["https:\/\/corludahaber.com\/h\/edirnede-5-ayri-suctan-aranan-supheliye-tutuklama\/55337"]}]},{"@type":"ImageObject","inLanguage":"tr","@id":"https:\/\/corludahaber.com\/h\/edirnede-5-ayri-suctan-aranan-supheliye-tutuklama\/55337#primaryimage","url":"https:\/\/corludahaber.com\/h\/wp-content\/uploads\/2023\/03\/edirnede-5-ayri-suctan-aranan-supheliye-tutuklama_bcd5962.jpg","contentUrl":"https:\/\/corludahaber.com\/h\/wp-content\/uploads\/2023\/03\/edirnede-5-ayri-suctan-aranan-supheliye-tutuklama_bcd5962.jpg","width":600,"height":714},{"@type":"BreadcrumbList","@id":"https:\/\/corludahaber.com\/h\/edirnede-5-ayri-suctan-aranan-supheliye-tutuklama\/55337#breadcrumb","itemListElement":[{"@type":"ListItem","position":1,"name":"Anasayfa","item":"https:\/\/corludahaber.com\/h\/"},{"@type":"ListItem","position":2,"name":"Ya\u015fam","item":"https:\/\/corludahaber.com\/h\/kategori\/yasam"},{"@type":"ListItem","position":3,"name":"Edirne\u2019de 5 ayr\u0131 su\u00e7tan aranan \u015f\u00fcpheliye tutuklama"}]},{"@type":"WebSite","@id":"https:\/\/corludahaber.com\/h\/#website","url":"https:\/\/corludahaber.com\/h\/","name":"\u00c7orlu'da Haber","description":"Ger\u00e7ek Tarafs\u0131z Haber","publisher":{"@id":"https:\/\/corludahaber.com\/h\/#organization"},"potentialAction":[{"@type":"SearchAction","target":{"@type":"EntryPoint","urlTemplate":"https:\/\/corludahaber.com\/h\/?s={search_term_string}"},"query-input":"required name=search_term_string"}],"inLanguage":"tr"},{"@type":"Organization","@id":"https:\/\/corludahaber.com\/h\/#organization","name":"\u00c7orlu'da Haber","url":"https:\/\/corludahaber.com\/h\/","logo":{"@type":"ImageObject","inLanguage":"tr","@id":"https:\/\/corludahaber.com\/h\/#\/schema\/logo\/image\/","url":"https:\/\/corludahaber.com\/h\/wp-content\/uploads\/2021\/12\/logo__9__1_-removebg-preview.png","contentUrl":"https:\/\/corludahaber.com\/h\/wp-content\/uploads\/2021\/12\/logo__9__1_-removebg-preview.png","width":500,"height":157,"caption":"\u00c7orlu'da Haber"},"image":{"@id":"https:\/\/corludahaber.com\/h\/#\/schema\/logo\/image\/"},"sameAs":["https:\/\/facebook.com\/habercorluda","https:\/\/x.com\/habercorluda","https:\/\/www.instagram.com\/corludahaber","https:\/\/www.youtube.com\/user\/corludahaber"]},{"@type":"Person","@id":"","url":"https:\/\/corludahaber.com\/h\/author"}]}},"_links":{"self":[{"href":"https:\/\/corludahaber.com\/h\/wp-json\/wp\/v2\/posts\/55337","targetHints":{"allow":["GET"]}}],"collection":[{"href":"https:\/\/corludahaber.com\/h\/wp-json\/wp\/v2\/posts"}],"about":[{"href":"https:\/\/corludahaber.com\/h\/wp-json\/wp\/v2\/types\/post"}],"author":[{"embeddable":true,"href":"https:\/\/corludahaber.com\/h\/wp-json\/wp\/v2\/users\/1"}],"replies":[{"embeddable":true,"href":"https:\/\/corludahaber.com\/h\/wp-json\/wp\/v2\/comments?post=55337"}],"version-history":[{"count":0,"href":"https:\/\/corludahaber.com\/h\/wp-json\/wp\/v2\/posts\/55337\/revisions"}],"wp:featuredmedia":[{"embeddable":true,"href":"https:\/\/corludahaber.com\/h\/wp-json\/wp\/v2\/media\/55338"}],"wp:attachment":[{"href":"https:\/\/corludahaber.com\/h\/wp-json\/wp\/v2\/media?parent=55337"}],"wp:term":[{"taxonomy":"category","embeddable":true,"href":"https:\/\/corludahaber.com\/h\/wp-json\/wp\/v2\/categories?post=55337"},{"taxonomy":"post_tag","embeddable":true,"href":"https:\/\/corludahaber.com\/h\/wp-json\/wp\/v2\/tags?post=55337"}],"curies":[{"name":"wp","href":"https:\/\/api.w.org\/{rel}","templated":true}]}}