{"id":53631,"date":"2023-03-05T03:33:50","date_gmt":"2023-03-05T00:33:50","guid":{"rendered":"https:\/\/corludahaber.com\/h\/trabzonspor-umraniyespor-macinin-ardindan-kahramanmaras-gaziantep-sanliurfa-diyarbakir-adana-adiyaman-osmaniye-hatay-kilis-malatya\/53631"},"modified":"2023-03-05T03:33:50","modified_gmt":"2023-03-05T00:33:50","slug":"trabzonspor-umraniyespor-macinin-ardindan-kahramanmaras-gaziantep-sanliurfa-diyarbakir-adana-adiyaman-osmaniye-hatay-kilis-malatya","status":"publish","type":"post","link":"https:\/\/corludahaber.com\/h\/trabzonspor-umraniyespor-macinin-ardindan-kahramanmaras-gaziantep-sanliurfa-diyarbakir-adana-adiyaman-osmaniye-hatay-kilis-malatya\/53631","title":{"rendered":"Trabzonspor-\u00dcmraniyespor ma\u00e7\u0131n\u0131n ard\u0131ndan | Kahramanmara\u015f, Gaziantep, \u015eanl\u0131urfa, Diyarbak\u0131r, Adana, Ad\u0131yaman, Osmaniye, Hatay, Kilis, Malatya"},"content":{"rendered":"<div class=\"corlu-icerikten-once_3\" id=\"corlu-2702226687\"><script type='text\/javascript' src='https:\/\/platform-api.sharethis.com\/js\/sharethis.js#property=5ce8cf08af7d000012cb0ca1&product=inline-reaction-buttons' async='async'><\/script>\r\n\r\n<\/div><div class=\"nd-article\">\n<div class=\"nd-article__content\">\n<div class=\" nd-content-column\"><span class=\"category-name hidden\"><\/span><\/p><div class=\"corlu-icerik-2\" id=\"corlu-826755519\"><!-- Admatic AUTO ads START -->\r\n<ins data-publisher=\"adm-pub-155556240050\" data-ad-network=\"659428a24d11b285b616c18d\"   class=\"adm-ads-area\"><\/ins>\r\n<script type=\"text\/javascript\" src=\"https:\/\/static.cdn.admatic.com.tr\/showad\/showad.min.js\"><\/script>\r\n<!-- Admatic AUTO ads END --><\/div>\n<p>M\u00fccadelenin ard\u0131ndan d\u00fczenlenen bas\u0131n toplant\u0131s\u0131nda a\u00e7\u0131klamalarda bulunan <a class=\"inline-keyword from-service\" href=\"https:\/\/www.dha.com.tr\/haberleri\/trabzonspor\" target=\"_blank\" rel=\"noopener\">Trabzonspor<\/a> Teknik Direkt\u00f6r\u00fc Abdullah Avc\u0131, bordo-mavili kul\u00fcpteki Ola\u011fan\u00fcst\u00fc Genel Kurul s\u00fcrecini de\u011ferlendirerek s\u00f6ze ba\u015flad\u0131. Abdullah Avc\u0131, &#8220;Ba\u015fkan ve y\u00f6netimin ald\u0131\u011f\u0131 bir karar var, camiaya hay\u0131rl\u0131 olsun. Ba\u015fkanlar, y\u00f6neticileri, futbolcular, bizler kul\u00fcplerden zaman i\u00e7inde ayr\u0131labiliriz. Esas olan Trabzonspor ve taraftar\u0131d\u0131r. Bence ne mutlu ki\u00a0camian\u0131n uzun s\u00fcredir bekledi\u011fi \u015fampiyonlu\u011fu ba\u015fkan Ahmet A\u011fao\u011flu, Ertu\u011frul Do\u011fan ve y\u00f6netim kurulu harika \u015fekilde ya\u015fam\u0131\u015flard\u0131r. Tarihte her zaman g\u00fczelliklerle an\u0131lacaklard\u0131r. Onlara da, ba\u015fkana da yapt\u0131klar\u0131 hizmetler ve beraber yakalad\u0131\u011f\u0131m\u0131z ba\u015far\u0131lardan dolay\u0131 i\u00e7ten te\u015fekk\u00fcrlerimi sunuyorum. Camia g\u00fc\u00e7l\u00fc ba\u015fkan\u0131n\u0131 se\u00e7ecek, yoluna en iyi \u015fekilde devam edecektir. Biz profesyoneller ba\u015fkanlarla, y\u00f6neticilerle imzalar at\u0131yoruz ama sonu\u00e7ta hizmeti Trabzonspor camias\u0131na, kul\u00fcb\u00fcne yap\u0131yoruz. esas olan Trabzonspor ve camias\u0131d\u0131r. Bunu en iyi \u015fekilde hizmet edebilmek, kendi ad\u0131ma iyi bir haf\u0131za olu\u015fturabilmek, Trabzon\u2019da bulunan futbol k\u00fclt\u00fcr\u00fcn\u00fc daha iyi hale getirebilmek i\u00e7in \u00e7al\u0131\u015f\u0131yoruz. Ba\u015fkan A\u011fao\u011flu ve y\u00f6netim kuruluna ya\u015fad\u0131\u011f\u0131m\u0131z o duygular i\u00e7in te\u015fekk\u00fcr ediyorum\u201d dedi.<\/p>\n<div style=\"width:100%\">\n<div class=\"nd-dfp-wrapper\">\n<div id=\"9927946,22675483042\/dha\/diger\/body_300x250_1\" class=\"adRenderer dfp  \" data-device-type=\"desktop\"><\/div>\n<div id=\"9927946,22675483042\/dha\/diger\/body_300x250_1_a\" class=\"adRenderer dfp  \" data-device-type=\"desktop\"><\/div>\n<\/div>\n<div>\n<div id=\"9927946,22675483042\/dha_mobilsite\/diger\/haberici_300x250_1\" class=\"adRenderer dfp  \" data-device-type=\"mobile\"><\/div>\n<\/div>\n<\/div>\n<p><strong>&#8220;ENTERESAN DURUMLAR YA\u015eIYORUZ&#8221;<\/strong><\/p>\n<p>Avc\u0131, Yunanistan\u2019da ya\u015fanan tren kazas\u0131, Kahramanmara\u015f merkezli deprem afeti ve futbolun \u00f6nemli isimlerinden Ziya \u015eeng\u00fcl\u2019\u00fcn \u00f6l\u00fcm\u00fc kar\u015f\u0131s\u0131nda \u00fcz\u00fcnt\u00fc duydu\u011funu dile getirdikten sonra kar\u015f\u0131la\u015fmay\u0131 de\u011ferlendirdi. Rakibi tebrik eden Avc\u0131, &#8220;ilk 45 dakikada 6 net pozisyon, oyunu domine eden, rakibi zor durumda b\u0131rakan bundan evvelki ma\u00e7lar olmam\u0131\u015ft\u0131. Gol atamad\u0131k\u00e7a k\u0131r\u0131lma anlar\u0131 ve \u00f6zg\u00fcven kay\u0131plar\u0131 sahan\u0131n i\u00e7inde olabiliyor. Hatta daha ileri giderek son 3 ma\u00e7ta herhalde 20 tane net pozisyonumuz var. Gol\u00fc yedikten sonra tekrar k\u0131r\u0131lmalar ba\u015fl\u0131yor. Bazen oyundan koptuk, bazen gerginliklerimiz oldu. Enteresan bir sene ya\u015f\u0131yoruz. Rakibi tebrik ederim. \u00dczg\u00fcn\u00fcz. Kendi evimizde 36 ma\u00e7 sonra kaybetmek bizi \u00e7ok \u00fczd\u00fc. Taraftar\u0131m\u0131zdan \u00f6z\u00fcr diliyoruz, bazen enteresan durumlar ya\u015f\u0131yoruz. Bakasetas\u2019\u0131n son antrenmanda sakatlanmas\u0131 gibi bunlar savunma \u015fekli de\u011fil tabii.\u00a0\u015eu an itibar\u0131yla\u00a0bundan sonraki s\u00fcreci daha sa\u011fl\u0131kl\u0131 nas\u0131l g\u00f6t\u00fcrebiliriz bakaca\u011f\u0131z. \u00d6n\u00fcm\u00fczde \u00e7ok \u00f6nemli kupa hedefi ve ma\u00e7 kazanmak var. Buradan kafam\u0131z\u0131 nas\u0131l kald\u0131raca\u011f\u0131z en iyi \u015fekilde yapmaya \u00e7al\u0131\u015faca\u011f\u0131z\u201d diye konu\u015ftu.<\/p>\n<div style=\"width:100%\">\n<div class=\"nd-dfp-wrapper\">\n<div id=\"9927946,22675483042\/dha\/diger\/body_300x250_2\" class=\"adRenderer dfp  \" data-device-type=\"desktop\"><\/div>\n<div id=\"9927946,22675483042\/dha\/diger\/body_300x250_2_a\" class=\"adRenderer dfp  \" data-device-type=\"desktop\"><\/div>\n<\/div>\n<div>\n<div id=\"9927946,22675483042\/dha_mobilsite\/diger\/haberici_300x250_2\" class=\"adRenderer dfp  \" data-device-type=\"mobile\"><\/div>\n<\/div>\n<\/div>\n<p><strong>&#8220;MA\u00c7 B\u0130TT\u0130KTEN SONRA YAPILMASI DAHA DO\u011eRU&#8221;<\/strong><\/p>\n<p>Trib\u00fcnlerdeki protestolar\u0131 de\u011ferlendiren Avc\u0131, \u201cProtesto bunun i\u00e7inde var. Ben her zaman s\u00f6ylerim Oyunun i\u00e7indeki protesto beni ya da ba\u015fkas\u0131n\u0131 oyunun i\u00e7ine tekrar sokmuyor. Protestonun ma\u00e7 bittikten sonra yap\u0131lmas\u0131 daha do\u011fru olur. Benim i\u00e7in de vard\u0131. Sayg\u0131 duyuyorum. Trabzonspor camias\u0131na ve ailesine zarar verecek hi\u00e7bir \u015fey yapmam. Ge\u00e7en sene nas\u0131l taraftar \u2018Abdullah Avc\u0131 buraya\u2019 diyorsa protesto etme hakk\u0131 da var. Bu \u015fehri \u00e7ok seviyorum. Rica ediyorum, ma\u00e7 bittikten sonra ele\u015ftiriye a\u00e7\u0131\u011f\u0131z\u201d ifadelerini kulland\u0131.<\/p>\n<p>Avc\u0131, \u00fclkesinde bulunan Vitor Hugo\u2019nun Basel ma\u00e7\u0131nda oyundan \u00e7\u0131kmas\u0131n\u0131n sebebinin ayak bile\u011finde esneme oldu\u011fu, \u00fclkesine giderek hem tedavi oldu\u011funu hem de hasta olan annesinin yan\u0131nda bulundu\u011funu s\u00f6yledi.<\/p>\n<p><strong>RECEP U\u00c7AR: I\u015eIK TUTACAK B\u0130R GAL\u0130B\u0130YET<\/strong><\/p>\n<p><a class=\"inline-keyword from-service\" href=\"https:\/\/www.dha.com.tr\/haberleri\/umraniyespor\" target=\"_blank\" rel=\"noopener\">\u00dcmraniyespor<\/a> Teknik Direkt\u00f6r\u00fc Recep U\u00e7ar ise yapt\u0131\u011f\u0131 a\u00e7\u0131klamada, &#8220;Futbolda hi\u00e7 bir \u015fey futbolda tesad\u00fcfi olmuyor. Trabzonspor burada \u00e7ok \u00e7ok iyi oyunlar oynamas\u0131, bu kadar s\u00fcrede ma\u00e7 kaybetmemesi onlar ad\u0131na b\u00fcy\u00fck bir ba\u015far\u0131yd\u0131. Bulundu\u011fumuz konum itibar\u0131yla her puana ihtiyac\u0131m\u0131z var. Ge\u00e7i\u015flerde memnun olmad\u0131\u011f\u0131m bir oyun oldu. Devreye 0-0 girmemiz bizim a\u00e7\u0131m\u0131zdan iyi oldu. \u0130kinci yar\u0131n\u0131n ilk b\u00f6l\u00fcm\u00fcnde oyunun bize d\u00f6nd\u00fc\u011f\u00fc bizim pozisyonlar \u00fcretti\u011fimiz bir m\u00fcsabakaya d\u00f6nd\u00fc. 2-0&#8217;a getirmesini bildik. Trabzonspor daha \u00e7ok risk almaya ba\u015flad\u0131\u011f\u0131 b\u00f6l\u00fcmlerde iyi direndi\u011fimiz bir m\u00fcsabaka oldu. Bizim ad\u0131m\u0131za \u0131\u015f\u0131k tutacak bir galibiyet ald\u0131k. Tak\u0131m olarak lig sonunday\u0131z. Oyuncular\u0131m ve ben, k\u00fc\u00e7\u00fck olan camiam\u0131z ile il\u00e7emizin b\u00fct\u00fcn de\u011ferleriyle m\u00fccadele etmeye devam edece\u011fiz\u201d dedi.<\/p>\n<div style=\"width:100%\">\n<div class=\"nd-dfp-wrapper\">\n<div id=\"9927946,22675483042\/dha\/diger\/body_300x250_2\" class=\"adRenderer dfp  \" data-device-type=\"desktop\"><\/div>\n<div id=\"9927946,22675483042\/dha\/diger\/body_300x250_2_a\" class=\"adRenderer dfp  \" data-device-type=\"desktop\"><\/div>\n<\/div>\n<div>\n<div id=\"9927946,22675483042\/dha_mobilsite\/diger\/haberici_300x250_2\" class=\"adRenderer dfp  \" data-device-type=\"mobile\"><\/div>\n<\/div>\n<\/div>\n<\/div>\n<\/div>\n<div class=\"article-ads-container taboola-ads\">\n<div id=\"taboola-below-article-thumbnails_desktop1_dha\"><\/div>\n<\/div>\n<\/div>\n<div class=\"corlu-icerikten-sonra_3\" id=\"corlu-1441575305\"><p><img loading=\"lazy\" decoding=\"async\" class=\"aligncenter\" src=\"https:\/\/www.corludahaber.com\/bahcesehir.jpg\" alt=\"\" width=\"624\" height=\"196\" \/><\/p>\n<table style=\"text-align: left; width: 100%;\" border=\"1\" cellspacing=\"2\" cellpadding=\"2\">\n<tbody>\n<tr>\n<td style=\"background-color: #050805;\"><span style=\"font-size: 12pt;\"><small><small><em><strong><big><span style=\"color: #ff0000;\">Haber ve resimlerin telif haklar\u0131ndan dolay\u0131 kullan\u0131m\u0131 yasakt\u0131r<span style=\"color: #000000;\">.<\/span><\/span><span style=\"color: #000000;\">\u00a0<\/span><span style=\"color: #ffffff;\">Yaz\u0131l\u0131 izni al\u0131nmadan hi\u00e7bir yaz\u0131l\u0131, g\u00f6rsel, i\u015fitsel i\u00e7erik kopyalanamaz, de\u011fi\u015ftirilemez, yay\u0131nlanamaz veya sat\u0131lamaz. Aksi halde<\/span>\u00a0<span style=\"color: #ff0000;\">5846<span style=\"color: #ffffff;\">\u00a0<\/span><\/span><span style=\"color: #ffffff;\">say\u0131l\u0131 Fikir ve Sanat Eserleri Kanunu\u2019na ve<\/span>\u00a0<span style=\"color: #800000;\"><span style=\"color: #ff0000;\">6102<\/span><span style=\"color: #ffffff;\">\u00a0<\/span><\/span><span style=\"color: #ffffff;\">say\u0131l\u0131 maddesine g\u00f6re<\/span>\u00a0<span style=\"color: #ff0000;\">gerekli i\u015flemler uygulanacakt\u0131r.<\/span><br \/>\n<span style=\"color: #ffffff;\">\u00a9 Copyright 2014<\/span><\/big><\/strong><\/em><\/small><\/small><\/span><\/td>\n<\/tr>\n<\/tbody>\n<\/table>\n<p><small><small>\u00a0<\/small><\/small><\/p>\n<\/div>","protected":false},"excerpt":{"rendered":"<p>M\u00fccadelenin ard\u0131ndan d\u00fczenlenen bas\u0131n toplant\u0131s\u0131nda a\u00e7\u0131klamalarda bulunan Trabzonspor Teknik Direkt\u00f6r\u00fc Abdullah Avc\u0131, bordo-mavili kul\u00fcpteki Ola\u011fan\u00fcst\u00fc Genel Kurul s\u00fcrecini de\u011ferlendirerek s\u00f6ze ba\u015flad\u0131. Abdullah Avc\u0131, &#8220;Ba\u015fkan ve y\u00f6netimin ald\u0131\u011f\u0131 bir karar var, camiaya hay\u0131rl\u0131 olsun. Ba\u015fkanlar, y\u00f6neticileri, futbolcular, bizler kul\u00fcplerden zaman i\u00e7inde ayr\u0131labiliriz. Esas olan Trabzonspor ve taraftar\u0131d\u0131r. Bence ne mutlu ki\u00a0camian\u0131n uzun s\u00fcredir bekledi\u011fi \u015fampiyonlu\u011fu ba\u015fkan &hellip;<\/p>\n","protected":false},"author":151,"featured_media":53632,"comment_status":"open","ping_status":"closed","sticky":false,"template":"","format":"standard","meta":{"footnotes":""},"categories":[127],"tags":[322],"class_list":["post-53631","post","type-post","status-publish","format-standard","has-post-thumbnail","hentry","category-deprem","tag-macin-ardindan"],"yoast_head":"<!-- This site is optimized with the Yoast SEO Premium plugin v23.3 (Yoast SEO v23.3) - https:\/\/yoast.com\/wordpress\/plugins\/seo\/ -->\n<title>Trabzonspor-\u00dcmraniyespor ma\u00e7\u0131n\u0131n ard\u0131ndan | Kahramanmara\u015f, Gaziantep, \u015eanl\u0131urfa, Diyarbak\u0131r, Adana, Ad\u0131yaman, Osmaniye, Hatay, Kilis, Malatya | \u00c7orlu&#039;da Haber<\/title>\n<meta name=\"description\" content=\"Trabzonspor-\u00dcmraniyespor ma\u00e7\u0131n\u0131n ard\u0131ndan | Kahramanmara\u015f, Gaziantep, \u015eanl\u0131urfa, Diyarbak\u0131r, Adana, Ad\u0131yaman, Osmaniye, Hatay, Kilis, Malatya | \u00c7orlu&#039;da Haber\" \/>\n<meta name=\"robots\" content=\"index, follow, max-snippet:-1, max-image-preview:large, max-video-preview:-1\" \/>\n<link rel=\"canonical\" href=\"https:\/\/corludahaber.com\/h\/trabzonspor-umraniyespor-macinin-ardindan-kahramanmaras-gaziantep-sanliurfa-diyarbakir-adana-adiyaman-osmaniye-hatay-kilis-malatya\/53631\" \/>\n<meta property=\"og:locale\" content=\"tr_TR\" \/>\n<meta property=\"og:type\" content=\"article\" \/>\n<meta property=\"og:title\" content=\"Trabzonspor-\u00dcmraniyespor ma\u00e7\u0131n\u0131n ard\u0131ndan | Kahramanmara\u015f, Gaziantep, \u015eanl\u0131urfa, Diyarbak\u0131r, Adana, Ad\u0131yaman, Osmaniye, Hatay, Kilis, Malatya | \u00c7orlu&#039;da Haber\" \/>\n<meta property=\"og:description\" content=\"Trabzonspor-\u00dcmraniyespor ma\u00e7\u0131n\u0131n ard\u0131ndan | Kahramanmara\u015f, Gaziantep, \u015eanl\u0131urfa, Diyarbak\u0131r, Adana, Ad\u0131yaman, Osmaniye, Hatay, Kilis, Malatya | \u00c7orlu&#039;da Haber\" \/>\n<meta property=\"og:url\" content=\"https:\/\/corludahaber.com\/h\/trabzonspor-umraniyespor-macinin-ardindan-kahramanmaras-gaziantep-sanliurfa-diyarbakir-adana-adiyaman-osmaniye-hatay-kilis-malatya\/53631\" \/>\n<meta property=\"og:site_name\" content=\"\u00c7orlu&#039;da Haber\" \/>\n<meta property=\"article:publisher\" content=\"https:\/\/facebook.com\/habercorluda\" \/>\n<meta property=\"article:published_time\" content=\"2023-03-05T00:33:50+00:00\" \/>\n<meta property=\"og:image\" content=\"https:\/\/corludahaber.com\/h\/wp-content\/uploads\/2023\/03\/trabzonspor-umraniyespor-macinin-ardindan-kahramanmaras-gaziantep-sanliurfa-diyarbakir-adana-adiyaman-osmaniye-hatay-kilis-malatya_6403e3707d065.jpeg\" \/>\n\t<meta property=\"og:image:width\" content=\"800\" \/>\n\t<meta property=\"og:image:height\" content=\"450\" \/>\n\t<meta property=\"og:image:type\" content=\"image\/jpeg\" \/>\n<meta name=\"author\" content=\"\u00c7orlu&#039;da Haber\" \/>\n<meta name=\"twitter:card\" content=\"summary_large_image\" \/>\n<meta name=\"twitter:creator\" content=\"@habercorluda\" \/>\n<meta name=\"twitter:site\" content=\"@habercorluda\" \/>\n<meta name=\"twitter:label1\" content=\"Yazan:\" \/>\n\t<meta name=\"twitter:data1\" content=\"\u00c7orlu&#039;da Haber\" \/>\n\t<meta name=\"twitter:label2\" content=\"Tahmini okuma s\u00fcresi\" \/>\n\t<meta name=\"twitter:data2\" content=\"4 dakika\" \/>\n<script type=\"application\/ld+json\" class=\"yoast-schema-graph\">{\"@context\":\"https:\/\/schema.org\",\"@graph\":[{\"@type\":\"Article\",\"@id\":\"https:\/\/corludahaber.com\/h\/trabzonspor-umraniyespor-macinin-ardindan-kahramanmaras-gaziantep-sanliurfa-diyarbakir-adana-adiyaman-osmaniye-hatay-kilis-malatya\/53631#article\",\"isPartOf\":{\"@id\":\"https:\/\/corludahaber.com\/h\/trabzonspor-umraniyespor-macinin-ardindan-kahramanmaras-gaziantep-sanliurfa-diyarbakir-adana-adiyaman-osmaniye-hatay-kilis-malatya\/53631\"},\"author\":{\"name\":\"\u00c7orlu'da Haber\",\"@id\":\"https:\/\/corludahaber.com\/h\/#\/schema\/person\/b523522be44b062db5d74a62589768cd\"},\"headline\":\"Trabzonspor-\u00dcmraniyespor ma\u00e7\u0131n\u0131n ard\u0131ndan | Kahramanmara\u015f, Gaziantep, \u015eanl\u0131urfa, Diyarbak\u0131r, Adana, Ad\u0131yaman, Osmaniye, Hatay, Kilis, Malatya\",\"datePublished\":\"2023-03-05T00:33:50+00:00\",\"dateModified\":\"2023-03-05T00:33:50+00:00\",\"mainEntityOfPage\":{\"@id\":\"https:\/\/corludahaber.com\/h\/trabzonspor-umraniyespor-macinin-ardindan-kahramanmaras-gaziantep-sanliurfa-diyarbakir-adana-adiyaman-osmaniye-hatay-kilis-malatya\/53631\"},\"wordCount\":748,\"commentCount\":0,\"publisher\":{\"@id\":\"https:\/\/corludahaber.com\/h\/#organization\"},\"image\":{\"@id\":\"https:\/\/corludahaber.com\/h\/trabzonspor-umraniyespor-macinin-ardindan-kahramanmaras-gaziantep-sanliurfa-diyarbakir-adana-adiyaman-osmaniye-hatay-kilis-malatya\/53631#primaryimage\"},\"thumbnailUrl\":\"https:\/\/corludahaber.com\/h\/wp-content\/uploads\/2023\/03\/trabzonspor-umraniyespor-macinin-ardindan-kahramanmaras-gaziantep-sanliurfa-diyarbakir-adana-adiyaman-osmaniye-hatay-kilis-malatya_6403e3707d065.jpeg\",\"keywords\":[\"ma\u00e7\u0131n ard\u0131ndan\"],\"articleSection\":[\"Deprem\"],\"inLanguage\":\"tr\",\"potentialAction\":[{\"@type\":\"CommentAction\",\"name\":\"Comment\",\"target\":[\"https:\/\/corludahaber.com\/h\/trabzonspor-umraniyespor-macinin-ardindan-kahramanmaras-gaziantep-sanliurfa-diyarbakir-adana-adiyaman-osmaniye-hatay-kilis-malatya\/53631#respond\"]}]},{\"@type\":\"WebPage\",\"@id\":\"https:\/\/corludahaber.com\/h\/trabzonspor-umraniyespor-macinin-ardindan-kahramanmaras-gaziantep-sanliurfa-diyarbakir-adana-adiyaman-osmaniye-hatay-kilis-malatya\/53631\",\"url\":\"https:\/\/corludahaber.com\/h\/trabzonspor-umraniyespor-macinin-ardindan-kahramanmaras-gaziantep-sanliurfa-diyarbakir-adana-adiyaman-osmaniye-hatay-kilis-malatya\/53631\",\"name\":\"Trabzonspor-\u00dcmraniyespor ma\u00e7\u0131n\u0131n ard\u0131ndan | Kahramanmara\u015f, Gaziantep, \u015eanl\u0131urfa, Diyarbak\u0131r, Adana, Ad\u0131yaman, Osmaniye, Hatay, Kilis, Malatya | \u00c7orlu&#039;da Haber\",\"isPartOf\":{\"@id\":\"https:\/\/corludahaber.com\/h\/#website\"},\"primaryImageOfPage\":{\"@id\":\"https:\/\/corludahaber.com\/h\/trabzonspor-umraniyespor-macinin-ardindan-kahramanmaras-gaziantep-sanliurfa-diyarbakir-adana-adiyaman-osmaniye-hatay-kilis-malatya\/53631#primaryimage\"},\"image\":{\"@id\":\"https:\/\/corludahaber.com\/h\/trabzonspor-umraniyespor-macinin-ardindan-kahramanmaras-gaziantep-sanliurfa-diyarbakir-adana-adiyaman-osmaniye-hatay-kilis-malatya\/53631#primaryimage\"},\"thumbnailUrl\":\"https:\/\/corludahaber.com\/h\/wp-content\/uploads\/2023\/03\/trabzonspor-umraniyespor-macinin-ardindan-kahramanmaras-gaziantep-sanliurfa-diyarbakir-adana-adiyaman-osmaniye-hatay-kilis-malatya_6403e3707d065.jpeg\",\"datePublished\":\"2023-03-05T00:33:50+00:00\",\"dateModified\":\"2023-03-05T00:33:50+00:00\",\"description\":\"Trabzonspor-\u00dcmraniyespor ma\u00e7\u0131n\u0131n ard\u0131ndan | Kahramanmara\u015f, Gaziantep, \u015eanl\u0131urfa, Diyarbak\u0131r, Adana, Ad\u0131yaman, Osmaniye, Hatay, Kilis, Malatya | \u00c7orlu&#039;da Haber\",\"breadcrumb\":{\"@id\":\"https:\/\/corludahaber.com\/h\/trabzonspor-umraniyespor-macinin-ardindan-kahramanmaras-gaziantep-sanliurfa-diyarbakir-adana-adiyaman-osmaniye-hatay-kilis-malatya\/53631#breadcrumb\"},\"inLanguage\":\"tr\",\"potentialAction\":[{\"@type\":\"ReadAction\",\"target\":[\"https:\/\/corludahaber.com\/h\/trabzonspor-umraniyespor-macinin-ardindan-kahramanmaras-gaziantep-sanliurfa-diyarbakir-adana-adiyaman-osmaniye-hatay-kilis-malatya\/53631\"]}]},{\"@type\":\"ImageObject\",\"inLanguage\":\"tr\",\"@id\":\"https:\/\/corludahaber.com\/h\/trabzonspor-umraniyespor-macinin-ardindan-kahramanmaras-gaziantep-sanliurfa-diyarbakir-adana-adiyaman-osmaniye-hatay-kilis-malatya\/53631#primaryimage\",\"url\":\"https:\/\/corludahaber.com\/h\/wp-content\/uploads\/2023\/03\/trabzonspor-umraniyespor-macinin-ardindan-kahramanmaras-gaziantep-sanliurfa-diyarbakir-adana-adiyaman-osmaniye-hatay-kilis-malatya_6403e3707d065.jpeg\",\"contentUrl\":\"https:\/\/corludahaber.com\/h\/wp-content\/uploads\/2023\/03\/trabzonspor-umraniyespor-macinin-ardindan-kahramanmaras-gaziantep-sanliurfa-diyarbakir-adana-adiyaman-osmaniye-hatay-kilis-malatya_6403e3707d065.jpeg\",\"width\":800,\"height\":450},{\"@type\":\"BreadcrumbList\",\"@id\":\"https:\/\/corludahaber.com\/h\/trabzonspor-umraniyespor-macinin-ardindan-kahramanmaras-gaziantep-sanliurfa-diyarbakir-adana-adiyaman-osmaniye-hatay-kilis-malatya\/53631#breadcrumb\",\"itemListElement\":[{\"@type\":\"ListItem\",\"position\":1,\"name\":\"Anasayfa\",\"item\":\"https:\/\/corludahaber.com\/h\/\"},{\"@type\":\"ListItem\",\"position\":2,\"name\":\"Deprem\",\"item\":\"https:\/\/corludahaber.com\/h\/kategori\/deprem\"},{\"@type\":\"ListItem\",\"position\":3,\"name\":\"Trabzonspor-\u00dcmraniyespor ma\u00e7\u0131n\u0131n ard\u0131ndan | Kahramanmara\u015f, Gaziantep, \u015eanl\u0131urfa, Diyarbak\u0131r, Adana, Ad\u0131yaman, Osmaniye, Hatay, Kilis, Malatya\"}]},{\"@type\":\"WebSite\",\"@id\":\"https:\/\/corludahaber.com\/h\/#website\",\"url\":\"https:\/\/corludahaber.com\/h\/\",\"name\":\"\u00c7orlu'da Haber\",\"description\":\"Ger\u00e7ek Tarafs\u0131z Haber\",\"publisher\":{\"@id\":\"https:\/\/corludahaber.com\/h\/#organization\"},\"potentialAction\":[{\"@type\":\"SearchAction\",\"target\":{\"@type\":\"EntryPoint\",\"urlTemplate\":\"https:\/\/corludahaber.com\/h\/?s={search_term_string}\"},\"query-input\":\"required name=search_term_string\"}],\"inLanguage\":\"tr\"},{\"@type\":\"Organization\",\"@id\":\"https:\/\/corludahaber.com\/h\/#organization\",\"name\":\"\u00c7orlu'da Haber\",\"url\":\"https:\/\/corludahaber.com\/h\/\",\"logo\":{\"@type\":\"ImageObject\",\"inLanguage\":\"tr\",\"@id\":\"https:\/\/corludahaber.com\/h\/#\/schema\/logo\/image\/\",\"url\":\"https:\/\/corludahaber.com\/h\/wp-content\/uploads\/2021\/12\/logo__9__1_-removebg-preview.png\",\"contentUrl\":\"https:\/\/corludahaber.com\/h\/wp-content\/uploads\/2021\/12\/logo__9__1_-removebg-preview.png\",\"width\":500,\"height\":157,\"caption\":\"\u00c7orlu'da Haber\"},\"image\":{\"@id\":\"https:\/\/corludahaber.com\/h\/#\/schema\/logo\/image\/\"},\"sameAs\":[\"https:\/\/facebook.com\/habercorluda\",\"https:\/\/x.com\/habercorluda\",\"https:\/\/www.instagram.com\/corludahaber\",\"https:\/\/www.youtube.com\/user\/corludahaber\"]},{\"@type\":\"Person\",\"@id\":\"https:\/\/corludahaber.com\/h\/#\/schema\/person\/b523522be44b062db5d74a62589768cd\",\"name\":\"\u00c7orlu'da Haber\",\"image\":{\"@type\":\"ImageObject\",\"inLanguage\":\"tr\",\"@id\":\"https:\/\/corludahaber.com\/h\/#\/schema\/person\/image\/\",\"url\":\"https:\/\/secure.gravatar.com\/avatar\/1033e54e078c29fd7f053370086ff627ba414b05c2b231c418a481adecd764ce?s=96&d=blank&r=g\",\"contentUrl\":\"https:\/\/secure.gravatar.com\/avatar\/1033e54e078c29fd7f053370086ff627ba414b05c2b231c418a481adecd764ce?s=96&d=blank&r=g\",\"caption\":\"\u00c7orlu'da Haber\"},\"sameAs\":[\"https:\/\/corludahaber.com\/h\"],\"url\":\"https:\/\/corludahaber.com\/h\/author\/admin\"}]}<\/script>\n<!-- \/ Yoast SEO Premium plugin. -->","yoast_head_json":{"title":"Trabzonspor-\u00dcmraniyespor ma\u00e7\u0131n\u0131n ard\u0131ndan | Kahramanmara\u015f, Gaziantep, \u015eanl\u0131urfa, Diyarbak\u0131r, Adana, Ad\u0131yaman, Osmaniye, Hatay, Kilis, Malatya | \u00c7orlu&#039;da Haber","description":"Trabzonspor-\u00dcmraniyespor ma\u00e7\u0131n\u0131n ard\u0131ndan | Kahramanmara\u015f, Gaziantep, \u015eanl\u0131urfa, Diyarbak\u0131r, Adana, Ad\u0131yaman, Osmaniye, Hatay, Kilis, Malatya | \u00c7orlu&#039;da Haber","robots":{"index":"index","follow":"follow","max-snippet":"max-snippet:-1","max-image-preview":"max-image-preview:large","max-video-preview":"max-video-preview:-1"},"canonical":"https:\/\/corludahaber.com\/h\/trabzonspor-umraniyespor-macinin-ardindan-kahramanmaras-gaziantep-sanliurfa-diyarbakir-adana-adiyaman-osmaniye-hatay-kilis-malatya\/53631","og_locale":"tr_TR","og_type":"article","og_title":"Trabzonspor-\u00dcmraniyespor ma\u00e7\u0131n\u0131n ard\u0131ndan | Kahramanmara\u015f, Gaziantep, \u015eanl\u0131urfa, Diyarbak\u0131r, Adana, Ad\u0131yaman, Osmaniye, Hatay, Kilis, Malatya | \u00c7orlu&#039;da Haber","og_description":"Trabzonspor-\u00dcmraniyespor ma\u00e7\u0131n\u0131n ard\u0131ndan | Kahramanmara\u015f, Gaziantep, \u015eanl\u0131urfa, Diyarbak\u0131r, Adana, Ad\u0131yaman, Osmaniye, Hatay, Kilis, Malatya | \u00c7orlu&#039;da Haber","og_url":"https:\/\/corludahaber.com\/h\/trabzonspor-umraniyespor-macinin-ardindan-kahramanmaras-gaziantep-sanliurfa-diyarbakir-adana-adiyaman-osmaniye-hatay-kilis-malatya\/53631","og_site_name":"\u00c7orlu&#039;da Haber","article_publisher":"https:\/\/facebook.com\/habercorluda","article_published_time":"2023-03-05T00:33:50+00:00","og_image":[{"width":800,"height":450,"url":"https:\/\/corludahaber.com\/h\/wp-content\/uploads\/2023\/03\/trabzonspor-umraniyespor-macinin-ardindan-kahramanmaras-gaziantep-sanliurfa-diyarbakir-adana-adiyaman-osmaniye-hatay-kilis-malatya_6403e3707d065.jpeg","type":"image\/jpeg"}],"author":"\u00c7orlu'da Haber","twitter_card":"summary_large_image","twitter_creator":"@habercorluda","twitter_site":"@habercorluda","twitter_misc":{"Yazan:":"\u00c7orlu'da Haber","Tahmini okuma s\u00fcresi":"4 dakika"},"schema":{"@context":"https:\/\/schema.org","@graph":[{"@type":"Article","@id":"https:\/\/corludahaber.com\/h\/trabzonspor-umraniyespor-macinin-ardindan-kahramanmaras-gaziantep-sanliurfa-diyarbakir-adana-adiyaman-osmaniye-hatay-kilis-malatya\/53631#article","isPartOf":{"@id":"https:\/\/corludahaber.com\/h\/trabzonspor-umraniyespor-macinin-ardindan-kahramanmaras-gaziantep-sanliurfa-diyarbakir-adana-adiyaman-osmaniye-hatay-kilis-malatya\/53631"},"author":{"name":"\u00c7orlu'da Haber","@id":"https:\/\/corludahaber.com\/h\/#\/schema\/person\/b523522be44b062db5d74a62589768cd"},"headline":"Trabzonspor-\u00dcmraniyespor ma\u00e7\u0131n\u0131n ard\u0131ndan | Kahramanmara\u015f, Gaziantep, \u015eanl\u0131urfa, Diyarbak\u0131r, Adana, Ad\u0131yaman, Osmaniye, Hatay, Kilis, Malatya","datePublished":"2023-03-05T00:33:50+00:00","dateModified":"2023-03-05T00:33:50+00:00","mainEntityOfPage":{"@id":"https:\/\/corludahaber.com\/h\/trabzonspor-umraniyespor-macinin-ardindan-kahramanmaras-gaziantep-sanliurfa-diyarbakir-adana-adiyaman-osmaniye-hatay-kilis-malatya\/53631"},"wordCount":748,"commentCount":0,"publisher":{"@id":"https:\/\/corludahaber.com\/h\/#organization"},"image":{"@id":"https:\/\/corludahaber.com\/h\/trabzonspor-umraniyespor-macinin-ardindan-kahramanmaras-gaziantep-sanliurfa-diyarbakir-adana-adiyaman-osmaniye-hatay-kilis-malatya\/53631#primaryimage"},"thumbnailUrl":"https:\/\/corludahaber.com\/h\/wp-content\/uploads\/2023\/03\/trabzonspor-umraniyespor-macinin-ardindan-kahramanmaras-gaziantep-sanliurfa-diyarbakir-adana-adiyaman-osmaniye-hatay-kilis-malatya_6403e3707d065.jpeg","keywords":["ma\u00e7\u0131n ard\u0131ndan"],"articleSection":["Deprem"],"inLanguage":"tr","potentialAction":[{"@type":"CommentAction","name":"Comment","target":["https:\/\/corludahaber.com\/h\/trabzonspor-umraniyespor-macinin-ardindan-kahramanmaras-gaziantep-sanliurfa-diyarbakir-adana-adiyaman-osmaniye-hatay-kilis-malatya\/53631#respond"]}]},{"@type":"WebPage","@id":"https:\/\/corludahaber.com\/h\/trabzonspor-umraniyespor-macinin-ardindan-kahramanmaras-gaziantep-sanliurfa-diyarbakir-adana-adiyaman-osmaniye-hatay-kilis-malatya\/53631","url":"https:\/\/corludahaber.com\/h\/trabzonspor-umraniyespor-macinin-ardindan-kahramanmaras-gaziantep-sanliurfa-diyarbakir-adana-adiyaman-osmaniye-hatay-kilis-malatya\/53631","name":"Trabzonspor-\u00dcmraniyespor ma\u00e7\u0131n\u0131n ard\u0131ndan | Kahramanmara\u015f, Gaziantep, \u015eanl\u0131urfa, Diyarbak\u0131r, Adana, Ad\u0131yaman, Osmaniye, Hatay, Kilis, Malatya | \u00c7orlu&#039;da Haber","isPartOf":{"@id":"https:\/\/corludahaber.com\/h\/#website"},"primaryImageOfPage":{"@id":"https:\/\/corludahaber.com\/h\/trabzonspor-umraniyespor-macinin-ardindan-kahramanmaras-gaziantep-sanliurfa-diyarbakir-adana-adiyaman-osmaniye-hatay-kilis-malatya\/53631#primaryimage"},"image":{"@id":"https:\/\/corludahaber.com\/h\/trabzonspor-umraniyespor-macinin-ardindan-kahramanmaras-gaziantep-sanliurfa-diyarbakir-adana-adiyaman-osmaniye-hatay-kilis-malatya\/53631#primaryimage"},"thumbnailUrl":"https:\/\/corludahaber.com\/h\/wp-content\/uploads\/2023\/03\/trabzonspor-umraniyespor-macinin-ardindan-kahramanmaras-gaziantep-sanliurfa-diyarbakir-adana-adiyaman-osmaniye-hatay-kilis-malatya_6403e3707d065.jpeg","datePublished":"2023-03-05T00:33:50+00:00","dateModified":"2023-03-05T00:33:50+00:00","description":"Trabzonspor-\u00dcmraniyespor ma\u00e7\u0131n\u0131n ard\u0131ndan | Kahramanmara\u015f, Gaziantep, \u015eanl\u0131urfa, Diyarbak\u0131r, Adana, Ad\u0131yaman, Osmaniye, Hatay, Kilis, Malatya | \u00c7orlu&#039;da Haber","breadcrumb":{"@id":"https:\/\/corludahaber.com\/h\/trabzonspor-umraniyespor-macinin-ardindan-kahramanmaras-gaziantep-sanliurfa-diyarbakir-adana-adiyaman-osmaniye-hatay-kilis-malatya\/53631#breadcrumb"},"inLanguage":"tr","potentialAction":[{"@type":"ReadAction","target":["https:\/\/corludahaber.com\/h\/trabzonspor-umraniyespor-macinin-ardindan-kahramanmaras-gaziantep-sanliurfa-diyarbakir-adana-adiyaman-osmaniye-hatay-kilis-malatya\/53631"]}]},{"@type":"ImageObject","inLanguage":"tr","@id":"https:\/\/corludahaber.com\/h\/trabzonspor-umraniyespor-macinin-ardindan-kahramanmaras-gaziantep-sanliurfa-diyarbakir-adana-adiyaman-osmaniye-hatay-kilis-malatya\/53631#primaryimage","url":"https:\/\/corludahaber.com\/h\/wp-content\/uploads\/2023\/03\/trabzonspor-umraniyespor-macinin-ardindan-kahramanmaras-gaziantep-sanliurfa-diyarbakir-adana-adiyaman-osmaniye-hatay-kilis-malatya_6403e3707d065.jpeg","contentUrl":"https:\/\/corludahaber.com\/h\/wp-content\/uploads\/2023\/03\/trabzonspor-umraniyespor-macinin-ardindan-kahramanmaras-gaziantep-sanliurfa-diyarbakir-adana-adiyaman-osmaniye-hatay-kilis-malatya_6403e3707d065.jpeg","width":800,"height":450},{"@type":"BreadcrumbList","@id":"https:\/\/corludahaber.com\/h\/trabzonspor-umraniyespor-macinin-ardindan-kahramanmaras-gaziantep-sanliurfa-diyarbakir-adana-adiyaman-osmaniye-hatay-kilis-malatya\/53631#breadcrumb","itemListElement":[{"@type":"ListItem","position":1,"name":"Anasayfa","item":"https:\/\/corludahaber.com\/h\/"},{"@type":"ListItem","position":2,"name":"Deprem","item":"https:\/\/corludahaber.com\/h\/kategori\/deprem"},{"@type":"ListItem","position":3,"name":"Trabzonspor-\u00dcmraniyespor ma\u00e7\u0131n\u0131n ard\u0131ndan | Kahramanmara\u015f, Gaziantep, \u015eanl\u0131urfa, Diyarbak\u0131r, Adana, Ad\u0131yaman, Osmaniye, Hatay, Kilis, Malatya"}]},{"@type":"WebSite","@id":"https:\/\/corludahaber.com\/h\/#website","url":"https:\/\/corludahaber.com\/h\/","name":"\u00c7orlu'da Haber","description":"Ger\u00e7ek Tarafs\u0131z Haber","publisher":{"@id":"https:\/\/corludahaber.com\/h\/#organization"},"potentialAction":[{"@type":"SearchAction","target":{"@type":"EntryPoint","urlTemplate":"https:\/\/corludahaber.com\/h\/?s={search_term_string}"},"query-input":"required name=search_term_string"}],"inLanguage":"tr"},{"@type":"Organization","@id":"https:\/\/corludahaber.com\/h\/#organization","name":"\u00c7orlu'da Haber","url":"https:\/\/corludahaber.com\/h\/","logo":{"@type":"ImageObject","inLanguage":"tr","@id":"https:\/\/corludahaber.com\/h\/#\/schema\/logo\/image\/","url":"https:\/\/corludahaber.com\/h\/wp-content\/uploads\/2021\/12\/logo__9__1_-removebg-preview.png","contentUrl":"https:\/\/corludahaber.com\/h\/wp-content\/uploads\/2021\/12\/logo__9__1_-removebg-preview.png","width":500,"height":157,"caption":"\u00c7orlu'da Haber"},"image":{"@id":"https:\/\/corludahaber.com\/h\/#\/schema\/logo\/image\/"},"sameAs":["https:\/\/facebook.com\/habercorluda","https:\/\/x.com\/habercorluda","https:\/\/www.instagram.com\/corludahaber","https:\/\/www.youtube.com\/user\/corludahaber"]},{"@type":"Person","@id":"https:\/\/corludahaber.com\/h\/#\/schema\/person\/b523522be44b062db5d74a62589768cd","name":"\u00c7orlu'da Haber","image":{"@type":"ImageObject","inLanguage":"tr","@id":"https:\/\/corludahaber.com\/h\/#\/schema\/person\/image\/","url":"https:\/\/secure.gravatar.com\/avatar\/1033e54e078c29fd7f053370086ff627ba414b05c2b231c418a481adecd764ce?s=96&d=blank&r=g","contentUrl":"https:\/\/secure.gravatar.com\/avatar\/1033e54e078c29fd7f053370086ff627ba414b05c2b231c418a481adecd764ce?s=96&d=blank&r=g","caption":"\u00c7orlu'da Haber"},"sameAs":["https:\/\/corludahaber.com\/h"],"url":"https:\/\/corludahaber.com\/h\/author\/admin"}]}},"_links":{"self":[{"href":"https:\/\/corludahaber.com\/h\/wp-json\/wp\/v2\/posts\/53631","targetHints":{"allow":["GET"]}}],"collection":[{"href":"https:\/\/corludahaber.com\/h\/wp-json\/wp\/v2\/posts"}],"about":[{"href":"https:\/\/corludahaber.com\/h\/wp-json\/wp\/v2\/types\/post"}],"author":[{"embeddable":true,"href":"https:\/\/corludahaber.com\/h\/wp-json\/wp\/v2\/users\/151"}],"replies":[{"embeddable":true,"href":"https:\/\/corludahaber.com\/h\/wp-json\/wp\/v2\/comments?post=53631"}],"version-history":[{"count":0,"href":"https:\/\/corludahaber.com\/h\/wp-json\/wp\/v2\/posts\/53631\/revisions"}],"wp:featuredmedia":[{"embeddable":true,"href":"https:\/\/corludahaber.com\/h\/wp-json\/wp\/v2\/media\/53632"}],"wp:attachment":[{"href":"https:\/\/corludahaber.com\/h\/wp-json\/wp\/v2\/media?parent=53631"}],"wp:term":[{"taxonomy":"category","embeddable":true,"href":"https:\/\/corludahaber.com\/h\/wp-json\/wp\/v2\/categories?post=53631"},{"taxonomy":"post_tag","embeddable":true,"href":"https:\/\/corludahaber.com\/h\/wp-json\/wp\/v2\/tags?post=53631"}],"curies":[{"name":"wp","href":"https:\/\/api.w.org\/{rel}","templated":true}]}}