{"id":53486,"date":"2023-03-03T03:30:42","date_gmt":"2023-03-03T00:30:42","guid":{"rendered":"https:\/\/corludahaber.com\/h\/adalet-bakani-bozdag-daha-iyi-olmasini-saglamak-boynumuzun-borcudur-kahramanmaras-gaziantep-sanliurfa-diyarbakir-adana-adiyaman-osmaniye-hatay-kilis-malatya\/53486"},"modified":"2023-03-03T03:30:42","modified_gmt":"2023-03-03T00:30:42","slug":"adalet-bakani-bozdag-daha-iyi-olmasini-saglamak-boynumuzun-borcudur-kahramanmaras-gaziantep-sanliurfa-diyarbakir-adana-adiyaman-osmaniye-hatay-kilis-malatya","status":"publish","type":"post","link":"https:\/\/corludahaber.com\/h\/adalet-bakani-bozdag-daha-iyi-olmasini-saglamak-boynumuzun-borcudur-kahramanmaras-gaziantep-sanliurfa-diyarbakir-adana-adiyaman-osmaniye-hatay-kilis-malatya\/53486","title":{"rendered":"Adalet Bakan\u0131 Bozda\u011f: Daha iyi olmas\u0131n\u0131 sa\u011flamak boynumuzun borcudur | Kahramanmara\u015f, Gaziantep, \u015eanl\u0131urfa, Diyarbak\u0131r, Adana, Ad\u0131yaman, Osmaniye, Hatay, Kilis, Malatya"},"content":{"rendered":"<div class=\"corlu-icerikten-once_3\" id=\"corlu-3643518703\"><script type='text\/javascript' src='https:\/\/platform-api.sharethis.com\/js\/sharethis.js#property=5ce8cf08af7d000012cb0ca1&product=inline-reaction-buttons' async='async'><\/script>\r\n\r\n<\/div><div class=\"nd-article\">\n<div class=\"nd-article__content\">\n<div class=\" nd-content-column\"><span class=\"category-name hidden\"><\/span><\/p><div class=\"corlu-icerik-2\" id=\"corlu-3287317520\"><!-- Admatic AUTO ads START -->\r\n<ins data-publisher=\"adm-pub-155556240050\" data-ad-network=\"659428a24d11b285b616c18d\"   class=\"adm-ads-area\"><\/ins>\r\n<script type=\"text\/javascript\" src=\"https:\/\/static.cdn.admatic.com.tr\/showad\/showad.min.js\"><\/script>\r\n<!-- Admatic AUTO ads END --><\/div>\n<p><a class=\"inline-keyword from-service\" href=\"https:\/\/www.dha.com.tr\/haberleri\/adalet-bakani-bekir-bozdag\" target=\"_blank\" rel=\"noopener\">Adalet Bakan\u0131 Bekir Bozda\u011f<\/a>, Kayseri Valili\u011fi, Kayseri B\u00fcy\u00fck\u015fehir ve Antalya \u0130\u015f \u0130nsanlar\u0131 Derne\u011fi&#8217;nin <a class=\"inline-keyword from-service\" href=\"https:\/\/www.dha.com.tr\/haberleri\/elbistan\" target=\"_blank\" rel=\"noopener\">Elbistan<\/a>&#8216;da kurdu\u011fu konteyner \u00e7ar\u015f\u0131da esnaf\u0131 ziyaret etti. Esnaf\u0131 ve vatanda\u015flar\u0131 dinleyen Bozda\u011f&#8217;a Kayseri Valisi G\u00f6kmen \u00c7i\u00e7ek e\u015flik etti. Bozda\u011f ziyaretinin ard\u0131ndan a\u00e7\u0131klamalarda bulundu.<\/p>\n<div style=\"width:100%\">\n<div class=\"nd-dfp-wrapper\">\n<div id=\"9927946,22675483042\/dha\/diger\/body_300x250_1\" class=\"adRenderer dfp  \" data-device-type=\"desktop\"><\/div>\n<div id=\"9927946,22675483042\/dha\/diger\/body_300x250_1_a\" class=\"adRenderer dfp  \" data-device-type=\"desktop\"><\/div>\n<\/div>\n<div>\n<div id=\"9927946,22675483042\/dha_mobilsite\/diger\/haberici_300x250_1\" class=\"adRenderer dfp  \" data-device-type=\"mobile\"><\/div>\n<\/div>\n<\/div>\n<p><strong>&#8220;\u00d6NEML\u0130 ADIMLAR ATILDI\u011eINI G\u00d6RM\u00dc\u015e OLDUK&#8221;<\/strong><\/p>\n<p>Adalet Bakan\u0131 Bekir Bozda\u011f yapt\u0131\u011f\u0131 a\u00e7\u0131klamada, &#8220;Kahramanmara\u015f ve Elbistan&#8217;daki <a class=\"inline-keyword from-service\" href=\"https:\/\/www.dha.com.tr\/haberleri\/deprem\" target=\"_blank\" rel=\"noopener\">deprem<\/a> sonras\u0131 \u00e7al\u0131\u015fmalar\u0131 yerinde g\u00f6rmek vatanda\u015flar\u0131m\u0131za ge\u00e7mi\u015f olsun dileklerimizi iletmek ba\u015f sa\u011fl\u0131\u011f\u0131 dileklerimizi iletmek ve adalet hizmetleri, di\u011fer kamu hizmetlerinin nas\u0131l y\u00fcr\u00fcd\u00fc\u011f\u00fcn\u00fc yerinde g\u00f6rmek ve vatanda\u015flar\u0131m\u0131za d\u00f6n\u00fck \u00e7al\u0131\u015fmalar\u0131 de\u011ferlendirmek i\u00e7in buralara u\u011frad\u0131k. Hem Kahramanmara\u015f merkezimizde hem de Elbistan&#8217;\u0131m\u0131zda b\u00fcy\u00fck bir koordinasyonla vatanda\u015flar\u0131m\u0131z\u0131n deprem sonras\u0131 talep ve ihtiya\u00e7lar\u0131n\u0131n kar\u015f\u0131land\u0131\u011f\u0131n\u0131 ve \u00f6nemli ad\u0131mlar at\u0131ld\u0131\u011f\u0131n\u0131 yerinde g\u00f6rm\u00fc\u015f olduk. Hem \u0130\u00e7i\u015fleri Bakanl\u0131\u011f\u0131m\u0131za hem Elbistan&#8217;da Kayseri ve Aksaray Valili\u011fimizi programlar\u0131nda de\u011ferli valilerimize huzurlar\u0131n\u0131zda te\u015fekk\u00fcr ediyorum&#8221; diye konu\u015ftu.<\/p>\n<div style=\"width:100%\">\n<div class=\"nd-dfp-wrapper\">\n<div id=\"9927946,22675483042\/dha\/diger\/body_300x250_2\" class=\"adRenderer dfp  \" data-device-type=\"desktop\"><\/div>\n<div id=\"9927946,22675483042\/dha\/diger\/body_300x250_2_a\" class=\"adRenderer dfp  \" data-device-type=\"desktop\"><\/div>\n<\/div>\n<div>\n<div id=\"9927946,22675483042\/dha_mobilsite\/diger\/haberici_300x250_2\" class=\"adRenderer dfp  \" data-device-type=\"mobile\"><\/div>\n<\/div>\n<\/div>\n<figure class=\"rhd-article-news-img-wrapper\">\n<div class=\"rhd-relative-container\"><a class=\"rhd-article-news-img-link nd-article__content-link\" href=\"javascript:;\" data-origin-url=\"https:\/\/i.dha.com.tr\/i\/dha\/75\/0x0\/6400bcc050acca28e861520e\" data-google-interstitial=\"false\" rel=\"nofollow\"><img decoding=\"async\" src=\"https:\/\/i.dha.com.tr\/i\/dha\/75\/770x0\/6400bcc050acca28e861520e\" data-src=\"https:\/\/i.dha.com.tr\/i\/dha\/75\/770x0\/6400bcc050acca28e861520e\" alt=\"Adalet Bakan\u0131 Bozda\u011f: Daha iyi olmas\u0131n\u0131 sa\u011flamak boynumuzun borcudur\" class=\"lazyload \" data-inline-image=\"true\"><\/p>\n<div class=\"rhd-badge-photo-indicator\"><i class=\"fa fa-search-plus\" aria-hidden=\"true\"><\/i><\/div>\n<p><\/a><\/div><figcaption class=\"rhd-article-news-img-caption\"><\/figcaption><\/figure>\n<\/p>\n<p><strong>&#8220;T\u00dcRK\u0130YE&#8217;YE \u00d6RNEK \u00c7AR\u015eILAR OLU\u015eTURULDU&#8221;<\/strong><\/p>\n<p>&#8220;Elbistan halk\u0131na ba\u015fsa\u011fl\u0131\u011f\u0131 diliyorum&#8221; diyerek s\u00f6zlerini s\u00fcrd\u00fcren Bozda\u011f, &#8220;Deprem nedeniyle vefat eden b\u00fct\u00fcn vatanda\u015flar\u0131m\u0131za bir kez daha Allah&#8217;tan rahmet, yak\u0131nlar\u0131na ba\u015fsa\u011fl\u0131\u011f\u0131 diliyorum. Yaral\u0131lara acil \u015fifalar diliyorum. Elbistan&#8217;da da yaralar\u0131n sar\u0131lmas\u0131 konusunda \u00f6nemli ad\u0131mlar at\u0131ld\u0131\u011f\u0131n\u0131 g\u00f6r\u00fcyoruz. Ge\u00e7ici de olsa bar\u0131nma merkezlerinin, ticaret alanlar\u0131n\u0131n olu\u015fturuldu\u011funu da g\u00f6rmek bizi memnun etti. Burada en \u00f6nemli g\u00f6rd\u00fc\u011f\u00fcm\u00fcz farklardan bir tanesi de bu \u00f6n\u00fcnde bulundu\u011fumuz \u00e7ar\u015f\u0131d\u0131r. Zira esnaf\u0131m\u0131z, ticaret imkanlar\u0131n\u0131 kaybedenlerimiz oldu. Elbistan&#8217;da belki T\u00fcrkiye&#8217;ye \u00f6rnek yeni \u00e7ar\u015f\u0131lar olu\u015fturuldu&#8221; ifadelerini kulland\u0131.<\/p>\n<figure class=\"rhd-article-news-img-wrapper\">\n<div class=\"rhd-relative-container\"><a class=\"rhd-article-news-img-link nd-article__content-link\" href=\"javascript:;\" data-origin-url=\"https:\/\/i.dha.com.tr\/i\/dha\/75\/0x0\/6400bcc050acca0d54a99b83\" data-google-interstitial=\"false\" rel=\"nofollow\"><img decoding=\"async\" src=\"https:\/\/i.dha.com.tr\/i\/dha\/75\/770x0\/6400bcc050acca0d54a99b83\" data-src=\"https:\/\/i.dha.com.tr\/i\/dha\/75\/770x0\/6400bcc050acca0d54a99b83\" alt=\"Adalet Bakan\u0131 Bozda\u011f: Daha iyi olmas\u0131n\u0131 sa\u011flamak boynumuzun borcudur\" class=\"lazyload \" data-inline-image=\"true\"><\/p>\n<div class=\"rhd-badge-photo-indicator\"><i class=\"fa fa-search-plus\" aria-hidden=\"true\"><\/i><\/div>\n<p><\/a><\/div><figcaption class=\"rhd-article-news-img-caption\"><\/figcaption><\/figure>\n<\/p>\n<p><strong>&#8220;ELB\u0130STAN T\u00dcRK\u0130YE&#8217;YE \u00d6RNEK OLDU&#8221;<\/strong><\/p>\n<p>Bozda\u011f, &#8220;\u015eu anda Kayseri Belediyemiz bir \u00e7ar\u015f\u0131y\u0131 faaliyete ge\u00e7irmi\u015f durumda. \u0130\u00e7eride esnaflar\u0131m\u0131zla birlikte olduk. Onlar\u0131 dinledik. Burada ticari hayat\u0131 ge\u00e7ici olarak canland\u0131r\u0131ld\u0131\u011f\u0131n\u0131 g\u00f6rmekten de son derece memnun oldu\u011funu ifade etmek isterim. Elbistan&#8217;da hayat ticari alanda da hayat a\u011f\u0131r a\u011f\u0131r normalle\u015fmeye ba\u015flad\u0131. Umar\u0131m buradaki bu ticari alan deprem felaketi ya\u015fayan yerlerde ihtiya\u00e7 olan alanlarda da aynen tatbik edilecektir. Elbistan bu a\u00e7\u0131dan da T\u00fcrkiye&#8217;ye \u00f6rnek olmu\u015f oldu. Orada da faaliyetler devam edecektir&#8221; \u015feklinde konu\u015ftu.<\/p>\n<div style=\"width:100%\">\n<div class=\"nd-dfp-wrapper\">\n<div id=\"9927946,22675483042\/dha\/diger\/body_300x250_2\" class=\"adRenderer dfp  \" data-device-type=\"desktop\"><\/div>\n<div id=\"9927946,22675483042\/dha\/diger\/body_300x250_2_a\" class=\"adRenderer dfp  \" data-device-type=\"desktop\"><\/div>\n<\/div>\n<div>\n<div id=\"9927946,22675483042\/dha_mobilsite\/diger\/haberici_300x250_2\" class=\"adRenderer dfp  \" data-device-type=\"mobile\"><\/div>\n<\/div>\n<\/div>\n<figure class=\"rhd-article-news-img-wrapper\">\n<div class=\"rhd-relative-container\"><a class=\"rhd-article-news-img-link nd-article__content-link\" href=\"javascript:;\" data-origin-url=\"https:\/\/i.dha.com.tr\/i\/dha\/75\/0x0\/6400bcc050acca21f06bfb38\" data-google-interstitial=\"false\" rel=\"nofollow\"><img decoding=\"async\" src=\"https:\/\/i.dha.com.tr\/i\/dha\/75\/770x0\/6400bcc050acca21f06bfb38\" data-src=\"https:\/\/i.dha.com.tr\/i\/dha\/75\/770x0\/6400bcc050acca21f06bfb38\" alt=\"Adalet Bakan\u0131 Bozda\u011f: Daha iyi olmas\u0131n\u0131 sa\u011flamak boynumuzun borcudur\" class=\"lazyload \" data-inline-image=\"true\"><\/p>\n<div class=\"rhd-badge-photo-indicator\"><i class=\"fa fa-search-plus\" aria-hidden=\"true\"><\/i><\/div>\n<p><\/a><\/div><figcaption class=\"rhd-article-news-img-caption\"><\/figcaption><\/figure>\n<\/p>\n<p><strong>&#8216;DAHA \u0130Y\u0130 OLMASINI SA\u011eLAMAK BOYNUMUZUN BORCUDUR&#8217;<\/strong><\/p>\n<p>Bozda\u011f a\u00e7\u0131klamas\u0131n\u0131, &#8220;Tabii vatanda\u015flar\u0131m\u0131z\u0131n kal\u0131c\u0131 konutlara ge\u00e7mesi ve ihtiya\u00e7lar\u0131n\u0131n kar\u015f\u0131lanmas\u0131 konusunda Say\u0131n Cumhurba\u015fkan\u0131m\u0131z\u0131n ifade etti\u011fi gibi bir y\u0131l i\u00e7erisinde vatanda\u015flar\u0131m\u0131z\u0131n kal\u0131c\u0131 konutlara ge\u00e7mesini temin edece\u011fiz. Onlara yeni bir Elbistan&#8217;da, yeni evlerinde, yeni imkanlar i\u00e7erisinde daha iyi \u015fartlarda ya\u015fama imkan\u0131n\u0131 in\u015fallah sunaca\u011f\u0131z. Elbistanl\u0131lar\u0131n umudunu \u00e7o\u011faltmak ve gelecekte daha iyi olmas\u0131n\u0131 sa\u011flamak sizin boynuzun borcudur. Milletimize ve Elbistanl\u0131larla verdi\u011fimiz bizim \u015feref s\u00f6z\u00fcm\u00fczd\u00fcr. Bunun gere\u011fi de sizin \u015fahitli\u011finizle el ele birlikte yapaca\u011f\u0131z. Ben tekrar ge\u00e7mi\u015f olsun diliyorum. \u015eahs\u0131n\u0131zda, Elbistanl\u0131 b\u00fct\u00fcn karde\u015flerimi sayg\u0131yla selaml\u0131yorum. Rabbim bir daha b\u00f6ylesine afet hi\u00e7bir yerde g\u00f6stermesin, hi\u00e7bir yere ya\u015fatmas\u0131n diye dua ediyorum&#8221; diyerek sonland\u0131rd\u0131.<\/p>\n<\/div>\n<\/div>\n<div class=\"article-ads-container taboola-ads\">\n<div id=\"taboola-below-article-thumbnails_desktop1_dha\"><\/div>\n<\/div>\n<\/div>\n<div class=\"corlu-icerikten-sonra_3\" id=\"corlu-2332561581\"><p><img loading=\"lazy\" decoding=\"async\" class=\"aligncenter\" src=\"https:\/\/www.corludahaber.com\/bahcesehir.jpg\" alt=\"\" width=\"624\" height=\"196\" \/><\/p>\n<table style=\"text-align: left; width: 100%;\" border=\"1\" cellspacing=\"2\" cellpadding=\"2\">\n<tbody>\n<tr>\n<td style=\"background-color: #050805;\"><span style=\"font-size: 12pt;\"><small><small><em><strong><big><span style=\"color: #ff0000;\">Haber ve resimlerin telif haklar\u0131ndan dolay\u0131 kullan\u0131m\u0131 yasakt\u0131r<span style=\"color: #000000;\">.<\/span><\/span><span style=\"color: #000000;\">\u00a0<\/span><span style=\"color: #ffffff;\">Yaz\u0131l\u0131 izni al\u0131nmadan hi\u00e7bir yaz\u0131l\u0131, g\u00f6rsel, i\u015fitsel i\u00e7erik kopyalanamaz, de\u011fi\u015ftirilemez, yay\u0131nlanamaz veya sat\u0131lamaz. Aksi halde<\/span>\u00a0<span style=\"color: #ff0000;\">5846<span style=\"color: #ffffff;\">\u00a0<\/span><\/span><span style=\"color: #ffffff;\">say\u0131l\u0131 Fikir ve Sanat Eserleri Kanunu\u2019na ve<\/span>\u00a0<span style=\"color: #800000;\"><span style=\"color: #ff0000;\">6102<\/span><span style=\"color: #ffffff;\">\u00a0<\/span><\/span><span style=\"color: #ffffff;\">say\u0131l\u0131 maddesine g\u00f6re<\/span>\u00a0<span style=\"color: #ff0000;\">gerekli i\u015flemler uygulanacakt\u0131r.<\/span><br \/>\n<span style=\"color: #ffffff;\">\u00a9 Copyright 2014<\/span><\/big><\/strong><\/em><\/small><\/small><\/span><\/td>\n<\/tr>\n<\/tbody>\n<\/table>\n<p><small><small>\u00a0<\/small><\/small><\/p>\n<\/div>","protected":false},"excerpt":{"rendered":"<p>Adalet Bakan\u0131 Bekir Bozda\u011f, Kayseri Valili\u011fi, Kayseri B\u00fcy\u00fck\u015fehir ve Antalya \u0130\u015f \u0130nsanlar\u0131 Derne\u011fi&#8217;nin Elbistan&#8216;da kurdu\u011fu konteyner \u00e7ar\u015f\u0131da esnaf\u0131 ziyaret etti. Esnaf\u0131 ve vatanda\u015flar\u0131 dinleyen Bozda\u011f&#8217;a Kayseri Valisi G\u00f6kmen \u00c7i\u00e7ek e\u015flik etti. Bozda\u011f ziyaretinin ard\u0131ndan a\u00e7\u0131klamalarda bulundu. &#8220;\u00d6NEML\u0130 ADIMLAR ATILDI\u011eINI G\u00d6RM\u00dc\u015e OLDUK&#8221; Adalet Bakan\u0131 Bekir Bozda\u011f yapt\u0131\u011f\u0131 a\u00e7\u0131klamada, &#8220;Kahramanmara\u015f ve Elbistan&#8217;daki deprem sonras\u0131 \u00e7al\u0131\u015fmalar\u0131 yerinde g\u00f6rmek &hellip;<\/p>\n","protected":false},"author":151,"featured_media":53487,"comment_status":"open","ping_status":"closed","sticky":false,"template":"","format":"standard","meta":{"footnotes":""},"categories":[127],"tags":[],"class_list":["post-53486","post","type-post","status-publish","format-standard","has-post-thumbnail","hentry","category-deprem"],"yoast_head":"<!-- This site is optimized with the Yoast SEO Premium plugin v23.3 (Yoast SEO v23.3) - https:\/\/yoast.com\/wordpress\/plugins\/seo\/ -->\n<title>Adalet Bakan\u0131 Bozda\u011f: Daha iyi olmas\u0131n\u0131 sa\u011flamak boynumuzun borcudur | Kahramanmara\u015f, Gaziantep, \u015eanl\u0131urfa, Diyarbak\u0131r, Adana, Ad\u0131yaman, Osmaniye, Hatay, Kilis, Malatya | \u00c7orlu&#039;da Haber<\/title>\n<meta name=\"description\" content=\"Adalet Bakan\u0131 Bozda\u011f: Daha iyi olmas\u0131n\u0131 sa\u011flamak boynumuzun borcudur | Kahramanmara\u015f, Gaziantep, \u015eanl\u0131urfa, Diyarbak\u0131r, Adana, Ad\u0131yaman, Osmaniye, Hatay, Kilis, Malatya | \u00c7orlu&#039;da Haber\" \/>\n<meta name=\"robots\" content=\"index, follow, max-snippet:-1, max-image-preview:large, max-video-preview:-1\" \/>\n<link rel=\"canonical\" href=\"https:\/\/corludahaber.com\/h\/adalet-bakani-bozdag-daha-iyi-olmasini-saglamak-boynumuzun-borcudur-kahramanmaras-gaziantep-sanliurfa-diyarbakir-adana-adiyaman-osmaniye-hatay-kilis-malatya\/53486\" \/>\n<meta property=\"og:locale\" content=\"tr_TR\" \/>\n<meta property=\"og:type\" content=\"article\" \/>\n<meta property=\"og:title\" content=\"Adalet Bakan\u0131 Bozda\u011f: Daha iyi olmas\u0131n\u0131 sa\u011flamak boynumuzun borcudur | Kahramanmara\u015f, Gaziantep, \u015eanl\u0131urfa, Diyarbak\u0131r, Adana, Ad\u0131yaman, Osmaniye, Hatay, Kilis, Malatya | \u00c7orlu&#039;da Haber\" \/>\n<meta property=\"og:description\" content=\"Adalet Bakan\u0131 Bozda\u011f: Daha iyi olmas\u0131n\u0131 sa\u011flamak boynumuzun borcudur | Kahramanmara\u015f, Gaziantep, \u015eanl\u0131urfa, Diyarbak\u0131r, Adana, Ad\u0131yaman, Osmaniye, Hatay, Kilis, Malatya | \u00c7orlu&#039;da Haber\" \/>\n<meta property=\"og:url\" content=\"https:\/\/corludahaber.com\/h\/adalet-bakani-bozdag-daha-iyi-olmasini-saglamak-boynumuzun-borcudur-kahramanmaras-gaziantep-sanliurfa-diyarbakir-adana-adiyaman-osmaniye-hatay-kilis-malatya\/53486\" \/>\n<meta property=\"og:site_name\" content=\"\u00c7orlu&#039;da Haber\" \/>\n<meta property=\"article:publisher\" content=\"https:\/\/facebook.com\/habercorluda\" \/>\n<meta property=\"article:published_time\" content=\"2023-03-03T00:30:42+00:00\" \/>\n<meta property=\"og:image\" content=\"https:\/\/corludahaber.com\/h\/wp-content\/uploads\/2023\/03\/adalet-bakani-bozdag-daha-iyi-olmasini-saglamak-boynumuzun-borcudur-kahramanmaras-gaziantep-sanliurfa-diyarbakir-adana-adiyaman-osmaniye-hatay-kilis-malatya_64013fba8fd70.jpeg\" \/>\n\t<meta property=\"og:image:width\" content=\"800\" \/>\n\t<meta property=\"og:image:height\" content=\"450\" \/>\n\t<meta property=\"og:image:type\" content=\"image\/jpeg\" \/>\n<meta name=\"author\" content=\"\u00c7orlu&#039;da Haber\" \/>\n<meta name=\"twitter:card\" content=\"summary_large_image\" \/>\n<meta name=\"twitter:creator\" content=\"@habercorluda\" \/>\n<meta name=\"twitter:site\" content=\"@habercorluda\" \/>\n<meta name=\"twitter:label1\" content=\"Yazan:\" \/>\n\t<meta name=\"twitter:data1\" content=\"\u00c7orlu&#039;da Haber\" \/>\n\t<meta name=\"twitter:label2\" content=\"Tahmini okuma s\u00fcresi\" \/>\n\t<meta name=\"twitter:data2\" content=\"3 dakika\" \/>\n<script type=\"application\/ld+json\" class=\"yoast-schema-graph\">{\"@context\":\"https:\/\/schema.org\",\"@graph\":[{\"@type\":\"Article\",\"@id\":\"https:\/\/corludahaber.com\/h\/adalet-bakani-bozdag-daha-iyi-olmasini-saglamak-boynumuzun-borcudur-kahramanmaras-gaziantep-sanliurfa-diyarbakir-adana-adiyaman-osmaniye-hatay-kilis-malatya\/53486#article\",\"isPartOf\":{\"@id\":\"https:\/\/corludahaber.com\/h\/adalet-bakani-bozdag-daha-iyi-olmasini-saglamak-boynumuzun-borcudur-kahramanmaras-gaziantep-sanliurfa-diyarbakir-adana-adiyaman-osmaniye-hatay-kilis-malatya\/53486\"},\"author\":{\"name\":\"\u00c7orlu'da Haber\",\"@id\":\"https:\/\/corludahaber.com\/h\/#\/schema\/person\/b523522be44b062db5d74a62589768cd\"},\"headline\":\"Adalet Bakan\u0131 Bozda\u011f: Daha iyi olmas\u0131n\u0131 sa\u011flamak boynumuzun borcudur | Kahramanmara\u015f, Gaziantep, \u015eanl\u0131urfa, Diyarbak\u0131r, Adana, Ad\u0131yaman, Osmaniye, Hatay, Kilis, Malatya\",\"datePublished\":\"2023-03-03T00:30:42+00:00\",\"dateModified\":\"2023-03-03T00:30:42+00:00\",\"mainEntityOfPage\":{\"@id\":\"https:\/\/corludahaber.com\/h\/adalet-bakani-bozdag-daha-iyi-olmasini-saglamak-boynumuzun-borcudur-kahramanmaras-gaziantep-sanliurfa-diyarbakir-adana-adiyaman-osmaniye-hatay-kilis-malatya\/53486\"},\"wordCount\":614,\"commentCount\":0,\"publisher\":{\"@id\":\"https:\/\/corludahaber.com\/h\/#organization\"},\"image\":{\"@id\":\"https:\/\/corludahaber.com\/h\/adalet-bakani-bozdag-daha-iyi-olmasini-saglamak-boynumuzun-borcudur-kahramanmaras-gaziantep-sanliurfa-diyarbakir-adana-adiyaman-osmaniye-hatay-kilis-malatya\/53486#primaryimage\"},\"thumbnailUrl\":\"https:\/\/corludahaber.com\/h\/wp-content\/uploads\/2023\/03\/adalet-bakani-bozdag-daha-iyi-olmasini-saglamak-boynumuzun-borcudur-kahramanmaras-gaziantep-sanliurfa-diyarbakir-adana-adiyaman-osmaniye-hatay-kilis-malatya_64013fba8fd70.jpeg\",\"articleSection\":[\"Deprem\"],\"inLanguage\":\"tr\",\"potentialAction\":[{\"@type\":\"CommentAction\",\"name\":\"Comment\",\"target\":[\"https:\/\/corludahaber.com\/h\/adalet-bakani-bozdag-daha-iyi-olmasini-saglamak-boynumuzun-borcudur-kahramanmaras-gaziantep-sanliurfa-diyarbakir-adana-adiyaman-osmaniye-hatay-kilis-malatya\/53486#respond\"]}]},{\"@type\":\"WebPage\",\"@id\":\"https:\/\/corludahaber.com\/h\/adalet-bakani-bozdag-daha-iyi-olmasini-saglamak-boynumuzun-borcudur-kahramanmaras-gaziantep-sanliurfa-diyarbakir-adana-adiyaman-osmaniye-hatay-kilis-malatya\/53486\",\"url\":\"https:\/\/corludahaber.com\/h\/adalet-bakani-bozdag-daha-iyi-olmasini-saglamak-boynumuzun-borcudur-kahramanmaras-gaziantep-sanliurfa-diyarbakir-adana-adiyaman-osmaniye-hatay-kilis-malatya\/53486\",\"name\":\"Adalet Bakan\u0131 Bozda\u011f: Daha iyi olmas\u0131n\u0131 sa\u011flamak boynumuzun borcudur | Kahramanmara\u015f, Gaziantep, \u015eanl\u0131urfa, Diyarbak\u0131r, Adana, Ad\u0131yaman, Osmaniye, Hatay, Kilis, Malatya | \u00c7orlu&#039;da Haber\",\"isPartOf\":{\"@id\":\"https:\/\/corludahaber.com\/h\/#website\"},\"primaryImageOfPage\":{\"@id\":\"https:\/\/corludahaber.com\/h\/adalet-bakani-bozdag-daha-iyi-olmasini-saglamak-boynumuzun-borcudur-kahramanmaras-gaziantep-sanliurfa-diyarbakir-adana-adiyaman-osmaniye-hatay-kilis-malatya\/53486#primaryimage\"},\"image\":{\"@id\":\"https:\/\/corludahaber.com\/h\/adalet-bakani-bozdag-daha-iyi-olmasini-saglamak-boynumuzun-borcudur-kahramanmaras-gaziantep-sanliurfa-diyarbakir-adana-adiyaman-osmaniye-hatay-kilis-malatya\/53486#primaryimage\"},\"thumbnailUrl\":\"https:\/\/corludahaber.com\/h\/wp-content\/uploads\/2023\/03\/adalet-bakani-bozdag-daha-iyi-olmasini-saglamak-boynumuzun-borcudur-kahramanmaras-gaziantep-sanliurfa-diyarbakir-adana-adiyaman-osmaniye-hatay-kilis-malatya_64013fba8fd70.jpeg\",\"datePublished\":\"2023-03-03T00:30:42+00:00\",\"dateModified\":\"2023-03-03T00:30:42+00:00\",\"description\":\"Adalet Bakan\u0131 Bozda\u011f: Daha iyi olmas\u0131n\u0131 sa\u011flamak boynumuzun borcudur | Kahramanmara\u015f, Gaziantep, \u015eanl\u0131urfa, Diyarbak\u0131r, Adana, Ad\u0131yaman, Osmaniye, Hatay, Kilis, Malatya | \u00c7orlu&#039;da Haber\",\"breadcrumb\":{\"@id\":\"https:\/\/corludahaber.com\/h\/adalet-bakani-bozdag-daha-iyi-olmasini-saglamak-boynumuzun-borcudur-kahramanmaras-gaziantep-sanliurfa-diyarbakir-adana-adiyaman-osmaniye-hatay-kilis-malatya\/53486#breadcrumb\"},\"inLanguage\":\"tr\",\"potentialAction\":[{\"@type\":\"ReadAction\",\"target\":[\"https:\/\/corludahaber.com\/h\/adalet-bakani-bozdag-daha-iyi-olmasini-saglamak-boynumuzun-borcudur-kahramanmaras-gaziantep-sanliurfa-diyarbakir-adana-adiyaman-osmaniye-hatay-kilis-malatya\/53486\"]}]},{\"@type\":\"ImageObject\",\"inLanguage\":\"tr\",\"@id\":\"https:\/\/corludahaber.com\/h\/adalet-bakani-bozdag-daha-iyi-olmasini-saglamak-boynumuzun-borcudur-kahramanmaras-gaziantep-sanliurfa-diyarbakir-adana-adiyaman-osmaniye-hatay-kilis-malatya\/53486#primaryimage\",\"url\":\"https:\/\/corludahaber.com\/h\/wp-content\/uploads\/2023\/03\/adalet-bakani-bozdag-daha-iyi-olmasini-saglamak-boynumuzun-borcudur-kahramanmaras-gaziantep-sanliurfa-diyarbakir-adana-adiyaman-osmaniye-hatay-kilis-malatya_64013fba8fd70.jpeg\",\"contentUrl\":\"https:\/\/corludahaber.com\/h\/wp-content\/uploads\/2023\/03\/adalet-bakani-bozdag-daha-iyi-olmasini-saglamak-boynumuzun-borcudur-kahramanmaras-gaziantep-sanliurfa-diyarbakir-adana-adiyaman-osmaniye-hatay-kilis-malatya_64013fba8fd70.jpeg\",\"width\":800,\"height\":450},{\"@type\":\"BreadcrumbList\",\"@id\":\"https:\/\/corludahaber.com\/h\/adalet-bakani-bozdag-daha-iyi-olmasini-saglamak-boynumuzun-borcudur-kahramanmaras-gaziantep-sanliurfa-diyarbakir-adana-adiyaman-osmaniye-hatay-kilis-malatya\/53486#breadcrumb\",\"itemListElement\":[{\"@type\":\"ListItem\",\"position\":1,\"name\":\"Anasayfa\",\"item\":\"https:\/\/corludahaber.com\/h\/\"},{\"@type\":\"ListItem\",\"position\":2,\"name\":\"Deprem\",\"item\":\"https:\/\/corludahaber.com\/h\/kategori\/deprem\"},{\"@type\":\"ListItem\",\"position\":3,\"name\":\"Adalet Bakan\u0131 Bozda\u011f: Daha iyi olmas\u0131n\u0131 sa\u011flamak boynumuzun borcudur | Kahramanmara\u015f, Gaziantep, \u015eanl\u0131urfa, Diyarbak\u0131r, Adana, Ad\u0131yaman, Osmaniye, Hatay, Kilis, Malatya\"}]},{\"@type\":\"WebSite\",\"@id\":\"https:\/\/corludahaber.com\/h\/#website\",\"url\":\"https:\/\/corludahaber.com\/h\/\",\"name\":\"\u00c7orlu'da Haber\",\"description\":\"Ger\u00e7ek Tarafs\u0131z Haber\",\"publisher\":{\"@id\":\"https:\/\/corludahaber.com\/h\/#organization\"},\"potentialAction\":[{\"@type\":\"SearchAction\",\"target\":{\"@type\":\"EntryPoint\",\"urlTemplate\":\"https:\/\/corludahaber.com\/h\/?s={search_term_string}\"},\"query-input\":\"required name=search_term_string\"}],\"inLanguage\":\"tr\"},{\"@type\":\"Organization\",\"@id\":\"https:\/\/corludahaber.com\/h\/#organization\",\"name\":\"\u00c7orlu'da Haber\",\"url\":\"https:\/\/corludahaber.com\/h\/\",\"logo\":{\"@type\":\"ImageObject\",\"inLanguage\":\"tr\",\"@id\":\"https:\/\/corludahaber.com\/h\/#\/schema\/logo\/image\/\",\"url\":\"https:\/\/corludahaber.com\/h\/wp-content\/uploads\/2021\/12\/logo__9__1_-removebg-preview.png\",\"contentUrl\":\"https:\/\/corludahaber.com\/h\/wp-content\/uploads\/2021\/12\/logo__9__1_-removebg-preview.png\",\"width\":500,\"height\":157,\"caption\":\"\u00c7orlu'da Haber\"},\"image\":{\"@id\":\"https:\/\/corludahaber.com\/h\/#\/schema\/logo\/image\/\"},\"sameAs\":[\"https:\/\/facebook.com\/habercorluda\",\"https:\/\/x.com\/habercorluda\",\"https:\/\/www.instagram.com\/corludahaber\",\"https:\/\/www.youtube.com\/user\/corludahaber\"]},{\"@type\":\"Person\",\"@id\":\"https:\/\/corludahaber.com\/h\/#\/schema\/person\/b523522be44b062db5d74a62589768cd\",\"name\":\"\u00c7orlu'da Haber\",\"image\":{\"@type\":\"ImageObject\",\"inLanguage\":\"tr\",\"@id\":\"https:\/\/corludahaber.com\/h\/#\/schema\/person\/image\/\",\"url\":\"https:\/\/secure.gravatar.com\/avatar\/1033e54e078c29fd7f053370086ff627ba414b05c2b231c418a481adecd764ce?s=96&d=blank&r=g\",\"contentUrl\":\"https:\/\/secure.gravatar.com\/avatar\/1033e54e078c29fd7f053370086ff627ba414b05c2b231c418a481adecd764ce?s=96&d=blank&r=g\",\"caption\":\"\u00c7orlu'da Haber\"},\"sameAs\":[\"https:\/\/corludahaber.com\/h\"],\"url\":\"https:\/\/corludahaber.com\/h\/author\/admin\"}]}<\/script>\n<!-- \/ Yoast SEO Premium plugin. -->","yoast_head_json":{"title":"Adalet Bakan\u0131 Bozda\u011f: Daha iyi olmas\u0131n\u0131 sa\u011flamak boynumuzun borcudur | Kahramanmara\u015f, Gaziantep, \u015eanl\u0131urfa, Diyarbak\u0131r, Adana, Ad\u0131yaman, Osmaniye, Hatay, Kilis, Malatya | \u00c7orlu&#039;da Haber","description":"Adalet Bakan\u0131 Bozda\u011f: Daha iyi olmas\u0131n\u0131 sa\u011flamak boynumuzun borcudur | Kahramanmara\u015f, Gaziantep, \u015eanl\u0131urfa, Diyarbak\u0131r, Adana, Ad\u0131yaman, Osmaniye, Hatay, Kilis, Malatya | \u00c7orlu&#039;da Haber","robots":{"index":"index","follow":"follow","max-snippet":"max-snippet:-1","max-image-preview":"max-image-preview:large","max-video-preview":"max-video-preview:-1"},"canonical":"https:\/\/corludahaber.com\/h\/adalet-bakani-bozdag-daha-iyi-olmasini-saglamak-boynumuzun-borcudur-kahramanmaras-gaziantep-sanliurfa-diyarbakir-adana-adiyaman-osmaniye-hatay-kilis-malatya\/53486","og_locale":"tr_TR","og_type":"article","og_title":"Adalet Bakan\u0131 Bozda\u011f: Daha iyi olmas\u0131n\u0131 sa\u011flamak boynumuzun borcudur | Kahramanmara\u015f, Gaziantep, \u015eanl\u0131urfa, Diyarbak\u0131r, Adana, Ad\u0131yaman, Osmaniye, Hatay, Kilis, Malatya | \u00c7orlu&#039;da Haber","og_description":"Adalet Bakan\u0131 Bozda\u011f: Daha iyi olmas\u0131n\u0131 sa\u011flamak boynumuzun borcudur | Kahramanmara\u015f, Gaziantep, \u015eanl\u0131urfa, Diyarbak\u0131r, Adana, Ad\u0131yaman, Osmaniye, Hatay, Kilis, Malatya | \u00c7orlu&#039;da Haber","og_url":"https:\/\/corludahaber.com\/h\/adalet-bakani-bozdag-daha-iyi-olmasini-saglamak-boynumuzun-borcudur-kahramanmaras-gaziantep-sanliurfa-diyarbakir-adana-adiyaman-osmaniye-hatay-kilis-malatya\/53486","og_site_name":"\u00c7orlu&#039;da Haber","article_publisher":"https:\/\/facebook.com\/habercorluda","article_published_time":"2023-03-03T00:30:42+00:00","og_image":[{"width":800,"height":450,"url":"https:\/\/corludahaber.com\/h\/wp-content\/uploads\/2023\/03\/adalet-bakani-bozdag-daha-iyi-olmasini-saglamak-boynumuzun-borcudur-kahramanmaras-gaziantep-sanliurfa-diyarbakir-adana-adiyaman-osmaniye-hatay-kilis-malatya_64013fba8fd70.jpeg","type":"image\/jpeg"}],"author":"\u00c7orlu'da Haber","twitter_card":"summary_large_image","twitter_creator":"@habercorluda","twitter_site":"@habercorluda","twitter_misc":{"Yazan:":"\u00c7orlu'da Haber","Tahmini okuma s\u00fcresi":"3 dakika"},"schema":{"@context":"https:\/\/schema.org","@graph":[{"@type":"Article","@id":"https:\/\/corludahaber.com\/h\/adalet-bakani-bozdag-daha-iyi-olmasini-saglamak-boynumuzun-borcudur-kahramanmaras-gaziantep-sanliurfa-diyarbakir-adana-adiyaman-osmaniye-hatay-kilis-malatya\/53486#article","isPartOf":{"@id":"https:\/\/corludahaber.com\/h\/adalet-bakani-bozdag-daha-iyi-olmasini-saglamak-boynumuzun-borcudur-kahramanmaras-gaziantep-sanliurfa-diyarbakir-adana-adiyaman-osmaniye-hatay-kilis-malatya\/53486"},"author":{"name":"\u00c7orlu'da Haber","@id":"https:\/\/corludahaber.com\/h\/#\/schema\/person\/b523522be44b062db5d74a62589768cd"},"headline":"Adalet Bakan\u0131 Bozda\u011f: Daha iyi olmas\u0131n\u0131 sa\u011flamak boynumuzun borcudur | Kahramanmara\u015f, Gaziantep, \u015eanl\u0131urfa, Diyarbak\u0131r, Adana, Ad\u0131yaman, Osmaniye, Hatay, Kilis, Malatya","datePublished":"2023-03-03T00:30:42+00:00","dateModified":"2023-03-03T00:30:42+00:00","mainEntityOfPage":{"@id":"https:\/\/corludahaber.com\/h\/adalet-bakani-bozdag-daha-iyi-olmasini-saglamak-boynumuzun-borcudur-kahramanmaras-gaziantep-sanliurfa-diyarbakir-adana-adiyaman-osmaniye-hatay-kilis-malatya\/53486"},"wordCount":614,"commentCount":0,"publisher":{"@id":"https:\/\/corludahaber.com\/h\/#organization"},"image":{"@id":"https:\/\/corludahaber.com\/h\/adalet-bakani-bozdag-daha-iyi-olmasini-saglamak-boynumuzun-borcudur-kahramanmaras-gaziantep-sanliurfa-diyarbakir-adana-adiyaman-osmaniye-hatay-kilis-malatya\/53486#primaryimage"},"thumbnailUrl":"https:\/\/corludahaber.com\/h\/wp-content\/uploads\/2023\/03\/adalet-bakani-bozdag-daha-iyi-olmasini-saglamak-boynumuzun-borcudur-kahramanmaras-gaziantep-sanliurfa-diyarbakir-adana-adiyaman-osmaniye-hatay-kilis-malatya_64013fba8fd70.jpeg","articleSection":["Deprem"],"inLanguage":"tr","potentialAction":[{"@type":"CommentAction","name":"Comment","target":["https:\/\/corludahaber.com\/h\/adalet-bakani-bozdag-daha-iyi-olmasini-saglamak-boynumuzun-borcudur-kahramanmaras-gaziantep-sanliurfa-diyarbakir-adana-adiyaman-osmaniye-hatay-kilis-malatya\/53486#respond"]}]},{"@type":"WebPage","@id":"https:\/\/corludahaber.com\/h\/adalet-bakani-bozdag-daha-iyi-olmasini-saglamak-boynumuzun-borcudur-kahramanmaras-gaziantep-sanliurfa-diyarbakir-adana-adiyaman-osmaniye-hatay-kilis-malatya\/53486","url":"https:\/\/corludahaber.com\/h\/adalet-bakani-bozdag-daha-iyi-olmasini-saglamak-boynumuzun-borcudur-kahramanmaras-gaziantep-sanliurfa-diyarbakir-adana-adiyaman-osmaniye-hatay-kilis-malatya\/53486","name":"Adalet Bakan\u0131 Bozda\u011f: Daha iyi olmas\u0131n\u0131 sa\u011flamak boynumuzun borcudur | Kahramanmara\u015f, Gaziantep, \u015eanl\u0131urfa, Diyarbak\u0131r, Adana, Ad\u0131yaman, Osmaniye, Hatay, Kilis, Malatya | \u00c7orlu&#039;da Haber","isPartOf":{"@id":"https:\/\/corludahaber.com\/h\/#website"},"primaryImageOfPage":{"@id":"https:\/\/corludahaber.com\/h\/adalet-bakani-bozdag-daha-iyi-olmasini-saglamak-boynumuzun-borcudur-kahramanmaras-gaziantep-sanliurfa-diyarbakir-adana-adiyaman-osmaniye-hatay-kilis-malatya\/53486#primaryimage"},"image":{"@id":"https:\/\/corludahaber.com\/h\/adalet-bakani-bozdag-daha-iyi-olmasini-saglamak-boynumuzun-borcudur-kahramanmaras-gaziantep-sanliurfa-diyarbakir-adana-adiyaman-osmaniye-hatay-kilis-malatya\/53486#primaryimage"},"thumbnailUrl":"https:\/\/corludahaber.com\/h\/wp-content\/uploads\/2023\/03\/adalet-bakani-bozdag-daha-iyi-olmasini-saglamak-boynumuzun-borcudur-kahramanmaras-gaziantep-sanliurfa-diyarbakir-adana-adiyaman-osmaniye-hatay-kilis-malatya_64013fba8fd70.jpeg","datePublished":"2023-03-03T00:30:42+00:00","dateModified":"2023-03-03T00:30:42+00:00","description":"Adalet Bakan\u0131 Bozda\u011f: Daha iyi olmas\u0131n\u0131 sa\u011flamak boynumuzun borcudur | Kahramanmara\u015f, Gaziantep, \u015eanl\u0131urfa, Diyarbak\u0131r, Adana, Ad\u0131yaman, Osmaniye, Hatay, Kilis, Malatya | \u00c7orlu&#039;da Haber","breadcrumb":{"@id":"https:\/\/corludahaber.com\/h\/adalet-bakani-bozdag-daha-iyi-olmasini-saglamak-boynumuzun-borcudur-kahramanmaras-gaziantep-sanliurfa-diyarbakir-adana-adiyaman-osmaniye-hatay-kilis-malatya\/53486#breadcrumb"},"inLanguage":"tr","potentialAction":[{"@type":"ReadAction","target":["https:\/\/corludahaber.com\/h\/adalet-bakani-bozdag-daha-iyi-olmasini-saglamak-boynumuzun-borcudur-kahramanmaras-gaziantep-sanliurfa-diyarbakir-adana-adiyaman-osmaniye-hatay-kilis-malatya\/53486"]}]},{"@type":"ImageObject","inLanguage":"tr","@id":"https:\/\/corludahaber.com\/h\/adalet-bakani-bozdag-daha-iyi-olmasini-saglamak-boynumuzun-borcudur-kahramanmaras-gaziantep-sanliurfa-diyarbakir-adana-adiyaman-osmaniye-hatay-kilis-malatya\/53486#primaryimage","url":"https:\/\/corludahaber.com\/h\/wp-content\/uploads\/2023\/03\/adalet-bakani-bozdag-daha-iyi-olmasini-saglamak-boynumuzun-borcudur-kahramanmaras-gaziantep-sanliurfa-diyarbakir-adana-adiyaman-osmaniye-hatay-kilis-malatya_64013fba8fd70.jpeg","contentUrl":"https:\/\/corludahaber.com\/h\/wp-content\/uploads\/2023\/03\/adalet-bakani-bozdag-daha-iyi-olmasini-saglamak-boynumuzun-borcudur-kahramanmaras-gaziantep-sanliurfa-diyarbakir-adana-adiyaman-osmaniye-hatay-kilis-malatya_64013fba8fd70.jpeg","width":800,"height":450},{"@type":"BreadcrumbList","@id":"https:\/\/corludahaber.com\/h\/adalet-bakani-bozdag-daha-iyi-olmasini-saglamak-boynumuzun-borcudur-kahramanmaras-gaziantep-sanliurfa-diyarbakir-adana-adiyaman-osmaniye-hatay-kilis-malatya\/53486#breadcrumb","itemListElement":[{"@type":"ListItem","position":1,"name":"Anasayfa","item":"https:\/\/corludahaber.com\/h\/"},{"@type":"ListItem","position":2,"name":"Deprem","item":"https:\/\/corludahaber.com\/h\/kategori\/deprem"},{"@type":"ListItem","position":3,"name":"Adalet Bakan\u0131 Bozda\u011f: Daha iyi olmas\u0131n\u0131 sa\u011flamak boynumuzun borcudur | Kahramanmara\u015f, Gaziantep, \u015eanl\u0131urfa, Diyarbak\u0131r, Adana, Ad\u0131yaman, Osmaniye, Hatay, Kilis, Malatya"}]},{"@type":"WebSite","@id":"https:\/\/corludahaber.com\/h\/#website","url":"https:\/\/corludahaber.com\/h\/","name":"\u00c7orlu'da Haber","description":"Ger\u00e7ek Tarafs\u0131z Haber","publisher":{"@id":"https:\/\/corludahaber.com\/h\/#organization"},"potentialAction":[{"@type":"SearchAction","target":{"@type":"EntryPoint","urlTemplate":"https:\/\/corludahaber.com\/h\/?s={search_term_string}"},"query-input":"required name=search_term_string"}],"inLanguage":"tr"},{"@type":"Organization","@id":"https:\/\/corludahaber.com\/h\/#organization","name":"\u00c7orlu'da Haber","url":"https:\/\/corludahaber.com\/h\/","logo":{"@type":"ImageObject","inLanguage":"tr","@id":"https:\/\/corludahaber.com\/h\/#\/schema\/logo\/image\/","url":"https:\/\/corludahaber.com\/h\/wp-content\/uploads\/2021\/12\/logo__9__1_-removebg-preview.png","contentUrl":"https:\/\/corludahaber.com\/h\/wp-content\/uploads\/2021\/12\/logo__9__1_-removebg-preview.png","width":500,"height":157,"caption":"\u00c7orlu'da Haber"},"image":{"@id":"https:\/\/corludahaber.com\/h\/#\/schema\/logo\/image\/"},"sameAs":["https:\/\/facebook.com\/habercorluda","https:\/\/x.com\/habercorluda","https:\/\/www.instagram.com\/corludahaber","https:\/\/www.youtube.com\/user\/corludahaber"]},{"@type":"Person","@id":"https:\/\/corludahaber.com\/h\/#\/schema\/person\/b523522be44b062db5d74a62589768cd","name":"\u00c7orlu'da Haber","image":{"@type":"ImageObject","inLanguage":"tr","@id":"https:\/\/corludahaber.com\/h\/#\/schema\/person\/image\/","url":"https:\/\/secure.gravatar.com\/avatar\/1033e54e078c29fd7f053370086ff627ba414b05c2b231c418a481adecd764ce?s=96&d=blank&r=g","contentUrl":"https:\/\/secure.gravatar.com\/avatar\/1033e54e078c29fd7f053370086ff627ba414b05c2b231c418a481adecd764ce?s=96&d=blank&r=g","caption":"\u00c7orlu'da Haber"},"sameAs":["https:\/\/corludahaber.com\/h"],"url":"https:\/\/corludahaber.com\/h\/author\/admin"}]}},"_links":{"self":[{"href":"https:\/\/corludahaber.com\/h\/wp-json\/wp\/v2\/posts\/53486","targetHints":{"allow":["GET"]}}],"collection":[{"href":"https:\/\/corludahaber.com\/h\/wp-json\/wp\/v2\/posts"}],"about":[{"href":"https:\/\/corludahaber.com\/h\/wp-json\/wp\/v2\/types\/post"}],"author":[{"embeddable":true,"href":"https:\/\/corludahaber.com\/h\/wp-json\/wp\/v2\/users\/151"}],"replies":[{"embeddable":true,"href":"https:\/\/corludahaber.com\/h\/wp-json\/wp\/v2\/comments?post=53486"}],"version-history":[{"count":0,"href":"https:\/\/corludahaber.com\/h\/wp-json\/wp\/v2\/posts\/53486\/revisions"}],"wp:featuredmedia":[{"embeddable":true,"href":"https:\/\/corludahaber.com\/h\/wp-json\/wp\/v2\/media\/53487"}],"wp:attachment":[{"href":"https:\/\/corludahaber.com\/h\/wp-json\/wp\/v2\/media?parent=53486"}],"wp:term":[{"taxonomy":"category","embeddable":true,"href":"https:\/\/corludahaber.com\/h\/wp-json\/wp\/v2\/categories?post=53486"},{"taxonomy":"post_tag","embeddable":true,"href":"https:\/\/corludahaber.com\/h\/wp-json\/wp\/v2\/tags?post=53486"}],"curies":[{"name":"wp","href":"https:\/\/api.w.org\/{rel}","templated":true}]}}