{"id":52368,"date":"2023-02-21T20:52:20","date_gmt":"2023-02-21T17:52:20","guid":{"rendered":"https:\/\/corludahaber.com\/h\/?p=52368"},"modified":"2023-02-21T20:52:20","modified_gmt":"2023-02-21T17:52:20","slug":"trafo-patladi-2-isci-elektrik-akimina-kapildi-1i-agir-yarali","status":"publish","type":"post","link":"https:\/\/corludahaber.com\/h\/trafo-patladi-2-isci-elektrik-akimina-kapildi-1i-agir-yarali\/52368","title":{"rendered":"Trafo Patlad\u0131: 2 \u0130\u015f\u00e7i Elektrik Ak\u0131m\u0131na Kap\u0131ld\u0131! 1&#8217;i A\u011f\u0131r Yaral\u0131!"},"content":{"rendered":"<div class=\"corlu-icerikten-once_3\" id=\"corlu-108820829\"><script type='text\/javascript' src='https:\/\/platform-api.sharethis.com\/js\/sharethis.js#property=5ce8cf08af7d000012cb0ca1&product=inline-reaction-buttons' async='async'><\/script>\r\n\r\n<\/div><p>\u00c7erkezk\u00f6y\u2019deki trafo merkezinde pano bak\u0131m\u0131 yap\u0131ld\u0131\u011f\u0131 s\u0131rada meydana gelen patlama sonras\u0131 elektrik ak\u0131m\u0131na kap\u0131lan 38 ya\u015f\u0131ndaki Do\u011fan G. ve 43 ya\u015f\u0131ndaki Yener G. yaraland\u0131. Yaral\u0131lardan Yener G. \u00c7orlu Devlet Hastanesi&#8217;ne Do\u011fan G. ise \u0130stanbul&#8217;a a\u011f\u0131r yaral\u0131 olarak sevk edildi.<\/p><div class=\"corlu-icerik-2\" id=\"corlu-1943650682\"><!-- Admatic AUTO ads START -->\r\n<ins data-publisher=\"adm-pub-155556240050\" data-ad-network=\"659428a24d11b285b616c18d\"   class=\"adm-ads-area\"><\/ins>\r\n<script type=\"text\/javascript\" src=\"https:\/\/static.cdn.admatic.com.tr\/showad\/showad.min.js\"><\/script>\r\n<!-- Admatic AUTO ads END --><\/div>\n<p>\u00dcz\u00fcc\u00fc olay, \u00c7erkezk\u00f6y Organize Sanayi B\u00f6lgesi\u2019ndeki T\u00fcrkiye Elektrik \u0130letim A.\u015e. (TE\u0130A\u015e) Edirne 20. B\u00f6lge M\u00fcd\u00fcrl\u00fc\u011f\u00fc\u2019ne ba\u011fl\u0131 \u00c7erkezk\u00f6y OSB Trafo Merkezi\u2019nde meydana geldi.<\/p>\n<p>\u0130ddiaya g\u00f6re, metal b\u00f6l\u00fcm\u00fcnde pano bak\u0131m\u0131 yap\u0131ld\u0131\u011f\u0131 s\u0131rada patlama meydana geldi. Burada g\u00f6revli Do\u011fan G. ve Yener G. yaraland\u0131. Durum hemen 112 Acil \u00c7a\u011fr\u0131 Merkezine bildirildi. \u0130hbar \u00fczerine trafo merkezine polis, itfaiye ve sa\u011fl\u0131k ekipleri sevk edildi.<\/p>\n<p>Gelen ekiplerin ilk m\u00fcdahalesini ard\u0131ndan yaral\u0131lar hemen ambulanslarla \u00c7erkezk\u00f6y Devlet Hastanesine kald\u0131r\u0131ld\u0131.<\/p>\n<p>Yener G. yan\u0131k \u00fcnitesi bulunan \u00c7orlu Devlet Hastanesine, Do\u011fan G. ise \u0130stanbul\u2019daki Ba\u015fak\u015fehir \u00c7am ve Sakura \u015eehir Hastanesi sevk edildi.<\/p>\n<p>Do\u011fan G.\u2019nin sa\u011fl\u0131k durumunun ciddiyetini korudu\u011fu \u00f6\u011frenildi.<\/p>\n<p>&nbsp;<\/p>\n<div class=\"corlu-icerikten-sonra_3\" id=\"corlu-101946724\"><p><img loading=\"lazy\" decoding=\"async\" class=\"aligncenter\" src=\"https:\/\/www.corludahaber.com\/bahcesehir.jpg\" alt=\"\" width=\"624\" height=\"196\" \/><\/p>\n<table style=\"text-align: left; width: 100%;\" border=\"1\" cellspacing=\"2\" cellpadding=\"2\">\n<tbody>\n<tr>\n<td style=\"background-color: #050805;\"><span style=\"font-size: 12pt;\"><small><small><em><strong><big><span style=\"color: #ff0000;\">Haber ve resimlerin telif haklar\u0131ndan dolay\u0131 kullan\u0131m\u0131 yasakt\u0131r<span style=\"color: #000000;\">.<\/span><\/span><span style=\"color: #000000;\">\u00a0<\/span><span style=\"color: #ffffff;\">Yaz\u0131l\u0131 izni al\u0131nmadan hi\u00e7bir yaz\u0131l\u0131, g\u00f6rsel, i\u015fitsel i\u00e7erik kopyalanamaz, de\u011fi\u015ftirilemez, yay\u0131nlanamaz veya sat\u0131lamaz. Aksi halde<\/span>\u00a0<span style=\"color: #ff0000;\">5846<span style=\"color: #ffffff;\">\u00a0<\/span><\/span><span style=\"color: #ffffff;\">say\u0131l\u0131 Fikir ve Sanat Eserleri Kanunu\u2019na ve<\/span>\u00a0<span style=\"color: #800000;\"><span style=\"color: #ff0000;\">6102<\/span><span style=\"color: #ffffff;\">\u00a0<\/span><\/span><span style=\"color: #ffffff;\">say\u0131l\u0131 maddesine g\u00f6re<\/span>\u00a0<span style=\"color: #ff0000;\">gerekli i\u015flemler uygulanacakt\u0131r.<\/span><br \/>\n<span style=\"color: #ffffff;\">\u00a9 Copyright 2014<\/span><\/big><\/strong><\/em><\/small><\/small><\/span><\/td>\n<\/tr>\n<\/tbody>\n<\/table>\n<p><small><small>\u00a0<\/small><\/small><\/p>\n<\/div>","protected":false},"excerpt":{"rendered":"<p>\u00c7erkezk\u00f6y\u2019deki trafo merkezinde pano bak\u0131m\u0131 yap\u0131ld\u0131\u011f\u0131 s\u0131rada meydana gelen patlama sonras\u0131 elektrik ak\u0131m\u0131na kap\u0131lan 38 ya\u015f\u0131ndaki Do\u011fan G. ve 43 ya\u015f\u0131ndaki Yener G. yaraland\u0131. Yaral\u0131lardan Yener G. \u00c7orlu Devlet Hastanesi&#8217;ne Do\u011fan G. ise \u0130stanbul&#8217;a a\u011f\u0131r yaral\u0131 olarak sevk edildi. \u00dcz\u00fcc\u00fc olay, \u00c7erkezk\u00f6y Organize Sanayi B\u00f6lgesi\u2019ndeki T\u00fcrkiye Elektrik \u0130letim A.\u015e. (TE\u0130A\u015e) Edirne 20. B\u00f6lge M\u00fcd\u00fcrl\u00fc\u011f\u00fc\u2019ne ba\u011fl\u0131 &hellip;<\/p>\n","protected":false},"author":151,"featured_media":52369,"comment_status":"open","ping_status":"open","sticky":false,"template":"","format":"standard","meta":{"footnotes":""},"categories":[26],"tags":[],"class_list":["post-52368","post","type-post","status-publish","format-standard","has-post-thumbnail","hentry","category-asayis"],"yoast_head":"<!-- This site is optimized with the Yoast SEO Premium plugin v23.3 (Yoast SEO v23.3) - https:\/\/yoast.com\/wordpress\/plugins\/seo\/ -->\n<title>Trafo Patlad\u0131: 2 \u0130\u015f\u00e7i Elektrik Ak\u0131m\u0131na Kap\u0131ld\u0131! 1&#039;i A\u011f\u0131r Yaral\u0131! | \u00c7orlu&#039;da Haber<\/title>\n<meta name=\"description\" content=\"Trafo Patlad\u0131: 2 \u0130\u015f\u00e7i Elektrik Ak\u0131m\u0131na Kap\u0131ld\u0131! 1&#039;i A\u011f\u0131r Yaral\u0131! | Asayi\u015f \u00c7orlu&#039;da Haber\" \/>\n<meta name=\"robots\" content=\"index, follow, max-snippet:-1, max-image-preview:large, max-video-preview:-1\" \/>\n<link rel=\"canonical\" href=\"https:\/\/corludahaber.com\/h\/trafo-patladi-2-isci-elektrik-akimina-kapildi-1i-agir-yarali\/52368\" \/>\n<meta property=\"og:locale\" content=\"tr_TR\" \/>\n<meta property=\"og:type\" content=\"article\" \/>\n<meta property=\"og:title\" content=\"Trafo Patlad\u0131: 2 \u0130\u015f\u00e7i Elektrik Ak\u0131m\u0131na Kap\u0131ld\u0131! 1&#039;i A\u011f\u0131r Yaral\u0131! | \u00c7orlu&#039;da Haber\" \/>\n<meta property=\"og:description\" content=\"Trafo Patlad\u0131: 2 \u0130\u015f\u00e7i Elektrik Ak\u0131m\u0131na Kap\u0131ld\u0131! 1&#039;i A\u011f\u0131r Yaral\u0131! | Asayi\u015f \u00c7orlu&#039;da Haber\" \/>\n<meta property=\"og:url\" content=\"https:\/\/corludahaber.com\/h\/trafo-patladi-2-isci-elektrik-akimina-kapildi-1i-agir-yarali\/52368\" \/>\n<meta property=\"og:site_name\" content=\"\u00c7orlu&#039;da Haber\" \/>\n<meta property=\"article:publisher\" content=\"https:\/\/facebook.com\/habercorluda\" \/>\n<meta property=\"article:published_time\" content=\"2023-02-21T17:52:20+00:00\" \/>\n<meta property=\"og:image\" content=\"https:\/\/corludahaber.com\/h\/wp-content\/uploads\/2023\/02\/png_20230221_204834_0000.png\" \/>\n\t<meta property=\"og:image:width\" content=\"1030\" \/>\n\t<meta property=\"og:image:height\" content=\"687\" \/>\n\t<meta property=\"og:image:type\" content=\"image\/png\" \/>\n<meta name=\"author\" content=\"\u00c7orlu&#039;da Haber\" \/>\n<meta name=\"twitter:card\" content=\"summary_large_image\" \/>\n<meta name=\"twitter:creator\" content=\"@habercorluda\" \/>\n<meta name=\"twitter:site\" content=\"@habercorluda\" \/>\n<meta name=\"twitter:label1\" content=\"Yazan:\" \/>\n\t<meta name=\"twitter:data1\" content=\"\u00c7orlu&#039;da Haber\" \/>\n\t<meta name=\"twitter:label2\" content=\"Tahmini okuma s\u00fcresi\" \/>\n\t<meta name=\"twitter:data2\" content=\"1 dakika\" \/>\n<script type=\"application\/ld+json\" class=\"yoast-schema-graph\">{\"@context\":\"https:\/\/schema.org\",\"@graph\":[{\"@type\":\"Article\",\"@id\":\"https:\/\/corludahaber.com\/h\/trafo-patladi-2-isci-elektrik-akimina-kapildi-1i-agir-yarali\/52368#article\",\"isPartOf\":{\"@id\":\"https:\/\/corludahaber.com\/h\/trafo-patladi-2-isci-elektrik-akimina-kapildi-1i-agir-yarali\/52368\"},\"author\":{\"name\":\"\u00c7orlu'da Haber\",\"@id\":\"https:\/\/corludahaber.com\/h\/#\/schema\/person\/b523522be44b062db5d74a62589768cd\"},\"headline\":\"Trafo Patlad\u0131: 2 \u0130\u015f\u00e7i Elektrik Ak\u0131m\u0131na Kap\u0131ld\u0131! 1&#8217;i A\u011f\u0131r Yaral\u0131!\",\"datePublished\":\"2023-02-21T17:52:20+00:00\",\"dateModified\":\"2023-02-21T17:52:20+00:00\",\"mainEntityOfPage\":{\"@id\":\"https:\/\/corludahaber.com\/h\/trafo-patladi-2-isci-elektrik-akimina-kapildi-1i-agir-yarali\/52368\"},\"wordCount\":204,\"commentCount\":0,\"publisher\":{\"@id\":\"https:\/\/corludahaber.com\/h\/#organization\"},\"image\":{\"@id\":\"https:\/\/corludahaber.com\/h\/trafo-patladi-2-isci-elektrik-akimina-kapildi-1i-agir-yarali\/52368#primaryimage\"},\"thumbnailUrl\":\"https:\/\/corludahaber.com\/h\/wp-content\/uploads\/2023\/02\/png_20230221_204834_0000.png\",\"articleSection\":[\"Asayi\u015f\"],\"inLanguage\":\"tr\",\"potentialAction\":[{\"@type\":\"CommentAction\",\"name\":\"Comment\",\"target\":[\"https:\/\/corludahaber.com\/h\/trafo-patladi-2-isci-elektrik-akimina-kapildi-1i-agir-yarali\/52368#respond\"]}]},{\"@type\":\"WebPage\",\"@id\":\"https:\/\/corludahaber.com\/h\/trafo-patladi-2-isci-elektrik-akimina-kapildi-1i-agir-yarali\/52368\",\"url\":\"https:\/\/corludahaber.com\/h\/trafo-patladi-2-isci-elektrik-akimina-kapildi-1i-agir-yarali\/52368\",\"name\":\"Trafo Patlad\u0131: 2 \u0130\u015f\u00e7i Elektrik Ak\u0131m\u0131na Kap\u0131ld\u0131! 1'i A\u011f\u0131r Yaral\u0131! | \u00c7orlu&#039;da Haber\",\"isPartOf\":{\"@id\":\"https:\/\/corludahaber.com\/h\/#website\"},\"primaryImageOfPage\":{\"@id\":\"https:\/\/corludahaber.com\/h\/trafo-patladi-2-isci-elektrik-akimina-kapildi-1i-agir-yarali\/52368#primaryimage\"},\"image\":{\"@id\":\"https:\/\/corludahaber.com\/h\/trafo-patladi-2-isci-elektrik-akimina-kapildi-1i-agir-yarali\/52368#primaryimage\"},\"thumbnailUrl\":\"https:\/\/corludahaber.com\/h\/wp-content\/uploads\/2023\/02\/png_20230221_204834_0000.png\",\"datePublished\":\"2023-02-21T17:52:20+00:00\",\"dateModified\":\"2023-02-21T17:52:20+00:00\",\"description\":\"Trafo Patlad\u0131: 2 \u0130\u015f\u00e7i Elektrik Ak\u0131m\u0131na Kap\u0131ld\u0131! 1'i A\u011f\u0131r Yaral\u0131! | Asayi\u015f \u00c7orlu&#039;da Haber\",\"breadcrumb\":{\"@id\":\"https:\/\/corludahaber.com\/h\/trafo-patladi-2-isci-elektrik-akimina-kapildi-1i-agir-yarali\/52368#breadcrumb\"},\"inLanguage\":\"tr\",\"potentialAction\":[{\"@type\":\"ReadAction\",\"target\":[\"https:\/\/corludahaber.com\/h\/trafo-patladi-2-isci-elektrik-akimina-kapildi-1i-agir-yarali\/52368\"]}]},{\"@type\":\"ImageObject\",\"inLanguage\":\"tr\",\"@id\":\"https:\/\/corludahaber.com\/h\/trafo-patladi-2-isci-elektrik-akimina-kapildi-1i-agir-yarali\/52368#primaryimage\",\"url\":\"https:\/\/corludahaber.com\/h\/wp-content\/uploads\/2023\/02\/png_20230221_204834_0000.png\",\"contentUrl\":\"https:\/\/corludahaber.com\/h\/wp-content\/uploads\/2023\/02\/png_20230221_204834_0000.png\",\"width\":1030,\"height\":687},{\"@type\":\"BreadcrumbList\",\"@id\":\"https:\/\/corludahaber.com\/h\/trafo-patladi-2-isci-elektrik-akimina-kapildi-1i-agir-yarali\/52368#breadcrumb\",\"itemListElement\":[{\"@type\":\"ListItem\",\"position\":1,\"name\":\"Anasayfa\",\"item\":\"https:\/\/corludahaber.com\/h\/\"},{\"@type\":\"ListItem\",\"position\":2,\"name\":\"Asayi\u015f\",\"item\":\"https:\/\/corludahaber.com\/h\/kategori\/asayis\"},{\"@type\":\"ListItem\",\"position\":3,\"name\":\"Trafo Patlad\u0131: 2 \u0130\u015f\u00e7i Elektrik Ak\u0131m\u0131na Kap\u0131ld\u0131! 1&#8217;i A\u011f\u0131r Yaral\u0131!\"}]},{\"@type\":\"WebSite\",\"@id\":\"https:\/\/corludahaber.com\/h\/#website\",\"url\":\"https:\/\/corludahaber.com\/h\/\",\"name\":\"\u00c7orlu'da Haber\",\"description\":\"Ger\u00e7ek Tarafs\u0131z Haber\",\"publisher\":{\"@id\":\"https:\/\/corludahaber.com\/h\/#organization\"},\"potentialAction\":[{\"@type\":\"SearchAction\",\"target\":{\"@type\":\"EntryPoint\",\"urlTemplate\":\"https:\/\/corludahaber.com\/h\/?s={search_term_string}\"},\"query-input\":\"required name=search_term_string\"}],\"inLanguage\":\"tr\"},{\"@type\":\"Organization\",\"@id\":\"https:\/\/corludahaber.com\/h\/#organization\",\"name\":\"\u00c7orlu'da Haber\",\"url\":\"https:\/\/corludahaber.com\/h\/\",\"logo\":{\"@type\":\"ImageObject\",\"inLanguage\":\"tr\",\"@id\":\"https:\/\/corludahaber.com\/h\/#\/schema\/logo\/image\/\",\"url\":\"https:\/\/corludahaber.com\/h\/wp-content\/uploads\/2021\/12\/logo__9__1_-removebg-preview.png\",\"contentUrl\":\"https:\/\/corludahaber.com\/h\/wp-content\/uploads\/2021\/12\/logo__9__1_-removebg-preview.png\",\"width\":500,\"height\":157,\"caption\":\"\u00c7orlu'da Haber\"},\"image\":{\"@id\":\"https:\/\/corludahaber.com\/h\/#\/schema\/logo\/image\/\"},\"sameAs\":[\"https:\/\/facebook.com\/habercorluda\",\"https:\/\/x.com\/habercorluda\",\"https:\/\/www.instagram.com\/corludahaber\",\"https:\/\/www.youtube.com\/user\/corludahaber\"]},{\"@type\":\"Person\",\"@id\":\"https:\/\/corludahaber.com\/h\/#\/schema\/person\/b523522be44b062db5d74a62589768cd\",\"name\":\"\u00c7orlu'da Haber\",\"image\":{\"@type\":\"ImageObject\",\"inLanguage\":\"tr\",\"@id\":\"https:\/\/corludahaber.com\/h\/#\/schema\/person\/image\/\",\"url\":\"https:\/\/secure.gravatar.com\/avatar\/1033e54e078c29fd7f053370086ff627ba414b05c2b231c418a481adecd764ce?s=96&d=blank&r=g\",\"contentUrl\":\"https:\/\/secure.gravatar.com\/avatar\/1033e54e078c29fd7f053370086ff627ba414b05c2b231c418a481adecd764ce?s=96&d=blank&r=g\",\"caption\":\"\u00c7orlu'da Haber\"},\"sameAs\":[\"https:\/\/corludahaber.com\/h\"],\"url\":\"https:\/\/corludahaber.com\/h\/author\/admin\"}]}<\/script>\n<!-- \/ Yoast SEO Premium plugin. -->","yoast_head_json":{"title":"Trafo Patlad\u0131: 2 \u0130\u015f\u00e7i Elektrik Ak\u0131m\u0131na Kap\u0131ld\u0131! 1'i A\u011f\u0131r Yaral\u0131! | \u00c7orlu&#039;da Haber","description":"Trafo Patlad\u0131: 2 \u0130\u015f\u00e7i Elektrik Ak\u0131m\u0131na Kap\u0131ld\u0131! 1'i A\u011f\u0131r Yaral\u0131! | Asayi\u015f \u00c7orlu&#039;da Haber","robots":{"index":"index","follow":"follow","max-snippet":"max-snippet:-1","max-image-preview":"max-image-preview:large","max-video-preview":"max-video-preview:-1"},"canonical":"https:\/\/corludahaber.com\/h\/trafo-patladi-2-isci-elektrik-akimina-kapildi-1i-agir-yarali\/52368","og_locale":"tr_TR","og_type":"article","og_title":"Trafo Patlad\u0131: 2 \u0130\u015f\u00e7i Elektrik Ak\u0131m\u0131na Kap\u0131ld\u0131! 1'i A\u011f\u0131r Yaral\u0131! | \u00c7orlu&#039;da Haber","og_description":"Trafo Patlad\u0131: 2 \u0130\u015f\u00e7i Elektrik Ak\u0131m\u0131na Kap\u0131ld\u0131! 1'i A\u011f\u0131r Yaral\u0131! | Asayi\u015f \u00c7orlu&#039;da Haber","og_url":"https:\/\/corludahaber.com\/h\/trafo-patladi-2-isci-elektrik-akimina-kapildi-1i-agir-yarali\/52368","og_site_name":"\u00c7orlu&#039;da Haber","article_publisher":"https:\/\/facebook.com\/habercorluda","article_published_time":"2023-02-21T17:52:20+00:00","og_image":[{"width":1030,"height":687,"url":"https:\/\/corludahaber.com\/h\/wp-content\/uploads\/2023\/02\/png_20230221_204834_0000.png","type":"image\/png"}],"author":"\u00c7orlu'da Haber","twitter_card":"summary_large_image","twitter_creator":"@habercorluda","twitter_site":"@habercorluda","twitter_misc":{"Yazan:":"\u00c7orlu'da Haber","Tahmini okuma s\u00fcresi":"1 dakika"},"schema":{"@context":"https:\/\/schema.org","@graph":[{"@type":"Article","@id":"https:\/\/corludahaber.com\/h\/trafo-patladi-2-isci-elektrik-akimina-kapildi-1i-agir-yarali\/52368#article","isPartOf":{"@id":"https:\/\/corludahaber.com\/h\/trafo-patladi-2-isci-elektrik-akimina-kapildi-1i-agir-yarali\/52368"},"author":{"name":"\u00c7orlu'da Haber","@id":"https:\/\/corludahaber.com\/h\/#\/schema\/person\/b523522be44b062db5d74a62589768cd"},"headline":"Trafo Patlad\u0131: 2 \u0130\u015f\u00e7i Elektrik Ak\u0131m\u0131na Kap\u0131ld\u0131! 1&#8217;i A\u011f\u0131r Yaral\u0131!","datePublished":"2023-02-21T17:52:20+00:00","dateModified":"2023-02-21T17:52:20+00:00","mainEntityOfPage":{"@id":"https:\/\/corludahaber.com\/h\/trafo-patladi-2-isci-elektrik-akimina-kapildi-1i-agir-yarali\/52368"},"wordCount":204,"commentCount":0,"publisher":{"@id":"https:\/\/corludahaber.com\/h\/#organization"},"image":{"@id":"https:\/\/corludahaber.com\/h\/trafo-patladi-2-isci-elektrik-akimina-kapildi-1i-agir-yarali\/52368#primaryimage"},"thumbnailUrl":"https:\/\/corludahaber.com\/h\/wp-content\/uploads\/2023\/02\/png_20230221_204834_0000.png","articleSection":["Asayi\u015f"],"inLanguage":"tr","potentialAction":[{"@type":"CommentAction","name":"Comment","target":["https:\/\/corludahaber.com\/h\/trafo-patladi-2-isci-elektrik-akimina-kapildi-1i-agir-yarali\/52368#respond"]}]},{"@type":"WebPage","@id":"https:\/\/corludahaber.com\/h\/trafo-patladi-2-isci-elektrik-akimina-kapildi-1i-agir-yarali\/52368","url":"https:\/\/corludahaber.com\/h\/trafo-patladi-2-isci-elektrik-akimina-kapildi-1i-agir-yarali\/52368","name":"Trafo Patlad\u0131: 2 \u0130\u015f\u00e7i Elektrik Ak\u0131m\u0131na Kap\u0131ld\u0131! 1'i A\u011f\u0131r Yaral\u0131! | \u00c7orlu&#039;da Haber","isPartOf":{"@id":"https:\/\/corludahaber.com\/h\/#website"},"primaryImageOfPage":{"@id":"https:\/\/corludahaber.com\/h\/trafo-patladi-2-isci-elektrik-akimina-kapildi-1i-agir-yarali\/52368#primaryimage"},"image":{"@id":"https:\/\/corludahaber.com\/h\/trafo-patladi-2-isci-elektrik-akimina-kapildi-1i-agir-yarali\/52368#primaryimage"},"thumbnailUrl":"https:\/\/corludahaber.com\/h\/wp-content\/uploads\/2023\/02\/png_20230221_204834_0000.png","datePublished":"2023-02-21T17:52:20+00:00","dateModified":"2023-02-21T17:52:20+00:00","description":"Trafo Patlad\u0131: 2 \u0130\u015f\u00e7i Elektrik Ak\u0131m\u0131na Kap\u0131ld\u0131! 1'i A\u011f\u0131r Yaral\u0131! | Asayi\u015f \u00c7orlu&#039;da Haber","breadcrumb":{"@id":"https:\/\/corludahaber.com\/h\/trafo-patladi-2-isci-elektrik-akimina-kapildi-1i-agir-yarali\/52368#breadcrumb"},"inLanguage":"tr","potentialAction":[{"@type":"ReadAction","target":["https:\/\/corludahaber.com\/h\/trafo-patladi-2-isci-elektrik-akimina-kapildi-1i-agir-yarali\/52368"]}]},{"@type":"ImageObject","inLanguage":"tr","@id":"https:\/\/corludahaber.com\/h\/trafo-patladi-2-isci-elektrik-akimina-kapildi-1i-agir-yarali\/52368#primaryimage","url":"https:\/\/corludahaber.com\/h\/wp-content\/uploads\/2023\/02\/png_20230221_204834_0000.png","contentUrl":"https:\/\/corludahaber.com\/h\/wp-content\/uploads\/2023\/02\/png_20230221_204834_0000.png","width":1030,"height":687},{"@type":"BreadcrumbList","@id":"https:\/\/corludahaber.com\/h\/trafo-patladi-2-isci-elektrik-akimina-kapildi-1i-agir-yarali\/52368#breadcrumb","itemListElement":[{"@type":"ListItem","position":1,"name":"Anasayfa","item":"https:\/\/corludahaber.com\/h\/"},{"@type":"ListItem","position":2,"name":"Asayi\u015f","item":"https:\/\/corludahaber.com\/h\/kategori\/asayis"},{"@type":"ListItem","position":3,"name":"Trafo Patlad\u0131: 2 \u0130\u015f\u00e7i Elektrik Ak\u0131m\u0131na Kap\u0131ld\u0131! 1&#8217;i A\u011f\u0131r Yaral\u0131!"}]},{"@type":"WebSite","@id":"https:\/\/corludahaber.com\/h\/#website","url":"https:\/\/corludahaber.com\/h\/","name":"\u00c7orlu'da Haber","description":"Ger\u00e7ek Tarafs\u0131z Haber","publisher":{"@id":"https:\/\/corludahaber.com\/h\/#organization"},"potentialAction":[{"@type":"SearchAction","target":{"@type":"EntryPoint","urlTemplate":"https:\/\/corludahaber.com\/h\/?s={search_term_string}"},"query-input":"required name=search_term_string"}],"inLanguage":"tr"},{"@type":"Organization","@id":"https:\/\/corludahaber.com\/h\/#organization","name":"\u00c7orlu'da Haber","url":"https:\/\/corludahaber.com\/h\/","logo":{"@type":"ImageObject","inLanguage":"tr","@id":"https:\/\/corludahaber.com\/h\/#\/schema\/logo\/image\/","url":"https:\/\/corludahaber.com\/h\/wp-content\/uploads\/2021\/12\/logo__9__1_-removebg-preview.png","contentUrl":"https:\/\/corludahaber.com\/h\/wp-content\/uploads\/2021\/12\/logo__9__1_-removebg-preview.png","width":500,"height":157,"caption":"\u00c7orlu'da Haber"},"image":{"@id":"https:\/\/corludahaber.com\/h\/#\/schema\/logo\/image\/"},"sameAs":["https:\/\/facebook.com\/habercorluda","https:\/\/x.com\/habercorluda","https:\/\/www.instagram.com\/corludahaber","https:\/\/www.youtube.com\/user\/corludahaber"]},{"@type":"Person","@id":"https:\/\/corludahaber.com\/h\/#\/schema\/person\/b523522be44b062db5d74a62589768cd","name":"\u00c7orlu'da Haber","image":{"@type":"ImageObject","inLanguage":"tr","@id":"https:\/\/corludahaber.com\/h\/#\/schema\/person\/image\/","url":"https:\/\/secure.gravatar.com\/avatar\/1033e54e078c29fd7f053370086ff627ba414b05c2b231c418a481adecd764ce?s=96&d=blank&r=g","contentUrl":"https:\/\/secure.gravatar.com\/avatar\/1033e54e078c29fd7f053370086ff627ba414b05c2b231c418a481adecd764ce?s=96&d=blank&r=g","caption":"\u00c7orlu'da Haber"},"sameAs":["https:\/\/corludahaber.com\/h"],"url":"https:\/\/corludahaber.com\/h\/author\/admin"}]}},"_links":{"self":[{"href":"https:\/\/corludahaber.com\/h\/wp-json\/wp\/v2\/posts\/52368","targetHints":{"allow":["GET"]}}],"collection":[{"href":"https:\/\/corludahaber.com\/h\/wp-json\/wp\/v2\/posts"}],"about":[{"href":"https:\/\/corludahaber.com\/h\/wp-json\/wp\/v2\/types\/post"}],"author":[{"embeddable":true,"href":"https:\/\/corludahaber.com\/h\/wp-json\/wp\/v2\/users\/151"}],"replies":[{"embeddable":true,"href":"https:\/\/corludahaber.com\/h\/wp-json\/wp\/v2\/comments?post=52368"}],"version-history":[{"count":0,"href":"https:\/\/corludahaber.com\/h\/wp-json\/wp\/v2\/posts\/52368\/revisions"}],"wp:featuredmedia":[{"embeddable":true,"href":"https:\/\/corludahaber.com\/h\/wp-json\/wp\/v2\/media\/52369"}],"wp:attachment":[{"href":"https:\/\/corludahaber.com\/h\/wp-json\/wp\/v2\/media?parent=52368"}],"wp:term":[{"taxonomy":"category","embeddable":true,"href":"https:\/\/corludahaber.com\/h\/wp-json\/wp\/v2\/categories?post=52368"},{"taxonomy":"post_tag","embeddable":true,"href":"https:\/\/corludahaber.com\/h\/wp-json\/wp\/v2\/tags?post=52368"}],"curies":[{"name":"wp","href":"https:\/\/api.w.org\/{rel}","templated":true}]}}