{"id":52161,"date":"2023-02-20T14:02:09","date_gmt":"2023-02-20T11:02:09","guid":{"rendered":"https:\/\/corludahaber.com\/h\/tekirdagda-62-okul-depreme-karsi-guclendirildi\/52161"},"modified":"2023-02-26T20:37:48","modified_gmt":"2023-02-26T17:37:48","slug":"tekirdagda-62-okul-depreme-karsi-guclendirildi","status":"publish","type":"post","link":"https:\/\/corludahaber.com\/h\/tekirdagda-62-okul-depreme-karsi-guclendirildi\/52161","title":{"rendered":"Tekirda\u011f&#8217;da 62 Okul Depreme Kar\u015f\u0131 G\u00fc\u00e7lendirildi"},"content":{"rendered":"<div class=\"corlu-icerikten-once_3\" id=\"corlu-1781336851\"><script type='text\/javascript' src='https:\/\/platform-api.sharethis.com\/js\/sharethis.js#property=5ce8cf08af7d000012cb0ca1&product=inline-reaction-buttons' async='async'><\/script>\r\n\r\n<\/div><p>Abdullah YAL\u00c7INTEK\u0130RDA\u011e, (DHA)- KAHRAMANMARA\u015e merkezli depremlerin ard\u0131ndan Tekirda\u011f&#8217;\u0131n \u00c7orlu il\u00e7esinde yap\u0131lan denetimlerde, depreme dayan\u0131kl\u0131 olmad\u0131\u011f\u0131 belirlenen 5 okulun tahliyesine karar verildi. \u0130l genelinde ise 62 okulun g\u00fc\u00e7lendirilmesi tamamland\u0131.<\/p><div class=\"corlu-icerik-2\" id=\"corlu-1132657412\"><!-- Admatic AUTO ads START -->\r\n<ins data-publisher=\"adm-pub-155556240050\" data-ad-network=\"659428a24d11b285b616c18d\"   class=\"adm-ads-area\"><\/ins>\r\n<script type=\"text\/javascript\" src=\"https:\/\/static.cdn.admatic.com.tr\/showad\/showad.min.js\"><\/script>\r\n<!-- Admatic AUTO ads END --><\/div>\n<p>Kahramanmara\u015f merkezli ve 11 ili etkileyen depremlerin ard\u0131ndan Tekirda\u011f Milli E\u011fitim M\u00fcd\u00fcrl\u00fc\u011f\u00fc, olas\u0131 \u0130stanbul depreminde etkilenecek b\u00f6lgeler aras\u0131nda bulunan ilde, okul binalar\u0131nda inceleme yapt\u0131rd\u0131.<\/p>\n<p>Depremin ard\u0131ndan h\u0131zland\u0131r\u0131lan incelemelerde \u0130stanbul&#8217;un yan\u0131 ba\u015f\u0131ndaki \u00c7orlu il\u00e7esinde 5 okulun tahliye edilmesi karar\u0131 al\u0131nd\u0131.<\/p>\n<p>\u00c7orlu&#8217;da Alipa\u015fa \u0130lkokulu ve T\u00fcrkg\u00fcc\u00fc \u0130lk ve Ortaokulu&#8217;nun y\u0131k\u0131lmas\u0131na, \u015eahinler Ortaokulu, Gazi \u0130lkokulu ve Uncular \u0130lkokulu binalar\u0131n\u0131n da g\u00fc\u00e7lendirilmesine karar verildi. Bu okulun \u00f6\u011frencileri ba\u015fka okullara nakledildi.<\/p>\n<p>Tekirda\u011f&#8217;da 62 okulun depreme kar\u015f\u0131 g\u00fc\u00e7lendirilmesi tamamlard\u0131. \u0130l genelinde et\u00fct \u00e7al\u0131\u015fmalar\u0131 devam ederken, 11 okulda g\u00fc\u00e7lendirme s\u00fcr\u00fcyor, 13 okul ihale s\u00fcrecinde ve 17 okul i\u00e7in de bakanl\u0131ktan onay bekleniyor.(DHA)<\/p>\n<p><img loading=\"lazy\" decoding=\"async\" class=\"alignnone size-full wp-image-52162\" src=\"https:\/\/corludahaber.com\/h\/wp-content\/uploads\/2023\/02\/tekirdagda-62-okul-depreme-karsi-guclendirildi_f66ddb7.jpg\" alt=\"\" width=\"600\" height=\"400\" \/><\/p>\n<p><img loading=\"lazy\" decoding=\"async\" class=\"alignnone size-full wp-image-52163\" src=\"https:\/\/corludahaber.com\/h\/wp-content\/uploads\/2023\/02\/tekirdagda-62-okul-depreme-karsi-guclendirildi_d5353c5.jpg\" alt=\"\" width=\"600\" height=\"367\" \/><\/p>\n<p><img loading=\"lazy\" decoding=\"async\" class=\"alignnone size-full wp-image-52165\" src=\"https:\/\/corludahaber.com\/h\/wp-content\/uploads\/2023\/02\/tekirdagda-62-okul-depreme-karsi-guclendirildi_034557e.jpg\" alt=\"\" width=\"600\" height=\"400\" \/><\/p>\n<p>&nbsp;<\/p>\n<div class=\"corlu-icerikten-sonra_3\" id=\"corlu-2404404286\"><p><img loading=\"lazy\" decoding=\"async\" class=\"aligncenter\" src=\"https:\/\/www.corludahaber.com\/bahcesehir.jpg\" alt=\"\" width=\"624\" height=\"196\" \/><\/p>\n<table style=\"text-align: left; width: 100%;\" border=\"1\" cellspacing=\"2\" cellpadding=\"2\">\n<tbody>\n<tr>\n<td style=\"background-color: #050805;\"><span style=\"font-size: 12pt;\"><small><small><em><strong><big><span style=\"color: #ff0000;\">Haber ve resimlerin telif haklar\u0131ndan dolay\u0131 kullan\u0131m\u0131 yasakt\u0131r<span style=\"color: #000000;\">.<\/span><\/span><span style=\"color: #000000;\">\u00a0<\/span><span style=\"color: #ffffff;\">Yaz\u0131l\u0131 izni al\u0131nmadan hi\u00e7bir yaz\u0131l\u0131, g\u00f6rsel, i\u015fitsel i\u00e7erik kopyalanamaz, de\u011fi\u015ftirilemez, yay\u0131nlanamaz veya sat\u0131lamaz. Aksi halde<\/span>\u00a0<span style=\"color: #ff0000;\">5846<span style=\"color: #ffffff;\">\u00a0<\/span><\/span><span style=\"color: #ffffff;\">say\u0131l\u0131 Fikir ve Sanat Eserleri Kanunu\u2019na ve<\/span>\u00a0<span style=\"color: #800000;\"><span style=\"color: #ff0000;\">6102<\/span><span style=\"color: #ffffff;\">\u00a0<\/span><\/span><span style=\"color: #ffffff;\">say\u0131l\u0131 maddesine g\u00f6re<\/span>\u00a0<span style=\"color: #ff0000;\">gerekli i\u015flemler uygulanacakt\u0131r.<\/span><br \/>\n<span style=\"color: #ffffff;\">\u00a9 Copyright 2014<\/span><\/big><\/strong><\/em><\/small><\/small><\/span><\/td>\n<\/tr>\n<\/tbody>\n<\/table>\n<p><small><small>\u00a0<\/small><\/small><\/p>\n<\/div>","protected":false},"excerpt":{"rendered":"<p>Abdullah YAL\u00c7INTEK\u0130RDA\u011e, (DHA)- KAHRAMANMARA\u015e merkezli depremlerin ard\u0131ndan Tekirda\u011f&#8217;\u0131n \u00c7orlu il\u00e7esinde yap\u0131lan denetimlerde, depreme dayan\u0131kl\u0131 olmad\u0131\u011f\u0131 belirlenen 5 okulun tahliyesine karar verildi. \u0130l genelinde ise 62 okulun g\u00fc\u00e7lendirilmesi tamamland\u0131. Kahramanmara\u015f merkezli ve 11 ili etkileyen depremlerin ard\u0131ndan Tekirda\u011f Milli E\u011fitim M\u00fcd\u00fcrl\u00fc\u011f\u00fc, olas\u0131 \u0130stanbul depreminde etkilenecek b\u00f6lgeler aras\u0131nda bulunan ilde, okul binalar\u0131nda inceleme yapt\u0131rd\u0131. Depremin ard\u0131ndan h\u0131zland\u0131r\u0131lan &hellip;<\/p>\n","protected":false},"author":151,"featured_media":52162,"comment_status":"open","ping_status":"open","sticky":false,"template":"","format":"standard","meta":{"footnotes":""},"categories":[127,27],"tags":[],"class_list":["post-52161","post","type-post","status-publish","format-standard","has-post-thumbnail","hentry","category-deprem","category-yasam"],"yoast_head":"<!-- This site is optimized with the Yoast SEO Premium plugin v23.3 (Yoast SEO v23.3) - https:\/\/yoast.com\/wordpress\/plugins\/seo\/ -->\n<title>Tekirda\u011f&#039;da 62 Okul Depreme Kar\u015f\u0131 G\u00fc\u00e7lendirildi | \u00c7orlu&#039;da Haber<\/title>\n<meta name=\"description\" content=\"Tekirda\u011f&#039;da 62 Okul Depreme Kar\u015f\u0131 G\u00fc\u00e7lendirildi | Ya\u015fam \u00c7orlu&#039;da Haber\" \/>\n<meta name=\"robots\" content=\"index, follow, max-snippet:-1, max-image-preview:large, max-video-preview:-1\" \/>\n<link rel=\"canonical\" href=\"https:\/\/corludahaber.com\/h\/tekirdagda-62-okul-depreme-karsi-guclendirildi\/52161\" \/>\n<meta property=\"og:locale\" content=\"tr_TR\" \/>\n<meta property=\"og:type\" content=\"article\" \/>\n<meta property=\"og:title\" content=\"Tekirda\u011f&#039;da 62 Okul Depreme Kar\u015f\u0131 G\u00fc\u00e7lendirildi | \u00c7orlu&#039;da Haber\" \/>\n<meta property=\"og:description\" content=\"Tekirda\u011f&#039;da 62 Okul Depreme Kar\u015f\u0131 G\u00fc\u00e7lendirildi | Ya\u015fam \u00c7orlu&#039;da Haber\" \/>\n<meta property=\"og:url\" content=\"https:\/\/corludahaber.com\/h\/tekirdagda-62-okul-depreme-karsi-guclendirildi\/52161\" \/>\n<meta property=\"og:site_name\" content=\"\u00c7orlu&#039;da Haber\" \/>\n<meta property=\"article:publisher\" content=\"https:\/\/facebook.com\/habercorluda\" \/>\n<meta property=\"article:published_time\" content=\"2023-02-20T11:02:09+00:00\" \/>\n<meta property=\"article:modified_time\" content=\"2023-02-26T17:37:48+00:00\" \/>\n<meta property=\"og:image\" content=\"https:\/\/corludahaber.com\/h\/wp-content\/uploads\/2023\/02\/tekirdagda-62-okul-depreme-karsi-guclendirildi_f66ddb7.jpg\" \/>\n\t<meta property=\"og:image:width\" content=\"600\" \/>\n\t<meta property=\"og:image:height\" content=\"400\" \/>\n\t<meta property=\"og:image:type\" content=\"image\/jpeg\" \/>\n<meta name=\"author\" content=\"\u00c7orlu&#039;da Haber\" \/>\n<meta name=\"twitter:card\" content=\"summary_large_image\" \/>\n<meta name=\"twitter:creator\" content=\"@habercorluda\" \/>\n<meta name=\"twitter:site\" content=\"@habercorluda\" \/>\n<meta name=\"twitter:label1\" content=\"Yazan:\" \/>\n\t<meta name=\"twitter:data1\" content=\"\u00c7orlu&#039;da Haber\" \/>\n\t<meta name=\"twitter:label2\" content=\"Tahmini okuma s\u00fcresi\" \/>\n\t<meta name=\"twitter:data2\" content=\"2 dakika\" \/>\n<script type=\"application\/ld+json\" class=\"yoast-schema-graph\">{\"@context\":\"https:\/\/schema.org\",\"@graph\":[{\"@type\":\"Article\",\"@id\":\"https:\/\/corludahaber.com\/h\/tekirdagda-62-okul-depreme-karsi-guclendirildi\/52161#article\",\"isPartOf\":{\"@id\":\"https:\/\/corludahaber.com\/h\/tekirdagda-62-okul-depreme-karsi-guclendirildi\/52161\"},\"author\":{\"name\":\"\u00c7orlu'da Haber\",\"@id\":\"https:\/\/corludahaber.com\/h\/#\/schema\/person\/b523522be44b062db5d74a62589768cd\"},\"headline\":\"Tekirda\u011f&#8217;da 62 Okul Depreme Kar\u015f\u0131 G\u00fc\u00e7lendirildi\",\"datePublished\":\"2023-02-20T11:02:09+00:00\",\"dateModified\":\"2023-02-26T17:37:48+00:00\",\"mainEntityOfPage\":{\"@id\":\"https:\/\/corludahaber.com\/h\/tekirdagda-62-okul-depreme-karsi-guclendirildi\/52161\"},\"wordCount\":171,\"commentCount\":0,\"publisher\":{\"@id\":\"https:\/\/corludahaber.com\/h\/#organization\"},\"image\":{\"@id\":\"https:\/\/corludahaber.com\/h\/tekirdagda-62-okul-depreme-karsi-guclendirildi\/52161#primaryimage\"},\"thumbnailUrl\":\"https:\/\/corludahaber.com\/h\/wp-content\/uploads\/2023\/02\/tekirdagda-62-okul-depreme-karsi-guclendirildi_f66ddb7.jpg\",\"articleSection\":[\"Deprem\",\"Ya\u015fam\"],\"inLanguage\":\"tr\",\"potentialAction\":[{\"@type\":\"CommentAction\",\"name\":\"Comment\",\"target\":[\"https:\/\/corludahaber.com\/h\/tekirdagda-62-okul-depreme-karsi-guclendirildi\/52161#respond\"]}]},{\"@type\":\"WebPage\",\"@id\":\"https:\/\/corludahaber.com\/h\/tekirdagda-62-okul-depreme-karsi-guclendirildi\/52161\",\"url\":\"https:\/\/corludahaber.com\/h\/tekirdagda-62-okul-depreme-karsi-guclendirildi\/52161\",\"name\":\"Tekirda\u011f'da 62 Okul Depreme Kar\u015f\u0131 G\u00fc\u00e7lendirildi | \u00c7orlu&#039;da Haber\",\"isPartOf\":{\"@id\":\"https:\/\/corludahaber.com\/h\/#website\"},\"primaryImageOfPage\":{\"@id\":\"https:\/\/corludahaber.com\/h\/tekirdagda-62-okul-depreme-karsi-guclendirildi\/52161#primaryimage\"},\"image\":{\"@id\":\"https:\/\/corludahaber.com\/h\/tekirdagda-62-okul-depreme-karsi-guclendirildi\/52161#primaryimage\"},\"thumbnailUrl\":\"https:\/\/corludahaber.com\/h\/wp-content\/uploads\/2023\/02\/tekirdagda-62-okul-depreme-karsi-guclendirildi_f66ddb7.jpg\",\"datePublished\":\"2023-02-20T11:02:09+00:00\",\"dateModified\":\"2023-02-26T17:37:48+00:00\",\"description\":\"Tekirda\u011f'da 62 Okul Depreme Kar\u015f\u0131 G\u00fc\u00e7lendirildi | Ya\u015fam \u00c7orlu&#039;da Haber\",\"breadcrumb\":{\"@id\":\"https:\/\/corludahaber.com\/h\/tekirdagda-62-okul-depreme-karsi-guclendirildi\/52161#breadcrumb\"},\"inLanguage\":\"tr\",\"potentialAction\":[{\"@type\":\"ReadAction\",\"target\":[\"https:\/\/corludahaber.com\/h\/tekirdagda-62-okul-depreme-karsi-guclendirildi\/52161\"]}]},{\"@type\":\"ImageObject\",\"inLanguage\":\"tr\",\"@id\":\"https:\/\/corludahaber.com\/h\/tekirdagda-62-okul-depreme-karsi-guclendirildi\/52161#primaryimage\",\"url\":\"https:\/\/corludahaber.com\/h\/wp-content\/uploads\/2023\/02\/tekirdagda-62-okul-depreme-karsi-guclendirildi_f66ddb7.jpg\",\"contentUrl\":\"https:\/\/corludahaber.com\/h\/wp-content\/uploads\/2023\/02\/tekirdagda-62-okul-depreme-karsi-guclendirildi_f66ddb7.jpg\",\"width\":600,\"height\":400},{\"@type\":\"BreadcrumbList\",\"@id\":\"https:\/\/corludahaber.com\/h\/tekirdagda-62-okul-depreme-karsi-guclendirildi\/52161#breadcrumb\",\"itemListElement\":[{\"@type\":\"ListItem\",\"position\":1,\"name\":\"Anasayfa\",\"item\":\"https:\/\/corludahaber.com\/h\/\"},{\"@type\":\"ListItem\",\"position\":2,\"name\":\"Ya\u015fam\",\"item\":\"https:\/\/corludahaber.com\/h\/kategori\/yasam\"},{\"@type\":\"ListItem\",\"position\":3,\"name\":\"Tekirda\u011f&#8217;da 62 Okul Depreme Kar\u015f\u0131 G\u00fc\u00e7lendirildi\"}]},{\"@type\":\"WebSite\",\"@id\":\"https:\/\/corludahaber.com\/h\/#website\",\"url\":\"https:\/\/corludahaber.com\/h\/\",\"name\":\"\u00c7orlu'da Haber\",\"description\":\"Ger\u00e7ek Tarafs\u0131z Haber\",\"publisher\":{\"@id\":\"https:\/\/corludahaber.com\/h\/#organization\"},\"potentialAction\":[{\"@type\":\"SearchAction\",\"target\":{\"@type\":\"EntryPoint\",\"urlTemplate\":\"https:\/\/corludahaber.com\/h\/?s={search_term_string}\"},\"query-input\":\"required name=search_term_string\"}],\"inLanguage\":\"tr\"},{\"@type\":\"Organization\",\"@id\":\"https:\/\/corludahaber.com\/h\/#organization\",\"name\":\"\u00c7orlu'da Haber\",\"url\":\"https:\/\/corludahaber.com\/h\/\",\"logo\":{\"@type\":\"ImageObject\",\"inLanguage\":\"tr\",\"@id\":\"https:\/\/corludahaber.com\/h\/#\/schema\/logo\/image\/\",\"url\":\"https:\/\/corludahaber.com\/h\/wp-content\/uploads\/2021\/12\/logo__9__1_-removebg-preview.png\",\"contentUrl\":\"https:\/\/corludahaber.com\/h\/wp-content\/uploads\/2021\/12\/logo__9__1_-removebg-preview.png\",\"width\":500,\"height\":157,\"caption\":\"\u00c7orlu'da Haber\"},\"image\":{\"@id\":\"https:\/\/corludahaber.com\/h\/#\/schema\/logo\/image\/\"},\"sameAs\":[\"https:\/\/facebook.com\/habercorluda\",\"https:\/\/x.com\/habercorluda\",\"https:\/\/www.instagram.com\/corludahaber\",\"https:\/\/www.youtube.com\/user\/corludahaber\"]},{\"@type\":\"Person\",\"@id\":\"https:\/\/corludahaber.com\/h\/#\/schema\/person\/b523522be44b062db5d74a62589768cd\",\"name\":\"\u00c7orlu'da Haber\",\"image\":{\"@type\":\"ImageObject\",\"inLanguage\":\"tr\",\"@id\":\"https:\/\/corludahaber.com\/h\/#\/schema\/person\/image\/\",\"url\":\"https:\/\/secure.gravatar.com\/avatar\/1033e54e078c29fd7f053370086ff627ba414b05c2b231c418a481adecd764ce?s=96&d=blank&r=g\",\"contentUrl\":\"https:\/\/secure.gravatar.com\/avatar\/1033e54e078c29fd7f053370086ff627ba414b05c2b231c418a481adecd764ce?s=96&d=blank&r=g\",\"caption\":\"\u00c7orlu'da Haber\"},\"sameAs\":[\"https:\/\/corludahaber.com\/h\"],\"url\":\"https:\/\/corludahaber.com\/h\/author\/admin\"}]}<\/script>\n<!-- \/ Yoast SEO Premium plugin. -->","yoast_head_json":{"title":"Tekirda\u011f'da 62 Okul Depreme Kar\u015f\u0131 G\u00fc\u00e7lendirildi | \u00c7orlu&#039;da Haber","description":"Tekirda\u011f'da 62 Okul Depreme Kar\u015f\u0131 G\u00fc\u00e7lendirildi | Ya\u015fam \u00c7orlu&#039;da Haber","robots":{"index":"index","follow":"follow","max-snippet":"max-snippet:-1","max-image-preview":"max-image-preview:large","max-video-preview":"max-video-preview:-1"},"canonical":"https:\/\/corludahaber.com\/h\/tekirdagda-62-okul-depreme-karsi-guclendirildi\/52161","og_locale":"tr_TR","og_type":"article","og_title":"Tekirda\u011f'da 62 Okul Depreme Kar\u015f\u0131 G\u00fc\u00e7lendirildi | \u00c7orlu&#039;da Haber","og_description":"Tekirda\u011f'da 62 Okul Depreme Kar\u015f\u0131 G\u00fc\u00e7lendirildi | Ya\u015fam \u00c7orlu&#039;da Haber","og_url":"https:\/\/corludahaber.com\/h\/tekirdagda-62-okul-depreme-karsi-guclendirildi\/52161","og_site_name":"\u00c7orlu&#039;da Haber","article_publisher":"https:\/\/facebook.com\/habercorluda","article_published_time":"2023-02-20T11:02:09+00:00","article_modified_time":"2023-02-26T17:37:48+00:00","og_image":[{"width":600,"height":400,"url":"https:\/\/corludahaber.com\/h\/wp-content\/uploads\/2023\/02\/tekirdagda-62-okul-depreme-karsi-guclendirildi_f66ddb7.jpg","type":"image\/jpeg"}],"author":"\u00c7orlu'da Haber","twitter_card":"summary_large_image","twitter_creator":"@habercorluda","twitter_site":"@habercorluda","twitter_misc":{"Yazan:":"\u00c7orlu'da Haber","Tahmini okuma s\u00fcresi":"2 dakika"},"schema":{"@context":"https:\/\/schema.org","@graph":[{"@type":"Article","@id":"https:\/\/corludahaber.com\/h\/tekirdagda-62-okul-depreme-karsi-guclendirildi\/52161#article","isPartOf":{"@id":"https:\/\/corludahaber.com\/h\/tekirdagda-62-okul-depreme-karsi-guclendirildi\/52161"},"author":{"name":"\u00c7orlu'da Haber","@id":"https:\/\/corludahaber.com\/h\/#\/schema\/person\/b523522be44b062db5d74a62589768cd"},"headline":"Tekirda\u011f&#8217;da 62 Okul Depreme Kar\u015f\u0131 G\u00fc\u00e7lendirildi","datePublished":"2023-02-20T11:02:09+00:00","dateModified":"2023-02-26T17:37:48+00:00","mainEntityOfPage":{"@id":"https:\/\/corludahaber.com\/h\/tekirdagda-62-okul-depreme-karsi-guclendirildi\/52161"},"wordCount":171,"commentCount":0,"publisher":{"@id":"https:\/\/corludahaber.com\/h\/#organization"},"image":{"@id":"https:\/\/corludahaber.com\/h\/tekirdagda-62-okul-depreme-karsi-guclendirildi\/52161#primaryimage"},"thumbnailUrl":"https:\/\/corludahaber.com\/h\/wp-content\/uploads\/2023\/02\/tekirdagda-62-okul-depreme-karsi-guclendirildi_f66ddb7.jpg","articleSection":["Deprem","Ya\u015fam"],"inLanguage":"tr","potentialAction":[{"@type":"CommentAction","name":"Comment","target":["https:\/\/corludahaber.com\/h\/tekirdagda-62-okul-depreme-karsi-guclendirildi\/52161#respond"]}]},{"@type":"WebPage","@id":"https:\/\/corludahaber.com\/h\/tekirdagda-62-okul-depreme-karsi-guclendirildi\/52161","url":"https:\/\/corludahaber.com\/h\/tekirdagda-62-okul-depreme-karsi-guclendirildi\/52161","name":"Tekirda\u011f'da 62 Okul Depreme Kar\u015f\u0131 G\u00fc\u00e7lendirildi | \u00c7orlu&#039;da Haber","isPartOf":{"@id":"https:\/\/corludahaber.com\/h\/#website"},"primaryImageOfPage":{"@id":"https:\/\/corludahaber.com\/h\/tekirdagda-62-okul-depreme-karsi-guclendirildi\/52161#primaryimage"},"image":{"@id":"https:\/\/corludahaber.com\/h\/tekirdagda-62-okul-depreme-karsi-guclendirildi\/52161#primaryimage"},"thumbnailUrl":"https:\/\/corludahaber.com\/h\/wp-content\/uploads\/2023\/02\/tekirdagda-62-okul-depreme-karsi-guclendirildi_f66ddb7.jpg","datePublished":"2023-02-20T11:02:09+00:00","dateModified":"2023-02-26T17:37:48+00:00","description":"Tekirda\u011f'da 62 Okul Depreme Kar\u015f\u0131 G\u00fc\u00e7lendirildi | Ya\u015fam \u00c7orlu&#039;da Haber","breadcrumb":{"@id":"https:\/\/corludahaber.com\/h\/tekirdagda-62-okul-depreme-karsi-guclendirildi\/52161#breadcrumb"},"inLanguage":"tr","potentialAction":[{"@type":"ReadAction","target":["https:\/\/corludahaber.com\/h\/tekirdagda-62-okul-depreme-karsi-guclendirildi\/52161"]}]},{"@type":"ImageObject","inLanguage":"tr","@id":"https:\/\/corludahaber.com\/h\/tekirdagda-62-okul-depreme-karsi-guclendirildi\/52161#primaryimage","url":"https:\/\/corludahaber.com\/h\/wp-content\/uploads\/2023\/02\/tekirdagda-62-okul-depreme-karsi-guclendirildi_f66ddb7.jpg","contentUrl":"https:\/\/corludahaber.com\/h\/wp-content\/uploads\/2023\/02\/tekirdagda-62-okul-depreme-karsi-guclendirildi_f66ddb7.jpg","width":600,"height":400},{"@type":"BreadcrumbList","@id":"https:\/\/corludahaber.com\/h\/tekirdagda-62-okul-depreme-karsi-guclendirildi\/52161#breadcrumb","itemListElement":[{"@type":"ListItem","position":1,"name":"Anasayfa","item":"https:\/\/corludahaber.com\/h\/"},{"@type":"ListItem","position":2,"name":"Ya\u015fam","item":"https:\/\/corludahaber.com\/h\/kategori\/yasam"},{"@type":"ListItem","position":3,"name":"Tekirda\u011f&#8217;da 62 Okul Depreme Kar\u015f\u0131 G\u00fc\u00e7lendirildi"}]},{"@type":"WebSite","@id":"https:\/\/corludahaber.com\/h\/#website","url":"https:\/\/corludahaber.com\/h\/","name":"\u00c7orlu'da Haber","description":"Ger\u00e7ek Tarafs\u0131z Haber","publisher":{"@id":"https:\/\/corludahaber.com\/h\/#organization"},"potentialAction":[{"@type":"SearchAction","target":{"@type":"EntryPoint","urlTemplate":"https:\/\/corludahaber.com\/h\/?s={search_term_string}"},"query-input":"required name=search_term_string"}],"inLanguage":"tr"},{"@type":"Organization","@id":"https:\/\/corludahaber.com\/h\/#organization","name":"\u00c7orlu'da Haber","url":"https:\/\/corludahaber.com\/h\/","logo":{"@type":"ImageObject","inLanguage":"tr","@id":"https:\/\/corludahaber.com\/h\/#\/schema\/logo\/image\/","url":"https:\/\/corludahaber.com\/h\/wp-content\/uploads\/2021\/12\/logo__9__1_-removebg-preview.png","contentUrl":"https:\/\/corludahaber.com\/h\/wp-content\/uploads\/2021\/12\/logo__9__1_-removebg-preview.png","width":500,"height":157,"caption":"\u00c7orlu'da Haber"},"image":{"@id":"https:\/\/corludahaber.com\/h\/#\/schema\/logo\/image\/"},"sameAs":["https:\/\/facebook.com\/habercorluda","https:\/\/x.com\/habercorluda","https:\/\/www.instagram.com\/corludahaber","https:\/\/www.youtube.com\/user\/corludahaber"]},{"@type":"Person","@id":"https:\/\/corludahaber.com\/h\/#\/schema\/person\/b523522be44b062db5d74a62589768cd","name":"\u00c7orlu'da Haber","image":{"@type":"ImageObject","inLanguage":"tr","@id":"https:\/\/corludahaber.com\/h\/#\/schema\/person\/image\/","url":"https:\/\/secure.gravatar.com\/avatar\/1033e54e078c29fd7f053370086ff627ba414b05c2b231c418a481adecd764ce?s=96&d=blank&r=g","contentUrl":"https:\/\/secure.gravatar.com\/avatar\/1033e54e078c29fd7f053370086ff627ba414b05c2b231c418a481adecd764ce?s=96&d=blank&r=g","caption":"\u00c7orlu'da Haber"},"sameAs":["https:\/\/corludahaber.com\/h"],"url":"https:\/\/corludahaber.com\/h\/author\/admin"}]}},"_links":{"self":[{"href":"https:\/\/corludahaber.com\/h\/wp-json\/wp\/v2\/posts\/52161","targetHints":{"allow":["GET"]}}],"collection":[{"href":"https:\/\/corludahaber.com\/h\/wp-json\/wp\/v2\/posts"}],"about":[{"href":"https:\/\/corludahaber.com\/h\/wp-json\/wp\/v2\/types\/post"}],"author":[{"embeddable":true,"href":"https:\/\/corludahaber.com\/h\/wp-json\/wp\/v2\/users\/151"}],"replies":[{"embeddable":true,"href":"https:\/\/corludahaber.com\/h\/wp-json\/wp\/v2\/comments?post=52161"}],"version-history":[{"count":0,"href":"https:\/\/corludahaber.com\/h\/wp-json\/wp\/v2\/posts\/52161\/revisions"}],"wp:featuredmedia":[{"embeddable":true,"href":"https:\/\/corludahaber.com\/h\/wp-json\/wp\/v2\/media\/52162"}],"wp:attachment":[{"href":"https:\/\/corludahaber.com\/h\/wp-json\/wp\/v2\/media?parent=52161"}],"wp:term":[{"taxonomy":"category","embeddable":true,"href":"https:\/\/corludahaber.com\/h\/wp-json\/wp\/v2\/categories?post=52161"},{"taxonomy":"post_tag","embeddable":true,"href":"https:\/\/corludahaber.com\/h\/wp-json\/wp\/v2\/tags?post=52161"}],"curies":[{"name":"wp","href":"https:\/\/api.w.org\/{rel}","templated":true}]}}