{"id":50111,"date":"2023-02-02T20:03:19","date_gmt":"2023-02-02T17:03:19","guid":{"rendered":"https:\/\/corludahaber.com\/h\/?p=50111"},"modified":"2023-02-02T20:03:19","modified_gmt":"2023-02-02T17:03:19","slug":"1-cocuk-babasi-kansere-yenik-dustu","status":"publish","type":"post","link":"https:\/\/corludahaber.com\/h\/1-cocuk-babasi-kansere-yenik-dustu\/50111","title":{"rendered":"1 \u00c7ocuk Babas\u0131 Kansere Yenik D\u00fc\u015ft\u00fc!"},"content":{"rendered":"<div class=\"corlu-icerikten-once_3\" id=\"corlu-1768286593\"><script type='text\/javascript' src='https:\/\/platform-api.sharethis.com\/js\/sharethis.js#property=5ce8cf08af7d000012cb0ca1&product=inline-reaction-buttons' async='async'><\/script>\r\n\r\n<\/div><p>Ergene il\u00e7esinde ya\u015fayan 35 ya\u015f\u0131ndaki adam tedavi g\u00f6rd\u00fc\u011f\u00fc hastanede hayat\u0131n\u0131 kaybetti.<\/p><div class=\"corlu-icerik-2\" id=\"corlu-1957874370\"><!-- Admatic AUTO ads START -->\r\n<ins data-publisher=\"adm-pub-155556240050\" data-ad-network=\"659428a24d11b285b616c18d\"   class=\"adm-ads-area\"><\/ins>\r\n<script type=\"text\/javascript\" src=\"https:\/\/static.cdn.admatic.com.tr\/showad\/showad.min.js\"><\/script>\r\n<!-- Admatic AUTO ads END --><\/div>\n<p>Edinilen bilgiye g\u00f6re, Ergene il\u00e7esinde ya\u015fayan evli ve bir \u00e7ocuk babas\u0131 35 ya\u015f\u0131ndaki Metin D. uzun s\u00fcredir kanser ile m\u00fccadele ediyordu. Yakla\u015f\u0131k 1 sene \u00f6nce ya\u015fad\u0131\u011f\u0131 hastal\u0131klardan dolay\u0131 hastaneye giden ve yap\u0131lan tetkikler sonucunda kanser oldu\u011fu \u00f6\u011frenilen gen\u00e7 adam hayat\u0131n\u0131 kaybetti.<\/p>\n<p>\u0130ddialara g\u00f6re, d\u00fcn gece saatlerinde hastal\u0131\u011f\u0131na ba\u011fl\u0131 olarak n\u00fckseden baz\u0131 a\u011fr\u0131 ve ac\u0131lar nedeniyle hastaneye kald\u0131r\u0131lan gen\u00e7 adam tedavi alt\u0131na al\u0131nd\u0131.<\/p>\n<p>Doktorlar\u0131n yapt\u0131\u011f\u0131 t\u00fcm m\u00fcdahalelere ra\u011fmen D. kurtulamayarak hayat\u0131n\u0131 kaybetti. Metin D.&#8217;nin cans\u0131z bedeni defendilmek \u00fczere memeleketi Sivas&#8217;a nakledildi.<\/p>\n<p>Yrn Medya, \u00c7orlu&#8217;da Haber ve \u00c7orlu Akt\u00fcel Gazetesi olarak merhuma Allah&#8217;tan rahmet kederli ailesine ba\u015fsa\u011fl\u0131\u011f\u0131 dileriz.<\/p>\n<div class=\"corlu-icerikten-sonra_3\" id=\"corlu-695629857\"><p><img loading=\"lazy\" decoding=\"async\" class=\"aligncenter\" src=\"https:\/\/www.corludahaber.com\/bahcesehir.jpg\" alt=\"\" width=\"624\" height=\"196\" \/><\/p>\n<table style=\"text-align: left; width: 100%;\" border=\"1\" cellspacing=\"2\" cellpadding=\"2\">\n<tbody>\n<tr>\n<td style=\"background-color: #050805;\"><span style=\"font-size: 12pt;\"><small><small><em><strong><big><span style=\"color: #ff0000;\">Haber ve resimlerin telif haklar\u0131ndan dolay\u0131 kullan\u0131m\u0131 yasakt\u0131r<span style=\"color: #000000;\">.<\/span><\/span><span style=\"color: #000000;\">\u00a0<\/span><span style=\"color: #ffffff;\">Yaz\u0131l\u0131 izni al\u0131nmadan hi\u00e7bir yaz\u0131l\u0131, g\u00f6rsel, i\u015fitsel i\u00e7erik kopyalanamaz, de\u011fi\u015ftirilemez, yay\u0131nlanamaz veya sat\u0131lamaz. Aksi halde<\/span>\u00a0<span style=\"color: #ff0000;\">5846<span style=\"color: #ffffff;\">\u00a0<\/span><\/span><span style=\"color: #ffffff;\">say\u0131l\u0131 Fikir ve Sanat Eserleri Kanunu\u2019na ve<\/span>\u00a0<span style=\"color: #800000;\"><span style=\"color: #ff0000;\">6102<\/span><span style=\"color: #ffffff;\">\u00a0<\/span><\/span><span style=\"color: #ffffff;\">say\u0131l\u0131 maddesine g\u00f6re<\/span>\u00a0<span style=\"color: #ff0000;\">gerekli i\u015flemler uygulanacakt\u0131r.<\/span><br \/>\n<span style=\"color: #ffffff;\">\u00a9 Copyright 2014<\/span><\/big><\/strong><\/em><\/small><\/small><\/span><\/td>\n<\/tr>\n<\/tbody>\n<\/table>\n<p><small><small>\u00a0<\/small><\/small><\/p>\n<\/div>","protected":false},"excerpt":{"rendered":"<p>Ergene il\u00e7esinde ya\u015fayan 35 ya\u015f\u0131ndaki adam tedavi g\u00f6rd\u00fc\u011f\u00fc hastanede hayat\u0131n\u0131 kaybetti. Edinilen bilgiye g\u00f6re, Ergene il\u00e7esinde ya\u015fayan evli ve bir \u00e7ocuk babas\u0131 35 ya\u015f\u0131ndaki Metin D. uzun s\u00fcredir kanser ile m\u00fccadele ediyordu. Yakla\u015f\u0131k 1 sene \u00f6nce ya\u015fad\u0131\u011f\u0131 hastal\u0131klardan dolay\u0131 hastaneye giden ve yap\u0131lan tetkikler sonucunda kanser oldu\u011fu \u00f6\u011frenilen gen\u00e7 adam hayat\u0131n\u0131 kaybetti. \u0130ddialara g\u00f6re, d\u00fcn &hellip;<\/p>\n","protected":false},"author":151,"featured_media":50112,"comment_status":"open","ping_status":"open","sticky":false,"template":"","format":"standard","meta":{"footnotes":""},"categories":[27],"tags":[],"class_list":["post-50111","post","type-post","status-publish","format-standard","has-post-thumbnail","hentry","category-yasam"],"yoast_head":"<!-- This site is optimized with the Yoast SEO Premium plugin v23.3 (Yoast SEO v23.3) - https:\/\/yoast.com\/wordpress\/plugins\/seo\/ -->\n<title>1 \u00c7ocuk Babas\u0131 Kansere Yenik D\u00fc\u015ft\u00fc! | \u00c7orlu&#039;da Haber<\/title>\n<meta name=\"description\" content=\"1 \u00c7ocuk Babas\u0131 Kansere Yenik D\u00fc\u015ft\u00fc! | Ya\u015fam \u00c7orlu&#039;da Haber\" \/>\n<meta name=\"robots\" content=\"index, follow, max-snippet:-1, max-image-preview:large, max-video-preview:-1\" \/>\n<link rel=\"canonical\" href=\"https:\/\/corludahaber.com\/h\/1-cocuk-babasi-kansere-yenik-dustu\/50111\" \/>\n<meta property=\"og:locale\" content=\"tr_TR\" \/>\n<meta property=\"og:type\" content=\"article\" \/>\n<meta property=\"og:title\" content=\"1 \u00c7ocuk Babas\u0131 Kansere Yenik D\u00fc\u015ft\u00fc! | \u00c7orlu&#039;da Haber\" \/>\n<meta property=\"og:description\" content=\"1 \u00c7ocuk Babas\u0131 Kansere Yenik D\u00fc\u015ft\u00fc! | Ya\u015fam \u00c7orlu&#039;da Haber\" \/>\n<meta property=\"og:url\" content=\"https:\/\/corludahaber.com\/h\/1-cocuk-babasi-kansere-yenik-dustu\/50111\" \/>\n<meta property=\"og:site_name\" content=\"\u00c7orlu&#039;da Haber\" \/>\n<meta property=\"article:publisher\" content=\"https:\/\/facebook.com\/habercorluda\" \/>\n<meta property=\"article:published_time\" content=\"2023-02-02T17:03:19+00:00\" \/>\n<meta property=\"og:image\" content=\"https:\/\/corludahaber.com\/h\/wp-content\/uploads\/2023\/02\/png_20230202_195837_0000.png\" \/>\n\t<meta property=\"og:image:width\" content=\"1030\" \/>\n\t<meta property=\"og:image:height\" content=\"687\" \/>\n\t<meta property=\"og:image:type\" content=\"image\/png\" \/>\n<meta name=\"author\" content=\"\u00c7orlu&#039;da Haber\" \/>\n<meta name=\"twitter:card\" content=\"summary_large_image\" \/>\n<meta name=\"twitter:creator\" content=\"@habercorluda\" \/>\n<meta name=\"twitter:site\" content=\"@habercorluda\" \/>\n<meta name=\"twitter:label1\" content=\"Yazan:\" \/>\n\t<meta name=\"twitter:data1\" content=\"\u00c7orlu&#039;da Haber\" \/>\n\t<meta name=\"twitter:label2\" content=\"Tahmini okuma s\u00fcresi\" \/>\n\t<meta name=\"twitter:data2\" content=\"1 dakika\" \/>\n<script type=\"application\/ld+json\" class=\"yoast-schema-graph\">{\"@context\":\"https:\/\/schema.org\",\"@graph\":[{\"@type\":\"Article\",\"@id\":\"https:\/\/corludahaber.com\/h\/1-cocuk-babasi-kansere-yenik-dustu\/50111#article\",\"isPartOf\":{\"@id\":\"https:\/\/corludahaber.com\/h\/1-cocuk-babasi-kansere-yenik-dustu\/50111\"},\"author\":{\"name\":\"\u00c7orlu'da Haber\",\"@id\":\"https:\/\/corludahaber.com\/h\/#\/schema\/person\/b523522be44b062db5d74a62589768cd\"},\"headline\":\"1 \u00c7ocuk Babas\u0131 Kansere Yenik D\u00fc\u015ft\u00fc!\",\"datePublished\":\"2023-02-02T17:03:19+00:00\",\"dateModified\":\"2023-02-02T17:03:19+00:00\",\"mainEntityOfPage\":{\"@id\":\"https:\/\/corludahaber.com\/h\/1-cocuk-babasi-kansere-yenik-dustu\/50111\"},\"wordCount\":151,\"commentCount\":0,\"publisher\":{\"@id\":\"https:\/\/corludahaber.com\/h\/#organization\"},\"image\":{\"@id\":\"https:\/\/corludahaber.com\/h\/1-cocuk-babasi-kansere-yenik-dustu\/50111#primaryimage\"},\"thumbnailUrl\":\"https:\/\/corludahaber.com\/h\/wp-content\/uploads\/2023\/02\/png_20230202_195837_0000.png\",\"articleSection\":[\"Ya\u015fam\"],\"inLanguage\":\"tr\",\"potentialAction\":[{\"@type\":\"CommentAction\",\"name\":\"Comment\",\"target\":[\"https:\/\/corludahaber.com\/h\/1-cocuk-babasi-kansere-yenik-dustu\/50111#respond\"]}]},{\"@type\":\"WebPage\",\"@id\":\"https:\/\/corludahaber.com\/h\/1-cocuk-babasi-kansere-yenik-dustu\/50111\",\"url\":\"https:\/\/corludahaber.com\/h\/1-cocuk-babasi-kansere-yenik-dustu\/50111\",\"name\":\"1 \u00c7ocuk Babas\u0131 Kansere Yenik D\u00fc\u015ft\u00fc! | \u00c7orlu&#039;da Haber\",\"isPartOf\":{\"@id\":\"https:\/\/corludahaber.com\/h\/#website\"},\"primaryImageOfPage\":{\"@id\":\"https:\/\/corludahaber.com\/h\/1-cocuk-babasi-kansere-yenik-dustu\/50111#primaryimage\"},\"image\":{\"@id\":\"https:\/\/corludahaber.com\/h\/1-cocuk-babasi-kansere-yenik-dustu\/50111#primaryimage\"},\"thumbnailUrl\":\"https:\/\/corludahaber.com\/h\/wp-content\/uploads\/2023\/02\/png_20230202_195837_0000.png\",\"datePublished\":\"2023-02-02T17:03:19+00:00\",\"dateModified\":\"2023-02-02T17:03:19+00:00\",\"description\":\"1 \u00c7ocuk Babas\u0131 Kansere Yenik D\u00fc\u015ft\u00fc! | Ya\u015fam \u00c7orlu&#039;da Haber\",\"breadcrumb\":{\"@id\":\"https:\/\/corludahaber.com\/h\/1-cocuk-babasi-kansere-yenik-dustu\/50111#breadcrumb\"},\"inLanguage\":\"tr\",\"potentialAction\":[{\"@type\":\"ReadAction\",\"target\":[\"https:\/\/corludahaber.com\/h\/1-cocuk-babasi-kansere-yenik-dustu\/50111\"]}]},{\"@type\":\"ImageObject\",\"inLanguage\":\"tr\",\"@id\":\"https:\/\/corludahaber.com\/h\/1-cocuk-babasi-kansere-yenik-dustu\/50111#primaryimage\",\"url\":\"https:\/\/corludahaber.com\/h\/wp-content\/uploads\/2023\/02\/png_20230202_195837_0000.png\",\"contentUrl\":\"https:\/\/corludahaber.com\/h\/wp-content\/uploads\/2023\/02\/png_20230202_195837_0000.png\",\"width\":1030,\"height\":687},{\"@type\":\"BreadcrumbList\",\"@id\":\"https:\/\/corludahaber.com\/h\/1-cocuk-babasi-kansere-yenik-dustu\/50111#breadcrumb\",\"itemListElement\":[{\"@type\":\"ListItem\",\"position\":1,\"name\":\"Anasayfa\",\"item\":\"https:\/\/corludahaber.com\/h\/\"},{\"@type\":\"ListItem\",\"position\":2,\"name\":\"Ya\u015fam\",\"item\":\"https:\/\/corludahaber.com\/h\/kategori\/yasam\"},{\"@type\":\"ListItem\",\"position\":3,\"name\":\"1 \u00c7ocuk Babas\u0131 Kansere Yenik D\u00fc\u015ft\u00fc!\"}]},{\"@type\":\"WebSite\",\"@id\":\"https:\/\/corludahaber.com\/h\/#website\",\"url\":\"https:\/\/corludahaber.com\/h\/\",\"name\":\"\u00c7orlu'da Haber\",\"description\":\"Ger\u00e7ek Tarafs\u0131z Haber\",\"publisher\":{\"@id\":\"https:\/\/corludahaber.com\/h\/#organization\"},\"potentialAction\":[{\"@type\":\"SearchAction\",\"target\":{\"@type\":\"EntryPoint\",\"urlTemplate\":\"https:\/\/corludahaber.com\/h\/?s={search_term_string}\"},\"query-input\":\"required name=search_term_string\"}],\"inLanguage\":\"tr\"},{\"@type\":\"Organization\",\"@id\":\"https:\/\/corludahaber.com\/h\/#organization\",\"name\":\"\u00c7orlu'da Haber\",\"url\":\"https:\/\/corludahaber.com\/h\/\",\"logo\":{\"@type\":\"ImageObject\",\"inLanguage\":\"tr\",\"@id\":\"https:\/\/corludahaber.com\/h\/#\/schema\/logo\/image\/\",\"url\":\"https:\/\/corludahaber.com\/h\/wp-content\/uploads\/2021\/12\/logo__9__1_-removebg-preview.png\",\"contentUrl\":\"https:\/\/corludahaber.com\/h\/wp-content\/uploads\/2021\/12\/logo__9__1_-removebg-preview.png\",\"width\":500,\"height\":157,\"caption\":\"\u00c7orlu'da Haber\"},\"image\":{\"@id\":\"https:\/\/corludahaber.com\/h\/#\/schema\/logo\/image\/\"},\"sameAs\":[\"https:\/\/facebook.com\/habercorluda\",\"https:\/\/x.com\/habercorluda\",\"https:\/\/www.instagram.com\/corludahaber\",\"https:\/\/www.youtube.com\/user\/corludahaber\"]},{\"@type\":\"Person\",\"@id\":\"https:\/\/corludahaber.com\/h\/#\/schema\/person\/b523522be44b062db5d74a62589768cd\",\"name\":\"\u00c7orlu'da Haber\",\"image\":{\"@type\":\"ImageObject\",\"inLanguage\":\"tr\",\"@id\":\"https:\/\/corludahaber.com\/h\/#\/schema\/person\/image\/\",\"url\":\"https:\/\/secure.gravatar.com\/avatar\/1033e54e078c29fd7f053370086ff627ba414b05c2b231c418a481adecd764ce?s=96&d=blank&r=g\",\"contentUrl\":\"https:\/\/secure.gravatar.com\/avatar\/1033e54e078c29fd7f053370086ff627ba414b05c2b231c418a481adecd764ce?s=96&d=blank&r=g\",\"caption\":\"\u00c7orlu'da Haber\"},\"sameAs\":[\"https:\/\/corludahaber.com\/h\"],\"url\":\"https:\/\/corludahaber.com\/h\/author\/admin\"}]}<\/script>\n<!-- \/ Yoast SEO Premium plugin. -->","yoast_head_json":{"title":"1 \u00c7ocuk Babas\u0131 Kansere Yenik D\u00fc\u015ft\u00fc! | \u00c7orlu&#039;da Haber","description":"1 \u00c7ocuk Babas\u0131 Kansere Yenik D\u00fc\u015ft\u00fc! | Ya\u015fam \u00c7orlu&#039;da Haber","robots":{"index":"index","follow":"follow","max-snippet":"max-snippet:-1","max-image-preview":"max-image-preview:large","max-video-preview":"max-video-preview:-1"},"canonical":"https:\/\/corludahaber.com\/h\/1-cocuk-babasi-kansere-yenik-dustu\/50111","og_locale":"tr_TR","og_type":"article","og_title":"1 \u00c7ocuk Babas\u0131 Kansere Yenik D\u00fc\u015ft\u00fc! | \u00c7orlu&#039;da Haber","og_description":"1 \u00c7ocuk Babas\u0131 Kansere Yenik D\u00fc\u015ft\u00fc! | Ya\u015fam \u00c7orlu&#039;da Haber","og_url":"https:\/\/corludahaber.com\/h\/1-cocuk-babasi-kansere-yenik-dustu\/50111","og_site_name":"\u00c7orlu&#039;da Haber","article_publisher":"https:\/\/facebook.com\/habercorluda","article_published_time":"2023-02-02T17:03:19+00:00","og_image":[{"width":1030,"height":687,"url":"https:\/\/corludahaber.com\/h\/wp-content\/uploads\/2023\/02\/png_20230202_195837_0000.png","type":"image\/png"}],"author":"\u00c7orlu'da Haber","twitter_card":"summary_large_image","twitter_creator":"@habercorluda","twitter_site":"@habercorluda","twitter_misc":{"Yazan:":"\u00c7orlu'da Haber","Tahmini okuma s\u00fcresi":"1 dakika"},"schema":{"@context":"https:\/\/schema.org","@graph":[{"@type":"Article","@id":"https:\/\/corludahaber.com\/h\/1-cocuk-babasi-kansere-yenik-dustu\/50111#article","isPartOf":{"@id":"https:\/\/corludahaber.com\/h\/1-cocuk-babasi-kansere-yenik-dustu\/50111"},"author":{"name":"\u00c7orlu'da Haber","@id":"https:\/\/corludahaber.com\/h\/#\/schema\/person\/b523522be44b062db5d74a62589768cd"},"headline":"1 \u00c7ocuk Babas\u0131 Kansere Yenik D\u00fc\u015ft\u00fc!","datePublished":"2023-02-02T17:03:19+00:00","dateModified":"2023-02-02T17:03:19+00:00","mainEntityOfPage":{"@id":"https:\/\/corludahaber.com\/h\/1-cocuk-babasi-kansere-yenik-dustu\/50111"},"wordCount":151,"commentCount":0,"publisher":{"@id":"https:\/\/corludahaber.com\/h\/#organization"},"image":{"@id":"https:\/\/corludahaber.com\/h\/1-cocuk-babasi-kansere-yenik-dustu\/50111#primaryimage"},"thumbnailUrl":"https:\/\/corludahaber.com\/h\/wp-content\/uploads\/2023\/02\/png_20230202_195837_0000.png","articleSection":["Ya\u015fam"],"inLanguage":"tr","potentialAction":[{"@type":"CommentAction","name":"Comment","target":["https:\/\/corludahaber.com\/h\/1-cocuk-babasi-kansere-yenik-dustu\/50111#respond"]}]},{"@type":"WebPage","@id":"https:\/\/corludahaber.com\/h\/1-cocuk-babasi-kansere-yenik-dustu\/50111","url":"https:\/\/corludahaber.com\/h\/1-cocuk-babasi-kansere-yenik-dustu\/50111","name":"1 \u00c7ocuk Babas\u0131 Kansere Yenik D\u00fc\u015ft\u00fc! | \u00c7orlu&#039;da Haber","isPartOf":{"@id":"https:\/\/corludahaber.com\/h\/#website"},"primaryImageOfPage":{"@id":"https:\/\/corludahaber.com\/h\/1-cocuk-babasi-kansere-yenik-dustu\/50111#primaryimage"},"image":{"@id":"https:\/\/corludahaber.com\/h\/1-cocuk-babasi-kansere-yenik-dustu\/50111#primaryimage"},"thumbnailUrl":"https:\/\/corludahaber.com\/h\/wp-content\/uploads\/2023\/02\/png_20230202_195837_0000.png","datePublished":"2023-02-02T17:03:19+00:00","dateModified":"2023-02-02T17:03:19+00:00","description":"1 \u00c7ocuk Babas\u0131 Kansere Yenik D\u00fc\u015ft\u00fc! | Ya\u015fam \u00c7orlu&#039;da Haber","breadcrumb":{"@id":"https:\/\/corludahaber.com\/h\/1-cocuk-babasi-kansere-yenik-dustu\/50111#breadcrumb"},"inLanguage":"tr","potentialAction":[{"@type":"ReadAction","target":["https:\/\/corludahaber.com\/h\/1-cocuk-babasi-kansere-yenik-dustu\/50111"]}]},{"@type":"ImageObject","inLanguage":"tr","@id":"https:\/\/corludahaber.com\/h\/1-cocuk-babasi-kansere-yenik-dustu\/50111#primaryimage","url":"https:\/\/corludahaber.com\/h\/wp-content\/uploads\/2023\/02\/png_20230202_195837_0000.png","contentUrl":"https:\/\/corludahaber.com\/h\/wp-content\/uploads\/2023\/02\/png_20230202_195837_0000.png","width":1030,"height":687},{"@type":"BreadcrumbList","@id":"https:\/\/corludahaber.com\/h\/1-cocuk-babasi-kansere-yenik-dustu\/50111#breadcrumb","itemListElement":[{"@type":"ListItem","position":1,"name":"Anasayfa","item":"https:\/\/corludahaber.com\/h\/"},{"@type":"ListItem","position":2,"name":"Ya\u015fam","item":"https:\/\/corludahaber.com\/h\/kategori\/yasam"},{"@type":"ListItem","position":3,"name":"1 \u00c7ocuk Babas\u0131 Kansere Yenik D\u00fc\u015ft\u00fc!"}]},{"@type":"WebSite","@id":"https:\/\/corludahaber.com\/h\/#website","url":"https:\/\/corludahaber.com\/h\/","name":"\u00c7orlu'da Haber","description":"Ger\u00e7ek Tarafs\u0131z Haber","publisher":{"@id":"https:\/\/corludahaber.com\/h\/#organization"},"potentialAction":[{"@type":"SearchAction","target":{"@type":"EntryPoint","urlTemplate":"https:\/\/corludahaber.com\/h\/?s={search_term_string}"},"query-input":"required name=search_term_string"}],"inLanguage":"tr"},{"@type":"Organization","@id":"https:\/\/corludahaber.com\/h\/#organization","name":"\u00c7orlu'da Haber","url":"https:\/\/corludahaber.com\/h\/","logo":{"@type":"ImageObject","inLanguage":"tr","@id":"https:\/\/corludahaber.com\/h\/#\/schema\/logo\/image\/","url":"https:\/\/corludahaber.com\/h\/wp-content\/uploads\/2021\/12\/logo__9__1_-removebg-preview.png","contentUrl":"https:\/\/corludahaber.com\/h\/wp-content\/uploads\/2021\/12\/logo__9__1_-removebg-preview.png","width":500,"height":157,"caption":"\u00c7orlu'da Haber"},"image":{"@id":"https:\/\/corludahaber.com\/h\/#\/schema\/logo\/image\/"},"sameAs":["https:\/\/facebook.com\/habercorluda","https:\/\/x.com\/habercorluda","https:\/\/www.instagram.com\/corludahaber","https:\/\/www.youtube.com\/user\/corludahaber"]},{"@type":"Person","@id":"https:\/\/corludahaber.com\/h\/#\/schema\/person\/b523522be44b062db5d74a62589768cd","name":"\u00c7orlu'da Haber","image":{"@type":"ImageObject","inLanguage":"tr","@id":"https:\/\/corludahaber.com\/h\/#\/schema\/person\/image\/","url":"https:\/\/secure.gravatar.com\/avatar\/1033e54e078c29fd7f053370086ff627ba414b05c2b231c418a481adecd764ce?s=96&d=blank&r=g","contentUrl":"https:\/\/secure.gravatar.com\/avatar\/1033e54e078c29fd7f053370086ff627ba414b05c2b231c418a481adecd764ce?s=96&d=blank&r=g","caption":"\u00c7orlu'da Haber"},"sameAs":["https:\/\/corludahaber.com\/h"],"url":"https:\/\/corludahaber.com\/h\/author\/admin"}]}},"_links":{"self":[{"href":"https:\/\/corludahaber.com\/h\/wp-json\/wp\/v2\/posts\/50111","targetHints":{"allow":["GET"]}}],"collection":[{"href":"https:\/\/corludahaber.com\/h\/wp-json\/wp\/v2\/posts"}],"about":[{"href":"https:\/\/corludahaber.com\/h\/wp-json\/wp\/v2\/types\/post"}],"author":[{"embeddable":true,"href":"https:\/\/corludahaber.com\/h\/wp-json\/wp\/v2\/users\/151"}],"replies":[{"embeddable":true,"href":"https:\/\/corludahaber.com\/h\/wp-json\/wp\/v2\/comments?post=50111"}],"version-history":[{"count":0,"href":"https:\/\/corludahaber.com\/h\/wp-json\/wp\/v2\/posts\/50111\/revisions"}],"wp:featuredmedia":[{"embeddable":true,"href":"https:\/\/corludahaber.com\/h\/wp-json\/wp\/v2\/media\/50112"}],"wp:attachment":[{"href":"https:\/\/corludahaber.com\/h\/wp-json\/wp\/v2\/media?parent=50111"}],"wp:term":[{"taxonomy":"category","embeddable":true,"href":"https:\/\/corludahaber.com\/h\/wp-json\/wp\/v2\/categories?post=50111"},{"taxonomy":"post_tag","embeddable":true,"href":"https:\/\/corludahaber.com\/h\/wp-json\/wp\/v2\/tags?post=50111"}],"curies":[{"name":"wp","href":"https:\/\/api.w.org\/{rel}","templated":true}]}}