{"id":43963,"date":"2022-12-07T12:49:49","date_gmt":"2022-12-07T09:49:49","guid":{"rendered":"https:\/\/corludahaber.com\/h\/edirne-valisi-kirbiyik-hep-birlikte-tarimsal-hasilamizi-arttirmanin-pesinde-olacagiz\/43963"},"modified":"2022-12-07T12:49:49","modified_gmt":"2022-12-07T09:49:49","slug":"edirne-valisi-kirbiyik-hep-birlikte-tarimsal-hasilamizi-arttirmanin-pesinde-olacagiz","status":"publish","type":"post","link":"https:\/\/corludahaber.com\/h\/edirne-valisi-kirbiyik-hep-birlikte-tarimsal-hasilamizi-arttirmanin-pesinde-olacagiz\/43963","title":{"rendered":"Edirne Valisi K\u0131rb\u0131y\u0131k: Hep birlikte tar\u0131msal has\u0131lam\u0131z\u0131 artt\u0131rman\u0131n pe\u015finde olaca\u011f\u0131z"},"content":{"rendered":"<div class=\"corlu-icerikten-once_3\" id=\"corlu-533564539\"><script type='text\/javascript' src='https:\/\/platform-api.sharethis.com\/js\/sharethis.js#property=5ce8cf08af7d000012cb0ca1&product=inline-reaction-buttons' async='async'><\/script>\r\n\r\n<\/div><div><span class=\"category-name hidden\"\/><\/p><div class=\"corlu-icerik-2\" id=\"corlu-2842993816\"><!-- Admatic AUTO ads START -->\r\n<ins data-publisher=\"adm-pub-155556240050\" data-ad-network=\"659428a24d11b285b616c18d\"   class=\"adm-ads-area\"><\/ins>\r\n<script type=\"text\/javascript\" src=\"https:\/\/static.cdn.admatic.com.tr\/showad\/showad.min.js\"><\/script>\r\n<!-- Admatic AUTO ads END --><\/div>\n<p>\u00dcnsal Y\u00dcCEL\/ED\u0130RNE,(DHA)-ED\u0130RNE Valisi H\u00fcseyin K\u00fcr\u015fat K\u0131rb\u0131y\u0131k, Edirne\u2019nin tar\u0131msal has\u0131lada ki\u015fi ba\u015f\u0131na d\u00fc\u015fen ve en y\u00fcksek geliri elde eden \u015fehirlerden biri oldu\u011funu belirterek, \u201c\u00dcr\u00fcn \u00e7e\u015fitlili\u011fini sa\u011flayarak, nitelikli \u00fcr\u00fcn art\u0131\u015f\u0131n\u0131 sa\u011flayacak yeni tohumlar yeni \u00fcr\u00fcnler bunlar denenecek. Hep birlikte tar\u0131msal has\u0131lam\u0131z\u0131 artt\u0131rman\u0131n pe\u015finde olaca\u011f\u0131z. Arkada\u015flar\u0131m\u0131z burada fedakarca \u00e7al\u0131\u015f\u0131yorlar. Gelecek y\u0131l\u0131n daha iyi olaca\u011f\u0131n\u0131 de\u011ferlendiriyoruz. Ama bizim i\u015fimiz temennide bulunmak de\u011fil, bizim i\u015fimiz bunu ger\u00e7ekle\u015ftirmek\u201d dedi.<\/p>\n<p>Edirne genelinde yap\u0131lan toplula\u015ft\u0131rma \u00e7al\u0131\u015fmalar\u0131 ile ilgili de\u011ferlendirme toplant\u0131s\u0131 DS\u0130 11\u2019inci B\u00f6lge M\u00fcd\u00fcrl\u00fc\u011f\u00fc Vali H\u00fcseyin K\u00fcr\u015fat K\u0131rb\u0131y\u0131k ba\u015fkanl\u0131\u011f\u0131nda yap\u0131ld\u0131.<\/p>\n<p>Toplant\u0131n\u0131n ilk b\u00f6l\u00fcm\u00fcnde DS\u0130 B\u00f6lge M\u00fcd\u00fcrl\u00fc\u011f\u00fc Arazi Toplula\u015ft\u0131rma ve Tarla \u0130\u00e7i Geli\u015ftirme Hizmetleri \u015eube M\u00fcd\u00fcr\u00fc \u00d6mer Y\u0131lmaz bir sunum yaparak bu g\u00fcne dek yap\u0131lan \u00e7al\u0131\u015fmalarla ilgili detayl\u0131 bilgi verdi. Toplula\u015ft\u0131rma s\u00fcrecinin a\u015famalar\u0131 ve gelinen noktadaki \u00e7al\u0131\u015fmalar\u0131n g\u00f6r\u00fc\u015f\u00fcld\u00fc\u011f\u00fc toplant\u0131da yer teslimleri, yol g\u00fczerg\u00e2h \u00e7al\u0131\u015fmalar\u0131, kanal ve kanalet \u00e7al\u0131\u015fmalar\u0131, i\u015f bitirilme oran\u0131, tescil \u00e7al\u0131\u015fmalar\u0131, s\u0131n\u0131r d\u00fczeltmeleri ve ask\u0131 s\u00fcreci ile ilgili de\u011ferlendirmeler yap\u0131ld\u0131.<\/p>\n<p>Vali K\u0131rb\u0131y\u0131k, toplula\u015ft\u0131rman\u0131n uzun vadede \u00e7ok faydal\u0131 bir i\u015f oldu\u011funu belirterek, \u201cO y\u00f6renin ekonomisine ciddi derecede katk\u0131 sa\u011flayacak bir i\u015f. Acaba bizim yapt\u0131\u011f\u0131m\u0131z y\u00f6ntemlerle ilgili problemler mi var. Uygulama ile ilgili mi s\u0131k\u0131nt\u0131lar var. Bunlar\u0131n bir g\u00f6zden ge\u00e7irilmesini talep ettik. Tar\u0131m Bakan\u0131m\u0131z\u0131n da bu konudaki talimat\u0131, arkada\u015flar\u0131m\u0131z\u0131n buraya gelerek ortak bir \u00e7al\u0131\u015fma yap\u0131lmas\u0131yd\u0131. Hep birlikte isti\u015fare yapmak amac\u0131yla sizleri buraya davet ettik&#8221; dedi.<\/p>\n<p>Toplant\u0131n\u0131n bu k\u0131sm\u0131nda, soru cevap \u015feklinde toplula\u015ft\u0131rma konusunda devam eden \u00e7al\u0131\u015fmalar ve yap\u0131lan i\u015flemlerle ilgili sorun, aksakl\u0131klar, \u00f6neri ve talepler g\u00f6r\u00fc\u015f\u00fcld\u00fc.<\/p>\n<p>\u2018BU B\u0130R MEMLEKET MESELES\u0130\u2019<\/p>\n<p>Vali K\u0131rb\u0131y\u0131k, s\u00fcreci do\u011fru \u015fekilde y\u00f6netmeleri halinde sonu\u00e7lar\u0131n\u0131n hay\u0131rl\u0131 olaca\u011f\u0131n\u0131 ifade ederek, \u201cBizler de onun pe\u015findeyiz. Bu eksiklikleri, aksakl\u0131klar\u0131 el birli\u011fiyle giderece\u011fiz.\u00a0 Bu konuda DS\u0130\u2019ye d\u00fc\u015fen g\u00f6revler var.\u00a0 Bu toplant\u0131da da konu\u015ftuk buran\u0131n personel a\u00e7\u0131s\u0131ndan takviyeye ihtiyac\u0131 var.\u00a0 \u00d6deneklerinin artt\u0131r\u0131lmas\u0131 gerekiyor, bu \u00f6l\u00e7ekteki i\u015flerin bu \u00f6denekle y\u00fcr\u00fct\u00fclmesi zor. O noktada sa\u011f olsunlar hem genel m\u00fcd\u00fcr\u00fcm\u00fcz hem daire ba\u015fkan\u0131m\u0131z gerekli s\u00f6zleri sizlerin huzurunda belirttiler. Yine b\u00f6lge m\u00fcd\u00fcrl\u00fc\u011f\u00fcn\u00fcn yapaca\u011f\u0131 \u00e7ok \u00f6nemli i\u015fler var. Birincisi, do\u011fru ileti\u015fimi, do\u011fru bilgilendirmeyi sa\u011flayabilmek. S\u00fcre\u00e7 i\u00e7erisinde de bu ileti\u015fim kanallar\u0131n\u0131 s\u00fcrekli a\u00e7\u0131k tutmak gerekiyor. Sizlerle ve vatanda\u015flar\u0131m\u0131zla s\u00fcrekli sahada olmak zorunday\u0131z. Yine y\u00fcklenicilerimizin fedakarca davranmas\u0131 laz\u0131m. B\u00fct\u00fcn imkanlar\u0131n\u0131 seferber edecekler. Bu bir memleket meselesi. Biliyorsunuz devlet hukukunun temelinde asl\u0131nda m\u00fclkiyet vard\u0131r. Biz burada insanlar\u0131n mutlulu\u011funu tesis etmek zorunday\u0131z. Bu noktada da b\u00fct\u00fcn y\u00fckleniciler ellerinden gelen her t\u00fcrl\u00fc deste\u011fi vermek zorundalar\u201d diye konu\u015ftu. \u00a0<\/p>\n<p>\u2018GEREKL\u0130 ADIMLARI HEP B\u0130RL\u0130KTE ATACA\u011eIZ\u2019<\/p>\n<p>Edirne\u2019nin en \u00f6nemli vasf\u0131n\u0131n tar\u0131m \u015fehri olmas\u0131 oldu\u011funu dile getiren Vali K\u0131rb\u0131y\u0131k, \u201cGe\u00e7en toplant\u0131da da ifade ettim. T\u00fcrkiye\u2019de ki\u015fi ba\u015f\u0131na tar\u0131msal has\u0131lada ikinci s\u0131rada Edirne. B\u00fcy\u00fck ihtimal 2023\u2019de birinci s\u0131raya y\u00fckselece\u011fiz. Biz tar\u0131msal has\u0131lada ki\u015fi ba\u015f\u0131na d\u00fc\u015fen, en y\u00fcksek geliri elde eden \u015fehirlerden bir tanesiyiz. \u00d6nceli\u011fimiz tar\u0131msal \u00fcretimdeki verimlilik art\u0131\u015f\u0131n\u0131n devam ettirilmesi. \u00c7\u00fcnk\u00fc arazilerimizin tamam\u0131 ekilebiliyor. Art\u0131k bu \u015fehirde tar\u0131msal anlamda yap\u0131labilen i\u015fler belli. Daha sonra tar\u0131m arazilerinin artt\u0131r\u0131lmas\u0131n\u0131 sa\u011flayaca\u011f\u0131z. \u0130kinci bir \u00fcr\u00fcnle ilgili \u00e7al\u0131\u015fmalar\u0131m\u0131z\u0131 devam ettirece\u011fiz. \u00dcr\u00fcn \u00e7e\u015fitlili\u011fini sa\u011flayarak, nitelikli \u00fcr\u00fcn art\u0131\u015f\u0131n\u0131 sa\u011flayacak yeni tohumlar yeni \u00fcr\u00fcnler bunlar denenecek. Hep birlikte tar\u0131msal has\u0131lam\u0131z\u0131 artt\u0131rman\u0131n pe\u015finde olaca\u011f\u0131z. Arkada\u015flar\u0131m\u0131z burada fedakarca \u00e7al\u0131\u015f\u0131yorlar. Gelecek y\u0131l\u0131n daha iyi olaca\u011f\u0131n\u0131 de\u011ferlendiriyoruz. Ama bizim i\u015fimiz temennide bulunmak de\u011fil, bizim i\u015fimiz bunu ger\u00e7ekle\u015ftirmek. Gerekli ad\u0131mlar\u0131 hep birlikte ataca\u011f\u0131z, gelecek y\u0131ldan itibaren bu s\u00fcrecin daha iyi b\u00fcy\u00fcd\u00fc\u011f\u00fcne hepimiz \u015fahitlik edece\u011fiz\u201d ifadelerini kulland\u0131.<\/p>\n<p>Toplant\u0131ya, DS\u0130 Genel M\u00fcd\u00fcr Yard\u0131mc\u0131s\u0131 Faruk F\u0131rato\u011flu, DS\u0130 Genel M\u00fcd\u00fcrl\u00fc\u011f\u00fc Toplula\u015ft\u0131rma Daire Ba\u015fkan\u0131 Sinan Demirba\u015f, DS\u0130 11\u2019inci B\u00f6lge M\u00fcd\u00fcr\u00fc Faruk Y\u00fcceg\u00f6k, Arazi Toplula\u015ft\u0131rma ve Tarla \u0130\u00e7i Geli\u015ftirme Hizmetleri \u015eube M\u00fcd\u00fcr\u00fc \u00d6mer Y\u0131lmaz, y\u00fcklenici firma yetkilileri ve toplula\u015ft\u0131rma i\u015flemi yap\u0131lan 110 k\u00f6y\u00fcn muhtar\u0131 kat\u0131ld\u0131.(DHA)<\/p>\n<\/div>\n<blockquote><p><span style=\"color: #ff0000;\">Sitemiz <\/span><img loading=\"lazy\" decoding=\"async\" src=\"https:\/\/corludahaber.com\/h\/wp-content\/uploads\/2022\/06\/dha-logo-white.png\" alt=\"\" width=\"80\" height=\"80\" \/>\u00a0<span style=\"color: #ff9900;\"><span style=\"color: #ff0000;\">abonesidir. Bu kategoride yer alan haberler <span style=\"color: #ffffff;\">Demir\u00f6ren Haber Ajans\u0131<\/span> Muhabirleri taraf\u0131ndan ge\u00e7ilen haberlerdir ve sitemiz edit\u00f6rleri taraf\u0131ndan herhangi bir m\u00fcdahalede bulunulmam\u0131\u015ft\u0131r.<\/span><\/span><\/p><\/blockquote>\n<div class=\"corlu-icerikten-sonra_3\" id=\"corlu-1174202112\"><p><img loading=\"lazy\" decoding=\"async\" class=\"aligncenter\" src=\"https:\/\/www.corludahaber.com\/bahcesehir.jpg\" alt=\"\" width=\"624\" height=\"196\" \/><\/p>\n<table style=\"text-align: left; width: 100%;\" border=\"1\" cellspacing=\"2\" cellpadding=\"2\">\n<tbody>\n<tr>\n<td style=\"background-color: #050805;\"><span style=\"font-size: 12pt;\"><small><small><em><strong><big><span style=\"color: #ff0000;\">Haber ve resimlerin telif haklar\u0131ndan dolay\u0131 kullan\u0131m\u0131 yasakt\u0131r<span style=\"color: #000000;\">.<\/span><\/span><span style=\"color: #000000;\">\u00a0<\/span><span style=\"color: #ffffff;\">Yaz\u0131l\u0131 izni al\u0131nmadan hi\u00e7bir yaz\u0131l\u0131, g\u00f6rsel, i\u015fitsel i\u00e7erik kopyalanamaz, de\u011fi\u015ftirilemez, yay\u0131nlanamaz veya sat\u0131lamaz. Aksi halde<\/span>\u00a0<span style=\"color: #ff0000;\">5846<span style=\"color: #ffffff;\">\u00a0<\/span><\/span><span style=\"color: #ffffff;\">say\u0131l\u0131 Fikir ve Sanat Eserleri Kanunu\u2019na ve<\/span>\u00a0<span style=\"color: #800000;\"><span style=\"color: #ff0000;\">6102<\/span><span style=\"color: #ffffff;\">\u00a0<\/span><\/span><span style=\"color: #ffffff;\">say\u0131l\u0131 maddesine g\u00f6re<\/span>\u00a0<span style=\"color: #ff0000;\">gerekli i\u015flemler uygulanacakt\u0131r.<\/span><br \/>\n<span style=\"color: #ffffff;\">\u00a9 Copyright 2014<\/span><\/big><\/strong><\/em><\/small><\/small><\/span><\/td>\n<\/tr>\n<\/tbody>\n<\/table>\n<p><small><small>\u00a0<\/small><\/small><\/p>\n<\/div>","protected":false},"excerpt":{"rendered":"<p>\u00dcnsal Y\u00dcCEL\/ED\u0130RNE,(DHA)-ED\u0130RNE Valisi H\u00fcseyin K\u00fcr\u015fat K\u0131rb\u0131y\u0131k, Edirne\u2019nin tar\u0131msal has\u0131lada ki\u015fi ba\u015f\u0131na d\u00fc\u015fen ve en y\u00fcksek geliri elde eden \u015fehirlerden biri oldu\u011funu belirterek, \u201c\u00dcr\u00fcn \u00e7e\u015fitlili\u011fini sa\u011flayarak, nitelikli \u00fcr\u00fcn art\u0131\u015f\u0131n\u0131 sa\u011flayacak yeni tohumlar yeni \u00fcr\u00fcnler bunlar denenecek. Hep birlikte tar\u0131msal has\u0131lam\u0131z\u0131 artt\u0131rman\u0131n pe\u015finde olaca\u011f\u0131z. Arkada\u015flar\u0131m\u0131z burada fedakarca \u00e7al\u0131\u015f\u0131yorlar. Gelecek y\u0131l\u0131n daha iyi olaca\u011f\u0131n\u0131 de\u011ferlendiriyoruz. Ama bizim i\u015fimiz &hellip;<\/p>\n","protected":false},"author":151,"featured_media":43964,"comment_status":"open","ping_status":"open","sticky":false,"template":"","format":"standard","meta":{"footnotes":""},"categories":[121],"tags":[],"class_list":["post-43963","post","type-post","status-publish","format-standard","has-post-thumbnail","hentry","category-edirne"],"yoast_head":"<!-- This site is optimized with the Yoast SEO Premium plugin v23.3 (Yoast SEO v23.3) - https:\/\/yoast.com\/wordpress\/plugins\/seo\/ -->\n<title>Edirne Valisi K\u0131rb\u0131y\u0131k: Hep birlikte tar\u0131msal has\u0131lam\u0131z\u0131 artt\u0131rman\u0131n pe\u015finde olaca\u011f\u0131z | \u00c7orlu&#039;da Haber<\/title>\n<meta name=\"description\" content=\"Edirne Valisi K\u0131rb\u0131y\u0131k: Hep birlikte tar\u0131msal has\u0131lam\u0131z\u0131 artt\u0131rman\u0131n pe\u015finde olaca\u011f\u0131z | \u00c7orlu&#039;da Haber\" \/>\n<meta name=\"robots\" content=\"index, follow, max-snippet:-1, max-image-preview:large, max-video-preview:-1\" \/>\n<link rel=\"canonical\" href=\"https:\/\/corludahaber.com\/h\/edirne-valisi-kirbiyik-hep-birlikte-tarimsal-hasilamizi-arttirmanin-pesinde-olacagiz\/43963\" \/>\n<meta property=\"og:locale\" content=\"tr_TR\" \/>\n<meta property=\"og:type\" content=\"article\" \/>\n<meta property=\"og:title\" content=\"Edirne Valisi K\u0131rb\u0131y\u0131k: Hep birlikte tar\u0131msal has\u0131lam\u0131z\u0131 artt\u0131rman\u0131n pe\u015finde olaca\u011f\u0131z | \u00c7orlu&#039;da Haber\" \/>\n<meta property=\"og:description\" content=\"Edirne Valisi K\u0131rb\u0131y\u0131k: Hep birlikte tar\u0131msal has\u0131lam\u0131z\u0131 artt\u0131rman\u0131n pe\u015finde olaca\u011f\u0131z | \u00c7orlu&#039;da Haber\" \/>\n<meta property=\"og:url\" content=\"https:\/\/corludahaber.com\/h\/edirne-valisi-kirbiyik-hep-birlikte-tarimsal-hasilamizi-arttirmanin-pesinde-olacagiz\/43963\" \/>\n<meta property=\"og:site_name\" content=\"\u00c7orlu&#039;da Haber\" \/>\n<meta property=\"article:publisher\" content=\"https:\/\/facebook.com\/habercorluda\" \/>\n<meta property=\"article:published_time\" content=\"2022-12-07T09:49:49+00:00\" \/>\n<meta property=\"og:image\" content=\"https:\/\/corludahaber.com\/h\/wp-content\/uploads\/2022\/12\/639061a8eb10bb0558f60247.jpg\" \/>\n\t<meta property=\"og:image:width\" content=\"600\" \/>\n\t<meta property=\"og:image:height\" content=\"400\" \/>\n\t<meta property=\"og:image:type\" content=\"image\/jpeg\" \/>\n<meta name=\"author\" content=\"\u00c7orlu&#039;da Haber\" \/>\n<meta name=\"twitter:card\" content=\"summary_large_image\" \/>\n<meta name=\"twitter:creator\" content=\"@habercorluda\" \/>\n<meta name=\"twitter:site\" content=\"@habercorluda\" \/>\n<meta name=\"twitter:label1\" content=\"Yazan:\" \/>\n\t<meta name=\"twitter:data1\" content=\"\u00c7orlu&#039;da Haber\" \/>\n\t<meta name=\"twitter:label2\" content=\"Tahmini okuma s\u00fcresi\" \/>\n\t<meta name=\"twitter:data2\" content=\"5 dakika\" \/>\n<script type=\"application\/ld+json\" class=\"yoast-schema-graph\">{\"@context\":\"https:\/\/schema.org\",\"@graph\":[{\"@type\":\"Article\",\"@id\":\"https:\/\/corludahaber.com\/h\/edirne-valisi-kirbiyik-hep-birlikte-tarimsal-hasilamizi-arttirmanin-pesinde-olacagiz\/43963#article\",\"isPartOf\":{\"@id\":\"https:\/\/corludahaber.com\/h\/edirne-valisi-kirbiyik-hep-birlikte-tarimsal-hasilamizi-arttirmanin-pesinde-olacagiz\/43963\"},\"author\":{\"name\":\"\u00c7orlu'da Haber\",\"@id\":\"https:\/\/corludahaber.com\/h\/#\/schema\/person\/b523522be44b062db5d74a62589768cd\"},\"headline\":\"Edirne Valisi K\u0131rb\u0131y\u0131k: Hep birlikte tar\u0131msal has\u0131lam\u0131z\u0131 artt\u0131rman\u0131n pe\u015finde olaca\u011f\u0131z\",\"datePublished\":\"2022-12-07T09:49:49+00:00\",\"dateModified\":\"2022-12-07T09:49:49+00:00\",\"mainEntityOfPage\":{\"@id\":\"https:\/\/corludahaber.com\/h\/edirne-valisi-kirbiyik-hep-birlikte-tarimsal-hasilamizi-arttirmanin-pesinde-olacagiz\/43963\"},\"wordCount\":939,\"commentCount\":0,\"publisher\":{\"@id\":\"https:\/\/corludahaber.com\/h\/#organization\"},\"image\":{\"@id\":\"https:\/\/corludahaber.com\/h\/edirne-valisi-kirbiyik-hep-birlikte-tarimsal-hasilamizi-arttirmanin-pesinde-olacagiz\/43963#primaryimage\"},\"thumbnailUrl\":\"https:\/\/corludahaber.com\/h\/wp-content\/uploads\/2022\/12\/639061a8eb10bb0558f60247.jpg\",\"articleSection\":[\"Edirne\"],\"inLanguage\":\"tr\",\"potentialAction\":[{\"@type\":\"CommentAction\",\"name\":\"Comment\",\"target\":[\"https:\/\/corludahaber.com\/h\/edirne-valisi-kirbiyik-hep-birlikte-tarimsal-hasilamizi-arttirmanin-pesinde-olacagiz\/43963#respond\"]}]},{\"@type\":\"WebPage\",\"@id\":\"https:\/\/corludahaber.com\/h\/edirne-valisi-kirbiyik-hep-birlikte-tarimsal-hasilamizi-arttirmanin-pesinde-olacagiz\/43963\",\"url\":\"https:\/\/corludahaber.com\/h\/edirne-valisi-kirbiyik-hep-birlikte-tarimsal-hasilamizi-arttirmanin-pesinde-olacagiz\/43963\",\"name\":\"Edirne Valisi K\u0131rb\u0131y\u0131k: Hep birlikte tar\u0131msal has\u0131lam\u0131z\u0131 artt\u0131rman\u0131n pe\u015finde olaca\u011f\u0131z | \u00c7orlu&#039;da Haber\",\"isPartOf\":{\"@id\":\"https:\/\/corludahaber.com\/h\/#website\"},\"primaryImageOfPage\":{\"@id\":\"https:\/\/corludahaber.com\/h\/edirne-valisi-kirbiyik-hep-birlikte-tarimsal-hasilamizi-arttirmanin-pesinde-olacagiz\/43963#primaryimage\"},\"image\":{\"@id\":\"https:\/\/corludahaber.com\/h\/edirne-valisi-kirbiyik-hep-birlikte-tarimsal-hasilamizi-arttirmanin-pesinde-olacagiz\/43963#primaryimage\"},\"thumbnailUrl\":\"https:\/\/corludahaber.com\/h\/wp-content\/uploads\/2022\/12\/639061a8eb10bb0558f60247.jpg\",\"datePublished\":\"2022-12-07T09:49:49+00:00\",\"dateModified\":\"2022-12-07T09:49:49+00:00\",\"description\":\"Edirne Valisi K\u0131rb\u0131y\u0131k: Hep birlikte tar\u0131msal has\u0131lam\u0131z\u0131 artt\u0131rman\u0131n pe\u015finde olaca\u011f\u0131z | \u00c7orlu&#039;da Haber\",\"breadcrumb\":{\"@id\":\"https:\/\/corludahaber.com\/h\/edirne-valisi-kirbiyik-hep-birlikte-tarimsal-hasilamizi-arttirmanin-pesinde-olacagiz\/43963#breadcrumb\"},\"inLanguage\":\"tr\",\"potentialAction\":[{\"@type\":\"ReadAction\",\"target\":[\"https:\/\/corludahaber.com\/h\/edirne-valisi-kirbiyik-hep-birlikte-tarimsal-hasilamizi-arttirmanin-pesinde-olacagiz\/43963\"]}]},{\"@type\":\"ImageObject\",\"inLanguage\":\"tr\",\"@id\":\"https:\/\/corludahaber.com\/h\/edirne-valisi-kirbiyik-hep-birlikte-tarimsal-hasilamizi-arttirmanin-pesinde-olacagiz\/43963#primaryimage\",\"url\":\"https:\/\/corludahaber.com\/h\/wp-content\/uploads\/2022\/12\/639061a8eb10bb0558f60247.jpg\",\"contentUrl\":\"https:\/\/corludahaber.com\/h\/wp-content\/uploads\/2022\/12\/639061a8eb10bb0558f60247.jpg\",\"width\":600,\"height\":400},{\"@type\":\"BreadcrumbList\",\"@id\":\"https:\/\/corludahaber.com\/h\/edirne-valisi-kirbiyik-hep-birlikte-tarimsal-hasilamizi-arttirmanin-pesinde-olacagiz\/43963#breadcrumb\",\"itemListElement\":[{\"@type\":\"ListItem\",\"position\":1,\"name\":\"Anasayfa\",\"item\":\"https:\/\/corludahaber.com\/h\/\"},{\"@type\":\"ListItem\",\"position\":2,\"name\":\"Edirne\",\"item\":\"https:\/\/corludahaber.com\/h\/kategori\/edirne\"},{\"@type\":\"ListItem\",\"position\":3,\"name\":\"Edirne Valisi K\u0131rb\u0131y\u0131k: Hep birlikte tar\u0131msal has\u0131lam\u0131z\u0131 artt\u0131rman\u0131n pe\u015finde olaca\u011f\u0131z\"}]},{\"@type\":\"WebSite\",\"@id\":\"https:\/\/corludahaber.com\/h\/#website\",\"url\":\"https:\/\/corludahaber.com\/h\/\",\"name\":\"\u00c7orlu'da Haber\",\"description\":\"Ger\u00e7ek Tarafs\u0131z Haber\",\"publisher\":{\"@id\":\"https:\/\/corludahaber.com\/h\/#organization\"},\"potentialAction\":[{\"@type\":\"SearchAction\",\"target\":{\"@type\":\"EntryPoint\",\"urlTemplate\":\"https:\/\/corludahaber.com\/h\/?s={search_term_string}\"},\"query-input\":\"required name=search_term_string\"}],\"inLanguage\":\"tr\"},{\"@type\":\"Organization\",\"@id\":\"https:\/\/corludahaber.com\/h\/#organization\",\"name\":\"\u00c7orlu'da Haber\",\"url\":\"https:\/\/corludahaber.com\/h\/\",\"logo\":{\"@type\":\"ImageObject\",\"inLanguage\":\"tr\",\"@id\":\"https:\/\/corludahaber.com\/h\/#\/schema\/logo\/image\/\",\"url\":\"https:\/\/corludahaber.com\/h\/wp-content\/uploads\/2021\/12\/logo__9__1_-removebg-preview.png\",\"contentUrl\":\"https:\/\/corludahaber.com\/h\/wp-content\/uploads\/2021\/12\/logo__9__1_-removebg-preview.png\",\"width\":500,\"height\":157,\"caption\":\"\u00c7orlu'da Haber\"},\"image\":{\"@id\":\"https:\/\/corludahaber.com\/h\/#\/schema\/logo\/image\/\"},\"sameAs\":[\"https:\/\/facebook.com\/habercorluda\",\"https:\/\/x.com\/habercorluda\",\"https:\/\/www.instagram.com\/corludahaber\",\"https:\/\/www.youtube.com\/user\/corludahaber\"]},{\"@type\":\"Person\",\"@id\":\"https:\/\/corludahaber.com\/h\/#\/schema\/person\/b523522be44b062db5d74a62589768cd\",\"name\":\"\u00c7orlu'da Haber\",\"image\":{\"@type\":\"ImageObject\",\"inLanguage\":\"tr\",\"@id\":\"https:\/\/corludahaber.com\/h\/#\/schema\/person\/image\/\",\"url\":\"https:\/\/secure.gravatar.com\/avatar\/1033e54e078c29fd7f053370086ff627ba414b05c2b231c418a481adecd764ce?s=96&d=blank&r=g\",\"contentUrl\":\"https:\/\/secure.gravatar.com\/avatar\/1033e54e078c29fd7f053370086ff627ba414b05c2b231c418a481adecd764ce?s=96&d=blank&r=g\",\"caption\":\"\u00c7orlu'da Haber\"},\"sameAs\":[\"https:\/\/corludahaber.com\/h\"],\"url\":\"https:\/\/corludahaber.com\/h\/author\/admin\"}]}<\/script>\n<!-- \/ Yoast SEO Premium plugin. -->","yoast_head_json":{"title":"Edirne Valisi K\u0131rb\u0131y\u0131k: Hep birlikte tar\u0131msal has\u0131lam\u0131z\u0131 artt\u0131rman\u0131n pe\u015finde olaca\u011f\u0131z | \u00c7orlu&#039;da Haber","description":"Edirne Valisi K\u0131rb\u0131y\u0131k: Hep birlikte tar\u0131msal has\u0131lam\u0131z\u0131 artt\u0131rman\u0131n pe\u015finde olaca\u011f\u0131z | \u00c7orlu&#039;da Haber","robots":{"index":"index","follow":"follow","max-snippet":"max-snippet:-1","max-image-preview":"max-image-preview:large","max-video-preview":"max-video-preview:-1"},"canonical":"https:\/\/corludahaber.com\/h\/edirne-valisi-kirbiyik-hep-birlikte-tarimsal-hasilamizi-arttirmanin-pesinde-olacagiz\/43963","og_locale":"tr_TR","og_type":"article","og_title":"Edirne Valisi K\u0131rb\u0131y\u0131k: Hep birlikte tar\u0131msal has\u0131lam\u0131z\u0131 artt\u0131rman\u0131n pe\u015finde olaca\u011f\u0131z | \u00c7orlu&#039;da Haber","og_description":"Edirne Valisi K\u0131rb\u0131y\u0131k: Hep birlikte tar\u0131msal has\u0131lam\u0131z\u0131 artt\u0131rman\u0131n pe\u015finde olaca\u011f\u0131z | \u00c7orlu&#039;da Haber","og_url":"https:\/\/corludahaber.com\/h\/edirne-valisi-kirbiyik-hep-birlikte-tarimsal-hasilamizi-arttirmanin-pesinde-olacagiz\/43963","og_site_name":"\u00c7orlu&#039;da Haber","article_publisher":"https:\/\/facebook.com\/habercorluda","article_published_time":"2022-12-07T09:49:49+00:00","og_image":[{"width":600,"height":400,"url":"https:\/\/corludahaber.com\/h\/wp-content\/uploads\/2022\/12\/639061a8eb10bb0558f60247.jpg","type":"image\/jpeg"}],"author":"\u00c7orlu'da Haber","twitter_card":"summary_large_image","twitter_creator":"@habercorluda","twitter_site":"@habercorluda","twitter_misc":{"Yazan:":"\u00c7orlu'da Haber","Tahmini okuma s\u00fcresi":"5 dakika"},"schema":{"@context":"https:\/\/schema.org","@graph":[{"@type":"Article","@id":"https:\/\/corludahaber.com\/h\/edirne-valisi-kirbiyik-hep-birlikte-tarimsal-hasilamizi-arttirmanin-pesinde-olacagiz\/43963#article","isPartOf":{"@id":"https:\/\/corludahaber.com\/h\/edirne-valisi-kirbiyik-hep-birlikte-tarimsal-hasilamizi-arttirmanin-pesinde-olacagiz\/43963"},"author":{"name":"\u00c7orlu'da Haber","@id":"https:\/\/corludahaber.com\/h\/#\/schema\/person\/b523522be44b062db5d74a62589768cd"},"headline":"Edirne Valisi K\u0131rb\u0131y\u0131k: Hep birlikte tar\u0131msal has\u0131lam\u0131z\u0131 artt\u0131rman\u0131n pe\u015finde olaca\u011f\u0131z","datePublished":"2022-12-07T09:49:49+00:00","dateModified":"2022-12-07T09:49:49+00:00","mainEntityOfPage":{"@id":"https:\/\/corludahaber.com\/h\/edirne-valisi-kirbiyik-hep-birlikte-tarimsal-hasilamizi-arttirmanin-pesinde-olacagiz\/43963"},"wordCount":939,"commentCount":0,"publisher":{"@id":"https:\/\/corludahaber.com\/h\/#organization"},"image":{"@id":"https:\/\/corludahaber.com\/h\/edirne-valisi-kirbiyik-hep-birlikte-tarimsal-hasilamizi-arttirmanin-pesinde-olacagiz\/43963#primaryimage"},"thumbnailUrl":"https:\/\/corludahaber.com\/h\/wp-content\/uploads\/2022\/12\/639061a8eb10bb0558f60247.jpg","articleSection":["Edirne"],"inLanguage":"tr","potentialAction":[{"@type":"CommentAction","name":"Comment","target":["https:\/\/corludahaber.com\/h\/edirne-valisi-kirbiyik-hep-birlikte-tarimsal-hasilamizi-arttirmanin-pesinde-olacagiz\/43963#respond"]}]},{"@type":"WebPage","@id":"https:\/\/corludahaber.com\/h\/edirne-valisi-kirbiyik-hep-birlikte-tarimsal-hasilamizi-arttirmanin-pesinde-olacagiz\/43963","url":"https:\/\/corludahaber.com\/h\/edirne-valisi-kirbiyik-hep-birlikte-tarimsal-hasilamizi-arttirmanin-pesinde-olacagiz\/43963","name":"Edirne Valisi K\u0131rb\u0131y\u0131k: Hep birlikte tar\u0131msal has\u0131lam\u0131z\u0131 artt\u0131rman\u0131n pe\u015finde olaca\u011f\u0131z | \u00c7orlu&#039;da Haber","isPartOf":{"@id":"https:\/\/corludahaber.com\/h\/#website"},"primaryImageOfPage":{"@id":"https:\/\/corludahaber.com\/h\/edirne-valisi-kirbiyik-hep-birlikte-tarimsal-hasilamizi-arttirmanin-pesinde-olacagiz\/43963#primaryimage"},"image":{"@id":"https:\/\/corludahaber.com\/h\/edirne-valisi-kirbiyik-hep-birlikte-tarimsal-hasilamizi-arttirmanin-pesinde-olacagiz\/43963#primaryimage"},"thumbnailUrl":"https:\/\/corludahaber.com\/h\/wp-content\/uploads\/2022\/12\/639061a8eb10bb0558f60247.jpg","datePublished":"2022-12-07T09:49:49+00:00","dateModified":"2022-12-07T09:49:49+00:00","description":"Edirne Valisi K\u0131rb\u0131y\u0131k: Hep birlikte tar\u0131msal has\u0131lam\u0131z\u0131 artt\u0131rman\u0131n pe\u015finde olaca\u011f\u0131z | \u00c7orlu&#039;da Haber","breadcrumb":{"@id":"https:\/\/corludahaber.com\/h\/edirne-valisi-kirbiyik-hep-birlikte-tarimsal-hasilamizi-arttirmanin-pesinde-olacagiz\/43963#breadcrumb"},"inLanguage":"tr","potentialAction":[{"@type":"ReadAction","target":["https:\/\/corludahaber.com\/h\/edirne-valisi-kirbiyik-hep-birlikte-tarimsal-hasilamizi-arttirmanin-pesinde-olacagiz\/43963"]}]},{"@type":"ImageObject","inLanguage":"tr","@id":"https:\/\/corludahaber.com\/h\/edirne-valisi-kirbiyik-hep-birlikte-tarimsal-hasilamizi-arttirmanin-pesinde-olacagiz\/43963#primaryimage","url":"https:\/\/corludahaber.com\/h\/wp-content\/uploads\/2022\/12\/639061a8eb10bb0558f60247.jpg","contentUrl":"https:\/\/corludahaber.com\/h\/wp-content\/uploads\/2022\/12\/639061a8eb10bb0558f60247.jpg","width":600,"height":400},{"@type":"BreadcrumbList","@id":"https:\/\/corludahaber.com\/h\/edirne-valisi-kirbiyik-hep-birlikte-tarimsal-hasilamizi-arttirmanin-pesinde-olacagiz\/43963#breadcrumb","itemListElement":[{"@type":"ListItem","position":1,"name":"Anasayfa","item":"https:\/\/corludahaber.com\/h\/"},{"@type":"ListItem","position":2,"name":"Edirne","item":"https:\/\/corludahaber.com\/h\/kategori\/edirne"},{"@type":"ListItem","position":3,"name":"Edirne Valisi K\u0131rb\u0131y\u0131k: Hep birlikte tar\u0131msal has\u0131lam\u0131z\u0131 artt\u0131rman\u0131n pe\u015finde olaca\u011f\u0131z"}]},{"@type":"WebSite","@id":"https:\/\/corludahaber.com\/h\/#website","url":"https:\/\/corludahaber.com\/h\/","name":"\u00c7orlu'da Haber","description":"Ger\u00e7ek Tarafs\u0131z Haber","publisher":{"@id":"https:\/\/corludahaber.com\/h\/#organization"},"potentialAction":[{"@type":"SearchAction","target":{"@type":"EntryPoint","urlTemplate":"https:\/\/corludahaber.com\/h\/?s={search_term_string}"},"query-input":"required name=search_term_string"}],"inLanguage":"tr"},{"@type":"Organization","@id":"https:\/\/corludahaber.com\/h\/#organization","name":"\u00c7orlu'da Haber","url":"https:\/\/corludahaber.com\/h\/","logo":{"@type":"ImageObject","inLanguage":"tr","@id":"https:\/\/corludahaber.com\/h\/#\/schema\/logo\/image\/","url":"https:\/\/corludahaber.com\/h\/wp-content\/uploads\/2021\/12\/logo__9__1_-removebg-preview.png","contentUrl":"https:\/\/corludahaber.com\/h\/wp-content\/uploads\/2021\/12\/logo__9__1_-removebg-preview.png","width":500,"height":157,"caption":"\u00c7orlu'da Haber"},"image":{"@id":"https:\/\/corludahaber.com\/h\/#\/schema\/logo\/image\/"},"sameAs":["https:\/\/facebook.com\/habercorluda","https:\/\/x.com\/habercorluda","https:\/\/www.instagram.com\/corludahaber","https:\/\/www.youtube.com\/user\/corludahaber"]},{"@type":"Person","@id":"https:\/\/corludahaber.com\/h\/#\/schema\/person\/b523522be44b062db5d74a62589768cd","name":"\u00c7orlu'da Haber","image":{"@type":"ImageObject","inLanguage":"tr","@id":"https:\/\/corludahaber.com\/h\/#\/schema\/person\/image\/","url":"https:\/\/secure.gravatar.com\/avatar\/1033e54e078c29fd7f053370086ff627ba414b05c2b231c418a481adecd764ce?s=96&d=blank&r=g","contentUrl":"https:\/\/secure.gravatar.com\/avatar\/1033e54e078c29fd7f053370086ff627ba414b05c2b231c418a481adecd764ce?s=96&d=blank&r=g","caption":"\u00c7orlu'da Haber"},"sameAs":["https:\/\/corludahaber.com\/h"],"url":"https:\/\/corludahaber.com\/h\/author\/admin"}]}},"_links":{"self":[{"href":"https:\/\/corludahaber.com\/h\/wp-json\/wp\/v2\/posts\/43963","targetHints":{"allow":["GET"]}}],"collection":[{"href":"https:\/\/corludahaber.com\/h\/wp-json\/wp\/v2\/posts"}],"about":[{"href":"https:\/\/corludahaber.com\/h\/wp-json\/wp\/v2\/types\/post"}],"author":[{"embeddable":true,"href":"https:\/\/corludahaber.com\/h\/wp-json\/wp\/v2\/users\/151"}],"replies":[{"embeddable":true,"href":"https:\/\/corludahaber.com\/h\/wp-json\/wp\/v2\/comments?post=43963"}],"version-history":[{"count":0,"href":"https:\/\/corludahaber.com\/h\/wp-json\/wp\/v2\/posts\/43963\/revisions"}],"wp:featuredmedia":[{"embeddable":true,"href":"https:\/\/corludahaber.com\/h\/wp-json\/wp\/v2\/media\/43964"}],"wp:attachment":[{"href":"https:\/\/corludahaber.com\/h\/wp-json\/wp\/v2\/media?parent=43963"}],"wp:term":[{"taxonomy":"category","embeddable":true,"href":"https:\/\/corludahaber.com\/h\/wp-json\/wp\/v2\/categories?post=43963"},{"taxonomy":"post_tag","embeddable":true,"href":"https:\/\/corludahaber.com\/h\/wp-json\/wp\/v2\/tags?post=43963"}],"curies":[{"name":"wp","href":"https:\/\/api.w.org\/{rel}","templated":true}]}}