{"id":42584,"date":"2022-11-15T11:26:17","date_gmt":"2022-11-15T08:26:17","guid":{"rendered":"https:\/\/corludahaber.com\/h\/trakyada-istanbulun-suyunu-karsilayan-barajlarin-doluluk-orani-yuzde-25in-altina-dustu\/42584"},"modified":"2022-11-15T11:26:17","modified_gmt":"2022-11-15T08:26:17","slug":"trakyada-istanbulun-suyunu-karsilayan-barajlarin-doluluk-orani-yuzde-25in-altina-dustu","status":"publish","type":"post","link":"https:\/\/corludahaber.com\/h\/trakyada-istanbulun-suyunu-karsilayan-barajlarin-doluluk-orani-yuzde-25in-altina-dustu\/42584","title":{"rendered":"Trakya&#8217;da, \u0130stanbul&#8217;un suyunu kar\u015f\u0131layan barajlar\u0131n doluluk oran\u0131 y\u00fczde 25&#8217;in alt\u0131na d\u00fc\u015ft\u00fc"},"content":{"rendered":"<div class=\"corlu-icerikten-once_3\" id=\"corlu-2659463786\"><script type='text\/javascript' src='https:\/\/platform-api.sharethis.com\/js\/sharethis.js#property=5ce8cf08af7d000012cb0ca1&product=inline-reaction-buttons' async='async'><\/script>\r\n\r\n<\/div><div><span class=\"category-name hidden\"\/><\/p><div class=\"corlu-icerik-2\" id=\"corlu-2291509045\"><!-- Admatic AUTO ads START -->\r\n<ins data-publisher=\"adm-pub-155556240050\" data-ad-network=\"659428a24d11b285b616c18d\"   class=\"adm-ads-area\"><\/ins>\r\n<script type=\"text\/javascript\" src=\"https:\/\/static.cdn.admatic.com.tr\/showad\/showad.min.js\"><\/script>\r\n<!-- Admatic AUTO ads END --><\/div>\n<p>Mehmet Y\u0130RUN- \u015eafak TA\u015eOYAR\/KIRKLAREL\u0130, (DHA)- \u0130STANBUL&#8217;un Trakya&#8217;dan su ihtiyac\u0131n\u0131 \u00f6nemli oranda kar\u015f\u0131layan, Kazandere ve Pabu\u00e7dere ile Istrancalar barajlar\u0131ndaki doluluk oranlar\u0131 y\u00fczde 25&#8217;in alt\u0131na d\u00fc\u015ft\u00fc. Su seviyesi 3,35\u2019e d\u00fc\u015fen Pabu\u00e7dere Baraj\u0131 kuruma noktas\u0131na gelirken, \u0130stanbul&#8217;un su ihtiyac\u0131n\u0131n sa\u011fland\u0131\u011f\u0131 10 baraj\u0131n genel doluluk oran\u0131 ise y\u00fczde 36,87&#8217;ye indi.<br \/>\u0130stanbul Su ve Kanalizasyon \u0130daresi&#8217;nin (\u0130SK\u0130) resmi internet sitesindeki verilere g\u00f6re, K\u0131rklareli&#8217;nin Vize il\u00e7esi s\u0131n\u0131rlar\u0131 i\u00e7inde bulunan ve Trakya&#8217;dan \u0130stanbul&#8217;un su ihtiyac\u0131n\u0131 kar\u015f\u0131layan Kazandare, Pabu\u00e7dere ile Istrancalar&#8217;da eyl\u00fcl ay\u0131nda y\u00fczde 50 civar\u0131nda olan doluluk oran\u0131 y\u00fczde 25&#8217;in alt\u0131na d\u00fc\u015ft\u00fc. Kazandere&#8217;nin doluluk oran\u0131 y\u00fczde 17,82&#8217;ye, Pabu\u00e7dere&#8217;nin y\u00fczde 3,35&#8217;e Istrancalar Baraj\u0131\u2019n\u0131n ise y\u00fczde 23,65&#8217;e d\u00fc\u015ft\u00fc. Pubu\u00e7dere Baraj\u0131 kuruma noktas\u0131na gelirken, Kazandere&#8217;nin ise b\u00fcy\u00fck b\u00f6l\u00fcm\u00fc kurudu.<br \/>&#8216;SON YILLARIN EN D\u00dc\u015e\u00dcK SEV\u0130YES\u0130N\u0130 G\u00d6RD\u00dcK&#8217;<br \/>Tekirda\u011f Nam\u0131k Kemal \u00dcniversitesi \u00c7orlu M\u00fchendislik Fak\u00fcltesi Dekan\u0131 Prof. Dr. Lokman Hakan Tecer, barajlarda son y\u0131llar\u0131n en d\u00fc\u015f\u00fck seviyesinin ya\u015fand\u0131\u011f\u0131n\u0131 s\u00f6yledi. Kurakl\u0131\u011f\u0131n devam etti\u011fini ve etkisini de g\u00f6sterdi\u011fini belirten Tecer, &#8220;Bu barajlardaki su seviyelerine de yans\u0131yor. Son y\u0131llar\u0131n en d\u00fc\u015f\u00fck seviyelerini g\u00f6rm\u00fc\u015f durumda \u00f6zellikle bu b\u00f6lgede. Tabii bunun k\u00fcresel iklim de\u011fi\u015fikli\u011fiyle do\u011frudan ili\u015fkili oldu\u011funu de\u011ferlendiriyoruz. Ama bunu defalarca s\u00f6ylememize ve zikretmemize, uzmanlar\u0131n bu konuda rapor yay\u0131nlamalar\u0131na ra\u011fmen \u015funun fark\u0131nda de\u011filiz. Yani iklim de\u011fi\u015fikli\u011fi dedi\u011fimiz \u015fey asl\u0131nda \u00e7evresel problemlerin bir sonucu olarak ortaya \u00e7\u0131k\u0131yor. Biz karbon emisyonlar\u0131n\u0131 salmaya, iklim de\u011fi\u015fikli\u011fine sebep veren sera gazlar\u0131n\u0131n konsantrasyonlar\u0131n\u0131 art\u0131rmaya devam ediyoruz. \u0130klim de\u011fi\u015fikli\u011fi nedeniyle d\u00fc\u015fen ya\u011f\u0131\u015flar kurakl\u0131klarda ba\u015fta bu b\u00f6lge olmak \u00fczere b\u00fct\u00fcn d\u00fcnyada ya\u015fant\u0131m\u0131z\u0131 do\u011frudan etkileyecek \u015feyler. Tar\u0131msal alanda kulland\u0131\u011f\u0131m\u0131z, t\u00fcketti\u011fimiz sular\u0131n miktarlar\u0131n d\u00fc\u015fmesinde sanayi \u00fcretiminde kurakl\u0131\u011f\u0131n etkisini \u00e7ok dramatik bir \u015fekilde ya\u015fayaca\u011f\u0131z. Ama bunlarla iklim de\u011fi\u015fikli\u011finin sonu\u00e7lar\u0131yla ya\u015fayacak konularla adaptasyon sa\u011flayabilecek bir ya\u015fam bi\u00e7imine, \u00fcretim \u015fekline d\u00f6nmemiz gerekiyor. \u00d6zellikle bu b\u00f6lgede, yani Kazandere, Pabu\u00e7dere son y\u0131llarda en d\u00fc\u015f\u00fck seviyelerini g\u00f6rd\u00fc. En son 2020 y\u0131l\u0131nda b\u00f6yle olmu\u015ftu. Ge\u00e7en y\u0131l ya\u011fan ya\u011f\u0131\u015flar biraz d\u00fczeldi. Ama 2022 y\u0131l\u0131nda halen kurakl\u0131k devam ediyor. Bundan etkilenmeyecek \u015fekilde bir ya\u015famsal d\u00f6n\u00fc\u015f\u00fcm olu\u015fturmam\u0131z, plan, proje strateji geli\u015ftirmemiz gerekiyor tar\u0131m sekt\u00f6r\u00fcnden sanayi kadar. Evlerde kulland\u0131\u011f\u0131m\u0131z sular\u0131n t\u00fcketim bi\u00e7imine kadar topyekun bir zihniyet\u00a0de\u011fi\u015fikli\u011fiyle iklim de\u011fi\u015fikli\u011finin sonu\u00e7lar\u0131ndan en az etkilenebilecek bir d\u00f6ng\u00fcye girmemiz gerekiyor&#8221; diye konu\u015ftu.<br \/>Barajlar\u0131n bulundu\u011fu b\u00f6lgede ya\u015fayan Fikret \u00d6zel, &#8220;6 ay \u00f6nce geldi\u011fimde suyu vard\u0131. Ne g\u00fczel bal\u0131k tutuyorduk, bug\u00fcn geldim, g\u00f6rd\u00fcm \u015foke oldum. Bal\u0131\u011fa geliyordum, burada g\u00fczel turna, sazan bal\u0131\u011f\u0131 vard\u0131. \u015eu an bak\u0131n her taraf kurumu\u015f, 2 sene \u00f6nce de b\u00f6yle olmu\u015ftu. Her iki baraj da kuruydu&#8221; dedi.<br \/>Bilal Bayraktar ise barajlardaki su oran\u0131n d\u00fc\u015fmesinden b\u00fcy\u00fck \u00fcz\u00fcnt\u00fc duydu\u011funu belirterek, &#8220;Ge\u00e7en sene doluluk oran\u0131 \u00e7oktu. Bu sene baya\u011f\u0131 bir kurudu, bal\u0131k yakalad\u0131\u011f\u0131m\u0131z barajlar \u015fu an kurak bir \u015fekilde. Bu bizi burada ya\u015fayan yerel halk olarak derinden \u00fczmekte. \u0130n\u015fallah ya\u011f\u0131\u015flar ba\u015flar ve barajlar\u0131m\u0131z tekrar dolar&#8221; diye konu\u015ftu.<br \/>\u0130stanbul&#8217;un su ihtiyac\u0131n\u0131 kar\u015f\u0131layan barajlar\u0131n genel doluluk oran\u0131 y\u00fczde 36,87 oldu. Barajlar\u0131n doluluk oranlar\u0131 \u015f\u00f6yle:<\/p>\n<p>Baraj Ad\u0131:<br \/>\u00d6merli:\u00a039,30<br \/>Darl\u0131k:\u00a0 38,34<br \/>Elmal\u0131: \u00a040,83<br \/>Terkos: 41,45<br \/>Alibey: \u00a019,87<br \/>B\u00fcy\u00fck\u00e7ekmece: 43.62<br \/>Sazl\u0131dere:\u00a042.47<br \/>Istrancalar: 23.65<br \/>Kazandere:17.82<br \/>Pabu\u00e7dere:3.35(DHA)<\/p>\n<p>FOTO\u011eRAFLI<\/p>\n<\/div>\n<blockquote><p><span style=\"color: #ff0000;\">Sitemiz <\/span><img loading=\"lazy\" decoding=\"async\" src=\"https:\/\/corludahaber.com\/h\/wp-content\/uploads\/2022\/06\/dha-logo-white.png\" alt=\"\" width=\"80\" height=\"80\" \/>\u00a0<span style=\"color: #ff9900;\"><span style=\"color: #ff0000;\">abonesidir. Bu kategoride yer alan haberler <span style=\"color: #ffffff;\">Demir\u00f6ren Haber Ajans\u0131<\/span> Muhabirleri taraf\u0131ndan ge\u00e7ilen haberlerdir ve sitemiz edit\u00f6rleri taraf\u0131ndan herhangi bir m\u00fcdahalede bulunulmam\u0131\u015ft\u0131r.<\/span><\/span><\/p><\/blockquote>\n<div class=\"corlu-icerikten-sonra_3\" id=\"corlu-1241233435\"><p><img loading=\"lazy\" decoding=\"async\" class=\"aligncenter\" src=\"https:\/\/www.corludahaber.com\/bahcesehir.jpg\" alt=\"\" width=\"624\" height=\"196\" \/><\/p>\n<table style=\"text-align: left; width: 100%;\" border=\"1\" cellspacing=\"2\" cellpadding=\"2\">\n<tbody>\n<tr>\n<td style=\"background-color: #050805;\"><span style=\"font-size: 12pt;\"><small><small><em><strong><big><span style=\"color: #ff0000;\">Haber ve resimlerin telif haklar\u0131ndan dolay\u0131 kullan\u0131m\u0131 yasakt\u0131r<span style=\"color: #000000;\">.<\/span><\/span><span style=\"color: #000000;\">\u00a0<\/span><span style=\"color: #ffffff;\">Yaz\u0131l\u0131 izni al\u0131nmadan hi\u00e7bir yaz\u0131l\u0131, g\u00f6rsel, i\u015fitsel i\u00e7erik kopyalanamaz, de\u011fi\u015ftirilemez, yay\u0131nlanamaz veya sat\u0131lamaz. Aksi halde<\/span>\u00a0<span style=\"color: #ff0000;\">5846<span style=\"color: #ffffff;\">\u00a0<\/span><\/span><span style=\"color: #ffffff;\">say\u0131l\u0131 Fikir ve Sanat Eserleri Kanunu\u2019na ve<\/span>\u00a0<span style=\"color: #800000;\"><span style=\"color: #ff0000;\">6102<\/span><span style=\"color: #ffffff;\">\u00a0<\/span><\/span><span style=\"color: #ffffff;\">say\u0131l\u0131 maddesine g\u00f6re<\/span>\u00a0<span style=\"color: #ff0000;\">gerekli i\u015flemler uygulanacakt\u0131r.<\/span><br \/>\n<span style=\"color: #ffffff;\">\u00a9 Copyright 2014<\/span><\/big><\/strong><\/em><\/small><\/small><\/span><\/td>\n<\/tr>\n<\/tbody>\n<\/table>\n<p><small><small>\u00a0<\/small><\/small><\/p>\n<\/div>","protected":false},"excerpt":{"rendered":"<p>Mehmet Y\u0130RUN- \u015eafak TA\u015eOYAR\/KIRKLAREL\u0130, (DHA)- \u0130STANBUL&#8217;un Trakya&#8217;dan su ihtiyac\u0131n\u0131 \u00f6nemli oranda kar\u015f\u0131layan, Kazandere ve Pabu\u00e7dere ile Istrancalar barajlar\u0131ndaki doluluk oranlar\u0131 y\u00fczde 25&#8217;in alt\u0131na d\u00fc\u015ft\u00fc. Su seviyesi 3,35\u2019e d\u00fc\u015fen Pabu\u00e7dere Baraj\u0131 kuruma noktas\u0131na gelirken, \u0130stanbul&#8217;un su ihtiyac\u0131n\u0131n sa\u011fland\u0131\u011f\u0131 10 baraj\u0131n genel doluluk oran\u0131 ise y\u00fczde 36,87&#8217;ye indi.\u0130stanbul Su ve Kanalizasyon \u0130daresi&#8217;nin (\u0130SK\u0130) resmi internet sitesindeki verilere &hellip;<\/p>\n","protected":false},"author":151,"featured_media":42585,"comment_status":"open","ping_status":"open","sticky":false,"template":"","format":"standard","meta":{"footnotes":""},"categories":[122],"tags":[],"class_list":["post-42584","post","type-post","status-publish","format-standard","has-post-thumbnail","hentry","category-kirklareli"],"yoast_head":"<!-- This site is optimized with the Yoast SEO Premium plugin v23.3 (Yoast SEO v23.3) - https:\/\/yoast.com\/wordpress\/plugins\/seo\/ -->\n<title>Trakya&#039;da, \u0130stanbul&#039;un suyunu kar\u015f\u0131layan barajlar\u0131n doluluk oran\u0131 y\u00fczde 25&#039;in alt\u0131na d\u00fc\u015ft\u00fc | \u00c7orlu&#039;da Haber<\/title>\n<meta name=\"description\" content=\"Trakya&#039;da, \u0130stanbul&#039;un suyunu kar\u015f\u0131layan barajlar\u0131n doluluk oran\u0131 y\u00fczde 25&#039;in alt\u0131na d\u00fc\u015ft\u00fc | \u00c7orlu&#039;da Haber\" \/>\n<meta name=\"robots\" content=\"index, follow, max-snippet:-1, max-image-preview:large, max-video-preview:-1\" \/>\n<link rel=\"canonical\" href=\"https:\/\/corludahaber.com\/h\/trakyada-istanbulun-suyunu-karsilayan-barajlarin-doluluk-orani-yuzde-25in-altina-dustu\/42584\" \/>\n<meta property=\"og:locale\" content=\"tr_TR\" \/>\n<meta property=\"og:type\" content=\"article\" \/>\n<meta property=\"og:title\" content=\"Trakya&#039;da, \u0130stanbul&#039;un suyunu kar\u015f\u0131layan barajlar\u0131n doluluk oran\u0131 y\u00fczde 25&#039;in alt\u0131na d\u00fc\u015ft\u00fc | \u00c7orlu&#039;da Haber\" \/>\n<meta property=\"og:description\" content=\"Trakya&#039;da, \u0130stanbul&#039;un suyunu kar\u015f\u0131layan barajlar\u0131n doluluk oran\u0131 y\u00fczde 25&#039;in alt\u0131na d\u00fc\u015ft\u00fc | \u00c7orlu&#039;da Haber\" \/>\n<meta property=\"og:url\" content=\"https:\/\/corludahaber.com\/h\/trakyada-istanbulun-suyunu-karsilayan-barajlarin-doluluk-orani-yuzde-25in-altina-dustu\/42584\" \/>\n<meta property=\"og:site_name\" content=\"\u00c7orlu&#039;da Haber\" \/>\n<meta property=\"article:publisher\" content=\"https:\/\/facebook.com\/habercorluda\" \/>\n<meta property=\"article:published_time\" content=\"2022-11-15T08:26:17+00:00\" \/>\n<meta property=\"og:image\" content=\"https:\/\/corludahaber.com\/h\/wp-content\/uploads\/2022\/11\/63734c42eb10bb1a843034f4.jpg\" \/>\n\t<meta property=\"og:image:width\" content=\"600\" \/>\n\t<meta property=\"og:image:height\" content=\"337\" \/>\n\t<meta property=\"og:image:type\" content=\"image\/jpeg\" \/>\n<meta name=\"author\" content=\"\u00c7orlu&#039;da Haber\" \/>\n<meta name=\"twitter:card\" content=\"summary_large_image\" \/>\n<meta name=\"twitter:creator\" content=\"@habercorluda\" \/>\n<meta name=\"twitter:site\" content=\"@habercorluda\" \/>\n<meta name=\"twitter:label1\" content=\"Yazan:\" \/>\n\t<meta name=\"twitter:data1\" content=\"\u00c7orlu&#039;da Haber\" \/>\n\t<meta name=\"twitter:label2\" content=\"Tahmini okuma s\u00fcresi\" \/>\n\t<meta name=\"twitter:data2\" content=\"3 dakika\" \/>\n<script type=\"application\/ld+json\" class=\"yoast-schema-graph\">{\"@context\":\"https:\/\/schema.org\",\"@graph\":[{\"@type\":\"Article\",\"@id\":\"https:\/\/corludahaber.com\/h\/trakyada-istanbulun-suyunu-karsilayan-barajlarin-doluluk-orani-yuzde-25in-altina-dustu\/42584#article\",\"isPartOf\":{\"@id\":\"https:\/\/corludahaber.com\/h\/trakyada-istanbulun-suyunu-karsilayan-barajlarin-doluluk-orani-yuzde-25in-altina-dustu\/42584\"},\"author\":{\"name\":\"\u00c7orlu'da Haber\",\"@id\":\"https:\/\/corludahaber.com\/h\/#\/schema\/person\/b523522be44b062db5d74a62589768cd\"},\"headline\":\"Trakya&#8217;da, \u0130stanbul&#8217;un suyunu kar\u015f\u0131layan barajlar\u0131n doluluk oran\u0131 y\u00fczde 25&#8217;in alt\u0131na d\u00fc\u015ft\u00fc\",\"datePublished\":\"2022-11-15T08:26:17+00:00\",\"dateModified\":\"2022-11-15T08:26:17+00:00\",\"mainEntityOfPage\":{\"@id\":\"https:\/\/corludahaber.com\/h\/trakyada-istanbulun-suyunu-karsilayan-barajlarin-doluluk-orani-yuzde-25in-altina-dustu\/42584\"},\"wordCount\":729,\"commentCount\":0,\"publisher\":{\"@id\":\"https:\/\/corludahaber.com\/h\/#organization\"},\"image\":{\"@id\":\"https:\/\/corludahaber.com\/h\/trakyada-istanbulun-suyunu-karsilayan-barajlarin-doluluk-orani-yuzde-25in-altina-dustu\/42584#primaryimage\"},\"thumbnailUrl\":\"https:\/\/corludahaber.com\/h\/wp-content\/uploads\/2022\/11\/63734c42eb10bb1a843034f4.jpg\",\"articleSection\":[\"K\u0131rklareli\"],\"inLanguage\":\"tr\",\"potentialAction\":[{\"@type\":\"CommentAction\",\"name\":\"Comment\",\"target\":[\"https:\/\/corludahaber.com\/h\/trakyada-istanbulun-suyunu-karsilayan-barajlarin-doluluk-orani-yuzde-25in-altina-dustu\/42584#respond\"]}]},{\"@type\":\"WebPage\",\"@id\":\"https:\/\/corludahaber.com\/h\/trakyada-istanbulun-suyunu-karsilayan-barajlarin-doluluk-orani-yuzde-25in-altina-dustu\/42584\",\"url\":\"https:\/\/corludahaber.com\/h\/trakyada-istanbulun-suyunu-karsilayan-barajlarin-doluluk-orani-yuzde-25in-altina-dustu\/42584\",\"name\":\"Trakya'da, \u0130stanbul'un suyunu kar\u015f\u0131layan barajlar\u0131n doluluk oran\u0131 y\u00fczde 25'in alt\u0131na d\u00fc\u015ft\u00fc | \u00c7orlu&#039;da Haber\",\"isPartOf\":{\"@id\":\"https:\/\/corludahaber.com\/h\/#website\"},\"primaryImageOfPage\":{\"@id\":\"https:\/\/corludahaber.com\/h\/trakyada-istanbulun-suyunu-karsilayan-barajlarin-doluluk-orani-yuzde-25in-altina-dustu\/42584#primaryimage\"},\"image\":{\"@id\":\"https:\/\/corludahaber.com\/h\/trakyada-istanbulun-suyunu-karsilayan-barajlarin-doluluk-orani-yuzde-25in-altina-dustu\/42584#primaryimage\"},\"thumbnailUrl\":\"https:\/\/corludahaber.com\/h\/wp-content\/uploads\/2022\/11\/63734c42eb10bb1a843034f4.jpg\",\"datePublished\":\"2022-11-15T08:26:17+00:00\",\"dateModified\":\"2022-11-15T08:26:17+00:00\",\"description\":\"Trakya'da, \u0130stanbul'un suyunu kar\u015f\u0131layan barajlar\u0131n doluluk oran\u0131 y\u00fczde 25'in alt\u0131na d\u00fc\u015ft\u00fc | \u00c7orlu&#039;da Haber\",\"breadcrumb\":{\"@id\":\"https:\/\/corludahaber.com\/h\/trakyada-istanbulun-suyunu-karsilayan-barajlarin-doluluk-orani-yuzde-25in-altina-dustu\/42584#breadcrumb\"},\"inLanguage\":\"tr\",\"potentialAction\":[{\"@type\":\"ReadAction\",\"target\":[\"https:\/\/corludahaber.com\/h\/trakyada-istanbulun-suyunu-karsilayan-barajlarin-doluluk-orani-yuzde-25in-altina-dustu\/42584\"]}]},{\"@type\":\"ImageObject\",\"inLanguage\":\"tr\",\"@id\":\"https:\/\/corludahaber.com\/h\/trakyada-istanbulun-suyunu-karsilayan-barajlarin-doluluk-orani-yuzde-25in-altina-dustu\/42584#primaryimage\",\"url\":\"https:\/\/corludahaber.com\/h\/wp-content\/uploads\/2022\/11\/63734c42eb10bb1a843034f4.jpg\",\"contentUrl\":\"https:\/\/corludahaber.com\/h\/wp-content\/uploads\/2022\/11\/63734c42eb10bb1a843034f4.jpg\",\"width\":600,\"height\":337},{\"@type\":\"BreadcrumbList\",\"@id\":\"https:\/\/corludahaber.com\/h\/trakyada-istanbulun-suyunu-karsilayan-barajlarin-doluluk-orani-yuzde-25in-altina-dustu\/42584#breadcrumb\",\"itemListElement\":[{\"@type\":\"ListItem\",\"position\":1,\"name\":\"Anasayfa\",\"item\":\"https:\/\/corludahaber.com\/h\/\"},{\"@type\":\"ListItem\",\"position\":2,\"name\":\"K\u0131rklareli\",\"item\":\"https:\/\/corludahaber.com\/h\/kategori\/kirklareli\"},{\"@type\":\"ListItem\",\"position\":3,\"name\":\"Trakya&#8217;da, \u0130stanbul&#8217;un suyunu kar\u015f\u0131layan barajlar\u0131n doluluk oran\u0131 y\u00fczde 25&#8217;in alt\u0131na d\u00fc\u015ft\u00fc\"}]},{\"@type\":\"WebSite\",\"@id\":\"https:\/\/corludahaber.com\/h\/#website\",\"url\":\"https:\/\/corludahaber.com\/h\/\",\"name\":\"\u00c7orlu'da Haber\",\"description\":\"Ger\u00e7ek Tarafs\u0131z Haber\",\"publisher\":{\"@id\":\"https:\/\/corludahaber.com\/h\/#organization\"},\"potentialAction\":[{\"@type\":\"SearchAction\",\"target\":{\"@type\":\"EntryPoint\",\"urlTemplate\":\"https:\/\/corludahaber.com\/h\/?s={search_term_string}\"},\"query-input\":\"required name=search_term_string\"}],\"inLanguage\":\"tr\"},{\"@type\":\"Organization\",\"@id\":\"https:\/\/corludahaber.com\/h\/#organization\",\"name\":\"\u00c7orlu'da Haber\",\"url\":\"https:\/\/corludahaber.com\/h\/\",\"logo\":{\"@type\":\"ImageObject\",\"inLanguage\":\"tr\",\"@id\":\"https:\/\/corludahaber.com\/h\/#\/schema\/logo\/image\/\",\"url\":\"https:\/\/corludahaber.com\/h\/wp-content\/uploads\/2021\/12\/logo__9__1_-removebg-preview.png\",\"contentUrl\":\"https:\/\/corludahaber.com\/h\/wp-content\/uploads\/2021\/12\/logo__9__1_-removebg-preview.png\",\"width\":500,\"height\":157,\"caption\":\"\u00c7orlu'da Haber\"},\"image\":{\"@id\":\"https:\/\/corludahaber.com\/h\/#\/schema\/logo\/image\/\"},\"sameAs\":[\"https:\/\/facebook.com\/habercorluda\",\"https:\/\/x.com\/habercorluda\",\"https:\/\/www.instagram.com\/corludahaber\",\"https:\/\/www.youtube.com\/user\/corludahaber\"]},{\"@type\":\"Person\",\"@id\":\"https:\/\/corludahaber.com\/h\/#\/schema\/person\/b523522be44b062db5d74a62589768cd\",\"name\":\"\u00c7orlu'da Haber\",\"image\":{\"@type\":\"ImageObject\",\"inLanguage\":\"tr\",\"@id\":\"https:\/\/corludahaber.com\/h\/#\/schema\/person\/image\/\",\"url\":\"https:\/\/secure.gravatar.com\/avatar\/1033e54e078c29fd7f053370086ff627ba414b05c2b231c418a481adecd764ce?s=96&d=blank&r=g\",\"contentUrl\":\"https:\/\/secure.gravatar.com\/avatar\/1033e54e078c29fd7f053370086ff627ba414b05c2b231c418a481adecd764ce?s=96&d=blank&r=g\",\"caption\":\"\u00c7orlu'da Haber\"},\"sameAs\":[\"https:\/\/corludahaber.com\/h\"],\"url\":\"https:\/\/corludahaber.com\/h\/author\/admin\"}]}<\/script>\n<!-- \/ Yoast SEO Premium plugin. -->","yoast_head_json":{"title":"Trakya'da, \u0130stanbul'un suyunu kar\u015f\u0131layan barajlar\u0131n doluluk oran\u0131 y\u00fczde 25'in alt\u0131na d\u00fc\u015ft\u00fc | \u00c7orlu&#039;da Haber","description":"Trakya'da, \u0130stanbul'un suyunu kar\u015f\u0131layan barajlar\u0131n doluluk oran\u0131 y\u00fczde 25'in alt\u0131na d\u00fc\u015ft\u00fc | \u00c7orlu&#039;da Haber","robots":{"index":"index","follow":"follow","max-snippet":"max-snippet:-1","max-image-preview":"max-image-preview:large","max-video-preview":"max-video-preview:-1"},"canonical":"https:\/\/corludahaber.com\/h\/trakyada-istanbulun-suyunu-karsilayan-barajlarin-doluluk-orani-yuzde-25in-altina-dustu\/42584","og_locale":"tr_TR","og_type":"article","og_title":"Trakya'da, \u0130stanbul'un suyunu kar\u015f\u0131layan barajlar\u0131n doluluk oran\u0131 y\u00fczde 25'in alt\u0131na d\u00fc\u015ft\u00fc | \u00c7orlu&#039;da Haber","og_description":"Trakya'da, \u0130stanbul'un suyunu kar\u015f\u0131layan barajlar\u0131n doluluk oran\u0131 y\u00fczde 25'in alt\u0131na d\u00fc\u015ft\u00fc | \u00c7orlu&#039;da Haber","og_url":"https:\/\/corludahaber.com\/h\/trakyada-istanbulun-suyunu-karsilayan-barajlarin-doluluk-orani-yuzde-25in-altina-dustu\/42584","og_site_name":"\u00c7orlu&#039;da Haber","article_publisher":"https:\/\/facebook.com\/habercorluda","article_published_time":"2022-11-15T08:26:17+00:00","og_image":[{"width":600,"height":337,"url":"https:\/\/corludahaber.com\/h\/wp-content\/uploads\/2022\/11\/63734c42eb10bb1a843034f4.jpg","type":"image\/jpeg"}],"author":"\u00c7orlu'da Haber","twitter_card":"summary_large_image","twitter_creator":"@habercorluda","twitter_site":"@habercorluda","twitter_misc":{"Yazan:":"\u00c7orlu'da Haber","Tahmini okuma s\u00fcresi":"3 dakika"},"schema":{"@context":"https:\/\/schema.org","@graph":[{"@type":"Article","@id":"https:\/\/corludahaber.com\/h\/trakyada-istanbulun-suyunu-karsilayan-barajlarin-doluluk-orani-yuzde-25in-altina-dustu\/42584#article","isPartOf":{"@id":"https:\/\/corludahaber.com\/h\/trakyada-istanbulun-suyunu-karsilayan-barajlarin-doluluk-orani-yuzde-25in-altina-dustu\/42584"},"author":{"name":"\u00c7orlu'da Haber","@id":"https:\/\/corludahaber.com\/h\/#\/schema\/person\/b523522be44b062db5d74a62589768cd"},"headline":"Trakya&#8217;da, \u0130stanbul&#8217;un suyunu kar\u015f\u0131layan barajlar\u0131n doluluk oran\u0131 y\u00fczde 25&#8217;in alt\u0131na d\u00fc\u015ft\u00fc","datePublished":"2022-11-15T08:26:17+00:00","dateModified":"2022-11-15T08:26:17+00:00","mainEntityOfPage":{"@id":"https:\/\/corludahaber.com\/h\/trakyada-istanbulun-suyunu-karsilayan-barajlarin-doluluk-orani-yuzde-25in-altina-dustu\/42584"},"wordCount":729,"commentCount":0,"publisher":{"@id":"https:\/\/corludahaber.com\/h\/#organization"},"image":{"@id":"https:\/\/corludahaber.com\/h\/trakyada-istanbulun-suyunu-karsilayan-barajlarin-doluluk-orani-yuzde-25in-altina-dustu\/42584#primaryimage"},"thumbnailUrl":"https:\/\/corludahaber.com\/h\/wp-content\/uploads\/2022\/11\/63734c42eb10bb1a843034f4.jpg","articleSection":["K\u0131rklareli"],"inLanguage":"tr","potentialAction":[{"@type":"CommentAction","name":"Comment","target":["https:\/\/corludahaber.com\/h\/trakyada-istanbulun-suyunu-karsilayan-barajlarin-doluluk-orani-yuzde-25in-altina-dustu\/42584#respond"]}]},{"@type":"WebPage","@id":"https:\/\/corludahaber.com\/h\/trakyada-istanbulun-suyunu-karsilayan-barajlarin-doluluk-orani-yuzde-25in-altina-dustu\/42584","url":"https:\/\/corludahaber.com\/h\/trakyada-istanbulun-suyunu-karsilayan-barajlarin-doluluk-orani-yuzde-25in-altina-dustu\/42584","name":"Trakya'da, \u0130stanbul'un suyunu kar\u015f\u0131layan barajlar\u0131n doluluk oran\u0131 y\u00fczde 25'in alt\u0131na d\u00fc\u015ft\u00fc | \u00c7orlu&#039;da Haber","isPartOf":{"@id":"https:\/\/corludahaber.com\/h\/#website"},"primaryImageOfPage":{"@id":"https:\/\/corludahaber.com\/h\/trakyada-istanbulun-suyunu-karsilayan-barajlarin-doluluk-orani-yuzde-25in-altina-dustu\/42584#primaryimage"},"image":{"@id":"https:\/\/corludahaber.com\/h\/trakyada-istanbulun-suyunu-karsilayan-barajlarin-doluluk-orani-yuzde-25in-altina-dustu\/42584#primaryimage"},"thumbnailUrl":"https:\/\/corludahaber.com\/h\/wp-content\/uploads\/2022\/11\/63734c42eb10bb1a843034f4.jpg","datePublished":"2022-11-15T08:26:17+00:00","dateModified":"2022-11-15T08:26:17+00:00","description":"Trakya'da, \u0130stanbul'un suyunu kar\u015f\u0131layan barajlar\u0131n doluluk oran\u0131 y\u00fczde 25'in alt\u0131na d\u00fc\u015ft\u00fc | \u00c7orlu&#039;da Haber","breadcrumb":{"@id":"https:\/\/corludahaber.com\/h\/trakyada-istanbulun-suyunu-karsilayan-barajlarin-doluluk-orani-yuzde-25in-altina-dustu\/42584#breadcrumb"},"inLanguage":"tr","potentialAction":[{"@type":"ReadAction","target":["https:\/\/corludahaber.com\/h\/trakyada-istanbulun-suyunu-karsilayan-barajlarin-doluluk-orani-yuzde-25in-altina-dustu\/42584"]}]},{"@type":"ImageObject","inLanguage":"tr","@id":"https:\/\/corludahaber.com\/h\/trakyada-istanbulun-suyunu-karsilayan-barajlarin-doluluk-orani-yuzde-25in-altina-dustu\/42584#primaryimage","url":"https:\/\/corludahaber.com\/h\/wp-content\/uploads\/2022\/11\/63734c42eb10bb1a843034f4.jpg","contentUrl":"https:\/\/corludahaber.com\/h\/wp-content\/uploads\/2022\/11\/63734c42eb10bb1a843034f4.jpg","width":600,"height":337},{"@type":"BreadcrumbList","@id":"https:\/\/corludahaber.com\/h\/trakyada-istanbulun-suyunu-karsilayan-barajlarin-doluluk-orani-yuzde-25in-altina-dustu\/42584#breadcrumb","itemListElement":[{"@type":"ListItem","position":1,"name":"Anasayfa","item":"https:\/\/corludahaber.com\/h\/"},{"@type":"ListItem","position":2,"name":"K\u0131rklareli","item":"https:\/\/corludahaber.com\/h\/kategori\/kirklareli"},{"@type":"ListItem","position":3,"name":"Trakya&#8217;da, \u0130stanbul&#8217;un suyunu kar\u015f\u0131layan barajlar\u0131n doluluk oran\u0131 y\u00fczde 25&#8217;in alt\u0131na d\u00fc\u015ft\u00fc"}]},{"@type":"WebSite","@id":"https:\/\/corludahaber.com\/h\/#website","url":"https:\/\/corludahaber.com\/h\/","name":"\u00c7orlu'da Haber","description":"Ger\u00e7ek Tarafs\u0131z Haber","publisher":{"@id":"https:\/\/corludahaber.com\/h\/#organization"},"potentialAction":[{"@type":"SearchAction","target":{"@type":"EntryPoint","urlTemplate":"https:\/\/corludahaber.com\/h\/?s={search_term_string}"},"query-input":"required name=search_term_string"}],"inLanguage":"tr"},{"@type":"Organization","@id":"https:\/\/corludahaber.com\/h\/#organization","name":"\u00c7orlu'da Haber","url":"https:\/\/corludahaber.com\/h\/","logo":{"@type":"ImageObject","inLanguage":"tr","@id":"https:\/\/corludahaber.com\/h\/#\/schema\/logo\/image\/","url":"https:\/\/corludahaber.com\/h\/wp-content\/uploads\/2021\/12\/logo__9__1_-removebg-preview.png","contentUrl":"https:\/\/corludahaber.com\/h\/wp-content\/uploads\/2021\/12\/logo__9__1_-removebg-preview.png","width":500,"height":157,"caption":"\u00c7orlu'da Haber"},"image":{"@id":"https:\/\/corludahaber.com\/h\/#\/schema\/logo\/image\/"},"sameAs":["https:\/\/facebook.com\/habercorluda","https:\/\/x.com\/habercorluda","https:\/\/www.instagram.com\/corludahaber","https:\/\/www.youtube.com\/user\/corludahaber"]},{"@type":"Person","@id":"https:\/\/corludahaber.com\/h\/#\/schema\/person\/b523522be44b062db5d74a62589768cd","name":"\u00c7orlu'da Haber","image":{"@type":"ImageObject","inLanguage":"tr","@id":"https:\/\/corludahaber.com\/h\/#\/schema\/person\/image\/","url":"https:\/\/secure.gravatar.com\/avatar\/1033e54e078c29fd7f053370086ff627ba414b05c2b231c418a481adecd764ce?s=96&d=blank&r=g","contentUrl":"https:\/\/secure.gravatar.com\/avatar\/1033e54e078c29fd7f053370086ff627ba414b05c2b231c418a481adecd764ce?s=96&d=blank&r=g","caption":"\u00c7orlu'da Haber"},"sameAs":["https:\/\/corludahaber.com\/h"],"url":"https:\/\/corludahaber.com\/h\/author\/admin"}]}},"_links":{"self":[{"href":"https:\/\/corludahaber.com\/h\/wp-json\/wp\/v2\/posts\/42584","targetHints":{"allow":["GET"]}}],"collection":[{"href":"https:\/\/corludahaber.com\/h\/wp-json\/wp\/v2\/posts"}],"about":[{"href":"https:\/\/corludahaber.com\/h\/wp-json\/wp\/v2\/types\/post"}],"author":[{"embeddable":true,"href":"https:\/\/corludahaber.com\/h\/wp-json\/wp\/v2\/users\/151"}],"replies":[{"embeddable":true,"href":"https:\/\/corludahaber.com\/h\/wp-json\/wp\/v2\/comments?post=42584"}],"version-history":[{"count":0,"href":"https:\/\/corludahaber.com\/h\/wp-json\/wp\/v2\/posts\/42584\/revisions"}],"wp:featuredmedia":[{"embeddable":true,"href":"https:\/\/corludahaber.com\/h\/wp-json\/wp\/v2\/media\/42585"}],"wp:attachment":[{"href":"https:\/\/corludahaber.com\/h\/wp-json\/wp\/v2\/media?parent=42584"}],"wp:term":[{"taxonomy":"category","embeddable":true,"href":"https:\/\/corludahaber.com\/h\/wp-json\/wp\/v2\/categories?post=42584"},{"taxonomy":"post_tag","embeddable":true,"href":"https:\/\/corludahaber.com\/h\/wp-json\/wp\/v2\/tags?post=42584"}],"curies":[{"name":"wp","href":"https:\/\/api.w.org\/{rel}","templated":true}]}}