{"id":42347,"date":"2022-11-11T19:48:30","date_gmt":"2022-11-11T16:48:30","guid":{"rendered":"https:\/\/corludahaber.com\/h\/suleymanpasa-belediyesinden-ihtiyac-sahibi-soydaslara-yardim-eli\/42347"},"modified":"2022-11-11T19:48:33","modified_gmt":"2022-11-11T16:48:33","slug":"suleymanpasa-belediyesinden-ihtiyac-sahibi-soydaslara-yardim-eli","status":"publish","type":"post","link":"https:\/\/corludahaber.com\/h\/suleymanpasa-belediyesinden-ihtiyac-sahibi-soydaslara-yardim-eli\/42347","title":{"rendered":"S\u00fcleymanpa\u015fa Belediyesinden ihtiya\u00e7 sahibi soyda\u015flara yard\u0131m eli"},"content":{"rendered":"<div class=\"corlu-icerikten-once_3\" id=\"corlu-440620834\"><script type='text\/javascript' src='https:\/\/platform-api.sharethis.com\/js\/sharethis.js#property=5ce8cf08af7d000012cb0ca1&product=inline-reaction-buttons' async='async'><\/script>\r\n\r\n<\/div><p><span style=\"vertical-align: inherit;\"><span style=\"vertical-align: inherit;\"><\/p>\n<div readability=\"38\">\n<p>\n\tS\u00fcleymanpa\u015fa Belediye Ba\u015fkan\u0131 C\u00fcneyt Y\u00fcksel, her y\u0131l oldu\u011fu gibi bu y\u0131l da Ulu \u00d6nder Mustafa Kemal Atat\u00fcrk\u2019\u00fc, ebediyete irtihal etti\u011fi 10 Kas\u0131m\u2019da Selanik\u2019te do\u011fdu\u011fu evde y\u00e2d etti. Bu y\u0131l S\u00fcleymanpa\u015fa\u2019dan 70 lise \u00f6\u011frencisinin de e\u015flik etti\u011fi Ba\u015fkan Y\u00fcksel, Atat\u00fcrk\u2019\u00fcn do\u011fdu\u011fu evde d\u00fczenlenen t\u00f6rene kat\u0131ld\u0131.<\/p>\n<p>\n\tBa\u015fkan Y\u00fcksel, anma t\u00f6reni sonras\u0131nda da Selanik temaslar\u0131na devam etti. Selanik T\u00fcrkiye Ba\u015fkonsolosu Efe Ceylan\u2019\u0131 makam\u0131nda ziyaret eden Y\u00fcksel, Ceylan ile isti\u015farede bulunarak S\u00fcleymanpa\u015fa\u2019dan getirdi\u011fi hat\u0131ra e\u015fyalar\u0131n\u0131 takdim etti.<\/p>\n<p>\n\t<strong>100 \u00c7OCU\u011eA KI\u015eLIK G\u0130Y\u0130M YARDIMI<\/strong><\/p>\n<p>\n\tBa\u015fkan Y\u00fcksel bu y\u0131l ilk kez Yunanistan\u2019da ya\u015fayan T\u00fcrk soyda\u015flar\u0131m\u0131zdan ihtiya\u00e7 sahibi olanlar i\u00e7in de anlaml\u0131 bir \u00e7al\u0131\u015fmaya \u00f6nayak oldu. Y\u00fcksel, S\u00fcleymanpa\u015fa Belediyesi Sosyal Yard\u0131m \u0130\u015fleri M\u00fcd\u00fcrl\u00fc\u011f\u00fc taraf\u0131ndan haz\u0131rlanan k\u0131\u015fl\u0131k giyim e\u015fyalar\u0131n\u0131 ihtiya\u00e7 sahibi soyda\u015flar\u0131m\u0131za ula\u015ft\u0131r\u0131lmak \u00fczere Ba\u015fkonsolos Ceylan\u2019a teslim etti. Yap\u0131lan yard\u0131m ile 100 \u00e7ocu\u011fun k\u0131\u015fl\u0131k giyim ihtiyac\u0131n\u0131n giderilece\u011fi \u00f6\u011frenildi.<\/p>\n<p>\n\t<strong>\u201cSOYDA\u015eLARIMIZA YALNIZ OLMADIKLARINI H\u0130SSETT\u0130RMEYE \u00c7ALI\u015eTIK\u201d<\/strong><\/p>\n<p>\n\tKonuyla ilgili a\u00e7\u0131klamada bulunan S\u00fcleymanpa\u015fa Belediye Ba\u015fkan\u0131 C\u00fcneyt Y\u00fcksel, \u201cS\u00fcleymanpa\u015fa olarak soyda\u015flar\u0131m\u0131z\u0131n her zaman yan\u0131nday\u0131z. Yakla\u015f\u0131k on y\u0131ld\u0131r her anma etkinli\u011finde yer ald\u0131\u011f\u0131m\u0131z Selanik\u2019teki Atat\u00fcrk Evi\u2019nde bu y\u0131l; ata topra\u011f\u0131 Balkan co\u011frafyam\u0131zda ya\u015fayan ihtiya\u00e7 sahibi soyda\u015flar\u0131m\u0131z\u0131n, karde\u015flerimizin \u00e7ocuklar\u0131na k\u0131\u015fl\u0131k k\u0131yafet yard\u0131mlar\u0131m\u0131z\u0131 ula\u015ft\u0131rarak, ailelerimize yaln\u0131z olmad\u0131klar\u0131n\u0131 hissettirmeye \u00e7al\u0131\u015ft\u0131k. S\u00fcleymanpa\u015fa Belediyesi olarak 100 \u00e7ocu\u011fumuza k\u0131\u015fl\u0131k giyim yard\u0131m\u0131nda bulunduk. Bu konuda bize yard\u0131mc\u0131 olan Ba\u015fkonsolosumuz Say\u0131n Efe Ceylan\u2019a \u015f\u00fckranlar\u0131m\u0131z\u0131 sunuyorum,\u201d diye konu\u015ftu.<\/p>\n<\/div>\n<p><\/span><\/span><\/p>\n<blockquote><p><em><span style=\"color: #ff0000;\">Bu haber S\u00fcleymanpa\u015fa Belediyesinin Kendi sitesinden botlar yard\u0131m\u0131yla otomatik olarak eklenmi\u015ftir. Bu i\u00e7erikte \u00c7orlu&#8217;da Haber edit\u00f6rleri herhangi bir m\u00fcdahalede bulunmam\u0131\u015ft\u0131r.<\/span><\/em><\/p><\/blockquote>\n<p>&nbsp;<\/p>\n<div class=\"corlu-icerikten-sonra_3\" id=\"corlu-2707556235\"><p><img loading=\"lazy\" decoding=\"async\" class=\"aligncenter\" src=\"https:\/\/www.corludahaber.com\/bahcesehir.jpg\" alt=\"\" width=\"624\" height=\"196\" \/><\/p>\n<table style=\"text-align: left; width: 100%;\" border=\"1\" cellspacing=\"2\" cellpadding=\"2\">\n<tbody>\n<tr>\n<td style=\"background-color: #050805;\"><span style=\"font-size: 12pt;\"><small><small><em><strong><big><span style=\"color: #ff0000;\">Haber ve resimlerin telif haklar\u0131ndan dolay\u0131 kullan\u0131m\u0131 yasakt\u0131r<span style=\"color: #000000;\">.<\/span><\/span><span style=\"color: #000000;\">\u00a0<\/span><span style=\"color: #ffffff;\">Yaz\u0131l\u0131 izni al\u0131nmadan hi\u00e7bir yaz\u0131l\u0131, g\u00f6rsel, i\u015fitsel i\u00e7erik kopyalanamaz, de\u011fi\u015ftirilemez, yay\u0131nlanamaz veya sat\u0131lamaz. Aksi halde<\/span>\u00a0<span style=\"color: #ff0000;\">5846<span style=\"color: #ffffff;\">\u00a0<\/span><\/span><span style=\"color: #ffffff;\">say\u0131l\u0131 Fikir ve Sanat Eserleri Kanunu\u2019na ve<\/span>\u00a0<span style=\"color: #800000;\"><span style=\"color: #ff0000;\">6102<\/span><span style=\"color: #ffffff;\">\u00a0<\/span><\/span><span style=\"color: #ffffff;\">say\u0131l\u0131 maddesine g\u00f6re<\/span>\u00a0<span style=\"color: #ff0000;\">gerekli i\u015flemler uygulanacakt\u0131r.<\/span><br \/>\n<span style=\"color: #ffffff;\">\u00a9 Copyright 2014<\/span><\/big><\/strong><\/em><\/small><\/small><\/span><\/td>\n<\/tr>\n<\/tbody>\n<\/table>\n<p><small><small>\u00a0<\/small><\/small><\/p>\n<\/div>","protected":false},"excerpt":{"rendered":"<p>S\u00fcleymanpa\u015fa Belediye Ba\u015fkan\u0131 C\u00fcneyt Y\u00fcksel, her y\u0131l oldu\u011fu gibi bu y\u0131l da Ulu \u00d6nder Mustafa Kemal Atat\u00fcrk\u2019\u00fc, ebediyete irtihal etti\u011fi 10 Kas\u0131m\u2019da Selanik\u2019te do\u011fdu\u011fu evde y\u00e2d etti. Bu y\u0131l S\u00fcleymanpa\u015fa\u2019dan 70 lise \u00f6\u011frencisinin de e\u015flik etti\u011fi Ba\u015fkan Y\u00fcksel, Atat\u00fcrk\u2019\u00fcn do\u011fdu\u011fu evde d\u00fczenlenen t\u00f6rene kat\u0131ld\u0131. Ba\u015fkan Y\u00fcksel, anma t\u00f6reni sonras\u0131nda da Selanik temaslar\u0131na devam etti. Selanik &hellip;<\/p>\n","protected":false},"author":151,"featured_media":42348,"comment_status":"open","ping_status":"closed","sticky":false,"template":"","format":"standard","meta":{"footnotes":""},"categories":[23],"tags":[],"class_list":["post-42347","post","type-post","status-publish","format-standard","has-post-thumbnail","hentry","category-tekirdag"],"yoast_head":"<!-- This site is optimized with the Yoast SEO Premium plugin v23.3 (Yoast SEO v23.3) - https:\/\/yoast.com\/wordpress\/plugins\/seo\/ -->\n<title>S\u00fcleymanpa\u015fa Belediyesinden ihtiya\u00e7 sahibi soyda\u015flara yard\u0131m eli | \u00c7orlu&#039;da Haber<\/title>\n<meta name=\"description\" content=\"S\u00fcleymanpa\u015fa Belediyesinden ihtiya\u00e7 sahibi soyda\u015flara yard\u0131m eli | \u00c7orlu&#039;da Haber\" \/>\n<meta name=\"robots\" content=\"index, follow, max-snippet:-1, max-image-preview:large, max-video-preview:-1\" \/>\n<link rel=\"canonical\" href=\"https:\/\/corludahaber.com\/h\/suleymanpasa-belediyesinden-ihtiyac-sahibi-soydaslara-yardim-eli\/42347\" \/>\n<meta property=\"og:locale\" content=\"tr_TR\" \/>\n<meta property=\"og:type\" content=\"article\" \/>\n<meta property=\"og:title\" content=\"S\u00fcleymanpa\u015fa Belediyesinden ihtiya\u00e7 sahibi soyda\u015flara yard\u0131m eli | \u00c7orlu&#039;da Haber\" \/>\n<meta property=\"og:description\" content=\"S\u00fcleymanpa\u015fa Belediyesinden ihtiya\u00e7 sahibi soyda\u015flara yard\u0131m eli | \u00c7orlu&#039;da Haber\" \/>\n<meta property=\"og:url\" content=\"https:\/\/corludahaber.com\/h\/suleymanpasa-belediyesinden-ihtiyac-sahibi-soydaslara-yardim-eli\/42347\" \/>\n<meta property=\"og:site_name\" content=\"\u00c7orlu&#039;da Haber\" \/>\n<meta property=\"article:publisher\" content=\"https:\/\/facebook.com\/habercorluda\" \/>\n<meta property=\"article:published_time\" content=\"2022-11-11T16:48:30+00:00\" \/>\n<meta property=\"article:modified_time\" content=\"2022-11-11T16:48:33+00:00\" \/>\n<meta property=\"og:image\" content=\"https:\/\/corludahaber.com\/h\/wp-content\/uploads\/2022\/11\/suleymanpasa-belediyesinden-ihtiyac-sahibi-soydaslara-yardim-eli_636e7cdf12c83.jpeg\" \/>\n\t<meta property=\"og:image:width\" content=\"1024\" \/>\n\t<meta property=\"og:image:height\" content=\"768\" \/>\n\t<meta property=\"og:image:type\" content=\"image\/jpeg\" \/>\n<meta name=\"author\" content=\"\u00c7orlu&#039;da Haber\" \/>\n<meta name=\"twitter:card\" content=\"summary_large_image\" \/>\n<meta name=\"twitter:creator\" content=\"@habercorluda\" \/>\n<meta name=\"twitter:site\" content=\"@habercorluda\" \/>\n<meta name=\"twitter:label1\" content=\"Yazan:\" \/>\n\t<meta name=\"twitter:data1\" content=\"\u00c7orlu&#039;da Haber\" \/>\n\t<meta name=\"twitter:label2\" content=\"Tahmini okuma s\u00fcresi\" \/>\n\t<meta name=\"twitter:data2\" content=\"2 dakika\" \/>\n<script type=\"application\/ld+json\" class=\"yoast-schema-graph\">{\"@context\":\"https:\/\/schema.org\",\"@graph\":[{\"@type\":\"Article\",\"@id\":\"https:\/\/corludahaber.com\/h\/suleymanpasa-belediyesinden-ihtiyac-sahibi-soydaslara-yardim-eli\/42347#article\",\"isPartOf\":{\"@id\":\"https:\/\/corludahaber.com\/h\/suleymanpasa-belediyesinden-ihtiyac-sahibi-soydaslara-yardim-eli\/42347\"},\"author\":{\"name\":\"\u00c7orlu'da Haber\",\"@id\":\"https:\/\/corludahaber.com\/h\/#\/schema\/person\/b523522be44b062db5d74a62589768cd\"},\"headline\":\"S\u00fcleymanpa\u015fa Belediyesinden ihtiya\u00e7 sahibi soyda\u015flara yard\u0131m eli\",\"datePublished\":\"2022-11-11T16:48:30+00:00\",\"dateModified\":\"2022-11-11T16:48:33+00:00\",\"mainEntityOfPage\":{\"@id\":\"https:\/\/corludahaber.com\/h\/suleymanpasa-belediyesinden-ihtiyac-sahibi-soydaslara-yardim-eli\/42347\"},\"wordCount\":396,\"commentCount\":0,\"publisher\":{\"@id\":\"https:\/\/corludahaber.com\/h\/#organization\"},\"image\":{\"@id\":\"https:\/\/corludahaber.com\/h\/suleymanpasa-belediyesinden-ihtiyac-sahibi-soydaslara-yardim-eli\/42347#primaryimage\"},\"thumbnailUrl\":\"https:\/\/corludahaber.com\/h\/wp-content\/uploads\/2022\/11\/suleymanpasa-belediyesinden-ihtiyac-sahibi-soydaslara-yardim-eli_636e7cdf12c83.jpeg\",\"articleSection\":[\"Tekirda\u011f\"],\"inLanguage\":\"tr\",\"potentialAction\":[{\"@type\":\"CommentAction\",\"name\":\"Comment\",\"target\":[\"https:\/\/corludahaber.com\/h\/suleymanpasa-belediyesinden-ihtiyac-sahibi-soydaslara-yardim-eli\/42347#respond\"]}]},{\"@type\":\"WebPage\",\"@id\":\"https:\/\/corludahaber.com\/h\/suleymanpasa-belediyesinden-ihtiyac-sahibi-soydaslara-yardim-eli\/42347\",\"url\":\"https:\/\/corludahaber.com\/h\/suleymanpasa-belediyesinden-ihtiyac-sahibi-soydaslara-yardim-eli\/42347\",\"name\":\"S\u00fcleymanpa\u015fa Belediyesinden ihtiya\u00e7 sahibi soyda\u015flara yard\u0131m eli | \u00c7orlu&#039;da Haber\",\"isPartOf\":{\"@id\":\"https:\/\/corludahaber.com\/h\/#website\"},\"primaryImageOfPage\":{\"@id\":\"https:\/\/corludahaber.com\/h\/suleymanpasa-belediyesinden-ihtiyac-sahibi-soydaslara-yardim-eli\/42347#primaryimage\"},\"image\":{\"@id\":\"https:\/\/corludahaber.com\/h\/suleymanpasa-belediyesinden-ihtiyac-sahibi-soydaslara-yardim-eli\/42347#primaryimage\"},\"thumbnailUrl\":\"https:\/\/corludahaber.com\/h\/wp-content\/uploads\/2022\/11\/suleymanpasa-belediyesinden-ihtiyac-sahibi-soydaslara-yardim-eli_636e7cdf12c83.jpeg\",\"datePublished\":\"2022-11-11T16:48:30+00:00\",\"dateModified\":\"2022-11-11T16:48:33+00:00\",\"description\":\"S\u00fcleymanpa\u015fa Belediyesinden ihtiya\u00e7 sahibi soyda\u015flara yard\u0131m eli | \u00c7orlu&#039;da Haber\",\"breadcrumb\":{\"@id\":\"https:\/\/corludahaber.com\/h\/suleymanpasa-belediyesinden-ihtiyac-sahibi-soydaslara-yardim-eli\/42347#breadcrumb\"},\"inLanguage\":\"tr\",\"potentialAction\":[{\"@type\":\"ReadAction\",\"target\":[\"https:\/\/corludahaber.com\/h\/suleymanpasa-belediyesinden-ihtiyac-sahibi-soydaslara-yardim-eli\/42347\"]}]},{\"@type\":\"ImageObject\",\"inLanguage\":\"tr\",\"@id\":\"https:\/\/corludahaber.com\/h\/suleymanpasa-belediyesinden-ihtiyac-sahibi-soydaslara-yardim-eli\/42347#primaryimage\",\"url\":\"https:\/\/corludahaber.com\/h\/wp-content\/uploads\/2022\/11\/suleymanpasa-belediyesinden-ihtiyac-sahibi-soydaslara-yardim-eli_636e7cdf12c83.jpeg\",\"contentUrl\":\"https:\/\/corludahaber.com\/h\/wp-content\/uploads\/2022\/11\/suleymanpasa-belediyesinden-ihtiyac-sahibi-soydaslara-yardim-eli_636e7cdf12c83.jpeg\",\"width\":1024,\"height\":768},{\"@type\":\"BreadcrumbList\",\"@id\":\"https:\/\/corludahaber.com\/h\/suleymanpasa-belediyesinden-ihtiyac-sahibi-soydaslara-yardim-eli\/42347#breadcrumb\",\"itemListElement\":[{\"@type\":\"ListItem\",\"position\":1,\"name\":\"Anasayfa\",\"item\":\"https:\/\/corludahaber.com\/h\/\"},{\"@type\":\"ListItem\",\"position\":2,\"name\":\"Tekirda\u011f\",\"item\":\"https:\/\/corludahaber.com\/h\/kategori\/tekirdag\"},{\"@type\":\"ListItem\",\"position\":3,\"name\":\"S\u00fcleymanpa\u015fa Belediyesinden ihtiya\u00e7 sahibi soyda\u015flara yard\u0131m eli\"}]},{\"@type\":\"WebSite\",\"@id\":\"https:\/\/corludahaber.com\/h\/#website\",\"url\":\"https:\/\/corludahaber.com\/h\/\",\"name\":\"\u00c7orlu'da Haber\",\"description\":\"Ger\u00e7ek Tarafs\u0131z Haber\",\"publisher\":{\"@id\":\"https:\/\/corludahaber.com\/h\/#organization\"},\"potentialAction\":[{\"@type\":\"SearchAction\",\"target\":{\"@type\":\"EntryPoint\",\"urlTemplate\":\"https:\/\/corludahaber.com\/h\/?s={search_term_string}\"},\"query-input\":\"required name=search_term_string\"}],\"inLanguage\":\"tr\"},{\"@type\":\"Organization\",\"@id\":\"https:\/\/corludahaber.com\/h\/#organization\",\"name\":\"\u00c7orlu'da Haber\",\"url\":\"https:\/\/corludahaber.com\/h\/\",\"logo\":{\"@type\":\"ImageObject\",\"inLanguage\":\"tr\",\"@id\":\"https:\/\/corludahaber.com\/h\/#\/schema\/logo\/image\/\",\"url\":\"https:\/\/corludahaber.com\/h\/wp-content\/uploads\/2021\/12\/logo__9__1_-removebg-preview.png\",\"contentUrl\":\"https:\/\/corludahaber.com\/h\/wp-content\/uploads\/2021\/12\/logo__9__1_-removebg-preview.png\",\"width\":500,\"height\":157,\"caption\":\"\u00c7orlu'da Haber\"},\"image\":{\"@id\":\"https:\/\/corludahaber.com\/h\/#\/schema\/logo\/image\/\"},\"sameAs\":[\"https:\/\/facebook.com\/habercorluda\",\"https:\/\/x.com\/habercorluda\",\"https:\/\/www.instagram.com\/corludahaber\",\"https:\/\/www.youtube.com\/user\/corludahaber\"]},{\"@type\":\"Person\",\"@id\":\"https:\/\/corludahaber.com\/h\/#\/schema\/person\/b523522be44b062db5d74a62589768cd\",\"name\":\"\u00c7orlu'da Haber\",\"image\":{\"@type\":\"ImageObject\",\"inLanguage\":\"tr\",\"@id\":\"https:\/\/corludahaber.com\/h\/#\/schema\/person\/image\/\",\"url\":\"https:\/\/secure.gravatar.com\/avatar\/1033e54e078c29fd7f053370086ff627ba414b05c2b231c418a481adecd764ce?s=96&d=blank&r=g\",\"contentUrl\":\"https:\/\/secure.gravatar.com\/avatar\/1033e54e078c29fd7f053370086ff627ba414b05c2b231c418a481adecd764ce?s=96&d=blank&r=g\",\"caption\":\"\u00c7orlu'da Haber\"},\"sameAs\":[\"https:\/\/corludahaber.com\/h\"],\"url\":\"https:\/\/corludahaber.com\/h\/author\/admin\"}]}<\/script>\n<!-- \/ Yoast SEO Premium plugin. -->","yoast_head_json":{"title":"S\u00fcleymanpa\u015fa Belediyesinden ihtiya\u00e7 sahibi soyda\u015flara yard\u0131m eli | \u00c7orlu&#039;da Haber","description":"S\u00fcleymanpa\u015fa Belediyesinden ihtiya\u00e7 sahibi soyda\u015flara yard\u0131m eli | \u00c7orlu&#039;da Haber","robots":{"index":"index","follow":"follow","max-snippet":"max-snippet:-1","max-image-preview":"max-image-preview:large","max-video-preview":"max-video-preview:-1"},"canonical":"https:\/\/corludahaber.com\/h\/suleymanpasa-belediyesinden-ihtiyac-sahibi-soydaslara-yardim-eli\/42347","og_locale":"tr_TR","og_type":"article","og_title":"S\u00fcleymanpa\u015fa Belediyesinden ihtiya\u00e7 sahibi soyda\u015flara yard\u0131m eli | \u00c7orlu&#039;da Haber","og_description":"S\u00fcleymanpa\u015fa Belediyesinden ihtiya\u00e7 sahibi soyda\u015flara yard\u0131m eli | \u00c7orlu&#039;da Haber","og_url":"https:\/\/corludahaber.com\/h\/suleymanpasa-belediyesinden-ihtiyac-sahibi-soydaslara-yardim-eli\/42347","og_site_name":"\u00c7orlu&#039;da Haber","article_publisher":"https:\/\/facebook.com\/habercorluda","article_published_time":"2022-11-11T16:48:30+00:00","article_modified_time":"2022-11-11T16:48:33+00:00","og_image":[{"width":1024,"height":768,"url":"https:\/\/corludahaber.com\/h\/wp-content\/uploads\/2022\/11\/suleymanpasa-belediyesinden-ihtiyac-sahibi-soydaslara-yardim-eli_636e7cdf12c83.jpeg","type":"image\/jpeg"}],"author":"\u00c7orlu'da Haber","twitter_card":"summary_large_image","twitter_creator":"@habercorluda","twitter_site":"@habercorluda","twitter_misc":{"Yazan:":"\u00c7orlu'da Haber","Tahmini okuma s\u00fcresi":"2 dakika"},"schema":{"@context":"https:\/\/schema.org","@graph":[{"@type":"Article","@id":"https:\/\/corludahaber.com\/h\/suleymanpasa-belediyesinden-ihtiyac-sahibi-soydaslara-yardim-eli\/42347#article","isPartOf":{"@id":"https:\/\/corludahaber.com\/h\/suleymanpasa-belediyesinden-ihtiyac-sahibi-soydaslara-yardim-eli\/42347"},"author":{"name":"\u00c7orlu'da Haber","@id":"https:\/\/corludahaber.com\/h\/#\/schema\/person\/b523522be44b062db5d74a62589768cd"},"headline":"S\u00fcleymanpa\u015fa Belediyesinden ihtiya\u00e7 sahibi soyda\u015flara yard\u0131m eli","datePublished":"2022-11-11T16:48:30+00:00","dateModified":"2022-11-11T16:48:33+00:00","mainEntityOfPage":{"@id":"https:\/\/corludahaber.com\/h\/suleymanpasa-belediyesinden-ihtiyac-sahibi-soydaslara-yardim-eli\/42347"},"wordCount":396,"commentCount":0,"publisher":{"@id":"https:\/\/corludahaber.com\/h\/#organization"},"image":{"@id":"https:\/\/corludahaber.com\/h\/suleymanpasa-belediyesinden-ihtiyac-sahibi-soydaslara-yardim-eli\/42347#primaryimage"},"thumbnailUrl":"https:\/\/corludahaber.com\/h\/wp-content\/uploads\/2022\/11\/suleymanpasa-belediyesinden-ihtiyac-sahibi-soydaslara-yardim-eli_636e7cdf12c83.jpeg","articleSection":["Tekirda\u011f"],"inLanguage":"tr","potentialAction":[{"@type":"CommentAction","name":"Comment","target":["https:\/\/corludahaber.com\/h\/suleymanpasa-belediyesinden-ihtiyac-sahibi-soydaslara-yardim-eli\/42347#respond"]}]},{"@type":"WebPage","@id":"https:\/\/corludahaber.com\/h\/suleymanpasa-belediyesinden-ihtiyac-sahibi-soydaslara-yardim-eli\/42347","url":"https:\/\/corludahaber.com\/h\/suleymanpasa-belediyesinden-ihtiyac-sahibi-soydaslara-yardim-eli\/42347","name":"S\u00fcleymanpa\u015fa Belediyesinden ihtiya\u00e7 sahibi soyda\u015flara yard\u0131m eli | \u00c7orlu&#039;da Haber","isPartOf":{"@id":"https:\/\/corludahaber.com\/h\/#website"},"primaryImageOfPage":{"@id":"https:\/\/corludahaber.com\/h\/suleymanpasa-belediyesinden-ihtiyac-sahibi-soydaslara-yardim-eli\/42347#primaryimage"},"image":{"@id":"https:\/\/corludahaber.com\/h\/suleymanpasa-belediyesinden-ihtiyac-sahibi-soydaslara-yardim-eli\/42347#primaryimage"},"thumbnailUrl":"https:\/\/corludahaber.com\/h\/wp-content\/uploads\/2022\/11\/suleymanpasa-belediyesinden-ihtiyac-sahibi-soydaslara-yardim-eli_636e7cdf12c83.jpeg","datePublished":"2022-11-11T16:48:30+00:00","dateModified":"2022-11-11T16:48:33+00:00","description":"S\u00fcleymanpa\u015fa Belediyesinden ihtiya\u00e7 sahibi soyda\u015flara yard\u0131m eli | \u00c7orlu&#039;da Haber","breadcrumb":{"@id":"https:\/\/corludahaber.com\/h\/suleymanpasa-belediyesinden-ihtiyac-sahibi-soydaslara-yardim-eli\/42347#breadcrumb"},"inLanguage":"tr","potentialAction":[{"@type":"ReadAction","target":["https:\/\/corludahaber.com\/h\/suleymanpasa-belediyesinden-ihtiyac-sahibi-soydaslara-yardim-eli\/42347"]}]},{"@type":"ImageObject","inLanguage":"tr","@id":"https:\/\/corludahaber.com\/h\/suleymanpasa-belediyesinden-ihtiyac-sahibi-soydaslara-yardim-eli\/42347#primaryimage","url":"https:\/\/corludahaber.com\/h\/wp-content\/uploads\/2022\/11\/suleymanpasa-belediyesinden-ihtiyac-sahibi-soydaslara-yardim-eli_636e7cdf12c83.jpeg","contentUrl":"https:\/\/corludahaber.com\/h\/wp-content\/uploads\/2022\/11\/suleymanpasa-belediyesinden-ihtiyac-sahibi-soydaslara-yardim-eli_636e7cdf12c83.jpeg","width":1024,"height":768},{"@type":"BreadcrumbList","@id":"https:\/\/corludahaber.com\/h\/suleymanpasa-belediyesinden-ihtiyac-sahibi-soydaslara-yardim-eli\/42347#breadcrumb","itemListElement":[{"@type":"ListItem","position":1,"name":"Anasayfa","item":"https:\/\/corludahaber.com\/h\/"},{"@type":"ListItem","position":2,"name":"Tekirda\u011f","item":"https:\/\/corludahaber.com\/h\/kategori\/tekirdag"},{"@type":"ListItem","position":3,"name":"S\u00fcleymanpa\u015fa Belediyesinden ihtiya\u00e7 sahibi soyda\u015flara yard\u0131m eli"}]},{"@type":"WebSite","@id":"https:\/\/corludahaber.com\/h\/#website","url":"https:\/\/corludahaber.com\/h\/","name":"\u00c7orlu'da Haber","description":"Ger\u00e7ek Tarafs\u0131z Haber","publisher":{"@id":"https:\/\/corludahaber.com\/h\/#organization"},"potentialAction":[{"@type":"SearchAction","target":{"@type":"EntryPoint","urlTemplate":"https:\/\/corludahaber.com\/h\/?s={search_term_string}"},"query-input":"required name=search_term_string"}],"inLanguage":"tr"},{"@type":"Organization","@id":"https:\/\/corludahaber.com\/h\/#organization","name":"\u00c7orlu'da Haber","url":"https:\/\/corludahaber.com\/h\/","logo":{"@type":"ImageObject","inLanguage":"tr","@id":"https:\/\/corludahaber.com\/h\/#\/schema\/logo\/image\/","url":"https:\/\/corludahaber.com\/h\/wp-content\/uploads\/2021\/12\/logo__9__1_-removebg-preview.png","contentUrl":"https:\/\/corludahaber.com\/h\/wp-content\/uploads\/2021\/12\/logo__9__1_-removebg-preview.png","width":500,"height":157,"caption":"\u00c7orlu'da Haber"},"image":{"@id":"https:\/\/corludahaber.com\/h\/#\/schema\/logo\/image\/"},"sameAs":["https:\/\/facebook.com\/habercorluda","https:\/\/x.com\/habercorluda","https:\/\/www.instagram.com\/corludahaber","https:\/\/www.youtube.com\/user\/corludahaber"]},{"@type":"Person","@id":"https:\/\/corludahaber.com\/h\/#\/schema\/person\/b523522be44b062db5d74a62589768cd","name":"\u00c7orlu'da Haber","image":{"@type":"ImageObject","inLanguage":"tr","@id":"https:\/\/corludahaber.com\/h\/#\/schema\/person\/image\/","url":"https:\/\/secure.gravatar.com\/avatar\/1033e54e078c29fd7f053370086ff627ba414b05c2b231c418a481adecd764ce?s=96&d=blank&r=g","contentUrl":"https:\/\/secure.gravatar.com\/avatar\/1033e54e078c29fd7f053370086ff627ba414b05c2b231c418a481adecd764ce?s=96&d=blank&r=g","caption":"\u00c7orlu'da Haber"},"sameAs":["https:\/\/corludahaber.com\/h"],"url":"https:\/\/corludahaber.com\/h\/author\/admin"}]}},"_links":{"self":[{"href":"https:\/\/corludahaber.com\/h\/wp-json\/wp\/v2\/posts\/42347","targetHints":{"allow":["GET"]}}],"collection":[{"href":"https:\/\/corludahaber.com\/h\/wp-json\/wp\/v2\/posts"}],"about":[{"href":"https:\/\/corludahaber.com\/h\/wp-json\/wp\/v2\/types\/post"}],"author":[{"embeddable":true,"href":"https:\/\/corludahaber.com\/h\/wp-json\/wp\/v2\/users\/151"}],"replies":[{"embeddable":true,"href":"https:\/\/corludahaber.com\/h\/wp-json\/wp\/v2\/comments?post=42347"}],"version-history":[{"count":0,"href":"https:\/\/corludahaber.com\/h\/wp-json\/wp\/v2\/posts\/42347\/revisions"}],"wp:featuredmedia":[{"embeddable":true,"href":"https:\/\/corludahaber.com\/h\/wp-json\/wp\/v2\/media\/42348"}],"wp:attachment":[{"href":"https:\/\/corludahaber.com\/h\/wp-json\/wp\/v2\/media?parent=42347"}],"wp:term":[{"taxonomy":"category","embeddable":true,"href":"https:\/\/corludahaber.com\/h\/wp-json\/wp\/v2\/categories?post=42347"},{"taxonomy":"post_tag","embeddable":true,"href":"https:\/\/corludahaber.com\/h\/wp-json\/wp\/v2\/tags?post=42347"}],"curies":[{"name":"wp","href":"https:\/\/api.w.org\/{rel}","templated":true}]}}