{"id":40201,"date":"2022-10-03T19:49:40","date_gmt":"2022-10-03T16:49:40","guid":{"rendered":"https:\/\/corludahaber.com\/h\/buyuksehir-belediyesi-yol-yapim-calismalarina-devam-ediyor-4\/40201"},"modified":"2022-10-03T19:49:43","modified_gmt":"2022-10-03T16:49:43","slug":"buyuksehir-belediyesi-yol-yapim-calismalarina-devam-ediyor-4","status":"publish","type":"post","link":"https:\/\/corludahaber.com\/h\/buyuksehir-belediyesi-yol-yapim-calismalarina-devam-ediyor-4\/40201","title":{"rendered":"B\u00dcY\u00dcK\u015eEH\u0130R BELED\u0130YES\u0130 YOL YAPIM \u00c7ALI\u015eMALARINA DEVAM ED\u0130YOR"},"content":{"rendered":"<div class=\"corlu-icerikten-once_3\" id=\"corlu-1897826648\"><script type='text\/javascript' src='https:\/\/platform-api.sharethis.com\/js\/sharethis.js#property=5ce8cf08af7d000012cb0ca1&product=inline-reaction-buttons' async='async'><\/script>\r\n\r\n<\/div><p><span style=\"vertical-align: inherit;\"><span style=\"vertical-align: inherit;\"><\/p>\n<div readability=\"32\">\n<p>B\u00dcY\u00dcK\u015eEH\u0130R BELED\u0130YES\u0130 YOL YAPIM \u00c7ALI\u015eMALARINA DEVAM ED\u0130YOR<\/p>\n<p>\n              <span class=\"icon\"><i class=\"far fa-calendar-alt\"><\/i><\/span><br \/>\n              03\/10\/2022 10:17:29            <\/p>\n<\/p><\/div>\n<div readability=\"48\">\n<p>Tekirda\u011f B\u00fcy\u00fck\u015fehir Belediyesi ula\u015f\u0131m kalitesini artt\u0131rmak ve yol a\u011f\u0131n\u0131 g\u00fc\u00e7lendirmek amac\u0131yla il genelinde yol yap\u0131m, onar\u0131m ve bak\u0131m \u00e7al\u0131\u015fmalar\u0131na h\u0131z kesmeden devam ediyor.<\/p>\n<p>B\u00fcy\u00fck\u015fehir Belediyesi Fen \u0130\u015fleri Dairesi Ba\u015fkanl\u0131\u011f\u0131 taraf\u0131ndan s\u00fcrd\u00fcr\u00fclen \u00e7al\u0131\u015fmalar kapsam\u0131nda \u00c7orlu il\u00e7enin Sar\u0131lar Yolu \u00c7orlu Cezaevi ile \u00c7evreyolu aras\u0131nda ba\u015flat\u0131lan BSK s\u0131cak asfalt serim \u00e7al\u0131\u015fmalar\u0131 tamamland\u0131. \u00c7al\u0131\u015fma kapsam\u0131nda 2200 metre uzunlu\u011fa, 7,5 metre geni\u015fli\u011fe sahip yolda toplam 2200 ton s\u0131cak asfalt serimi ger\u00e7ekle\u015ftirildi.<\/p>\n<p>Konu ile ilgili a\u00e7\u0131klama yapan Tekirda\u011f B\u00fcy\u00fck\u015fehir Belediye Ba\u015fkan\u0131 Kadir Albayrak, \u201cTekirda\u011f genelinde yol yap\u0131m, onar\u0131m ve bak\u0131m \u00e7al\u0131\u015fmalar\u0131na mesai mefhumu g\u00f6zetmeden b\u00fcy\u00fck bir titizlik ile devam ediyoruz. \u00c7orlu il\u00e7emizde BSK s\u0131cak asfalt serim \u00e7al\u0131\u015fmalar\u0131 tamamlanan yolumuzun il\u00e7emize ve vatanda\u015flar\u0131m\u0131za hay\u0131rl\u0131 olmas\u0131n\u0131 dilerim.\u201d dedi.<\/p>\n<\/div>\n<p><\/span><\/span><\/p>\n<blockquote><p><em><span style=\"color: #ff0000;\">Bu haber Tekirda\u011f B\u00fcy\u00fck\u015fehir Belediyesinin Kendi sitesinden botlar yard\u0131m\u0131yla otomatik olarak eklenmi\u015ftir. Bu i\u00e7erikte \u00c7orlu&#8217;da Haber edit\u00f6rleri herhangi bir m\u00fcdahalede bulunmam\u0131\u015ft\u0131r.<\/span><\/em><\/p><\/blockquote>\n<div class=\"corlu-icerikten-sonra_3\" id=\"corlu-3034067811\"><p><img loading=\"lazy\" decoding=\"async\" class=\"aligncenter\" src=\"https:\/\/www.corludahaber.com\/bahcesehir.jpg\" alt=\"\" width=\"624\" height=\"196\" \/><\/p>\n<table style=\"text-align: left; width: 100%;\" border=\"1\" cellspacing=\"2\" cellpadding=\"2\">\n<tbody>\n<tr>\n<td style=\"background-color: #050805;\"><span style=\"font-size: 12pt;\"><small><small><em><strong><big><span style=\"color: #ff0000;\">Haber ve resimlerin telif haklar\u0131ndan dolay\u0131 kullan\u0131m\u0131 yasakt\u0131r<span style=\"color: #000000;\">.<\/span><\/span><span style=\"color: #000000;\">\u00a0<\/span><span style=\"color: #ffffff;\">Yaz\u0131l\u0131 izni al\u0131nmadan hi\u00e7bir yaz\u0131l\u0131, g\u00f6rsel, i\u015fitsel i\u00e7erik kopyalanamaz, de\u011fi\u015ftirilemez, yay\u0131nlanamaz veya sat\u0131lamaz. Aksi halde<\/span>\u00a0<span style=\"color: #ff0000;\">5846<span style=\"color: #ffffff;\">\u00a0<\/span><\/span><span style=\"color: #ffffff;\">say\u0131l\u0131 Fikir ve Sanat Eserleri Kanunu\u2019na ve<\/span>\u00a0<span style=\"color: #800000;\"><span style=\"color: #ff0000;\">6102<\/span><span style=\"color: #ffffff;\">\u00a0<\/span><\/span><span style=\"color: #ffffff;\">say\u0131l\u0131 maddesine g\u00f6re<\/span>\u00a0<span style=\"color: #ff0000;\">gerekli i\u015flemler uygulanacakt\u0131r.<\/span><br \/>\n<span style=\"color: #ffffff;\">\u00a9 Copyright 2014<\/span><\/big><\/strong><\/em><\/small><\/small><\/span><\/td>\n<\/tr>\n<\/tbody>\n<\/table>\n<p><small><small>\u00a0<\/small><\/small><\/p>\n<\/div>","protected":false},"excerpt":{"rendered":"<p>B\u00dcY\u00dcK\u015eEH\u0130R BELED\u0130YES\u0130 YOL YAPIM \u00c7ALI\u015eMALARINA DEVAM ED\u0130YOR 03\/10\/2022 10:17:29 Tekirda\u011f B\u00fcy\u00fck\u015fehir Belediyesi ula\u015f\u0131m kalitesini artt\u0131rmak ve yol a\u011f\u0131n\u0131 g\u00fc\u00e7lendirmek amac\u0131yla il genelinde yol yap\u0131m, onar\u0131m ve bak\u0131m \u00e7al\u0131\u015fmalar\u0131na h\u0131z kesmeden devam ediyor. B\u00fcy\u00fck\u015fehir Belediyesi Fen \u0130\u015fleri Dairesi Ba\u015fkanl\u0131\u011f\u0131 taraf\u0131ndan s\u00fcrd\u00fcr\u00fclen \u00e7al\u0131\u015fmalar kapsam\u0131nda \u00c7orlu il\u00e7enin Sar\u0131lar Yolu \u00c7orlu Cezaevi ile \u00c7evreyolu aras\u0131nda ba\u015flat\u0131lan BSK s\u0131cak asfalt &hellip;<\/p>\n","protected":false},"author":151,"featured_media":40202,"comment_status":"open","ping_status":"closed","sticky":false,"template":"","format":"standard","meta":{"footnotes":""},"categories":[23],"tags":[],"class_list":["post-40201","post","type-post","status-publish","format-standard","has-post-thumbnail","hentry","category-tekirdag"],"yoast_head":"<!-- This site is optimized with the Yoast SEO Premium plugin v23.3 (Yoast SEO v23.3) - https:\/\/yoast.com\/wordpress\/plugins\/seo\/ -->\n<title>B\u00dcY\u00dcK\u015eEH\u0130R BELED\u0130YES\u0130 YOL YAPIM \u00c7ALI\u015eMALARINA DEVAM ED\u0130YOR | \u00c7orlu&#039;da Haber<\/title>\n<meta name=\"description\" content=\"B\u00dcY\u00dcK\u015eEH\u0130R BELED\u0130YES\u0130 YOL YAPIM \u00c7ALI\u015eMALARINA DEVAM ED\u0130YOR | \u00c7orlu&#039;da Haber\" \/>\n<meta name=\"robots\" content=\"index, follow, max-snippet:-1, max-image-preview:large, max-video-preview:-1\" \/>\n<link rel=\"canonical\" href=\"https:\/\/corludahaber.com\/h\/buyuksehir-belediyesi-yol-yapim-calismalarina-devam-ediyor-4\/40201\" \/>\n<meta property=\"og:locale\" content=\"tr_TR\" \/>\n<meta property=\"og:type\" content=\"article\" \/>\n<meta property=\"og:title\" content=\"B\u00dcY\u00dcK\u015eEH\u0130R BELED\u0130YES\u0130 YOL YAPIM \u00c7ALI\u015eMALARINA DEVAM ED\u0130YOR | \u00c7orlu&#039;da Haber\" \/>\n<meta property=\"og:description\" content=\"B\u00dcY\u00dcK\u015eEH\u0130R BELED\u0130YES\u0130 YOL YAPIM \u00c7ALI\u015eMALARINA DEVAM ED\u0130YOR | \u00c7orlu&#039;da Haber\" \/>\n<meta property=\"og:url\" content=\"https:\/\/corludahaber.com\/h\/buyuksehir-belediyesi-yol-yapim-calismalarina-devam-ediyor-4\/40201\" \/>\n<meta property=\"og:site_name\" content=\"\u00c7orlu&#039;da Haber\" \/>\n<meta property=\"article:publisher\" content=\"https:\/\/facebook.com\/habercorluda\" \/>\n<meta property=\"article:published_time\" content=\"2022-10-03T16:49:40+00:00\" \/>\n<meta property=\"article:modified_time\" content=\"2022-10-03T16:49:43+00:00\" \/>\n<meta property=\"og:image\" content=\"https:\/\/corludahaber.com\/h\/wp-content\/uploads\/2022\/10\/buyuksehir-belediyesi-yol-yapim-calismalarina-devam-ediyor_633b12a535cf5.jpeg\" \/>\n\t<meta property=\"og:image:width\" content=\"1020\" \/>\n\t<meta property=\"og:image:height\" content=\"600\" \/>\n\t<meta property=\"og:image:type\" content=\"image\/jpeg\" \/>\n<meta name=\"author\" content=\"\u00c7orlu&#039;da Haber\" \/>\n<meta name=\"twitter:card\" content=\"summary_large_image\" \/>\n<meta name=\"twitter:creator\" content=\"@habercorluda\" \/>\n<meta name=\"twitter:site\" content=\"@habercorluda\" \/>\n<meta name=\"twitter:label1\" content=\"Yazan:\" \/>\n\t<meta name=\"twitter:data1\" content=\"\u00c7orlu&#039;da Haber\" \/>\n\t<meta name=\"twitter:label2\" content=\"Tahmini okuma s\u00fcresi\" \/>\n\t<meta name=\"twitter:data2\" content=\"1 dakika\" \/>\n<script type=\"application\/ld+json\" class=\"yoast-schema-graph\">{\"@context\":\"https:\/\/schema.org\",\"@graph\":[{\"@type\":\"Article\",\"@id\":\"https:\/\/corludahaber.com\/h\/buyuksehir-belediyesi-yol-yapim-calismalarina-devam-ediyor-4\/40201#article\",\"isPartOf\":{\"@id\":\"https:\/\/corludahaber.com\/h\/buyuksehir-belediyesi-yol-yapim-calismalarina-devam-ediyor-4\/40201\"},\"author\":{\"name\":\"\u00c7orlu'da Haber\",\"@id\":\"https:\/\/corludahaber.com\/h\/#\/schema\/person\/b523522be44b062db5d74a62589768cd\"},\"headline\":\"B\u00dcY\u00dcK\u015eEH\u0130R BELED\u0130YES\u0130 YOL YAPIM \u00c7ALI\u015eMALARINA DEVAM ED\u0130YOR\",\"datePublished\":\"2022-10-03T16:49:40+00:00\",\"dateModified\":\"2022-10-03T16:49:43+00:00\",\"mainEntityOfPage\":{\"@id\":\"https:\/\/corludahaber.com\/h\/buyuksehir-belediyesi-yol-yapim-calismalarina-devam-ediyor-4\/40201\"},\"wordCount\":229,\"commentCount\":0,\"publisher\":{\"@id\":\"https:\/\/corludahaber.com\/h\/#organization\"},\"image\":{\"@id\":\"https:\/\/corludahaber.com\/h\/buyuksehir-belediyesi-yol-yapim-calismalarina-devam-ediyor-4\/40201#primaryimage\"},\"thumbnailUrl\":\"https:\/\/corludahaber.com\/h\/wp-content\/uploads\/2022\/10\/buyuksehir-belediyesi-yol-yapim-calismalarina-devam-ediyor_633b12a535cf5.jpeg\",\"articleSection\":[\"Tekirda\u011f\"],\"inLanguage\":\"tr\",\"potentialAction\":[{\"@type\":\"CommentAction\",\"name\":\"Comment\",\"target\":[\"https:\/\/corludahaber.com\/h\/buyuksehir-belediyesi-yol-yapim-calismalarina-devam-ediyor-4\/40201#respond\"]}]},{\"@type\":\"WebPage\",\"@id\":\"https:\/\/corludahaber.com\/h\/buyuksehir-belediyesi-yol-yapim-calismalarina-devam-ediyor-4\/40201\",\"url\":\"https:\/\/corludahaber.com\/h\/buyuksehir-belediyesi-yol-yapim-calismalarina-devam-ediyor-4\/40201\",\"name\":\"B\u00dcY\u00dcK\u015eEH\u0130R BELED\u0130YES\u0130 YOL YAPIM \u00c7ALI\u015eMALARINA DEVAM ED\u0130YOR | \u00c7orlu&#039;da Haber\",\"isPartOf\":{\"@id\":\"https:\/\/corludahaber.com\/h\/#website\"},\"primaryImageOfPage\":{\"@id\":\"https:\/\/corludahaber.com\/h\/buyuksehir-belediyesi-yol-yapim-calismalarina-devam-ediyor-4\/40201#primaryimage\"},\"image\":{\"@id\":\"https:\/\/corludahaber.com\/h\/buyuksehir-belediyesi-yol-yapim-calismalarina-devam-ediyor-4\/40201#primaryimage\"},\"thumbnailUrl\":\"https:\/\/corludahaber.com\/h\/wp-content\/uploads\/2022\/10\/buyuksehir-belediyesi-yol-yapim-calismalarina-devam-ediyor_633b12a535cf5.jpeg\",\"datePublished\":\"2022-10-03T16:49:40+00:00\",\"dateModified\":\"2022-10-03T16:49:43+00:00\",\"description\":\"B\u00dcY\u00dcK\u015eEH\u0130R BELED\u0130YES\u0130 YOL YAPIM \u00c7ALI\u015eMALARINA DEVAM ED\u0130YOR | \u00c7orlu&#039;da Haber\",\"breadcrumb\":{\"@id\":\"https:\/\/corludahaber.com\/h\/buyuksehir-belediyesi-yol-yapim-calismalarina-devam-ediyor-4\/40201#breadcrumb\"},\"inLanguage\":\"tr\",\"potentialAction\":[{\"@type\":\"ReadAction\",\"target\":[\"https:\/\/corludahaber.com\/h\/buyuksehir-belediyesi-yol-yapim-calismalarina-devam-ediyor-4\/40201\"]}]},{\"@type\":\"ImageObject\",\"inLanguage\":\"tr\",\"@id\":\"https:\/\/corludahaber.com\/h\/buyuksehir-belediyesi-yol-yapim-calismalarina-devam-ediyor-4\/40201#primaryimage\",\"url\":\"https:\/\/corludahaber.com\/h\/wp-content\/uploads\/2022\/10\/buyuksehir-belediyesi-yol-yapim-calismalarina-devam-ediyor_633b12a535cf5.jpeg\",\"contentUrl\":\"https:\/\/corludahaber.com\/h\/wp-content\/uploads\/2022\/10\/buyuksehir-belediyesi-yol-yapim-calismalarina-devam-ediyor_633b12a535cf5.jpeg\",\"width\":1020,\"height\":600},{\"@type\":\"BreadcrumbList\",\"@id\":\"https:\/\/corludahaber.com\/h\/buyuksehir-belediyesi-yol-yapim-calismalarina-devam-ediyor-4\/40201#breadcrumb\",\"itemListElement\":[{\"@type\":\"ListItem\",\"position\":1,\"name\":\"Anasayfa\",\"item\":\"https:\/\/corludahaber.com\/h\/\"},{\"@type\":\"ListItem\",\"position\":2,\"name\":\"Tekirda\u011f\",\"item\":\"https:\/\/corludahaber.com\/h\/kategori\/tekirdag\"},{\"@type\":\"ListItem\",\"position\":3,\"name\":\"B\u00dcY\u00dcK\u015eEH\u0130R BELED\u0130YES\u0130 YOL YAPIM \u00c7ALI\u015eMALARINA DEVAM ED\u0130YOR\"}]},{\"@type\":\"WebSite\",\"@id\":\"https:\/\/corludahaber.com\/h\/#website\",\"url\":\"https:\/\/corludahaber.com\/h\/\",\"name\":\"\u00c7orlu'da Haber\",\"description\":\"Ger\u00e7ek Tarafs\u0131z Haber\",\"publisher\":{\"@id\":\"https:\/\/corludahaber.com\/h\/#organization\"},\"potentialAction\":[{\"@type\":\"SearchAction\",\"target\":{\"@type\":\"EntryPoint\",\"urlTemplate\":\"https:\/\/corludahaber.com\/h\/?s={search_term_string}\"},\"query-input\":\"required name=search_term_string\"}],\"inLanguage\":\"tr\"},{\"@type\":\"Organization\",\"@id\":\"https:\/\/corludahaber.com\/h\/#organization\",\"name\":\"\u00c7orlu'da Haber\",\"url\":\"https:\/\/corludahaber.com\/h\/\",\"logo\":{\"@type\":\"ImageObject\",\"inLanguage\":\"tr\",\"@id\":\"https:\/\/corludahaber.com\/h\/#\/schema\/logo\/image\/\",\"url\":\"https:\/\/corludahaber.com\/h\/wp-content\/uploads\/2021\/12\/logo__9__1_-removebg-preview.png\",\"contentUrl\":\"https:\/\/corludahaber.com\/h\/wp-content\/uploads\/2021\/12\/logo__9__1_-removebg-preview.png\",\"width\":500,\"height\":157,\"caption\":\"\u00c7orlu'da Haber\"},\"image\":{\"@id\":\"https:\/\/corludahaber.com\/h\/#\/schema\/logo\/image\/\"},\"sameAs\":[\"https:\/\/facebook.com\/habercorluda\",\"https:\/\/x.com\/habercorluda\",\"https:\/\/www.instagram.com\/corludahaber\",\"https:\/\/www.youtube.com\/user\/corludahaber\"]},{\"@type\":\"Person\",\"@id\":\"https:\/\/corludahaber.com\/h\/#\/schema\/person\/b523522be44b062db5d74a62589768cd\",\"name\":\"\u00c7orlu'da Haber\",\"image\":{\"@type\":\"ImageObject\",\"inLanguage\":\"tr\",\"@id\":\"https:\/\/corludahaber.com\/h\/#\/schema\/person\/image\/\",\"url\":\"https:\/\/secure.gravatar.com\/avatar\/1033e54e078c29fd7f053370086ff627ba414b05c2b231c418a481adecd764ce?s=96&d=blank&r=g\",\"contentUrl\":\"https:\/\/secure.gravatar.com\/avatar\/1033e54e078c29fd7f053370086ff627ba414b05c2b231c418a481adecd764ce?s=96&d=blank&r=g\",\"caption\":\"\u00c7orlu'da Haber\"},\"sameAs\":[\"https:\/\/corludahaber.com\/h\"],\"url\":\"https:\/\/corludahaber.com\/h\/author\/admin\"}]}<\/script>\n<!-- \/ Yoast SEO Premium plugin. -->","yoast_head_json":{"title":"B\u00dcY\u00dcK\u015eEH\u0130R BELED\u0130YES\u0130 YOL YAPIM \u00c7ALI\u015eMALARINA DEVAM ED\u0130YOR | \u00c7orlu&#039;da Haber","description":"B\u00dcY\u00dcK\u015eEH\u0130R BELED\u0130YES\u0130 YOL YAPIM \u00c7ALI\u015eMALARINA DEVAM ED\u0130YOR | \u00c7orlu&#039;da Haber","robots":{"index":"index","follow":"follow","max-snippet":"max-snippet:-1","max-image-preview":"max-image-preview:large","max-video-preview":"max-video-preview:-1"},"canonical":"https:\/\/corludahaber.com\/h\/buyuksehir-belediyesi-yol-yapim-calismalarina-devam-ediyor-4\/40201","og_locale":"tr_TR","og_type":"article","og_title":"B\u00dcY\u00dcK\u015eEH\u0130R BELED\u0130YES\u0130 YOL YAPIM \u00c7ALI\u015eMALARINA DEVAM ED\u0130YOR | \u00c7orlu&#039;da Haber","og_description":"B\u00dcY\u00dcK\u015eEH\u0130R BELED\u0130YES\u0130 YOL YAPIM \u00c7ALI\u015eMALARINA DEVAM ED\u0130YOR | \u00c7orlu&#039;da Haber","og_url":"https:\/\/corludahaber.com\/h\/buyuksehir-belediyesi-yol-yapim-calismalarina-devam-ediyor-4\/40201","og_site_name":"\u00c7orlu&#039;da Haber","article_publisher":"https:\/\/facebook.com\/habercorluda","article_published_time":"2022-10-03T16:49:40+00:00","article_modified_time":"2022-10-03T16:49:43+00:00","og_image":[{"width":1020,"height":600,"url":"https:\/\/corludahaber.com\/h\/wp-content\/uploads\/2022\/10\/buyuksehir-belediyesi-yol-yapim-calismalarina-devam-ediyor_633b12a535cf5.jpeg","type":"image\/jpeg"}],"author":"\u00c7orlu'da Haber","twitter_card":"summary_large_image","twitter_creator":"@habercorluda","twitter_site":"@habercorluda","twitter_misc":{"Yazan:":"\u00c7orlu'da Haber","Tahmini okuma s\u00fcresi":"1 dakika"},"schema":{"@context":"https:\/\/schema.org","@graph":[{"@type":"Article","@id":"https:\/\/corludahaber.com\/h\/buyuksehir-belediyesi-yol-yapim-calismalarina-devam-ediyor-4\/40201#article","isPartOf":{"@id":"https:\/\/corludahaber.com\/h\/buyuksehir-belediyesi-yol-yapim-calismalarina-devam-ediyor-4\/40201"},"author":{"name":"\u00c7orlu'da Haber","@id":"https:\/\/corludahaber.com\/h\/#\/schema\/person\/b523522be44b062db5d74a62589768cd"},"headline":"B\u00dcY\u00dcK\u015eEH\u0130R BELED\u0130YES\u0130 YOL YAPIM \u00c7ALI\u015eMALARINA DEVAM ED\u0130YOR","datePublished":"2022-10-03T16:49:40+00:00","dateModified":"2022-10-03T16:49:43+00:00","mainEntityOfPage":{"@id":"https:\/\/corludahaber.com\/h\/buyuksehir-belediyesi-yol-yapim-calismalarina-devam-ediyor-4\/40201"},"wordCount":229,"commentCount":0,"publisher":{"@id":"https:\/\/corludahaber.com\/h\/#organization"},"image":{"@id":"https:\/\/corludahaber.com\/h\/buyuksehir-belediyesi-yol-yapim-calismalarina-devam-ediyor-4\/40201#primaryimage"},"thumbnailUrl":"https:\/\/corludahaber.com\/h\/wp-content\/uploads\/2022\/10\/buyuksehir-belediyesi-yol-yapim-calismalarina-devam-ediyor_633b12a535cf5.jpeg","articleSection":["Tekirda\u011f"],"inLanguage":"tr","potentialAction":[{"@type":"CommentAction","name":"Comment","target":["https:\/\/corludahaber.com\/h\/buyuksehir-belediyesi-yol-yapim-calismalarina-devam-ediyor-4\/40201#respond"]}]},{"@type":"WebPage","@id":"https:\/\/corludahaber.com\/h\/buyuksehir-belediyesi-yol-yapim-calismalarina-devam-ediyor-4\/40201","url":"https:\/\/corludahaber.com\/h\/buyuksehir-belediyesi-yol-yapim-calismalarina-devam-ediyor-4\/40201","name":"B\u00dcY\u00dcK\u015eEH\u0130R BELED\u0130YES\u0130 YOL YAPIM \u00c7ALI\u015eMALARINA DEVAM ED\u0130YOR | \u00c7orlu&#039;da Haber","isPartOf":{"@id":"https:\/\/corludahaber.com\/h\/#website"},"primaryImageOfPage":{"@id":"https:\/\/corludahaber.com\/h\/buyuksehir-belediyesi-yol-yapim-calismalarina-devam-ediyor-4\/40201#primaryimage"},"image":{"@id":"https:\/\/corludahaber.com\/h\/buyuksehir-belediyesi-yol-yapim-calismalarina-devam-ediyor-4\/40201#primaryimage"},"thumbnailUrl":"https:\/\/corludahaber.com\/h\/wp-content\/uploads\/2022\/10\/buyuksehir-belediyesi-yol-yapim-calismalarina-devam-ediyor_633b12a535cf5.jpeg","datePublished":"2022-10-03T16:49:40+00:00","dateModified":"2022-10-03T16:49:43+00:00","description":"B\u00dcY\u00dcK\u015eEH\u0130R BELED\u0130YES\u0130 YOL YAPIM \u00c7ALI\u015eMALARINA DEVAM ED\u0130YOR | \u00c7orlu&#039;da Haber","breadcrumb":{"@id":"https:\/\/corludahaber.com\/h\/buyuksehir-belediyesi-yol-yapim-calismalarina-devam-ediyor-4\/40201#breadcrumb"},"inLanguage":"tr","potentialAction":[{"@type":"ReadAction","target":["https:\/\/corludahaber.com\/h\/buyuksehir-belediyesi-yol-yapim-calismalarina-devam-ediyor-4\/40201"]}]},{"@type":"ImageObject","inLanguage":"tr","@id":"https:\/\/corludahaber.com\/h\/buyuksehir-belediyesi-yol-yapim-calismalarina-devam-ediyor-4\/40201#primaryimage","url":"https:\/\/corludahaber.com\/h\/wp-content\/uploads\/2022\/10\/buyuksehir-belediyesi-yol-yapim-calismalarina-devam-ediyor_633b12a535cf5.jpeg","contentUrl":"https:\/\/corludahaber.com\/h\/wp-content\/uploads\/2022\/10\/buyuksehir-belediyesi-yol-yapim-calismalarina-devam-ediyor_633b12a535cf5.jpeg","width":1020,"height":600},{"@type":"BreadcrumbList","@id":"https:\/\/corludahaber.com\/h\/buyuksehir-belediyesi-yol-yapim-calismalarina-devam-ediyor-4\/40201#breadcrumb","itemListElement":[{"@type":"ListItem","position":1,"name":"Anasayfa","item":"https:\/\/corludahaber.com\/h\/"},{"@type":"ListItem","position":2,"name":"Tekirda\u011f","item":"https:\/\/corludahaber.com\/h\/kategori\/tekirdag"},{"@type":"ListItem","position":3,"name":"B\u00dcY\u00dcK\u015eEH\u0130R BELED\u0130YES\u0130 YOL YAPIM \u00c7ALI\u015eMALARINA DEVAM ED\u0130YOR"}]},{"@type":"WebSite","@id":"https:\/\/corludahaber.com\/h\/#website","url":"https:\/\/corludahaber.com\/h\/","name":"\u00c7orlu'da Haber","description":"Ger\u00e7ek Tarafs\u0131z Haber","publisher":{"@id":"https:\/\/corludahaber.com\/h\/#organization"},"potentialAction":[{"@type":"SearchAction","target":{"@type":"EntryPoint","urlTemplate":"https:\/\/corludahaber.com\/h\/?s={search_term_string}"},"query-input":"required name=search_term_string"}],"inLanguage":"tr"},{"@type":"Organization","@id":"https:\/\/corludahaber.com\/h\/#organization","name":"\u00c7orlu'da Haber","url":"https:\/\/corludahaber.com\/h\/","logo":{"@type":"ImageObject","inLanguage":"tr","@id":"https:\/\/corludahaber.com\/h\/#\/schema\/logo\/image\/","url":"https:\/\/corludahaber.com\/h\/wp-content\/uploads\/2021\/12\/logo__9__1_-removebg-preview.png","contentUrl":"https:\/\/corludahaber.com\/h\/wp-content\/uploads\/2021\/12\/logo__9__1_-removebg-preview.png","width":500,"height":157,"caption":"\u00c7orlu'da Haber"},"image":{"@id":"https:\/\/corludahaber.com\/h\/#\/schema\/logo\/image\/"},"sameAs":["https:\/\/facebook.com\/habercorluda","https:\/\/x.com\/habercorluda","https:\/\/www.instagram.com\/corludahaber","https:\/\/www.youtube.com\/user\/corludahaber"]},{"@type":"Person","@id":"https:\/\/corludahaber.com\/h\/#\/schema\/person\/b523522be44b062db5d74a62589768cd","name":"\u00c7orlu'da Haber","image":{"@type":"ImageObject","inLanguage":"tr","@id":"https:\/\/corludahaber.com\/h\/#\/schema\/person\/image\/","url":"https:\/\/secure.gravatar.com\/avatar\/1033e54e078c29fd7f053370086ff627ba414b05c2b231c418a481adecd764ce?s=96&d=blank&r=g","contentUrl":"https:\/\/secure.gravatar.com\/avatar\/1033e54e078c29fd7f053370086ff627ba414b05c2b231c418a481adecd764ce?s=96&d=blank&r=g","caption":"\u00c7orlu'da Haber"},"sameAs":["https:\/\/corludahaber.com\/h"],"url":"https:\/\/corludahaber.com\/h\/author\/admin"}]}},"_links":{"self":[{"href":"https:\/\/corludahaber.com\/h\/wp-json\/wp\/v2\/posts\/40201","targetHints":{"allow":["GET"]}}],"collection":[{"href":"https:\/\/corludahaber.com\/h\/wp-json\/wp\/v2\/posts"}],"about":[{"href":"https:\/\/corludahaber.com\/h\/wp-json\/wp\/v2\/types\/post"}],"author":[{"embeddable":true,"href":"https:\/\/corludahaber.com\/h\/wp-json\/wp\/v2\/users\/151"}],"replies":[{"embeddable":true,"href":"https:\/\/corludahaber.com\/h\/wp-json\/wp\/v2\/comments?post=40201"}],"version-history":[{"count":0,"href":"https:\/\/corludahaber.com\/h\/wp-json\/wp\/v2\/posts\/40201\/revisions"}],"wp:featuredmedia":[{"embeddable":true,"href":"https:\/\/corludahaber.com\/h\/wp-json\/wp\/v2\/media\/40202"}],"wp:attachment":[{"href":"https:\/\/corludahaber.com\/h\/wp-json\/wp\/v2\/media?parent=40201"}],"wp:term":[{"taxonomy":"category","embeddable":true,"href":"https:\/\/corludahaber.com\/h\/wp-json\/wp\/v2\/categories?post=40201"},{"taxonomy":"post_tag","embeddable":true,"href":"https:\/\/corludahaber.com\/h\/wp-json\/wp\/v2\/tags?post=40201"}],"curies":[{"name":"wp","href":"https:\/\/api.w.org\/{rel}","templated":true}]}}