{"id":37754,"date":"2022-08-20T11:49:05","date_gmt":"2022-08-20T08:49:05","guid":{"rendered":"https:\/\/corludahaber.com\/h\/sinir-kapilarindan-1-milyon-872-bin-gurbetci-geldi\/37754"},"modified":"2022-08-20T11:49:05","modified_gmt":"2022-08-20T08:49:05","slug":"sinir-kapilarindan-1-milyon-872-bin-gurbetci-geldi","status":"publish","type":"post","link":"https:\/\/corludahaber.com\/h\/sinir-kapilarindan-1-milyon-872-bin-gurbetci-geldi\/37754","title":{"rendered":"S\u0131n\u0131r kap\u0131lar\u0131ndan 1 milyon 872 bin gurbet\u00e7i geldi"},"content":{"rendered":"<div class=\"corlu-icerikten-once_3\" id=\"corlu-3629198466\"><script type='text\/javascript' src='https:\/\/platform-api.sharethis.com\/js\/sharethis.js#property=5ce8cf08af7d000012cb0ca1&product=inline-reaction-buttons' async='async'><\/script>\r\n\r\n<\/div><div><span class=\"category-name hidden\"\/><\/p><div class=\"corlu-icerik-2\" id=\"corlu-1233655748\"><!-- Admatic AUTO ads START -->\r\n<ins data-publisher=\"adm-pub-155556240050\" data-ad-network=\"659428a24d11b285b616c18d\"   class=\"adm-ads-area\"><\/ins>\r\n<script type=\"text\/javascript\" src=\"https:\/\/static.cdn.admatic.com.tr\/showad\/showad.min.js\"><\/script>\r\n<!-- Admatic AUTO ads END --><\/div>\n<p>Ali Can ZERAY-U\u011fur AKAG\u00dcND\u00dcZ\/ED\u0130RNE, (DHA)- AVRUPA&#8217;da ya\u015fayan gurbet\u00e7iler, yaz tatillerini ge\u00e7irmek \u00fczere bu y\u0131l ana vatana ak\u0131n etti. Haziran ay\u0131ndan itibaren Edirne ve K\u0131rklareli&#8217;den Bulgaristan ile Yunanistan&#8217;a a\u00e7\u0131lan s\u0131n\u0131r kap\u0131lar\u0131ndan 1 milyon 872 bin gurbet\u00e7i kara yoluyla geldi.<br \/>Edirne&#8217;den Bulgaristan&#8217;a a\u00e7\u0131lan Kap\u0131kule, Hamzabeyli, Yunanistan&#8217;a a\u00e7\u0131lan \u0130psala, Pazarkule ile K\u0131rklareli&#8217;nin Bulgaristan&#8217;a a\u00e7\u0131lan Derek\u00f6y s\u0131n\u0131r kap\u0131lar\u0131ndan, 2019 y\u0131l\u0131nda 412 bin 795 ara\u00e7la 1 milyon 703 bin 908 gurbet\u00e7i ana vatana geldi. 2020&#8217;de pandemi nedeniyle bu say\u0131 120 bin ara\u00e7la 492 bin 942&#8217;ye d\u00fc\u015ft\u00fc. 2021 y\u0131l\u0131nda kara yoluyla 356 bin 187 ara\u00e7la 1 milyon 402 bin 969 gurbet\u00e7i geldi. Bu y\u0131l haziran ay\u0131ndan itibaren ise bu 5 s\u0131n\u0131r kap\u0131s\u0131ndan 193 bin 102 ara\u00e7la, 1 milyon 872 bin\u00a0gurbet\u00e7i ana vatana giri\u015f yapt\u0131. Bu, son y\u0131llar\u0131n en b\u00fcy\u00fck rakam\u0131 oldu.\u00a0<br \/>SINIR KAPILARINDA D\u00d6N\u00dc\u015e YO\u011eUNLU\u011eU<br \/>Bu y\u0131l \u00fclkeye gelen ve y\u0131ll\u0131k izinlerini tamamlayan gurbet\u00e7ilerden 812 bin 606&#8217;s\u0131 ya\u015fad\u0131klar\u0131 \u00fclkelere geri d\u00f6nd\u00fc. D\u00f6n\u00fc\u015f yolculu\u011funu s\u00fcrd\u00fcren gurbet\u00e7iler, s\u0131n\u0131r kap\u0131lar\u0131nda yo\u011funluk olu\u015fturdu. Yunanistan&#8217;a a\u00e7\u0131lan Pazarkule S\u0131n\u0131r Kap\u0131s\u0131&#8217;ndan \u00e7\u0131k\u0131\u015f yapacak gurbet\u00e7iler, zaman zaman 2 kilometreyi a\u015fan ara\u00e7 kuyru\u011fu olu\u015fturdu. Kap\u0131kule&#8217;de 1750 ara\u00e7l\u0131k otopark\u0131n b\u00fcy\u00fck k\u0131sm\u0131 dolarken, kara yolu \u00fczerinde de yo\u011funluk olu\u015ftu.<br \/>Hava s\u0131cakl\u0131\u011f\u0131n\u0131n 35 dereceyi buldu\u011fu kentte otoparkta s\u0131ran\u0131n kendisine gelmesini bekleyen gurbet\u00e7ilere, Edirne Valili\u011fi \u00f6nc\u00fcl\u00fc\u011f\u00fcnde kurulan stantlarda \u00e7ay ve so\u011fuk i\u00e7ecekler ikram ediliyor. Tesis \u015feklinde kurulan alanda ihtiya\u00e7lar\u0131n\u0131 giderip bekleyen gurbet\u00e7iler, s\u0131ran\u0131n gelmesiyle yollar\u0131na devam ediyor. Trakya G\u00fcmr\u00fck ve D\u0131\u015f Ticaret B\u00f6lge M\u00fcd\u00fcrl\u00fc\u011f\u00fc, s\u0131n\u0131r kap\u0131lar\u0131nda, peron ve personel say\u0131s\u0131n\u0131 art\u0131r\u0131p, ald\u0131\u011f\u0131 \u00f6nlemlerle gurbet\u00e7ilerin \u00e7\u0131k\u0131\u015flar\u0131n\u0131 h\u0131zland\u0131r\u0131yor.<br \/>&#8216;GEL\u0130RKEN SEV\u0130N\u00c7TEN, G\u0130DERKEN \u00dcZ\u00dcNT\u00dcDEN A\u011eLIYORUZ&#8217;<br \/>\u0130zmit&#8217;ten, ya\u015fad\u0131\u011f\u0131 Almanya&#8217;ya d\u00f6nmek i\u00e7in Kap\u0131kule S\u0131n\u0131r Kap\u0131s\u0131&#8217;na gelen Mustafa Pekta\u015f, T\u00fcrkiye&#8217;den ayr\u0131lman\u0131n buruk h\u00fczn\u00fcn\u00fc ya\u015fad\u0131\u011f\u0131n\u0131 s\u00f6yledi. T\u00fcrkiye&#8217;ye geldiklerinde sevin\u00e7ten, \u00e7\u0131k\u0131\u015fta h\u00fcz\u00fcnden a\u011flad\u0131klar\u0131n\u0131 belirten Pekta\u015f, &#8220;4 hafta iznimizi yapt\u0131k. Biraz yo\u011fun ge\u00e7ti, i\u015flerimiz vard\u0131. Bekliyoruz her seneki gibi. \u015eu bayra\u011f\u0131 g\u00f6rd\u00fc\u011f\u00fcm\u00fczde, geldi\u011fimizde sevin\u00e7ten, giderken de \u00fcz\u00fcnt\u00fcden a\u011fl\u0131yoruz. \u00c7ok zor oluyor ama bunu T\u00fcrkiye&#8217;dekiler anlayam\u0131yorlar. Biz buraya gelince, &#8216;Siz yurt d\u0131\u015f\u0131ndan geliyorsunuz. Orada sizin i\u00e7in her \u015fey g\u00fczel&#8217; diyorlar ama vatan hasreti, \u015fu ezan\u0131n sesini bile insan \u00f6zl\u00fcyor. \u00d6zlemez olur mu? G\u00fcn saymaya ba\u015flad\u0131k. 360 g\u00fcn kald\u0131. Allah nasip ederse, biz her sene T\u00fcrkiye&#8217;ye geliriz. Ba\u015fka bir \u00fclkeyi tercih etmiyoruz. Bizim vatan\u0131m\u0131zdan g\u00fczel \u00fclke yok&#8221; dedi.<br \/>Alt\u0131noluk&#8217;tan Almanya&#8217;ya d\u00f6n\u00fc\u015f i\u00e7in Kap\u0131kule S\u0131n\u0131r Kap\u0131s\u0131&#8217;nda bekleyen \u00d6zlem Do\u011fan da &#8220;Gezdik, dola\u015ft\u0131k. Denize girdik. \u00c7ok g\u00fczel ge\u00e7ti. \u0130nsan geriye d\u00f6nmek istemiyor. \u015eu anda yeni yeni g\u00f6zya\u015f\u0131m\u0131z durdu. \u00c7ok \u00fcz\u00fcld\u00fck. Aileyi insan b\u0131rak\u0131nca \u00fcz\u00fcl\u00fcyor. Bir de memleketindesin, T\u00fcrk\u00e7e konu\u015fuyorsun, herkesi g\u00f6r\u00fcyorsun, rahats\u0131n. \u00c7ok g\u00fczel an\u0131lar\u0131m\u0131z oldu. \u015eimdiden seneyi hayal ediyoruz&#8221; diye konu\u015ftu. (DHA)<\/p>\n<p>FOTO\u011eRAFLI<\/p>\n<\/div>\n<blockquote><p><span style=\"color: #ff0000;\">Sitemiz <\/span><img loading=\"lazy\" decoding=\"async\" src=\"https:\/\/corludahaber.com\/h\/wp-content\/uploads\/2022\/06\/dha-logo-white.png\" alt=\"\" width=\"80\" height=\"80\" \/>\u00a0<span style=\"color: #ff9900;\"><span style=\"color: #ff0000;\">abonesidir. Bu kategoride yer alan haberler <span style=\"color: #ffffff;\">Demir\u00f6ren Haber Ajans\u0131<\/span> Muhabirleri taraf\u0131ndan ge\u00e7ilen haberlerdir ve sitemiz edit\u00f6rleri taraf\u0131ndan herhangi bir m\u00fcdahalede bulunulmam\u0131\u015ft\u0131r.<\/span><\/span><\/p><\/blockquote>\n<div class=\"corlu-icerikten-sonra_3\" id=\"corlu-842229003\"><p><img loading=\"lazy\" decoding=\"async\" class=\"aligncenter\" src=\"https:\/\/www.corludahaber.com\/bahcesehir.jpg\" alt=\"\" width=\"624\" height=\"196\" \/><\/p>\n<table style=\"text-align: left; width: 100%;\" border=\"1\" cellspacing=\"2\" cellpadding=\"2\">\n<tbody>\n<tr>\n<td style=\"background-color: #050805;\"><span style=\"font-size: 12pt;\"><small><small><em><strong><big><span style=\"color: #ff0000;\">Haber ve resimlerin telif haklar\u0131ndan dolay\u0131 kullan\u0131m\u0131 yasakt\u0131r<span style=\"color: #000000;\">.<\/span><\/span><span style=\"color: #000000;\">\u00a0<\/span><span style=\"color: #ffffff;\">Yaz\u0131l\u0131 izni al\u0131nmadan hi\u00e7bir yaz\u0131l\u0131, g\u00f6rsel, i\u015fitsel i\u00e7erik kopyalanamaz, de\u011fi\u015ftirilemez, yay\u0131nlanamaz veya sat\u0131lamaz. Aksi halde<\/span>\u00a0<span style=\"color: #ff0000;\">5846<span style=\"color: #ffffff;\">\u00a0<\/span><\/span><span style=\"color: #ffffff;\">say\u0131l\u0131 Fikir ve Sanat Eserleri Kanunu\u2019na ve<\/span>\u00a0<span style=\"color: #800000;\"><span style=\"color: #ff0000;\">6102<\/span><span style=\"color: #ffffff;\">\u00a0<\/span><\/span><span style=\"color: #ffffff;\">say\u0131l\u0131 maddesine g\u00f6re<\/span>\u00a0<span style=\"color: #ff0000;\">gerekli i\u015flemler uygulanacakt\u0131r.<\/span><br \/>\n<span style=\"color: #ffffff;\">\u00a9 Copyright 2014<\/span><\/big><\/strong><\/em><\/small><\/small><\/span><\/td>\n<\/tr>\n<\/tbody>\n<\/table>\n<p><small><small>\u00a0<\/small><\/small><\/p>\n<\/div>","protected":false},"excerpt":{"rendered":"<p>Ali Can ZERAY-U\u011fur AKAG\u00dcND\u00dcZ\/ED\u0130RNE, (DHA)- AVRUPA&#8217;da ya\u015fayan gurbet\u00e7iler, yaz tatillerini ge\u00e7irmek \u00fczere bu y\u0131l ana vatana ak\u0131n etti. Haziran ay\u0131ndan itibaren Edirne ve K\u0131rklareli&#8217;den Bulgaristan ile Yunanistan&#8217;a a\u00e7\u0131lan s\u0131n\u0131r kap\u0131lar\u0131ndan 1 milyon 872 bin gurbet\u00e7i kara yoluyla geldi.Edirne&#8217;den Bulgaristan&#8217;a a\u00e7\u0131lan Kap\u0131kule, Hamzabeyli, Yunanistan&#8217;a a\u00e7\u0131lan \u0130psala, Pazarkule ile K\u0131rklareli&#8217;nin Bulgaristan&#8217;a a\u00e7\u0131lan Derek\u00f6y s\u0131n\u0131r kap\u0131lar\u0131ndan, 2019 y\u0131l\u0131nda &hellip;<\/p>\n","protected":false},"author":151,"featured_media":37755,"comment_status":"open","ping_status":"open","sticky":false,"template":"","format":"standard","meta":{"footnotes":""},"categories":[121],"tags":[],"class_list":["post-37754","post","type-post","status-publish","format-standard","has-post-thumbnail","hentry","category-edirne"],"yoast_head":"<!-- This site is optimized with the Yoast SEO Premium plugin v23.3 (Yoast SEO v23.3) - https:\/\/yoast.com\/wordpress\/plugins\/seo\/ -->\n<title>S\u0131n\u0131r kap\u0131lar\u0131ndan 1 milyon 872 bin gurbet\u00e7i geldi | \u00c7orlu&#039;da Haber<\/title>\n<meta name=\"description\" content=\"S\u0131n\u0131r kap\u0131lar\u0131ndan 1 milyon 872 bin gurbet\u00e7i geldi | \u00c7orlu&#039;da Haber\" \/>\n<meta name=\"robots\" content=\"index, follow, max-snippet:-1, max-image-preview:large, max-video-preview:-1\" \/>\n<link rel=\"canonical\" href=\"https:\/\/corludahaber.com\/h\/sinir-kapilarindan-1-milyon-872-bin-gurbetci-geldi\/37754\" \/>\n<meta property=\"og:locale\" content=\"tr_TR\" \/>\n<meta property=\"og:type\" content=\"article\" \/>\n<meta property=\"og:title\" content=\"S\u0131n\u0131r kap\u0131lar\u0131ndan 1 milyon 872 bin gurbet\u00e7i geldi | \u00c7orlu&#039;da Haber\" \/>\n<meta property=\"og:description\" content=\"S\u0131n\u0131r kap\u0131lar\u0131ndan 1 milyon 872 bin gurbet\u00e7i geldi | \u00c7orlu&#039;da Haber\" \/>\n<meta property=\"og:url\" content=\"https:\/\/corludahaber.com\/h\/sinir-kapilarindan-1-milyon-872-bin-gurbetci-geldi\/37754\" \/>\n<meta property=\"og:site_name\" content=\"\u00c7orlu&#039;da Haber\" \/>\n<meta property=\"article:publisher\" content=\"https:\/\/facebook.com\/habercorluda\" \/>\n<meta property=\"article:published_time\" content=\"2022-08-20T08:49:05+00:00\" \/>\n<meta property=\"og:image\" content=\"https:\/\/corludahaber.com\/h\/wp-content\/uploads\/2022\/08\/63009d31eb10bb1da0928e8c.jpg\" \/>\n\t<meta property=\"og:image:width\" content=\"600\" \/>\n\t<meta property=\"og:image:height\" content=\"401\" \/>\n\t<meta property=\"og:image:type\" content=\"image\/jpeg\" \/>\n<meta name=\"author\" content=\"\u00c7orlu&#039;da Haber\" \/>\n<meta name=\"twitter:card\" content=\"summary_large_image\" \/>\n<meta name=\"twitter:creator\" content=\"@habercorluda\" \/>\n<meta name=\"twitter:site\" content=\"@habercorluda\" \/>\n<meta name=\"twitter:label1\" content=\"Yazan:\" \/>\n\t<meta name=\"twitter:data1\" content=\"\u00c7orlu&#039;da Haber\" \/>\n\t<meta name=\"twitter:label2\" content=\"Tahmini okuma s\u00fcresi\" \/>\n\t<meta name=\"twitter:data2\" content=\"3 dakika\" \/>\n<script type=\"application\/ld+json\" class=\"yoast-schema-graph\">{\"@context\":\"https:\/\/schema.org\",\"@graph\":[{\"@type\":\"Article\",\"@id\":\"https:\/\/corludahaber.com\/h\/sinir-kapilarindan-1-milyon-872-bin-gurbetci-geldi\/37754#article\",\"isPartOf\":{\"@id\":\"https:\/\/corludahaber.com\/h\/sinir-kapilarindan-1-milyon-872-bin-gurbetci-geldi\/37754\"},\"author\":{\"name\":\"\u00c7orlu'da Haber\",\"@id\":\"https:\/\/corludahaber.com\/h\/#\/schema\/person\/b523522be44b062db5d74a62589768cd\"},\"headline\":\"S\u0131n\u0131r kap\u0131lar\u0131ndan 1 milyon 872 bin gurbet\u00e7i geldi\",\"datePublished\":\"2022-08-20T08:49:05+00:00\",\"dateModified\":\"2022-08-20T08:49:05+00:00\",\"mainEntityOfPage\":{\"@id\":\"https:\/\/corludahaber.com\/h\/sinir-kapilarindan-1-milyon-872-bin-gurbetci-geldi\/37754\"},\"wordCount\":655,\"commentCount\":0,\"publisher\":{\"@id\":\"https:\/\/corludahaber.com\/h\/#organization\"},\"image\":{\"@id\":\"https:\/\/corludahaber.com\/h\/sinir-kapilarindan-1-milyon-872-bin-gurbetci-geldi\/37754#primaryimage\"},\"thumbnailUrl\":\"https:\/\/corludahaber.com\/h\/wp-content\/uploads\/2022\/08\/63009d31eb10bb1da0928e8c.jpg\",\"articleSection\":[\"Edirne\"],\"inLanguage\":\"tr\",\"potentialAction\":[{\"@type\":\"CommentAction\",\"name\":\"Comment\",\"target\":[\"https:\/\/corludahaber.com\/h\/sinir-kapilarindan-1-milyon-872-bin-gurbetci-geldi\/37754#respond\"]}]},{\"@type\":\"WebPage\",\"@id\":\"https:\/\/corludahaber.com\/h\/sinir-kapilarindan-1-milyon-872-bin-gurbetci-geldi\/37754\",\"url\":\"https:\/\/corludahaber.com\/h\/sinir-kapilarindan-1-milyon-872-bin-gurbetci-geldi\/37754\",\"name\":\"S\u0131n\u0131r kap\u0131lar\u0131ndan 1 milyon 872 bin gurbet\u00e7i geldi | \u00c7orlu&#039;da Haber\",\"isPartOf\":{\"@id\":\"https:\/\/corludahaber.com\/h\/#website\"},\"primaryImageOfPage\":{\"@id\":\"https:\/\/corludahaber.com\/h\/sinir-kapilarindan-1-milyon-872-bin-gurbetci-geldi\/37754#primaryimage\"},\"image\":{\"@id\":\"https:\/\/corludahaber.com\/h\/sinir-kapilarindan-1-milyon-872-bin-gurbetci-geldi\/37754#primaryimage\"},\"thumbnailUrl\":\"https:\/\/corludahaber.com\/h\/wp-content\/uploads\/2022\/08\/63009d31eb10bb1da0928e8c.jpg\",\"datePublished\":\"2022-08-20T08:49:05+00:00\",\"dateModified\":\"2022-08-20T08:49:05+00:00\",\"description\":\"S\u0131n\u0131r kap\u0131lar\u0131ndan 1 milyon 872 bin gurbet\u00e7i geldi | \u00c7orlu&#039;da Haber\",\"breadcrumb\":{\"@id\":\"https:\/\/corludahaber.com\/h\/sinir-kapilarindan-1-milyon-872-bin-gurbetci-geldi\/37754#breadcrumb\"},\"inLanguage\":\"tr\",\"potentialAction\":[{\"@type\":\"ReadAction\",\"target\":[\"https:\/\/corludahaber.com\/h\/sinir-kapilarindan-1-milyon-872-bin-gurbetci-geldi\/37754\"]}]},{\"@type\":\"ImageObject\",\"inLanguage\":\"tr\",\"@id\":\"https:\/\/corludahaber.com\/h\/sinir-kapilarindan-1-milyon-872-bin-gurbetci-geldi\/37754#primaryimage\",\"url\":\"https:\/\/corludahaber.com\/h\/wp-content\/uploads\/2022\/08\/63009d31eb10bb1da0928e8c.jpg\",\"contentUrl\":\"https:\/\/corludahaber.com\/h\/wp-content\/uploads\/2022\/08\/63009d31eb10bb1da0928e8c.jpg\",\"width\":600,\"height\":401},{\"@type\":\"BreadcrumbList\",\"@id\":\"https:\/\/corludahaber.com\/h\/sinir-kapilarindan-1-milyon-872-bin-gurbetci-geldi\/37754#breadcrumb\",\"itemListElement\":[{\"@type\":\"ListItem\",\"position\":1,\"name\":\"Anasayfa\",\"item\":\"https:\/\/corludahaber.com\/h\/\"},{\"@type\":\"ListItem\",\"position\":2,\"name\":\"Edirne\",\"item\":\"https:\/\/corludahaber.com\/h\/kategori\/edirne\"},{\"@type\":\"ListItem\",\"position\":3,\"name\":\"S\u0131n\u0131r kap\u0131lar\u0131ndan 1 milyon 872 bin gurbet\u00e7i geldi\"}]},{\"@type\":\"WebSite\",\"@id\":\"https:\/\/corludahaber.com\/h\/#website\",\"url\":\"https:\/\/corludahaber.com\/h\/\",\"name\":\"\u00c7orlu'da Haber\",\"description\":\"Ger\u00e7ek Tarafs\u0131z Haber\",\"publisher\":{\"@id\":\"https:\/\/corludahaber.com\/h\/#organization\"},\"potentialAction\":[{\"@type\":\"SearchAction\",\"target\":{\"@type\":\"EntryPoint\",\"urlTemplate\":\"https:\/\/corludahaber.com\/h\/?s={search_term_string}\"},\"query-input\":\"required name=search_term_string\"}],\"inLanguage\":\"tr\"},{\"@type\":\"Organization\",\"@id\":\"https:\/\/corludahaber.com\/h\/#organization\",\"name\":\"\u00c7orlu'da Haber\",\"url\":\"https:\/\/corludahaber.com\/h\/\",\"logo\":{\"@type\":\"ImageObject\",\"inLanguage\":\"tr\",\"@id\":\"https:\/\/corludahaber.com\/h\/#\/schema\/logo\/image\/\",\"url\":\"https:\/\/corludahaber.com\/h\/wp-content\/uploads\/2021\/12\/logo__9__1_-removebg-preview.png\",\"contentUrl\":\"https:\/\/corludahaber.com\/h\/wp-content\/uploads\/2021\/12\/logo__9__1_-removebg-preview.png\",\"width\":500,\"height\":157,\"caption\":\"\u00c7orlu'da Haber\"},\"image\":{\"@id\":\"https:\/\/corludahaber.com\/h\/#\/schema\/logo\/image\/\"},\"sameAs\":[\"https:\/\/facebook.com\/habercorluda\",\"https:\/\/x.com\/habercorluda\",\"https:\/\/www.instagram.com\/corludahaber\",\"https:\/\/www.youtube.com\/user\/corludahaber\"]},{\"@type\":\"Person\",\"@id\":\"https:\/\/corludahaber.com\/h\/#\/schema\/person\/b523522be44b062db5d74a62589768cd\",\"name\":\"\u00c7orlu'da Haber\",\"image\":{\"@type\":\"ImageObject\",\"inLanguage\":\"tr\",\"@id\":\"https:\/\/corludahaber.com\/h\/#\/schema\/person\/image\/\",\"url\":\"https:\/\/secure.gravatar.com\/avatar\/1033e54e078c29fd7f053370086ff627ba414b05c2b231c418a481adecd764ce?s=96&d=blank&r=g\",\"contentUrl\":\"https:\/\/secure.gravatar.com\/avatar\/1033e54e078c29fd7f053370086ff627ba414b05c2b231c418a481adecd764ce?s=96&d=blank&r=g\",\"caption\":\"\u00c7orlu'da Haber\"},\"sameAs\":[\"https:\/\/corludahaber.com\/h\"],\"url\":\"https:\/\/corludahaber.com\/h\/author\/admin\"}]}<\/script>\n<!-- \/ Yoast SEO Premium plugin. -->","yoast_head_json":{"title":"S\u0131n\u0131r kap\u0131lar\u0131ndan 1 milyon 872 bin gurbet\u00e7i geldi | \u00c7orlu&#039;da Haber","description":"S\u0131n\u0131r kap\u0131lar\u0131ndan 1 milyon 872 bin gurbet\u00e7i geldi | \u00c7orlu&#039;da Haber","robots":{"index":"index","follow":"follow","max-snippet":"max-snippet:-1","max-image-preview":"max-image-preview:large","max-video-preview":"max-video-preview:-1"},"canonical":"https:\/\/corludahaber.com\/h\/sinir-kapilarindan-1-milyon-872-bin-gurbetci-geldi\/37754","og_locale":"tr_TR","og_type":"article","og_title":"S\u0131n\u0131r kap\u0131lar\u0131ndan 1 milyon 872 bin gurbet\u00e7i geldi | \u00c7orlu&#039;da Haber","og_description":"S\u0131n\u0131r kap\u0131lar\u0131ndan 1 milyon 872 bin gurbet\u00e7i geldi | \u00c7orlu&#039;da Haber","og_url":"https:\/\/corludahaber.com\/h\/sinir-kapilarindan-1-milyon-872-bin-gurbetci-geldi\/37754","og_site_name":"\u00c7orlu&#039;da Haber","article_publisher":"https:\/\/facebook.com\/habercorluda","article_published_time":"2022-08-20T08:49:05+00:00","og_image":[{"width":600,"height":401,"url":"https:\/\/corludahaber.com\/h\/wp-content\/uploads\/2022\/08\/63009d31eb10bb1da0928e8c.jpg","type":"image\/jpeg"}],"author":"\u00c7orlu'da Haber","twitter_card":"summary_large_image","twitter_creator":"@habercorluda","twitter_site":"@habercorluda","twitter_misc":{"Yazan:":"\u00c7orlu'da Haber","Tahmini okuma s\u00fcresi":"3 dakika"},"schema":{"@context":"https:\/\/schema.org","@graph":[{"@type":"Article","@id":"https:\/\/corludahaber.com\/h\/sinir-kapilarindan-1-milyon-872-bin-gurbetci-geldi\/37754#article","isPartOf":{"@id":"https:\/\/corludahaber.com\/h\/sinir-kapilarindan-1-milyon-872-bin-gurbetci-geldi\/37754"},"author":{"name":"\u00c7orlu'da Haber","@id":"https:\/\/corludahaber.com\/h\/#\/schema\/person\/b523522be44b062db5d74a62589768cd"},"headline":"S\u0131n\u0131r kap\u0131lar\u0131ndan 1 milyon 872 bin gurbet\u00e7i geldi","datePublished":"2022-08-20T08:49:05+00:00","dateModified":"2022-08-20T08:49:05+00:00","mainEntityOfPage":{"@id":"https:\/\/corludahaber.com\/h\/sinir-kapilarindan-1-milyon-872-bin-gurbetci-geldi\/37754"},"wordCount":655,"commentCount":0,"publisher":{"@id":"https:\/\/corludahaber.com\/h\/#organization"},"image":{"@id":"https:\/\/corludahaber.com\/h\/sinir-kapilarindan-1-milyon-872-bin-gurbetci-geldi\/37754#primaryimage"},"thumbnailUrl":"https:\/\/corludahaber.com\/h\/wp-content\/uploads\/2022\/08\/63009d31eb10bb1da0928e8c.jpg","articleSection":["Edirne"],"inLanguage":"tr","potentialAction":[{"@type":"CommentAction","name":"Comment","target":["https:\/\/corludahaber.com\/h\/sinir-kapilarindan-1-milyon-872-bin-gurbetci-geldi\/37754#respond"]}]},{"@type":"WebPage","@id":"https:\/\/corludahaber.com\/h\/sinir-kapilarindan-1-milyon-872-bin-gurbetci-geldi\/37754","url":"https:\/\/corludahaber.com\/h\/sinir-kapilarindan-1-milyon-872-bin-gurbetci-geldi\/37754","name":"S\u0131n\u0131r kap\u0131lar\u0131ndan 1 milyon 872 bin gurbet\u00e7i geldi | \u00c7orlu&#039;da Haber","isPartOf":{"@id":"https:\/\/corludahaber.com\/h\/#website"},"primaryImageOfPage":{"@id":"https:\/\/corludahaber.com\/h\/sinir-kapilarindan-1-milyon-872-bin-gurbetci-geldi\/37754#primaryimage"},"image":{"@id":"https:\/\/corludahaber.com\/h\/sinir-kapilarindan-1-milyon-872-bin-gurbetci-geldi\/37754#primaryimage"},"thumbnailUrl":"https:\/\/corludahaber.com\/h\/wp-content\/uploads\/2022\/08\/63009d31eb10bb1da0928e8c.jpg","datePublished":"2022-08-20T08:49:05+00:00","dateModified":"2022-08-20T08:49:05+00:00","description":"S\u0131n\u0131r kap\u0131lar\u0131ndan 1 milyon 872 bin gurbet\u00e7i geldi | \u00c7orlu&#039;da Haber","breadcrumb":{"@id":"https:\/\/corludahaber.com\/h\/sinir-kapilarindan-1-milyon-872-bin-gurbetci-geldi\/37754#breadcrumb"},"inLanguage":"tr","potentialAction":[{"@type":"ReadAction","target":["https:\/\/corludahaber.com\/h\/sinir-kapilarindan-1-milyon-872-bin-gurbetci-geldi\/37754"]}]},{"@type":"ImageObject","inLanguage":"tr","@id":"https:\/\/corludahaber.com\/h\/sinir-kapilarindan-1-milyon-872-bin-gurbetci-geldi\/37754#primaryimage","url":"https:\/\/corludahaber.com\/h\/wp-content\/uploads\/2022\/08\/63009d31eb10bb1da0928e8c.jpg","contentUrl":"https:\/\/corludahaber.com\/h\/wp-content\/uploads\/2022\/08\/63009d31eb10bb1da0928e8c.jpg","width":600,"height":401},{"@type":"BreadcrumbList","@id":"https:\/\/corludahaber.com\/h\/sinir-kapilarindan-1-milyon-872-bin-gurbetci-geldi\/37754#breadcrumb","itemListElement":[{"@type":"ListItem","position":1,"name":"Anasayfa","item":"https:\/\/corludahaber.com\/h\/"},{"@type":"ListItem","position":2,"name":"Edirne","item":"https:\/\/corludahaber.com\/h\/kategori\/edirne"},{"@type":"ListItem","position":3,"name":"S\u0131n\u0131r kap\u0131lar\u0131ndan 1 milyon 872 bin gurbet\u00e7i geldi"}]},{"@type":"WebSite","@id":"https:\/\/corludahaber.com\/h\/#website","url":"https:\/\/corludahaber.com\/h\/","name":"\u00c7orlu'da Haber","description":"Ger\u00e7ek Tarafs\u0131z Haber","publisher":{"@id":"https:\/\/corludahaber.com\/h\/#organization"},"potentialAction":[{"@type":"SearchAction","target":{"@type":"EntryPoint","urlTemplate":"https:\/\/corludahaber.com\/h\/?s={search_term_string}"},"query-input":"required name=search_term_string"}],"inLanguage":"tr"},{"@type":"Organization","@id":"https:\/\/corludahaber.com\/h\/#organization","name":"\u00c7orlu'da Haber","url":"https:\/\/corludahaber.com\/h\/","logo":{"@type":"ImageObject","inLanguage":"tr","@id":"https:\/\/corludahaber.com\/h\/#\/schema\/logo\/image\/","url":"https:\/\/corludahaber.com\/h\/wp-content\/uploads\/2021\/12\/logo__9__1_-removebg-preview.png","contentUrl":"https:\/\/corludahaber.com\/h\/wp-content\/uploads\/2021\/12\/logo__9__1_-removebg-preview.png","width":500,"height":157,"caption":"\u00c7orlu'da Haber"},"image":{"@id":"https:\/\/corludahaber.com\/h\/#\/schema\/logo\/image\/"},"sameAs":["https:\/\/facebook.com\/habercorluda","https:\/\/x.com\/habercorluda","https:\/\/www.instagram.com\/corludahaber","https:\/\/www.youtube.com\/user\/corludahaber"]},{"@type":"Person","@id":"https:\/\/corludahaber.com\/h\/#\/schema\/person\/b523522be44b062db5d74a62589768cd","name":"\u00c7orlu'da Haber","image":{"@type":"ImageObject","inLanguage":"tr","@id":"https:\/\/corludahaber.com\/h\/#\/schema\/person\/image\/","url":"https:\/\/secure.gravatar.com\/avatar\/1033e54e078c29fd7f053370086ff627ba414b05c2b231c418a481adecd764ce?s=96&d=blank&r=g","contentUrl":"https:\/\/secure.gravatar.com\/avatar\/1033e54e078c29fd7f053370086ff627ba414b05c2b231c418a481adecd764ce?s=96&d=blank&r=g","caption":"\u00c7orlu'da Haber"},"sameAs":["https:\/\/corludahaber.com\/h"],"url":"https:\/\/corludahaber.com\/h\/author\/admin"}]}},"_links":{"self":[{"href":"https:\/\/corludahaber.com\/h\/wp-json\/wp\/v2\/posts\/37754","targetHints":{"allow":["GET"]}}],"collection":[{"href":"https:\/\/corludahaber.com\/h\/wp-json\/wp\/v2\/posts"}],"about":[{"href":"https:\/\/corludahaber.com\/h\/wp-json\/wp\/v2\/types\/post"}],"author":[{"embeddable":true,"href":"https:\/\/corludahaber.com\/h\/wp-json\/wp\/v2\/users\/151"}],"replies":[{"embeddable":true,"href":"https:\/\/corludahaber.com\/h\/wp-json\/wp\/v2\/comments?post=37754"}],"version-history":[{"count":0,"href":"https:\/\/corludahaber.com\/h\/wp-json\/wp\/v2\/posts\/37754\/revisions"}],"wp:featuredmedia":[{"embeddable":true,"href":"https:\/\/corludahaber.com\/h\/wp-json\/wp\/v2\/media\/37755"}],"wp:attachment":[{"href":"https:\/\/corludahaber.com\/h\/wp-json\/wp\/v2\/media?parent=37754"}],"wp:term":[{"taxonomy":"category","embeddable":true,"href":"https:\/\/corludahaber.com\/h\/wp-json\/wp\/v2\/categories?post=37754"},{"taxonomy":"post_tag","embeddable":true,"href":"https:\/\/corludahaber.com\/h\/wp-json\/wp\/v2\/tags?post=37754"}],"curies":[{"name":"wp","href":"https:\/\/api.w.org\/{rel}","templated":true}]}}