{"id":35205,"date":"2022-07-06T02:25:59","date_gmt":"2022-07-05T23:25:59","guid":{"rendered":"https:\/\/corludahaber.com\/h\/?p=35205"},"modified":"2022-07-06T02:25:59","modified_gmt":"2022-07-05T23:25:59","slug":"fabrika-icinde-kendini-asarak-intihar-etti","status":"publish","type":"post","link":"https:\/\/corludahaber.com\/h\/fabrika-icinde-kendini-asarak-intihar-etti\/35205","title":{"rendered":"Fabrika \u0130\u00e7inde Kendini Asarak \u0130ntihar Etti!"},"content":{"rendered":"<div class=\"corlu-icerikten-once_3\" id=\"corlu-4124350949\"><script type='text\/javascript' src='https:\/\/platform-api.sharethis.com\/js\/sharethis.js#property=5ce8cf08af7d000012cb0ca1&product=inline-reaction-buttons' async='async'><\/script>\r\n\r\n<\/div><p>\u00c7erkezk\u00f6y&#8217;de bir fabrikada \u00e7al\u0131\u015fan 44 ya\u015f\u0131ndaki fabrika i\u015f\u00e7isi Mutlu Y., kendisini iple asarak intihar giri\u015fiminde bulundu.<\/p><div class=\"corlu-icerik-2\" id=\"corlu-2362378617\"><!-- Admatic AUTO ads START -->\r\n<ins data-publisher=\"adm-pub-155556240050\" data-ad-network=\"659428a24d11b285b616c18d\"   class=\"adm-ads-area\"><\/ins>\r\n<script type=\"text\/javascript\" src=\"https:\/\/static.cdn.admatic.com.tr\/showad\/showad.min.js\"><\/script>\r\n<!-- Admatic AUTO ads END --><\/div>\n<p>\u00c7erkezk\u00f6y Organize Sanayi B\u00f6lgesinde bulunan bir fabrikada \u00e7al\u0131\u015fan Mutlu Y., (44) fabrika i\u00e7erisinde ipe as\u0131l\u0131 olarak bulundu. Mesai arkada\u015flar\u0131 taraf\u0131ndan ipten al\u0131nan Mutlu Y., ambulansla kald\u0131r\u0131ld\u0131\u011f\u0131 hastanede tedavi alt\u0131na al\u0131nd\u0131.<\/p>\n<p><strong>\u0130\u015e ARKADA\u015eLARI \u0130PTEN ALDI<\/strong><\/p>\n<p>Olay, \u00c7erkezk\u00f6y Organize Sanayi B\u00f6lgesinde faaliyet g\u00f6steren bir fabrikada meydana geldi. \u0130ddiaya g\u00f6re, bunal\u0131ma girdi\u011fi \u00f6\u011frenilen 44 ya\u015f\u0131ndaki Mutlu Y., i\u015f arkada\u015flar\u0131n\u0131n yemek molas\u0131nda oldu\u011fu esnada kendisini \u00fcretim b\u00f6l\u00fcm\u00fcnde bulunan bir demire asarak intihar etmek istedi.<\/p>\n<p>Durumu fark eden i\u015f arkada\u015flar\u0131, Mutlu Y.&#8217;yi as\u0131l\u0131 oldu\u011fu yerden a\u015fa\u011f\u0131 indirdi. \u0130hbar \u00fczerine olay yerine gelen 112 ekipleri ilk m\u00fcdahalesinin ard\u0131ndan Mutlu Y.&#8217;yi ambulansla \u00d6zel \u0130rmet Hastanesine kald\u0131rd\u0131.<\/p>\n<p>Mutlu Y.\u2019nin yo\u011fun bak\u0131mdaki tedavisinin s\u00fcrd\u00fc\u011f\u00fc \u00f6\u011frenildi. Olayla ilgili ba\u015flat\u0131lan soru\u015fturma s\u00fcr\u00fcyor.<\/p>\n<div class=\"corlu-icerikten-sonra_3\" id=\"corlu-758160008\"><p><img loading=\"lazy\" decoding=\"async\" class=\"aligncenter\" src=\"https:\/\/www.corludahaber.com\/bahcesehir.jpg\" alt=\"\" width=\"624\" height=\"196\" \/><\/p>\n<table style=\"text-align: left; width: 100%;\" border=\"1\" cellspacing=\"2\" cellpadding=\"2\">\n<tbody>\n<tr>\n<td style=\"background-color: #050805;\"><span style=\"font-size: 12pt;\"><small><small><em><strong><big><span style=\"color: #ff0000;\">Haber ve resimlerin telif haklar\u0131ndan dolay\u0131 kullan\u0131m\u0131 yasakt\u0131r<span style=\"color: #000000;\">.<\/span><\/span><span style=\"color: #000000;\">\u00a0<\/span><span style=\"color: #ffffff;\">Yaz\u0131l\u0131 izni al\u0131nmadan hi\u00e7bir yaz\u0131l\u0131, g\u00f6rsel, i\u015fitsel i\u00e7erik kopyalanamaz, de\u011fi\u015ftirilemez, yay\u0131nlanamaz veya sat\u0131lamaz. Aksi halde<\/span>\u00a0<span style=\"color: #ff0000;\">5846<span style=\"color: #ffffff;\">\u00a0<\/span><\/span><span style=\"color: #ffffff;\">say\u0131l\u0131 Fikir ve Sanat Eserleri Kanunu\u2019na ve<\/span>\u00a0<span style=\"color: #800000;\"><span style=\"color: #ff0000;\">6102<\/span><span style=\"color: #ffffff;\">\u00a0<\/span><\/span><span style=\"color: #ffffff;\">say\u0131l\u0131 maddesine g\u00f6re<\/span>\u00a0<span style=\"color: #ff0000;\">gerekli i\u015flemler uygulanacakt\u0131r.<\/span><br \/>\n<span style=\"color: #ffffff;\">\u00a9 Copyright 2014<\/span><\/big><\/strong><\/em><\/small><\/small><\/span><\/td>\n<\/tr>\n<\/tbody>\n<\/table>\n<p><small><small>\u00a0<\/small><\/small><\/p>\n<\/div>","protected":false},"excerpt":{"rendered":"<p>\u00c7erkezk\u00f6y&#8217;de bir fabrikada \u00e7al\u0131\u015fan 44 ya\u015f\u0131ndaki fabrika i\u015f\u00e7isi Mutlu Y., kendisini iple asarak intihar giri\u015fiminde bulundu. \u00c7erkezk\u00f6y Organize Sanayi B\u00f6lgesinde bulunan bir fabrikada \u00e7al\u0131\u015fan Mutlu Y., (44) fabrika i\u00e7erisinde ipe as\u0131l\u0131 olarak bulundu. Mesai arkada\u015flar\u0131 taraf\u0131ndan ipten al\u0131nan Mutlu Y., ambulansla kald\u0131r\u0131ld\u0131\u011f\u0131 hastanede tedavi alt\u0131na al\u0131nd\u0131. \u0130\u015e ARKADA\u015eLARI \u0130PTEN ALDI Olay, \u00c7erkezk\u00f6y Organize Sanayi B\u00f6lgesinde &hellip;<\/p>\n","protected":false},"author":4,"featured_media":29595,"comment_status":"open","ping_status":"open","sticky":false,"template":"","format":"standard","meta":{"footnotes":""},"categories":[1],"tags":[],"class_list":["post-35205","post","type-post","status-publish","format-standard","has-post-thumbnail","hentry","category-genel"],"yoast_head":"<!-- This site is optimized with the Yoast SEO Premium plugin v23.3 (Yoast SEO v23.3) - https:\/\/yoast.com\/wordpress\/plugins\/seo\/ -->\n<title>Fabrika \u0130\u00e7inde Kendini Asarak \u0130ntihar Etti! | \u00c7orlu&#039;da Haber<\/title>\n<meta name=\"description\" content=\"Fabrika \u0130\u00e7inde Kendini Asarak \u0130ntihar Etti! | \u00c7orlu&#039;da Haber\" \/>\n<meta name=\"robots\" content=\"index, follow, max-snippet:-1, max-image-preview:large, max-video-preview:-1\" \/>\n<link rel=\"canonical\" href=\"https:\/\/corludahaber.com\/h\/fabrika-icinde-kendini-asarak-intihar-etti\/35205\" \/>\n<meta property=\"og:locale\" content=\"tr_TR\" \/>\n<meta property=\"og:type\" content=\"article\" \/>\n<meta property=\"og:title\" content=\"Fabrika \u0130\u00e7inde Kendini Asarak \u0130ntihar Etti! | \u00c7orlu&#039;da Haber\" \/>\n<meta property=\"og:description\" content=\"Fabrika \u0130\u00e7inde Kendini Asarak \u0130ntihar Etti! | \u00c7orlu&#039;da Haber\" \/>\n<meta property=\"og:url\" content=\"https:\/\/corludahaber.com\/h\/fabrika-icinde-kendini-asarak-intihar-etti\/35205\" \/>\n<meta property=\"og:site_name\" content=\"\u00c7orlu&#039;da Haber\" \/>\n<meta property=\"article:publisher\" content=\"https:\/\/facebook.com\/habercorluda\" \/>\n<meta property=\"article:published_time\" content=\"2022-07-05T23:25:59+00:00\" \/>\n<meta property=\"og:image\" content=\"https:\/\/corludahaber.com\/h\/wp-content\/uploads\/2022\/04\/IMG_20220209_213659.jpg\" \/>\n\t<meta property=\"og:image:width\" content=\"639\" \/>\n\t<meta property=\"og:image:height\" content=\"480\" \/>\n\t<meta property=\"og:image:type\" content=\"image\/jpeg\" \/>\n<meta name=\"author\" content=\"\u00c7orlu&#039;da Haber\" \/>\n<meta name=\"twitter:card\" content=\"summary_large_image\" \/>\n<meta name=\"twitter:creator\" content=\"@habercorluda\" \/>\n<meta name=\"twitter:site\" content=\"@habercorluda\" \/>\n<meta name=\"twitter:label1\" content=\"Yazan:\" \/>\n\t<meta name=\"twitter:data1\" content=\"\u00c7orlu&#039;da Haber\" \/>\n\t<meta name=\"twitter:label2\" content=\"Tahmini okuma s\u00fcresi\" \/>\n\t<meta name=\"twitter:data2\" content=\"1 dakika\" \/>\n<script type=\"application\/ld+json\" class=\"yoast-schema-graph\">{\"@context\":\"https:\/\/schema.org\",\"@graph\":[{\"@type\":\"Article\",\"@id\":\"https:\/\/corludahaber.com\/h\/fabrika-icinde-kendini-asarak-intihar-etti\/35205#article\",\"isPartOf\":{\"@id\":\"https:\/\/corludahaber.com\/h\/fabrika-icinde-kendini-asarak-intihar-etti\/35205\"},\"author\":{\"name\":\"\u00c7orlu'da Haber\",\"@id\":\"https:\/\/corludahaber.com\/h\/#\/schema\/person\/0644b92b9b7d112c4427b8b9be710e97\"},\"headline\":\"Fabrika \u0130\u00e7inde Kendini Asarak \u0130ntihar Etti!\",\"datePublished\":\"2022-07-05T23:25:59+00:00\",\"dateModified\":\"2022-07-05T23:25:59+00:00\",\"mainEntityOfPage\":{\"@id\":\"https:\/\/corludahaber.com\/h\/fabrika-icinde-kendini-asarak-intihar-etti\/35205\"},\"wordCount\":180,\"commentCount\":0,\"publisher\":{\"@id\":\"https:\/\/corludahaber.com\/h\/#organization\"},\"image\":{\"@id\":\"https:\/\/corludahaber.com\/h\/fabrika-icinde-kendini-asarak-intihar-etti\/35205#primaryimage\"},\"thumbnailUrl\":\"https:\/\/corludahaber.com\/h\/wp-content\/uploads\/2022\/04\/IMG_20220209_213659.jpg\",\"inLanguage\":\"tr\",\"potentialAction\":[{\"@type\":\"CommentAction\",\"name\":\"Comment\",\"target\":[\"https:\/\/corludahaber.com\/h\/fabrika-icinde-kendini-asarak-intihar-etti\/35205#respond\"]}]},{\"@type\":\"WebPage\",\"@id\":\"https:\/\/corludahaber.com\/h\/fabrika-icinde-kendini-asarak-intihar-etti\/35205\",\"url\":\"https:\/\/corludahaber.com\/h\/fabrika-icinde-kendini-asarak-intihar-etti\/35205\",\"name\":\"Fabrika \u0130\u00e7inde Kendini Asarak \u0130ntihar Etti! | \u00c7orlu&#039;da Haber\",\"isPartOf\":{\"@id\":\"https:\/\/corludahaber.com\/h\/#website\"},\"primaryImageOfPage\":{\"@id\":\"https:\/\/corludahaber.com\/h\/fabrika-icinde-kendini-asarak-intihar-etti\/35205#primaryimage\"},\"image\":{\"@id\":\"https:\/\/corludahaber.com\/h\/fabrika-icinde-kendini-asarak-intihar-etti\/35205#primaryimage\"},\"thumbnailUrl\":\"https:\/\/corludahaber.com\/h\/wp-content\/uploads\/2022\/04\/IMG_20220209_213659.jpg\",\"datePublished\":\"2022-07-05T23:25:59+00:00\",\"dateModified\":\"2022-07-05T23:25:59+00:00\",\"description\":\"Fabrika \u0130\u00e7inde Kendini Asarak \u0130ntihar Etti! | \u00c7orlu&#039;da Haber\",\"breadcrumb\":{\"@id\":\"https:\/\/corludahaber.com\/h\/fabrika-icinde-kendini-asarak-intihar-etti\/35205#breadcrumb\"},\"inLanguage\":\"tr\",\"potentialAction\":[{\"@type\":\"ReadAction\",\"target\":[\"https:\/\/corludahaber.com\/h\/fabrika-icinde-kendini-asarak-intihar-etti\/35205\"]}]},{\"@type\":\"ImageObject\",\"inLanguage\":\"tr\",\"@id\":\"https:\/\/corludahaber.com\/h\/fabrika-icinde-kendini-asarak-intihar-etti\/35205#primaryimage\",\"url\":\"https:\/\/corludahaber.com\/h\/wp-content\/uploads\/2022\/04\/IMG_20220209_213659.jpg\",\"contentUrl\":\"https:\/\/corludahaber.com\/h\/wp-content\/uploads\/2022\/04\/IMG_20220209_213659.jpg\",\"width\":639,\"height\":480},{\"@type\":\"BreadcrumbList\",\"@id\":\"https:\/\/corludahaber.com\/h\/fabrika-icinde-kendini-asarak-intihar-etti\/35205#breadcrumb\",\"itemListElement\":[{\"@type\":\"ListItem\",\"position\":1,\"name\":\"Anasayfa\",\"item\":\"https:\/\/corludahaber.com\/h\/\"},{\"@type\":\"ListItem\",\"position\":2,\"name\":\"Genel\",\"item\":\"https:\/\/corludahaber.com\/h\/kategori\/genel\"},{\"@type\":\"ListItem\",\"position\":3,\"name\":\"Fabrika \u0130\u00e7inde Kendini Asarak \u0130ntihar Etti!\"}]},{\"@type\":\"WebSite\",\"@id\":\"https:\/\/corludahaber.com\/h\/#website\",\"url\":\"https:\/\/corludahaber.com\/h\/\",\"name\":\"\u00c7orlu'da Haber\",\"description\":\"Ger\u00e7ek Tarafs\u0131z Haber\",\"publisher\":{\"@id\":\"https:\/\/corludahaber.com\/h\/#organization\"},\"potentialAction\":[{\"@type\":\"SearchAction\",\"target\":{\"@type\":\"EntryPoint\",\"urlTemplate\":\"https:\/\/corludahaber.com\/h\/?s={search_term_string}\"},\"query-input\":\"required name=search_term_string\"}],\"inLanguage\":\"tr\"},{\"@type\":\"Organization\",\"@id\":\"https:\/\/corludahaber.com\/h\/#organization\",\"name\":\"\u00c7orlu'da Haber\",\"url\":\"https:\/\/corludahaber.com\/h\/\",\"logo\":{\"@type\":\"ImageObject\",\"inLanguage\":\"tr\",\"@id\":\"https:\/\/corludahaber.com\/h\/#\/schema\/logo\/image\/\",\"url\":\"https:\/\/corludahaber.com\/h\/wp-content\/uploads\/2021\/12\/logo__9__1_-removebg-preview.png\",\"contentUrl\":\"https:\/\/corludahaber.com\/h\/wp-content\/uploads\/2021\/12\/logo__9__1_-removebg-preview.png\",\"width\":500,\"height\":157,\"caption\":\"\u00c7orlu'da Haber\"},\"image\":{\"@id\":\"https:\/\/corludahaber.com\/h\/#\/schema\/logo\/image\/\"},\"sameAs\":[\"https:\/\/facebook.com\/habercorluda\",\"https:\/\/x.com\/habercorluda\",\"https:\/\/www.instagram.com\/corludahaber\",\"https:\/\/www.youtube.com\/user\/corludahaber\"]},{\"@type\":\"Person\",\"@id\":\"https:\/\/corludahaber.com\/h\/#\/schema\/person\/0644b92b9b7d112c4427b8b9be710e97\",\"name\":\"\u00c7orlu'da Haber\",\"image\":{\"@type\":\"ImageObject\",\"inLanguage\":\"tr\",\"@id\":\"https:\/\/corludahaber.com\/h\/#\/schema\/person\/image\/\",\"url\":\"https:\/\/corludahaber.com\/h\/wp-content\/uploads\/2022\/12\/plogo-80x80.jpg\",\"contentUrl\":\"https:\/\/corludahaber.com\/h\/wp-content\/uploads\/2022\/12\/plogo-80x80.jpg\",\"caption\":\"\u00c7orlu'da Haber\"},\"url\":\"https:\/\/corludahaber.com\/h\/author\/berkan\"}]}<\/script>\n<!-- \/ Yoast SEO Premium plugin. -->","yoast_head_json":{"title":"Fabrika \u0130\u00e7inde Kendini Asarak \u0130ntihar Etti! | \u00c7orlu&#039;da Haber","description":"Fabrika \u0130\u00e7inde Kendini Asarak \u0130ntihar Etti! | \u00c7orlu&#039;da Haber","robots":{"index":"index","follow":"follow","max-snippet":"max-snippet:-1","max-image-preview":"max-image-preview:large","max-video-preview":"max-video-preview:-1"},"canonical":"https:\/\/corludahaber.com\/h\/fabrika-icinde-kendini-asarak-intihar-etti\/35205","og_locale":"tr_TR","og_type":"article","og_title":"Fabrika \u0130\u00e7inde Kendini Asarak \u0130ntihar Etti! | \u00c7orlu&#039;da Haber","og_description":"Fabrika \u0130\u00e7inde Kendini Asarak \u0130ntihar Etti! | \u00c7orlu&#039;da Haber","og_url":"https:\/\/corludahaber.com\/h\/fabrika-icinde-kendini-asarak-intihar-etti\/35205","og_site_name":"\u00c7orlu&#039;da Haber","article_publisher":"https:\/\/facebook.com\/habercorluda","article_published_time":"2022-07-05T23:25:59+00:00","og_image":[{"width":639,"height":480,"url":"https:\/\/corludahaber.com\/h\/wp-content\/uploads\/2022\/04\/IMG_20220209_213659.jpg","type":"image\/jpeg"}],"author":"\u00c7orlu'da Haber","twitter_card":"summary_large_image","twitter_creator":"@habercorluda","twitter_site":"@habercorluda","twitter_misc":{"Yazan:":"\u00c7orlu'da Haber","Tahmini okuma s\u00fcresi":"1 dakika"},"schema":{"@context":"https:\/\/schema.org","@graph":[{"@type":"Article","@id":"https:\/\/corludahaber.com\/h\/fabrika-icinde-kendini-asarak-intihar-etti\/35205#article","isPartOf":{"@id":"https:\/\/corludahaber.com\/h\/fabrika-icinde-kendini-asarak-intihar-etti\/35205"},"author":{"name":"\u00c7orlu'da Haber","@id":"https:\/\/corludahaber.com\/h\/#\/schema\/person\/0644b92b9b7d112c4427b8b9be710e97"},"headline":"Fabrika \u0130\u00e7inde Kendini Asarak \u0130ntihar Etti!","datePublished":"2022-07-05T23:25:59+00:00","dateModified":"2022-07-05T23:25:59+00:00","mainEntityOfPage":{"@id":"https:\/\/corludahaber.com\/h\/fabrika-icinde-kendini-asarak-intihar-etti\/35205"},"wordCount":180,"commentCount":0,"publisher":{"@id":"https:\/\/corludahaber.com\/h\/#organization"},"image":{"@id":"https:\/\/corludahaber.com\/h\/fabrika-icinde-kendini-asarak-intihar-etti\/35205#primaryimage"},"thumbnailUrl":"https:\/\/corludahaber.com\/h\/wp-content\/uploads\/2022\/04\/IMG_20220209_213659.jpg","inLanguage":"tr","potentialAction":[{"@type":"CommentAction","name":"Comment","target":["https:\/\/corludahaber.com\/h\/fabrika-icinde-kendini-asarak-intihar-etti\/35205#respond"]}]},{"@type":"WebPage","@id":"https:\/\/corludahaber.com\/h\/fabrika-icinde-kendini-asarak-intihar-etti\/35205","url":"https:\/\/corludahaber.com\/h\/fabrika-icinde-kendini-asarak-intihar-etti\/35205","name":"Fabrika \u0130\u00e7inde Kendini Asarak \u0130ntihar Etti! | \u00c7orlu&#039;da Haber","isPartOf":{"@id":"https:\/\/corludahaber.com\/h\/#website"},"primaryImageOfPage":{"@id":"https:\/\/corludahaber.com\/h\/fabrika-icinde-kendini-asarak-intihar-etti\/35205#primaryimage"},"image":{"@id":"https:\/\/corludahaber.com\/h\/fabrika-icinde-kendini-asarak-intihar-etti\/35205#primaryimage"},"thumbnailUrl":"https:\/\/corludahaber.com\/h\/wp-content\/uploads\/2022\/04\/IMG_20220209_213659.jpg","datePublished":"2022-07-05T23:25:59+00:00","dateModified":"2022-07-05T23:25:59+00:00","description":"Fabrika \u0130\u00e7inde Kendini Asarak \u0130ntihar Etti! | \u00c7orlu&#039;da Haber","breadcrumb":{"@id":"https:\/\/corludahaber.com\/h\/fabrika-icinde-kendini-asarak-intihar-etti\/35205#breadcrumb"},"inLanguage":"tr","potentialAction":[{"@type":"ReadAction","target":["https:\/\/corludahaber.com\/h\/fabrika-icinde-kendini-asarak-intihar-etti\/35205"]}]},{"@type":"ImageObject","inLanguage":"tr","@id":"https:\/\/corludahaber.com\/h\/fabrika-icinde-kendini-asarak-intihar-etti\/35205#primaryimage","url":"https:\/\/corludahaber.com\/h\/wp-content\/uploads\/2022\/04\/IMG_20220209_213659.jpg","contentUrl":"https:\/\/corludahaber.com\/h\/wp-content\/uploads\/2022\/04\/IMG_20220209_213659.jpg","width":639,"height":480},{"@type":"BreadcrumbList","@id":"https:\/\/corludahaber.com\/h\/fabrika-icinde-kendini-asarak-intihar-etti\/35205#breadcrumb","itemListElement":[{"@type":"ListItem","position":1,"name":"Anasayfa","item":"https:\/\/corludahaber.com\/h\/"},{"@type":"ListItem","position":2,"name":"Genel","item":"https:\/\/corludahaber.com\/h\/kategori\/genel"},{"@type":"ListItem","position":3,"name":"Fabrika \u0130\u00e7inde Kendini Asarak \u0130ntihar Etti!"}]},{"@type":"WebSite","@id":"https:\/\/corludahaber.com\/h\/#website","url":"https:\/\/corludahaber.com\/h\/","name":"\u00c7orlu'da Haber","description":"Ger\u00e7ek Tarafs\u0131z Haber","publisher":{"@id":"https:\/\/corludahaber.com\/h\/#organization"},"potentialAction":[{"@type":"SearchAction","target":{"@type":"EntryPoint","urlTemplate":"https:\/\/corludahaber.com\/h\/?s={search_term_string}"},"query-input":"required name=search_term_string"}],"inLanguage":"tr"},{"@type":"Organization","@id":"https:\/\/corludahaber.com\/h\/#organization","name":"\u00c7orlu'da Haber","url":"https:\/\/corludahaber.com\/h\/","logo":{"@type":"ImageObject","inLanguage":"tr","@id":"https:\/\/corludahaber.com\/h\/#\/schema\/logo\/image\/","url":"https:\/\/corludahaber.com\/h\/wp-content\/uploads\/2021\/12\/logo__9__1_-removebg-preview.png","contentUrl":"https:\/\/corludahaber.com\/h\/wp-content\/uploads\/2021\/12\/logo__9__1_-removebg-preview.png","width":500,"height":157,"caption":"\u00c7orlu'da Haber"},"image":{"@id":"https:\/\/corludahaber.com\/h\/#\/schema\/logo\/image\/"},"sameAs":["https:\/\/facebook.com\/habercorluda","https:\/\/x.com\/habercorluda","https:\/\/www.instagram.com\/corludahaber","https:\/\/www.youtube.com\/user\/corludahaber"]},{"@type":"Person","@id":"https:\/\/corludahaber.com\/h\/#\/schema\/person\/0644b92b9b7d112c4427b8b9be710e97","name":"\u00c7orlu'da Haber","image":{"@type":"ImageObject","inLanguage":"tr","@id":"https:\/\/corludahaber.com\/h\/#\/schema\/person\/image\/","url":"https:\/\/corludahaber.com\/h\/wp-content\/uploads\/2022\/12\/plogo-80x80.jpg","contentUrl":"https:\/\/corludahaber.com\/h\/wp-content\/uploads\/2022\/12\/plogo-80x80.jpg","caption":"\u00c7orlu'da Haber"},"url":"https:\/\/corludahaber.com\/h\/author\/berkan"}]}},"_links":{"self":[{"href":"https:\/\/corludahaber.com\/h\/wp-json\/wp\/v2\/posts\/35205","targetHints":{"allow":["GET"]}}],"collection":[{"href":"https:\/\/corludahaber.com\/h\/wp-json\/wp\/v2\/posts"}],"about":[{"href":"https:\/\/corludahaber.com\/h\/wp-json\/wp\/v2\/types\/post"}],"author":[{"embeddable":true,"href":"https:\/\/corludahaber.com\/h\/wp-json\/wp\/v2\/users\/4"}],"replies":[{"embeddable":true,"href":"https:\/\/corludahaber.com\/h\/wp-json\/wp\/v2\/comments?post=35205"}],"version-history":[{"count":0,"href":"https:\/\/corludahaber.com\/h\/wp-json\/wp\/v2\/posts\/35205\/revisions"}],"wp:featuredmedia":[{"embeddable":true,"href":"https:\/\/corludahaber.com\/h\/wp-json\/wp\/v2\/media\/29595"}],"wp:attachment":[{"href":"https:\/\/corludahaber.com\/h\/wp-json\/wp\/v2\/media?parent=35205"}],"wp:term":[{"taxonomy":"category","embeddable":true,"href":"https:\/\/corludahaber.com\/h\/wp-json\/wp\/v2\/categories?post=35205"},{"taxonomy":"post_tag","embeddable":true,"href":"https:\/\/corludahaber.com\/h\/wp-json\/wp\/v2\/tags?post=35205"}],"curies":[{"name":"wp","href":"https:\/\/api.w.org\/{rel}","templated":true}]}}