{"id":34811,"date":"2022-07-01T17:19:53","date_gmt":"2022-07-01T14:19:53","guid":{"rendered":"https:\/\/corludahaber.com\/h\/6-hasat-bayrami-cosku-icinde-gerceklesti\/34811"},"modified":"2022-07-01T17:19:56","modified_gmt":"2022-07-01T14:19:56","slug":"6-hasat-bayrami-cosku-icinde-gerceklesti","status":"publish","type":"post","link":"https:\/\/corludahaber.com\/h\/6-hasat-bayrami-cosku-icinde-gerceklesti\/34811","title":{"rendered":"6. HASAT BAYRAMI CO\u015eKU \u0130\u00c7\u0130NDE GER\u00c7EKLE\u015eT\u0130"},"content":{"rendered":"<div class=\"corlu-icerikten-once_3\" id=\"corlu-3371107417\"><script type='text\/javascript' src='https:\/\/platform-api.sharethis.com\/js\/sharethis.js#property=5ce8cf08af7d000012cb0ca1&product=inline-reaction-buttons' async='async'><\/script>\r\n\r\n<\/div><div readability=\"32\">\n<p>6. HASAT BAYRAMI CO\u015eKU \u0130\u00c7\u0130NDE GER\u00c7EKLE\u015eT\u0130<\/p><div class=\"corlu-icerik-2\" id=\"corlu-2435915998\"><!-- Admatic AUTO ads START -->\r\n<ins data-publisher=\"adm-pub-155556240050\" data-ad-network=\"659428a24d11b285b616c18d\"   class=\"adm-ads-area\"><\/ins>\r\n<script type=\"text\/javascript\" src=\"https:\/\/static.cdn.admatic.com.tr\/showad\/showad.min.js\"><\/script>\r\n<!-- Admatic AUTO ads END --><\/div>\n<p>\n              <span class=\"icon\"><i class=\"far fa-calendar-alt\"><\/i><\/span><br \/>\n              30\/06\/2022 15:00:01            <\/p>\n<\/p><\/div>\n<div readability=\"87\">\n<p>Tekirda\u011f B\u00fcy\u00fck\u015fehir Belediyesi taraf\u0131ndan \u00e7ift\u00e7ilere destek olmak amac\u0131yla ger\u00e7ekle\u015ftirilen ve geleneksel hale gelen Hasat Bayram\u0131&#8217;n\u0131n 6&#8217;nc\u0131s\u0131, Kapakl\u0131 il\u00e7esinin Uzunhac\u0131 Mahallesinde ger\u00e7ekle\u015ftirildi.<\/p>\n<p>\u00a0<\/p>\n<p><strong>Ba\u015fkan Albayrak, &#8220;<\/strong><strong>Verdi\u011fimiz Desteklerle Tar\u0131m Ve Hayvanc\u0131l\u0131k Faaliyetlerinde Girdi Maliyetlerini Azalt\u0131rken K\u00e2rl\u0131l\u0131\u011f\u0131 Artt\u0131rd\u0131k&#8221;<\/strong><\/p>\n<p>Hasat Bayram\u0131nda bir konu\u015fma ger\u00e7ekle\u015ftiren Tekirda\u011f B\u00fcy\u00fck\u015fehir Belediye Ba\u015fkan\u0131 Kadir Albayrak, &#8220;Y\u00fcrekleri sevgi dolu, g\u00f6n\u00fclleri ayd\u0131nl\u0131k, emektar \u00e7ift\u00e7ilerimiz, emek ve al\u0131n teriyle i\u015flenen bereketli topraklar\u0131m\u0131zdan, bir y\u0131ll\u0131k mahsul\u00fcn toplanaca\u011f\u0131 hasat d\u00f6nemine ermenin mutlulu\u011funu ya\u015f\u0131yoruz. Kovid-19 salg\u0131n\u0131 ve i\u00e7inde bulundu\u011fumuz ekonomik kriz, hem g\u0131da \u00fcr\u00fcnlerine olan ihtiyac\u0131m\u0131z\u0131 hem de maliyet ve fiyatlar\u0131 artt\u0131rd\u0131. Tar\u0131m ve hayvanc\u0131l\u0131k yapan \u00e7ift\u00e7ilerimiz ve \u00fcreticilerimiz, insanl\u0131k i\u00e7in varolu\u015fsal \u00f6neme sahip g\u00f6revi yerine getiriyor. Hayat pahal\u0131l\u0131\u011f\u0131 ve g\u0131daya ula\u015fman\u0131n zorluklar\u0131, Tekirda\u011f B\u00fcy\u00fck\u015fehir Belediyesi olarak K\u0131rsal Kalk\u0131nmay\u0131 Destekleme Projemizi hayata ge\u00e7irmekle ne denli isabetli bir hizmete imza att\u0131\u011f\u0131m\u0131z ortaya koydu. Ba\u015far\u0131larla dolu 3000 g\u00fcn\u00fcm\u00fcz\u00fc geride b\u0131rakt\u0131\u011f\u0131m\u0131z \u015fu g\u00fcnlerde, T\u00fcrkiye&#8217;de tar\u0131m ve hayvanc\u0131\u011fa en fazla destek veren b\u00fcy\u00fck\u015fehir belediyesi olman\u0131n gurur ve mutlulu\u011funu ya\u015f\u0131yoruz. Siz de\u011ferli \u00e7ift\u00e7ilerimiz ve \u00fcreticilerimize verdi\u011fimiz desteklerle tar\u0131m ve hayvanc\u0131l\u0131k faaliyetlerinde girdi maliyetlerini azalt\u0131rken k\u00e2rl\u0131l\u0131\u011f\u0131 artt\u0131rd\u0131k. Tar\u0131m ve hayvanc\u0131l\u0131k alan\u0131nda ger\u00e7ekle\u015ftirdi\u011fimiz hizmetlerimiz \u015funlard\u0131r: Mera \u0130yile\u015ftirme ve Y\u00f6netimi Projesi, Baklagil Yem Bitkilerinin Ekili\u015f Alanlar\u0131n\u0131n Geni\u015fletilmesi Projesi, Hayvan \u0130\u00e7me Suyu G\u00f6letleri, Koyunculu\u011fu Geli\u015ftirme ve Dam\u0131zl\u0131k Ko\u00e7 Da\u011f\u0131t\u0131m\u0131 Projesi, Ba\u011fc\u0131l\u0131\u011f\u0131 Geli\u015ftirme Projesi, G\u00fcne\u015fin G\u00fcc\u00fc Projesi, \u00c7ift\u00e7ilere ve \u00dcreticilere Makine Deste\u011fi, Tar\u0131msal Sulama Projeleri, Tarla Yollar\u0131n\u0131n Bak\u0131m ve Onar\u0131m\u0131, \u00c7ift\u00e7i E\u011fitim Program\u0131, S\u00fcleymanpa\u015fa Sebze ve Meyve Toptanc\u0131 Hali, S\u00fcleymanpa\u015fa Su \u00dcr\u00fcnleri Hali, Ar\u0131c\u0131l\u0131\u011f\u0131 Geli\u015ftirme ve Polinasyon Projesi, K\u0131rsal Turizmi Geli\u015ftirme Projesi, Mandac\u0131l\u0131\u011f\u0131 Geli\u015ftirme Projesi, Odun D\u0131\u015f\u0131 Orman \u00dcr\u00fcnlerinin Geli\u015ftirilmesi Projesi, Trakya B\u00f6lgesinde \u0130klim De\u011fi\u015fikli\u011fi \u0130le M\u00fccadele ve Adaptasyon \u0130\u00e7in Kapasite Art\u0131r\u0131m\u0131 Projesi, Meyvecili\u011fi Geli\u015ftirme Projesi, Dolusavaklar, Suvat Yap\u0131m\u0131 Projesi, Hayrabolu \u015ealgaml\u0131 Tar\u0131m M\u00fczesi Yapm\u0131\u015f oldu\u011fumuz t\u00fcm bu \u00e7al\u0131\u015fmalar\u0131n yan\u0131 s\u0131ra Hasat \u015eenli\u011fi gelene\u011fini ba\u015flatt\u0131k ve bu y\u0131l 6&#8217;nc\u0131s\u0131n\u0131 d\u00fczenliyoruz. Hasat Bayram\u0131n\u0131n hay\u0131rl\u0131 olmas\u0131n\u0131 diliyor, t\u00fcm \u00e7ift\u00e7ilerimize bereketli ve bol kazan\u00e7l\u0131 nice y\u0131llar diliyorum.&#8221; dedi.<\/p>\n<p>Uzunhac\u0131 Mahalle Muhtar\u0131 Mehmet \u00c7ak\u0131r, \u00c7erkezk\u00f6y Ziraat Odas\u0131 Ba\u015fkan\u0131 Hasan Toprak ve Kapakl\u0131 Belediye Ba\u015fkan\u0131 Mustafa \u00c7etin de yapt\u0131klar\u0131 konu\u015fmada b\u00f6ylesi anlaml\u0131 bir etkinli\u011fi hayata ge\u00e7irdi\u011fi i\u00e7in Tekirda\u011f B\u00fcy\u00fck\u015fehir Belediye Ba\u015fkan\u0131 Kadir Albayrak&#8217;a te\u015fekk\u00fcr ederek, \u00e7ift\u00e7ilere bereketli bir hasat d\u00f6nemi temennisinde bulundu.<\/p>\n<p>6. Hasat Bayram\u0131 yap\u0131lan konu\u015fmalar\u0131n ard\u0131ndan hediye \u00e7ekili\u015fi, hasat uygulamas\u0131, protokol \u00fcyeleri taraf\u0131ndan stantlar\u0131n gezilmesi ve Mod\u00fclasyon Orkestras\u0131&#8217;n\u0131n birbirinden g\u00fczel \u015fark\u0131lar\u0131 seslendirdi\u011fi konser ile co\u015fku i\u00e7inde son buldu.<\/p>\n<\/div>\n<blockquote><p><em><span style=\"color: #ff0000;\">Bu haber Tekirda\u011f B\u00fcy\u00fck\u015fehir Belediyesinin Kendi sitesinden botlar yard\u0131m\u0131yla otomatik olarak eklenmi\u015ftir. Bu i\u00e7erikte \u00c7orlu&#8217;da Haber edit\u00f6rleri herhangi bir m\u00fcdahalede bulunmam\u0131\u015ft\u0131r.<\/span><\/em><\/p><\/blockquote>\n<div class=\"corlu-icerikten-sonra_3\" id=\"corlu-1284097024\"><p><img loading=\"lazy\" decoding=\"async\" class=\"aligncenter\" src=\"https:\/\/www.corludahaber.com\/bahcesehir.jpg\" alt=\"\" width=\"624\" height=\"196\" \/><\/p>\n<table style=\"text-align: left; width: 100%;\" border=\"1\" cellspacing=\"2\" cellpadding=\"2\">\n<tbody>\n<tr>\n<td style=\"background-color: #050805;\"><span style=\"font-size: 12pt;\"><small><small><em><strong><big><span style=\"color: #ff0000;\">Haber ve resimlerin telif haklar\u0131ndan dolay\u0131 kullan\u0131m\u0131 yasakt\u0131r<span style=\"color: #000000;\">.<\/span><\/span><span style=\"color: #000000;\">\u00a0<\/span><span style=\"color: #ffffff;\">Yaz\u0131l\u0131 izni al\u0131nmadan hi\u00e7bir yaz\u0131l\u0131, g\u00f6rsel, i\u015fitsel i\u00e7erik kopyalanamaz, de\u011fi\u015ftirilemez, yay\u0131nlanamaz veya sat\u0131lamaz. Aksi halde<\/span>\u00a0<span style=\"color: #ff0000;\">5846<span style=\"color: #ffffff;\">\u00a0<\/span><\/span><span style=\"color: #ffffff;\">say\u0131l\u0131 Fikir ve Sanat Eserleri Kanunu\u2019na ve<\/span>\u00a0<span style=\"color: #800000;\"><span style=\"color: #ff0000;\">6102<\/span><span style=\"color: #ffffff;\">\u00a0<\/span><\/span><span style=\"color: #ffffff;\">say\u0131l\u0131 maddesine g\u00f6re<\/span>\u00a0<span style=\"color: #ff0000;\">gerekli i\u015flemler uygulanacakt\u0131r.<\/span><br \/>\n<span style=\"color: #ffffff;\">\u00a9 Copyright 2014<\/span><\/big><\/strong><\/em><\/small><\/small><\/span><\/td>\n<\/tr>\n<\/tbody>\n<\/table>\n<p><small><small>\u00a0<\/small><\/small><\/p>\n<\/div>","protected":false},"excerpt":{"rendered":"<p>6. HASAT BAYRAMI CO\u015eKU \u0130\u00c7\u0130NDE GER\u00c7EKLE\u015eT\u0130 30\/06\/2022 15:00:01 Tekirda\u011f B\u00fcy\u00fck\u015fehir Belediyesi taraf\u0131ndan \u00e7ift\u00e7ilere destek olmak amac\u0131yla ger\u00e7ekle\u015ftirilen ve geleneksel hale gelen Hasat Bayram\u0131&#8217;n\u0131n 6&#8217;nc\u0131s\u0131, Kapakl\u0131 il\u00e7esinin Uzunhac\u0131 Mahallesinde ger\u00e7ekle\u015ftirildi. \u00a0 Ba\u015fkan Albayrak, &#8220;Verdi\u011fimiz Desteklerle Tar\u0131m Ve Hayvanc\u0131l\u0131k Faaliyetlerinde Girdi Maliyetlerini Azalt\u0131rken K\u00e2rl\u0131l\u0131\u011f\u0131 Artt\u0131rd\u0131k&#8221; Hasat Bayram\u0131nda bir konu\u015fma ger\u00e7ekle\u015ftiren Tekirda\u011f B\u00fcy\u00fck\u015fehir Belediye Ba\u015fkan\u0131 Kadir Albayrak, &#8220;Y\u00fcrekleri &hellip;<\/p>\n","protected":false},"author":151,"featured_media":34812,"comment_status":"open","ping_status":"closed","sticky":false,"template":"","format":"standard","meta":{"footnotes":""},"categories":[23],"tags":[],"class_list":["post-34811","post","type-post","status-publish","format-standard","has-post-thumbnail","hentry","category-tekirdag"],"yoast_head":"<!-- This site is optimized with the Yoast SEO Premium plugin v23.3 (Yoast SEO v23.3) - https:\/\/yoast.com\/wordpress\/plugins\/seo\/ -->\n<title>6. HASAT BAYRAMI CO\u015eKU \u0130\u00c7\u0130NDE GER\u00c7EKLE\u015eT\u0130 | \u00c7orlu&#039;da Haber<\/title>\n<meta name=\"description\" content=\"6. HASAT BAYRAMI CO\u015eKU \u0130\u00c7\u0130NDE GER\u00c7EKLE\u015eT\u0130 | \u00c7orlu&#039;da Haber\" \/>\n<meta name=\"robots\" content=\"index, follow, max-snippet:-1, max-image-preview:large, max-video-preview:-1\" \/>\n<link rel=\"canonical\" href=\"https:\/\/corludahaber.com\/h\/6-hasat-bayrami-cosku-icinde-gerceklesti\/34811\" \/>\n<meta property=\"og:locale\" content=\"tr_TR\" \/>\n<meta property=\"og:type\" content=\"article\" \/>\n<meta property=\"og:title\" content=\"6. HASAT BAYRAMI CO\u015eKU \u0130\u00c7\u0130NDE GER\u00c7EKLE\u015eT\u0130 | \u00c7orlu&#039;da Haber\" \/>\n<meta property=\"og:description\" content=\"6. HASAT BAYRAMI CO\u015eKU \u0130\u00c7\u0130NDE GER\u00c7EKLE\u015eT\u0130 | \u00c7orlu&#039;da Haber\" \/>\n<meta property=\"og:url\" content=\"https:\/\/corludahaber.com\/h\/6-hasat-bayrami-cosku-icinde-gerceklesti\/34811\" \/>\n<meta property=\"og:site_name\" content=\"\u00c7orlu&#039;da Haber\" \/>\n<meta property=\"article:publisher\" content=\"https:\/\/facebook.com\/habercorluda\" \/>\n<meta property=\"article:published_time\" content=\"2022-07-01T14:19:53+00:00\" \/>\n<meta property=\"article:modified_time\" content=\"2022-07-01T14:19:56+00:00\" \/>\n<meta property=\"og:image\" content=\"https:\/\/corludahaber.com\/h\/wp-content\/uploads\/2022\/07\/6-hasat-bayrami-cosku-icinde-gerceklesti_62bf028ac9872.jpeg\" \/>\n\t<meta property=\"og:image:width\" content=\"1020\" \/>\n\t<meta property=\"og:image:height\" content=\"600\" \/>\n\t<meta property=\"og:image:type\" content=\"image\/jpeg\" \/>\n<meta name=\"author\" content=\"\u00c7orlu&#039;da Haber\" \/>\n<meta name=\"twitter:card\" content=\"summary_large_image\" \/>\n<meta name=\"twitter:creator\" content=\"@habercorluda\" \/>\n<meta name=\"twitter:site\" content=\"@habercorluda\" \/>\n<meta name=\"twitter:label1\" content=\"Yazan:\" \/>\n\t<meta name=\"twitter:data1\" content=\"\u00c7orlu&#039;da Haber\" \/>\n\t<meta name=\"twitter:label2\" content=\"Tahmini okuma s\u00fcresi\" \/>\n\t<meta name=\"twitter:data2\" content=\"3 dakika\" \/>\n<script type=\"application\/ld+json\" class=\"yoast-schema-graph\">{\"@context\":\"https:\/\/schema.org\",\"@graph\":[{\"@type\":\"Article\",\"@id\":\"https:\/\/corludahaber.com\/h\/6-hasat-bayrami-cosku-icinde-gerceklesti\/34811#article\",\"isPartOf\":{\"@id\":\"https:\/\/corludahaber.com\/h\/6-hasat-bayrami-cosku-icinde-gerceklesti\/34811\"},\"author\":{\"name\":\"\u00c7orlu'da Haber\",\"@id\":\"https:\/\/corludahaber.com\/h\/#\/schema\/person\/b523522be44b062db5d74a62589768cd\"},\"headline\":\"6. HASAT BAYRAMI CO\u015eKU \u0130\u00c7\u0130NDE GER\u00c7EKLE\u015eT\u0130\",\"datePublished\":\"2022-07-01T14:19:53+00:00\",\"dateModified\":\"2022-07-01T14:19:56+00:00\",\"mainEntityOfPage\":{\"@id\":\"https:\/\/corludahaber.com\/h\/6-hasat-bayrami-cosku-icinde-gerceklesti\/34811\"},\"wordCount\":639,\"commentCount\":0,\"publisher\":{\"@id\":\"https:\/\/corludahaber.com\/h\/#organization\"},\"image\":{\"@id\":\"https:\/\/corludahaber.com\/h\/6-hasat-bayrami-cosku-icinde-gerceklesti\/34811#primaryimage\"},\"thumbnailUrl\":\"https:\/\/corludahaber.com\/h\/wp-content\/uploads\/2022\/07\/6-hasat-bayrami-cosku-icinde-gerceklesti_62bf028ac9872.jpeg\",\"articleSection\":[\"Tekirda\u011f\"],\"inLanguage\":\"tr\",\"potentialAction\":[{\"@type\":\"CommentAction\",\"name\":\"Comment\",\"target\":[\"https:\/\/corludahaber.com\/h\/6-hasat-bayrami-cosku-icinde-gerceklesti\/34811#respond\"]}]},{\"@type\":\"WebPage\",\"@id\":\"https:\/\/corludahaber.com\/h\/6-hasat-bayrami-cosku-icinde-gerceklesti\/34811\",\"url\":\"https:\/\/corludahaber.com\/h\/6-hasat-bayrami-cosku-icinde-gerceklesti\/34811\",\"name\":\"6. HASAT BAYRAMI CO\u015eKU \u0130\u00c7\u0130NDE GER\u00c7EKLE\u015eT\u0130 | \u00c7orlu&#039;da Haber\",\"isPartOf\":{\"@id\":\"https:\/\/corludahaber.com\/h\/#website\"},\"primaryImageOfPage\":{\"@id\":\"https:\/\/corludahaber.com\/h\/6-hasat-bayrami-cosku-icinde-gerceklesti\/34811#primaryimage\"},\"image\":{\"@id\":\"https:\/\/corludahaber.com\/h\/6-hasat-bayrami-cosku-icinde-gerceklesti\/34811#primaryimage\"},\"thumbnailUrl\":\"https:\/\/corludahaber.com\/h\/wp-content\/uploads\/2022\/07\/6-hasat-bayrami-cosku-icinde-gerceklesti_62bf028ac9872.jpeg\",\"datePublished\":\"2022-07-01T14:19:53+00:00\",\"dateModified\":\"2022-07-01T14:19:56+00:00\",\"description\":\"6. HASAT BAYRAMI CO\u015eKU \u0130\u00c7\u0130NDE GER\u00c7EKLE\u015eT\u0130 | \u00c7orlu&#039;da Haber\",\"breadcrumb\":{\"@id\":\"https:\/\/corludahaber.com\/h\/6-hasat-bayrami-cosku-icinde-gerceklesti\/34811#breadcrumb\"},\"inLanguage\":\"tr\",\"potentialAction\":[{\"@type\":\"ReadAction\",\"target\":[\"https:\/\/corludahaber.com\/h\/6-hasat-bayrami-cosku-icinde-gerceklesti\/34811\"]}]},{\"@type\":\"ImageObject\",\"inLanguage\":\"tr\",\"@id\":\"https:\/\/corludahaber.com\/h\/6-hasat-bayrami-cosku-icinde-gerceklesti\/34811#primaryimage\",\"url\":\"https:\/\/corludahaber.com\/h\/wp-content\/uploads\/2022\/07\/6-hasat-bayrami-cosku-icinde-gerceklesti_62bf028ac9872.jpeg\",\"contentUrl\":\"https:\/\/corludahaber.com\/h\/wp-content\/uploads\/2022\/07\/6-hasat-bayrami-cosku-icinde-gerceklesti_62bf028ac9872.jpeg\",\"width\":1020,\"height\":600},{\"@type\":\"BreadcrumbList\",\"@id\":\"https:\/\/corludahaber.com\/h\/6-hasat-bayrami-cosku-icinde-gerceklesti\/34811#breadcrumb\",\"itemListElement\":[{\"@type\":\"ListItem\",\"position\":1,\"name\":\"Anasayfa\",\"item\":\"https:\/\/corludahaber.com\/h\/\"},{\"@type\":\"ListItem\",\"position\":2,\"name\":\"Tekirda\u011f\",\"item\":\"https:\/\/corludahaber.com\/h\/kategori\/tekirdag\"},{\"@type\":\"ListItem\",\"position\":3,\"name\":\"6. HASAT BAYRAMI CO\u015eKU \u0130\u00c7\u0130NDE GER\u00c7EKLE\u015eT\u0130\"}]},{\"@type\":\"WebSite\",\"@id\":\"https:\/\/corludahaber.com\/h\/#website\",\"url\":\"https:\/\/corludahaber.com\/h\/\",\"name\":\"\u00c7orlu'da Haber\",\"description\":\"Ger\u00e7ek Tarafs\u0131z Haber\",\"publisher\":{\"@id\":\"https:\/\/corludahaber.com\/h\/#organization\"},\"potentialAction\":[{\"@type\":\"SearchAction\",\"target\":{\"@type\":\"EntryPoint\",\"urlTemplate\":\"https:\/\/corludahaber.com\/h\/?s={search_term_string}\"},\"query-input\":\"required name=search_term_string\"}],\"inLanguage\":\"tr\"},{\"@type\":\"Organization\",\"@id\":\"https:\/\/corludahaber.com\/h\/#organization\",\"name\":\"\u00c7orlu'da Haber\",\"url\":\"https:\/\/corludahaber.com\/h\/\",\"logo\":{\"@type\":\"ImageObject\",\"inLanguage\":\"tr\",\"@id\":\"https:\/\/corludahaber.com\/h\/#\/schema\/logo\/image\/\",\"url\":\"https:\/\/corludahaber.com\/h\/wp-content\/uploads\/2021\/12\/logo__9__1_-removebg-preview.png\",\"contentUrl\":\"https:\/\/corludahaber.com\/h\/wp-content\/uploads\/2021\/12\/logo__9__1_-removebg-preview.png\",\"width\":500,\"height\":157,\"caption\":\"\u00c7orlu'da Haber\"},\"image\":{\"@id\":\"https:\/\/corludahaber.com\/h\/#\/schema\/logo\/image\/\"},\"sameAs\":[\"https:\/\/facebook.com\/habercorluda\",\"https:\/\/x.com\/habercorluda\",\"https:\/\/www.instagram.com\/corludahaber\",\"https:\/\/www.youtube.com\/user\/corludahaber\"]},{\"@type\":\"Person\",\"@id\":\"https:\/\/corludahaber.com\/h\/#\/schema\/person\/b523522be44b062db5d74a62589768cd\",\"name\":\"\u00c7orlu'da Haber\",\"image\":{\"@type\":\"ImageObject\",\"inLanguage\":\"tr\",\"@id\":\"https:\/\/corludahaber.com\/h\/#\/schema\/person\/image\/\",\"url\":\"https:\/\/secure.gravatar.com\/avatar\/1033e54e078c29fd7f053370086ff627ba414b05c2b231c418a481adecd764ce?s=96&d=blank&r=g\",\"contentUrl\":\"https:\/\/secure.gravatar.com\/avatar\/1033e54e078c29fd7f053370086ff627ba414b05c2b231c418a481adecd764ce?s=96&d=blank&r=g\",\"caption\":\"\u00c7orlu'da Haber\"},\"sameAs\":[\"https:\/\/corludahaber.com\/h\"],\"url\":\"https:\/\/corludahaber.com\/h\/author\/admin\"}]}<\/script>\n<!-- \/ Yoast SEO Premium plugin. -->","yoast_head_json":{"title":"6. HASAT BAYRAMI CO\u015eKU \u0130\u00c7\u0130NDE GER\u00c7EKLE\u015eT\u0130 | \u00c7orlu&#039;da Haber","description":"6. HASAT BAYRAMI CO\u015eKU \u0130\u00c7\u0130NDE GER\u00c7EKLE\u015eT\u0130 | \u00c7orlu&#039;da Haber","robots":{"index":"index","follow":"follow","max-snippet":"max-snippet:-1","max-image-preview":"max-image-preview:large","max-video-preview":"max-video-preview:-1"},"canonical":"https:\/\/corludahaber.com\/h\/6-hasat-bayrami-cosku-icinde-gerceklesti\/34811","og_locale":"tr_TR","og_type":"article","og_title":"6. HASAT BAYRAMI CO\u015eKU \u0130\u00c7\u0130NDE GER\u00c7EKLE\u015eT\u0130 | \u00c7orlu&#039;da Haber","og_description":"6. HASAT BAYRAMI CO\u015eKU \u0130\u00c7\u0130NDE GER\u00c7EKLE\u015eT\u0130 | \u00c7orlu&#039;da Haber","og_url":"https:\/\/corludahaber.com\/h\/6-hasat-bayrami-cosku-icinde-gerceklesti\/34811","og_site_name":"\u00c7orlu&#039;da Haber","article_publisher":"https:\/\/facebook.com\/habercorluda","article_published_time":"2022-07-01T14:19:53+00:00","article_modified_time":"2022-07-01T14:19:56+00:00","og_image":[{"width":1020,"height":600,"url":"https:\/\/corludahaber.com\/h\/wp-content\/uploads\/2022\/07\/6-hasat-bayrami-cosku-icinde-gerceklesti_62bf028ac9872.jpeg","type":"image\/jpeg"}],"author":"\u00c7orlu'da Haber","twitter_card":"summary_large_image","twitter_creator":"@habercorluda","twitter_site":"@habercorluda","twitter_misc":{"Yazan:":"\u00c7orlu'da Haber","Tahmini okuma s\u00fcresi":"3 dakika"},"schema":{"@context":"https:\/\/schema.org","@graph":[{"@type":"Article","@id":"https:\/\/corludahaber.com\/h\/6-hasat-bayrami-cosku-icinde-gerceklesti\/34811#article","isPartOf":{"@id":"https:\/\/corludahaber.com\/h\/6-hasat-bayrami-cosku-icinde-gerceklesti\/34811"},"author":{"name":"\u00c7orlu'da Haber","@id":"https:\/\/corludahaber.com\/h\/#\/schema\/person\/b523522be44b062db5d74a62589768cd"},"headline":"6. HASAT BAYRAMI CO\u015eKU \u0130\u00c7\u0130NDE GER\u00c7EKLE\u015eT\u0130","datePublished":"2022-07-01T14:19:53+00:00","dateModified":"2022-07-01T14:19:56+00:00","mainEntityOfPage":{"@id":"https:\/\/corludahaber.com\/h\/6-hasat-bayrami-cosku-icinde-gerceklesti\/34811"},"wordCount":639,"commentCount":0,"publisher":{"@id":"https:\/\/corludahaber.com\/h\/#organization"},"image":{"@id":"https:\/\/corludahaber.com\/h\/6-hasat-bayrami-cosku-icinde-gerceklesti\/34811#primaryimage"},"thumbnailUrl":"https:\/\/corludahaber.com\/h\/wp-content\/uploads\/2022\/07\/6-hasat-bayrami-cosku-icinde-gerceklesti_62bf028ac9872.jpeg","articleSection":["Tekirda\u011f"],"inLanguage":"tr","potentialAction":[{"@type":"CommentAction","name":"Comment","target":["https:\/\/corludahaber.com\/h\/6-hasat-bayrami-cosku-icinde-gerceklesti\/34811#respond"]}]},{"@type":"WebPage","@id":"https:\/\/corludahaber.com\/h\/6-hasat-bayrami-cosku-icinde-gerceklesti\/34811","url":"https:\/\/corludahaber.com\/h\/6-hasat-bayrami-cosku-icinde-gerceklesti\/34811","name":"6. HASAT BAYRAMI CO\u015eKU \u0130\u00c7\u0130NDE GER\u00c7EKLE\u015eT\u0130 | \u00c7orlu&#039;da Haber","isPartOf":{"@id":"https:\/\/corludahaber.com\/h\/#website"},"primaryImageOfPage":{"@id":"https:\/\/corludahaber.com\/h\/6-hasat-bayrami-cosku-icinde-gerceklesti\/34811#primaryimage"},"image":{"@id":"https:\/\/corludahaber.com\/h\/6-hasat-bayrami-cosku-icinde-gerceklesti\/34811#primaryimage"},"thumbnailUrl":"https:\/\/corludahaber.com\/h\/wp-content\/uploads\/2022\/07\/6-hasat-bayrami-cosku-icinde-gerceklesti_62bf028ac9872.jpeg","datePublished":"2022-07-01T14:19:53+00:00","dateModified":"2022-07-01T14:19:56+00:00","description":"6. HASAT BAYRAMI CO\u015eKU \u0130\u00c7\u0130NDE GER\u00c7EKLE\u015eT\u0130 | \u00c7orlu&#039;da Haber","breadcrumb":{"@id":"https:\/\/corludahaber.com\/h\/6-hasat-bayrami-cosku-icinde-gerceklesti\/34811#breadcrumb"},"inLanguage":"tr","potentialAction":[{"@type":"ReadAction","target":["https:\/\/corludahaber.com\/h\/6-hasat-bayrami-cosku-icinde-gerceklesti\/34811"]}]},{"@type":"ImageObject","inLanguage":"tr","@id":"https:\/\/corludahaber.com\/h\/6-hasat-bayrami-cosku-icinde-gerceklesti\/34811#primaryimage","url":"https:\/\/corludahaber.com\/h\/wp-content\/uploads\/2022\/07\/6-hasat-bayrami-cosku-icinde-gerceklesti_62bf028ac9872.jpeg","contentUrl":"https:\/\/corludahaber.com\/h\/wp-content\/uploads\/2022\/07\/6-hasat-bayrami-cosku-icinde-gerceklesti_62bf028ac9872.jpeg","width":1020,"height":600},{"@type":"BreadcrumbList","@id":"https:\/\/corludahaber.com\/h\/6-hasat-bayrami-cosku-icinde-gerceklesti\/34811#breadcrumb","itemListElement":[{"@type":"ListItem","position":1,"name":"Anasayfa","item":"https:\/\/corludahaber.com\/h\/"},{"@type":"ListItem","position":2,"name":"Tekirda\u011f","item":"https:\/\/corludahaber.com\/h\/kategori\/tekirdag"},{"@type":"ListItem","position":3,"name":"6. HASAT BAYRAMI CO\u015eKU \u0130\u00c7\u0130NDE GER\u00c7EKLE\u015eT\u0130"}]},{"@type":"WebSite","@id":"https:\/\/corludahaber.com\/h\/#website","url":"https:\/\/corludahaber.com\/h\/","name":"\u00c7orlu'da Haber","description":"Ger\u00e7ek Tarafs\u0131z Haber","publisher":{"@id":"https:\/\/corludahaber.com\/h\/#organization"},"potentialAction":[{"@type":"SearchAction","target":{"@type":"EntryPoint","urlTemplate":"https:\/\/corludahaber.com\/h\/?s={search_term_string}"},"query-input":"required name=search_term_string"}],"inLanguage":"tr"},{"@type":"Organization","@id":"https:\/\/corludahaber.com\/h\/#organization","name":"\u00c7orlu'da Haber","url":"https:\/\/corludahaber.com\/h\/","logo":{"@type":"ImageObject","inLanguage":"tr","@id":"https:\/\/corludahaber.com\/h\/#\/schema\/logo\/image\/","url":"https:\/\/corludahaber.com\/h\/wp-content\/uploads\/2021\/12\/logo__9__1_-removebg-preview.png","contentUrl":"https:\/\/corludahaber.com\/h\/wp-content\/uploads\/2021\/12\/logo__9__1_-removebg-preview.png","width":500,"height":157,"caption":"\u00c7orlu'da Haber"},"image":{"@id":"https:\/\/corludahaber.com\/h\/#\/schema\/logo\/image\/"},"sameAs":["https:\/\/facebook.com\/habercorluda","https:\/\/x.com\/habercorluda","https:\/\/www.instagram.com\/corludahaber","https:\/\/www.youtube.com\/user\/corludahaber"]},{"@type":"Person","@id":"https:\/\/corludahaber.com\/h\/#\/schema\/person\/b523522be44b062db5d74a62589768cd","name":"\u00c7orlu'da Haber","image":{"@type":"ImageObject","inLanguage":"tr","@id":"https:\/\/corludahaber.com\/h\/#\/schema\/person\/image\/","url":"https:\/\/secure.gravatar.com\/avatar\/1033e54e078c29fd7f053370086ff627ba414b05c2b231c418a481adecd764ce?s=96&d=blank&r=g","contentUrl":"https:\/\/secure.gravatar.com\/avatar\/1033e54e078c29fd7f053370086ff627ba414b05c2b231c418a481adecd764ce?s=96&d=blank&r=g","caption":"\u00c7orlu'da Haber"},"sameAs":["https:\/\/corludahaber.com\/h"],"url":"https:\/\/corludahaber.com\/h\/author\/admin"}]}},"_links":{"self":[{"href":"https:\/\/corludahaber.com\/h\/wp-json\/wp\/v2\/posts\/34811","targetHints":{"allow":["GET"]}}],"collection":[{"href":"https:\/\/corludahaber.com\/h\/wp-json\/wp\/v2\/posts"}],"about":[{"href":"https:\/\/corludahaber.com\/h\/wp-json\/wp\/v2\/types\/post"}],"author":[{"embeddable":true,"href":"https:\/\/corludahaber.com\/h\/wp-json\/wp\/v2\/users\/151"}],"replies":[{"embeddable":true,"href":"https:\/\/corludahaber.com\/h\/wp-json\/wp\/v2\/comments?post=34811"}],"version-history":[{"count":0,"href":"https:\/\/corludahaber.com\/h\/wp-json\/wp\/v2\/posts\/34811\/revisions"}],"wp:featuredmedia":[{"embeddable":true,"href":"https:\/\/corludahaber.com\/h\/wp-json\/wp\/v2\/media\/34812"}],"wp:attachment":[{"href":"https:\/\/corludahaber.com\/h\/wp-json\/wp\/v2\/media?parent=34811"}],"wp:term":[{"taxonomy":"category","embeddable":true,"href":"https:\/\/corludahaber.com\/h\/wp-json\/wp\/v2\/categories?post=34811"},{"taxonomy":"post_tag","embeddable":true,"href":"https:\/\/corludahaber.com\/h\/wp-json\/wp\/v2\/tags?post=34811"}],"curies":[{"name":"wp","href":"https:\/\/api.w.org\/{rel}","templated":true}]}}