{"id":30971,"date":"2022-05-06T21:15:19","date_gmt":"2022-05-06T18:15:19","guid":{"rendered":"https:\/\/corludahaber.com\/h\/?p=30971"},"modified":"2022-05-06T14:51:56","modified_gmt":"2022-05-06T11:51:56","slug":"moto-kurye-gecitte-yayalara-carpti-2-yarali","status":"publish","type":"post","link":"https:\/\/corludahaber.com\/h\/moto-kurye-gecitte-yayalara-carpti-2-yarali\/30971","title":{"rendered":"Moto Kurye Ge\u00e7itte Yayalara \u00e7arpt\u0131: 2 Yaral\u0131"},"content":{"rendered":"<div class=\"corlu-icerikten-once_3\" id=\"corlu-2459699135\"><script type='text\/javascript' src='https:\/\/platform-api.sharethis.com\/js\/sharethis.js#property=5ce8cf08af7d000012cb0ca1&product=inline-reaction-buttons' async='async'><\/script>\r\n\r\n<\/div><p>Kapakl\u0131\u2019da bir kurye motosikleti, iki yayaya \u00e7arparak yaralad\u0131.<\/p><div class=\"corlu-icerik-2\" id=\"corlu-522541755\"><!-- Admatic AUTO ads START -->\r\n<ins data-publisher=\"adm-pub-155556240050\" data-ad-network=\"659428a24d11b285b616c18d\"   class=\"adm-ads-area\"><\/ins>\r\n<script type=\"text\/javascript\" src=\"https:\/\/static.cdn.admatic.com.tr\/showad\/showad.min.js\"><\/script>\r\n<!-- Admatic AUTO ads END --><\/div>\n<p>Kapakl\u0131 P\u0131nar Bulvar\u0131 \u00fczerinde seyreden bir motosikletin \u00e7arpt\u0131\u011f\u0131 iki yaya yaraland\u0131.<\/p>\n<p>Kaza, P\u0131nar Bulvar\u0131 \u00fczerinde meydana geldi. Edinilen bilgiye g\u00f6re, N.B. y\u00f6netimindeki 34 DVR 596 plakal\u0131 motosiklet bulvar \u00fczerinde Saray istikametine do\u011fru ilerliyordu.<\/p>\n<p>Bu esnada yolun kar\u015f\u0131s\u0131na ge\u00e7mek isteyen yayalara \u00e7arpan motosiklet devrildi. Yaral\u0131 yayalar, 112 Acil Servis ekiplerince ambulansla hastaneye kald\u0131r\u0131ld\u0131.<\/p>\n<p>Kazayla ilgili ba\u015flat\u0131lan inceleme s\u00fcr\u00fcyor.<\/p>\n<div class=\"corlu-icerikten-sonra_3\" id=\"corlu-1041911900\"><p><img loading=\"lazy\" decoding=\"async\" class=\"aligncenter\" src=\"https:\/\/www.corludahaber.com\/bahcesehir.jpg\" alt=\"\" width=\"624\" height=\"196\" \/><\/p>\n<table style=\"text-align: left; width: 100%;\" border=\"1\" cellspacing=\"2\" cellpadding=\"2\">\n<tbody>\n<tr>\n<td style=\"background-color: #050805;\"><span style=\"font-size: 12pt;\"><small><small><em><strong><big><span style=\"color: #ff0000;\">Haber ve resimlerin telif haklar\u0131ndan dolay\u0131 kullan\u0131m\u0131 yasakt\u0131r<span style=\"color: #000000;\">.<\/span><\/span><span style=\"color: #000000;\">\u00a0<\/span><span style=\"color: #ffffff;\">Yaz\u0131l\u0131 izni al\u0131nmadan hi\u00e7bir yaz\u0131l\u0131, g\u00f6rsel, i\u015fitsel i\u00e7erik kopyalanamaz, de\u011fi\u015ftirilemez, yay\u0131nlanamaz veya sat\u0131lamaz. Aksi halde<\/span>\u00a0<span style=\"color: #ff0000;\">5846<span style=\"color: #ffffff;\">\u00a0<\/span><\/span><span style=\"color: #ffffff;\">say\u0131l\u0131 Fikir ve Sanat Eserleri Kanunu\u2019na ve<\/span>\u00a0<span style=\"color: #800000;\"><span style=\"color: #ff0000;\">6102<\/span><span style=\"color: #ffffff;\">\u00a0<\/span><\/span><span style=\"color: #ffffff;\">say\u0131l\u0131 maddesine g\u00f6re<\/span>\u00a0<span style=\"color: #ff0000;\">gerekli i\u015flemler uygulanacakt\u0131r.<\/span><br \/>\n<span style=\"color: #ffffff;\">\u00a9 Copyright 2014<\/span><\/big><\/strong><\/em><\/small><\/small><\/span><\/td>\n<\/tr>\n<\/tbody>\n<\/table>\n<p><small><small>\u00a0<\/small><\/small><\/p>\n<\/div>","protected":false},"excerpt":{"rendered":"<p>Kapakl\u0131\u2019da bir kurye motosikleti, iki yayaya \u00e7arparak yaralad\u0131. Kapakl\u0131 P\u0131nar Bulvar\u0131 \u00fczerinde seyreden bir motosikletin \u00e7arpt\u0131\u011f\u0131 iki yaya yaraland\u0131. Kaza, P\u0131nar Bulvar\u0131 \u00fczerinde meydana geldi. Edinilen bilgiye g\u00f6re, N.B. y\u00f6netimindeki 34 DVR 596 plakal\u0131 motosiklet bulvar \u00fczerinde Saray istikametine do\u011fru ilerliyordu. Bu esnada yolun kar\u015f\u0131s\u0131na ge\u00e7mek isteyen yayalara \u00e7arpan motosiklet devrildi. Yaral\u0131 yayalar, 112 Acil &hellip;<\/p>\n","protected":false},"author":4,"featured_media":30972,"comment_status":"open","ping_status":"open","sticky":false,"template":"","format":"standard","meta":{"footnotes":""},"categories":[26],"tags":[],"class_list":["post-30971","post","type-post","status-publish","format-standard","has-post-thumbnail","hentry","category-asayis"],"yoast_head":"<!-- This site is optimized with the Yoast SEO Premium plugin v23.3 (Yoast SEO v23.3) - https:\/\/yoast.com\/wordpress\/plugins\/seo\/ -->\n<title>Moto Kurye Ge\u00e7itte Yayalara \u00e7arpt\u0131: 2 Yaral\u0131 | \u00c7orlu&#039;da Haber<\/title>\n<meta name=\"description\" content=\"Moto Kurye Ge\u00e7itte Yayalara \u00e7arpt\u0131: 2 Yaral\u0131 | Asayi\u015f \u00c7orlu&#039;da Haber\" \/>\n<meta name=\"robots\" content=\"index, follow, max-snippet:-1, max-image-preview:large, max-video-preview:-1\" \/>\n<link rel=\"canonical\" href=\"https:\/\/corludahaber.com\/h\/moto-kurye-gecitte-yayalara-carpti-2-yarali\/30971\" \/>\n<meta property=\"og:locale\" content=\"tr_TR\" \/>\n<meta property=\"og:type\" content=\"article\" \/>\n<meta property=\"og:title\" content=\"Moto Kurye Ge\u00e7itte Yayalara \u00e7arpt\u0131: 2 Yaral\u0131 | \u00c7orlu&#039;da Haber\" \/>\n<meta property=\"og:description\" content=\"Moto Kurye Ge\u00e7itte Yayalara \u00e7arpt\u0131: 2 Yaral\u0131 | Asayi\u015f \u00c7orlu&#039;da Haber\" \/>\n<meta property=\"og:url\" content=\"https:\/\/corludahaber.com\/h\/moto-kurye-gecitte-yayalara-carpti-2-yarali\/30971\" \/>\n<meta property=\"og:site_name\" content=\"\u00c7orlu&#039;da Haber\" \/>\n<meta property=\"article:publisher\" content=\"https:\/\/facebook.com\/habercorluda\" \/>\n<meta property=\"article:published_time\" content=\"2022-05-06T18:15:19+00:00\" \/>\n<meta property=\"article:modified_time\" content=\"2022-05-06T11:51:56+00:00\" \/>\n<meta property=\"og:image\" content=\"https:\/\/corludahaber.com\/h\/wp-content\/uploads\/2022\/05\/bulvar1.jpg\" \/>\n\t<meta property=\"og:image:width\" content=\"1000\" \/>\n\t<meta property=\"og:image:height\" content=\"750\" \/>\n\t<meta property=\"og:image:type\" content=\"image\/jpeg\" \/>\n<meta name=\"author\" content=\"\u00c7orlu&#039;da Haber\" \/>\n<meta name=\"twitter:card\" content=\"summary_large_image\" \/>\n<meta name=\"twitter:creator\" content=\"@habercorluda\" \/>\n<meta name=\"twitter:site\" content=\"@habercorluda\" \/>\n<meta name=\"twitter:label1\" content=\"Yazan:\" \/>\n\t<meta name=\"twitter:data1\" content=\"\u00c7orlu&#039;da Haber\" \/>\n\t<meta name=\"twitter:label2\" content=\"Tahmini okuma s\u00fcresi\" \/>\n\t<meta name=\"twitter:data2\" content=\"1 dakika\" \/>\n<script type=\"application\/ld+json\" class=\"yoast-schema-graph\">{\"@context\":\"https:\/\/schema.org\",\"@graph\":[{\"@type\":\"Article\",\"@id\":\"https:\/\/corludahaber.com\/h\/moto-kurye-gecitte-yayalara-carpti-2-yarali\/30971#article\",\"isPartOf\":{\"@id\":\"https:\/\/corludahaber.com\/h\/moto-kurye-gecitte-yayalara-carpti-2-yarali\/30971\"},\"author\":{\"name\":\"\u00c7orlu'da Haber\",\"@id\":\"https:\/\/corludahaber.com\/h\/#\/schema\/person\/0644b92b9b7d112c4427b8b9be710e97\"},\"headline\":\"Moto Kurye Ge\u00e7itte Yayalara \u00e7arpt\u0131: 2 Yaral\u0131\",\"datePublished\":\"2022-05-06T18:15:19+00:00\",\"dateModified\":\"2022-05-06T11:51:56+00:00\",\"mainEntityOfPage\":{\"@id\":\"https:\/\/corludahaber.com\/h\/moto-kurye-gecitte-yayalara-carpti-2-yarali\/30971\"},\"wordCount\":85,\"commentCount\":0,\"publisher\":{\"@id\":\"https:\/\/corludahaber.com\/h\/#organization\"},\"image\":{\"@id\":\"https:\/\/corludahaber.com\/h\/moto-kurye-gecitte-yayalara-carpti-2-yarali\/30971#primaryimage\"},\"thumbnailUrl\":\"https:\/\/corludahaber.com\/h\/wp-content\/uploads\/2022\/05\/bulvar1.jpg\",\"articleSection\":[\"Asayi\u015f\"],\"inLanguage\":\"tr\",\"potentialAction\":[{\"@type\":\"CommentAction\",\"name\":\"Comment\",\"target\":[\"https:\/\/corludahaber.com\/h\/moto-kurye-gecitte-yayalara-carpti-2-yarali\/30971#respond\"]}]},{\"@type\":\"WebPage\",\"@id\":\"https:\/\/corludahaber.com\/h\/moto-kurye-gecitte-yayalara-carpti-2-yarali\/30971\",\"url\":\"https:\/\/corludahaber.com\/h\/moto-kurye-gecitte-yayalara-carpti-2-yarali\/30971\",\"name\":\"Moto Kurye Ge\u00e7itte Yayalara \u00e7arpt\u0131: 2 Yaral\u0131 | \u00c7orlu&#039;da Haber\",\"isPartOf\":{\"@id\":\"https:\/\/corludahaber.com\/h\/#website\"},\"primaryImageOfPage\":{\"@id\":\"https:\/\/corludahaber.com\/h\/moto-kurye-gecitte-yayalara-carpti-2-yarali\/30971#primaryimage\"},\"image\":{\"@id\":\"https:\/\/corludahaber.com\/h\/moto-kurye-gecitte-yayalara-carpti-2-yarali\/30971#primaryimage\"},\"thumbnailUrl\":\"https:\/\/corludahaber.com\/h\/wp-content\/uploads\/2022\/05\/bulvar1.jpg\",\"datePublished\":\"2022-05-06T18:15:19+00:00\",\"dateModified\":\"2022-05-06T11:51:56+00:00\",\"description\":\"Moto Kurye Ge\u00e7itte Yayalara \u00e7arpt\u0131: 2 Yaral\u0131 | Asayi\u015f \u00c7orlu&#039;da Haber\",\"breadcrumb\":{\"@id\":\"https:\/\/corludahaber.com\/h\/moto-kurye-gecitte-yayalara-carpti-2-yarali\/30971#breadcrumb\"},\"inLanguage\":\"tr\",\"potentialAction\":[{\"@type\":\"ReadAction\",\"target\":[\"https:\/\/corludahaber.com\/h\/moto-kurye-gecitte-yayalara-carpti-2-yarali\/30971\"]}]},{\"@type\":\"ImageObject\",\"inLanguage\":\"tr\",\"@id\":\"https:\/\/corludahaber.com\/h\/moto-kurye-gecitte-yayalara-carpti-2-yarali\/30971#primaryimage\",\"url\":\"https:\/\/corludahaber.com\/h\/wp-content\/uploads\/2022\/05\/bulvar1.jpg\",\"contentUrl\":\"https:\/\/corludahaber.com\/h\/wp-content\/uploads\/2022\/05\/bulvar1.jpg\",\"width\":1000,\"height\":750},{\"@type\":\"BreadcrumbList\",\"@id\":\"https:\/\/corludahaber.com\/h\/moto-kurye-gecitte-yayalara-carpti-2-yarali\/30971#breadcrumb\",\"itemListElement\":[{\"@type\":\"ListItem\",\"position\":1,\"name\":\"Anasayfa\",\"item\":\"https:\/\/corludahaber.com\/h\/\"},{\"@type\":\"ListItem\",\"position\":2,\"name\":\"Asayi\u015f\",\"item\":\"https:\/\/corludahaber.com\/h\/kategori\/asayis\"},{\"@type\":\"ListItem\",\"position\":3,\"name\":\"Moto Kurye Ge\u00e7itte Yayalara \u00e7arpt\u0131: 2 Yaral\u0131\"}]},{\"@type\":\"WebSite\",\"@id\":\"https:\/\/corludahaber.com\/h\/#website\",\"url\":\"https:\/\/corludahaber.com\/h\/\",\"name\":\"\u00c7orlu'da Haber\",\"description\":\"Ger\u00e7ek Tarafs\u0131z Haber\",\"publisher\":{\"@id\":\"https:\/\/corludahaber.com\/h\/#organization\"},\"potentialAction\":[{\"@type\":\"SearchAction\",\"target\":{\"@type\":\"EntryPoint\",\"urlTemplate\":\"https:\/\/corludahaber.com\/h\/?s={search_term_string}\"},\"query-input\":\"required name=search_term_string\"}],\"inLanguage\":\"tr\"},{\"@type\":\"Organization\",\"@id\":\"https:\/\/corludahaber.com\/h\/#organization\",\"name\":\"\u00c7orlu'da Haber\",\"url\":\"https:\/\/corludahaber.com\/h\/\",\"logo\":{\"@type\":\"ImageObject\",\"inLanguage\":\"tr\",\"@id\":\"https:\/\/corludahaber.com\/h\/#\/schema\/logo\/image\/\",\"url\":\"https:\/\/corludahaber.com\/h\/wp-content\/uploads\/2021\/12\/logo__9__1_-removebg-preview.png\",\"contentUrl\":\"https:\/\/corludahaber.com\/h\/wp-content\/uploads\/2021\/12\/logo__9__1_-removebg-preview.png\",\"width\":500,\"height\":157,\"caption\":\"\u00c7orlu'da Haber\"},\"image\":{\"@id\":\"https:\/\/corludahaber.com\/h\/#\/schema\/logo\/image\/\"},\"sameAs\":[\"https:\/\/facebook.com\/habercorluda\",\"https:\/\/x.com\/habercorluda\",\"https:\/\/www.instagram.com\/corludahaber\",\"https:\/\/www.youtube.com\/user\/corludahaber\"]},{\"@type\":\"Person\",\"@id\":\"https:\/\/corludahaber.com\/h\/#\/schema\/person\/0644b92b9b7d112c4427b8b9be710e97\",\"name\":\"\u00c7orlu'da Haber\",\"image\":{\"@type\":\"ImageObject\",\"inLanguage\":\"tr\",\"@id\":\"https:\/\/corludahaber.com\/h\/#\/schema\/person\/image\/\",\"url\":\"https:\/\/corludahaber.com\/h\/wp-content\/uploads\/2022\/12\/plogo-80x80.jpg\",\"contentUrl\":\"https:\/\/corludahaber.com\/h\/wp-content\/uploads\/2022\/12\/plogo-80x80.jpg\",\"caption\":\"\u00c7orlu'da Haber\"},\"url\":\"https:\/\/corludahaber.com\/h\/author\/berkan\"}]}<\/script>\n<!-- \/ Yoast SEO Premium plugin. -->","yoast_head_json":{"title":"Moto Kurye Ge\u00e7itte Yayalara \u00e7arpt\u0131: 2 Yaral\u0131 | \u00c7orlu&#039;da Haber","description":"Moto Kurye Ge\u00e7itte Yayalara \u00e7arpt\u0131: 2 Yaral\u0131 | Asayi\u015f \u00c7orlu&#039;da Haber","robots":{"index":"index","follow":"follow","max-snippet":"max-snippet:-1","max-image-preview":"max-image-preview:large","max-video-preview":"max-video-preview:-1"},"canonical":"https:\/\/corludahaber.com\/h\/moto-kurye-gecitte-yayalara-carpti-2-yarali\/30971","og_locale":"tr_TR","og_type":"article","og_title":"Moto Kurye Ge\u00e7itte Yayalara \u00e7arpt\u0131: 2 Yaral\u0131 | \u00c7orlu&#039;da Haber","og_description":"Moto Kurye Ge\u00e7itte Yayalara \u00e7arpt\u0131: 2 Yaral\u0131 | Asayi\u015f \u00c7orlu&#039;da Haber","og_url":"https:\/\/corludahaber.com\/h\/moto-kurye-gecitte-yayalara-carpti-2-yarali\/30971","og_site_name":"\u00c7orlu&#039;da Haber","article_publisher":"https:\/\/facebook.com\/habercorluda","article_published_time":"2022-05-06T18:15:19+00:00","article_modified_time":"2022-05-06T11:51:56+00:00","og_image":[{"width":1000,"height":750,"url":"https:\/\/corludahaber.com\/h\/wp-content\/uploads\/2022\/05\/bulvar1.jpg","type":"image\/jpeg"}],"author":"\u00c7orlu'da Haber","twitter_card":"summary_large_image","twitter_creator":"@habercorluda","twitter_site":"@habercorluda","twitter_misc":{"Yazan:":"\u00c7orlu'da Haber","Tahmini okuma s\u00fcresi":"1 dakika"},"schema":{"@context":"https:\/\/schema.org","@graph":[{"@type":"Article","@id":"https:\/\/corludahaber.com\/h\/moto-kurye-gecitte-yayalara-carpti-2-yarali\/30971#article","isPartOf":{"@id":"https:\/\/corludahaber.com\/h\/moto-kurye-gecitte-yayalara-carpti-2-yarali\/30971"},"author":{"name":"\u00c7orlu'da Haber","@id":"https:\/\/corludahaber.com\/h\/#\/schema\/person\/0644b92b9b7d112c4427b8b9be710e97"},"headline":"Moto Kurye Ge\u00e7itte Yayalara \u00e7arpt\u0131: 2 Yaral\u0131","datePublished":"2022-05-06T18:15:19+00:00","dateModified":"2022-05-06T11:51:56+00:00","mainEntityOfPage":{"@id":"https:\/\/corludahaber.com\/h\/moto-kurye-gecitte-yayalara-carpti-2-yarali\/30971"},"wordCount":85,"commentCount":0,"publisher":{"@id":"https:\/\/corludahaber.com\/h\/#organization"},"image":{"@id":"https:\/\/corludahaber.com\/h\/moto-kurye-gecitte-yayalara-carpti-2-yarali\/30971#primaryimage"},"thumbnailUrl":"https:\/\/corludahaber.com\/h\/wp-content\/uploads\/2022\/05\/bulvar1.jpg","articleSection":["Asayi\u015f"],"inLanguage":"tr","potentialAction":[{"@type":"CommentAction","name":"Comment","target":["https:\/\/corludahaber.com\/h\/moto-kurye-gecitte-yayalara-carpti-2-yarali\/30971#respond"]}]},{"@type":"WebPage","@id":"https:\/\/corludahaber.com\/h\/moto-kurye-gecitte-yayalara-carpti-2-yarali\/30971","url":"https:\/\/corludahaber.com\/h\/moto-kurye-gecitte-yayalara-carpti-2-yarali\/30971","name":"Moto Kurye Ge\u00e7itte Yayalara \u00e7arpt\u0131: 2 Yaral\u0131 | \u00c7orlu&#039;da Haber","isPartOf":{"@id":"https:\/\/corludahaber.com\/h\/#website"},"primaryImageOfPage":{"@id":"https:\/\/corludahaber.com\/h\/moto-kurye-gecitte-yayalara-carpti-2-yarali\/30971#primaryimage"},"image":{"@id":"https:\/\/corludahaber.com\/h\/moto-kurye-gecitte-yayalara-carpti-2-yarali\/30971#primaryimage"},"thumbnailUrl":"https:\/\/corludahaber.com\/h\/wp-content\/uploads\/2022\/05\/bulvar1.jpg","datePublished":"2022-05-06T18:15:19+00:00","dateModified":"2022-05-06T11:51:56+00:00","description":"Moto Kurye Ge\u00e7itte Yayalara \u00e7arpt\u0131: 2 Yaral\u0131 | Asayi\u015f \u00c7orlu&#039;da Haber","breadcrumb":{"@id":"https:\/\/corludahaber.com\/h\/moto-kurye-gecitte-yayalara-carpti-2-yarali\/30971#breadcrumb"},"inLanguage":"tr","potentialAction":[{"@type":"ReadAction","target":["https:\/\/corludahaber.com\/h\/moto-kurye-gecitte-yayalara-carpti-2-yarali\/30971"]}]},{"@type":"ImageObject","inLanguage":"tr","@id":"https:\/\/corludahaber.com\/h\/moto-kurye-gecitte-yayalara-carpti-2-yarali\/30971#primaryimage","url":"https:\/\/corludahaber.com\/h\/wp-content\/uploads\/2022\/05\/bulvar1.jpg","contentUrl":"https:\/\/corludahaber.com\/h\/wp-content\/uploads\/2022\/05\/bulvar1.jpg","width":1000,"height":750},{"@type":"BreadcrumbList","@id":"https:\/\/corludahaber.com\/h\/moto-kurye-gecitte-yayalara-carpti-2-yarali\/30971#breadcrumb","itemListElement":[{"@type":"ListItem","position":1,"name":"Anasayfa","item":"https:\/\/corludahaber.com\/h\/"},{"@type":"ListItem","position":2,"name":"Asayi\u015f","item":"https:\/\/corludahaber.com\/h\/kategori\/asayis"},{"@type":"ListItem","position":3,"name":"Moto Kurye Ge\u00e7itte Yayalara \u00e7arpt\u0131: 2 Yaral\u0131"}]},{"@type":"WebSite","@id":"https:\/\/corludahaber.com\/h\/#website","url":"https:\/\/corludahaber.com\/h\/","name":"\u00c7orlu'da Haber","description":"Ger\u00e7ek Tarafs\u0131z Haber","publisher":{"@id":"https:\/\/corludahaber.com\/h\/#organization"},"potentialAction":[{"@type":"SearchAction","target":{"@type":"EntryPoint","urlTemplate":"https:\/\/corludahaber.com\/h\/?s={search_term_string}"},"query-input":"required name=search_term_string"}],"inLanguage":"tr"},{"@type":"Organization","@id":"https:\/\/corludahaber.com\/h\/#organization","name":"\u00c7orlu'da Haber","url":"https:\/\/corludahaber.com\/h\/","logo":{"@type":"ImageObject","inLanguage":"tr","@id":"https:\/\/corludahaber.com\/h\/#\/schema\/logo\/image\/","url":"https:\/\/corludahaber.com\/h\/wp-content\/uploads\/2021\/12\/logo__9__1_-removebg-preview.png","contentUrl":"https:\/\/corludahaber.com\/h\/wp-content\/uploads\/2021\/12\/logo__9__1_-removebg-preview.png","width":500,"height":157,"caption":"\u00c7orlu'da Haber"},"image":{"@id":"https:\/\/corludahaber.com\/h\/#\/schema\/logo\/image\/"},"sameAs":["https:\/\/facebook.com\/habercorluda","https:\/\/x.com\/habercorluda","https:\/\/www.instagram.com\/corludahaber","https:\/\/www.youtube.com\/user\/corludahaber"]},{"@type":"Person","@id":"https:\/\/corludahaber.com\/h\/#\/schema\/person\/0644b92b9b7d112c4427b8b9be710e97","name":"\u00c7orlu'da Haber","image":{"@type":"ImageObject","inLanguage":"tr","@id":"https:\/\/corludahaber.com\/h\/#\/schema\/person\/image\/","url":"https:\/\/corludahaber.com\/h\/wp-content\/uploads\/2022\/12\/plogo-80x80.jpg","contentUrl":"https:\/\/corludahaber.com\/h\/wp-content\/uploads\/2022\/12\/plogo-80x80.jpg","caption":"\u00c7orlu'da Haber"},"url":"https:\/\/corludahaber.com\/h\/author\/berkan"}]}},"_links":{"self":[{"href":"https:\/\/corludahaber.com\/h\/wp-json\/wp\/v2\/posts\/30971","targetHints":{"allow":["GET"]}}],"collection":[{"href":"https:\/\/corludahaber.com\/h\/wp-json\/wp\/v2\/posts"}],"about":[{"href":"https:\/\/corludahaber.com\/h\/wp-json\/wp\/v2\/types\/post"}],"author":[{"embeddable":true,"href":"https:\/\/corludahaber.com\/h\/wp-json\/wp\/v2\/users\/4"}],"replies":[{"embeddable":true,"href":"https:\/\/corludahaber.com\/h\/wp-json\/wp\/v2\/comments?post=30971"}],"version-history":[{"count":0,"href":"https:\/\/corludahaber.com\/h\/wp-json\/wp\/v2\/posts\/30971\/revisions"}],"wp:featuredmedia":[{"embeddable":true,"href":"https:\/\/corludahaber.com\/h\/wp-json\/wp\/v2\/media\/30972"}],"wp:attachment":[{"href":"https:\/\/corludahaber.com\/h\/wp-json\/wp\/v2\/media?parent=30971"}],"wp:term":[{"taxonomy":"category","embeddable":true,"href":"https:\/\/corludahaber.com\/h\/wp-json\/wp\/v2\/categories?post=30971"},{"taxonomy":"post_tag","embeddable":true,"href":"https:\/\/corludahaber.com\/h\/wp-json\/wp\/v2\/tags?post=30971"}],"curies":[{"name":"wp","href":"https:\/\/api.w.org\/{rel}","templated":true}]}}