{"id":29161,"date":"2022-04-03T17:41:09","date_gmt":"2022-04-03T14:41:09","guid":{"rendered":"https:\/\/corludahaber.com\/h\/?p=29161"},"modified":"2022-04-03T01:01:45","modified_gmt":"2022-04-02T22:01:45","slug":"29161-2","status":"publish","type":"post","link":"https:\/\/corludahaber.com\/h\/29161-2\/29161","title":{"rendered":"Elektrik Dire\u011fi Devrildi: Yol Trafi\u011fe Kapat\u0131ld\u0131"},"content":{"rendered":"<div class=\"corlu-icerikten-once_3\" id=\"corlu-3511646584\"><script type='text\/javascript' src='https:\/\/platform-api.sharethis.com\/js\/sharethis.js#property=5ce8cf08af7d000012cb0ca1&product=inline-reaction-buttons' async='async'><\/script>\r\n\r\n<\/div><p>Muratl\u0131\u2019da \u015fiddetli r\u00fczg\u00e2r yolu kapatt\u0131rd\u0131.<\/p><div class=\"corlu-icerik-2\" id=\"corlu-3230689939\"><!-- Admatic AUTO ads START -->\r\n<ins data-publisher=\"adm-pub-155556240050\" data-ad-network=\"659428a24d11b285b616c18d\"   class=\"adm-ads-area\"><\/ins>\r\n<script type=\"text\/javascript\" src=\"https:\/\/static.cdn.admatic.com.tr\/showad\/showad.min.js\"><\/script>\r\n<!-- Admatic AUTO ads END --><\/div>\n<p>Muratl\u0131\u2019da \u015fiddetli r\u00fczgar nedeniyle ak\u015fam\u00fcst\u00fc saatlerinde demir elektrik dire\u011fi devrilerek; Muratl\u0131 B\u00fcy\u00fckkar\u0131\u015ft\u0131ran karayolunu ara\u00e7 trafi\u011fine kapatt\u0131.<\/p>\n<p>Muratl\u0131 \u0130l\u00e7e Emniyet M\u00fcd\u00fcrl\u00fc\u011f\u00fc\u2019ne ba\u011fl\u0131 Trafik \u015eube ekipleri yol \u00fczerinde g\u00fcvenlik \u00f6nlemleri al\u0131rken, elektrik i\u015fletmesi ekipleri ise devrilen dire\u011fe ve elektrik kablolar\u0131na m\u00fcdahale etti.<\/p>\n<p>B.Kar\u0131\u015ft\u0131ran\u2019dan Muratl\u0131\u2019ya gelmek isteyen s\u00fcr\u00fcc\u00fcler kar\u015f\u0131 \u015feritten tek y\u00f6n\u00fc kullan\u0131rken, Muratl\u0131\u2019dan B.Kar\u0131\u015ft\u0131ran\u2019a gitmek isteyen s\u00fcr\u00fcc\u00fcler ise tek \u015feritten yola devam ettiler.<\/p>\n<p>Devrik elektrik dire\u011fi vin\u00e7 yard\u0131m\u0131yla kald\u0131r\u0131ld\u0131.<\/p>\n<div class=\"corlu-icerikten-sonra_3\" id=\"corlu-2306037478\"><p><img loading=\"lazy\" decoding=\"async\" class=\"aligncenter\" src=\"https:\/\/www.corludahaber.com\/bahcesehir.jpg\" alt=\"\" width=\"624\" height=\"196\" \/><\/p>\n<table style=\"text-align: left; width: 100%;\" border=\"1\" cellspacing=\"2\" cellpadding=\"2\">\n<tbody>\n<tr>\n<td style=\"background-color: #050805;\"><span style=\"font-size: 12pt;\"><small><small><em><strong><big><span style=\"color: #ff0000;\">Haber ve resimlerin telif haklar\u0131ndan dolay\u0131 kullan\u0131m\u0131 yasakt\u0131r<span style=\"color: #000000;\">.<\/span><\/span><span style=\"color: #000000;\">\u00a0<\/span><span style=\"color: #ffffff;\">Yaz\u0131l\u0131 izni al\u0131nmadan hi\u00e7bir yaz\u0131l\u0131, g\u00f6rsel, i\u015fitsel i\u00e7erik kopyalanamaz, de\u011fi\u015ftirilemez, yay\u0131nlanamaz veya sat\u0131lamaz. Aksi halde<\/span>\u00a0<span style=\"color: #ff0000;\">5846<span style=\"color: #ffffff;\">\u00a0<\/span><\/span><span style=\"color: #ffffff;\">say\u0131l\u0131 Fikir ve Sanat Eserleri Kanunu\u2019na ve<\/span>\u00a0<span style=\"color: #800000;\"><span style=\"color: #ff0000;\">6102<\/span><span style=\"color: #ffffff;\">\u00a0<\/span><\/span><span style=\"color: #ffffff;\">say\u0131l\u0131 maddesine g\u00f6re<\/span>\u00a0<span style=\"color: #ff0000;\">gerekli i\u015flemler uygulanacakt\u0131r.<\/span><br \/>\n<span style=\"color: #ffffff;\">\u00a9 Copyright 2014<\/span><\/big><\/strong><\/em><\/small><\/small><\/span><\/td>\n<\/tr>\n<\/tbody>\n<\/table>\n<p><small><small>\u00a0<\/small><\/small><\/p>\n<\/div>","protected":false},"excerpt":{"rendered":"<p>Muratl\u0131\u2019da \u015fiddetli r\u00fczg\u00e2r yolu kapatt\u0131rd\u0131. Muratl\u0131\u2019da \u015fiddetli r\u00fczgar nedeniyle ak\u015fam\u00fcst\u00fc saatlerinde demir elektrik dire\u011fi devrilerek; Muratl\u0131 B\u00fcy\u00fckkar\u0131\u015ft\u0131ran karayolunu ara\u00e7 trafi\u011fine kapatt\u0131. Muratl\u0131 \u0130l\u00e7e Emniyet M\u00fcd\u00fcrl\u00fc\u011f\u00fc\u2019ne ba\u011fl\u0131 Trafik \u015eube ekipleri yol \u00fczerinde g\u00fcvenlik \u00f6nlemleri al\u0131rken, elektrik i\u015fletmesi ekipleri ise devrilen dire\u011fe ve elektrik kablolar\u0131na m\u00fcdahale etti. B.Kar\u0131\u015ft\u0131ran\u2019dan Muratl\u0131\u2019ya gelmek isteyen s\u00fcr\u00fcc\u00fcler kar\u015f\u0131 \u015feritten tek y\u00f6n\u00fc kullan\u0131rken, &hellip;<\/p>\n","protected":false},"author":4,"featured_media":29163,"comment_status":"open","ping_status":"open","sticky":false,"template":"","format":"standard","meta":{"footnotes":""},"categories":[27],"tags":[],"class_list":["post-29161","post","type-post","status-publish","format-standard","has-post-thumbnail","hentry","category-yasam"],"yoast_head":"<!-- This site is optimized with the Yoast SEO Premium plugin v23.3 (Yoast SEO v23.3) - https:\/\/yoast.com\/wordpress\/plugins\/seo\/ -->\n<title>Elektrik Dire\u011fi Devrildi: Yol Trafi\u011fe Kapat\u0131ld\u0131 | \u00c7orlu&#039;da Haber<\/title>\n<meta name=\"description\" content=\"Elektrik Dire\u011fi Devrildi: Yol Trafi\u011fe Kapat\u0131ld\u0131 | Ya\u015fam \u00c7orlu&#039;da Haber\" \/>\n<meta name=\"robots\" content=\"index, follow, max-snippet:-1, max-image-preview:large, max-video-preview:-1\" \/>\n<link rel=\"canonical\" href=\"https:\/\/corludahaber.com\/h\/29161-2\/29161\" \/>\n<meta property=\"og:locale\" content=\"tr_TR\" \/>\n<meta property=\"og:type\" content=\"article\" \/>\n<meta property=\"og:title\" content=\"Elektrik Dire\u011fi Devrildi: Yol Trafi\u011fe Kapat\u0131ld\u0131 | \u00c7orlu&#039;da Haber\" \/>\n<meta property=\"og:description\" content=\"Elektrik Dire\u011fi Devrildi: Yol Trafi\u011fe Kapat\u0131ld\u0131 | Ya\u015fam \u00c7orlu&#039;da Haber\" \/>\n<meta property=\"og:url\" content=\"https:\/\/corludahaber.com\/h\/29161-2\/29161\" \/>\n<meta property=\"og:site_name\" content=\"\u00c7orlu&#039;da Haber\" \/>\n<meta property=\"article:publisher\" content=\"https:\/\/facebook.com\/habercorluda\" \/>\n<meta property=\"article:published_time\" content=\"2022-04-03T14:41:09+00:00\" \/>\n<meta property=\"article:modified_time\" content=\"2022-04-02T22:01:45+00:00\" \/>\n<meta property=\"og:image\" content=\"https:\/\/corludahaber.com\/h\/wp-content\/uploads\/2022\/04\/62489441748a3.jpg\" \/>\n\t<meta property=\"og:image:width\" content=\"865\" \/>\n\t<meta property=\"og:image:height\" content=\"608\" \/>\n\t<meta property=\"og:image:type\" content=\"image\/jpeg\" \/>\n<meta name=\"author\" content=\"\u00c7orlu&#039;da Haber\" \/>\n<meta name=\"twitter:card\" content=\"summary_large_image\" \/>\n<meta name=\"twitter:creator\" content=\"@habercorluda\" \/>\n<meta name=\"twitter:site\" content=\"@habercorluda\" \/>\n<meta name=\"twitter:label1\" content=\"Yazan:\" \/>\n\t<meta name=\"twitter:data1\" content=\"\u00c7orlu&#039;da Haber\" \/>\n\t<meta name=\"twitter:label2\" content=\"Tahmini okuma s\u00fcresi\" \/>\n\t<meta name=\"twitter:data2\" content=\"1 dakika\" \/>\n<script type=\"application\/ld+json\" class=\"yoast-schema-graph\">{\"@context\":\"https:\/\/schema.org\",\"@graph\":[{\"@type\":\"Article\",\"@id\":\"https:\/\/corludahaber.com\/h\/29161-2\/29161#article\",\"isPartOf\":{\"@id\":\"https:\/\/corludahaber.com\/h\/29161-2\/29161\"},\"author\":{\"name\":\"\u00c7orlu'da Haber\",\"@id\":\"https:\/\/corludahaber.com\/h\/#\/schema\/person\/0644b92b9b7d112c4427b8b9be710e97\"},\"headline\":\"Elektrik Dire\u011fi Devrildi: Yol Trafi\u011fe Kapat\u0131ld\u0131\",\"datePublished\":\"2022-04-03T14:41:09+00:00\",\"dateModified\":\"2022-04-02T22:01:45+00:00\",\"mainEntityOfPage\":{\"@id\":\"https:\/\/corludahaber.com\/h\/29161-2\/29161\"},\"wordCount\":129,\"commentCount\":0,\"publisher\":{\"@id\":\"https:\/\/corludahaber.com\/h\/#organization\"},\"image\":{\"@id\":\"https:\/\/corludahaber.com\/h\/29161-2\/29161#primaryimage\"},\"thumbnailUrl\":\"https:\/\/corludahaber.com\/h\/wp-content\/uploads\/2022\/04\/62489441748a3.jpg\",\"articleSection\":[\"Ya\u015fam\"],\"inLanguage\":\"tr\",\"potentialAction\":[{\"@type\":\"CommentAction\",\"name\":\"Comment\",\"target\":[\"https:\/\/corludahaber.com\/h\/29161-2\/29161#respond\"]}]},{\"@type\":\"WebPage\",\"@id\":\"https:\/\/corludahaber.com\/h\/29161-2\/29161\",\"url\":\"https:\/\/corludahaber.com\/h\/29161-2\/29161\",\"name\":\"Elektrik Dire\u011fi Devrildi: Yol Trafi\u011fe Kapat\u0131ld\u0131 | \u00c7orlu&#039;da Haber\",\"isPartOf\":{\"@id\":\"https:\/\/corludahaber.com\/h\/#website\"},\"primaryImageOfPage\":{\"@id\":\"https:\/\/corludahaber.com\/h\/29161-2\/29161#primaryimage\"},\"image\":{\"@id\":\"https:\/\/corludahaber.com\/h\/29161-2\/29161#primaryimage\"},\"thumbnailUrl\":\"https:\/\/corludahaber.com\/h\/wp-content\/uploads\/2022\/04\/62489441748a3.jpg\",\"datePublished\":\"2022-04-03T14:41:09+00:00\",\"dateModified\":\"2022-04-02T22:01:45+00:00\",\"description\":\"Elektrik Dire\u011fi Devrildi: Yol Trafi\u011fe Kapat\u0131ld\u0131 | Ya\u015fam \u00c7orlu&#039;da Haber\",\"breadcrumb\":{\"@id\":\"https:\/\/corludahaber.com\/h\/29161-2\/29161#breadcrumb\"},\"inLanguage\":\"tr\",\"potentialAction\":[{\"@type\":\"ReadAction\",\"target\":[\"https:\/\/corludahaber.com\/h\/29161-2\/29161\"]}]},{\"@type\":\"ImageObject\",\"inLanguage\":\"tr\",\"@id\":\"https:\/\/corludahaber.com\/h\/29161-2\/29161#primaryimage\",\"url\":\"https:\/\/corludahaber.com\/h\/wp-content\/uploads\/2022\/04\/62489441748a3.jpg\",\"contentUrl\":\"https:\/\/corludahaber.com\/h\/wp-content\/uploads\/2022\/04\/62489441748a3.jpg\",\"width\":865,\"height\":608},{\"@type\":\"BreadcrumbList\",\"@id\":\"https:\/\/corludahaber.com\/h\/29161-2\/29161#breadcrumb\",\"itemListElement\":[{\"@type\":\"ListItem\",\"position\":1,\"name\":\"Anasayfa\",\"item\":\"https:\/\/corludahaber.com\/h\/\"},{\"@type\":\"ListItem\",\"position\":2,\"name\":\"Ya\u015fam\",\"item\":\"https:\/\/corludahaber.com\/h\/kategori\/yasam\"},{\"@type\":\"ListItem\",\"position\":3,\"name\":\"Elektrik Dire\u011fi Devrildi: Yol Trafi\u011fe Kapat\u0131ld\u0131\"}]},{\"@type\":\"WebSite\",\"@id\":\"https:\/\/corludahaber.com\/h\/#website\",\"url\":\"https:\/\/corludahaber.com\/h\/\",\"name\":\"\u00c7orlu'da Haber\",\"description\":\"Ger\u00e7ek Tarafs\u0131z Haber\",\"publisher\":{\"@id\":\"https:\/\/corludahaber.com\/h\/#organization\"},\"potentialAction\":[{\"@type\":\"SearchAction\",\"target\":{\"@type\":\"EntryPoint\",\"urlTemplate\":\"https:\/\/corludahaber.com\/h\/?s={search_term_string}\"},\"query-input\":\"required name=search_term_string\"}],\"inLanguage\":\"tr\"},{\"@type\":\"Organization\",\"@id\":\"https:\/\/corludahaber.com\/h\/#organization\",\"name\":\"\u00c7orlu'da Haber\",\"url\":\"https:\/\/corludahaber.com\/h\/\",\"logo\":{\"@type\":\"ImageObject\",\"inLanguage\":\"tr\",\"@id\":\"https:\/\/corludahaber.com\/h\/#\/schema\/logo\/image\/\",\"url\":\"https:\/\/corludahaber.com\/h\/wp-content\/uploads\/2021\/12\/logo__9__1_-removebg-preview.png\",\"contentUrl\":\"https:\/\/corludahaber.com\/h\/wp-content\/uploads\/2021\/12\/logo__9__1_-removebg-preview.png\",\"width\":500,\"height\":157,\"caption\":\"\u00c7orlu'da Haber\"},\"image\":{\"@id\":\"https:\/\/corludahaber.com\/h\/#\/schema\/logo\/image\/\"},\"sameAs\":[\"https:\/\/facebook.com\/habercorluda\",\"https:\/\/x.com\/habercorluda\",\"https:\/\/www.instagram.com\/corludahaber\",\"https:\/\/www.youtube.com\/user\/corludahaber\"]},{\"@type\":\"Person\",\"@id\":\"https:\/\/corludahaber.com\/h\/#\/schema\/person\/0644b92b9b7d112c4427b8b9be710e97\",\"name\":\"\u00c7orlu'da Haber\",\"image\":{\"@type\":\"ImageObject\",\"inLanguage\":\"tr\",\"@id\":\"https:\/\/corludahaber.com\/h\/#\/schema\/person\/image\/\",\"url\":\"https:\/\/corludahaber.com\/h\/wp-content\/uploads\/2022\/12\/plogo-80x80.jpg\",\"contentUrl\":\"https:\/\/corludahaber.com\/h\/wp-content\/uploads\/2022\/12\/plogo-80x80.jpg\",\"caption\":\"\u00c7orlu'da Haber\"},\"url\":\"https:\/\/corludahaber.com\/h\/author\/berkan\"}]}<\/script>\n<!-- \/ Yoast SEO Premium plugin. -->","yoast_head_json":{"title":"Elektrik Dire\u011fi Devrildi: Yol Trafi\u011fe Kapat\u0131ld\u0131 | \u00c7orlu&#039;da Haber","description":"Elektrik Dire\u011fi Devrildi: Yol Trafi\u011fe Kapat\u0131ld\u0131 | Ya\u015fam \u00c7orlu&#039;da Haber","robots":{"index":"index","follow":"follow","max-snippet":"max-snippet:-1","max-image-preview":"max-image-preview:large","max-video-preview":"max-video-preview:-1"},"canonical":"https:\/\/corludahaber.com\/h\/29161-2\/29161","og_locale":"tr_TR","og_type":"article","og_title":"Elektrik Dire\u011fi Devrildi: Yol Trafi\u011fe Kapat\u0131ld\u0131 | \u00c7orlu&#039;da Haber","og_description":"Elektrik Dire\u011fi Devrildi: Yol Trafi\u011fe Kapat\u0131ld\u0131 | Ya\u015fam \u00c7orlu&#039;da Haber","og_url":"https:\/\/corludahaber.com\/h\/29161-2\/29161","og_site_name":"\u00c7orlu&#039;da Haber","article_publisher":"https:\/\/facebook.com\/habercorluda","article_published_time":"2022-04-03T14:41:09+00:00","article_modified_time":"2022-04-02T22:01:45+00:00","og_image":[{"width":865,"height":608,"url":"https:\/\/corludahaber.com\/h\/wp-content\/uploads\/2022\/04\/62489441748a3.jpg","type":"image\/jpeg"}],"author":"\u00c7orlu'da Haber","twitter_card":"summary_large_image","twitter_creator":"@habercorluda","twitter_site":"@habercorluda","twitter_misc":{"Yazan:":"\u00c7orlu'da Haber","Tahmini okuma s\u00fcresi":"1 dakika"},"schema":{"@context":"https:\/\/schema.org","@graph":[{"@type":"Article","@id":"https:\/\/corludahaber.com\/h\/29161-2\/29161#article","isPartOf":{"@id":"https:\/\/corludahaber.com\/h\/29161-2\/29161"},"author":{"name":"\u00c7orlu'da Haber","@id":"https:\/\/corludahaber.com\/h\/#\/schema\/person\/0644b92b9b7d112c4427b8b9be710e97"},"headline":"Elektrik Dire\u011fi Devrildi: Yol Trafi\u011fe Kapat\u0131ld\u0131","datePublished":"2022-04-03T14:41:09+00:00","dateModified":"2022-04-02T22:01:45+00:00","mainEntityOfPage":{"@id":"https:\/\/corludahaber.com\/h\/29161-2\/29161"},"wordCount":129,"commentCount":0,"publisher":{"@id":"https:\/\/corludahaber.com\/h\/#organization"},"image":{"@id":"https:\/\/corludahaber.com\/h\/29161-2\/29161#primaryimage"},"thumbnailUrl":"https:\/\/corludahaber.com\/h\/wp-content\/uploads\/2022\/04\/62489441748a3.jpg","articleSection":["Ya\u015fam"],"inLanguage":"tr","potentialAction":[{"@type":"CommentAction","name":"Comment","target":["https:\/\/corludahaber.com\/h\/29161-2\/29161#respond"]}]},{"@type":"WebPage","@id":"https:\/\/corludahaber.com\/h\/29161-2\/29161","url":"https:\/\/corludahaber.com\/h\/29161-2\/29161","name":"Elektrik Dire\u011fi Devrildi: Yol Trafi\u011fe Kapat\u0131ld\u0131 | \u00c7orlu&#039;da Haber","isPartOf":{"@id":"https:\/\/corludahaber.com\/h\/#website"},"primaryImageOfPage":{"@id":"https:\/\/corludahaber.com\/h\/29161-2\/29161#primaryimage"},"image":{"@id":"https:\/\/corludahaber.com\/h\/29161-2\/29161#primaryimage"},"thumbnailUrl":"https:\/\/corludahaber.com\/h\/wp-content\/uploads\/2022\/04\/62489441748a3.jpg","datePublished":"2022-04-03T14:41:09+00:00","dateModified":"2022-04-02T22:01:45+00:00","description":"Elektrik Dire\u011fi Devrildi: Yol Trafi\u011fe Kapat\u0131ld\u0131 | Ya\u015fam \u00c7orlu&#039;da Haber","breadcrumb":{"@id":"https:\/\/corludahaber.com\/h\/29161-2\/29161#breadcrumb"},"inLanguage":"tr","potentialAction":[{"@type":"ReadAction","target":["https:\/\/corludahaber.com\/h\/29161-2\/29161"]}]},{"@type":"ImageObject","inLanguage":"tr","@id":"https:\/\/corludahaber.com\/h\/29161-2\/29161#primaryimage","url":"https:\/\/corludahaber.com\/h\/wp-content\/uploads\/2022\/04\/62489441748a3.jpg","contentUrl":"https:\/\/corludahaber.com\/h\/wp-content\/uploads\/2022\/04\/62489441748a3.jpg","width":865,"height":608},{"@type":"BreadcrumbList","@id":"https:\/\/corludahaber.com\/h\/29161-2\/29161#breadcrumb","itemListElement":[{"@type":"ListItem","position":1,"name":"Anasayfa","item":"https:\/\/corludahaber.com\/h\/"},{"@type":"ListItem","position":2,"name":"Ya\u015fam","item":"https:\/\/corludahaber.com\/h\/kategori\/yasam"},{"@type":"ListItem","position":3,"name":"Elektrik Dire\u011fi Devrildi: Yol Trafi\u011fe Kapat\u0131ld\u0131"}]},{"@type":"WebSite","@id":"https:\/\/corludahaber.com\/h\/#website","url":"https:\/\/corludahaber.com\/h\/","name":"\u00c7orlu'da Haber","description":"Ger\u00e7ek Tarafs\u0131z Haber","publisher":{"@id":"https:\/\/corludahaber.com\/h\/#organization"},"potentialAction":[{"@type":"SearchAction","target":{"@type":"EntryPoint","urlTemplate":"https:\/\/corludahaber.com\/h\/?s={search_term_string}"},"query-input":"required name=search_term_string"}],"inLanguage":"tr"},{"@type":"Organization","@id":"https:\/\/corludahaber.com\/h\/#organization","name":"\u00c7orlu'da Haber","url":"https:\/\/corludahaber.com\/h\/","logo":{"@type":"ImageObject","inLanguage":"tr","@id":"https:\/\/corludahaber.com\/h\/#\/schema\/logo\/image\/","url":"https:\/\/corludahaber.com\/h\/wp-content\/uploads\/2021\/12\/logo__9__1_-removebg-preview.png","contentUrl":"https:\/\/corludahaber.com\/h\/wp-content\/uploads\/2021\/12\/logo__9__1_-removebg-preview.png","width":500,"height":157,"caption":"\u00c7orlu'da Haber"},"image":{"@id":"https:\/\/corludahaber.com\/h\/#\/schema\/logo\/image\/"},"sameAs":["https:\/\/facebook.com\/habercorluda","https:\/\/x.com\/habercorluda","https:\/\/www.instagram.com\/corludahaber","https:\/\/www.youtube.com\/user\/corludahaber"]},{"@type":"Person","@id":"https:\/\/corludahaber.com\/h\/#\/schema\/person\/0644b92b9b7d112c4427b8b9be710e97","name":"\u00c7orlu'da Haber","image":{"@type":"ImageObject","inLanguage":"tr","@id":"https:\/\/corludahaber.com\/h\/#\/schema\/person\/image\/","url":"https:\/\/corludahaber.com\/h\/wp-content\/uploads\/2022\/12\/plogo-80x80.jpg","contentUrl":"https:\/\/corludahaber.com\/h\/wp-content\/uploads\/2022\/12\/plogo-80x80.jpg","caption":"\u00c7orlu'da Haber"},"url":"https:\/\/corludahaber.com\/h\/author\/berkan"}]}},"_links":{"self":[{"href":"https:\/\/corludahaber.com\/h\/wp-json\/wp\/v2\/posts\/29161","targetHints":{"allow":["GET"]}}],"collection":[{"href":"https:\/\/corludahaber.com\/h\/wp-json\/wp\/v2\/posts"}],"about":[{"href":"https:\/\/corludahaber.com\/h\/wp-json\/wp\/v2\/types\/post"}],"author":[{"embeddable":true,"href":"https:\/\/corludahaber.com\/h\/wp-json\/wp\/v2\/users\/4"}],"replies":[{"embeddable":true,"href":"https:\/\/corludahaber.com\/h\/wp-json\/wp\/v2\/comments?post=29161"}],"version-history":[{"count":0,"href":"https:\/\/corludahaber.com\/h\/wp-json\/wp\/v2\/posts\/29161\/revisions"}],"wp:featuredmedia":[{"embeddable":true,"href":"https:\/\/corludahaber.com\/h\/wp-json\/wp\/v2\/media\/29163"}],"wp:attachment":[{"href":"https:\/\/corludahaber.com\/h\/wp-json\/wp\/v2\/media?parent=29161"}],"wp:term":[{"taxonomy":"category","embeddable":true,"href":"https:\/\/corludahaber.com\/h\/wp-json\/wp\/v2\/categories?post=29161"},{"taxonomy":"post_tag","embeddable":true,"href":"https:\/\/corludahaber.com\/h\/wp-json\/wp\/v2\/tags?post=29161"}],"curies":[{"name":"wp","href":"https:\/\/api.w.org\/{rel}","templated":true}]}}