{"id":26146,"date":"2022-03-01T21:10:33","date_gmt":"2022-03-01T18:10:33","guid":{"rendered":"https:\/\/corludahaber.com\/h\/?p=26146"},"modified":"2022-03-01T21:10:33","modified_gmt":"2022-03-01T18:10:33","slug":"11-mahallede-48-saat-su-kesilecek","status":"publish","type":"post","link":"https:\/\/corludahaber.com\/h\/11-mahallede-48-saat-su-kesilecek\/26146","title":{"rendered":"11 MAHALLEDE 48 SAAT SU KES\u0130LECEK"},"content":{"rendered":"<div class=\"corlu-icerikten-once_3\" id=\"corlu-1338124374\"><script type='text\/javascript' src='https:\/\/platform-api.sharethis.com\/js\/sharethis.js#property=5ce8cf08af7d000012cb0ca1&product=inline-reaction-buttons' async='async'><\/script>\r\n\r\n<\/div><p>\u00c7orlu&#8217;da TESK\u0130 ekipleri taraf\u0131ndan yap\u0131lacak olan 2. Etap \u00c7orlu \u0130l\u00e7esi K\u0131smi \u0130\u00e7me Suyu ve Terfi Merkezi \u0130n\u015faat\u0131 yap\u0131m \u00e7al\u0131\u015fmas\u0131 nedeniyle 11 mahallede 48 saat su kesintisi ya\u015fanacak.<\/p><div class=\"corlu-icerik-2\" id=\"corlu-1192953667\"><!-- Admatic AUTO ads START -->\r\n<ins data-publisher=\"adm-pub-155556240050\" data-ad-network=\"659428a24d11b285b616c18d\"   class=\"adm-ads-area\"><\/ins>\r\n<script type=\"text\/javascript\" src=\"https:\/\/static.cdn.admatic.com.tr\/showad\/showad.min.js\"><\/script>\r\n<!-- Admatic AUTO ads END --><\/div>\n<p>&nbsp;<\/p>\n<p>TESK\u0130 ekipleri taraf\u0131ndan duyurulan a\u00e7\u0131klamada \u015fu s\u00f6zlere yer verildi:&#8221; \u00c7orlu \u0130l\u00e7emiz i\u00e7in ger\u00e7ekle\u015ftirdi\u011fimiz \u20182.ETAP \u00c7ORLU \u0130L\u00c7ES\u0130 KISM\u0130 \u0130\u00c7ME SUYU VE TERF\u0130 MERKEZ\u0130 \u0130N\u015eAATI\u2019 yap\u0131m i\u015fi kapsam\u0131nda etaplar halinde \u015fehir \u015febekesinde bulunan A\u00c7B hatlar ile yeni teknoloji D\u00fcktil Font borularla de\u011fi\u015fimleri sa\u011flanm\u0131\u015f ve mevcutta bulunan depo-ekipmanlar\u0131n\u0131n revizyonlar\u0131 yap\u0131larak devreye al\u0131nma a\u015famas\u0131na gelinmi\u015ftir.<\/p>\n<p>Bu devreye al\u0131nma \u00e7al\u0131\u015fmas\u0131nda \u00c7orlu il\u00e7esinin i\u00e7me suyu \u015febeke sisteminin kalbi say\u0131labilecek, il\u00e7eye ortalama 350lt\/sn (30.240 m\u00b3\/g\u00fcn) i\u00e7me suyu sa\u011flayan Bah\u00e7elievler Terfi Merkezi i\u00e7erisinde (5 ayr\u0131 noktada-e\u015f zamanl\u0131) yeni \u015febeke hatlar\u0131 ile in\u015faat\u0131 tamamlanan Terfi Merkezinin irtibatlar\u0131 yap\u0131lacakt\u0131r. Bu ba\u011flant\u0131 \u00e7al\u0131\u015fmas\u0131nda \u00f8 500 mm-600 mm-700 mm \u00e7aplar\u0131nda b\u00fcy\u00fck \u00e7apl\u0131 DF (D\u00fcktil Font) depo ve terfi boru hatlar\u0131 irtibatland\u0131r\u0131lacakt\u0131r.<\/p>\n<p>Bu ba\u011flant\u0131lar ile Yeni terfi merkezinin devreye al\u0131nmas\u0131, ekonomik \u00f6mr\u00fcn\u00fc tamamlam\u0131\u015f olan Eski Terfi Merkezi ile 2 adet Ayakl\u0131 Su Deposunun devre d\u0131\u015f\u0131 kalmas\u0131 sa\u011flanacakt\u0131r. Ayn\u0131 zamanda bu ba\u011flant\u0131larla birlikte yakla\u015f\u0131k 9.000 metre A\u00c7B (asbest) hatt\u0131n da devre d\u0131\u015f\u0131 kalmas\u0131 sa\u011flanm\u0131\u015f olacakt\u0131r.<\/p>\n<p>Yukar\u0131da a\u00e7\u0131klanan bahse konu i\u015flerin devreye al\u0131narak aktif hale getirilmesi i\u00e7in 02.03.2022 tarihinde sabah saat 08.00\u2019da ba\u015flayarak yakla\u015f\u0131k 48 saatlik su kesintisi yap\u0131lmas\u0131 planlanmaktad\u0131r.<\/p>\n<p>Yap\u0131lacak olan su kesintisinden yakla\u015f\u0131k 160.000 ki\u015filik n\u00fcfusu kapsayan Re\u015fadiye, Nusratiye, Muhittin, Hatip, Cemaliye, H\u0131d\u0131ra\u011fa, Kemalettin, Silahtara\u011fa mahallelerin tamam\u0131, \u00c7oban\u00e7e\u015fme, Kaz\u0131miye ve \u015eeyhsinan mahallelerin bir k\u0131sm\u0131n\u0131 etkileyecektir.<\/p>\n<p>\u00c7al\u0131\u015fmalar TESK\u0130 Genel M\u00fcd\u00fcrl\u00fc\u011f\u00fc taraf\u0131ndan 7-24 olarak ara vermeksizin vardiyal\u0131 \u00e7al\u0131\u015fma sistemi ile yap\u0131lacak olup ma\u011fduriyet yarat\u0131lmadan i\u00e7me suyunun vatanda\u015flar\u0131m\u0131za ula\u015ft\u0131r\u0131lmas\u0131 sa\u011flanacakt\u0131r.<\/p>\n<p>Vatanda\u015flar\u0131m\u0131za g\u00f6stermi\u015f olduklar\u0131 sab\u0131rlar\u0131ndan dolay\u0131 te\u015fekk\u00fcr ederiz.&#8221;<\/p>\n<p>&nbsp;<\/p>\n<div class=\"corlu-icerikten-sonra_3\" id=\"corlu-3339037196\"><p><img loading=\"lazy\" decoding=\"async\" class=\"aligncenter\" src=\"https:\/\/www.corludahaber.com\/bahcesehir.jpg\" alt=\"\" width=\"624\" height=\"196\" \/><\/p>\n<table style=\"text-align: left; width: 100%;\" border=\"1\" cellspacing=\"2\" cellpadding=\"2\">\n<tbody>\n<tr>\n<td style=\"background-color: #050805;\"><span style=\"font-size: 12pt;\"><small><small><em><strong><big><span style=\"color: #ff0000;\">Haber ve resimlerin telif haklar\u0131ndan dolay\u0131 kullan\u0131m\u0131 yasakt\u0131r<span style=\"color: #000000;\">.<\/span><\/span><span style=\"color: #000000;\">\u00a0<\/span><span style=\"color: #ffffff;\">Yaz\u0131l\u0131 izni al\u0131nmadan hi\u00e7bir yaz\u0131l\u0131, g\u00f6rsel, i\u015fitsel i\u00e7erik kopyalanamaz, de\u011fi\u015ftirilemez, yay\u0131nlanamaz veya sat\u0131lamaz. Aksi halde<\/span>\u00a0<span style=\"color: #ff0000;\">5846<span style=\"color: #ffffff;\">\u00a0<\/span><\/span><span style=\"color: #ffffff;\">say\u0131l\u0131 Fikir ve Sanat Eserleri Kanunu\u2019na ve<\/span>\u00a0<span style=\"color: #800000;\"><span style=\"color: #ff0000;\">6102<\/span><span style=\"color: #ffffff;\">\u00a0<\/span><\/span><span style=\"color: #ffffff;\">say\u0131l\u0131 maddesine g\u00f6re<\/span>\u00a0<span style=\"color: #ff0000;\">gerekli i\u015flemler uygulanacakt\u0131r.<\/span><br \/>\n<span style=\"color: #ffffff;\">\u00a9 Copyright 2014<\/span><\/big><\/strong><\/em><\/small><\/small><\/span><\/td>\n<\/tr>\n<\/tbody>\n<\/table>\n<p><small><small>\u00a0<\/small><\/small><\/p>\n<\/div>","protected":false},"excerpt":{"rendered":"<p>\u00c7orlu&#8217;da TESK\u0130 ekipleri taraf\u0131ndan yap\u0131lacak olan 2. Etap \u00c7orlu \u0130l\u00e7esi K\u0131smi \u0130\u00e7me Suyu ve Terfi Merkezi \u0130n\u015faat\u0131 yap\u0131m \u00e7al\u0131\u015fmas\u0131 nedeniyle 11 mahallede 48 saat su kesintisi ya\u015fanacak. &nbsp; TESK\u0130 ekipleri taraf\u0131ndan duyurulan a\u00e7\u0131klamada \u015fu s\u00f6zlere yer verildi:&#8221; \u00c7orlu \u0130l\u00e7emiz i\u00e7in ger\u00e7ekle\u015ftirdi\u011fimiz \u20182.ETAP \u00c7ORLU \u0130L\u00c7ES\u0130 KISM\u0130 \u0130\u00c7ME SUYU VE TERF\u0130 MERKEZ\u0130 \u0130N\u015eAATI\u2019 yap\u0131m i\u015fi kapsam\u0131nda etaplar &hellip;<\/p>\n","protected":false},"author":4,"featured_media":26148,"comment_status":"open","ping_status":"open","sticky":false,"template":"","format":"standard","meta":{"footnotes":""},"categories":[24],"tags":[],"class_list":["post-26146","post","type-post","status-publish","format-standard","has-post-thumbnail","hentry","category-corlu"],"yoast_head":"<!-- This site is optimized with the Yoast SEO Premium plugin v23.3 (Yoast SEO v23.3) - https:\/\/yoast.com\/wordpress\/plugins\/seo\/ -->\n<title>11 MAHALLEDE 48 SAAT SU KES\u0130LECEK | \u00c7orlu&#039;da Haber<\/title>\n<meta name=\"description\" content=\"11 MAHALLEDE 48 SAAT SU KES\u0130LECEK | \u00c7orlu \u00c7orlu&#039;da Haber\" \/>\n<meta name=\"robots\" content=\"index, follow, max-snippet:-1, max-image-preview:large, max-video-preview:-1\" \/>\n<link rel=\"canonical\" href=\"https:\/\/corludahaber.com\/h\/11-mahallede-48-saat-su-kesilecek\/26146\" \/>\n<meta property=\"og:locale\" content=\"tr_TR\" \/>\n<meta property=\"og:type\" content=\"article\" \/>\n<meta property=\"og:title\" content=\"11 MAHALLEDE 48 SAAT SU KES\u0130LECEK | \u00c7orlu&#039;da Haber\" \/>\n<meta property=\"og:description\" content=\"11 MAHALLEDE 48 SAAT SU KES\u0130LECEK | \u00c7orlu \u00c7orlu&#039;da Haber\" \/>\n<meta property=\"og:url\" content=\"https:\/\/corludahaber.com\/h\/11-mahallede-48-saat-su-kesilecek\/26146\" \/>\n<meta property=\"og:site_name\" content=\"\u00c7orlu&#039;da Haber\" \/>\n<meta property=\"article:publisher\" content=\"https:\/\/facebook.com\/habercorluda\" \/>\n<meta property=\"article:published_time\" content=\"2022-03-01T18:10:33+00:00\" \/>\n<meta property=\"og:image\" content=\"https:\/\/corludahaber.com\/h\/wp-content\/uploads\/2022\/03\/images-2-5.jpeg\" \/>\n\t<meta property=\"og:image:width\" content=\"639\" \/>\n\t<meta property=\"og:image:height\" content=\"427\" \/>\n\t<meta property=\"og:image:type\" content=\"image\/jpeg\" \/>\n<meta name=\"author\" content=\"\u00c7orlu&#039;da Haber\" \/>\n<meta name=\"twitter:card\" content=\"summary_large_image\" \/>\n<meta name=\"twitter:creator\" content=\"@habercorluda\" \/>\n<meta name=\"twitter:site\" content=\"@habercorluda\" \/>\n<meta name=\"twitter:label1\" content=\"Yazan:\" \/>\n\t<meta name=\"twitter:data1\" content=\"\u00c7orlu&#039;da Haber\" \/>\n\t<meta name=\"twitter:label2\" content=\"Tahmini okuma s\u00fcresi\" \/>\n\t<meta name=\"twitter:data2\" content=\"2 dakika\" \/>\n<script type=\"application\/ld+json\" class=\"yoast-schema-graph\">{\"@context\":\"https:\/\/schema.org\",\"@graph\":[{\"@type\":\"Article\",\"@id\":\"https:\/\/corludahaber.com\/h\/11-mahallede-48-saat-su-kesilecek\/26146#article\",\"isPartOf\":{\"@id\":\"https:\/\/corludahaber.com\/h\/11-mahallede-48-saat-su-kesilecek\/26146\"},\"author\":{\"name\":\"\u00c7orlu'da Haber\",\"@id\":\"https:\/\/corludahaber.com\/h\/#\/schema\/person\/0644b92b9b7d112c4427b8b9be710e97\"},\"headline\":\"11 MAHALLEDE 48 SAAT SU KES\u0130LECEK\",\"datePublished\":\"2022-03-01T18:10:33+00:00\",\"dateModified\":\"2022-03-01T18:10:33+00:00\",\"mainEntityOfPage\":{\"@id\":\"https:\/\/corludahaber.com\/h\/11-mahallede-48-saat-su-kesilecek\/26146\"},\"wordCount\":375,\"commentCount\":0,\"publisher\":{\"@id\":\"https:\/\/corludahaber.com\/h\/#organization\"},\"image\":{\"@id\":\"https:\/\/corludahaber.com\/h\/11-mahallede-48-saat-su-kesilecek\/26146#primaryimage\"},\"thumbnailUrl\":\"https:\/\/corludahaber.com\/h\/wp-content\/uploads\/2022\/03\/images-2-5.jpeg\",\"articleSection\":[\"\u00c7orlu\"],\"inLanguage\":\"tr\",\"potentialAction\":[{\"@type\":\"CommentAction\",\"name\":\"Comment\",\"target\":[\"https:\/\/corludahaber.com\/h\/11-mahallede-48-saat-su-kesilecek\/26146#respond\"]}]},{\"@type\":\"WebPage\",\"@id\":\"https:\/\/corludahaber.com\/h\/11-mahallede-48-saat-su-kesilecek\/26146\",\"url\":\"https:\/\/corludahaber.com\/h\/11-mahallede-48-saat-su-kesilecek\/26146\",\"name\":\"11 MAHALLEDE 48 SAAT SU KES\u0130LECEK | \u00c7orlu&#039;da Haber\",\"isPartOf\":{\"@id\":\"https:\/\/corludahaber.com\/h\/#website\"},\"primaryImageOfPage\":{\"@id\":\"https:\/\/corludahaber.com\/h\/11-mahallede-48-saat-su-kesilecek\/26146#primaryimage\"},\"image\":{\"@id\":\"https:\/\/corludahaber.com\/h\/11-mahallede-48-saat-su-kesilecek\/26146#primaryimage\"},\"thumbnailUrl\":\"https:\/\/corludahaber.com\/h\/wp-content\/uploads\/2022\/03\/images-2-5.jpeg\",\"datePublished\":\"2022-03-01T18:10:33+00:00\",\"dateModified\":\"2022-03-01T18:10:33+00:00\",\"description\":\"11 MAHALLEDE 48 SAAT SU KES\u0130LECEK | \u00c7orlu \u00c7orlu&#039;da Haber\",\"breadcrumb\":{\"@id\":\"https:\/\/corludahaber.com\/h\/11-mahallede-48-saat-su-kesilecek\/26146#breadcrumb\"},\"inLanguage\":\"tr\",\"potentialAction\":[{\"@type\":\"ReadAction\",\"target\":[\"https:\/\/corludahaber.com\/h\/11-mahallede-48-saat-su-kesilecek\/26146\"]}]},{\"@type\":\"ImageObject\",\"inLanguage\":\"tr\",\"@id\":\"https:\/\/corludahaber.com\/h\/11-mahallede-48-saat-su-kesilecek\/26146#primaryimage\",\"url\":\"https:\/\/corludahaber.com\/h\/wp-content\/uploads\/2022\/03\/images-2-5.jpeg\",\"contentUrl\":\"https:\/\/corludahaber.com\/h\/wp-content\/uploads\/2022\/03\/images-2-5.jpeg\",\"width\":639,\"height\":427},{\"@type\":\"BreadcrumbList\",\"@id\":\"https:\/\/corludahaber.com\/h\/11-mahallede-48-saat-su-kesilecek\/26146#breadcrumb\",\"itemListElement\":[{\"@type\":\"ListItem\",\"position\":1,\"name\":\"Anasayfa\",\"item\":\"https:\/\/corludahaber.com\/h\/\"},{\"@type\":\"ListItem\",\"position\":2,\"name\":\"\u00c7orlu\",\"item\":\"https:\/\/corludahaber.com\/h\/kategori\/corlu\"},{\"@type\":\"ListItem\",\"position\":3,\"name\":\"11 MAHALLEDE 48 SAAT SU KES\u0130LECEK\"}]},{\"@type\":\"WebSite\",\"@id\":\"https:\/\/corludahaber.com\/h\/#website\",\"url\":\"https:\/\/corludahaber.com\/h\/\",\"name\":\"\u00c7orlu'da Haber\",\"description\":\"Ger\u00e7ek Tarafs\u0131z Haber\",\"publisher\":{\"@id\":\"https:\/\/corludahaber.com\/h\/#organization\"},\"potentialAction\":[{\"@type\":\"SearchAction\",\"target\":{\"@type\":\"EntryPoint\",\"urlTemplate\":\"https:\/\/corludahaber.com\/h\/?s={search_term_string}\"},\"query-input\":\"required name=search_term_string\"}],\"inLanguage\":\"tr\"},{\"@type\":\"Organization\",\"@id\":\"https:\/\/corludahaber.com\/h\/#organization\",\"name\":\"\u00c7orlu'da Haber\",\"url\":\"https:\/\/corludahaber.com\/h\/\",\"logo\":{\"@type\":\"ImageObject\",\"inLanguage\":\"tr\",\"@id\":\"https:\/\/corludahaber.com\/h\/#\/schema\/logo\/image\/\",\"url\":\"https:\/\/corludahaber.com\/h\/wp-content\/uploads\/2021\/12\/logo__9__1_-removebg-preview.png\",\"contentUrl\":\"https:\/\/corludahaber.com\/h\/wp-content\/uploads\/2021\/12\/logo__9__1_-removebg-preview.png\",\"width\":500,\"height\":157,\"caption\":\"\u00c7orlu'da Haber\"},\"image\":{\"@id\":\"https:\/\/corludahaber.com\/h\/#\/schema\/logo\/image\/\"},\"sameAs\":[\"https:\/\/facebook.com\/habercorluda\",\"https:\/\/x.com\/habercorluda\",\"https:\/\/www.instagram.com\/corludahaber\",\"https:\/\/www.youtube.com\/user\/corludahaber\"]},{\"@type\":\"Person\",\"@id\":\"https:\/\/corludahaber.com\/h\/#\/schema\/person\/0644b92b9b7d112c4427b8b9be710e97\",\"name\":\"\u00c7orlu'da Haber\",\"image\":{\"@type\":\"ImageObject\",\"inLanguage\":\"tr\",\"@id\":\"https:\/\/corludahaber.com\/h\/#\/schema\/person\/image\/\",\"url\":\"https:\/\/corludahaber.com\/h\/wp-content\/uploads\/2022\/12\/plogo-80x80.jpg\",\"contentUrl\":\"https:\/\/corludahaber.com\/h\/wp-content\/uploads\/2022\/12\/plogo-80x80.jpg\",\"caption\":\"\u00c7orlu'da Haber\"},\"url\":\"https:\/\/corludahaber.com\/h\/author\/berkan\"}]}<\/script>\n<!-- \/ Yoast SEO Premium plugin. -->","yoast_head_json":{"title":"11 MAHALLEDE 48 SAAT SU KES\u0130LECEK | \u00c7orlu&#039;da Haber","description":"11 MAHALLEDE 48 SAAT SU KES\u0130LECEK | \u00c7orlu \u00c7orlu&#039;da Haber","robots":{"index":"index","follow":"follow","max-snippet":"max-snippet:-1","max-image-preview":"max-image-preview:large","max-video-preview":"max-video-preview:-1"},"canonical":"https:\/\/corludahaber.com\/h\/11-mahallede-48-saat-su-kesilecek\/26146","og_locale":"tr_TR","og_type":"article","og_title":"11 MAHALLEDE 48 SAAT SU KES\u0130LECEK | \u00c7orlu&#039;da Haber","og_description":"11 MAHALLEDE 48 SAAT SU KES\u0130LECEK | \u00c7orlu \u00c7orlu&#039;da Haber","og_url":"https:\/\/corludahaber.com\/h\/11-mahallede-48-saat-su-kesilecek\/26146","og_site_name":"\u00c7orlu&#039;da Haber","article_publisher":"https:\/\/facebook.com\/habercorluda","article_published_time":"2022-03-01T18:10:33+00:00","og_image":[{"width":639,"height":427,"url":"https:\/\/corludahaber.com\/h\/wp-content\/uploads\/2022\/03\/images-2-5.jpeg","type":"image\/jpeg"}],"author":"\u00c7orlu'da Haber","twitter_card":"summary_large_image","twitter_creator":"@habercorluda","twitter_site":"@habercorluda","twitter_misc":{"Yazan:":"\u00c7orlu'da Haber","Tahmini okuma s\u00fcresi":"2 dakika"},"schema":{"@context":"https:\/\/schema.org","@graph":[{"@type":"Article","@id":"https:\/\/corludahaber.com\/h\/11-mahallede-48-saat-su-kesilecek\/26146#article","isPartOf":{"@id":"https:\/\/corludahaber.com\/h\/11-mahallede-48-saat-su-kesilecek\/26146"},"author":{"name":"\u00c7orlu'da Haber","@id":"https:\/\/corludahaber.com\/h\/#\/schema\/person\/0644b92b9b7d112c4427b8b9be710e97"},"headline":"11 MAHALLEDE 48 SAAT SU KES\u0130LECEK","datePublished":"2022-03-01T18:10:33+00:00","dateModified":"2022-03-01T18:10:33+00:00","mainEntityOfPage":{"@id":"https:\/\/corludahaber.com\/h\/11-mahallede-48-saat-su-kesilecek\/26146"},"wordCount":375,"commentCount":0,"publisher":{"@id":"https:\/\/corludahaber.com\/h\/#organization"},"image":{"@id":"https:\/\/corludahaber.com\/h\/11-mahallede-48-saat-su-kesilecek\/26146#primaryimage"},"thumbnailUrl":"https:\/\/corludahaber.com\/h\/wp-content\/uploads\/2022\/03\/images-2-5.jpeg","articleSection":["\u00c7orlu"],"inLanguage":"tr","potentialAction":[{"@type":"CommentAction","name":"Comment","target":["https:\/\/corludahaber.com\/h\/11-mahallede-48-saat-su-kesilecek\/26146#respond"]}]},{"@type":"WebPage","@id":"https:\/\/corludahaber.com\/h\/11-mahallede-48-saat-su-kesilecek\/26146","url":"https:\/\/corludahaber.com\/h\/11-mahallede-48-saat-su-kesilecek\/26146","name":"11 MAHALLEDE 48 SAAT SU KES\u0130LECEK | \u00c7orlu&#039;da Haber","isPartOf":{"@id":"https:\/\/corludahaber.com\/h\/#website"},"primaryImageOfPage":{"@id":"https:\/\/corludahaber.com\/h\/11-mahallede-48-saat-su-kesilecek\/26146#primaryimage"},"image":{"@id":"https:\/\/corludahaber.com\/h\/11-mahallede-48-saat-su-kesilecek\/26146#primaryimage"},"thumbnailUrl":"https:\/\/corludahaber.com\/h\/wp-content\/uploads\/2022\/03\/images-2-5.jpeg","datePublished":"2022-03-01T18:10:33+00:00","dateModified":"2022-03-01T18:10:33+00:00","description":"11 MAHALLEDE 48 SAAT SU KES\u0130LECEK | \u00c7orlu \u00c7orlu&#039;da Haber","breadcrumb":{"@id":"https:\/\/corludahaber.com\/h\/11-mahallede-48-saat-su-kesilecek\/26146#breadcrumb"},"inLanguage":"tr","potentialAction":[{"@type":"ReadAction","target":["https:\/\/corludahaber.com\/h\/11-mahallede-48-saat-su-kesilecek\/26146"]}]},{"@type":"ImageObject","inLanguage":"tr","@id":"https:\/\/corludahaber.com\/h\/11-mahallede-48-saat-su-kesilecek\/26146#primaryimage","url":"https:\/\/corludahaber.com\/h\/wp-content\/uploads\/2022\/03\/images-2-5.jpeg","contentUrl":"https:\/\/corludahaber.com\/h\/wp-content\/uploads\/2022\/03\/images-2-5.jpeg","width":639,"height":427},{"@type":"BreadcrumbList","@id":"https:\/\/corludahaber.com\/h\/11-mahallede-48-saat-su-kesilecek\/26146#breadcrumb","itemListElement":[{"@type":"ListItem","position":1,"name":"Anasayfa","item":"https:\/\/corludahaber.com\/h\/"},{"@type":"ListItem","position":2,"name":"\u00c7orlu","item":"https:\/\/corludahaber.com\/h\/kategori\/corlu"},{"@type":"ListItem","position":3,"name":"11 MAHALLEDE 48 SAAT SU KES\u0130LECEK"}]},{"@type":"WebSite","@id":"https:\/\/corludahaber.com\/h\/#website","url":"https:\/\/corludahaber.com\/h\/","name":"\u00c7orlu'da Haber","description":"Ger\u00e7ek Tarafs\u0131z Haber","publisher":{"@id":"https:\/\/corludahaber.com\/h\/#organization"},"potentialAction":[{"@type":"SearchAction","target":{"@type":"EntryPoint","urlTemplate":"https:\/\/corludahaber.com\/h\/?s={search_term_string}"},"query-input":"required name=search_term_string"}],"inLanguage":"tr"},{"@type":"Organization","@id":"https:\/\/corludahaber.com\/h\/#organization","name":"\u00c7orlu'da Haber","url":"https:\/\/corludahaber.com\/h\/","logo":{"@type":"ImageObject","inLanguage":"tr","@id":"https:\/\/corludahaber.com\/h\/#\/schema\/logo\/image\/","url":"https:\/\/corludahaber.com\/h\/wp-content\/uploads\/2021\/12\/logo__9__1_-removebg-preview.png","contentUrl":"https:\/\/corludahaber.com\/h\/wp-content\/uploads\/2021\/12\/logo__9__1_-removebg-preview.png","width":500,"height":157,"caption":"\u00c7orlu'da Haber"},"image":{"@id":"https:\/\/corludahaber.com\/h\/#\/schema\/logo\/image\/"},"sameAs":["https:\/\/facebook.com\/habercorluda","https:\/\/x.com\/habercorluda","https:\/\/www.instagram.com\/corludahaber","https:\/\/www.youtube.com\/user\/corludahaber"]},{"@type":"Person","@id":"https:\/\/corludahaber.com\/h\/#\/schema\/person\/0644b92b9b7d112c4427b8b9be710e97","name":"\u00c7orlu'da Haber","image":{"@type":"ImageObject","inLanguage":"tr","@id":"https:\/\/corludahaber.com\/h\/#\/schema\/person\/image\/","url":"https:\/\/corludahaber.com\/h\/wp-content\/uploads\/2022\/12\/plogo-80x80.jpg","contentUrl":"https:\/\/corludahaber.com\/h\/wp-content\/uploads\/2022\/12\/plogo-80x80.jpg","caption":"\u00c7orlu'da Haber"},"url":"https:\/\/corludahaber.com\/h\/author\/berkan"}]}},"_links":{"self":[{"href":"https:\/\/corludahaber.com\/h\/wp-json\/wp\/v2\/posts\/26146","targetHints":{"allow":["GET"]}}],"collection":[{"href":"https:\/\/corludahaber.com\/h\/wp-json\/wp\/v2\/posts"}],"about":[{"href":"https:\/\/corludahaber.com\/h\/wp-json\/wp\/v2\/types\/post"}],"author":[{"embeddable":true,"href":"https:\/\/corludahaber.com\/h\/wp-json\/wp\/v2\/users\/4"}],"replies":[{"embeddable":true,"href":"https:\/\/corludahaber.com\/h\/wp-json\/wp\/v2\/comments?post=26146"}],"version-history":[{"count":0,"href":"https:\/\/corludahaber.com\/h\/wp-json\/wp\/v2\/posts\/26146\/revisions"}],"wp:featuredmedia":[{"embeddable":true,"href":"https:\/\/corludahaber.com\/h\/wp-json\/wp\/v2\/media\/26148"}],"wp:attachment":[{"href":"https:\/\/corludahaber.com\/h\/wp-json\/wp\/v2\/media?parent=26146"}],"wp:term":[{"taxonomy":"category","embeddable":true,"href":"https:\/\/corludahaber.com\/h\/wp-json\/wp\/v2\/categories?post=26146"},{"taxonomy":"post_tag","embeddable":true,"href":"https:\/\/corludahaber.com\/h\/wp-json\/wp\/v2\/tags?post=26146"}],"curies":[{"name":"wp","href":"https:\/\/api.w.org\/{rel}","templated":true}]}}