{"id":124277,"date":"2026-09-06T05:43:35","date_gmt":"2026-09-06T02:43:35","guid":{"rendered":"https:\/\/corludahaber.com\/h\/edirnede-uyusturucu-imalathanelerine-operasyon-2-tutuklama\/124277"},"modified":"2026-09-06T05:43:47","modified_gmt":"2026-09-06T02:43:47","slug":"edirnede-uyusturucu-imalathanelerine-operasyon-2-tutuklama","status":"publish","type":"post","link":"https:\/\/corludahaber.com\/h\/edirnede-uyusturucu-imalathanelerine-operasyon-2-tutuklama\/124277","title":{"rendered":"Edirne&#8217;de uyu\u015fturucu imalathanelerine operasyon; 2 tutuklama"},"content":{"rendered":"<div class=\"corlu-icerikten-once_3\" id=\"corlu-645040807\"><script type='text\/javascript' src='https:\/\/platform-api.sharethis.com\/js\/sharethis.js#property=5ce8cf08af7d000012cb0ca1&product=inline-reaction-buttons' async='async'><\/script>\r\n\r\n<\/div><div readability=\"62\"><span class=\"category-name hidden\"><\/span><\/p><div class=\"corlu-icerik-2\" id=\"corlu-3100982895\"><!-- Admatic AUTO ads START -->\r\n<ins data-publisher=\"adm-pub-155556240050\" data-ad-network=\"659428a24d11b285b616c18d\"   class=\"adm-ads-area\"><\/ins>\r\n<script type=\"text\/javascript\" src=\"https:\/\/static.cdn.admatic.com.tr\/showad\/showad.min.js\"><\/script>\r\n<!-- Admatic AUTO ads END --><\/div>\n<p>  \/ED\u0130RNE, (Haber Merkezi)- ED\u0130RNE&#8217;de polisin iki eve d\u00fczenledi\u011fi operasyonda sistem kurulup, imal edilen farkl\u0131 cins ve gramajlarda uyu\u015fturucu madde ele ge\u00e7irildi. Uyu\u015fturucu imal ettikleri belirlenip, g\u00f6zalt\u0131na al\u0131nan 2 \u015f\u00fcpheli tutukland\u0131.<\/p>\n<p>\u0130l Emniyet M\u00fcd\u00fcrl\u00fc\u011f\u00fc Narkotik Su\u00e7larla M\u00fccadele \u015eube M\u00fcd\u00fcrl\u00fc\u011f\u00fc ekiplerinin yapt\u0131\u011f\u0131 \u00e7al\u0131\u015fmada, farkl\u0131 adreslerdeki iki evde sistem kurulup, uyu\u015fturucu imal edilerek piyasaya s\u00fcr\u00fcld\u00fc\u011f\u00fc belirlendi. iki eve operasyon d\u00fczenleyen polis, hassas burunlu narkotik k\u00f6pekleriyle arama yapt\u0131. Aramalarda, 1,99 kilogram skunk, 79,43 gram Hint keneviri tohumu, 3 hassas terazi, 28,31 gram toz esrar, 9,87 gram esrar, 94 sentetik ecza hap\u0131, 9 saks\u0131 i\u00e7erisinde dikili\/yeti\u015ftirme a\u015famas\u0131nda Hint keneviri bitkisi, \u00e7ok say\u0131da \u0131\u015f\u0131kland\u0131rma ve havaland\u0131rma sistemi ile al\u00fcminyum havaland\u0131rma borular\u0131, zaman ayarl\u0131 termometre, \u00e7ok say\u0131da bitki yeti\u015ftirmede kullan\u0131lan zirai ila\u00e7 ve g\u00fcbre, su\u00e7tan elde edildi\u011fi de\u011ferlendirilen 45 bin 260 lira ile 150 avro ele ge\u00e7irilirken,  \u0130.K. ile E.\u00dc. g\u00f6zalt\u0131na al\u0131nd\u0131. Emniyetteki i\u015flemlerinin ard\u0131ndan adliyeye sevk edilen \u0130.K. ile E.\u00dc., \u00e7\u0131kar\u0131ld\u0131klar\u0131 mahkemede tutukland\u0131. (Haber Merkezi)<\/p>\n<\/div>\n<div class=\"corlu-icerikten-sonra_3\" id=\"corlu-1445099845\"><p><img loading=\"lazy\" decoding=\"async\" class=\"aligncenter\" src=\"https:\/\/www.corludahaber.com\/bahcesehir.jpg\" alt=\"\" width=\"624\" height=\"196\" \/><\/p>\n<table style=\"text-align: left; width: 100%;\" border=\"1\" cellspacing=\"2\" cellpadding=\"2\">\n<tbody>\n<tr>\n<td style=\"background-color: #050805;\"><span style=\"font-size: 12pt;\"><small><small><em><strong><big><span style=\"color: #ff0000;\">Haber ve resimlerin telif haklar\u0131ndan dolay\u0131 kullan\u0131m\u0131 yasakt\u0131r<span style=\"color: #000000;\">.<\/span><\/span><span style=\"color: #000000;\">\u00a0<\/span><span style=\"color: #ffffff;\">Yaz\u0131l\u0131 izni al\u0131nmadan hi\u00e7bir yaz\u0131l\u0131, g\u00f6rsel, i\u015fitsel i\u00e7erik kopyalanamaz, de\u011fi\u015ftirilemez, yay\u0131nlanamaz veya sat\u0131lamaz. Aksi halde<\/span>\u00a0<span style=\"color: #ff0000;\">5846<span style=\"color: #ffffff;\">\u00a0<\/span><\/span><span style=\"color: #ffffff;\">say\u0131l\u0131 Fikir ve Sanat Eserleri Kanunu\u2019na ve<\/span>\u00a0<span style=\"color: #800000;\"><span style=\"color: #ff0000;\">6102<\/span><span style=\"color: #ffffff;\">\u00a0<\/span><\/span><span style=\"color: #ffffff;\">say\u0131l\u0131 maddesine g\u00f6re<\/span>\u00a0<span style=\"color: #ff0000;\">gerekli i\u015flemler uygulanacakt\u0131r.<\/span><br \/>\n<span style=\"color: #ffffff;\">\u00a9 Copyright 2014<\/span><\/big><\/strong><\/em><\/small><\/small><\/span><\/td>\n<\/tr>\n<\/tbody>\n<\/table>\n<p><small><small>\u00a0<\/small><\/small><\/p>\n<\/div>","protected":false},"excerpt":{"rendered":"<p>\/ED\u0130RNE, (Haber Merkezi)- ED\u0130RNE&#8217;de polisin iki eve d\u00fczenledi\u011fi operasyonda sistem kurulup, imal edilen farkl\u0131 cins ve gramajlarda uyu\u015fturucu madde ele ge\u00e7irildi. Uyu\u015fturucu imal ettikleri belirlenip, g\u00f6zalt\u0131na al\u0131nan 2 \u015f\u00fcpheli tutukland\u0131. \u0130l Emniyet M\u00fcd\u00fcrl\u00fc\u011f\u00fc Narkotik Su\u00e7larla M\u00fccadele \u015eube M\u00fcd\u00fcrl\u00fc\u011f\u00fc ekiplerinin yapt\u0131\u011f\u0131 \u00e7al\u0131\u015fmada, farkl\u0131 adreslerdeki iki evde sistem kurulup, uyu\u015fturucu imal edilerek piyasaya s\u00fcr\u00fcld\u00fc\u011f\u00fc belirlendi. iki eve &hellip;<\/p>\n","protected":false},"author":151,"featured_media":124278,"comment_status":"open","ping_status":"closed","sticky":false,"template":"","format":"standard","meta":{"footnotes":""},"categories":[121],"tags":[8025,9376,15478,728,36724,8564,527,3661,248,336],"class_list":["post-124277","post","type-post","status-publish","format-standard","has-post-thumbnail","hentry","category-edirne","tag-asayis","tag-corlu-kaza","tag-corlu-son-dakika-kaza","tag-edirne","tag-edirnede-uyusturucu-imalathanelerine-operasyon-2-tutuklama","tag-imalathanelerine","tag-operasyon","tag-son-dakika-kaza","tag-tutuklama","tag-uyusturucu"],"yoast_head":"<!-- This site is optimized with the Yoast SEO Premium plugin v23.3 (Yoast SEO v23.3) - https:\/\/yoast.com\/wordpress\/plugins\/seo\/ -->\n<title>Edirne&#039;de uyu\u015fturucu imalathanelerine operasyon; 2 tutuklama | \u00c7orlu&#039;da Haber<\/title>\n<meta name=\"description\" content=\"Edirne&#039;de uyu\u015fturucu imalathanelerine operasyon; 2 tutuklama | \u00c7orlu&#039;da Haber\" \/>\n<meta name=\"robots\" content=\"index, follow, max-snippet:-1, max-image-preview:large, max-video-preview:-1\" \/>\n<link rel=\"canonical\" href=\"https:\/\/corludahaber.com\/h\/edirnede-uyusturucu-imalathanelerine-operasyon-2-tutuklama\/124277\" \/>\n<meta property=\"og:locale\" content=\"tr_TR\" \/>\n<meta property=\"og:type\" content=\"article\" \/>\n<meta property=\"og:title\" content=\"Edirne&#039;de uyu\u015fturucu imalathanelerine operasyon; 2 tutuklama | \u00c7orlu&#039;da Haber\" \/>\n<meta property=\"og:description\" content=\"Edirne&#039;de uyu\u015fturucu imalathanelerine operasyon; 2 tutuklama | \u00c7orlu&#039;da Haber\" \/>\n<meta property=\"og:url\" content=\"https:\/\/corludahaber.com\/h\/edirnede-uyusturucu-imalathanelerine-operasyon-2-tutuklama\/124277\" \/>\n<meta property=\"og:site_name\" content=\"\u00c7orlu&#039;da Haber\" \/>\n<meta property=\"article:publisher\" content=\"https:\/\/facebook.com\/habercorluda\" \/>\n<meta property=\"article:published_time\" content=\"2026-09-06T02:43:35+00:00\" \/>\n<meta property=\"article:modified_time\" content=\"2026-09-06T02:43:47+00:00\" \/>\n<meta property=\"og:image\" content=\"http:\/\/corludahaber.com\/h\/wp-content\/uploads\/2026\/09\/edirnede-uyusturucu-imalathanelerine-operasyon-2-tutuklama_6a9cd35b57cce.jpeg\" \/>\n\t<meta property=\"og:image:width\" content=\"2300\" \/>\n\t<meta property=\"og:image:height\" content=\"1280\" \/>\n\t<meta property=\"og:image:type\" content=\"image\/jpeg\" \/>\n<meta name=\"author\" content=\"\u00c7orlu&#039;da Haber\" \/>\n<meta name=\"twitter:card\" content=\"summary_large_image\" \/>\n<meta name=\"twitter:creator\" content=\"@habercorluda\" \/>\n<meta name=\"twitter:site\" content=\"@habercorluda\" \/>\n<meta name=\"twitter:label1\" content=\"Yazan:\" \/>\n\t<meta name=\"twitter:data1\" content=\"\u00c7orlu&#039;da Haber\" \/>\n\t<meta name=\"twitter:label2\" content=\"Tahmini okuma s\u00fcresi\" \/>\n\t<meta name=\"twitter:data2\" content=\"1 dakika\" \/>\n<script type=\"application\/ld+json\" class=\"yoast-schema-graph\">{\"@context\":\"https:\/\/schema.org\",\"@graph\":[{\"@type\":\"Article\",\"@id\":\"https:\/\/corludahaber.com\/h\/edirnede-uyusturucu-imalathanelerine-operasyon-2-tutuklama\/124277#article\",\"isPartOf\":{\"@id\":\"https:\/\/corludahaber.com\/h\/edirnede-uyusturucu-imalathanelerine-operasyon-2-tutuklama\/124277\"},\"author\":{\"name\":\"\u00c7orlu'da Haber\",\"@id\":\"https:\/\/corludahaber.com\/h\/#\/schema\/person\/b523522be44b062db5d74a62589768cd\"},\"headline\":\"Edirne&#8217;de uyu\u015fturucu imalathanelerine operasyon; 2 tutuklama\",\"datePublished\":\"2026-09-06T02:43:35+00:00\",\"dateModified\":\"2026-09-06T02:43:47+00:00\",\"mainEntityOfPage\":{\"@id\":\"https:\/\/corludahaber.com\/h\/edirnede-uyusturucu-imalathanelerine-operasyon-2-tutuklama\/124277\"},\"wordCount\":194,\"commentCount\":0,\"publisher\":{\"@id\":\"https:\/\/corludahaber.com\/h\/#organization\"},\"image\":{\"@id\":\"https:\/\/corludahaber.com\/h\/edirnede-uyusturucu-imalathanelerine-operasyon-2-tutuklama\/124277#primaryimage\"},\"thumbnailUrl\":\"https:\/\/corludahaber.com\/h\/wp-content\/uploads\/2026\/09\/edirnede-uyusturucu-imalathanelerine-operasyon-2-tutuklama_6a9cd35b57cce.jpeg\",\"keywords\":[\"asayi\u015f\",\"\u00c7orlu kaza\",\"\u00c7orlu son dakika kaza\",\"Edirne\",\"Edirne'de uyu\u015fturucu imalathanelerine operasyon; 2 tutuklama\",\"imalathanelerine\",\"Operasyon\",\"son dakika kaza\",\"tutuklama\",\"uyu\u015fturucu\"],\"articleSection\":[\"Edirne\"],\"inLanguage\":\"tr\",\"potentialAction\":[{\"@type\":\"CommentAction\",\"name\":\"Comment\",\"target\":[\"https:\/\/corludahaber.com\/h\/edirnede-uyusturucu-imalathanelerine-operasyon-2-tutuklama\/124277#respond\"]}]},{\"@type\":\"WebPage\",\"@id\":\"https:\/\/corludahaber.com\/h\/edirnede-uyusturucu-imalathanelerine-operasyon-2-tutuklama\/124277\",\"url\":\"https:\/\/corludahaber.com\/h\/edirnede-uyusturucu-imalathanelerine-operasyon-2-tutuklama\/124277\",\"name\":\"Edirne'de uyu\u015fturucu imalathanelerine operasyon; 2 tutuklama | \u00c7orlu&#039;da Haber\",\"isPartOf\":{\"@id\":\"https:\/\/corludahaber.com\/h\/#website\"},\"primaryImageOfPage\":{\"@id\":\"https:\/\/corludahaber.com\/h\/edirnede-uyusturucu-imalathanelerine-operasyon-2-tutuklama\/124277#primaryimage\"},\"image\":{\"@id\":\"https:\/\/corludahaber.com\/h\/edirnede-uyusturucu-imalathanelerine-operasyon-2-tutuklama\/124277#primaryimage\"},\"thumbnailUrl\":\"https:\/\/corludahaber.com\/h\/wp-content\/uploads\/2026\/09\/edirnede-uyusturucu-imalathanelerine-operasyon-2-tutuklama_6a9cd35b57cce.jpeg\",\"datePublished\":\"2026-09-06T02:43:35+00:00\",\"dateModified\":\"2026-09-06T02:43:47+00:00\",\"description\":\"Edirne'de uyu\u015fturucu imalathanelerine operasyon; 2 tutuklama | \u00c7orlu&#039;da Haber\",\"breadcrumb\":{\"@id\":\"https:\/\/corludahaber.com\/h\/edirnede-uyusturucu-imalathanelerine-operasyon-2-tutuklama\/124277#breadcrumb\"},\"inLanguage\":\"tr\",\"potentialAction\":[{\"@type\":\"ReadAction\",\"target\":[\"https:\/\/corludahaber.com\/h\/edirnede-uyusturucu-imalathanelerine-operasyon-2-tutuklama\/124277\"]}]},{\"@type\":\"ImageObject\",\"inLanguage\":\"tr\",\"@id\":\"https:\/\/corludahaber.com\/h\/edirnede-uyusturucu-imalathanelerine-operasyon-2-tutuklama\/124277#primaryimage\",\"url\":\"https:\/\/corludahaber.com\/h\/wp-content\/uploads\/2026\/09\/edirnede-uyusturucu-imalathanelerine-operasyon-2-tutuklama_6a9cd35b57cce.jpeg\",\"contentUrl\":\"https:\/\/corludahaber.com\/h\/wp-content\/uploads\/2026\/09\/edirnede-uyusturucu-imalathanelerine-operasyon-2-tutuklama_6a9cd35b57cce.jpeg\",\"width\":2300,\"height\":1280},{\"@type\":\"BreadcrumbList\",\"@id\":\"https:\/\/corludahaber.com\/h\/edirnede-uyusturucu-imalathanelerine-operasyon-2-tutuklama\/124277#breadcrumb\",\"itemListElement\":[{\"@type\":\"ListItem\",\"position\":1,\"name\":\"Anasayfa\",\"item\":\"https:\/\/corludahaber.com\/h\/anasayfa\"},{\"@type\":\"ListItem\",\"position\":2,\"name\":\"Edirne\",\"item\":\"https:\/\/corludahaber.com\/h\/kategori\/edirne\"},{\"@type\":\"ListItem\",\"position\":3,\"name\":\"Edirne&#8217;de uyu\u015fturucu imalathanelerine operasyon; 2 tutuklama\"}]},{\"@type\":\"WebSite\",\"@id\":\"https:\/\/corludahaber.com\/h\/#website\",\"url\":\"https:\/\/corludahaber.com\/h\/\",\"name\":\"\u00c7orlu'da Haber\",\"description\":\"Ger\u00e7ek Tarafs\u0131z Haber\",\"publisher\":{\"@id\":\"https:\/\/corludahaber.com\/h\/#organization\"},\"potentialAction\":[{\"@type\":\"SearchAction\",\"target\":{\"@type\":\"EntryPoint\",\"urlTemplate\":\"https:\/\/corludahaber.com\/h\/?s={search_term_string}\"},\"query-input\":\"required name=search_term_string\"}],\"inLanguage\":\"tr\"},{\"@type\":\"Organization\",\"@id\":\"https:\/\/corludahaber.com\/h\/#organization\",\"name\":\"\u00c7orlu'da Haber\",\"url\":\"https:\/\/corludahaber.com\/h\/\",\"logo\":{\"@type\":\"ImageObject\",\"inLanguage\":\"tr\",\"@id\":\"https:\/\/corludahaber.com\/h\/#\/schema\/logo\/image\/\",\"url\":\"https:\/\/corludahaber.com\/h\/wp-content\/uploads\/2021\/12\/logo__9__1_-removebg-preview.png\",\"contentUrl\":\"https:\/\/corludahaber.com\/h\/wp-content\/uploads\/2021\/12\/logo__9__1_-removebg-preview.png\",\"width\":500,\"height\":157,\"caption\":\"\u00c7orlu'da Haber\"},\"image\":{\"@id\":\"https:\/\/corludahaber.com\/h\/#\/schema\/logo\/image\/\"},\"sameAs\":[\"https:\/\/facebook.com\/habercorluda\",\"https:\/\/x.com\/habercorluda\",\"https:\/\/www.instagram.com\/corludahaber\",\"https:\/\/www.youtube.com\/user\/corludahaber\"]},{\"@type\":\"Person\",\"@id\":\"https:\/\/corludahaber.com\/h\/#\/schema\/person\/b523522be44b062db5d74a62589768cd\",\"name\":\"\u00c7orlu'da Haber\",\"image\":{\"@type\":\"ImageObject\",\"inLanguage\":\"tr\",\"@id\":\"https:\/\/corludahaber.com\/h\/#\/schema\/person\/image\/\",\"url\":\"https:\/\/secure.gravatar.com\/avatar\/1033e54e078c29fd7f053370086ff627ba414b05c2b231c418a481adecd764ce?s=96&d=blank&r=g\",\"contentUrl\":\"https:\/\/secure.gravatar.com\/avatar\/1033e54e078c29fd7f053370086ff627ba414b05c2b231c418a481adecd764ce?s=96&d=blank&r=g\",\"caption\":\"\u00c7orlu'da Haber\"},\"sameAs\":[\"https:\/\/corludahaber.com\/h\"],\"url\":\"https:\/\/corludahaber.com\/h\/author\/admin\"}]}<\/script>\n<!-- \/ Yoast SEO Premium plugin. -->","yoast_head_json":{"title":"Edirne'de uyu\u015fturucu imalathanelerine operasyon; 2 tutuklama | \u00c7orlu&#039;da Haber","description":"Edirne'de uyu\u015fturucu imalathanelerine operasyon; 2 tutuklama | \u00c7orlu&#039;da Haber","robots":{"index":"index","follow":"follow","max-snippet":"max-snippet:-1","max-image-preview":"max-image-preview:large","max-video-preview":"max-video-preview:-1"},"canonical":"https:\/\/corludahaber.com\/h\/edirnede-uyusturucu-imalathanelerine-operasyon-2-tutuklama\/124277","og_locale":"tr_TR","og_type":"article","og_title":"Edirne'de uyu\u015fturucu imalathanelerine operasyon; 2 tutuklama | \u00c7orlu&#039;da Haber","og_description":"Edirne'de uyu\u015fturucu imalathanelerine operasyon; 2 tutuklama | \u00c7orlu&#039;da Haber","og_url":"https:\/\/corludahaber.com\/h\/edirnede-uyusturucu-imalathanelerine-operasyon-2-tutuklama\/124277","og_site_name":"\u00c7orlu&#039;da Haber","article_publisher":"https:\/\/facebook.com\/habercorluda","article_published_time":"2026-09-06T02:43:35+00:00","article_modified_time":"2026-09-06T02:43:47+00:00","og_image":[{"width":2300,"height":1280,"url":"http:\/\/corludahaber.com\/h\/wp-content\/uploads\/2026\/09\/edirnede-uyusturucu-imalathanelerine-operasyon-2-tutuklama_6a9cd35b57cce.jpeg","type":"image\/jpeg"}],"author":"\u00c7orlu'da Haber","twitter_card":"summary_large_image","twitter_creator":"@habercorluda","twitter_site":"@habercorluda","twitter_misc":{"Yazan:":"\u00c7orlu'da Haber","Tahmini okuma s\u00fcresi":"1 dakika"},"schema":{"@context":"https:\/\/schema.org","@graph":[{"@type":"Article","@id":"https:\/\/corludahaber.com\/h\/edirnede-uyusturucu-imalathanelerine-operasyon-2-tutuklama\/124277#article","isPartOf":{"@id":"https:\/\/corludahaber.com\/h\/edirnede-uyusturucu-imalathanelerine-operasyon-2-tutuklama\/124277"},"author":{"name":"\u00c7orlu'da Haber","@id":"https:\/\/corludahaber.com\/h\/#\/schema\/person\/b523522be44b062db5d74a62589768cd"},"headline":"Edirne&#8217;de uyu\u015fturucu imalathanelerine operasyon; 2 tutuklama","datePublished":"2026-09-06T02:43:35+00:00","dateModified":"2026-09-06T02:43:47+00:00","mainEntityOfPage":{"@id":"https:\/\/corludahaber.com\/h\/edirnede-uyusturucu-imalathanelerine-operasyon-2-tutuklama\/124277"},"wordCount":194,"commentCount":0,"publisher":{"@id":"https:\/\/corludahaber.com\/h\/#organization"},"image":{"@id":"https:\/\/corludahaber.com\/h\/edirnede-uyusturucu-imalathanelerine-operasyon-2-tutuklama\/124277#primaryimage"},"thumbnailUrl":"https:\/\/corludahaber.com\/h\/wp-content\/uploads\/2026\/09\/edirnede-uyusturucu-imalathanelerine-operasyon-2-tutuklama_6a9cd35b57cce.jpeg","keywords":["asayi\u015f","\u00c7orlu kaza","\u00c7orlu son dakika kaza","Edirne","Edirne'de uyu\u015fturucu imalathanelerine operasyon; 2 tutuklama","imalathanelerine","Operasyon","son dakika kaza","tutuklama","uyu\u015fturucu"],"articleSection":["Edirne"],"inLanguage":"tr","potentialAction":[{"@type":"CommentAction","name":"Comment","target":["https:\/\/corludahaber.com\/h\/edirnede-uyusturucu-imalathanelerine-operasyon-2-tutuklama\/124277#respond"]}]},{"@type":"WebPage","@id":"https:\/\/corludahaber.com\/h\/edirnede-uyusturucu-imalathanelerine-operasyon-2-tutuklama\/124277","url":"https:\/\/corludahaber.com\/h\/edirnede-uyusturucu-imalathanelerine-operasyon-2-tutuklama\/124277","name":"Edirne'de uyu\u015fturucu imalathanelerine operasyon; 2 tutuklama | \u00c7orlu&#039;da Haber","isPartOf":{"@id":"https:\/\/corludahaber.com\/h\/#website"},"primaryImageOfPage":{"@id":"https:\/\/corludahaber.com\/h\/edirnede-uyusturucu-imalathanelerine-operasyon-2-tutuklama\/124277#primaryimage"},"image":{"@id":"https:\/\/corludahaber.com\/h\/edirnede-uyusturucu-imalathanelerine-operasyon-2-tutuklama\/124277#primaryimage"},"thumbnailUrl":"https:\/\/corludahaber.com\/h\/wp-content\/uploads\/2026\/09\/edirnede-uyusturucu-imalathanelerine-operasyon-2-tutuklama_6a9cd35b57cce.jpeg","datePublished":"2026-09-06T02:43:35+00:00","dateModified":"2026-09-06T02:43:47+00:00","description":"Edirne'de uyu\u015fturucu imalathanelerine operasyon; 2 tutuklama | \u00c7orlu&#039;da Haber","breadcrumb":{"@id":"https:\/\/corludahaber.com\/h\/edirnede-uyusturucu-imalathanelerine-operasyon-2-tutuklama\/124277#breadcrumb"},"inLanguage":"tr","potentialAction":[{"@type":"ReadAction","target":["https:\/\/corludahaber.com\/h\/edirnede-uyusturucu-imalathanelerine-operasyon-2-tutuklama\/124277"]}]},{"@type":"ImageObject","inLanguage":"tr","@id":"https:\/\/corludahaber.com\/h\/edirnede-uyusturucu-imalathanelerine-operasyon-2-tutuklama\/124277#primaryimage","url":"https:\/\/corludahaber.com\/h\/wp-content\/uploads\/2026\/09\/edirnede-uyusturucu-imalathanelerine-operasyon-2-tutuklama_6a9cd35b57cce.jpeg","contentUrl":"https:\/\/corludahaber.com\/h\/wp-content\/uploads\/2026\/09\/edirnede-uyusturucu-imalathanelerine-operasyon-2-tutuklama_6a9cd35b57cce.jpeg","width":2300,"height":1280},{"@type":"BreadcrumbList","@id":"https:\/\/corludahaber.com\/h\/edirnede-uyusturucu-imalathanelerine-operasyon-2-tutuklama\/124277#breadcrumb","itemListElement":[{"@type":"ListItem","position":1,"name":"Anasayfa","item":"https:\/\/corludahaber.com\/h\/anasayfa"},{"@type":"ListItem","position":2,"name":"Edirne","item":"https:\/\/corludahaber.com\/h\/kategori\/edirne"},{"@type":"ListItem","position":3,"name":"Edirne&#8217;de uyu\u015fturucu imalathanelerine operasyon; 2 tutuklama"}]},{"@type":"WebSite","@id":"https:\/\/corludahaber.com\/h\/#website","url":"https:\/\/corludahaber.com\/h\/","name":"\u00c7orlu'da Haber","description":"Ger\u00e7ek Tarafs\u0131z Haber","publisher":{"@id":"https:\/\/corludahaber.com\/h\/#organization"},"potentialAction":[{"@type":"SearchAction","target":{"@type":"EntryPoint","urlTemplate":"https:\/\/corludahaber.com\/h\/?s={search_term_string}"},"query-input":"required name=search_term_string"}],"inLanguage":"tr"},{"@type":"Organization","@id":"https:\/\/corludahaber.com\/h\/#organization","name":"\u00c7orlu'da Haber","url":"https:\/\/corludahaber.com\/h\/","logo":{"@type":"ImageObject","inLanguage":"tr","@id":"https:\/\/corludahaber.com\/h\/#\/schema\/logo\/image\/","url":"https:\/\/corludahaber.com\/h\/wp-content\/uploads\/2021\/12\/logo__9__1_-removebg-preview.png","contentUrl":"https:\/\/corludahaber.com\/h\/wp-content\/uploads\/2021\/12\/logo__9__1_-removebg-preview.png","width":500,"height":157,"caption":"\u00c7orlu'da Haber"},"image":{"@id":"https:\/\/corludahaber.com\/h\/#\/schema\/logo\/image\/"},"sameAs":["https:\/\/facebook.com\/habercorluda","https:\/\/x.com\/habercorluda","https:\/\/www.instagram.com\/corludahaber","https:\/\/www.youtube.com\/user\/corludahaber"]},{"@type":"Person","@id":"https:\/\/corludahaber.com\/h\/#\/schema\/person\/b523522be44b062db5d74a62589768cd","name":"\u00c7orlu'da Haber","image":{"@type":"ImageObject","inLanguage":"tr","@id":"https:\/\/corludahaber.com\/h\/#\/schema\/person\/image\/","url":"https:\/\/secure.gravatar.com\/avatar\/1033e54e078c29fd7f053370086ff627ba414b05c2b231c418a481adecd764ce?s=96&d=blank&r=g","contentUrl":"https:\/\/secure.gravatar.com\/avatar\/1033e54e078c29fd7f053370086ff627ba414b05c2b231c418a481adecd764ce?s=96&d=blank&r=g","caption":"\u00c7orlu'da Haber"},"sameAs":["https:\/\/corludahaber.com\/h"],"url":"https:\/\/corludahaber.com\/h\/author\/admin"}]}},"_links":{"self":[{"href":"https:\/\/corludahaber.com\/h\/wp-json\/wp\/v2\/posts\/124277","targetHints":{"allow":["GET"]}}],"collection":[{"href":"https:\/\/corludahaber.com\/h\/wp-json\/wp\/v2\/posts"}],"about":[{"href":"https:\/\/corludahaber.com\/h\/wp-json\/wp\/v2\/types\/post"}],"author":[{"embeddable":true,"href":"https:\/\/corludahaber.com\/h\/wp-json\/wp\/v2\/users\/151"}],"replies":[{"embeddable":true,"href":"https:\/\/corludahaber.com\/h\/wp-json\/wp\/v2\/comments?post=124277"}],"version-history":[{"count":1,"href":"https:\/\/corludahaber.com\/h\/wp-json\/wp\/v2\/posts\/124277\/revisions"}],"predecessor-version":[{"id":124279,"href":"https:\/\/corludahaber.com\/h\/wp-json\/wp\/v2\/posts\/124277\/revisions\/124279"}],"wp:featuredmedia":[{"embeddable":true,"href":"https:\/\/corludahaber.com\/h\/wp-json\/wp\/v2\/media\/124278"}],"wp:attachment":[{"href":"https:\/\/corludahaber.com\/h\/wp-json\/wp\/v2\/media?parent=124277"}],"wp:term":[{"taxonomy":"category","embeddable":true,"href":"https:\/\/corludahaber.com\/h\/wp-json\/wp\/v2\/categories?post=124277"},{"taxonomy":"post_tag","embeddable":true,"href":"https:\/\/corludahaber.com\/h\/wp-json\/wp\/v2\/tags?post=124277"}],"curies":[{"name":"wp","href":"https:\/\/api.w.org\/{rel}","templated":true}]}}