{"id":124265,"date":"2026-09-05T16:41:09","date_gmt":"2026-09-05T13:41:09","guid":{"rendered":"https:\/\/corludahaber.com\/h\/buyuksehir-ve-losevden-tekirdagda-aile-piknigi\/124265"},"modified":"2026-09-05T16:41:25","modified_gmt":"2026-09-05T13:41:25","slug":"buyuksehir-ve-losevden-tekirdagda-aile-piknigi","status":"publish","type":"post","link":"https:\/\/corludahaber.com\/h\/buyuksehir-ve-losevden-tekirdagda-aile-piknigi\/124265","title":{"rendered":"B\u00fcy\u00fck\u015fehir ve L\u00d6SEV&#8217;den Tekirda\u011f&#8217;da aile pikni\u011fi"},"content":{"rendered":"<div class=\"corlu-icerikten-once_3\" id=\"corlu-2065324812\"><script type='text\/javascript' src='https:\/\/platform-api.sharethis.com\/js\/sharethis.js#property=5ce8cf08af7d000012cb0ca1&product=inline-reaction-buttons' async='async'><\/script>\r\n\r\n<\/div><div readability=\"55\"><span class=\"category-name hidden\"><\/span><\/p><div class=\"corlu-icerik-2\" id=\"corlu-4046031920\"><!-- Admatic AUTO ads START -->\r\n<ins data-publisher=\"adm-pub-155556240050\" data-ad-network=\"659428a24d11b285b616c18d\"   class=\"adm-ads-area\"><\/ins>\r\n<script type=\"text\/javascript\" src=\"https:\/\/static.cdn.admatic.com.tr\/showad\/showad.min.js\"><\/script>\r\n<!-- Admatic AUTO ads END --><\/div>\n<p>TEK\u0130RDA\u011e, (Haber Merkezi)-  TEK\u0130RDA\u011e&#8217;da l\u00f6semili \u00e7ocuklar, aileleri ve g\u00f6n\u00fcll\u00fcler, L\u00f6semili \u00c7ocuklar Sa\u011fl\u0131k ve E\u011fitim Vakf\u0131 (L\u00d6SEV), taraf\u0131ndan Tekirda\u011f B\u00fcy\u00fck\u015fehir Belediyesi&#8217;nin destekleriyle d\u00fczenlenen b\u00fcy\u00fck aile pikni\u011finde bir araya geldi. \u00c7ocuklar\u0131n doyas\u0131ya e\u011flendi\u011fi etkinlikte aileler de keyifli ve moral dolu bir g\u00fcn ge\u00e7irdi.<\/p>\n<p>L\u00d6SEV taraf\u0131ndan d\u00fczenlenen b\u00fcy\u00fck aile pikni\u011fi, S\u00fcleymanpa\u015fa il\u00e7esinde bulunan Tekirda\u011f B\u00fcy\u00fck\u015fehir Belediyesi mesire alan\u0131nda d\u00fczenlendi. B\u00fcy\u00fck\u015fehir Belediyesi&#8217;nin destekleriyle d\u00fczenlenen bulu\u015fmada, l\u00f6semi ve kanser tedavisi g\u00f6ren \u00e7ocuklar, aileleri ve L\u00d6SEV g\u00f6n\u00fcll\u00fcleri bir araya geldi. \u00c7ocuklara y\u00f6nelik boyama \u00e7al\u0131\u015fmalar\u0131 ve \u00e7e\u015fitli oyunlar\u0131n d\u00fczenlendi\u011fi piknikte, animat\u00f6rler de ger\u00e7ekle\u015ftirdikleri g\u00f6sterilerle miniklere ne\u015feli anlar ya\u015fatt\u0131. G\u00fcn boyunca patlam\u0131\u015f m\u0131s\u0131r ikram\u0131n\u0131n da yap\u0131ld\u0131\u011f\u0131 etkinlikte \u00e7ocuklar ya\u015f\u0131tlar\u0131yla birlikte doyas\u0131ya e\u011flendi.<\/p>\n<p>Etkinlik kapsam\u0131nda ailelere ve davetlilere de \u00e7e\u015fitli yiyecek ve i\u00e7ecek ikramlar\u0131nda bulunuldu. \u00c7ocuklar\u0131n keyifli vakit ge\u00e7irdi\u011fi bulu\u015fmada aileler de sohbet ederek deneyimlerini payla\u015ft\u0131, zorlu tedavi s\u00fcrecinde moral depolayarak dayan\u0131\u015fma ba\u011flar\u0131n\u0131 g\u00fc\u00e7lendirdi. L\u00d6SEV, l\u00f6semi ve kanser tedavisi g\u00f6ren \u00e7ocuklar ile ailelerine y\u00f6nelik sa\u011fl\u0131k ve e\u011fitim \u00e7al\u0131\u015fmalar\u0131n\u0131n yan\u0131 s\u0131ra sosyal etkinlikler de d\u00fczenliyor. Bu bulu\u015fmalarla \u00e7ocuklar\u0131n ve ailelerinin tedavi s\u00fcrecinde sosyal ya\u015famdan kopmamalar\u0131 ve bir arada vakit ge\u00e7irerek moral bulmalar\u0131 ama\u00e7lan\u0131yor. (Haber Merkezi)<\/p>\n<\/div>\n<div class=\"corlu-icerikten-sonra_3\" id=\"corlu-3960248390\"><p><img loading=\"lazy\" decoding=\"async\" class=\"aligncenter\" src=\"https:\/\/www.corludahaber.com\/bahcesehir.jpg\" alt=\"\" width=\"624\" height=\"196\" \/><\/p>\n<table style=\"text-align: left; width: 100%;\" border=\"1\" cellspacing=\"2\" cellpadding=\"2\">\n<tbody>\n<tr>\n<td style=\"background-color: #050805;\"><span style=\"font-size: 12pt;\"><small><small><em><strong><big><span style=\"color: #ff0000;\">Haber ve resimlerin telif haklar\u0131ndan dolay\u0131 kullan\u0131m\u0131 yasakt\u0131r<span style=\"color: #000000;\">.<\/span><\/span><span style=\"color: #000000;\">\u00a0<\/span><span style=\"color: #ffffff;\">Yaz\u0131l\u0131 izni al\u0131nmadan hi\u00e7bir yaz\u0131l\u0131, g\u00f6rsel, i\u015fitsel i\u00e7erik kopyalanamaz, de\u011fi\u015ftirilemez, yay\u0131nlanamaz veya sat\u0131lamaz. Aksi halde<\/span>\u00a0<span style=\"color: #ff0000;\">5846<span style=\"color: #ffffff;\">\u00a0<\/span><\/span><span style=\"color: #ffffff;\">say\u0131l\u0131 Fikir ve Sanat Eserleri Kanunu\u2019na ve<\/span>\u00a0<span style=\"color: #800000;\"><span style=\"color: #ff0000;\">6102<\/span><span style=\"color: #ffffff;\">\u00a0<\/span><\/span><span style=\"color: #ffffff;\">say\u0131l\u0131 maddesine g\u00f6re<\/span>\u00a0<span style=\"color: #ff0000;\">gerekli i\u015flemler uygulanacakt\u0131r.<\/span><br \/>\n<span style=\"color: #ffffff;\">\u00a9 Copyright 2014<\/span><\/big><\/strong><\/em><\/small><\/small><\/span><\/td>\n<\/tr>\n<\/tbody>\n<\/table>\n<p><small><small>\u00a0<\/small><\/small><\/p>\n<\/div>","protected":false},"excerpt":{"rendered":"<p>TEK\u0130RDA\u011e, (Haber Merkezi)- TEK\u0130RDA\u011e&#8217;da l\u00f6semili \u00e7ocuklar, aileleri ve g\u00f6n\u00fcll\u00fcler, L\u00f6semili \u00c7ocuklar Sa\u011fl\u0131k ve E\u011fitim Vakf\u0131 (L\u00d6SEV), taraf\u0131ndan Tekirda\u011f B\u00fcy\u00fck\u015fehir Belediyesi&#8217;nin destekleriyle d\u00fczenlenen b\u00fcy\u00fck aile pikni\u011finde bir araya geldi. \u00c7ocuklar\u0131n doyas\u0131ya e\u011flendi\u011fi etkinlikte aileler de keyifli ve moral dolu bir g\u00fcn ge\u00e7irdi. L\u00d6SEV taraf\u0131ndan d\u00fczenlenen b\u00fcy\u00fck aile pikni\u011fi, S\u00fcleymanpa\u015fa il\u00e7esinde bulunan Tekirda\u011f B\u00fcy\u00fck\u015fehir Belediyesi mesire alan\u0131nda &hellip;<\/p>\n","protected":false},"author":151,"featured_media":124266,"comment_status":"open","ping_status":"closed","sticky":false,"template":"","format":"standard","meta":{"footnotes":""},"categories":[27],"tags":[8025,382,36717,9376,15478,8323,36716,3661,376],"class_list":["post-124265","post","type-post","status-publish","format-standard","has-post-thumbnail","hentry","category-yasam","tag-asayis","tag-buyuksehir","tag-buyuksehir-ve-losevden-tekirdagda-aile-piknigi","tag-corlu-kaza","tag-corlu-son-dakika-kaza","tag-losev","tag-piknigi","tag-son-dakika-kaza","tag-tekirdag"],"yoast_head":"<!-- This site is optimized with the Yoast SEO Premium plugin v23.3 (Yoast SEO v23.3) - https:\/\/yoast.com\/wordpress\/plugins\/seo\/ -->\n<title>B\u00fcy\u00fck\u015fehir ve L\u00d6SEV&#039;den Tekirda\u011f&#039;da aile pikni\u011fi | \u00c7orlu&#039;da Haber<\/title>\n<meta name=\"description\" content=\"B\u00fcy\u00fck\u015fehir ve L\u00d6SEV&#039;den Tekirda\u011f&#039;da aile pikni\u011fi | \u00c7orlu&#039;da Haber\" \/>\n<meta name=\"robots\" content=\"index, follow, max-snippet:-1, max-image-preview:large, max-video-preview:-1\" \/>\n<link rel=\"canonical\" href=\"https:\/\/corludahaber.com\/h\/buyuksehir-ve-losevden-tekirdagda-aile-piknigi\/124265\" \/>\n<meta property=\"og:locale\" content=\"tr_TR\" \/>\n<meta property=\"og:type\" content=\"article\" \/>\n<meta property=\"og:title\" content=\"B\u00fcy\u00fck\u015fehir ve L\u00d6SEV&#039;den Tekirda\u011f&#039;da aile pikni\u011fi | \u00c7orlu&#039;da Haber\" \/>\n<meta property=\"og:description\" content=\"B\u00fcy\u00fck\u015fehir ve L\u00d6SEV&#039;den Tekirda\u011f&#039;da aile pikni\u011fi | \u00c7orlu&#039;da Haber\" \/>\n<meta property=\"og:url\" content=\"https:\/\/corludahaber.com\/h\/buyuksehir-ve-losevden-tekirdagda-aile-piknigi\/124265\" \/>\n<meta property=\"og:site_name\" content=\"\u00c7orlu&#039;da Haber\" \/>\n<meta property=\"article:publisher\" content=\"https:\/\/facebook.com\/habercorluda\" \/>\n<meta property=\"article:published_time\" content=\"2026-09-05T13:41:09+00:00\" \/>\n<meta property=\"article:modified_time\" content=\"2026-09-05T13:41:25+00:00\" \/>\n<meta property=\"og:image\" content=\"http:\/\/corludahaber.com\/h\/wp-content\/uploads\/2026\/09\/buyuksehir-ve-losevden-tekirdagda-aile-piknigi_6a9c1bff2c58c.jpeg\" \/>\n\t<meta property=\"og:image:width\" content=\"2300\" \/>\n\t<meta property=\"og:image:height\" content=\"1156\" \/>\n\t<meta property=\"og:image:type\" content=\"image\/jpeg\" \/>\n<meta name=\"author\" content=\"\u00c7orlu&#039;da Haber\" \/>\n<meta name=\"twitter:card\" content=\"summary_large_image\" \/>\n<meta name=\"twitter:creator\" content=\"@habercorluda\" \/>\n<meta name=\"twitter:site\" content=\"@habercorluda\" \/>\n<meta name=\"twitter:label1\" content=\"Yazan:\" \/>\n\t<meta name=\"twitter:data1\" content=\"\u00c7orlu&#039;da Haber\" \/>\n\t<meta name=\"twitter:label2\" content=\"Tahmini okuma s\u00fcresi\" \/>\n\t<meta name=\"twitter:data2\" content=\"1 dakika\" \/>\n<script type=\"application\/ld+json\" class=\"yoast-schema-graph\">{\"@context\":\"https:\/\/schema.org\",\"@graph\":[{\"@type\":\"Article\",\"@id\":\"https:\/\/corludahaber.com\/h\/buyuksehir-ve-losevden-tekirdagda-aile-piknigi\/124265#article\",\"isPartOf\":{\"@id\":\"https:\/\/corludahaber.com\/h\/buyuksehir-ve-losevden-tekirdagda-aile-piknigi\/124265\"},\"author\":{\"name\":\"\u00c7orlu'da Haber\",\"@id\":\"https:\/\/corludahaber.com\/h\/#\/schema\/person\/b523522be44b062db5d74a62589768cd\"},\"headline\":\"B\u00fcy\u00fck\u015fehir ve L\u00d6SEV&#8217;den Tekirda\u011f&#8217;da aile pikni\u011fi\",\"datePublished\":\"2026-09-05T13:41:09+00:00\",\"dateModified\":\"2026-09-05T13:41:25+00:00\",\"mainEntityOfPage\":{\"@id\":\"https:\/\/corludahaber.com\/h\/buyuksehir-ve-losevden-tekirdagda-aile-piknigi\/124265\"},\"wordCount\":297,\"commentCount\":0,\"publisher\":{\"@id\":\"https:\/\/corludahaber.com\/h\/#organization\"},\"image\":{\"@id\":\"https:\/\/corludahaber.com\/h\/buyuksehir-ve-losevden-tekirdagda-aile-piknigi\/124265#primaryimage\"},\"thumbnailUrl\":\"https:\/\/corludahaber.com\/h\/wp-content\/uploads\/2026\/09\/buyuksehir-ve-losevden-tekirdagda-aile-piknigi_6a9c1bff2c58c.jpeg\",\"keywords\":[\"asayi\u015f\",\"B\u00fcy\u00fck\u015fehir\",\"B\u00fcy\u00fck\u015fehir ve L\u00d6SEV'den Tekirda\u011f'da aile pikni\u011fi\",\"\u00c7orlu kaza\",\"\u00c7orlu son dakika kaza\",\"L\u00d6SEV\",\"pikni\u011fi\",\"son dakika kaza\",\"Tekirda\u011f\"],\"articleSection\":[\"Ya\u015fam\"],\"inLanguage\":\"tr\",\"potentialAction\":[{\"@type\":\"CommentAction\",\"name\":\"Comment\",\"target\":[\"https:\/\/corludahaber.com\/h\/buyuksehir-ve-losevden-tekirdagda-aile-piknigi\/124265#respond\"]}]},{\"@type\":\"WebPage\",\"@id\":\"https:\/\/corludahaber.com\/h\/buyuksehir-ve-losevden-tekirdagda-aile-piknigi\/124265\",\"url\":\"https:\/\/corludahaber.com\/h\/buyuksehir-ve-losevden-tekirdagda-aile-piknigi\/124265\",\"name\":\"B\u00fcy\u00fck\u015fehir ve L\u00d6SEV'den Tekirda\u011f'da aile pikni\u011fi | \u00c7orlu&#039;da Haber\",\"isPartOf\":{\"@id\":\"https:\/\/corludahaber.com\/h\/#website\"},\"primaryImageOfPage\":{\"@id\":\"https:\/\/corludahaber.com\/h\/buyuksehir-ve-losevden-tekirdagda-aile-piknigi\/124265#primaryimage\"},\"image\":{\"@id\":\"https:\/\/corludahaber.com\/h\/buyuksehir-ve-losevden-tekirdagda-aile-piknigi\/124265#primaryimage\"},\"thumbnailUrl\":\"https:\/\/corludahaber.com\/h\/wp-content\/uploads\/2026\/09\/buyuksehir-ve-losevden-tekirdagda-aile-piknigi_6a9c1bff2c58c.jpeg\",\"datePublished\":\"2026-09-05T13:41:09+00:00\",\"dateModified\":\"2026-09-05T13:41:25+00:00\",\"description\":\"B\u00fcy\u00fck\u015fehir ve L\u00d6SEV'den Tekirda\u011f'da aile pikni\u011fi | \u00c7orlu&#039;da Haber\",\"breadcrumb\":{\"@id\":\"https:\/\/corludahaber.com\/h\/buyuksehir-ve-losevden-tekirdagda-aile-piknigi\/124265#breadcrumb\"},\"inLanguage\":\"tr\",\"potentialAction\":[{\"@type\":\"ReadAction\",\"target\":[\"https:\/\/corludahaber.com\/h\/buyuksehir-ve-losevden-tekirdagda-aile-piknigi\/124265\"]}]},{\"@type\":\"ImageObject\",\"inLanguage\":\"tr\",\"@id\":\"https:\/\/corludahaber.com\/h\/buyuksehir-ve-losevden-tekirdagda-aile-piknigi\/124265#primaryimage\",\"url\":\"https:\/\/corludahaber.com\/h\/wp-content\/uploads\/2026\/09\/buyuksehir-ve-losevden-tekirdagda-aile-piknigi_6a9c1bff2c58c.jpeg\",\"contentUrl\":\"https:\/\/corludahaber.com\/h\/wp-content\/uploads\/2026\/09\/buyuksehir-ve-losevden-tekirdagda-aile-piknigi_6a9c1bff2c58c.jpeg\",\"width\":2300,\"height\":1156},{\"@type\":\"BreadcrumbList\",\"@id\":\"https:\/\/corludahaber.com\/h\/buyuksehir-ve-losevden-tekirdagda-aile-piknigi\/124265#breadcrumb\",\"itemListElement\":[{\"@type\":\"ListItem\",\"position\":1,\"name\":\"Anasayfa\",\"item\":\"https:\/\/corludahaber.com\/h\/anasayfa\"},{\"@type\":\"ListItem\",\"position\":2,\"name\":\"Ya\u015fam\",\"item\":\"https:\/\/corludahaber.com\/h\/kategori\/yasam\"},{\"@type\":\"ListItem\",\"position\":3,\"name\":\"B\u00fcy\u00fck\u015fehir ve L\u00d6SEV&#8217;den Tekirda\u011f&#8217;da aile pikni\u011fi\"}]},{\"@type\":\"WebSite\",\"@id\":\"https:\/\/corludahaber.com\/h\/#website\",\"url\":\"https:\/\/corludahaber.com\/h\/\",\"name\":\"\u00c7orlu'da Haber\",\"description\":\"Ger\u00e7ek Tarafs\u0131z Haber\",\"publisher\":{\"@id\":\"https:\/\/corludahaber.com\/h\/#organization\"},\"potentialAction\":[{\"@type\":\"SearchAction\",\"target\":{\"@type\":\"EntryPoint\",\"urlTemplate\":\"https:\/\/corludahaber.com\/h\/?s={search_term_string}\"},\"query-input\":\"required name=search_term_string\"}],\"inLanguage\":\"tr\"},{\"@type\":\"Organization\",\"@id\":\"https:\/\/corludahaber.com\/h\/#organization\",\"name\":\"\u00c7orlu'da Haber\",\"url\":\"https:\/\/corludahaber.com\/h\/\",\"logo\":{\"@type\":\"ImageObject\",\"inLanguage\":\"tr\",\"@id\":\"https:\/\/corludahaber.com\/h\/#\/schema\/logo\/image\/\",\"url\":\"https:\/\/corludahaber.com\/h\/wp-content\/uploads\/2021\/12\/logo__9__1_-removebg-preview.png\",\"contentUrl\":\"https:\/\/corludahaber.com\/h\/wp-content\/uploads\/2021\/12\/logo__9__1_-removebg-preview.png\",\"width\":500,\"height\":157,\"caption\":\"\u00c7orlu'da Haber\"},\"image\":{\"@id\":\"https:\/\/corludahaber.com\/h\/#\/schema\/logo\/image\/\"},\"sameAs\":[\"https:\/\/facebook.com\/habercorluda\",\"https:\/\/x.com\/habercorluda\",\"https:\/\/www.instagram.com\/corludahaber\",\"https:\/\/www.youtube.com\/user\/corludahaber\"]},{\"@type\":\"Person\",\"@id\":\"https:\/\/corludahaber.com\/h\/#\/schema\/person\/b523522be44b062db5d74a62589768cd\",\"name\":\"\u00c7orlu'da Haber\",\"image\":{\"@type\":\"ImageObject\",\"inLanguage\":\"tr\",\"@id\":\"https:\/\/corludahaber.com\/h\/#\/schema\/person\/image\/\",\"url\":\"https:\/\/secure.gravatar.com\/avatar\/1033e54e078c29fd7f053370086ff627ba414b05c2b231c418a481adecd764ce?s=96&d=blank&r=g\",\"contentUrl\":\"https:\/\/secure.gravatar.com\/avatar\/1033e54e078c29fd7f053370086ff627ba414b05c2b231c418a481adecd764ce?s=96&d=blank&r=g\",\"caption\":\"\u00c7orlu'da Haber\"},\"sameAs\":[\"https:\/\/corludahaber.com\/h\"],\"url\":\"https:\/\/corludahaber.com\/h\/author\/admin\"}]}<\/script>\n<!-- \/ Yoast SEO Premium plugin. -->","yoast_head_json":{"title":"B\u00fcy\u00fck\u015fehir ve L\u00d6SEV'den Tekirda\u011f'da aile pikni\u011fi | \u00c7orlu&#039;da Haber","description":"B\u00fcy\u00fck\u015fehir ve L\u00d6SEV'den Tekirda\u011f'da aile pikni\u011fi | \u00c7orlu&#039;da Haber","robots":{"index":"index","follow":"follow","max-snippet":"max-snippet:-1","max-image-preview":"max-image-preview:large","max-video-preview":"max-video-preview:-1"},"canonical":"https:\/\/corludahaber.com\/h\/buyuksehir-ve-losevden-tekirdagda-aile-piknigi\/124265","og_locale":"tr_TR","og_type":"article","og_title":"B\u00fcy\u00fck\u015fehir ve L\u00d6SEV'den Tekirda\u011f'da aile pikni\u011fi | \u00c7orlu&#039;da Haber","og_description":"B\u00fcy\u00fck\u015fehir ve L\u00d6SEV'den Tekirda\u011f'da aile pikni\u011fi | \u00c7orlu&#039;da Haber","og_url":"https:\/\/corludahaber.com\/h\/buyuksehir-ve-losevden-tekirdagda-aile-piknigi\/124265","og_site_name":"\u00c7orlu&#039;da Haber","article_publisher":"https:\/\/facebook.com\/habercorluda","article_published_time":"2026-09-05T13:41:09+00:00","article_modified_time":"2026-09-05T13:41:25+00:00","og_image":[{"width":2300,"height":1156,"url":"http:\/\/corludahaber.com\/h\/wp-content\/uploads\/2026\/09\/buyuksehir-ve-losevden-tekirdagda-aile-piknigi_6a9c1bff2c58c.jpeg","type":"image\/jpeg"}],"author":"\u00c7orlu'da Haber","twitter_card":"summary_large_image","twitter_creator":"@habercorluda","twitter_site":"@habercorluda","twitter_misc":{"Yazan:":"\u00c7orlu'da Haber","Tahmini okuma s\u00fcresi":"1 dakika"},"schema":{"@context":"https:\/\/schema.org","@graph":[{"@type":"Article","@id":"https:\/\/corludahaber.com\/h\/buyuksehir-ve-losevden-tekirdagda-aile-piknigi\/124265#article","isPartOf":{"@id":"https:\/\/corludahaber.com\/h\/buyuksehir-ve-losevden-tekirdagda-aile-piknigi\/124265"},"author":{"name":"\u00c7orlu'da Haber","@id":"https:\/\/corludahaber.com\/h\/#\/schema\/person\/b523522be44b062db5d74a62589768cd"},"headline":"B\u00fcy\u00fck\u015fehir ve L\u00d6SEV&#8217;den Tekirda\u011f&#8217;da aile pikni\u011fi","datePublished":"2026-09-05T13:41:09+00:00","dateModified":"2026-09-05T13:41:25+00:00","mainEntityOfPage":{"@id":"https:\/\/corludahaber.com\/h\/buyuksehir-ve-losevden-tekirdagda-aile-piknigi\/124265"},"wordCount":297,"commentCount":0,"publisher":{"@id":"https:\/\/corludahaber.com\/h\/#organization"},"image":{"@id":"https:\/\/corludahaber.com\/h\/buyuksehir-ve-losevden-tekirdagda-aile-piknigi\/124265#primaryimage"},"thumbnailUrl":"https:\/\/corludahaber.com\/h\/wp-content\/uploads\/2026\/09\/buyuksehir-ve-losevden-tekirdagda-aile-piknigi_6a9c1bff2c58c.jpeg","keywords":["asayi\u015f","B\u00fcy\u00fck\u015fehir","B\u00fcy\u00fck\u015fehir ve L\u00d6SEV'den Tekirda\u011f'da aile pikni\u011fi","\u00c7orlu kaza","\u00c7orlu son dakika kaza","L\u00d6SEV","pikni\u011fi","son dakika kaza","Tekirda\u011f"],"articleSection":["Ya\u015fam"],"inLanguage":"tr","potentialAction":[{"@type":"CommentAction","name":"Comment","target":["https:\/\/corludahaber.com\/h\/buyuksehir-ve-losevden-tekirdagda-aile-piknigi\/124265#respond"]}]},{"@type":"WebPage","@id":"https:\/\/corludahaber.com\/h\/buyuksehir-ve-losevden-tekirdagda-aile-piknigi\/124265","url":"https:\/\/corludahaber.com\/h\/buyuksehir-ve-losevden-tekirdagda-aile-piknigi\/124265","name":"B\u00fcy\u00fck\u015fehir ve L\u00d6SEV'den Tekirda\u011f'da aile pikni\u011fi | \u00c7orlu&#039;da Haber","isPartOf":{"@id":"https:\/\/corludahaber.com\/h\/#website"},"primaryImageOfPage":{"@id":"https:\/\/corludahaber.com\/h\/buyuksehir-ve-losevden-tekirdagda-aile-piknigi\/124265#primaryimage"},"image":{"@id":"https:\/\/corludahaber.com\/h\/buyuksehir-ve-losevden-tekirdagda-aile-piknigi\/124265#primaryimage"},"thumbnailUrl":"https:\/\/corludahaber.com\/h\/wp-content\/uploads\/2026\/09\/buyuksehir-ve-losevden-tekirdagda-aile-piknigi_6a9c1bff2c58c.jpeg","datePublished":"2026-09-05T13:41:09+00:00","dateModified":"2026-09-05T13:41:25+00:00","description":"B\u00fcy\u00fck\u015fehir ve L\u00d6SEV'den Tekirda\u011f'da aile pikni\u011fi | \u00c7orlu&#039;da Haber","breadcrumb":{"@id":"https:\/\/corludahaber.com\/h\/buyuksehir-ve-losevden-tekirdagda-aile-piknigi\/124265#breadcrumb"},"inLanguage":"tr","potentialAction":[{"@type":"ReadAction","target":["https:\/\/corludahaber.com\/h\/buyuksehir-ve-losevden-tekirdagda-aile-piknigi\/124265"]}]},{"@type":"ImageObject","inLanguage":"tr","@id":"https:\/\/corludahaber.com\/h\/buyuksehir-ve-losevden-tekirdagda-aile-piknigi\/124265#primaryimage","url":"https:\/\/corludahaber.com\/h\/wp-content\/uploads\/2026\/09\/buyuksehir-ve-losevden-tekirdagda-aile-piknigi_6a9c1bff2c58c.jpeg","contentUrl":"https:\/\/corludahaber.com\/h\/wp-content\/uploads\/2026\/09\/buyuksehir-ve-losevden-tekirdagda-aile-piknigi_6a9c1bff2c58c.jpeg","width":2300,"height":1156},{"@type":"BreadcrumbList","@id":"https:\/\/corludahaber.com\/h\/buyuksehir-ve-losevden-tekirdagda-aile-piknigi\/124265#breadcrumb","itemListElement":[{"@type":"ListItem","position":1,"name":"Anasayfa","item":"https:\/\/corludahaber.com\/h\/anasayfa"},{"@type":"ListItem","position":2,"name":"Ya\u015fam","item":"https:\/\/corludahaber.com\/h\/kategori\/yasam"},{"@type":"ListItem","position":3,"name":"B\u00fcy\u00fck\u015fehir ve L\u00d6SEV&#8217;den Tekirda\u011f&#8217;da aile pikni\u011fi"}]},{"@type":"WebSite","@id":"https:\/\/corludahaber.com\/h\/#website","url":"https:\/\/corludahaber.com\/h\/","name":"\u00c7orlu'da Haber","description":"Ger\u00e7ek Tarafs\u0131z Haber","publisher":{"@id":"https:\/\/corludahaber.com\/h\/#organization"},"potentialAction":[{"@type":"SearchAction","target":{"@type":"EntryPoint","urlTemplate":"https:\/\/corludahaber.com\/h\/?s={search_term_string}"},"query-input":"required name=search_term_string"}],"inLanguage":"tr"},{"@type":"Organization","@id":"https:\/\/corludahaber.com\/h\/#organization","name":"\u00c7orlu'da Haber","url":"https:\/\/corludahaber.com\/h\/","logo":{"@type":"ImageObject","inLanguage":"tr","@id":"https:\/\/corludahaber.com\/h\/#\/schema\/logo\/image\/","url":"https:\/\/corludahaber.com\/h\/wp-content\/uploads\/2021\/12\/logo__9__1_-removebg-preview.png","contentUrl":"https:\/\/corludahaber.com\/h\/wp-content\/uploads\/2021\/12\/logo__9__1_-removebg-preview.png","width":500,"height":157,"caption":"\u00c7orlu'da Haber"},"image":{"@id":"https:\/\/corludahaber.com\/h\/#\/schema\/logo\/image\/"},"sameAs":["https:\/\/facebook.com\/habercorluda","https:\/\/x.com\/habercorluda","https:\/\/www.instagram.com\/corludahaber","https:\/\/www.youtube.com\/user\/corludahaber"]},{"@type":"Person","@id":"https:\/\/corludahaber.com\/h\/#\/schema\/person\/b523522be44b062db5d74a62589768cd","name":"\u00c7orlu'da Haber","image":{"@type":"ImageObject","inLanguage":"tr","@id":"https:\/\/corludahaber.com\/h\/#\/schema\/person\/image\/","url":"https:\/\/secure.gravatar.com\/avatar\/1033e54e078c29fd7f053370086ff627ba414b05c2b231c418a481adecd764ce?s=96&d=blank&r=g","contentUrl":"https:\/\/secure.gravatar.com\/avatar\/1033e54e078c29fd7f053370086ff627ba414b05c2b231c418a481adecd764ce?s=96&d=blank&r=g","caption":"\u00c7orlu'da Haber"},"sameAs":["https:\/\/corludahaber.com\/h"],"url":"https:\/\/corludahaber.com\/h\/author\/admin"}]}},"_links":{"self":[{"href":"https:\/\/corludahaber.com\/h\/wp-json\/wp\/v2\/posts\/124265","targetHints":{"allow":["GET"]}}],"collection":[{"href":"https:\/\/corludahaber.com\/h\/wp-json\/wp\/v2\/posts"}],"about":[{"href":"https:\/\/corludahaber.com\/h\/wp-json\/wp\/v2\/types\/post"}],"author":[{"embeddable":true,"href":"https:\/\/corludahaber.com\/h\/wp-json\/wp\/v2\/users\/151"}],"replies":[{"embeddable":true,"href":"https:\/\/corludahaber.com\/h\/wp-json\/wp\/v2\/comments?post=124265"}],"version-history":[{"count":1,"href":"https:\/\/corludahaber.com\/h\/wp-json\/wp\/v2\/posts\/124265\/revisions"}],"predecessor-version":[{"id":124267,"href":"https:\/\/corludahaber.com\/h\/wp-json\/wp\/v2\/posts\/124265\/revisions\/124267"}],"wp:featuredmedia":[{"embeddable":true,"href":"https:\/\/corludahaber.com\/h\/wp-json\/wp\/v2\/media\/124266"}],"wp:attachment":[{"href":"https:\/\/corludahaber.com\/h\/wp-json\/wp\/v2\/media?parent=124265"}],"wp:term":[{"taxonomy":"category","embeddable":true,"href":"https:\/\/corludahaber.com\/h\/wp-json\/wp\/v2\/categories?post=124265"},{"taxonomy":"post_tag","embeddable":true,"href":"https:\/\/corludahaber.com\/h\/wp-json\/wp\/v2\/tags?post=124265"}],"curies":[{"name":"wp","href":"https:\/\/api.w.org\/{rel}","templated":true}]}}