{"id":124262,"date":"2026-09-05T10:41:39","date_gmt":"2026-09-05T07:41:39","guid":{"rendered":"https:\/\/corludahaber.com\/h\/ozel-gereksinimli-esmanurun-gelinlik-giyme-hayali-gercek-oldu\/124262"},"modified":"2026-09-05T10:41:52","modified_gmt":"2026-09-05T07:41:52","slug":"ozel-gereksinimli-esmanurun-gelinlik-giyme-hayali-gercek-oldu","status":"publish","type":"post","link":"https:\/\/corludahaber.com\/h\/ozel-gereksinimli-esmanurun-gelinlik-giyme-hayali-gercek-oldu\/124262","title":{"rendered":"\u00d6zel gereksinimli Esmanur&#8217;un gelinlik giyme hayali ger\u00e7ek oldu"},"content":{"rendered":"<div class=\"corlu-icerikten-once_3\" id=\"corlu-1062592983\"><script type='text\/javascript' src='https:\/\/platform-api.sharethis.com\/js\/sharethis.js#property=5ce8cf08af7d000012cb0ca1&product=inline-reaction-buttons' async='async'><\/script>\r\n\r\n<\/div><div readability=\"71\"><span class=\"category-name hidden\"><\/span><\/p><div class=\"corlu-icerik-2\" id=\"corlu-4101812008\"><!-- Admatic AUTO ads START -->\r\n<ins data-publisher=\"adm-pub-155556240050\" data-ad-network=\"659428a24d11b285b616c18d\"   class=\"adm-ads-area\"><\/ins>\r\n<script type=\"text\/javascript\" src=\"https:\/\/static.cdn.admatic.com.tr\/showad\/showad.min.js\"><\/script>\r\n<!-- Admatic AUTO ads END --><\/div>\n<p>Onur KAYA\/KAPAKLI (Tekirda\u011f), (Haber Merkezi)- TEK\u0130RDA\u011e&#8217;\u0131n Kapakl\u0131 il\u00e7esinde ya\u015fayan \u00f6zel gereksinimli Esmanur K\u0131l\u0131\u00e7&#8217;\u0131n (24), gelinlik giyme hayali d\u00fczenlenen sembolik d\u00fc\u011f\u00fcnle ger\u00e7ek oldu.<\/p>\n<p>Kapakl\u0131&#8217;n\u0131n Cumhuriyet Mahallesi K\u00f6ro\u011flu Sokak&#8217;ta oturan Orhan ve Aliye K\u0131l\u0131\u00e7 \u00e7iftinin \u00f6zel gereksinimli k\u0131zlar\u0131 Esmanur K\u0131l\u0131\u00e7&#8217;\u0131n en b\u00fcy\u00fck hayali ger\u00e7ek oldu. Y\u0131llard\u0131r gelinlik giyerek d\u00fc\u011f\u00fcn yapman\u0131n hayalini kuran K\u0131l\u0131\u00e7 i\u00e7in ailesinin ve AK Parti Kapakl\u0131 il\u00e7e te\u015fkilat\u0131n\u0131n deste\u011fiyle \u00f6zel bir etkinlik d\u00fczenlendi. Evinin \u00f6n\u00fcnde ger\u00e7ekle\u015ftirilen etkinlikte Esmanur, gelinlik giyerek davul ve zurna e\u015fli\u011finde d\u00fc\u011f\u00fcn heyecan\u0131 ya\u015fad\u0131. Esmanur&#8217;un karde\u015fi Sami K\u0131l\u0131\u00e7 ise sembolik olarak damat oldu. Mahallelinin ve davetlilerin de kat\u0131ld\u0131\u011f\u0131 etkinlikte davul ve zurna e\u015fli\u011finde halaylar \u00e7ekildi. Renkli g\u00f6r\u00fcnt\u00fclere sahne olan organizasyonda Esmanur K\u0131l\u0131\u00e7\u2019\u0131n mutlulu\u011fu g\u00f6zlerinden okunurken, ailesi ve programa kat\u0131lanlar da bu \u00f6zel g\u00fcne ortak oldu. Sembolik d\u00fc\u011f\u00fcn, adeta ger\u00e7ek bir d\u00fc\u011f\u00fcn havas\u0131nda ger\u00e7ekle\u015ftirildi.<\/p>\n<p>&#8216;B\u0130Z\u0130M \u0130\u00c7\u0130N \u00c7OK DE\u011eERL\u0130&#8217;<\/p>\n<p>Sami K\u0131l\u0131\u00e7, ablas\u0131n\u0131n sosyal hayata kat\u0131lmas\u0131 i\u00e7in \u00e7aba g\u00f6sterdiklerini belirterek, &#8220;Kendisi bunu \u00e7ok istiyordu. Bizim i\u00e7in \u00e7ok de\u011ferlidir. Kendimi bu konuda duygusal hissediyorum. \u00d6zel gereksinimli bireylerin hayat i\u00e7erisinde \u00e7ok d\u0131\u015far\u0131da kald\u0131\u011f\u0131n\u0131 hissediyorum. Biz ailecek bu konuda bir duru\u015f sergiledik. Herkesin bu \u015fekilde d\u00fc\u015f\u00fcnmesi ve \u00f6zel gereksinimli bireylerin hayata kat\u0131lmas\u0131 i\u00e7in elimizden geleni yapmal\u0131y\u0131z&#8221; dedi.<\/p>\n<p>Esmanur K\u0131l\u0131\u00e7 da kendisi i\u00e7in \u00f6zel g\u00fcn d\u00fczenleyenlere te\u015fekk\u00fcr etti. K\u0131l\u0131\u00e7, &#8220;Y\u0131llard\u0131r hayalini kurdu\u011fum g\u00fcnde yan\u0131mda olan herkese te\u015fekk\u00fcr ediyorum. Hayalimi ger\u00e7ekle\u015ftirdim&#8221; dedi.<\/p>\n<p>&#8216;BU TALEBE KAR\u015eILIKSIZ KALAMAZDIK&#8217;<\/p>\n<p>AK Parti Kapakl\u0131 \u0130l\u00e7e Ba\u015fkan\u0131 Dursun Tekin, Esmanur&#8217;un gelin olma hayalinin kendilerine iletilmesinin ard\u0131ndan harekete ge\u00e7tiklerini s\u00f6yledi. Tekin, &#8220;Esmanur k\u0131z\u0131m\u0131z\u0131n gelin olmakla ilgili bir hayali varm\u0131\u015f. Arkada\u015flar\u0131m\u0131z bu hayali bize iletti. Yo\u011fun siyasi tempodan kaynaklanan yo\u011funlu\u011fumuz i\u00e7erisinde i\u00e7imizi \u0131s\u0131tan \u00f6zel bir talepti. Biz bu talebe kar\u015f\u0131l\u0131ks\u0131z kalamazd\u0131k. Bu sebeple bug\u00fcn Esmanur&#8217;un yan\u0131nday\u0131z. Onunla birlikte olmak istedik. Belediye ba\u015fkan\u0131m\u0131z\u0131n destekleri, il\u00e7e ba\u015fkanl\u0131\u011f\u0131 y\u00f6neticilerimizin ve kom\u015fular\u0131m\u0131z\u0131n destekleriyle Esmanur karde\u015fimizin burada yan\u0131nda e\u011flenmeye geldik&#8221; ifadelerini kulland\u0131.<\/p>\n<p>Etkinlik boyunca g\u00f6nl\u00fcnce e\u011flenen Esmanur K\u0131l\u0131\u00e7, gelinli\u011fiyle davul ve zurna e\u015fli\u011finde halay \u00e7ekerek y\u0131llard\u0131r kurdu\u011fu hayalini ger\u00e7ekle\u015ftirmenin mutlulu\u011funu ya\u015fad\u0131. (Haber Merkezi)<\/p>\n<\/div>\n<div class=\"corlu-icerikten-sonra_3\" id=\"corlu-3067348050\"><p><img loading=\"lazy\" decoding=\"async\" class=\"aligncenter\" src=\"https:\/\/www.corludahaber.com\/bahcesehir.jpg\" alt=\"\" width=\"624\" height=\"196\" \/><\/p>\n<table style=\"text-align: left; width: 100%;\" border=\"1\" cellspacing=\"2\" cellpadding=\"2\">\n<tbody>\n<tr>\n<td style=\"background-color: #050805;\"><span style=\"font-size: 12pt;\"><small><small><em><strong><big><span style=\"color: #ff0000;\">Haber ve resimlerin telif haklar\u0131ndan dolay\u0131 kullan\u0131m\u0131 yasakt\u0131r<span style=\"color: #000000;\">.<\/span><\/span><span style=\"color: #000000;\">\u00a0<\/span><span style=\"color: #ffffff;\">Yaz\u0131l\u0131 izni al\u0131nmadan hi\u00e7bir yaz\u0131l\u0131, g\u00f6rsel, i\u015fitsel i\u00e7erik kopyalanamaz, de\u011fi\u015ftirilemez, yay\u0131nlanamaz veya sat\u0131lamaz. Aksi halde<\/span>\u00a0<span style=\"color: #ff0000;\">5846<span style=\"color: #ffffff;\">\u00a0<\/span><\/span><span style=\"color: #ffffff;\">say\u0131l\u0131 Fikir ve Sanat Eserleri Kanunu\u2019na ve<\/span>\u00a0<span style=\"color: #800000;\"><span style=\"color: #ff0000;\">6102<\/span><span style=\"color: #ffffff;\">\u00a0<\/span><\/span><span style=\"color: #ffffff;\">say\u0131l\u0131 maddesine g\u00f6re<\/span>\u00a0<span style=\"color: #ff0000;\">gerekli i\u015flemler uygulanacakt\u0131r.<\/span><br \/>\n<span style=\"color: #ffffff;\">\u00a9 Copyright 2014<\/span><\/big><\/strong><\/em><\/small><\/small><\/span><\/td>\n<\/tr>\n<\/tbody>\n<\/table>\n<p><small><small>\u00a0<\/small><\/small><\/p>\n<\/div>","protected":false},"excerpt":{"rendered":"<p>Onur KAYA\/KAPAKLI (Tekirda\u011f), (Haber Merkezi)- TEK\u0130RDA\u011e&#8217;\u0131n Kapakl\u0131 il\u00e7esinde ya\u015fayan \u00f6zel gereksinimli Esmanur K\u0131l\u0131\u00e7&#8217;\u0131n (24), gelinlik giyme hayali d\u00fczenlenen sembolik d\u00fc\u011f\u00fcnle ger\u00e7ek oldu. Kapakl\u0131&#8217;n\u0131n Cumhuriyet Mahallesi K\u00f6ro\u011flu Sokak&#8217;ta oturan Orhan ve Aliye K\u0131l\u0131\u00e7 \u00e7iftinin \u00f6zel gereksinimli k\u0131zlar\u0131 Esmanur K\u0131l\u0131\u00e7&#8217;\u0131n en b\u00fcy\u00fck hayali ger\u00e7ek oldu. Y\u0131llard\u0131r gelinlik giyerek d\u00fc\u011f\u00fcn yapman\u0131n hayalini kuran K\u0131l\u0131\u00e7 i\u00e7in ailesinin ve AK &hellip;<\/p>\n","protected":false},"author":151,"featured_media":124263,"comment_status":"open","ping_status":"closed","sticky":false,"template":"","format":"standard","meta":{"footnotes":""},"categories":[27],"tags":[8025,9376,15478,36712,36713,23850,33873,36714,23848,954,36715,3661],"class_list":["post-124262","post","type-post","status-publish","format-standard","has-post-thumbnail","hentry","category-yasam","tag-asayis","tag-corlu-kaza","tag-corlu-son-dakika-kaza","tag-esmanur","tag-gelinlik","tag-gercek","tag-gereksinimli","tag-giyme","tag-hayali","tag-ozel","tag-ozel-gereksinimli-esmanurun-gelinlik-giyme-hayali-gercek-oldu","tag-son-dakika-kaza"],"yoast_head":"<!-- This site is optimized with the Yoast SEO Premium plugin v23.3 (Yoast SEO v23.3) - https:\/\/yoast.com\/wordpress\/plugins\/seo\/ -->\n<title>\u00d6zel gereksinimli Esmanur&#039;un gelinlik giyme hayali ger\u00e7ek oldu | \u00c7orlu&#039;da Haber<\/title>\n<meta name=\"description\" content=\"\u00d6zel gereksinimli Esmanur&#039;un gelinlik giyme hayali ger\u00e7ek oldu | \u00c7orlu&#039;da Haber\" \/>\n<meta name=\"robots\" content=\"index, follow, max-snippet:-1, max-image-preview:large, max-video-preview:-1\" \/>\n<link rel=\"canonical\" href=\"https:\/\/corludahaber.com\/h\/ozel-gereksinimli-esmanurun-gelinlik-giyme-hayali-gercek-oldu\/124262\" \/>\n<meta property=\"og:locale\" content=\"tr_TR\" \/>\n<meta property=\"og:type\" content=\"article\" \/>\n<meta property=\"og:title\" content=\"\u00d6zel gereksinimli Esmanur&#039;un gelinlik giyme hayali ger\u00e7ek oldu | \u00c7orlu&#039;da Haber\" \/>\n<meta property=\"og:description\" content=\"\u00d6zel gereksinimli Esmanur&#039;un gelinlik giyme hayali ger\u00e7ek oldu | \u00c7orlu&#039;da Haber\" \/>\n<meta property=\"og:url\" content=\"https:\/\/corludahaber.com\/h\/ozel-gereksinimli-esmanurun-gelinlik-giyme-hayali-gercek-oldu\/124262\" \/>\n<meta property=\"og:site_name\" content=\"\u00c7orlu&#039;da Haber\" \/>\n<meta property=\"article:publisher\" content=\"https:\/\/facebook.com\/habercorluda\" \/>\n<meta property=\"article:published_time\" content=\"2026-09-05T07:41:39+00:00\" \/>\n<meta property=\"article:modified_time\" content=\"2026-09-05T07:41:52+00:00\" \/>\n<meta property=\"og:image\" content=\"http:\/\/corludahaber.com\/h\/wp-content\/uploads\/2026\/09\/ozel-gereksinimli-esmanurun-gelinlik-giyme-hayali-gercek-oldu_6a9bc7b68ab49-scaled.jpeg\" \/>\n\t<meta property=\"og:image:width\" content=\"2231\" \/>\n\t<meta property=\"og:image:height\" content=\"2560\" \/>\n\t<meta property=\"og:image:type\" content=\"image\/jpeg\" \/>\n<meta name=\"author\" content=\"\u00c7orlu&#039;da Haber\" \/>\n<meta name=\"twitter:card\" content=\"summary_large_image\" \/>\n<meta name=\"twitter:creator\" content=\"@habercorluda\" \/>\n<meta name=\"twitter:site\" content=\"@habercorluda\" \/>\n<meta name=\"twitter:label1\" content=\"Yazan:\" \/>\n\t<meta name=\"twitter:data1\" content=\"\u00c7orlu&#039;da Haber\" \/>\n\t<meta name=\"twitter:label2\" content=\"Tahmini okuma s\u00fcresi\" \/>\n\t<meta name=\"twitter:data2\" content=\"2 dakika\" \/>\n<script type=\"application\/ld+json\" class=\"yoast-schema-graph\">{\"@context\":\"https:\/\/schema.org\",\"@graph\":[{\"@type\":\"Article\",\"@id\":\"https:\/\/corludahaber.com\/h\/ozel-gereksinimli-esmanurun-gelinlik-giyme-hayali-gercek-oldu\/124262#article\",\"isPartOf\":{\"@id\":\"https:\/\/corludahaber.com\/h\/ozel-gereksinimli-esmanurun-gelinlik-giyme-hayali-gercek-oldu\/124262\"},\"author\":{\"name\":\"\u00c7orlu'da Haber\",\"@id\":\"https:\/\/corludahaber.com\/h\/#\/schema\/person\/b523522be44b062db5d74a62589768cd\"},\"headline\":\"\u00d6zel gereksinimli Esmanur&#8217;un gelinlik giyme hayali ger\u00e7ek oldu\",\"datePublished\":\"2026-09-05T07:41:39+00:00\",\"dateModified\":\"2026-09-05T07:41:52+00:00\",\"mainEntityOfPage\":{\"@id\":\"https:\/\/corludahaber.com\/h\/ozel-gereksinimli-esmanurun-gelinlik-giyme-hayali-gercek-oldu\/124262\"},\"wordCount\":470,\"commentCount\":0,\"publisher\":{\"@id\":\"https:\/\/corludahaber.com\/h\/#organization\"},\"image\":{\"@id\":\"https:\/\/corludahaber.com\/h\/ozel-gereksinimli-esmanurun-gelinlik-giyme-hayali-gercek-oldu\/124262#primaryimage\"},\"thumbnailUrl\":\"https:\/\/corludahaber.com\/h\/wp-content\/uploads\/2026\/09\/ozel-gereksinimli-esmanurun-gelinlik-giyme-hayali-gercek-oldu_6a9bc7b68ab49-scaled.jpeg\",\"keywords\":[\"asayi\u015f\",\"\u00c7orlu kaza\",\"\u00c7orlu son dakika kaza\",\"Esmanur\",\"gelinlik\",\"ger\u00e7ek\",\"gereksinimli\",\"giyme\",\"hayali\",\"\u00d6zel\",\"\u00d6zel gereksinimli Esmanur'un gelinlik giyme hayali ger\u00e7ek oldu\",\"son dakika kaza\"],\"articleSection\":[\"Ya\u015fam\"],\"inLanguage\":\"tr\",\"potentialAction\":[{\"@type\":\"CommentAction\",\"name\":\"Comment\",\"target\":[\"https:\/\/corludahaber.com\/h\/ozel-gereksinimli-esmanurun-gelinlik-giyme-hayali-gercek-oldu\/124262#respond\"]}]},{\"@type\":\"WebPage\",\"@id\":\"https:\/\/corludahaber.com\/h\/ozel-gereksinimli-esmanurun-gelinlik-giyme-hayali-gercek-oldu\/124262\",\"url\":\"https:\/\/corludahaber.com\/h\/ozel-gereksinimli-esmanurun-gelinlik-giyme-hayali-gercek-oldu\/124262\",\"name\":\"\u00d6zel gereksinimli Esmanur'un gelinlik giyme hayali ger\u00e7ek oldu | \u00c7orlu&#039;da Haber\",\"isPartOf\":{\"@id\":\"https:\/\/corludahaber.com\/h\/#website\"},\"primaryImageOfPage\":{\"@id\":\"https:\/\/corludahaber.com\/h\/ozel-gereksinimli-esmanurun-gelinlik-giyme-hayali-gercek-oldu\/124262#primaryimage\"},\"image\":{\"@id\":\"https:\/\/corludahaber.com\/h\/ozel-gereksinimli-esmanurun-gelinlik-giyme-hayali-gercek-oldu\/124262#primaryimage\"},\"thumbnailUrl\":\"https:\/\/corludahaber.com\/h\/wp-content\/uploads\/2026\/09\/ozel-gereksinimli-esmanurun-gelinlik-giyme-hayali-gercek-oldu_6a9bc7b68ab49-scaled.jpeg\",\"datePublished\":\"2026-09-05T07:41:39+00:00\",\"dateModified\":\"2026-09-05T07:41:52+00:00\",\"description\":\"\u00d6zel gereksinimli Esmanur'un gelinlik giyme hayali ger\u00e7ek oldu | \u00c7orlu&#039;da Haber\",\"breadcrumb\":{\"@id\":\"https:\/\/corludahaber.com\/h\/ozel-gereksinimli-esmanurun-gelinlik-giyme-hayali-gercek-oldu\/124262#breadcrumb\"},\"inLanguage\":\"tr\",\"potentialAction\":[{\"@type\":\"ReadAction\",\"target\":[\"https:\/\/corludahaber.com\/h\/ozel-gereksinimli-esmanurun-gelinlik-giyme-hayali-gercek-oldu\/124262\"]}]},{\"@type\":\"ImageObject\",\"inLanguage\":\"tr\",\"@id\":\"https:\/\/corludahaber.com\/h\/ozel-gereksinimli-esmanurun-gelinlik-giyme-hayali-gercek-oldu\/124262#primaryimage\",\"url\":\"https:\/\/corludahaber.com\/h\/wp-content\/uploads\/2026\/09\/ozel-gereksinimli-esmanurun-gelinlik-giyme-hayali-gercek-oldu_6a9bc7b68ab49-scaled.jpeg\",\"contentUrl\":\"https:\/\/corludahaber.com\/h\/wp-content\/uploads\/2026\/09\/ozel-gereksinimli-esmanurun-gelinlik-giyme-hayali-gercek-oldu_6a9bc7b68ab49-scaled.jpeg\",\"width\":2231,\"height\":2560},{\"@type\":\"BreadcrumbList\",\"@id\":\"https:\/\/corludahaber.com\/h\/ozel-gereksinimli-esmanurun-gelinlik-giyme-hayali-gercek-oldu\/124262#breadcrumb\",\"itemListElement\":[{\"@type\":\"ListItem\",\"position\":1,\"name\":\"Anasayfa\",\"item\":\"https:\/\/corludahaber.com\/h\/anasayfa\"},{\"@type\":\"ListItem\",\"position\":2,\"name\":\"Ya\u015fam\",\"item\":\"https:\/\/corludahaber.com\/h\/kategori\/yasam\"},{\"@type\":\"ListItem\",\"position\":3,\"name\":\"\u00d6zel gereksinimli Esmanur&#8217;un gelinlik giyme hayali ger\u00e7ek oldu\"}]},{\"@type\":\"WebSite\",\"@id\":\"https:\/\/corludahaber.com\/h\/#website\",\"url\":\"https:\/\/corludahaber.com\/h\/\",\"name\":\"\u00c7orlu'da Haber\",\"description\":\"Ger\u00e7ek Tarafs\u0131z Haber\",\"publisher\":{\"@id\":\"https:\/\/corludahaber.com\/h\/#organization\"},\"potentialAction\":[{\"@type\":\"SearchAction\",\"target\":{\"@type\":\"EntryPoint\",\"urlTemplate\":\"https:\/\/corludahaber.com\/h\/?s={search_term_string}\"},\"query-input\":\"required name=search_term_string\"}],\"inLanguage\":\"tr\"},{\"@type\":\"Organization\",\"@id\":\"https:\/\/corludahaber.com\/h\/#organization\",\"name\":\"\u00c7orlu'da Haber\",\"url\":\"https:\/\/corludahaber.com\/h\/\",\"logo\":{\"@type\":\"ImageObject\",\"inLanguage\":\"tr\",\"@id\":\"https:\/\/corludahaber.com\/h\/#\/schema\/logo\/image\/\",\"url\":\"https:\/\/corludahaber.com\/h\/wp-content\/uploads\/2021\/12\/logo__9__1_-removebg-preview.png\",\"contentUrl\":\"https:\/\/corludahaber.com\/h\/wp-content\/uploads\/2021\/12\/logo__9__1_-removebg-preview.png\",\"width\":500,\"height\":157,\"caption\":\"\u00c7orlu'da Haber\"},\"image\":{\"@id\":\"https:\/\/corludahaber.com\/h\/#\/schema\/logo\/image\/\"},\"sameAs\":[\"https:\/\/facebook.com\/habercorluda\",\"https:\/\/x.com\/habercorluda\",\"https:\/\/www.instagram.com\/corludahaber\",\"https:\/\/www.youtube.com\/user\/corludahaber\"]},{\"@type\":\"Person\",\"@id\":\"https:\/\/corludahaber.com\/h\/#\/schema\/person\/b523522be44b062db5d74a62589768cd\",\"name\":\"\u00c7orlu'da Haber\",\"image\":{\"@type\":\"ImageObject\",\"inLanguage\":\"tr\",\"@id\":\"https:\/\/corludahaber.com\/h\/#\/schema\/person\/image\/\",\"url\":\"https:\/\/secure.gravatar.com\/avatar\/1033e54e078c29fd7f053370086ff627ba414b05c2b231c418a481adecd764ce?s=96&d=blank&r=g\",\"contentUrl\":\"https:\/\/secure.gravatar.com\/avatar\/1033e54e078c29fd7f053370086ff627ba414b05c2b231c418a481adecd764ce?s=96&d=blank&r=g\",\"caption\":\"\u00c7orlu'da Haber\"},\"sameAs\":[\"https:\/\/corludahaber.com\/h\"],\"url\":\"https:\/\/corludahaber.com\/h\/author\/admin\"}]}<\/script>\n<!-- \/ Yoast SEO Premium plugin. -->","yoast_head_json":{"title":"\u00d6zel gereksinimli Esmanur'un gelinlik giyme hayali ger\u00e7ek oldu | \u00c7orlu&#039;da Haber","description":"\u00d6zel gereksinimli Esmanur'un gelinlik giyme hayali ger\u00e7ek oldu | \u00c7orlu&#039;da Haber","robots":{"index":"index","follow":"follow","max-snippet":"max-snippet:-1","max-image-preview":"max-image-preview:large","max-video-preview":"max-video-preview:-1"},"canonical":"https:\/\/corludahaber.com\/h\/ozel-gereksinimli-esmanurun-gelinlik-giyme-hayali-gercek-oldu\/124262","og_locale":"tr_TR","og_type":"article","og_title":"\u00d6zel gereksinimli Esmanur'un gelinlik giyme hayali ger\u00e7ek oldu | \u00c7orlu&#039;da Haber","og_description":"\u00d6zel gereksinimli Esmanur'un gelinlik giyme hayali ger\u00e7ek oldu | \u00c7orlu&#039;da Haber","og_url":"https:\/\/corludahaber.com\/h\/ozel-gereksinimli-esmanurun-gelinlik-giyme-hayali-gercek-oldu\/124262","og_site_name":"\u00c7orlu&#039;da Haber","article_publisher":"https:\/\/facebook.com\/habercorluda","article_published_time":"2026-09-05T07:41:39+00:00","article_modified_time":"2026-09-05T07:41:52+00:00","og_image":[{"width":2231,"height":2560,"url":"http:\/\/corludahaber.com\/h\/wp-content\/uploads\/2026\/09\/ozel-gereksinimli-esmanurun-gelinlik-giyme-hayali-gercek-oldu_6a9bc7b68ab49-scaled.jpeg","type":"image\/jpeg"}],"author":"\u00c7orlu'da Haber","twitter_card":"summary_large_image","twitter_creator":"@habercorluda","twitter_site":"@habercorluda","twitter_misc":{"Yazan:":"\u00c7orlu'da Haber","Tahmini okuma s\u00fcresi":"2 dakika"},"schema":{"@context":"https:\/\/schema.org","@graph":[{"@type":"Article","@id":"https:\/\/corludahaber.com\/h\/ozel-gereksinimli-esmanurun-gelinlik-giyme-hayali-gercek-oldu\/124262#article","isPartOf":{"@id":"https:\/\/corludahaber.com\/h\/ozel-gereksinimli-esmanurun-gelinlik-giyme-hayali-gercek-oldu\/124262"},"author":{"name":"\u00c7orlu'da Haber","@id":"https:\/\/corludahaber.com\/h\/#\/schema\/person\/b523522be44b062db5d74a62589768cd"},"headline":"\u00d6zel gereksinimli Esmanur&#8217;un gelinlik giyme hayali ger\u00e7ek oldu","datePublished":"2026-09-05T07:41:39+00:00","dateModified":"2026-09-05T07:41:52+00:00","mainEntityOfPage":{"@id":"https:\/\/corludahaber.com\/h\/ozel-gereksinimli-esmanurun-gelinlik-giyme-hayali-gercek-oldu\/124262"},"wordCount":470,"commentCount":0,"publisher":{"@id":"https:\/\/corludahaber.com\/h\/#organization"},"image":{"@id":"https:\/\/corludahaber.com\/h\/ozel-gereksinimli-esmanurun-gelinlik-giyme-hayali-gercek-oldu\/124262#primaryimage"},"thumbnailUrl":"https:\/\/corludahaber.com\/h\/wp-content\/uploads\/2026\/09\/ozel-gereksinimli-esmanurun-gelinlik-giyme-hayali-gercek-oldu_6a9bc7b68ab49-scaled.jpeg","keywords":["asayi\u015f","\u00c7orlu kaza","\u00c7orlu son dakika kaza","Esmanur","gelinlik","ger\u00e7ek","gereksinimli","giyme","hayali","\u00d6zel","\u00d6zel gereksinimli Esmanur'un gelinlik giyme hayali ger\u00e7ek oldu","son dakika kaza"],"articleSection":["Ya\u015fam"],"inLanguage":"tr","potentialAction":[{"@type":"CommentAction","name":"Comment","target":["https:\/\/corludahaber.com\/h\/ozel-gereksinimli-esmanurun-gelinlik-giyme-hayali-gercek-oldu\/124262#respond"]}]},{"@type":"WebPage","@id":"https:\/\/corludahaber.com\/h\/ozel-gereksinimli-esmanurun-gelinlik-giyme-hayali-gercek-oldu\/124262","url":"https:\/\/corludahaber.com\/h\/ozel-gereksinimli-esmanurun-gelinlik-giyme-hayali-gercek-oldu\/124262","name":"\u00d6zel gereksinimli Esmanur'un gelinlik giyme hayali ger\u00e7ek oldu | \u00c7orlu&#039;da Haber","isPartOf":{"@id":"https:\/\/corludahaber.com\/h\/#website"},"primaryImageOfPage":{"@id":"https:\/\/corludahaber.com\/h\/ozel-gereksinimli-esmanurun-gelinlik-giyme-hayali-gercek-oldu\/124262#primaryimage"},"image":{"@id":"https:\/\/corludahaber.com\/h\/ozel-gereksinimli-esmanurun-gelinlik-giyme-hayali-gercek-oldu\/124262#primaryimage"},"thumbnailUrl":"https:\/\/corludahaber.com\/h\/wp-content\/uploads\/2026\/09\/ozel-gereksinimli-esmanurun-gelinlik-giyme-hayali-gercek-oldu_6a9bc7b68ab49-scaled.jpeg","datePublished":"2026-09-05T07:41:39+00:00","dateModified":"2026-09-05T07:41:52+00:00","description":"\u00d6zel gereksinimli Esmanur'un gelinlik giyme hayali ger\u00e7ek oldu | \u00c7orlu&#039;da Haber","breadcrumb":{"@id":"https:\/\/corludahaber.com\/h\/ozel-gereksinimli-esmanurun-gelinlik-giyme-hayali-gercek-oldu\/124262#breadcrumb"},"inLanguage":"tr","potentialAction":[{"@type":"ReadAction","target":["https:\/\/corludahaber.com\/h\/ozel-gereksinimli-esmanurun-gelinlik-giyme-hayali-gercek-oldu\/124262"]}]},{"@type":"ImageObject","inLanguage":"tr","@id":"https:\/\/corludahaber.com\/h\/ozel-gereksinimli-esmanurun-gelinlik-giyme-hayali-gercek-oldu\/124262#primaryimage","url":"https:\/\/corludahaber.com\/h\/wp-content\/uploads\/2026\/09\/ozel-gereksinimli-esmanurun-gelinlik-giyme-hayali-gercek-oldu_6a9bc7b68ab49-scaled.jpeg","contentUrl":"https:\/\/corludahaber.com\/h\/wp-content\/uploads\/2026\/09\/ozel-gereksinimli-esmanurun-gelinlik-giyme-hayali-gercek-oldu_6a9bc7b68ab49-scaled.jpeg","width":2231,"height":2560},{"@type":"BreadcrumbList","@id":"https:\/\/corludahaber.com\/h\/ozel-gereksinimli-esmanurun-gelinlik-giyme-hayali-gercek-oldu\/124262#breadcrumb","itemListElement":[{"@type":"ListItem","position":1,"name":"Anasayfa","item":"https:\/\/corludahaber.com\/h\/anasayfa"},{"@type":"ListItem","position":2,"name":"Ya\u015fam","item":"https:\/\/corludahaber.com\/h\/kategori\/yasam"},{"@type":"ListItem","position":3,"name":"\u00d6zel gereksinimli Esmanur&#8217;un gelinlik giyme hayali ger\u00e7ek oldu"}]},{"@type":"WebSite","@id":"https:\/\/corludahaber.com\/h\/#website","url":"https:\/\/corludahaber.com\/h\/","name":"\u00c7orlu'da Haber","description":"Ger\u00e7ek Tarafs\u0131z Haber","publisher":{"@id":"https:\/\/corludahaber.com\/h\/#organization"},"potentialAction":[{"@type":"SearchAction","target":{"@type":"EntryPoint","urlTemplate":"https:\/\/corludahaber.com\/h\/?s={search_term_string}"},"query-input":"required name=search_term_string"}],"inLanguage":"tr"},{"@type":"Organization","@id":"https:\/\/corludahaber.com\/h\/#organization","name":"\u00c7orlu'da Haber","url":"https:\/\/corludahaber.com\/h\/","logo":{"@type":"ImageObject","inLanguage":"tr","@id":"https:\/\/corludahaber.com\/h\/#\/schema\/logo\/image\/","url":"https:\/\/corludahaber.com\/h\/wp-content\/uploads\/2021\/12\/logo__9__1_-removebg-preview.png","contentUrl":"https:\/\/corludahaber.com\/h\/wp-content\/uploads\/2021\/12\/logo__9__1_-removebg-preview.png","width":500,"height":157,"caption":"\u00c7orlu'da Haber"},"image":{"@id":"https:\/\/corludahaber.com\/h\/#\/schema\/logo\/image\/"},"sameAs":["https:\/\/facebook.com\/habercorluda","https:\/\/x.com\/habercorluda","https:\/\/www.instagram.com\/corludahaber","https:\/\/www.youtube.com\/user\/corludahaber"]},{"@type":"Person","@id":"https:\/\/corludahaber.com\/h\/#\/schema\/person\/b523522be44b062db5d74a62589768cd","name":"\u00c7orlu'da Haber","image":{"@type":"ImageObject","inLanguage":"tr","@id":"https:\/\/corludahaber.com\/h\/#\/schema\/person\/image\/","url":"https:\/\/secure.gravatar.com\/avatar\/1033e54e078c29fd7f053370086ff627ba414b05c2b231c418a481adecd764ce?s=96&d=blank&r=g","contentUrl":"https:\/\/secure.gravatar.com\/avatar\/1033e54e078c29fd7f053370086ff627ba414b05c2b231c418a481adecd764ce?s=96&d=blank&r=g","caption":"\u00c7orlu'da Haber"},"sameAs":["https:\/\/corludahaber.com\/h"],"url":"https:\/\/corludahaber.com\/h\/author\/admin"}]}},"_links":{"self":[{"href":"https:\/\/corludahaber.com\/h\/wp-json\/wp\/v2\/posts\/124262","targetHints":{"allow":["GET"]}}],"collection":[{"href":"https:\/\/corludahaber.com\/h\/wp-json\/wp\/v2\/posts"}],"about":[{"href":"https:\/\/corludahaber.com\/h\/wp-json\/wp\/v2\/types\/post"}],"author":[{"embeddable":true,"href":"https:\/\/corludahaber.com\/h\/wp-json\/wp\/v2\/users\/151"}],"replies":[{"embeddable":true,"href":"https:\/\/corludahaber.com\/h\/wp-json\/wp\/v2\/comments?post=124262"}],"version-history":[{"count":1,"href":"https:\/\/corludahaber.com\/h\/wp-json\/wp\/v2\/posts\/124262\/revisions"}],"predecessor-version":[{"id":124264,"href":"https:\/\/corludahaber.com\/h\/wp-json\/wp\/v2\/posts\/124262\/revisions\/124264"}],"wp:featuredmedia":[{"embeddable":true,"href":"https:\/\/corludahaber.com\/h\/wp-json\/wp\/v2\/media\/124263"}],"wp:attachment":[{"href":"https:\/\/corludahaber.com\/h\/wp-json\/wp\/v2\/media?parent=124262"}],"wp:term":[{"taxonomy":"category","embeddable":true,"href":"https:\/\/corludahaber.com\/h\/wp-json\/wp\/v2\/categories?post=124262"},{"taxonomy":"post_tag","embeddable":true,"href":"https:\/\/corludahaber.com\/h\/wp-json\/wp\/v2\/tags?post=124262"}],"curies":[{"name":"wp","href":"https:\/\/api.w.org\/{rel}","templated":true}]}}