{"id":124253,"date":"2026-09-04T21:43:44","date_gmt":"2026-09-04T18:43:44","guid":{"rendered":"https:\/\/corludahaber.com\/h\/edirnede-53-cocuk-icin-sunnet-soleni-duzenlendi\/124253"},"modified":"2026-09-04T21:43:51","modified_gmt":"2026-09-04T18:43:51","slug":"edirnede-53-cocuk-icin-sunnet-soleni-duzenlendi","status":"publish","type":"post","link":"https:\/\/corludahaber.com\/h\/edirnede-53-cocuk-icin-sunnet-soleni-duzenlendi\/124253","title":{"rendered":"Edirne\u2019de 53 \u00e7ocuk i\u00e7in s\u00fcnnet \u015f\u00f6leni d\u00fczenlendi"},"content":{"rendered":"<div class=\"corlu-icerikten-once_3\" id=\"corlu-3768534204\"><script type='text\/javascript' src='https:\/\/platform-api.sharethis.com\/js\/sharethis.js#property=5ce8cf08af7d000012cb0ca1&product=inline-reaction-buttons' async='async'><\/script>\r\n\r\n<\/div><div readability=\"60\"><span class=\"category-name hidden\"><\/span><\/p><div class=\"corlu-icerik-2\" id=\"corlu-2698604808\"><!-- Admatic AUTO ads START -->\r\n<ins data-publisher=\"adm-pub-155556240050\" data-ad-network=\"659428a24d11b285b616c18d\"   class=\"adm-ads-area\"><\/ins>\r\n<script type=\"text\/javascript\" src=\"https:\/\/static.cdn.admatic.com.tr\/showad\/showad.min.js\"><\/script>\r\n<!-- Admatic AUTO ads END --><\/div>\n<p>   \u2013   \/ ED\u0130RNE, (Haber Merkezi)- ED\u0130RNE Sosyal Yard\u0131mla\u015fma ve Dayan\u0131\u015fma Vakf\u0131 ile Edirne \u015eehir G\u00f6n\u00fcll\u00fcleri Vakf\u0131 i\u015fbirli\u011finde, 53 \u00e7ocuk i\u00e7in Millet Bah\u00e7esi\u2019nde s\u00fcnnet \u015f\u00f6leni etkinli\u011fi d\u00fczenlendi.<\/p>\n<p>Kentte, Sosyal Yard\u0131mla\u015fma ve Dayan\u0131\u015fma Vakf\u0131\u2019n\u0131n hizmetlerinden yararlanan 53 ailenin \u00e7ocu\u011fu i\u00e7in s\u00fcnnet \u015f\u00f6leni d\u00fczenlendi. Vakf\u0131n, \u015eehir G\u00f6n\u00fcll\u00fcleri Vakf\u0131 i\u015fbirli\u011finde S\u00f6\u011f\u00fctl\u00fck Millet Bah\u00e7esi\u2019nde d\u00fczenledi\u011fi \u015f\u00f6len \u00f6ncesi valilik \u00f6n\u00fcnden ba\u015flayan s\u00fcnnet alay\u0131 \u015fehirde tur att\u0131. Millet Bah\u00e7esi\u2019nde ger\u00e7ekle\u015ftirilen s\u00fcnnet \u015f\u00f6lenineyse Edirne Valisi Yunus Sezer, AK Parti Edirne Milletvekili Fatma Aksal, Edirne Belediye Ba\u015fkan\u0131 Filiz Gencan, Edirne Sosyal Yard\u0131mla\u015fma ve Dayan\u0131\u015fma Vakf\u0131 M\u00fcd\u00fcr\u00fc Tezcan Fidan, \u00e7ocuklar ve aileleri kat\u0131ld\u0131. Etkinlikte \u00e7ocuklar i\u00e7in \u00e7e\u015fitli oyun alanlar\u0131 olu\u015fturuldu.<\/p>\n<p>Edirneli klarnet sanat\u00e7\u0131s\u0131 G\u00f6ksel Demlendirici\u2019nin konser verdi\u011fi programda, Edirne Belediyesi Halk Danslar\u0131 Toplulu\u011fu g\u00f6steri sergiledi. Pasta kesimiyle birlikte \u00e7ocuklar\u0131 ve ailelerini kutlayan Vali Sezer, \u201cBug\u00fcn burada 53 tane \u00e7ocu\u011fumuzun in\u015fallah aileleriyle beraber b\u00fcy\u00fcd\u00fcklerini g\u00f6rmenin sevincini ya\u015f\u0131yoruz. 53 \u00e7ocu\u011fumuzun bug\u00fcn s\u00fcnnet merasimine \u015fahitlik ediyoruz. Allah hay\u0131rl\u0131 ve u\u011furlu etsin. \u00d6nce analar\u0131na, babalar\u0131na, ailelerin ve sonra da bu g\u00fczel vatan\u0131m\u0131za, milletimize onlar\u0131 ba\u011f\u0131\u015flas\u0131n\u201d dedi.<\/p>\n<p>Etkinlik sonunda, \u00e7ocuklara \u00e7e\u015fitli hediyeler verildi.  (Haber Merkezi)<\/p>\n<\/div>\n<div class=\"corlu-icerikten-sonra_3\" id=\"corlu-2516512240\"><p><img loading=\"lazy\" decoding=\"async\" class=\"aligncenter\" src=\"https:\/\/www.corludahaber.com\/bahcesehir.jpg\" alt=\"\" width=\"624\" height=\"196\" \/><\/p>\n<table style=\"text-align: left; width: 100%;\" border=\"1\" cellspacing=\"2\" cellpadding=\"2\">\n<tbody>\n<tr>\n<td style=\"background-color: #050805;\"><span style=\"font-size: 12pt;\"><small><small><em><strong><big><span style=\"color: #ff0000;\">Haber ve resimlerin telif haklar\u0131ndan dolay\u0131 kullan\u0131m\u0131 yasakt\u0131r<span style=\"color: #000000;\">.<\/span><\/span><span style=\"color: #000000;\">\u00a0<\/span><span style=\"color: #ffffff;\">Yaz\u0131l\u0131 izni al\u0131nmadan hi\u00e7bir yaz\u0131l\u0131, g\u00f6rsel, i\u015fitsel i\u00e7erik kopyalanamaz, de\u011fi\u015ftirilemez, yay\u0131nlanamaz veya sat\u0131lamaz. Aksi halde<\/span>\u00a0<span style=\"color: #ff0000;\">5846<span style=\"color: #ffffff;\">\u00a0<\/span><\/span><span style=\"color: #ffffff;\">say\u0131l\u0131 Fikir ve Sanat Eserleri Kanunu\u2019na ve<\/span>\u00a0<span style=\"color: #800000;\"><span style=\"color: #ff0000;\">6102<\/span><span style=\"color: #ffffff;\">\u00a0<\/span><\/span><span style=\"color: #ffffff;\">say\u0131l\u0131 maddesine g\u00f6re<\/span>\u00a0<span style=\"color: #ff0000;\">gerekli i\u015flemler uygulanacakt\u0131r.<\/span><br \/>\n<span style=\"color: #ffffff;\">\u00a9 Copyright 2014<\/span><\/big><\/strong><\/em><\/small><\/small><\/span><\/td>\n<\/tr>\n<\/tbody>\n<\/table>\n<p><small><small>\u00a0<\/small><\/small><\/p>\n<\/div>","protected":false},"excerpt":{"rendered":"<p>\u2013 \/ ED\u0130RNE, (Haber Merkezi)- ED\u0130RNE Sosyal Yard\u0131mla\u015fma ve Dayan\u0131\u015fma Vakf\u0131 ile Edirne \u015eehir G\u00f6n\u00fcll\u00fcleri Vakf\u0131 i\u015fbirli\u011finde, 53 \u00e7ocuk i\u00e7in Millet Bah\u00e7esi\u2019nde s\u00fcnnet \u015f\u00f6leni etkinli\u011fi d\u00fczenlendi. Kentte, Sosyal Yard\u0131mla\u015fma ve Dayan\u0131\u015fma Vakf\u0131\u2019n\u0131n hizmetlerinden yararlanan 53 ailenin \u00e7ocu\u011fu i\u00e7in s\u00fcnnet \u015f\u00f6leni d\u00fczenlendi. Vakf\u0131n, \u015eehir G\u00f6n\u00fcll\u00fcleri Vakf\u0131 i\u015fbirli\u011finde S\u00f6\u011f\u00fctl\u00fck Millet Bah\u00e7esi\u2019nde d\u00fczenledi\u011fi \u015f\u00f6len \u00f6ncesi valilik \u00f6n\u00fcnden ba\u015flayan &hellip;<\/p>\n","protected":false},"author":151,"featured_media":124254,"comment_status":"open","ping_status":"closed","sticky":false,"template":"","format":"standard","meta":{"footnotes":""},"categories":[121],"tags":[8025,936,9376,15478,824,728,36708,594,3180,3661,2936],"class_list":["post-124253","post","type-post","status-publish","format-standard","has-post-thumbnail","hentry","category-edirne","tag-asayis","tag-cocuk","tag-corlu-kaza","tag-corlu-son-dakika-kaza","tag-duzenlendi","tag-edirne","tag-edirnede-53-cocuk-icin-sunnet-soleni-duzenlendi","tag-icin","tag-soleni","tag-son-dakika-kaza","tag-sunnet"],"yoast_head":"<!-- This site is optimized with the Yoast SEO Premium plugin v23.3 (Yoast SEO v23.3) - https:\/\/yoast.com\/wordpress\/plugins\/seo\/ -->\n<title>Edirne\u2019de 53 \u00e7ocuk i\u00e7in s\u00fcnnet \u015f\u00f6leni d\u00fczenlendi | \u00c7orlu&#039;da Haber<\/title>\n<meta name=\"description\" content=\"Edirne\u2019de 53 \u00e7ocuk i\u00e7in s\u00fcnnet \u015f\u00f6leni d\u00fczenlendi | \u00c7orlu&#039;da Haber\" \/>\n<meta name=\"robots\" content=\"index, follow, max-snippet:-1, max-image-preview:large, max-video-preview:-1\" \/>\n<link rel=\"canonical\" href=\"https:\/\/corludahaber.com\/h\/edirnede-53-cocuk-icin-sunnet-soleni-duzenlendi\/124253\" \/>\n<meta property=\"og:locale\" content=\"tr_TR\" \/>\n<meta property=\"og:type\" content=\"article\" \/>\n<meta property=\"og:title\" content=\"Edirne\u2019de 53 \u00e7ocuk i\u00e7in s\u00fcnnet \u015f\u00f6leni d\u00fczenlendi | \u00c7orlu&#039;da Haber\" \/>\n<meta property=\"og:description\" content=\"Edirne\u2019de 53 \u00e7ocuk i\u00e7in s\u00fcnnet \u015f\u00f6leni d\u00fczenlendi | \u00c7orlu&#039;da Haber\" \/>\n<meta property=\"og:url\" content=\"https:\/\/corludahaber.com\/h\/edirnede-53-cocuk-icin-sunnet-soleni-duzenlendi\/124253\" \/>\n<meta property=\"og:site_name\" content=\"\u00c7orlu&#039;da Haber\" \/>\n<meta property=\"article:publisher\" content=\"https:\/\/facebook.com\/habercorluda\" \/>\n<meta property=\"article:published_time\" content=\"2026-09-04T18:43:44+00:00\" \/>\n<meta property=\"article:modified_time\" content=\"2026-09-04T18:43:51+00:00\" \/>\n<meta property=\"og:image\" content=\"http:\/\/corludahaber.com\/h\/wp-content\/uploads\/2026\/09\/edirnede-53-cocuk-icin-sunnet-soleni-duzenlendi_6a9b11635d242.jpeg\" \/>\n\t<meta property=\"og:image:width\" content=\"1600\" \/>\n\t<meta property=\"og:image:height\" content=\"1066\" \/>\n\t<meta property=\"og:image:type\" content=\"image\/jpeg\" \/>\n<meta name=\"author\" content=\"\u00c7orlu&#039;da Haber\" \/>\n<meta name=\"twitter:card\" content=\"summary_large_image\" \/>\n<meta name=\"twitter:creator\" content=\"@habercorluda\" \/>\n<meta name=\"twitter:site\" content=\"@habercorluda\" \/>\n<meta name=\"twitter:label1\" content=\"Yazan:\" \/>\n\t<meta name=\"twitter:data1\" content=\"\u00c7orlu&#039;da Haber\" \/>\n\t<meta name=\"twitter:label2\" content=\"Tahmini okuma s\u00fcresi\" \/>\n\t<meta name=\"twitter:data2\" content=\"1 dakika\" \/>\n<script type=\"application\/ld+json\" class=\"yoast-schema-graph\">{\"@context\":\"https:\/\/schema.org\",\"@graph\":[{\"@type\":\"Article\",\"@id\":\"https:\/\/corludahaber.com\/h\/edirnede-53-cocuk-icin-sunnet-soleni-duzenlendi\/124253#article\",\"isPartOf\":{\"@id\":\"https:\/\/corludahaber.com\/h\/edirnede-53-cocuk-icin-sunnet-soleni-duzenlendi\/124253\"},\"author\":{\"name\":\"\u00c7orlu'da Haber\",\"@id\":\"https:\/\/corludahaber.com\/h\/#\/schema\/person\/b523522be44b062db5d74a62589768cd\"},\"headline\":\"Edirne\u2019de 53 \u00e7ocuk i\u00e7in s\u00fcnnet \u015f\u00f6leni d\u00fczenlendi\",\"datePublished\":\"2026-09-04T18:43:44+00:00\",\"dateModified\":\"2026-09-04T18:43:51+00:00\",\"mainEntityOfPage\":{\"@id\":\"https:\/\/corludahaber.com\/h\/edirnede-53-cocuk-icin-sunnet-soleni-duzenlendi\/124253\"},\"wordCount\":257,\"commentCount\":0,\"publisher\":{\"@id\":\"https:\/\/corludahaber.com\/h\/#organization\"},\"image\":{\"@id\":\"https:\/\/corludahaber.com\/h\/edirnede-53-cocuk-icin-sunnet-soleni-duzenlendi\/124253#primaryimage\"},\"thumbnailUrl\":\"https:\/\/corludahaber.com\/h\/wp-content\/uploads\/2026\/09\/edirnede-53-cocuk-icin-sunnet-soleni-duzenlendi_6a9b11635d242.jpeg\",\"keywords\":[\"asayi\u015f\",\"\u00c7ocuk\",\"\u00c7orlu kaza\",\"\u00c7orlu son dakika kaza\",\"d\u00fczenlendi\",\"Edirne\",\"Edirne\u2019de 53 \u00e7ocuk i\u00e7in s\u00fcnnet \u015f\u00f6leni d\u00fczenlendi\",\"i\u00e7in\",\"\u015e\u00f6leni\",\"son dakika kaza\",\"S\u00fcnnet\"],\"articleSection\":[\"Edirne\"],\"inLanguage\":\"tr\",\"potentialAction\":[{\"@type\":\"CommentAction\",\"name\":\"Comment\",\"target\":[\"https:\/\/corludahaber.com\/h\/edirnede-53-cocuk-icin-sunnet-soleni-duzenlendi\/124253#respond\"]}]},{\"@type\":\"WebPage\",\"@id\":\"https:\/\/corludahaber.com\/h\/edirnede-53-cocuk-icin-sunnet-soleni-duzenlendi\/124253\",\"url\":\"https:\/\/corludahaber.com\/h\/edirnede-53-cocuk-icin-sunnet-soleni-duzenlendi\/124253\",\"name\":\"Edirne\u2019de 53 \u00e7ocuk i\u00e7in s\u00fcnnet \u015f\u00f6leni d\u00fczenlendi | \u00c7orlu&#039;da Haber\",\"isPartOf\":{\"@id\":\"https:\/\/corludahaber.com\/h\/#website\"},\"primaryImageOfPage\":{\"@id\":\"https:\/\/corludahaber.com\/h\/edirnede-53-cocuk-icin-sunnet-soleni-duzenlendi\/124253#primaryimage\"},\"image\":{\"@id\":\"https:\/\/corludahaber.com\/h\/edirnede-53-cocuk-icin-sunnet-soleni-duzenlendi\/124253#primaryimage\"},\"thumbnailUrl\":\"https:\/\/corludahaber.com\/h\/wp-content\/uploads\/2026\/09\/edirnede-53-cocuk-icin-sunnet-soleni-duzenlendi_6a9b11635d242.jpeg\",\"datePublished\":\"2026-09-04T18:43:44+00:00\",\"dateModified\":\"2026-09-04T18:43:51+00:00\",\"description\":\"Edirne\u2019de 53 \u00e7ocuk i\u00e7in s\u00fcnnet \u015f\u00f6leni d\u00fczenlendi | \u00c7orlu&#039;da Haber\",\"breadcrumb\":{\"@id\":\"https:\/\/corludahaber.com\/h\/edirnede-53-cocuk-icin-sunnet-soleni-duzenlendi\/124253#breadcrumb\"},\"inLanguage\":\"tr\",\"potentialAction\":[{\"@type\":\"ReadAction\",\"target\":[\"https:\/\/corludahaber.com\/h\/edirnede-53-cocuk-icin-sunnet-soleni-duzenlendi\/124253\"]}]},{\"@type\":\"ImageObject\",\"inLanguage\":\"tr\",\"@id\":\"https:\/\/corludahaber.com\/h\/edirnede-53-cocuk-icin-sunnet-soleni-duzenlendi\/124253#primaryimage\",\"url\":\"https:\/\/corludahaber.com\/h\/wp-content\/uploads\/2026\/09\/edirnede-53-cocuk-icin-sunnet-soleni-duzenlendi_6a9b11635d242.jpeg\",\"contentUrl\":\"https:\/\/corludahaber.com\/h\/wp-content\/uploads\/2026\/09\/edirnede-53-cocuk-icin-sunnet-soleni-duzenlendi_6a9b11635d242.jpeg\",\"width\":1600,\"height\":1066},{\"@type\":\"BreadcrumbList\",\"@id\":\"https:\/\/corludahaber.com\/h\/edirnede-53-cocuk-icin-sunnet-soleni-duzenlendi\/124253#breadcrumb\",\"itemListElement\":[{\"@type\":\"ListItem\",\"position\":1,\"name\":\"Anasayfa\",\"item\":\"https:\/\/corludahaber.com\/h\/anasayfa\"},{\"@type\":\"ListItem\",\"position\":2,\"name\":\"Edirne\",\"item\":\"https:\/\/corludahaber.com\/h\/kategori\/edirne\"},{\"@type\":\"ListItem\",\"position\":3,\"name\":\"Edirne\u2019de 53 \u00e7ocuk i\u00e7in s\u00fcnnet \u015f\u00f6leni d\u00fczenlendi\"}]},{\"@type\":\"WebSite\",\"@id\":\"https:\/\/corludahaber.com\/h\/#website\",\"url\":\"https:\/\/corludahaber.com\/h\/\",\"name\":\"\u00c7orlu'da Haber\",\"description\":\"Ger\u00e7ek Tarafs\u0131z Haber\",\"publisher\":{\"@id\":\"https:\/\/corludahaber.com\/h\/#organization\"},\"potentialAction\":[{\"@type\":\"SearchAction\",\"target\":{\"@type\":\"EntryPoint\",\"urlTemplate\":\"https:\/\/corludahaber.com\/h\/?s={search_term_string}\"},\"query-input\":\"required name=search_term_string\"}],\"inLanguage\":\"tr\"},{\"@type\":\"Organization\",\"@id\":\"https:\/\/corludahaber.com\/h\/#organization\",\"name\":\"\u00c7orlu'da Haber\",\"url\":\"https:\/\/corludahaber.com\/h\/\",\"logo\":{\"@type\":\"ImageObject\",\"inLanguage\":\"tr\",\"@id\":\"https:\/\/corludahaber.com\/h\/#\/schema\/logo\/image\/\",\"url\":\"https:\/\/corludahaber.com\/h\/wp-content\/uploads\/2021\/12\/logo__9__1_-removebg-preview.png\",\"contentUrl\":\"https:\/\/corludahaber.com\/h\/wp-content\/uploads\/2021\/12\/logo__9__1_-removebg-preview.png\",\"width\":500,\"height\":157,\"caption\":\"\u00c7orlu'da Haber\"},\"image\":{\"@id\":\"https:\/\/corludahaber.com\/h\/#\/schema\/logo\/image\/\"},\"sameAs\":[\"https:\/\/facebook.com\/habercorluda\",\"https:\/\/x.com\/habercorluda\",\"https:\/\/www.instagram.com\/corludahaber\",\"https:\/\/www.youtube.com\/user\/corludahaber\"]},{\"@type\":\"Person\",\"@id\":\"https:\/\/corludahaber.com\/h\/#\/schema\/person\/b523522be44b062db5d74a62589768cd\",\"name\":\"\u00c7orlu'da Haber\",\"image\":{\"@type\":\"ImageObject\",\"inLanguage\":\"tr\",\"@id\":\"https:\/\/corludahaber.com\/h\/#\/schema\/person\/image\/\",\"url\":\"https:\/\/secure.gravatar.com\/avatar\/1033e54e078c29fd7f053370086ff627ba414b05c2b231c418a481adecd764ce?s=96&d=blank&r=g\",\"contentUrl\":\"https:\/\/secure.gravatar.com\/avatar\/1033e54e078c29fd7f053370086ff627ba414b05c2b231c418a481adecd764ce?s=96&d=blank&r=g\",\"caption\":\"\u00c7orlu'da Haber\"},\"sameAs\":[\"https:\/\/corludahaber.com\/h\"],\"url\":\"https:\/\/corludahaber.com\/h\/author\/admin\"}]}<\/script>\n<!-- \/ Yoast SEO Premium plugin. -->","yoast_head_json":{"title":"Edirne\u2019de 53 \u00e7ocuk i\u00e7in s\u00fcnnet \u015f\u00f6leni d\u00fczenlendi | \u00c7orlu&#039;da Haber","description":"Edirne\u2019de 53 \u00e7ocuk i\u00e7in s\u00fcnnet \u015f\u00f6leni d\u00fczenlendi | \u00c7orlu&#039;da Haber","robots":{"index":"index","follow":"follow","max-snippet":"max-snippet:-1","max-image-preview":"max-image-preview:large","max-video-preview":"max-video-preview:-1"},"canonical":"https:\/\/corludahaber.com\/h\/edirnede-53-cocuk-icin-sunnet-soleni-duzenlendi\/124253","og_locale":"tr_TR","og_type":"article","og_title":"Edirne\u2019de 53 \u00e7ocuk i\u00e7in s\u00fcnnet \u015f\u00f6leni d\u00fczenlendi | \u00c7orlu&#039;da Haber","og_description":"Edirne\u2019de 53 \u00e7ocuk i\u00e7in s\u00fcnnet \u015f\u00f6leni d\u00fczenlendi | \u00c7orlu&#039;da Haber","og_url":"https:\/\/corludahaber.com\/h\/edirnede-53-cocuk-icin-sunnet-soleni-duzenlendi\/124253","og_site_name":"\u00c7orlu&#039;da Haber","article_publisher":"https:\/\/facebook.com\/habercorluda","article_published_time":"2026-09-04T18:43:44+00:00","article_modified_time":"2026-09-04T18:43:51+00:00","og_image":[{"width":1600,"height":1066,"url":"http:\/\/corludahaber.com\/h\/wp-content\/uploads\/2026\/09\/edirnede-53-cocuk-icin-sunnet-soleni-duzenlendi_6a9b11635d242.jpeg","type":"image\/jpeg"}],"author":"\u00c7orlu'da Haber","twitter_card":"summary_large_image","twitter_creator":"@habercorluda","twitter_site":"@habercorluda","twitter_misc":{"Yazan:":"\u00c7orlu'da Haber","Tahmini okuma s\u00fcresi":"1 dakika"},"schema":{"@context":"https:\/\/schema.org","@graph":[{"@type":"Article","@id":"https:\/\/corludahaber.com\/h\/edirnede-53-cocuk-icin-sunnet-soleni-duzenlendi\/124253#article","isPartOf":{"@id":"https:\/\/corludahaber.com\/h\/edirnede-53-cocuk-icin-sunnet-soleni-duzenlendi\/124253"},"author":{"name":"\u00c7orlu'da Haber","@id":"https:\/\/corludahaber.com\/h\/#\/schema\/person\/b523522be44b062db5d74a62589768cd"},"headline":"Edirne\u2019de 53 \u00e7ocuk i\u00e7in s\u00fcnnet \u015f\u00f6leni d\u00fczenlendi","datePublished":"2026-09-04T18:43:44+00:00","dateModified":"2026-09-04T18:43:51+00:00","mainEntityOfPage":{"@id":"https:\/\/corludahaber.com\/h\/edirnede-53-cocuk-icin-sunnet-soleni-duzenlendi\/124253"},"wordCount":257,"commentCount":0,"publisher":{"@id":"https:\/\/corludahaber.com\/h\/#organization"},"image":{"@id":"https:\/\/corludahaber.com\/h\/edirnede-53-cocuk-icin-sunnet-soleni-duzenlendi\/124253#primaryimage"},"thumbnailUrl":"https:\/\/corludahaber.com\/h\/wp-content\/uploads\/2026\/09\/edirnede-53-cocuk-icin-sunnet-soleni-duzenlendi_6a9b11635d242.jpeg","keywords":["asayi\u015f","\u00c7ocuk","\u00c7orlu kaza","\u00c7orlu son dakika kaza","d\u00fczenlendi","Edirne","Edirne\u2019de 53 \u00e7ocuk i\u00e7in s\u00fcnnet \u015f\u00f6leni d\u00fczenlendi","i\u00e7in","\u015e\u00f6leni","son dakika kaza","S\u00fcnnet"],"articleSection":["Edirne"],"inLanguage":"tr","potentialAction":[{"@type":"CommentAction","name":"Comment","target":["https:\/\/corludahaber.com\/h\/edirnede-53-cocuk-icin-sunnet-soleni-duzenlendi\/124253#respond"]}]},{"@type":"WebPage","@id":"https:\/\/corludahaber.com\/h\/edirnede-53-cocuk-icin-sunnet-soleni-duzenlendi\/124253","url":"https:\/\/corludahaber.com\/h\/edirnede-53-cocuk-icin-sunnet-soleni-duzenlendi\/124253","name":"Edirne\u2019de 53 \u00e7ocuk i\u00e7in s\u00fcnnet \u015f\u00f6leni d\u00fczenlendi | \u00c7orlu&#039;da Haber","isPartOf":{"@id":"https:\/\/corludahaber.com\/h\/#website"},"primaryImageOfPage":{"@id":"https:\/\/corludahaber.com\/h\/edirnede-53-cocuk-icin-sunnet-soleni-duzenlendi\/124253#primaryimage"},"image":{"@id":"https:\/\/corludahaber.com\/h\/edirnede-53-cocuk-icin-sunnet-soleni-duzenlendi\/124253#primaryimage"},"thumbnailUrl":"https:\/\/corludahaber.com\/h\/wp-content\/uploads\/2026\/09\/edirnede-53-cocuk-icin-sunnet-soleni-duzenlendi_6a9b11635d242.jpeg","datePublished":"2026-09-04T18:43:44+00:00","dateModified":"2026-09-04T18:43:51+00:00","description":"Edirne\u2019de 53 \u00e7ocuk i\u00e7in s\u00fcnnet \u015f\u00f6leni d\u00fczenlendi | \u00c7orlu&#039;da Haber","breadcrumb":{"@id":"https:\/\/corludahaber.com\/h\/edirnede-53-cocuk-icin-sunnet-soleni-duzenlendi\/124253#breadcrumb"},"inLanguage":"tr","potentialAction":[{"@type":"ReadAction","target":["https:\/\/corludahaber.com\/h\/edirnede-53-cocuk-icin-sunnet-soleni-duzenlendi\/124253"]}]},{"@type":"ImageObject","inLanguage":"tr","@id":"https:\/\/corludahaber.com\/h\/edirnede-53-cocuk-icin-sunnet-soleni-duzenlendi\/124253#primaryimage","url":"https:\/\/corludahaber.com\/h\/wp-content\/uploads\/2026\/09\/edirnede-53-cocuk-icin-sunnet-soleni-duzenlendi_6a9b11635d242.jpeg","contentUrl":"https:\/\/corludahaber.com\/h\/wp-content\/uploads\/2026\/09\/edirnede-53-cocuk-icin-sunnet-soleni-duzenlendi_6a9b11635d242.jpeg","width":1600,"height":1066},{"@type":"BreadcrumbList","@id":"https:\/\/corludahaber.com\/h\/edirnede-53-cocuk-icin-sunnet-soleni-duzenlendi\/124253#breadcrumb","itemListElement":[{"@type":"ListItem","position":1,"name":"Anasayfa","item":"https:\/\/corludahaber.com\/h\/anasayfa"},{"@type":"ListItem","position":2,"name":"Edirne","item":"https:\/\/corludahaber.com\/h\/kategori\/edirne"},{"@type":"ListItem","position":3,"name":"Edirne\u2019de 53 \u00e7ocuk i\u00e7in s\u00fcnnet \u015f\u00f6leni d\u00fczenlendi"}]},{"@type":"WebSite","@id":"https:\/\/corludahaber.com\/h\/#website","url":"https:\/\/corludahaber.com\/h\/","name":"\u00c7orlu'da Haber","description":"Ger\u00e7ek Tarafs\u0131z Haber","publisher":{"@id":"https:\/\/corludahaber.com\/h\/#organization"},"potentialAction":[{"@type":"SearchAction","target":{"@type":"EntryPoint","urlTemplate":"https:\/\/corludahaber.com\/h\/?s={search_term_string}"},"query-input":"required name=search_term_string"}],"inLanguage":"tr"},{"@type":"Organization","@id":"https:\/\/corludahaber.com\/h\/#organization","name":"\u00c7orlu'da Haber","url":"https:\/\/corludahaber.com\/h\/","logo":{"@type":"ImageObject","inLanguage":"tr","@id":"https:\/\/corludahaber.com\/h\/#\/schema\/logo\/image\/","url":"https:\/\/corludahaber.com\/h\/wp-content\/uploads\/2021\/12\/logo__9__1_-removebg-preview.png","contentUrl":"https:\/\/corludahaber.com\/h\/wp-content\/uploads\/2021\/12\/logo__9__1_-removebg-preview.png","width":500,"height":157,"caption":"\u00c7orlu'da Haber"},"image":{"@id":"https:\/\/corludahaber.com\/h\/#\/schema\/logo\/image\/"},"sameAs":["https:\/\/facebook.com\/habercorluda","https:\/\/x.com\/habercorluda","https:\/\/www.instagram.com\/corludahaber","https:\/\/www.youtube.com\/user\/corludahaber"]},{"@type":"Person","@id":"https:\/\/corludahaber.com\/h\/#\/schema\/person\/b523522be44b062db5d74a62589768cd","name":"\u00c7orlu'da Haber","image":{"@type":"ImageObject","inLanguage":"tr","@id":"https:\/\/corludahaber.com\/h\/#\/schema\/person\/image\/","url":"https:\/\/secure.gravatar.com\/avatar\/1033e54e078c29fd7f053370086ff627ba414b05c2b231c418a481adecd764ce?s=96&d=blank&r=g","contentUrl":"https:\/\/secure.gravatar.com\/avatar\/1033e54e078c29fd7f053370086ff627ba414b05c2b231c418a481adecd764ce?s=96&d=blank&r=g","caption":"\u00c7orlu'da Haber"},"sameAs":["https:\/\/corludahaber.com\/h"],"url":"https:\/\/corludahaber.com\/h\/author\/admin"}]}},"_links":{"self":[{"href":"https:\/\/corludahaber.com\/h\/wp-json\/wp\/v2\/posts\/124253","targetHints":{"allow":["GET"]}}],"collection":[{"href":"https:\/\/corludahaber.com\/h\/wp-json\/wp\/v2\/posts"}],"about":[{"href":"https:\/\/corludahaber.com\/h\/wp-json\/wp\/v2\/types\/post"}],"author":[{"embeddable":true,"href":"https:\/\/corludahaber.com\/h\/wp-json\/wp\/v2\/users\/151"}],"replies":[{"embeddable":true,"href":"https:\/\/corludahaber.com\/h\/wp-json\/wp\/v2\/comments?post=124253"}],"version-history":[{"count":1,"href":"https:\/\/corludahaber.com\/h\/wp-json\/wp\/v2\/posts\/124253\/revisions"}],"predecessor-version":[{"id":124255,"href":"https:\/\/corludahaber.com\/h\/wp-json\/wp\/v2\/posts\/124253\/revisions\/124255"}],"wp:featuredmedia":[{"embeddable":true,"href":"https:\/\/corludahaber.com\/h\/wp-json\/wp\/v2\/media\/124254"}],"wp:attachment":[{"href":"https:\/\/corludahaber.com\/h\/wp-json\/wp\/v2\/media?parent=124253"}],"wp:term":[{"taxonomy":"category","embeddable":true,"href":"https:\/\/corludahaber.com\/h\/wp-json\/wp\/v2\/categories?post=124253"},{"taxonomy":"post_tag","embeddable":true,"href":"https:\/\/corludahaber.com\/h\/wp-json\/wp\/v2\/tags?post=124253"}],"curies":[{"name":"wp","href":"https:\/\/api.w.org\/{rel}","templated":true}]}}