{"id":124250,"date":"2026-09-04T20:43:37","date_gmt":"2026-09-04T17:43:37","guid":{"rendered":"https:\/\/corludahaber.com\/h\/ozgur-ozel-yeni-parti-turkiyenin-yeni-umududur2\/124250"},"modified":"2026-09-04T20:43:45","modified_gmt":"2026-09-04T17:43:45","slug":"ozgur-ozel-yeni-parti-turkiyenin-yeni-umududur2","status":"publish","type":"post","link":"https:\/\/corludahaber.com\/h\/ozgur-ozel-yeni-parti-turkiyenin-yeni-umududur2\/124250","title":{"rendered":"\u00d6zg\u00fcr \u00d6zel: Yeni Parti, T\u00fcrkiye&#8217;nin yeni umududur(2)"},"content":{"rendered":"<div class=\"corlu-icerikten-once_3\" id=\"corlu-452387998\"><script type='text\/javascript' src='https:\/\/platform-api.sharethis.com\/js\/sharethis.js#property=5ce8cf08af7d000012cb0ca1&product=inline-reaction-buttons' async='async'><\/script>\r\n\r\n<\/div><div readability=\"153\"><span class=\"category-name hidden\"><\/span><\/p><div class=\"corlu-icerik-2\" id=\"corlu-2637380396\"><!-- Admatic AUTO ads START -->\r\n<ins data-publisher=\"adm-pub-155556240050\" data-ad-network=\"659428a24d11b285b616c18d\"   class=\"adm-ads-area\"><\/ins>\r\n<script type=\"text\/javascript\" src=\"https:\/\/static.cdn.admatic.com.tr\/showad\/showad.min.js\"><\/script>\r\n<!-- Admatic AUTO ads END --><\/div>\n<p>TEK\u0130RDA\u011e&#8217;DA PART\u0130L\u0130LERLE B\u0130R ARAYA GELD\u0130<\/p>\n<p>Yeni Parti Genel Ba\u015fkan\u0131 \u00d6zg\u00fcr \u00d6zel, \u00c7orlu&#8217;nun ard\u0131ndan ge\u00e7ti\u011fi Tekirda\u011f il merkezinde H\u00fck\u00fcmet Caddesi&#8217;nde toplanan partililerle y\u00fcr\u00fcyerek Hasan Ali Y\u00fccel Meydan\u0131&#8217;na geldi. \u00d6zel burada, CHP&#8217;den istifa ederek bir s\u00fcre \u00f6nce Yeni Parti&#8217;ye kat\u0131lan Tekirda\u011f B\u00fcy\u00fck\u015fehir Belediye Ba\u015fkan\u0131 Candan Y\u00fcceer, \u00c7orlu Belediye Ba\u015fkan\u0131 Ahmet Sar\u0131kurt, \u015eark\u00f6y Belediye Ba\u015fkan\u0131 Alpay Var ve S\u00fcleymanpa\u015fa Belediye Ba\u015fkan\u0131 Volkan Nallar&#8217;a parti rozetini takt\u0131. \u00d6zel, 2024 y\u0131l\u0131ndaki Mahalli \u0130dareler Se\u00e7imleri&#8217;nde Trakya ve Tekirda\u011f&#8217;\u0131n arkas\u0131nda durdu\u011funu belirterek, &#8220;O b\u00fcy\u00fck ba\u015far\u0131y\u0131 hep beraber ger\u00e7ekle\u015ftirdik. Sonra dedik ki 4 ay, 5 ay sonra se\u00e7im var. Biraz \u00f6nce sa\u011f olsun benzetmi\u015fler rahmetli Karao\u011flan&#8217;a. Biz hayran\u0131y\u0131z, b\u00fcy\u00fc\u011f\u00fcm\u00fcz, haddimiz de\u011fil onunla kendimizi denk tutmak. Ama demi\u015ftim ki bundan sonra Ecevit gibi nas\u0131l 70&#8217;lerde girdi\u011fi ikisi yerel, ikisi genel d\u00f6rt se\u00e7imde de partisini birinci parti yapt\u0131ysa ben de yapaca\u011f\u0131m. Yapmazsam siyaseti b\u0131rakaca\u011f\u0131m. Be\u015f ay sonra se\u00e7imlere girdik. O se\u00e7imde 47 y\u0131ld\u0131r parti birinci parti olmam\u0131\u015f. AK Parti hayat\u0131nda yenilgiyle tan\u0131\u015fmam\u0131\u015f, \u00f6yle olunca herkes yine eskisi gibi bir sonu\u00e7 bekliyor. Bana da diyorlar ki; &#8216;S\u00f6z verdin ne olacak \u015fimdi? D\u00f6rt ayl\u0131k genel ba\u015fkan b\u0131rakacak m\u0131s\u0131n?&#8217; Hatta baz\u0131lar\u0131 diyor ki; &#8216;Parti tarihinin en k\u0131sa s\u00fcreli genel ba\u015fkan\u0131 olacak&#8217; diyordu. B\u00f6yle s\u00f6yl\u00fcyorlard\u0131. Ama ne oldu biliyor musunuz? O g\u00fcn ak\u015fam T\u00fcrkiye&#8217;nin y\u00fczde 65&#8217;ini, Ege&#8217;nin tamam\u0131n\u0131 ve 411 belediyeyi kazan\u0131p partiyi 47 y\u0131l sonra birinci yapt\u0131k, AK Parti&#8217;yi ilk yenilgisiyle tan\u0131\u015ft\u0131rd\u0131k. B\u00f6yle olunca baz\u0131lar\u0131n\u0131n hesaplar\u0131 bozuldu ve baz\u0131lar\u0131 da art\u0131k \u015funu anlad\u0131lar; bunlar kaybetmeye al\u0131\u015fm\u0131\u015f bildiklerimizden de\u011fil, bunlar kazanmaya niyetliler. \u0130lk girdi\u011fi se\u00e7imi kazand\u0131lar, gelecek se\u00e7imi kazan\u0131rlarsa T\u00fcrkiye&#8217;de iktidar\u0131 de\u011fi\u015ftirecekler. Vallahi do\u011fru bildiler, do\u011fru okudular. Bunu yapaca\u011f\u0131z, ilk se\u00e7imde iktidar\u0131 de\u011fi\u015ftirece\u011fiz&#8221; dedi. <\/p>\n<p>&#8216;Y\u00dcR\u00dcY\u00dc\u015e\u00dcM\u00dcZ\u00dc DURDURMAYA \u00c7ALI\u015eTILAR&#8217;<\/p>\n<p>Cumhuriyet Halk Partisi&#8217;nin, genel ba\u015fkanl\u0131\u011f\u0131 d\u00f6neminde Cumhuriyet tarihinin en b\u00fcy\u00fck sald\u0131r\u0131s\u0131yla kar\u015f\u0131 kar\u015f\u0131ya kald\u0131\u011f\u0131n\u0131 s\u00f6yleyen \u00d6zel, &#8220;\u0130\u015fte bu y\u00fczden, parti, Cumhuriyet tarihinin en b\u00fcy\u00fck sald\u0131r\u0131s\u0131yla kar\u015f\u0131 kar\u015f\u0131ya kald\u0131. Partiyi adays\u0131zla\u015ft\u0131rma, kurumsuzla\u015ft\u0131rma, lidersizle\u015ftirmeye giri\u015ftiler. Gen\u00e7lik kollar\u0131yla bizi yenemezlerdi. Kad\u0131n kollar\u0131yla yenemezlerdi. Ana kademeyle yapamazlard\u0131. Bunu hi\u00e7bir partide olmayan, yarg\u0131 kollar\u0131 eliyle, \u00f6nceden hakim olan, sonra bakan yard\u0131mc\u0131s\u0131 olan birini \u0130stanbul&#8217;a ba\u015fsavc\u0131 yap\u0131p, Esenyurt&#8217;tan ba\u015flay\u0131p 36 belediye ba\u015fkan\u0131m\u0131za T\u00fcrkiye \u00e7ap\u0131nda sald\u0131r\u0131p en nihayetinde Cumhurba\u015fkan\u0131 aday\u0131m\u0131z Ekrem \u0130mamo\u011flu ba\u015fta olmak \u00fczere, cezaevleriyle, zindanlarla, tutuklulukla ve baz\u0131 yerde say\u0131lar\u0131 yeterse belediye meclisini alarak, yetmeyen yerde envai\u00e7e\u015fit kumpaslar kurarak bu y\u00fcr\u00fcy\u00fc\u015f\u00fcm\u00fcz\u00fc durdurmaya \u00e7al\u0131\u015ft\u0131lar. Bana da devaml\u0131 mesaj verdiler; onlar\u0131 unut, geride b\u0131rak. Onu b\u0131rak, Ankara&#8217;ya gel, partinin ba\u015f\u0131nda otur. Daha gen\u00e7sin, 30 y\u0131l partinin ba\u015f\u0131ndas\u0131n. \u0130\u00e7eriye, d\u0131\u015far\u0131ya, a\u00e7\u0131kta, gizlide haber yollayan herkese dedim ki; 30 y\u0131l partinin ba\u015f\u0131nda muhalefette duraca\u011f\u0131ma, 30 dakika haysiyetimle iktidar olurum yine de\u011fi\u015fmem&#8221; diye konu\u015ftu. <\/p>\n<p>&#8216;DO\u011eRU TARAFTAYIZ, M\u0130LLET\u0130N TARAFINDAYIZ&#8217;<\/p>\n<p>Tarihin, do\u011fru tarafta duranlar\u0131 unutmayaca\u011f\u0131n\u0131 dile getiren \u00d6zel, \u015funlar\u0131 s\u00f6yledi: <\/p>\n<p>&#8220;\u015eunu unutmay\u0131n, ben unutmayaca\u011f\u0131m, siz unutmay\u0131n, tarih unutmayacak. Tarih, tarihin do\u011fru taraf\u0131nda yer alanlar\u0131 da unutmayacak, AK Parti&#8217;nin kumpas\u0131na alet olanlar\u0131 da. Onun i\u00e7in merakl\u0131s\u0131na s\u00f6yl\u00fcyorum, Tekirda\u011f&#8217;day\u0131m, sokaktay\u0131m, millet i\u00e7indeyim. Ben Tekirda\u011fl\u0131lar\u0131n g\u00f6zlerinin i\u00e7ine baka baka \u015funu s\u00f6yl\u00fcyorum; biz do\u011fru taraftay\u0131z, milletin taraf\u0131nday\u0131z, AK Parti&#8217;nin kar\u015f\u0131s\u0131nday\u0131z. Siz neredesiniz? \u0130\u015fte buradan b\u00fcy\u00fck bir \u00f6zg\u00fcvenle \u015funu s\u00f6yl\u00fcyorum; u\u011frad\u0131\u011f\u0131m\u0131z b\u00fcy\u00fck k\u00f6t\u00fcl\u00fckten sonra ne yapaca\u011f\u0131m\u0131z\u0131 biliyorduk. \u00d6nce savunduk, direndik, m\u00fccadele ettik. Devletimizin polisini kulland\u0131lar. Zor kulland\u0131lar, g\u00fc\u00e7 kulland\u0131lar, iktidarla birileri i\u015f birli\u011fi yapt\u0131lar, bizi binalar\u0131m\u0131zdan att\u0131lar, ara\u00e7lar\u0131m\u0131z\u0131 ald\u0131lar, bizi ya\u011fmurun, dolunun alt\u0131nda bir ba\u015f\u0131m\u0131za, biz bize b\u0131rakt\u0131lar. Ama teslim olmad\u0131k, teslim olmayaca\u011f\u0131z. Size sordu\u011fum yolu, y\u00f6n\u00fc, rotay\u0131 dediniz ki; &#8216;Yol bu yoldur. Ya bir yol a\u00e7acaks\u0131n, ya burada bir yol bulacaks\u0131n. Ya yeni bir yol a\u00e7acaks\u0131n, biz de seninle y\u00fcr\u00fcyece\u011fiz. Y\u00f6n, Gazi&#8217;nin g\u00f6sterdi\u011fi y\u00f6nd\u00fcr. Atat\u00fcrk&#8217;\u00fcn istikametinden \u015fa\u015fmayacaks\u0131n, iktidara varacaks\u0131n.&#8217; &#8220;<\/p>\n<p>&#8216;SAKIN HA G\u00d6NL\u00dcN\u00dcZDE BU \u00dcLKEY\u0130 B\u0130T\u0130RMEY\u0130N&#8217;<\/p>\n<p>Yeni Parti&#8217;nin se\u00e7imlerde iktidar olaca\u011f\u0131n\u0131 dile getiren \u00d6zel, \u015f\u00f6yle devam etti:<\/p>\n<p>&#8220;Anadolu&#8217;yu, Trakya&#8217;y\u0131 kar\u0131\u015f kar\u0131\u015f gezece\u011fiz. Se\u00e7im gelip de o sand\u0131k a\u00e7\u0131lana kadar, d\u00fcnya siyasi tarihinin en b\u00fcy\u00fck m\u00fccadelesini verip iktidar olaca\u011f\u0131z. Buradan b\u00fct\u00fcn gen\u00e7lere de s\u00f6z\u00fcm olsun. Diyorlar ya; &#8216;Beka sorunu.&#8217; Bir \u00fclkenin beka sorunu, b\u00fcy\u00fck \u00fclkelerin bir \u00fclkede hayal kurmas\u0131 de\u011fildir. O hayali kuranlara Mustafa Kemal ne cevab\u0131 verdiyse o cevab\u0131 veririz. Netanyahu&#8217;ya da, kim kar\u015f\u0131m\u0131zda \u00e7\u0131karsa ona da ama en b\u00fcy\u00fck sorun, en b\u00fcy\u00fck beka sorunu, \u00fclkenin gen\u00e7lerinin d\u00fcnyan\u0131n \u00f6b\u00fcr \u00fclkelerinde hayal kurmas\u0131d\u0131r. D\u00f6rt gen\u00e7ten \u00fc\u00e7\u00fcn\u00fcn; &#8216;F\u0131rsat\u0131n\u0131 bulursam ka\u00e7aca\u011f\u0131m, bir daha d\u00f6nmeyece\u011fim&#8217; dedi\u011fi yerde annelerin, babalar\u0131n tasas\u0131n\u0131 biliyor, endi\u015fesini duyuyor, \u00fcz\u00fcnt\u00fclerine i\u015ftirak ediyorum. T\u00fcm gen\u00e7lere diyorum ki elbette biz bu iktidar\u0131 de\u011fi\u015ftirece\u011fiz. S\u00f6z\u00fcn\u00fc verdik, veriyoruz. 76 \u00fclkeden 87 partiye imzas\u0131n\u0131 dahi att\u0131rd\u0131k. \u0130ktidar\u0131m\u0131zda kararl\u0131l\u0131kla Avrupa Birli\u011fi&#8217;ne de tam \u00fcye olaca\u011f\u0131z. Gen\u00e7lere \u015funu s\u00f6yl\u00fcyorum; sak\u0131n ha sak\u0131n valizleri kafada toplamay\u0131n. Sak\u0131n ha sak\u0131n bu \u00fclkeyi g\u00f6nl\u00fcn\u00fczde bitirmeyin. \u0130stedi\u011finizde gidece\u011finiz, ko\u015fa ko\u015fa geri gelece\u011finiz yasaks\u0131z bir T\u00fcrkiye&#8217;yi, vizesiz bir Avrupa&#8217;y\u0131 size m\u00fcjdeliyorum. Okumaya gidecekler, g\u00f6n\u00fcllerince gezmeye gidecekler, konsere gidecekler ama ant olsun ki yoksulluktan, umutsuzluktan gitmeyecekler, Atat\u00fcrk&#8217;\u00fcn dedi\u011fi gibi onlar birer k\u0131v\u0131lc\u0131m, Cumhuriyet ate\u015fi olarak d\u00f6necekler.&#8221; \u00d6zel, caddedeki konu\u015fmas\u0131n\u0131n ard\u0131ndan kentten ayr\u0131ld\u0131.(Haber Merkezi)<\/p>\n<p>  &#8211; &#8211; \/TEK\u0130RDA\u011e, (Haber Merkezi)<\/p>\n<\/div>\n<div class=\"corlu-icerikten-sonra_3\" id=\"corlu-1292924303\"><p><img loading=\"lazy\" decoding=\"async\" class=\"aligncenter\" src=\"https:\/\/www.corludahaber.com\/bahcesehir.jpg\" alt=\"\" width=\"624\" height=\"196\" \/><\/p>\n<table style=\"text-align: left; width: 100%;\" border=\"1\" cellspacing=\"2\" cellpadding=\"2\">\n<tbody>\n<tr>\n<td style=\"background-color: #050805;\"><span style=\"font-size: 12pt;\"><small><small><em><strong><big><span style=\"color: #ff0000;\">Haber ve resimlerin telif haklar\u0131ndan dolay\u0131 kullan\u0131m\u0131 yasakt\u0131r<span style=\"color: #000000;\">.<\/span><\/span><span style=\"color: #000000;\">\u00a0<\/span><span style=\"color: #ffffff;\">Yaz\u0131l\u0131 izni al\u0131nmadan hi\u00e7bir yaz\u0131l\u0131, g\u00f6rsel, i\u015fitsel i\u00e7erik kopyalanamaz, de\u011fi\u015ftirilemez, yay\u0131nlanamaz veya sat\u0131lamaz. Aksi halde<\/span>\u00a0<span style=\"color: #ff0000;\">5846<span style=\"color: #ffffff;\">\u00a0<\/span><\/span><span style=\"color: #ffffff;\">say\u0131l\u0131 Fikir ve Sanat Eserleri Kanunu\u2019na ve<\/span>\u00a0<span style=\"color: #800000;\"><span style=\"color: #ff0000;\">6102<\/span><span style=\"color: #ffffff;\">\u00a0<\/span><\/span><span style=\"color: #ffffff;\">say\u0131l\u0131 maddesine g\u00f6re<\/span>\u00a0<span style=\"color: #ff0000;\">gerekli i\u015flemler uygulanacakt\u0131r.<\/span><br \/>\n<span style=\"color: #ffffff;\">\u00a9 Copyright 2014<\/span><\/big><\/strong><\/em><\/small><\/small><\/span><\/td>\n<\/tr>\n<\/tbody>\n<\/table>\n<p><small><small>\u00a0<\/small><\/small><\/p>\n<\/div>","protected":false},"excerpt":{"rendered":"<p>TEK\u0130RDA\u011e&#8217;DA PART\u0130L\u0130LERLE B\u0130R ARAYA GELD\u0130 Yeni Parti Genel Ba\u015fkan\u0131 \u00d6zg\u00fcr \u00d6zel, \u00c7orlu&#8217;nun ard\u0131ndan ge\u00e7ti\u011fi Tekirda\u011f il merkezinde H\u00fck\u00fcmet Caddesi&#8217;nde toplanan partililerle y\u00fcr\u00fcyerek Hasan Ali Y\u00fccel Meydan\u0131&#8217;na geldi. \u00d6zel burada, CHP&#8217;den istifa ederek bir s\u00fcre \u00f6nce Yeni Parti&#8217;ye kat\u0131lan Tekirda\u011f B\u00fcy\u00fck\u015fehir Belediye Ba\u015fkan\u0131 Candan Y\u00fcceer, \u00c7orlu Belediye Ba\u015fkan\u0131 Ahmet Sar\u0131kurt, \u015eark\u00f6y Belediye Ba\u015fkan\u0131 Alpay Var ve &hellip;<\/p>\n","protected":false},"author":151,"featured_media":124251,"comment_status":"open","ping_status":"closed","sticky":false,"template":"","format":"standard","meta":{"footnotes":""},"categories":[27],"tags":[8025,9376,15478,954,1672,36707,491,3661,89,36702],"class_list":["post-124250","post","type-post","status-publish","format-standard","has-post-thumbnail","hentry","category-yasam","tag-asayis","tag-corlu-kaza","tag-corlu-son-dakika-kaza","tag-ozel","tag-ozgur","tag-ozgur-ozel-yeni-parti-turkiyenin-yeni-umududur2","tag-parti","tag-son-dakika-kaza","tag-turkiye","tag-umududur"],"yoast_head":"<!-- This site is optimized with the Yoast SEO Premium plugin v23.3 (Yoast SEO v23.3) - https:\/\/yoast.com\/wordpress\/plugins\/seo\/ -->\n<title>\u00d6zg\u00fcr \u00d6zel: Yeni Parti, T\u00fcrkiye&#039;nin yeni umududur(2) | \u00c7orlu&#039;da Haber<\/title>\n<meta name=\"description\" content=\"\u00d6zg\u00fcr \u00d6zel: Yeni Parti, T\u00fcrkiye&#039;nin yeni umududur(2) | \u00c7orlu&#039;da Haber\" \/>\n<meta name=\"robots\" content=\"index, follow, max-snippet:-1, max-image-preview:large, max-video-preview:-1\" \/>\n<link rel=\"canonical\" href=\"https:\/\/corludahaber.com\/h\/ozgur-ozel-yeni-parti-turkiyenin-yeni-umududur2\/124250\" \/>\n<meta property=\"og:locale\" content=\"tr_TR\" \/>\n<meta property=\"og:type\" content=\"article\" \/>\n<meta property=\"og:title\" content=\"\u00d6zg\u00fcr \u00d6zel: Yeni Parti, T\u00fcrkiye&#039;nin yeni umududur(2) | \u00c7orlu&#039;da Haber\" \/>\n<meta property=\"og:description\" content=\"\u00d6zg\u00fcr \u00d6zel: Yeni Parti, T\u00fcrkiye&#039;nin yeni umududur(2) | \u00c7orlu&#039;da Haber\" \/>\n<meta property=\"og:url\" content=\"https:\/\/corludahaber.com\/h\/ozgur-ozel-yeni-parti-turkiyenin-yeni-umududur2\/124250\" \/>\n<meta property=\"og:site_name\" content=\"\u00c7orlu&#039;da Haber\" \/>\n<meta property=\"article:publisher\" content=\"https:\/\/facebook.com\/habercorluda\" \/>\n<meta property=\"article:published_time\" content=\"2026-09-04T17:43:37+00:00\" \/>\n<meta property=\"article:modified_time\" content=\"2026-09-04T17:43:45+00:00\" \/>\n<meta property=\"og:image\" content=\"http:\/\/corludahaber.com\/h\/wp-content\/uploads\/2026\/09\/ozgur-ozel-yeni-parti-turkiyenin-yeni-umududur2_6a9b034cd5340.jpeg\" \/>\n\t<meta property=\"og:image:width\" content=\"2390\" \/>\n\t<meta property=\"og:image:height\" content=\"1589\" \/>\n\t<meta property=\"og:image:type\" content=\"image\/jpeg\" \/>\n<meta name=\"author\" content=\"\u00c7orlu&#039;da Haber\" \/>\n<meta name=\"twitter:card\" content=\"summary_large_image\" \/>\n<meta name=\"twitter:creator\" content=\"@habercorluda\" \/>\n<meta name=\"twitter:site\" content=\"@habercorluda\" \/>\n<meta name=\"twitter:label1\" content=\"Yazan:\" \/>\n\t<meta name=\"twitter:data1\" content=\"\u00c7orlu&#039;da Haber\" \/>\n\t<meta name=\"twitter:label2\" content=\"Tahmini okuma s\u00fcresi\" \/>\n\t<meta name=\"twitter:data2\" content=\"6 dakika\" \/>\n<script type=\"application\/ld+json\" class=\"yoast-schema-graph\">{\"@context\":\"https:\/\/schema.org\",\"@graph\":[{\"@type\":\"Article\",\"@id\":\"https:\/\/corludahaber.com\/h\/ozgur-ozel-yeni-parti-turkiyenin-yeni-umududur2\/124250#article\",\"isPartOf\":{\"@id\":\"https:\/\/corludahaber.com\/h\/ozgur-ozel-yeni-parti-turkiyenin-yeni-umududur2\/124250\"},\"author\":{\"name\":\"\u00c7orlu'da Haber\",\"@id\":\"https:\/\/corludahaber.com\/h\/#\/schema\/person\/b523522be44b062db5d74a62589768cd\"},\"headline\":\"\u00d6zg\u00fcr \u00d6zel: Yeni Parti, T\u00fcrkiye&#8217;nin yeni umududur(2)\",\"datePublished\":\"2026-09-04T17:43:37+00:00\",\"dateModified\":\"2026-09-04T17:43:45+00:00\",\"mainEntityOfPage\":{\"@id\":\"https:\/\/corludahaber.com\/h\/ozgur-ozel-yeni-parti-turkiyenin-yeni-umududur2\/124250\"},\"wordCount\":1172,\"commentCount\":0,\"publisher\":{\"@id\":\"https:\/\/corludahaber.com\/h\/#organization\"},\"image\":{\"@id\":\"https:\/\/corludahaber.com\/h\/ozgur-ozel-yeni-parti-turkiyenin-yeni-umududur2\/124250#primaryimage\"},\"thumbnailUrl\":\"https:\/\/corludahaber.com\/h\/wp-content\/uploads\/2026\/09\/ozgur-ozel-yeni-parti-turkiyenin-yeni-umududur2_6a9b034cd5340.jpeg\",\"keywords\":[\"asayi\u015f\",\"\u00c7orlu kaza\",\"\u00c7orlu son dakika kaza\",\"\u00d6zel\",\"\u00d6zg\u00fcr\",\"\u00d6zg\u00fcr \u00d6zel: Yeni Parti, T\u00fcrkiye'nin yeni umududur(2)\",\"Parti\",\"son dakika kaza\",\"T\u00fcrkiye\",\"umududur\"],\"articleSection\":[\"Ya\u015fam\"],\"inLanguage\":\"tr\",\"potentialAction\":[{\"@type\":\"CommentAction\",\"name\":\"Comment\",\"target\":[\"https:\/\/corludahaber.com\/h\/ozgur-ozel-yeni-parti-turkiyenin-yeni-umududur2\/124250#respond\"]}]},{\"@type\":\"WebPage\",\"@id\":\"https:\/\/corludahaber.com\/h\/ozgur-ozel-yeni-parti-turkiyenin-yeni-umududur2\/124250\",\"url\":\"https:\/\/corludahaber.com\/h\/ozgur-ozel-yeni-parti-turkiyenin-yeni-umududur2\/124250\",\"name\":\"\u00d6zg\u00fcr \u00d6zel: Yeni Parti, T\u00fcrkiye'nin yeni umududur(2) | \u00c7orlu&#039;da Haber\",\"isPartOf\":{\"@id\":\"https:\/\/corludahaber.com\/h\/#website\"},\"primaryImageOfPage\":{\"@id\":\"https:\/\/corludahaber.com\/h\/ozgur-ozel-yeni-parti-turkiyenin-yeni-umududur2\/124250#primaryimage\"},\"image\":{\"@id\":\"https:\/\/corludahaber.com\/h\/ozgur-ozel-yeni-parti-turkiyenin-yeni-umududur2\/124250#primaryimage\"},\"thumbnailUrl\":\"https:\/\/corludahaber.com\/h\/wp-content\/uploads\/2026\/09\/ozgur-ozel-yeni-parti-turkiyenin-yeni-umududur2_6a9b034cd5340.jpeg\",\"datePublished\":\"2026-09-04T17:43:37+00:00\",\"dateModified\":\"2026-09-04T17:43:45+00:00\",\"description\":\"\u00d6zg\u00fcr \u00d6zel: Yeni Parti, T\u00fcrkiye'nin yeni umududur(2) | \u00c7orlu&#039;da Haber\",\"breadcrumb\":{\"@id\":\"https:\/\/corludahaber.com\/h\/ozgur-ozel-yeni-parti-turkiyenin-yeni-umududur2\/124250#breadcrumb\"},\"inLanguage\":\"tr\",\"potentialAction\":[{\"@type\":\"ReadAction\",\"target\":[\"https:\/\/corludahaber.com\/h\/ozgur-ozel-yeni-parti-turkiyenin-yeni-umududur2\/124250\"]}]},{\"@type\":\"ImageObject\",\"inLanguage\":\"tr\",\"@id\":\"https:\/\/corludahaber.com\/h\/ozgur-ozel-yeni-parti-turkiyenin-yeni-umududur2\/124250#primaryimage\",\"url\":\"https:\/\/corludahaber.com\/h\/wp-content\/uploads\/2026\/09\/ozgur-ozel-yeni-parti-turkiyenin-yeni-umududur2_6a9b034cd5340.jpeg\",\"contentUrl\":\"https:\/\/corludahaber.com\/h\/wp-content\/uploads\/2026\/09\/ozgur-ozel-yeni-parti-turkiyenin-yeni-umududur2_6a9b034cd5340.jpeg\",\"width\":2390,\"height\":1589},{\"@type\":\"BreadcrumbList\",\"@id\":\"https:\/\/corludahaber.com\/h\/ozgur-ozel-yeni-parti-turkiyenin-yeni-umududur2\/124250#breadcrumb\",\"itemListElement\":[{\"@type\":\"ListItem\",\"position\":1,\"name\":\"Anasayfa\",\"item\":\"https:\/\/corludahaber.com\/h\/anasayfa\"},{\"@type\":\"ListItem\",\"position\":2,\"name\":\"Ya\u015fam\",\"item\":\"https:\/\/corludahaber.com\/h\/kategori\/yasam\"},{\"@type\":\"ListItem\",\"position\":3,\"name\":\"\u00d6zg\u00fcr \u00d6zel: Yeni Parti, T\u00fcrkiye&#8217;nin yeni umududur(2)\"}]},{\"@type\":\"WebSite\",\"@id\":\"https:\/\/corludahaber.com\/h\/#website\",\"url\":\"https:\/\/corludahaber.com\/h\/\",\"name\":\"\u00c7orlu'da Haber\",\"description\":\"Ger\u00e7ek Tarafs\u0131z Haber\",\"publisher\":{\"@id\":\"https:\/\/corludahaber.com\/h\/#organization\"},\"potentialAction\":[{\"@type\":\"SearchAction\",\"target\":{\"@type\":\"EntryPoint\",\"urlTemplate\":\"https:\/\/corludahaber.com\/h\/?s={search_term_string}\"},\"query-input\":\"required name=search_term_string\"}],\"inLanguage\":\"tr\"},{\"@type\":\"Organization\",\"@id\":\"https:\/\/corludahaber.com\/h\/#organization\",\"name\":\"\u00c7orlu'da Haber\",\"url\":\"https:\/\/corludahaber.com\/h\/\",\"logo\":{\"@type\":\"ImageObject\",\"inLanguage\":\"tr\",\"@id\":\"https:\/\/corludahaber.com\/h\/#\/schema\/logo\/image\/\",\"url\":\"https:\/\/corludahaber.com\/h\/wp-content\/uploads\/2021\/12\/logo__9__1_-removebg-preview.png\",\"contentUrl\":\"https:\/\/corludahaber.com\/h\/wp-content\/uploads\/2021\/12\/logo__9__1_-removebg-preview.png\",\"width\":500,\"height\":157,\"caption\":\"\u00c7orlu'da Haber\"},\"image\":{\"@id\":\"https:\/\/corludahaber.com\/h\/#\/schema\/logo\/image\/\"},\"sameAs\":[\"https:\/\/facebook.com\/habercorluda\",\"https:\/\/x.com\/habercorluda\",\"https:\/\/www.instagram.com\/corludahaber\",\"https:\/\/www.youtube.com\/user\/corludahaber\"]},{\"@type\":\"Person\",\"@id\":\"https:\/\/corludahaber.com\/h\/#\/schema\/person\/b523522be44b062db5d74a62589768cd\",\"name\":\"\u00c7orlu'da Haber\",\"image\":{\"@type\":\"ImageObject\",\"inLanguage\":\"tr\",\"@id\":\"https:\/\/corludahaber.com\/h\/#\/schema\/person\/image\/\",\"url\":\"https:\/\/secure.gravatar.com\/avatar\/1033e54e078c29fd7f053370086ff627ba414b05c2b231c418a481adecd764ce?s=96&d=blank&r=g\",\"contentUrl\":\"https:\/\/secure.gravatar.com\/avatar\/1033e54e078c29fd7f053370086ff627ba414b05c2b231c418a481adecd764ce?s=96&d=blank&r=g\",\"caption\":\"\u00c7orlu'da Haber\"},\"sameAs\":[\"https:\/\/corludahaber.com\/h\"],\"url\":\"https:\/\/corludahaber.com\/h\/author\/admin\"}]}<\/script>\n<!-- \/ Yoast SEO Premium plugin. -->","yoast_head_json":{"title":"\u00d6zg\u00fcr \u00d6zel: Yeni Parti, T\u00fcrkiye'nin yeni umududur(2) | \u00c7orlu&#039;da Haber","description":"\u00d6zg\u00fcr \u00d6zel: Yeni Parti, T\u00fcrkiye'nin yeni umududur(2) | \u00c7orlu&#039;da Haber","robots":{"index":"index","follow":"follow","max-snippet":"max-snippet:-1","max-image-preview":"max-image-preview:large","max-video-preview":"max-video-preview:-1"},"canonical":"https:\/\/corludahaber.com\/h\/ozgur-ozel-yeni-parti-turkiyenin-yeni-umududur2\/124250","og_locale":"tr_TR","og_type":"article","og_title":"\u00d6zg\u00fcr \u00d6zel: Yeni Parti, T\u00fcrkiye'nin yeni umududur(2) | \u00c7orlu&#039;da Haber","og_description":"\u00d6zg\u00fcr \u00d6zel: Yeni Parti, T\u00fcrkiye'nin yeni umududur(2) | \u00c7orlu&#039;da Haber","og_url":"https:\/\/corludahaber.com\/h\/ozgur-ozel-yeni-parti-turkiyenin-yeni-umududur2\/124250","og_site_name":"\u00c7orlu&#039;da Haber","article_publisher":"https:\/\/facebook.com\/habercorluda","article_published_time":"2026-09-04T17:43:37+00:00","article_modified_time":"2026-09-04T17:43:45+00:00","og_image":[{"width":2390,"height":1589,"url":"http:\/\/corludahaber.com\/h\/wp-content\/uploads\/2026\/09\/ozgur-ozel-yeni-parti-turkiyenin-yeni-umududur2_6a9b034cd5340.jpeg","type":"image\/jpeg"}],"author":"\u00c7orlu'da Haber","twitter_card":"summary_large_image","twitter_creator":"@habercorluda","twitter_site":"@habercorluda","twitter_misc":{"Yazan:":"\u00c7orlu'da Haber","Tahmini okuma s\u00fcresi":"6 dakika"},"schema":{"@context":"https:\/\/schema.org","@graph":[{"@type":"Article","@id":"https:\/\/corludahaber.com\/h\/ozgur-ozel-yeni-parti-turkiyenin-yeni-umududur2\/124250#article","isPartOf":{"@id":"https:\/\/corludahaber.com\/h\/ozgur-ozel-yeni-parti-turkiyenin-yeni-umududur2\/124250"},"author":{"name":"\u00c7orlu'da Haber","@id":"https:\/\/corludahaber.com\/h\/#\/schema\/person\/b523522be44b062db5d74a62589768cd"},"headline":"\u00d6zg\u00fcr \u00d6zel: Yeni Parti, T\u00fcrkiye&#8217;nin yeni umududur(2)","datePublished":"2026-09-04T17:43:37+00:00","dateModified":"2026-09-04T17:43:45+00:00","mainEntityOfPage":{"@id":"https:\/\/corludahaber.com\/h\/ozgur-ozel-yeni-parti-turkiyenin-yeni-umududur2\/124250"},"wordCount":1172,"commentCount":0,"publisher":{"@id":"https:\/\/corludahaber.com\/h\/#organization"},"image":{"@id":"https:\/\/corludahaber.com\/h\/ozgur-ozel-yeni-parti-turkiyenin-yeni-umududur2\/124250#primaryimage"},"thumbnailUrl":"https:\/\/corludahaber.com\/h\/wp-content\/uploads\/2026\/09\/ozgur-ozel-yeni-parti-turkiyenin-yeni-umududur2_6a9b034cd5340.jpeg","keywords":["asayi\u015f","\u00c7orlu kaza","\u00c7orlu son dakika kaza","\u00d6zel","\u00d6zg\u00fcr","\u00d6zg\u00fcr \u00d6zel: Yeni Parti, T\u00fcrkiye'nin yeni umududur(2)","Parti","son dakika kaza","T\u00fcrkiye","umududur"],"articleSection":["Ya\u015fam"],"inLanguage":"tr","potentialAction":[{"@type":"CommentAction","name":"Comment","target":["https:\/\/corludahaber.com\/h\/ozgur-ozel-yeni-parti-turkiyenin-yeni-umududur2\/124250#respond"]}]},{"@type":"WebPage","@id":"https:\/\/corludahaber.com\/h\/ozgur-ozel-yeni-parti-turkiyenin-yeni-umududur2\/124250","url":"https:\/\/corludahaber.com\/h\/ozgur-ozel-yeni-parti-turkiyenin-yeni-umududur2\/124250","name":"\u00d6zg\u00fcr \u00d6zel: Yeni Parti, T\u00fcrkiye'nin yeni umududur(2) | \u00c7orlu&#039;da Haber","isPartOf":{"@id":"https:\/\/corludahaber.com\/h\/#website"},"primaryImageOfPage":{"@id":"https:\/\/corludahaber.com\/h\/ozgur-ozel-yeni-parti-turkiyenin-yeni-umududur2\/124250#primaryimage"},"image":{"@id":"https:\/\/corludahaber.com\/h\/ozgur-ozel-yeni-parti-turkiyenin-yeni-umududur2\/124250#primaryimage"},"thumbnailUrl":"https:\/\/corludahaber.com\/h\/wp-content\/uploads\/2026\/09\/ozgur-ozel-yeni-parti-turkiyenin-yeni-umududur2_6a9b034cd5340.jpeg","datePublished":"2026-09-04T17:43:37+00:00","dateModified":"2026-09-04T17:43:45+00:00","description":"\u00d6zg\u00fcr \u00d6zel: Yeni Parti, T\u00fcrkiye'nin yeni umududur(2) | \u00c7orlu&#039;da Haber","breadcrumb":{"@id":"https:\/\/corludahaber.com\/h\/ozgur-ozel-yeni-parti-turkiyenin-yeni-umududur2\/124250#breadcrumb"},"inLanguage":"tr","potentialAction":[{"@type":"ReadAction","target":["https:\/\/corludahaber.com\/h\/ozgur-ozel-yeni-parti-turkiyenin-yeni-umududur2\/124250"]}]},{"@type":"ImageObject","inLanguage":"tr","@id":"https:\/\/corludahaber.com\/h\/ozgur-ozel-yeni-parti-turkiyenin-yeni-umududur2\/124250#primaryimage","url":"https:\/\/corludahaber.com\/h\/wp-content\/uploads\/2026\/09\/ozgur-ozel-yeni-parti-turkiyenin-yeni-umududur2_6a9b034cd5340.jpeg","contentUrl":"https:\/\/corludahaber.com\/h\/wp-content\/uploads\/2026\/09\/ozgur-ozel-yeni-parti-turkiyenin-yeni-umududur2_6a9b034cd5340.jpeg","width":2390,"height":1589},{"@type":"BreadcrumbList","@id":"https:\/\/corludahaber.com\/h\/ozgur-ozel-yeni-parti-turkiyenin-yeni-umududur2\/124250#breadcrumb","itemListElement":[{"@type":"ListItem","position":1,"name":"Anasayfa","item":"https:\/\/corludahaber.com\/h\/anasayfa"},{"@type":"ListItem","position":2,"name":"Ya\u015fam","item":"https:\/\/corludahaber.com\/h\/kategori\/yasam"},{"@type":"ListItem","position":3,"name":"\u00d6zg\u00fcr \u00d6zel: Yeni Parti, T\u00fcrkiye&#8217;nin yeni umududur(2)"}]},{"@type":"WebSite","@id":"https:\/\/corludahaber.com\/h\/#website","url":"https:\/\/corludahaber.com\/h\/","name":"\u00c7orlu'da Haber","description":"Ger\u00e7ek Tarafs\u0131z Haber","publisher":{"@id":"https:\/\/corludahaber.com\/h\/#organization"},"potentialAction":[{"@type":"SearchAction","target":{"@type":"EntryPoint","urlTemplate":"https:\/\/corludahaber.com\/h\/?s={search_term_string}"},"query-input":"required name=search_term_string"}],"inLanguage":"tr"},{"@type":"Organization","@id":"https:\/\/corludahaber.com\/h\/#organization","name":"\u00c7orlu'da Haber","url":"https:\/\/corludahaber.com\/h\/","logo":{"@type":"ImageObject","inLanguage":"tr","@id":"https:\/\/corludahaber.com\/h\/#\/schema\/logo\/image\/","url":"https:\/\/corludahaber.com\/h\/wp-content\/uploads\/2021\/12\/logo__9__1_-removebg-preview.png","contentUrl":"https:\/\/corludahaber.com\/h\/wp-content\/uploads\/2021\/12\/logo__9__1_-removebg-preview.png","width":500,"height":157,"caption":"\u00c7orlu'da Haber"},"image":{"@id":"https:\/\/corludahaber.com\/h\/#\/schema\/logo\/image\/"},"sameAs":["https:\/\/facebook.com\/habercorluda","https:\/\/x.com\/habercorluda","https:\/\/www.instagram.com\/corludahaber","https:\/\/www.youtube.com\/user\/corludahaber"]},{"@type":"Person","@id":"https:\/\/corludahaber.com\/h\/#\/schema\/person\/b523522be44b062db5d74a62589768cd","name":"\u00c7orlu'da Haber","image":{"@type":"ImageObject","inLanguage":"tr","@id":"https:\/\/corludahaber.com\/h\/#\/schema\/person\/image\/","url":"https:\/\/secure.gravatar.com\/avatar\/1033e54e078c29fd7f053370086ff627ba414b05c2b231c418a481adecd764ce?s=96&d=blank&r=g","contentUrl":"https:\/\/secure.gravatar.com\/avatar\/1033e54e078c29fd7f053370086ff627ba414b05c2b231c418a481adecd764ce?s=96&d=blank&r=g","caption":"\u00c7orlu'da Haber"},"sameAs":["https:\/\/corludahaber.com\/h"],"url":"https:\/\/corludahaber.com\/h\/author\/admin"}]}},"_links":{"self":[{"href":"https:\/\/corludahaber.com\/h\/wp-json\/wp\/v2\/posts\/124250","targetHints":{"allow":["GET"]}}],"collection":[{"href":"https:\/\/corludahaber.com\/h\/wp-json\/wp\/v2\/posts"}],"about":[{"href":"https:\/\/corludahaber.com\/h\/wp-json\/wp\/v2\/types\/post"}],"author":[{"embeddable":true,"href":"https:\/\/corludahaber.com\/h\/wp-json\/wp\/v2\/users\/151"}],"replies":[{"embeddable":true,"href":"https:\/\/corludahaber.com\/h\/wp-json\/wp\/v2\/comments?post=124250"}],"version-history":[{"count":1,"href":"https:\/\/corludahaber.com\/h\/wp-json\/wp\/v2\/posts\/124250\/revisions"}],"predecessor-version":[{"id":124252,"href":"https:\/\/corludahaber.com\/h\/wp-json\/wp\/v2\/posts\/124250\/revisions\/124252"}],"wp:featuredmedia":[{"embeddable":true,"href":"https:\/\/corludahaber.com\/h\/wp-json\/wp\/v2\/media\/124251"}],"wp:attachment":[{"href":"https:\/\/corludahaber.com\/h\/wp-json\/wp\/v2\/media?parent=124250"}],"wp:term":[{"taxonomy":"category","embeddable":true,"href":"https:\/\/corludahaber.com\/h\/wp-json\/wp\/v2\/categories?post=124250"},{"taxonomy":"post_tag","embeddable":true,"href":"https:\/\/corludahaber.com\/h\/wp-json\/wp\/v2\/tags?post=124250"}],"curies":[{"name":"wp","href":"https:\/\/api.w.org\/{rel}","templated":true}]}}