{"id":124238,"date":"2026-09-04T16:42:23","date_gmt":"2026-09-04T13:42:23","guid":{"rendered":"https:\/\/corludahaber.com\/h\/ozgur-ozel-yeni-parti-turkiyenin-yeni-umududur\/124238"},"modified":"2026-09-04T16:42:42","modified_gmt":"2026-09-04T13:42:42","slug":"ozgur-ozel-yeni-parti-turkiyenin-yeni-umududur","status":"publish","type":"post","link":"https:\/\/corludahaber.com\/h\/ozgur-ozel-yeni-parti-turkiyenin-yeni-umududur\/124238","title":{"rendered":"\u00d6zg\u00fcr \u00d6zel: Yeni Parti, T\u00fcrkiye&#8217;nin yeni umududur"},"content":{"rendered":"<div class=\"corlu-icerikten-once_3\" id=\"corlu-458139356\"><script type='text\/javascript' src='https:\/\/platform-api.sharethis.com\/js\/sharethis.js#property=5ce8cf08af7d000012cb0ca1&product=inline-reaction-buttons' async='async'><\/script>\r\n\r\n<\/div><div readability=\"133\"><span class=\"category-name hidden\"><\/span><\/p><div class=\"corlu-icerik-2\" id=\"corlu-2454182434\"><!-- Admatic AUTO ads START -->\r\n<ins data-publisher=\"adm-pub-155556240050\" data-ad-network=\"659428a24d11b285b616c18d\"   class=\"adm-ads-area\"><\/ins>\r\n<script type=\"text\/javascript\" src=\"https:\/\/static.cdn.admatic.com.tr\/showad\/showad.min.js\"><\/script>\r\n<!-- Admatic AUTO ads END --><\/div>\n<p>  &#8211; &#8211; \/TEK\u0130RDA\u011e, (Haber Merkezi)- YEN\u0130 Parti Genel Ba\u015fkan\u0131 \u00d6zg\u00fcr \u00d6zel, &#8220;Yeni Parti, T\u00fcrkiye&#8217;nin yeni umududur. T\u00fcrkiye&#8217;nin adalet umududur, kalk\u0131nma umududur, yeniden yoksulluktan kurtulma, hep birlikte \u00fcretme, hep birlikte kazanma ve hatta adaletle b\u00f6l\u00fc\u015fme umudu\u201d dedi. <\/p>\n<p>Yeni Parti Genel Ba\u015fkan\u0131 \u00d6zg\u00fcr \u00d6zel, Tekirda\u011f&#8217;a geldi. Gezisine \u00c7orlu il\u00e7esinden ba\u015flayan \u00d6zel&#8217;i Tekirda\u011f B\u00fcy\u00fck\u015fehir Belediye Ba\u015fkan\u0131 Candan Y\u00fcceer, Edirne Belediye Ba\u015fkan\u0131 Filiz Gencan, milletvekilleri, belediye ba\u015fkanlar\u0131 ve partililer kar\u015f\u0131lad\u0131. S\u00fcleymaniye Camii&#8217;nde cuma namaz\u0131n\u0131 k\u0131lan \u00d6zel, daha sonra Cumhuriyet Meydan\u0131&#8217;nda toplanan partililere seslendi. \u00c7\u0131kt\u0131\u011f\u0131 bank\u0131n \u00fczerinden konu\u015fan \u00d6zel, &#8220;Mazbatalar\u0131n\u0131z\u0131 yok sayd\u0131lar. Kahraman polisimizi baba evimizin kap\u0131lar\u0131n\u0131 k\u0131rd\u0131r\u0131p i\u00e7eri soktular. Gaz s\u0131kt\u0131lar. Bizi binalardan \u00e7\u0131kard\u0131lar. Ara\u00e7lar\u0131m\u0131z\u0131 ald\u0131lar. \u00d6yle bir d\u00f6nem ya\u015fad\u0131k ki; bir biz vard\u0131k yolda, bir de siz vard\u0131n\u0131z arkam\u0131zda. Konu\u015fmak i\u00e7in de bir cami hoparl\u00f6r\u00fc, bir de aya\u011f\u0131m\u0131z\u0131n alt\u0131nda bir bank vard\u0131. Ba\u015fka bir \u015fey yoktu. Ama hi\u00e7bir yokluktan y\u0131lmamak laz\u0131m. Gazi&#8217;nin dedi\u011fi gibi, &#8216;Para yok&#8217; dediler, &#8216;Bulunur&#8217; dedi. &#8216;Ordu yok&#8217; dediler, &#8216;Kurulur&#8217; dedi. Ayn\u0131 \u015fekilde \u0130zmir&#8217;de Ay\u015fe teyzem dedi ki &#8216;\u00dcz\u00fclme o\u011flum, \u00fcz\u00fclme. Sana araba da alaca\u011f\u0131z, bina da yapaca\u011f\u0131z, arkanda duraca\u011f\u0131z&#8217; \u015eimdi bug\u00fcn sizlerin emekleri ile destekleri ile \u00fcye olup \u00f6dedi\u011finiz aidatlarla, Allah&#8217;a \u015f\u00fck\u00fcr m\u00fctevaz\u0131 bir genel merkezimiz var, ara\u00e7lar\u0131m\u0131z var. Hatta \u015fimdi g\u00f6sterdiler, arkaya bak\u0131nca \u00c7orlu&#8217;muzda Yeni Parti&#8217;mizin \u0130l\u00e7e Ba\u015fkanl\u0131\u011f\u0131 da var art\u0131k. Kimi binalar var i\u00e7inde insan yok, bombo\u015f ve kendilerine me\u015fruiyet arama \u00e7abas\u0131ndalar. Kimi binalar var meydanlar dolu, i\u00e7erisini almaz, i\u00e7erisi almaz bu meydanlar\u0131&#8221; diye konu\u015ftu.<\/p>\n<p>&#8216;D\u0130MD\u0130K AYAKTAYIZ&#8217;<\/p>\n<p>Yeni Parti\u2019nin T\u00fcrkiye\u2019nin umudu oldu\u011funu belirten \u00d6zel, \u201cSiz dediniz, \u00f6nce bir \u00e7aresini arad\u0131k, &#8216;Bir yol bulal\u0131m&#8217; dedik, bulamad\u0131k. Dediniz ki &#8216;Bir yol bulamazsan, bir yol a\u00e7acaks\u0131n. Y\u00fcr\u00fcyeceksin, arkandan gelece\u011fiz.&#8217; Yeni bir yol a\u00e7t\u0131k, Yeni Parti&#8217;yi kurduk, arkam\u0131zda duranlara helal olsun. Hepinize ayr\u0131 ayr\u0131 te\u015fekk\u00fcr ediyorum. Ve Yeni Parti, art\u0131k T\u00fcrkiye&#8217;nin yeni partisidir. Yeni Parti, T\u00fcrkiye&#8217;nin yeni umududur. T\u00fcrkiye&#8217;nin adalet umududur, kalk\u0131nma umududur, yeniden yoksulluktan kurtulma, hep birlikte \u00fcretme, hep birlikte kazanma ve hatta adaletle b\u00f6l\u00fc\u015fme umudu, Yeni Parti&#8217;nin umududur. Bunun i\u00e7in yeni partinin yeni siyasetinde herkese yer vard\u0131r. Yeni Parti, kad\u0131nlar\u0131n yeni partisidir. Yeni Parti, ev kad\u0131nlar\u0131n\u0131n yeni partisidir. Yeni Parti, gen\u00e7lerin yeni partisidir. Yeni Parti, emeklilerin yeni partisidir. Yeni Parti, emek\u00e7ilerin yeni partisidir. Esnaf\u0131n, k\u00f6yl\u00fcn\u00fcn, memurun, herkesin yeni partisidir, yeni umududur. Ve Yeni Parti, kazananlar\u0131n partisidir, kaybetmeye al\u0131\u015fmayanlar\u0131n, kaybetmeyi kabul etmeyenlerin, kaybedince g\u00f6reve devam edenlerin de\u011fil, &#8216;\u0130ktidar olamazsak, birinci olamazsak g\u00f6revde yokuz&#8217; diyebilenlerin partisidir. Genel ba\u015fkanl\u0131\u011f\u0131mda hep beraber girdi\u011fimiz se\u00e7imde, hep beraber partimizi 47 y\u0131l sonra birinci parti yapt\u0131k, hep beraber T\u00fcrkiye&#8217;nin y\u00fczde 65&#8217;ini kazanm\u0131\u015ft\u0131k. Herkesin umudu olmu\u015ftuk, iktidara y\u00fcr\u00fcyorduk. Bir b\u00fcy\u00fck k\u00f6t\u00fcl\u00fckle, bir b\u00fcy\u00fck haks\u0131zl\u0131kla kar\u015f\u0131la\u015ft\u0131k ama boyun e\u011fmedik, geri \u00e7ekilmedik, susmad\u0131k, sinmedik, dimdik ayaktay\u0131z&#8221; ifadelerini kulland\u0131.<\/p>\n<p>&#8216;T\u00dcRK\u0130YE&#8217;N\u0130N UMUDU OLDUK&#8217;<\/p>\n<p>\u00d6zel, &#8220;Son s\u00f6z\u00fcm \u015fudur; sonuna kadar birlikte y\u00fcr\u00fcyece\u011fiz, Yeni Parti&#8217;nin yeni siyasetiyle T\u00fcrkiye&#8217;nin umudu olduk, umudu b\u00fcy\u00fctece\u011fiz. Eninde sonunda o se\u00e7im sand\u0131\u011f\u0131na kavu\u015faca\u011f\u0131z, bu iktidar\u0131 de\u011fi\u015ftirece\u011fiz, yeni, milletin, halk\u0131n iktidar\u0131n\u0131 kuraca\u011f\u0131z. Hepinizi kucakl\u0131yorum ve hepinizden bir iste\u011fim var. \u00c7orlu&#8217;yu kucaklay\u0131n, Tekirda\u011f&#8217;\u0131 kucaklay\u0131n. Bizden olsun olmas\u0131n ge\u00e7mi\u015fte, herkesi kucaklay\u0131n. Yeni Parti, ge\u00e7mi\u015fte Cumhuriyet Halk Partisi&#8217;nde siyaset yapanlar\u0131n yeni partisidir, Atat\u00fcrk\u00e7\u00fclerin yeni partisidir, milliyet\u00e7ilerin yeni partisidir&#8221; dedi.<\/p>\n<p>\u00d6zel, i\u015f insanlar\u0131 ile d\u00fczenlenen toplant\u0131ya kat\u0131ld\u0131ktan sonra Tekirda\u011f il merkezine hareket etti. (Haber Merkezi)<\/p>\n<\/div>\n<div class=\"corlu-icerikten-sonra_3\" id=\"corlu-2603173170\"><p><img loading=\"lazy\" decoding=\"async\" class=\"aligncenter\" src=\"https:\/\/www.corludahaber.com\/bahcesehir.jpg\" alt=\"\" width=\"624\" height=\"196\" \/><\/p>\n<table style=\"text-align: left; width: 100%;\" border=\"1\" cellspacing=\"2\" cellpadding=\"2\">\n<tbody>\n<tr>\n<td style=\"background-color: #050805;\"><span style=\"font-size: 12pt;\"><small><small><em><strong><big><span style=\"color: #ff0000;\">Haber ve resimlerin telif haklar\u0131ndan dolay\u0131 kullan\u0131m\u0131 yasakt\u0131r<span style=\"color: #000000;\">.<\/span><\/span><span style=\"color: #000000;\">\u00a0<\/span><span style=\"color: #ffffff;\">Yaz\u0131l\u0131 izni al\u0131nmadan hi\u00e7bir yaz\u0131l\u0131, g\u00f6rsel, i\u015fitsel i\u00e7erik kopyalanamaz, de\u011fi\u015ftirilemez, yay\u0131nlanamaz veya sat\u0131lamaz. Aksi halde<\/span>\u00a0<span style=\"color: #ff0000;\">5846<span style=\"color: #ffffff;\">\u00a0<\/span><\/span><span style=\"color: #ffffff;\">say\u0131l\u0131 Fikir ve Sanat Eserleri Kanunu\u2019na ve<\/span>\u00a0<span style=\"color: #800000;\"><span style=\"color: #ff0000;\">6102<\/span><span style=\"color: #ffffff;\">\u00a0<\/span><\/span><span style=\"color: #ffffff;\">say\u0131l\u0131 maddesine g\u00f6re<\/span>\u00a0<span style=\"color: #ff0000;\">gerekli i\u015flemler uygulanacakt\u0131r.<\/span><br \/>\n<span style=\"color: #ffffff;\">\u00a9 Copyright 2014<\/span><\/big><\/strong><\/em><\/small><\/small><\/span><\/td>\n<\/tr>\n<\/tbody>\n<\/table>\n<p><small><small>\u00a0<\/small><\/small><\/p>\n<\/div>","protected":false},"excerpt":{"rendered":"<p>&#8211; &#8211; \/TEK\u0130RDA\u011e, (Haber Merkezi)- YEN\u0130 Parti Genel Ba\u015fkan\u0131 \u00d6zg\u00fcr \u00d6zel, &#8220;Yeni Parti, T\u00fcrkiye&#8217;nin yeni umududur. T\u00fcrkiye&#8217;nin adalet umududur, kalk\u0131nma umududur, yeniden yoksulluktan kurtulma, hep birlikte \u00fcretme, hep birlikte kazanma ve hatta adaletle b\u00f6l\u00fc\u015fme umudu\u201d dedi. Yeni Parti Genel Ba\u015fkan\u0131 \u00d6zg\u00fcr \u00d6zel, Tekirda\u011f&#8217;a geldi. Gezisine \u00c7orlu il\u00e7esinden ba\u015flayan \u00d6zel&#8217;i Tekirda\u011f B\u00fcy\u00fck\u015fehir Belediye Ba\u015fkan\u0131 Candan Y\u00fcceer, &hellip;<\/p>\n","protected":false},"author":151,"featured_media":124239,"comment_status":"open","ping_status":"closed","sticky":false,"template":"","format":"standard","meta":{"footnotes":""},"categories":[27],"tags":[8025,9376,15478,954,1672,36703,491,3661,89,36702],"class_list":["post-124238","post","type-post","status-publish","format-standard","has-post-thumbnail","hentry","category-yasam","tag-asayis","tag-corlu-kaza","tag-corlu-son-dakika-kaza","tag-ozel","tag-ozgur","tag-ozgur-ozel-yeni-parti-turkiyenin-yeni-umududur","tag-parti","tag-son-dakika-kaza","tag-turkiye","tag-umududur"],"yoast_head":"<!-- This site is optimized with the Yoast SEO Premium plugin v23.3 (Yoast SEO v23.3) - https:\/\/yoast.com\/wordpress\/plugins\/seo\/ -->\n<title>\u00d6zg\u00fcr \u00d6zel: Yeni Parti, T\u00fcrkiye&#039;nin yeni umududur | \u00c7orlu&#039;da Haber<\/title>\n<meta name=\"description\" content=\"\u00d6zg\u00fcr \u00d6zel: Yeni Parti, T\u00fcrkiye&#039;nin yeni umududur | \u00c7orlu&#039;da Haber\" \/>\n<meta name=\"robots\" content=\"index, follow, max-snippet:-1, max-image-preview:large, max-video-preview:-1\" \/>\n<link rel=\"canonical\" href=\"https:\/\/corludahaber.com\/h\/ozgur-ozel-yeni-parti-turkiyenin-yeni-umududur\/124238\" \/>\n<meta property=\"og:locale\" content=\"tr_TR\" \/>\n<meta property=\"og:type\" content=\"article\" \/>\n<meta property=\"og:title\" content=\"\u00d6zg\u00fcr \u00d6zel: Yeni Parti, T\u00fcrkiye&#039;nin yeni umududur | \u00c7orlu&#039;da Haber\" \/>\n<meta property=\"og:description\" content=\"\u00d6zg\u00fcr \u00d6zel: Yeni Parti, T\u00fcrkiye&#039;nin yeni umududur | \u00c7orlu&#039;da Haber\" \/>\n<meta property=\"og:url\" content=\"https:\/\/corludahaber.com\/h\/ozgur-ozel-yeni-parti-turkiyenin-yeni-umududur\/124238\" \/>\n<meta property=\"og:site_name\" content=\"\u00c7orlu&#039;da Haber\" \/>\n<meta property=\"article:publisher\" content=\"https:\/\/facebook.com\/habercorluda\" \/>\n<meta property=\"article:published_time\" content=\"2026-09-04T13:42:23+00:00\" \/>\n<meta property=\"article:modified_time\" content=\"2026-09-04T13:42:42+00:00\" \/>\n<meta property=\"og:image\" content=\"http:\/\/corludahaber.com\/h\/wp-content\/uploads\/2026\/09\/ozgur-ozel-yeni-parti-turkiyenin-yeni-umududur_6a9acac8e0b81-scaled.jpeg\" \/>\n\t<meta property=\"og:image:width\" content=\"2560\" \/>\n\t<meta property=\"og:image:height\" content=\"1706\" \/>\n\t<meta property=\"og:image:type\" content=\"image\/jpeg\" \/>\n<meta name=\"author\" content=\"\u00c7orlu&#039;da Haber\" \/>\n<meta name=\"twitter:card\" content=\"summary_large_image\" \/>\n<meta name=\"twitter:creator\" content=\"@habercorluda\" \/>\n<meta name=\"twitter:site\" content=\"@habercorluda\" \/>\n<meta name=\"twitter:label1\" content=\"Yazan:\" \/>\n\t<meta name=\"twitter:data1\" content=\"\u00c7orlu&#039;da Haber\" \/>\n\t<meta name=\"twitter:label2\" content=\"Tahmini okuma s\u00fcresi\" \/>\n\t<meta name=\"twitter:data2\" content=\"4 dakika\" \/>\n<script type=\"application\/ld+json\" class=\"yoast-schema-graph\">{\"@context\":\"https:\/\/schema.org\",\"@graph\":[{\"@type\":\"Article\",\"@id\":\"https:\/\/corludahaber.com\/h\/ozgur-ozel-yeni-parti-turkiyenin-yeni-umududur\/124238#article\",\"isPartOf\":{\"@id\":\"https:\/\/corludahaber.com\/h\/ozgur-ozel-yeni-parti-turkiyenin-yeni-umududur\/124238\"},\"author\":{\"name\":\"\u00c7orlu'da Haber\",\"@id\":\"https:\/\/corludahaber.com\/h\/#\/schema\/person\/b523522be44b062db5d74a62589768cd\"},\"headline\":\"\u00d6zg\u00fcr \u00d6zel: Yeni Parti, T\u00fcrkiye&#8217;nin yeni umududur\",\"datePublished\":\"2026-09-04T13:42:23+00:00\",\"dateModified\":\"2026-09-04T13:42:42+00:00\",\"mainEntityOfPage\":{\"@id\":\"https:\/\/corludahaber.com\/h\/ozgur-ozel-yeni-parti-turkiyenin-yeni-umududur\/124238\"},\"wordCount\":732,\"commentCount\":0,\"publisher\":{\"@id\":\"https:\/\/corludahaber.com\/h\/#organization\"},\"image\":{\"@id\":\"https:\/\/corludahaber.com\/h\/ozgur-ozel-yeni-parti-turkiyenin-yeni-umududur\/124238#primaryimage\"},\"thumbnailUrl\":\"https:\/\/corludahaber.com\/h\/wp-content\/uploads\/2026\/09\/ozgur-ozel-yeni-parti-turkiyenin-yeni-umududur_6a9acac8e0b81-scaled.jpeg\",\"keywords\":[\"asayi\u015f\",\"\u00c7orlu kaza\",\"\u00c7orlu son dakika kaza\",\"\u00d6zel\",\"\u00d6zg\u00fcr\",\"\u00d6zg\u00fcr \u00d6zel: Yeni Parti, T\u00fcrkiye'nin yeni umududur\",\"Parti\",\"son dakika kaza\",\"T\u00fcrkiye\",\"umududur\"],\"articleSection\":[\"Ya\u015fam\"],\"inLanguage\":\"tr\",\"potentialAction\":[{\"@type\":\"CommentAction\",\"name\":\"Comment\",\"target\":[\"https:\/\/corludahaber.com\/h\/ozgur-ozel-yeni-parti-turkiyenin-yeni-umududur\/124238#respond\"]}]},{\"@type\":\"WebPage\",\"@id\":\"https:\/\/corludahaber.com\/h\/ozgur-ozel-yeni-parti-turkiyenin-yeni-umududur\/124238\",\"url\":\"https:\/\/corludahaber.com\/h\/ozgur-ozel-yeni-parti-turkiyenin-yeni-umududur\/124238\",\"name\":\"\u00d6zg\u00fcr \u00d6zel: Yeni Parti, T\u00fcrkiye'nin yeni umududur | \u00c7orlu&#039;da Haber\",\"isPartOf\":{\"@id\":\"https:\/\/corludahaber.com\/h\/#website\"},\"primaryImageOfPage\":{\"@id\":\"https:\/\/corludahaber.com\/h\/ozgur-ozel-yeni-parti-turkiyenin-yeni-umududur\/124238#primaryimage\"},\"image\":{\"@id\":\"https:\/\/corludahaber.com\/h\/ozgur-ozel-yeni-parti-turkiyenin-yeni-umududur\/124238#primaryimage\"},\"thumbnailUrl\":\"https:\/\/corludahaber.com\/h\/wp-content\/uploads\/2026\/09\/ozgur-ozel-yeni-parti-turkiyenin-yeni-umududur_6a9acac8e0b81-scaled.jpeg\",\"datePublished\":\"2026-09-04T13:42:23+00:00\",\"dateModified\":\"2026-09-04T13:42:42+00:00\",\"description\":\"\u00d6zg\u00fcr \u00d6zel: Yeni Parti, T\u00fcrkiye'nin yeni umududur | \u00c7orlu&#039;da Haber\",\"breadcrumb\":{\"@id\":\"https:\/\/corludahaber.com\/h\/ozgur-ozel-yeni-parti-turkiyenin-yeni-umududur\/124238#breadcrumb\"},\"inLanguage\":\"tr\",\"potentialAction\":[{\"@type\":\"ReadAction\",\"target\":[\"https:\/\/corludahaber.com\/h\/ozgur-ozel-yeni-parti-turkiyenin-yeni-umududur\/124238\"]}]},{\"@type\":\"ImageObject\",\"inLanguage\":\"tr\",\"@id\":\"https:\/\/corludahaber.com\/h\/ozgur-ozel-yeni-parti-turkiyenin-yeni-umududur\/124238#primaryimage\",\"url\":\"https:\/\/corludahaber.com\/h\/wp-content\/uploads\/2026\/09\/ozgur-ozel-yeni-parti-turkiyenin-yeni-umududur_6a9acac8e0b81-scaled.jpeg\",\"contentUrl\":\"https:\/\/corludahaber.com\/h\/wp-content\/uploads\/2026\/09\/ozgur-ozel-yeni-parti-turkiyenin-yeni-umududur_6a9acac8e0b81-scaled.jpeg\",\"width\":2560,\"height\":1706},{\"@type\":\"BreadcrumbList\",\"@id\":\"https:\/\/corludahaber.com\/h\/ozgur-ozel-yeni-parti-turkiyenin-yeni-umududur\/124238#breadcrumb\",\"itemListElement\":[{\"@type\":\"ListItem\",\"position\":1,\"name\":\"Anasayfa\",\"item\":\"https:\/\/corludahaber.com\/h\/anasayfa\"},{\"@type\":\"ListItem\",\"position\":2,\"name\":\"Ya\u015fam\",\"item\":\"https:\/\/corludahaber.com\/h\/kategori\/yasam\"},{\"@type\":\"ListItem\",\"position\":3,\"name\":\"\u00d6zg\u00fcr \u00d6zel: Yeni Parti, T\u00fcrkiye&#8217;nin yeni umududur\"}]},{\"@type\":\"WebSite\",\"@id\":\"https:\/\/corludahaber.com\/h\/#website\",\"url\":\"https:\/\/corludahaber.com\/h\/\",\"name\":\"\u00c7orlu'da Haber\",\"description\":\"Ger\u00e7ek Tarafs\u0131z Haber\",\"publisher\":{\"@id\":\"https:\/\/corludahaber.com\/h\/#organization\"},\"potentialAction\":[{\"@type\":\"SearchAction\",\"target\":{\"@type\":\"EntryPoint\",\"urlTemplate\":\"https:\/\/corludahaber.com\/h\/?s={search_term_string}\"},\"query-input\":\"required name=search_term_string\"}],\"inLanguage\":\"tr\"},{\"@type\":\"Organization\",\"@id\":\"https:\/\/corludahaber.com\/h\/#organization\",\"name\":\"\u00c7orlu'da Haber\",\"url\":\"https:\/\/corludahaber.com\/h\/\",\"logo\":{\"@type\":\"ImageObject\",\"inLanguage\":\"tr\",\"@id\":\"https:\/\/corludahaber.com\/h\/#\/schema\/logo\/image\/\",\"url\":\"https:\/\/corludahaber.com\/h\/wp-content\/uploads\/2021\/12\/logo__9__1_-removebg-preview.png\",\"contentUrl\":\"https:\/\/corludahaber.com\/h\/wp-content\/uploads\/2021\/12\/logo__9__1_-removebg-preview.png\",\"width\":500,\"height\":157,\"caption\":\"\u00c7orlu'da Haber\"},\"image\":{\"@id\":\"https:\/\/corludahaber.com\/h\/#\/schema\/logo\/image\/\"},\"sameAs\":[\"https:\/\/facebook.com\/habercorluda\",\"https:\/\/x.com\/habercorluda\",\"https:\/\/www.instagram.com\/corludahaber\",\"https:\/\/www.youtube.com\/user\/corludahaber\"]},{\"@type\":\"Person\",\"@id\":\"https:\/\/corludahaber.com\/h\/#\/schema\/person\/b523522be44b062db5d74a62589768cd\",\"name\":\"\u00c7orlu'da Haber\",\"image\":{\"@type\":\"ImageObject\",\"inLanguage\":\"tr\",\"@id\":\"https:\/\/corludahaber.com\/h\/#\/schema\/person\/image\/\",\"url\":\"https:\/\/secure.gravatar.com\/avatar\/1033e54e078c29fd7f053370086ff627ba414b05c2b231c418a481adecd764ce?s=96&d=blank&r=g\",\"contentUrl\":\"https:\/\/secure.gravatar.com\/avatar\/1033e54e078c29fd7f053370086ff627ba414b05c2b231c418a481adecd764ce?s=96&d=blank&r=g\",\"caption\":\"\u00c7orlu'da Haber\"},\"sameAs\":[\"https:\/\/corludahaber.com\/h\"],\"url\":\"https:\/\/corludahaber.com\/h\/author\/admin\"}]}<\/script>\n<!-- \/ Yoast SEO Premium plugin. -->","yoast_head_json":{"title":"\u00d6zg\u00fcr \u00d6zel: Yeni Parti, T\u00fcrkiye'nin yeni umududur | \u00c7orlu&#039;da Haber","description":"\u00d6zg\u00fcr \u00d6zel: Yeni Parti, T\u00fcrkiye'nin yeni umududur | \u00c7orlu&#039;da Haber","robots":{"index":"index","follow":"follow","max-snippet":"max-snippet:-1","max-image-preview":"max-image-preview:large","max-video-preview":"max-video-preview:-1"},"canonical":"https:\/\/corludahaber.com\/h\/ozgur-ozel-yeni-parti-turkiyenin-yeni-umududur\/124238","og_locale":"tr_TR","og_type":"article","og_title":"\u00d6zg\u00fcr \u00d6zel: Yeni Parti, T\u00fcrkiye'nin yeni umududur | \u00c7orlu&#039;da Haber","og_description":"\u00d6zg\u00fcr \u00d6zel: Yeni Parti, T\u00fcrkiye'nin yeni umududur | \u00c7orlu&#039;da Haber","og_url":"https:\/\/corludahaber.com\/h\/ozgur-ozel-yeni-parti-turkiyenin-yeni-umududur\/124238","og_site_name":"\u00c7orlu&#039;da Haber","article_publisher":"https:\/\/facebook.com\/habercorluda","article_published_time":"2026-09-04T13:42:23+00:00","article_modified_time":"2026-09-04T13:42:42+00:00","og_image":[{"width":2560,"height":1706,"url":"http:\/\/corludahaber.com\/h\/wp-content\/uploads\/2026\/09\/ozgur-ozel-yeni-parti-turkiyenin-yeni-umududur_6a9acac8e0b81-scaled.jpeg","type":"image\/jpeg"}],"author":"\u00c7orlu'da Haber","twitter_card":"summary_large_image","twitter_creator":"@habercorluda","twitter_site":"@habercorluda","twitter_misc":{"Yazan:":"\u00c7orlu'da Haber","Tahmini okuma s\u00fcresi":"4 dakika"},"schema":{"@context":"https:\/\/schema.org","@graph":[{"@type":"Article","@id":"https:\/\/corludahaber.com\/h\/ozgur-ozel-yeni-parti-turkiyenin-yeni-umududur\/124238#article","isPartOf":{"@id":"https:\/\/corludahaber.com\/h\/ozgur-ozel-yeni-parti-turkiyenin-yeni-umududur\/124238"},"author":{"name":"\u00c7orlu'da Haber","@id":"https:\/\/corludahaber.com\/h\/#\/schema\/person\/b523522be44b062db5d74a62589768cd"},"headline":"\u00d6zg\u00fcr \u00d6zel: Yeni Parti, T\u00fcrkiye&#8217;nin yeni umududur","datePublished":"2026-09-04T13:42:23+00:00","dateModified":"2026-09-04T13:42:42+00:00","mainEntityOfPage":{"@id":"https:\/\/corludahaber.com\/h\/ozgur-ozel-yeni-parti-turkiyenin-yeni-umududur\/124238"},"wordCount":732,"commentCount":0,"publisher":{"@id":"https:\/\/corludahaber.com\/h\/#organization"},"image":{"@id":"https:\/\/corludahaber.com\/h\/ozgur-ozel-yeni-parti-turkiyenin-yeni-umududur\/124238#primaryimage"},"thumbnailUrl":"https:\/\/corludahaber.com\/h\/wp-content\/uploads\/2026\/09\/ozgur-ozel-yeni-parti-turkiyenin-yeni-umududur_6a9acac8e0b81-scaled.jpeg","keywords":["asayi\u015f","\u00c7orlu kaza","\u00c7orlu son dakika kaza","\u00d6zel","\u00d6zg\u00fcr","\u00d6zg\u00fcr \u00d6zel: Yeni Parti, T\u00fcrkiye'nin yeni umududur","Parti","son dakika kaza","T\u00fcrkiye","umududur"],"articleSection":["Ya\u015fam"],"inLanguage":"tr","potentialAction":[{"@type":"CommentAction","name":"Comment","target":["https:\/\/corludahaber.com\/h\/ozgur-ozel-yeni-parti-turkiyenin-yeni-umududur\/124238#respond"]}]},{"@type":"WebPage","@id":"https:\/\/corludahaber.com\/h\/ozgur-ozel-yeni-parti-turkiyenin-yeni-umududur\/124238","url":"https:\/\/corludahaber.com\/h\/ozgur-ozel-yeni-parti-turkiyenin-yeni-umududur\/124238","name":"\u00d6zg\u00fcr \u00d6zel: Yeni Parti, T\u00fcrkiye'nin yeni umududur | \u00c7orlu&#039;da Haber","isPartOf":{"@id":"https:\/\/corludahaber.com\/h\/#website"},"primaryImageOfPage":{"@id":"https:\/\/corludahaber.com\/h\/ozgur-ozel-yeni-parti-turkiyenin-yeni-umududur\/124238#primaryimage"},"image":{"@id":"https:\/\/corludahaber.com\/h\/ozgur-ozel-yeni-parti-turkiyenin-yeni-umududur\/124238#primaryimage"},"thumbnailUrl":"https:\/\/corludahaber.com\/h\/wp-content\/uploads\/2026\/09\/ozgur-ozel-yeni-parti-turkiyenin-yeni-umududur_6a9acac8e0b81-scaled.jpeg","datePublished":"2026-09-04T13:42:23+00:00","dateModified":"2026-09-04T13:42:42+00:00","description":"\u00d6zg\u00fcr \u00d6zel: Yeni Parti, T\u00fcrkiye'nin yeni umududur | \u00c7orlu&#039;da Haber","breadcrumb":{"@id":"https:\/\/corludahaber.com\/h\/ozgur-ozel-yeni-parti-turkiyenin-yeni-umududur\/124238#breadcrumb"},"inLanguage":"tr","potentialAction":[{"@type":"ReadAction","target":["https:\/\/corludahaber.com\/h\/ozgur-ozel-yeni-parti-turkiyenin-yeni-umududur\/124238"]}]},{"@type":"ImageObject","inLanguage":"tr","@id":"https:\/\/corludahaber.com\/h\/ozgur-ozel-yeni-parti-turkiyenin-yeni-umududur\/124238#primaryimage","url":"https:\/\/corludahaber.com\/h\/wp-content\/uploads\/2026\/09\/ozgur-ozel-yeni-parti-turkiyenin-yeni-umududur_6a9acac8e0b81-scaled.jpeg","contentUrl":"https:\/\/corludahaber.com\/h\/wp-content\/uploads\/2026\/09\/ozgur-ozel-yeni-parti-turkiyenin-yeni-umududur_6a9acac8e0b81-scaled.jpeg","width":2560,"height":1706},{"@type":"BreadcrumbList","@id":"https:\/\/corludahaber.com\/h\/ozgur-ozel-yeni-parti-turkiyenin-yeni-umududur\/124238#breadcrumb","itemListElement":[{"@type":"ListItem","position":1,"name":"Anasayfa","item":"https:\/\/corludahaber.com\/h\/anasayfa"},{"@type":"ListItem","position":2,"name":"Ya\u015fam","item":"https:\/\/corludahaber.com\/h\/kategori\/yasam"},{"@type":"ListItem","position":3,"name":"\u00d6zg\u00fcr \u00d6zel: Yeni Parti, T\u00fcrkiye&#8217;nin yeni umududur"}]},{"@type":"WebSite","@id":"https:\/\/corludahaber.com\/h\/#website","url":"https:\/\/corludahaber.com\/h\/","name":"\u00c7orlu'da Haber","description":"Ger\u00e7ek Tarafs\u0131z Haber","publisher":{"@id":"https:\/\/corludahaber.com\/h\/#organization"},"potentialAction":[{"@type":"SearchAction","target":{"@type":"EntryPoint","urlTemplate":"https:\/\/corludahaber.com\/h\/?s={search_term_string}"},"query-input":"required name=search_term_string"}],"inLanguage":"tr"},{"@type":"Organization","@id":"https:\/\/corludahaber.com\/h\/#organization","name":"\u00c7orlu'da Haber","url":"https:\/\/corludahaber.com\/h\/","logo":{"@type":"ImageObject","inLanguage":"tr","@id":"https:\/\/corludahaber.com\/h\/#\/schema\/logo\/image\/","url":"https:\/\/corludahaber.com\/h\/wp-content\/uploads\/2021\/12\/logo__9__1_-removebg-preview.png","contentUrl":"https:\/\/corludahaber.com\/h\/wp-content\/uploads\/2021\/12\/logo__9__1_-removebg-preview.png","width":500,"height":157,"caption":"\u00c7orlu'da Haber"},"image":{"@id":"https:\/\/corludahaber.com\/h\/#\/schema\/logo\/image\/"},"sameAs":["https:\/\/facebook.com\/habercorluda","https:\/\/x.com\/habercorluda","https:\/\/www.instagram.com\/corludahaber","https:\/\/www.youtube.com\/user\/corludahaber"]},{"@type":"Person","@id":"https:\/\/corludahaber.com\/h\/#\/schema\/person\/b523522be44b062db5d74a62589768cd","name":"\u00c7orlu'da Haber","image":{"@type":"ImageObject","inLanguage":"tr","@id":"https:\/\/corludahaber.com\/h\/#\/schema\/person\/image\/","url":"https:\/\/secure.gravatar.com\/avatar\/1033e54e078c29fd7f053370086ff627ba414b05c2b231c418a481adecd764ce?s=96&d=blank&r=g","contentUrl":"https:\/\/secure.gravatar.com\/avatar\/1033e54e078c29fd7f053370086ff627ba414b05c2b231c418a481adecd764ce?s=96&d=blank&r=g","caption":"\u00c7orlu'da Haber"},"sameAs":["https:\/\/corludahaber.com\/h"],"url":"https:\/\/corludahaber.com\/h\/author\/admin"}]}},"_links":{"self":[{"href":"https:\/\/corludahaber.com\/h\/wp-json\/wp\/v2\/posts\/124238","targetHints":{"allow":["GET"]}}],"collection":[{"href":"https:\/\/corludahaber.com\/h\/wp-json\/wp\/v2\/posts"}],"about":[{"href":"https:\/\/corludahaber.com\/h\/wp-json\/wp\/v2\/types\/post"}],"author":[{"embeddable":true,"href":"https:\/\/corludahaber.com\/h\/wp-json\/wp\/v2\/users\/151"}],"replies":[{"embeddable":true,"href":"https:\/\/corludahaber.com\/h\/wp-json\/wp\/v2\/comments?post=124238"}],"version-history":[{"count":1,"href":"https:\/\/corludahaber.com\/h\/wp-json\/wp\/v2\/posts\/124238\/revisions"}],"predecessor-version":[{"id":124240,"href":"https:\/\/corludahaber.com\/h\/wp-json\/wp\/v2\/posts\/124238\/revisions\/124240"}],"wp:featuredmedia":[{"embeddable":true,"href":"https:\/\/corludahaber.com\/h\/wp-json\/wp\/v2\/media\/124239"}],"wp:attachment":[{"href":"https:\/\/corludahaber.com\/h\/wp-json\/wp\/v2\/media?parent=124238"}],"wp:term":[{"taxonomy":"category","embeddable":true,"href":"https:\/\/corludahaber.com\/h\/wp-json\/wp\/v2\/categories?post=124238"},{"taxonomy":"post_tag","embeddable":true,"href":"https:\/\/corludahaber.com\/h\/wp-json\/wp\/v2\/tags?post=124238"}],"curies":[{"name":"wp","href":"https:\/\/api.w.org\/{rel}","templated":true}]}}