{"id":124232,"date":"2026-09-04T14:41:18","date_gmt":"2026-09-04T11:41:18","guid":{"rendered":"https:\/\/corludahaber.com\/h\/tekirdagin-mavi-bayrakli-plajlarinda-engellilere-engel-yok\/124232"},"modified":"2026-09-04T14:41:33","modified_gmt":"2026-09-04T11:41:33","slug":"tekirdagin-mavi-bayrakli-plajlarinda-engellilere-engel-yok","status":"publish","type":"post","link":"https:\/\/corludahaber.com\/h\/tekirdagin-mavi-bayrakli-plajlarinda-engellilere-engel-yok\/124232","title":{"rendered":"&#8216;Tekirda\u011f&#8217;\u0131n Mavi Bayrakl\u0131 plajlar\u0131nda engellilere engel yok&#8217;"},"content":{"rendered":"<div class=\"corlu-icerikten-once_3\" id=\"corlu-906524455\"><script type='text\/javascript' src='https:\/\/platform-api.sharethis.com\/js\/sharethis.js#property=5ce8cf08af7d000012cb0ca1&product=inline-reaction-buttons' async='async'><\/script>\r\n\r\n<\/div><div readability=\"73\"><span class=\"category-name hidden\"><\/span><\/p><div class=\"corlu-icerik-2\" id=\"corlu-2408410901\"><!-- Admatic AUTO ads START -->\r\n<ins data-publisher=\"adm-pub-155556240050\" data-ad-network=\"659428a24d11b285b616c18d\"   class=\"adm-ads-area\"><\/ins>\r\n<script type=\"text\/javascript\" src=\"https:\/\/static.cdn.admatic.com.tr\/showad\/showad.min.js\"><\/script>\r\n<!-- Admatic AUTO ads END --><\/div>\n<p>TEK\u0130RDA\u011e, (Haber Merkezi)- TEK\u0130RDA\u011e B\u00fcy\u00fck\u015fehir Belediyesi, Mavi Bayrakl\u0131 plajlarda hayata ge\u00e7irilen uygulamalarla engelli bireylerin plajlara ve denize eri\u015fimleri kolayla\u015ft\u0131r\u0131l\u0131rken, ula\u015f\u0131m hizmetiyle de deniz keyfine eri\u015fim destekleniyor.<\/p>\n<p>\u00c7al\u0131\u015fmalar kapsam\u0131nda S\u00fcleymanpa\u015fa ve \u015eark\u00f6y il\u00e7elerindeki Mavi Bayrakl\u0131 plajlarda, kum zeminde tekerlekli sandalye ile ilerlemeyi kolayla\u015ft\u0131ran y\u00fcksek yo\u011funluklu polietilen malzemeden \u00fcretilmi\u015f mod\u00fcler y\u00fcr\u00fcy\u00fc\u015f platformlar\u0131 kullan\u0131l\u0131yor. Platformlar sayesinde engelli vatanda\u015flar\u0131n plaj i\u00e7erisinde daha rahat hareket edebilmeleri ve denize daha kolay ula\u015fabilmeleri sa\u011flan\u0131yor. Engelli bireylerin denizden g\u00fcvenli ve konforlu \u015fekilde yararlanabilmeleri amac\u0131yla \u00f6zel olarak tasarlanan y\u00fczer \u015fezlonglar da plajlarda hizmete sunuluyor. B\u00f6ylece fiziksel ve ortopedik engeli bulunan vatanda\u015flar\u0131n denizle bulu\u015fmalar\u0131n\u0131n \u00f6n\u00fcndeki eri\u015fim engellerinin azalt\u0131lmas\u0131 hedefleniyor.<\/p>\n<p>\u00c7evre Koruma ve Kontrol Dairesi Ba\u015fkanl\u0131\u011f\u0131 \u00c7evre ve Deniz Hizmetleri \u015eube M\u00fcd\u00fcrl\u00fc\u011f\u00fc taraf\u0131ndan y\u00fcr\u00fct\u00fclen plaj d\u00fczenlemeleri, ula\u015f\u0131m hizmetleriyle de destekleniyor. Engelli ve Ya\u015fl\u0131 Hizmetleri \u015eube M\u00fcd\u00fcrl\u00fc\u011f\u00fc b\u00fcnyesinde randevu sistemiyle hizmet veren Engelli ve Ya\u015fl\u0131 Ula\u015f\u0131m Hizmet Arac\u0131, talepte bulunan vatanda\u015flar\u0131n uygunluk ve ara\u00e7 planlamas\u0131 do\u011frultusunda ikametlerinden al\u0131narak plajlara ula\u015ft\u0131r\u0131lmas\u0131n\u0131 sa\u011fl\u0131yor.<\/p>\n<p>Yaz sezonu boyunca s\u00fcrd\u00fcr\u00fclen uygulamalarla engelli vatanda\u015flar\u0131n plaj ve deniz hizmetlerinden di\u011fer vatanda\u015flarla e\u015fit \u015fekilde yararlanabilmelerine olanak sunuluyor.<\/p>\n<p>Tekirda\u011f B\u00fcy\u00fck\u015fehir Belediye Ba\u015fkan\u0131 Dr. Candan Y\u00fcceer\u2019in g\u00f6reve gelmesinden \u00f6nce kent genelinde 6 olan Mavi Bayrakl\u0131 plaj say\u0131s\u0131, 2024 yaz sezonunda 8\u2019e, 2025 yaz sezonunda ise 10\u2019a y\u00fckseldi. Tekirda\u011f B\u00fcy\u00fck\u015fehir Belediyesi, ula\u015f\u0131lan bu rakamla Marmara Denizi\u2019ne k\u0131y\u0131s\u0131 bulunan iller aras\u0131nda en fazla Mavi Bayrakl\u0131 plaja sahip kamu kurumu konumuna geldi.<\/p>\n<p>Uluslararas\u0131 \u00e7evre \u00f6d\u00fcl\u00fc niteli\u011fi ta\u015f\u0131yan Mavi Bayrak; deniz suyu kalitesi, \u00e7evre y\u00f6netimi, temizlik, g\u00fcvenlik ve eri\u015filebilirlik gibi bir\u00e7ok kriterin eksiksiz \u015fekilde yerine getirilmesiyle veriliyor. Eri\u015filebilirlik \u015fart\u0131n\u0131n da yer ald\u0131\u011f\u0131 Mavi Bayrak uygulamas\u0131, plajlar\u0131n herkes taraf\u0131ndan g\u00fcvenli ve e\u015fit \u015fekilde kullan\u0131labilmesi a\u00e7\u0131s\u0131ndan \u00f6nem ta\u015f\u0131yor. B\u00fcy\u00fck\u015fehir Belediyesi, 2026 yaz sezonunda da 10 Mavi Bayrakl\u0131 plaj\u0131yla &#8216;Marmara\u2019n\u0131n Mavi Bayrak Lideri&#8217; unvan\u0131n\u0131 s\u00fcrd\u00fcr\u00fcrken, eri\u015filebilir plaj uygulamalar\u0131n\u0131 da devam ettiriyor. Ger\u00e7ekle\u015ftirilen \u00e7al\u0131\u015fmalarla Tekirda\u011f\u2019\u0131n plajlar\u0131n\u0131n herkes i\u00e7in daha g\u00fcvenli, konforlu ve eri\u015filebilir hale getirilmesi ama\u00e7lan\u0131yor.(Haber Merkezi)<\/p>\n<\/div>\n<div class=\"corlu-icerikten-sonra_3\" id=\"corlu-322528905\"><p><img loading=\"lazy\" decoding=\"async\" class=\"aligncenter\" src=\"https:\/\/www.corludahaber.com\/bahcesehir.jpg\" alt=\"\" width=\"624\" height=\"196\" \/><\/p>\n<table style=\"text-align: left; width: 100%;\" border=\"1\" cellspacing=\"2\" cellpadding=\"2\">\n<tbody>\n<tr>\n<td style=\"background-color: #050805;\"><span style=\"font-size: 12pt;\"><small><small><em><strong><big><span style=\"color: #ff0000;\">Haber ve resimlerin telif haklar\u0131ndan dolay\u0131 kullan\u0131m\u0131 yasakt\u0131r<span style=\"color: #000000;\">.<\/span><\/span><span style=\"color: #000000;\">\u00a0<\/span><span style=\"color: #ffffff;\">Yaz\u0131l\u0131 izni al\u0131nmadan hi\u00e7bir yaz\u0131l\u0131, g\u00f6rsel, i\u015fitsel i\u00e7erik kopyalanamaz, de\u011fi\u015ftirilemez, yay\u0131nlanamaz veya sat\u0131lamaz. Aksi halde<\/span>\u00a0<span style=\"color: #ff0000;\">5846<span style=\"color: #ffffff;\">\u00a0<\/span><\/span><span style=\"color: #ffffff;\">say\u0131l\u0131 Fikir ve Sanat Eserleri Kanunu\u2019na ve<\/span>\u00a0<span style=\"color: #800000;\"><span style=\"color: #ff0000;\">6102<\/span><span style=\"color: #ffffff;\">\u00a0<\/span><\/span><span style=\"color: #ffffff;\">say\u0131l\u0131 maddesine g\u00f6re<\/span>\u00a0<span style=\"color: #ff0000;\">gerekli i\u015flemler uygulanacakt\u0131r.<\/span><br \/>\n<span style=\"color: #ffffff;\">\u00a9 Copyright 2014<\/span><\/big><\/strong><\/em><\/small><\/small><\/span><\/td>\n<\/tr>\n<\/tbody>\n<\/table>\n<p><small><small>\u00a0<\/small><\/small><\/p>\n<\/div>","protected":false},"excerpt":{"rendered":"<p>TEK\u0130RDA\u011e, (Haber Merkezi)- TEK\u0130RDA\u011e B\u00fcy\u00fck\u015fehir Belediyesi, Mavi Bayrakl\u0131 plajlarda hayata ge\u00e7irilen uygulamalarla engelli bireylerin plajlara ve denize eri\u015fimleri kolayla\u015ft\u0131r\u0131l\u0131rken, ula\u015f\u0131m hizmetiyle de deniz keyfine eri\u015fim destekleniyor. \u00c7al\u0131\u015fmalar kapsam\u0131nda S\u00fcleymanpa\u015fa ve \u015eark\u00f6y il\u00e7elerindeki Mavi Bayrakl\u0131 plajlarda, kum zeminde tekerlekli sandalye ile ilerlemeyi kolayla\u015ft\u0131ran y\u00fcksek yo\u011funluklu polietilen malzemeden \u00fcretilmi\u015f mod\u00fcler y\u00fcr\u00fcy\u00fc\u015f platformlar\u0131 kullan\u0131l\u0131yor. Platformlar sayesinde engelli vatanda\u015flar\u0131n &hellip;<\/p>\n","protected":false},"author":151,"featured_media":124234,"comment_status":"open","ping_status":"closed","sticky":false,"template":"","format":"standard","meta":{"footnotes":""},"categories":[27],"tags":[36701,8025,3803,9376,15478,23019,35927,15299,3661,376],"class_list":["post-124232","post","type-post","status-publish","format-standard","has-post-thumbnail","hentry","category-yasam","tag-tekirdagin-mavi-bayrakli-plajlarinda-engellilere-engel-yok","tag-asayis","tag-bayrakli","tag-corlu-kaza","tag-corlu-son-dakika-kaza","tag-engel","tag-engellilere","tag-plajlarinda","tag-son-dakika-kaza","tag-tekirdag"],"yoast_head":"<!-- This site is optimized with the Yoast SEO Premium plugin v23.3 (Yoast SEO v23.3) - https:\/\/yoast.com\/wordpress\/plugins\/seo\/ -->\n<title>&#039;Tekirda\u011f&#039;\u0131n Mavi Bayrakl\u0131 plajlar\u0131nda engellilere engel yok&#039; | \u00c7orlu&#039;da Haber<\/title>\n<meta name=\"description\" content=\"&#039;Tekirda\u011f&#039;\u0131n Mavi Bayrakl\u0131 plajlar\u0131nda engellilere engel yok&#039; | \u00c7orlu&#039;da Haber\" \/>\n<meta name=\"robots\" content=\"index, follow, max-snippet:-1, max-image-preview:large, max-video-preview:-1\" \/>\n<link rel=\"canonical\" href=\"https:\/\/corludahaber.com\/h\/tekirdagin-mavi-bayrakli-plajlarinda-engellilere-engel-yok\/124232\" \/>\n<meta property=\"og:locale\" content=\"tr_TR\" \/>\n<meta property=\"og:type\" content=\"article\" \/>\n<meta property=\"og:title\" content=\"&#039;Tekirda\u011f&#039;\u0131n Mavi Bayrakl\u0131 plajlar\u0131nda engellilere engel yok&#039; | \u00c7orlu&#039;da Haber\" \/>\n<meta property=\"og:description\" content=\"&#039;Tekirda\u011f&#039;\u0131n Mavi Bayrakl\u0131 plajlar\u0131nda engellilere engel yok&#039; | \u00c7orlu&#039;da Haber\" \/>\n<meta property=\"og:url\" content=\"https:\/\/corludahaber.com\/h\/tekirdagin-mavi-bayrakli-plajlarinda-engellilere-engel-yok\/124232\" \/>\n<meta property=\"og:site_name\" content=\"\u00c7orlu&#039;da Haber\" \/>\n<meta property=\"article:publisher\" content=\"https:\/\/facebook.com\/habercorluda\" \/>\n<meta property=\"article:published_time\" content=\"2026-09-04T11:41:18+00:00\" \/>\n<meta property=\"article:modified_time\" content=\"2026-09-04T11:41:33+00:00\" \/>\n<meta property=\"og:image\" content=\"http:\/\/corludahaber.com\/h\/wp-content\/uploads\/2026\/09\/tekirdagin-mavi-bayrakli-plajlarinda-engellilere-engel-yok_6a9aae644bf4c.jpeg\" \/>\n\t<meta property=\"og:image:width\" content=\"2300\" \/>\n\t<meta property=\"og:image:height\" content=\"1353\" \/>\n\t<meta property=\"og:image:type\" content=\"image\/jpeg\" \/>\n<meta name=\"author\" content=\"\u00c7orlu&#039;da Haber\" \/>\n<meta name=\"twitter:card\" content=\"summary_large_image\" \/>\n<meta name=\"twitter:creator\" content=\"@habercorluda\" \/>\n<meta name=\"twitter:site\" content=\"@habercorluda\" \/>\n<meta name=\"twitter:label1\" content=\"Yazan:\" \/>\n\t<meta name=\"twitter:data1\" content=\"\u00c7orlu&#039;da Haber\" \/>\n\t<meta name=\"twitter:label2\" content=\"Tahmini okuma s\u00fcresi\" \/>\n\t<meta name=\"twitter:data2\" content=\"2 dakika\" \/>\n<script type=\"application\/ld+json\" class=\"yoast-schema-graph\">{\"@context\":\"https:\/\/schema.org\",\"@graph\":[{\"@type\":\"Article\",\"@id\":\"https:\/\/corludahaber.com\/h\/tekirdagin-mavi-bayrakli-plajlarinda-engellilere-engel-yok\/124232#article\",\"isPartOf\":{\"@id\":\"https:\/\/corludahaber.com\/h\/tekirdagin-mavi-bayrakli-plajlarinda-engellilere-engel-yok\/124232\"},\"author\":{\"name\":\"\u00c7orlu'da Haber\",\"@id\":\"https:\/\/corludahaber.com\/h\/#\/schema\/person\/b523522be44b062db5d74a62589768cd\"},\"headline\":\"&#8216;Tekirda\u011f&#8217;\u0131n Mavi Bayrakl\u0131 plajlar\u0131nda engellilere engel yok&#8217;\",\"datePublished\":\"2026-09-04T11:41:18+00:00\",\"dateModified\":\"2026-09-04T11:41:33+00:00\",\"mainEntityOfPage\":{\"@id\":\"https:\/\/corludahaber.com\/h\/tekirdagin-mavi-bayrakli-plajlarinda-engellilere-engel-yok\/124232\"},\"wordCount\":440,\"commentCount\":0,\"publisher\":{\"@id\":\"https:\/\/corludahaber.com\/h\/#organization\"},\"image\":{\"@id\":\"https:\/\/corludahaber.com\/h\/tekirdagin-mavi-bayrakli-plajlarinda-engellilere-engel-yok\/124232#primaryimage\"},\"thumbnailUrl\":\"https:\/\/corludahaber.com\/h\/wp-content\/uploads\/2026\/09\/tekirdagin-mavi-bayrakli-plajlarinda-engellilere-engel-yok_6a9aae644bf4c.jpeg\",\"keywords\":[\"'Tekirda\u011f'\u0131n Mavi Bayrakl\u0131 plajlar\u0131nda engellilere engel yok'\",\"asayi\u015f\",\"BAYRAKLI\",\"\u00c7orlu kaza\",\"\u00c7orlu son dakika kaza\",\"engel\",\"engellilere\",\"PLAJLARINDA\",\"son dakika kaza\",\"Tekirda\u011f\"],\"articleSection\":[\"Ya\u015fam\"],\"inLanguage\":\"tr\",\"potentialAction\":[{\"@type\":\"CommentAction\",\"name\":\"Comment\",\"target\":[\"https:\/\/corludahaber.com\/h\/tekirdagin-mavi-bayrakli-plajlarinda-engellilere-engel-yok\/124232#respond\"]}]},{\"@type\":\"WebPage\",\"@id\":\"https:\/\/corludahaber.com\/h\/tekirdagin-mavi-bayrakli-plajlarinda-engellilere-engel-yok\/124232\",\"url\":\"https:\/\/corludahaber.com\/h\/tekirdagin-mavi-bayrakli-plajlarinda-engellilere-engel-yok\/124232\",\"name\":\"'Tekirda\u011f'\u0131n Mavi Bayrakl\u0131 plajlar\u0131nda engellilere engel yok' | \u00c7orlu&#039;da Haber\",\"isPartOf\":{\"@id\":\"https:\/\/corludahaber.com\/h\/#website\"},\"primaryImageOfPage\":{\"@id\":\"https:\/\/corludahaber.com\/h\/tekirdagin-mavi-bayrakli-plajlarinda-engellilere-engel-yok\/124232#primaryimage\"},\"image\":{\"@id\":\"https:\/\/corludahaber.com\/h\/tekirdagin-mavi-bayrakli-plajlarinda-engellilere-engel-yok\/124232#primaryimage\"},\"thumbnailUrl\":\"https:\/\/corludahaber.com\/h\/wp-content\/uploads\/2026\/09\/tekirdagin-mavi-bayrakli-plajlarinda-engellilere-engel-yok_6a9aae644bf4c.jpeg\",\"datePublished\":\"2026-09-04T11:41:18+00:00\",\"dateModified\":\"2026-09-04T11:41:33+00:00\",\"description\":\"'Tekirda\u011f'\u0131n Mavi Bayrakl\u0131 plajlar\u0131nda engellilere engel yok' | \u00c7orlu&#039;da Haber\",\"breadcrumb\":{\"@id\":\"https:\/\/corludahaber.com\/h\/tekirdagin-mavi-bayrakli-plajlarinda-engellilere-engel-yok\/124232#breadcrumb\"},\"inLanguage\":\"tr\",\"potentialAction\":[{\"@type\":\"ReadAction\",\"target\":[\"https:\/\/corludahaber.com\/h\/tekirdagin-mavi-bayrakli-plajlarinda-engellilere-engel-yok\/124232\"]}]},{\"@type\":\"ImageObject\",\"inLanguage\":\"tr\",\"@id\":\"https:\/\/corludahaber.com\/h\/tekirdagin-mavi-bayrakli-plajlarinda-engellilere-engel-yok\/124232#primaryimage\",\"url\":\"https:\/\/corludahaber.com\/h\/wp-content\/uploads\/2026\/09\/tekirdagin-mavi-bayrakli-plajlarinda-engellilere-engel-yok_6a9aae644bf4c.jpeg\",\"contentUrl\":\"https:\/\/corludahaber.com\/h\/wp-content\/uploads\/2026\/09\/tekirdagin-mavi-bayrakli-plajlarinda-engellilere-engel-yok_6a9aae644bf4c.jpeg\",\"width\":2300,\"height\":1353},{\"@type\":\"BreadcrumbList\",\"@id\":\"https:\/\/corludahaber.com\/h\/tekirdagin-mavi-bayrakli-plajlarinda-engellilere-engel-yok\/124232#breadcrumb\",\"itemListElement\":[{\"@type\":\"ListItem\",\"position\":1,\"name\":\"Anasayfa\",\"item\":\"https:\/\/corludahaber.com\/h\/anasayfa\"},{\"@type\":\"ListItem\",\"position\":2,\"name\":\"Ya\u015fam\",\"item\":\"https:\/\/corludahaber.com\/h\/kategori\/yasam\"},{\"@type\":\"ListItem\",\"position\":3,\"name\":\"&#8216;Tekirda\u011f&#8217;\u0131n Mavi Bayrakl\u0131 plajlar\u0131nda engellilere engel yok&#8217;\"}]},{\"@type\":\"WebSite\",\"@id\":\"https:\/\/corludahaber.com\/h\/#website\",\"url\":\"https:\/\/corludahaber.com\/h\/\",\"name\":\"\u00c7orlu'da Haber\",\"description\":\"Ger\u00e7ek Tarafs\u0131z Haber\",\"publisher\":{\"@id\":\"https:\/\/corludahaber.com\/h\/#organization\"},\"potentialAction\":[{\"@type\":\"SearchAction\",\"target\":{\"@type\":\"EntryPoint\",\"urlTemplate\":\"https:\/\/corludahaber.com\/h\/?s={search_term_string}\"},\"query-input\":\"required name=search_term_string\"}],\"inLanguage\":\"tr\"},{\"@type\":\"Organization\",\"@id\":\"https:\/\/corludahaber.com\/h\/#organization\",\"name\":\"\u00c7orlu'da Haber\",\"url\":\"https:\/\/corludahaber.com\/h\/\",\"logo\":{\"@type\":\"ImageObject\",\"inLanguage\":\"tr\",\"@id\":\"https:\/\/corludahaber.com\/h\/#\/schema\/logo\/image\/\",\"url\":\"https:\/\/corludahaber.com\/h\/wp-content\/uploads\/2021\/12\/logo__9__1_-removebg-preview.png\",\"contentUrl\":\"https:\/\/corludahaber.com\/h\/wp-content\/uploads\/2021\/12\/logo__9__1_-removebg-preview.png\",\"width\":500,\"height\":157,\"caption\":\"\u00c7orlu'da Haber\"},\"image\":{\"@id\":\"https:\/\/corludahaber.com\/h\/#\/schema\/logo\/image\/\"},\"sameAs\":[\"https:\/\/facebook.com\/habercorluda\",\"https:\/\/x.com\/habercorluda\",\"https:\/\/www.instagram.com\/corludahaber\",\"https:\/\/www.youtube.com\/user\/corludahaber\"]},{\"@type\":\"Person\",\"@id\":\"https:\/\/corludahaber.com\/h\/#\/schema\/person\/b523522be44b062db5d74a62589768cd\",\"name\":\"\u00c7orlu'da Haber\",\"image\":{\"@type\":\"ImageObject\",\"inLanguage\":\"tr\",\"@id\":\"https:\/\/corludahaber.com\/h\/#\/schema\/person\/image\/\",\"url\":\"https:\/\/secure.gravatar.com\/avatar\/1033e54e078c29fd7f053370086ff627ba414b05c2b231c418a481adecd764ce?s=96&d=blank&r=g\",\"contentUrl\":\"https:\/\/secure.gravatar.com\/avatar\/1033e54e078c29fd7f053370086ff627ba414b05c2b231c418a481adecd764ce?s=96&d=blank&r=g\",\"caption\":\"\u00c7orlu'da Haber\"},\"sameAs\":[\"https:\/\/corludahaber.com\/h\"],\"url\":\"https:\/\/corludahaber.com\/h\/author\/admin\"}]}<\/script>\n<!-- \/ Yoast SEO Premium plugin. -->","yoast_head_json":{"title":"'Tekirda\u011f'\u0131n Mavi Bayrakl\u0131 plajlar\u0131nda engellilere engel yok' | \u00c7orlu&#039;da Haber","description":"'Tekirda\u011f'\u0131n Mavi Bayrakl\u0131 plajlar\u0131nda engellilere engel yok' | \u00c7orlu&#039;da Haber","robots":{"index":"index","follow":"follow","max-snippet":"max-snippet:-1","max-image-preview":"max-image-preview:large","max-video-preview":"max-video-preview:-1"},"canonical":"https:\/\/corludahaber.com\/h\/tekirdagin-mavi-bayrakli-plajlarinda-engellilere-engel-yok\/124232","og_locale":"tr_TR","og_type":"article","og_title":"'Tekirda\u011f'\u0131n Mavi Bayrakl\u0131 plajlar\u0131nda engellilere engel yok' | \u00c7orlu&#039;da Haber","og_description":"'Tekirda\u011f'\u0131n Mavi Bayrakl\u0131 plajlar\u0131nda engellilere engel yok' | \u00c7orlu&#039;da Haber","og_url":"https:\/\/corludahaber.com\/h\/tekirdagin-mavi-bayrakli-plajlarinda-engellilere-engel-yok\/124232","og_site_name":"\u00c7orlu&#039;da Haber","article_publisher":"https:\/\/facebook.com\/habercorluda","article_published_time":"2026-09-04T11:41:18+00:00","article_modified_time":"2026-09-04T11:41:33+00:00","og_image":[{"width":2300,"height":1353,"url":"http:\/\/corludahaber.com\/h\/wp-content\/uploads\/2026\/09\/tekirdagin-mavi-bayrakli-plajlarinda-engellilere-engel-yok_6a9aae644bf4c.jpeg","type":"image\/jpeg"}],"author":"\u00c7orlu'da Haber","twitter_card":"summary_large_image","twitter_creator":"@habercorluda","twitter_site":"@habercorluda","twitter_misc":{"Yazan:":"\u00c7orlu'da Haber","Tahmini okuma s\u00fcresi":"2 dakika"},"schema":{"@context":"https:\/\/schema.org","@graph":[{"@type":"Article","@id":"https:\/\/corludahaber.com\/h\/tekirdagin-mavi-bayrakli-plajlarinda-engellilere-engel-yok\/124232#article","isPartOf":{"@id":"https:\/\/corludahaber.com\/h\/tekirdagin-mavi-bayrakli-plajlarinda-engellilere-engel-yok\/124232"},"author":{"name":"\u00c7orlu'da Haber","@id":"https:\/\/corludahaber.com\/h\/#\/schema\/person\/b523522be44b062db5d74a62589768cd"},"headline":"&#8216;Tekirda\u011f&#8217;\u0131n Mavi Bayrakl\u0131 plajlar\u0131nda engellilere engel yok&#8217;","datePublished":"2026-09-04T11:41:18+00:00","dateModified":"2026-09-04T11:41:33+00:00","mainEntityOfPage":{"@id":"https:\/\/corludahaber.com\/h\/tekirdagin-mavi-bayrakli-plajlarinda-engellilere-engel-yok\/124232"},"wordCount":440,"commentCount":0,"publisher":{"@id":"https:\/\/corludahaber.com\/h\/#organization"},"image":{"@id":"https:\/\/corludahaber.com\/h\/tekirdagin-mavi-bayrakli-plajlarinda-engellilere-engel-yok\/124232#primaryimage"},"thumbnailUrl":"https:\/\/corludahaber.com\/h\/wp-content\/uploads\/2026\/09\/tekirdagin-mavi-bayrakli-plajlarinda-engellilere-engel-yok_6a9aae644bf4c.jpeg","keywords":["'Tekirda\u011f'\u0131n Mavi Bayrakl\u0131 plajlar\u0131nda engellilere engel yok'","asayi\u015f","BAYRAKLI","\u00c7orlu kaza","\u00c7orlu son dakika kaza","engel","engellilere","PLAJLARINDA","son dakika kaza","Tekirda\u011f"],"articleSection":["Ya\u015fam"],"inLanguage":"tr","potentialAction":[{"@type":"CommentAction","name":"Comment","target":["https:\/\/corludahaber.com\/h\/tekirdagin-mavi-bayrakli-plajlarinda-engellilere-engel-yok\/124232#respond"]}]},{"@type":"WebPage","@id":"https:\/\/corludahaber.com\/h\/tekirdagin-mavi-bayrakli-plajlarinda-engellilere-engel-yok\/124232","url":"https:\/\/corludahaber.com\/h\/tekirdagin-mavi-bayrakli-plajlarinda-engellilere-engel-yok\/124232","name":"'Tekirda\u011f'\u0131n Mavi Bayrakl\u0131 plajlar\u0131nda engellilere engel yok' | \u00c7orlu&#039;da Haber","isPartOf":{"@id":"https:\/\/corludahaber.com\/h\/#website"},"primaryImageOfPage":{"@id":"https:\/\/corludahaber.com\/h\/tekirdagin-mavi-bayrakli-plajlarinda-engellilere-engel-yok\/124232#primaryimage"},"image":{"@id":"https:\/\/corludahaber.com\/h\/tekirdagin-mavi-bayrakli-plajlarinda-engellilere-engel-yok\/124232#primaryimage"},"thumbnailUrl":"https:\/\/corludahaber.com\/h\/wp-content\/uploads\/2026\/09\/tekirdagin-mavi-bayrakli-plajlarinda-engellilere-engel-yok_6a9aae644bf4c.jpeg","datePublished":"2026-09-04T11:41:18+00:00","dateModified":"2026-09-04T11:41:33+00:00","description":"'Tekirda\u011f'\u0131n Mavi Bayrakl\u0131 plajlar\u0131nda engellilere engel yok' | \u00c7orlu&#039;da Haber","breadcrumb":{"@id":"https:\/\/corludahaber.com\/h\/tekirdagin-mavi-bayrakli-plajlarinda-engellilere-engel-yok\/124232#breadcrumb"},"inLanguage":"tr","potentialAction":[{"@type":"ReadAction","target":["https:\/\/corludahaber.com\/h\/tekirdagin-mavi-bayrakli-plajlarinda-engellilere-engel-yok\/124232"]}]},{"@type":"ImageObject","inLanguage":"tr","@id":"https:\/\/corludahaber.com\/h\/tekirdagin-mavi-bayrakli-plajlarinda-engellilere-engel-yok\/124232#primaryimage","url":"https:\/\/corludahaber.com\/h\/wp-content\/uploads\/2026\/09\/tekirdagin-mavi-bayrakli-plajlarinda-engellilere-engel-yok_6a9aae644bf4c.jpeg","contentUrl":"https:\/\/corludahaber.com\/h\/wp-content\/uploads\/2026\/09\/tekirdagin-mavi-bayrakli-plajlarinda-engellilere-engel-yok_6a9aae644bf4c.jpeg","width":2300,"height":1353},{"@type":"BreadcrumbList","@id":"https:\/\/corludahaber.com\/h\/tekirdagin-mavi-bayrakli-plajlarinda-engellilere-engel-yok\/124232#breadcrumb","itemListElement":[{"@type":"ListItem","position":1,"name":"Anasayfa","item":"https:\/\/corludahaber.com\/h\/anasayfa"},{"@type":"ListItem","position":2,"name":"Ya\u015fam","item":"https:\/\/corludahaber.com\/h\/kategori\/yasam"},{"@type":"ListItem","position":3,"name":"&#8216;Tekirda\u011f&#8217;\u0131n Mavi Bayrakl\u0131 plajlar\u0131nda engellilere engel yok&#8217;"}]},{"@type":"WebSite","@id":"https:\/\/corludahaber.com\/h\/#website","url":"https:\/\/corludahaber.com\/h\/","name":"\u00c7orlu'da Haber","description":"Ger\u00e7ek Tarafs\u0131z Haber","publisher":{"@id":"https:\/\/corludahaber.com\/h\/#organization"},"potentialAction":[{"@type":"SearchAction","target":{"@type":"EntryPoint","urlTemplate":"https:\/\/corludahaber.com\/h\/?s={search_term_string}"},"query-input":"required name=search_term_string"}],"inLanguage":"tr"},{"@type":"Organization","@id":"https:\/\/corludahaber.com\/h\/#organization","name":"\u00c7orlu'da Haber","url":"https:\/\/corludahaber.com\/h\/","logo":{"@type":"ImageObject","inLanguage":"tr","@id":"https:\/\/corludahaber.com\/h\/#\/schema\/logo\/image\/","url":"https:\/\/corludahaber.com\/h\/wp-content\/uploads\/2021\/12\/logo__9__1_-removebg-preview.png","contentUrl":"https:\/\/corludahaber.com\/h\/wp-content\/uploads\/2021\/12\/logo__9__1_-removebg-preview.png","width":500,"height":157,"caption":"\u00c7orlu'da Haber"},"image":{"@id":"https:\/\/corludahaber.com\/h\/#\/schema\/logo\/image\/"},"sameAs":["https:\/\/facebook.com\/habercorluda","https:\/\/x.com\/habercorluda","https:\/\/www.instagram.com\/corludahaber","https:\/\/www.youtube.com\/user\/corludahaber"]},{"@type":"Person","@id":"https:\/\/corludahaber.com\/h\/#\/schema\/person\/b523522be44b062db5d74a62589768cd","name":"\u00c7orlu'da Haber","image":{"@type":"ImageObject","inLanguage":"tr","@id":"https:\/\/corludahaber.com\/h\/#\/schema\/person\/image\/","url":"https:\/\/secure.gravatar.com\/avatar\/1033e54e078c29fd7f053370086ff627ba414b05c2b231c418a481adecd764ce?s=96&d=blank&r=g","contentUrl":"https:\/\/secure.gravatar.com\/avatar\/1033e54e078c29fd7f053370086ff627ba414b05c2b231c418a481adecd764ce?s=96&d=blank&r=g","caption":"\u00c7orlu'da Haber"},"sameAs":["https:\/\/corludahaber.com\/h"],"url":"https:\/\/corludahaber.com\/h\/author\/admin"}]}},"_links":{"self":[{"href":"https:\/\/corludahaber.com\/h\/wp-json\/wp\/v2\/posts\/124232","targetHints":{"allow":["GET"]}}],"collection":[{"href":"https:\/\/corludahaber.com\/h\/wp-json\/wp\/v2\/posts"}],"about":[{"href":"https:\/\/corludahaber.com\/h\/wp-json\/wp\/v2\/types\/post"}],"author":[{"embeddable":true,"href":"https:\/\/corludahaber.com\/h\/wp-json\/wp\/v2\/users\/151"}],"replies":[{"embeddable":true,"href":"https:\/\/corludahaber.com\/h\/wp-json\/wp\/v2\/comments?post=124232"}],"version-history":[{"count":1,"href":"https:\/\/corludahaber.com\/h\/wp-json\/wp\/v2\/posts\/124232\/revisions"}],"predecessor-version":[{"id":124237,"href":"https:\/\/corludahaber.com\/h\/wp-json\/wp\/v2\/posts\/124232\/revisions\/124237"}],"wp:featuredmedia":[{"embeddable":true,"href":"https:\/\/corludahaber.com\/h\/wp-json\/wp\/v2\/media\/124234"}],"wp:attachment":[{"href":"https:\/\/corludahaber.com\/h\/wp-json\/wp\/v2\/media?parent=124232"}],"wp:term":[{"taxonomy":"category","embeddable":true,"href":"https:\/\/corludahaber.com\/h\/wp-json\/wp\/v2\/categories?post=124232"},{"taxonomy":"post_tag","embeddable":true,"href":"https:\/\/corludahaber.com\/h\/wp-json\/wp\/v2\/tags?post=124232"}],"curies":[{"name":"wp","href":"https:\/\/api.w.org\/{rel}","templated":true}]}}