{"id":124229,"date":"2026-09-04T13:44:43","date_gmt":"2026-09-04T10:44:43","guid":{"rendered":"https:\/\/corludahaber.com\/h\/eylul-ayi-olagan-meclis-toplantisi-gerceklestirildi\/124229"},"modified":"2026-09-04T13:44:51","modified_gmt":"2026-09-04T10:44:51","slug":"eylul-ayi-olagan-meclis-toplantisi-gerceklestirildi","status":"publish","type":"post","link":"https:\/\/corludahaber.com\/h\/eylul-ayi-olagan-meclis-toplantisi-gerceklestirildi\/124229","title":{"rendered":"Eyl\u00fcl Ay\u0131 Ola\u011fan Meclis Toplant\u0131s\u0131 Ger\u00e7ekle\u015ftirildi"},"content":{"rendered":"<div class=\"corlu-icerikten-once_3\" id=\"corlu-2174800996\"><script type='text\/javascript' src='https:\/\/platform-api.sharethis.com\/js\/sharethis.js#property=5ce8cf08af7d000012cb0ca1&product=inline-reaction-buttons' async='async'><\/script>\r\n\r\n<\/div><p>\u00c7orlu Belediyesi Eyl\u00fcl ay\u0131 ola\u011fan meclis toplant\u0131s\u0131 ger\u00e7ekle\u015ftirildi.<\/p><div class=\"corlu-icerik-2\" id=\"corlu-1946346232\"><!-- Admatic AUTO ads START -->\r\n<ins data-publisher=\"adm-pub-155556240050\" data-ad-network=\"659428a24d11b285b616c18d\"   class=\"adm-ads-area\"><\/ins>\r\n<script type=\"text\/javascript\" src=\"https:\/\/static.cdn.admatic.com.tr\/showad\/showad.min.js\"><\/script>\r\n<!-- Admatic AUTO ads END --><\/div>\n<p>\u00c7orlu Belediyesi Meclis Toplant\u0131 Salonu&#8217;nda \u00c7orlu Belediye Ba\u015fkan\u0131 Ahmet Sar\u0131kurt ba\u015fkanl\u0131\u011f\u0131nda ger\u00e7ekle\u015ftirilen toplant\u0131da g\u00fcndem maddeleri g\u00f6r\u00fc\u015f\u00fclerek karara ba\u011fland\u0131.<\/p>\n<p>Eyl\u00fcl ay\u0131 ola\u011fan meclis toplant\u0131s\u0131nda al\u0131nan kararlar \u015fu \u015fekilde oldu:<\/p>\n<p>&#8211; \u0130mar Komisyonu \u00fcyeliklerine Bilgehan \u00c7a\u011flar, Yunus Emre S\u00fcl\u00fcn, Ertan Arslan, Regaip Gamze Onay ve Ate\u015f Akdere se\u00e7ildi.<\/p>\n<p>&#8211; Plan ve B\u00fct\u00e7e Komisyonu \u00fcyeliklerine Volkan \u00c7etiner, Fatma Er\u00f6zkan, Zakir \u00d6zt\u00fcrk, Onur Y\u0131ld\u0131z ve Mehmet Usta se\u00e7ildi.<\/p>\n<p>&#8211; \u0130\u00e7 \u0130\u015fleri Komisyonu \u00fcyeliklerine G\u00fclcan Sakall\u0131, Turgay Kumlu, Ecevit Karaca, G\u00fcllistan Y\u0131lmaz ve Erdo\u011fan Tercan se\u00e7ildi.<\/p>\n<p>&#8211; E\u011fitim, K\u00fclt\u00fcr, Gen\u00e7lik ve Spor Komisyonu \u00fcyeliklerine \u0130nci G\u00fcnay, Zakir \u00d6zt\u00fcrk, H\u00fclya Perin Meri\u00e7, Volkan \u00c7etiner ve Emirhan \u015eengelir se\u00e7ildi.<\/p>\n<p>&#8211; Ula\u015f\u0131m Komisyonu \u00fcyeliklerine G\u00fcner \u00c7etin, Ferhat Kurtulmu\u015f, Do\u011fukan Da\u011f, Ertan Arslan ve Emirhan \u015eengelir se\u00e7ildi.<\/p>\n<p>&#8211; \u00c7evre ve Sa\u011fl\u0131k Komisyonu \u00fcyeliklerine Regaip Gamze Onay, Onur Y\u0131ld\u0131z, Rana Ay\u015fe Ar\u0131m, Zakir \u00d6zt\u00fcrk ve Emirhan \u015eengelir se\u00e7ildi.<\/p>\n<p>&#8211; Kad\u0131n Dayan\u0131\u015fma ve Destekleme Komisyonu \u00fcyeliklerine Fatma Er\u00f6zkan, Regaip Gamze Onay, H\u00fclya Perin Meri\u00e7, Neriman \u00c7ivici ve Yelda Tuncer se\u00e7ildi.<\/p>\n<p>&#8211; Sosyal Etkinlikler ve STK\u2019lar Komisyonu \u00fcyeliklerine Regaip Gamze Onay, Telat Keskin, Erhan Yarar, Rana Ay\u015fe Ar\u0131m ve Neriman \u00c7ivici se\u00e7ildi.<\/p>\n<p>&#8211; Tar\u0131m, Hayvanc\u0131l\u0131k ve Orman Komisyonu \u00fcyeliklerine Erhan Yarar, Caner Kaya, G\u00fcllistan Y\u0131lmaz, H\u00fclya Perin Meri\u00e7 ve Metehan Kumyol se\u00e7ildi.<\/p>\n<p>&#8211; Afet Komisyonu \u00fcyeliklerine Yunus Emre S\u00fcl\u00fcn, Ecevit Karaca, Bilgehan \u00c7a\u011flar, Ecevit Karaca ve Yelda Tuncer se\u00e7ildi.<\/p>\n<p>&#8211; Hayvan Haklar\u0131 Komisyonu \u00fcyeliklerine Regaip Gamze Onay, Onur Y\u0131ld\u0131z, G\u00fcllistan Y\u0131lmaz, Rana Ay\u015fe Ar\u0131m ve Yelda Tuncer se\u00e7ildi.<\/p>\n<p>&#8211; M\u00fclkiyeti \u00c7orlu Belediye Ba\u015fkanl\u0131\u011f\u0131na ait T\u00fcrkg\u00fcc\u00fc Mahallesi 837 Parsel, \u00d6nerler Mahallesi 337 Ada 4 Parsel, Sa\u011fl\u0131k Mahallesi 150 Parsel, Sar\u0131lar 1050 Parsel, Hatip Mahallesi 2678 Ada 99999 Parsel, 2676 Ada 99999 Parsel, 3194 Ada 1 Parsel, 2674 Ada 99999 Parsel, 2679 Ada 1 Parsel ve Yenice Mahallesi 287 Ada 1 Parsel de bulunan tarlalar\u0131n \u00c7orlu Belediyesi Park ve Bah\u00e7eler M\u00fcd\u00fcrl\u00fc\u011f\u00fc taraf\u0131ndan ekilmesi sonucu elde edilen bu\u011fday mahsul\u00fcn\u00fcn i\u015flenerek 10 kg\u2019l\u0131k paketli un h\u00e2line d\u00f6n\u00fc\u015ft\u00fcr\u00fcl\u00fcp Sosyal Hizmetler M\u00fcd\u00fcrl\u00fc\u011f\u00fc taraf\u0131ndan A\u015fevi\u2019nde kullan\u0131lmas\u0131 ve Dost Market arac\u0131l\u0131\u011f\u0131yla ihtiya\u00e7 sahibi vatanda\u015flara \u00fccretsiz olarak verilmesi i\u00e7in Lale Un G\u0131da San. ve Tic. Ltd. \u015eti. ile bir sosyal sorumluluk protokol\u00fc yap\u0131lmak \u00fczere \u00c7orlu Belediye Ba\u015fkan\u0131 Ahmet Sar\u0131kurt\u2019a yetki verilmesi konusu g\u00f6r\u00fc\u015f\u00fclerek oy birli\u011fiyle kabul edildi.<\/p>\n<p>&#8211; M\u00fclkiyeti \u00c7orlu Belediye Ba\u015fkanl\u0131\u011f\u0131na ait Sar\u0131lar Mahallesi 138 Ada 1 Parsel, 1201 Parsel, 2160 Parsel, 905 Parsel, Seymen Mahallesi Kamuya Terk Alan ve Yenice Mahallesi 265 Ada 1 Parsel de bulunan tarlalar\u0131n \u00c7orlu Belediyesi Park ve Bah\u00e7eler M\u00fcd\u00fcrl\u00fc\u011f\u00fc taraf\u0131ndan ekilmesi sonucu elde edilen ay\u00e7i\u00e7e\u011fi \u00e7ekirde\u011fi mahsul\u00fcn\u00fcn i\u015flenerek 1 lt\u2019lik ay\u00e7i\u00e7ek ya\u011f\u0131 h\u00e2line d\u00f6n\u00fc\u015ft\u00fcr\u00fcl\u00fcp Sosyal Hizmetler M\u00fcd\u00fcrl\u00fc\u011f\u00fc taraf\u0131ndan A\u015fevi\u2019nde kullan\u0131lmas\u0131 ve Dost Market arac\u0131l\u0131\u011f\u0131yla ihtiya\u00e7 sahibi vatanda\u015flara \u00fccretsiz olarak verilmesi i\u00e7in Trakya Ya\u011fl\u0131 Tohumlar Tar\u0131m Sat\u0131\u015f Kooperatifler Birli\u011fi ile bir sosyal sorumluluk protokol\u00fc yap\u0131lmak \u00fczere \u00c7orlu Belediye Ba\u015fkan\u0131 Ahmet Sar\u0131kurt\u2019a yetki verilmesi konusu g\u00f6r\u00fc\u015f\u00fclerek oy birli\u011fiyle kabul edildi.<\/p>\n<p>&#8211; \u00c7orlu Belediyesi Park ve Bah\u00e7eler M\u00fcd\u00fcrl\u00fc\u011f\u00fc taraf\u0131ndan hizmete a\u00e7\u0131lmas\u0131 planlanan Selfie Park&#8217;\u0131n g\u00fcvenli\u011finin 5188 say\u0131l\u0131 \u00d6zel G\u00fcvenlik Hizmetlerine Dair Kanun kapsam\u0131nda \u00f6zel g\u00fcvenlik hizmeti marifetiyle sa\u011flanmas\u0131 amac\u0131yla \u00c7orlu Belediyesi Personel A.\u015e.&#8217;den temin edilecek personel hususu g\u00f6r\u00fc\u015f\u00fclerek oy birli\u011fiyle kabul edildi.<\/p>\n<p>&#8211; \u00c7orlu\u2019nun Filizleri projesi kapsam\u0131nda \u00fcniversite \u00f6\u011frencilerine verilecek y\u00fcksek\u00f6\u011frenim bursu \u00f6\u011frenci say\u0131s\u0131 ve burs bedelinin belirlenmesi konusunun g\u00f6r\u00fc\u015f\u00fclmek \u00fczere Plan ve B\u00fct\u00e7e Komisyonuna havalesi oy birli\u011fi ile kabul edildi.<\/p>\n<p>&#8211; Meclis \u00dcyesi Turgay Kumlu taraf\u0131ndan okunan \u0130\u00e7 \u0130\u015fleri Komisyonu raporu, oy birli\u011fiyle kabul edildi.<\/p>\n<p>&#8211; \u0130mar plan\u0131 de\u011fi\u015fikliklerinin g\u00f6r\u00fc\u015f\u00fclmek \u00fczere \u0130mar Komisyonuna havalesi oy birli\u011fiyle kabul edildi.<\/p>\n<p>&#8211; Meclis \u00dcyesi Bilgehan \u00c7a\u011flar taraf\u0131ndan okunan \u0130mar Komisyonu raporu, oy birli\u011fiyle kabul edildi.<\/p>\n<p>&#8211; \u00c7orlu Belediyesi taraf\u0131ndan hayata ge\u00e7irilen \u201cEmine-Ali Yeter \u00c7ocuk Bak\u0131m ve \u00c7ok Ama\u00e7l\u0131 E\u011fitim Merkezi\u201d projesi ile 2026 Avrupa Sosyal Hizmetler \u00d6d\u00fclleri (European Social Services Awards \u2013 ESSA) kapsam\u0131nda yap\u0131lan ba\u015fvurunun \u201c\u00c7ocuklar, Aileler ve Gen\u00e7lere Destek\u201d (Children, Families, and Youth Support) kategorisinde de\u011ferlendirilerek k\u0131sa listeye kalmaya hak kazanmas\u0131 \u00fczerine, Avrupa Sosyal A\u011f\u0131 (European Social Network \u2013 ESN) taraf\u0131ndan d\u00fczenlenen ESSA 2026 kapsam\u0131nda k\u0131sa listeye kalan projeler aras\u0131ndan \u00f6d\u00fcl kazananlar\u0131n a\u00e7\u0131klanaca\u011f\u0131 19-20 Kas\u0131m 2026 tarihlerinde \u0130talya\u2019n\u0131n Roma kentinde ger\u00e7ekle\u015ftirilecek \u00f6d\u00fcl t\u00f6renine kat\u0131l\u0131m\u0131n sa\u011flanabilmesi amac\u0131yla, 5393 say\u0131l\u0131 Belediye Kanunu\u2019nun 18\u2019inci maddesi uyar\u0131nca Belediye Ba\u015fkan\u0131 Ahmet Sar\u0131kurt ve Belediye Ba\u015fkan Yard\u0131mc\u0131s\u0131 Hakan \u00d6zt\u00fcrk\u2019\u00fcn yurt d\u0131\u015f\u0131 g\u00f6revlendirmelerinin yap\u0131lmas\u0131 ve proje kapsam\u0131nda ger\u00e7ekle\u015ftirilecek gerekli harcamalar\u0131n belediye b\u00fct\u00e7esinden kar\u015f\u0131lanmas\u0131na ili\u015fkin meclis karar\u0131n\u0131n al\u0131nmas\u0131 hususu g\u00f6r\u00fc\u015f\u00fclerek oy birli\u011fiyle kabul edildi.<\/p>\n<p>&#8211; Hiro\u015fima\u2019ya atom bombas\u0131 at\u0131lmas\u0131n\u0131n 81\u2019inci y\u0131l d\u00f6n\u00fcm\u00fc vesilesiyle 6 A\u011fustos 2026 tarihinde d\u00fczenlenen anma t\u00f6reninde, Hiro\u015fima Belediye Ba\u015fkan\u0131 ve \u201cMayors for Peace\u201d (Bar\u0131\u015f i\u00e7in Belediye Ba\u015fkanlar\u0131) Ba\u015fkan\u0131 Matsui Kazumi taraf\u0131ndan d\u00fcnya genelindeki belediye ba\u015fkanlar\u0131na hitaben haz\u0131rlanan ve D\u0131\u015fi\u015fleri Bakanl\u0131\u011f\u0131 arac\u0131l\u0131\u011f\u0131yla \u00c7orlu Belediyesine iletilen davet mektubu do\u011frultusunda; \u00c7orlu Belediyesinin uluslararas\u0131 i\u015f birli\u011fi faaliyetlerinin geli\u015ftirilmesi, kentler aras\u0131 dayan\u0131\u015fman\u0131n g\u00fc\u00e7lendirilmesi ve bar\u0131\u015f k\u00fclt\u00fcr\u00fcn\u00fcn yayg\u0131nla\u015ft\u0131r\u0131lmas\u0131na y\u00f6nelik uluslararas\u0131 faaliyet ve projelerde yer almas\u0131 amac\u0131yla \u201cMayors for Peace\u201d a\u011f\u0131na \u00fcye olmas\u0131 ve \u00fcyelik kapsam\u0131nda y\u0131ll\u0131k 2.000 (iki bin) Japon Yeni (yakla\u015f\u0131k 600 TL) tutar\u0131ndaki \u00fcyelik aidat\u0131n\u0131n, \u00f6deme tarihindeki d\u00f6viz kuru \u00fczerinden T\u00fcrk Liras\u0131 kar\u015f\u0131l\u0131\u011f\u0131n\u0131n \u00c7orlu Belediyesi b\u00fct\u00e7esinin ilgili tertibinden kar\u015f\u0131lanmas\u0131 hususu g\u00f6r\u00fc\u015f\u00fclerek oy birli\u011fiyle kabul edildi.<\/p>\n<table style=\"text-align: left; color: #ff0000; font-weight: bold; width: 100%; height: 100%;\" border=\"1\" cellspacing=\"2\" cellpadding=\"2\">\n<tbody>\n<tr>\n<td style=\"background-color: #000000;\">\n<h5><em><span style=\"color: #ff0000;\">Bu haber <span style=\"color: #ffffff;\">\u00c7orlu Belediyesi&#8217;nin<\/span> Kendi sitesinden botlar yard\u0131m\u0131yla otomatik olarak eklenmi\u015ftir. Bu i\u00e7erikte \u00c7orlu&#8217;da Haber edit\u00f6rleri herhangi bir m\u00fcdahalede bulunmam\u0131\u015ft\u0131r.<\/span><\/em><\/h5>\n<\/td>\n<\/tr>\n<\/tbody>\n<\/table>\n<div class=\"corlu-icerikten-sonra_3\" id=\"corlu-61129745\"><p><img loading=\"lazy\" decoding=\"async\" class=\"aligncenter\" src=\"https:\/\/www.corludahaber.com\/bahcesehir.jpg\" alt=\"\" width=\"624\" height=\"196\" \/><\/p>\n<table style=\"text-align: left; width: 100%;\" border=\"1\" cellspacing=\"2\" cellpadding=\"2\">\n<tbody>\n<tr>\n<td style=\"background-color: #050805;\"><span style=\"font-size: 12pt;\"><small><small><em><strong><big><span style=\"color: #ff0000;\">Haber ve resimlerin telif haklar\u0131ndan dolay\u0131 kullan\u0131m\u0131 yasakt\u0131r<span style=\"color: #000000;\">.<\/span><\/span><span style=\"color: #000000;\">\u00a0<\/span><span style=\"color: #ffffff;\">Yaz\u0131l\u0131 izni al\u0131nmadan hi\u00e7bir yaz\u0131l\u0131, g\u00f6rsel, i\u015fitsel i\u00e7erik kopyalanamaz, de\u011fi\u015ftirilemez, yay\u0131nlanamaz veya sat\u0131lamaz. Aksi halde<\/span>\u00a0<span style=\"color: #ff0000;\">5846<span style=\"color: #ffffff;\">\u00a0<\/span><\/span><span style=\"color: #ffffff;\">say\u0131l\u0131 Fikir ve Sanat Eserleri Kanunu\u2019na ve<\/span>\u00a0<span style=\"color: #800000;\"><span style=\"color: #ff0000;\">6102<\/span><span style=\"color: #ffffff;\">\u00a0<\/span><\/span><span style=\"color: #ffffff;\">say\u0131l\u0131 maddesine g\u00f6re<\/span>\u00a0<span style=\"color: #ff0000;\">gerekli i\u015flemler uygulanacakt\u0131r.<\/span><br \/>\n<span style=\"color: #ffffff;\">\u00a9 Copyright 2014<\/span><\/big><\/strong><\/em><\/small><\/small><\/span><\/td>\n<\/tr>\n<\/tbody>\n<\/table>\n<p><small><small>\u00a0<\/small><\/small><\/p>\n<\/div>","protected":false},"excerpt":{"rendered":"<p>\u00c7orlu Belediyesi Eyl\u00fcl ay\u0131 ola\u011fan meclis toplant\u0131s\u0131 ger\u00e7ekle\u015ftirildi. \u00c7orlu Belediyesi Meclis Toplant\u0131 Salonu&#8217;nda \u00c7orlu Belediye Ba\u015fkan\u0131 Ahmet Sar\u0131kurt ba\u015fkanl\u0131\u011f\u0131nda ger\u00e7ekle\u015ftirilen toplant\u0131da g\u00fcndem maddeleri g\u00f6r\u00fc\u015f\u00fclerek karara ba\u011fland\u0131. Eyl\u00fcl ay\u0131 ola\u011fan meclis toplant\u0131s\u0131nda al\u0131nan kararlar \u015fu \u015fekilde oldu: &#8211; \u0130mar Komisyonu \u00fcyeliklerine Bilgehan \u00c7a\u011flar, Yunus Emre S\u00fcl\u00fcn, Ertan Arslan, Regaip Gamze Onay ve Ate\u015f Akdere se\u00e7ildi. &#8211; &hellip;<\/p>\n","protected":false},"author":151,"featured_media":124230,"comment_status":"closed","ping_status":"closed","sticky":false,"template":"","format":"standard","meta":{"footnotes":""},"categories":[24],"tags":[8025,9376,15478,4355,36700,885,1314,1350,3661,1315],"class_list":["post-124229","post","type-post","status-publish","format-standard","has-post-thumbnail","hentry","category-corlu","tag-asayis","tag-corlu-kaza","tag-corlu-son-dakika-kaza","tag-eylul","tag-eylul-ayi-olagan-meclis-toplantisi-gerceklestirildi","tag-gerceklestirildi","tag-meclis","tag-olagan","tag-son-dakika-kaza","tag-toplantisi"],"yoast_head":"<!-- This site is optimized with the Yoast SEO Premium plugin v23.3 (Yoast SEO v23.3) - https:\/\/yoast.com\/wordpress\/plugins\/seo\/ -->\n<title>Eyl\u00fcl Ay\u0131 Ola\u011fan Meclis Toplant\u0131s\u0131 Ger\u00e7ekle\u015ftirildi | \u00c7orlu&#039;da Haber<\/title>\n<meta name=\"description\" content=\"Eyl\u00fcl Ay\u0131 Ola\u011fan Meclis Toplant\u0131s\u0131 Ger\u00e7ekle\u015ftirildi | \u00c7orlu&#039;da Haber\" \/>\n<meta name=\"robots\" content=\"index, follow, max-snippet:-1, max-image-preview:large, max-video-preview:-1\" \/>\n<link rel=\"canonical\" href=\"https:\/\/corludahaber.com\/h\/eylul-ayi-olagan-meclis-toplantisi-gerceklestirildi\/124229\" \/>\n<meta property=\"og:locale\" content=\"tr_TR\" \/>\n<meta property=\"og:type\" content=\"article\" \/>\n<meta property=\"og:title\" content=\"Eyl\u00fcl Ay\u0131 Ola\u011fan Meclis Toplant\u0131s\u0131 Ger\u00e7ekle\u015ftirildi | \u00c7orlu&#039;da Haber\" \/>\n<meta property=\"og:description\" content=\"Eyl\u00fcl Ay\u0131 Ola\u011fan Meclis Toplant\u0131s\u0131 Ger\u00e7ekle\u015ftirildi | \u00c7orlu&#039;da Haber\" \/>\n<meta property=\"og:url\" content=\"https:\/\/corludahaber.com\/h\/eylul-ayi-olagan-meclis-toplantisi-gerceklestirildi\/124229\" \/>\n<meta property=\"og:site_name\" content=\"\u00c7orlu&#039;da Haber\" \/>\n<meta property=\"article:publisher\" content=\"https:\/\/facebook.com\/habercorluda\" \/>\n<meta property=\"article:published_time\" content=\"2026-09-04T10:44:43+00:00\" \/>\n<meta property=\"article:modified_time\" content=\"2026-09-04T10:44:51+00:00\" \/>\n<meta property=\"og:image\" content=\"http:\/\/corludahaber.com\/h\/wp-content\/uploads\/2026\/09\/eylul-ayi-olagan-meclis-toplantisi-gerceklestirildi_6a9aa12203a67.jpeg\" \/>\n\t<meta property=\"og:image:width\" content=\"832\" \/>\n\t<meta property=\"og:image:height\" content=\"407\" \/>\n\t<meta property=\"og:image:type\" content=\"image\/jpeg\" \/>\n<meta name=\"author\" content=\"\u00c7orlu&#039;da Haber\" \/>\n<meta name=\"twitter:card\" content=\"summary_large_image\" \/>\n<meta name=\"twitter:creator\" content=\"@habercorluda\" \/>\n<meta name=\"twitter:site\" content=\"@habercorluda\" \/>\n<meta name=\"twitter:label1\" content=\"Yazan:\" \/>\n\t<meta name=\"twitter:data1\" content=\"\u00c7orlu&#039;da Haber\" \/>\n\t<meta name=\"twitter:label2\" content=\"Tahmini okuma s\u00fcresi\" \/>\n\t<meta name=\"twitter:data2\" content=\"6 dakika\" \/>\n<script type=\"application\/ld+json\" class=\"yoast-schema-graph\">{\"@context\":\"https:\/\/schema.org\",\"@graph\":[{\"@type\":\"Article\",\"@id\":\"https:\/\/corludahaber.com\/h\/eylul-ayi-olagan-meclis-toplantisi-gerceklestirildi\/124229#article\",\"isPartOf\":{\"@id\":\"https:\/\/corludahaber.com\/h\/eylul-ayi-olagan-meclis-toplantisi-gerceklestirildi\/124229\"},\"author\":{\"name\":\"\u00c7orlu'da Haber\",\"@id\":\"https:\/\/corludahaber.com\/h\/#\/schema\/person\/b523522be44b062db5d74a62589768cd\"},\"headline\":\"Eyl\u00fcl Ay\u0131 Ola\u011fan Meclis Toplant\u0131s\u0131 Ger\u00e7ekle\u015ftirildi\",\"datePublished\":\"2026-09-04T10:44:43+00:00\",\"dateModified\":\"2026-09-04T10:44:51+00:00\",\"mainEntityOfPage\":{\"@id\":\"https:\/\/corludahaber.com\/h\/eylul-ayi-olagan-meclis-toplantisi-gerceklestirildi\/124229\"},\"wordCount\":1141,\"publisher\":{\"@id\":\"https:\/\/corludahaber.com\/h\/#organization\"},\"image\":{\"@id\":\"https:\/\/corludahaber.com\/h\/eylul-ayi-olagan-meclis-toplantisi-gerceklestirildi\/124229#primaryimage\"},\"thumbnailUrl\":\"https:\/\/corludahaber.com\/h\/wp-content\/uploads\/2026\/09\/eylul-ayi-olagan-meclis-toplantisi-gerceklestirildi_6a9aa12203a67.jpeg\",\"keywords\":[\"asayi\u015f\",\"\u00c7orlu kaza\",\"\u00c7orlu son dakika kaza\",\"Eyl\u00fcl\",\"Eyl\u00fcl Ay\u0131 Ola\u011fan Meclis Toplant\u0131s\u0131 Ger\u00e7ekle\u015ftirildi\",\"Ger\u00e7ekle\u015ftirildi\",\"Meclis\",\"Ola\u011fan\",\"son dakika kaza\",\"Toplant\u0131s\u0131\"],\"articleSection\":[\"\u00c7orlu\"],\"inLanguage\":\"tr\"},{\"@type\":\"WebPage\",\"@id\":\"https:\/\/corludahaber.com\/h\/eylul-ayi-olagan-meclis-toplantisi-gerceklestirildi\/124229\",\"url\":\"https:\/\/corludahaber.com\/h\/eylul-ayi-olagan-meclis-toplantisi-gerceklestirildi\/124229\",\"name\":\"Eyl\u00fcl Ay\u0131 Ola\u011fan Meclis Toplant\u0131s\u0131 Ger\u00e7ekle\u015ftirildi | \u00c7orlu&#039;da Haber\",\"isPartOf\":{\"@id\":\"https:\/\/corludahaber.com\/h\/#website\"},\"primaryImageOfPage\":{\"@id\":\"https:\/\/corludahaber.com\/h\/eylul-ayi-olagan-meclis-toplantisi-gerceklestirildi\/124229#primaryimage\"},\"image\":{\"@id\":\"https:\/\/corludahaber.com\/h\/eylul-ayi-olagan-meclis-toplantisi-gerceklestirildi\/124229#primaryimage\"},\"thumbnailUrl\":\"https:\/\/corludahaber.com\/h\/wp-content\/uploads\/2026\/09\/eylul-ayi-olagan-meclis-toplantisi-gerceklestirildi_6a9aa12203a67.jpeg\",\"datePublished\":\"2026-09-04T10:44:43+00:00\",\"dateModified\":\"2026-09-04T10:44:51+00:00\",\"description\":\"Eyl\u00fcl Ay\u0131 Ola\u011fan Meclis Toplant\u0131s\u0131 Ger\u00e7ekle\u015ftirildi | \u00c7orlu&#039;da Haber\",\"breadcrumb\":{\"@id\":\"https:\/\/corludahaber.com\/h\/eylul-ayi-olagan-meclis-toplantisi-gerceklestirildi\/124229#breadcrumb\"},\"inLanguage\":\"tr\",\"potentialAction\":[{\"@type\":\"ReadAction\",\"target\":[\"https:\/\/corludahaber.com\/h\/eylul-ayi-olagan-meclis-toplantisi-gerceklestirildi\/124229\"]}]},{\"@type\":\"ImageObject\",\"inLanguage\":\"tr\",\"@id\":\"https:\/\/corludahaber.com\/h\/eylul-ayi-olagan-meclis-toplantisi-gerceklestirildi\/124229#primaryimage\",\"url\":\"https:\/\/corludahaber.com\/h\/wp-content\/uploads\/2026\/09\/eylul-ayi-olagan-meclis-toplantisi-gerceklestirildi_6a9aa12203a67.jpeg\",\"contentUrl\":\"https:\/\/corludahaber.com\/h\/wp-content\/uploads\/2026\/09\/eylul-ayi-olagan-meclis-toplantisi-gerceklestirildi_6a9aa12203a67.jpeg\",\"width\":832,\"height\":407},{\"@type\":\"BreadcrumbList\",\"@id\":\"https:\/\/corludahaber.com\/h\/eylul-ayi-olagan-meclis-toplantisi-gerceklestirildi\/124229#breadcrumb\",\"itemListElement\":[{\"@type\":\"ListItem\",\"position\":1,\"name\":\"Anasayfa\",\"item\":\"https:\/\/corludahaber.com\/h\/anasayfa\"},{\"@type\":\"ListItem\",\"position\":2,\"name\":\"\u00c7orlu\",\"item\":\"https:\/\/corludahaber.com\/h\/kategori\/corlu\"},{\"@type\":\"ListItem\",\"position\":3,\"name\":\"Eyl\u00fcl Ay\u0131 Ola\u011fan Meclis Toplant\u0131s\u0131 Ger\u00e7ekle\u015ftirildi\"}]},{\"@type\":\"WebSite\",\"@id\":\"https:\/\/corludahaber.com\/h\/#website\",\"url\":\"https:\/\/corludahaber.com\/h\/\",\"name\":\"\u00c7orlu'da Haber\",\"description\":\"Ger\u00e7ek Tarafs\u0131z Haber\",\"publisher\":{\"@id\":\"https:\/\/corludahaber.com\/h\/#organization\"},\"potentialAction\":[{\"@type\":\"SearchAction\",\"target\":{\"@type\":\"EntryPoint\",\"urlTemplate\":\"https:\/\/corludahaber.com\/h\/?s={search_term_string}\"},\"query-input\":\"required name=search_term_string\"}],\"inLanguage\":\"tr\"},{\"@type\":\"Organization\",\"@id\":\"https:\/\/corludahaber.com\/h\/#organization\",\"name\":\"\u00c7orlu'da Haber\",\"url\":\"https:\/\/corludahaber.com\/h\/\",\"logo\":{\"@type\":\"ImageObject\",\"inLanguage\":\"tr\",\"@id\":\"https:\/\/corludahaber.com\/h\/#\/schema\/logo\/image\/\",\"url\":\"https:\/\/corludahaber.com\/h\/wp-content\/uploads\/2021\/12\/logo__9__1_-removebg-preview.png\",\"contentUrl\":\"https:\/\/corludahaber.com\/h\/wp-content\/uploads\/2021\/12\/logo__9__1_-removebg-preview.png\",\"width\":500,\"height\":157,\"caption\":\"\u00c7orlu'da Haber\"},\"image\":{\"@id\":\"https:\/\/corludahaber.com\/h\/#\/schema\/logo\/image\/\"},\"sameAs\":[\"https:\/\/facebook.com\/habercorluda\",\"https:\/\/x.com\/habercorluda\",\"https:\/\/www.instagram.com\/corludahaber\",\"https:\/\/www.youtube.com\/user\/corludahaber\"]},{\"@type\":\"Person\",\"@id\":\"https:\/\/corludahaber.com\/h\/#\/schema\/person\/b523522be44b062db5d74a62589768cd\",\"name\":\"\u00c7orlu'da Haber\",\"image\":{\"@type\":\"ImageObject\",\"inLanguage\":\"tr\",\"@id\":\"https:\/\/corludahaber.com\/h\/#\/schema\/person\/image\/\",\"url\":\"https:\/\/secure.gravatar.com\/avatar\/1033e54e078c29fd7f053370086ff627ba414b05c2b231c418a481adecd764ce?s=96&d=blank&r=g\",\"contentUrl\":\"https:\/\/secure.gravatar.com\/avatar\/1033e54e078c29fd7f053370086ff627ba414b05c2b231c418a481adecd764ce?s=96&d=blank&r=g\",\"caption\":\"\u00c7orlu'da Haber\"},\"sameAs\":[\"https:\/\/corludahaber.com\/h\"],\"url\":\"https:\/\/corludahaber.com\/h\/author\/admin\"}]}<\/script>\n<!-- \/ Yoast SEO Premium plugin. -->","yoast_head_json":{"title":"Eyl\u00fcl Ay\u0131 Ola\u011fan Meclis Toplant\u0131s\u0131 Ger\u00e7ekle\u015ftirildi | \u00c7orlu&#039;da Haber","description":"Eyl\u00fcl Ay\u0131 Ola\u011fan Meclis Toplant\u0131s\u0131 Ger\u00e7ekle\u015ftirildi | \u00c7orlu&#039;da Haber","robots":{"index":"index","follow":"follow","max-snippet":"max-snippet:-1","max-image-preview":"max-image-preview:large","max-video-preview":"max-video-preview:-1"},"canonical":"https:\/\/corludahaber.com\/h\/eylul-ayi-olagan-meclis-toplantisi-gerceklestirildi\/124229","og_locale":"tr_TR","og_type":"article","og_title":"Eyl\u00fcl Ay\u0131 Ola\u011fan Meclis Toplant\u0131s\u0131 Ger\u00e7ekle\u015ftirildi | \u00c7orlu&#039;da Haber","og_description":"Eyl\u00fcl Ay\u0131 Ola\u011fan Meclis Toplant\u0131s\u0131 Ger\u00e7ekle\u015ftirildi | \u00c7orlu&#039;da Haber","og_url":"https:\/\/corludahaber.com\/h\/eylul-ayi-olagan-meclis-toplantisi-gerceklestirildi\/124229","og_site_name":"\u00c7orlu&#039;da Haber","article_publisher":"https:\/\/facebook.com\/habercorluda","article_published_time":"2026-09-04T10:44:43+00:00","article_modified_time":"2026-09-04T10:44:51+00:00","og_image":[{"width":832,"height":407,"url":"http:\/\/corludahaber.com\/h\/wp-content\/uploads\/2026\/09\/eylul-ayi-olagan-meclis-toplantisi-gerceklestirildi_6a9aa12203a67.jpeg","type":"image\/jpeg"}],"author":"\u00c7orlu'da Haber","twitter_card":"summary_large_image","twitter_creator":"@habercorluda","twitter_site":"@habercorluda","twitter_misc":{"Yazan:":"\u00c7orlu'da Haber","Tahmini okuma s\u00fcresi":"6 dakika"},"schema":{"@context":"https:\/\/schema.org","@graph":[{"@type":"Article","@id":"https:\/\/corludahaber.com\/h\/eylul-ayi-olagan-meclis-toplantisi-gerceklestirildi\/124229#article","isPartOf":{"@id":"https:\/\/corludahaber.com\/h\/eylul-ayi-olagan-meclis-toplantisi-gerceklestirildi\/124229"},"author":{"name":"\u00c7orlu'da Haber","@id":"https:\/\/corludahaber.com\/h\/#\/schema\/person\/b523522be44b062db5d74a62589768cd"},"headline":"Eyl\u00fcl Ay\u0131 Ola\u011fan Meclis Toplant\u0131s\u0131 Ger\u00e7ekle\u015ftirildi","datePublished":"2026-09-04T10:44:43+00:00","dateModified":"2026-09-04T10:44:51+00:00","mainEntityOfPage":{"@id":"https:\/\/corludahaber.com\/h\/eylul-ayi-olagan-meclis-toplantisi-gerceklestirildi\/124229"},"wordCount":1141,"publisher":{"@id":"https:\/\/corludahaber.com\/h\/#organization"},"image":{"@id":"https:\/\/corludahaber.com\/h\/eylul-ayi-olagan-meclis-toplantisi-gerceklestirildi\/124229#primaryimage"},"thumbnailUrl":"https:\/\/corludahaber.com\/h\/wp-content\/uploads\/2026\/09\/eylul-ayi-olagan-meclis-toplantisi-gerceklestirildi_6a9aa12203a67.jpeg","keywords":["asayi\u015f","\u00c7orlu kaza","\u00c7orlu son dakika kaza","Eyl\u00fcl","Eyl\u00fcl Ay\u0131 Ola\u011fan Meclis Toplant\u0131s\u0131 Ger\u00e7ekle\u015ftirildi","Ger\u00e7ekle\u015ftirildi","Meclis","Ola\u011fan","son dakika kaza","Toplant\u0131s\u0131"],"articleSection":["\u00c7orlu"],"inLanguage":"tr"},{"@type":"WebPage","@id":"https:\/\/corludahaber.com\/h\/eylul-ayi-olagan-meclis-toplantisi-gerceklestirildi\/124229","url":"https:\/\/corludahaber.com\/h\/eylul-ayi-olagan-meclis-toplantisi-gerceklestirildi\/124229","name":"Eyl\u00fcl Ay\u0131 Ola\u011fan Meclis Toplant\u0131s\u0131 Ger\u00e7ekle\u015ftirildi | \u00c7orlu&#039;da Haber","isPartOf":{"@id":"https:\/\/corludahaber.com\/h\/#website"},"primaryImageOfPage":{"@id":"https:\/\/corludahaber.com\/h\/eylul-ayi-olagan-meclis-toplantisi-gerceklestirildi\/124229#primaryimage"},"image":{"@id":"https:\/\/corludahaber.com\/h\/eylul-ayi-olagan-meclis-toplantisi-gerceklestirildi\/124229#primaryimage"},"thumbnailUrl":"https:\/\/corludahaber.com\/h\/wp-content\/uploads\/2026\/09\/eylul-ayi-olagan-meclis-toplantisi-gerceklestirildi_6a9aa12203a67.jpeg","datePublished":"2026-09-04T10:44:43+00:00","dateModified":"2026-09-04T10:44:51+00:00","description":"Eyl\u00fcl Ay\u0131 Ola\u011fan Meclis Toplant\u0131s\u0131 Ger\u00e7ekle\u015ftirildi | \u00c7orlu&#039;da Haber","breadcrumb":{"@id":"https:\/\/corludahaber.com\/h\/eylul-ayi-olagan-meclis-toplantisi-gerceklestirildi\/124229#breadcrumb"},"inLanguage":"tr","potentialAction":[{"@type":"ReadAction","target":["https:\/\/corludahaber.com\/h\/eylul-ayi-olagan-meclis-toplantisi-gerceklestirildi\/124229"]}]},{"@type":"ImageObject","inLanguage":"tr","@id":"https:\/\/corludahaber.com\/h\/eylul-ayi-olagan-meclis-toplantisi-gerceklestirildi\/124229#primaryimage","url":"https:\/\/corludahaber.com\/h\/wp-content\/uploads\/2026\/09\/eylul-ayi-olagan-meclis-toplantisi-gerceklestirildi_6a9aa12203a67.jpeg","contentUrl":"https:\/\/corludahaber.com\/h\/wp-content\/uploads\/2026\/09\/eylul-ayi-olagan-meclis-toplantisi-gerceklestirildi_6a9aa12203a67.jpeg","width":832,"height":407},{"@type":"BreadcrumbList","@id":"https:\/\/corludahaber.com\/h\/eylul-ayi-olagan-meclis-toplantisi-gerceklestirildi\/124229#breadcrumb","itemListElement":[{"@type":"ListItem","position":1,"name":"Anasayfa","item":"https:\/\/corludahaber.com\/h\/anasayfa"},{"@type":"ListItem","position":2,"name":"\u00c7orlu","item":"https:\/\/corludahaber.com\/h\/kategori\/corlu"},{"@type":"ListItem","position":3,"name":"Eyl\u00fcl Ay\u0131 Ola\u011fan Meclis Toplant\u0131s\u0131 Ger\u00e7ekle\u015ftirildi"}]},{"@type":"WebSite","@id":"https:\/\/corludahaber.com\/h\/#website","url":"https:\/\/corludahaber.com\/h\/","name":"\u00c7orlu'da Haber","description":"Ger\u00e7ek Tarafs\u0131z Haber","publisher":{"@id":"https:\/\/corludahaber.com\/h\/#organization"},"potentialAction":[{"@type":"SearchAction","target":{"@type":"EntryPoint","urlTemplate":"https:\/\/corludahaber.com\/h\/?s={search_term_string}"},"query-input":"required name=search_term_string"}],"inLanguage":"tr"},{"@type":"Organization","@id":"https:\/\/corludahaber.com\/h\/#organization","name":"\u00c7orlu'da Haber","url":"https:\/\/corludahaber.com\/h\/","logo":{"@type":"ImageObject","inLanguage":"tr","@id":"https:\/\/corludahaber.com\/h\/#\/schema\/logo\/image\/","url":"https:\/\/corludahaber.com\/h\/wp-content\/uploads\/2021\/12\/logo__9__1_-removebg-preview.png","contentUrl":"https:\/\/corludahaber.com\/h\/wp-content\/uploads\/2021\/12\/logo__9__1_-removebg-preview.png","width":500,"height":157,"caption":"\u00c7orlu'da Haber"},"image":{"@id":"https:\/\/corludahaber.com\/h\/#\/schema\/logo\/image\/"},"sameAs":["https:\/\/facebook.com\/habercorluda","https:\/\/x.com\/habercorluda","https:\/\/www.instagram.com\/corludahaber","https:\/\/www.youtube.com\/user\/corludahaber"]},{"@type":"Person","@id":"https:\/\/corludahaber.com\/h\/#\/schema\/person\/b523522be44b062db5d74a62589768cd","name":"\u00c7orlu'da Haber","image":{"@type":"ImageObject","inLanguage":"tr","@id":"https:\/\/corludahaber.com\/h\/#\/schema\/person\/image\/","url":"https:\/\/secure.gravatar.com\/avatar\/1033e54e078c29fd7f053370086ff627ba414b05c2b231c418a481adecd764ce?s=96&d=blank&r=g","contentUrl":"https:\/\/secure.gravatar.com\/avatar\/1033e54e078c29fd7f053370086ff627ba414b05c2b231c418a481adecd764ce?s=96&d=blank&r=g","caption":"\u00c7orlu'da Haber"},"sameAs":["https:\/\/corludahaber.com\/h"],"url":"https:\/\/corludahaber.com\/h\/author\/admin"}]}},"_links":{"self":[{"href":"https:\/\/corludahaber.com\/h\/wp-json\/wp\/v2\/posts\/124229","targetHints":{"allow":["GET"]}}],"collection":[{"href":"https:\/\/corludahaber.com\/h\/wp-json\/wp\/v2\/posts"}],"about":[{"href":"https:\/\/corludahaber.com\/h\/wp-json\/wp\/v2\/types\/post"}],"author":[{"embeddable":true,"href":"https:\/\/corludahaber.com\/h\/wp-json\/wp\/v2\/users\/151"}],"replies":[{"embeddable":true,"href":"https:\/\/corludahaber.com\/h\/wp-json\/wp\/v2\/comments?post=124229"}],"version-history":[{"count":1,"href":"https:\/\/corludahaber.com\/h\/wp-json\/wp\/v2\/posts\/124229\/revisions"}],"predecessor-version":[{"id":124231,"href":"https:\/\/corludahaber.com\/h\/wp-json\/wp\/v2\/posts\/124229\/revisions\/124231"}],"wp:featuredmedia":[{"embeddable":true,"href":"https:\/\/corludahaber.com\/h\/wp-json\/wp\/v2\/media\/124230"}],"wp:attachment":[{"href":"https:\/\/corludahaber.com\/h\/wp-json\/wp\/v2\/media?parent=124229"}],"wp:term":[{"taxonomy":"category","embeddable":true,"href":"https:\/\/corludahaber.com\/h\/wp-json\/wp\/v2\/categories?post=124229"},{"taxonomy":"post_tag","embeddable":true,"href":"https:\/\/corludahaber.com\/h\/wp-json\/wp\/v2\/tags?post=124229"}],"curies":[{"name":"wp","href":"https:\/\/api.w.org\/{rel}","templated":true}]}}