{"id":124226,"date":"2026-09-04T13:43:32","date_gmt":"2026-09-04T10:43:32","guid":{"rendered":"https:\/\/corludahaber.com\/h\/sehit-komiser-cem-kerman-mezari-basinda-anildi\/124226"},"modified":"2026-09-04T13:43:42","modified_gmt":"2026-09-04T10:43:42","slug":"sehit-komiser-cem-kerman-mezari-basinda-anildi","status":"publish","type":"post","link":"https:\/\/corludahaber.com\/h\/sehit-komiser-cem-kerman-mezari-basinda-anildi\/124226","title":{"rendered":"\u015eehit Komiser Cem Kerman, mezar\u0131 ba\u015f\u0131nda an\u0131ld\u0131"},"content":{"rendered":"<div class=\"corlu-icerikten-once_3\" id=\"corlu-3014191176\"><script type='text\/javascript' src='https:\/\/platform-api.sharethis.com\/js\/sharethis.js#property=5ce8cf08af7d000012cb0ca1&product=inline-reaction-buttons' async='async'><\/script>\r\n\r\n<\/div><div readability=\"46\"><span class=\"category-name hidden\"><\/span><\/p><div class=\"corlu-icerik-2\" id=\"corlu-4227800500\"><!-- Admatic AUTO ads START -->\r\n<ins data-publisher=\"adm-pub-155556240050\" data-ad-network=\"659428a24d11b285b616c18d\"   class=\"adm-ads-area\"><\/ins>\r\n<script type=\"text\/javascript\" src=\"https:\/\/static.cdn.admatic.com.tr\/showad\/showad.min.js\"><\/script>\r\n<!-- Admatic AUTO ads END --><\/div>\n<p> \/ ED\u0130RNE, (Haber Merkezi)- TUNCEL\u0130\u2019de, e\u015fi Dilay Kerman ile birlikte ter\u00f6r sald\u0131r\u0131s\u0131 sonucu \u015fehit olan komiser Cem Kerman, vefat\u0131n\u0131n 15\u2019inci y\u0131l\u0131nda dualarla an\u0131ld\u0131. <\/p>\n<p>Tunceli\u2019de, 2011 y\u0131l\u0131nda ter\u00f6r sald\u0131r\u0131s\u0131 sonucu e\u015fi Dilay Kerman ile birlikte \u015fehit olan Komiser Cem Kerman i\u00e7in vefat\u0131n\u0131n 15\u2019inci y\u0131ld\u00f6n\u00fcm\u00fcnde, Bu\u00e7uktepe Mezarl\u0131\u011f\u0131\u2019ndaki kabri ba\u015f\u0131nda t\u00f6ren d\u00fczenlendi. T\u00f6rene, Edirne Valisi Yunus Sezer, Aile ve Sosyal Hizmetler \u0130l M\u00fcd\u00fcr\u00fc Harun Tohumcu, \u015fehit Kerman\u2019\u0131n ailesi ve yak\u0131nlar\u0131 kat\u0131ld\u0131. Kerman&#8217;\u0131n mezar\u0131na \u00e7i\u00e7ekler b\u0131rak\u0131ld\u0131. T\u00f6rende \u015eehit Komiser Cem Kerman ile ayn\u0131 mezarl\u0131kta bulunan \u015eehit Polis Memuru G\u00f6kmen \u015eim\u015fek ve t\u00fcm \u015fehitler i\u00e7in dua edildi.(Haber Merkezi)<\/p>\n<\/div>\n<div class=\"corlu-icerikten-sonra_3\" id=\"corlu-1443827454\"><p><img loading=\"lazy\" decoding=\"async\" class=\"aligncenter\" src=\"https:\/\/www.corludahaber.com\/bahcesehir.jpg\" alt=\"\" width=\"624\" height=\"196\" \/><\/p>\n<table style=\"text-align: left; width: 100%;\" border=\"1\" cellspacing=\"2\" cellpadding=\"2\">\n<tbody>\n<tr>\n<td style=\"background-color: #050805;\"><span style=\"font-size: 12pt;\"><small><small><em><strong><big><span style=\"color: #ff0000;\">Haber ve resimlerin telif haklar\u0131ndan dolay\u0131 kullan\u0131m\u0131 yasakt\u0131r<span style=\"color: #000000;\">.<\/span><\/span><span style=\"color: #000000;\">\u00a0<\/span><span style=\"color: #ffffff;\">Yaz\u0131l\u0131 izni al\u0131nmadan hi\u00e7bir yaz\u0131l\u0131, g\u00f6rsel, i\u015fitsel i\u00e7erik kopyalanamaz, de\u011fi\u015ftirilemez, yay\u0131nlanamaz veya sat\u0131lamaz. Aksi halde<\/span>\u00a0<span style=\"color: #ff0000;\">5846<span style=\"color: #ffffff;\">\u00a0<\/span><\/span><span style=\"color: #ffffff;\">say\u0131l\u0131 Fikir ve Sanat Eserleri Kanunu\u2019na ve<\/span>\u00a0<span style=\"color: #800000;\"><span style=\"color: #ff0000;\">6102<\/span><span style=\"color: #ffffff;\">\u00a0<\/span><\/span><span style=\"color: #ffffff;\">say\u0131l\u0131 maddesine g\u00f6re<\/span>\u00a0<span style=\"color: #ff0000;\">gerekli i\u015flemler uygulanacakt\u0131r.<\/span><br \/>\n<span style=\"color: #ffffff;\">\u00a9 Copyright 2014<\/span><\/big><\/strong><\/em><\/small><\/small><\/span><\/td>\n<\/tr>\n<\/tbody>\n<\/table>\n<p><small><small>\u00a0<\/small><\/small><\/p>\n<\/div>","protected":false},"excerpt":{"rendered":"<p>\/ ED\u0130RNE, (Haber Merkezi)- TUNCEL\u0130\u2019de, e\u015fi Dilay Kerman ile birlikte ter\u00f6r sald\u0131r\u0131s\u0131 sonucu \u015fehit olan komiser Cem Kerman, vefat\u0131n\u0131n 15\u2019inci y\u0131l\u0131nda dualarla an\u0131ld\u0131. Tunceli\u2019de, 2011 y\u0131l\u0131nda ter\u00f6r sald\u0131r\u0131s\u0131 sonucu e\u015fi Dilay Kerman ile birlikte \u015fehit olan Komiser Cem Kerman i\u00e7in vefat\u0131n\u0131n 15\u2019inci y\u0131ld\u00f6n\u00fcm\u00fcnde, Bu\u00e7uktepe Mezarl\u0131\u011f\u0131\u2019ndaki kabri ba\u015f\u0131nda t\u00f6ren d\u00fczenlendi. T\u00f6rene, Edirne Valisi Yunus Sezer, Aile &hellip;<\/p>\n","protected":false},"author":151,"featured_media":124227,"comment_status":"open","ping_status":"closed","sticky":false,"template":"","format":"standard","meta":{"footnotes":""},"categories":[121],"tags":[985,8025,4453,9376,15478,36698,36697,7173,620,36699,3661],"class_list":["post-124226","post","type-post","status-publish","format-standard","has-post-thumbnail","hentry","category-edirne","tag-anildi","tag-asayis","tag-basinda","tag-corlu-kaza","tag-corlu-son-dakika-kaza","tag-kerman","tag-komiser","tag-mezari","tag-sehit","tag-sehit-komiser-cem-kerman-mezari-basinda-anildi","tag-son-dakika-kaza"],"yoast_head":"<!-- This site is optimized with the Yoast SEO Premium plugin v23.3 (Yoast SEO v23.3) - https:\/\/yoast.com\/wordpress\/plugins\/seo\/ -->\n<title>\u015eehit Komiser Cem Kerman, mezar\u0131 ba\u015f\u0131nda an\u0131ld\u0131 | \u00c7orlu&#039;da Haber<\/title>\n<meta name=\"description\" content=\"\u015eehit Komiser Cem Kerman, mezar\u0131 ba\u015f\u0131nda an\u0131ld\u0131 | \u00c7orlu&#039;da Haber\" \/>\n<meta name=\"robots\" content=\"index, follow, max-snippet:-1, max-image-preview:large, max-video-preview:-1\" \/>\n<link rel=\"canonical\" href=\"https:\/\/corludahaber.com\/h\/sehit-komiser-cem-kerman-mezari-basinda-anildi\/124226\" \/>\n<meta property=\"og:locale\" content=\"tr_TR\" \/>\n<meta property=\"og:type\" content=\"article\" \/>\n<meta property=\"og:title\" content=\"\u015eehit Komiser Cem Kerman, mezar\u0131 ba\u015f\u0131nda an\u0131ld\u0131 | \u00c7orlu&#039;da Haber\" \/>\n<meta property=\"og:description\" content=\"\u015eehit Komiser Cem Kerman, mezar\u0131 ba\u015f\u0131nda an\u0131ld\u0131 | \u00c7orlu&#039;da Haber\" \/>\n<meta property=\"og:url\" content=\"https:\/\/corludahaber.com\/h\/sehit-komiser-cem-kerman-mezari-basinda-anildi\/124226\" \/>\n<meta property=\"og:site_name\" content=\"\u00c7orlu&#039;da Haber\" \/>\n<meta property=\"article:publisher\" content=\"https:\/\/facebook.com\/habercorluda\" \/>\n<meta property=\"article:published_time\" content=\"2026-09-04T10:43:32+00:00\" \/>\n<meta property=\"article:modified_time\" content=\"2026-09-04T10:43:42+00:00\" \/>\n<meta property=\"og:image\" content=\"http:\/\/corludahaber.com\/h\/wp-content\/uploads\/2026\/09\/sehit-komiser-cem-kerman-mezari-basinda-anildi_6a9aa0d7c7961.jpeg\" \/>\n\t<meta property=\"og:image:width\" content=\"2560\" \/>\n\t<meta property=\"og:image:height\" content=\"1706\" \/>\n\t<meta property=\"og:image:type\" content=\"image\/jpeg\" \/>\n<meta name=\"author\" content=\"\u00c7orlu&#039;da Haber\" \/>\n<meta name=\"twitter:card\" content=\"summary_large_image\" \/>\n<meta name=\"twitter:creator\" content=\"@habercorluda\" \/>\n<meta name=\"twitter:site\" content=\"@habercorluda\" \/>\n<meta name=\"twitter:label1\" content=\"Yazan:\" \/>\n\t<meta name=\"twitter:data1\" content=\"\u00c7orlu&#039;da Haber\" \/>\n\t<meta name=\"twitter:label2\" content=\"Tahmini okuma s\u00fcresi\" \/>\n\t<meta name=\"twitter:data2\" content=\"1 dakika\" \/>\n<script type=\"application\/ld+json\" class=\"yoast-schema-graph\">{\"@context\":\"https:\/\/schema.org\",\"@graph\":[{\"@type\":\"Article\",\"@id\":\"https:\/\/corludahaber.com\/h\/sehit-komiser-cem-kerman-mezari-basinda-anildi\/124226#article\",\"isPartOf\":{\"@id\":\"https:\/\/corludahaber.com\/h\/sehit-komiser-cem-kerman-mezari-basinda-anildi\/124226\"},\"author\":{\"name\":\"\u00c7orlu'da Haber\",\"@id\":\"https:\/\/corludahaber.com\/h\/#\/schema\/person\/b523522be44b062db5d74a62589768cd\"},\"headline\":\"\u015eehit Komiser Cem Kerman, mezar\u0131 ba\u015f\u0131nda an\u0131ld\u0131\",\"datePublished\":\"2026-09-04T10:43:32+00:00\",\"dateModified\":\"2026-09-04T10:43:42+00:00\",\"mainEntityOfPage\":{\"@id\":\"https:\/\/corludahaber.com\/h\/sehit-komiser-cem-kerman-mezari-basinda-anildi\/124226\"},\"wordCount\":149,\"commentCount\":0,\"publisher\":{\"@id\":\"https:\/\/corludahaber.com\/h\/#organization\"},\"image\":{\"@id\":\"https:\/\/corludahaber.com\/h\/sehit-komiser-cem-kerman-mezari-basinda-anildi\/124226#primaryimage\"},\"thumbnailUrl\":\"https:\/\/corludahaber.com\/h\/wp-content\/uploads\/2026\/09\/sehit-komiser-cem-kerman-mezari-basinda-anildi_6a9aa0d7c7961.jpeg\",\"keywords\":[\"An\u0131ld\u0131\",\"asayi\u015f\",\"BA\u015eINDA\",\"\u00c7orlu kaza\",\"\u00c7orlu son dakika kaza\",\"Kerman\",\"Komiser\",\"mezar\u0131\",\"\u015eehit\",\"\u015eehit Komiser Cem Kerman, mezar\u0131 ba\u015f\u0131nda an\u0131ld\u0131\",\"son dakika kaza\"],\"articleSection\":[\"Edirne\"],\"inLanguage\":\"tr\",\"potentialAction\":[{\"@type\":\"CommentAction\",\"name\":\"Comment\",\"target\":[\"https:\/\/corludahaber.com\/h\/sehit-komiser-cem-kerman-mezari-basinda-anildi\/124226#respond\"]}]},{\"@type\":\"WebPage\",\"@id\":\"https:\/\/corludahaber.com\/h\/sehit-komiser-cem-kerman-mezari-basinda-anildi\/124226\",\"url\":\"https:\/\/corludahaber.com\/h\/sehit-komiser-cem-kerman-mezari-basinda-anildi\/124226\",\"name\":\"\u015eehit Komiser Cem Kerman, mezar\u0131 ba\u015f\u0131nda an\u0131ld\u0131 | \u00c7orlu&#039;da Haber\",\"isPartOf\":{\"@id\":\"https:\/\/corludahaber.com\/h\/#website\"},\"primaryImageOfPage\":{\"@id\":\"https:\/\/corludahaber.com\/h\/sehit-komiser-cem-kerman-mezari-basinda-anildi\/124226#primaryimage\"},\"image\":{\"@id\":\"https:\/\/corludahaber.com\/h\/sehit-komiser-cem-kerman-mezari-basinda-anildi\/124226#primaryimage\"},\"thumbnailUrl\":\"https:\/\/corludahaber.com\/h\/wp-content\/uploads\/2026\/09\/sehit-komiser-cem-kerman-mezari-basinda-anildi_6a9aa0d7c7961.jpeg\",\"datePublished\":\"2026-09-04T10:43:32+00:00\",\"dateModified\":\"2026-09-04T10:43:42+00:00\",\"description\":\"\u015eehit Komiser Cem Kerman, mezar\u0131 ba\u015f\u0131nda an\u0131ld\u0131 | \u00c7orlu&#039;da Haber\",\"breadcrumb\":{\"@id\":\"https:\/\/corludahaber.com\/h\/sehit-komiser-cem-kerman-mezari-basinda-anildi\/124226#breadcrumb\"},\"inLanguage\":\"tr\",\"potentialAction\":[{\"@type\":\"ReadAction\",\"target\":[\"https:\/\/corludahaber.com\/h\/sehit-komiser-cem-kerman-mezari-basinda-anildi\/124226\"]}]},{\"@type\":\"ImageObject\",\"inLanguage\":\"tr\",\"@id\":\"https:\/\/corludahaber.com\/h\/sehit-komiser-cem-kerman-mezari-basinda-anildi\/124226#primaryimage\",\"url\":\"https:\/\/corludahaber.com\/h\/wp-content\/uploads\/2026\/09\/sehit-komiser-cem-kerman-mezari-basinda-anildi_6a9aa0d7c7961.jpeg\",\"contentUrl\":\"https:\/\/corludahaber.com\/h\/wp-content\/uploads\/2026\/09\/sehit-komiser-cem-kerman-mezari-basinda-anildi_6a9aa0d7c7961.jpeg\",\"width\":2560,\"height\":1706},{\"@type\":\"BreadcrumbList\",\"@id\":\"https:\/\/corludahaber.com\/h\/sehit-komiser-cem-kerman-mezari-basinda-anildi\/124226#breadcrumb\",\"itemListElement\":[{\"@type\":\"ListItem\",\"position\":1,\"name\":\"Anasayfa\",\"item\":\"https:\/\/corludahaber.com\/h\/anasayfa\"},{\"@type\":\"ListItem\",\"position\":2,\"name\":\"Edirne\",\"item\":\"https:\/\/corludahaber.com\/h\/kategori\/edirne\"},{\"@type\":\"ListItem\",\"position\":3,\"name\":\"\u015eehit Komiser Cem Kerman, mezar\u0131 ba\u015f\u0131nda an\u0131ld\u0131\"}]},{\"@type\":\"WebSite\",\"@id\":\"https:\/\/corludahaber.com\/h\/#website\",\"url\":\"https:\/\/corludahaber.com\/h\/\",\"name\":\"\u00c7orlu'da Haber\",\"description\":\"Ger\u00e7ek Tarafs\u0131z Haber\",\"publisher\":{\"@id\":\"https:\/\/corludahaber.com\/h\/#organization\"},\"potentialAction\":[{\"@type\":\"SearchAction\",\"target\":{\"@type\":\"EntryPoint\",\"urlTemplate\":\"https:\/\/corludahaber.com\/h\/?s={search_term_string}\"},\"query-input\":\"required name=search_term_string\"}],\"inLanguage\":\"tr\"},{\"@type\":\"Organization\",\"@id\":\"https:\/\/corludahaber.com\/h\/#organization\",\"name\":\"\u00c7orlu'da Haber\",\"url\":\"https:\/\/corludahaber.com\/h\/\",\"logo\":{\"@type\":\"ImageObject\",\"inLanguage\":\"tr\",\"@id\":\"https:\/\/corludahaber.com\/h\/#\/schema\/logo\/image\/\",\"url\":\"https:\/\/corludahaber.com\/h\/wp-content\/uploads\/2021\/12\/logo__9__1_-removebg-preview.png\",\"contentUrl\":\"https:\/\/corludahaber.com\/h\/wp-content\/uploads\/2021\/12\/logo__9__1_-removebg-preview.png\",\"width\":500,\"height\":157,\"caption\":\"\u00c7orlu'da Haber\"},\"image\":{\"@id\":\"https:\/\/corludahaber.com\/h\/#\/schema\/logo\/image\/\"},\"sameAs\":[\"https:\/\/facebook.com\/habercorluda\",\"https:\/\/x.com\/habercorluda\",\"https:\/\/www.instagram.com\/corludahaber\",\"https:\/\/www.youtube.com\/user\/corludahaber\"]},{\"@type\":\"Person\",\"@id\":\"https:\/\/corludahaber.com\/h\/#\/schema\/person\/b523522be44b062db5d74a62589768cd\",\"name\":\"\u00c7orlu'da Haber\",\"image\":{\"@type\":\"ImageObject\",\"inLanguage\":\"tr\",\"@id\":\"https:\/\/corludahaber.com\/h\/#\/schema\/person\/image\/\",\"url\":\"https:\/\/secure.gravatar.com\/avatar\/1033e54e078c29fd7f053370086ff627ba414b05c2b231c418a481adecd764ce?s=96&d=blank&r=g\",\"contentUrl\":\"https:\/\/secure.gravatar.com\/avatar\/1033e54e078c29fd7f053370086ff627ba414b05c2b231c418a481adecd764ce?s=96&d=blank&r=g\",\"caption\":\"\u00c7orlu'da Haber\"},\"sameAs\":[\"https:\/\/corludahaber.com\/h\"],\"url\":\"https:\/\/corludahaber.com\/h\/author\/admin\"}]}<\/script>\n<!-- \/ Yoast SEO Premium plugin. -->","yoast_head_json":{"title":"\u015eehit Komiser Cem Kerman, mezar\u0131 ba\u015f\u0131nda an\u0131ld\u0131 | \u00c7orlu&#039;da Haber","description":"\u015eehit Komiser Cem Kerman, mezar\u0131 ba\u015f\u0131nda an\u0131ld\u0131 | \u00c7orlu&#039;da Haber","robots":{"index":"index","follow":"follow","max-snippet":"max-snippet:-1","max-image-preview":"max-image-preview:large","max-video-preview":"max-video-preview:-1"},"canonical":"https:\/\/corludahaber.com\/h\/sehit-komiser-cem-kerman-mezari-basinda-anildi\/124226","og_locale":"tr_TR","og_type":"article","og_title":"\u015eehit Komiser Cem Kerman, mezar\u0131 ba\u015f\u0131nda an\u0131ld\u0131 | \u00c7orlu&#039;da Haber","og_description":"\u015eehit Komiser Cem Kerman, mezar\u0131 ba\u015f\u0131nda an\u0131ld\u0131 | \u00c7orlu&#039;da Haber","og_url":"https:\/\/corludahaber.com\/h\/sehit-komiser-cem-kerman-mezari-basinda-anildi\/124226","og_site_name":"\u00c7orlu&#039;da Haber","article_publisher":"https:\/\/facebook.com\/habercorluda","article_published_time":"2026-09-04T10:43:32+00:00","article_modified_time":"2026-09-04T10:43:42+00:00","og_image":[{"width":2560,"height":1706,"url":"http:\/\/corludahaber.com\/h\/wp-content\/uploads\/2026\/09\/sehit-komiser-cem-kerman-mezari-basinda-anildi_6a9aa0d7c7961.jpeg","type":"image\/jpeg"}],"author":"\u00c7orlu'da Haber","twitter_card":"summary_large_image","twitter_creator":"@habercorluda","twitter_site":"@habercorluda","twitter_misc":{"Yazan:":"\u00c7orlu'da Haber","Tahmini okuma s\u00fcresi":"1 dakika"},"schema":{"@context":"https:\/\/schema.org","@graph":[{"@type":"Article","@id":"https:\/\/corludahaber.com\/h\/sehit-komiser-cem-kerman-mezari-basinda-anildi\/124226#article","isPartOf":{"@id":"https:\/\/corludahaber.com\/h\/sehit-komiser-cem-kerman-mezari-basinda-anildi\/124226"},"author":{"name":"\u00c7orlu'da Haber","@id":"https:\/\/corludahaber.com\/h\/#\/schema\/person\/b523522be44b062db5d74a62589768cd"},"headline":"\u015eehit Komiser Cem Kerman, mezar\u0131 ba\u015f\u0131nda an\u0131ld\u0131","datePublished":"2026-09-04T10:43:32+00:00","dateModified":"2026-09-04T10:43:42+00:00","mainEntityOfPage":{"@id":"https:\/\/corludahaber.com\/h\/sehit-komiser-cem-kerman-mezari-basinda-anildi\/124226"},"wordCount":149,"commentCount":0,"publisher":{"@id":"https:\/\/corludahaber.com\/h\/#organization"},"image":{"@id":"https:\/\/corludahaber.com\/h\/sehit-komiser-cem-kerman-mezari-basinda-anildi\/124226#primaryimage"},"thumbnailUrl":"https:\/\/corludahaber.com\/h\/wp-content\/uploads\/2026\/09\/sehit-komiser-cem-kerman-mezari-basinda-anildi_6a9aa0d7c7961.jpeg","keywords":["An\u0131ld\u0131","asayi\u015f","BA\u015eINDA","\u00c7orlu kaza","\u00c7orlu son dakika kaza","Kerman","Komiser","mezar\u0131","\u015eehit","\u015eehit Komiser Cem Kerman, mezar\u0131 ba\u015f\u0131nda an\u0131ld\u0131","son dakika kaza"],"articleSection":["Edirne"],"inLanguage":"tr","potentialAction":[{"@type":"CommentAction","name":"Comment","target":["https:\/\/corludahaber.com\/h\/sehit-komiser-cem-kerman-mezari-basinda-anildi\/124226#respond"]}]},{"@type":"WebPage","@id":"https:\/\/corludahaber.com\/h\/sehit-komiser-cem-kerman-mezari-basinda-anildi\/124226","url":"https:\/\/corludahaber.com\/h\/sehit-komiser-cem-kerman-mezari-basinda-anildi\/124226","name":"\u015eehit Komiser Cem Kerman, mezar\u0131 ba\u015f\u0131nda an\u0131ld\u0131 | \u00c7orlu&#039;da Haber","isPartOf":{"@id":"https:\/\/corludahaber.com\/h\/#website"},"primaryImageOfPage":{"@id":"https:\/\/corludahaber.com\/h\/sehit-komiser-cem-kerman-mezari-basinda-anildi\/124226#primaryimage"},"image":{"@id":"https:\/\/corludahaber.com\/h\/sehit-komiser-cem-kerman-mezari-basinda-anildi\/124226#primaryimage"},"thumbnailUrl":"https:\/\/corludahaber.com\/h\/wp-content\/uploads\/2026\/09\/sehit-komiser-cem-kerman-mezari-basinda-anildi_6a9aa0d7c7961.jpeg","datePublished":"2026-09-04T10:43:32+00:00","dateModified":"2026-09-04T10:43:42+00:00","description":"\u015eehit Komiser Cem Kerman, mezar\u0131 ba\u015f\u0131nda an\u0131ld\u0131 | \u00c7orlu&#039;da Haber","breadcrumb":{"@id":"https:\/\/corludahaber.com\/h\/sehit-komiser-cem-kerman-mezari-basinda-anildi\/124226#breadcrumb"},"inLanguage":"tr","potentialAction":[{"@type":"ReadAction","target":["https:\/\/corludahaber.com\/h\/sehit-komiser-cem-kerman-mezari-basinda-anildi\/124226"]}]},{"@type":"ImageObject","inLanguage":"tr","@id":"https:\/\/corludahaber.com\/h\/sehit-komiser-cem-kerman-mezari-basinda-anildi\/124226#primaryimage","url":"https:\/\/corludahaber.com\/h\/wp-content\/uploads\/2026\/09\/sehit-komiser-cem-kerman-mezari-basinda-anildi_6a9aa0d7c7961.jpeg","contentUrl":"https:\/\/corludahaber.com\/h\/wp-content\/uploads\/2026\/09\/sehit-komiser-cem-kerman-mezari-basinda-anildi_6a9aa0d7c7961.jpeg","width":2560,"height":1706},{"@type":"BreadcrumbList","@id":"https:\/\/corludahaber.com\/h\/sehit-komiser-cem-kerman-mezari-basinda-anildi\/124226#breadcrumb","itemListElement":[{"@type":"ListItem","position":1,"name":"Anasayfa","item":"https:\/\/corludahaber.com\/h\/anasayfa"},{"@type":"ListItem","position":2,"name":"Edirne","item":"https:\/\/corludahaber.com\/h\/kategori\/edirne"},{"@type":"ListItem","position":3,"name":"\u015eehit Komiser Cem Kerman, mezar\u0131 ba\u015f\u0131nda an\u0131ld\u0131"}]},{"@type":"WebSite","@id":"https:\/\/corludahaber.com\/h\/#website","url":"https:\/\/corludahaber.com\/h\/","name":"\u00c7orlu'da Haber","description":"Ger\u00e7ek Tarafs\u0131z Haber","publisher":{"@id":"https:\/\/corludahaber.com\/h\/#organization"},"potentialAction":[{"@type":"SearchAction","target":{"@type":"EntryPoint","urlTemplate":"https:\/\/corludahaber.com\/h\/?s={search_term_string}"},"query-input":"required name=search_term_string"}],"inLanguage":"tr"},{"@type":"Organization","@id":"https:\/\/corludahaber.com\/h\/#organization","name":"\u00c7orlu'da Haber","url":"https:\/\/corludahaber.com\/h\/","logo":{"@type":"ImageObject","inLanguage":"tr","@id":"https:\/\/corludahaber.com\/h\/#\/schema\/logo\/image\/","url":"https:\/\/corludahaber.com\/h\/wp-content\/uploads\/2021\/12\/logo__9__1_-removebg-preview.png","contentUrl":"https:\/\/corludahaber.com\/h\/wp-content\/uploads\/2021\/12\/logo__9__1_-removebg-preview.png","width":500,"height":157,"caption":"\u00c7orlu'da Haber"},"image":{"@id":"https:\/\/corludahaber.com\/h\/#\/schema\/logo\/image\/"},"sameAs":["https:\/\/facebook.com\/habercorluda","https:\/\/x.com\/habercorluda","https:\/\/www.instagram.com\/corludahaber","https:\/\/www.youtube.com\/user\/corludahaber"]},{"@type":"Person","@id":"https:\/\/corludahaber.com\/h\/#\/schema\/person\/b523522be44b062db5d74a62589768cd","name":"\u00c7orlu'da Haber","image":{"@type":"ImageObject","inLanguage":"tr","@id":"https:\/\/corludahaber.com\/h\/#\/schema\/person\/image\/","url":"https:\/\/secure.gravatar.com\/avatar\/1033e54e078c29fd7f053370086ff627ba414b05c2b231c418a481adecd764ce?s=96&d=blank&r=g","contentUrl":"https:\/\/secure.gravatar.com\/avatar\/1033e54e078c29fd7f053370086ff627ba414b05c2b231c418a481adecd764ce?s=96&d=blank&r=g","caption":"\u00c7orlu'da Haber"},"sameAs":["https:\/\/corludahaber.com\/h"],"url":"https:\/\/corludahaber.com\/h\/author\/admin"}]}},"_links":{"self":[{"href":"https:\/\/corludahaber.com\/h\/wp-json\/wp\/v2\/posts\/124226","targetHints":{"allow":["GET"]}}],"collection":[{"href":"https:\/\/corludahaber.com\/h\/wp-json\/wp\/v2\/posts"}],"about":[{"href":"https:\/\/corludahaber.com\/h\/wp-json\/wp\/v2\/types\/post"}],"author":[{"embeddable":true,"href":"https:\/\/corludahaber.com\/h\/wp-json\/wp\/v2\/users\/151"}],"replies":[{"embeddable":true,"href":"https:\/\/corludahaber.com\/h\/wp-json\/wp\/v2\/comments?post=124226"}],"version-history":[{"count":1,"href":"https:\/\/corludahaber.com\/h\/wp-json\/wp\/v2\/posts\/124226\/revisions"}],"predecessor-version":[{"id":124228,"href":"https:\/\/corludahaber.com\/h\/wp-json\/wp\/v2\/posts\/124226\/revisions\/124228"}],"wp:featuredmedia":[{"embeddable":true,"href":"https:\/\/corludahaber.com\/h\/wp-json\/wp\/v2\/media\/124227"}],"wp:attachment":[{"href":"https:\/\/corludahaber.com\/h\/wp-json\/wp\/v2\/media?parent=124226"}],"wp:term":[{"taxonomy":"category","embeddable":true,"href":"https:\/\/corludahaber.com\/h\/wp-json\/wp\/v2\/categories?post=124226"},{"taxonomy":"post_tag","embeddable":true,"href":"https:\/\/corludahaber.com\/h\/wp-json\/wp\/v2\/tags?post=124226"}],"curies":[{"name":"wp","href":"https:\/\/api.w.org\/{rel}","templated":true}]}}