{"id":124220,"date":"2026-09-04T12:54:03","date_gmt":"2026-09-04T09:54:03","guid":{"rendered":"https:\/\/corludahaber.com\/h\/tekirdag-sarkoy-merkezli-dolandiricilik-operasyonunda-20-tutuklama-yeniden\/124220"},"modified":"2026-09-04T12:54:13","modified_gmt":"2026-09-04T09:54:13","slug":"tekirdag-sarkoy-merkezli-dolandiricilik-operasyonunda-20-tutuklama-yeniden","status":"publish","type":"post","link":"https:\/\/corludahaber.com\/h\/tekirdag-sarkoy-merkezli-dolandiricilik-operasyonunda-20-tutuklama-yeniden\/124220","title":{"rendered":"Tekirda\u011f \u015eark\u00f6y merkezli doland\u0131r\u0131c\u0131l\u0131k operasyonunda 20 tutuklama- Yeniden"},"content":{"rendered":"<div class=\"corlu-icerikten-once_3\" id=\"corlu-2303661756\"><script type='text\/javascript' src='https:\/\/platform-api.sharethis.com\/js\/sharethis.js#property=5ce8cf08af7d000012cb0ca1&product=inline-reaction-buttons' async='async'><\/script>\r\n\r\n<\/div><div readability=\"68\"><span class=\"category-name hidden\"><\/span><\/p><div class=\"corlu-icerik-2\" id=\"corlu-1073046899\"><!-- Admatic AUTO ads START -->\r\n<ins data-publisher=\"adm-pub-155556240050\" data-ad-network=\"659428a24d11b285b616c18d\"   class=\"adm-ads-area\"><\/ins>\r\n<script type=\"text\/javascript\" src=\"https:\/\/static.cdn.admatic.com.tr\/showad\/showad.min.js\"><\/script>\r\n<!-- Admatic AUTO ads END --><\/div>\n<p>Yaz\u0131 i\u015fleri m\u00fcd\u00fcrlerine <\/p>\n<p>Haberimizi kayna\u011f\u0131ndan al\u0131nan ek bilgilerle yeniden servis ediyoruz\u2026<\/p>\n<p>YEN\u0130DEN<\/p>\n<p>&#8212;&#8212;&#8212;&#8212;&#8212; <\/p>\n<p>Nuri \u00c7A\u011eLAR\/\u015eARK\u00d6Y (Tekirda\u011f), (Haber Merkezi)- TEK\u0130RDA\u011e&#8217;\u0131n \u015eark\u00f6y il\u00e7esi merkezli y\u00fcr\u00fct\u00fclen nitelikli doland\u0131r\u0131c\u0131l\u0131k soru\u015fturmas\u0131nda, 426 ki\u015fiyi 994 milyon lira doland\u0131rd\u0131klar\u0131 iddia edilen su\u00e7 \u00f6rg\u00fct\u00fcne y\u00f6nelik operasyonda yakalanan 28 \u015f\u00fcpheliden 20&#8217;si tutukland\u0131.<\/p>\n<p>Tekirda\u011f \u015eark\u00f6y Cumhuriyet Ba\u015fsavc\u0131l\u0131\u011f\u0131, \u00f6rg\u00fctl\u00fc \u015fekilde nitelikli doland\u0131r\u0131c\u0131l\u0131k yapt\u0131\u011f\u0131 tespit edilen su\u00e7 \u00f6rg\u00fct\u00fcne y\u00f6nelik soru\u015fturma ba\u015flatt\u0131. Bu kapsamda Tekirda\u011f \u0130l Emniyet M\u00fcd\u00fcrl\u00fc\u011f\u00fc Asayi\u015f \u015eube M\u00fcd\u00fcrl\u00fc\u011f\u00fc ve \u0130stihbarat \u015eube M\u00fcd\u00fcrl\u00fc\u011f\u00fc ekiplerinin \u00e7al\u0131\u015fmalar\u0131nda \u015f\u00fcphelilerin; sanal medya platformlar\u0131 \u00fczerinden, d\u00fcnya borsalar\u0131 ve kripto piyasalarda yat\u0131r\u0131m yaparak y\u00fcksek kar elde etme vaadiyle ikna ettikleri ki\u015fileri sahte ve casus nitelikli mobil uygulamalara \u00fcye yapt\u0131klar\u0131, aldat\u0131c\u0131 ara y\u00fczler, kazan\u00e7 g\u00f6steren grafikler, hileli temalar kullanarak ma\u011fdurlar\u0131n paralar\u0131n\u0131 &#8216;yat\u0131r\u0131m&#8217; ad\u0131 alt\u0131nda kurmu\u015f olduklar\u0131 21 ayr\u0131 paravan \u015firket hesab\u0131na yat\u0131rmalar\u0131n\u0131 sa\u011flayarak ma\u011fdur ettikleri belirlendi.<\/p>\n<p>Su\u00e7 \u00f6rg\u00fct\u00fc taraf\u0131ndan 426 vatanda\u015f\u0131n 994 milyon TL doland\u0131r\u0131larak ma\u011fdur edildi\u011fi, \u015firketlerin banka hesaplar\u0131ndan yap\u0131lan incelemede 4 milyar 234 milyon TL i\u015flem hacmi olu\u015ftu\u011fu tespit edildi. Polisin, teknik ve fiziki takibin ard\u0131ndan 14 farkl\u0131 ilde e\u015f zamanl\u0131 d\u00fczenledi\u011fi operasyonla 28 \u015f\u00fcpheli yakalanarak g\u00f6zalt\u0131na al\u0131nd\u0131. \u015e\u00fcphelilerin ev ve i\u015f yerlerinde yap\u0131lan aramalarda, su\u00e7ta kullan\u0131lan \u00e7ok say\u0131da dijital materyal, paravan \u015firketlere ait kurulu\u015f evraklar\u0131, noter belgeleri \u00e7ok say\u0131da dok\u00fcman ele ge\u00e7irildi.<\/p>\n<p>Emniyetteki i\u015flemlerinin ard\u0131ndan \u015eark\u00f6y&#8217;de adliyeye sevk edilip mahkemeye \u00e7\u0131kar\u0131lan 28 \u015f\u00fcpheliden aralar\u0131nda i\u015f insan\u0131n\u0131n da bulundu\u011fu 20 ki\u015fi, &#8216;Su\u00e7 \u00f6rg\u00fct\u00fc kurma, y\u00f6netme ve \u00fcye olma&#8217;, &#8216;\u00d6rg\u00fctl\u00fc \u015fekilde nitelikli doland\u0131r\u0131c\u0131l\u0131k yapma&#8217; su\u00e7lar\u0131ndan tutukland\u0131. 8 ki\u015fi ise adli kontrol \u015fart\u0131yla serbest b\u0131rak\u0131ld\u0131. (Haber Merkezi)<\/p>\n<\/div>\n<div class=\"corlu-icerikten-sonra_3\" id=\"corlu-2956194222\"><p><img loading=\"lazy\" decoding=\"async\" class=\"aligncenter\" src=\"https:\/\/www.corludahaber.com\/bahcesehir.jpg\" alt=\"\" width=\"624\" height=\"196\" \/><\/p>\n<table style=\"text-align: left; width: 100%;\" border=\"1\" cellspacing=\"2\" cellpadding=\"2\">\n<tbody>\n<tr>\n<td style=\"background-color: #050805;\"><span style=\"font-size: 12pt;\"><small><small><em><strong><big><span style=\"color: #ff0000;\">Haber ve resimlerin telif haklar\u0131ndan dolay\u0131 kullan\u0131m\u0131 yasakt\u0131r<span style=\"color: #000000;\">.<\/span><\/span><span style=\"color: #000000;\">\u00a0<\/span><span style=\"color: #ffffff;\">Yaz\u0131l\u0131 izni al\u0131nmadan hi\u00e7bir yaz\u0131l\u0131, g\u00f6rsel, i\u015fitsel i\u00e7erik kopyalanamaz, de\u011fi\u015ftirilemez, yay\u0131nlanamaz veya sat\u0131lamaz. Aksi halde<\/span>\u00a0<span style=\"color: #ff0000;\">5846<span style=\"color: #ffffff;\">\u00a0<\/span><\/span><span style=\"color: #ffffff;\">say\u0131l\u0131 Fikir ve Sanat Eserleri Kanunu\u2019na ve<\/span>\u00a0<span style=\"color: #800000;\"><span style=\"color: #ff0000;\">6102<\/span><span style=\"color: #ffffff;\">\u00a0<\/span><\/span><span style=\"color: #ffffff;\">say\u0131l\u0131 maddesine g\u00f6re<\/span>\u00a0<span style=\"color: #ff0000;\">gerekli i\u015flemler uygulanacakt\u0131r.<\/span><br \/>\n<span style=\"color: #ffffff;\">\u00a9 Copyright 2014<\/span><\/big><\/strong><\/em><\/small><\/small><\/span><\/td>\n<\/tr>\n<\/tbody>\n<\/table>\n<p><small><small>\u00a0<\/small><\/small><\/p>\n<\/div>","protected":false},"excerpt":{"rendered":"<p>Yaz\u0131 i\u015fleri m\u00fcd\u00fcrlerine Haberimizi kayna\u011f\u0131ndan al\u0131nan ek bilgilerle yeniden servis ediyoruz\u2026 YEN\u0130DEN &#8212;&#8212;&#8212;&#8212;&#8212; Nuri \u00c7A\u011eLAR\/\u015eARK\u00d6Y (Tekirda\u011f), (Haber Merkezi)- TEK\u0130RDA\u011e&#8217;\u0131n \u015eark\u00f6y il\u00e7esi merkezli y\u00fcr\u00fct\u00fclen nitelikli doland\u0131r\u0131c\u0131l\u0131k soru\u015fturmas\u0131nda, 426 ki\u015fiyi 994 milyon lira doland\u0131rd\u0131klar\u0131 iddia edilen su\u00e7 \u00f6rg\u00fct\u00fcne y\u00f6nelik operasyonda yakalanan 28 \u015f\u00fcpheliden 20&#8217;si tutukland\u0131. Tekirda\u011f \u015eark\u00f6y Cumhuriyet Ba\u015fsavc\u0131l\u0131\u011f\u0131, \u00f6rg\u00fctl\u00fc \u015fekilde nitelikli doland\u0131r\u0131c\u0131l\u0131k yapt\u0131\u011f\u0131 tespit edilen su\u00e7 &hellip;<\/p>\n","protected":false},"author":151,"featured_media":124222,"comment_status":"open","ping_status":"closed","sticky":false,"template":"","format":"standard","meta":{"footnotes":""},"categories":[27],"tags":[8025,9376,15478,3078,987,337,1098,3661,376,36696,248,82],"class_list":["post-124220","post","type-post","status-publish","format-standard","has-post-thumbnail","hentry","category-yasam","tag-asayis","tag-corlu-kaza","tag-corlu-son-dakika-kaza","tag-dolandiricilik","tag-merkezli","tag-operasyonunda","tag-sarkoy","tag-son-dakika-kaza","tag-tekirdag","tag-tekirdag-sarkoy-merkezli-dolandiricilik-operasyonunda-20-tutuklama-yeniden","tag-tutuklama","tag-yeniden"],"yoast_head":"<!-- This site is optimized with the Yoast SEO Premium plugin v23.3 (Yoast SEO v23.3) - https:\/\/yoast.com\/wordpress\/plugins\/seo\/ -->\n<title>Tekirda\u011f \u015eark\u00f6y merkezli doland\u0131r\u0131c\u0131l\u0131k operasyonunda 20 tutuklama- Yeniden | \u00c7orlu&#039;da Haber<\/title>\n<meta name=\"description\" content=\"Tekirda\u011f \u015eark\u00f6y merkezli doland\u0131r\u0131c\u0131l\u0131k operasyonunda 20 tutuklama- Yeniden | \u00c7orlu&#039;da Haber\" \/>\n<meta name=\"robots\" content=\"index, follow, max-snippet:-1, max-image-preview:large, max-video-preview:-1\" \/>\n<link rel=\"canonical\" href=\"https:\/\/corludahaber.com\/h\/tekirdag-sarkoy-merkezli-dolandiricilik-operasyonunda-20-tutuklama-yeniden\/124220\" \/>\n<meta property=\"og:locale\" content=\"tr_TR\" \/>\n<meta property=\"og:type\" content=\"article\" \/>\n<meta property=\"og:title\" content=\"Tekirda\u011f \u015eark\u00f6y merkezli doland\u0131r\u0131c\u0131l\u0131k operasyonunda 20 tutuklama- Yeniden | \u00c7orlu&#039;da Haber\" \/>\n<meta property=\"og:description\" content=\"Tekirda\u011f \u015eark\u00f6y merkezli doland\u0131r\u0131c\u0131l\u0131k operasyonunda 20 tutuklama- Yeniden | \u00c7orlu&#039;da Haber\" \/>\n<meta property=\"og:url\" content=\"https:\/\/corludahaber.com\/h\/tekirdag-sarkoy-merkezli-dolandiricilik-operasyonunda-20-tutuklama-yeniden\/124220\" \/>\n<meta property=\"og:site_name\" content=\"\u00c7orlu&#039;da Haber\" \/>\n<meta property=\"article:publisher\" content=\"https:\/\/facebook.com\/habercorluda\" \/>\n<meta property=\"article:published_time\" content=\"2026-09-04T09:54:03+00:00\" \/>\n<meta property=\"article:modified_time\" content=\"2026-09-04T09:54:13+00:00\" \/>\n<meta property=\"og:image\" content=\"http:\/\/corludahaber.com\/h\/wp-content\/uploads\/2026\/09\/tekirdag-sarkoy-merkezli-dolandiricilik-operasyonunda-20-tutuklama-yeniden_6a9a954143174.jpeg\" \/>\n\t<meta property=\"og:image:width\" content=\"2300\" \/>\n\t<meta property=\"og:image:height\" content=\"919\" \/>\n\t<meta property=\"og:image:type\" content=\"image\/jpeg\" \/>\n<meta name=\"author\" content=\"\u00c7orlu&#039;da Haber\" \/>\n<meta name=\"twitter:card\" content=\"summary_large_image\" \/>\n<meta name=\"twitter:creator\" content=\"@habercorluda\" \/>\n<meta name=\"twitter:site\" content=\"@habercorluda\" \/>\n<meta name=\"twitter:label1\" content=\"Yazan:\" \/>\n\t<meta name=\"twitter:data1\" content=\"\u00c7orlu&#039;da Haber\" \/>\n\t<meta name=\"twitter:label2\" content=\"Tahmini okuma s\u00fcresi\" \/>\n\t<meta name=\"twitter:data2\" content=\"2 dakika\" \/>\n<script type=\"application\/ld+json\" class=\"yoast-schema-graph\">{\"@context\":\"https:\/\/schema.org\",\"@graph\":[{\"@type\":\"Article\",\"@id\":\"https:\/\/corludahaber.com\/h\/tekirdag-sarkoy-merkezli-dolandiricilik-operasyonunda-20-tutuklama-yeniden\/124220#article\",\"isPartOf\":{\"@id\":\"https:\/\/corludahaber.com\/h\/tekirdag-sarkoy-merkezli-dolandiricilik-operasyonunda-20-tutuklama-yeniden\/124220\"},\"author\":{\"name\":\"\u00c7orlu'da Haber\",\"@id\":\"https:\/\/corludahaber.com\/h\/#\/schema\/person\/b523522be44b062db5d74a62589768cd\"},\"headline\":\"Tekirda\u011f \u015eark\u00f6y merkezli doland\u0131r\u0131c\u0131l\u0131k operasyonunda 20 tutuklama- Yeniden\",\"datePublished\":\"2026-09-04T09:54:03+00:00\",\"dateModified\":\"2026-09-04T09:54:13+00:00\",\"mainEntityOfPage\":{\"@id\":\"https:\/\/corludahaber.com\/h\/tekirdag-sarkoy-merkezli-dolandiricilik-operasyonunda-20-tutuklama-yeniden\/124220\"},\"wordCount\":356,\"commentCount\":0,\"publisher\":{\"@id\":\"https:\/\/corludahaber.com\/h\/#organization\"},\"image\":{\"@id\":\"https:\/\/corludahaber.com\/h\/tekirdag-sarkoy-merkezli-dolandiricilik-operasyonunda-20-tutuklama-yeniden\/124220#primaryimage\"},\"thumbnailUrl\":\"https:\/\/corludahaber.com\/h\/wp-content\/uploads\/2026\/09\/tekirdag-sarkoy-merkezli-dolandiricilik-operasyonunda-20-tutuklama-yeniden_6a9a954143174.jpeg\",\"keywords\":[\"asayi\u015f\",\"\u00c7orlu kaza\",\"\u00c7orlu son dakika kaza\",\"doland\u0131r\u0131c\u0131l\u0131k\",\"Merkezli\",\"operasyonunda\",\"\u015eark\u00f6y\",\"son dakika kaza\",\"Tekirda\u011f\",\"Tekirda\u011f \u015eark\u00f6y merkezli doland\u0131r\u0131c\u0131l\u0131k operasyonunda 20 tutuklama- Yeniden\",\"tutuklama\",\"YEN\u0130DEN\"],\"articleSection\":[\"Ya\u015fam\"],\"inLanguage\":\"tr\",\"potentialAction\":[{\"@type\":\"CommentAction\",\"name\":\"Comment\",\"target\":[\"https:\/\/corludahaber.com\/h\/tekirdag-sarkoy-merkezli-dolandiricilik-operasyonunda-20-tutuklama-yeniden\/124220#respond\"]}]},{\"@type\":\"WebPage\",\"@id\":\"https:\/\/corludahaber.com\/h\/tekirdag-sarkoy-merkezli-dolandiricilik-operasyonunda-20-tutuklama-yeniden\/124220\",\"url\":\"https:\/\/corludahaber.com\/h\/tekirdag-sarkoy-merkezli-dolandiricilik-operasyonunda-20-tutuklama-yeniden\/124220\",\"name\":\"Tekirda\u011f \u015eark\u00f6y merkezli doland\u0131r\u0131c\u0131l\u0131k operasyonunda 20 tutuklama- Yeniden | \u00c7orlu&#039;da Haber\",\"isPartOf\":{\"@id\":\"https:\/\/corludahaber.com\/h\/#website\"},\"primaryImageOfPage\":{\"@id\":\"https:\/\/corludahaber.com\/h\/tekirdag-sarkoy-merkezli-dolandiricilik-operasyonunda-20-tutuklama-yeniden\/124220#primaryimage\"},\"image\":{\"@id\":\"https:\/\/corludahaber.com\/h\/tekirdag-sarkoy-merkezli-dolandiricilik-operasyonunda-20-tutuklama-yeniden\/124220#primaryimage\"},\"thumbnailUrl\":\"https:\/\/corludahaber.com\/h\/wp-content\/uploads\/2026\/09\/tekirdag-sarkoy-merkezli-dolandiricilik-operasyonunda-20-tutuklama-yeniden_6a9a954143174.jpeg\",\"datePublished\":\"2026-09-04T09:54:03+00:00\",\"dateModified\":\"2026-09-04T09:54:13+00:00\",\"description\":\"Tekirda\u011f \u015eark\u00f6y merkezli doland\u0131r\u0131c\u0131l\u0131k operasyonunda 20 tutuklama- Yeniden | \u00c7orlu&#039;da Haber\",\"breadcrumb\":{\"@id\":\"https:\/\/corludahaber.com\/h\/tekirdag-sarkoy-merkezli-dolandiricilik-operasyonunda-20-tutuklama-yeniden\/124220#breadcrumb\"},\"inLanguage\":\"tr\",\"potentialAction\":[{\"@type\":\"ReadAction\",\"target\":[\"https:\/\/corludahaber.com\/h\/tekirdag-sarkoy-merkezli-dolandiricilik-operasyonunda-20-tutuklama-yeniden\/124220\"]}]},{\"@type\":\"ImageObject\",\"inLanguage\":\"tr\",\"@id\":\"https:\/\/corludahaber.com\/h\/tekirdag-sarkoy-merkezli-dolandiricilik-operasyonunda-20-tutuklama-yeniden\/124220#primaryimage\",\"url\":\"https:\/\/corludahaber.com\/h\/wp-content\/uploads\/2026\/09\/tekirdag-sarkoy-merkezli-dolandiricilik-operasyonunda-20-tutuklama-yeniden_6a9a954143174.jpeg\",\"contentUrl\":\"https:\/\/corludahaber.com\/h\/wp-content\/uploads\/2026\/09\/tekirdag-sarkoy-merkezli-dolandiricilik-operasyonunda-20-tutuklama-yeniden_6a9a954143174.jpeg\",\"width\":2300,\"height\":919},{\"@type\":\"BreadcrumbList\",\"@id\":\"https:\/\/corludahaber.com\/h\/tekirdag-sarkoy-merkezli-dolandiricilik-operasyonunda-20-tutuklama-yeniden\/124220#breadcrumb\",\"itemListElement\":[{\"@type\":\"ListItem\",\"position\":1,\"name\":\"Anasayfa\",\"item\":\"https:\/\/corludahaber.com\/h\/anasayfa\"},{\"@type\":\"ListItem\",\"position\":2,\"name\":\"Ya\u015fam\",\"item\":\"https:\/\/corludahaber.com\/h\/kategori\/yasam\"},{\"@type\":\"ListItem\",\"position\":3,\"name\":\"Tekirda\u011f \u015eark\u00f6y merkezli doland\u0131r\u0131c\u0131l\u0131k operasyonunda 20 tutuklama- Yeniden\"}]},{\"@type\":\"WebSite\",\"@id\":\"https:\/\/corludahaber.com\/h\/#website\",\"url\":\"https:\/\/corludahaber.com\/h\/\",\"name\":\"\u00c7orlu'da Haber\",\"description\":\"Ger\u00e7ek Tarafs\u0131z Haber\",\"publisher\":{\"@id\":\"https:\/\/corludahaber.com\/h\/#organization\"},\"potentialAction\":[{\"@type\":\"SearchAction\",\"target\":{\"@type\":\"EntryPoint\",\"urlTemplate\":\"https:\/\/corludahaber.com\/h\/?s={search_term_string}\"},\"query-input\":\"required name=search_term_string\"}],\"inLanguage\":\"tr\"},{\"@type\":\"Organization\",\"@id\":\"https:\/\/corludahaber.com\/h\/#organization\",\"name\":\"\u00c7orlu'da Haber\",\"url\":\"https:\/\/corludahaber.com\/h\/\",\"logo\":{\"@type\":\"ImageObject\",\"inLanguage\":\"tr\",\"@id\":\"https:\/\/corludahaber.com\/h\/#\/schema\/logo\/image\/\",\"url\":\"https:\/\/corludahaber.com\/h\/wp-content\/uploads\/2021\/12\/logo__9__1_-removebg-preview.png\",\"contentUrl\":\"https:\/\/corludahaber.com\/h\/wp-content\/uploads\/2021\/12\/logo__9__1_-removebg-preview.png\",\"width\":500,\"height\":157,\"caption\":\"\u00c7orlu'da Haber\"},\"image\":{\"@id\":\"https:\/\/corludahaber.com\/h\/#\/schema\/logo\/image\/\"},\"sameAs\":[\"https:\/\/facebook.com\/habercorluda\",\"https:\/\/x.com\/habercorluda\",\"https:\/\/www.instagram.com\/corludahaber\",\"https:\/\/www.youtube.com\/user\/corludahaber\"]},{\"@type\":\"Person\",\"@id\":\"https:\/\/corludahaber.com\/h\/#\/schema\/person\/b523522be44b062db5d74a62589768cd\",\"name\":\"\u00c7orlu'da Haber\",\"image\":{\"@type\":\"ImageObject\",\"inLanguage\":\"tr\",\"@id\":\"https:\/\/corludahaber.com\/h\/#\/schema\/person\/image\/\",\"url\":\"https:\/\/secure.gravatar.com\/avatar\/1033e54e078c29fd7f053370086ff627ba414b05c2b231c418a481adecd764ce?s=96&d=blank&r=g\",\"contentUrl\":\"https:\/\/secure.gravatar.com\/avatar\/1033e54e078c29fd7f053370086ff627ba414b05c2b231c418a481adecd764ce?s=96&d=blank&r=g\",\"caption\":\"\u00c7orlu'da Haber\"},\"sameAs\":[\"https:\/\/corludahaber.com\/h\"],\"url\":\"https:\/\/corludahaber.com\/h\/author\/admin\"}]}<\/script>\n<!-- \/ Yoast SEO Premium plugin. -->","yoast_head_json":{"title":"Tekirda\u011f \u015eark\u00f6y merkezli doland\u0131r\u0131c\u0131l\u0131k operasyonunda 20 tutuklama- Yeniden | \u00c7orlu&#039;da Haber","description":"Tekirda\u011f \u015eark\u00f6y merkezli doland\u0131r\u0131c\u0131l\u0131k operasyonunda 20 tutuklama- Yeniden | \u00c7orlu&#039;da Haber","robots":{"index":"index","follow":"follow","max-snippet":"max-snippet:-1","max-image-preview":"max-image-preview:large","max-video-preview":"max-video-preview:-1"},"canonical":"https:\/\/corludahaber.com\/h\/tekirdag-sarkoy-merkezli-dolandiricilik-operasyonunda-20-tutuklama-yeniden\/124220","og_locale":"tr_TR","og_type":"article","og_title":"Tekirda\u011f \u015eark\u00f6y merkezli doland\u0131r\u0131c\u0131l\u0131k operasyonunda 20 tutuklama- Yeniden | \u00c7orlu&#039;da Haber","og_description":"Tekirda\u011f \u015eark\u00f6y merkezli doland\u0131r\u0131c\u0131l\u0131k operasyonunda 20 tutuklama- Yeniden | \u00c7orlu&#039;da Haber","og_url":"https:\/\/corludahaber.com\/h\/tekirdag-sarkoy-merkezli-dolandiricilik-operasyonunda-20-tutuklama-yeniden\/124220","og_site_name":"\u00c7orlu&#039;da Haber","article_publisher":"https:\/\/facebook.com\/habercorluda","article_published_time":"2026-09-04T09:54:03+00:00","article_modified_time":"2026-09-04T09:54:13+00:00","og_image":[{"width":2300,"height":919,"url":"http:\/\/corludahaber.com\/h\/wp-content\/uploads\/2026\/09\/tekirdag-sarkoy-merkezli-dolandiricilik-operasyonunda-20-tutuklama-yeniden_6a9a954143174.jpeg","type":"image\/jpeg"}],"author":"\u00c7orlu'da Haber","twitter_card":"summary_large_image","twitter_creator":"@habercorluda","twitter_site":"@habercorluda","twitter_misc":{"Yazan:":"\u00c7orlu'da Haber","Tahmini okuma s\u00fcresi":"2 dakika"},"schema":{"@context":"https:\/\/schema.org","@graph":[{"@type":"Article","@id":"https:\/\/corludahaber.com\/h\/tekirdag-sarkoy-merkezli-dolandiricilik-operasyonunda-20-tutuklama-yeniden\/124220#article","isPartOf":{"@id":"https:\/\/corludahaber.com\/h\/tekirdag-sarkoy-merkezli-dolandiricilik-operasyonunda-20-tutuklama-yeniden\/124220"},"author":{"name":"\u00c7orlu'da Haber","@id":"https:\/\/corludahaber.com\/h\/#\/schema\/person\/b523522be44b062db5d74a62589768cd"},"headline":"Tekirda\u011f \u015eark\u00f6y merkezli doland\u0131r\u0131c\u0131l\u0131k operasyonunda 20 tutuklama- Yeniden","datePublished":"2026-09-04T09:54:03+00:00","dateModified":"2026-09-04T09:54:13+00:00","mainEntityOfPage":{"@id":"https:\/\/corludahaber.com\/h\/tekirdag-sarkoy-merkezli-dolandiricilik-operasyonunda-20-tutuklama-yeniden\/124220"},"wordCount":356,"commentCount":0,"publisher":{"@id":"https:\/\/corludahaber.com\/h\/#organization"},"image":{"@id":"https:\/\/corludahaber.com\/h\/tekirdag-sarkoy-merkezli-dolandiricilik-operasyonunda-20-tutuklama-yeniden\/124220#primaryimage"},"thumbnailUrl":"https:\/\/corludahaber.com\/h\/wp-content\/uploads\/2026\/09\/tekirdag-sarkoy-merkezli-dolandiricilik-operasyonunda-20-tutuklama-yeniden_6a9a954143174.jpeg","keywords":["asayi\u015f","\u00c7orlu kaza","\u00c7orlu son dakika kaza","doland\u0131r\u0131c\u0131l\u0131k","Merkezli","operasyonunda","\u015eark\u00f6y","son dakika kaza","Tekirda\u011f","Tekirda\u011f \u015eark\u00f6y merkezli doland\u0131r\u0131c\u0131l\u0131k operasyonunda 20 tutuklama- Yeniden","tutuklama","YEN\u0130DEN"],"articleSection":["Ya\u015fam"],"inLanguage":"tr","potentialAction":[{"@type":"CommentAction","name":"Comment","target":["https:\/\/corludahaber.com\/h\/tekirdag-sarkoy-merkezli-dolandiricilik-operasyonunda-20-tutuklama-yeniden\/124220#respond"]}]},{"@type":"WebPage","@id":"https:\/\/corludahaber.com\/h\/tekirdag-sarkoy-merkezli-dolandiricilik-operasyonunda-20-tutuklama-yeniden\/124220","url":"https:\/\/corludahaber.com\/h\/tekirdag-sarkoy-merkezli-dolandiricilik-operasyonunda-20-tutuklama-yeniden\/124220","name":"Tekirda\u011f \u015eark\u00f6y merkezli doland\u0131r\u0131c\u0131l\u0131k operasyonunda 20 tutuklama- Yeniden | \u00c7orlu&#039;da Haber","isPartOf":{"@id":"https:\/\/corludahaber.com\/h\/#website"},"primaryImageOfPage":{"@id":"https:\/\/corludahaber.com\/h\/tekirdag-sarkoy-merkezli-dolandiricilik-operasyonunda-20-tutuklama-yeniden\/124220#primaryimage"},"image":{"@id":"https:\/\/corludahaber.com\/h\/tekirdag-sarkoy-merkezli-dolandiricilik-operasyonunda-20-tutuklama-yeniden\/124220#primaryimage"},"thumbnailUrl":"https:\/\/corludahaber.com\/h\/wp-content\/uploads\/2026\/09\/tekirdag-sarkoy-merkezli-dolandiricilik-operasyonunda-20-tutuklama-yeniden_6a9a954143174.jpeg","datePublished":"2026-09-04T09:54:03+00:00","dateModified":"2026-09-04T09:54:13+00:00","description":"Tekirda\u011f \u015eark\u00f6y merkezli doland\u0131r\u0131c\u0131l\u0131k operasyonunda 20 tutuklama- Yeniden | \u00c7orlu&#039;da Haber","breadcrumb":{"@id":"https:\/\/corludahaber.com\/h\/tekirdag-sarkoy-merkezli-dolandiricilik-operasyonunda-20-tutuklama-yeniden\/124220#breadcrumb"},"inLanguage":"tr","potentialAction":[{"@type":"ReadAction","target":["https:\/\/corludahaber.com\/h\/tekirdag-sarkoy-merkezli-dolandiricilik-operasyonunda-20-tutuklama-yeniden\/124220"]}]},{"@type":"ImageObject","inLanguage":"tr","@id":"https:\/\/corludahaber.com\/h\/tekirdag-sarkoy-merkezli-dolandiricilik-operasyonunda-20-tutuklama-yeniden\/124220#primaryimage","url":"https:\/\/corludahaber.com\/h\/wp-content\/uploads\/2026\/09\/tekirdag-sarkoy-merkezli-dolandiricilik-operasyonunda-20-tutuklama-yeniden_6a9a954143174.jpeg","contentUrl":"https:\/\/corludahaber.com\/h\/wp-content\/uploads\/2026\/09\/tekirdag-sarkoy-merkezli-dolandiricilik-operasyonunda-20-tutuklama-yeniden_6a9a954143174.jpeg","width":2300,"height":919},{"@type":"BreadcrumbList","@id":"https:\/\/corludahaber.com\/h\/tekirdag-sarkoy-merkezli-dolandiricilik-operasyonunda-20-tutuklama-yeniden\/124220#breadcrumb","itemListElement":[{"@type":"ListItem","position":1,"name":"Anasayfa","item":"https:\/\/corludahaber.com\/h\/anasayfa"},{"@type":"ListItem","position":2,"name":"Ya\u015fam","item":"https:\/\/corludahaber.com\/h\/kategori\/yasam"},{"@type":"ListItem","position":3,"name":"Tekirda\u011f \u015eark\u00f6y merkezli doland\u0131r\u0131c\u0131l\u0131k operasyonunda 20 tutuklama- Yeniden"}]},{"@type":"WebSite","@id":"https:\/\/corludahaber.com\/h\/#website","url":"https:\/\/corludahaber.com\/h\/","name":"\u00c7orlu'da Haber","description":"Ger\u00e7ek Tarafs\u0131z Haber","publisher":{"@id":"https:\/\/corludahaber.com\/h\/#organization"},"potentialAction":[{"@type":"SearchAction","target":{"@type":"EntryPoint","urlTemplate":"https:\/\/corludahaber.com\/h\/?s={search_term_string}"},"query-input":"required name=search_term_string"}],"inLanguage":"tr"},{"@type":"Organization","@id":"https:\/\/corludahaber.com\/h\/#organization","name":"\u00c7orlu'da Haber","url":"https:\/\/corludahaber.com\/h\/","logo":{"@type":"ImageObject","inLanguage":"tr","@id":"https:\/\/corludahaber.com\/h\/#\/schema\/logo\/image\/","url":"https:\/\/corludahaber.com\/h\/wp-content\/uploads\/2021\/12\/logo__9__1_-removebg-preview.png","contentUrl":"https:\/\/corludahaber.com\/h\/wp-content\/uploads\/2021\/12\/logo__9__1_-removebg-preview.png","width":500,"height":157,"caption":"\u00c7orlu'da Haber"},"image":{"@id":"https:\/\/corludahaber.com\/h\/#\/schema\/logo\/image\/"},"sameAs":["https:\/\/facebook.com\/habercorluda","https:\/\/x.com\/habercorluda","https:\/\/www.instagram.com\/corludahaber","https:\/\/www.youtube.com\/user\/corludahaber"]},{"@type":"Person","@id":"https:\/\/corludahaber.com\/h\/#\/schema\/person\/b523522be44b062db5d74a62589768cd","name":"\u00c7orlu'da Haber","image":{"@type":"ImageObject","inLanguage":"tr","@id":"https:\/\/corludahaber.com\/h\/#\/schema\/person\/image\/","url":"https:\/\/secure.gravatar.com\/avatar\/1033e54e078c29fd7f053370086ff627ba414b05c2b231c418a481adecd764ce?s=96&d=blank&r=g","contentUrl":"https:\/\/secure.gravatar.com\/avatar\/1033e54e078c29fd7f053370086ff627ba414b05c2b231c418a481adecd764ce?s=96&d=blank&r=g","caption":"\u00c7orlu'da Haber"},"sameAs":["https:\/\/corludahaber.com\/h"],"url":"https:\/\/corludahaber.com\/h\/author\/admin"}]}},"_links":{"self":[{"href":"https:\/\/corludahaber.com\/h\/wp-json\/wp\/v2\/posts\/124220","targetHints":{"allow":["GET"]}}],"collection":[{"href":"https:\/\/corludahaber.com\/h\/wp-json\/wp\/v2\/posts"}],"about":[{"href":"https:\/\/corludahaber.com\/h\/wp-json\/wp\/v2\/types\/post"}],"author":[{"embeddable":true,"href":"https:\/\/corludahaber.com\/h\/wp-json\/wp\/v2\/users\/151"}],"replies":[{"embeddable":true,"href":"https:\/\/corludahaber.com\/h\/wp-json\/wp\/v2\/comments?post=124220"}],"version-history":[{"count":1,"href":"https:\/\/corludahaber.com\/h\/wp-json\/wp\/v2\/posts\/124220\/revisions"}],"predecessor-version":[{"id":124224,"href":"https:\/\/corludahaber.com\/h\/wp-json\/wp\/v2\/posts\/124220\/revisions\/124224"}],"wp:featuredmedia":[{"embeddable":true,"href":"https:\/\/corludahaber.com\/h\/wp-json\/wp\/v2\/media\/124222"}],"wp:attachment":[{"href":"https:\/\/corludahaber.com\/h\/wp-json\/wp\/v2\/media?parent=124220"}],"wp:term":[{"taxonomy":"category","embeddable":true,"href":"https:\/\/corludahaber.com\/h\/wp-json\/wp\/v2\/categories?post=124220"},{"taxonomy":"post_tag","embeddable":true,"href":"https:\/\/corludahaber.com\/h\/wp-json\/wp\/v2\/tags?post=124220"}],"curies":[{"name":"wp","href":"https:\/\/api.w.org\/{rel}","templated":true}]}}