{"id":124217,"date":"2026-09-04T11:41:09","date_gmt":"2026-09-04T08:41:09","guid":{"rendered":"https:\/\/corludahaber.com\/h\/tekirdag-sarkoy-merkezli-dolandiricilik-operasyonunda-6-tutuklama\/124217"},"modified":"2026-09-04T11:41:19","modified_gmt":"2026-09-04T08:41:19","slug":"tekirdag-sarkoy-merkezli-dolandiricilik-operasyonunda-6-tutuklama","status":"publish","type":"post","link":"https:\/\/corludahaber.com\/h\/tekirdag-sarkoy-merkezli-dolandiricilik-operasyonunda-6-tutuklama\/124217","title":{"rendered":"Tekirda\u011f \u015eark\u00f6y merkezli doland\u0131r\u0131c\u0131l\u0131k operasyonunda 6 tutuklama"},"content":{"rendered":"<div class=\"corlu-icerikten-once_3\" id=\"corlu-2567394539\"><script type='text\/javascript' src='https:\/\/platform-api.sharethis.com\/js\/sharethis.js#property=5ce8cf08af7d000012cb0ca1&product=inline-reaction-buttons' async='async'><\/script>\r\n\r\n<\/div><div readability=\"72\"><span class=\"category-name hidden\"><\/span><\/p><div class=\"corlu-icerik-2\" id=\"corlu-4273872929\"><!-- Admatic AUTO ads START -->\r\n<ins data-publisher=\"adm-pub-155556240050\" data-ad-network=\"659428a24d11b285b616c18d\"   class=\"adm-ads-area\"><\/ins>\r\n<script type=\"text\/javascript\" src=\"https:\/\/static.cdn.admatic.com.tr\/showad\/showad.min.js\"><\/script>\r\n<!-- Admatic AUTO ads END --><\/div>\n<p>Nuri \u00c7A\u011eLAR\/\u015eARK\u00d6Y (Tekirda\u011f), (Haber Merkezi)- TEK\u0130RDA\u011e&#8217;\u0131n \u015eark\u00f6y il\u00e7esi merkezli y\u00fcr\u00fct\u00fclen nitelikli doland\u0131r\u0131c\u0131l\u0131k soru\u015fturmas\u0131nda, 46 ki\u015fiyi 250 milyon lira doland\u0131rd\u0131klar\u0131 iddia edilen su\u00e7 \u00f6rg\u00fct\u00fcne y\u00f6nelik operasyonda yakalanan 14 \u015f\u00fcpheliden 6&#8217;s\u0131 tutukland\u0131.<\/p>\n<p>Tekirda\u011f \u015eark\u00f6y Cumhuriyet Savc\u0131s\u0131 Fatih Da\u011fc\u0131, \u00f6rg\u00fctl\u00fc \u015fekilde nitelikli doland\u0131r\u0131c\u0131l\u0131k yapt\u0131\u011f\u0131 tespit edilen su\u00e7 \u00f6rg\u00fct\u00fcne y\u00f6nelik soru\u015fturma ba\u015flatt\u0131. Bu kapsamda Tekirda\u011f \u0130l Emniyet M\u00fcd\u00fcrl\u00fc\u011f\u00fc Asayi\u015f \u015eube M\u00fcd\u00fcrl\u00fc\u011f\u00fc ve \u0130stihbarat \u015eube M\u00fcd\u00fcrl\u00fc\u011f\u00fc ekiplerinin \u00e7al\u0131\u015fmalar\u0131nda, \u015f\u00fcphelilerin; sanal medya platformlar\u0131ndan d\u00fcnya borsalar\u0131 ve kripto piyasalarda yat\u0131r\u0131m yaparak y\u00fcksek kar elde etme vaadiyle vatanda\u015flar\u0131 ikna ettikleri, ard\u0131ndan ma\u011fdurlar\u0131 olu\u015fturduklar\u0131 sahte ve casus nitelikli mobil uygulamalara y\u00f6nlendirdikleri belirlendi.<\/p>\n<p>\u015e\u00fcphelilerin, uygulamalarda yer alan aldat\u0131c\u0131 ara y\u00fczler, kazan\u00e7 g\u00f6steren grafikler ve hileli temalar arac\u0131l\u0131\u011f\u0131yla ma\u011fdurlar\u0131 yat\u0131r\u0131m yapt\u0131klar\u0131na inand\u0131r\u0131p, paralar\u0131n\u0131 &#8216;yat\u0131r\u0131m&#8217; ad\u0131 alt\u0131nda kurduklar\u0131 21 ayr\u0131 paravan \u015firketin hesaplar\u0131na aktarmalar\u0131n\u0131 sa\u011flad\u0131klar\u0131 tespit edildi. S\u00f6z konusu paravan \u015firketlerin hesaplar\u0131nda 1 ay i\u00e7erisinde 100 milyon TL ile 300 milyon TL aras\u0131nda para giri\u015f-\u00e7\u0131k\u0131\u015f\u0131 ger\u00e7ekle\u015fti\u011fi, hesaplarda bulunan paralar\u0131n d\u00f6viz b\u00fcrolar\u0131 ve kuyumcular\u0131n hesaplar\u0131na aktar\u0131l\u0131p alt\u0131n ve d\u00f6vize \u00e7evrildi\u011fi, ard\u0131ndan yurt d\u0131\u015f\u0131na transfer edilip paran\u0131n izinin kaybettirilmeye \u00e7al\u0131\u015f\u0131ld\u0131\u011f\u0131 belirlendi.<\/p>\n<p>\u015e\u00dcPHEL\u0130LER FARKLI MESLEK GRUPLARINDAN<\/p>\n<p>Soru\u015fturma kapsam\u0131nda su\u00e7 \u00f6rg\u00fct\u00fcn\u00fcn 46 vatanda\u015f\u0131 toplam 250 milyon TL doland\u0131rarak ma\u011fdur etti\u011fi tespit edildi. Hiyerar\u015fik ve piramit yap\u0131lanma i\u00e7erisinde faaliyet g\u00f6sterdi\u011fi belirlenen su\u00e7 \u00f6rg\u00fct\u00fcnde; kuyumcu, avukat ve i\u015f insan\u0131 gibi \u00e7e\u015fitli meslek gruplar\u0131ndan 35 \u015f\u00fcpheli tespit edildi. Polisin tespit edilen \u015f\u00fcphelilere y\u00f6nelik \u00e7e\u015fitli illerde d\u00fczenledi\u011fi operasyonlarda 14&#8217;\u00fc yakalan\u0131p g\u00f6zalt\u0131na al\u0131nd\u0131.<\/p>\n<p>Emniyetteki i\u015flemlerinin ard\u0131ndan \u015eark\u00f6y&#8217;de adliyeye sevk edilen \u015f\u00fcphelilerden Murat G\u00fcm\u00fc\u015fsoy, \u0130lhan \u015eent\u00fcrk, Cumali \u00c7ayraz, \u015eerife Top\u00e7u, Arif Kalkanl\u0131 ve Erdem Bekta\u015f tutukland\u0131, 8&#8217;i adli kontrol \u015fart\u0131yla serbest b\u0131rak\u0131ld\u0131. Adreslerinde bulunamayan di\u011fer \u015f\u00fcphelilerin yakalanmas\u0131na y\u00f6nelik \u00e7al\u0131\u015fmalar s\u00fcr\u00fcyor. (Haber Merkezi)<\/p>\n<\/div>\n<div class=\"corlu-icerikten-sonra_3\" id=\"corlu-2599591425\"><p><img loading=\"lazy\" decoding=\"async\" class=\"aligncenter\" src=\"https:\/\/www.corludahaber.com\/bahcesehir.jpg\" alt=\"\" width=\"624\" height=\"196\" \/><\/p>\n<table style=\"text-align: left; width: 100%;\" border=\"1\" cellspacing=\"2\" cellpadding=\"2\">\n<tbody>\n<tr>\n<td style=\"background-color: #050805;\"><span style=\"font-size: 12pt;\"><small><small><em><strong><big><span style=\"color: #ff0000;\">Haber ve resimlerin telif haklar\u0131ndan dolay\u0131 kullan\u0131m\u0131 yasakt\u0131r<span style=\"color: #000000;\">.<\/span><\/span><span style=\"color: #000000;\">\u00a0<\/span><span style=\"color: #ffffff;\">Yaz\u0131l\u0131 izni al\u0131nmadan hi\u00e7bir yaz\u0131l\u0131, g\u00f6rsel, i\u015fitsel i\u00e7erik kopyalanamaz, de\u011fi\u015ftirilemez, yay\u0131nlanamaz veya sat\u0131lamaz. Aksi halde<\/span>\u00a0<span style=\"color: #ff0000;\">5846<span style=\"color: #ffffff;\">\u00a0<\/span><\/span><span style=\"color: #ffffff;\">say\u0131l\u0131 Fikir ve Sanat Eserleri Kanunu\u2019na ve<\/span>\u00a0<span style=\"color: #800000;\"><span style=\"color: #ff0000;\">6102<\/span><span style=\"color: #ffffff;\">\u00a0<\/span><\/span><span style=\"color: #ffffff;\">say\u0131l\u0131 maddesine g\u00f6re<\/span>\u00a0<span style=\"color: #ff0000;\">gerekli i\u015flemler uygulanacakt\u0131r.<\/span><br \/>\n<span style=\"color: #ffffff;\">\u00a9 Copyright 2014<\/span><\/big><\/strong><\/em><\/small><\/small><\/span><\/td>\n<\/tr>\n<\/tbody>\n<\/table>\n<p><small><small>\u00a0<\/small><\/small><\/p>\n<\/div>","protected":false},"excerpt":{"rendered":"<p>Nuri \u00c7A\u011eLAR\/\u015eARK\u00d6Y (Tekirda\u011f), (Haber Merkezi)- TEK\u0130RDA\u011e&#8217;\u0131n \u015eark\u00f6y il\u00e7esi merkezli y\u00fcr\u00fct\u00fclen nitelikli doland\u0131r\u0131c\u0131l\u0131k soru\u015fturmas\u0131nda, 46 ki\u015fiyi 250 milyon lira doland\u0131rd\u0131klar\u0131 iddia edilen su\u00e7 \u00f6rg\u00fct\u00fcne y\u00f6nelik operasyonda yakalanan 14 \u015f\u00fcpheliden 6&#8217;s\u0131 tutukland\u0131. Tekirda\u011f \u015eark\u00f6y Cumhuriyet Savc\u0131s\u0131 Fatih Da\u011fc\u0131, \u00f6rg\u00fctl\u00fc \u015fekilde nitelikli doland\u0131r\u0131c\u0131l\u0131k yapt\u0131\u011f\u0131 tespit edilen su\u00e7 \u00f6rg\u00fct\u00fcne y\u00f6nelik soru\u015fturma ba\u015flatt\u0131. Bu kapsamda Tekirda\u011f \u0130l Emniyet M\u00fcd\u00fcrl\u00fc\u011f\u00fc Asayi\u015f &hellip;<\/p>\n","protected":false},"author":151,"featured_media":124218,"comment_status":"open","ping_status":"closed","sticky":false,"template":"","format":"standard","meta":{"footnotes":""},"categories":[27],"tags":[8025,9376,15478,3078,987,337,1098,3661,376,36695,248],"class_list":["post-124217","post","type-post","status-publish","format-standard","has-post-thumbnail","hentry","category-yasam","tag-asayis","tag-corlu-kaza","tag-corlu-son-dakika-kaza","tag-dolandiricilik","tag-merkezli","tag-operasyonunda","tag-sarkoy","tag-son-dakika-kaza","tag-tekirdag","tag-tekirdag-sarkoy-merkezli-dolandiricilik-operasyonunda-6-tutuklama","tag-tutuklama"],"yoast_head":"<!-- This site is optimized with the Yoast SEO Premium plugin v23.3 (Yoast SEO v23.3) - https:\/\/yoast.com\/wordpress\/plugins\/seo\/ -->\n<title>Tekirda\u011f \u015eark\u00f6y merkezli doland\u0131r\u0131c\u0131l\u0131k operasyonunda 6 tutuklama | \u00c7orlu&#039;da Haber<\/title>\n<meta name=\"description\" content=\"Tekirda\u011f \u015eark\u00f6y merkezli doland\u0131r\u0131c\u0131l\u0131k operasyonunda 6 tutuklama | \u00c7orlu&#039;da Haber\" \/>\n<meta name=\"robots\" content=\"index, follow, max-snippet:-1, max-image-preview:large, max-video-preview:-1\" \/>\n<link rel=\"canonical\" href=\"https:\/\/corludahaber.com\/h\/tekirdag-sarkoy-merkezli-dolandiricilik-operasyonunda-6-tutuklama\/124217\" \/>\n<meta property=\"og:locale\" content=\"tr_TR\" \/>\n<meta property=\"og:type\" content=\"article\" \/>\n<meta property=\"og:title\" content=\"Tekirda\u011f \u015eark\u00f6y merkezli doland\u0131r\u0131c\u0131l\u0131k operasyonunda 6 tutuklama | \u00c7orlu&#039;da Haber\" \/>\n<meta property=\"og:description\" content=\"Tekirda\u011f \u015eark\u00f6y merkezli doland\u0131r\u0131c\u0131l\u0131k operasyonunda 6 tutuklama | \u00c7orlu&#039;da Haber\" \/>\n<meta property=\"og:url\" content=\"https:\/\/corludahaber.com\/h\/tekirdag-sarkoy-merkezli-dolandiricilik-operasyonunda-6-tutuklama\/124217\" \/>\n<meta property=\"og:site_name\" content=\"\u00c7orlu&#039;da Haber\" \/>\n<meta property=\"article:publisher\" content=\"https:\/\/facebook.com\/habercorluda\" \/>\n<meta property=\"article:published_time\" content=\"2026-09-04T08:41:09+00:00\" \/>\n<meta property=\"article:modified_time\" content=\"2026-09-04T08:41:19+00:00\" \/>\n<meta property=\"og:image\" content=\"http:\/\/corludahaber.com\/h\/wp-content\/uploads\/2026\/09\/tekirdag-sarkoy-merkezli-dolandiricilik-operasyonunda-6-tutuklama_6a9a842a940f2.jpeg\" \/>\n\t<meta property=\"og:image:width\" content=\"2300\" \/>\n\t<meta property=\"og:image:height\" content=\"919\" \/>\n\t<meta property=\"og:image:type\" content=\"image\/jpeg\" \/>\n<meta name=\"author\" content=\"\u00c7orlu&#039;da Haber\" \/>\n<meta name=\"twitter:card\" content=\"summary_large_image\" \/>\n<meta name=\"twitter:creator\" content=\"@habercorluda\" \/>\n<meta name=\"twitter:site\" content=\"@habercorluda\" \/>\n<meta name=\"twitter:label1\" content=\"Yazan:\" \/>\n\t<meta name=\"twitter:data1\" content=\"\u00c7orlu&#039;da Haber\" \/>\n\t<meta name=\"twitter:label2\" content=\"Tahmini okuma s\u00fcresi\" \/>\n\t<meta name=\"twitter:data2\" content=\"2 dakika\" \/>\n<script type=\"application\/ld+json\" class=\"yoast-schema-graph\">{\"@context\":\"https:\/\/schema.org\",\"@graph\":[{\"@type\":\"Article\",\"@id\":\"https:\/\/corludahaber.com\/h\/tekirdag-sarkoy-merkezli-dolandiricilik-operasyonunda-6-tutuklama\/124217#article\",\"isPartOf\":{\"@id\":\"https:\/\/corludahaber.com\/h\/tekirdag-sarkoy-merkezli-dolandiricilik-operasyonunda-6-tutuklama\/124217\"},\"author\":{\"name\":\"\u00c7orlu'da Haber\",\"@id\":\"https:\/\/corludahaber.com\/h\/#\/schema\/person\/b523522be44b062db5d74a62589768cd\"},\"headline\":\"Tekirda\u011f \u015eark\u00f6y merkezli doland\u0131r\u0131c\u0131l\u0131k operasyonunda 6 tutuklama\",\"datePublished\":\"2026-09-04T08:41:09+00:00\",\"dateModified\":\"2026-09-04T08:41:19+00:00\",\"mainEntityOfPage\":{\"@id\":\"https:\/\/corludahaber.com\/h\/tekirdag-sarkoy-merkezli-dolandiricilik-operasyonunda-6-tutuklama\/124217\"},\"wordCount\":400,\"commentCount\":0,\"publisher\":{\"@id\":\"https:\/\/corludahaber.com\/h\/#organization\"},\"image\":{\"@id\":\"https:\/\/corludahaber.com\/h\/tekirdag-sarkoy-merkezli-dolandiricilik-operasyonunda-6-tutuklama\/124217#primaryimage\"},\"thumbnailUrl\":\"https:\/\/corludahaber.com\/h\/wp-content\/uploads\/2026\/09\/tekirdag-sarkoy-merkezli-dolandiricilik-operasyonunda-6-tutuklama_6a9a842a940f2.jpeg\",\"keywords\":[\"asayi\u015f\",\"\u00c7orlu kaza\",\"\u00c7orlu son dakika kaza\",\"doland\u0131r\u0131c\u0131l\u0131k\",\"Merkezli\",\"operasyonunda\",\"\u015eark\u00f6y\",\"son dakika kaza\",\"Tekirda\u011f\",\"Tekirda\u011f \u015eark\u00f6y merkezli doland\u0131r\u0131c\u0131l\u0131k operasyonunda 6 tutuklama\",\"tutuklama\"],\"articleSection\":[\"Ya\u015fam\"],\"inLanguage\":\"tr\",\"potentialAction\":[{\"@type\":\"CommentAction\",\"name\":\"Comment\",\"target\":[\"https:\/\/corludahaber.com\/h\/tekirdag-sarkoy-merkezli-dolandiricilik-operasyonunda-6-tutuklama\/124217#respond\"]}]},{\"@type\":\"WebPage\",\"@id\":\"https:\/\/corludahaber.com\/h\/tekirdag-sarkoy-merkezli-dolandiricilik-operasyonunda-6-tutuklama\/124217\",\"url\":\"https:\/\/corludahaber.com\/h\/tekirdag-sarkoy-merkezli-dolandiricilik-operasyonunda-6-tutuklama\/124217\",\"name\":\"Tekirda\u011f \u015eark\u00f6y merkezli doland\u0131r\u0131c\u0131l\u0131k operasyonunda 6 tutuklama | \u00c7orlu&#039;da Haber\",\"isPartOf\":{\"@id\":\"https:\/\/corludahaber.com\/h\/#website\"},\"primaryImageOfPage\":{\"@id\":\"https:\/\/corludahaber.com\/h\/tekirdag-sarkoy-merkezli-dolandiricilik-operasyonunda-6-tutuklama\/124217#primaryimage\"},\"image\":{\"@id\":\"https:\/\/corludahaber.com\/h\/tekirdag-sarkoy-merkezli-dolandiricilik-operasyonunda-6-tutuklama\/124217#primaryimage\"},\"thumbnailUrl\":\"https:\/\/corludahaber.com\/h\/wp-content\/uploads\/2026\/09\/tekirdag-sarkoy-merkezli-dolandiricilik-operasyonunda-6-tutuklama_6a9a842a940f2.jpeg\",\"datePublished\":\"2026-09-04T08:41:09+00:00\",\"dateModified\":\"2026-09-04T08:41:19+00:00\",\"description\":\"Tekirda\u011f \u015eark\u00f6y merkezli doland\u0131r\u0131c\u0131l\u0131k operasyonunda 6 tutuklama | \u00c7orlu&#039;da Haber\",\"breadcrumb\":{\"@id\":\"https:\/\/corludahaber.com\/h\/tekirdag-sarkoy-merkezli-dolandiricilik-operasyonunda-6-tutuklama\/124217#breadcrumb\"},\"inLanguage\":\"tr\",\"potentialAction\":[{\"@type\":\"ReadAction\",\"target\":[\"https:\/\/corludahaber.com\/h\/tekirdag-sarkoy-merkezli-dolandiricilik-operasyonunda-6-tutuklama\/124217\"]}]},{\"@type\":\"ImageObject\",\"inLanguage\":\"tr\",\"@id\":\"https:\/\/corludahaber.com\/h\/tekirdag-sarkoy-merkezli-dolandiricilik-operasyonunda-6-tutuklama\/124217#primaryimage\",\"url\":\"https:\/\/corludahaber.com\/h\/wp-content\/uploads\/2026\/09\/tekirdag-sarkoy-merkezli-dolandiricilik-operasyonunda-6-tutuklama_6a9a842a940f2.jpeg\",\"contentUrl\":\"https:\/\/corludahaber.com\/h\/wp-content\/uploads\/2026\/09\/tekirdag-sarkoy-merkezli-dolandiricilik-operasyonunda-6-tutuklama_6a9a842a940f2.jpeg\",\"width\":2300,\"height\":919},{\"@type\":\"BreadcrumbList\",\"@id\":\"https:\/\/corludahaber.com\/h\/tekirdag-sarkoy-merkezli-dolandiricilik-operasyonunda-6-tutuklama\/124217#breadcrumb\",\"itemListElement\":[{\"@type\":\"ListItem\",\"position\":1,\"name\":\"Anasayfa\",\"item\":\"https:\/\/corludahaber.com\/h\/anasayfa\"},{\"@type\":\"ListItem\",\"position\":2,\"name\":\"Ya\u015fam\",\"item\":\"https:\/\/corludahaber.com\/h\/kategori\/yasam\"},{\"@type\":\"ListItem\",\"position\":3,\"name\":\"Tekirda\u011f \u015eark\u00f6y merkezli doland\u0131r\u0131c\u0131l\u0131k operasyonunda 6 tutuklama\"}]},{\"@type\":\"WebSite\",\"@id\":\"https:\/\/corludahaber.com\/h\/#website\",\"url\":\"https:\/\/corludahaber.com\/h\/\",\"name\":\"\u00c7orlu'da Haber\",\"description\":\"Ger\u00e7ek Tarafs\u0131z Haber\",\"publisher\":{\"@id\":\"https:\/\/corludahaber.com\/h\/#organization\"},\"potentialAction\":[{\"@type\":\"SearchAction\",\"target\":{\"@type\":\"EntryPoint\",\"urlTemplate\":\"https:\/\/corludahaber.com\/h\/?s={search_term_string}\"},\"query-input\":\"required name=search_term_string\"}],\"inLanguage\":\"tr\"},{\"@type\":\"Organization\",\"@id\":\"https:\/\/corludahaber.com\/h\/#organization\",\"name\":\"\u00c7orlu'da Haber\",\"url\":\"https:\/\/corludahaber.com\/h\/\",\"logo\":{\"@type\":\"ImageObject\",\"inLanguage\":\"tr\",\"@id\":\"https:\/\/corludahaber.com\/h\/#\/schema\/logo\/image\/\",\"url\":\"https:\/\/corludahaber.com\/h\/wp-content\/uploads\/2021\/12\/logo__9__1_-removebg-preview.png\",\"contentUrl\":\"https:\/\/corludahaber.com\/h\/wp-content\/uploads\/2021\/12\/logo__9__1_-removebg-preview.png\",\"width\":500,\"height\":157,\"caption\":\"\u00c7orlu'da Haber\"},\"image\":{\"@id\":\"https:\/\/corludahaber.com\/h\/#\/schema\/logo\/image\/\"},\"sameAs\":[\"https:\/\/facebook.com\/habercorluda\",\"https:\/\/x.com\/habercorluda\",\"https:\/\/www.instagram.com\/corludahaber\",\"https:\/\/www.youtube.com\/user\/corludahaber\"]},{\"@type\":\"Person\",\"@id\":\"https:\/\/corludahaber.com\/h\/#\/schema\/person\/b523522be44b062db5d74a62589768cd\",\"name\":\"\u00c7orlu'da Haber\",\"image\":{\"@type\":\"ImageObject\",\"inLanguage\":\"tr\",\"@id\":\"https:\/\/corludahaber.com\/h\/#\/schema\/person\/image\/\",\"url\":\"https:\/\/secure.gravatar.com\/avatar\/1033e54e078c29fd7f053370086ff627ba414b05c2b231c418a481adecd764ce?s=96&d=blank&r=g\",\"contentUrl\":\"https:\/\/secure.gravatar.com\/avatar\/1033e54e078c29fd7f053370086ff627ba414b05c2b231c418a481adecd764ce?s=96&d=blank&r=g\",\"caption\":\"\u00c7orlu'da Haber\"},\"sameAs\":[\"https:\/\/corludahaber.com\/h\"],\"url\":\"https:\/\/corludahaber.com\/h\/author\/admin\"}]}<\/script>\n<!-- \/ Yoast SEO Premium plugin. -->","yoast_head_json":{"title":"Tekirda\u011f \u015eark\u00f6y merkezli doland\u0131r\u0131c\u0131l\u0131k operasyonunda 6 tutuklama | \u00c7orlu&#039;da Haber","description":"Tekirda\u011f \u015eark\u00f6y merkezli doland\u0131r\u0131c\u0131l\u0131k operasyonunda 6 tutuklama | \u00c7orlu&#039;da Haber","robots":{"index":"index","follow":"follow","max-snippet":"max-snippet:-1","max-image-preview":"max-image-preview:large","max-video-preview":"max-video-preview:-1"},"canonical":"https:\/\/corludahaber.com\/h\/tekirdag-sarkoy-merkezli-dolandiricilik-operasyonunda-6-tutuklama\/124217","og_locale":"tr_TR","og_type":"article","og_title":"Tekirda\u011f \u015eark\u00f6y merkezli doland\u0131r\u0131c\u0131l\u0131k operasyonunda 6 tutuklama | \u00c7orlu&#039;da Haber","og_description":"Tekirda\u011f \u015eark\u00f6y merkezli doland\u0131r\u0131c\u0131l\u0131k operasyonunda 6 tutuklama | \u00c7orlu&#039;da Haber","og_url":"https:\/\/corludahaber.com\/h\/tekirdag-sarkoy-merkezli-dolandiricilik-operasyonunda-6-tutuklama\/124217","og_site_name":"\u00c7orlu&#039;da Haber","article_publisher":"https:\/\/facebook.com\/habercorluda","article_published_time":"2026-09-04T08:41:09+00:00","article_modified_time":"2026-09-04T08:41:19+00:00","og_image":[{"width":2300,"height":919,"url":"http:\/\/corludahaber.com\/h\/wp-content\/uploads\/2026\/09\/tekirdag-sarkoy-merkezli-dolandiricilik-operasyonunda-6-tutuklama_6a9a842a940f2.jpeg","type":"image\/jpeg"}],"author":"\u00c7orlu'da Haber","twitter_card":"summary_large_image","twitter_creator":"@habercorluda","twitter_site":"@habercorluda","twitter_misc":{"Yazan:":"\u00c7orlu'da Haber","Tahmini okuma s\u00fcresi":"2 dakika"},"schema":{"@context":"https:\/\/schema.org","@graph":[{"@type":"Article","@id":"https:\/\/corludahaber.com\/h\/tekirdag-sarkoy-merkezli-dolandiricilik-operasyonunda-6-tutuklama\/124217#article","isPartOf":{"@id":"https:\/\/corludahaber.com\/h\/tekirdag-sarkoy-merkezli-dolandiricilik-operasyonunda-6-tutuklama\/124217"},"author":{"name":"\u00c7orlu'da Haber","@id":"https:\/\/corludahaber.com\/h\/#\/schema\/person\/b523522be44b062db5d74a62589768cd"},"headline":"Tekirda\u011f \u015eark\u00f6y merkezli doland\u0131r\u0131c\u0131l\u0131k operasyonunda 6 tutuklama","datePublished":"2026-09-04T08:41:09+00:00","dateModified":"2026-09-04T08:41:19+00:00","mainEntityOfPage":{"@id":"https:\/\/corludahaber.com\/h\/tekirdag-sarkoy-merkezli-dolandiricilik-operasyonunda-6-tutuklama\/124217"},"wordCount":400,"commentCount":0,"publisher":{"@id":"https:\/\/corludahaber.com\/h\/#organization"},"image":{"@id":"https:\/\/corludahaber.com\/h\/tekirdag-sarkoy-merkezli-dolandiricilik-operasyonunda-6-tutuklama\/124217#primaryimage"},"thumbnailUrl":"https:\/\/corludahaber.com\/h\/wp-content\/uploads\/2026\/09\/tekirdag-sarkoy-merkezli-dolandiricilik-operasyonunda-6-tutuklama_6a9a842a940f2.jpeg","keywords":["asayi\u015f","\u00c7orlu kaza","\u00c7orlu son dakika kaza","doland\u0131r\u0131c\u0131l\u0131k","Merkezli","operasyonunda","\u015eark\u00f6y","son dakika kaza","Tekirda\u011f","Tekirda\u011f \u015eark\u00f6y merkezli doland\u0131r\u0131c\u0131l\u0131k operasyonunda 6 tutuklama","tutuklama"],"articleSection":["Ya\u015fam"],"inLanguage":"tr","potentialAction":[{"@type":"CommentAction","name":"Comment","target":["https:\/\/corludahaber.com\/h\/tekirdag-sarkoy-merkezli-dolandiricilik-operasyonunda-6-tutuklama\/124217#respond"]}]},{"@type":"WebPage","@id":"https:\/\/corludahaber.com\/h\/tekirdag-sarkoy-merkezli-dolandiricilik-operasyonunda-6-tutuklama\/124217","url":"https:\/\/corludahaber.com\/h\/tekirdag-sarkoy-merkezli-dolandiricilik-operasyonunda-6-tutuklama\/124217","name":"Tekirda\u011f \u015eark\u00f6y merkezli doland\u0131r\u0131c\u0131l\u0131k operasyonunda 6 tutuklama | \u00c7orlu&#039;da Haber","isPartOf":{"@id":"https:\/\/corludahaber.com\/h\/#website"},"primaryImageOfPage":{"@id":"https:\/\/corludahaber.com\/h\/tekirdag-sarkoy-merkezli-dolandiricilik-operasyonunda-6-tutuklama\/124217#primaryimage"},"image":{"@id":"https:\/\/corludahaber.com\/h\/tekirdag-sarkoy-merkezli-dolandiricilik-operasyonunda-6-tutuklama\/124217#primaryimage"},"thumbnailUrl":"https:\/\/corludahaber.com\/h\/wp-content\/uploads\/2026\/09\/tekirdag-sarkoy-merkezli-dolandiricilik-operasyonunda-6-tutuklama_6a9a842a940f2.jpeg","datePublished":"2026-09-04T08:41:09+00:00","dateModified":"2026-09-04T08:41:19+00:00","description":"Tekirda\u011f \u015eark\u00f6y merkezli doland\u0131r\u0131c\u0131l\u0131k operasyonunda 6 tutuklama | \u00c7orlu&#039;da Haber","breadcrumb":{"@id":"https:\/\/corludahaber.com\/h\/tekirdag-sarkoy-merkezli-dolandiricilik-operasyonunda-6-tutuklama\/124217#breadcrumb"},"inLanguage":"tr","potentialAction":[{"@type":"ReadAction","target":["https:\/\/corludahaber.com\/h\/tekirdag-sarkoy-merkezli-dolandiricilik-operasyonunda-6-tutuklama\/124217"]}]},{"@type":"ImageObject","inLanguage":"tr","@id":"https:\/\/corludahaber.com\/h\/tekirdag-sarkoy-merkezli-dolandiricilik-operasyonunda-6-tutuklama\/124217#primaryimage","url":"https:\/\/corludahaber.com\/h\/wp-content\/uploads\/2026\/09\/tekirdag-sarkoy-merkezli-dolandiricilik-operasyonunda-6-tutuklama_6a9a842a940f2.jpeg","contentUrl":"https:\/\/corludahaber.com\/h\/wp-content\/uploads\/2026\/09\/tekirdag-sarkoy-merkezli-dolandiricilik-operasyonunda-6-tutuklama_6a9a842a940f2.jpeg","width":2300,"height":919},{"@type":"BreadcrumbList","@id":"https:\/\/corludahaber.com\/h\/tekirdag-sarkoy-merkezli-dolandiricilik-operasyonunda-6-tutuklama\/124217#breadcrumb","itemListElement":[{"@type":"ListItem","position":1,"name":"Anasayfa","item":"https:\/\/corludahaber.com\/h\/anasayfa"},{"@type":"ListItem","position":2,"name":"Ya\u015fam","item":"https:\/\/corludahaber.com\/h\/kategori\/yasam"},{"@type":"ListItem","position":3,"name":"Tekirda\u011f \u015eark\u00f6y merkezli doland\u0131r\u0131c\u0131l\u0131k operasyonunda 6 tutuklama"}]},{"@type":"WebSite","@id":"https:\/\/corludahaber.com\/h\/#website","url":"https:\/\/corludahaber.com\/h\/","name":"\u00c7orlu'da Haber","description":"Ger\u00e7ek Tarafs\u0131z Haber","publisher":{"@id":"https:\/\/corludahaber.com\/h\/#organization"},"potentialAction":[{"@type":"SearchAction","target":{"@type":"EntryPoint","urlTemplate":"https:\/\/corludahaber.com\/h\/?s={search_term_string}"},"query-input":"required name=search_term_string"}],"inLanguage":"tr"},{"@type":"Organization","@id":"https:\/\/corludahaber.com\/h\/#organization","name":"\u00c7orlu'da Haber","url":"https:\/\/corludahaber.com\/h\/","logo":{"@type":"ImageObject","inLanguage":"tr","@id":"https:\/\/corludahaber.com\/h\/#\/schema\/logo\/image\/","url":"https:\/\/corludahaber.com\/h\/wp-content\/uploads\/2021\/12\/logo__9__1_-removebg-preview.png","contentUrl":"https:\/\/corludahaber.com\/h\/wp-content\/uploads\/2021\/12\/logo__9__1_-removebg-preview.png","width":500,"height":157,"caption":"\u00c7orlu'da Haber"},"image":{"@id":"https:\/\/corludahaber.com\/h\/#\/schema\/logo\/image\/"},"sameAs":["https:\/\/facebook.com\/habercorluda","https:\/\/x.com\/habercorluda","https:\/\/www.instagram.com\/corludahaber","https:\/\/www.youtube.com\/user\/corludahaber"]},{"@type":"Person","@id":"https:\/\/corludahaber.com\/h\/#\/schema\/person\/b523522be44b062db5d74a62589768cd","name":"\u00c7orlu'da Haber","image":{"@type":"ImageObject","inLanguage":"tr","@id":"https:\/\/corludahaber.com\/h\/#\/schema\/person\/image\/","url":"https:\/\/secure.gravatar.com\/avatar\/1033e54e078c29fd7f053370086ff627ba414b05c2b231c418a481adecd764ce?s=96&d=blank&r=g","contentUrl":"https:\/\/secure.gravatar.com\/avatar\/1033e54e078c29fd7f053370086ff627ba414b05c2b231c418a481adecd764ce?s=96&d=blank&r=g","caption":"\u00c7orlu'da Haber"},"sameAs":["https:\/\/corludahaber.com\/h"],"url":"https:\/\/corludahaber.com\/h\/author\/admin"}]}},"_links":{"self":[{"href":"https:\/\/corludahaber.com\/h\/wp-json\/wp\/v2\/posts\/124217","targetHints":{"allow":["GET"]}}],"collection":[{"href":"https:\/\/corludahaber.com\/h\/wp-json\/wp\/v2\/posts"}],"about":[{"href":"https:\/\/corludahaber.com\/h\/wp-json\/wp\/v2\/types\/post"}],"author":[{"embeddable":true,"href":"https:\/\/corludahaber.com\/h\/wp-json\/wp\/v2\/users\/151"}],"replies":[{"embeddable":true,"href":"https:\/\/corludahaber.com\/h\/wp-json\/wp\/v2\/comments?post=124217"}],"version-history":[{"count":1,"href":"https:\/\/corludahaber.com\/h\/wp-json\/wp\/v2\/posts\/124217\/revisions"}],"predecessor-version":[{"id":124219,"href":"https:\/\/corludahaber.com\/h\/wp-json\/wp\/v2\/posts\/124217\/revisions\/124219"}],"wp:featuredmedia":[{"embeddable":true,"href":"https:\/\/corludahaber.com\/h\/wp-json\/wp\/v2\/media\/124218"}],"wp:attachment":[{"href":"https:\/\/corludahaber.com\/h\/wp-json\/wp\/v2\/media?parent=124217"}],"wp:term":[{"taxonomy":"category","embeddable":true,"href":"https:\/\/corludahaber.com\/h\/wp-json\/wp\/v2\/categories?post=124217"},{"taxonomy":"post_tag","embeddable":true,"href":"https:\/\/corludahaber.com\/h\/wp-json\/wp\/v2\/tags?post=124217"}],"curies":[{"name":"wp","href":"https:\/\/api.w.org\/{rel}","templated":true}]}}