{"id":124214,"date":"2026-09-03T21:45:23","date_gmt":"2026-09-03T18:45:23","guid":{"rendered":"https:\/\/corludahaber.com\/h\/ipsalada-sultankoy-kavununda-hasat-basladi\/124214"},"modified":"2026-09-03T21:45:36","modified_gmt":"2026-09-03T18:45:36","slug":"ipsalada-sultankoy-kavununda-hasat-basladi","status":"publish","type":"post","link":"https:\/\/corludahaber.com\/h\/ipsalada-sultankoy-kavununda-hasat-basladi\/124214","title":{"rendered":"\u0130psala\u2019da \u2018Sultank\u00f6y kavunu\u2019nda hasat ba\u015flad\u0131"},"content":{"rendered":"<div class=\"corlu-icerikten-once_3\" id=\"corlu-2631575654\"><script type='text\/javascript' src='https:\/\/platform-api.sharethis.com\/js\/sharethis.js#property=5ce8cf08af7d000012cb0ca1&product=inline-reaction-buttons' async='async'><\/script>\r\n\r\n<\/div><div readability=\"48\"><span class=\"category-name hidden\"><\/span><\/p><div class=\"corlu-icerik-2\" id=\"corlu-2383919175\"><!-- Admatic AUTO ads START -->\r\n<ins data-publisher=\"adm-pub-155556240050\" data-ad-network=\"659428a24d11b285b616c18d\"   class=\"adm-ads-area\"><\/ins>\r\n<script type=\"text\/javascript\" src=\"https:\/\/static.cdn.admatic.com.tr\/showad\/showad.min.js\"><\/script>\r\n<!-- Admatic AUTO ads END --><\/div>\n<p> \/\u0130PSALA(Edirne),(Haber Merkezi)-ED\u0130RNE\u2019nin \u0130psala il\u00e7esinde b\u00f6lgenin y\u00f6resel lezzetleri aras\u0131nda yer alan \u2018Sultank\u00f6y kavunu\u2019nda hasat sezonu ba\u015flad\u0131. <\/p>\n<p>\u0130psala\u2019da kendine \u00f6zg\u00fc aromas\u0131 ve lezzetiyle bilinen \u2018Sultank\u00f6y kavunu\u2019nun hasad\u0131na ba\u015fland\u0131. \u0130psala \u0130l\u00e7e Tar\u0131m ve Orman M\u00fcd\u00fcr\u00fc Simge \u00dcnl\u00fcsoy, Sultank\u00f6y Muhtar\u0131 Mehmet Direk ile \u0130l\u00e7e Tar\u0131m ve Orman M\u00fcd\u00fcrl\u00fc\u011f\u00fc personeli, \u00fcretici Selahattin Kocaman\u2019a ait kavun tarlas\u0131nda ger\u00e7ekle\u015ftirilen hasat \u00e7al\u0131\u015fmalar\u0131na kat\u0131ld\u0131. Ekipler, tarlada incelemelerde bulunarak sezonun ilk \u00fcr\u00fcnlerini yerinde de\u011ferlendirdi. Ziyarette, kavunlar\u0131n rekoltesi ve \u00fcr\u00fcn kalitesi hakk\u0131nda \u00fcreticiden bilgi al\u0131nd\u0131. \u0130psala \u0130l\u00e7e Tar\u0131m ve Orman M\u00fcd\u00fcrl\u00fc\u011f\u00fc taraf\u0131ndan yap\u0131lan de\u011ferlendirmede, b\u00f6lge tar\u0131m\u0131n\u0131n \u00f6nemli \u00fcr\u00fcnlerinden olan Sultank\u00f6y kavununun \u00fcretiminin desteklenmesinin \u00f6nemine dikkat \u00e7ekildi. A\u00e7\u0131klamada, \u00fcretici Selahattin Kocaman nezdinde eme\u011fiyle \u00fcretim yapan t\u00fcm \u00e7ift\u00e7ilere te\u015fekk\u00fcr edilerek, yeni hasat sezonunun bol ve bereketli ge\u00e7mesi temennisinde bulunuldu. \u2018Sultank\u00f6y kavunu\u2019nun, b\u00f6lgenin tar\u0131msal \u00fcretiminde \u00f6nemli bir yere sahip oldu\u011fu belirtilirken, \u00fcreticilerin kaliteli ve verimli bir sezon ge\u00e7irmesi i\u00e7in \u00e7al\u0131\u015fmalar\u0131n s\u00fcrd\u00fc\u011f\u00fc ifade edildi. (Haber Merkezi)<\/p>\n<\/div>\n<div class=\"corlu-icerikten-sonra_3\" id=\"corlu-3226923800\"><p><img loading=\"lazy\" decoding=\"async\" class=\"aligncenter\" src=\"https:\/\/www.corludahaber.com\/bahcesehir.jpg\" alt=\"\" width=\"624\" height=\"196\" \/><\/p>\n<table style=\"text-align: left; width: 100%;\" border=\"1\" cellspacing=\"2\" cellpadding=\"2\">\n<tbody>\n<tr>\n<td style=\"background-color: #050805;\"><span style=\"font-size: 12pt;\"><small><small><em><strong><big><span style=\"color: #ff0000;\">Haber ve resimlerin telif haklar\u0131ndan dolay\u0131 kullan\u0131m\u0131 yasakt\u0131r<span style=\"color: #000000;\">.<\/span><\/span><span style=\"color: #000000;\">\u00a0<\/span><span style=\"color: #ffffff;\">Yaz\u0131l\u0131 izni al\u0131nmadan hi\u00e7bir yaz\u0131l\u0131, g\u00f6rsel, i\u015fitsel i\u00e7erik kopyalanamaz, de\u011fi\u015ftirilemez, yay\u0131nlanamaz veya sat\u0131lamaz. Aksi halde<\/span>\u00a0<span style=\"color: #ff0000;\">5846<span style=\"color: #ffffff;\">\u00a0<\/span><\/span><span style=\"color: #ffffff;\">say\u0131l\u0131 Fikir ve Sanat Eserleri Kanunu\u2019na ve<\/span>\u00a0<span style=\"color: #800000;\"><span style=\"color: #ff0000;\">6102<\/span><span style=\"color: #ffffff;\">\u00a0<\/span><\/span><span style=\"color: #ffffff;\">say\u0131l\u0131 maddesine g\u00f6re<\/span>\u00a0<span style=\"color: #ff0000;\">gerekli i\u015flemler uygulanacakt\u0131r.<\/span><br \/>\n<span style=\"color: #ffffff;\">\u00a9 Copyright 2014<\/span><\/big><\/strong><\/em><\/small><\/small><\/span><\/td>\n<\/tr>\n<\/tbody>\n<\/table>\n<p><small><small>\u00a0<\/small><\/small><\/p>\n<\/div>","protected":false},"excerpt":{"rendered":"<p>\/\u0130PSALA(Edirne),(Haber Merkezi)-ED\u0130RNE\u2019nin \u0130psala il\u00e7esinde b\u00f6lgenin y\u00f6resel lezzetleri aras\u0131nda yer alan \u2018Sultank\u00f6y kavunu\u2019nda hasat sezonu ba\u015flad\u0131. \u0130psala\u2019da kendine \u00f6zg\u00fc aromas\u0131 ve lezzetiyle bilinen \u2018Sultank\u00f6y kavunu\u2019nun hasad\u0131na ba\u015fland\u0131. \u0130psala \u0130l\u00e7e Tar\u0131m ve Orman M\u00fcd\u00fcr\u00fc Simge \u00dcnl\u00fcsoy, Sultank\u00f6y Muhtar\u0131 Mehmet Direk ile \u0130l\u00e7e Tar\u0131m ve Orman M\u00fcd\u00fcrl\u00fc\u011f\u00fc personeli, \u00fcretici Selahattin Kocaman\u2019a ait kavun tarlas\u0131nda ger\u00e7ekle\u015ftirilen hasat \u00e7al\u0131\u015fmalar\u0131na kat\u0131ld\u0131. &hellip;<\/p>\n","protected":false},"author":151,"featured_media":124215,"comment_status":"open","ping_status":"closed","sticky":false,"template":"","format":"standard","meta":{"footnotes":""},"categories":[121],"tags":[8025,380,9376,15478,748,3488,36694,22580,3661,29539],"class_list":["post-124214","post","type-post","status-publish","format-standard","has-post-thumbnail","hentry","category-edirne","tag-asayis","tag-basladi","tag-corlu-kaza","tag-corlu-son-dakika-kaza","tag-hasat","tag-ipsala","tag-ipsalada-sultankoy-kavununda-hasat-basladi","tag-kavunu","tag-son-dakika-kaza","tag-sultankoy"],"yoast_head":"<!-- This site is optimized with the Yoast SEO Premium plugin v23.3 (Yoast SEO v23.3) - https:\/\/yoast.com\/wordpress\/plugins\/seo\/ -->\n<title>\u0130psala\u2019da \u2018Sultank\u00f6y kavunu\u2019nda hasat ba\u015flad\u0131 | \u00c7orlu&#039;da Haber<\/title>\n<meta name=\"description\" content=\"\u0130psala\u2019da \u2018Sultank\u00f6y kavunu\u2019nda hasat ba\u015flad\u0131 | \u00c7orlu&#039;da Haber\" \/>\n<meta name=\"robots\" content=\"index, follow, max-snippet:-1, max-image-preview:large, max-video-preview:-1\" \/>\n<link rel=\"canonical\" href=\"https:\/\/corludahaber.com\/h\/ipsalada-sultankoy-kavununda-hasat-basladi\/124214\" \/>\n<meta property=\"og:locale\" content=\"tr_TR\" \/>\n<meta property=\"og:type\" content=\"article\" \/>\n<meta property=\"og:title\" content=\"\u0130psala\u2019da \u2018Sultank\u00f6y kavunu\u2019nda hasat ba\u015flad\u0131 | \u00c7orlu&#039;da Haber\" \/>\n<meta property=\"og:description\" content=\"\u0130psala\u2019da \u2018Sultank\u00f6y kavunu\u2019nda hasat ba\u015flad\u0131 | \u00c7orlu&#039;da Haber\" \/>\n<meta property=\"og:url\" content=\"https:\/\/corludahaber.com\/h\/ipsalada-sultankoy-kavununda-hasat-basladi\/124214\" \/>\n<meta property=\"og:site_name\" content=\"\u00c7orlu&#039;da Haber\" \/>\n<meta property=\"article:publisher\" content=\"https:\/\/facebook.com\/habercorluda\" \/>\n<meta property=\"article:published_time\" content=\"2026-09-03T18:45:23+00:00\" \/>\n<meta property=\"article:modified_time\" content=\"2026-09-03T18:45:36+00:00\" \/>\n<meta property=\"og:image\" content=\"http:\/\/corludahaber.com\/h\/wp-content\/uploads\/2026\/09\/ipsalada-sultankoy-kavununda-hasat-basladi_6a99c0458edd3.jpeg\" \/>\n\t<meta property=\"og:image:width\" content=\"2048\" \/>\n\t<meta property=\"og:image:height\" content=\"1536\" \/>\n\t<meta property=\"og:image:type\" content=\"image\/jpeg\" \/>\n<meta name=\"author\" content=\"\u00c7orlu&#039;da Haber\" \/>\n<meta name=\"twitter:card\" content=\"summary_large_image\" \/>\n<meta name=\"twitter:creator\" content=\"@habercorluda\" \/>\n<meta name=\"twitter:site\" content=\"@habercorluda\" \/>\n<meta name=\"twitter:label1\" content=\"Yazan:\" \/>\n\t<meta name=\"twitter:data1\" content=\"\u00c7orlu&#039;da Haber\" \/>\n\t<meta name=\"twitter:label2\" content=\"Tahmini okuma s\u00fcresi\" \/>\n\t<meta name=\"twitter:data2\" content=\"1 dakika\" \/>\n<script type=\"application\/ld+json\" class=\"yoast-schema-graph\">{\"@context\":\"https:\/\/schema.org\",\"@graph\":[{\"@type\":\"Article\",\"@id\":\"https:\/\/corludahaber.com\/h\/ipsalada-sultankoy-kavununda-hasat-basladi\/124214#article\",\"isPartOf\":{\"@id\":\"https:\/\/corludahaber.com\/h\/ipsalada-sultankoy-kavununda-hasat-basladi\/124214\"},\"author\":{\"name\":\"\u00c7orlu'da Haber\",\"@id\":\"https:\/\/corludahaber.com\/h\/#\/schema\/person\/b523522be44b062db5d74a62589768cd\"},\"headline\":\"\u0130psala\u2019da \u2018Sultank\u00f6y kavunu\u2019nda hasat ba\u015flad\u0131\",\"datePublished\":\"2026-09-03T18:45:23+00:00\",\"dateModified\":\"2026-09-03T18:45:36+00:00\",\"mainEntityOfPage\":{\"@id\":\"https:\/\/corludahaber.com\/h\/ipsalada-sultankoy-kavununda-hasat-basladi\/124214\"},\"wordCount\":220,\"commentCount\":0,\"publisher\":{\"@id\":\"https:\/\/corludahaber.com\/h\/#organization\"},\"image\":{\"@id\":\"https:\/\/corludahaber.com\/h\/ipsalada-sultankoy-kavununda-hasat-basladi\/124214#primaryimage\"},\"thumbnailUrl\":\"https:\/\/corludahaber.com\/h\/wp-content\/uploads\/2026\/09\/ipsalada-sultankoy-kavununda-hasat-basladi_6a99c0458edd3.jpeg\",\"keywords\":[\"asayi\u015f\",\"Ba\u015flad\u0131\",\"\u00c7orlu kaza\",\"\u00c7orlu son dakika kaza\",\"HASAT\",\"\u0130psala\",\"\u0130psala\u2019da \u2018Sultank\u00f6y kavunu\u2019nda hasat ba\u015flad\u0131\",\"Kavunu\",\"son dakika kaza\",\"Sultank\u00f6y\"],\"articleSection\":[\"Edirne\"],\"inLanguage\":\"tr\",\"potentialAction\":[{\"@type\":\"CommentAction\",\"name\":\"Comment\",\"target\":[\"https:\/\/corludahaber.com\/h\/ipsalada-sultankoy-kavununda-hasat-basladi\/124214#respond\"]}]},{\"@type\":\"WebPage\",\"@id\":\"https:\/\/corludahaber.com\/h\/ipsalada-sultankoy-kavununda-hasat-basladi\/124214\",\"url\":\"https:\/\/corludahaber.com\/h\/ipsalada-sultankoy-kavununda-hasat-basladi\/124214\",\"name\":\"\u0130psala\u2019da \u2018Sultank\u00f6y kavunu\u2019nda hasat ba\u015flad\u0131 | \u00c7orlu&#039;da Haber\",\"isPartOf\":{\"@id\":\"https:\/\/corludahaber.com\/h\/#website\"},\"primaryImageOfPage\":{\"@id\":\"https:\/\/corludahaber.com\/h\/ipsalada-sultankoy-kavununda-hasat-basladi\/124214#primaryimage\"},\"image\":{\"@id\":\"https:\/\/corludahaber.com\/h\/ipsalada-sultankoy-kavununda-hasat-basladi\/124214#primaryimage\"},\"thumbnailUrl\":\"https:\/\/corludahaber.com\/h\/wp-content\/uploads\/2026\/09\/ipsalada-sultankoy-kavununda-hasat-basladi_6a99c0458edd3.jpeg\",\"datePublished\":\"2026-09-03T18:45:23+00:00\",\"dateModified\":\"2026-09-03T18:45:36+00:00\",\"description\":\"\u0130psala\u2019da \u2018Sultank\u00f6y kavunu\u2019nda hasat ba\u015flad\u0131 | \u00c7orlu&#039;da Haber\",\"breadcrumb\":{\"@id\":\"https:\/\/corludahaber.com\/h\/ipsalada-sultankoy-kavununda-hasat-basladi\/124214#breadcrumb\"},\"inLanguage\":\"tr\",\"potentialAction\":[{\"@type\":\"ReadAction\",\"target\":[\"https:\/\/corludahaber.com\/h\/ipsalada-sultankoy-kavununda-hasat-basladi\/124214\"]}]},{\"@type\":\"ImageObject\",\"inLanguage\":\"tr\",\"@id\":\"https:\/\/corludahaber.com\/h\/ipsalada-sultankoy-kavununda-hasat-basladi\/124214#primaryimage\",\"url\":\"https:\/\/corludahaber.com\/h\/wp-content\/uploads\/2026\/09\/ipsalada-sultankoy-kavununda-hasat-basladi_6a99c0458edd3.jpeg\",\"contentUrl\":\"https:\/\/corludahaber.com\/h\/wp-content\/uploads\/2026\/09\/ipsalada-sultankoy-kavununda-hasat-basladi_6a99c0458edd3.jpeg\",\"width\":2048,\"height\":1536},{\"@type\":\"BreadcrumbList\",\"@id\":\"https:\/\/corludahaber.com\/h\/ipsalada-sultankoy-kavununda-hasat-basladi\/124214#breadcrumb\",\"itemListElement\":[{\"@type\":\"ListItem\",\"position\":1,\"name\":\"Anasayfa\",\"item\":\"https:\/\/corludahaber.com\/h\/anasayfa\"},{\"@type\":\"ListItem\",\"position\":2,\"name\":\"Edirne\",\"item\":\"https:\/\/corludahaber.com\/h\/kategori\/edirne\"},{\"@type\":\"ListItem\",\"position\":3,\"name\":\"\u0130psala\u2019da \u2018Sultank\u00f6y kavunu\u2019nda hasat ba\u015flad\u0131\"}]},{\"@type\":\"WebSite\",\"@id\":\"https:\/\/corludahaber.com\/h\/#website\",\"url\":\"https:\/\/corludahaber.com\/h\/\",\"name\":\"\u00c7orlu'da Haber\",\"description\":\"Ger\u00e7ek Tarafs\u0131z Haber\",\"publisher\":{\"@id\":\"https:\/\/corludahaber.com\/h\/#organization\"},\"potentialAction\":[{\"@type\":\"SearchAction\",\"target\":{\"@type\":\"EntryPoint\",\"urlTemplate\":\"https:\/\/corludahaber.com\/h\/?s={search_term_string}\"},\"query-input\":\"required name=search_term_string\"}],\"inLanguage\":\"tr\"},{\"@type\":\"Organization\",\"@id\":\"https:\/\/corludahaber.com\/h\/#organization\",\"name\":\"\u00c7orlu'da Haber\",\"url\":\"https:\/\/corludahaber.com\/h\/\",\"logo\":{\"@type\":\"ImageObject\",\"inLanguage\":\"tr\",\"@id\":\"https:\/\/corludahaber.com\/h\/#\/schema\/logo\/image\/\",\"url\":\"https:\/\/corludahaber.com\/h\/wp-content\/uploads\/2021\/12\/logo__9__1_-removebg-preview.png\",\"contentUrl\":\"https:\/\/corludahaber.com\/h\/wp-content\/uploads\/2021\/12\/logo__9__1_-removebg-preview.png\",\"width\":500,\"height\":157,\"caption\":\"\u00c7orlu'da Haber\"},\"image\":{\"@id\":\"https:\/\/corludahaber.com\/h\/#\/schema\/logo\/image\/\"},\"sameAs\":[\"https:\/\/facebook.com\/habercorluda\",\"https:\/\/x.com\/habercorluda\",\"https:\/\/www.instagram.com\/corludahaber\",\"https:\/\/www.youtube.com\/user\/corludahaber\"]},{\"@type\":\"Person\",\"@id\":\"https:\/\/corludahaber.com\/h\/#\/schema\/person\/b523522be44b062db5d74a62589768cd\",\"name\":\"\u00c7orlu'da Haber\",\"image\":{\"@type\":\"ImageObject\",\"inLanguage\":\"tr\",\"@id\":\"https:\/\/corludahaber.com\/h\/#\/schema\/person\/image\/\",\"url\":\"https:\/\/secure.gravatar.com\/avatar\/1033e54e078c29fd7f053370086ff627ba414b05c2b231c418a481adecd764ce?s=96&d=blank&r=g\",\"contentUrl\":\"https:\/\/secure.gravatar.com\/avatar\/1033e54e078c29fd7f053370086ff627ba414b05c2b231c418a481adecd764ce?s=96&d=blank&r=g\",\"caption\":\"\u00c7orlu'da Haber\"},\"sameAs\":[\"https:\/\/corludahaber.com\/h\"],\"url\":\"https:\/\/corludahaber.com\/h\/author\/admin\"}]}<\/script>\n<!-- \/ Yoast SEO Premium plugin. -->","yoast_head_json":{"title":"\u0130psala\u2019da \u2018Sultank\u00f6y kavunu\u2019nda hasat ba\u015flad\u0131 | \u00c7orlu&#039;da Haber","description":"\u0130psala\u2019da \u2018Sultank\u00f6y kavunu\u2019nda hasat ba\u015flad\u0131 | \u00c7orlu&#039;da Haber","robots":{"index":"index","follow":"follow","max-snippet":"max-snippet:-1","max-image-preview":"max-image-preview:large","max-video-preview":"max-video-preview:-1"},"canonical":"https:\/\/corludahaber.com\/h\/ipsalada-sultankoy-kavununda-hasat-basladi\/124214","og_locale":"tr_TR","og_type":"article","og_title":"\u0130psala\u2019da \u2018Sultank\u00f6y kavunu\u2019nda hasat ba\u015flad\u0131 | \u00c7orlu&#039;da Haber","og_description":"\u0130psala\u2019da \u2018Sultank\u00f6y kavunu\u2019nda hasat ba\u015flad\u0131 | \u00c7orlu&#039;da Haber","og_url":"https:\/\/corludahaber.com\/h\/ipsalada-sultankoy-kavununda-hasat-basladi\/124214","og_site_name":"\u00c7orlu&#039;da Haber","article_publisher":"https:\/\/facebook.com\/habercorluda","article_published_time":"2026-09-03T18:45:23+00:00","article_modified_time":"2026-09-03T18:45:36+00:00","og_image":[{"width":2048,"height":1536,"url":"http:\/\/corludahaber.com\/h\/wp-content\/uploads\/2026\/09\/ipsalada-sultankoy-kavununda-hasat-basladi_6a99c0458edd3.jpeg","type":"image\/jpeg"}],"author":"\u00c7orlu'da Haber","twitter_card":"summary_large_image","twitter_creator":"@habercorluda","twitter_site":"@habercorluda","twitter_misc":{"Yazan:":"\u00c7orlu'da Haber","Tahmini okuma s\u00fcresi":"1 dakika"},"schema":{"@context":"https:\/\/schema.org","@graph":[{"@type":"Article","@id":"https:\/\/corludahaber.com\/h\/ipsalada-sultankoy-kavununda-hasat-basladi\/124214#article","isPartOf":{"@id":"https:\/\/corludahaber.com\/h\/ipsalada-sultankoy-kavununda-hasat-basladi\/124214"},"author":{"name":"\u00c7orlu'da Haber","@id":"https:\/\/corludahaber.com\/h\/#\/schema\/person\/b523522be44b062db5d74a62589768cd"},"headline":"\u0130psala\u2019da \u2018Sultank\u00f6y kavunu\u2019nda hasat ba\u015flad\u0131","datePublished":"2026-09-03T18:45:23+00:00","dateModified":"2026-09-03T18:45:36+00:00","mainEntityOfPage":{"@id":"https:\/\/corludahaber.com\/h\/ipsalada-sultankoy-kavununda-hasat-basladi\/124214"},"wordCount":220,"commentCount":0,"publisher":{"@id":"https:\/\/corludahaber.com\/h\/#organization"},"image":{"@id":"https:\/\/corludahaber.com\/h\/ipsalada-sultankoy-kavununda-hasat-basladi\/124214#primaryimage"},"thumbnailUrl":"https:\/\/corludahaber.com\/h\/wp-content\/uploads\/2026\/09\/ipsalada-sultankoy-kavununda-hasat-basladi_6a99c0458edd3.jpeg","keywords":["asayi\u015f","Ba\u015flad\u0131","\u00c7orlu kaza","\u00c7orlu son dakika kaza","HASAT","\u0130psala","\u0130psala\u2019da \u2018Sultank\u00f6y kavunu\u2019nda hasat ba\u015flad\u0131","Kavunu","son dakika kaza","Sultank\u00f6y"],"articleSection":["Edirne"],"inLanguage":"tr","potentialAction":[{"@type":"CommentAction","name":"Comment","target":["https:\/\/corludahaber.com\/h\/ipsalada-sultankoy-kavununda-hasat-basladi\/124214#respond"]}]},{"@type":"WebPage","@id":"https:\/\/corludahaber.com\/h\/ipsalada-sultankoy-kavununda-hasat-basladi\/124214","url":"https:\/\/corludahaber.com\/h\/ipsalada-sultankoy-kavununda-hasat-basladi\/124214","name":"\u0130psala\u2019da \u2018Sultank\u00f6y kavunu\u2019nda hasat ba\u015flad\u0131 | \u00c7orlu&#039;da Haber","isPartOf":{"@id":"https:\/\/corludahaber.com\/h\/#website"},"primaryImageOfPage":{"@id":"https:\/\/corludahaber.com\/h\/ipsalada-sultankoy-kavununda-hasat-basladi\/124214#primaryimage"},"image":{"@id":"https:\/\/corludahaber.com\/h\/ipsalada-sultankoy-kavununda-hasat-basladi\/124214#primaryimage"},"thumbnailUrl":"https:\/\/corludahaber.com\/h\/wp-content\/uploads\/2026\/09\/ipsalada-sultankoy-kavununda-hasat-basladi_6a99c0458edd3.jpeg","datePublished":"2026-09-03T18:45:23+00:00","dateModified":"2026-09-03T18:45:36+00:00","description":"\u0130psala\u2019da \u2018Sultank\u00f6y kavunu\u2019nda hasat ba\u015flad\u0131 | \u00c7orlu&#039;da Haber","breadcrumb":{"@id":"https:\/\/corludahaber.com\/h\/ipsalada-sultankoy-kavununda-hasat-basladi\/124214#breadcrumb"},"inLanguage":"tr","potentialAction":[{"@type":"ReadAction","target":["https:\/\/corludahaber.com\/h\/ipsalada-sultankoy-kavununda-hasat-basladi\/124214"]}]},{"@type":"ImageObject","inLanguage":"tr","@id":"https:\/\/corludahaber.com\/h\/ipsalada-sultankoy-kavununda-hasat-basladi\/124214#primaryimage","url":"https:\/\/corludahaber.com\/h\/wp-content\/uploads\/2026\/09\/ipsalada-sultankoy-kavununda-hasat-basladi_6a99c0458edd3.jpeg","contentUrl":"https:\/\/corludahaber.com\/h\/wp-content\/uploads\/2026\/09\/ipsalada-sultankoy-kavununda-hasat-basladi_6a99c0458edd3.jpeg","width":2048,"height":1536},{"@type":"BreadcrumbList","@id":"https:\/\/corludahaber.com\/h\/ipsalada-sultankoy-kavununda-hasat-basladi\/124214#breadcrumb","itemListElement":[{"@type":"ListItem","position":1,"name":"Anasayfa","item":"https:\/\/corludahaber.com\/h\/anasayfa"},{"@type":"ListItem","position":2,"name":"Edirne","item":"https:\/\/corludahaber.com\/h\/kategori\/edirne"},{"@type":"ListItem","position":3,"name":"\u0130psala\u2019da \u2018Sultank\u00f6y kavunu\u2019nda hasat ba\u015flad\u0131"}]},{"@type":"WebSite","@id":"https:\/\/corludahaber.com\/h\/#website","url":"https:\/\/corludahaber.com\/h\/","name":"\u00c7orlu'da Haber","description":"Ger\u00e7ek Tarafs\u0131z Haber","publisher":{"@id":"https:\/\/corludahaber.com\/h\/#organization"},"potentialAction":[{"@type":"SearchAction","target":{"@type":"EntryPoint","urlTemplate":"https:\/\/corludahaber.com\/h\/?s={search_term_string}"},"query-input":"required name=search_term_string"}],"inLanguage":"tr"},{"@type":"Organization","@id":"https:\/\/corludahaber.com\/h\/#organization","name":"\u00c7orlu'da Haber","url":"https:\/\/corludahaber.com\/h\/","logo":{"@type":"ImageObject","inLanguage":"tr","@id":"https:\/\/corludahaber.com\/h\/#\/schema\/logo\/image\/","url":"https:\/\/corludahaber.com\/h\/wp-content\/uploads\/2021\/12\/logo__9__1_-removebg-preview.png","contentUrl":"https:\/\/corludahaber.com\/h\/wp-content\/uploads\/2021\/12\/logo__9__1_-removebg-preview.png","width":500,"height":157,"caption":"\u00c7orlu'da Haber"},"image":{"@id":"https:\/\/corludahaber.com\/h\/#\/schema\/logo\/image\/"},"sameAs":["https:\/\/facebook.com\/habercorluda","https:\/\/x.com\/habercorluda","https:\/\/www.instagram.com\/corludahaber","https:\/\/www.youtube.com\/user\/corludahaber"]},{"@type":"Person","@id":"https:\/\/corludahaber.com\/h\/#\/schema\/person\/b523522be44b062db5d74a62589768cd","name":"\u00c7orlu'da Haber","image":{"@type":"ImageObject","inLanguage":"tr","@id":"https:\/\/corludahaber.com\/h\/#\/schema\/person\/image\/","url":"https:\/\/secure.gravatar.com\/avatar\/1033e54e078c29fd7f053370086ff627ba414b05c2b231c418a481adecd764ce?s=96&d=blank&r=g","contentUrl":"https:\/\/secure.gravatar.com\/avatar\/1033e54e078c29fd7f053370086ff627ba414b05c2b231c418a481adecd764ce?s=96&d=blank&r=g","caption":"\u00c7orlu'da Haber"},"sameAs":["https:\/\/corludahaber.com\/h"],"url":"https:\/\/corludahaber.com\/h\/author\/admin"}]}},"_links":{"self":[{"href":"https:\/\/corludahaber.com\/h\/wp-json\/wp\/v2\/posts\/124214","targetHints":{"allow":["GET"]}}],"collection":[{"href":"https:\/\/corludahaber.com\/h\/wp-json\/wp\/v2\/posts"}],"about":[{"href":"https:\/\/corludahaber.com\/h\/wp-json\/wp\/v2\/types\/post"}],"author":[{"embeddable":true,"href":"https:\/\/corludahaber.com\/h\/wp-json\/wp\/v2\/users\/151"}],"replies":[{"embeddable":true,"href":"https:\/\/corludahaber.com\/h\/wp-json\/wp\/v2\/comments?post=124214"}],"version-history":[{"count":1,"href":"https:\/\/corludahaber.com\/h\/wp-json\/wp\/v2\/posts\/124214\/revisions"}],"predecessor-version":[{"id":124216,"href":"https:\/\/corludahaber.com\/h\/wp-json\/wp\/v2\/posts\/124214\/revisions\/124216"}],"wp:featuredmedia":[{"embeddable":true,"href":"https:\/\/corludahaber.com\/h\/wp-json\/wp\/v2\/media\/124215"}],"wp:attachment":[{"href":"https:\/\/corludahaber.com\/h\/wp-json\/wp\/v2\/media?parent=124214"}],"wp:term":[{"taxonomy":"category","embeddable":true,"href":"https:\/\/corludahaber.com\/h\/wp-json\/wp\/v2\/categories?post=124214"},{"taxonomy":"post_tag","embeddable":true,"href":"https:\/\/corludahaber.com\/h\/wp-json\/wp\/v2\/tags?post=124214"}],"curies":[{"name":"wp","href":"https:\/\/api.w.org\/{rel}","templated":true}]}}